{"id":41016,"date":"2022-05-29T23:15:20","date_gmt":"2022-05-29T21:15:20","guid":{"rendered":"https:\/\/www.aquimicasa.net\/blog\/?p=41016"},"modified":"2022-05-29T23:15:20","modified_gmt":"2022-05-29T21:15:20","slug":"malaga-consolida-alzas-generalizadas-en-precio-de-la-vivienda","status":"publish","type":"post","link":"https:\/\/www.aquimicasa.net\/blog\/vivienda\/compraventa-de-viviendas\/malaga-consolida-alzas-generalizadas-en-precio-de-la-vivienda\/","title":{"rendered":"M\u00e1laga consolida alzas generalizadas en precio de la vivienda"},"content":{"rendered":"<div class=\"fusion-fullwidth fullwidth-box fusion-builder-row-1 fusion-flex-container nonhundred-percent-fullwidth non-hundred-percent-height-scrolling\" style=\"background-color: rgba(255,255,255,0);background-position: center center;background-repeat: no-repeat;border-width: 0px 0px 0px 0px;border-color:#eae9e9;border-style:solid;\" ><div class=\"fusion-builder-row fusion-row fusion-flex-align-items-flex-start\" style=\"max-width:1144px;margin-left: calc(-4% \/ 2 );margin-right: calc(-4% \/ 2 );\"><div class=\"fusion-layout-column fusion_builder_column fusion-builder-column-0 fusion_builder_column_1_1 1_1 fusion-flex-column\"><div class=\"fusion-column-wrapper fusion-flex-justify-content-flex-start fusion-content-layout-column\" style=\"background-position:left top;background-repeat:no-repeat;-webkit-background-size:cover;-moz-background-size:cover;-o-background-size:cover;background-size:cover;padding: 0px 0px 0px 0px;\"><div class=\"fusion-text fusion-text-1\"><p>Con un encarecimiento del 41,5% desde los m\u00ednimos que toc\u00f3 en la crisis financiera y que se mantiene un 21% por debajo de los m\u00e1ximos alcanzados en el cuarto trimestre de 2008, el precio medio de vivienda nueva y usada en M\u00e1laga es de 1.915 \u20ac\/m2, seg\u00fan las tasaciones de Tinsa que ha incluido a esta ciudad entre sus informes habituales.<\/p>\n<p><img decoding=\"async\" class=\"alignnone wp-image-990823 size-full\" src=\"https:\/\/www.tinsa.es\/wp-content\/uploads\/2022\/05\/eldato-malaga.png\" sizes=\"(max-width: 1635px) 100vw, 1635px\" srcset=\"https:\/\/www.tinsa.es\/wp-content\/uploads\/2022\/05\/eldato-malaga.png 1635w, https:\/\/www.tinsa.es\/wp-content\/uploads\/2022\/05\/eldato-malaga-540x219.png 540w, https:\/\/www.tinsa.es\/wp-content\/uploads\/2022\/05\/eldato-malaga-850x344.png 850w, https:\/\/www.tinsa.es\/wp-content\/uploads\/2022\/05\/eldato-malaga-1536x622.png 1536w, https:\/\/www.tinsa.es\/wp-content\/uploads\/2022\/05\/eldato-malaga-540x219@2x.png 1080w\" alt=\"\" width=\"1635\" height=\"662\" \/><\/p>\n<p>La estad\u00edstica muestra que el precio medio m\u00e1s elevado (2.486 \u20ac\/m<sup>2<\/sup>) se localiza en\u00a0<strong>M\u00e1laga Este<\/strong>, el distrito que, adem\u00e1s, ha registrado el mayor crecimiento interanual de precios en el primer trimestre:\u00a0<strong>un 11%<\/strong>. Es una zona de litoral ya consolidada, donde reside la poblaci\u00f3n con mayor adquisitivo, que es el segmento que se ha mostrado m\u00e1s activo durante los \u00faltimos a\u00f1os.<\/p>\n<p>El segundo distrito m\u00e1s caro es\u00a0<strong>Centro<\/strong>\u00a0(2.244 \u20ac\/m<sup>2<\/sup>), con viviendas m\u00e1s peque\u00f1as y valores unitarios elevados, donde predomina producto que antes de la pandemia se dedicaba al alquiler tur\u00edstico y tras el par\u00f3n asociado al freno del turismo se est\u00e1 recuperando de nuevo con fuerza.<\/p>\n<p>Y, como tercera zona con precios m\u00e1s altos estar\u00eda <strong>Teatinos<\/strong>\u00a0(2.203 \u20ac\/m<sup>2<\/sup>), en la zona noroeste, colindante con Puerto de la Torre, que es un enclave con mucha obra nueva y alta demanda, atra\u00edda por el plus que ha supuesto la conexi\u00f3n de esta zona con la autov\u00eda.<\/p>\n<p>Hablando de <strong>producto nuevo<\/strong>, los mayores valores unitarios se localizan en la <strong>Carretera de C\u00e1diz<\/strong>, donde dos nuevas torres en la zona litoral est\u00e1n marcando referencias de 7.000 \u2013 8.000 \u20ac\/m<sup>2<\/sup>. La proximidad a zonas de perfil m\u00e1s modesto en terceras y cuartas l\u00edneas estar\u00eda rebajando el precio medio del distrito hasta los 1.904 \u20ac\/m<sup>2<\/sup>, seg\u00fan las tasaciones de Tinsa.<\/p>\n<p>Otro indicador relevante en el caso de la ciudad de M\u00e1laga para analizar la situaci\u00f3n del mercado es el esfuerzo de compra. Seg\u00fan el indicador de esfuerzo te\u00f3rico de la tasadora, en la ciudad de M\u00e1laga las familias destinan el <strong>40% de sus ingresos a pagar el primer a\u00f1o de una hipoteca<\/strong>\u00a0que cubre el 80% del valor de una vivienda media en la ciudad.<\/p>\n<p>Si descendemos al nivel de distrito, es <strong>Teatinos<\/strong> la zona que muestra la mayor tasa de esfuerzo te\u00f3rico: un 46,7%. Se trata de una cifra que supera el nivel de accesibilidad cr\u00edtica del 45%. Esta zona, muy ligada tambi\u00e9n a Puerto de la Torre, ha estado tradicionalmente asociada a un demandante de perfil financiero medio. El <strong>incremento de los precios<\/strong> que se ha producido en los \u00faltimos a\u00f1os por el tir\u00f3n de la demanda atra\u00edda por las buenas comunicaciones de la zona y el producto de obra nueva explican ese escal\u00f3n entre los ingresos de los residentes en la zona y el valor de la vivienda. Tambi\u00e9n Centro, con una tasa de esfuerzo te\u00f3rico del 43,4%, y Carretera de C\u00e1diz (42%) muestran una elevada tensi\u00f3n entre el valor de la vivienda y el poder adquisitivo de sus residentes.<\/p>\n<p>Estas referencias de esfuerzo son reflejo de la <strong>tendencia al alza en la ciudad<\/strong>, con un valor medio de la vivienda de un 8,3% por encima de los valores del primer trimestre de 2020<\/p>\n<\/div><\/div><style type=\"text\/css\">.fusion-body .fusion-builder-column-0{width:100% !important;margin-top : 0px;margin-bottom : 0px;}.fusion-builder-column-0 > .fusion-column-wrapper {padding-top : 0px !important;padding-right : 0px !important;margin-right : 1.92%;padding-bottom : 0px !important;padding-left : 0px !important;margin-left : 1.92%;}@media only screen and (max-width:1024px) {.fusion-body .fusion-builder-column-0{width:100% !important;}.fusion-builder-column-0 > .fusion-column-wrapper {margin-right : 1.92%;margin-left : 1.92%;}}@media only screen and (max-width:640px) {.fusion-body .fusion-builder-column-0{width:100% !important;}.fusion-builder-column-0 > .fusion-column-wrapper {margin-right : 1.92%;margin-left : 1.92%;}}<\/style><\/div><\/div><style type=\"text\/css\">.fusion-body .fusion-flex-container.fusion-builder-row-1{ padding-top : 0px;margin-top : 0px;padding-right : 0px;padding-bottom : 0px;margin-bottom : 0px;padding-left : 0px;}<\/style><\/div>\n","protected":false},"excerpt":{"rendered":"<p>Otro indicador relevante en el caso de la ciudad de M\u00e1laga para analizar la situaci\u00f3n del mercado es el esfuerzo de compra. Seg\u00fan el indicador de esfuerzo te\u00f3rico de la tasadora, en la ciudad de M\u00e1laga las familias destinan el 40% de sus ingresos a pagar el primer a\u00f1o de una hipoteca\u00a0que cubre el 80% del valor de una vivienda media en la ciudad.<\/p>\n","protected":false},"author":3,"featured_media":41023,"comment_status":"closed","ping_status":"closed","sticky":false,"template":"","format":"standard","meta":{"_jetpack_memberships_contains_paid_content":false,"footnotes":"","jetpack_publicize_message":"","jetpack_publicize_feature_enabled":true,"jetpack_social_post_already_shared":true,"jetpack_social_options":{"image_generator_settings":{"template":"highway","default_image_id":0,"font":"","enabled":false},"version":2}},"categories":[100,7565],"tags":[8037],"class_list":["post-41016","post","type-post","status-publish","format-standard","has-post-thumbnail","hentry","category-compraventa-de-viviendas","category-noticias-mercado-inmobiliario","tag-newsletter-360"],"yoast_head":"<!-- This site is optimized with the Yoast SEO plugin v27.4 - https:\/\/yoast.com\/product\/yoast-seo-wordpress\/ -->\n<title>M\u00e1laga consolida alzas generalizadas en precio de la vivienda<\/title>\n<meta name=\"description\" content=\"Tendencia al alza en M\u00e1laga, con un valor medio de la vivienda de un 8,3% por encima de los valores del primer trimestre de 2020\u00a0\" \/>\n<meta name=\"robots\" content=\"index, follow, max-snippet:-1, max-image-preview:large, max-video-preview:-1\" \/>\n<link rel=\"canonical\" href=\"https:\/\/www.aquimicasa.net\/blog\/vivienda\/compraventa-de-viviendas\/malaga-consolida-alzas-generalizadas-en-precio-de-la-vivienda\/\" \/>\n<meta property=\"og:locale\" content=\"es_ES\" \/>\n<meta property=\"og:type\" content=\"article\" \/>\n<meta property=\"og:title\" content=\"M\u00e1laga consolida alzas generalizadas en precio de la vivienda\" \/>\n<meta property=\"og:description\" content=\"Tendencia al alza en M\u00e1laga, con un valor medio de la vivienda de un 8,3% por encima de los valores del primer trimestre de 2020\u00a0\" \/>\n<meta property=\"og:url\" content=\"https:\/\/www.aquimicasa.net\/blog\/vivienda\/compraventa-de-viviendas\/malaga-consolida-alzas-generalizadas-en-precio-de-la-vivienda\/\" \/>\n<meta property=\"og:site_name\" content=\"Blog de aquimicasa.net\" \/>\n<meta property=\"article:publisher\" content=\"https:\/\/www.facebook.com\/aquimicasa.net\" \/>\n<meta property=\"article:published_time\" content=\"2022-05-29T21:15:20+00:00\" \/>\n<meta property=\"og:image\" content=\"https:\/\/www.aquimicasa.net\/blog\/wp-content\/uploads\/Malaga3-1-e1653858795646.jpg\" \/>\n\t<meta property=\"og:image:width\" content=\"400\" \/>\n\t<meta property=\"og:image:height\" content=\"300\" \/>\n\t<meta property=\"og:image:type\" content=\"image\/jpeg\" \/>\n<meta name=\"author\" content=\"Eduardo Lizarraga\" \/>\n<meta name=\"twitter:label1\" content=\"Escrito por\" \/>\n\t<meta name=\"twitter:data1\" content=\"Eduardo Lizarraga\" \/>\n\t<meta name=\"twitter:label2\" content=\"Tiempo de lectura\" \/>\n\t<meta name=\"twitter:data2\" content=\"3 minutos\" \/>\n<script type=\"application\/ld+json\" class=\"yoast-schema-graph\">{\"@context\":\"https:\\\/\\\/schema.org\",\"@graph\":[{\"@type\":\"Article\",\"@id\":\"https:\\\/\\\/www.aquimicasa.net\\\/blog\\\/vivienda\\\/compraventa-de-viviendas\\\/malaga-consolida-alzas-generalizadas-en-precio-de-la-vivienda\\\/#article\",\"isPartOf\":{\"@id\":\"https:\\\/\\\/www.aquimicasa.net\\\/blog\\\/vivienda\\\/compraventa-de-viviendas\\\/malaga-consolida-alzas-generalizadas-en-precio-de-la-vivienda\\\/\"},\"author\":{\"name\":\"Eduardo Lizarraga\",\"@id\":\"https:\\\/\\\/www.aquimicasa.net\\\/blog\\\/#\\\/schema\\\/person\\\/2cdfa2605534583395c8d7ce1d6cac14\"},\"headline\":\"M\u00e1laga consolida alzas generalizadas en precio de la vivienda\",\"datePublished\":\"2022-05-29T21:15:20+00:00\",\"mainEntityOfPage\":{\"@id\":\"https:\\\/\\\/www.aquimicasa.net\\\/blog\\\/vivienda\\\/compraventa-de-viviendas\\\/malaga-consolida-alzas-generalizadas-en-precio-de-la-vivienda\\\/\"},\"wordCount\":787,\"publisher\":{\"@id\":\"https:\\\/\\\/www.aquimicasa.net\\\/blog\\\/#organization\"},\"image\":{\"@id\":\"https:\\\/\\\/www.aquimicasa.net\\\/blog\\\/vivienda\\\/compraventa-de-viviendas\\\/malaga-consolida-alzas-generalizadas-en-precio-de-la-vivienda\\\/#primaryimage\"},\"thumbnailUrl\":\"https:\\\/\\\/www.aquimicasa.net\\\/blog\\\/wp-content\\\/uploads\\\/Malaga3-1-e1653858795646.jpg\",\"keywords\":[\"newsletter 360\"],\"articleSection\":[\"Compra Venta\",\"Noticias Mercado Inmobiliario\"],\"inLanguage\":\"es\"},{\"@type\":\"WebPage\",\"@id\":\"https:\\\/\\\/www.aquimicasa.net\\\/blog\\\/vivienda\\\/compraventa-de-viviendas\\\/malaga-consolida-alzas-generalizadas-en-precio-de-la-vivienda\\\/\",\"url\":\"https:\\\/\\\/www.aquimicasa.net\\\/blog\\\/vivienda\\\/compraventa-de-viviendas\\\/malaga-consolida-alzas-generalizadas-en-precio-de-la-vivienda\\\/\",\"name\":\"M\u00e1laga consolida alzas generalizadas en precio de la vivienda\",\"isPartOf\":{\"@id\":\"https:\\\/\\\/www.aquimicasa.net\\\/blog\\\/#website\"},\"primaryImageOfPage\":{\"@id\":\"https:\\\/\\\/www.aquimicasa.net\\\/blog\\\/vivienda\\\/compraventa-de-viviendas\\\/malaga-consolida-alzas-generalizadas-en-precio-de-la-vivienda\\\/#primaryimage\"},\"image\":{\"@id\":\"https:\\\/\\\/www.aquimicasa.net\\\/blog\\\/vivienda\\\/compraventa-de-viviendas\\\/malaga-consolida-alzas-generalizadas-en-precio-de-la-vivienda\\\/#primaryimage\"},\"thumbnailUrl\":\"https:\\\/\\\/www.aquimicasa.net\\\/blog\\\/wp-content\\\/uploads\\\/Malaga3-1-e1653858795646.jpg\",\"datePublished\":\"2022-05-29T21:15:20+00:00\",\"description\":\"Tendencia al alza en M\u00e1laga, con un valor medio de la vivienda de un 8,3% por encima de los valores del primer trimestre de 2020\u00a0\",\"breadcrumb\":{\"@id\":\"https:\\\/\\\/www.aquimicasa.net\\\/blog\\\/vivienda\\\/compraventa-de-viviendas\\\/malaga-consolida-alzas-generalizadas-en-precio-de-la-vivienda\\\/#breadcrumb\"},\"inLanguage\":\"es\",\"potentialAction\":[{\"@type\":\"ReadAction\",\"target\":[\"https:\\\/\\\/www.aquimicasa.net\\\/blog\\\/vivienda\\\/compraventa-de-viviendas\\\/malaga-consolida-alzas-generalizadas-en-precio-de-la-vivienda\\\/\"]}]},{\"@type\":\"ImageObject\",\"inLanguage\":\"es\",\"@id\":\"https:\\\/\\\/www.aquimicasa.net\\\/blog\\\/vivienda\\\/compraventa-de-viviendas\\\/malaga-consolida-alzas-generalizadas-en-precio-de-la-vivienda\\\/#primaryimage\",\"url\":\"https:\\\/\\\/www.aquimicasa.net\\\/blog\\\/wp-content\\\/uploads\\\/Malaga3-1-e1653858795646.jpg\",\"contentUrl\":\"https:\\\/\\\/www.aquimicasa.net\\\/blog\\\/wp-content\\\/uploads\\\/Malaga3-1-e1653858795646.jpg\",\"width\":400,\"height\":300,\"caption\":\"Andaluc\u00eda necesita una inversi\u00f3n de 7.371 millones en vivienda\"},{\"@type\":\"BreadcrumbList\",\"@id\":\"https:\\\/\\\/www.aquimicasa.net\\\/blog\\\/vivienda\\\/compraventa-de-viviendas\\\/malaga-consolida-alzas-generalizadas-en-precio-de-la-vivienda\\\/#breadcrumb\",\"itemListElement\":[{\"@type\":\"ListItem\",\"position\":1,\"name\":\"Portada\",\"item\":\"https:\\\/\\\/www.aquimicasa.net\\\/blog\\\/\"},{\"@type\":\"ListItem\",\"position\":2,\"name\":\"M\u00e1laga consolida alzas generalizadas en precio de la vivienda\"}]},{\"@type\":\"WebSite\",\"@id\":\"https:\\\/\\\/www.aquimicasa.net\\\/blog\\\/#website\",\"url\":\"https:\\\/\\\/www.aquimicasa.net\\\/blog\\\/\",\"name\":\"Blog de aquimicasa.net\",\"description\":\"Noticias del Mundo Inmobiliario\",\"publisher\":{\"@id\":\"https:\\\/\\\/www.aquimicasa.net\\\/blog\\\/#organization\"},\"potentialAction\":[{\"@type\":\"SearchAction\",\"target\":{\"@type\":\"EntryPoint\",\"urlTemplate\":\"https:\\\/\\\/www.aquimicasa.net\\\/blog\\\/?s={search_term_string}\"},\"query-input\":{\"@type\":\"PropertyValueSpecification\",\"valueRequired\":true,\"valueName\":\"search_term_string\"}}],\"inLanguage\":\"es\"},{\"@type\":\"Organization\",\"@id\":\"https:\\\/\\\/www.aquimicasa.net\\\/blog\\\/#organization\",\"name\":\"Blog de aquimicasa.net\",\"url\":\"https:\\\/\\\/www.aquimicasa.net\\\/blog\\\/\",\"logo\":{\"@type\":\"ImageObject\",\"inLanguage\":\"es\",\"@id\":\"https:\\\/\\\/www.aquimicasa.net\\\/blog\\\/#\\\/schema\\\/logo\\\/image\\\/\",\"url\":\"https:\\\/\\\/www.aquimicasa.net\\\/blog\\\/wp-content\\\/uploads\\\/Logo-aquimicasa-1-e1528048213782.png\",\"contentUrl\":\"https:\\\/\\\/www.aquimicasa.net\\\/blog\\\/wp-content\\\/uploads\\\/Logo-aquimicasa-1-e1528048213782.png\",\"width\":225,\"height\":225,\"caption\":\"Blog de aquimicasa.net\"},\"image\":{\"@id\":\"https:\\\/\\\/www.aquimicasa.net\\\/blog\\\/#\\\/schema\\\/logo\\\/image\\\/\"},\"sameAs\":[\"https:\\\/\\\/www.facebook.com\\\/aquimicasa.net\",\"https:\\\/\\\/www.instagram.com\\\/\",\"https:\\\/\\\/x.com\\\/EduLizarragaD\",\"https:\\\/\\\/www.linkedin.com\\\/feed\\\/\"]},{\"@type\":\"Person\",\"@id\":\"https:\\\/\\\/www.aquimicasa.net\\\/blog\\\/#\\\/schema\\\/person\\\/2cdfa2605534583395c8d7ce1d6cac14\",\"name\":\"Eduardo Lizarraga\",\"image\":{\"@type\":\"ImageObject\",\"inLanguage\":\"es\",\"@id\":\"https:\\\/\\\/secure.gravatar.com\\\/avatar\\\/bdabe1eeeed97b65a9cb7de2edd624b07995f7e13abc5fead15961f745f908cc?s=96&d=mm&r=g\",\"url\":\"https:\\\/\\\/secure.gravatar.com\\\/avatar\\\/bdabe1eeeed97b65a9cb7de2edd624b07995f7e13abc5fead15961f745f908cc?s=96&d=mm&r=g\",\"contentUrl\":\"https:\\\/\\\/secure.gravatar.com\\\/avatar\\\/bdabe1eeeed97b65a9cb7de2edd624b07995f7e13abc5fead15961f745f908cc?s=96&d=mm&r=g\",\"caption\":\"Eduardo Lizarraga\"},\"description\":\"Periodista Econ\u00f3mico. Ha trabajado en diversos campos de la informaci\u00f3n. Corresponsal en conflictos, analista pol\u00edtico en Congreso y Senado, periodista del medio ambiente, editor, director editorial, director de comunicaci\u00f3n.... En estos momentos se ha especializado en el sector inmobiliario. Pero tambi\u00e9n es navegante y viajero, preocupado por la pobreza, el medio ambiente y por las actuaciones descontroladas del neoliberalismo empresarial y pol\u00edtico en todo el mundo. Los desahucios, la pobreza infantil y la falta de acceso a los suministros b\u00e1sicos son algunos de los grandes dramas de nuestra sociedad y que es preciso solucionar para hacerla m\u00e1s justa. CEO en www.aquimicasa.net\",\"sameAs\":[\"https:\\\/\\\/www.aquimicasa.net\\\/\"],\"url\":\"https:\\\/\\\/www.aquimicasa.net\\\/blog\\\/author\\\/eduardo\\\/\"}]}<\/script>\n<!-- \/ Yoast SEO plugin. -->","yoast_head_json":{"title":"M\u00e1laga consolida alzas generalizadas en precio de la vivienda","description":"Tendencia al alza en M\u00e1laga, con un valor medio de la vivienda de un 8,3% por encima de los valores del primer trimestre de 2020\u00a0","robots":{"index":"index","follow":"follow","max-snippet":"max-snippet:-1","max-image-preview":"max-image-preview:large","max-video-preview":"max-video-preview:-1"},"canonical":"https:\/\/www.aquimicasa.net\/blog\/vivienda\/compraventa-de-viviendas\/malaga-consolida-alzas-generalizadas-en-precio-de-la-vivienda\/","og_locale":"es_ES","og_type":"article","og_title":"M\u00e1laga consolida alzas generalizadas en precio de la vivienda","og_description":"Tendencia al alza en M\u00e1laga, con un valor medio de la vivienda de un 8,3% por encima de los valores del primer trimestre de 2020\u00a0","og_url":"https:\/\/www.aquimicasa.net\/blog\/vivienda\/compraventa-de-viviendas\/malaga-consolida-alzas-generalizadas-en-precio-de-la-vivienda\/","og_site_name":"Blog de aquimicasa.net","article_publisher":"https:\/\/www.facebook.com\/aquimicasa.net","article_published_time":"2022-05-29T21:15:20+00:00","og_image":[{"width":400,"height":300,"url":"https:\/\/www.aquimicasa.net\/blog\/wp-content\/uploads\/Malaga3-1-e1653858795646.jpg","type":"image\/jpeg"}],"author":"Eduardo Lizarraga","twitter_misc":{"Escrito por":"Eduardo Lizarraga","Tiempo de lectura":"3 minutos"},"schema":{"@context":"https:\/\/schema.org","@graph":[{"@type":"Article","@id":"https:\/\/www.aquimicasa.net\/blog\/vivienda\/compraventa-de-viviendas\/malaga-consolida-alzas-generalizadas-en-precio-de-la-vivienda\/#article","isPartOf":{"@id":"https:\/\/www.aquimicasa.net\/blog\/vivienda\/compraventa-de-viviendas\/malaga-consolida-alzas-generalizadas-en-precio-de-la-vivienda\/"},"author":{"name":"Eduardo Lizarraga","@id":"https:\/\/www.aquimicasa.net\/blog\/#\/schema\/person\/2cdfa2605534583395c8d7ce1d6cac14"},"headline":"M\u00e1laga consolida alzas generalizadas en precio de la vivienda","datePublished":"2022-05-29T21:15:20+00:00","mainEntityOfPage":{"@id":"https:\/\/www.aquimicasa.net\/blog\/vivienda\/compraventa-de-viviendas\/malaga-consolida-alzas-generalizadas-en-precio-de-la-vivienda\/"},"wordCount":787,"publisher":{"@id":"https:\/\/www.aquimicasa.net\/blog\/#organization"},"image":{"@id":"https:\/\/www.aquimicasa.net\/blog\/vivienda\/compraventa-de-viviendas\/malaga-consolida-alzas-generalizadas-en-precio-de-la-vivienda\/#primaryimage"},"thumbnailUrl":"https:\/\/www.aquimicasa.net\/blog\/wp-content\/uploads\/Malaga3-1-e1653858795646.jpg","keywords":["newsletter 360"],"articleSection":["Compra Venta","Noticias Mercado Inmobiliario"],"inLanguage":"es"},{"@type":"WebPage","@id":"https:\/\/www.aquimicasa.net\/blog\/vivienda\/compraventa-de-viviendas\/malaga-consolida-alzas-generalizadas-en-precio-de-la-vivienda\/","url":"https:\/\/www.aquimicasa.net\/blog\/vivienda\/compraventa-de-viviendas\/malaga-consolida-alzas-generalizadas-en-precio-de-la-vivienda\/","name":"M\u00e1laga consolida alzas generalizadas en precio de la vivienda","isPartOf":{"@id":"https:\/\/www.aquimicasa.net\/blog\/#website"},"primaryImageOfPage":{"@id":"https:\/\/www.aquimicasa.net\/blog\/vivienda\/compraventa-de-viviendas\/malaga-consolida-alzas-generalizadas-en-precio-de-la-vivienda\/#primaryimage"},"image":{"@id":"https:\/\/www.aquimicasa.net\/blog\/vivienda\/compraventa-de-viviendas\/malaga-consolida-alzas-generalizadas-en-precio-de-la-vivienda\/#primaryimage"},"thumbnailUrl":"https:\/\/www.aquimicasa.net\/blog\/wp-content\/uploads\/Malaga3-1-e1653858795646.jpg","datePublished":"2022-05-29T21:15:20+00:00","description":"Tendencia al alza en M\u00e1laga, con un valor medio de la vivienda de un 8,3% por encima de los valores del primer trimestre de 2020\u00a0","breadcrumb":{"@id":"https:\/\/www.aquimicasa.net\/blog\/vivienda\/compraventa-de-viviendas\/malaga-consolida-alzas-generalizadas-en-precio-de-la-vivienda\/#breadcrumb"},"inLanguage":"es","potentialAction":[{"@type":"ReadAction","target":["https:\/\/www.aquimicasa.net\/blog\/vivienda\/compraventa-de-viviendas\/malaga-consolida-alzas-generalizadas-en-precio-de-la-vivienda\/"]}]},{"@type":"ImageObject","inLanguage":"es","@id":"https:\/\/www.aquimicasa.net\/blog\/vivienda\/compraventa-de-viviendas\/malaga-consolida-alzas-generalizadas-en-precio-de-la-vivienda\/#primaryimage","url":"https:\/\/www.aquimicasa.net\/blog\/wp-content\/uploads\/Malaga3-1-e1653858795646.jpg","contentUrl":"https:\/\/www.aquimicasa.net\/blog\/wp-content\/uploads\/Malaga3-1-e1653858795646.jpg","width":400,"height":300,"caption":"Andaluc\u00eda necesita una inversi\u00f3n de 7.371 millones en vivienda"},{"@type":"BreadcrumbList","@id":"https:\/\/www.aquimicasa.net\/blog\/vivienda\/compraventa-de-viviendas\/malaga-consolida-alzas-generalizadas-en-precio-de-la-vivienda\/#breadcrumb","itemListElement":[{"@type":"ListItem","position":1,"name":"Portada","item":"https:\/\/www.aquimicasa.net\/blog\/"},{"@type":"ListItem","position":2,"name":"M\u00e1laga consolida alzas generalizadas en precio de la vivienda"}]},{"@type":"WebSite","@id":"https:\/\/www.aquimicasa.net\/blog\/#website","url":"https:\/\/www.aquimicasa.net\/blog\/","name":"Blog de aquimicasa.net","description":"Noticias del Mundo Inmobiliario","publisher":{"@id":"https:\/\/www.aquimicasa.net\/blog\/#organization"},"potentialAction":[{"@type":"SearchAction","target":{"@type":"EntryPoint","urlTemplate":"https:\/\/www.aquimicasa.net\/blog\/?s={search_term_string}"},"query-input":{"@type":"PropertyValueSpecification","valueRequired":true,"valueName":"search_term_string"}}],"inLanguage":"es"},{"@type":"Organization","@id":"https:\/\/www.aquimicasa.net\/blog\/#organization","name":"Blog de aquimicasa.net","url":"https:\/\/www.aquimicasa.net\/blog\/","logo":{"@type":"ImageObject","inLanguage":"es","@id":"https:\/\/www.aquimicasa.net\/blog\/#\/schema\/logo\/image\/","url":"https:\/\/www.aquimicasa.net\/blog\/wp-content\/uploads\/Logo-aquimicasa-1-e1528048213782.png","contentUrl":"https:\/\/www.aquimicasa.net\/blog\/wp-content\/uploads\/Logo-aquimicasa-1-e1528048213782.png","width":225,"height":225,"caption":"Blog de aquimicasa.net"},"image":{"@id":"https:\/\/www.aquimicasa.net\/blog\/#\/schema\/logo\/image\/"},"sameAs":["https:\/\/www.facebook.com\/aquimicasa.net","https:\/\/www.instagram.com\/","https:\/\/x.com\/EduLizarragaD","https:\/\/www.linkedin.com\/feed\/"]},{"@type":"Person","@id":"https:\/\/www.aquimicasa.net\/blog\/#\/schema\/person\/2cdfa2605534583395c8d7ce1d6cac14","name":"Eduardo Lizarraga","image":{"@type":"ImageObject","inLanguage":"es","@id":"https:\/\/secure.gravatar.com\/avatar\/bdabe1eeeed97b65a9cb7de2edd624b07995f7e13abc5fead15961f745f908cc?s=96&d=mm&r=g","url":"https:\/\/secure.gravatar.com\/avatar\/bdabe1eeeed97b65a9cb7de2edd624b07995f7e13abc5fead15961f745f908cc?s=96&d=mm&r=g","contentUrl":"https:\/\/secure.gravatar.com\/avatar\/bdabe1eeeed97b65a9cb7de2edd624b07995f7e13abc5fead15961f745f908cc?s=96&d=mm&r=g","caption":"Eduardo Lizarraga"},"description":"Periodista Econ\u00f3mico. Ha trabajado en diversos campos de la informaci\u00f3n. Corresponsal en conflictos, analista pol\u00edtico en Congreso y Senado, periodista del medio ambiente, editor, director editorial, director de comunicaci\u00f3n.... En estos momentos se ha especializado en el sector inmobiliario. Pero tambi\u00e9n es navegante y viajero, preocupado por la pobreza, el medio ambiente y por las actuaciones descontroladas del neoliberalismo empresarial y pol\u00edtico en todo el mundo. Los desahucios, la pobreza infantil y la falta de acceso a los suministros b\u00e1sicos son algunos de los grandes dramas de nuestra sociedad y que es preciso solucionar para hacerla m\u00e1s justa. CEO en www.aquimicasa.net","sameAs":["https:\/\/www.aquimicasa.net\/"],"url":"https:\/\/www.aquimicasa.net\/blog\/author\/eduardo\/"}]}},"jetpack_publicize_connections":[],"jetpack_featured_media_url":"https:\/\/www.aquimicasa.net\/blog\/wp-content\/uploads\/Malaga3-1-e1653858795646.jpg","jetpack_sharing_enabled":true,"jetpack_likes_enabled":true,"_links":{"self":[{"href":"https:\/\/www.aquimicasa.net\/blog\/wp-json\/wp\/v2\/posts\/41016","targetHints":{"allow":["GET"]}}],"collection":[{"href":"https:\/\/www.aquimicasa.net\/blog\/wp-json\/wp\/v2\/posts"}],"about":[{"href":"https:\/\/www.aquimicasa.net\/blog\/wp-json\/wp\/v2\/types\/post"}],"author":[{"embeddable":true,"href":"https:\/\/www.aquimicasa.net\/blog\/wp-json\/wp\/v2\/users\/3"}],"replies":[{"embeddable":true,"href":"https:\/\/www.aquimicasa.net\/blog\/wp-json\/wp\/v2\/comments?post=41016"}],"version-history":[{"count":2,"href":"https:\/\/www.aquimicasa.net\/blog\/wp-json\/wp\/v2\/posts\/41016\/revisions"}],"predecessor-version":[{"id":41024,"href":"https:\/\/www.aquimicasa.net\/blog\/wp-json\/wp\/v2\/posts\/41016\/revisions\/41024"}],"wp:featuredmedia":[{"embeddable":true,"href":"https:\/\/www.aquimicasa.net\/blog\/wp-json\/wp\/v2\/media\/41023"}],"wp:attachment":[{"href":"https:\/\/www.aquimicasa.net\/blog\/wp-json\/wp\/v2\/media?parent=41016"}],"wp:term":[{"taxonomy":"category","embeddable":true,"href":"https:\/\/www.aquimicasa.net\/blog\/wp-json\/wp\/v2\/categories?post=41016"},{"taxonomy":"post_tag","embeddable":true,"href":"https:\/\/www.aquimicasa.net\/blog\/wp-json\/wp\/v2\/tags?post=41016"}],"curies":[{"name":"wp","href":"https:\/\/api.w.org\/{rel}","templated":true}]}}