{"id":41033,"date":"2022-05-31T23:17:32","date_gmt":"2022-05-31T21:17:32","guid":{"rendered":"https:\/\/www.aquimicasa.net\/blog\/?p=41033"},"modified":"2022-06-05T20:53:16","modified_gmt":"2022-06-05T18:53:16","slug":"preocupa-la-subida-del-euribor-al-no-verse-su-final","status":"publish","type":"post","link":"https:\/\/www.aquimicasa.net\/blog\/consumo\/consumidores\/preocupa-la-subida-del-euribor-al-no-verse-su-final\/","title":{"rendered":"Preocupa la subida del eur\u00edbor al no verse su final"},"content":{"rendered":"<div class=\"fusion-fullwidth fullwidth-box fusion-builder-row-1 fusion-flex-container nonhundred-percent-fullwidth non-hundred-percent-height-scrolling\" style=\"background-color: rgba(255,255,255,0);background-position: center center;background-repeat: no-repeat;border-width: 0px 0px 0px 0px;border-color:#eae9e9;border-style:solid;\" ><div class=\"fusion-builder-row fusion-row fusion-flex-align-items-flex-start\" style=\"max-width:1144px;margin-left: calc(-4% \/ 2 );margin-right: calc(-4% \/ 2 );\"><div class=\"fusion-layout-column fusion_builder_column fusion-builder-column-0 fusion_builder_column_1_1 1_1 fusion-flex-column\"><div class=\"fusion-column-wrapper fusion-flex-justify-content-flex-start fusion-content-layout-column\" style=\"background-position:left top;background-repeat:no-repeat;-webkit-background-size:cover;-moz-background-size:cover;-o-background-size:cover;background-size:cover;padding: 0px 0px 0px 0px;\"><div class=\"fusion-text fusion-text-1\"><p data-mrf-recirculation=\"links-parrafos\">Hace unos meses nos mov\u00edamos en m\u00ednimos hist\u00f3ricos y este mes de mayo despide al eur\u00edbor con su <strong>m\u00e1ximo en siete a\u00f1os<\/strong>. Y as\u00ed parece que vamos a ir mes a mes hasta alcanzar un eur\u00edbor a fin de a\u00f1o entre el 1,1 y el 1.4. Y estas peque\u00f1as cifran pueden significas que centenares de miles de familias tengan que pagar a fin de mes 50 euros m\u00e1s de media, que, en algunos casos pueden ser 100 y mejor no decimos lo que puede significar a fin de a\u00f1o.\u00a0 Y si le sumamos el precio de los combustibles, la inflaci\u00f3n, la electricidad, la alimentaci\u00f3n&#8230;<strong>el consumo se va a resentir<\/strong> y mucho. \u00bfRecord\u00e1is cuando el verano del 2008 nos fuimos opulentos de vacaciones y volvimos pobres. Pues parece que este a\u00f1o el efecto se adelanta.<\/p>\n<p data-mrf-recirculation=\"links-parrafos\">El panorama es preocupante, porque el eur\u00edbor, el principal indicador de las <strong>hipotecas a tipo variable\u00a0<\/strong>en Espa\u00f1a, ha continuado su escalada imparable hasta situar la media de este mes en el <strong>0,277%<\/strong>, su nivel m\u00e1s alto desde febrero de 2015. Y este diferencial, sumado al <strong>-0,487% de hace un a\u00f1o, <\/strong>va a significar un <strong>duro golpe a la econom\u00eda<\/strong> de muchas familias\u00a0 que podr\u00edan pagar hasta 100 euros m\u00e1s al mes.<\/p>\n<p data-mrf-recirculation=\"links-parrafos\">Y siendo mala la subida, peor es a\u00fan que con la velocidad a la que desfila no tengamos ni idea de a donde puede ir a parar, con lo que la <strong>incertidumbre econ\u00f3mica<\/strong> vuelve a ser la palabra de moda y las siete d\u00e9cimas de diferencias que ya ha subido desde hace un a\u00f1o, parece que va a ser s\u00f3lo el principio. Alegr\u00eda para los bancos y cierre de cintur\u00f3n para los espa\u00f1oles, cuyos sueldo no van a poder tapar el agujero.<\/p>\n<p data-mrf-recirculation=\"links-parrafos\">La situaci\u00f3n ya ven\u00eda de antes, con una inflaci\u00f3n desbocada por el ahorro de la pandemia y las inyecciones de dinero del BCE, pero la guerra de Ucrania, con su crisis energ\u00e9tica incluida, ha conseguido hacer saltar todas las previsiones con una <strong>inflaci\u00f3n que este mes vuelve a subir<\/strong> y cuyo horizonte del 10% vuelve a estar al alcance.<\/p>\n<p data-mrf-recirculation=\"links-parrafos\">Los cambios van a afectar a los ciudadanos que tengan ya hipoteca, sobre todo las de inter\u00e9s variable y a los que piensen en tenerla al comprar una vivienda. Los bancos ya est\u00e1n desincentivando las hipotecas a tipo fijo y vuelven a poner la variable en sus escaparates.<\/p>\n<div id=\"sm-it-main-container-1653986860415\" class=\"sm-it-main-container\" data-it=\"994e93af-d30b-4eb3-b2c9-c3dd5d96ec69\" data-device=\"desktop\" data-index=\"0\">\n<div id=\"sm-reference-1653986860415\" class=\"sm-reference\">La situaci\u00f3n va a terminar de ponerse fea cuando De Guindos anuncie este pr\u00f3ximo mes de julio que los tipos de inter\u00e9s subir\u00e1n medio punto, y esta situaci\u00f3n es cada d\u00eda m\u00e1s probable. Y esto llevar\u00e1 a que el eur\u00edbor a fin de a\u00f1o <strong>supere ampliamente el 1%.<\/strong> \u00bfHasta d\u00f3nde? Todav\u00eda hay demasiadas variantes para poder asegurarlo, pero la situaci\u00f3n no se ve bonita. Y por eso todos lo que ten\u00edan intenci\u00f3n de comprar vivienda est\u00e9n ahora con las prisas, para que los bancos no les suban a\u00fan m\u00e1s las <strong>condiciones del tipo fijo<\/strong> que es la opci\u00f3n elegida por m\u00e1s del 70% de los hipotecados. Y es que todav\u00eda hay hipotecas fijas por debajo del 2%&#8230;\u00bfhasta cuando?<\/div>\n<div><\/div>\n<div>En todo caso\u00a0 la situaci\u00f3n va a tener consecuencias en el mercado inmobiliario en el que los n\u00fameros ya no salen tan redondos, ni a los que van a por la vivienda ni a los <strong>inversores<\/strong> que van a tener que subir el precio del alquiler. Tal vez haya que empezar a barajar la hipoteca mixta.<\/div>\n<\/div>\n<\/div><\/div><style type=\"text\/css\">.fusion-body .fusion-builder-column-0{width:100% !important;margin-top : 0px;margin-bottom : 0px;}.fusion-builder-column-0 > .fusion-column-wrapper {padding-top : 0px !important;padding-right : 0px !important;margin-right : 1.92%;padding-bottom : 0px !important;padding-left : 0px !important;margin-left : 1.92%;}@media only screen and (max-width:1024px) {.fusion-body .fusion-builder-column-0{width:100% !important;}.fusion-builder-column-0 > .fusion-column-wrapper {margin-right : 1.92%;margin-left : 1.92%;}}@media only screen and (max-width:640px) {.fusion-body .fusion-builder-column-0{width:100% !important;}.fusion-builder-column-0 > .fusion-column-wrapper {margin-right : 1.92%;margin-left : 1.92%;}}<\/style><\/div><\/div><style type=\"text\/css\">.fusion-body .fusion-flex-container.fusion-builder-row-1{ padding-top : 0px;margin-top : 0px;padding-right : 0px;padding-bottom : 0px;margin-bottom : 0px;padding-left : 0px;}<\/style><\/div>\n","protected":false},"excerpt":{"rendered":"<p>La situaci\u00f3n va a tener consecuencias en el mercado inmobiliario en el que los n\u00fameros ya no salen tan redondos, ni a los que van a por la primera vivienda ni a los inversores que van a tener que subir el precio del alquiler. Tal vez haya que empezar a barajar la hipoteca mixta.<\/p>\n","protected":false},"author":3,"featured_media":15325,"comment_status":"closed","ping_status":"closed","sticky":false,"template":"","format":"standard","meta":{"_jetpack_memberships_contains_paid_content":false,"footnotes":"","jetpack_publicize_message":"","jetpack_publicize_feature_enabled":true,"jetpack_social_post_already_shared":true,"jetpack_social_options":{"image_generator_settings":{"template":"highway","default_image_id":0,"font":"","enabled":false},"version":2}},"categories":[7512,43],"tags":[8037],"class_list":["post-41033","post","type-post","status-publish","format-standard","has-post-thumbnail","hentry","category-consumidores","category-credito-hipotecario","tag-newsletter-360"],"yoast_head":"<!-- This site is optimized with the Yoast SEO plugin v27.4 - https:\/\/yoast.com\/product\/yoast-seo-wordpress\/ -->\n<title>Preocupa la subida del eur\u00edbor al no verse su final<\/title>\n<meta name=\"description\" content=\"El eur\u00edbor, el principal indicador de las hipotecas en Espa\u00f1a ha continuado su escalada hasta situar la media de este mes en el\u00a00,277%\" \/>\n<meta name=\"robots\" content=\"index, follow, max-snippet:-1, max-image-preview:large, max-video-preview:-1\" \/>\n<link rel=\"canonical\" href=\"https:\/\/www.aquimicasa.net\/blog\/consumo\/consumidores\/preocupa-la-subida-del-euribor-al-no-verse-su-final\/\" \/>\n<meta property=\"og:locale\" content=\"es_ES\" \/>\n<meta property=\"og:type\" content=\"article\" \/>\n<meta property=\"og:title\" content=\"Preocupa la subida del eur\u00edbor al no verse su final\" \/>\n<meta property=\"og:description\" content=\"El eur\u00edbor, el principal indicador de las hipotecas en Espa\u00f1a ha continuado su escalada hasta situar la media de este mes en el\u00a00,277%\" \/>\n<meta property=\"og:url\" content=\"https:\/\/www.aquimicasa.net\/blog\/consumo\/consumidores\/preocupa-la-subida-del-euribor-al-no-verse-su-final\/\" \/>\n<meta property=\"og:site_name\" content=\"Blog de aquimicasa.net\" \/>\n<meta property=\"article:publisher\" content=\"https:\/\/www.facebook.com\/aquimicasa.net\" \/>\n<meta property=\"article:published_time\" content=\"2022-05-31T21:17:32+00:00\" \/>\n<meta property=\"article:modified_time\" content=\"2022-06-05T18:53:16+00:00\" \/>\n<meta property=\"og:image\" content=\"https:\/\/www.aquimicasa.net\/blog\/wp-content\/uploads\/taxe-fonciere-1.jpg\" \/>\n\t<meta property=\"og:image:width\" content=\"300\" \/>\n\t<meta property=\"og:image:height\" content=\"225\" \/>\n\t<meta property=\"og:image:type\" content=\"image\/jpeg\" \/>\n<meta name=\"author\" content=\"Eduardo Lizarraga\" \/>\n<meta name=\"twitter:label1\" content=\"Escrito por\" \/>\n\t<meta name=\"twitter:data1\" content=\"Eduardo Lizarraga\" \/>\n\t<meta name=\"twitter:label2\" content=\"Tiempo de lectura\" \/>\n\t<meta name=\"twitter:data2\" content=\"9 minutos\" \/>\n<script type=\"application\/ld+json\" class=\"yoast-schema-graph\">{\"@context\":\"https:\\\/\\\/schema.org\",\"@graph\":[{\"@type\":\"Article\",\"@id\":\"https:\\\/\\\/www.aquimicasa.net\\\/blog\\\/consumo\\\/consumidores\\\/preocupa-la-subida-del-euribor-al-no-verse-su-final\\\/#article\",\"isPartOf\":{\"@id\":\"https:\\\/\\\/www.aquimicasa.net\\\/blog\\\/consumo\\\/consumidores\\\/preocupa-la-subida-del-euribor-al-no-verse-su-final\\\/\"},\"author\":{\"name\":\"Eduardo Lizarraga\",\"@id\":\"https:\\\/\\\/www.aquimicasa.net\\\/blog\\\/#\\\/schema\\\/person\\\/2cdfa2605534583395c8d7ce1d6cac14\"},\"headline\":\"Preocupa la subida del eur\u00edbor al no verse su final\",\"datePublished\":\"2022-05-31T21:17:32+00:00\",\"dateModified\":\"2022-06-05T18:53:16+00:00\",\"mainEntityOfPage\":{\"@id\":\"https:\\\/\\\/www.aquimicasa.net\\\/blog\\\/consumo\\\/consumidores\\\/preocupa-la-subida-del-euribor-al-no-verse-su-final\\\/\"},\"wordCount\":868,\"publisher\":{\"@id\":\"https:\\\/\\\/www.aquimicasa.net\\\/blog\\\/#organization\"},\"image\":{\"@id\":\"https:\\\/\\\/www.aquimicasa.net\\\/blog\\\/consumo\\\/consumidores\\\/preocupa-la-subida-del-euribor-al-no-verse-su-final\\\/#primaryimage\"},\"thumbnailUrl\":\"https:\\\/\\\/www.aquimicasa.net\\\/blog\\\/wp-content\\\/uploads\\\/taxe-fonciere-1.jpg\",\"keywords\":[\"newsletter 360\"],\"articleSection\":[\"Consumidores\",\"Cr\u00e9dito hipotecario\"],\"inLanguage\":\"es\"},{\"@type\":\"WebPage\",\"@id\":\"https:\\\/\\\/www.aquimicasa.net\\\/blog\\\/consumo\\\/consumidores\\\/preocupa-la-subida-del-euribor-al-no-verse-su-final\\\/\",\"url\":\"https:\\\/\\\/www.aquimicasa.net\\\/blog\\\/consumo\\\/consumidores\\\/preocupa-la-subida-del-euribor-al-no-verse-su-final\\\/\",\"name\":\"Preocupa la subida del eur\u00edbor al no verse su final\",\"isPartOf\":{\"@id\":\"https:\\\/\\\/www.aquimicasa.net\\\/blog\\\/#website\"},\"primaryImageOfPage\":{\"@id\":\"https:\\\/\\\/www.aquimicasa.net\\\/blog\\\/consumo\\\/consumidores\\\/preocupa-la-subida-del-euribor-al-no-verse-su-final\\\/#primaryimage\"},\"image\":{\"@id\":\"https:\\\/\\\/www.aquimicasa.net\\\/blog\\\/consumo\\\/consumidores\\\/preocupa-la-subida-del-euribor-al-no-verse-su-final\\\/#primaryimage\"},\"thumbnailUrl\":\"https:\\\/\\\/www.aquimicasa.net\\\/blog\\\/wp-content\\\/uploads\\\/taxe-fonciere-1.jpg\",\"datePublished\":\"2022-05-31T21:17:32+00:00\",\"dateModified\":\"2022-06-05T18:53:16+00:00\",\"description\":\"El eur\u00edbor, el principal indicador de las hipotecas en Espa\u00f1a ha continuado su escalada hasta situar la media de este mes en el\u00a00,277%\",\"breadcrumb\":{\"@id\":\"https:\\\/\\\/www.aquimicasa.net\\\/blog\\\/consumo\\\/consumidores\\\/preocupa-la-subida-del-euribor-al-no-verse-su-final\\\/#breadcrumb\"},\"inLanguage\":\"es\",\"potentialAction\":[{\"@type\":\"ReadAction\",\"target\":[\"https:\\\/\\\/www.aquimicasa.net\\\/blog\\\/consumo\\\/consumidores\\\/preocupa-la-subida-del-euribor-al-no-verse-su-final\\\/\"]}]},{\"@type\":\"ImageObject\",\"inLanguage\":\"es\",\"@id\":\"https:\\\/\\\/www.aquimicasa.net\\\/blog\\\/consumo\\\/consumidores\\\/preocupa-la-subida-del-euribor-al-no-verse-su-final\\\/#primaryimage\",\"url\":\"https:\\\/\\\/www.aquimicasa.net\\\/blog\\\/wp-content\\\/uploads\\\/taxe-fonciere-1.jpg\",\"contentUrl\":\"https:\\\/\\\/www.aquimicasa.net\\\/blog\\\/wp-content\\\/uploads\\\/taxe-fonciere-1.jpg\",\"width\":300,\"height\":225,\"caption\":\"El Eur\u00edbor de abril baja las cuotas hipotecarias\"},{\"@type\":\"BreadcrumbList\",\"@id\":\"https:\\\/\\\/www.aquimicasa.net\\\/blog\\\/consumo\\\/consumidores\\\/preocupa-la-subida-del-euribor-al-no-verse-su-final\\\/#breadcrumb\",\"itemListElement\":[{\"@type\":\"ListItem\",\"position\":1,\"name\":\"Portada\",\"item\":\"https:\\\/\\\/www.aquimicasa.net\\\/blog\\\/\"},{\"@type\":\"ListItem\",\"position\":2,\"name\":\"Preocupa la subida del eur\u00edbor al no verse su final\"}]},{\"@type\":\"WebSite\",\"@id\":\"https:\\\/\\\/www.aquimicasa.net\\\/blog\\\/#website\",\"url\":\"https:\\\/\\\/www.aquimicasa.net\\\/blog\\\/\",\"name\":\"Blog de aquimicasa.net\",\"description\":\"Noticias del Mundo Inmobiliario\",\"publisher\":{\"@id\":\"https:\\\/\\\/www.aquimicasa.net\\\/blog\\\/#organization\"},\"potentialAction\":[{\"@type\":\"SearchAction\",\"target\":{\"@type\":\"EntryPoint\",\"urlTemplate\":\"https:\\\/\\\/www.aquimicasa.net\\\/blog\\\/?s={search_term_string}\"},\"query-input\":{\"@type\":\"PropertyValueSpecification\",\"valueRequired\":true,\"valueName\":\"search_term_string\"}}],\"inLanguage\":\"es\"},{\"@type\":\"Organization\",\"@id\":\"https:\\\/\\\/www.aquimicasa.net\\\/blog\\\/#organization\",\"name\":\"Blog de aquimicasa.net\",\"url\":\"https:\\\/\\\/www.aquimicasa.net\\\/blog\\\/\",\"logo\":{\"@type\":\"ImageObject\",\"inLanguage\":\"es\",\"@id\":\"https:\\\/\\\/www.aquimicasa.net\\\/blog\\\/#\\\/schema\\\/logo\\\/image\\\/\",\"url\":\"https:\\\/\\\/www.aquimicasa.net\\\/blog\\\/wp-content\\\/uploads\\\/Logo-aquimicasa-1-e1528048213782.png\",\"contentUrl\":\"https:\\\/\\\/www.aquimicasa.net\\\/blog\\\/wp-content\\\/uploads\\\/Logo-aquimicasa-1-e1528048213782.png\",\"width\":225,\"height\":225,\"caption\":\"Blog de aquimicasa.net\"},\"image\":{\"@id\":\"https:\\\/\\\/www.aquimicasa.net\\\/blog\\\/#\\\/schema\\\/logo\\\/image\\\/\"},\"sameAs\":[\"https:\\\/\\\/www.facebook.com\\\/aquimicasa.net\",\"https:\\\/\\\/www.instagram.com\\\/\",\"https:\\\/\\\/x.com\\\/EduLizarragaD\",\"https:\\\/\\\/www.linkedin.com\\\/feed\\\/\"]},{\"@type\":\"Person\",\"@id\":\"https:\\\/\\\/www.aquimicasa.net\\\/blog\\\/#\\\/schema\\\/person\\\/2cdfa2605534583395c8d7ce1d6cac14\",\"name\":\"Eduardo Lizarraga\",\"image\":{\"@type\":\"ImageObject\",\"inLanguage\":\"es\",\"@id\":\"https:\\\/\\\/secure.gravatar.com\\\/avatar\\\/bdabe1eeeed97b65a9cb7de2edd624b07995f7e13abc5fead15961f745f908cc?s=96&d=mm&r=g\",\"url\":\"https:\\\/\\\/secure.gravatar.com\\\/avatar\\\/bdabe1eeeed97b65a9cb7de2edd624b07995f7e13abc5fead15961f745f908cc?s=96&d=mm&r=g\",\"contentUrl\":\"https:\\\/\\\/secure.gravatar.com\\\/avatar\\\/bdabe1eeeed97b65a9cb7de2edd624b07995f7e13abc5fead15961f745f908cc?s=96&d=mm&r=g\",\"caption\":\"Eduardo Lizarraga\"},\"description\":\"Periodista Econ\u00f3mico. Ha trabajado en diversos campos de la informaci\u00f3n. Corresponsal en conflictos, analista pol\u00edtico en Congreso y Senado, periodista del medio ambiente, editor, director editorial, director de comunicaci\u00f3n.... En estos momentos se ha especializado en el sector inmobiliario. Pero tambi\u00e9n es navegante y viajero, preocupado por la pobreza, el medio ambiente y por las actuaciones descontroladas del neoliberalismo empresarial y pol\u00edtico en todo el mundo. Los desahucios, la pobreza infantil y la falta de acceso a los suministros b\u00e1sicos son algunos de los grandes dramas de nuestra sociedad y que es preciso solucionar para hacerla m\u00e1s justa. CEO en www.aquimicasa.net\",\"sameAs\":[\"https:\\\/\\\/www.aquimicasa.net\\\/\"],\"url\":\"https:\\\/\\\/www.aquimicasa.net\\\/blog\\\/author\\\/eduardo\\\/\"}]}<\/script>\n<!-- \/ Yoast SEO plugin. -->","yoast_head_json":{"title":"Preocupa la subida del eur\u00edbor al no verse su final","description":"El eur\u00edbor, el principal indicador de las hipotecas en Espa\u00f1a ha continuado su escalada hasta situar la media de este mes en el\u00a00,277%","robots":{"index":"index","follow":"follow","max-snippet":"max-snippet:-1","max-image-preview":"max-image-preview:large","max-video-preview":"max-video-preview:-1"},"canonical":"https:\/\/www.aquimicasa.net\/blog\/consumo\/consumidores\/preocupa-la-subida-del-euribor-al-no-verse-su-final\/","og_locale":"es_ES","og_type":"article","og_title":"Preocupa la subida del eur\u00edbor al no verse su final","og_description":"El eur\u00edbor, el principal indicador de las hipotecas en Espa\u00f1a ha continuado su escalada hasta situar la media de este mes en el\u00a00,277%","og_url":"https:\/\/www.aquimicasa.net\/blog\/consumo\/consumidores\/preocupa-la-subida-del-euribor-al-no-verse-su-final\/","og_site_name":"Blog de aquimicasa.net","article_publisher":"https:\/\/www.facebook.com\/aquimicasa.net","article_published_time":"2022-05-31T21:17:32+00:00","article_modified_time":"2022-06-05T18:53:16+00:00","og_image":[{"width":300,"height":225,"url":"https:\/\/www.aquimicasa.net\/blog\/wp-content\/uploads\/taxe-fonciere-1.jpg","type":"image\/jpeg"}],"author":"Eduardo Lizarraga","twitter_misc":{"Escrito por":"Eduardo Lizarraga","Tiempo de lectura":"9 minutos"},"schema":{"@context":"https:\/\/schema.org","@graph":[{"@type":"Article","@id":"https:\/\/www.aquimicasa.net\/blog\/consumo\/consumidores\/preocupa-la-subida-del-euribor-al-no-verse-su-final\/#article","isPartOf":{"@id":"https:\/\/www.aquimicasa.net\/blog\/consumo\/consumidores\/preocupa-la-subida-del-euribor-al-no-verse-su-final\/"},"author":{"name":"Eduardo Lizarraga","@id":"https:\/\/www.aquimicasa.net\/blog\/#\/schema\/person\/2cdfa2605534583395c8d7ce1d6cac14"},"headline":"Preocupa la subida del eur\u00edbor al no verse su final","datePublished":"2022-05-31T21:17:32+00:00","dateModified":"2022-06-05T18:53:16+00:00","mainEntityOfPage":{"@id":"https:\/\/www.aquimicasa.net\/blog\/consumo\/consumidores\/preocupa-la-subida-del-euribor-al-no-verse-su-final\/"},"wordCount":868,"publisher":{"@id":"https:\/\/www.aquimicasa.net\/blog\/#organization"},"image":{"@id":"https:\/\/www.aquimicasa.net\/blog\/consumo\/consumidores\/preocupa-la-subida-del-euribor-al-no-verse-su-final\/#primaryimage"},"thumbnailUrl":"https:\/\/www.aquimicasa.net\/blog\/wp-content\/uploads\/taxe-fonciere-1.jpg","keywords":["newsletter 360"],"articleSection":["Consumidores","Cr\u00e9dito hipotecario"],"inLanguage":"es"},{"@type":"WebPage","@id":"https:\/\/www.aquimicasa.net\/blog\/consumo\/consumidores\/preocupa-la-subida-del-euribor-al-no-verse-su-final\/","url":"https:\/\/www.aquimicasa.net\/blog\/consumo\/consumidores\/preocupa-la-subida-del-euribor-al-no-verse-su-final\/","name":"Preocupa la subida del eur\u00edbor al no verse su final","isPartOf":{"@id":"https:\/\/www.aquimicasa.net\/blog\/#website"},"primaryImageOfPage":{"@id":"https:\/\/www.aquimicasa.net\/blog\/consumo\/consumidores\/preocupa-la-subida-del-euribor-al-no-verse-su-final\/#primaryimage"},"image":{"@id":"https:\/\/www.aquimicasa.net\/blog\/consumo\/consumidores\/preocupa-la-subida-del-euribor-al-no-verse-su-final\/#primaryimage"},"thumbnailUrl":"https:\/\/www.aquimicasa.net\/blog\/wp-content\/uploads\/taxe-fonciere-1.jpg","datePublished":"2022-05-31T21:17:32+00:00","dateModified":"2022-06-05T18:53:16+00:00","description":"El eur\u00edbor, el principal indicador de las hipotecas en Espa\u00f1a ha continuado su escalada hasta situar la media de este mes en el\u00a00,277%","breadcrumb":{"@id":"https:\/\/www.aquimicasa.net\/blog\/consumo\/consumidores\/preocupa-la-subida-del-euribor-al-no-verse-su-final\/#breadcrumb"},"inLanguage":"es","potentialAction":[{"@type":"ReadAction","target":["https:\/\/www.aquimicasa.net\/blog\/consumo\/consumidores\/preocupa-la-subida-del-euribor-al-no-verse-su-final\/"]}]},{"@type":"ImageObject","inLanguage":"es","@id":"https:\/\/www.aquimicasa.net\/blog\/consumo\/consumidores\/preocupa-la-subida-del-euribor-al-no-verse-su-final\/#primaryimage","url":"https:\/\/www.aquimicasa.net\/blog\/wp-content\/uploads\/taxe-fonciere-1.jpg","contentUrl":"https:\/\/www.aquimicasa.net\/blog\/wp-content\/uploads\/taxe-fonciere-1.jpg","width":300,"height":225,"caption":"El Eur\u00edbor de abril baja las cuotas hipotecarias"},{"@type":"BreadcrumbList","@id":"https:\/\/www.aquimicasa.net\/blog\/consumo\/consumidores\/preocupa-la-subida-del-euribor-al-no-verse-su-final\/#breadcrumb","itemListElement":[{"@type":"ListItem","position":1,"name":"Portada","item":"https:\/\/www.aquimicasa.net\/blog\/"},{"@type":"ListItem","position":2,"name":"Preocupa la subida del eur\u00edbor al no verse su final"}]},{"@type":"WebSite","@id":"https:\/\/www.aquimicasa.net\/blog\/#website","url":"https:\/\/www.aquimicasa.net\/blog\/","name":"Blog de aquimicasa.net","description":"Noticias del Mundo Inmobiliario","publisher":{"@id":"https:\/\/www.aquimicasa.net\/blog\/#organization"},"potentialAction":[{"@type":"SearchAction","target":{"@type":"EntryPoint","urlTemplate":"https:\/\/www.aquimicasa.net\/blog\/?s={search_term_string}"},"query-input":{"@type":"PropertyValueSpecification","valueRequired":true,"valueName":"search_term_string"}}],"inLanguage":"es"},{"@type":"Organization","@id":"https:\/\/www.aquimicasa.net\/blog\/#organization","name":"Blog de aquimicasa.net","url":"https:\/\/www.aquimicasa.net\/blog\/","logo":{"@type":"ImageObject","inLanguage":"es","@id":"https:\/\/www.aquimicasa.net\/blog\/#\/schema\/logo\/image\/","url":"https:\/\/www.aquimicasa.net\/blog\/wp-content\/uploads\/Logo-aquimicasa-1-e1528048213782.png","contentUrl":"https:\/\/www.aquimicasa.net\/blog\/wp-content\/uploads\/Logo-aquimicasa-1-e1528048213782.png","width":225,"height":225,"caption":"Blog de aquimicasa.net"},"image":{"@id":"https:\/\/www.aquimicasa.net\/blog\/#\/schema\/logo\/image\/"},"sameAs":["https:\/\/www.facebook.com\/aquimicasa.net","https:\/\/www.instagram.com\/","https:\/\/x.com\/EduLizarragaD","https:\/\/www.linkedin.com\/feed\/"]},{"@type":"Person","@id":"https:\/\/www.aquimicasa.net\/blog\/#\/schema\/person\/2cdfa2605534583395c8d7ce1d6cac14","name":"Eduardo Lizarraga","image":{"@type":"ImageObject","inLanguage":"es","@id":"https:\/\/secure.gravatar.com\/avatar\/bdabe1eeeed97b65a9cb7de2edd624b07995f7e13abc5fead15961f745f908cc?s=96&d=mm&r=g","url":"https:\/\/secure.gravatar.com\/avatar\/bdabe1eeeed97b65a9cb7de2edd624b07995f7e13abc5fead15961f745f908cc?s=96&d=mm&r=g","contentUrl":"https:\/\/secure.gravatar.com\/avatar\/bdabe1eeeed97b65a9cb7de2edd624b07995f7e13abc5fead15961f745f908cc?s=96&d=mm&r=g","caption":"Eduardo Lizarraga"},"description":"Periodista Econ\u00f3mico. Ha trabajado en diversos campos de la informaci\u00f3n. Corresponsal en conflictos, analista pol\u00edtico en Congreso y Senado, periodista del medio ambiente, editor, director editorial, director de comunicaci\u00f3n.... En estos momentos se ha especializado en el sector inmobiliario. Pero tambi\u00e9n es navegante y viajero, preocupado por la pobreza, el medio ambiente y por las actuaciones descontroladas del neoliberalismo empresarial y pol\u00edtico en todo el mundo. Los desahucios, la pobreza infantil y la falta de acceso a los suministros b\u00e1sicos son algunos de los grandes dramas de nuestra sociedad y que es preciso solucionar para hacerla m\u00e1s justa. CEO en www.aquimicasa.net","sameAs":["https:\/\/www.aquimicasa.net\/"],"url":"https:\/\/www.aquimicasa.net\/blog\/author\/eduardo\/"}]}},"jetpack_publicize_connections":[],"jetpack_featured_media_url":"https:\/\/www.aquimicasa.net\/blog\/wp-content\/uploads\/taxe-fonciere-1.jpg","jetpack_sharing_enabled":true,"jetpack_likes_enabled":true,"_links":{"self":[{"href":"https:\/\/www.aquimicasa.net\/blog\/wp-json\/wp\/v2\/posts\/41033","targetHints":{"allow":["GET"]}}],"collection":[{"href":"https:\/\/www.aquimicasa.net\/blog\/wp-json\/wp\/v2\/posts"}],"about":[{"href":"https:\/\/www.aquimicasa.net\/blog\/wp-json\/wp\/v2\/types\/post"}],"author":[{"embeddable":true,"href":"https:\/\/www.aquimicasa.net\/blog\/wp-json\/wp\/v2\/users\/3"}],"replies":[{"embeddable":true,"href":"https:\/\/www.aquimicasa.net\/blog\/wp-json\/wp\/v2\/comments?post=41033"}],"version-history":[{"count":4,"href":"https:\/\/www.aquimicasa.net\/blog\/wp-json\/wp\/v2\/posts\/41033\/revisions"}],"predecessor-version":[{"id":41039,"href":"https:\/\/www.aquimicasa.net\/blog\/wp-json\/wp\/v2\/posts\/41033\/revisions\/41039"}],"wp:featuredmedia":[{"embeddable":true,"href":"https:\/\/www.aquimicasa.net\/blog\/wp-json\/wp\/v2\/media\/15325"}],"wp:attachment":[{"href":"https:\/\/www.aquimicasa.net\/blog\/wp-json\/wp\/v2\/media?parent=41033"}],"wp:term":[{"taxonomy":"category","embeddable":true,"href":"https:\/\/www.aquimicasa.net\/blog\/wp-json\/wp\/v2\/categories?post=41033"},{"taxonomy":"post_tag","embeddable":true,"href":"https:\/\/www.aquimicasa.net\/blog\/wp-json\/wp\/v2\/tags?post=41033"}],"curies":[{"name":"wp","href":"https:\/\/api.w.org\/{rel}","templated":true}]}}