{"id":41047,"date":"2022-06-02T08:42:26","date_gmt":"2022-06-02T06:42:26","guid":{"rendered":"https:\/\/www.aquimicasa.net\/blog\/?p=41047"},"modified":"2022-06-12T10:14:11","modified_gmt":"2022-06-12T08:14:11","slug":"la-nueva-moda-del-calcetin-bancario-impulsada-por-hacienda","status":"publish","type":"post","link":"https:\/\/www.aquimicasa.net\/blog\/opinion\/la-nueva-moda-del-calcetin-bancario-impulsada-por-hacienda\/","title":{"rendered":"La nueva moda del calcet\u00edn bancario impulsada por Hacienda"},"content":{"rendered":"<div class=\"fusion-fullwidth fullwidth-box fusion-builder-row-1 fusion-flex-container nonhundred-percent-fullwidth non-hundred-percent-height-scrolling\" style=\"background-color: rgba(255,255,255,0);background-position: center center;background-repeat: no-repeat;border-width: 0px 0px 0px 0px;border-color:#eae9e9;border-style:solid;\" ><div class=\"fusion-builder-row fusion-row fusion-flex-align-items-flex-start\" style=\"max-width:1144px;margin-left: calc(-4% \/ 2 );margin-right: calc(-4% \/ 2 );\"><div class=\"fusion-layout-column fusion_builder_column fusion-builder-column-0 fusion_builder_column_1_1 1_1 fusion-flex-column\"><div class=\"fusion-column-wrapper fusion-flex-justify-content-flex-start fusion-content-layout-column\" style=\"background-position:left top;background-repeat:no-repeat;-webkit-background-size:cover;-moz-background-size:cover;-o-background-size:cover;background-size:cover;padding: 0px 0px 0px 0px;\"><div class=\"fusion-text fusion-text-1\"><p>Sabemos, los que leemos las p\u00e1ginas pe\u00f1azo de la econom\u00eda, que debido a las medidas para proteger nuestro entramado social de la pandemia y de la guerra de Ucrania,<strong> la deuda de nuestro pa\u00eds est\u00e1 subiendo<\/strong> y que el pasado marzo el Banco de Espa\u00f1a la cifraba en 1.453.947,99 millones de euros, lo que supone una variaci\u00f3n de 12.163,69 millones de euros en comparaci\u00f3n con el mes anterior. Y tambi\u00e9n conocemos que el Fondo Monetario Internacional estima que nuestro pa\u00eds cerrar\u00e1 2022 con unas obligaciones que representar\u00e1n el 116,4% del PIB. Porcentaje que resulta muy alto y que nuestro pa\u00eds deber\u00e1 ir reduciendo en los a\u00f1os siguientes y mucho me temo que lo har\u00e1 incrementando la presi\u00f3n fiscal a los m\u00e1s d\u00e9biles dejando tranquilos a los que saben defenderse.<\/p>\n<p>Y ya se ha puesto a ello Hacienda que, a trav\u00e9s de <strong>Tribunal Econ\u00f3mico Administrativo Central (TEAC)<\/strong>, ha decidido que es posible embargar la parte del salario m\u00ednimo inembargable que no se haya consumido en el mes. Es decir, ser\u00e1 embargable la parte del sueldo, cobrado en meses anteriores, que <strong>haya podido ahorrar el contribuyente<\/strong> y que se encuentre en la cuenta bancaria como exceso de saldo, al margen de su origen y procedencia.<\/p>\n<p>En palabras del propio TEAC, algo m\u00e1s farragosas por eso de la <strong>necesidad de obscurecer la medida<\/strong> y que me recuerdan aquello de \u00abla parte contratante\u00a0 de la primera parte\u00bb del genial Groucho, que:<\/p>\n<p><em>\u201cEl saldo disponible en la cuenta a la fecha del embargo, deducida la cantidad resultante de aplicar lo anterior, es \u00edntegramente susceptible de embargo, con independencia de que tenga su origen en el abono de anteriores percepciones salariales. Por tanto, s\u00f3lo se considera sueldo, salario o pensi\u00f3n a los efectos de aplicar el mencionado art\u00edculo 171.3 de la LGT, el importe ingresado en la cuenta embargada por ese concepto en el mes que se practique el embargo o, en su defecto, en el mes anterior. As\u00ed, resulta embargable el saldo disponible de la cuenta a la fecha del embargo, deducido el importe del \u00faltimo abono en concepto de pensi\u00f3n.\u201d<\/em><\/p>\n<p>As\u00ed las cosas, un trabajador, asalariado o pensionista que padece alg\u00fan embargo judicial y al que se le aplican los l\u00edmites previstos por la Ley, podr\u00e1 verse <strong>embargado de nuevo<\/strong> sobre la misma cantidad si comete la torpeza de intentar ahorrar. Y le va a dar igual si ese dinero lo guardaba para pagar el IBI, el gasoil de la caldera, el dentista o una noche loca de copas si la Cultural Leonesa sube de nuevo a primera. Se lo llevar\u00e1 Hacienda o su fondo vampiro y el mes que toquen esos pagos deber\u00e1 ir a la puerta de alguna Iglesia a solucionarse el problema. Y ya puede ir cogiendo sitio que van a ser lugares muy solicitados si continuamos en este derrotero.<\/p>\n<p>No es la primera vez que Hacienda carga contra los malaventurados econ\u00f3micos. Hace ya m\u00e1s de dos a\u00f1os (5-11-2019) la\u00a0<strong>Direcci\u00f3n General de Tributos<\/strong>\u00a0decidi\u00f3 computar a efectos del embargo de sueldos, salarios y pensiones el importe de la paga extra cobrada por el contribuyente, pero a diferencia de c\u00f3mo lo hac\u00eda anteriormente, que detra\u00eda el porcentaje a embargar de cada paga consideradas de forma independiente, desde aquel d\u00eda acumula las percepciones, es decir, \u00a0suma el salario mensual ordinario m\u00e1s el salario correspondiente a la gratificaci\u00f3n extraordinaria, con lo que <strong>el importe a embargar es considerablemente mayor.<\/strong><\/p>\n<p>Pero hay que ver las cosas desde el punto positivo y con humor, mucho humor, aunque sea negro. Por eso Hacienda, para hacer m\u00e1s llevadera la situaci\u00f3n, en la carta que escribi\u00f3 a los afectados por la medida, que muchos de ellos recibieron al mes siguiente de ser despojados de la paga extraordinaria &#8211; cosas de la administraci\u00f3n- despu\u00e9s de advertirles del nuevo escenario se desped\u00eda con un casi \u00a1al\u00e9grese porque as\u00ed pagar\u00e1 su deuda antes! Y se lo dec\u00edan a muchos que a\u00fan deb\u00edan al fondo buitre correspondiente, los restos de su naufragio inmobiliario de la d\u00e9cada anterior, que pagaban con embargo judicial mediante y multiplicada por diez, la cantidad que el <strong>Blackstone, Lone Star o Cerberus<\/strong> de turno habr\u00eda pagado al banco acreedor.<\/p>\n<p>Aquello fue un drama para muchas personas que dedicaban aquella paga extraordinaria al <strong>ahorro para pagar los imprevistos<\/strong>, o unos d\u00edas de descanso,\u00a0 celebrar una Navidad en condiciones o la matr\u00edcula de la Universidad que, por muchas milongas que nos cuenten y m\u00e1s en algunas Comunidades Aut\u00f3nomas, la educaci\u00f3n no es gratuita.<\/p>\n<p>Ahora, dos a\u00f1os despu\u00e9s, cuando aquellas personas ya hab\u00edan vuelto a ajustar su magra econom\u00eda y tacita a tacita ahorraban para disponer de alg\u00fan remanente y poder vivir con algo de dignidad, la <strong>rapacidad<\/strong>, no s\u00f3lo tributaria, sino tambi\u00e9n de bancos y fondos buitre, que son los principales favorecidos por esos embargos judiciales largos, algunos casi de por vida, ha conseguido que los ahorros de asalariados y pensionistas embargados tan s\u00f3lo est\u00e9n <strong>seguros en el calcet\u00edn<\/strong>.<\/p>\n<p>La verdad es que conforme escribo siento curiosidad por conocer la mente retorcida a la que se le han ocurrido estas disposiciones, que por no caer en el exabrupto son, dig\u00e1moslo as\u00ed, poco honorables. No debe ser muy feliz el chico, o la chica, vaya usted a saber.<\/p>\n<p>Pero es lo que debe resultar m\u00e1s sencillo, <strong>despojar al pobre que no puede defenderse<\/strong> y que es incapaz de juntarse con otros en su misma situaci\u00f3n para plantar cara, que en este pa\u00eds s\u00f3lo salimos a protestar por cosas del f\u00fatbol, Eurovisi\u00f3n o la caza del gamusino silvestre, obviando todo lo que nos pueda afectar en p\u00e9rdida de derechos o <strong>disminuci\u00f3n del estado del bienestar<\/strong>, que debe ser cosa de rojos, inmigrantes y pobres de Mercadona.<\/p>\n<p>Y no ser\u00e1 porque no hay tesoros esperando ser recuperados por Hacienda, que de los 73.000 millones que la banca debe a todos los espa\u00f1oles -s\u00ed, la cifra se ha ajustado al alza- no se ha visto ni un t\u00edmido intento de reclamarlos para las necesitadas arcas. En otros casos los <strong>robos al erario p\u00fablico<\/strong> han prescrito porque estuvieron ocultos mientras se pudo reclamarlos, el funcionario que debiera haberlo hecho estaba tomando un caf\u00e9 o la empresa o empresario deudor ha sabido esconder muy bien sus bienes y no hay embargo que altere su pl\u00e1cido descanso en Marbella. Dir\u00edase que son latrocinios consentidos, una especie de derecho de cierta clase de espa\u00f1oles.<\/p>\n<p>Todo ello sin hablar de la exacerbada defensa, que de la <strong>seguridad jur\u00eddica<\/strong>, el <strong>atractivo inversor<\/strong> y otros conceptos muy de moda estos a\u00f1os de neoliberalismo a ultranza, hacen medios y periodistas inquilinos habituales de palcos y antesalas. Adem\u00e1s, para los pudientes siempre queda el recurso de la caterva de abogados juniors y seniors que se encargar\u00e1n en un abrir y cerrar de ojos de oscurecer todo el procedimiento y que tarde a\u00f1os en salir a la luz.<\/p>\n<p>Ya veis a la <strong>Comunidad de Madrid<\/strong>, que pretende interponer el noveno y d\u00e9cimo recurso ante el Supremo -con un coste pagado por todos los madrile\u00f1os- para retrasar la recuperaci\u00f3n por sus leg\u00edtimos propietarios de las 3.000 VPO enajenadas por 201 millones por Ignacio Gonz\u00e1lez y su tropa en el 2013, pero al madrile\u00f1o s\u00f3lo le preocupa la libertad de tomar ca\u00f1as y bocatas de calamares hasta caer en la cirrosis o el envenenamiento por aceite refrito.<\/p>\n<p>Est\u00e1 claro y casi parece ya normal, que las distintas instancias del Estado, judiciales, tributarias, legislativas\u2026 protejan a los dones, do\u00f1as y a sus dineros, haci\u00e9ndoles la vida m\u00e1s f\u00e1cil y poni\u00e9ndolo todo a su alcance y que conste que no hablo de la bandeja de bombones. Al fin y al cabo <strong>Espa\u00f1a es suya<\/strong>, ya sea por derecho divino o porque se envuelven en la bandera hasta parecer una salchicha con tomate y mostaza.<\/p>\n<p>Y si esta situaci\u00f3n es la normal, tambi\u00e9n debe serlo que los que menos tenemos paguemos la fiesta; al fin y al cabo, somos muchos y tocamos a poco al repartir. Y aunque deba ser lo habitual me da una cierta repugnancia que lo sea en mi pa\u00eds.<\/p>\n<p><img decoding=\"async\" class=\" wp-image-27470\" src=\"https:\/\/www.aquimicasa.net\/blog\/wp-content\/uploads\/Eduardo2-244x300.jpg\" alt=\"Periodista econ\u00f3mico\" width=\"120\" height=\"148\" srcset=\"https:\/\/www.aquimicasa.net\/blog\/wp-content\/uploads\/Eduardo2-122x150.jpg 122w, https:\/\/www.aquimicasa.net\/blog\/wp-content\/uploads\/Eduardo2-200x246.jpg 200w, https:\/\/www.aquimicasa.net\/blog\/wp-content\/uploads\/Eduardo2-244x300.jpg 244w, https:\/\/www.aquimicasa.net\/blog\/wp-content\/uploads\/Eduardo2-400x492.jpg 400w, https:\/\/www.aquimicasa.net\/blog\/wp-content\/uploads\/Eduardo2.jpg 513w\" sizes=\"(max-width: 120px) 100vw, 120px\" \/><\/p>\n<p>Eduardo Lizarraga<\/p>\n<p>WWW.AQUIMICASA.NET<\/p>\n<\/div><\/div><style type=\"text\/css\">.fusion-body .fusion-builder-column-0{width:100% !important;margin-top : 0px;margin-bottom : 0px;}.fusion-builder-column-0 > .fusion-column-wrapper {padding-top : 0px !important;padding-right : 0px !important;margin-right : 1.92%;padding-bottom : 0px !important;padding-left : 0px !important;margin-left : 1.92%;}@media only screen and (max-width:1024px) {.fusion-body .fusion-builder-column-0{width:100% !important;}.fusion-builder-column-0 > .fusion-column-wrapper {margin-right : 1.92%;margin-left : 1.92%;}}@media only screen and (max-width:640px) {.fusion-body .fusion-builder-column-0{width:100% !important;}.fusion-builder-column-0 > .fusion-column-wrapper {margin-right : 1.92%;margin-left : 1.92%;}}<\/style><\/div><\/div><style type=\"text\/css\">.fusion-body .fusion-flex-container.fusion-builder-row-1{ padding-top : 0px;margin-top : 0px;padding-right : 0px;padding-bottom : 0px;margin-bottom : 0px;padding-left : 0px;}<\/style><\/div>\n","protected":false},"excerpt":{"rendered":"<p>Est\u00e1 claro y casi parece ya normal, que las distintas instancias del Estado, judiciales, tributarias, legislativas\u2026 protejan a los dones, do\u00f1as y a sus dineros, haci\u00e9ndoles la vida m\u00e1s f\u00e1cil y poni\u00e9ndolo todo a su alcance y que conste que no hablo de la bandeja de bombones. Al fin y al cabo Espa\u00f1a es suya.<\/p>\n","protected":false},"author":3,"featured_media":41052,"comment_status":"closed","ping_status":"closed","sticky":false,"template":"","format":"standard","meta":{"_jetpack_memberships_contains_paid_content":false,"footnotes":"","jetpack_publicize_message":"","jetpack_publicize_feature_enabled":true,"jetpack_social_post_already_shared":true,"jetpack_social_options":{"image_generator_settings":{"template":"highway","default_image_id":0,"font":"","enabled":false},"version":2}},"categories":[3249],"tags":[2989,8037,8038],"class_list":["post-41047","post","type-post","status-publish","format-standard","has-post-thumbnail","hentry","category-opinion","tag-articulo-de-opinion","tag-newsletter-360","tag-newsletter-361"],"yoast_head":"<!-- This site is optimized with the Yoast SEO plugin v27.4 - https:\/\/yoast.com\/product\/yoast-seo-wordpress\/ -->\n<title>La nueva moda del calcet\u00edn bancario impulsada por Hacienda<\/title>\n<meta name=\"description\" content=\"Hacienda ya ha conseguido que los ahorros de asalariados y pensionistas embargados tan s\u00f3lo est\u00e9n seguros en el calcet\u00edn.\" \/>\n<meta name=\"robots\" content=\"index, follow, max-snippet:-1, max-image-preview:large, max-video-preview:-1\" \/>\n<link rel=\"canonical\" href=\"https:\/\/www.aquimicasa.net\/blog\/opinion\/la-nueva-moda-del-calcetin-bancario-impulsada-por-hacienda\/\" \/>\n<meta property=\"og:locale\" content=\"es_ES\" \/>\n<meta property=\"og:type\" content=\"article\" \/>\n<meta property=\"og:title\" content=\"La nueva moda del calcet\u00edn bancario impulsada por Hacienda\" \/>\n<meta property=\"og:description\" content=\"Hacienda ya ha conseguido que los ahorros de asalariados y pensionistas embargados tan s\u00f3lo est\u00e9n seguros en el calcet\u00edn.\" \/>\n<meta property=\"og:url\" content=\"https:\/\/www.aquimicasa.net\/blog\/opinion\/la-nueva-moda-del-calcetin-bancario-impulsada-por-hacienda\/\" \/>\n<meta property=\"og:site_name\" content=\"Blog de aquimicasa.net\" \/>\n<meta property=\"article:publisher\" content=\"https:\/\/www.facebook.com\/aquimicasa.net\" \/>\n<meta property=\"article:published_time\" content=\"2022-06-02T06:42:26+00:00\" \/>\n<meta property=\"article:modified_time\" content=\"2022-06-12T08:14:11+00:00\" \/>\n<meta property=\"og:image\" content=\"https:\/\/www.aquimicasa.net\/blog\/wp-content\/uploads\/calcetin-ahorro-e1654152078627.jpg\" \/>\n\t<meta property=\"og:image:width\" content=\"500\" \/>\n\t<meta property=\"og:image:height\" content=\"281\" \/>\n\t<meta property=\"og:image:type\" content=\"image\/jpeg\" \/>\n<meta name=\"author\" content=\"Eduardo Lizarraga\" \/>\n<meta name=\"twitter:label1\" content=\"Escrito por\" \/>\n\t<meta name=\"twitter:data1\" content=\"Eduardo Lizarraga\" \/>\n\t<meta name=\"twitter:label2\" content=\"Tiempo de lectura\" \/>\n\t<meta name=\"twitter:data2\" content=\"6 minutos\" \/>\n<script type=\"application\/ld+json\" class=\"yoast-schema-graph\">{\"@context\":\"https:\\\/\\\/schema.org\",\"@graph\":[{\"@type\":\"Article\",\"@id\":\"https:\\\/\\\/www.aquimicasa.net\\\/blog\\\/opinion\\\/la-nueva-moda-del-calcetin-bancario-impulsada-por-hacienda\\\/#article\",\"isPartOf\":{\"@id\":\"https:\\\/\\\/www.aquimicasa.net\\\/blog\\\/opinion\\\/la-nueva-moda-del-calcetin-bancario-impulsada-por-hacienda\\\/\"},\"author\":{\"name\":\"Eduardo Lizarraga\",\"@id\":\"https:\\\/\\\/www.aquimicasa.net\\\/blog\\\/#\\\/schema\\\/person\\\/2cdfa2605534583395c8d7ce1d6cac14\"},\"headline\":\"La nueva moda del calcet\u00edn bancario impulsada por Hacienda\",\"datePublished\":\"2022-06-02T06:42:26+00:00\",\"dateModified\":\"2022-06-12T08:14:11+00:00\",\"mainEntityOfPage\":{\"@id\":\"https:\\\/\\\/www.aquimicasa.net\\\/blog\\\/opinion\\\/la-nueva-moda-del-calcetin-bancario-impulsada-por-hacienda\\\/\"},\"wordCount\":1678,\"publisher\":{\"@id\":\"https:\\\/\\\/www.aquimicasa.net\\\/blog\\\/#organization\"},\"image\":{\"@id\":\"https:\\\/\\\/www.aquimicasa.net\\\/blog\\\/opinion\\\/la-nueva-moda-del-calcetin-bancario-impulsada-por-hacienda\\\/#primaryimage\"},\"thumbnailUrl\":\"https:\\\/\\\/www.aquimicasa.net\\\/blog\\\/wp-content\\\/uploads\\\/calcetin-ahorro-e1654152078627.jpg\",\"keywords\":[\"art\u00edculo de opini\u00f3n\",\"newsletter 360\",\"newsletter 361\"],\"articleSection\":[\"Opini\u00f3n\"],\"inLanguage\":\"es\"},{\"@type\":\"WebPage\",\"@id\":\"https:\\\/\\\/www.aquimicasa.net\\\/blog\\\/opinion\\\/la-nueva-moda-del-calcetin-bancario-impulsada-por-hacienda\\\/\",\"url\":\"https:\\\/\\\/www.aquimicasa.net\\\/blog\\\/opinion\\\/la-nueva-moda-del-calcetin-bancario-impulsada-por-hacienda\\\/\",\"name\":\"La nueva moda del calcet\u00edn bancario impulsada por Hacienda\",\"isPartOf\":{\"@id\":\"https:\\\/\\\/www.aquimicasa.net\\\/blog\\\/#website\"},\"primaryImageOfPage\":{\"@id\":\"https:\\\/\\\/www.aquimicasa.net\\\/blog\\\/opinion\\\/la-nueva-moda-del-calcetin-bancario-impulsada-por-hacienda\\\/#primaryimage\"},\"image\":{\"@id\":\"https:\\\/\\\/www.aquimicasa.net\\\/blog\\\/opinion\\\/la-nueva-moda-del-calcetin-bancario-impulsada-por-hacienda\\\/#primaryimage\"},\"thumbnailUrl\":\"https:\\\/\\\/www.aquimicasa.net\\\/blog\\\/wp-content\\\/uploads\\\/calcetin-ahorro-e1654152078627.jpg\",\"datePublished\":\"2022-06-02T06:42:26+00:00\",\"dateModified\":\"2022-06-12T08:14:11+00:00\",\"description\":\"Hacienda ya ha conseguido que los ahorros de asalariados y pensionistas embargados tan s\u00f3lo est\u00e9n seguros en el calcet\u00edn.\",\"breadcrumb\":{\"@id\":\"https:\\\/\\\/www.aquimicasa.net\\\/blog\\\/opinion\\\/la-nueva-moda-del-calcetin-bancario-impulsada-por-hacienda\\\/#breadcrumb\"},\"inLanguage\":\"es\",\"potentialAction\":[{\"@type\":\"ReadAction\",\"target\":[\"https:\\\/\\\/www.aquimicasa.net\\\/blog\\\/opinion\\\/la-nueva-moda-del-calcetin-bancario-impulsada-por-hacienda\\\/\"]}]},{\"@type\":\"ImageObject\",\"inLanguage\":\"es\",\"@id\":\"https:\\\/\\\/www.aquimicasa.net\\\/blog\\\/opinion\\\/la-nueva-moda-del-calcetin-bancario-impulsada-por-hacienda\\\/#primaryimage\",\"url\":\"https:\\\/\\\/www.aquimicasa.net\\\/blog\\\/wp-content\\\/uploads\\\/calcetin-ahorro-e1654152078627.jpg\",\"contentUrl\":\"https:\\\/\\\/www.aquimicasa.net\\\/blog\\\/wp-content\\\/uploads\\\/calcetin-ahorro-e1654152078627.jpg\",\"width\":500,\"height\":281,\"caption\":\"Hacienda impulsa el ahorro en el calcet\u00edn\"},{\"@type\":\"BreadcrumbList\",\"@id\":\"https:\\\/\\\/www.aquimicasa.net\\\/blog\\\/opinion\\\/la-nueva-moda-del-calcetin-bancario-impulsada-por-hacienda\\\/#breadcrumb\",\"itemListElement\":[{\"@type\":\"ListItem\",\"position\":1,\"name\":\"Portada\",\"item\":\"https:\\\/\\\/www.aquimicasa.net\\\/blog\\\/\"},{\"@type\":\"ListItem\",\"position\":2,\"name\":\"La nueva moda del calcet\u00edn bancario impulsada por Hacienda\"}]},{\"@type\":\"WebSite\",\"@id\":\"https:\\\/\\\/www.aquimicasa.net\\\/blog\\\/#website\",\"url\":\"https:\\\/\\\/www.aquimicasa.net\\\/blog\\\/\",\"name\":\"Blog de aquimicasa.net\",\"description\":\"Noticias del Mundo Inmobiliario\",\"publisher\":{\"@id\":\"https:\\\/\\\/www.aquimicasa.net\\\/blog\\\/#organization\"},\"potentialAction\":[{\"@type\":\"SearchAction\",\"target\":{\"@type\":\"EntryPoint\",\"urlTemplate\":\"https:\\\/\\\/www.aquimicasa.net\\\/blog\\\/?s={search_term_string}\"},\"query-input\":{\"@type\":\"PropertyValueSpecification\",\"valueRequired\":true,\"valueName\":\"search_term_string\"}}],\"inLanguage\":\"es\"},{\"@type\":\"Organization\",\"@id\":\"https:\\\/\\\/www.aquimicasa.net\\\/blog\\\/#organization\",\"name\":\"Blog de aquimicasa.net\",\"url\":\"https:\\\/\\\/www.aquimicasa.net\\\/blog\\\/\",\"logo\":{\"@type\":\"ImageObject\",\"inLanguage\":\"es\",\"@id\":\"https:\\\/\\\/www.aquimicasa.net\\\/blog\\\/#\\\/schema\\\/logo\\\/image\\\/\",\"url\":\"https:\\\/\\\/www.aquimicasa.net\\\/blog\\\/wp-content\\\/uploads\\\/Logo-aquimicasa-1-e1528048213782.png\",\"contentUrl\":\"https:\\\/\\\/www.aquimicasa.net\\\/blog\\\/wp-content\\\/uploads\\\/Logo-aquimicasa-1-e1528048213782.png\",\"width\":225,\"height\":225,\"caption\":\"Blog de aquimicasa.net\"},\"image\":{\"@id\":\"https:\\\/\\\/www.aquimicasa.net\\\/blog\\\/#\\\/schema\\\/logo\\\/image\\\/\"},\"sameAs\":[\"https:\\\/\\\/www.facebook.com\\\/aquimicasa.net\",\"https:\\\/\\\/www.instagram.com\\\/\",\"https:\\\/\\\/x.com\\\/EduLizarragaD\",\"https:\\\/\\\/www.linkedin.com\\\/feed\\\/\"]},{\"@type\":\"Person\",\"@id\":\"https:\\\/\\\/www.aquimicasa.net\\\/blog\\\/#\\\/schema\\\/person\\\/2cdfa2605534583395c8d7ce1d6cac14\",\"name\":\"Eduardo Lizarraga\",\"image\":{\"@type\":\"ImageObject\",\"inLanguage\":\"es\",\"@id\":\"https:\\\/\\\/secure.gravatar.com\\\/avatar\\\/bdabe1eeeed97b65a9cb7de2edd624b07995f7e13abc5fead15961f745f908cc?s=96&d=mm&r=g\",\"url\":\"https:\\\/\\\/secure.gravatar.com\\\/avatar\\\/bdabe1eeeed97b65a9cb7de2edd624b07995f7e13abc5fead15961f745f908cc?s=96&d=mm&r=g\",\"contentUrl\":\"https:\\\/\\\/secure.gravatar.com\\\/avatar\\\/bdabe1eeeed97b65a9cb7de2edd624b07995f7e13abc5fead15961f745f908cc?s=96&d=mm&r=g\",\"caption\":\"Eduardo Lizarraga\"},\"description\":\"Periodista Econ\u00f3mico. Ha trabajado en diversos campos de la informaci\u00f3n. Corresponsal en conflictos, analista pol\u00edtico en Congreso y Senado, periodista del medio ambiente, editor, director editorial, director de comunicaci\u00f3n.... En estos momentos se ha especializado en el sector inmobiliario. Pero tambi\u00e9n es navegante y viajero, preocupado por la pobreza, el medio ambiente y por las actuaciones descontroladas del neoliberalismo empresarial y pol\u00edtico en todo el mundo. Los desahucios, la pobreza infantil y la falta de acceso a los suministros b\u00e1sicos son algunos de los grandes dramas de nuestra sociedad y que es preciso solucionar para hacerla m\u00e1s justa. CEO en www.aquimicasa.net\",\"sameAs\":[\"https:\\\/\\\/www.aquimicasa.net\\\/\"],\"url\":\"https:\\\/\\\/www.aquimicasa.net\\\/blog\\\/author\\\/eduardo\\\/\"}]}<\/script>\n<!-- \/ Yoast SEO plugin. -->","yoast_head_json":{"title":"La nueva moda del calcet\u00edn bancario impulsada por Hacienda","description":"Hacienda ya ha conseguido que los ahorros de asalariados y pensionistas embargados tan s\u00f3lo est\u00e9n seguros en el calcet\u00edn.","robots":{"index":"index","follow":"follow","max-snippet":"max-snippet:-1","max-image-preview":"max-image-preview:large","max-video-preview":"max-video-preview:-1"},"canonical":"https:\/\/www.aquimicasa.net\/blog\/opinion\/la-nueva-moda-del-calcetin-bancario-impulsada-por-hacienda\/","og_locale":"es_ES","og_type":"article","og_title":"La nueva moda del calcet\u00edn bancario impulsada por Hacienda","og_description":"Hacienda ya ha conseguido que los ahorros de asalariados y pensionistas embargados tan s\u00f3lo est\u00e9n seguros en el calcet\u00edn.","og_url":"https:\/\/www.aquimicasa.net\/blog\/opinion\/la-nueva-moda-del-calcetin-bancario-impulsada-por-hacienda\/","og_site_name":"Blog de aquimicasa.net","article_publisher":"https:\/\/www.facebook.com\/aquimicasa.net","article_published_time":"2022-06-02T06:42:26+00:00","article_modified_time":"2022-06-12T08:14:11+00:00","og_image":[{"width":500,"height":281,"url":"https:\/\/www.aquimicasa.net\/blog\/wp-content\/uploads\/calcetin-ahorro-e1654152078627.jpg","type":"image\/jpeg"}],"author":"Eduardo Lizarraga","twitter_misc":{"Escrito por":"Eduardo Lizarraga","Tiempo de lectura":"6 minutos"},"schema":{"@context":"https:\/\/schema.org","@graph":[{"@type":"Article","@id":"https:\/\/www.aquimicasa.net\/blog\/opinion\/la-nueva-moda-del-calcetin-bancario-impulsada-por-hacienda\/#article","isPartOf":{"@id":"https:\/\/www.aquimicasa.net\/blog\/opinion\/la-nueva-moda-del-calcetin-bancario-impulsada-por-hacienda\/"},"author":{"name":"Eduardo Lizarraga","@id":"https:\/\/www.aquimicasa.net\/blog\/#\/schema\/person\/2cdfa2605534583395c8d7ce1d6cac14"},"headline":"La nueva moda del calcet\u00edn bancario impulsada por Hacienda","datePublished":"2022-06-02T06:42:26+00:00","dateModified":"2022-06-12T08:14:11+00:00","mainEntityOfPage":{"@id":"https:\/\/www.aquimicasa.net\/blog\/opinion\/la-nueva-moda-del-calcetin-bancario-impulsada-por-hacienda\/"},"wordCount":1678,"publisher":{"@id":"https:\/\/www.aquimicasa.net\/blog\/#organization"},"image":{"@id":"https:\/\/www.aquimicasa.net\/blog\/opinion\/la-nueva-moda-del-calcetin-bancario-impulsada-por-hacienda\/#primaryimage"},"thumbnailUrl":"https:\/\/www.aquimicasa.net\/blog\/wp-content\/uploads\/calcetin-ahorro-e1654152078627.jpg","keywords":["art\u00edculo de opini\u00f3n","newsletter 360","newsletter 361"],"articleSection":["Opini\u00f3n"],"inLanguage":"es"},{"@type":"WebPage","@id":"https:\/\/www.aquimicasa.net\/blog\/opinion\/la-nueva-moda-del-calcetin-bancario-impulsada-por-hacienda\/","url":"https:\/\/www.aquimicasa.net\/blog\/opinion\/la-nueva-moda-del-calcetin-bancario-impulsada-por-hacienda\/","name":"La nueva moda del calcet\u00edn bancario impulsada por Hacienda","isPartOf":{"@id":"https:\/\/www.aquimicasa.net\/blog\/#website"},"primaryImageOfPage":{"@id":"https:\/\/www.aquimicasa.net\/blog\/opinion\/la-nueva-moda-del-calcetin-bancario-impulsada-por-hacienda\/#primaryimage"},"image":{"@id":"https:\/\/www.aquimicasa.net\/blog\/opinion\/la-nueva-moda-del-calcetin-bancario-impulsada-por-hacienda\/#primaryimage"},"thumbnailUrl":"https:\/\/www.aquimicasa.net\/blog\/wp-content\/uploads\/calcetin-ahorro-e1654152078627.jpg","datePublished":"2022-06-02T06:42:26+00:00","dateModified":"2022-06-12T08:14:11+00:00","description":"Hacienda ya ha conseguido que los ahorros de asalariados y pensionistas embargados tan s\u00f3lo est\u00e9n seguros en el calcet\u00edn.","breadcrumb":{"@id":"https:\/\/www.aquimicasa.net\/blog\/opinion\/la-nueva-moda-del-calcetin-bancario-impulsada-por-hacienda\/#breadcrumb"},"inLanguage":"es","potentialAction":[{"@type":"ReadAction","target":["https:\/\/www.aquimicasa.net\/blog\/opinion\/la-nueva-moda-del-calcetin-bancario-impulsada-por-hacienda\/"]}]},{"@type":"ImageObject","inLanguage":"es","@id":"https:\/\/www.aquimicasa.net\/blog\/opinion\/la-nueva-moda-del-calcetin-bancario-impulsada-por-hacienda\/#primaryimage","url":"https:\/\/www.aquimicasa.net\/blog\/wp-content\/uploads\/calcetin-ahorro-e1654152078627.jpg","contentUrl":"https:\/\/www.aquimicasa.net\/blog\/wp-content\/uploads\/calcetin-ahorro-e1654152078627.jpg","width":500,"height":281,"caption":"Hacienda impulsa el ahorro en el calcet\u00edn"},{"@type":"BreadcrumbList","@id":"https:\/\/www.aquimicasa.net\/blog\/opinion\/la-nueva-moda-del-calcetin-bancario-impulsada-por-hacienda\/#breadcrumb","itemListElement":[{"@type":"ListItem","position":1,"name":"Portada","item":"https:\/\/www.aquimicasa.net\/blog\/"},{"@type":"ListItem","position":2,"name":"La nueva moda del calcet\u00edn bancario impulsada por Hacienda"}]},{"@type":"WebSite","@id":"https:\/\/www.aquimicasa.net\/blog\/#website","url":"https:\/\/www.aquimicasa.net\/blog\/","name":"Blog de aquimicasa.net","description":"Noticias del Mundo Inmobiliario","publisher":{"@id":"https:\/\/www.aquimicasa.net\/blog\/#organization"},"potentialAction":[{"@type":"SearchAction","target":{"@type":"EntryPoint","urlTemplate":"https:\/\/www.aquimicasa.net\/blog\/?s={search_term_string}"},"query-input":{"@type":"PropertyValueSpecification","valueRequired":true,"valueName":"search_term_string"}}],"inLanguage":"es"},{"@type":"Organization","@id":"https:\/\/www.aquimicasa.net\/blog\/#organization","name":"Blog de aquimicasa.net","url":"https:\/\/www.aquimicasa.net\/blog\/","logo":{"@type":"ImageObject","inLanguage":"es","@id":"https:\/\/www.aquimicasa.net\/blog\/#\/schema\/logo\/image\/","url":"https:\/\/www.aquimicasa.net\/blog\/wp-content\/uploads\/Logo-aquimicasa-1-e1528048213782.png","contentUrl":"https:\/\/www.aquimicasa.net\/blog\/wp-content\/uploads\/Logo-aquimicasa-1-e1528048213782.png","width":225,"height":225,"caption":"Blog de aquimicasa.net"},"image":{"@id":"https:\/\/www.aquimicasa.net\/blog\/#\/schema\/logo\/image\/"},"sameAs":["https:\/\/www.facebook.com\/aquimicasa.net","https:\/\/www.instagram.com\/","https:\/\/x.com\/EduLizarragaD","https:\/\/www.linkedin.com\/feed\/"]},{"@type":"Person","@id":"https:\/\/www.aquimicasa.net\/blog\/#\/schema\/person\/2cdfa2605534583395c8d7ce1d6cac14","name":"Eduardo Lizarraga","image":{"@type":"ImageObject","inLanguage":"es","@id":"https:\/\/secure.gravatar.com\/avatar\/bdabe1eeeed97b65a9cb7de2edd624b07995f7e13abc5fead15961f745f908cc?s=96&d=mm&r=g","url":"https:\/\/secure.gravatar.com\/avatar\/bdabe1eeeed97b65a9cb7de2edd624b07995f7e13abc5fead15961f745f908cc?s=96&d=mm&r=g","contentUrl":"https:\/\/secure.gravatar.com\/avatar\/bdabe1eeeed97b65a9cb7de2edd624b07995f7e13abc5fead15961f745f908cc?s=96&d=mm&r=g","caption":"Eduardo Lizarraga"},"description":"Periodista Econ\u00f3mico. Ha trabajado en diversos campos de la informaci\u00f3n. Corresponsal en conflictos, analista pol\u00edtico en Congreso y Senado, periodista del medio ambiente, editor, director editorial, director de comunicaci\u00f3n.... En estos momentos se ha especializado en el sector inmobiliario. Pero tambi\u00e9n es navegante y viajero, preocupado por la pobreza, el medio ambiente y por las actuaciones descontroladas del neoliberalismo empresarial y pol\u00edtico en todo el mundo. Los desahucios, la pobreza infantil y la falta de acceso a los suministros b\u00e1sicos son algunos de los grandes dramas de nuestra sociedad y que es preciso solucionar para hacerla m\u00e1s justa. CEO en www.aquimicasa.net","sameAs":["https:\/\/www.aquimicasa.net\/"],"url":"https:\/\/www.aquimicasa.net\/blog\/author\/eduardo\/"}]}},"jetpack_publicize_connections":[],"jetpack_featured_media_url":"https:\/\/www.aquimicasa.net\/blog\/wp-content\/uploads\/calcetin-ahorro-e1654152078627.jpg","jetpack_sharing_enabled":true,"jetpack_likes_enabled":true,"_links":{"self":[{"href":"https:\/\/www.aquimicasa.net\/blog\/wp-json\/wp\/v2\/posts\/41047","targetHints":{"allow":["GET"]}}],"collection":[{"href":"https:\/\/www.aquimicasa.net\/blog\/wp-json\/wp\/v2\/posts"}],"about":[{"href":"https:\/\/www.aquimicasa.net\/blog\/wp-json\/wp\/v2\/types\/post"}],"author":[{"embeddable":true,"href":"https:\/\/www.aquimicasa.net\/blog\/wp-json\/wp\/v2\/users\/3"}],"replies":[{"embeddable":true,"href":"https:\/\/www.aquimicasa.net\/blog\/wp-json\/wp\/v2\/comments?post=41047"}],"version-history":[{"count":5,"href":"https:\/\/www.aquimicasa.net\/blog\/wp-json\/wp\/v2\/posts\/41047\/revisions"}],"predecessor-version":[{"id":41053,"href":"https:\/\/www.aquimicasa.net\/blog\/wp-json\/wp\/v2\/posts\/41047\/revisions\/41053"}],"wp:featuredmedia":[{"embeddable":true,"href":"https:\/\/www.aquimicasa.net\/blog\/wp-json\/wp\/v2\/media\/41052"}],"wp:attachment":[{"href":"https:\/\/www.aquimicasa.net\/blog\/wp-json\/wp\/v2\/media?parent=41047"}],"wp:term":[{"taxonomy":"category","embeddable":true,"href":"https:\/\/www.aquimicasa.net\/blog\/wp-json\/wp\/v2\/categories?post=41047"},{"taxonomy":"post_tag","embeddable":true,"href":"https:\/\/www.aquimicasa.net\/blog\/wp-json\/wp\/v2\/tags?post=41047"}],"curies":[{"name":"wp","href":"https:\/\/api.w.org\/{rel}","templated":true}]}}