{"id":41105,"date":"2022-06-06T10:22:51","date_gmt":"2022-06-06T08:22:51","guid":{"rendered":"https:\/\/www.aquimicasa.net\/blog\/?p=41105"},"modified":"2022-06-06T10:24:49","modified_gmt":"2022-06-06T08:24:49","slug":"newsletter-360-la-nueva-moda-del-calcetin-bancario","status":"publish","type":"post","link":"https:\/\/www.aquimicasa.net\/blog\/boletines\/newsletter-360-la-nueva-moda-del-calcetin-bancario\/","title":{"rendered":"Newsletter 360 \u00abLa nueva moda del calcet\u00edn bancario\u00bb"},"content":{"rendered":"<p><div class=\"fusion-fullwidth fullwidth-box fusion-builder-row-1 nonhundred-percent-fullwidth non-hundred-percent-height-scrolling\" style=\"background-color: rgba(255,255,255,0);background-position: center center;background-repeat: no-repeat;padding-top:0px;padding-right:0px;padding-bottom:0px;padding-left:0px;margin-bottom: 0px;margin-top: 0px;border-width: 0px 0px 0px 0px;border-color:#eae9e9;border-style:solid;\" ><div class=\"fusion-builder-row fusion-row\"><div class=\"fusion-layout-column fusion_builder_column fusion-builder-column-0 fusion_builder_column_1_1 1_1 fusion-one-full fusion-column-first fusion-column-last\" style=\"margin-top:0px;margin-bottom:20px;\"><div class=\"fusion-column-wrapper fusion-flex-column-wrapper-legacy\" style=\"background-position:left top;background-repeat:no-repeat;-webkit-background-size:cover;-moz-background-size:cover;-o-background-size:cover;background-size:cover;padding: 0px 0px 0px 0px;\"><style type=\"text\/css\"><\/style><div class=\"fusion-title title fusion-title-1 fusion-sep-none fusion-title-center fusion-title-text fusion-title-size-two\" style=\"margin-top:0px;margin-right:0px;margin-bottom:31px;margin-left:0px;\"><h2 class=\"title-heading-center\" style=\"margin:0;\"><p style=\"text-align: center;\">NOTICIAS DEL MERCADO INMOBILIARIO Y CONSUMO \u00abNEWSLETTER 360\u00bb<\/p><\/h2><\/div><div class=\"fusion-sep-clear\"><\/div><div class=\"fusion-separator fusion-has-icon\" style=\"margin-left: auto;margin-right: auto;margin-bottom:5%;width:100%;max-width:50%;\"><div class=\"fusion-separator-border sep-single sep-solid\" style=\"border-color:#000000;border-top-width:2px;\"><\/div><span class=\"icon-wrapper\" style=\"border-color:transparent;font-size:25px;width: 1.75em; height: 1.75em;border-width:2px;padding:2px;margin-top:-1px\"><i class=\"fa-rss fas\" style=\"font-size: inherit;color:#000000;\" aria-hidden=\"true\"><\/i><\/span><div class=\"fusion-separator-border sep-single sep-solid\" style=\"border-color:#000000;border-top-width:2px;\"><\/div><\/div><div class=\"fusion-sep-clear\"><\/div><div class=\"fusion-clearfix\"><\/div><\/div><\/div><\/div><\/div><div class=\"fusion-fullwidth fullwidth-box fusion-builder-row-2 nonhundred-percent-fullwidth non-hundred-percent-height-scrolling\" style=\"background-color: rgba(255,255,255,0);background-position: center center;background-repeat: no-repeat;padding-top:0px;padding-right:0px;padding-bottom:0px;padding-left:0px;margin-bottom: 0px;margin-top: 0px;border-width: 0px 0px 0px 0px;border-color:#eae9e9;border-style:solid;\" ><div class=\"fusion-builder-row fusion-row\"><div class=\"fusion-layout-column fusion_builder_column fusion-builder-column-1 fusion_builder_column_1_1 1_1 fusion-one-full fusion-column-first fusion-column-last\" style=\"margin-top:0px;margin-bottom:20px;\"><div class=\"fusion-column-wrapper fusion-flex-column-wrapper-legacy\" style=\"background-position:left top;background-repeat:no-repeat;-webkit-background-size:cover;-moz-background-size:cover;-o-background-size:cover;background-size:cover;padding: 0px 0px 0px 0px;\"><div class=\"fusion-blog-shortcode fusion-blog-shortcode-1 fusion-blog-archive fusion-blog-layout-medium-alternate fusion-blog-pagination fusion-blog-no-images\"><div class=\"fusion-posts-container fusion-posts-container-pagination\" data-pages=\"1\"><article id=\"blog-1-post-41149\" class=\"fusion-post-medium-alternate post-41149 post type-post status-publish format-standard has-post-thumbnail hentry category-web-inmobiliaria tag-8100 tag-newsletter-328 tag-newsletter-329 tag-newsletter-349 tag-newsletter-350 tag-newsletter-351 tag-newsletter-352 tag-newsletter-353 tag-newsletter-354 tag-newsletter-355 tag-newsletter-356 tag-newsletter-357 tag-newsletter-358 tag-newsletter-359 tag-newsletter-360 tag-newsletter-361 tag-newsletter-363 tag-newsletter-364 tag-newsletter-365 tag-newsletter-367 tag-newsletter-371 tag-newsletter-374 tag-newsletter-375 tag-newsletter-376 tag-newsletter-377 tag-newsletter-378 tag-newsletter-379 tag-newsletter-380 tag-newsletter-381 tag-newsletter-382 tag-newsletter-383 tag-newsletter-384 tag-newsletter-385 tag-newsletter-386 tag-newsletter-387 tag-newsletter-389 tag-newsletter-391 tag-newsletter-392 tag-newsletter-393 tag-newsletter-394 tag-newsletter-395 tag-newsletter-396 tag-newsletter-397 tag-newsletter-398 tag-newsletter-399 tag-newsletter-400 tag-newsletter-401 tag-newsletter-402 tag-newsletter-403 tag-newsletter-404 tag-newsletter-405 tag-newsletter-406 tag-newsletter-407 tag-newsletter-408 tag-newsletter-409 tag-newsletter-410 tag-newsletter-411 tag-newsletter-412 tag-newsletter-413 tag-newsletter-414 tag-newsletter-415 tag-newsletter-416 tag-newsletter-417 tag-newsletter-418 tag-newsletter-419 tag-newsletter-420 tag-newsletter-421 tag-newsletter-422 tag-newsletter-423 tag-newsletter-424 tag-newsletter-425 tag-newsletter-426 tag-newsletter-427 tag-newsletter-428 tag-newsletter-429 tag-newsletter-430 tag-newsletter-431 tag-newsletter-432 tag-newsletter-433 tag-newsletter-434 tag-newsletter-435 tag-newsletter-436 tag-newsletter-437 tag-newsletter-438 tag-newsletter-439 tag-newsletter-440 tag-newsletter-441 tag-newsletter-442 tag-newsletter-443 tag-newsletter-444 tag-newsletter-445 tag-newsletter-446 tag-newsletter-447 tag-newsletter-448 tag-newsletter-449 tag-newsletter-450 tag-newsletter-451 tag-newsletter-452 tag-newsletter-453 tag-newsletter-454 tag-newsletter-455 tag-newsletter-456 tag-newsletter-457 tag-newsletter-458 tag-newsletter-459 tag-newsletter-461 tag-newsletter-462 tag-newsletter-463 tag-newsletter-464 tag-newsletter-465 tag-newsletter-466 tag-newsletter-467 tag-newsletter-468 tag-newsletter-469 tag-newsletter-470 tag-newsletter-471 tag-newsletter-472 tag-newsletter-473 tag-newsletter-474 tag-newsletter-475 tag-newsletter-476 tag-newsletter-477 tag-newsletter-478 tag-newsletter-479 tag-newsletter-480 tag-newsletter-481 tag-newsletter-482 tag-newsletter-483 tag-newsletter-484 tag-newsletter-485 tag-newsletter-486 tag-newsletter-487 tag-newsletter-488 tag-newsletter-489 tag-newsletter-491 tag-newsletter-492 tag-newsletter-493\">\n<div class=\"fusion-date-and-formats\"><div class=\"fusion-date-box updated\"><span class=\"fusion-date\">9<\/span><span class=\"fusion-month-year\">06, 2022<\/span><\/div><div class=\"fusion-format-box\"><i class=\"fusion-icon-pen\" aria-hidden=\"true\"><\/i><\/div><\/div><div class=\"fusion-post-content post-content\"><h2 class=\"blog-shortcode-post-title entry-title\"><a href=\"https:\/\/www.aquimicasa.net\/blog\/vivienda\/agencias-inmobiliarias\/web-inmobiliaria\/tu-estrategia-on-line-comienza-en-la-web-pero-hay-mucho-mas\/\">Tu estrategia on line comienza en la web pero hay mucho m\u00e1s<\/a><\/h2><p class=\"fusion-single-line-meta\"><span class=\"updated\" style=\"display:none;\">2024-12-29T11:32:27+01:00<\/span>Por <span class=\"vcard\"><span class=\"fn\"><a href=\"https:\/\/www.aquimicasa.net\/blog\/author\/eduardo\/\" title=\"Entradas de Eduardo Lizarraga\" rel=\"author\">Eduardo Lizarraga<\/a><\/span><\/span><span class=\"fusion-inline-sep\">|<\/span><a href=\"https:\/\/www.aquimicasa.net\/blog\/noticias\/vivienda\/agencias-inmobiliarias\/web-inmobiliaria\/\" rel=\"category tag\">Web inmobiliaria<\/a><span class=\"fusion-inline-sep\">|<\/span><\/p><div class=\"fusion-post-content-container\"><p>Una web moderna, con dise\u00f1o, escalable, responsive, a la que podr\u00e1s ir incorporando las nuevas t\u00e9cnicas y herramientas\u2026esta es tu nueva web inmobiliaria, una web hecha desde el conocimiento de tus necesidades y las estrategias necesarias para enfrentarse con \u00e9xito al sector inmobiliario que ya ha llegado.<\/p><\/div><\/div><div class=\"fusion-clearfix\"><\/div><\/article>\n<article id=\"blog-1-post-41047\" class=\"fusion-post-medium-alternate post-41047 post type-post status-publish format-standard has-post-thumbnail hentry category-opinion tag-articulo-de-opinion tag-newsletter-360 tag-newsletter-361\">\n<div class=\"fusion-date-and-formats\"><div class=\"fusion-date-box updated\"><span class=\"fusion-date\">2<\/span><span class=\"fusion-month-year\">06, 2022<\/span><\/div><div class=\"fusion-format-box\"><i class=\"fusion-icon-pen\" aria-hidden=\"true\"><\/i><\/div><\/div><div class=\"fusion-post-content post-content\"><h2 class=\"blog-shortcode-post-title entry-title\"><a href=\"https:\/\/www.aquimicasa.net\/blog\/opinion\/la-nueva-moda-del-calcetin-bancario-impulsada-por-hacienda\/\">La nueva moda del calcet\u00edn bancario impulsada por Hacienda<\/a><\/h2><p class=\"fusion-single-line-meta\"><span class=\"updated\" style=\"display:none;\">2022-06-12T10:14:11+02:00<\/span>Por <span class=\"vcard\"><span class=\"fn\"><a href=\"https:\/\/www.aquimicasa.net\/blog\/author\/eduardo\/\" title=\"Entradas de Eduardo Lizarraga\" rel=\"author\">Eduardo Lizarraga<\/a><\/span><\/span><span class=\"fusion-inline-sep\">|<\/span><a href=\"https:\/\/www.aquimicasa.net\/blog\/noticias\/opinion\/\" rel=\"category tag\">Opini\u00f3n<\/a><span class=\"fusion-inline-sep\">|<\/span><\/p><div class=\"fusion-post-content-container\"><p>Est\u00e1 claro y casi parece ya normal, que las distintas instancias del Estado, judiciales, tributarias, legislativas\u2026 protejan a los dones, do\u00f1as y a sus dineros, haci\u00e9ndoles la vida m\u00e1s f\u00e1cil y poni\u00e9ndolo todo a su alcance y que conste que no hablo de la bandeja de bombones. Al fin y al cabo Espa\u00f1a es suya.<\/p><\/div><\/div><div class=\"fusion-clearfix\"><\/div><\/article>\n<article id=\"blog-1-post-41040\" class=\"fusion-post-medium-alternate post-41040 post type-post status-publish format-standard has-post-thumbnail hentry category-consumidores tag-newsletter-360\">\n<div class=\"fusion-date-and-formats\"><div class=\"fusion-date-box updated\"><span class=\"fusion-date\">1<\/span><span class=\"fusion-month-year\">06, 2022<\/span><\/div><div class=\"fusion-format-box\"><i class=\"fusion-icon-pen\" aria-hidden=\"true\"><\/i><\/div><\/div><div class=\"fusion-post-content post-content\"><h2 class=\"blog-shortcode-post-title entry-title\"><a href=\"https:\/\/www.aquimicasa.net\/blog\/consumo\/consumidores\/viene-un-verano-de-apretarse-el-cinturon\/\">Viene un verano de apretarse el cintur\u00f3n<\/a><\/h2><p class=\"fusion-single-line-meta\"><span class=\"updated\" style=\"display:none;\">2022-06-01T20:24:27+02:00<\/span>Por <span class=\"vcard\"><span class=\"fn\"><a href=\"https:\/\/www.aquimicasa.net\/blog\/author\/eduardo\/\" title=\"Entradas de Eduardo Lizarraga\" rel=\"author\">Eduardo Lizarraga<\/a><\/span><\/span><span class=\"fusion-inline-sep\">|<\/span><a href=\"https:\/\/www.aquimicasa.net\/blog\/noticias\/consumo\/consumidores\/\" rel=\"category tag\">Consumidores<\/a><span class=\"fusion-inline-sep\">|<\/span><\/p><div class=\"fusion-post-content-container\"><p>El 57% del total de los encuestados europeos son partidarios de mantener las sanciones a Rusia, incluso aunque afecten a las econom\u00edas nacionales. De hecho, el 58% prefiere renunciar a cierto confort en su d\u00eda a d\u00eda, si con ello consigue ayudar a parar la invasi\u00f3n de Ucrania.<\/p><\/div><\/div><div class=\"fusion-clearfix\"><\/div><\/article>\n<article id=\"blog-1-post-41033\" class=\"fusion-post-medium-alternate post-41033 post type-post status-publish format-standard has-post-thumbnail hentry category-consumidores category-credito-hipotecario tag-newsletter-360\">\n<div class=\"fusion-date-and-formats\"><div class=\"fusion-date-box updated\"><span class=\"fusion-date\">31<\/span><span class=\"fusion-month-year\">05, 2022<\/span><\/div><div class=\"fusion-format-box\"><i class=\"fusion-icon-pen\" aria-hidden=\"true\"><\/i><\/div><\/div><div class=\"fusion-post-content post-content\"><h2 class=\"blog-shortcode-post-title entry-title\"><a href=\"https:\/\/www.aquimicasa.net\/blog\/consumo\/consumidores\/preocupa-la-subida-del-euribor-al-no-verse-su-final\/\">Preocupa la subida del eur\u00edbor al no verse su final<\/a><\/h2><p class=\"fusion-single-line-meta\"><span class=\"updated\" style=\"display:none;\">2022-06-05T20:53:16+02:00<\/span>Por <span class=\"vcard\"><span class=\"fn\"><a href=\"https:\/\/www.aquimicasa.net\/blog\/author\/eduardo\/\" title=\"Entradas de Eduardo Lizarraga\" rel=\"author\">Eduardo Lizarraga<\/a><\/span><\/span><span class=\"fusion-inline-sep\">|<\/span><a href=\"https:\/\/www.aquimicasa.net\/blog\/noticias\/consumo\/consumidores\/\" rel=\"category tag\">Consumidores<\/a>, <a href=\"https:\/\/www.aquimicasa.net\/blog\/noticias\/economia\/credito-hipotecario\/\" rel=\"category tag\">Cr\u00e9dito hipotecario<\/a><span class=\"fusion-inline-sep\">|<\/span><\/p><div class=\"fusion-post-content-container\"><p>La situaci\u00f3n va a tener consecuencias en el mercado inmobiliario en el que los n\u00fameros ya no salen tan redondos, ni a los que van a por la primera vivienda ni a los inversores que van a tener que subir el precio del alquiler. Tal vez haya que empezar a barajar la hipoteca mixta.<\/p><\/div><\/div><div class=\"fusion-clearfix\"><\/div><\/article>\n<article id=\"blog-1-post-41027\" class=\"fusion-post-medium-alternate post-41027 post type-post status-publish format-standard has-post-thumbnail hentry category-consumidores category-electricas tag-newsletter-360\">\n<div class=\"fusion-date-and-formats\"><div class=\"fusion-date-box updated\"><span class=\"fusion-date\">30<\/span><span class=\"fusion-month-year\">05, 2022<\/span><\/div><div class=\"fusion-format-box\"><i class=\"fusion-icon-pen\" aria-hidden=\"true\"><\/i><\/div><\/div><div class=\"fusion-post-content post-content\"><h2 class=\"blog-shortcode-post-title entry-title\"><a href=\"https:\/\/www.aquimicasa.net\/blog\/consumo\/consumidores\/iberdrola-procesada-por-inflar-el-precio-de-la-luz\/\">Iberdrola procesada por inflar el precio de la luz<\/a><\/h2><p class=\"fusion-single-line-meta\"><span class=\"updated\" style=\"display:none;\">2022-05-30T23:03:56+02:00<\/span>Por <span class=\"vcard\"><span class=\"fn\"><a href=\"https:\/\/www.aquimicasa.net\/blog\/author\/eduardo\/\" title=\"Entradas de Eduardo Lizarraga\" rel=\"author\">Eduardo Lizarraga<\/a><\/span><\/span><span class=\"fusion-inline-sep\">|<\/span><a href=\"https:\/\/www.aquimicasa.net\/blog\/noticias\/consumo\/consumidores\/\" rel=\"category tag\">Consumidores<\/a>, <a href=\"https:\/\/www.aquimicasa.net\/blog\/noticias\/energia\/electricas\/\" rel=\"category tag\">El\u00e9ctricas<\/a><span class=\"fusion-inline-sep\">|<\/span><\/p><div class=\"fusion-post-content-container\"><p>Iberdrola habr\u00eda provocado un aumento del precio del mercado\u00a0diario de unos 7 euros por megavatio hora, con lo cual habr\u00eda obtenido unos beneficios estimados de 21,5 millones de euros y provocado un perjuicio de 105 millones en el periodo comprendido entre el 30 de noviembre y el 23 diciembre de 2013.<\/p><\/div><\/div><div class=\"fusion-clearfix\"><\/div><\/article>\n<article id=\"blog-1-post-41016\" class=\"fusion-post-medium-alternate post-41016 post type-post status-publish format-standard has-post-thumbnail hentry category-compraventa-de-viviendas category-noticias-mercado-inmobiliario tag-newsletter-360\">\n<div class=\"fusion-date-and-formats\"><div class=\"fusion-date-box updated\"><span class=\"fusion-date\">29<\/span><span class=\"fusion-month-year\">05, 2022<\/span><\/div><div class=\"fusion-format-box\"><i class=\"fusion-icon-pen\" aria-hidden=\"true\"><\/i><\/div><\/div><div class=\"fusion-post-content post-content\"><h2 class=\"blog-shortcode-post-title entry-title\"><a href=\"https:\/\/www.aquimicasa.net\/blog\/vivienda\/compraventa-de-viviendas\/malaga-consolida-alzas-generalizadas-en-precio-de-la-vivienda\/\">M\u00e1laga consolida alzas generalizadas en precio de la vivienda<\/a><\/h2><p class=\"fusion-single-line-meta\"><span class=\"updated\" style=\"display:none;\">2022-05-29T23:15:20+02:00<\/span>Por <span class=\"vcard\"><span class=\"fn\"><a href=\"https:\/\/www.aquimicasa.net\/blog\/author\/eduardo\/\" title=\"Entradas de Eduardo Lizarraga\" rel=\"author\">Eduardo Lizarraga<\/a><\/span><\/span><span class=\"fusion-inline-sep\">|<\/span><a href=\"https:\/\/www.aquimicasa.net\/blog\/noticias\/vivienda\/compraventa-de-viviendas\/\" rel=\"category tag\">Compra Venta<\/a>, <a href=\"https:\/\/www.aquimicasa.net\/blog\/noticias\/vivienda\/noticias-mercado-inmobiliario\/\" rel=\"category tag\">Noticias Mercado Inmobiliario<\/a><span class=\"fusion-inline-sep\">|<\/span><\/p><div class=\"fusion-post-content-container\"><p>Otro indicador relevante en el caso de la ciudad de M\u00e1laga para analizar la situaci\u00f3n del mercado es el esfuerzo de compra. Seg\u00fan el indicador de esfuerzo te\u00f3rico de la tasadora, en la ciudad de M\u00e1laga las familias destinan el 40% de sus ingresos a pagar el primer a\u00f1o de una hipoteca\u00a0que cubre el 80% del valor de una vivienda media en la ciudad.<\/p><\/div><\/div><div class=\"fusion-clearfix\"><\/div><\/article>\n<article id=\"blog-1-post-41018\" class=\"fusion-post-medium-alternate post-41018 post type-post status-publish format-standard has-post-thumbnail hentry category-agencias-inmobiliarias tag-newsletter-360\">\n<div class=\"fusion-date-and-formats\"><div class=\"fusion-date-box updated\"><span class=\"fusion-date\">29<\/span><span class=\"fusion-month-year\">05, 2022<\/span><\/div><div class=\"fusion-format-box\"><i class=\"fusion-icon-pen\" aria-hidden=\"true\"><\/i><\/div><\/div><div class=\"fusion-post-content post-content\"><h2 class=\"blog-shortcode-post-title entry-title\"><a href=\"https:\/\/www.aquimicasa.net\/blog\/vivienda\/agencias-inmobiliarias\/opiniones-sobre-la-inmobiliaria-csa-en-talavera\/\">Opiniones sobre la inmobiliaria CSA en Talavera.<\/a><\/h2><p class=\"fusion-single-line-meta\"><span class=\"updated\" style=\"display:none;\">2022-05-29T12:26:18+02:00<\/span>Por <span class=\"vcard\"><span class=\"fn\"><a href=\"https:\/\/www.aquimicasa.net\/blog\/author\/eduardo\/\" title=\"Entradas de Eduardo Lizarraga\" rel=\"author\">Eduardo Lizarraga<\/a><\/span><\/span><span class=\"fusion-inline-sep\">|<\/span><a href=\"https:\/\/www.aquimicasa.net\/blog\/noticias\/vivienda\/agencias-inmobiliarias\/\" rel=\"category tag\">Agencias Inmobiliarias<\/a><span class=\"fusion-inline-sep\">|<\/span><\/p><div class=\"fusion-post-content-container\"><p>Adem\u00e1s de realizar todas las gestiones necesarias en las operaciones inmobiliarias de\u00a0compraventa y alquiler, la agencia ayuda a sus clientes gestionando la financiaci\u00f3n y asesorando sobre todo tipo de recursos administrativos en materia de liquidaciones complementarias y catastrales, tramitaciones de VPO, herencias\u2026<\/p><\/div><\/div><div class=\"fusion-clearfix\"><\/div><\/article>\n<article id=\"blog-1-post-41010\" class=\"fusion-post-medium-alternate post-41010 post type-post status-publish format-standard has-post-thumbnail hentry category-agencias-inmobiliarias tag-newsletter-360\">\n<div class=\"fusion-date-and-formats\"><div class=\"fusion-date-box updated\"><span class=\"fusion-date\">28<\/span><span class=\"fusion-month-year\">05, 2022<\/span><\/div><div class=\"fusion-format-box\"><i class=\"fusion-icon-pen\" aria-hidden=\"true\"><\/i><\/div><\/div><div class=\"fusion-post-content post-content\"><h2 class=\"blog-shortcode-post-title entry-title\"><a href=\"https:\/\/www.aquimicasa.net\/blog\/vivienda\/agencias-inmobiliarias\/opiniones-sobre-la-inmobiliaria-teresa-raga-en-catarroja\/\">Opiniones sobre la inmobiliaria Teresa Raga en Catarroja<\/a><\/h2><p class=\"fusion-single-line-meta\"><span class=\"updated\" style=\"display:none;\">2022-05-28T12:56:33+02:00<\/span>Por <span class=\"vcard\"><span class=\"fn\"><a href=\"https:\/\/www.aquimicasa.net\/blog\/author\/eduardo\/\" title=\"Entradas de Eduardo Lizarraga\" rel=\"author\">Eduardo Lizarraga<\/a><\/span><\/span><span class=\"fusion-inline-sep\">|<\/span><a href=\"https:\/\/www.aquimicasa.net\/blog\/noticias\/vivienda\/agencias-inmobiliarias\/\" rel=\"category tag\">Agencias Inmobiliarias<\/a><span class=\"fusion-inline-sep\">|<\/span><\/p><div class=\"fusion-post-content-container\"><p>Y si los clientes tienen estas excelentes opiniones sobre la inmobiliaria Teresa Raga en Catarroja, es en buena parte por la transparencia y efectividad que siguen en todo el procedimiento y por el esfuerzo del agente para vender la propiedad en tiempo y condiciones pactadas.<\/p><\/div><\/div><div class=\"fusion-clearfix\"><\/div><\/article>\n<article id=\"blog-1-post-41006\" class=\"fusion-post-medium-alternate post-41006 post type-post status-publish format-standard has-post-thumbnail hentry category-compraventa-de-viviendas tag-newsletter-360\">\n<div class=\"fusion-date-and-formats\"><div class=\"fusion-date-box updated\"><span class=\"fusion-date\">28<\/span><span class=\"fusion-month-year\">05, 2022<\/span><\/div><div class=\"fusion-format-box\"><i class=\"fusion-icon-pen\" aria-hidden=\"true\"><\/i><\/div><\/div><div class=\"fusion-post-content post-content\"><h2 class=\"blog-shortcode-post-title entry-title\"><a href=\"https:\/\/www.aquimicasa.net\/blog\/vivienda\/compraventa-de-viviendas\/la-oferta-de-vivienda-nueva-podria-agotarse-en-cinco-meses-en-madrid\/\">La oferta de vivienda nueva podr\u00eda agotarse en cinco meses en Madrid<\/a><\/h2><p class=\"fusion-single-line-meta\"><span class=\"updated\" style=\"display:none;\">2022-05-28T00:04:18+02:00<\/span>Por <span class=\"vcard\"><span class=\"fn\"><a href=\"https:\/\/www.aquimicasa.net\/blog\/author\/eduardo\/\" title=\"Entradas de Eduardo Lizarraga\" rel=\"author\">Eduardo Lizarraga<\/a><\/span><\/span><span class=\"fusion-inline-sep\">|<\/span><a href=\"https:\/\/www.aquimicasa.net\/blog\/noticias\/vivienda\/compraventa-de-viviendas\/\" rel=\"category tag\">Compra Venta<\/a><span class=\"fusion-inline-sep\">|<\/span><\/p><div class=\"fusion-post-content-container\"><p>En la Comunidad de Madrid, el estudio ha detectado 411 promociones de vivienda nueva en los municipios de Madrid analizados, sumando 18.355 viviendas promovidas, con un stock disponible actual de 3.088 unidades. Estos datos reflejan que el stock de vivienda nueva en el \u00e1rea metropolitana de Madrid se ha reducido un 30,8% durante el \u00faltimo a\u00f1o.<\/p><\/div><\/div><div class=\"fusion-clearfix\"><\/div><\/article>\n<article id=\"blog-1-post-40995\" class=\"fusion-post-medium-alternate post-40995 post type-post status-publish format-standard has-post-thumbnail hentry category-bancos category-consumidores tag-newsletter-360\">\n<div class=\"fusion-date-and-formats\"><div class=\"fusion-date-box updated\"><span class=\"fusion-date\">27<\/span><span class=\"fusion-month-year\">05, 2022<\/span><\/div><div class=\"fusion-format-box\"><i class=\"fusion-icon-pen\" aria-hidden=\"true\"><\/i><\/div><\/div><div class=\"fusion-post-content post-content\"><h2 class=\"blog-shortcode-post-title entry-title\"><a href=\"https:\/\/www.aquimicasa.net\/blog\/consumo\/consumidores\/la-nueva-trampa-de-wizink-naufraga-en-los-juzgados\/\">La nueva trampa de Wizink naufraga en los juzgados<\/a><\/h2><p class=\"fusion-single-line-meta\"><span class=\"updated\" style=\"display:none;\">2022-05-30T20:05:33+02:00<\/span>Por <span class=\"vcard\"><span class=\"fn\"><a href=\"https:\/\/www.aquimicasa.net\/blog\/author\/eduardo\/\" title=\"Entradas de Eduardo Lizarraga\" rel=\"author\">Eduardo Lizarraga<\/a><\/span><\/span><span class=\"fusion-inline-sep\">|<\/span><a href=\"https:\/\/www.aquimicasa.net\/blog\/noticias\/economia\/bancos\/\" rel=\"category tag\">Bancos<\/a>, <a href=\"https:\/\/www.aquimicasa.net\/blog\/noticias\/consumo\/consumidores\/\" rel=\"category tag\">Consumidores<\/a><span class=\"fusion-inline-sep\">|<\/span><\/p><div class=\"fusion-post-content-container\"><p>El Magistrado-Juez del Juzgado de Primera Instancia n.\u00ba 20 de Madrid, no admite que pueda considerarse por celebrado tal acuerdo transaccional descrito y rechaza en su sentencia que el consumidor haya mostrado su conformidad si sencillamente se limit\u00f3 a clicar en un enlace facilitado por Wizink v\u00eda SMS y correo electr\u00f3nico.<\/p><\/div><\/div><div class=\"fusion-clearfix\"><\/div><\/article>\n<article id=\"blog-1-post-40985\" class=\"fusion-post-medium-alternate post-40985 post type-post status-publish format-standard has-post-thumbnail hentry category-compraventa-de-viviendas tag-articulo-de-opinion tag-newsletter-359 tag-newsletter-360\">\n<div class=\"fusion-date-and-formats\"><div class=\"fusion-date-box updated\"><span class=\"fusion-date\">26<\/span><span class=\"fusion-month-year\">05, 2022<\/span><\/div><div class=\"fusion-format-box\"><i class=\"fusion-icon-pen\" aria-hidden=\"true\"><\/i><\/div><\/div><div class=\"fusion-post-content post-content\"><h2 class=\"blog-shortcode-post-title entry-title\"><a href=\"https:\/\/www.aquimicasa.net\/blog\/vivienda\/compraventa-de-viviendas\/vendido-cuarto-sin-ascensor-y-a-partir-de-ahora-que\/\">\u00a1Vendido cuarto sin ascensor! \u00bfY a partir de ahora qu\u00e9?<\/a><\/h2><p class=\"fusion-single-line-meta\"><span class=\"updated\" style=\"display:none;\">2022-06-05T20:38:59+02:00<\/span>Por <span class=\"vcard\"><span class=\"fn\"><a href=\"https:\/\/www.aquimicasa.net\/blog\/author\/eduardo\/\" title=\"Entradas de Eduardo Lizarraga\" rel=\"author\">Eduardo Lizarraga<\/a><\/span><\/span><span class=\"fusion-inline-sep\">|<\/span><a href=\"https:\/\/www.aquimicasa.net\/blog\/noticias\/vivienda\/compraventa-de-viviendas\/\" rel=\"category tag\">Compra Venta<\/a><span class=\"fusion-inline-sep\">|<\/span><\/p><div class=\"fusion-post-content-container\"><p>Hay que entender que la vivienda, como muchos otros productos valen lo que los consumidores pueden pagar por ellos. Y con el incremento del IPC y el endurecimiento de las condiciones de financiaci\u00f3n, junto con una subida de salarios que no cubrir\u00e1 esas subidas, los precios tienen que contenerse<\/p><\/div><\/div><div class=\"fusion-clearfix\"><\/div><\/article>\n<article id=\"blog-1-post-39625\" class=\"fusion-post-medium-alternate post-39625 post type-post status-publish format-standard has-post-thumbnail hentry category-web-inmobiliaria tag-newsletter-340 tag-newsletter-341 tag-newsletter-343 tag-newsletter-344 tag-newsletter-345 tag-newsletter-346 tag-newsletter-347 tag-newsletter-348 tag-newsletter-351 tag-newsletter-352 tag-newsletter-353 tag-newsletter-354 tag-newsletter-355 tag-newsletter-356 tag-newsletter-357 tag-newsletter-358 tag-newsletter-359 tag-newsletter-360 tag-newsletter-361 tag-newsletter-363 tag-newsletter-364 tag-newsletter-365 tag-newsletter-366 tag-newsletter-367 tag-newsletter-371 tag-newsletter-374 tag-newsletter-376 tag-newsletter-377 tag-newsletter-378 tag-newsletter-379 tag-newsletter-380 tag-newsletter-381 tag-newsletter-382 tag-newsletter-383 tag-newsletter-384 tag-newsletter-385 tag-newsletter-386 tag-newsletter-387 tag-newsletter-389 tag-newsletter-391 tag-newsletter-392 tag-newsletter-393 tag-newsletter-394 tag-newsletter-395 tag-newsletter-396 tag-newsletter-397 tag-newsletter-398 tag-newsletter-399 tag-newsletter-400 tag-newsletter-401 tag-newsletter-402 tag-newsletter-403 tag-newsletter-404 tag-newsletter-405 tag-newsletter-406 tag-newsletter-407 tag-newsletter-408 tag-newsletter-409 tag-newsletter-410 tag-newsletter-411 tag-newsletter-412 tag-newsletter-413 tag-newsletter-414 tag-newsletter-415 tag-newsletter-416 tag-newsletter-417 tag-newsletter-418 tag-newsletter-419 tag-newsletter-420 tag-newsletter-421 tag-newsletter-422 tag-newsletter-423 tag-newsletter-424 tag-newsletter-425 tag-newsletter-426\">\n<div class=\"fusion-date-and-formats\"><div class=\"fusion-date-box updated\"><span class=\"fusion-date\">18<\/span><span class=\"fusion-month-year\">01, 2022<\/span><\/div><div class=\"fusion-format-box\"><i class=\"fusion-icon-pen\" aria-hidden=\"true\"><\/i><\/div><\/div><div class=\"fusion-post-content post-content\"><h2 class=\"blog-shortcode-post-title entry-title\"><a href=\"https:\/\/www.aquimicasa.net\/blog\/vivienda\/agencias-inmobiliarias\/web-inmobiliaria\/nueva-propuesta-para-agencias-inmobiliarias-de-aquimicasa\/\">Nueva propuesta para agencias inmobiliarias de Aquimicasa<\/a><\/h2><p class=\"fusion-single-line-meta\"><span class=\"updated\" style=\"display:none;\">2023-09-17T10:36:23+02:00<\/span>Por <span class=\"vcard\"><span class=\"fn\"><a href=\"https:\/\/www.aquimicasa.net\/blog\/author\/eduardo\/\" title=\"Entradas de Eduardo Lizarraga\" rel=\"author\">Eduardo Lizarraga<\/a><\/span><\/span><span class=\"fusion-inline-sep\">|<\/span><a href=\"https:\/\/www.aquimicasa.net\/blog\/noticias\/vivienda\/agencias-inmobiliarias\/web-inmobiliaria\/\" rel=\"category tag\">Web inmobiliaria<\/a><span class=\"fusion-inline-sep\">|<\/span><\/p><div class=\"fusion-post-content-container\"><p>Esperamos que esta nueva \u00a0propuesta para agencias inmobiliarias de Aquimicasa\u00a0pueda resultaros de inter\u00e9s. S\u00f3lo trabajamos con una agencia inmobiliaria en cada zona.<\/p><\/div><\/div><div class=\"fusion-clearfix\"><\/div><\/article>\n<article id=\"blog-1-post-38711\" class=\"fusion-post-medium-alternate post-38711 post type-post status-publish format-standard has-post-thumbnail hentry category-web-inmobiliaria tag-8231 tag-newsletter-328 tag-newsletter-329 tag-newsletter-349 tag-newsletter-350 tag-newsletter-351 tag-newsletter-352 tag-newsletter-353 tag-newsletter-354 tag-newsletter-355 tag-newsletter-356 tag-newsletter-357 tag-newsletter-358 tag-newsletter-359 tag-newsletter-360 tag-newsletter-366 tag-newsletter-512 tag-newsletter-513 tag-newsletter-514 tag-newsletter-515 tag-newsletter-516 tag-newsletter-517 tag-newsletter-518 tag-newsletter-519 tag-newsletter-520 tag-newsletter-521 tag-newsletter-522 tag-newsletter-523 tag-newsletter-524 tag-newsletter-525 tag-newsletter-526 tag-newsletter-527 tag-newsletter-528 tag-newsletter-529 tag-newsletter-530 tag-newsletter-531 tag-newsletter-532 tag-newsletter-533 tag-newsletter-534 tag-newsletter-535 tag-newsletter-536 tag-newsletter-537 tag-newsletter-538 tag-newsletter-539 tag-newsletter-540 tag-newsletter-541 tag-newsletter-542 tag-newsletter-543 tag-newsletter-544 tag-newsletter-545 tag-newsletter-546 tag-newsletter-547 tag-newsletter-548 tag-newsletter-549 tag-newsletter-550 tag-newsletter-551 tag-newsletter-552 tag-newsletter-553 tag-newsletter-554 tag-newsletter-555 tag-newsletter-556 tag-newsletter-557 tag-newsletter-558 tag-newsletter-559 tag-newsletter-560 tag-newsletter-561\">\n<div class=\"fusion-date-and-formats\"><div class=\"fusion-date-box updated\"><span class=\"fusion-date\">20<\/span><span class=\"fusion-month-year\">10, 2021<\/span><\/div><div class=\"fusion-format-box\"><i class=\"fusion-icon-pen\" aria-hidden=\"true\"><\/i><\/div><\/div><div class=\"fusion-post-content post-content\"><h2 class=\"blog-shortcode-post-title entry-title\"><a href=\"https:\/\/www.aquimicasa.net\/blog\/vivienda\/agencias-inmobiliarias\/web-inmobiliaria\/hacemos-tu-nueva-web-inmobiliaria-pide-un-proyecto\/\">Hacemos tu nueva web inmobiliaria \u00a1Pide un proyecto!<\/a><\/h2><p class=\"fusion-single-line-meta\"><span class=\"updated\" style=\"display:none;\">2026-04-19T11:21:48+02:00<\/span>Por <span class=\"vcard\"><span class=\"fn\"><a href=\"https:\/\/www.aquimicasa.net\/blog\/author\/eduardo\/\" title=\"Entradas de Eduardo Lizarraga\" rel=\"author\">Eduardo Lizarraga<\/a><\/span><\/span><span class=\"fusion-inline-sep\">|<\/span><a href=\"https:\/\/www.aquimicasa.net\/blog\/noticias\/vivienda\/agencias-inmobiliarias\/web-inmobiliaria\/\" rel=\"category tag\">Web inmobiliaria<\/a><span class=\"fusion-inline-sep\">|<\/span><\/p><div class=\"fusion-post-content-container\"><p>Una web moderna, con dise\u00f1o, escalable, responsive, a la que podr\u00e1s ir incorporando las nuevas t\u00e9cnicas y estructuras de captaci\u00f3n o categorizaci\u00f3n\u2026esta es tu nueva web inmobiliaria, una web hecha desde el conocimiento de tus necesidades y las estrategias necesarias para enfrentarse con \u00e9xito al sector inmobiliario que ya ha llegado.<\/p><\/div><\/div><div class=\"fusion-clearfix\"><\/div><\/article>\n<\/div><\/div><div class=\"fusion-clearfix\"><\/div><\/div><\/div><\/div><\/div><div class=\"fusion-fullwidth fullwidth-box fusion-builder-row-3 nonhundred-percent-fullwidth non-hundred-percent-height-scrolling\" style=\"background-color: rgba(255,255,255,0);background-position: center center;background-repeat: no-repeat;padding-top:0px;padding-right:0px;padding-bottom:0px;padding-left:0px;margin-bottom: 0px;margin-top: 0px;border-width: 0px 0px 0px 0px;border-color:#eae9e9;border-style:solid;\" ><div class=\"fusion-builder-row fusion-row\"><div class=\"fusion-layout-column fusion_builder_column fusion-builder-column-2 fusion_builder_column_1_1 1_1 fusion-one-full fusion-column-first fusion-column-last\" style=\"margin-top:0px;margin-bottom:20px;\"><div class=\"fusion-column-wrapper fusion-flex-column-wrapper-legacy\" style=\"background-position:left top;background-repeat:no-repeat;-webkit-background-size:cover;-moz-background-size:cover;-o-background-size:cover;background-size:cover;padding: 0px 0px 0px 0px;\"><div class=\"fusion-sep-clear\"><\/div><div class=\"fusion-separator\" style=\"margin-left: auto;margin-right: auto;margin-top:5%;width:100%;max-width:50%;\"><\/div><div class=\"fusion-sep-clear\"><\/div><style type=\"text\/css\"><\/style><div class=\"fusion-title title fusion-title-2 fusion-sep-none fusion-title-center fusion-title-text fusion-title-size-two\" style=\"margin-top:0px;margin-right:0px;margin-bottom:31px;margin-left:0px;\"><h2 class=\"title-heading-center\" style=\"margin:0;\"><p style=\"text-align: center;\">SELECCI\u00d3N DE PISOS Y CASAS EN VENTA<\/p><\/h2><\/div><div class=\"fusion-sep-clear\"><\/div><div class=\"fusion-separator fusion-has-icon\" style=\"margin-left: auto;margin-right: auto;margin-bottom:5%;width:100%;max-width:30%;\"><div class=\"fusion-separator-border sep-single sep-solid\" style=\"border-color:#000000;border-top-width:2px;\"><\/div><span class=\"icon-wrapper\" style=\"border-color:transparent;font-size:25px;width: 1.75em; height: 1.75em;border-width:2px;padding:2px;margin-top:-1px\"><i class=\"fa-home fas\" style=\"font-size: inherit;color:#000000;\" aria-hidden=\"true\"><\/i><\/span><div class=\"fusion-separator-border sep-single sep-solid\" style=\"border-color:#000000;border-top-width:2px;\"><\/div><\/div><div class=\"fusion-sep-clear\"><\/div><div class=\"fusion-clearfix\"><\/div><\/div><\/div><\/div><\/div><div class=\"fusion-fullwidth fullwidth-box fusion-builder-row-4 nonhundred-percent-fullwidth non-hundred-percent-height-scrolling\" style=\"background-color: rgba(255,255,255,0);background-position: center center;background-repeat: no-repeat;padding-top:0px;padding-right:0px;padding-bottom:0px;padding-left:0px;margin-bottom: 0px;margin-top: 0px;border-width: 0px 0px 0px 0px;border-color:#eae9e9;border-style:solid;\" ><div class=\"fusion-builder-row fusion-row\"><div class=\"fusion-layout-column fusion_builder_column fusion-builder-column-3 fusion_builder_column_1_1 1_1 fusion-one-full fusion-column-first fusion-column-last\" style=\"margin-top:0px;margin-bottom:20px;\"><div class=\"fusion-column-wrapper fusion-flex-column-wrapper-legacy\" style=\"background-position:left top;background-repeat:no-repeat;-webkit-background-size:cover;-moz-background-size:cover;-o-background-size:cover;background-size:cover;padding: 0px 0px 0px 0px;\"><div class=\"fusion-blog-shortcode fusion-blog-shortcode-2 fusion-blog-archive fusion-blog-layout-grid-wrapper fusion-blog-pagination\"><style type=\"text\/css\">.fusion-blog-shortcode-2 .fusion-blog-layout-grid .fusion-post-grid{padding:20px;}.fusion-blog-shortcode-2 .fusion-posts-container{margin-left: -20px !important; margin-right:-20px !important;}<\/style><div class=\"fusion-posts-container fusion-posts-container-pagination fusion-blog-rollover fusion-blog-layout-grid fusion-blog-layout-grid-3 isotope\" data-pages=\"1\" data-grid-col-space=\"40\" style=\"margin: -20px -20px 0;min-height:500px;\"><article id=\"blog-2-post-52934\" class=\"fusion-post-grid post-52934 post type-post status-publish format-standard has-post-thumbnail hentry category-agencias-inmobiliarias tag-agencia-boletin-1 tag-newsletter-410 tag-newsletter-530 tag-orihuela-costa tag-torrevieja tag-viviendas-en-torrevieja\">\n<div class=\"fusion-post-wrapper\" style=\"background-color:rgba(255,255,255,0);border:1px solid #ebeaea;border-bottom-width:3px;\">\n\n\t\t\t<div class=\"fusion-flexslider flexslider fusion-flexslider-loading fusion-post-slideshow\" style=\"border-color:#ebeaea;\">\n\t\t<ul class=\"slides\">\n\t\t\t\n\t\t\t\t\t\t\t\t\t\t\t\t\t\t<li>\n\n<div  class=\"fusion-image-wrapper\" aria-haspopup=\"true\">\n\t\n\t\n\t\n\t\t\n\t\t\t\t\t<img decoding=\"async\" width=\"680\" height=\"382\" src=\"https:\/\/www.aquimicasa.net\/blog\/wp-content\/uploads\/Sundream1.webp\" class=\"attachment-full size-full wp-post-image\" alt=\"Las opiniones de los clientes de Sundream Properties\" srcset=\"https:\/\/www.aquimicasa.net\/blog\/wp-content\/uploads\/Sundream1-150x84.webp 150w, https:\/\/www.aquimicasa.net\/blog\/wp-content\/uploads\/Sundream1-200x112.webp 200w, https:\/\/www.aquimicasa.net\/blog\/wp-content\/uploads\/Sundream1-300x169.webp 300w, https:\/\/www.aquimicasa.net\/blog\/wp-content\/uploads\/Sundream1-400x225.webp 400w, https:\/\/www.aquimicasa.net\/blog\/wp-content\/uploads\/Sundream1-600x337.webp 600w, https:\/\/www.aquimicasa.net\/blog\/wp-content\/uploads\/Sundream1.webp 680w\" sizes=\"(min-width: 2200px) 100vw, (min-width: 784px) 340px, (min-width: 712px) 510px, (min-width: 640px) 712px, \" \/>\n\t\n\n\t\t<div class=\"fusion-rollover\">\n\t<div class=\"fusion-rollover-content\">\n\n\t\t\t\t\n\t\t\n\t\t\t\t\t\t\t\t\t\t\t\t<h4 class=\"fusion-rollover-title\">\n\t\t\t\t\t<a class=\"fusion-rollover-title-link\" href=\"https:\/\/www.aquimicasa.net\/blog\/vivienda\/agencias-inmobiliarias\/opiniones-de-la-inmobiliaria-sundream-properties-orihuela-costa\/\">\n\t\t\t\t\t\tOpiniones de la inmobiliaria Sundream Properties en Orihuela Costa\t\t\t\t\t<\/a>\n\t\t\t\t<\/h4>\n\t\t\t\n\t\t\t\t\t\t\t\t\n\t\t\n\t\t\t\t\t\t<a class=\"fusion-link-wrapper\" href=\"https:\/\/www.aquimicasa.net\/blog\/vivienda\/agencias-inmobiliarias\/opiniones-de-la-inmobiliaria-sundream-properties-orihuela-costa\/\" aria-label=\"Opiniones de la inmobiliaria Sundream Properties en Orihuela Costa\"><\/a>\n\t<\/div>\n<\/div>\n\n\t\n<\/div>\n<\/li>\n\t\t\t\n\t\t\t\n\t\t\t\t\t\t\t\t\t\t\t\t\t\t\t\t\t\t\t\t\t\t\t\t\t\t\t\t\t\t\t\t\t\t\t\t\t\t\t\t\t\t\t\t\t\t\t\t\t\t\t\t\t\t\t\t\t\t\t\t\t\t\t\t\t\t\t\t<\/ul>\n\t<\/div>\n\t<div class=\"fusion-post-content-wrapper\" style=\"padding:30px 25px 20px 25px;\"><div class=\"fusion-post-content post-content\"><h2 class=\"blog-shortcode-post-title entry-title\"><a href=\"https:\/\/www.aquimicasa.net\/blog\/vivienda\/agencias-inmobiliarias\/opiniones-de-la-inmobiliaria-sundream-properties-orihuela-costa\/\">Opiniones de la inmobiliaria Sundream Properties en Orihuela Costa<\/a><\/h2><p class=\"fusion-single-line-meta\"><span class=\"updated\" style=\"display:none;\">2025-09-15T18:31:18+02:00<\/span>Por <span class=\"vcard\"><span class=\"fn\"><a href=\"https:\/\/www.aquimicasa.net\/blog\/author\/eduardo\/\" title=\"Entradas de Eduardo Lizarraga\" rel=\"author\">Eduardo Lizarraga<\/a><\/span><\/span><span class=\"fusion-inline-sep\">|<\/span><a href=\"https:\/\/www.aquimicasa.net\/blog\/noticias\/vivienda\/agencias-inmobiliarias\/\" rel=\"category tag\">Agencias Inmobiliarias<\/a><span class=\"fusion-inline-sep\">|<\/span><\/p><div class=\"fusion-content-sep sep-double sep-solid\" style=\"border-color:#ebeaea;\"><\/div><div class=\"fusion-post-content-container\"><p>El atractivo de la Costa Blanca para compradores europeos exige un equipo capaz de comunicarse en distintos idiomas, comprender las expectativas culturales y dar soluciones adaptadas. Sundream Properties ha sabido crear esa red de agentes multiling\u00fces que acompa\u00f1an al cliente desde el primer contacto.<\/p><\/div><\/div><\/div><div class=\"fusion-clearfix\"><\/div><\/div>\n<\/article>\n<article id=\"blog-2-post-52930\" class=\"fusion-post-grid post-52930 post type-post status-publish format-standard has-post-thumbnail hentry category-agencias-inmobiliarias tag-agencia-boletin-1 tag-newsletter-410 tag-orihuela-costa tag-torrevieja tag-viviendas-en-torrevieja\">\n<div class=\"fusion-post-wrapper\" style=\"background-color:rgba(255,255,255,0);border:1px solid #ebeaea;border-bottom-width:3px;\">\n\n\t\t\t<div class=\"fusion-flexslider flexslider fusion-flexslider-loading fusion-post-slideshow\" style=\"border-color:#ebeaea;\">\n\t\t<ul class=\"slides\">\n\t\t\t\n\t\t\t\t\t\t\t\t\t\t\t\t\t\t<li>\n\n<div  class=\"fusion-image-wrapper\" aria-haspopup=\"true\">\n\t\n\t\n\t\n\t\t\n\t\t\t\t\t<img decoding=\"async\" width=\"450\" height=\"338\" src=\"https:\/\/www.aquimicasa.net\/blog\/wp-content\/uploads\/sundream2-JPG-e1756989280594.jpg\" class=\"attachment-full size-full wp-post-image\" alt=\"El mejor profesional para tu gesti\u00f3n inmobiliaria en Orihuela\" \/>\n\t\n\n\t\t<div class=\"fusion-rollover\">\n\t<div class=\"fusion-rollover-content\">\n\n\t\t\t\t\n\t\t\n\t\t\t\t\t\t\t\t\t\t\t\t<h4 class=\"fusion-rollover-title\">\n\t\t\t\t\t<a class=\"fusion-rollover-title-link\" href=\"https:\/\/www.aquimicasa.net\/blog\/vivienda\/agencias-inmobiliarias\/mejor-agencia-inmobiliaria-en-orihuela-costa\/\">\n\t\t\t\t\t\tMejor agencia inmobiliaria en Orihuela Costa\t\t\t\t\t<\/a>\n\t\t\t\t<\/h4>\n\t\t\t\n\t\t\t\t\t\t\t\t\n\t\t\n\t\t\t\t\t\t<a class=\"fusion-link-wrapper\" href=\"https:\/\/www.aquimicasa.net\/blog\/vivienda\/agencias-inmobiliarias\/mejor-agencia-inmobiliaria-en-orihuela-costa\/\" aria-label=\"Mejor agencia inmobiliaria en Orihuela Costa\"><\/a>\n\t<\/div>\n<\/div>\n\n\t\n<\/div>\n<\/li>\n\t\t\t\n\t\t\t\n\t\t\t\t\t\t\t\t\t\t\t\t\t\t\t\t\t\t\t\t\t\t\t\t\t\t\t\t\t\t\t\t\t\t\t\t\t\t\t\t\t\t\t\t\t\t\t\t\t\t\t\t\t\t\t\t\t\t\t\t\t\t\t\t\t\t\t\t<\/ul>\n\t<\/div>\n\t<div class=\"fusion-post-content-wrapper\" style=\"padding:30px 25px 20px 25px;\"><div class=\"fusion-post-content post-content\"><h2 class=\"blog-shortcode-post-title entry-title\"><a href=\"https:\/\/www.aquimicasa.net\/blog\/vivienda\/agencias-inmobiliarias\/mejor-agencia-inmobiliaria-en-orihuela-costa\/\">Mejor agencia inmobiliaria en Orihuela Costa<\/a><\/h2><p class=\"fusion-single-line-meta\"><span class=\"updated\" style=\"display:none;\">2025-09-04T14:35:13+02:00<\/span>Por <span class=\"vcard\"><span class=\"fn\"><a href=\"https:\/\/www.aquimicasa.net\/blog\/author\/eduardo\/\" title=\"Entradas de Eduardo Lizarraga\" rel=\"author\">Eduardo Lizarraga<\/a><\/span><\/span><span class=\"fusion-inline-sep\">|<\/span><a href=\"https:\/\/www.aquimicasa.net\/blog\/noticias\/vivienda\/agencias-inmobiliarias\/\" rel=\"category tag\">Agencias Inmobiliarias<\/a><span class=\"fusion-inline-sep\">|<\/span><\/p><div class=\"fusion-content-sep sep-double sep-solid\" style=\"border-color:#ebeaea;\"><\/div><div class=\"fusion-post-content-container\"><p>En Sundream Properties, la confianza es la base de todas las operaciones. Act\u00faan con honestidad y transparencia, garantizando un servicio seguro y eficaz. Adem\u00e1s, incorporan tecnolog\u00eda y herramientas modernas, como visitas virtuales, fotograf\u00eda profesional y an\u00e1lisis de mercado, para mejorar la experiencia del cliente.<\/p><\/div><\/div><\/div><div class=\"fusion-clearfix\"><\/div><\/div>\n<\/article>\n<article id=\"blog-2-post-47908\" class=\"fusion-post-grid post-47908 post type-post status-publish format-standard has-post-thumbnail hentry category-agencias-inmobiliarias tag-agencia-boletin-1 tag-newsletter-463\">\n<div class=\"fusion-post-wrapper\" style=\"background-color:rgba(255,255,255,0);border:1px solid #ebeaea;border-bottom-width:3px;\">\n\n\t\t\t<div class=\"fusion-flexslider flexslider fusion-flexslider-loading fusion-post-slideshow\" style=\"border-color:#ebeaea;\">\n\t\t<ul class=\"slides\">\n\t\t\t\n\t\t\t\t\t\t\t\t\t\t\t\t\t\t<li>\n\n<div  class=\"fusion-image-wrapper\" aria-haspopup=\"true\">\n\t\n\t\n\t\n\t\t\n\t\t\t\t\t<img decoding=\"async\" width=\"678\" height=\"510\" src=\"https:\/\/www.aquimicasa.net\/blog\/wp-content\/uploads\/Concasa-Inmobiliaria-en-Estepona.-Aquimicasa.jpg\" class=\"attachment-full size-full wp-post-image\" alt=\"Mejor agencia inmobiliaria en Costa del Sol\" srcset=\"https:\/\/www.aquimicasa.net\/blog\/wp-content\/uploads\/Concasa-Inmobiliaria-en-Estepona.-Aquimicasa-200x150.jpg 200w, https:\/\/www.aquimicasa.net\/blog\/wp-content\/uploads\/Concasa-Inmobiliaria-en-Estepona.-Aquimicasa-400x301.jpg 400w, https:\/\/www.aquimicasa.net\/blog\/wp-content\/uploads\/Concasa-Inmobiliaria-en-Estepona.-Aquimicasa-600x451.jpg 600w, https:\/\/www.aquimicasa.net\/blog\/wp-content\/uploads\/Concasa-Inmobiliaria-en-Estepona.-Aquimicasa.jpg 678w\" sizes=\"(min-width: 2200px) 100vw, (min-width: 784px) 340px, (min-width: 712px) 510px, (min-width: 640px) 712px, \" \/>\n\t\n\n\t\t<div class=\"fusion-rollover\">\n\t<div class=\"fusion-rollover-content\">\n\n\t\t\t\t\n\t\t\n\t\t\t\t\t\t\t\t\t\t\t\t<h4 class=\"fusion-rollover-title\">\n\t\t\t\t\t<a class=\"fusion-rollover-title-link\" href=\"https:\/\/www.aquimicasa.net\/blog\/vivienda\/agencias-inmobiliarias\/the-best-real-estate-agency-on-the-costa-del-sol\/\">\n\t\t\t\t\t\tConcasa, the best real estate agency on the Costa del Sol\t\t\t\t\t<\/a>\n\t\t\t\t<\/h4>\n\t\t\t\n\t\t\t\t\t\t\t\t\n\t\t\n\t\t\t\t\t\t<a class=\"fusion-link-wrapper\" href=\"https:\/\/www.aquimicasa.net\/blog\/vivienda\/agencias-inmobiliarias\/the-best-real-estate-agency-on-the-costa-del-sol\/\" aria-label=\"Concasa, the best real estate agency on the Costa del Sol\"><\/a>\n\t<\/div>\n<\/div>\n\n\t\n<\/div>\n<\/li>\n\t\t\t\n\t\t\t\n\t\t\t\t\t\t\t\t\t\t\t\t\t\t\t\t\t\t\t\t\t\t\t\t\t\t\t\t\t\t\t\t\t\t\t\t\t\t\t\t\t\t\t\t\t\t\t\t\t\t\t\t\t\t\t\t\t\t\t\t\t\t\t\t\t\t\t\t<\/ul>\n\t<\/div>\n\t<div class=\"fusion-post-content-wrapper\" style=\"padding:30px 25px 20px 25px;\"><div class=\"fusion-post-content post-content\"><h2 class=\"blog-shortcode-post-title entry-title\"><a href=\"https:\/\/www.aquimicasa.net\/blog\/vivienda\/agencias-inmobiliarias\/the-best-real-estate-agency-on-the-costa-del-sol\/\">Concasa, the best real estate agency on the Costa del Sol<\/a><\/h2><p class=\"fusion-single-line-meta\"><span class=\"updated\" style=\"display:none;\">2025-03-01T08:55:28+01:00<\/span>Por <span class=\"vcard\"><span class=\"fn\"><a href=\"https:\/\/www.aquimicasa.net\/blog\/author\/eduardo\/\" title=\"Entradas de Eduardo Lizarraga\" rel=\"author\">Eduardo Lizarraga<\/a><\/span><\/span><span class=\"fusion-inline-sep\">|<\/span><a href=\"https:\/\/www.aquimicasa.net\/blog\/noticias\/vivienda\/agencias-inmobiliarias\/\" rel=\"category tag\">Agencias Inmobiliarias<\/a><span class=\"fusion-inline-sep\">|<\/span><\/p><div class=\"fusion-content-sep sep-double sep-solid\" style=\"border-color:#ebeaea;\"><\/div><div class=\"fusion-post-content-container\"><p>Concasa has earned the reputation as the top real estate agency in Estepona, guiding and accompanying the client throughout the process of purchasing their home, whether it be second-hand or in each of the new construction projects in the Costa del Sol, where they have passionate and trained agents to guide them for the best acquisition.<\/p><\/div><\/div><\/div><div class=\"fusion-clearfix\"><\/div><\/div>\n<\/article>\n<article id=\"blog-2-post-39768\" class=\"fusion-post-grid post-39768 post type-post status-publish format-standard has-post-thumbnail hentry category-agencias-inmobiliarias tag-agencia-boletin-1 tag-newsletter-410 tag-orihuela-costa tag-torrevieja tag-viviendas-en-torrevieja\">\n<div class=\"fusion-post-wrapper\" style=\"background-color:rgba(255,255,255,0);border:1px solid #ebeaea;border-bottom-width:3px;\">\n\n\t\t\t<div class=\"fusion-flexslider flexslider fusion-flexslider-loading fusion-post-slideshow\" style=\"border-color:#ebeaea;\">\n\t\t<ul class=\"slides\">\n\t\t\t\n\t\t\t\t\t\t\t\t\t\t\t\t\t\t<li>\n\n<div  class=\"fusion-image-wrapper\" aria-haspopup=\"true\">\n\t\n\t\n\t\n\t\t\n\t\t\t\t\t<img decoding=\"async\" width=\"400\" height=\"300\" src=\"https:\/\/www.aquimicasa.net\/blog\/wp-content\/uploads\/Orihuela2-e1643017619731.jpg\" class=\"attachment-full size-full wp-post-image\" alt=\"Pisos y casas en venta para la playa en Orihuela Costa\" \/>\n\t\n\n\t\t<div class=\"fusion-rollover\">\n\t<div class=\"fusion-rollover-content\">\n\n\t\t\t\t\n\t\t\n\t\t\t\t\t\t\t\t\t\t\t\t<h4 class=\"fusion-rollover-title\">\n\t\t\t\t\t<a class=\"fusion-rollover-title-link\" href=\"https:\/\/www.aquimicasa.net\/blog\/vivienda\/agencias-inmobiliarias\/obra-nueva-en-venta-en-orihuela-costa\/\">\n\t\t\t\t\t\tObra nueva en venta en Orihuela Costa\t\t\t\t\t<\/a>\n\t\t\t\t<\/h4>\n\t\t\t\n\t\t\t\t\t\t\t\t\n\t\t\n\t\t\t\t\t\t<a class=\"fusion-link-wrapper\" href=\"https:\/\/www.aquimicasa.net\/blog\/vivienda\/agencias-inmobiliarias\/obra-nueva-en-venta-en-orihuela-costa\/\" aria-label=\"Obra nueva en venta en Orihuela Costa\"><\/a>\n\t<\/div>\n<\/div>\n\n\t\n<\/div>\n<\/li>\n\t\t\t\n\t\t\t\n\t\t\t\t\t\t\t\t\t\t\t\t\t\t\t\t\t\t\t\t\t\t\t\t\t\t\t\t\t\t\t\t\t\t\t\t\t\t\t\t\t\t\t\t\t\t\t\t\t\t\t\t\t\t\t\t\t\t\t\t\t\t\t\t\t\t\t\t<\/ul>\n\t<\/div>\n\t<div class=\"fusion-post-content-wrapper\" style=\"padding:30px 25px 20px 25px;\"><div class=\"fusion-post-content post-content\"><h2 class=\"blog-shortcode-post-title entry-title\"><a href=\"https:\/\/www.aquimicasa.net\/blog\/vivienda\/agencias-inmobiliarias\/obra-nueva-en-venta-en-orihuela-costa\/\">Obra nueva en venta en Orihuela Costa<\/a><\/h2><p class=\"fusion-single-line-meta\"><span class=\"updated\" style=\"display:none;\">2024-10-24T11:10:13+02:00<\/span>Por <span class=\"vcard\"><span class=\"fn\"><a href=\"https:\/\/www.aquimicasa.net\/blog\/author\/eduardo\/\" title=\"Entradas de Eduardo Lizarraga\" rel=\"author\">Eduardo Lizarraga<\/a><\/span><\/span><span class=\"fusion-inline-sep\">|<\/span><a href=\"https:\/\/www.aquimicasa.net\/blog\/noticias\/vivienda\/agencias-inmobiliarias\/\" rel=\"category tag\">Agencias Inmobiliarias<\/a><span class=\"fusion-inline-sep\">|<\/span><\/p><div class=\"fusion-content-sep sep-double sep-solid\" style=\"border-color:#ebeaea;\"><\/div><div class=\"fusion-post-content-container\"><p>En la zona de Orihuela Costa, con una continua sucesi\u00f3n de urbanizaciones en sus 16 kms a orillas del Mediterr\u00e1neo se concentran m\u00e1s de 24.000 habitantes empadronados -podr\u00edan ser el doble en total- con una alta presencia de extranjeros, sobre todo europeos que aprovechan las bondades de su particular clima, aunque cuando llega el verano la poblaci\u00f3n se multiplica. Encontrar pisos y chalets en venta para la playa en Orihuela Costa\u00a0no es dif\u00edcil, pero con la ayuda de un profesional dispondremos de las mejores oportunidades.<\/p><\/div><\/div><\/div><div class=\"fusion-clearfix\"><\/div><\/div>\n<\/article>\n<article id=\"blog-2-post-40849\" class=\"fusion-post-grid post-40849 post type-post status-publish format-standard has-post-thumbnail hentry category-agencias-inmobiliarias tag-agencia-boletin-1 tag-ilerdallar tag-lleida\">\n<div class=\"fusion-post-wrapper\" style=\"background-color:rgba(255,255,255,0);border:1px solid #ebeaea;border-bottom-width:3px;\">\n\n\t\t\t<div class=\"fusion-flexslider flexslider fusion-flexslider-loading fusion-post-slideshow\" style=\"border-color:#ebeaea;\">\n\t\t<ul class=\"slides\">\n\t\t\t\n\t\t\t\t\t\t\t\t\t\t\t\t\t\t<li>\n\n<div  class=\"fusion-image-wrapper\" aria-haspopup=\"true\">\n\t\n\t\n\t\n\t\t\n\t\t\t\t\t<img decoding=\"async\" width=\"400\" height=\"267\" src=\"https:\/\/www.aquimicasa.net\/blog\/wp-content\/uploads\/Lleida7-e1652478094206.jpg\" class=\"attachment-full size-full wp-post-image\" alt=\"Pisos y casas en venta para vivir en Lleida\" \/>\n\t\n\n\t\t<div class=\"fusion-rollover\">\n\t<div class=\"fusion-rollover-content\">\n\n\t\t\t\t\n\t\t\n\t\t\t\t\t\t\t\t\t\t\t\t<h4 class=\"fusion-rollover-title\">\n\t\t\t\t\t<a class=\"fusion-rollover-title-link\" href=\"https:\/\/www.aquimicasa.net\/blog\/vivienda\/agencias-inmobiliarias\/pisos-y-casas-en-venta-para-vivir-en-lleida\/\">\n\t\t\t\t\t\tPisos y casas en venta para vivir en Lleida\t\t\t\t\t<\/a>\n\t\t\t\t<\/h4>\n\t\t\t\n\t\t\t\t\t\t\t\t\n\t\t\n\t\t\t\t\t\t<a class=\"fusion-link-wrapper\" href=\"https:\/\/www.aquimicasa.net\/blog\/vivienda\/agencias-inmobiliarias\/pisos-y-casas-en-venta-para-vivir-en-lleida\/\" aria-label=\"Pisos y casas en venta para vivir en Lleida\"><\/a>\n\t<\/div>\n<\/div>\n\n\t\n<\/div>\n<\/li>\n\t\t\t\n\t\t\t\n\t\t\t\t\t\t\t\t\t\t\t\t\t\t\t\t\t\t\t\t\t\t\t\t\t\t\t\t\t\t\t\t\t\t\t\t\t\t\t\t\t\t\t\t\t\t\t\t\t\t\t\t\t\t\t\t\t\t\t\t\t\t\t\t\t\t\t\t<\/ul>\n\t<\/div>\n\t<div class=\"fusion-post-content-wrapper\" style=\"padding:30px 25px 20px 25px;\"><div class=\"fusion-post-content post-content\"><h2 class=\"blog-shortcode-post-title entry-title\"><a href=\"https:\/\/www.aquimicasa.net\/blog\/vivienda\/agencias-inmobiliarias\/pisos-y-casas-en-venta-para-vivir-en-lleida\/\">Pisos y casas en venta para vivir en Lleida<\/a><\/h2><p class=\"fusion-single-line-meta\"><span class=\"updated\" style=\"display:none;\">2022-05-13T23:42:54+02:00<\/span>Por <span class=\"vcard\"><span class=\"fn\"><a href=\"https:\/\/www.aquimicasa.net\/blog\/author\/eduardo\/\" title=\"Entradas de Eduardo Lizarraga\" rel=\"author\">Eduardo Lizarraga<\/a><\/span><\/span><span class=\"fusion-inline-sep\">|<\/span><a href=\"https:\/\/www.aquimicasa.net\/blog\/noticias\/vivienda\/agencias-inmobiliarias\/\" rel=\"category tag\">Agencias Inmobiliarias<\/a><span class=\"fusion-inline-sep\">|<\/span><\/p><div class=\"fusion-content-sep sep-double sep-solid\" style=\"border-color:#ebeaea;\"><\/div><div class=\"fusion-post-content-container\"><p>La econom\u00eda de la ciudad ha cambiado mucho en el \u00faltimo siglo, pasando de ser mayoritariamente agr\u00edcola a ocupar m\u00e1s del 70% de la poblaci\u00f3n en el sector servicios, seguida de industria, construcci\u00f3n y finalmente la agricultura con poco m\u00e1s del 4%.<\/p><\/div><\/div><\/div><div class=\"fusion-clearfix\"><\/div><\/div>\n<\/article>\n<article id=\"blog-2-post-25248\" class=\"fusion-post-grid post-25248 post type-post status-publish format-standard has-post-thumbnail hentry category-agencias-inmobiliarias category-compraventa-de-viviendas category-noticias-economia category-noticias-mercado-inmobiliario tag-agencia-boletin-1 tag-campo-de-la-verdad tag-cordoba tag-sector-sur\">\n<div class=\"fusion-post-wrapper\" style=\"background-color:rgba(255,255,255,0);border:1px solid #ebeaea;border-bottom-width:3px;\">\n\n\t\t\t<div class=\"fusion-flexslider flexslider fusion-flexslider-loading fusion-post-slideshow\" style=\"border-color:#ebeaea;\">\n\t\t<ul class=\"slides\">\n\t\t\t\n\t\t\t\t\t\t\t\t\t\t\t\t\t\t<li>\n\n<div  class=\"fusion-image-wrapper\" aria-haspopup=\"true\">\n\t\n\t\n\t\n\t\t\n\t\t\t\t\t<img decoding=\"async\" width=\"542\" height=\"304\" src=\"https:\/\/www.aquimicasa.net\/blog\/wp-content\/uploads\/Campo-de-la-Verdad3.jpg\" class=\"attachment-full size-full wp-post-image\" alt=\"\" srcset=\"https:\/\/www.aquimicasa.net\/blog\/wp-content\/uploads\/Campo-de-la-Verdad3-200x112.jpg 200w, https:\/\/www.aquimicasa.net\/blog\/wp-content\/uploads\/Campo-de-la-Verdad3-400x224.jpg 400w, https:\/\/www.aquimicasa.net\/blog\/wp-content\/uploads\/Campo-de-la-Verdad3.jpg 542w\" sizes=\"(min-width: 2200px) 100vw, (min-width: 784px) 340px, (min-width: 712px) 510px, (min-width: 640px) 712px, \" \/>\n\t\n\n\t\t<div class=\"fusion-rollover\">\n\t<div class=\"fusion-rollover-content\">\n\n\t\t\t\t\n\t\t\n\t\t\t\t\t\t\t\t\t\t\t\t<h4 class=\"fusion-rollover-title\">\n\t\t\t\t\t<a class=\"fusion-rollover-title-link\" href=\"https:\/\/www.aquimicasa.net\/blog\/vivienda\/compraventa-de-viviendas\/pisos-y-casas-en-venta-para-vivir-en-el-campo-de-la-verdad\/\">\n\t\t\t\t\t\tPisos y casas en venta para vivir en el Campo de la Verdad\t\t\t\t\t<\/a>\n\t\t\t\t<\/h4>\n\t\t\t\n\t\t\t\t\t\t\t\t\n\t\t\n\t\t\t\t\t\t<a class=\"fusion-link-wrapper\" href=\"https:\/\/www.aquimicasa.net\/blog\/vivienda\/compraventa-de-viviendas\/pisos-y-casas-en-venta-para-vivir-en-el-campo-de-la-verdad\/\" aria-label=\"Pisos y casas en venta para vivir en el Campo de la Verdad\"><\/a>\n\t<\/div>\n<\/div>\n\n\t\n<\/div>\n<\/li>\n\t\t\t\n\t\t\t\n\t\t\t\t\t\t\t\t\t\t\t\t\t\t\t\t\t\t\t\t\t\t\t\t\t\t\t\t\t\t\t\t\t\t\t\t\t\t\t\t\t\t\t\t\t\t\t\t\t\t\t\t\t\t\t\t\t\t\t\t\t\t\t\t\t\t\t\t<\/ul>\n\t<\/div>\n\t<div class=\"fusion-post-content-wrapper\" style=\"padding:30px 25px 20px 25px;\"><div class=\"fusion-post-content post-content\"><h2 class=\"blog-shortcode-post-title entry-title\"><a href=\"https:\/\/www.aquimicasa.net\/blog\/vivienda\/compraventa-de-viviendas\/pisos-y-casas-en-venta-para-vivir-en-el-campo-de-la-verdad\/\">Pisos y casas en venta para vivir en el Campo de la Verdad<\/a><\/h2><p class=\"fusion-single-line-meta\"><span class=\"updated\" style=\"display:none;\">2023-03-19T00:32:47+01:00<\/span>Por <span class=\"vcard\"><span class=\"fn\"><a href=\"https:\/\/www.aquimicasa.net\/blog\/author\/eduardo\/\" title=\"Entradas de Eduardo Lizarraga\" rel=\"author\">Eduardo Lizarraga<\/a><\/span><\/span><span class=\"fusion-inline-sep\">|<\/span><a href=\"https:\/\/www.aquimicasa.net\/blog\/noticias\/vivienda\/agencias-inmobiliarias\/\" rel=\"category tag\">Agencias Inmobiliarias<\/a>, <a href=\"https:\/\/www.aquimicasa.net\/blog\/noticias\/vivienda\/compraventa-de-viviendas\/\" rel=\"category tag\">Compra Venta<\/a>, <a href=\"https:\/\/www.aquimicasa.net\/blog\/noticias\/economia\/noticias-economia\/\" rel=\"category tag\">Noticias Econom\u00eda<\/a>, <a href=\"https:\/\/www.aquimicasa.net\/blog\/noticias\/vivienda\/noticias-mercado-inmobiliario\/\" rel=\"category tag\">Noticias Mercado Inmobiliario<\/a><span class=\"fusion-inline-sep\">|<\/span><\/p><div class=\"fusion-content-sep sep-double sep-solid\" style=\"border-color:#ebeaea;\"><\/div><div class=\"fusion-post-content-container\"><p>El Campo de la Verdad se sit\u00faa al Sur de la ciudad de C\u00f3rdoba, pr\u00f3xima al curso actual del r\u00edo Guadalquivir, en la margen izquierda, delimitado por el cauce del r\u00edo Guadalquivir y la calle Fern\u00e1ndez de C\u00f3rdoba. La oferta de pisos y casas en venta para vivir en el Campo de la Verdad\u00a0se est\u00e1 reduciendo conforme se va avanzando en la mejora de las infraestructuras.<\/p><\/div><\/div><\/div><div class=\"fusion-clearfix\"><\/div><\/div>\n<\/article>\n<article id=\"blog-2-post-40411\" class=\"fusion-post-grid post-40411 post type-post status-publish format-standard has-post-thumbnail hentry category-agencias-inmobiliarias tag-agencia-boletin-1 tag-newsletter-351\">\n<div class=\"fusion-post-wrapper\" style=\"background-color:rgba(255,255,255,0);border:1px solid #ebeaea;border-bottom-width:3px;\">\n\n\t\t\t<div class=\"fusion-flexslider flexslider fusion-flexslider-loading fusion-post-slideshow\" style=\"border-color:#ebeaea;\">\n\t\t<ul class=\"slides\">\n\t\t\t\n\t\t\t\t\t\t\t\t\t\t\t\t\t\t<li>\n\n<div  class=\"fusion-image-wrapper\" aria-haspopup=\"true\">\n\t\n\t\n\t\n\t\t\n\t\t\t\t\t<img decoding=\"async\" width=\"680\" height=\"510\" src=\"https:\/\/www.aquimicasa.net\/blog\/wp-content\/uploads\/Villarti.jpeg\" class=\"attachment-full size-full wp-post-image\" alt=\"Mejor agencia inmobiliaria en Valladolid\" srcset=\"https:\/\/www.aquimicasa.net\/blog\/wp-content\/uploads\/Villarti-200x150.jpeg 200w, https:\/\/www.aquimicasa.net\/blog\/wp-content\/uploads\/Villarti-400x300.jpeg 400w, https:\/\/www.aquimicasa.net\/blog\/wp-content\/uploads\/Villarti-600x450.jpeg 600w, https:\/\/www.aquimicasa.net\/blog\/wp-content\/uploads\/Villarti.jpeg 680w\" sizes=\"(min-width: 2200px) 100vw, (min-width: 784px) 340px, (min-width: 712px) 510px, (min-width: 640px) 712px, \" \/>\n\t\n\n\t\t<div class=\"fusion-rollover\">\n\t<div class=\"fusion-rollover-content\">\n\n\t\t\t\t\n\t\t\n\t\t\t\t\t\t\t\t\t\t\t\t<h4 class=\"fusion-rollover-title\">\n\t\t\t\t\t<a class=\"fusion-rollover-title-link\" href=\"https:\/\/www.aquimicasa.net\/blog\/vivienda\/agencias-inmobiliarias\/villarti-es-la-mejor-agencia-inmobiliaria-en-valladolid-2\/\">\n\t\t\t\t\t\tVillart\u00ed es la mejor agencia inmobiliaria en Valladolid\t\t\t\t\t<\/a>\n\t\t\t\t<\/h4>\n\t\t\t\n\t\t\t\t\t\t\t\t\n\t\t\n\t\t\t\t\t\t<a class=\"fusion-link-wrapper\" href=\"https:\/\/www.aquimicasa.net\/blog\/vivienda\/agencias-inmobiliarias\/villarti-es-la-mejor-agencia-inmobiliaria-en-valladolid-2\/\" aria-label=\"Villart\u00ed es la mejor agencia inmobiliaria en Valladolid\"><\/a>\n\t<\/div>\n<\/div>\n\n\t\n<\/div>\n<\/li>\n\t\t\t\n\t\t\t\n\t\t\t\t\t\t\t\t\t\t\t\t\t\t\t\t\t\t\t\t\t\t\t\t\t\t\t\t\t\t\t\t\t\t\t\t\t\t\t\t\t\t\t\t\t\t\t\t\t\t\t\t\t\t\t\t\t\t\t\t\t\t\t\t\t\t\t\t<\/ul>\n\t<\/div>\n\t<div class=\"fusion-post-content-wrapper\" style=\"padding:30px 25px 20px 25px;\"><div class=\"fusion-post-content post-content\"><h2 class=\"blog-shortcode-post-title entry-title\"><a href=\"https:\/\/www.aquimicasa.net\/blog\/vivienda\/agencias-inmobiliarias\/villarti-es-la-mejor-agencia-inmobiliaria-en-valladolid-2\/\">Villart\u00ed es la mejor agencia inmobiliaria en Valladolid<\/a><\/h2><p class=\"fusion-single-line-meta\"><span class=\"updated\" style=\"display:none;\">2025-02-25T08:48:09+01:00<\/span>Por <span class=\"vcard\"><span class=\"fn\"><a href=\"https:\/\/www.aquimicasa.net\/blog\/author\/eduardo\/\" title=\"Entradas de Eduardo Lizarraga\" rel=\"author\">Eduardo Lizarraga<\/a><\/span><\/span><span class=\"fusion-inline-sep\">|<\/span><a href=\"https:\/\/www.aquimicasa.net\/blog\/noticias\/vivienda\/agencias-inmobiliarias\/\" rel=\"category tag\">Agencias Inmobiliarias<\/a><span class=\"fusion-inline-sep\">|<\/span><\/p><div class=\"fusion-content-sep sep-double sep-solid\" style=\"border-color:#ebeaea;\"><\/div><div class=\"fusion-post-content-container\"><p>Por estas actividades de Personal Shopper y Home Staging, a las que tambi\u00e9n hay que a\u00f1adir una preocupaci\u00f3n por las nuevas tecnolog\u00edas y la promoci\u00f3n de sus propiedades on line, Villart\u00ed es la mejor agencia inmobiliaria en Valladolid.<\/p><\/div><\/div><\/div><div class=\"fusion-clearfix\"><\/div><\/div>\n<\/article>\n<article id=\"blog-2-post-39699\" class=\"fusion-post-grid post-39699 post type-post status-publish format-standard has-post-thumbnail hentry category-agencias-inmobiliarias tag-agencia-boletin-1\">\n<div class=\"fusion-post-wrapper\" style=\"background-color:rgba(255,255,255,0);border:1px solid #ebeaea;border-bottom-width:3px;\">\n\n\t\t\t<div class=\"fusion-flexslider flexslider fusion-flexslider-loading fusion-post-slideshow\" style=\"border-color:#ebeaea;\">\n\t\t<ul class=\"slides\">\n\t\t\t\n\t\t\t\t\t\t\t\t\t\t\t\t\t\t<li>\n\n<div  class=\"fusion-image-wrapper\" aria-haspopup=\"true\">\n\t\n\t\n\t\n\t\t\n\t\t\t\t\t<img decoding=\"async\" width=\"400\" height=\"297\" src=\"https:\/\/www.aquimicasa.net\/blog\/wp-content\/uploads\/Valladolid4-3-e1642490066708.jpg\" class=\"attachment-full size-full wp-post-image\" alt=\"Pisos y casas en venta para vivir en Valladolid\" \/>\n\t\n\n\t\t<div class=\"fusion-rollover\">\n\t<div class=\"fusion-rollover-content\">\n\n\t\t\t\t\n\t\t\n\t\t\t\t\t\t\t\t\t\t\t\t<h4 class=\"fusion-rollover-title\">\n\t\t\t\t\t<a class=\"fusion-rollover-title-link\" href=\"https:\/\/www.aquimicasa.net\/blog\/vivienda\/agencias-inmobiliarias\/pisos-y-casas-en-venta-para-vivir-en-valladolid-2\/\">\n\t\t\t\t\t\tPisos y casas en venta para vivir en Valladolid\t\t\t\t\t<\/a>\n\t\t\t\t<\/h4>\n\t\t\t\n\t\t\t\t\t\t\t\t\n\t\t\n\t\t\t\t\t\t<a class=\"fusion-link-wrapper\" href=\"https:\/\/www.aquimicasa.net\/blog\/vivienda\/agencias-inmobiliarias\/pisos-y-casas-en-venta-para-vivir-en-valladolid-2\/\" aria-label=\"Pisos y casas en venta para vivir en Valladolid\"><\/a>\n\t<\/div>\n<\/div>\n\n\t\n<\/div>\n<\/li>\n\t\t\t\n\t\t\t\n\t\t\t\t\t\t\t\t\t\t\t\t\t\t\t\t\t\t\t\t\t\t\t\t\t\t\t\t\t\t\t\t\t\t\t\t\t\t\t\t\t\t\t\t\t\t\t\t\t\t\t\t\t\t\t\t\t\t\t\t\t\t\t\t\t\t\t\t<\/ul>\n\t<\/div>\n\t<div class=\"fusion-post-content-wrapper\" style=\"padding:30px 25px 20px 25px;\"><div class=\"fusion-post-content post-content\"><h2 class=\"blog-shortcode-post-title entry-title\"><a href=\"https:\/\/www.aquimicasa.net\/blog\/vivienda\/agencias-inmobiliarias\/pisos-y-casas-en-venta-para-vivir-en-valladolid-2\/\">Pisos y casas en venta para vivir en Valladolid<\/a><\/h2><p class=\"fusion-single-line-meta\"><span class=\"updated\" style=\"display:none;\">2022-01-18T22:44:20+01:00<\/span>Por <span class=\"vcard\"><span class=\"fn\"><a href=\"https:\/\/www.aquimicasa.net\/blog\/author\/eduardo\/\" title=\"Entradas de Eduardo Lizarraga\" rel=\"author\">Eduardo Lizarraga<\/a><\/span><\/span><span class=\"fusion-inline-sep\">|<\/span><a href=\"https:\/\/www.aquimicasa.net\/blog\/noticias\/vivienda\/agencias-inmobiliarias\/\" rel=\"category tag\">Agencias Inmobiliarias<\/a><span class=\"fusion-inline-sep\">|<\/span><\/p><div class=\"fusion-content-sep sep-double sep-solid\" style=\"border-color:#ebeaea;\"><\/div><div class=\"fusion-post-content-container\"><p>Si a la gastronom\u00eda le sumamos el arte, la arquitectura, la Semana Santa y otras manifestaciones m\u00e1s l\u00fadicas como la concentraci\u00f3n de Ping\u00fcinos, que todos los meses de enero re\u00fane a m\u00e1s de 40.000 motoristas llegados de todos los rincones nacionales, entendemos porque Valladolid es un buen lugar para vivir. Lo demuestra la creciente demanda de pisos y casas en venta para vivir en Valladolid.<\/p><\/div><\/div><\/div><div class=\"fusion-clearfix\"><\/div><\/div>\n<\/article>\n<article id=\"blog-2-post-28639\" class=\"fusion-post-grid post-28639 post type-post status-publish format-standard has-post-thumbnail hentry category-agencias-inmobiliarias tag-agencia-boletin-1 tag-cabo-de-palos tag-chalets-en-cabo-de-palos tag-pisos-en-cabo-de-palos tag-villa-de-lujo-en-cabo-de-palos tag-villas-en-cabo-de-palos\">\n<div class=\"fusion-post-wrapper\" style=\"background-color:rgba(255,255,255,0);border:1px solid #ebeaea;border-bottom-width:3px;\">\n\n\t\t\t<div class=\"fusion-flexslider flexslider fusion-flexslider-loading fusion-post-slideshow\" style=\"border-color:#ebeaea;\">\n\t\t<ul class=\"slides\">\n\t\t\t\n\t\t\t\t\t\t\t\t\t\t\t\t\t\t<li>\n\n<div  class=\"fusion-image-wrapper\" aria-haspopup=\"true\">\n\t\n\t\n\t\n\t\t\n\t\t\t\t\t<img decoding=\"async\" width=\"400\" height=\"276\" src=\"https:\/\/www.aquimicasa.net\/blog\/wp-content\/uploads\/Cabo-de-Palos-e1643532278484.jpg\" class=\"attachment-full size-full wp-post-image\" alt=\"Casas para vivir en Cabo de Palos\" \/>\n\t\n\n\t\t<div class=\"fusion-rollover\">\n\t<div class=\"fusion-rollover-content\">\n\n\t\t\t\t\n\t\t\n\t\t\t\t\t\t\t\t\t\t\t\t<h4 class=\"fusion-rollover-title\">\n\t\t\t\t\t<a class=\"fusion-rollover-title-link\" href=\"https:\/\/www.aquimicasa.net\/blog\/vivienda\/agencias-inmobiliarias\/casas-para-vivir-en-cabo-de-palos\/\">\n\t\t\t\t\t\tCasas para vivir en Cabo de Palos\t\t\t\t\t<\/a>\n\t\t\t\t<\/h4>\n\t\t\t\n\t\t\t\t\t\t\t\t\n\t\t\n\t\t\t\t\t\t<a class=\"fusion-link-wrapper\" href=\"https:\/\/www.aquimicasa.net\/blog\/vivienda\/agencias-inmobiliarias\/casas-para-vivir-en-cabo-de-palos\/\" aria-label=\"Casas para vivir en Cabo de Palos\"><\/a>\n\t<\/div>\n<\/div>\n\n\t\n<\/div>\n<\/li>\n\t\t\t\n\t\t\t\n\t\t\t\t\t\t\t\t\t\t\t\t\t\t\t\t\t\t\t\t\t\t\t\t\t\t\t\t\t\t\t\t\t\t\t\t\t\t\t\t\t\t\t\t\t\t\t\t\t\t\t\t\t\t\t\t\t\t\t\t\t\t\t\t\t\t\t\t<\/ul>\n\t<\/div>\n\t<div class=\"fusion-post-content-wrapper\" style=\"padding:30px 25px 20px 25px;\"><div class=\"fusion-post-content post-content\"><h2 class=\"blog-shortcode-post-title entry-title\"><a href=\"https:\/\/www.aquimicasa.net\/blog\/vivienda\/agencias-inmobiliarias\/casas-para-vivir-en-cabo-de-palos\/\">Casas para vivir en Cabo de Palos<\/a><\/h2><p class=\"fusion-single-line-meta\"><span class=\"updated\" style=\"display:none;\">2025-02-11T20:35:29+01:00<\/span>Por <span class=\"vcard\"><span class=\"fn\"><a href=\"https:\/\/www.aquimicasa.net\/blog\/author\/eduardo\/\" title=\"Entradas de Eduardo Lizarraga\" rel=\"author\">Eduardo Lizarraga<\/a><\/span><\/span><span class=\"fusion-inline-sep\">|<\/span><a href=\"https:\/\/www.aquimicasa.net\/blog\/noticias\/vivienda\/agencias-inmobiliarias\/\" rel=\"category tag\">Agencias Inmobiliarias<\/a><span class=\"fusion-inline-sep\">|<\/span><\/p><div class=\"fusion-content-sep sep-double sep-solid\" style=\"border-color:#ebeaea;\"><\/div><div class=\"fusion-post-content-container\"><p>Si pasar unas vacaciones en Cabo de Palos es algo inolvidable, vivir en esta pen\u00ednsula so\u00f1ada por los antiguos y reservada para sus dioses es estar cerca del cielo. Del azul del cielo y del azul del Mar Mediterr\u00e1neo que lo envuelve todo.<\/p><\/div><\/div><\/div><div class=\"fusion-clearfix\"><\/div><\/div>\n<\/article>\n<article id=\"blog-2-post-28143\" class=\"fusion-post-grid post-28143 post type-post status-publish format-standard has-post-thumbnail hentry category-agencias-inmobiliarias tag-agencia-boletin-1 tag-les-maisons-de-inversomar tag-lo-pagan tag-pisos-y-casas-para-la-playa-en-san-pedro-del-pinatar tag-san-javier tag-san-pedro-del-pinatar\">\n<div class=\"fusion-post-wrapper\" style=\"background-color:rgba(255,255,255,0);border:1px solid #ebeaea;border-bottom-width:3px;\">\n\n\t\t\t<div class=\"fusion-flexslider flexslider fusion-flexslider-loading fusion-post-slideshow\" style=\"border-color:#ebeaea;\">\n\t\t<ul class=\"slides\">\n\t\t\t\n\t\t\t\t\t\t\t\t\t\t\t\t\t\t<li>\n\n<div  class=\"fusion-image-wrapper\" aria-haspopup=\"true\">\n\t\n\t\n\t\n\t\t\n\t\t\t\t\t<img decoding=\"async\" width=\"667\" height=\"500\" src=\"https:\/\/www.aquimicasa.net\/blog\/wp-content\/uploads\/San-Pedro6.jpg\" class=\"attachment-full size-full wp-post-image\" alt=\"\" srcset=\"https:\/\/www.aquimicasa.net\/blog\/wp-content\/uploads\/San-Pedro6-200x150.jpg 200w, https:\/\/www.aquimicasa.net\/blog\/wp-content\/uploads\/San-Pedro6-400x300.jpg 400w, https:\/\/www.aquimicasa.net\/blog\/wp-content\/uploads\/San-Pedro6-600x450.jpg 600w, https:\/\/www.aquimicasa.net\/blog\/wp-content\/uploads\/San-Pedro6.jpg 667w\" sizes=\"(min-width: 2200px) 100vw, (min-width: 784px) 340px, (min-width: 712px) 510px, (min-width: 640px) 712px, \" \/>\n\t\n\n\t\t<div class=\"fusion-rollover\">\n\t<div class=\"fusion-rollover-content\">\n\n\t\t\t\t\n\t\t\n\t\t\t\t\t\t\t\t\t\t\t\t<h4 class=\"fusion-rollover-title\">\n\t\t\t\t\t<a class=\"fusion-rollover-title-link\" href=\"https:\/\/www.aquimicasa.net\/blog\/vivienda\/agencias-inmobiliarias\/pisos-y-casas-en-venta-para-la-playa-en-san-pedro-del-pinatar\/\">\n\t\t\t\t\t\tPisos y casas en venta para la playa en San Pedro del Pinatar\t\t\t\t\t<\/a>\n\t\t\t\t<\/h4>\n\t\t\t\n\t\t\t\t\t\t\t\t\n\t\t\n\t\t\t\t\t\t<a class=\"fusion-link-wrapper\" href=\"https:\/\/www.aquimicasa.net\/blog\/vivienda\/agencias-inmobiliarias\/pisos-y-casas-en-venta-para-la-playa-en-san-pedro-del-pinatar\/\" aria-label=\"Pisos y casas en venta para la playa en San Pedro del Pinatar\"><\/a>\n\t<\/div>\n<\/div>\n\n\t\n<\/div>\n<\/li>\n\t\t\t\n\t\t\t\n\t\t\t\t\t\t\t\t\t\t\t\t\t\t\t\t\t\t\t\t\t\t\t\t\t\t\t\t\t\t\t\t\t\t\t\t\t\t\t\t\t\t\t\t\t\t\t\t\t\t\t\t\t\t\t\t\t\t\t\t\t\t\t\t\t\t\t\t<\/ul>\n\t<\/div>\n\t<div class=\"fusion-post-content-wrapper\" style=\"padding:30px 25px 20px 25px;\"><div class=\"fusion-post-content post-content\"><h2 class=\"blog-shortcode-post-title entry-title\"><a href=\"https:\/\/www.aquimicasa.net\/blog\/vivienda\/agencias-inmobiliarias\/pisos-y-casas-en-venta-para-la-playa-en-san-pedro-del-pinatar\/\">Pisos y casas en venta para la playa en San Pedro del Pinatar<\/a><\/h2><p class=\"fusion-single-line-meta\"><span class=\"updated\" style=\"display:none;\">2024-04-08T12:27:27+02:00<\/span>Por <span class=\"vcard\"><span class=\"fn\"><a href=\"https:\/\/www.aquimicasa.net\/blog\/author\/eduardo\/\" title=\"Entradas de Eduardo Lizarraga\" rel=\"author\">Eduardo Lizarraga<\/a><\/span><\/span><span class=\"fusion-inline-sep\">|<\/span><a href=\"https:\/\/www.aquimicasa.net\/blog\/noticias\/vivienda\/agencias-inmobiliarias\/\" rel=\"category tag\">Agencias Inmobiliarias<\/a><span class=\"fusion-inline-sep\">|<\/span><\/p><div class=\"fusion-content-sep sep-double sep-solid\" style=\"border-color:#ebeaea;\"><\/div><div class=\"fusion-post-content-container\"><p>El maravilloso clima de esta zona del Levante, con inviernos suaves y veranos algo calurosos y una temperatura media anual de algo m\u00e1s de 17 grados, con una 2.500 horas de sol, hacen de San Pedro del Pinatar un lugar ideal para los veranos y los inviernos. Las actividades al aire libre, la n\u00e1utica y el medio ambiente han conseguido que cada vez m\u00e1s personas busquen pisos y casas para la playa en San Pedro del Pinatar.<\/p><\/div><\/div><\/div><div class=\"fusion-clearfix\"><\/div><\/div>\n<\/article>\n<article id=\"blog-2-post-24991\" class=\"fusion-post-grid post-24991 post type-post status-publish format-standard has-post-thumbnail hentry category-agencias-inmobiliarias tag-agencia-boletin-1 tag-nosoloinmo tag-piso-en-alquiler-en-el-centro-de-valencia tag-piso-en-venta-en-el-centro-de-valencia\">\n<div class=\"fusion-post-wrapper\" style=\"background-color:rgba(255,255,255,0);border:1px solid #ebeaea;border-bottom-width:3px;\">\n\n\t\t\t<div class=\"fusion-flexslider flexslider fusion-flexslider-loading fusion-post-slideshow\" style=\"border-color:#ebeaea;\">\n\t\t<ul class=\"slides\">\n\t\t\t\n\t\t\t\t\t\t\t\t\t\t\t\t\t\t<li>\n\n<div  class=\"fusion-image-wrapper\" aria-haspopup=\"true\">\n\t\n\t\n\t\n\t\t\n\t\t\t\t\t<img decoding=\"async\" width=\"303\" height=\"227\" src=\"https:\/\/www.aquimicasa.net\/blog\/wp-content\/uploads\/Valencia4-2.jpg\" class=\"attachment-full size-full wp-post-image\" alt=\"El mercado inmobiliario en Valencia se comporta mejor que en el resto del Estado\" \/>\n\t\n\n\t\t<div class=\"fusion-rollover\">\n\t<div class=\"fusion-rollover-content\">\n\n\t\t\t\t\n\t\t\n\t\t\t\t\t\t\t\t\t\t\t\t<h4 class=\"fusion-rollover-title\">\n\t\t\t\t\t<a class=\"fusion-rollover-title-link\" href=\"https:\/\/www.aquimicasa.net\/blog\/vivienda\/agencias-inmobiliarias\/pisos-y-casas-en-venta-para-vivir-en-la-zona-centro-de-valencia\/\">\n\t\t\t\t\t\tPisos y casas en venta para vivir en la zona centro de Valencia\t\t\t\t\t<\/a>\n\t\t\t\t<\/h4>\n\t\t\t\n\t\t\t\t\t\t\t\t\n\t\t\n\t\t\t\t\t\t<a class=\"fusion-link-wrapper\" href=\"https:\/\/www.aquimicasa.net\/blog\/vivienda\/agencias-inmobiliarias\/pisos-y-casas-en-venta-para-vivir-en-la-zona-centro-de-valencia\/\" aria-label=\"Pisos y casas en venta para vivir en la zona centro de Valencia\"><\/a>\n\t<\/div>\n<\/div>\n\n\t\n<\/div>\n<\/li>\n\t\t\t\n\t\t\t\n\t\t\t\t\t\t\t\t\t\t\t\t\t\t\t\t\t\t\t\t\t\t\t\t\t\t\t\t\t\t\t\t\t\t\t\t\t\t\t\t\t\t\t\t\t\t\t\t\t\t\t\t\t\t\t\t\t\t\t\t\t\t\t\t\t\t\t\t<\/ul>\n\t<\/div>\n\t<div class=\"fusion-post-content-wrapper\" style=\"padding:30px 25px 20px 25px;\"><div class=\"fusion-post-content post-content\"><h2 class=\"blog-shortcode-post-title entry-title\"><a href=\"https:\/\/www.aquimicasa.net\/blog\/vivienda\/agencias-inmobiliarias\/pisos-y-casas-en-venta-para-vivir-en-la-zona-centro-de-valencia\/\">Pisos y casas en venta para vivir en la zona centro de Valencia<\/a><\/h2><p class=\"fusion-single-line-meta\"><span class=\"updated\" style=\"display:none;\">2025-09-16T20:07:17+02:00<\/span>Por <span class=\"vcard\"><span class=\"fn\"><a href=\"https:\/\/www.aquimicasa.net\/blog\/author\/eduardo\/\" title=\"Entradas de Eduardo Lizarraga\" rel=\"author\">Eduardo Lizarraga<\/a><\/span><\/span><span class=\"fusion-inline-sep\">|<\/span><a href=\"https:\/\/www.aquimicasa.net\/blog\/noticias\/vivienda\/agencias-inmobiliarias\/\" rel=\"category tag\">Agencias Inmobiliarias<\/a><span class=\"fusion-inline-sep\">|<\/span><\/p><div class=\"fusion-content-sep sep-double sep-solid\" style=\"border-color:#ebeaea;\"><\/div><div class=\"fusion-post-content-container\"><p>Pisos y casas en venta para vivir en la zona centro de Valencia. La zona de la almendra central en Valencia est\u00e1 conociendo un fuerte incremento de precios de los inmuebles, tanto en venta como en alquiler.<\/p><\/div><\/div><\/div><div class=\"fusion-clearfix\"><\/div><\/div>\n<\/article>\n<article id=\"blog-2-post-28637\" class=\"fusion-post-grid post-28637 post type-post status-publish format-standard has-post-thumbnail hentry category-agencias-inmobiliarias tag-agencia-boletin-1 tag-apartamentos-en-alquiler-en-la-manga tag-apartamentos-en-venta-en-la-manga tag-casas-en-alquiler-en-la-manga tag-casas-en-venta-en-la-manga tag-chalets-en-venta-en-la-manga-del-mar-menor tag-manga-del-mar-menor\">\n<div class=\"fusion-post-wrapper\" style=\"background-color:rgba(255,255,255,0);border:1px solid #ebeaea;border-bottom-width:3px;\">\n\n\t\t\t<div class=\"fusion-flexslider flexslider fusion-flexslider-loading fusion-post-slideshow\" style=\"border-color:#ebeaea;\">\n\t\t<ul class=\"slides\">\n\t\t\t\n\t\t\t\t\t\t\t\t\t\t\t\t\t\t<li>\n\n<div  class=\"fusion-image-wrapper\" aria-haspopup=\"true\">\n\t\n\t\n\t\n\t\t\n\t\t\t\t\t<img decoding=\"async\" width=\"400\" height=\"244\" src=\"https:\/\/www.aquimicasa.net\/blog\/wp-content\/uploads\/Murcia21-e1478691732693.jpg\" class=\"attachment-full size-full wp-post-image\" alt=\"\" \/>\n\t\n\n\t\t<div class=\"fusion-rollover\">\n\t<div class=\"fusion-rollover-content\">\n\n\t\t\t\t\n\t\t\n\t\t\t\t\t\t\t\t\t\t\t\t<h4 class=\"fusion-rollover-title\">\n\t\t\t\t\t<a class=\"fusion-rollover-title-link\" href=\"https:\/\/www.aquimicasa.net\/blog\/vivienda\/agencias-inmobiliarias\/mejor-oferta-de-casas-en-venta-en-la-manga-del-mar-menor\/\">\n\t\t\t\t\t\tMejor oferta de casas en venta en La Manga del Mar Menor\t\t\t\t\t<\/a>\n\t\t\t\t<\/h4>\n\t\t\t\n\t\t\t\t\t\t\t\t\n\t\t\n\t\t\t\t\t\t<a class=\"fusion-link-wrapper\" href=\"https:\/\/www.aquimicasa.net\/blog\/vivienda\/agencias-inmobiliarias\/mejor-oferta-de-casas-en-venta-en-la-manga-del-mar-menor\/\" aria-label=\"Mejor oferta de casas en venta en La Manga del Mar Menor\"><\/a>\n\t<\/div>\n<\/div>\n\n\t\n<\/div>\n<\/li>\n\t\t\t\n\t\t\t\n\t\t\t\t\t\t\t\t\t\t\t\t\t\t\t\t\t\t\t\t\t\t\t\t\t\t\t\t\t\t\t\t\t\t\t\t\t\t\t\t\t\t\t\t\t\t\t\t\t\t\t\t\t\t\t\t\t\t\t\t\t\t\t\t\t\t\t\t<\/ul>\n\t<\/div>\n\t<div class=\"fusion-post-content-wrapper\" style=\"padding:30px 25px 20px 25px;\"><div class=\"fusion-post-content post-content\"><h2 class=\"blog-shortcode-post-title entry-title\"><a href=\"https:\/\/www.aquimicasa.net\/blog\/vivienda\/agencias-inmobiliarias\/mejor-oferta-de-casas-en-venta-en-la-manga-del-mar-menor\/\">Mejor oferta de casas en venta en La Manga del Mar Menor<\/a><\/h2><p class=\"fusion-single-line-meta\"><span class=\"updated\" style=\"display:none;\">2025-02-11T20:42:39+01:00<\/span>Por <span class=\"vcard\"><span class=\"fn\"><a href=\"https:\/\/www.aquimicasa.net\/blog\/author\/eduardo\/\" title=\"Entradas de Eduardo Lizarraga\" rel=\"author\">Eduardo Lizarraga<\/a><\/span><\/span><span class=\"fusion-inline-sep\">|<\/span><a href=\"https:\/\/www.aquimicasa.net\/blog\/noticias\/vivienda\/agencias-inmobiliarias\/\" rel=\"category tag\">Agencias Inmobiliarias<\/a><span class=\"fusion-inline-sep\">|<\/span><\/p><div class=\"fusion-content-sep sep-double sep-solid\" style=\"border-color:#ebeaea;\"><\/div><div class=\"fusion-post-content-container\"><p>Poco pod\u00edan imaginar los primitivos habitantes de aquel poblado del bronce tard\u00edo, que viv\u00edan de la pesca y el marisqueo, que treinta siglos despu\u00e9s, donde se asentaban sus caba\u00f1as, se alzar\u00edan torres de cemento, con vecinos de muchos pa\u00edses europeos, que convertir\u00edan a La Manga del Mar Menor en un centro tur\u00edstico de primer orden y en el m\u00e1s representativo de toda la denominada Costa C\u00e1lida. Un lugar donde buscar casas en venta para vivir en La Manga del Mar Menor y disfrutar del verano y de la vida.<\/p><\/div><\/div><\/div><div class=\"fusion-clearfix\"><\/div><\/div>\n<\/article>\n<article id=\"blog-2-post-27281\" class=\"fusion-post-grid post-27281 post type-post status-publish format-standard has-post-thumbnail hentry category-agencias-inmobiliarias tag-agencia-boletin-1 tag-casas-en-el-maresme tag-casas-en-venta-en-sant-andreu-de-llavaneres tag-el-maresme tag-gp-casa tag-sant-andreu-de-llavaneres\">\n<div class=\"fusion-post-wrapper\" style=\"background-color:rgba(255,255,255,0);border:1px solid #ebeaea;border-bottom-width:3px;\">\n\n\t\t\t<div class=\"fusion-flexslider flexslider fusion-flexslider-loading fusion-post-slideshow\" style=\"border-color:#ebeaea;\">\n\t\t<ul class=\"slides\">\n\t\t\t\n\t\t\t\t\t\t\t\t\t\t\t\t\t\t<li>\n\n<div  class=\"fusion-image-wrapper\" aria-haspopup=\"true\">\n\t\n\t\n\t\n\t\t\n\t\t\t\t\t<img decoding=\"async\" width=\"829\" height=\"500\" src=\"https:\/\/www.aquimicasa.net\/blog\/wp-content\/uploads\/Sant-Andreu-de-Llavaneres2.jpg\" class=\"attachment-full size-full wp-post-image\" alt=\"\" srcset=\"https:\/\/www.aquimicasa.net\/blog\/wp-content\/uploads\/Sant-Andreu-de-Llavaneres2-200x121.jpg 200w, https:\/\/www.aquimicasa.net\/blog\/wp-content\/uploads\/Sant-Andreu-de-Llavaneres2-400x241.jpg 400w, https:\/\/www.aquimicasa.net\/blog\/wp-content\/uploads\/Sant-Andreu-de-Llavaneres2-600x362.jpg 600w, https:\/\/www.aquimicasa.net\/blog\/wp-content\/uploads\/Sant-Andreu-de-Llavaneres2-800x483.jpg 800w, https:\/\/www.aquimicasa.net\/blog\/wp-content\/uploads\/Sant-Andreu-de-Llavaneres2.jpg 829w\" sizes=\"(min-width: 2200px) 100vw, (min-width: 784px) 340px, (min-width: 712px) 510px, (min-width: 640px) 712px, \" \/>\n\t\n\n\t\t<div class=\"fusion-rollover\">\n\t<div class=\"fusion-rollover-content\">\n\n\t\t\t\t\n\t\t\n\t\t\t\t\t\t\t\t\t\t\t\t<h4 class=\"fusion-rollover-title\">\n\t\t\t\t\t<a class=\"fusion-rollover-title-link\" href=\"https:\/\/www.aquimicasa.net\/blog\/vivienda\/agencias-inmobiliarias\/pisos-y-casas-en-venta-para-vivir-en-sant-andreu-de-llavaneres\/\">\n\t\t\t\t\t\tPisos y casas en venta para vivir en Sant Andreu de Llavaneres\t\t\t\t\t<\/a>\n\t\t\t\t<\/h4>\n\t\t\t\n\t\t\t\t\t\t\t\t\n\t\t\n\t\t\t\t\t\t<a class=\"fusion-link-wrapper\" href=\"https:\/\/www.aquimicasa.net\/blog\/vivienda\/agencias-inmobiliarias\/pisos-y-casas-en-venta-para-vivir-en-sant-andreu-de-llavaneres\/\" aria-label=\"Pisos y casas en venta para vivir en Sant Andreu de Llavaneres\"><\/a>\n\t<\/div>\n<\/div>\n\n\t\n<\/div>\n<\/li>\n\t\t\t\n\t\t\t\n\t\t\t\t\t\t\t\t\t\t\t\t\t\t\t\t\t\t\t\t\t\t\t\t\t\t\t\t\t\t\t\t\t\t\t\t\t\t\t\t\t\t\t\t\t\t\t\t\t\t\t\t\t\t\t\t\t\t\t\t\t\t\t\t\t\t\t\t<\/ul>\n\t<\/div>\n\t<div class=\"fusion-post-content-wrapper\" style=\"padding:30px 25px 20px 25px;\"><div class=\"fusion-post-content post-content\"><h2 class=\"blog-shortcode-post-title entry-title\"><a href=\"https:\/\/www.aquimicasa.net\/blog\/vivienda\/agencias-inmobiliarias\/pisos-y-casas-en-venta-para-vivir-en-sant-andreu-de-llavaneres\/\">Pisos y casas en venta para vivir en Sant Andreu de Llavaneres<\/a><\/h2><p class=\"fusion-single-line-meta\"><span class=\"updated\" style=\"display:none;\">2021-05-03T22:53:11+02:00<\/span>Por <span class=\"vcard\"><span class=\"fn\"><a href=\"https:\/\/www.aquimicasa.net\/blog\/author\/eduardo\/\" title=\"Entradas de Eduardo Lizarraga\" rel=\"author\">Eduardo Lizarraga<\/a><\/span><\/span><span class=\"fusion-inline-sep\">|<\/span><a href=\"https:\/\/www.aquimicasa.net\/blog\/noticias\/vivienda\/agencias-inmobiliarias\/\" rel=\"category tag\">Agencias Inmobiliarias<\/a><span class=\"fusion-inline-sep\">|<\/span><\/p><div class=\"fusion-content-sep sep-double sep-solid\" style=\"border-color:#ebeaea;\"><\/div><div class=\"fusion-post-content-container\"><p>La oferta de Pisos y casas en venta para vivir en Sant Andreu de Llavaneres es muy completa y GP Casa puede ayudarle a conseguir la mejor oportunidad.<\/p><\/div><\/div><\/div><div class=\"fusion-clearfix\"><\/div><\/div>\n<\/article>\n<article id=\"blog-2-post-27046\" class=\"fusion-post-grid post-27046 post type-post status-publish format-standard has-post-thumbnail hentry category-agencias-inmobiliarias tag-agencia-boletin-1 tag-chalets-en-alquiler-en-san-javier tag-chalets-en-venta-en-san-javier tag-los-alcazares tag-pisos-en-alquiler-en-san-javier tag-pisos-en-venta-en-san-javier tag-san-javier tag-san-pedro-del-pinatar tag-torre-pacheco\">\n<div class=\"fusion-post-wrapper\" style=\"background-color:rgba(255,255,255,0);border:1px solid #ebeaea;border-bottom-width:3px;\">\n\n\t\t\t<div class=\"fusion-flexslider flexslider fusion-flexslider-loading fusion-post-slideshow\" style=\"border-color:#ebeaea;\">\n\t\t<ul class=\"slides\">\n\t\t\t\n\t\t\t\t\t\t\t\t\t\t\t\t\t\t<li>\n\n<div  class=\"fusion-image-wrapper\" aria-haspopup=\"true\">\n\t\n\t\n\t\n\t\t\n\t\t\t\t\t<img decoding=\"async\" width=\"700\" height=\"280\" src=\"https:\/\/www.aquimicasa.net\/blog\/wp-content\/uploads\/San-javier1.jpg\" class=\"attachment-full size-full wp-post-image\" alt=\"\" srcset=\"https:\/\/www.aquimicasa.net\/blog\/wp-content\/uploads\/San-javier1-200x80.jpg 200w, https:\/\/www.aquimicasa.net\/blog\/wp-content\/uploads\/San-javier1-400x160.jpg 400w, https:\/\/www.aquimicasa.net\/blog\/wp-content\/uploads\/San-javier1-600x240.jpg 600w, https:\/\/www.aquimicasa.net\/blog\/wp-content\/uploads\/San-javier1.jpg 700w\" sizes=\"(min-width: 2200px) 100vw, (min-width: 784px) 340px, (min-width: 712px) 510px, (min-width: 640px) 712px, \" \/>\n\t\n\n\t\t<div class=\"fusion-rollover\">\n\t<div class=\"fusion-rollover-content\">\n\n\t\t\t\t\n\t\t\n\t\t\t\t\t\t\t\t\t\t\t\t<h4 class=\"fusion-rollover-title\">\n\t\t\t\t\t<a class=\"fusion-rollover-title-link\" href=\"https:\/\/www.aquimicasa.net\/blog\/vivienda\/agencias-inmobiliarias\/pisos-y-casas-en-venta-para-la-playa-en-san-javier\/\">\n\t\t\t\t\t\tPisos y casas en venta para la playa en San Javier\t\t\t\t\t<\/a>\n\t\t\t\t<\/h4>\n\t\t\t\n\t\t\t\t\t\t\t\t\n\t\t\n\t\t\t\t\t\t<a class=\"fusion-link-wrapper\" href=\"https:\/\/www.aquimicasa.net\/blog\/vivienda\/agencias-inmobiliarias\/pisos-y-casas-en-venta-para-la-playa-en-san-javier\/\" aria-label=\"Pisos y casas en venta para la playa en San Javier\"><\/a>\n\t<\/div>\n<\/div>\n\n\t\n<\/div>\n<\/li>\n\t\t\t\n\t\t\t\n\t\t\t\t\t\t\t\t\t\t\t\t\t\t\t\t\t\t\t\t\t\t\t\t\t\t\t\t\t\t\t\t\t\t\t\t\t\t\t\t\t\t\t\t\t\t\t\t\t\t\t\t\t\t\t\t\t\t\t\t\t\t\t\t\t\t\t\t<\/ul>\n\t<\/div>\n\t<div class=\"fusion-post-content-wrapper\" style=\"padding:30px 25px 20px 25px;\"><div class=\"fusion-post-content post-content\"><h2 class=\"blog-shortcode-post-title entry-title\"><a href=\"https:\/\/www.aquimicasa.net\/blog\/vivienda\/agencias-inmobiliarias\/pisos-y-casas-en-venta-para-la-playa-en-san-javier\/\">Pisos y casas en venta para la playa en San Javier<\/a><\/h2><p class=\"fusion-single-line-meta\"><span class=\"updated\" style=\"display:none;\">2021-03-20T08:06:05+01:00<\/span>Por <span class=\"vcard\"><span class=\"fn\"><a href=\"https:\/\/www.aquimicasa.net\/blog\/author\/eduardo\/\" title=\"Entradas de Eduardo Lizarraga\" rel=\"author\">Eduardo Lizarraga<\/a><\/span><\/span><span class=\"fusion-inline-sep\">|<\/span><a href=\"https:\/\/www.aquimicasa.net\/blog\/noticias\/vivienda\/agencias-inmobiliarias\/\" rel=\"category tag\">Agencias Inmobiliarias<\/a><span class=\"fusion-inline-sep\">|<\/span><\/p><div class=\"fusion-content-sep sep-double sep-solid\" style=\"border-color:#ebeaea;\"><\/div><div class=\"fusion-post-content-container\"><p>las playas son el principal atractivo para el turismo en San Javier. Ubicadas en Santiago de la Ribera y La Manga, son numerosas y para todos los gustos. Interiores, hacia las aguas tranquilas y c\u00e1lidas del mar Menor, \u00a0o m\u00e1s abiertas en el Mediterr\u00e1neo. En toda la zona, inmobiliarias como \"Costa Sureste\" disponen de pisos y casas en venta para la playa en San Javier<\/p><\/div><\/div><\/div><div class=\"fusion-clearfix\"><\/div><\/div>\n<\/article>\n<article id=\"blog-2-post-25631\" class=\"fusion-post-grid post-25631 post type-post status-publish format-standard has-post-thumbnail hentry category-compraventa-de-viviendas tag-agencia-boletin-1 tag-barrio-retiro tag-barrio-salamanca tag-infocasa-consulting\">\n<div class=\"fusion-post-wrapper\" style=\"background-color:rgba(255,255,255,0);border:1px solid #ebeaea;border-bottom-width:3px;\">\n\n\t\t\t<div class=\"fusion-flexslider flexslider fusion-flexslider-loading fusion-post-slideshow\" style=\"border-color:#ebeaea;\">\n\t\t<ul class=\"slides\">\n\t\t\t\n\t\t\t\t\t\t\t\t\t\t\t\t\t\t<li>\n\n<div  class=\"fusion-image-wrapper\" aria-haspopup=\"true\">\n\t\n\t\n\t\n\t\t\n\t\t\t\t\t<img decoding=\"async\" width=\"644\" height=\"362\" src=\"https:\/\/www.aquimicasa.net\/blog\/wp-content\/uploads\/Retiro-madrid5.jpg\" class=\"attachment-full size-full wp-post-image\" alt=\"Pisos en venta zona Salamanca Retiro\" srcset=\"https:\/\/www.aquimicasa.net\/blog\/wp-content\/uploads\/Retiro-madrid5-200x112.jpg 200w, https:\/\/www.aquimicasa.net\/blog\/wp-content\/uploads\/Retiro-madrid5-400x225.jpg 400w, https:\/\/www.aquimicasa.net\/blog\/wp-content\/uploads\/Retiro-madrid5-600x337.jpg 600w, https:\/\/www.aquimicasa.net\/blog\/wp-content\/uploads\/Retiro-madrid5.jpg 644w\" sizes=\"(min-width: 2200px) 100vw, (min-width: 784px) 340px, (min-width: 712px) 510px, (min-width: 640px) 712px, \" \/>\n\t\n\n\t\t<div class=\"fusion-rollover\">\n\t<div class=\"fusion-rollover-content\">\n\n\t\t\t\t\n\t\t\n\t\t\t\t\t\t\t\t\t\t\t\t<h4 class=\"fusion-rollover-title\">\n\t\t\t\t\t<a class=\"fusion-rollover-title-link\" href=\"https:\/\/www.aquimicasa.net\/blog\/vivienda\/compraventa-de-viviendas\/pisos-en-venta-para-vivir-en-salamanca-retiro\/\">\n\t\t\t\t\t\tPisos en venta para vivir en Salamanca Retiro\t\t\t\t\t<\/a>\n\t\t\t\t<\/h4>\n\t\t\t\n\t\t\t\t\t\t\t\t\n\t\t\n\t\t\t\t\t\t<a class=\"fusion-link-wrapper\" href=\"https:\/\/www.aquimicasa.net\/blog\/vivienda\/compraventa-de-viviendas\/pisos-en-venta-para-vivir-en-salamanca-retiro\/\" aria-label=\"Pisos en venta para vivir en Salamanca Retiro\"><\/a>\n\t<\/div>\n<\/div>\n\n\t\n<\/div>\n<\/li>\n\t\t\t\n\t\t\t\n\t\t\t\t\t\t\t\t\t\t\t\t\t\t\t\t\t\t\t\t\t\t\t\t\t\t\t\t\t\t\t\t\t\t\t\t\t\t\t\t\t\t\t\t\t\t\t\t\t\t\t\t\t\t\t\t\t\t\t\t\t\t\t\t\t\t\t\t<\/ul>\n\t<\/div>\n\t<div class=\"fusion-post-content-wrapper\" style=\"padding:30px 25px 20px 25px;\"><div class=\"fusion-post-content post-content\"><h2 class=\"blog-shortcode-post-title entry-title\"><a href=\"https:\/\/www.aquimicasa.net\/blog\/vivienda\/compraventa-de-viviendas\/pisos-en-venta-para-vivir-en-salamanca-retiro\/\">Pisos en venta para vivir en Salamanca Retiro<\/a><\/h2><p class=\"fusion-single-line-meta\"><span class=\"updated\" style=\"display:none;\">2024-09-01T11:15:52+02:00<\/span>Por <span class=\"vcard\"><span class=\"fn\"><a href=\"https:\/\/www.aquimicasa.net\/blog\/author\/eduardo\/\" title=\"Entradas de Eduardo Lizarraga\" rel=\"author\">Eduardo Lizarraga<\/a><\/span><\/span><span class=\"fusion-inline-sep\">|<\/span><a href=\"https:\/\/www.aquimicasa.net\/blog\/noticias\/vivienda\/compraventa-de-viviendas\/\" rel=\"category tag\">Compra Venta<\/a><span class=\"fusion-inline-sep\">|<\/span><\/p><div class=\"fusion-content-sep sep-double sep-solid\" style=\"border-color:#ebeaea;\"><\/div><div class=\"fusion-post-content-container\"><p>El Parque del Retiro, adem\u00e1s de ser el gran pulm\u00f3n de Madrid, se ha consolidado en los \u00faltimos a\u00f1os como un valor refugio para todas las viviendas de sus cercan\u00edas. No baj\u00f3 tanto con la crisis inmobiliaria y ha vuelto a consolidar su precio con rapidez. Comprar un\u00a0piso en venta para vivir en Salamanca Retiro es un valor seguro.<\/p><\/div><\/div><\/div><div class=\"fusion-clearfix\"><\/div><\/div>\n<\/article>\n<article id=\"blog-2-post-24373\" class=\"fusion-post-grid post-24373 post type-post status-publish format-standard has-post-thumbnail hentry category-agencias-inmobiliarias tag-agencia-boletin-1 tag-casas-en-venta-en-segur-de-calafell tag-merkapiso tag-pisos-en-venta-en-segur-de-calafell tag-playa-de-calafell tag-segur-de-calafell\">\n<div class=\"fusion-post-wrapper\" style=\"background-color:rgba(255,255,255,0);border:1px solid #ebeaea;border-bottom-width:3px;\">\n\n\t\t\t<div class=\"fusion-flexslider flexslider fusion-flexslider-loading fusion-post-slideshow\" style=\"border-color:#ebeaea;\">\n\t\t<ul class=\"slides\">\n\t\t\t\n\t\t\t\t\t\t\t\t\t\t\t\t\t\t<li>\n\n<div  class=\"fusion-image-wrapper\" aria-haspopup=\"true\">\n\t\n\t\n\t\n\t\t\n\t\t\t\t\t<img decoding=\"async\" width=\"600\" height=\"239\" src=\"https:\/\/www.aquimicasa.net\/blog\/wp-content\/uploads\/Calafell1-e1554149517541.jpg\" class=\"attachment-full size-full wp-post-image\" alt=\"\" \/>\n\t\n\n\t\t<div class=\"fusion-rollover\">\n\t<div class=\"fusion-rollover-content\">\n\n\t\t\t\t\n\t\t\n\t\t\t\t\t\t\t\t\t\t\t\t<h4 class=\"fusion-rollover-title\">\n\t\t\t\t\t<a class=\"fusion-rollover-title-link\" href=\"https:\/\/www.aquimicasa.net\/blog\/vivienda\/agencias-inmobiliarias\/pisos-y-casas-en-venta-en-segur-de-calafell\/\">\n\t\t\t\t\t\tPisos y casas en venta en Segur de Calafell\t\t\t\t\t<\/a>\n\t\t\t\t<\/h4>\n\t\t\t\n\t\t\t\t\t\t\t\t\n\t\t\n\t\t\t\t\t\t<a class=\"fusion-link-wrapper\" href=\"https:\/\/www.aquimicasa.net\/blog\/vivienda\/agencias-inmobiliarias\/pisos-y-casas-en-venta-en-segur-de-calafell\/\" aria-label=\"Pisos y casas en venta en Segur de Calafell\"><\/a>\n\t<\/div>\n<\/div>\n\n\t\n<\/div>\n<\/li>\n\t\t\t\n\t\t\t\n\t\t\t\t\t\t\t\t\t\t\t\t\t\t\t\t\t\t\t\t\t\t\t\t\t\t\t\t\t\t\t\t\t\t\t\t\t\t\t\t\t\t\t\t\t\t\t\t\t\t\t\t\t\t\t\t\t\t\t\t\t\t\t\t\t\t\t\t<\/ul>\n\t<\/div>\n\t<div class=\"fusion-post-content-wrapper\" style=\"padding:30px 25px 20px 25px;\"><div class=\"fusion-post-content post-content\"><h2 class=\"blog-shortcode-post-title entry-title\"><a href=\"https:\/\/www.aquimicasa.net\/blog\/vivienda\/agencias-inmobiliarias\/pisos-y-casas-en-venta-en-segur-de-calafell\/\">Pisos y casas en venta en Segur de Calafell<\/a><\/h2><p class=\"fusion-single-line-meta\"><span class=\"updated\" style=\"display:none;\">2023-06-22T22:07:56+02:00<\/span>Por <span class=\"vcard\"><span class=\"fn\"><a href=\"https:\/\/www.aquimicasa.net\/blog\/author\/eduardo\/\" title=\"Entradas de Eduardo Lizarraga\" rel=\"author\">Eduardo Lizarraga<\/a><\/span><\/span><span class=\"fusion-inline-sep\">|<\/span><a href=\"https:\/\/www.aquimicasa.net\/blog\/noticias\/vivienda\/agencias-inmobiliarias\/\" rel=\"category tag\">Agencias Inmobiliarias<\/a><span class=\"fusion-inline-sep\">|<\/span><\/p><div class=\"fusion-content-sep sep-double sep-solid\" style=\"border-color:#ebeaea;\"><\/div><div class=\"fusion-post-content-container\"><p>Calafell es uno de los municipios tur\u00edsticos m\u00e1s importantes de Tarragona, con numerosos edificios de apartamentos y\u00a0 diferentes urbanizaciones\u00a0 en las que resulta f\u00e1cil encontrar pisos y casas en venta en Segur de Calafell. Adem\u00e1s de la playa \u00a0del verano, cuenta con una importante infraestructura de ocio y gastronom\u00eda durante todo el a\u00f1o. <\/p><\/div><\/div><\/div><div class=\"fusion-clearfix\"><\/div><\/div>\n<\/article>\n<article id=\"blog-2-post-24022\" class=\"fusion-post-grid post-24022 post type-post status-publish format-standard has-post-thumbnail hentry category-agencias-inmobiliarias category-noticias-mercado-inmobiliario tag-agencia-boletin-1 tag-apartamento-en-villajoyosa tag-cala-villajoyosa tag-piso-en-cala-villajoyosa\">\n<div class=\"fusion-post-wrapper\" style=\"background-color:rgba(255,255,255,0);border:1px solid #ebeaea;border-bottom-width:3px;\">\n\n\t\t\t<div class=\"fusion-flexslider flexslider fusion-flexslider-loading fusion-post-slideshow\" style=\"border-color:#ebeaea;\">\n\t\t<ul class=\"slides\">\n\t\t\t\n\t\t\t\t\t\t\t\t\t\t\t\t\t\t<li>\n\n<div  class=\"fusion-image-wrapper\" aria-haspopup=\"true\">\n\t\n\t\n\t\n\t\t\n\t\t\t\t\t<img decoding=\"async\" width=\"400\" height=\"267\" src=\"https:\/\/www.aquimicasa.net\/blog\/wp-content\/uploads\/Villajoyosa3-e1551638931727.jpg\" class=\"attachment-full size-full wp-post-image\" alt=\"\" \/>\n\t\n\n\t\t<div class=\"fusion-rollover\">\n\t<div class=\"fusion-rollover-content\">\n\n\t\t\t\t\n\t\t\n\t\t\t\t\t\t\t\t\t\t\t\t<h4 class=\"fusion-rollover-title\">\n\t\t\t\t\t<a class=\"fusion-rollover-title-link\" href=\"https:\/\/www.aquimicasa.net\/blog\/vivienda\/agencias-inmobiliarias\/apartamentos-y-pisos-en-venta-en-cala-villajoyosa\/\">\n\t\t\t\t\t\tApartamentos y pisos en venta en Cala Villajoyosa\t\t\t\t\t<\/a>\n\t\t\t\t<\/h4>\n\t\t\t\n\t\t\t\t\t\t\t\t\n\t\t\n\t\t\t\t\t\t<a class=\"fusion-link-wrapper\" href=\"https:\/\/www.aquimicasa.net\/blog\/vivienda\/agencias-inmobiliarias\/apartamentos-y-pisos-en-venta-en-cala-villajoyosa\/\" aria-label=\"Apartamentos y pisos en venta en Cala Villajoyosa\"><\/a>\n\t<\/div>\n<\/div>\n\n\t\n<\/div>\n<\/li>\n\t\t\t\n\t\t\t\n\t\t\t\t\t\t\t\t\t\t\t\t\t\t\t\t\t\t\t\t\t\t\t\t\t\t\t\t\t\t\t\t\t\t\t\t\t\t\t\t\t\t\t\t\t\t\t\t\t\t\t\t\t\t\t\t\t\t\t\t\t\t\t\t\t\t\t\t<\/ul>\n\t<\/div>\n\t<div class=\"fusion-post-content-wrapper\" style=\"padding:30px 25px 20px 25px;\"><div class=\"fusion-post-content post-content\"><h2 class=\"blog-shortcode-post-title entry-title\"><a href=\"https:\/\/www.aquimicasa.net\/blog\/vivienda\/agencias-inmobiliarias\/apartamentos-y-pisos-en-venta-en-cala-villajoyosa\/\">Apartamentos y pisos en venta en Cala Villajoyosa<\/a><\/h2><p class=\"fusion-single-line-meta\"><span class=\"updated\" style=\"display:none;\">2021-03-15T08:10:52+01:00<\/span>Por <span class=\"vcard\"><span class=\"fn\"><a href=\"https:\/\/www.aquimicasa.net\/blog\/author\/eduardo\/\" title=\"Entradas de Eduardo Lizarraga\" rel=\"author\">Eduardo Lizarraga<\/a><\/span><\/span><span class=\"fusion-inline-sep\">|<\/span><a href=\"https:\/\/www.aquimicasa.net\/blog\/noticias\/vivienda\/agencias-inmobiliarias\/\" rel=\"category tag\">Agencias Inmobiliarias<\/a>, <a href=\"https:\/\/www.aquimicasa.net\/blog\/noticias\/vivienda\/noticias-mercado-inmobiliario\/\" rel=\"category tag\">Noticias Mercado Inmobiliario<\/a><span class=\"fusion-inline-sep\">|<\/span><\/p><div class=\"fusion-content-sep sep-double sep-solid\" style=\"border-color:#ebeaea;\"><\/div><div class=\"fusion-post-content-container\"><p>Adem\u00e1s de su historia y su gastronom\u00eda, Villajoyosa cuenta con una cuidadas playas y calas, de aguas tranquilas y cristalinas, que son uno de sus principales atractivos veraniegos, todas ellas muy cerca de la ciudad . Ya sean de grava o arena, el sol y la temperatura las convierten en un para\u00edso para todos, ya busquen solo tranquilidad y sol, como cualquier actividad deportiva. La oferta inmobiliaria es amplia y podemos encontrar con facilidad\u00a0Apartamentos y pisos en venta en Cala Villajoyosa.<\/p><\/div><\/div><\/div><div class=\"fusion-clearfix\"><\/div><\/div>\n<\/article>\n<article id=\"blog-2-post-22549\" class=\"fusion-post-grid post-22549 post type-post status-publish format-standard has-post-thumbnail hentry category-agencias-inmobiliarias tag-agencia-boletin-1 tag-navarraviviendas tag-pisos-en-alquiler-en-pamplona tag-pisos-en-venta-en-pamplona\">\n<div class=\"fusion-post-wrapper\" style=\"background-color:rgba(255,255,255,0);border:1px solid #ebeaea;border-bottom-width:3px;\">\n\n\t\t\t<div class=\"fusion-flexslider flexslider fusion-flexslider-loading fusion-post-slideshow\" style=\"border-color:#ebeaea;\">\n\t\t<ul class=\"slides\">\n\t\t\t\n\t\t\t\t\t\t\t\t\t\t\t\t\t\t<li>\n\n<div  class=\"fusion-image-wrapper\" aria-haspopup=\"true\">\n\t\n\t\n\t\n\t\t\n\t\t\t\t\t<img decoding=\"async\" width=\"300\" height=\"237\" src=\"https:\/\/www.aquimicasa.net\/blog\/wp-content\/uploads\/Ensanche-e1542557683121.jpg\" class=\"attachment-full size-full wp-post-image\" alt=\"\" \/>\n\t\n\n\t\t<div class=\"fusion-rollover\">\n\t<div class=\"fusion-rollover-content\">\n\n\t\t\t\t\n\t\t\n\t\t\t\t\t\t\t\t\t\t\t\t<h4 class=\"fusion-rollover-title\">\n\t\t\t\t\t<a class=\"fusion-rollover-title-link\" href=\"https:\/\/www.aquimicasa.net\/blog\/vivienda\/agencias-inmobiliarias\/pisos-en-venta-para-vivir-en-iruna-pamplona\/\">\n\t\t\t\t\t\tPisos en venta para vivir en  Iru\u00f1a-Pamplona\t\t\t\t\t<\/a>\n\t\t\t\t<\/h4>\n\t\t\t\n\t\t\t\t\t\t\t\t\n\t\t\n\t\t\t\t\t\t<a class=\"fusion-link-wrapper\" href=\"https:\/\/www.aquimicasa.net\/blog\/vivienda\/agencias-inmobiliarias\/pisos-en-venta-para-vivir-en-iruna-pamplona\/\" aria-label=\"Pisos en venta para vivir en  Iru\u00f1a-Pamplona\"><\/a>\n\t<\/div>\n<\/div>\n\n\t\n<\/div>\n<\/li>\n\t\t\t\n\t\t\t\n\t\t\t\t\t\t\t\t\t\t\t\t\t\t\t\t\t\t\t\t\t\t\t\t\t\t\t\t\t\t\t\t\t\t\t\t\t\t\t\t\t\t\t\t\t\t\t\t\t\t\t\t\t\t\t\t\t\t\t\t\t\t\t\t\t\t\t\t<\/ul>\n\t<\/div>\n\t<div class=\"fusion-post-content-wrapper\" style=\"padding:30px 25px 20px 25px;\"><div class=\"fusion-post-content post-content\"><h2 class=\"blog-shortcode-post-title entry-title\"><a href=\"https:\/\/www.aquimicasa.net\/blog\/vivienda\/agencias-inmobiliarias\/pisos-en-venta-para-vivir-en-iruna-pamplona\/\">Pisos en venta para vivir en  Iru\u00f1a-Pamplona<\/a><\/h2><p class=\"fusion-single-line-meta\"><span class=\"updated\" style=\"display:none;\">2022-07-07T18:18:19+02:00<\/span>Por <span class=\"vcard\"><span class=\"fn\"><a href=\"https:\/\/www.aquimicasa.net\/blog\/author\/eduardo\/\" title=\"Entradas de Eduardo Lizarraga\" rel=\"author\">Eduardo Lizarraga<\/a><\/span><\/span><span class=\"fusion-inline-sep\">|<\/span><a href=\"https:\/\/www.aquimicasa.net\/blog\/noticias\/vivienda\/agencias-inmobiliarias\/\" rel=\"category tag\">Agencias Inmobiliarias<\/a><span class=\"fusion-inline-sep\">|<\/span><\/p><div class=\"fusion-content-sep sep-double sep-solid\" style=\"border-color:#ebeaea;\"><\/div><div class=\"fusion-post-content-container\"><p>Hoy en d\u00eda la vieja ciudad pirenaica\u00a0 tiene casi 200.000 habitantes, que se distribuyen entre los nuevos y los antiguos barrios. En Azpilaga\u00f1a, Ermitaga\u00f1a-Mendebaldea, La\u00a0Milagrosa \/ Arrosadia, Buztintxuri-Euntzetxiki,\u00a0Iturrama, Chantrea, Rochapea, San Jorge, San Juan, Ensanche I, Ensanche II, Ezcaba, Lezcairu Mendillorri y Casco Antiguo. En todos estos barrios la oferta de pisos en venta para vivir en Iru\u00f1a- Pamplona es abundante, al igual que las agencias inmobiliarias y los profesionales, como Navarraviviendas, que pueden ayudarnos en la b\u00fasqueda de nuestra casa.<\/p><\/div><\/div><\/div><div class=\"fusion-clearfix\"><\/div><\/div>\n<\/article>\n<div class=\"fusion-clearfix\"><\/div><\/div><\/div><div class=\"fusion-clearfix\"><\/div><\/div><\/div><\/div><\/div><div class=\"fusion-fullwidth fullwidth-box fusion-builder-row-5 nonhundred-percent-fullwidth non-hundred-percent-height-scrolling\" style=\"background-color: rgba(255,255,255,0);background-position: center center;background-repeat: no-repeat;padding-top:0px;padding-right:0px;padding-bottom:0px;padding-left:0px;margin-bottom: 0px;margin-top: 0px;border-width: 0px 0px 0px 0px;border-color:#eae9e9;border-style:solid;\" ><div class=\"fusion-builder-row fusion-row\"><div class=\"fusion-layout-column fusion_builder_column fusion-builder-column-4 fusion_builder_column_1_1 1_1 fusion-one-full fusion-column-first fusion-column-last\" style=\"margin-top:0px;margin-bottom:20px;\"><div class=\"fusion-column-wrapper fusion-flex-column-wrapper-legacy\" style=\"background-position:left top;background-repeat:no-repeat;-webkit-background-size:cover;-moz-background-size:cover;-o-background-size:cover;background-size:cover;padding: 0px 0px 0px 0px;\"><div class=\"fusion-sep-clear\"><\/div><div class=\"fusion-separator\" style=\"margin-left: auto;margin-right: auto;margin-top:5%;width:100%;max-width:50%;\"><\/div><div class=\"fusion-sep-clear\"><\/div><style type=\"text\/css\"><\/style><div class=\"fusion-title title fusion-title-3 fusion-sep-none fusion-title-center fusion-title-text fusion-title-size-two\" style=\"margin-top:0px;margin-right:0px;margin-bottom:31px;margin-left:0px;\"><h2 class=\"title-heading-center\" style=\"margin:0;\"><p style=\"text-align: center;\">SUSCRIBETE A NUESTRA NEWSLETTER<\/p><\/h2><\/div><div class=\"fusion-sep-clear\"><\/div><div class=\"fusion-separator fusion-has-icon\" style=\"margin-left: auto;margin-right: auto;margin-bottom:3%;width:100%;max-width:30%;\"><div class=\"fusion-separator-border sep-single sep-solid\" style=\"border-color:#000000;border-top-width:2px;\"><\/div><span class=\"icon-wrapper\" style=\"border-color:transparent;font-size:25px;width: 1.75em; height: 1.75em;border-width:2px;padding:2px;margin-top:-1px\"><i class=\"fa-thumbs-up fas\" style=\"font-size: inherit;color:#000000;\" aria-hidden=\"true\"><\/i><\/span><div class=\"fusion-separator-border sep-single sep-solid\" style=\"border-color:#000000;border-top-width:2px;\"><\/div><\/div><div class=\"fusion-sep-clear\"><\/div><div class=\"fusion-clearfix\"><\/div><\/div><\/div><\/div><\/div><div class=\"fusion-fullwidth fullwidth-box fusion-builder-row-6 nonhundred-percent-fullwidth non-hundred-percent-height-scrolling\" style=\"background-color: rgba(255,255,255,0);background-position: center center;background-repeat: no-repeat;padding-top:0px;padding-right:0px;padding-bottom:0px;padding-left:0px;margin-bottom: 0px;margin-top: 0px;border-width: 0px 0px 0px 0px;border-color:#eae9e9;border-style:solid;\" ><div class=\"fusion-builder-row fusion-row\"><div class=\"fusion-layout-column fusion_builder_column fusion-builder-column-5 fusion_builder_column_1_4 1_4 fusion-one-fourth fusion-column-first\" style=\"width:25%;width:calc(25% - ( ( 4% + 4% ) * 0.25 ) );margin-right: 4%;margin-top:0px;margin-bottom:20px;\"><div class=\"fusion-column-wrapper fusion-flex-column-wrapper-legacy\" style=\"background-position:left top;background-repeat:no-repeat;-webkit-background-size:cover;-moz-background-size:cover;-o-background-size:cover;background-size:cover;padding: 0px 0px 0px 0px;\"><div class=\"fusion-clearfix\"><\/div><\/div><\/div><div class=\"fusion-layout-column fusion_builder_column fusion-builder-column-6 fusion_builder_column_1_2 1_2 fusion-one-half\" style=\"width:50%;width:calc(50% - ( ( 4% + 4% ) * 0.5 ) );margin-right: 4%;margin-top:0px;margin-bottom:20px;\"><div class=\"fusion-column-wrapper fusion-flex-column-wrapper-legacy\" style=\"background-position:left top;background-repeat:no-repeat;-webkit-background-size:cover;-moz-background-size:cover;-o-background-size:cover;background-size:cover;padding: 0px 0px 0px 0px;\">\n<div class=\"wpcf7 no-js\" id=\"wpcf7-f2814-o1\" lang=\"en-US\" dir=\"ltr\" data-wpcf7-id=\"2814\">\n<div class=\"screen-reader-response\"><p role=\"status\" aria-live=\"polite\" aria-atomic=\"true\"><\/p> <ul><\/ul><\/div>\n<form action=\"\/blog\/wp-json\/wp\/v2\/posts\/41105#wpcf7-f2814-o1\" method=\"post\" class=\"wpcf7-form init\" aria-label=\"Contact form\" novalidate=\"novalidate\" data-status=\"init\">\n<fieldset class=\"hidden-fields-container\"><input type=\"hidden\" name=\"_wpcf7\" value=\"2814\" \/><input type=\"hidden\" name=\"_wpcf7_version\" value=\"6.1.5\" \/><input type=\"hidden\" name=\"_wpcf7_locale\" value=\"en_US\" \/><input type=\"hidden\" name=\"_wpcf7_unit_tag\" value=\"wpcf7-f2814-o1\" \/><input type=\"hidden\" name=\"_wpcf7_container_post\" value=\"0\" \/><input type=\"hidden\" name=\"_wpcf7_posted_data_hash\" value=\"\" \/>\n<\/fieldset>\n<p><span id=\"wpcf7-69f023f9a2e4c-wrapper\" class=\"wpcf7-form-control-wrap email-wrap\" ><input id=\"wpcf7-69f023f9a2e4c-field\"  class=\"wpcf7-form-control wpcf7-text\" type=\"text\" name=\"email\" value=\"\" size=\"40\" tabindex=\"-1\" autocomplete=\"new-password\" \/><\/span><label><span class=\"wpcf7-form-control-wrap\" data-name=\"your-email\"><input size=\"40\" maxlength=\"400\" class=\"wpcf7-form-control wpcf7-email wpcf7-validates-as-required wpcf7-text wpcf7-validates-as-email\" aria-required=\"true\" aria-invalid=\"false\" placeholder=\"Email\" value=\"\" type=\"email\" name=\"your-email\" \/><\/span><\/label>\n<\/p>\n<p><label><span class=\"wpcf7-form-control-wrap\" data-name=\"text-944\"><input size=\"40\" maxlength=\"400\" class=\"wpcf7-form-control wpcf7-text wpcf7-validates-as-required\" aria-required=\"true\" aria-invalid=\"false\" placeholder=\"Nombre\" value=\"\" type=\"text\" name=\"text-944\" \/><\/span><\/label>\n<\/p>\n<p style=\"color:#00000;\"><span class=\"wpcf7-form-control-wrap\" data-name=\"acceptance-884\"><span class=\"wpcf7-form-control wpcf7-acceptance\"><span class=\"wpcf7-list-item\"><label><input type=\"checkbox\" name=\"acceptance-884\" value=\"1\" aria-invalid=\"false\" \/><span class=\"wpcf7-list-item-label\">He le\u00eddo y acepto vuestra <a href=\"https:\/\/aquimicasa.net\/blog\/politica-de-privacidad\/\" target=\"_blank\";><u>Pol\u00edtica de Privacidad<\/u><\/a><\/span><\/label><\/span><\/span><\/span>\n<\/p>\n<p><input class=\"wpcf7-form-control wpcf7-submit has-spinner\" type=\"submit\" value=\"SUSCRIBIRME\" \/>\n<\/p><div class=\"fusion-alert alert custom alert-custom fusion-alert-center wpcf7-response-output fusion-alert-capitalize alert-dismissable\" style=\"border-width:1px;\"><button type=\"button\" class=\"close toggle-alert\" data-dismiss=\"alert\" aria-hidden=\"true\">&times;<\/button><div class=\"fusion-alert-content-wrapper\"><span class=\"fusion-alert-content\"><\/span><\/div><\/div>\n<\/form>\n<\/div>\n<div class=\"fusion-clearfix\"><\/div><\/div><\/div><div class=\"fusion-layout-column fusion_builder_column fusion-builder-column-7 fusion_builder_column_1_4 1_4 fusion-one-fourth fusion-column-last\" style=\"width:25%;width:calc(25% - ( ( 4% + 4% ) * 0.25 ) );margin-top:0px;margin-bottom:20px;\"><div class=\"fusion-column-wrapper fusion-flex-column-wrapper-legacy\" style=\"background-position:left top;background-repeat:no-repeat;-webkit-background-size:cover;-moz-background-size:cover;-o-background-size:cover;background-size:cover;padding: 0px 0px 0px 0px;\"><div class=\"fusion-clearfix\"><\/div><\/div><\/div><\/div><\/div><\/p>\n","protected":false},"excerpt":{"rendered":"<p>En la newsletter podr\u00e1 encontrar un art\u00edculo de opini\u00f3n sobre la decisi\u00f3n de Hacienda de embargar por segunda vez los ahorros de los embargados, la subida del eur\u00edbor, el procesamiento a Iberdrola, la inmobiliaria CSA en Talavera, la nueva trampa de Wizink y las opiniones sobre la inmobiliaria Teresa Raga, entre otras informaciones.<\/p>\n","protected":false},"author":3,"featured_media":17772,"comment_status":"open","ping_status":"open","sticky":false,"template":"","format":"standard","meta":{"_jetpack_memberships_contains_paid_content":false,"footnotes":"","jetpack_publicize_message":"","jetpack_publicize_feature_enabled":true,"jetpack_social_post_already_shared":true,"jetpack_social_options":{"image_generator_settings":{"template":"highway","default_image_id":0,"font":"","enabled":false},"version":2}},"categories":[2548],"tags":[],"class_list":["post-41105","post","type-post","status-publish","format-standard","has-post-thumbnail","hentry","category-boletines"],"yoast_head":"<!-- This site is optimized with the Yoast SEO plugin v27.4 - https:\/\/yoast.com\/product\/yoast-seo-wordpress\/ -->\n<title>Newsletter 360 &quot;La nueva moda del calcet\u00edn bancario&quot;<\/title>\n<meta name=\"description\" content=\"Newsletter 360 &quot;La nueva moda del calcet\u00edn bancario impulsada por Hacienda&quot; Mejor oferta de pisos y casas en venta en Torrevieja\" \/>\n<meta name=\"robots\" content=\"index, follow, max-snippet:-1, max-image-preview:large, max-video-preview:-1\" \/>\n<link rel=\"canonical\" href=\"https:\/\/www.aquimicasa.net\/blog\/boletines\/newsletter-360-la-nueva-moda-del-calcetin-bancario\/\" \/>\n<meta property=\"og:locale\" content=\"es_ES\" \/>\n<meta property=\"og:type\" content=\"article\" \/>\n<meta property=\"og:title\" content=\"Newsletter 360 &quot;La nueva moda del calcet\u00edn bancario&quot;\" \/>\n<meta property=\"og:description\" content=\"Newsletter 360 &quot;La nueva moda del calcet\u00edn bancario impulsada por Hacienda&quot; Mejor oferta de pisos y casas en venta en Torrevieja\" \/>\n<meta property=\"og:url\" content=\"https:\/\/www.aquimicasa.net\/blog\/boletines\/newsletter-360-la-nueva-moda-del-calcetin-bancario\/\" \/>\n<meta property=\"og:site_name\" content=\"Blog de aquimicasa.net\" \/>\n<meta property=\"article:publisher\" content=\"https:\/\/www.facebook.com\/aquimicasa.net\" \/>\n<meta property=\"article:published_time\" content=\"2022-06-06T08:22:51+00:00\" \/>\n<meta property=\"article:modified_time\" content=\"2022-06-06T08:24:49+00:00\" \/>\n<meta property=\"og:image\" content=\"https:\/\/www.aquimicasa.net\/blog\/wp-content\/uploads\/Logo-aquimicasa.png\" \/>\n\t<meta property=\"og:image:width\" content=\"300\" \/>\n\t<meta property=\"og:image:height\" content=\"300\" \/>\n\t<meta property=\"og:image:type\" content=\"image\/png\" \/>\n<meta name=\"author\" content=\"Eduardo Lizarraga\" \/>\n<meta name=\"twitter:label1\" content=\"Escrito por\" \/>\n\t<meta name=\"twitter:data1\" content=\"Eduardo Lizarraga\" \/>\n\t<meta name=\"twitter:label2\" content=\"Tiempo de lectura\" \/>\n\t<meta name=\"twitter:data2\" content=\"6 minutos\" \/>\n<script type=\"application\/ld+json\" class=\"yoast-schema-graph\">{\"@context\":\"https:\\\/\\\/schema.org\",\"@graph\":[{\"@type\":\"Article\",\"@id\":\"https:\\\/\\\/www.aquimicasa.net\\\/blog\\\/boletines\\\/newsletter-360-la-nueva-moda-del-calcetin-bancario\\\/#article\",\"isPartOf\":{\"@id\":\"https:\\\/\\\/www.aquimicasa.net\\\/blog\\\/boletines\\\/newsletter-360-la-nueva-moda-del-calcetin-bancario\\\/\"},\"author\":{\"name\":\"Eduardo Lizarraga\",\"@id\":\"https:\\\/\\\/www.aquimicasa.net\\\/blog\\\/#\\\/schema\\\/person\\\/2cdfa2605534583395c8d7ce1d6cac14\"},\"headline\":\"Newsletter 360 \u00abLa nueva moda del calcet\u00edn bancario\u00bb\",\"datePublished\":\"2022-06-06T08:22:51+00:00\",\"dateModified\":\"2022-06-06T08:24:49+00:00\",\"mainEntityOfPage\":{\"@id\":\"https:\\\/\\\/www.aquimicasa.net\\\/blog\\\/boletines\\\/newsletter-360-la-nueva-moda-del-calcetin-bancario\\\/\"},\"wordCount\":3144,\"commentCount\":0,\"publisher\":{\"@id\":\"https:\\\/\\\/www.aquimicasa.net\\\/blog\\\/#organization\"},\"image\":{\"@id\":\"https:\\\/\\\/www.aquimicasa.net\\\/blog\\\/boletines\\\/newsletter-360-la-nueva-moda-del-calcetin-bancario\\\/#primaryimage\"},\"thumbnailUrl\":\"https:\\\/\\\/www.aquimicasa.net\\\/blog\\\/wp-content\\\/uploads\\\/Logo-aquimicasa.png\",\"articleSection\":[\"Newsletters\"],\"inLanguage\":\"es\",\"potentialAction\":[{\"@type\":\"CommentAction\",\"name\":\"Comment\",\"target\":[\"https:\\\/\\\/www.aquimicasa.net\\\/blog\\\/boletines\\\/newsletter-360-la-nueva-moda-del-calcetin-bancario\\\/#respond\"]}]},{\"@type\":\"WebPage\",\"@id\":\"https:\\\/\\\/www.aquimicasa.net\\\/blog\\\/boletines\\\/newsletter-360-la-nueva-moda-del-calcetin-bancario\\\/\",\"url\":\"https:\\\/\\\/www.aquimicasa.net\\\/blog\\\/boletines\\\/newsletter-360-la-nueva-moda-del-calcetin-bancario\\\/\",\"name\":\"Newsletter 360 \\\"La nueva moda del calcet\u00edn bancario\\\"\",\"isPartOf\":{\"@id\":\"https:\\\/\\\/www.aquimicasa.net\\\/blog\\\/#website\"},\"primaryImageOfPage\":{\"@id\":\"https:\\\/\\\/www.aquimicasa.net\\\/blog\\\/boletines\\\/newsletter-360-la-nueva-moda-del-calcetin-bancario\\\/#primaryimage\"},\"image\":{\"@id\":\"https:\\\/\\\/www.aquimicasa.net\\\/blog\\\/boletines\\\/newsletter-360-la-nueva-moda-del-calcetin-bancario\\\/#primaryimage\"},\"thumbnailUrl\":\"https:\\\/\\\/www.aquimicasa.net\\\/blog\\\/wp-content\\\/uploads\\\/Logo-aquimicasa.png\",\"datePublished\":\"2022-06-06T08:22:51+00:00\",\"dateModified\":\"2022-06-06T08:24:49+00:00\",\"description\":\"Newsletter 360 \\\"La nueva moda del calcet\u00edn bancario impulsada por Hacienda\\\" Mejor oferta de pisos y casas en venta en Torrevieja\",\"breadcrumb\":{\"@id\":\"https:\\\/\\\/www.aquimicasa.net\\\/blog\\\/boletines\\\/newsletter-360-la-nueva-moda-del-calcetin-bancario\\\/#breadcrumb\"},\"inLanguage\":\"es\",\"potentialAction\":[{\"@type\":\"ReadAction\",\"target\":[\"https:\\\/\\\/www.aquimicasa.net\\\/blog\\\/boletines\\\/newsletter-360-la-nueva-moda-del-calcetin-bancario\\\/\"]}]},{\"@type\":\"ImageObject\",\"inLanguage\":\"es\",\"@id\":\"https:\\\/\\\/www.aquimicasa.net\\\/blog\\\/boletines\\\/newsletter-360-la-nueva-moda-del-calcetin-bancario\\\/#primaryimage\",\"url\":\"https:\\\/\\\/www.aquimicasa.net\\\/blog\\\/wp-content\\\/uploads\\\/Logo-aquimicasa.png\",\"contentUrl\":\"https:\\\/\\\/www.aquimicasa.net\\\/blog\\\/wp-content\\\/uploads\\\/Logo-aquimicasa.png\",\"width\":300,\"height\":300},{\"@type\":\"BreadcrumbList\",\"@id\":\"https:\\\/\\\/www.aquimicasa.net\\\/blog\\\/boletines\\\/newsletter-360-la-nueva-moda-del-calcetin-bancario\\\/#breadcrumb\",\"itemListElement\":[{\"@type\":\"ListItem\",\"position\":1,\"name\":\"Portada\",\"item\":\"https:\\\/\\\/www.aquimicasa.net\\\/blog\\\/\"},{\"@type\":\"ListItem\",\"position\":2,\"name\":\"Newsletter 360 \u00abLa nueva moda del calcet\u00edn bancario\u00bb\"}]},{\"@type\":\"WebSite\",\"@id\":\"https:\\\/\\\/www.aquimicasa.net\\\/blog\\\/#website\",\"url\":\"https:\\\/\\\/www.aquimicasa.net\\\/blog\\\/\",\"name\":\"Blog de aquimicasa.net\",\"description\":\"Noticias del Mundo Inmobiliario\",\"publisher\":{\"@id\":\"https:\\\/\\\/www.aquimicasa.net\\\/blog\\\/#organization\"},\"potentialAction\":[{\"@type\":\"SearchAction\",\"target\":{\"@type\":\"EntryPoint\",\"urlTemplate\":\"https:\\\/\\\/www.aquimicasa.net\\\/blog\\\/?s={search_term_string}\"},\"query-input\":{\"@type\":\"PropertyValueSpecification\",\"valueRequired\":true,\"valueName\":\"search_term_string\"}}],\"inLanguage\":\"es\"},{\"@type\":\"Organization\",\"@id\":\"https:\\\/\\\/www.aquimicasa.net\\\/blog\\\/#organization\",\"name\":\"Blog de aquimicasa.net\",\"url\":\"https:\\\/\\\/www.aquimicasa.net\\\/blog\\\/\",\"logo\":{\"@type\":\"ImageObject\",\"inLanguage\":\"es\",\"@id\":\"https:\\\/\\\/www.aquimicasa.net\\\/blog\\\/#\\\/schema\\\/logo\\\/image\\\/\",\"url\":\"https:\\\/\\\/www.aquimicasa.net\\\/blog\\\/wp-content\\\/uploads\\\/Logo-aquimicasa-1-e1528048213782.png\",\"contentUrl\":\"https:\\\/\\\/www.aquimicasa.net\\\/blog\\\/wp-content\\\/uploads\\\/Logo-aquimicasa-1-e1528048213782.png\",\"width\":225,\"height\":225,\"caption\":\"Blog de aquimicasa.net\"},\"image\":{\"@id\":\"https:\\\/\\\/www.aquimicasa.net\\\/blog\\\/#\\\/schema\\\/logo\\\/image\\\/\"},\"sameAs\":[\"https:\\\/\\\/www.facebook.com\\\/aquimicasa.net\",\"https:\\\/\\\/www.instagram.com\\\/\",\"https:\\\/\\\/x.com\\\/EduLizarragaD\",\"https:\\\/\\\/www.linkedin.com\\\/feed\\\/\"]},{\"@type\":\"Person\",\"@id\":\"https:\\\/\\\/www.aquimicasa.net\\\/blog\\\/#\\\/schema\\\/person\\\/2cdfa2605534583395c8d7ce1d6cac14\",\"name\":\"Eduardo Lizarraga\",\"image\":{\"@type\":\"ImageObject\",\"inLanguage\":\"es\",\"@id\":\"https:\\\/\\\/secure.gravatar.com\\\/avatar\\\/bdabe1eeeed97b65a9cb7de2edd624b07995f7e13abc5fead15961f745f908cc?s=96&d=mm&r=g\",\"url\":\"https:\\\/\\\/secure.gravatar.com\\\/avatar\\\/bdabe1eeeed97b65a9cb7de2edd624b07995f7e13abc5fead15961f745f908cc?s=96&d=mm&r=g\",\"contentUrl\":\"https:\\\/\\\/secure.gravatar.com\\\/avatar\\\/bdabe1eeeed97b65a9cb7de2edd624b07995f7e13abc5fead15961f745f908cc?s=96&d=mm&r=g\",\"caption\":\"Eduardo Lizarraga\"},\"description\":\"Periodista Econ\u00f3mico. Ha trabajado en diversos campos de la informaci\u00f3n. Corresponsal en conflictos, analista pol\u00edtico en Congreso y Senado, periodista del medio ambiente, editor, director editorial, director de comunicaci\u00f3n.... En estos momentos se ha especializado en el sector inmobiliario. Pero tambi\u00e9n es navegante y viajero, preocupado por la pobreza, el medio ambiente y por las actuaciones descontroladas del neoliberalismo empresarial y pol\u00edtico en todo el mundo. Los desahucios, la pobreza infantil y la falta de acceso a los suministros b\u00e1sicos son algunos de los grandes dramas de nuestra sociedad y que es preciso solucionar para hacerla m\u00e1s justa. CEO en www.aquimicasa.net\",\"sameAs\":[\"https:\\\/\\\/www.aquimicasa.net\\\/\"],\"url\":\"https:\\\/\\\/www.aquimicasa.net\\\/blog\\\/author\\\/eduardo\\\/\"}]}<\/script>\n<!-- \/ Yoast SEO plugin. -->","yoast_head_json":{"title":"Newsletter 360 \"La nueva moda del calcet\u00edn bancario\"","description":"Newsletter 360 \"La nueva moda del calcet\u00edn bancario impulsada por Hacienda\" Mejor oferta de pisos y casas en venta en Torrevieja","robots":{"index":"index","follow":"follow","max-snippet":"max-snippet:-1","max-image-preview":"max-image-preview:large","max-video-preview":"max-video-preview:-1"},"canonical":"https:\/\/www.aquimicasa.net\/blog\/boletines\/newsletter-360-la-nueva-moda-del-calcetin-bancario\/","og_locale":"es_ES","og_type":"article","og_title":"Newsletter 360 \"La nueva moda del calcet\u00edn bancario\"","og_description":"Newsletter 360 \"La nueva moda del calcet\u00edn bancario impulsada por Hacienda\" Mejor oferta de pisos y casas en venta en Torrevieja","og_url":"https:\/\/www.aquimicasa.net\/blog\/boletines\/newsletter-360-la-nueva-moda-del-calcetin-bancario\/","og_site_name":"Blog de aquimicasa.net","article_publisher":"https:\/\/www.facebook.com\/aquimicasa.net","article_published_time":"2022-06-06T08:22:51+00:00","article_modified_time":"2022-06-06T08:24:49+00:00","og_image":[{"width":300,"height":300,"url":"https:\/\/www.aquimicasa.net\/blog\/wp-content\/uploads\/Logo-aquimicasa.png","type":"image\/png"}],"author":"Eduardo Lizarraga","twitter_misc":{"Escrito por":"Eduardo Lizarraga","Tiempo de lectura":"6 minutos"},"schema":{"@context":"https:\/\/schema.org","@graph":[{"@type":"Article","@id":"https:\/\/www.aquimicasa.net\/blog\/boletines\/newsletter-360-la-nueva-moda-del-calcetin-bancario\/#article","isPartOf":{"@id":"https:\/\/www.aquimicasa.net\/blog\/boletines\/newsletter-360-la-nueva-moda-del-calcetin-bancario\/"},"author":{"name":"Eduardo Lizarraga","@id":"https:\/\/www.aquimicasa.net\/blog\/#\/schema\/person\/2cdfa2605534583395c8d7ce1d6cac14"},"headline":"Newsletter 360 \u00abLa nueva moda del calcet\u00edn bancario\u00bb","datePublished":"2022-06-06T08:22:51+00:00","dateModified":"2022-06-06T08:24:49+00:00","mainEntityOfPage":{"@id":"https:\/\/www.aquimicasa.net\/blog\/boletines\/newsletter-360-la-nueva-moda-del-calcetin-bancario\/"},"wordCount":3144,"commentCount":0,"publisher":{"@id":"https:\/\/www.aquimicasa.net\/blog\/#organization"},"image":{"@id":"https:\/\/www.aquimicasa.net\/blog\/boletines\/newsletter-360-la-nueva-moda-del-calcetin-bancario\/#primaryimage"},"thumbnailUrl":"https:\/\/www.aquimicasa.net\/blog\/wp-content\/uploads\/Logo-aquimicasa.png","articleSection":["Newsletters"],"inLanguage":"es","potentialAction":[{"@type":"CommentAction","name":"Comment","target":["https:\/\/www.aquimicasa.net\/blog\/boletines\/newsletter-360-la-nueva-moda-del-calcetin-bancario\/#respond"]}]},{"@type":"WebPage","@id":"https:\/\/www.aquimicasa.net\/blog\/boletines\/newsletter-360-la-nueva-moda-del-calcetin-bancario\/","url":"https:\/\/www.aquimicasa.net\/blog\/boletines\/newsletter-360-la-nueva-moda-del-calcetin-bancario\/","name":"Newsletter 360 \"La nueva moda del calcet\u00edn bancario\"","isPartOf":{"@id":"https:\/\/www.aquimicasa.net\/blog\/#website"},"primaryImageOfPage":{"@id":"https:\/\/www.aquimicasa.net\/blog\/boletines\/newsletter-360-la-nueva-moda-del-calcetin-bancario\/#primaryimage"},"image":{"@id":"https:\/\/www.aquimicasa.net\/blog\/boletines\/newsletter-360-la-nueva-moda-del-calcetin-bancario\/#primaryimage"},"thumbnailUrl":"https:\/\/www.aquimicasa.net\/blog\/wp-content\/uploads\/Logo-aquimicasa.png","datePublished":"2022-06-06T08:22:51+00:00","dateModified":"2022-06-06T08:24:49+00:00","description":"Newsletter 360 \"La nueva moda del calcet\u00edn bancario impulsada por Hacienda\" Mejor oferta de pisos y casas en venta en Torrevieja","breadcrumb":{"@id":"https:\/\/www.aquimicasa.net\/blog\/boletines\/newsletter-360-la-nueva-moda-del-calcetin-bancario\/#breadcrumb"},"inLanguage":"es","potentialAction":[{"@type":"ReadAction","target":["https:\/\/www.aquimicasa.net\/blog\/boletines\/newsletter-360-la-nueva-moda-del-calcetin-bancario\/"]}]},{"@type":"ImageObject","inLanguage":"es","@id":"https:\/\/www.aquimicasa.net\/blog\/boletines\/newsletter-360-la-nueva-moda-del-calcetin-bancario\/#primaryimage","url":"https:\/\/www.aquimicasa.net\/blog\/wp-content\/uploads\/Logo-aquimicasa.png","contentUrl":"https:\/\/www.aquimicasa.net\/blog\/wp-content\/uploads\/Logo-aquimicasa.png","width":300,"height":300},{"@type":"BreadcrumbList","@id":"https:\/\/www.aquimicasa.net\/blog\/boletines\/newsletter-360-la-nueva-moda-del-calcetin-bancario\/#breadcrumb","itemListElement":[{"@type":"ListItem","position":1,"name":"Portada","item":"https:\/\/www.aquimicasa.net\/blog\/"},{"@type":"ListItem","position":2,"name":"Newsletter 360 \u00abLa nueva moda del calcet\u00edn bancario\u00bb"}]},{"@type":"WebSite","@id":"https:\/\/www.aquimicasa.net\/blog\/#website","url":"https:\/\/www.aquimicasa.net\/blog\/","name":"Blog de aquimicasa.net","description":"Noticias del Mundo Inmobiliario","publisher":{"@id":"https:\/\/www.aquimicasa.net\/blog\/#organization"},"potentialAction":[{"@type":"SearchAction","target":{"@type":"EntryPoint","urlTemplate":"https:\/\/www.aquimicasa.net\/blog\/?s={search_term_string}"},"query-input":{"@type":"PropertyValueSpecification","valueRequired":true,"valueName":"search_term_string"}}],"inLanguage":"es"},{"@type":"Organization","@id":"https:\/\/www.aquimicasa.net\/blog\/#organization","name":"Blog de aquimicasa.net","url":"https:\/\/www.aquimicasa.net\/blog\/","logo":{"@type":"ImageObject","inLanguage":"es","@id":"https:\/\/www.aquimicasa.net\/blog\/#\/schema\/logo\/image\/","url":"https:\/\/www.aquimicasa.net\/blog\/wp-content\/uploads\/Logo-aquimicasa-1-e1528048213782.png","contentUrl":"https:\/\/www.aquimicasa.net\/blog\/wp-content\/uploads\/Logo-aquimicasa-1-e1528048213782.png","width":225,"height":225,"caption":"Blog de aquimicasa.net"},"image":{"@id":"https:\/\/www.aquimicasa.net\/blog\/#\/schema\/logo\/image\/"},"sameAs":["https:\/\/www.facebook.com\/aquimicasa.net","https:\/\/www.instagram.com\/","https:\/\/x.com\/EduLizarragaD","https:\/\/www.linkedin.com\/feed\/"]},{"@type":"Person","@id":"https:\/\/www.aquimicasa.net\/blog\/#\/schema\/person\/2cdfa2605534583395c8d7ce1d6cac14","name":"Eduardo Lizarraga","image":{"@type":"ImageObject","inLanguage":"es","@id":"https:\/\/secure.gravatar.com\/avatar\/bdabe1eeeed97b65a9cb7de2edd624b07995f7e13abc5fead15961f745f908cc?s=96&d=mm&r=g","url":"https:\/\/secure.gravatar.com\/avatar\/bdabe1eeeed97b65a9cb7de2edd624b07995f7e13abc5fead15961f745f908cc?s=96&d=mm&r=g","contentUrl":"https:\/\/secure.gravatar.com\/avatar\/bdabe1eeeed97b65a9cb7de2edd624b07995f7e13abc5fead15961f745f908cc?s=96&d=mm&r=g","caption":"Eduardo Lizarraga"},"description":"Periodista Econ\u00f3mico. Ha trabajado en diversos campos de la informaci\u00f3n. Corresponsal en conflictos, analista pol\u00edtico en Congreso y Senado, periodista del medio ambiente, editor, director editorial, director de comunicaci\u00f3n.... En estos momentos se ha especializado en el sector inmobiliario. Pero tambi\u00e9n es navegante y viajero, preocupado por la pobreza, el medio ambiente y por las actuaciones descontroladas del neoliberalismo empresarial y pol\u00edtico en todo el mundo. Los desahucios, la pobreza infantil y la falta de acceso a los suministros b\u00e1sicos son algunos de los grandes dramas de nuestra sociedad y que es preciso solucionar para hacerla m\u00e1s justa. CEO en www.aquimicasa.net","sameAs":["https:\/\/www.aquimicasa.net\/"],"url":"https:\/\/www.aquimicasa.net\/blog\/author\/eduardo\/"}]}},"jetpack_publicize_connections":[],"jetpack_featured_media_url":"https:\/\/www.aquimicasa.net\/blog\/wp-content\/uploads\/Logo-aquimicasa.png","jetpack_sharing_enabled":true,"jetpack_likes_enabled":true,"_links":{"self":[{"href":"https:\/\/www.aquimicasa.net\/blog\/wp-json\/wp\/v2\/posts\/41105","targetHints":{"allow":["GET"]}}],"collection":[{"href":"https:\/\/www.aquimicasa.net\/blog\/wp-json\/wp\/v2\/posts"}],"about":[{"href":"https:\/\/www.aquimicasa.net\/blog\/wp-json\/wp\/v2\/types\/post"}],"author":[{"embeddable":true,"href":"https:\/\/www.aquimicasa.net\/blog\/wp-json\/wp\/v2\/users\/3"}],"replies":[{"embeddable":true,"href":"https:\/\/www.aquimicasa.net\/blog\/wp-json\/wp\/v2\/comments?post=41105"}],"version-history":[{"count":1,"href":"https:\/\/www.aquimicasa.net\/blog\/wp-json\/wp\/v2\/posts\/41105\/revisions"}],"predecessor-version":[{"id":41106,"href":"https:\/\/www.aquimicasa.net\/blog\/wp-json\/wp\/v2\/posts\/41105\/revisions\/41106"}],"wp:featuredmedia":[{"embeddable":true,"href":"https:\/\/www.aquimicasa.net\/blog\/wp-json\/wp\/v2\/media\/17772"}],"wp:attachment":[{"href":"https:\/\/www.aquimicasa.net\/blog\/wp-json\/wp\/v2\/media?parent=41105"}],"wp:term":[{"taxonomy":"category","embeddable":true,"href":"https:\/\/www.aquimicasa.net\/blog\/wp-json\/wp\/v2\/categories?post=41105"},{"taxonomy":"post_tag","embeddable":true,"href":"https:\/\/www.aquimicasa.net\/blog\/wp-json\/wp\/v2\/tags?post=41105"}],"curies":[{"name":"wp","href":"https:\/\/api.w.org\/{rel}","templated":true}]}}