{"id":41222,"date":"2022-06-14T23:54:43","date_gmt":"2022-06-14T21:54:43","guid":{"rendered":"https:\/\/www.aquimicasa.net\/blog\/?p=41222"},"modified":"2022-06-14T23:54:43","modified_gmt":"2022-06-14T21:54:43","slug":"la-libertad-de-mercado-se-come-el-bolsillo-de-los-espanoles","status":"publish","type":"post","link":"https:\/\/www.aquimicasa.net\/blog\/consumo\/consumidores\/la-libertad-de-mercado-se-come-el-bolsillo-de-los-espanoles\/","title":{"rendered":"La libertad de mercado se come el bolsillo de los espa\u00f1oles"},"content":{"rendered":"<div class=\"fusion-fullwidth fullwidth-box fusion-builder-row-1 fusion-flex-container nonhundred-percent-fullwidth non-hundred-percent-height-scrolling\" style=\"background-color: rgba(255,255,255,0);background-position: center center;background-repeat: no-repeat;border-width: 0px 0px 0px 0px;border-color:#eae9e9;border-style:solid;\" ><div class=\"fusion-builder-row fusion-row fusion-flex-align-items-flex-start\" style=\"max-width:1144px;margin-left: calc(-4% \/ 2 );margin-right: calc(-4% \/ 2 );\"><div class=\"fusion-layout-column fusion_builder_column fusion-builder-column-0 fusion_builder_column_1_1 1_1 fusion-flex-column\"><div class=\"fusion-column-wrapper fusion-flex-justify-content-flex-start fusion-content-layout-column\" style=\"background-position:left top;background-repeat:no-repeat;-webkit-background-size:cover;-moz-background-size:cover;-o-background-size:cover;background-size:cover;padding: 0px 0px 0px 0px;\"><div class=\"fusion-text fusion-text-1\"><p>Intentando hacer su agosto y nunca mejor dicho, ahora que viene el verano y los largos desplazamientos se convierten en norma, las petroleras contin\u00faan su <strong>tendencia alcista<\/strong> habi\u00e9ndose comido ya la ayuda de 20 c\u00e9ntimos promovida por el Gobierno. Si no fuera por el <strong>descenso del precio del gas<\/strong> y por tanto de la electricidad, la inflaci\u00f3n nos dar\u00eda otro disgusto en junio.<\/p>\n<p>Este pasado lunes 13 de junio, los <strong>precios de los carburantes de automoci\u00f3n<\/strong> han batido un nuevo r\u00e9cord hist\u00f3rico en Espa\u00f1a. La gasolina 95 E5 se ha situado en una media de 2,116 euros el litro y el gas\u00f3leo A en 2,021 euros. La subida interanual representa nada menos que 75 c\u00e9ntimos por litro (el 55,4%) para la gasolina 95, que el mismo d\u00eda de 2021 estaba en 1,362 euros. En el caso del <strong>precio del gas\u00f3leo<\/strong>, el incremento alcanza los 79 c\u00e9ntimos por litro (el 64,4%) sobre los 1,229 euros de hace un a\u00f1o.<\/p>\n<p>La gasolinera con el <strong>precio m\u00e1s caro para la gasolina<\/strong> 95 este lunes, &#8211; ya sab\u00e9is cu\u00e1l evitar- ubicada en la localidad navarra de Olloki, ha cobrado 2,389 euros por litro. En el caso del gas\u00f3leo A, el precio m\u00e1s alto, aplicado en una gasolinera de Granada, ha sido de 2,259 euros. La libertad de mercado puede ser un fetiche invocado por el liberalismo, pero cuando est\u00e1 en juego la estabilidad econ\u00f3mica de un pa\u00eds los precios deber\u00edan poder controlarse.<\/p>\n<p>La organizaci\u00f3n de consumidores FACUA, ha analizado la evoluci\u00f3n de los <strong>precios de la gasolina<\/strong> 95 y el gas\u00f3leo A en los \u00faltimos quince a\u00f1os, tomando como referencia las medias aplicadas el d\u00eda 13 de junio desde 2007. El incremento interanual que han sufrido los consumidores entre junio de 2021 y de 2022 duplica la oscilaci\u00f3n m\u00e1xima de 40 c\u00e9ntimos que se hab\u00eda producido en d\u00e9cada y media, concretamente entre 2009 y 2013.<\/p>\n<p>As\u00ed, el di\u00e9sel hab\u00eda oscilado entre los 0,925 euros por litro de 2009 hasta los 1,322 de 2013, 40 c\u00e9ntimos de diferencia. La gasolina, desde los 1,048 euros de 2009 hasta los 1,417 de 2013, esto es, 37 c\u00e9ntimos.<\/p>\n<p><strong>Precios m\u00e1ximos<\/strong><\/p>\n<p>FACUA reclama la fijaci\u00f3n de <strong>precios m\u00e1ximos para los carburantes<\/strong>, sistema que se abandon\u00f3 en 1998, y denuncia que el sector se ha burlado del descuento de 20 c\u00e9ntimos aprobado por el Gobierno, del que las tres cuartas partes proceden de los Presupuestos Generales del Estado.<\/p>\n<p>Ante el brutal incremento de precios, que a todas luces continuar\u00e1 en las pr\u00f3ximas semanas para preparar la \u00aboperaci\u00f3n salida\u00bb, la asociaci\u00f3n reclama al Ejecutivo que solicite a Bruselas un cambio regulatorio para que los Estados miembros puedan intervenir los <strong>precios de los carburantes<\/strong> de automoci\u00f3n estableciendo topes de forma peri\u00f3dica, la \u00fanica soluci\u00f3n eficaz ante la carest\u00eda que sufren los consumidores.<\/p>\n<p>El descuento de 5 c\u00e9ntimos que ten\u00eda que asumir el sector de sus m\u00e1rgenes de beneficios ha sido una pantomima, critica la asociaci\u00f3n, que sigue sin recibir respuesta a las\u00a0<a href=\"https:\/\/www.facua.org\/18027\"  rel=\"nofollow noopener\">denuncias<\/a> que present\u00f3 contra 230 gasolineras ante el Ministerio de Consumo, las autoridades auton\u00f3micas de protecci\u00f3n al consumidor y la Comisi\u00f3n Nacional de los Mercados y la Competencia. Las <strong>estaciones de servicios denunciadas subieron sus precios<\/strong> 5 c\u00e9ntimos o m\u00e1s el mismo d\u00eda que entraron en vigor los descuentos, el 1 de abril. \u00a1Para eso sirve la libertad de mercado!<\/p>\n<\/div><\/div><style type=\"text\/css\">.fusion-body .fusion-builder-column-0{width:100% !important;margin-top : 0px;margin-bottom : 0px;}.fusion-builder-column-0 > .fusion-column-wrapper {padding-top : 0px !important;padding-right : 0px !important;margin-right : 1.92%;padding-bottom : 0px !important;padding-left : 0px !important;margin-left : 1.92%;}@media only screen and (max-width:1024px) {.fusion-body .fusion-builder-column-0{width:100% !important;}.fusion-builder-column-0 > .fusion-column-wrapper {margin-right : 1.92%;margin-left : 1.92%;}}@media only screen and (max-width:640px) {.fusion-body .fusion-builder-column-0{width:100% !important;}.fusion-builder-column-0 > .fusion-column-wrapper {margin-right : 1.92%;margin-left : 1.92%;}}<\/style><\/div><\/div><style type=\"text\/css\">.fusion-body .fusion-flex-container.fusion-builder-row-1{ padding-top : 0px;margin-top : 0px;padding-right : 0px;padding-bottom : 0px;margin-bottom : 0px;padding-left : 0px;}<\/style><\/div>\n","protected":false},"excerpt":{"rendered":"<p>Ante el brutal incremento de precios, que a todas luces continuar\u00e1 en las pr\u00f3ximas semanas para preparar la \u00aboperaci\u00f3n salida\u00bb, Facua reclama al Ejecutivo que solicite a Bruselas un cambio regulatorio para que los Estados miembros puedan intervenir los precios de los carburantes de automoci\u00f3n estableciendo topes de forma peri\u00f3dica<\/p>\n","protected":false},"author":3,"featured_media":16601,"comment_status":"closed","ping_status":"closed","sticky":false,"template":"","format":"standard","meta":{"_jetpack_memberships_contains_paid_content":false,"footnotes":"","jetpack_publicize_message":"","jetpack_publicize_feature_enabled":true,"jetpack_social_post_already_shared":true,"jetpack_social_options":{"image_generator_settings":{"template":"highway","default_image_id":0,"font":"","enabled":false},"version":2}},"categories":[7512,7558],"tags":[8039],"class_list":["post-41222","post","type-post","status-publish","format-standard","has-post-thumbnail","hentry","category-consumidores","category-gas-y-petroleo","tag-newsletter-362"],"yoast_head":"<!-- This site is optimized with the Yoast SEO plugin v27.5 - https:\/\/yoast.com\/product\/yoast-seo-wordpress\/ -->\n<title>La libertad de mercado se come el bolsillo de los espa\u00f1oles<\/title>\n<meta name=\"description\" content=\"Este pasado lunes 13 de junio, los precios de los carburantes de automoci\u00f3n han batido un nuevo r\u00e9cord hist\u00f3rico en Espa\u00f1a\" \/>\n<meta name=\"robots\" content=\"index, follow, max-snippet:-1, max-image-preview:large, max-video-preview:-1\" \/>\n<link rel=\"canonical\" href=\"https:\/\/www.aquimicasa.net\/blog\/consumo\/consumidores\/la-libertad-de-mercado-se-come-el-bolsillo-de-los-espanoles\/\" \/>\n<meta property=\"og:locale\" content=\"es_ES\" \/>\n<meta property=\"og:type\" content=\"article\" \/>\n<meta property=\"og:title\" content=\"La libertad de mercado se come el bolsillo de los espa\u00f1oles\" \/>\n<meta property=\"og:description\" content=\"Este pasado lunes 13 de junio, los precios de los carburantes de automoci\u00f3n han batido un nuevo r\u00e9cord hist\u00f3rico en Espa\u00f1a\" \/>\n<meta property=\"og:url\" content=\"https:\/\/www.aquimicasa.net\/blog\/consumo\/consumidores\/la-libertad-de-mercado-se-come-el-bolsillo-de-los-espanoles\/\" \/>\n<meta property=\"og:site_name\" content=\"Blog de aquimicasa.net\" \/>\n<meta property=\"article:publisher\" content=\"https:\/\/www.facebook.com\/aquimicasa.net\" \/>\n<meta property=\"article:published_time\" content=\"2022-06-14T21:54:43+00:00\" \/>\n<meta property=\"og:image\" content=\"https:\/\/www.aquimicasa.net\/blog\/wp-content\/uploads\/Gasolina4-e1500121888856.jpg\" \/>\n\t<meta property=\"og:image:width\" content=\"420\" \/>\n\t<meta property=\"og:image:height\" content=\"234\" \/>\n\t<meta property=\"og:image:type\" content=\"image\/jpeg\" \/>\n<meta name=\"author\" content=\"Eduardo Lizarraga\" \/>\n<meta name=\"twitter:label1\" content=\"Escrito por\" \/>\n\t<meta name=\"twitter:data1\" content=\"Eduardo Lizarraga\" \/>\n\t<meta name=\"twitter:label2\" content=\"Tiempo de lectura\" \/>\n\t<meta name=\"twitter:data2\" content=\"3 minutos\" \/>\n<script type=\"application\/ld+json\" class=\"yoast-schema-graph\">{\"@context\":\"https:\\\/\\\/schema.org\",\"@graph\":[{\"@type\":\"Article\",\"@id\":\"https:\\\/\\\/www.aquimicasa.net\\\/blog\\\/consumo\\\/consumidores\\\/la-libertad-de-mercado-se-come-el-bolsillo-de-los-espanoles\\\/#article\",\"isPartOf\":{\"@id\":\"https:\\\/\\\/www.aquimicasa.net\\\/blog\\\/consumo\\\/consumidores\\\/la-libertad-de-mercado-se-come-el-bolsillo-de-los-espanoles\\\/\"},\"author\":{\"name\":\"Eduardo Lizarraga\",\"@id\":\"https:\\\/\\\/www.aquimicasa.net\\\/blog\\\/#\\\/schema\\\/person\\\/2cdfa2605534583395c8d7ce1d6cac14\"},\"headline\":\"La libertad de mercado se come el bolsillo de los espa\u00f1oles\",\"datePublished\":\"2022-06-14T21:54:43+00:00\",\"mainEntityOfPage\":{\"@id\":\"https:\\\/\\\/www.aquimicasa.net\\\/blog\\\/consumo\\\/consumidores\\\/la-libertad-de-mercado-se-come-el-bolsillo-de-los-espanoles\\\/\"},\"wordCount\":819,\"publisher\":{\"@id\":\"https:\\\/\\\/www.aquimicasa.net\\\/blog\\\/#organization\"},\"image\":{\"@id\":\"https:\\\/\\\/www.aquimicasa.net\\\/blog\\\/consumo\\\/consumidores\\\/la-libertad-de-mercado-se-come-el-bolsillo-de-los-espanoles\\\/#primaryimage\"},\"thumbnailUrl\":\"https:\\\/\\\/www.aquimicasa.net\\\/blog\\\/wp-content\\\/uploads\\\/Gasolina4-e1500121888856.jpg\",\"keywords\":[\"newsletter 362\"],\"articleSection\":[\"Consumidores\",\"Gas y Petr\u00f3leo\"],\"inLanguage\":\"es\"},{\"@type\":\"WebPage\",\"@id\":\"https:\\\/\\\/www.aquimicasa.net\\\/blog\\\/consumo\\\/consumidores\\\/la-libertad-de-mercado-se-come-el-bolsillo-de-los-espanoles\\\/\",\"url\":\"https:\\\/\\\/www.aquimicasa.net\\\/blog\\\/consumo\\\/consumidores\\\/la-libertad-de-mercado-se-come-el-bolsillo-de-los-espanoles\\\/\",\"name\":\"La libertad de mercado se come el bolsillo de los espa\u00f1oles\",\"isPartOf\":{\"@id\":\"https:\\\/\\\/www.aquimicasa.net\\\/blog\\\/#website\"},\"primaryImageOfPage\":{\"@id\":\"https:\\\/\\\/www.aquimicasa.net\\\/blog\\\/consumo\\\/consumidores\\\/la-libertad-de-mercado-se-come-el-bolsillo-de-los-espanoles\\\/#primaryimage\"},\"image\":{\"@id\":\"https:\\\/\\\/www.aquimicasa.net\\\/blog\\\/consumo\\\/consumidores\\\/la-libertad-de-mercado-se-come-el-bolsillo-de-los-espanoles\\\/#primaryimage\"},\"thumbnailUrl\":\"https:\\\/\\\/www.aquimicasa.net\\\/blog\\\/wp-content\\\/uploads\\\/Gasolina4-e1500121888856.jpg\",\"datePublished\":\"2022-06-14T21:54:43+00:00\",\"description\":\"Este pasado lunes 13 de junio, los precios de los carburantes de automoci\u00f3n han batido un nuevo r\u00e9cord hist\u00f3rico en Espa\u00f1a\",\"breadcrumb\":{\"@id\":\"https:\\\/\\\/www.aquimicasa.net\\\/blog\\\/consumo\\\/consumidores\\\/la-libertad-de-mercado-se-come-el-bolsillo-de-los-espanoles\\\/#breadcrumb\"},\"inLanguage\":\"es\",\"potentialAction\":[{\"@type\":\"ReadAction\",\"target\":[\"https:\\\/\\\/www.aquimicasa.net\\\/blog\\\/consumo\\\/consumidores\\\/la-libertad-de-mercado-se-come-el-bolsillo-de-los-espanoles\\\/\"]}]},{\"@type\":\"ImageObject\",\"inLanguage\":\"es\",\"@id\":\"https:\\\/\\\/www.aquimicasa.net\\\/blog\\\/consumo\\\/consumidores\\\/la-libertad-de-mercado-se-come-el-bolsillo-de-los-espanoles\\\/#primaryimage\",\"url\":\"https:\\\/\\\/www.aquimicasa.net\\\/blog\\\/wp-content\\\/uploads\\\/Gasolina4-e1500121888856.jpg\",\"contentUrl\":\"https:\\\/\\\/www.aquimicasa.net\\\/blog\\\/wp-content\\\/uploads\\\/Gasolina4-e1500121888856.jpg\",\"width\":420,\"height\":234,\"caption\":\"Los combustibles suben de precio\"},{\"@type\":\"BreadcrumbList\",\"@id\":\"https:\\\/\\\/www.aquimicasa.net\\\/blog\\\/consumo\\\/consumidores\\\/la-libertad-de-mercado-se-come-el-bolsillo-de-los-espanoles\\\/#breadcrumb\",\"itemListElement\":[{\"@type\":\"ListItem\",\"position\":1,\"name\":\"Portada\",\"item\":\"https:\\\/\\\/www.aquimicasa.net\\\/blog\\\/\"},{\"@type\":\"ListItem\",\"position\":2,\"name\":\"La libertad de mercado se come el bolsillo de los espa\u00f1oles\"}]},{\"@type\":\"WebSite\",\"@id\":\"https:\\\/\\\/www.aquimicasa.net\\\/blog\\\/#website\",\"url\":\"https:\\\/\\\/www.aquimicasa.net\\\/blog\\\/\",\"name\":\"Blog de aquimicasa.net\",\"description\":\"Noticias del Mundo Inmobiliario\",\"publisher\":{\"@id\":\"https:\\\/\\\/www.aquimicasa.net\\\/blog\\\/#organization\"},\"potentialAction\":[{\"@type\":\"SearchAction\",\"target\":{\"@type\":\"EntryPoint\",\"urlTemplate\":\"https:\\\/\\\/www.aquimicasa.net\\\/blog\\\/?s={search_term_string}\"},\"query-input\":{\"@type\":\"PropertyValueSpecification\",\"valueRequired\":true,\"valueName\":\"search_term_string\"}}],\"inLanguage\":\"es\"},{\"@type\":\"Organization\",\"@id\":\"https:\\\/\\\/www.aquimicasa.net\\\/blog\\\/#organization\",\"name\":\"Blog de aquimicasa.net\",\"url\":\"https:\\\/\\\/www.aquimicasa.net\\\/blog\\\/\",\"logo\":{\"@type\":\"ImageObject\",\"inLanguage\":\"es\",\"@id\":\"https:\\\/\\\/www.aquimicasa.net\\\/blog\\\/#\\\/schema\\\/logo\\\/image\\\/\",\"url\":\"https:\\\/\\\/www.aquimicasa.net\\\/blog\\\/wp-content\\\/uploads\\\/Logo-aquimicasa-1-e1528048213782.png\",\"contentUrl\":\"https:\\\/\\\/www.aquimicasa.net\\\/blog\\\/wp-content\\\/uploads\\\/Logo-aquimicasa-1-e1528048213782.png\",\"width\":225,\"height\":225,\"caption\":\"Blog de aquimicasa.net\"},\"image\":{\"@id\":\"https:\\\/\\\/www.aquimicasa.net\\\/blog\\\/#\\\/schema\\\/logo\\\/image\\\/\"},\"sameAs\":[\"https:\\\/\\\/www.facebook.com\\\/aquimicasa.net\",\"https:\\\/\\\/www.instagram.com\\\/\",\"https:\\\/\\\/x.com\\\/EduLizarragaD\",\"https:\\\/\\\/www.linkedin.com\\\/feed\\\/\"]},{\"@type\":\"Person\",\"@id\":\"https:\\\/\\\/www.aquimicasa.net\\\/blog\\\/#\\\/schema\\\/person\\\/2cdfa2605534583395c8d7ce1d6cac14\",\"name\":\"Eduardo Lizarraga\",\"image\":{\"@type\":\"ImageObject\",\"inLanguage\":\"es\",\"@id\":\"https:\\\/\\\/secure.gravatar.com\\\/avatar\\\/bdabe1eeeed97b65a9cb7de2edd624b07995f7e13abc5fead15961f745f908cc?s=96&d=mm&r=g\",\"url\":\"https:\\\/\\\/secure.gravatar.com\\\/avatar\\\/bdabe1eeeed97b65a9cb7de2edd624b07995f7e13abc5fead15961f745f908cc?s=96&d=mm&r=g\",\"contentUrl\":\"https:\\\/\\\/secure.gravatar.com\\\/avatar\\\/bdabe1eeeed97b65a9cb7de2edd624b07995f7e13abc5fead15961f745f908cc?s=96&d=mm&r=g\",\"caption\":\"Eduardo Lizarraga\"},\"description\":\"Periodista Econ\u00f3mico. Ha trabajado en diversos campos de la informaci\u00f3n. Corresponsal en conflictos, analista pol\u00edtico en Congreso y Senado, periodista del medio ambiente, editor, director editorial, director de comunicaci\u00f3n.... En estos momentos se ha especializado en el sector inmobiliario. Pero tambi\u00e9n es navegante y viajero, preocupado por la pobreza, el medio ambiente y por las actuaciones descontroladas del neoliberalismo empresarial y pol\u00edtico en todo el mundo. Los desahucios, la pobreza infantil y la falta de acceso a los suministros b\u00e1sicos son algunos de los grandes dramas de nuestra sociedad y que es preciso solucionar para hacerla m\u00e1s justa. CEO en www.aquimicasa.net\",\"sameAs\":[\"https:\\\/\\\/www.aquimicasa.net\\\/\"],\"url\":\"https:\\\/\\\/www.aquimicasa.net\\\/blog\\\/author\\\/eduardo\\\/\"}]}<\/script>\n<!-- \/ Yoast SEO plugin. -->","yoast_head_json":{"title":"La libertad de mercado se come el bolsillo de los espa\u00f1oles","description":"Este pasado lunes 13 de junio, los precios de los carburantes de automoci\u00f3n han batido un nuevo r\u00e9cord hist\u00f3rico en Espa\u00f1a","robots":{"index":"index","follow":"follow","max-snippet":"max-snippet:-1","max-image-preview":"max-image-preview:large","max-video-preview":"max-video-preview:-1"},"canonical":"https:\/\/www.aquimicasa.net\/blog\/consumo\/consumidores\/la-libertad-de-mercado-se-come-el-bolsillo-de-los-espanoles\/","og_locale":"es_ES","og_type":"article","og_title":"La libertad de mercado se come el bolsillo de los espa\u00f1oles","og_description":"Este pasado lunes 13 de junio, los precios de los carburantes de automoci\u00f3n han batido un nuevo r\u00e9cord hist\u00f3rico en Espa\u00f1a","og_url":"https:\/\/www.aquimicasa.net\/blog\/consumo\/consumidores\/la-libertad-de-mercado-se-come-el-bolsillo-de-los-espanoles\/","og_site_name":"Blog de aquimicasa.net","article_publisher":"https:\/\/www.facebook.com\/aquimicasa.net","article_published_time":"2022-06-14T21:54:43+00:00","og_image":[{"width":420,"height":234,"url":"https:\/\/www.aquimicasa.net\/blog\/wp-content\/uploads\/Gasolina4-e1500121888856.jpg","type":"image\/jpeg"}],"author":"Eduardo Lizarraga","twitter_misc":{"Escrito por":"Eduardo Lizarraga","Tiempo de lectura":"3 minutos"},"schema":{"@context":"https:\/\/schema.org","@graph":[{"@type":"Article","@id":"https:\/\/www.aquimicasa.net\/blog\/consumo\/consumidores\/la-libertad-de-mercado-se-come-el-bolsillo-de-los-espanoles\/#article","isPartOf":{"@id":"https:\/\/www.aquimicasa.net\/blog\/consumo\/consumidores\/la-libertad-de-mercado-se-come-el-bolsillo-de-los-espanoles\/"},"author":{"name":"Eduardo Lizarraga","@id":"https:\/\/www.aquimicasa.net\/blog\/#\/schema\/person\/2cdfa2605534583395c8d7ce1d6cac14"},"headline":"La libertad de mercado se come el bolsillo de los espa\u00f1oles","datePublished":"2022-06-14T21:54:43+00:00","mainEntityOfPage":{"@id":"https:\/\/www.aquimicasa.net\/blog\/consumo\/consumidores\/la-libertad-de-mercado-se-come-el-bolsillo-de-los-espanoles\/"},"wordCount":819,"publisher":{"@id":"https:\/\/www.aquimicasa.net\/blog\/#organization"},"image":{"@id":"https:\/\/www.aquimicasa.net\/blog\/consumo\/consumidores\/la-libertad-de-mercado-se-come-el-bolsillo-de-los-espanoles\/#primaryimage"},"thumbnailUrl":"https:\/\/www.aquimicasa.net\/blog\/wp-content\/uploads\/Gasolina4-e1500121888856.jpg","keywords":["newsletter 362"],"articleSection":["Consumidores","Gas y Petr\u00f3leo"],"inLanguage":"es"},{"@type":"WebPage","@id":"https:\/\/www.aquimicasa.net\/blog\/consumo\/consumidores\/la-libertad-de-mercado-se-come-el-bolsillo-de-los-espanoles\/","url":"https:\/\/www.aquimicasa.net\/blog\/consumo\/consumidores\/la-libertad-de-mercado-se-come-el-bolsillo-de-los-espanoles\/","name":"La libertad de mercado se come el bolsillo de los espa\u00f1oles","isPartOf":{"@id":"https:\/\/www.aquimicasa.net\/blog\/#website"},"primaryImageOfPage":{"@id":"https:\/\/www.aquimicasa.net\/blog\/consumo\/consumidores\/la-libertad-de-mercado-se-come-el-bolsillo-de-los-espanoles\/#primaryimage"},"image":{"@id":"https:\/\/www.aquimicasa.net\/blog\/consumo\/consumidores\/la-libertad-de-mercado-se-come-el-bolsillo-de-los-espanoles\/#primaryimage"},"thumbnailUrl":"https:\/\/www.aquimicasa.net\/blog\/wp-content\/uploads\/Gasolina4-e1500121888856.jpg","datePublished":"2022-06-14T21:54:43+00:00","description":"Este pasado lunes 13 de junio, los precios de los carburantes de automoci\u00f3n han batido un nuevo r\u00e9cord hist\u00f3rico en Espa\u00f1a","breadcrumb":{"@id":"https:\/\/www.aquimicasa.net\/blog\/consumo\/consumidores\/la-libertad-de-mercado-se-come-el-bolsillo-de-los-espanoles\/#breadcrumb"},"inLanguage":"es","potentialAction":[{"@type":"ReadAction","target":["https:\/\/www.aquimicasa.net\/blog\/consumo\/consumidores\/la-libertad-de-mercado-se-come-el-bolsillo-de-los-espanoles\/"]}]},{"@type":"ImageObject","inLanguage":"es","@id":"https:\/\/www.aquimicasa.net\/blog\/consumo\/consumidores\/la-libertad-de-mercado-se-come-el-bolsillo-de-los-espanoles\/#primaryimage","url":"https:\/\/www.aquimicasa.net\/blog\/wp-content\/uploads\/Gasolina4-e1500121888856.jpg","contentUrl":"https:\/\/www.aquimicasa.net\/blog\/wp-content\/uploads\/Gasolina4-e1500121888856.jpg","width":420,"height":234,"caption":"Los combustibles suben de precio"},{"@type":"BreadcrumbList","@id":"https:\/\/www.aquimicasa.net\/blog\/consumo\/consumidores\/la-libertad-de-mercado-se-come-el-bolsillo-de-los-espanoles\/#breadcrumb","itemListElement":[{"@type":"ListItem","position":1,"name":"Portada","item":"https:\/\/www.aquimicasa.net\/blog\/"},{"@type":"ListItem","position":2,"name":"La libertad de mercado se come el bolsillo de los espa\u00f1oles"}]},{"@type":"WebSite","@id":"https:\/\/www.aquimicasa.net\/blog\/#website","url":"https:\/\/www.aquimicasa.net\/blog\/","name":"Blog de aquimicasa.net","description":"Noticias del Mundo Inmobiliario","publisher":{"@id":"https:\/\/www.aquimicasa.net\/blog\/#organization"},"potentialAction":[{"@type":"SearchAction","target":{"@type":"EntryPoint","urlTemplate":"https:\/\/www.aquimicasa.net\/blog\/?s={search_term_string}"},"query-input":{"@type":"PropertyValueSpecification","valueRequired":true,"valueName":"search_term_string"}}],"inLanguage":"es"},{"@type":"Organization","@id":"https:\/\/www.aquimicasa.net\/blog\/#organization","name":"Blog de aquimicasa.net","url":"https:\/\/www.aquimicasa.net\/blog\/","logo":{"@type":"ImageObject","inLanguage":"es","@id":"https:\/\/www.aquimicasa.net\/blog\/#\/schema\/logo\/image\/","url":"https:\/\/www.aquimicasa.net\/blog\/wp-content\/uploads\/Logo-aquimicasa-1-e1528048213782.png","contentUrl":"https:\/\/www.aquimicasa.net\/blog\/wp-content\/uploads\/Logo-aquimicasa-1-e1528048213782.png","width":225,"height":225,"caption":"Blog de aquimicasa.net"},"image":{"@id":"https:\/\/www.aquimicasa.net\/blog\/#\/schema\/logo\/image\/"},"sameAs":["https:\/\/www.facebook.com\/aquimicasa.net","https:\/\/www.instagram.com\/","https:\/\/x.com\/EduLizarragaD","https:\/\/www.linkedin.com\/feed\/"]},{"@type":"Person","@id":"https:\/\/www.aquimicasa.net\/blog\/#\/schema\/person\/2cdfa2605534583395c8d7ce1d6cac14","name":"Eduardo Lizarraga","image":{"@type":"ImageObject","inLanguage":"es","@id":"https:\/\/secure.gravatar.com\/avatar\/bdabe1eeeed97b65a9cb7de2edd624b07995f7e13abc5fead15961f745f908cc?s=96&d=mm&r=g","url":"https:\/\/secure.gravatar.com\/avatar\/bdabe1eeeed97b65a9cb7de2edd624b07995f7e13abc5fead15961f745f908cc?s=96&d=mm&r=g","contentUrl":"https:\/\/secure.gravatar.com\/avatar\/bdabe1eeeed97b65a9cb7de2edd624b07995f7e13abc5fead15961f745f908cc?s=96&d=mm&r=g","caption":"Eduardo Lizarraga"},"description":"Periodista Econ\u00f3mico. Ha trabajado en diversos campos de la informaci\u00f3n. Corresponsal en conflictos, analista pol\u00edtico en Congreso y Senado, periodista del medio ambiente, editor, director editorial, director de comunicaci\u00f3n.... En estos momentos se ha especializado en el sector inmobiliario. Pero tambi\u00e9n es navegante y viajero, preocupado por la pobreza, el medio ambiente y por las actuaciones descontroladas del neoliberalismo empresarial y pol\u00edtico en todo el mundo. Los desahucios, la pobreza infantil y la falta de acceso a los suministros b\u00e1sicos son algunos de los grandes dramas de nuestra sociedad y que es preciso solucionar para hacerla m\u00e1s justa. CEO en www.aquimicasa.net","sameAs":["https:\/\/www.aquimicasa.net\/"],"url":"https:\/\/www.aquimicasa.net\/blog\/author\/eduardo\/"}]}},"jetpack_publicize_connections":[],"jetpack_featured_media_url":"https:\/\/www.aquimicasa.net\/blog\/wp-content\/uploads\/Gasolina4-e1500121888856.jpg","jetpack_sharing_enabled":true,"jetpack_likes_enabled":true,"_links":{"self":[{"href":"https:\/\/www.aquimicasa.net\/blog\/wp-json\/wp\/v2\/posts\/41222","targetHints":{"allow":["GET"]}}],"collection":[{"href":"https:\/\/www.aquimicasa.net\/blog\/wp-json\/wp\/v2\/posts"}],"about":[{"href":"https:\/\/www.aquimicasa.net\/blog\/wp-json\/wp\/v2\/types\/post"}],"author":[{"embeddable":true,"href":"https:\/\/www.aquimicasa.net\/blog\/wp-json\/wp\/v2\/users\/3"}],"replies":[{"embeddable":true,"href":"https:\/\/www.aquimicasa.net\/blog\/wp-json\/wp\/v2\/comments?post=41222"}],"version-history":[{"count":2,"href":"https:\/\/www.aquimicasa.net\/blog\/wp-json\/wp\/v2\/posts\/41222\/revisions"}],"predecessor-version":[{"id":41226,"href":"https:\/\/www.aquimicasa.net\/blog\/wp-json\/wp\/v2\/posts\/41222\/revisions\/41226"}],"wp:featuredmedia":[{"embeddable":true,"href":"https:\/\/www.aquimicasa.net\/blog\/wp-json\/wp\/v2\/media\/16601"}],"wp:attachment":[{"href":"https:\/\/www.aquimicasa.net\/blog\/wp-json\/wp\/v2\/media?parent=41222"}],"wp:term":[{"taxonomy":"category","embeddable":true,"href":"https:\/\/www.aquimicasa.net\/blog\/wp-json\/wp\/v2\/categories?post=41222"},{"taxonomy":"post_tag","embeddable":true,"href":"https:\/\/www.aquimicasa.net\/blog\/wp-json\/wp\/v2\/tags?post=41222"}],"curies":[{"name":"wp","href":"https:\/\/api.w.org\/{rel}","templated":true}]}}