{"id":41270,"date":"2022-06-19T00:04:13","date_gmt":"2022-06-18T22:04:13","guid":{"rendered":"https:\/\/www.aquimicasa.net\/blog\/?p=41270"},"modified":"2022-06-19T00:05:23","modified_gmt":"2022-06-18T22:05:23","slug":"barcelona-y-san-cugat-del-valles-superan-los-3-400-euros-el-m2","status":"publish","type":"post","link":"https:\/\/www.aquimicasa.net\/blog\/vivienda\/compraventa-de-viviendas\/barcelona-y-san-cugat-del-valles-superan-los-3-400-euros-el-m2\/","title":{"rendered":"Barcelona y San Cugat del Vall\u00e9s superan los 3.400 euros el m2"},"content":{"rendered":"<div class=\"fusion-fullwidth fullwidth-box fusion-builder-row-1 fusion-flex-container nonhundred-percent-fullwidth non-hundred-percent-height-scrolling\" style=\"background-color: rgba(255,255,255,0);background-position: center center;background-repeat: no-repeat;border-width: 0px 0px 0px 0px;border-color:#eae9e9;border-style:solid;\" ><div class=\"fusion-builder-row fusion-row fusion-flex-align-items-flex-start\" style=\"max-width:1144px;margin-left: calc(-4% \/ 2 );margin-right: calc(-4% \/ 2 );\"><div class=\"fusion-layout-column fusion_builder_column fusion-builder-column-0 fusion_builder_column_1_1 1_1 fusion-flex-column\"><div class=\"fusion-column-wrapper fusion-flex-justify-content-flex-start fusion-content-layout-column\" style=\"background-position:left top;background-repeat:no-repeat;-webkit-background-size:cover;-moz-background-size:cover;-o-background-size:cover;background-size:cover;padding: 0px 0px 0px 0px;\"><div class=\"fusion-text fusion-text-1\"><p>La tasadora <strong>Tinsa<\/strong> contin\u00faa haciendo una radiograf\u00eda del mercado inmobiliario en lo que se refiere a precios. Y en esta ocasi\u00f3n es Barcelona el objetivo de su estudio. Asegura la tasadora que el incremento de precios que ha experimentado la vivienda en la Ciudad Condal ha tenido un efecto arrastre en los municipios del entorno.<\/p>\n<p>As\u00ed, si<strong> en Barcelona los precios se han incrementado un 49% desde los m\u00ednimos<\/strong> a los que llegaron en la crisis financiera, en Sant Cugat del Vall\u00e9s lo han hecho un 47%. En <strong>Hospitalet de Llobregat<\/strong>, la segunda ciudad m\u00e1s poblada de Catalu\u00f1a, y que ha concentrado bastante actividad constructiva en los \u00faltimos a\u00f1os, el recorrido desde m\u00ednimos alcanza el 55%.<\/p>\n<p>Esta situaci\u00f3n con los precios en la periferia cercana a Barcelona se debe a varias razones. Por un lado al <strong>dinamismo de la demanda<\/strong> unido a la carest\u00eda de oferta de vivienda en el centro de la Ciudad Condal. Pero tambi\u00e9n tienen su parte de culpa la<strong> escasez de suelo en Barcelona<\/strong>, la regulaci\u00f3n que impone la <strong>cesi\u00f3n de una parte de la superficie de los proyectos para VPO<\/strong> y el incremento continuado de la poblaci\u00f3n en los municipios colindantes. Todo ello ha favorecido que buena parte de los nuevos proyectos residenciales se hayan trasladado hacia la corona sur y otras zonas perif\u00e9ricas.<\/p>\n<p>En la parta alta de la tabla, <strong>Sant Cugat del Vall\u00e9s<\/strong>\u00a0destaca con el precio medio m\u00e1s elevado del \u00e1rea de influencia, un 3,5% por encima del de la ciudad de\u00a0<strong>Barcelona<\/strong>. Tras estos dos municipios, ambos por encima de los 3.400 \u20ac\/m<sup>2<\/sup>\u00a0en el primer trimestre del a\u00f1o, destaca entre las poblaciones m\u00e1s caras<strong>\u00a0Castelldefels<\/strong>\u00a0(3.127 \u20ac\/m<sup>2<\/sup>), seguido de\u00a0<strong>Sant Joan Desp\u00ed<\/strong>\u00a0y\u00a0<strong>Sant Just Desvern-Esplugues de Llobregat<\/strong>, en el entorno de los 2.750 \u2013 2.800 \u20ac\/m<sup>2<\/sup>, seg\u00fan las tasaciones realizadas por Tinsa el primer trimestre.<\/p>\n<p>Entre los municipios de la corona metropolitana con volumen de operaciones de compraventa importantes y que muestran precios m\u00e1s asequibles est\u00e1n <strong>Terrasa<\/strong>, con una referencia de 1.786 \u20ac\/m<sup>2<\/sup>\u00a0(pr\u00e1cticamente la mitad que Sant Cugat y Barcelona), seguido de Santa Coloma de Gramenet (1.851 \u20ac\/m<sup>2<\/sup>). Otros tres municipios (Rub\u00ed, Sabadell y Montcada i Reixac) se sit\u00faan ligeramente por encima de los 1.900 \u20ac\/m<sup>2<\/sup>.<\/p>\n<p>Si se analiza la evoluci\u00f3n en el \u00faltimo a\u00f1o, la tendencia de los precios es, en general, creciente, con la excepci\u00f3n de\u00a0<strong>Santa Coloma de Gramenet<\/strong>\u00a0y<strong>\u00a0Ripollet<\/strong>, que se muestran estabilizados, y\u00a0<strong>Badalona<\/strong>, donde los precios descendieron un 2,5% en los \u00faltimos 12 meses. En el lado del crecimiento, destacan con subidas superiores al 5% Sant Joan Desp\u00ed (m\u00e1s de un 7% interanual),\u00a0<strong>Terrassa<\/strong>\u00a0y\u00a0<strong>Sant Adri\u00e0 del Bes\u00f2s<\/strong>.<\/p>\n<p>Con los problemas de la subida del Eur\u00edbor y la escalada de los precios de consumo y energ\u00e9ticos, <strong>en la evoluci\u00f3n trimestral se perciben se\u00f1ales de moderaci\u00f3n<\/strong>. As\u00ed, un tercio de los 24 municipios analizados ya muestra ligeros descensos en el precio medio entre el cuarto trimestre de 2021 y el primero de 2022, seg\u00fan las tasaciones realizadas por\u00a0 Tinsa. Se trata de ca\u00eddas inferiores al 1,5%, con Badalona, Montcada i Reixac y Sant Just Desvern-Esplugues de Llobregat ocupando la parte alta de la estad\u00edstica. En el extremo contrario de la tabla,\u00a0 encontramos subidas trimestrales del 3,5% en Gav\u00e0, 2.3% en Terrasa y 2.1% en Sant Quirze del Vall\u00e8s.<\/p>\n<\/div><\/div><style type=\"text\/css\">.fusion-body .fusion-builder-column-0{width:100% !important;margin-top : 0px;margin-bottom : 0px;}.fusion-builder-column-0 > .fusion-column-wrapper {padding-top : 0px !important;padding-right : 0px !important;margin-right : 1.92%;padding-bottom : 0px !important;padding-left : 0px !important;margin-left : 1.92%;}@media only screen and (max-width:1024px) {.fusion-body .fusion-builder-column-0{width:100% !important;}.fusion-builder-column-0 > .fusion-column-wrapper {margin-right : 1.92%;margin-left : 1.92%;}}@media only screen and (max-width:640px) {.fusion-body .fusion-builder-column-0{width:100% !important;}.fusion-builder-column-0 > .fusion-column-wrapper {margin-right : 1.92%;margin-left : 1.92%;}}<\/style><\/div><\/div><style type=\"text\/css\">.fusion-body .fusion-flex-container.fusion-builder-row-1{ padding-top : 0px;margin-top : 0px;padding-right : 0px;padding-bottom : 0px;margin-bottom : 0px;padding-left : 0px;}<\/style><\/div>\n","protected":false},"excerpt":{"rendered":"<p>El incremento de los precios en la periferia cercana a Barcelona se debe a varias razones. Por un lado al dinamismo de la demanda unido a la carest\u00eda de oferta de vivienda en el centro de la Ciudad Condal. Pero tambi\u00e9n tienen su parte de culpa la escasez de suelo en Barcelona, la regulaci\u00f3n que impone la cesi\u00f3n de una parte de la superficie de los proyectos para VPO y el incremento continuado de la poblaci\u00f3n en los municipios colindantes.<\/p>\n","protected":false},"author":3,"featured_media":32229,"comment_status":"closed","ping_status":"closed","sticky":false,"template":"","format":"standard","meta":{"_jetpack_memberships_contains_paid_content":false,"footnotes":"","jetpack_publicize_message":"","jetpack_publicize_feature_enabled":true,"jetpack_social_post_already_shared":true,"jetpack_social_options":{"image_generator_settings":{"template":"highway","default_image_id":0,"font":"","enabled":false},"version":2}},"categories":[100],"tags":[8041],"class_list":["post-41270","post","type-post","status-publish","format-standard","has-post-thumbnail","hentry","category-compraventa-de-viviendas","tag-newsletter-363"],"yoast_head":"<!-- This site is optimized with the Yoast SEO plugin v27.4 - https:\/\/yoast.com\/product\/yoast-seo-wordpress\/ -->\n<title>Barcelona y San Cugat del Vall\u00e9s superan los 3.400 euros el m2<\/title>\n<meta name=\"description\" content=\"Con la subida del Eur\u00edbor y la escalada de los precios de consumo y energ\u00e9ticos, en la evoluci\u00f3n trimestral se perciben se\u00f1ales de moderaci\u00f3n\" \/>\n<meta name=\"robots\" content=\"index, follow, max-snippet:-1, max-image-preview:large, max-video-preview:-1\" \/>\n<link rel=\"canonical\" href=\"https:\/\/www.aquimicasa.net\/blog\/vivienda\/compraventa-de-viviendas\/barcelona-y-san-cugat-del-valles-superan-los-3-400-euros-el-m2\/\" \/>\n<meta property=\"og:locale\" content=\"es_ES\" \/>\n<meta property=\"og:type\" content=\"article\" \/>\n<meta property=\"og:title\" content=\"Barcelona y San Cugat del Vall\u00e9s superan los 3.400 euros el m2\" \/>\n<meta property=\"og:description\" content=\"Con la subida del Eur\u00edbor y la escalada de los precios de consumo y energ\u00e9ticos, en la evoluci\u00f3n trimestral se perciben se\u00f1ales de moderaci\u00f3n\" \/>\n<meta property=\"og:url\" content=\"https:\/\/www.aquimicasa.net\/blog\/vivienda\/compraventa-de-viviendas\/barcelona-y-san-cugat-del-valles-superan-los-3-400-euros-el-m2\/\" \/>\n<meta property=\"og:site_name\" content=\"Blog de aquimicasa.net\" \/>\n<meta property=\"article:publisher\" content=\"https:\/\/www.facebook.com\/aquimicasa.net\" \/>\n<meta property=\"article:published_time\" content=\"2022-06-18T22:04:13+00:00\" \/>\n<meta property=\"article:modified_time\" content=\"2022-06-18T22:05:23+00:00\" \/>\n<meta property=\"og:image\" content=\"https:\/\/www.aquimicasa.net\/blog\/wp-content\/uploads\/Barcelona-Agbar-3-e1590690204463.jpg\" \/>\n\t<meta property=\"og:image:width\" content=\"400\" \/>\n\t<meta property=\"og:image:height\" content=\"300\" \/>\n\t<meta property=\"og:image:type\" content=\"image\/jpeg\" \/>\n<meta name=\"author\" content=\"Eduardo Lizarraga\" \/>\n<meta name=\"twitter:label1\" content=\"Escrito por\" \/>\n\t<meta name=\"twitter:data1\" content=\"Eduardo Lizarraga\" \/>\n\t<meta name=\"twitter:label2\" content=\"Tiempo de lectura\" \/>\n\t<meta name=\"twitter:data2\" content=\"3 minutos\" \/>\n<script type=\"application\/ld+json\" class=\"yoast-schema-graph\">{\"@context\":\"https:\\\/\\\/schema.org\",\"@graph\":[{\"@type\":\"Article\",\"@id\":\"https:\\\/\\\/www.aquimicasa.net\\\/blog\\\/vivienda\\\/compraventa-de-viviendas\\\/barcelona-y-san-cugat-del-valles-superan-los-3-400-euros-el-m2\\\/#article\",\"isPartOf\":{\"@id\":\"https:\\\/\\\/www.aquimicasa.net\\\/blog\\\/vivienda\\\/compraventa-de-viviendas\\\/barcelona-y-san-cugat-del-valles-superan-los-3-400-euros-el-m2\\\/\"},\"author\":{\"name\":\"Eduardo Lizarraga\",\"@id\":\"https:\\\/\\\/www.aquimicasa.net\\\/blog\\\/#\\\/schema\\\/person\\\/2cdfa2605534583395c8d7ce1d6cac14\"},\"headline\":\"Barcelona y San Cugat del Vall\u00e9s superan los 3.400 euros el m2\",\"datePublished\":\"2022-06-18T22:04:13+00:00\",\"dateModified\":\"2022-06-18T22:05:23+00:00\",\"mainEntityOfPage\":{\"@id\":\"https:\\\/\\\/www.aquimicasa.net\\\/blog\\\/vivienda\\\/compraventa-de-viviendas\\\/barcelona-y-san-cugat-del-valles-superan-los-3-400-euros-el-m2\\\/\"},\"wordCount\":814,\"publisher\":{\"@id\":\"https:\\\/\\\/www.aquimicasa.net\\\/blog\\\/#organization\"},\"image\":{\"@id\":\"https:\\\/\\\/www.aquimicasa.net\\\/blog\\\/vivienda\\\/compraventa-de-viviendas\\\/barcelona-y-san-cugat-del-valles-superan-los-3-400-euros-el-m2\\\/#primaryimage\"},\"thumbnailUrl\":\"https:\\\/\\\/www.aquimicasa.net\\\/blog\\\/wp-content\\\/uploads\\\/Barcelona-Agbar-3-e1590690204463.jpg\",\"keywords\":[\"newsletter 363\"],\"articleSection\":[\"Compra Venta\"],\"inLanguage\":\"es\"},{\"@type\":\"WebPage\",\"@id\":\"https:\\\/\\\/www.aquimicasa.net\\\/blog\\\/vivienda\\\/compraventa-de-viviendas\\\/barcelona-y-san-cugat-del-valles-superan-los-3-400-euros-el-m2\\\/\",\"url\":\"https:\\\/\\\/www.aquimicasa.net\\\/blog\\\/vivienda\\\/compraventa-de-viviendas\\\/barcelona-y-san-cugat-del-valles-superan-los-3-400-euros-el-m2\\\/\",\"name\":\"Barcelona y San Cugat del Vall\u00e9s superan los 3.400 euros el m2\",\"isPartOf\":{\"@id\":\"https:\\\/\\\/www.aquimicasa.net\\\/blog\\\/#website\"},\"primaryImageOfPage\":{\"@id\":\"https:\\\/\\\/www.aquimicasa.net\\\/blog\\\/vivienda\\\/compraventa-de-viviendas\\\/barcelona-y-san-cugat-del-valles-superan-los-3-400-euros-el-m2\\\/#primaryimage\"},\"image\":{\"@id\":\"https:\\\/\\\/www.aquimicasa.net\\\/blog\\\/vivienda\\\/compraventa-de-viviendas\\\/barcelona-y-san-cugat-del-valles-superan-los-3-400-euros-el-m2\\\/#primaryimage\"},\"thumbnailUrl\":\"https:\\\/\\\/www.aquimicasa.net\\\/blog\\\/wp-content\\\/uploads\\\/Barcelona-Agbar-3-e1590690204463.jpg\",\"datePublished\":\"2022-06-18T22:04:13+00:00\",\"dateModified\":\"2022-06-18T22:05:23+00:00\",\"description\":\"Con la subida del Eur\u00edbor y la escalada de los precios de consumo y energ\u00e9ticos, en la evoluci\u00f3n trimestral se perciben se\u00f1ales de moderaci\u00f3n\",\"breadcrumb\":{\"@id\":\"https:\\\/\\\/www.aquimicasa.net\\\/blog\\\/vivienda\\\/compraventa-de-viviendas\\\/barcelona-y-san-cugat-del-valles-superan-los-3-400-euros-el-m2\\\/#breadcrumb\"},\"inLanguage\":\"es\",\"potentialAction\":[{\"@type\":\"ReadAction\",\"target\":[\"https:\\\/\\\/www.aquimicasa.net\\\/blog\\\/vivienda\\\/compraventa-de-viviendas\\\/barcelona-y-san-cugat-del-valles-superan-los-3-400-euros-el-m2\\\/\"]}]},{\"@type\":\"ImageObject\",\"inLanguage\":\"es\",\"@id\":\"https:\\\/\\\/www.aquimicasa.net\\\/blog\\\/vivienda\\\/compraventa-de-viviendas\\\/barcelona-y-san-cugat-del-valles-superan-los-3-400-euros-el-m2\\\/#primaryimage\",\"url\":\"https:\\\/\\\/www.aquimicasa.net\\\/blog\\\/wp-content\\\/uploads\\\/Barcelona-Agbar-3-e1590690204463.jpg\",\"contentUrl\":\"https:\\\/\\\/www.aquimicasa.net\\\/blog\\\/wp-content\\\/uploads\\\/Barcelona-Agbar-3-e1590690204463.jpg\",\"width\":400,\"height\":300,\"caption\":\"Barcelona la \u00fanic capital que baja el precio del alquiler\"},{\"@type\":\"BreadcrumbList\",\"@id\":\"https:\\\/\\\/www.aquimicasa.net\\\/blog\\\/vivienda\\\/compraventa-de-viviendas\\\/barcelona-y-san-cugat-del-valles-superan-los-3-400-euros-el-m2\\\/#breadcrumb\",\"itemListElement\":[{\"@type\":\"ListItem\",\"position\":1,\"name\":\"Portada\",\"item\":\"https:\\\/\\\/www.aquimicasa.net\\\/blog\\\/\"},{\"@type\":\"ListItem\",\"position\":2,\"name\":\"Barcelona y San Cugat del Vall\u00e9s superan los 3.400 euros el m2\"}]},{\"@type\":\"WebSite\",\"@id\":\"https:\\\/\\\/www.aquimicasa.net\\\/blog\\\/#website\",\"url\":\"https:\\\/\\\/www.aquimicasa.net\\\/blog\\\/\",\"name\":\"Blog de aquimicasa.net\",\"description\":\"Noticias del Mundo Inmobiliario\",\"publisher\":{\"@id\":\"https:\\\/\\\/www.aquimicasa.net\\\/blog\\\/#organization\"},\"potentialAction\":[{\"@type\":\"SearchAction\",\"target\":{\"@type\":\"EntryPoint\",\"urlTemplate\":\"https:\\\/\\\/www.aquimicasa.net\\\/blog\\\/?s={search_term_string}\"},\"query-input\":{\"@type\":\"PropertyValueSpecification\",\"valueRequired\":true,\"valueName\":\"search_term_string\"}}],\"inLanguage\":\"es\"},{\"@type\":\"Organization\",\"@id\":\"https:\\\/\\\/www.aquimicasa.net\\\/blog\\\/#organization\",\"name\":\"Blog de aquimicasa.net\",\"url\":\"https:\\\/\\\/www.aquimicasa.net\\\/blog\\\/\",\"logo\":{\"@type\":\"ImageObject\",\"inLanguage\":\"es\",\"@id\":\"https:\\\/\\\/www.aquimicasa.net\\\/blog\\\/#\\\/schema\\\/logo\\\/image\\\/\",\"url\":\"https:\\\/\\\/www.aquimicasa.net\\\/blog\\\/wp-content\\\/uploads\\\/Logo-aquimicasa-1-e1528048213782.png\",\"contentUrl\":\"https:\\\/\\\/www.aquimicasa.net\\\/blog\\\/wp-content\\\/uploads\\\/Logo-aquimicasa-1-e1528048213782.png\",\"width\":225,\"height\":225,\"caption\":\"Blog de aquimicasa.net\"},\"image\":{\"@id\":\"https:\\\/\\\/www.aquimicasa.net\\\/blog\\\/#\\\/schema\\\/logo\\\/image\\\/\"},\"sameAs\":[\"https:\\\/\\\/www.facebook.com\\\/aquimicasa.net\",\"https:\\\/\\\/www.instagram.com\\\/\",\"https:\\\/\\\/x.com\\\/EduLizarragaD\",\"https:\\\/\\\/www.linkedin.com\\\/feed\\\/\"]},{\"@type\":\"Person\",\"@id\":\"https:\\\/\\\/www.aquimicasa.net\\\/blog\\\/#\\\/schema\\\/person\\\/2cdfa2605534583395c8d7ce1d6cac14\",\"name\":\"Eduardo Lizarraga\",\"image\":{\"@type\":\"ImageObject\",\"inLanguage\":\"es\",\"@id\":\"https:\\\/\\\/secure.gravatar.com\\\/avatar\\\/bdabe1eeeed97b65a9cb7de2edd624b07995f7e13abc5fead15961f745f908cc?s=96&d=mm&r=g\",\"url\":\"https:\\\/\\\/secure.gravatar.com\\\/avatar\\\/bdabe1eeeed97b65a9cb7de2edd624b07995f7e13abc5fead15961f745f908cc?s=96&d=mm&r=g\",\"contentUrl\":\"https:\\\/\\\/secure.gravatar.com\\\/avatar\\\/bdabe1eeeed97b65a9cb7de2edd624b07995f7e13abc5fead15961f745f908cc?s=96&d=mm&r=g\",\"caption\":\"Eduardo Lizarraga\"},\"description\":\"Periodista Econ\u00f3mico. Ha trabajado en diversos campos de la informaci\u00f3n. Corresponsal en conflictos, analista pol\u00edtico en Congreso y Senado, periodista del medio ambiente, editor, director editorial, director de comunicaci\u00f3n.... En estos momentos se ha especializado en el sector inmobiliario. Pero tambi\u00e9n es navegante y viajero, preocupado por la pobreza, el medio ambiente y por las actuaciones descontroladas del neoliberalismo empresarial y pol\u00edtico en todo el mundo. Los desahucios, la pobreza infantil y la falta de acceso a los suministros b\u00e1sicos son algunos de los grandes dramas de nuestra sociedad y que es preciso solucionar para hacerla m\u00e1s justa. CEO en www.aquimicasa.net\",\"sameAs\":[\"https:\\\/\\\/www.aquimicasa.net\\\/\"],\"url\":\"https:\\\/\\\/www.aquimicasa.net\\\/blog\\\/author\\\/eduardo\\\/\"}]}<\/script>\n<!-- \/ Yoast SEO plugin. -->","yoast_head_json":{"title":"Barcelona y San Cugat del Vall\u00e9s superan los 3.400 euros el m2","description":"Con la subida del Eur\u00edbor y la escalada de los precios de consumo y energ\u00e9ticos, en la evoluci\u00f3n trimestral se perciben se\u00f1ales de moderaci\u00f3n","robots":{"index":"index","follow":"follow","max-snippet":"max-snippet:-1","max-image-preview":"max-image-preview:large","max-video-preview":"max-video-preview:-1"},"canonical":"https:\/\/www.aquimicasa.net\/blog\/vivienda\/compraventa-de-viviendas\/barcelona-y-san-cugat-del-valles-superan-los-3-400-euros-el-m2\/","og_locale":"es_ES","og_type":"article","og_title":"Barcelona y San Cugat del Vall\u00e9s superan los 3.400 euros el m2","og_description":"Con la subida del Eur\u00edbor y la escalada de los precios de consumo y energ\u00e9ticos, en la evoluci\u00f3n trimestral se perciben se\u00f1ales de moderaci\u00f3n","og_url":"https:\/\/www.aquimicasa.net\/blog\/vivienda\/compraventa-de-viviendas\/barcelona-y-san-cugat-del-valles-superan-los-3-400-euros-el-m2\/","og_site_name":"Blog de aquimicasa.net","article_publisher":"https:\/\/www.facebook.com\/aquimicasa.net","article_published_time":"2022-06-18T22:04:13+00:00","article_modified_time":"2022-06-18T22:05:23+00:00","og_image":[{"width":400,"height":300,"url":"https:\/\/www.aquimicasa.net\/blog\/wp-content\/uploads\/Barcelona-Agbar-3-e1590690204463.jpg","type":"image\/jpeg"}],"author":"Eduardo Lizarraga","twitter_misc":{"Escrito por":"Eduardo Lizarraga","Tiempo de lectura":"3 minutos"},"schema":{"@context":"https:\/\/schema.org","@graph":[{"@type":"Article","@id":"https:\/\/www.aquimicasa.net\/blog\/vivienda\/compraventa-de-viviendas\/barcelona-y-san-cugat-del-valles-superan-los-3-400-euros-el-m2\/#article","isPartOf":{"@id":"https:\/\/www.aquimicasa.net\/blog\/vivienda\/compraventa-de-viviendas\/barcelona-y-san-cugat-del-valles-superan-los-3-400-euros-el-m2\/"},"author":{"name":"Eduardo Lizarraga","@id":"https:\/\/www.aquimicasa.net\/blog\/#\/schema\/person\/2cdfa2605534583395c8d7ce1d6cac14"},"headline":"Barcelona y San Cugat del Vall\u00e9s superan los 3.400 euros el m2","datePublished":"2022-06-18T22:04:13+00:00","dateModified":"2022-06-18T22:05:23+00:00","mainEntityOfPage":{"@id":"https:\/\/www.aquimicasa.net\/blog\/vivienda\/compraventa-de-viviendas\/barcelona-y-san-cugat-del-valles-superan-los-3-400-euros-el-m2\/"},"wordCount":814,"publisher":{"@id":"https:\/\/www.aquimicasa.net\/blog\/#organization"},"image":{"@id":"https:\/\/www.aquimicasa.net\/blog\/vivienda\/compraventa-de-viviendas\/barcelona-y-san-cugat-del-valles-superan-los-3-400-euros-el-m2\/#primaryimage"},"thumbnailUrl":"https:\/\/www.aquimicasa.net\/blog\/wp-content\/uploads\/Barcelona-Agbar-3-e1590690204463.jpg","keywords":["newsletter 363"],"articleSection":["Compra Venta"],"inLanguage":"es"},{"@type":"WebPage","@id":"https:\/\/www.aquimicasa.net\/blog\/vivienda\/compraventa-de-viviendas\/barcelona-y-san-cugat-del-valles-superan-los-3-400-euros-el-m2\/","url":"https:\/\/www.aquimicasa.net\/blog\/vivienda\/compraventa-de-viviendas\/barcelona-y-san-cugat-del-valles-superan-los-3-400-euros-el-m2\/","name":"Barcelona y San Cugat del Vall\u00e9s superan los 3.400 euros el m2","isPartOf":{"@id":"https:\/\/www.aquimicasa.net\/blog\/#website"},"primaryImageOfPage":{"@id":"https:\/\/www.aquimicasa.net\/blog\/vivienda\/compraventa-de-viviendas\/barcelona-y-san-cugat-del-valles-superan-los-3-400-euros-el-m2\/#primaryimage"},"image":{"@id":"https:\/\/www.aquimicasa.net\/blog\/vivienda\/compraventa-de-viviendas\/barcelona-y-san-cugat-del-valles-superan-los-3-400-euros-el-m2\/#primaryimage"},"thumbnailUrl":"https:\/\/www.aquimicasa.net\/blog\/wp-content\/uploads\/Barcelona-Agbar-3-e1590690204463.jpg","datePublished":"2022-06-18T22:04:13+00:00","dateModified":"2022-06-18T22:05:23+00:00","description":"Con la subida del Eur\u00edbor y la escalada de los precios de consumo y energ\u00e9ticos, en la evoluci\u00f3n trimestral se perciben se\u00f1ales de moderaci\u00f3n","breadcrumb":{"@id":"https:\/\/www.aquimicasa.net\/blog\/vivienda\/compraventa-de-viviendas\/barcelona-y-san-cugat-del-valles-superan-los-3-400-euros-el-m2\/#breadcrumb"},"inLanguage":"es","potentialAction":[{"@type":"ReadAction","target":["https:\/\/www.aquimicasa.net\/blog\/vivienda\/compraventa-de-viviendas\/barcelona-y-san-cugat-del-valles-superan-los-3-400-euros-el-m2\/"]}]},{"@type":"ImageObject","inLanguage":"es","@id":"https:\/\/www.aquimicasa.net\/blog\/vivienda\/compraventa-de-viviendas\/barcelona-y-san-cugat-del-valles-superan-los-3-400-euros-el-m2\/#primaryimage","url":"https:\/\/www.aquimicasa.net\/blog\/wp-content\/uploads\/Barcelona-Agbar-3-e1590690204463.jpg","contentUrl":"https:\/\/www.aquimicasa.net\/blog\/wp-content\/uploads\/Barcelona-Agbar-3-e1590690204463.jpg","width":400,"height":300,"caption":"Barcelona la \u00fanic capital que baja el precio del alquiler"},{"@type":"BreadcrumbList","@id":"https:\/\/www.aquimicasa.net\/blog\/vivienda\/compraventa-de-viviendas\/barcelona-y-san-cugat-del-valles-superan-los-3-400-euros-el-m2\/#breadcrumb","itemListElement":[{"@type":"ListItem","position":1,"name":"Portada","item":"https:\/\/www.aquimicasa.net\/blog\/"},{"@type":"ListItem","position":2,"name":"Barcelona y San Cugat del Vall\u00e9s superan los 3.400 euros el m2"}]},{"@type":"WebSite","@id":"https:\/\/www.aquimicasa.net\/blog\/#website","url":"https:\/\/www.aquimicasa.net\/blog\/","name":"Blog de aquimicasa.net","description":"Noticias del Mundo Inmobiliario","publisher":{"@id":"https:\/\/www.aquimicasa.net\/blog\/#organization"},"potentialAction":[{"@type":"SearchAction","target":{"@type":"EntryPoint","urlTemplate":"https:\/\/www.aquimicasa.net\/blog\/?s={search_term_string}"},"query-input":{"@type":"PropertyValueSpecification","valueRequired":true,"valueName":"search_term_string"}}],"inLanguage":"es"},{"@type":"Organization","@id":"https:\/\/www.aquimicasa.net\/blog\/#organization","name":"Blog de aquimicasa.net","url":"https:\/\/www.aquimicasa.net\/blog\/","logo":{"@type":"ImageObject","inLanguage":"es","@id":"https:\/\/www.aquimicasa.net\/blog\/#\/schema\/logo\/image\/","url":"https:\/\/www.aquimicasa.net\/blog\/wp-content\/uploads\/Logo-aquimicasa-1-e1528048213782.png","contentUrl":"https:\/\/www.aquimicasa.net\/blog\/wp-content\/uploads\/Logo-aquimicasa-1-e1528048213782.png","width":225,"height":225,"caption":"Blog de aquimicasa.net"},"image":{"@id":"https:\/\/www.aquimicasa.net\/blog\/#\/schema\/logo\/image\/"},"sameAs":["https:\/\/www.facebook.com\/aquimicasa.net","https:\/\/www.instagram.com\/","https:\/\/x.com\/EduLizarragaD","https:\/\/www.linkedin.com\/feed\/"]},{"@type":"Person","@id":"https:\/\/www.aquimicasa.net\/blog\/#\/schema\/person\/2cdfa2605534583395c8d7ce1d6cac14","name":"Eduardo Lizarraga","image":{"@type":"ImageObject","inLanguage":"es","@id":"https:\/\/secure.gravatar.com\/avatar\/bdabe1eeeed97b65a9cb7de2edd624b07995f7e13abc5fead15961f745f908cc?s=96&d=mm&r=g","url":"https:\/\/secure.gravatar.com\/avatar\/bdabe1eeeed97b65a9cb7de2edd624b07995f7e13abc5fead15961f745f908cc?s=96&d=mm&r=g","contentUrl":"https:\/\/secure.gravatar.com\/avatar\/bdabe1eeeed97b65a9cb7de2edd624b07995f7e13abc5fead15961f745f908cc?s=96&d=mm&r=g","caption":"Eduardo Lizarraga"},"description":"Periodista Econ\u00f3mico. Ha trabajado en diversos campos de la informaci\u00f3n. Corresponsal en conflictos, analista pol\u00edtico en Congreso y Senado, periodista del medio ambiente, editor, director editorial, director de comunicaci\u00f3n.... En estos momentos se ha especializado en el sector inmobiliario. Pero tambi\u00e9n es navegante y viajero, preocupado por la pobreza, el medio ambiente y por las actuaciones descontroladas del neoliberalismo empresarial y pol\u00edtico en todo el mundo. Los desahucios, la pobreza infantil y la falta de acceso a los suministros b\u00e1sicos son algunos de los grandes dramas de nuestra sociedad y que es preciso solucionar para hacerla m\u00e1s justa. CEO en www.aquimicasa.net","sameAs":["https:\/\/www.aquimicasa.net\/"],"url":"https:\/\/www.aquimicasa.net\/blog\/author\/eduardo\/"}]}},"jetpack_publicize_connections":[],"jetpack_featured_media_url":"https:\/\/www.aquimicasa.net\/blog\/wp-content\/uploads\/Barcelona-Agbar-3-e1590690204463.jpg","jetpack_sharing_enabled":true,"jetpack_likes_enabled":true,"_links":{"self":[{"href":"https:\/\/www.aquimicasa.net\/blog\/wp-json\/wp\/v2\/posts\/41270","targetHints":{"allow":["GET"]}}],"collection":[{"href":"https:\/\/www.aquimicasa.net\/blog\/wp-json\/wp\/v2\/posts"}],"about":[{"href":"https:\/\/www.aquimicasa.net\/blog\/wp-json\/wp\/v2\/types\/post"}],"author":[{"embeddable":true,"href":"https:\/\/www.aquimicasa.net\/blog\/wp-json\/wp\/v2\/users\/3"}],"replies":[{"embeddable":true,"href":"https:\/\/www.aquimicasa.net\/blog\/wp-json\/wp\/v2\/comments?post=41270"}],"version-history":[{"count":2,"href":"https:\/\/www.aquimicasa.net\/blog\/wp-json\/wp\/v2\/posts\/41270\/revisions"}],"predecessor-version":[{"id":41272,"href":"https:\/\/www.aquimicasa.net\/blog\/wp-json\/wp\/v2\/posts\/41270\/revisions\/41272"}],"wp:featuredmedia":[{"embeddable":true,"href":"https:\/\/www.aquimicasa.net\/blog\/wp-json\/wp\/v2\/media\/32229"}],"wp:attachment":[{"href":"https:\/\/www.aquimicasa.net\/blog\/wp-json\/wp\/v2\/media?parent=41270"}],"wp:term":[{"taxonomy":"category","embeddable":true,"href":"https:\/\/www.aquimicasa.net\/blog\/wp-json\/wp\/v2\/categories?post=41270"},{"taxonomy":"post_tag","embeddable":true,"href":"https:\/\/www.aquimicasa.net\/blog\/wp-json\/wp\/v2\/tags?post=41270"}],"curies":[{"name":"wp","href":"https:\/\/api.w.org\/{rel}","templated":true}]}}