{"id":41301,"date":"2022-06-22T20:15:24","date_gmt":"2022-06-22T18:15:24","guid":{"rendered":"https:\/\/www.aquimicasa.net\/blog\/?p=41301"},"modified":"2022-06-22T20:15:24","modified_gmt":"2022-06-22T18:15:24","slug":"el-brindis-al-sol-de-reducir-el-iva-en-la-luz-nos-sale-muy-caro","status":"publish","type":"post","link":"https:\/\/www.aquimicasa.net\/blog\/consumo\/consumidores\/el-brindis-al-sol-de-reducir-el-iva-en-la-luz-nos-sale-muy-caro\/","title":{"rendered":"El brindis al sol de reducir el IVA en la luz nos sale muy caro"},"content":{"rendered":"<div class=\"fusion-fullwidth fullwidth-box fusion-builder-row-1 fusion-flex-container nonhundred-percent-fullwidth non-hundred-percent-height-scrolling\" style=\"background-color: rgba(255,255,255,0);background-position: center center;background-repeat: no-repeat;border-width: 0px 0px 0px 0px;border-color:#eae9e9;border-style:solid;\" ><div class=\"fusion-builder-row fusion-row fusion-flex-align-items-flex-start\" style=\"max-width:1144px;margin-left: calc(-4% \/ 2 );margin-right: calc(-4% \/ 2 );\"><div class=\"fusion-layout-column fusion_builder_column fusion-builder-column-0 fusion_builder_column_1_1 1_1 fusion-flex-column\"><div class=\"fusion-column-wrapper fusion-flex-justify-content-flex-start fusion-content-layout-column\" style=\"background-position:left top;background-repeat:no-repeat;-webkit-background-size:cover;-moz-background-size:cover;-o-background-size:cover;background-size:cover;padding: 0px 0px 0px 0px;\"><div class=\"fusion-text fusion-text-1\"><p>El presidente del Gobierno,\u00a0<strong>Pedro S\u00e1nchez<\/strong>, ha\u00a0anunciado este pasado mi\u00e9rcoles 22 de junio en la sesi\u00f3n de control al Ejecutivo que el nuevo plan anticrisis, que se aprobar\u00e1 el pr\u00f3ximo s\u00e1bado, traer\u00e1 consigo una <strong>rebaja del IVA de la luz<\/strong> del 10 al 5%. Y lo anuncia como si fuera una medida definitiva contra la <strong>carest\u00eda de la luz<\/strong> que fuera a solucionar el problema del importe de la factura. Y nada m\u00e1s lejos de la realidad, porque la medida va a tener un peque\u00f1o resultado que adem\u00e1s pagaremos entre todos con una menor recaudaci\u00f3n. Pero de controlar el precio de la luz <strong>disminuyendo los beneficios de las empresas el\u00e9ctricas<\/strong> nada de nada.<\/p>\n<p>Es como si le diera miedo al Gobierno de Espa\u00f1a imponer sacrificios a los que m\u00e1s ganan, para que el pa\u00eds en su conjunto pueda sufrir menos frente a la crisis manteniendo y costeando el <strong>Estado del Bienestar<\/strong>, amenazado por una interesada pol\u00edtica de dise\u00f1o de precios finalistas y la guerra de Ucrania. Y este miedo se traduce en la constante renuencia a tomar decisiones, dej\u00e1ndolas siempre para m\u00e1s adelante.<\/p>\n<p>La asociaci\u00f3n de consumidores FACUA recuerda que la anterior bajada del IVA de la electricidad qued\u00f3 anulada en cuanto a impacto en el <strong>recibo de la luz<\/strong>, debido al continuo alza del precio, una circunstancia que podr\u00eda volver a repetirse.<\/p>\n<p>As\u00ed, FACUA tambi\u00e9n incide en que las medidas deben pasar por recortar los <strong>descomunales beneficios de las compa\u00f1\u00edas el\u00e9ctricas<\/strong> mediante impuestos que precisamente sirvan para retornar parte de dichos ingresos a las arcas p\u00fablicas, en beneficio de todos los usuarios. En este sentido, critica que el PSOE vuelva a aplazar la decisi\u00f3n de crear dichos impuestos y hable ahora de retomarlo durante el planteamiento y aprobaci\u00f3n de la Ley de Presupuestos para 2023.<\/p>\n<p>La asociaci\u00f3n advierte de que resulta peligroso desarrollar este tipo de medidas basadas en grandes bajadas de impuestos sin equilibrarlas con subidas impositivas al sector el\u00e9ctrico o a las grandes empresas en general y es que no se puede vivir de forma constante en el d\u00e9ficit presupuestario. La situaci\u00f3n constata el punto m\u00e1s d\u00e9bil del PSOE, intentar ayudar a las clases menos favorecidas pero <strong>sin tocar los recursos de los que m\u00e1s tienen<\/strong>.<\/p>\n<p>Por otro lado, FACUA se\u00f1ala que el Gobierno sigue ignorando su <strong>capacidad de proteger a las familias<\/strong> extendiendo a muchos m\u00e1s usuarios la aplicaci\u00f3n de los descuentos que suponen el bono social, de manera que los beneficiarios puedan ser muchos m\u00e1s que los actuales. De esta manera, podr\u00eda convertirse en una aut\u00e9ntica <strong>tarifa social<\/strong>, alejada del muy reducido impacto que tiene actualmente.<\/p>\n<p>La asociaci\u00f3n incide en que bajar nuevamente el IVA, al igual que en las ocasiones anteriores, no impedir\u00e1 que las el\u00e9ctricas puedan seguir aplicando subidas de las tarifas -reduciendo al m\u00ednimo el beneficio de dicha medida- <strong>aprovechando la especulaci\u00f3n que les permite el sistema de subasta<\/strong>. \u00ab<em>Por ello, se debe reclamar a Bruselas el punto y final a un sistema de fijaci\u00f3n de precios que representa una estafa a los consumidores<\/em>\u00ab, ha se\u00f1alado FACUA.<\/p>\n<p>De la situaci\u00f3n, tenemos como ejemplo el tope del gas, aprobado este mes de junio y que ha tenido un impacto muy reducido en la factura el\u00e9ctrica, muy lejos del supuesto recorte del 40% del recibo que anunci\u00f3 inicialmente el Gobierno.<\/p>\n<\/div><\/div><style type=\"text\/css\">.fusion-body .fusion-builder-column-0{width:100% !important;margin-top : 0px;margin-bottom : 0px;}.fusion-builder-column-0 > .fusion-column-wrapper {padding-top : 0px !important;padding-right : 0px !important;margin-right : 1.92%;padding-bottom : 0px !important;padding-left : 0px !important;margin-left : 1.92%;}@media only screen and (max-width:1024px) {.fusion-body .fusion-builder-column-0{width:100% !important;}.fusion-builder-column-0 > .fusion-column-wrapper {margin-right : 1.92%;margin-left : 1.92%;}}@media only screen and (max-width:640px) {.fusion-body .fusion-builder-column-0{width:100% !important;}.fusion-builder-column-0 > .fusion-column-wrapper {margin-right : 1.92%;margin-left : 1.92%;}}<\/style><\/div><\/div><style type=\"text\/css\">.fusion-body .fusion-flex-container.fusion-builder-row-1{ padding-top : 0px;margin-top : 0px;padding-right : 0px;padding-bottom : 0px;margin-bottom : 0px;padding-left : 0px;}<\/style><\/div>\n","protected":false},"excerpt":{"rendered":"<p>Bajar nuevamente el IVA, al igual que en las ocasiones anteriores, no impedir\u00e1 que las el\u00e9ctricas puedan seguir aplicando subidas de las tarifas -reduciendo al m\u00ednimo el beneficio de dicha medida- aprovechando la especulaci\u00f3n que les permite el sistema de subasta.<\/p>\n","protected":false},"author":3,"featured_media":38098,"comment_status":"closed","ping_status":"closed","sticky":false,"template":"","format":"standard","meta":{"_jetpack_memberships_contains_paid_content":false,"footnotes":"","jetpack_publicize_message":"","jetpack_publicize_feature_enabled":true,"jetpack_social_post_already_shared":true,"jetpack_social_options":{"image_generator_settings":{"template":"highway","default_image_id":0,"font":"","enabled":false},"version":2}},"categories":[7512,639],"tags":[8041],"class_list":["post-41301","post","type-post","status-publish","format-standard","has-post-thumbnail","hentry","category-consumidores","category-electricas","tag-newsletter-363"],"yoast_head":"<!-- This site is optimized with the Yoast SEO plugin v27.5 - https:\/\/yoast.com\/product\/yoast-seo-wordpress\/ -->\n<title>El brindis al sol de reducir el IVA en la luz nos sale muy caro<\/title>\n<meta name=\"description\" content=\"La anterior bajada del IVA de la electricidad qued\u00f3 anulada en cuanto a impacto en el recibo de la luz, debido al continuo alza del precio,\" \/>\n<meta name=\"robots\" content=\"index, follow, max-snippet:-1, max-image-preview:large, max-video-preview:-1\" \/>\n<link rel=\"canonical\" href=\"https:\/\/www.aquimicasa.net\/blog\/consumo\/consumidores\/el-brindis-al-sol-de-reducir-el-iva-en-la-luz-nos-sale-muy-caro\/\" \/>\n<meta property=\"og:locale\" content=\"es_ES\" \/>\n<meta property=\"og:type\" content=\"article\" \/>\n<meta property=\"og:title\" content=\"El brindis al sol de reducir el IVA en la luz nos sale muy caro\" \/>\n<meta property=\"og:description\" content=\"La anterior bajada del IVA de la electricidad qued\u00f3 anulada en cuanto a impacto en el recibo de la luz, debido al continuo alza del precio,\" \/>\n<meta property=\"og:url\" content=\"https:\/\/www.aquimicasa.net\/blog\/consumo\/consumidores\/el-brindis-al-sol-de-reducir-el-iva-en-la-luz-nos-sale-muy-caro\/\" \/>\n<meta property=\"og:site_name\" content=\"Blog de aquimicasa.net\" \/>\n<meta property=\"article:publisher\" content=\"https:\/\/www.facebook.com\/aquimicasa.net\" \/>\n<meta property=\"article:published_time\" content=\"2022-06-22T18:15:24+00:00\" \/>\n<meta property=\"og:image\" content=\"https:\/\/www.aquimicasa.net\/blog\/wp-content\/uploads\/Pobreza-energetica6-2.jpg\" \/>\n\t<meta property=\"og:image:width\" content=\"360\" \/>\n\t<meta property=\"og:image:height\" content=\"231\" \/>\n\t<meta property=\"og:image:type\" content=\"image\/jpeg\" \/>\n<meta name=\"author\" content=\"Eduardo Lizarraga\" \/>\n<meta name=\"twitter:label1\" content=\"Escrito por\" \/>\n\t<meta name=\"twitter:data1\" content=\"Eduardo Lizarraga\" \/>\n\t<meta name=\"twitter:label2\" content=\"Tiempo de lectura\" \/>\n\t<meta name=\"twitter:data2\" content=\"3 minutos\" \/>\n<script type=\"application\/ld+json\" class=\"yoast-schema-graph\">{\"@context\":\"https:\\\/\\\/schema.org\",\"@graph\":[{\"@type\":\"Article\",\"@id\":\"https:\\\/\\\/www.aquimicasa.net\\\/blog\\\/consumo\\\/consumidores\\\/el-brindis-al-sol-de-reducir-el-iva-en-la-luz-nos-sale-muy-caro\\\/#article\",\"isPartOf\":{\"@id\":\"https:\\\/\\\/www.aquimicasa.net\\\/blog\\\/consumo\\\/consumidores\\\/el-brindis-al-sol-de-reducir-el-iva-en-la-luz-nos-sale-muy-caro\\\/\"},\"author\":{\"name\":\"Eduardo Lizarraga\",\"@id\":\"https:\\\/\\\/www.aquimicasa.net\\\/blog\\\/#\\\/schema\\\/person\\\/2cdfa2605534583395c8d7ce1d6cac14\"},\"headline\":\"El brindis al sol de reducir el IVA en la luz nos sale muy caro\",\"datePublished\":\"2022-06-22T18:15:24+00:00\",\"mainEntityOfPage\":{\"@id\":\"https:\\\/\\\/www.aquimicasa.net\\\/blog\\\/consumo\\\/consumidores\\\/el-brindis-al-sol-de-reducir-el-iva-en-la-luz-nos-sale-muy-caro\\\/\"},\"wordCount\":843,\"publisher\":{\"@id\":\"https:\\\/\\\/www.aquimicasa.net\\\/blog\\\/#organization\"},\"image\":{\"@id\":\"https:\\\/\\\/www.aquimicasa.net\\\/blog\\\/consumo\\\/consumidores\\\/el-brindis-al-sol-de-reducir-el-iva-en-la-luz-nos-sale-muy-caro\\\/#primaryimage\"},\"thumbnailUrl\":\"https:\\\/\\\/www.aquimicasa.net\\\/blog\\\/wp-content\\\/uploads\\\/Pobreza-energetica6-2.jpg\",\"keywords\":[\"newsletter 363\"],\"articleSection\":[\"Consumidores\",\"El\u00e9ctricas\"],\"inLanguage\":\"es\"},{\"@type\":\"WebPage\",\"@id\":\"https:\\\/\\\/www.aquimicasa.net\\\/blog\\\/consumo\\\/consumidores\\\/el-brindis-al-sol-de-reducir-el-iva-en-la-luz-nos-sale-muy-caro\\\/\",\"url\":\"https:\\\/\\\/www.aquimicasa.net\\\/blog\\\/consumo\\\/consumidores\\\/el-brindis-al-sol-de-reducir-el-iva-en-la-luz-nos-sale-muy-caro\\\/\",\"name\":\"El brindis al sol de reducir el IVA en la luz nos sale muy caro\",\"isPartOf\":{\"@id\":\"https:\\\/\\\/www.aquimicasa.net\\\/blog\\\/#website\"},\"primaryImageOfPage\":{\"@id\":\"https:\\\/\\\/www.aquimicasa.net\\\/blog\\\/consumo\\\/consumidores\\\/el-brindis-al-sol-de-reducir-el-iva-en-la-luz-nos-sale-muy-caro\\\/#primaryimage\"},\"image\":{\"@id\":\"https:\\\/\\\/www.aquimicasa.net\\\/blog\\\/consumo\\\/consumidores\\\/el-brindis-al-sol-de-reducir-el-iva-en-la-luz-nos-sale-muy-caro\\\/#primaryimage\"},\"thumbnailUrl\":\"https:\\\/\\\/www.aquimicasa.net\\\/blog\\\/wp-content\\\/uploads\\\/Pobreza-energetica6-2.jpg\",\"datePublished\":\"2022-06-22T18:15:24+00:00\",\"description\":\"La anterior bajada del IVA de la electricidad qued\u00f3 anulada en cuanto a impacto en el recibo de la luz, debido al continuo alza del precio,\",\"breadcrumb\":{\"@id\":\"https:\\\/\\\/www.aquimicasa.net\\\/blog\\\/consumo\\\/consumidores\\\/el-brindis-al-sol-de-reducir-el-iva-en-la-luz-nos-sale-muy-caro\\\/#breadcrumb\"},\"inLanguage\":\"es\",\"potentialAction\":[{\"@type\":\"ReadAction\",\"target\":[\"https:\\\/\\\/www.aquimicasa.net\\\/blog\\\/consumo\\\/consumidores\\\/el-brindis-al-sol-de-reducir-el-iva-en-la-luz-nos-sale-muy-caro\\\/\"]}]},{\"@type\":\"ImageObject\",\"inLanguage\":\"es\",\"@id\":\"https:\\\/\\\/www.aquimicasa.net\\\/blog\\\/consumo\\\/consumidores\\\/el-brindis-al-sol-de-reducir-el-iva-en-la-luz-nos-sale-muy-caro\\\/#primaryimage\",\"url\":\"https:\\\/\\\/www.aquimicasa.net\\\/blog\\\/wp-content\\\/uploads\\\/Pobreza-energetica6-2.jpg\",\"contentUrl\":\"https:\\\/\\\/www.aquimicasa.net\\\/blog\\\/wp-content\\\/uploads\\\/Pobreza-energetica6-2.jpg\",\"width\":360,\"height\":231,\"caption\":\"No habr\u00e1 contenci\u00f3n a la inflaci\u00f3n sin tocar los beneficios a las el\u00e9ctricas\"},{\"@type\":\"BreadcrumbList\",\"@id\":\"https:\\\/\\\/www.aquimicasa.net\\\/blog\\\/consumo\\\/consumidores\\\/el-brindis-al-sol-de-reducir-el-iva-en-la-luz-nos-sale-muy-caro\\\/#breadcrumb\",\"itemListElement\":[{\"@type\":\"ListItem\",\"position\":1,\"name\":\"Portada\",\"item\":\"https:\\\/\\\/www.aquimicasa.net\\\/blog\\\/\"},{\"@type\":\"ListItem\",\"position\":2,\"name\":\"El brindis al sol de reducir el IVA en la luz nos sale muy caro\"}]},{\"@type\":\"WebSite\",\"@id\":\"https:\\\/\\\/www.aquimicasa.net\\\/blog\\\/#website\",\"url\":\"https:\\\/\\\/www.aquimicasa.net\\\/blog\\\/\",\"name\":\"Blog de aquimicasa.net\",\"description\":\"Noticias del Mundo Inmobiliario\",\"publisher\":{\"@id\":\"https:\\\/\\\/www.aquimicasa.net\\\/blog\\\/#organization\"},\"potentialAction\":[{\"@type\":\"SearchAction\",\"target\":{\"@type\":\"EntryPoint\",\"urlTemplate\":\"https:\\\/\\\/www.aquimicasa.net\\\/blog\\\/?s={search_term_string}\"},\"query-input\":{\"@type\":\"PropertyValueSpecification\",\"valueRequired\":true,\"valueName\":\"search_term_string\"}}],\"inLanguage\":\"es\"},{\"@type\":\"Organization\",\"@id\":\"https:\\\/\\\/www.aquimicasa.net\\\/blog\\\/#organization\",\"name\":\"Blog de aquimicasa.net\",\"url\":\"https:\\\/\\\/www.aquimicasa.net\\\/blog\\\/\",\"logo\":{\"@type\":\"ImageObject\",\"inLanguage\":\"es\",\"@id\":\"https:\\\/\\\/www.aquimicasa.net\\\/blog\\\/#\\\/schema\\\/logo\\\/image\\\/\",\"url\":\"https:\\\/\\\/www.aquimicasa.net\\\/blog\\\/wp-content\\\/uploads\\\/Logo-aquimicasa-1-e1528048213782.png\",\"contentUrl\":\"https:\\\/\\\/www.aquimicasa.net\\\/blog\\\/wp-content\\\/uploads\\\/Logo-aquimicasa-1-e1528048213782.png\",\"width\":225,\"height\":225,\"caption\":\"Blog de aquimicasa.net\"},\"image\":{\"@id\":\"https:\\\/\\\/www.aquimicasa.net\\\/blog\\\/#\\\/schema\\\/logo\\\/image\\\/\"},\"sameAs\":[\"https:\\\/\\\/www.facebook.com\\\/aquimicasa.net\",\"https:\\\/\\\/www.instagram.com\\\/\",\"https:\\\/\\\/x.com\\\/EduLizarragaD\",\"https:\\\/\\\/www.linkedin.com\\\/feed\\\/\"]},{\"@type\":\"Person\",\"@id\":\"https:\\\/\\\/www.aquimicasa.net\\\/blog\\\/#\\\/schema\\\/person\\\/2cdfa2605534583395c8d7ce1d6cac14\",\"name\":\"Eduardo Lizarraga\",\"image\":{\"@type\":\"ImageObject\",\"inLanguage\":\"es\",\"@id\":\"https:\\\/\\\/secure.gravatar.com\\\/avatar\\\/bdabe1eeeed97b65a9cb7de2edd624b07995f7e13abc5fead15961f745f908cc?s=96&d=mm&r=g\",\"url\":\"https:\\\/\\\/secure.gravatar.com\\\/avatar\\\/bdabe1eeeed97b65a9cb7de2edd624b07995f7e13abc5fead15961f745f908cc?s=96&d=mm&r=g\",\"contentUrl\":\"https:\\\/\\\/secure.gravatar.com\\\/avatar\\\/bdabe1eeeed97b65a9cb7de2edd624b07995f7e13abc5fead15961f745f908cc?s=96&d=mm&r=g\",\"caption\":\"Eduardo Lizarraga\"},\"description\":\"Periodista Econ\u00f3mico. Ha trabajado en diversos campos de la informaci\u00f3n. Corresponsal en conflictos, analista pol\u00edtico en Congreso y Senado, periodista del medio ambiente, editor, director editorial, director de comunicaci\u00f3n.... En estos momentos se ha especializado en el sector inmobiliario. Pero tambi\u00e9n es navegante y viajero, preocupado por la pobreza, el medio ambiente y por las actuaciones descontroladas del neoliberalismo empresarial y pol\u00edtico en todo el mundo. Los desahucios, la pobreza infantil y la falta de acceso a los suministros b\u00e1sicos son algunos de los grandes dramas de nuestra sociedad y que es preciso solucionar para hacerla m\u00e1s justa. CEO en www.aquimicasa.net\",\"sameAs\":[\"https:\\\/\\\/www.aquimicasa.net\\\/\"],\"url\":\"https:\\\/\\\/www.aquimicasa.net\\\/blog\\\/author\\\/eduardo\\\/\"}]}<\/script>\n<!-- \/ Yoast SEO plugin. -->","yoast_head_json":{"title":"El brindis al sol de reducir el IVA en la luz nos sale muy caro","description":"La anterior bajada del IVA de la electricidad qued\u00f3 anulada en cuanto a impacto en el recibo de la luz, debido al continuo alza del precio,","robots":{"index":"index","follow":"follow","max-snippet":"max-snippet:-1","max-image-preview":"max-image-preview:large","max-video-preview":"max-video-preview:-1"},"canonical":"https:\/\/www.aquimicasa.net\/blog\/consumo\/consumidores\/el-brindis-al-sol-de-reducir-el-iva-en-la-luz-nos-sale-muy-caro\/","og_locale":"es_ES","og_type":"article","og_title":"El brindis al sol de reducir el IVA en la luz nos sale muy caro","og_description":"La anterior bajada del IVA de la electricidad qued\u00f3 anulada en cuanto a impacto en el recibo de la luz, debido al continuo alza del precio,","og_url":"https:\/\/www.aquimicasa.net\/blog\/consumo\/consumidores\/el-brindis-al-sol-de-reducir-el-iva-en-la-luz-nos-sale-muy-caro\/","og_site_name":"Blog de aquimicasa.net","article_publisher":"https:\/\/www.facebook.com\/aquimicasa.net","article_published_time":"2022-06-22T18:15:24+00:00","og_image":[{"width":360,"height":231,"url":"https:\/\/www.aquimicasa.net\/blog\/wp-content\/uploads\/Pobreza-energetica6-2.jpg","type":"image\/jpeg"}],"author":"Eduardo Lizarraga","twitter_misc":{"Escrito por":"Eduardo Lizarraga","Tiempo de lectura":"3 minutos"},"schema":{"@context":"https:\/\/schema.org","@graph":[{"@type":"Article","@id":"https:\/\/www.aquimicasa.net\/blog\/consumo\/consumidores\/el-brindis-al-sol-de-reducir-el-iva-en-la-luz-nos-sale-muy-caro\/#article","isPartOf":{"@id":"https:\/\/www.aquimicasa.net\/blog\/consumo\/consumidores\/el-brindis-al-sol-de-reducir-el-iva-en-la-luz-nos-sale-muy-caro\/"},"author":{"name":"Eduardo Lizarraga","@id":"https:\/\/www.aquimicasa.net\/blog\/#\/schema\/person\/2cdfa2605534583395c8d7ce1d6cac14"},"headline":"El brindis al sol de reducir el IVA en la luz nos sale muy caro","datePublished":"2022-06-22T18:15:24+00:00","mainEntityOfPage":{"@id":"https:\/\/www.aquimicasa.net\/blog\/consumo\/consumidores\/el-brindis-al-sol-de-reducir-el-iva-en-la-luz-nos-sale-muy-caro\/"},"wordCount":843,"publisher":{"@id":"https:\/\/www.aquimicasa.net\/blog\/#organization"},"image":{"@id":"https:\/\/www.aquimicasa.net\/blog\/consumo\/consumidores\/el-brindis-al-sol-de-reducir-el-iva-en-la-luz-nos-sale-muy-caro\/#primaryimage"},"thumbnailUrl":"https:\/\/www.aquimicasa.net\/blog\/wp-content\/uploads\/Pobreza-energetica6-2.jpg","keywords":["newsletter 363"],"articleSection":["Consumidores","El\u00e9ctricas"],"inLanguage":"es"},{"@type":"WebPage","@id":"https:\/\/www.aquimicasa.net\/blog\/consumo\/consumidores\/el-brindis-al-sol-de-reducir-el-iva-en-la-luz-nos-sale-muy-caro\/","url":"https:\/\/www.aquimicasa.net\/blog\/consumo\/consumidores\/el-brindis-al-sol-de-reducir-el-iva-en-la-luz-nos-sale-muy-caro\/","name":"El brindis al sol de reducir el IVA en la luz nos sale muy caro","isPartOf":{"@id":"https:\/\/www.aquimicasa.net\/blog\/#website"},"primaryImageOfPage":{"@id":"https:\/\/www.aquimicasa.net\/blog\/consumo\/consumidores\/el-brindis-al-sol-de-reducir-el-iva-en-la-luz-nos-sale-muy-caro\/#primaryimage"},"image":{"@id":"https:\/\/www.aquimicasa.net\/blog\/consumo\/consumidores\/el-brindis-al-sol-de-reducir-el-iva-en-la-luz-nos-sale-muy-caro\/#primaryimage"},"thumbnailUrl":"https:\/\/www.aquimicasa.net\/blog\/wp-content\/uploads\/Pobreza-energetica6-2.jpg","datePublished":"2022-06-22T18:15:24+00:00","description":"La anterior bajada del IVA de la electricidad qued\u00f3 anulada en cuanto a impacto en el recibo de la luz, debido al continuo alza del precio,","breadcrumb":{"@id":"https:\/\/www.aquimicasa.net\/blog\/consumo\/consumidores\/el-brindis-al-sol-de-reducir-el-iva-en-la-luz-nos-sale-muy-caro\/#breadcrumb"},"inLanguage":"es","potentialAction":[{"@type":"ReadAction","target":["https:\/\/www.aquimicasa.net\/blog\/consumo\/consumidores\/el-brindis-al-sol-de-reducir-el-iva-en-la-luz-nos-sale-muy-caro\/"]}]},{"@type":"ImageObject","inLanguage":"es","@id":"https:\/\/www.aquimicasa.net\/blog\/consumo\/consumidores\/el-brindis-al-sol-de-reducir-el-iva-en-la-luz-nos-sale-muy-caro\/#primaryimage","url":"https:\/\/www.aquimicasa.net\/blog\/wp-content\/uploads\/Pobreza-energetica6-2.jpg","contentUrl":"https:\/\/www.aquimicasa.net\/blog\/wp-content\/uploads\/Pobreza-energetica6-2.jpg","width":360,"height":231,"caption":"No habr\u00e1 contenci\u00f3n a la inflaci\u00f3n sin tocar los beneficios a las el\u00e9ctricas"},{"@type":"BreadcrumbList","@id":"https:\/\/www.aquimicasa.net\/blog\/consumo\/consumidores\/el-brindis-al-sol-de-reducir-el-iva-en-la-luz-nos-sale-muy-caro\/#breadcrumb","itemListElement":[{"@type":"ListItem","position":1,"name":"Portada","item":"https:\/\/www.aquimicasa.net\/blog\/"},{"@type":"ListItem","position":2,"name":"El brindis al sol de reducir el IVA en la luz nos sale muy caro"}]},{"@type":"WebSite","@id":"https:\/\/www.aquimicasa.net\/blog\/#website","url":"https:\/\/www.aquimicasa.net\/blog\/","name":"Blog de aquimicasa.net","description":"Noticias del Mundo Inmobiliario","publisher":{"@id":"https:\/\/www.aquimicasa.net\/blog\/#organization"},"potentialAction":[{"@type":"SearchAction","target":{"@type":"EntryPoint","urlTemplate":"https:\/\/www.aquimicasa.net\/blog\/?s={search_term_string}"},"query-input":{"@type":"PropertyValueSpecification","valueRequired":true,"valueName":"search_term_string"}}],"inLanguage":"es"},{"@type":"Organization","@id":"https:\/\/www.aquimicasa.net\/blog\/#organization","name":"Blog de aquimicasa.net","url":"https:\/\/www.aquimicasa.net\/blog\/","logo":{"@type":"ImageObject","inLanguage":"es","@id":"https:\/\/www.aquimicasa.net\/blog\/#\/schema\/logo\/image\/","url":"https:\/\/www.aquimicasa.net\/blog\/wp-content\/uploads\/Logo-aquimicasa-1-e1528048213782.png","contentUrl":"https:\/\/www.aquimicasa.net\/blog\/wp-content\/uploads\/Logo-aquimicasa-1-e1528048213782.png","width":225,"height":225,"caption":"Blog de aquimicasa.net"},"image":{"@id":"https:\/\/www.aquimicasa.net\/blog\/#\/schema\/logo\/image\/"},"sameAs":["https:\/\/www.facebook.com\/aquimicasa.net","https:\/\/www.instagram.com\/","https:\/\/x.com\/EduLizarragaD","https:\/\/www.linkedin.com\/feed\/"]},{"@type":"Person","@id":"https:\/\/www.aquimicasa.net\/blog\/#\/schema\/person\/2cdfa2605534583395c8d7ce1d6cac14","name":"Eduardo Lizarraga","image":{"@type":"ImageObject","inLanguage":"es","@id":"https:\/\/secure.gravatar.com\/avatar\/bdabe1eeeed97b65a9cb7de2edd624b07995f7e13abc5fead15961f745f908cc?s=96&d=mm&r=g","url":"https:\/\/secure.gravatar.com\/avatar\/bdabe1eeeed97b65a9cb7de2edd624b07995f7e13abc5fead15961f745f908cc?s=96&d=mm&r=g","contentUrl":"https:\/\/secure.gravatar.com\/avatar\/bdabe1eeeed97b65a9cb7de2edd624b07995f7e13abc5fead15961f745f908cc?s=96&d=mm&r=g","caption":"Eduardo Lizarraga"},"description":"Periodista Econ\u00f3mico. Ha trabajado en diversos campos de la informaci\u00f3n. Corresponsal en conflictos, analista pol\u00edtico en Congreso y Senado, periodista del medio ambiente, editor, director editorial, director de comunicaci\u00f3n.... En estos momentos se ha especializado en el sector inmobiliario. Pero tambi\u00e9n es navegante y viajero, preocupado por la pobreza, el medio ambiente y por las actuaciones descontroladas del neoliberalismo empresarial y pol\u00edtico en todo el mundo. Los desahucios, la pobreza infantil y la falta de acceso a los suministros b\u00e1sicos son algunos de los grandes dramas de nuestra sociedad y que es preciso solucionar para hacerla m\u00e1s justa. CEO en www.aquimicasa.net","sameAs":["https:\/\/www.aquimicasa.net\/"],"url":"https:\/\/www.aquimicasa.net\/blog\/author\/eduardo\/"}]}},"jetpack_publicize_connections":[],"jetpack_featured_media_url":"https:\/\/www.aquimicasa.net\/blog\/wp-content\/uploads\/Pobreza-energetica6-2.jpg","jetpack_sharing_enabled":true,"jetpack_likes_enabled":true,"_links":{"self":[{"href":"https:\/\/www.aquimicasa.net\/blog\/wp-json\/wp\/v2\/posts\/41301","targetHints":{"allow":["GET"]}}],"collection":[{"href":"https:\/\/www.aquimicasa.net\/blog\/wp-json\/wp\/v2\/posts"}],"about":[{"href":"https:\/\/www.aquimicasa.net\/blog\/wp-json\/wp\/v2\/types\/post"}],"author":[{"embeddable":true,"href":"https:\/\/www.aquimicasa.net\/blog\/wp-json\/wp\/v2\/users\/3"}],"replies":[{"embeddable":true,"href":"https:\/\/www.aquimicasa.net\/blog\/wp-json\/wp\/v2\/comments?post=41301"}],"version-history":[{"count":2,"href":"https:\/\/www.aquimicasa.net\/blog\/wp-json\/wp\/v2\/posts\/41301\/revisions"}],"predecessor-version":[{"id":41306,"href":"https:\/\/www.aquimicasa.net\/blog\/wp-json\/wp\/v2\/posts\/41301\/revisions\/41306"}],"wp:featuredmedia":[{"embeddable":true,"href":"https:\/\/www.aquimicasa.net\/blog\/wp-json\/wp\/v2\/media\/38098"}],"wp:attachment":[{"href":"https:\/\/www.aquimicasa.net\/blog\/wp-json\/wp\/v2\/media?parent=41301"}],"wp:term":[{"taxonomy":"category","embeddable":true,"href":"https:\/\/www.aquimicasa.net\/blog\/wp-json\/wp\/v2\/categories?post=41301"},{"taxonomy":"post_tag","embeddable":true,"href":"https:\/\/www.aquimicasa.net\/blog\/wp-json\/wp\/v2\/tags?post=41301"}],"curies":[{"name":"wp","href":"https:\/\/api.w.org\/{rel}","templated":true}]}}