{"id":41341,"date":"2022-06-26T00:10:36","date_gmt":"2022-06-25T22:10:36","guid":{"rendered":"https:\/\/www.aquimicasa.net\/blog\/?p=41341"},"modified":"2022-07-07T18:37:22","modified_gmt":"2022-07-07T16:37:22","slug":"el-via-crucis-de-los-precios-y-la-inflacion","status":"publish","type":"post","link":"https:\/\/www.aquimicasa.net\/blog\/consumo\/consumidores\/el-via-crucis-de-los-precios-y-la-inflacion\/","title":{"rendered":"El V\u00eda Crucis de los precios y la inflaci\u00f3n"},"content":{"rendered":"<div class=\"fusion-fullwidth fullwidth-box fusion-builder-row-1 fusion-flex-container nonhundred-percent-fullwidth non-hundred-percent-height-scrolling\" style=\"background-color: rgba(255,255,255,0);background-position: center center;background-repeat: no-repeat;border-width: 0px 0px 0px 0px;border-color:#eae9e9;border-style:solid;\" ><div class=\"fusion-builder-row fusion-row fusion-flex-align-items-flex-start\" style=\"max-width:1144px;margin-left: calc(-4% \/ 2 );margin-right: calc(-4% \/ 2 );\"><div class=\"fusion-layout-column fusion_builder_column fusion-builder-column-0 fusion_builder_column_1_1 1_1 fusion-flex-column\"><div class=\"fusion-column-wrapper fusion-flex-justify-content-flex-start fusion-content-layout-column\" style=\"background-position:left top;background-repeat:no-repeat;-webkit-background-size:cover;-moz-background-size:cover;-o-background-size:cover;background-size:cover;padding: 0px 0px 0px 0px;\"><div class=\"fusion-text fusion-text-1\"><p>La guerra que estamos sufriendo en el este de\u00a0 Europa entre Rusia y Ucrania est\u00e1 golpeando las <strong>econom\u00edas de mercado<\/strong> del resto de los pa\u00edses y no s\u00f3lo europeos. La subida del <strong>precio de los productos<\/strong>, que est\u00e1n alcanzando subidas muy superiores al IPC, est\u00e1 vaciando los bolsillos de los espa\u00f1oles que, sin embargo, se preparan para disfrutar de unas so\u00f1adas vacaciones despu\u00e9s de dos a\u00f1os de pandemia. La vuelta del verano va a ser sufrida y aunque muchas voces ya avisan de ello, pocos les est\u00e1n haciendo caso. La realidad nos alcanzar\u00e1, como sucedi\u00f3 aquel ya lejano septiembre del 2008.<\/p>\n<p>En estos momentos existe ya una desmesurada inflaci\u00f3n, que no deja de crecer en el precio de muchos de los productos que consider\u00e1bamos indispensables en nuestra cesta de la compra y para hacer una vida que consider\u00e1bamos normal. Por desgracia, parece que la situaci\u00f3n no ha hecho m\u00e1s que comenzar y que las subidas en los <strong>productos b\u00e1sicos de alimentaci\u00f3n<\/strong> se incrementar\u00e1n en octubre.<\/p>\n<p>Pero para muchos hogares espa\u00f1oles, los m\u00e1s vulnerables, el problema ya est\u00e1 aqu\u00ed, con una <strong>cesta de la compra<\/strong> cuyo coste no deja de subir, al igual que baja su cantidad y calidad. Frente a ello, unos salarios congelados y que no se espera que suban. La conflictividad laboral del oto\u00f1o est\u00e1 servida. Lo malo es que tambi\u00e9n van a llegar unos profundos problemas sociales.<\/p>\n<h4>La luz y el gas<\/h4>\n<p>Las subidas de los <strong>productos energ\u00e9ticos<\/strong> est\u00e1n detr\u00e1s de la inflaci\u00f3n en la mayor\u00eda de los casos. Estas dos imprescindibles fuentes de energ\u00eda han incrementado su precio m\u00e1s de un 100% y su carest\u00eda est\u00e1 en el origen de los mayores problemas econ\u00f3micos de los hogares. Y si en estos momentos ya es un problema importante, la situaci\u00f3n puede empeorar y mucho este pr\u00f3ximo oto\u00f1o e invierno. Sobre todo si Rusia decide incrementar la <strong>conflictividad social en Europa<\/strong> cerrando definitivamente el grifo del gas. Ellos no van a tener problemas, ah\u00ed est\u00e1n China e India para consumir sus productos.\u00a0 A d\u00eda de hoy\u00a0la factura que llega es un 42% m\u00e1s cara que hace un a\u00f1o, aunque esto s\u00f3lo afecta a quienes tienen contratada la tarifa regulada del mercado el\u00e9ctrico. La <strong>excepci\u00f3n ib\u00e9rica<\/strong> est\u00e1 comenzando a demostrar su eficacia y el pasado mi\u00e9rcoles el MWh ten\u00eda en Espa\u00f1a y Portugal un precio que era la tercera parte que en Francia.<\/p>\n<h4>Gasolinas y combustibles<\/h4>\n<p>Es otro de los productos que en la pr\u00e1ctica ha duplicado el precio respecto al que ten\u00eda hace un a\u00f1o. Y las expectativas distan mucho de ser buenas y algunas previsiones hablan ya de <strong>precios por encima de los 3 euros el litro<\/strong>. Otra vez Putin al fondo del problema. Y por mucho que ahora quieran tirar de Venezuela, despu\u00e9s de diez a\u00f1os de bloqueo tecnol\u00f3gico, sus instalaciones no pueden bombear ni una cuarta parte de su capacidad.\u00a0 Pero Trump no va a venir a solucionar el problema.<\/p>\n<h4>Los cereales, la harina y el pan.<\/h4>\n<p>Para fabricar pan es necesario la harina como materia prima, as\u00ed como el gas como fuente directa de combusti\u00f3n para su elaboraci\u00f3n. Si ambos suben, el pan tambi\u00e9n, de ah\u00ed que se le coloque este mes como\u00a0<strong>el producto que mayor incremento ha sufrido y lo que se espera.\u00a0<\/strong>Ucrania, el granero de Europa y con Rusia de parte del mundo, no va a poder exportar sus millones de toneladas de grano. <strong>Las harinas subir\u00e1n<\/strong> y tambi\u00e9n los <strong>piensos de los animales<\/strong>, lo que repercutir\u00e1 en el precio de la carne; mucho m\u00e1s la av\u00edcola y la ovina y bovina que la de cerdo. Si algunos nos quej\u00e1bamos del precio del cordero las pasadas Navidades, vayamos preparando alternativas. Para despu\u00e9s del verano comenzar\u00e1n los problemas de abastecimiento porque hasta ahora a\u00fan hay reservas de la anterior cosecha. Y los cerveceros que vayan pensando en ciertas restricciones pues el precio de esta bebida est\u00e1 directamente ligado al de los cereales.<\/p>\n<h4>El mel\u00f3n y la sandia<\/h4>\n<p>De igual manera que sucede con el pl\u00e1tano, el precio de muchas otras frutas ha crecido considerablemente. Est\u00e1 claro que detr\u00e1s de cualquier subida siempre hay una parte que se debe a los que se aprovechan. Tal vez la mayor publicidad se la est\u00e9n dando a las frutas por excelencia del verano, el <strong>mel\u00f3n y la sand\u00eda<\/strong>, que han llegado a casi triplicar sus precios. Muchos de sus consumidores los dejan en los mostradores, con lo que a falta de ventas sus precios se incrementar\u00e1n a\u00fan m\u00e1s y no es un sinsentido. Tambi\u00e9n <strong>las manzanas han incrementado sus precios<\/strong>, como el aguacate y las frutas de hueso. La fruta, como suced\u00eda en los pa\u00edses del norte de Europa, es ya un <strong>producto de lujo en Espa\u00f1a<\/strong>.<\/p>\n<h4>Los pl\u00e1tanos<\/h4>\n<p>Actualmente, si acudes a un supermercado puedes encontrar carteles que anuncian\u00a0<strong>el kilo de este alimento a m\u00e1s de tres euros<\/strong>, una cantidad desorbitada que nada tiene que ver con el 1,2 euros\/kilo por el que se anunciaban el a\u00f1o pasado. Y lo gracioso es que el pl\u00e1tano es de Canarias. La subida de los fletes y una mayor demanda, junto a una cierta especulaci\u00f3n est\u00e1n por detr\u00e1s de sus precios actuales.<\/p>\n<h4>Las jud\u00edas verdes<\/h4>\n<p>Esta es la verdura que mayor subida de precio ha experimentado, alcanzado un 6,6% por encima del IPC en los meses de mayo y abril. En este caso tambi\u00e9n tiene mucho que ver <strong>la sequ\u00eda que hemos tenido en Espa\u00f1a<\/strong>, lo que ha disminuido la cantidad de producto. Por ello los precios han subido mucho aunque no tengan que ver tanto con los combustibles.<\/p>\n<h4>Productos l\u00e1cteos<\/h4>\n<p>Volvemos al mismo problema de <strong>incremento de los precios de la comida animal<\/strong> y la sequ\u00eda que, en determinadas zonas, ha eliminado la posibilidad del pasto. Los yogures y las botellas de leche han alcanzado este mes una subida del 5,5% y 4,7% en el precio, algo que contrasta con el precio de los <strong>huevos de gallina<\/strong> que, despu\u00e9s de las primeras subidas, ha reaccionado a la baja y en estos momentos no supera el 0.5% de incremento.<\/p>\n<h4>La carne de ave<\/h4>\n<p>Es uno de los productos que supera el 10% de subida, en concreto alcanza el 13% y se debe al incremento de los costes de producci\u00f3n, sobre todo de la luz&#8230;lo de los piensos llegar\u00e1 un poco m\u00e1s tarde. Y es un problema porque la <strong>carne de pollo<\/strong> es una de las carnes m\u00e1s consumidas por los espa\u00f1oles. Cn la subida de la luz, el aumento de los costes de producci\u00f3n alcanza un 47%, lo que ha obligado a los carniceros a tener que subir el precio en tienda a m\u00e1s de tres euros el kilo.<\/p>\n<h4>El pescado<\/h4>\n<p>A la cabeza de todas las subidas est\u00e1n los precios del pescado. Y es que el<strong> incremento del coste del gasoil<\/strong> est\u00e1 llevando a todo el sector pesquero a la crisis. Ni con subidas que en algunos casos superan el 30 y el 60% les sale rentable a los pescadores salir a faenar. Adem\u00e1s, el consumidor, ahuyentado por estos precios mira la pescader\u00eda desde la barrera y se va a otra secci\u00f3n. <strong>Baja el consumo pero los precios suben<\/strong>&#8230;una muy mala situaci\u00f3n. Por poner unos n\u00fameros, la caballa se ha encarecido un 38%, la anchoa supera el 25%, el at\u00fan roza el 70% y la merluza el 15%. Bacaladillas, peces planos e incluso los de piscifactor\u00eda se incrementan por encima del 14%.<\/p>\n<\/div><\/div><style type=\"text\/css\">.fusion-body .fusion-builder-column-0{width:100% !important;margin-top : 0px;margin-bottom : 0px;}.fusion-builder-column-0 > .fusion-column-wrapper {padding-top : 0px !important;padding-right : 0px !important;margin-right : 1.92%;padding-bottom : 0px !important;padding-left : 0px !important;margin-left : 1.92%;}@media only screen and (max-width:1024px) {.fusion-body .fusion-builder-column-0{width:100% !important;}.fusion-builder-column-0 > .fusion-column-wrapper {margin-right : 1.92%;margin-left : 1.92%;}}@media only screen and (max-width:640px) {.fusion-body .fusion-builder-column-0{width:100% !important;}.fusion-builder-column-0 > .fusion-column-wrapper {margin-right : 1.92%;margin-left : 1.92%;}}<\/style><\/div><\/div><style type=\"text\/css\">.fusion-body .fusion-flex-container.fusion-builder-row-1{ padding-top : 0px;margin-top : 0px;padding-right : 0px;padding-bottom : 0px;margin-bottom : 0px;padding-left : 0px;}<\/style><\/div>\n","protected":false},"excerpt":{"rendered":"<p>En estos momentos existe ya una desmesurada inflaci\u00f3n, que no deja de crecer en el precio de muchos de los productos que consider\u00e1bamos indispensables en nuestra cesta de la compra y para hacer una vida que consider\u00e1bamos normal. Por desgracia, parece que la situaci\u00f3n no ha hecho m\u00e1s que comenzar y que las subidas en los productos b\u00e1sicos de alimentaci\u00f3n se incrementar\u00e1n en octubre.\u00a0<\/p>\n","protected":false},"author":3,"featured_media":39873,"comment_status":"closed","ping_status":"closed","sticky":false,"template":"","format":"standard","meta":{"_jetpack_memberships_contains_paid_content":false,"footnotes":"","jetpack_publicize_message":"","jetpack_publicize_feature_enabled":true,"jetpack_social_post_already_shared":true,"jetpack_social_options":{"image_generator_settings":{"template":"highway","default_image_id":0,"font":"","enabled":false},"version":2}},"categories":[7512],"tags":[1250,8042],"class_list":["post-41341","post","type-post","status-publish","format-standard","has-post-thumbnail","hentry","category-consumidores","tag-inflacion","tag-newsletter-364"],"yoast_head":"<!-- This site is optimized with the Yoast SEO plugin v27.5 - https:\/\/yoast.com\/product\/yoast-seo-wordpress\/ -->\n<title>El V\u00eda Crucis de los precios y la inflaci\u00f3n<\/title>\n<meta name=\"description\" content=\"El coste de vida en el \u00faltimo a\u00f1o ha subido un 8,7%, seg\u00fan datos del Instituto Nacional de Estad\u00edstica (INE)\" \/>\n<meta name=\"robots\" content=\"index, follow, max-snippet:-1, max-image-preview:large, max-video-preview:-1\" \/>\n<link rel=\"canonical\" href=\"https:\/\/www.aquimicasa.net\/blog\/consumo\/consumidores\/el-via-crucis-de-los-precios-y-la-inflacion\/\" \/>\n<meta property=\"og:locale\" content=\"es_ES\" \/>\n<meta property=\"og:type\" content=\"article\" \/>\n<meta property=\"og:title\" content=\"El V\u00eda Crucis de los precios y la inflaci\u00f3n\" \/>\n<meta property=\"og:description\" content=\"El coste de vida en el \u00faltimo a\u00f1o ha subido un 8,7%, seg\u00fan datos del Instituto Nacional de Estad\u00edstica (INE)\" \/>\n<meta property=\"og:url\" content=\"https:\/\/www.aquimicasa.net\/blog\/consumo\/consumidores\/el-via-crucis-de-los-precios-y-la-inflacion\/\" \/>\n<meta property=\"og:site_name\" content=\"Blog de aquimicasa.net\" \/>\n<meta property=\"article:publisher\" content=\"https:\/\/www.facebook.com\/aquimicasa.net\" \/>\n<meta property=\"article:published_time\" content=\"2022-06-25T22:10:36+00:00\" \/>\n<meta property=\"article:modified_time\" content=\"2022-07-07T16:37:22+00:00\" \/>\n<meta property=\"og:image\" content=\"https:\/\/www.aquimicasa.net\/blog\/wp-content\/uploads\/supermercado2-e1643744523624.jpg\" \/>\n\t<meta property=\"og:image:width\" content=\"400\" \/>\n\t<meta property=\"og:image:height\" content=\"300\" \/>\n\t<meta property=\"og:image:type\" content=\"image\/jpeg\" \/>\n<meta name=\"author\" content=\"Eduardo Lizarraga\" \/>\n<meta name=\"twitter:label1\" content=\"Escrito por\" \/>\n\t<meta name=\"twitter:data1\" content=\"Eduardo Lizarraga\" \/>\n\t<meta name=\"twitter:label2\" content=\"Tiempo de lectura\" \/>\n\t<meta name=\"twitter:data2\" content=\"5 minutos\" \/>\n<script type=\"application\/ld+json\" class=\"yoast-schema-graph\">{\"@context\":\"https:\\\/\\\/schema.org\",\"@graph\":[{\"@type\":\"Article\",\"@id\":\"https:\\\/\\\/www.aquimicasa.net\\\/blog\\\/consumo\\\/consumidores\\\/el-via-crucis-de-los-precios-y-la-inflacion\\\/#article\",\"isPartOf\":{\"@id\":\"https:\\\/\\\/www.aquimicasa.net\\\/blog\\\/consumo\\\/consumidores\\\/el-via-crucis-de-los-precios-y-la-inflacion\\\/\"},\"author\":{\"name\":\"Eduardo Lizarraga\",\"@id\":\"https:\\\/\\\/www.aquimicasa.net\\\/blog\\\/#\\\/schema\\\/person\\\/2cdfa2605534583395c8d7ce1d6cac14\"},\"headline\":\"El V\u00eda Crucis de los precios y la inflaci\u00f3n\",\"datePublished\":\"2022-06-25T22:10:36+00:00\",\"dateModified\":\"2022-07-07T16:37:22+00:00\",\"mainEntityOfPage\":{\"@id\":\"https:\\\/\\\/www.aquimicasa.net\\\/blog\\\/consumo\\\/consumidores\\\/el-via-crucis-de-los-precios-y-la-inflacion\\\/\"},\"wordCount\":1564,\"publisher\":{\"@id\":\"https:\\\/\\\/www.aquimicasa.net\\\/blog\\\/#organization\"},\"image\":{\"@id\":\"https:\\\/\\\/www.aquimicasa.net\\\/blog\\\/consumo\\\/consumidores\\\/el-via-crucis-de-los-precios-y-la-inflacion\\\/#primaryimage\"},\"thumbnailUrl\":\"https:\\\/\\\/www.aquimicasa.net\\\/blog\\\/wp-content\\\/uploads\\\/supermercado2-e1643744523624.jpg\",\"keywords\":[\"inflaci\u00f3n\",\"newsletter 364\"],\"articleSection\":[\"Consumidores\"],\"inLanguage\":\"es\"},{\"@type\":\"WebPage\",\"@id\":\"https:\\\/\\\/www.aquimicasa.net\\\/blog\\\/consumo\\\/consumidores\\\/el-via-crucis-de-los-precios-y-la-inflacion\\\/\",\"url\":\"https:\\\/\\\/www.aquimicasa.net\\\/blog\\\/consumo\\\/consumidores\\\/el-via-crucis-de-los-precios-y-la-inflacion\\\/\",\"name\":\"El V\u00eda Crucis de los precios y la inflaci\u00f3n\",\"isPartOf\":{\"@id\":\"https:\\\/\\\/www.aquimicasa.net\\\/blog\\\/#website\"},\"primaryImageOfPage\":{\"@id\":\"https:\\\/\\\/www.aquimicasa.net\\\/blog\\\/consumo\\\/consumidores\\\/el-via-crucis-de-los-precios-y-la-inflacion\\\/#primaryimage\"},\"image\":{\"@id\":\"https:\\\/\\\/www.aquimicasa.net\\\/blog\\\/consumo\\\/consumidores\\\/el-via-crucis-de-los-precios-y-la-inflacion\\\/#primaryimage\"},\"thumbnailUrl\":\"https:\\\/\\\/www.aquimicasa.net\\\/blog\\\/wp-content\\\/uploads\\\/supermercado2-e1643744523624.jpg\",\"datePublished\":\"2022-06-25T22:10:36+00:00\",\"dateModified\":\"2022-07-07T16:37:22+00:00\",\"description\":\"El coste de vida en el \u00faltimo a\u00f1o ha subido un 8,7%, seg\u00fan datos del Instituto Nacional de Estad\u00edstica (INE)\",\"breadcrumb\":{\"@id\":\"https:\\\/\\\/www.aquimicasa.net\\\/blog\\\/consumo\\\/consumidores\\\/el-via-crucis-de-los-precios-y-la-inflacion\\\/#breadcrumb\"},\"inLanguage\":\"es\",\"potentialAction\":[{\"@type\":\"ReadAction\",\"target\":[\"https:\\\/\\\/www.aquimicasa.net\\\/blog\\\/consumo\\\/consumidores\\\/el-via-crucis-de-los-precios-y-la-inflacion\\\/\"]}]},{\"@type\":\"ImageObject\",\"inLanguage\":\"es\",\"@id\":\"https:\\\/\\\/www.aquimicasa.net\\\/blog\\\/consumo\\\/consumidores\\\/el-via-crucis-de-los-precios-y-la-inflacion\\\/#primaryimage\",\"url\":\"https:\\\/\\\/www.aquimicasa.net\\\/blog\\\/wp-content\\\/uploads\\\/supermercado2-e1643744523624.jpg\",\"contentUrl\":\"https:\\\/\\\/www.aquimicasa.net\\\/blog\\\/wp-content\\\/uploads\\\/supermercado2-e1643744523624.jpg\",\"width\":400,\"height\":300,\"caption\":\"El control de la energ\u00eda se apunta un tanto\"},{\"@type\":\"BreadcrumbList\",\"@id\":\"https:\\\/\\\/www.aquimicasa.net\\\/blog\\\/consumo\\\/consumidores\\\/el-via-crucis-de-los-precios-y-la-inflacion\\\/#breadcrumb\",\"itemListElement\":[{\"@type\":\"ListItem\",\"position\":1,\"name\":\"Portada\",\"item\":\"https:\\\/\\\/www.aquimicasa.net\\\/blog\\\/\"},{\"@type\":\"ListItem\",\"position\":2,\"name\":\"El V\u00eda Crucis de los precios y la inflaci\u00f3n\"}]},{\"@type\":\"WebSite\",\"@id\":\"https:\\\/\\\/www.aquimicasa.net\\\/blog\\\/#website\",\"url\":\"https:\\\/\\\/www.aquimicasa.net\\\/blog\\\/\",\"name\":\"Blog de aquimicasa.net\",\"description\":\"Noticias del Mundo Inmobiliario\",\"publisher\":{\"@id\":\"https:\\\/\\\/www.aquimicasa.net\\\/blog\\\/#organization\"},\"potentialAction\":[{\"@type\":\"SearchAction\",\"target\":{\"@type\":\"EntryPoint\",\"urlTemplate\":\"https:\\\/\\\/www.aquimicasa.net\\\/blog\\\/?s={search_term_string}\"},\"query-input\":{\"@type\":\"PropertyValueSpecification\",\"valueRequired\":true,\"valueName\":\"search_term_string\"}}],\"inLanguage\":\"es\"},{\"@type\":\"Organization\",\"@id\":\"https:\\\/\\\/www.aquimicasa.net\\\/blog\\\/#organization\",\"name\":\"Blog de aquimicasa.net\",\"url\":\"https:\\\/\\\/www.aquimicasa.net\\\/blog\\\/\",\"logo\":{\"@type\":\"ImageObject\",\"inLanguage\":\"es\",\"@id\":\"https:\\\/\\\/www.aquimicasa.net\\\/blog\\\/#\\\/schema\\\/logo\\\/image\\\/\",\"url\":\"https:\\\/\\\/www.aquimicasa.net\\\/blog\\\/wp-content\\\/uploads\\\/Logo-aquimicasa-1-e1528048213782.png\",\"contentUrl\":\"https:\\\/\\\/www.aquimicasa.net\\\/blog\\\/wp-content\\\/uploads\\\/Logo-aquimicasa-1-e1528048213782.png\",\"width\":225,\"height\":225,\"caption\":\"Blog de aquimicasa.net\"},\"image\":{\"@id\":\"https:\\\/\\\/www.aquimicasa.net\\\/blog\\\/#\\\/schema\\\/logo\\\/image\\\/\"},\"sameAs\":[\"https:\\\/\\\/www.facebook.com\\\/aquimicasa.net\",\"https:\\\/\\\/www.instagram.com\\\/\",\"https:\\\/\\\/x.com\\\/EduLizarragaD\",\"https:\\\/\\\/www.linkedin.com\\\/feed\\\/\"]},{\"@type\":\"Person\",\"@id\":\"https:\\\/\\\/www.aquimicasa.net\\\/blog\\\/#\\\/schema\\\/person\\\/2cdfa2605534583395c8d7ce1d6cac14\",\"name\":\"Eduardo Lizarraga\",\"image\":{\"@type\":\"ImageObject\",\"inLanguage\":\"es\",\"@id\":\"https:\\\/\\\/secure.gravatar.com\\\/avatar\\\/bdabe1eeeed97b65a9cb7de2edd624b07995f7e13abc5fead15961f745f908cc?s=96&d=mm&r=g\",\"url\":\"https:\\\/\\\/secure.gravatar.com\\\/avatar\\\/bdabe1eeeed97b65a9cb7de2edd624b07995f7e13abc5fead15961f745f908cc?s=96&d=mm&r=g\",\"contentUrl\":\"https:\\\/\\\/secure.gravatar.com\\\/avatar\\\/bdabe1eeeed97b65a9cb7de2edd624b07995f7e13abc5fead15961f745f908cc?s=96&d=mm&r=g\",\"caption\":\"Eduardo Lizarraga\"},\"description\":\"Periodista Econ\u00f3mico. Ha trabajado en diversos campos de la informaci\u00f3n. Corresponsal en conflictos, analista pol\u00edtico en Congreso y Senado, periodista del medio ambiente, editor, director editorial, director de comunicaci\u00f3n.... En estos momentos se ha especializado en el sector inmobiliario. Pero tambi\u00e9n es navegante y viajero, preocupado por la pobreza, el medio ambiente y por las actuaciones descontroladas del neoliberalismo empresarial y pol\u00edtico en todo el mundo. Los desahucios, la pobreza infantil y la falta de acceso a los suministros b\u00e1sicos son algunos de los grandes dramas de nuestra sociedad y que es preciso solucionar para hacerla m\u00e1s justa. CEO en www.aquimicasa.net\",\"sameAs\":[\"https:\\\/\\\/www.aquimicasa.net\\\/\"],\"url\":\"https:\\\/\\\/www.aquimicasa.net\\\/blog\\\/author\\\/eduardo\\\/\"}]}<\/script>\n<!-- \/ Yoast SEO plugin. -->","yoast_head_json":{"title":"El V\u00eda Crucis de los precios y la inflaci\u00f3n","description":"El coste de vida en el \u00faltimo a\u00f1o ha subido un 8,7%, seg\u00fan datos del Instituto Nacional de Estad\u00edstica (INE)","robots":{"index":"index","follow":"follow","max-snippet":"max-snippet:-1","max-image-preview":"max-image-preview:large","max-video-preview":"max-video-preview:-1"},"canonical":"https:\/\/www.aquimicasa.net\/blog\/consumo\/consumidores\/el-via-crucis-de-los-precios-y-la-inflacion\/","og_locale":"es_ES","og_type":"article","og_title":"El V\u00eda Crucis de los precios y la inflaci\u00f3n","og_description":"El coste de vida en el \u00faltimo a\u00f1o ha subido un 8,7%, seg\u00fan datos del Instituto Nacional de Estad\u00edstica (INE)","og_url":"https:\/\/www.aquimicasa.net\/blog\/consumo\/consumidores\/el-via-crucis-de-los-precios-y-la-inflacion\/","og_site_name":"Blog de aquimicasa.net","article_publisher":"https:\/\/www.facebook.com\/aquimicasa.net","article_published_time":"2022-06-25T22:10:36+00:00","article_modified_time":"2022-07-07T16:37:22+00:00","og_image":[{"width":400,"height":300,"url":"https:\/\/www.aquimicasa.net\/blog\/wp-content\/uploads\/supermercado2-e1643744523624.jpg","type":"image\/jpeg"}],"author":"Eduardo Lizarraga","twitter_misc":{"Escrito por":"Eduardo Lizarraga","Tiempo de lectura":"5 minutos"},"schema":{"@context":"https:\/\/schema.org","@graph":[{"@type":"Article","@id":"https:\/\/www.aquimicasa.net\/blog\/consumo\/consumidores\/el-via-crucis-de-los-precios-y-la-inflacion\/#article","isPartOf":{"@id":"https:\/\/www.aquimicasa.net\/blog\/consumo\/consumidores\/el-via-crucis-de-los-precios-y-la-inflacion\/"},"author":{"name":"Eduardo Lizarraga","@id":"https:\/\/www.aquimicasa.net\/blog\/#\/schema\/person\/2cdfa2605534583395c8d7ce1d6cac14"},"headline":"El V\u00eda Crucis de los precios y la inflaci\u00f3n","datePublished":"2022-06-25T22:10:36+00:00","dateModified":"2022-07-07T16:37:22+00:00","mainEntityOfPage":{"@id":"https:\/\/www.aquimicasa.net\/blog\/consumo\/consumidores\/el-via-crucis-de-los-precios-y-la-inflacion\/"},"wordCount":1564,"publisher":{"@id":"https:\/\/www.aquimicasa.net\/blog\/#organization"},"image":{"@id":"https:\/\/www.aquimicasa.net\/blog\/consumo\/consumidores\/el-via-crucis-de-los-precios-y-la-inflacion\/#primaryimage"},"thumbnailUrl":"https:\/\/www.aquimicasa.net\/blog\/wp-content\/uploads\/supermercado2-e1643744523624.jpg","keywords":["inflaci\u00f3n","newsletter 364"],"articleSection":["Consumidores"],"inLanguage":"es"},{"@type":"WebPage","@id":"https:\/\/www.aquimicasa.net\/blog\/consumo\/consumidores\/el-via-crucis-de-los-precios-y-la-inflacion\/","url":"https:\/\/www.aquimicasa.net\/blog\/consumo\/consumidores\/el-via-crucis-de-los-precios-y-la-inflacion\/","name":"El V\u00eda Crucis de los precios y la inflaci\u00f3n","isPartOf":{"@id":"https:\/\/www.aquimicasa.net\/blog\/#website"},"primaryImageOfPage":{"@id":"https:\/\/www.aquimicasa.net\/blog\/consumo\/consumidores\/el-via-crucis-de-los-precios-y-la-inflacion\/#primaryimage"},"image":{"@id":"https:\/\/www.aquimicasa.net\/blog\/consumo\/consumidores\/el-via-crucis-de-los-precios-y-la-inflacion\/#primaryimage"},"thumbnailUrl":"https:\/\/www.aquimicasa.net\/blog\/wp-content\/uploads\/supermercado2-e1643744523624.jpg","datePublished":"2022-06-25T22:10:36+00:00","dateModified":"2022-07-07T16:37:22+00:00","description":"El coste de vida en el \u00faltimo a\u00f1o ha subido un 8,7%, seg\u00fan datos del Instituto Nacional de Estad\u00edstica (INE)","breadcrumb":{"@id":"https:\/\/www.aquimicasa.net\/blog\/consumo\/consumidores\/el-via-crucis-de-los-precios-y-la-inflacion\/#breadcrumb"},"inLanguage":"es","potentialAction":[{"@type":"ReadAction","target":["https:\/\/www.aquimicasa.net\/blog\/consumo\/consumidores\/el-via-crucis-de-los-precios-y-la-inflacion\/"]}]},{"@type":"ImageObject","inLanguage":"es","@id":"https:\/\/www.aquimicasa.net\/blog\/consumo\/consumidores\/el-via-crucis-de-los-precios-y-la-inflacion\/#primaryimage","url":"https:\/\/www.aquimicasa.net\/blog\/wp-content\/uploads\/supermercado2-e1643744523624.jpg","contentUrl":"https:\/\/www.aquimicasa.net\/blog\/wp-content\/uploads\/supermercado2-e1643744523624.jpg","width":400,"height":300,"caption":"El control de la energ\u00eda se apunta un tanto"},{"@type":"BreadcrumbList","@id":"https:\/\/www.aquimicasa.net\/blog\/consumo\/consumidores\/el-via-crucis-de-los-precios-y-la-inflacion\/#breadcrumb","itemListElement":[{"@type":"ListItem","position":1,"name":"Portada","item":"https:\/\/www.aquimicasa.net\/blog\/"},{"@type":"ListItem","position":2,"name":"El V\u00eda Crucis de los precios y la inflaci\u00f3n"}]},{"@type":"WebSite","@id":"https:\/\/www.aquimicasa.net\/blog\/#website","url":"https:\/\/www.aquimicasa.net\/blog\/","name":"Blog de aquimicasa.net","description":"Noticias del Mundo Inmobiliario","publisher":{"@id":"https:\/\/www.aquimicasa.net\/blog\/#organization"},"potentialAction":[{"@type":"SearchAction","target":{"@type":"EntryPoint","urlTemplate":"https:\/\/www.aquimicasa.net\/blog\/?s={search_term_string}"},"query-input":{"@type":"PropertyValueSpecification","valueRequired":true,"valueName":"search_term_string"}}],"inLanguage":"es"},{"@type":"Organization","@id":"https:\/\/www.aquimicasa.net\/blog\/#organization","name":"Blog de aquimicasa.net","url":"https:\/\/www.aquimicasa.net\/blog\/","logo":{"@type":"ImageObject","inLanguage":"es","@id":"https:\/\/www.aquimicasa.net\/blog\/#\/schema\/logo\/image\/","url":"https:\/\/www.aquimicasa.net\/blog\/wp-content\/uploads\/Logo-aquimicasa-1-e1528048213782.png","contentUrl":"https:\/\/www.aquimicasa.net\/blog\/wp-content\/uploads\/Logo-aquimicasa-1-e1528048213782.png","width":225,"height":225,"caption":"Blog de aquimicasa.net"},"image":{"@id":"https:\/\/www.aquimicasa.net\/blog\/#\/schema\/logo\/image\/"},"sameAs":["https:\/\/www.facebook.com\/aquimicasa.net","https:\/\/www.instagram.com\/","https:\/\/x.com\/EduLizarragaD","https:\/\/www.linkedin.com\/feed\/"]},{"@type":"Person","@id":"https:\/\/www.aquimicasa.net\/blog\/#\/schema\/person\/2cdfa2605534583395c8d7ce1d6cac14","name":"Eduardo Lizarraga","image":{"@type":"ImageObject","inLanguage":"es","@id":"https:\/\/secure.gravatar.com\/avatar\/bdabe1eeeed97b65a9cb7de2edd624b07995f7e13abc5fead15961f745f908cc?s=96&d=mm&r=g","url":"https:\/\/secure.gravatar.com\/avatar\/bdabe1eeeed97b65a9cb7de2edd624b07995f7e13abc5fead15961f745f908cc?s=96&d=mm&r=g","contentUrl":"https:\/\/secure.gravatar.com\/avatar\/bdabe1eeeed97b65a9cb7de2edd624b07995f7e13abc5fead15961f745f908cc?s=96&d=mm&r=g","caption":"Eduardo Lizarraga"},"description":"Periodista Econ\u00f3mico. Ha trabajado en diversos campos de la informaci\u00f3n. Corresponsal en conflictos, analista pol\u00edtico en Congreso y Senado, periodista del medio ambiente, editor, director editorial, director de comunicaci\u00f3n.... En estos momentos se ha especializado en el sector inmobiliario. Pero tambi\u00e9n es navegante y viajero, preocupado por la pobreza, el medio ambiente y por las actuaciones descontroladas del neoliberalismo empresarial y pol\u00edtico en todo el mundo. Los desahucios, la pobreza infantil y la falta de acceso a los suministros b\u00e1sicos son algunos de los grandes dramas de nuestra sociedad y que es preciso solucionar para hacerla m\u00e1s justa. CEO en www.aquimicasa.net","sameAs":["https:\/\/www.aquimicasa.net\/"],"url":"https:\/\/www.aquimicasa.net\/blog\/author\/eduardo\/"}]}},"jetpack_publicize_connections":[],"jetpack_featured_media_url":"https:\/\/www.aquimicasa.net\/blog\/wp-content\/uploads\/supermercado2-e1643744523624.jpg","jetpack_sharing_enabled":true,"jetpack_likes_enabled":true,"_links":{"self":[{"href":"https:\/\/www.aquimicasa.net\/blog\/wp-json\/wp\/v2\/posts\/41341","targetHints":{"allow":["GET"]}}],"collection":[{"href":"https:\/\/www.aquimicasa.net\/blog\/wp-json\/wp\/v2\/posts"}],"about":[{"href":"https:\/\/www.aquimicasa.net\/blog\/wp-json\/wp\/v2\/types\/post"}],"author":[{"embeddable":true,"href":"https:\/\/www.aquimicasa.net\/blog\/wp-json\/wp\/v2\/users\/3"}],"replies":[{"embeddable":true,"href":"https:\/\/www.aquimicasa.net\/blog\/wp-json\/wp\/v2\/comments?post=41341"}],"version-history":[{"count":6,"href":"https:\/\/www.aquimicasa.net\/blog\/wp-json\/wp\/v2\/posts\/41341\/revisions"}],"predecessor-version":[{"id":41347,"href":"https:\/\/www.aquimicasa.net\/blog\/wp-json\/wp\/v2\/posts\/41341\/revisions\/41347"}],"wp:featuredmedia":[{"embeddable":true,"href":"https:\/\/www.aquimicasa.net\/blog\/wp-json\/wp\/v2\/media\/39873"}],"wp:attachment":[{"href":"https:\/\/www.aquimicasa.net\/blog\/wp-json\/wp\/v2\/media?parent=41341"}],"wp:term":[{"taxonomy":"category","embeddable":true,"href":"https:\/\/www.aquimicasa.net\/blog\/wp-json\/wp\/v2\/categories?post=41341"},{"taxonomy":"post_tag","embeddable":true,"href":"https:\/\/www.aquimicasa.net\/blog\/wp-json\/wp\/v2\/tags?post=41341"}],"curies":[{"name":"wp","href":"https:\/\/api.w.org\/{rel}","templated":true}]}}