{"id":41548,"date":"2022-07-13T00:32:35","date_gmt":"2022-07-12T22:32:35","guid":{"rendered":"https:\/\/www.aquimicasa.net\/blog\/?p=41548"},"modified":"2022-07-13T00:44:53","modified_gmt":"2022-07-12T22:44:53","slug":"el-aumento-anual-de-precios-en-la-alimentacion-supera-el-152","status":"publish","type":"post","link":"https:\/\/www.aquimicasa.net\/blog\/consumo\/consumidores\/el-aumento-anual-de-precios-en-la-alimentacion-supera-el-152\/","title":{"rendered":"El aumento anual de precios en la alimentaci\u00f3n supera el 15,2%"},"content":{"rendered":"<div class=\"fusion-fullwidth fullwidth-box fusion-builder-row-1 fusion-flex-container nonhundred-percent-fullwidth non-hundred-percent-height-scrolling\" style=\"background-color: rgba(255,255,255,0);background-position: center center;background-repeat: no-repeat;border-width: 0px 0px 0px 0px;border-color:#eae9e9;border-style:solid;\" ><div class=\"fusion-builder-row fusion-row fusion-flex-align-items-flex-start\" style=\"max-width:1144px;margin-left: calc(-4% \/ 2 );margin-right: calc(-4% \/ 2 );\"><div class=\"fusion-layout-column fusion_builder_column fusion-builder-column-0 fusion_builder_column_1_1 1_1 fusion-flex-column\"><div class=\"fusion-column-wrapper fusion-flex-justify-content-flex-start fusion-content-layout-column\" style=\"background-position:left top;background-repeat:no-repeat;-webkit-background-size:cover;-moz-background-size:cover;-o-background-size:cover;background-size:cover;padding: 0px 0px 0px 0px;\"><div class=\"fusion-text fusion-text-1\"><p>Conforme las <strong>subidas de precio en energ\u00eda y carburantes<\/strong> van calando en el sistema productivo, el incremento de los <strong>productos de alimentaci\u00f3n<\/strong> se est\u00e1 convirtiendo en la aut\u00e9ntica pesadilla de los hogares. Y aunque se contenga el precio de la luz y baje el barril de petr\u00f3leo, los <strong>precios de los productos alimenticios<\/strong> seguir\u00e1n subiendo porque la distribuci\u00f3n tambi\u00e9n quiere hacer su agosto. Adem\u00e1s, de las mayores subidas nos enteraremos a la vuelta del verano.<\/p>\n<p>Estas subidas en algo tan b\u00e1sico como es la alimentaci\u00f3n tienen que controlarse, porque no se puede seguir subvencionando con ayudas a los m\u00e1s vulnerables, a los responsables de la distribuci\u00f3n en nuestro pa\u00eds. Y todos sabemos de quien hablamos, que est\u00e1n incrementando sus ganancias a costa de todos nosotros. Como los <strong>impuestos a los beneficios de el\u00e9ctricas y bancos<\/strong>, que est\u00e1n bien, pero la estrategia fallar\u00e1 si se les deja repercutir esos impuestos a los consumidores.<\/p>\n<p>Es la <strong>Organizaci\u00f3n de Consumidores y Usuarios (OCU)<\/strong>, la que denuncia que la cesta de la compra ha subido de media en el \u00faltimo a\u00f1o un 15,2%. El 94,5% de los 238 productos que componen la cesta de la compra que elabora OCU han subido, frente a solo 13 que han bajado. Este incremento de precio provocar\u00e1 un sobrecoste de m\u00e1s <strong>830 \u20ac al a\u00f1o para una familia media<\/strong>.\u00a0 Y todav\u00eda hay algunos que se lanzan en tromba por las medidas que anuncia el Gobierno.<\/p>\n<p>Para su estudio, OCU ha comparado los precios del mes de mayo de 2021, con los precios en mayo de este a\u00f1o, de una <strong>cesta de 238 productos de alimentaci\u00f3n y droguer\u00eda<\/strong> de diferentes categor\u00edas, alimentaci\u00f3n fresca (carne, pescado, frutas y verduras) alimentaci\u00f3n envasada y droguer\u00eda. De acuerdo con los datos del estudio, la cesta de la compra se ha incrementado un 15,2%.<\/p>\n<p>Los productos que m\u00e1s suben son el aceite de girasol (118%) las magdalenas (75,4%) la margarina (75,2%) los pl\u00e1tanos (63,6%) la pasta (59,9%), el aceite de oliva suave (52,6%), la harina de trigo (49,7%), los huevos (45,9%) y la mayonesa (42,9%).\u00a0 Las bajadas de precios son la excepci\u00f3n, se centran en algunas frutas y verduras como los aguacates (-9,6%), kiwi (-5,5%), las manzanas (-4,8%), la coliflor (-3,7%), las naranjas (-1,5%), el gallo de raci\u00f3n (-1,1%) y el ajo que mantiene su precio. A estos se suman algunos productos de droguer\u00eda e higiene (gel, champ\u00fa, detergente).<\/p>\n<p>Por categor\u00edas, <strong>los productos envasados (15,5%) han subido m\u00e1s que los productos frescos (14,2%)<\/strong>, debido a que dentro de la categor\u00eda de productos envasados se encuentran algunos de los que han experimentado con diferencia las mayores subidas. La subida del aceite y las harinas, ingredientes de muchos productos elaborados, ha tenido gran peso en el incremento de precios de la categor\u00eda. Dentro de los productos frescos, destaca la subida de los huevos.<\/p>\n<p>Entre el resto de las categor\u00edas de frescos no hay muchas diferencias (frutas y verduras un 12,4%, los pescados un 13,3% y carnes un 14%). En las carnes en particular se aprecia un comportamiento diferenciado entre el pollo, con un 16,1%, el vacuno, con un 17,8% y el cordero, con un 18%; el cerdo, con un 7,3% es el que menos sube. El conejo y el pavo se quedan en un entorno intermedio con un 12,2% y un 13,8% respectivamente. Aunque la droguer\u00eda e higiene es la categor\u00eda que menos sube, un 8,4%, se trata un incremento de precios nunca visto anteriormente.<\/p>\n<p>En todo caso y aunque la subida media es del 15,2%, el hecho de que <strong>las subidas m\u00e1s importantes se registran en los productos de primera necesidad<\/strong> y mucho consumo hace que el impacto de la subida en las econom\u00edas familiares sea a\u00fan mayor. De esta manera la organizaci\u00f3n de consumidores estima que este a\u00f1o las familias van a afrontar un sobrecoste de m\u00e1s de 830 \u20ac en el gasto anual de alimentaci\u00f3n de una familia tipo.<\/p>\n<p>Adem\u00e1s, nada hace pensar que la situaci\u00f3n va a cambiar y <strong>es probable que todav\u00eda suban a\u00fan m\u00e1s los precios<\/strong> de algunos productos en los pr\u00f3ximos meses.<\/p>\n<p>Por todo ello, el Gobierno debe tomar medidas firmes y decididas para <strong>cortar la subida de los precios<\/strong> que pasan por suspender temporalmente los impuestos ligados a la energ\u00eda, el origen de la espiral inflacionista, y por otra aumentar las ayudas a todas las familias para afrontar el incremento de los precios. El control de los incrementos en la cadena de distribuci\u00f3n tampoco estar\u00e1 de m\u00e1s. Una adecuada <strong>presi\u00f3n fiscal sobre las rentas m\u00e1s altas<\/strong> y las empresas con mayores beneficios, ayudar\u00e1 a la redistribuci\u00f3n de la renta v\u00eda subvenciones y ayudas directas.<\/p>\n<\/div><\/div><style type=\"text\/css\">.fusion-body .fusion-builder-column-0{width:100% !important;margin-top : 0px;margin-bottom : 0px;}.fusion-builder-column-0 > .fusion-column-wrapper {padding-top : 0px !important;padding-right : 0px !important;margin-right : 1.92%;padding-bottom : 0px !important;padding-left : 0px !important;margin-left : 1.92%;}@media only screen and (max-width:1024px) {.fusion-body .fusion-builder-column-0{width:100% !important;}.fusion-builder-column-0 > .fusion-column-wrapper {margin-right : 1.92%;margin-left : 1.92%;}}@media only screen and (max-width:640px) {.fusion-body .fusion-builder-column-0{width:100% !important;}.fusion-builder-column-0 > .fusion-column-wrapper {margin-right : 1.92%;margin-left : 1.92%;}}<\/style><\/div><\/div><style type=\"text\/css\">.fusion-body .fusion-flex-container.fusion-builder-row-1{ padding-top : 0px;margin-top : 0px;padding-right : 0px;padding-bottom : 0px;margin-bottom : 0px;padding-left : 0px;}<\/style><\/div>\n","protected":false},"excerpt":{"rendered":"<p>El Gobierno debe tomar medidas firmes y decididas para cortar la subida de los precios que pasan por suspender temporalmente los impuestos ligados a la energ\u00eda, el origen de la espiral inflacionista, y por otra aumentar las ayudas a todas las familias para afrontar el incremento de los precios. El control de los incrementos en la cadena de distribuci\u00f3n tampoco estar\u00e1 de m\u00e1s. Una adecuada presi\u00f3n fiscal sobre las rentas m\u00e1s altas y las empresas con mayores beneficios, ayudar\u00e1 a la redistribuci\u00f3n de la renta v\u00eda subvenciones y ayudas directas.<\/p>\n","protected":false},"author":3,"featured_media":39873,"comment_status":"closed","ping_status":"closed","sticky":false,"template":"","format":"standard","meta":{"_jetpack_memberships_contains_paid_content":false,"footnotes":"","jetpack_publicize_message":"","jetpack_publicize_feature_enabled":true,"jetpack_social_post_already_shared":true,"jetpack_social_options":{"image_generator_settings":{"template":"highway","default_image_id":0,"font":"","enabled":false},"version":2}},"categories":[7512,7564],"tags":[1250,8029],"class_list":["post-41548","post","type-post","status-publish","format-standard","has-post-thumbnail","hentry","category-consumidores","category-noticias-economia","tag-inflacion","tag-newsletter-366"],"yoast_head":"<!-- This site is optimized with the Yoast SEO plugin v27.4 - https:\/\/yoast.com\/product\/yoast-seo-wordpress\/ -->\n<title>El aumento anual de precios en la alimentaci\u00f3n supera el 15,2%<\/title>\n<meta name=\"description\" content=\"Aunque se contenga el precio de la luz y baje el barril de petr\u00f3leo, los precios de los productos alimenticios seguir\u00e1n subiendo\" \/>\n<meta name=\"robots\" content=\"index, follow, max-snippet:-1, max-image-preview:large, max-video-preview:-1\" \/>\n<link rel=\"canonical\" href=\"https:\/\/www.aquimicasa.net\/blog\/consumo\/consumidores\/el-aumento-anual-de-precios-en-la-alimentacion-supera-el-152\/\" \/>\n<meta property=\"og:locale\" content=\"es_ES\" \/>\n<meta property=\"og:type\" content=\"article\" \/>\n<meta property=\"og:title\" content=\"El aumento anual de precios en la alimentaci\u00f3n supera el 15,2%\" \/>\n<meta property=\"og:description\" content=\"Aunque se contenga el precio de la luz y baje el barril de petr\u00f3leo, los precios de los productos alimenticios seguir\u00e1n subiendo\" \/>\n<meta property=\"og:url\" content=\"https:\/\/www.aquimicasa.net\/blog\/consumo\/consumidores\/el-aumento-anual-de-precios-en-la-alimentacion-supera-el-152\/\" \/>\n<meta property=\"og:site_name\" content=\"Blog de aquimicasa.net\" \/>\n<meta property=\"article:publisher\" content=\"https:\/\/www.facebook.com\/aquimicasa.net\" \/>\n<meta property=\"article:published_time\" content=\"2022-07-12T22:32:35+00:00\" \/>\n<meta property=\"article:modified_time\" content=\"2022-07-12T22:44:53+00:00\" \/>\n<meta property=\"og:image\" content=\"https:\/\/www.aquimicasa.net\/blog\/wp-content\/uploads\/supermercado2-e1643744523624.jpg\" \/>\n\t<meta property=\"og:image:width\" content=\"400\" \/>\n\t<meta property=\"og:image:height\" content=\"300\" \/>\n\t<meta property=\"og:image:type\" content=\"image\/jpeg\" \/>\n<meta name=\"author\" content=\"Eduardo Lizarraga\" \/>\n<meta name=\"twitter:label1\" content=\"Escrito por\" \/>\n\t<meta name=\"twitter:data1\" content=\"Eduardo Lizarraga\" \/>\n\t<meta name=\"twitter:label2\" content=\"Tiempo de lectura\" \/>\n\t<meta name=\"twitter:data2\" content=\"4 minutos\" \/>\n<script type=\"application\/ld+json\" class=\"yoast-schema-graph\">{\"@context\":\"https:\\\/\\\/schema.org\",\"@graph\":[{\"@type\":\"Article\",\"@id\":\"https:\\\/\\\/www.aquimicasa.net\\\/blog\\\/consumo\\\/consumidores\\\/el-aumento-anual-de-precios-en-la-alimentacion-supera-el-152\\\/#article\",\"isPartOf\":{\"@id\":\"https:\\\/\\\/www.aquimicasa.net\\\/blog\\\/consumo\\\/consumidores\\\/el-aumento-anual-de-precios-en-la-alimentacion-supera-el-152\\\/\"},\"author\":{\"name\":\"Eduardo Lizarraga\",\"@id\":\"https:\\\/\\\/www.aquimicasa.net\\\/blog\\\/#\\\/schema\\\/person\\\/2cdfa2605534583395c8d7ce1d6cac14\"},\"headline\":\"El aumento anual de precios en la alimentaci\u00f3n supera el 15,2%\",\"datePublished\":\"2022-07-12T22:32:35+00:00\",\"dateModified\":\"2022-07-12T22:44:53+00:00\",\"mainEntityOfPage\":{\"@id\":\"https:\\\/\\\/www.aquimicasa.net\\\/blog\\\/consumo\\\/consumidores\\\/el-aumento-anual-de-precios-en-la-alimentacion-supera-el-152\\\/\"},\"wordCount\":1043,\"publisher\":{\"@id\":\"https:\\\/\\\/www.aquimicasa.net\\\/blog\\\/#organization\"},\"image\":{\"@id\":\"https:\\\/\\\/www.aquimicasa.net\\\/blog\\\/consumo\\\/consumidores\\\/el-aumento-anual-de-precios-en-la-alimentacion-supera-el-152\\\/#primaryimage\"},\"thumbnailUrl\":\"https:\\\/\\\/www.aquimicasa.net\\\/blog\\\/wp-content\\\/uploads\\\/supermercado2-e1643744523624.jpg\",\"keywords\":[\"inflaci\u00f3n\",\"newsletter 366\"],\"articleSection\":[\"Consumidores\",\"Noticias Econom\u00eda\"],\"inLanguage\":\"es\"},{\"@type\":\"WebPage\",\"@id\":\"https:\\\/\\\/www.aquimicasa.net\\\/blog\\\/consumo\\\/consumidores\\\/el-aumento-anual-de-precios-en-la-alimentacion-supera-el-152\\\/\",\"url\":\"https:\\\/\\\/www.aquimicasa.net\\\/blog\\\/consumo\\\/consumidores\\\/el-aumento-anual-de-precios-en-la-alimentacion-supera-el-152\\\/\",\"name\":\"El aumento anual de precios en la alimentaci\u00f3n supera el 15,2%\",\"isPartOf\":{\"@id\":\"https:\\\/\\\/www.aquimicasa.net\\\/blog\\\/#website\"},\"primaryImageOfPage\":{\"@id\":\"https:\\\/\\\/www.aquimicasa.net\\\/blog\\\/consumo\\\/consumidores\\\/el-aumento-anual-de-precios-en-la-alimentacion-supera-el-152\\\/#primaryimage\"},\"image\":{\"@id\":\"https:\\\/\\\/www.aquimicasa.net\\\/blog\\\/consumo\\\/consumidores\\\/el-aumento-anual-de-precios-en-la-alimentacion-supera-el-152\\\/#primaryimage\"},\"thumbnailUrl\":\"https:\\\/\\\/www.aquimicasa.net\\\/blog\\\/wp-content\\\/uploads\\\/supermercado2-e1643744523624.jpg\",\"datePublished\":\"2022-07-12T22:32:35+00:00\",\"dateModified\":\"2022-07-12T22:44:53+00:00\",\"description\":\"Aunque se contenga el precio de la luz y baje el barril de petr\u00f3leo, los precios de los productos alimenticios seguir\u00e1n subiendo\",\"breadcrumb\":{\"@id\":\"https:\\\/\\\/www.aquimicasa.net\\\/blog\\\/consumo\\\/consumidores\\\/el-aumento-anual-de-precios-en-la-alimentacion-supera-el-152\\\/#breadcrumb\"},\"inLanguage\":\"es\",\"potentialAction\":[{\"@type\":\"ReadAction\",\"target\":[\"https:\\\/\\\/www.aquimicasa.net\\\/blog\\\/consumo\\\/consumidores\\\/el-aumento-anual-de-precios-en-la-alimentacion-supera-el-152\\\/\"]}]},{\"@type\":\"ImageObject\",\"inLanguage\":\"es\",\"@id\":\"https:\\\/\\\/www.aquimicasa.net\\\/blog\\\/consumo\\\/consumidores\\\/el-aumento-anual-de-precios-en-la-alimentacion-supera-el-152\\\/#primaryimage\",\"url\":\"https:\\\/\\\/www.aquimicasa.net\\\/blog\\\/wp-content\\\/uploads\\\/supermercado2-e1643744523624.jpg\",\"contentUrl\":\"https:\\\/\\\/www.aquimicasa.net\\\/blog\\\/wp-content\\\/uploads\\\/supermercado2-e1643744523624.jpg\",\"width\":400,\"height\":300,\"caption\":\"El control de la energ\u00eda se apunta un tanto\"},{\"@type\":\"BreadcrumbList\",\"@id\":\"https:\\\/\\\/www.aquimicasa.net\\\/blog\\\/consumo\\\/consumidores\\\/el-aumento-anual-de-precios-en-la-alimentacion-supera-el-152\\\/#breadcrumb\",\"itemListElement\":[{\"@type\":\"ListItem\",\"position\":1,\"name\":\"Portada\",\"item\":\"https:\\\/\\\/www.aquimicasa.net\\\/blog\\\/\"},{\"@type\":\"ListItem\",\"position\":2,\"name\":\"El aumento anual de precios en la alimentaci\u00f3n supera el 15,2%\"}]},{\"@type\":\"WebSite\",\"@id\":\"https:\\\/\\\/www.aquimicasa.net\\\/blog\\\/#website\",\"url\":\"https:\\\/\\\/www.aquimicasa.net\\\/blog\\\/\",\"name\":\"Blog de aquimicasa.net\",\"description\":\"Noticias del Mundo Inmobiliario\",\"publisher\":{\"@id\":\"https:\\\/\\\/www.aquimicasa.net\\\/blog\\\/#organization\"},\"potentialAction\":[{\"@type\":\"SearchAction\",\"target\":{\"@type\":\"EntryPoint\",\"urlTemplate\":\"https:\\\/\\\/www.aquimicasa.net\\\/blog\\\/?s={search_term_string}\"},\"query-input\":{\"@type\":\"PropertyValueSpecification\",\"valueRequired\":true,\"valueName\":\"search_term_string\"}}],\"inLanguage\":\"es\"},{\"@type\":\"Organization\",\"@id\":\"https:\\\/\\\/www.aquimicasa.net\\\/blog\\\/#organization\",\"name\":\"Blog de aquimicasa.net\",\"url\":\"https:\\\/\\\/www.aquimicasa.net\\\/blog\\\/\",\"logo\":{\"@type\":\"ImageObject\",\"inLanguage\":\"es\",\"@id\":\"https:\\\/\\\/www.aquimicasa.net\\\/blog\\\/#\\\/schema\\\/logo\\\/image\\\/\",\"url\":\"https:\\\/\\\/www.aquimicasa.net\\\/blog\\\/wp-content\\\/uploads\\\/Logo-aquimicasa-1-e1528048213782.png\",\"contentUrl\":\"https:\\\/\\\/www.aquimicasa.net\\\/blog\\\/wp-content\\\/uploads\\\/Logo-aquimicasa-1-e1528048213782.png\",\"width\":225,\"height\":225,\"caption\":\"Blog de aquimicasa.net\"},\"image\":{\"@id\":\"https:\\\/\\\/www.aquimicasa.net\\\/blog\\\/#\\\/schema\\\/logo\\\/image\\\/\"},\"sameAs\":[\"https:\\\/\\\/www.facebook.com\\\/aquimicasa.net\",\"https:\\\/\\\/www.instagram.com\\\/\",\"https:\\\/\\\/x.com\\\/EduLizarragaD\",\"https:\\\/\\\/www.linkedin.com\\\/feed\\\/\"]},{\"@type\":\"Person\",\"@id\":\"https:\\\/\\\/www.aquimicasa.net\\\/blog\\\/#\\\/schema\\\/person\\\/2cdfa2605534583395c8d7ce1d6cac14\",\"name\":\"Eduardo Lizarraga\",\"image\":{\"@type\":\"ImageObject\",\"inLanguage\":\"es\",\"@id\":\"https:\\\/\\\/secure.gravatar.com\\\/avatar\\\/bdabe1eeeed97b65a9cb7de2edd624b07995f7e13abc5fead15961f745f908cc?s=96&d=mm&r=g\",\"url\":\"https:\\\/\\\/secure.gravatar.com\\\/avatar\\\/bdabe1eeeed97b65a9cb7de2edd624b07995f7e13abc5fead15961f745f908cc?s=96&d=mm&r=g\",\"contentUrl\":\"https:\\\/\\\/secure.gravatar.com\\\/avatar\\\/bdabe1eeeed97b65a9cb7de2edd624b07995f7e13abc5fead15961f745f908cc?s=96&d=mm&r=g\",\"caption\":\"Eduardo Lizarraga\"},\"description\":\"Periodista Econ\u00f3mico. Ha trabajado en diversos campos de la informaci\u00f3n. Corresponsal en conflictos, analista pol\u00edtico en Congreso y Senado, periodista del medio ambiente, editor, director editorial, director de comunicaci\u00f3n.... En estos momentos se ha especializado en el sector inmobiliario. Pero tambi\u00e9n es navegante y viajero, preocupado por la pobreza, el medio ambiente y por las actuaciones descontroladas del neoliberalismo empresarial y pol\u00edtico en todo el mundo. Los desahucios, la pobreza infantil y la falta de acceso a los suministros b\u00e1sicos son algunos de los grandes dramas de nuestra sociedad y que es preciso solucionar para hacerla m\u00e1s justa. CEO en www.aquimicasa.net\",\"sameAs\":[\"https:\\\/\\\/www.aquimicasa.net\\\/\"],\"url\":\"https:\\\/\\\/www.aquimicasa.net\\\/blog\\\/author\\\/eduardo\\\/\"}]}<\/script>\n<!-- \/ Yoast SEO plugin. -->","yoast_head_json":{"title":"El aumento anual de precios en la alimentaci\u00f3n supera el 15,2%","description":"Aunque se contenga el precio de la luz y baje el barril de petr\u00f3leo, los precios de los productos alimenticios seguir\u00e1n subiendo","robots":{"index":"index","follow":"follow","max-snippet":"max-snippet:-1","max-image-preview":"max-image-preview:large","max-video-preview":"max-video-preview:-1"},"canonical":"https:\/\/www.aquimicasa.net\/blog\/consumo\/consumidores\/el-aumento-anual-de-precios-en-la-alimentacion-supera-el-152\/","og_locale":"es_ES","og_type":"article","og_title":"El aumento anual de precios en la alimentaci\u00f3n supera el 15,2%","og_description":"Aunque se contenga el precio de la luz y baje el barril de petr\u00f3leo, los precios de los productos alimenticios seguir\u00e1n subiendo","og_url":"https:\/\/www.aquimicasa.net\/blog\/consumo\/consumidores\/el-aumento-anual-de-precios-en-la-alimentacion-supera-el-152\/","og_site_name":"Blog de aquimicasa.net","article_publisher":"https:\/\/www.facebook.com\/aquimicasa.net","article_published_time":"2022-07-12T22:32:35+00:00","article_modified_time":"2022-07-12T22:44:53+00:00","og_image":[{"width":400,"height":300,"url":"https:\/\/www.aquimicasa.net\/blog\/wp-content\/uploads\/supermercado2-e1643744523624.jpg","type":"image\/jpeg"}],"author":"Eduardo Lizarraga","twitter_misc":{"Escrito por":"Eduardo Lizarraga","Tiempo de lectura":"4 minutos"},"schema":{"@context":"https:\/\/schema.org","@graph":[{"@type":"Article","@id":"https:\/\/www.aquimicasa.net\/blog\/consumo\/consumidores\/el-aumento-anual-de-precios-en-la-alimentacion-supera-el-152\/#article","isPartOf":{"@id":"https:\/\/www.aquimicasa.net\/blog\/consumo\/consumidores\/el-aumento-anual-de-precios-en-la-alimentacion-supera-el-152\/"},"author":{"name":"Eduardo Lizarraga","@id":"https:\/\/www.aquimicasa.net\/blog\/#\/schema\/person\/2cdfa2605534583395c8d7ce1d6cac14"},"headline":"El aumento anual de precios en la alimentaci\u00f3n supera el 15,2%","datePublished":"2022-07-12T22:32:35+00:00","dateModified":"2022-07-12T22:44:53+00:00","mainEntityOfPage":{"@id":"https:\/\/www.aquimicasa.net\/blog\/consumo\/consumidores\/el-aumento-anual-de-precios-en-la-alimentacion-supera-el-152\/"},"wordCount":1043,"publisher":{"@id":"https:\/\/www.aquimicasa.net\/blog\/#organization"},"image":{"@id":"https:\/\/www.aquimicasa.net\/blog\/consumo\/consumidores\/el-aumento-anual-de-precios-en-la-alimentacion-supera-el-152\/#primaryimage"},"thumbnailUrl":"https:\/\/www.aquimicasa.net\/blog\/wp-content\/uploads\/supermercado2-e1643744523624.jpg","keywords":["inflaci\u00f3n","newsletter 366"],"articleSection":["Consumidores","Noticias Econom\u00eda"],"inLanguage":"es"},{"@type":"WebPage","@id":"https:\/\/www.aquimicasa.net\/blog\/consumo\/consumidores\/el-aumento-anual-de-precios-en-la-alimentacion-supera-el-152\/","url":"https:\/\/www.aquimicasa.net\/blog\/consumo\/consumidores\/el-aumento-anual-de-precios-en-la-alimentacion-supera-el-152\/","name":"El aumento anual de precios en la alimentaci\u00f3n supera el 15,2%","isPartOf":{"@id":"https:\/\/www.aquimicasa.net\/blog\/#website"},"primaryImageOfPage":{"@id":"https:\/\/www.aquimicasa.net\/blog\/consumo\/consumidores\/el-aumento-anual-de-precios-en-la-alimentacion-supera-el-152\/#primaryimage"},"image":{"@id":"https:\/\/www.aquimicasa.net\/blog\/consumo\/consumidores\/el-aumento-anual-de-precios-en-la-alimentacion-supera-el-152\/#primaryimage"},"thumbnailUrl":"https:\/\/www.aquimicasa.net\/blog\/wp-content\/uploads\/supermercado2-e1643744523624.jpg","datePublished":"2022-07-12T22:32:35+00:00","dateModified":"2022-07-12T22:44:53+00:00","description":"Aunque se contenga el precio de la luz y baje el barril de petr\u00f3leo, los precios de los productos alimenticios seguir\u00e1n subiendo","breadcrumb":{"@id":"https:\/\/www.aquimicasa.net\/blog\/consumo\/consumidores\/el-aumento-anual-de-precios-en-la-alimentacion-supera-el-152\/#breadcrumb"},"inLanguage":"es","potentialAction":[{"@type":"ReadAction","target":["https:\/\/www.aquimicasa.net\/blog\/consumo\/consumidores\/el-aumento-anual-de-precios-en-la-alimentacion-supera-el-152\/"]}]},{"@type":"ImageObject","inLanguage":"es","@id":"https:\/\/www.aquimicasa.net\/blog\/consumo\/consumidores\/el-aumento-anual-de-precios-en-la-alimentacion-supera-el-152\/#primaryimage","url":"https:\/\/www.aquimicasa.net\/blog\/wp-content\/uploads\/supermercado2-e1643744523624.jpg","contentUrl":"https:\/\/www.aquimicasa.net\/blog\/wp-content\/uploads\/supermercado2-e1643744523624.jpg","width":400,"height":300,"caption":"El control de la energ\u00eda se apunta un tanto"},{"@type":"BreadcrumbList","@id":"https:\/\/www.aquimicasa.net\/blog\/consumo\/consumidores\/el-aumento-anual-de-precios-en-la-alimentacion-supera-el-152\/#breadcrumb","itemListElement":[{"@type":"ListItem","position":1,"name":"Portada","item":"https:\/\/www.aquimicasa.net\/blog\/"},{"@type":"ListItem","position":2,"name":"El aumento anual de precios en la alimentaci\u00f3n supera el 15,2%"}]},{"@type":"WebSite","@id":"https:\/\/www.aquimicasa.net\/blog\/#website","url":"https:\/\/www.aquimicasa.net\/blog\/","name":"Blog de aquimicasa.net","description":"Noticias del Mundo Inmobiliario","publisher":{"@id":"https:\/\/www.aquimicasa.net\/blog\/#organization"},"potentialAction":[{"@type":"SearchAction","target":{"@type":"EntryPoint","urlTemplate":"https:\/\/www.aquimicasa.net\/blog\/?s={search_term_string}"},"query-input":{"@type":"PropertyValueSpecification","valueRequired":true,"valueName":"search_term_string"}}],"inLanguage":"es"},{"@type":"Organization","@id":"https:\/\/www.aquimicasa.net\/blog\/#organization","name":"Blog de aquimicasa.net","url":"https:\/\/www.aquimicasa.net\/blog\/","logo":{"@type":"ImageObject","inLanguage":"es","@id":"https:\/\/www.aquimicasa.net\/blog\/#\/schema\/logo\/image\/","url":"https:\/\/www.aquimicasa.net\/blog\/wp-content\/uploads\/Logo-aquimicasa-1-e1528048213782.png","contentUrl":"https:\/\/www.aquimicasa.net\/blog\/wp-content\/uploads\/Logo-aquimicasa-1-e1528048213782.png","width":225,"height":225,"caption":"Blog de aquimicasa.net"},"image":{"@id":"https:\/\/www.aquimicasa.net\/blog\/#\/schema\/logo\/image\/"},"sameAs":["https:\/\/www.facebook.com\/aquimicasa.net","https:\/\/www.instagram.com\/","https:\/\/x.com\/EduLizarragaD","https:\/\/www.linkedin.com\/feed\/"]},{"@type":"Person","@id":"https:\/\/www.aquimicasa.net\/blog\/#\/schema\/person\/2cdfa2605534583395c8d7ce1d6cac14","name":"Eduardo Lizarraga","image":{"@type":"ImageObject","inLanguage":"es","@id":"https:\/\/secure.gravatar.com\/avatar\/bdabe1eeeed97b65a9cb7de2edd624b07995f7e13abc5fead15961f745f908cc?s=96&d=mm&r=g","url":"https:\/\/secure.gravatar.com\/avatar\/bdabe1eeeed97b65a9cb7de2edd624b07995f7e13abc5fead15961f745f908cc?s=96&d=mm&r=g","contentUrl":"https:\/\/secure.gravatar.com\/avatar\/bdabe1eeeed97b65a9cb7de2edd624b07995f7e13abc5fead15961f745f908cc?s=96&d=mm&r=g","caption":"Eduardo Lizarraga"},"description":"Periodista Econ\u00f3mico. Ha trabajado en diversos campos de la informaci\u00f3n. Corresponsal en conflictos, analista pol\u00edtico en Congreso y Senado, periodista del medio ambiente, editor, director editorial, director de comunicaci\u00f3n.... En estos momentos se ha especializado en el sector inmobiliario. Pero tambi\u00e9n es navegante y viajero, preocupado por la pobreza, el medio ambiente y por las actuaciones descontroladas del neoliberalismo empresarial y pol\u00edtico en todo el mundo. Los desahucios, la pobreza infantil y la falta de acceso a los suministros b\u00e1sicos son algunos de los grandes dramas de nuestra sociedad y que es preciso solucionar para hacerla m\u00e1s justa. CEO en www.aquimicasa.net","sameAs":["https:\/\/www.aquimicasa.net\/"],"url":"https:\/\/www.aquimicasa.net\/blog\/author\/eduardo\/"}]}},"jetpack_publicize_connections":[],"jetpack_featured_media_url":"https:\/\/www.aquimicasa.net\/blog\/wp-content\/uploads\/supermercado2-e1643744523624.jpg","jetpack_sharing_enabled":true,"jetpack_likes_enabled":true,"_links":{"self":[{"href":"https:\/\/www.aquimicasa.net\/blog\/wp-json\/wp\/v2\/posts\/41548","targetHints":{"allow":["GET"]}}],"collection":[{"href":"https:\/\/www.aquimicasa.net\/blog\/wp-json\/wp\/v2\/posts"}],"about":[{"href":"https:\/\/www.aquimicasa.net\/blog\/wp-json\/wp\/v2\/types\/post"}],"author":[{"embeddable":true,"href":"https:\/\/www.aquimicasa.net\/blog\/wp-json\/wp\/v2\/users\/3"}],"replies":[{"embeddable":true,"href":"https:\/\/www.aquimicasa.net\/blog\/wp-json\/wp\/v2\/comments?post=41548"}],"version-history":[{"count":3,"href":"https:\/\/www.aquimicasa.net\/blog\/wp-json\/wp\/v2\/posts\/41548\/revisions"}],"predecessor-version":[{"id":41551,"href":"https:\/\/www.aquimicasa.net\/blog\/wp-json\/wp\/v2\/posts\/41548\/revisions\/41551"}],"wp:featuredmedia":[{"embeddable":true,"href":"https:\/\/www.aquimicasa.net\/blog\/wp-json\/wp\/v2\/media\/39873"}],"wp:attachment":[{"href":"https:\/\/www.aquimicasa.net\/blog\/wp-json\/wp\/v2\/media?parent=41548"}],"wp:term":[{"taxonomy":"category","embeddable":true,"href":"https:\/\/www.aquimicasa.net\/blog\/wp-json\/wp\/v2\/categories?post=41548"},{"taxonomy":"post_tag","embeddable":true,"href":"https:\/\/www.aquimicasa.net\/blog\/wp-json\/wp\/v2\/tags?post=41548"}],"curies":[{"name":"wp","href":"https:\/\/api.w.org\/{rel}","templated":true}]}}