{"id":41620,"date":"2022-07-20T19:42:32","date_gmt":"2022-07-20T17:42:32","guid":{"rendered":"https:\/\/www.aquimicasa.net\/blog\/?p=41620"},"modified":"2022-07-20T19:42:32","modified_gmt":"2022-07-20T17:42:32","slug":"opiniones-sobre-la-inmobiliaria-alfonso-en-noja","status":"publish","type":"post","link":"https:\/\/www.aquimicasa.net\/blog\/vivienda\/agencias-inmobiliarias\/opiniones-sobre-la-inmobiliaria-alfonso-en-noja\/","title":{"rendered":"Opiniones sobre la inmobiliaria Alfonso en Noja"},"content":{"rendered":"<div class=\"fusion-fullwidth fullwidth-box fusion-builder-row-1 fusion-flex-container nonhundred-percent-fullwidth non-hundred-percent-height-scrolling\" style=\"background-color: rgba(255,255,255,0);background-position: center center;background-repeat: no-repeat;border-width: 0px 0px 0px 0px;border-color:#eae9e9;border-style:solid;\" ><div class=\"fusion-builder-row fusion-row fusion-flex-align-items-flex-start\" style=\"max-width:1144px;margin-left: calc(-4% \/ 2 );margin-right: calc(-4% \/ 2 );\"><div class=\"fusion-layout-column fusion_builder_column fusion-builder-column-0 fusion_builder_column_1_1 1_1 fusion-flex-column\"><div class=\"fusion-column-wrapper fusion-flex-justify-content-flex-start fusion-content-layout-column\" style=\"background-position:left top;background-repeat:no-repeat;-webkit-background-size:cover;-moz-background-size:cover;-o-background-size:cover;background-size:cover;padding: 0px 0px 0px 0px;\"><div class=\"fusion-text fusion-text-1\"><p>Con una l\u00ednea de costa recortada y llena de islotes y playas, entre la punta del Brusco y la r\u00eda de Quejo, el municipio de <strong>Noja<\/strong> de encuentra en la zona oriental de Cantabria, a 42 kil\u00f3metros de Santander y a muy poca distancia de la Comunidad Aut\u00f3noma del Pa\u00eds Vasco, lo que lo convierte en uno de sus destinos tur\u00edsticos m\u00e1s habituales.<\/p>\n<p>Es la belleza de su costa y la bondad de las playas que la jalonan lo que da una merecida fama a la poblaci\u00f3n, incrementando su poblaci\u00f3n desde los 2.500 habitantes hasta los 70.000 cuando llega el verano.<\/p>\n<p>La villa marinera, integrante de la antigua Junta de las Siete Villas, ha cambiado mucho en los \u00faltimos 50 a\u00f1os, pasando de ser un municipio rural y pesquero a un municipio en el que los sectores servicios, <strong>construcci\u00f3n e inmobiliario<\/strong> son los mayoritarios en su econom\u00eda,<\/p>\n<p>El sector de la\u00a0<strong>construcci\u00f3n, <\/strong>que es\u00a0uno de los motores econ\u00f3micos de la localidad, ha propiciado un gran desarrollo urban\u00edstico desde hace d\u00e9cadas\u00a0edificando un buen n\u00famero de urbanizaciones\u00a0para el turismo de verano y la <strong>segunda residencia<\/strong>.<\/p>\n<p>Nada de esto hubiera sido posible sin las maravillosas playas que han dado fama a la villa, <strong>Trengandin<\/strong>, con casi 6 kil\u00f3metros de fina arena dorada y aguas cristalinas\u00a0y <strong>Ris<\/strong>\u00a0con 4 kil\u00f3metros de extensi\u00f3n, sin lugar a dudas la m\u00e1s concurrida por los veraneantes y la preferida por los surfistas.<\/p>\n<p>Pero adem\u00e1s de las playas y su costa excepcional, en los alrededores de Noja encontramos humedales, prados y bosques; todo ello acompa\u00f1ado por una gastronom\u00eda sobresaliente. De esta forma la localidad se ha convertido en uno de los destinos m\u00e1s apreciados para el verano en la zona norte de Espa\u00f1a. Encontrar\u00a0<strong>pisos o chalets para el verano en Noja<\/strong>\u00a0es el objetivo de muchas personas que buscan descanso y calidad de vida para sus vacaciones.<\/p>\n<p>Y en todas las operaciones inmobiliarias para buscar o vender casa en esta localidad, los clientes tienen las mejores <strong>opiniones sobre la inmobiliaria Alfonso en Noja<\/strong>. La empresa comienza su andadura en el 2013, aunque Alfonso, su propietario, lleva m\u00e1s de 34 a\u00f1os de trabajo en el sector y m\u00e1s de 1800 inmuebles escriturados. Ubicada en Marques de Velasco 6 de Noja, la <strong>inmobiliaria<\/strong> est\u00e1 especializada en cualquier operaci\u00f3n inmobiliaria.<\/p>\n<p><img decoding=\"async\" class=\"alignnone wp-image-41624\" src=\"https:\/\/www.aquimicasa.net\/blog\/wp-content\/uploads\/Alfonso-Inmobiliaria1-300x200.jpg\" alt=\"Pisos y casas en venta en Noja\" width=\"264\" height=\"176\" srcset=\"https:\/\/www.aquimicasa.net\/blog\/wp-content\/uploads\/Alfonso-Inmobiliaria1-150x100.jpg 150w, https:\/\/www.aquimicasa.net\/blog\/wp-content\/uploads\/Alfonso-Inmobiliaria1-200x133.jpg 200w, https:\/\/www.aquimicasa.net\/blog\/wp-content\/uploads\/Alfonso-Inmobiliaria1-300x200.jpg 300w, https:\/\/www.aquimicasa.net\/blog\/wp-content\/uploads\/Alfonso-Inmobiliaria1-400x267.jpg 400w, https:\/\/www.aquimicasa.net\/blog\/wp-content\/uploads\/Alfonso-Inmobiliaria1-600x400.jpg 600w, https:\/\/www.aquimicasa.net\/blog\/wp-content\/uploads\/Alfonso-Inmobiliaria1-768x512.jpg 768w, https:\/\/www.aquimicasa.net\/blog\/wp-content\/uploads\/Alfonso-Inmobiliaria1-800x534.jpg 800w, https:\/\/www.aquimicasa.net\/blog\/wp-content\/uploads\/Alfonso-Inmobiliaria1-1024x683.jpg 1024w, https:\/\/www.aquimicasa.net\/blog\/wp-content\/uploads\/Alfonso-Inmobiliaria1-1200x801.jpg 1200w, https:\/\/www.aquimicasa.net\/blog\/wp-content\/uploads\/Alfonso-Inmobiliaria1-1536x1025.jpg 1536w\" sizes=\"(max-width: 264px) 100vw, 264px\" \/><\/p>\n<p>Con multitud de apartamentos y pisos situados en las mejores urbanizaciones, en las<strong>\u00a0playas de Ris y Trengandin<\/strong>, la <strong>agencia inmobiliaria Alfonso<\/strong> sabe que la satisfacci\u00f3n del cliente es primordial y lo hace desde diferentes puntos de vista: el trato personalizado, la profesionalidad, el asesoramiento hipotecario\u2026<\/p>\n<p>No es extra\u00f1o por ello que los clientes satisfechos manifiesten su contento dejando decenas de buenas\u00a0<strong>opiniones sobre la inmobiliaria Alfonso en Noja<\/strong>, como Jos\u00e9 Ram\u00f3n, que califica a Alfonso de gran profesional \u201cdisponible en todo momento\u201d y que facilita todos los tr\u00e1mites con consejos muy \u00fatiles para cualquier gesti\u00f3n alrededor de la vivienda\u201d. O Amaya, que ha quedado muy satisfecha con su gesti\u00f3n y lo recomienda al 100% por su profesionalidad conocimiento y capacidad resolutiva. Tambi\u00e9n Duque quiere hacer menci\u00f3n de la estupenda atenci\u00f3n recibida por lo que <strong>recomienda la agencia<\/strong> encarecidamente.<\/p>\n<p>Casi todos los clientes tratan con Alfonso, lo que proporciona un sello de calidad muy caracter\u00edstico. Adem\u00e1s, su experiencia en todos los aspectos de la <strong>gesti\u00f3n inmobiliaria<\/strong> le permite detectar cualquier problema oculto en la operaci\u00f3n de compraventa, como puenteos en los contadores que pueden demostrar que una vivienda es ilegal o posibles problemas en la financiaci\u00f3n\u2026 Y esta profesionalidad, experiencia y buen trato la perciben muy bien los clientes.<\/p>\n<p>Es lo que destaca Juan, muy satisfecho por la profesionalidad y rapidez en todas las gestiones para <strong>comprar una vivienda<\/strong>. Al igual que Mar, que quiere destacar la claridad con la que Alfonso explic\u00f3 la tramitaci\u00f3n a seguir, facilitando todos los tr\u00e1mites \u201cprofesional, amable y de confianza\u201d recalca la compradora. Lo mismo se\u00f1ala Bego de Bilbao \u201che contactado con Alfonso para consultar una duda y el trato recibido ha sido excelente: amable, educado, cercano y eficaz. En definitiva, un profesional\u201d<\/p>\n<p><strong>Alfonso d<\/strong>ispone de una amplia\u00a0<strong>oferta de viviendas<\/strong>\u00a0nuevas y de 2\u00aa mano, chalets,\u00a0<strong>pisos y apartamentos<\/strong>\u00a0y no s\u00f3lo en Noja, sino en toda Cantabria; en el mismo Santander, Torrelavega, Castro Urdiales, cuenca del Besaya, del As\u00f3n y toda la costa. Y esta amplia cartera y su conocimiento consigue <strong>encontrar la vivienda<\/strong> que cada cliente necesita.<\/p>\n<p>Como asegura Ro, que si pudiera dar 10 estrellas a Alfonso se las dar\u00eda; y es que les ayud\u00f3 a <strong>encontrar la casa<\/strong> que quer\u00edan entendiendo sus gustos y necesidades desde el primer momento; \u201csiempre ayudando y aconsejando, es una gran persona y un gran profesional\u201d destaca. La misma opini\u00f3n tiene Mar\u00eda Jes\u00fas, que ha tenido una operaci\u00f3n de <strong>compra de casa<\/strong> muy satisfactoria, con un trato familiar y con mucha orientaci\u00f3n y apoyo en todo lo administrativo y legal hasta dejarlo todo resuelto. Por todo ello tambi\u00e9n recomienda a Alfonso Inmobiliaria. Como Miren, Miriam, Juan Antonio y muchos m\u00e1s clientes que tienen las mejores <strong>opiniones sobre la inmobiliaria Alfonso en Noja.<\/strong><\/p>\n<p>La <strong>agencia inmobiliaria<\/strong>\u00a0est\u00e1 muy concienciada de las grandes oportunidades que ofrecen las nuevas tecnolog\u00edas, buscando cada vez m\u00e1s\u00a0<strong>visibilidad en redes y en Google.<\/strong> Y no solo se dedica a los particulares, sino tambi\u00e9n a bancos y entidades financieras, al igual que a promotores interesados por suelo, o inversores que buscan rentabilidad. Y todos ellos expresan sus mejores <strong>opiniones sobre la inmobiliaria Alfonso en Noja.<\/strong><\/p>\n<p><a href=\"https:\/\/www.inmobiliariaalfonso.com\/\"  rel=\"nofollow noopener\"><img decoding=\"async\" class=\"alignnone size-full wp-image-41623\" src=\"https:\/\/www.aquimicasa.net\/blog\/wp-content\/uploads\/logo-Alfonso-1.jpg\" alt=\"Pisos y cadsas en venta en Cantabria\" width=\"236\" height=\"95\" srcset=\"https:\/\/www.aquimicasa.net\/blog\/wp-content\/uploads\/logo-Alfonso-1-150x60.jpg 150w, https:\/\/www.aquimicasa.net\/blog\/wp-content\/uploads\/logo-Alfonso-1-200x81.jpg 200w, https:\/\/www.aquimicasa.net\/blog\/wp-content\/uploads\/logo-Alfonso-1.jpg 236w\" sizes=\"(max-width: 236px) 100vw, 236px\" \/><\/a>\u00a0 \u00a0<a href=\"https:\/\/www.inmobiliariaalfonso.com\/\"  rel=\"nofollow noopener\"><strong><span style=\"font-size: 14pt;\">La oferta inmobiliaria de Cantabria de la mano de un profesional<\/span><\/strong><\/a><\/p>\n<\/div><\/div><style type=\"text\/css\">.fusion-body .fusion-builder-column-0{width:100% !important;margin-top : 0px;margin-bottom : 0px;}.fusion-builder-column-0 > .fusion-column-wrapper {padding-top : 0px !important;padding-right : 0px !important;margin-right : 1.92%;padding-bottom : 0px !important;padding-left : 0px !important;margin-left : 1.92%;}@media only screen and (max-width:1024px) {.fusion-body .fusion-builder-column-0{width:100% !important;}.fusion-builder-column-0 > .fusion-column-wrapper {margin-right : 1.92%;margin-left : 1.92%;}}@media only screen and (max-width:640px) {.fusion-body .fusion-builder-column-0{width:100% !important;}.fusion-builder-column-0 > .fusion-column-wrapper {margin-right : 1.92%;margin-left : 1.92%;}}<\/style><\/div><\/div><style type=\"text\/css\">.fusion-body .fusion-flex-container.fusion-builder-row-1{ padding-top : 0px;margin-top : 0px;padding-right : 0px;padding-bottom : 0px;margin-bottom : 0px;padding-left : 0px;}<\/style><\/div>\n","protected":false},"excerpt":{"rendered":"<p>Con multitud de apartamentos y pisos situados en las mejores urbanizaciones, en las\u00a0playas de Ris y Trengandin, la agencia inmobiliaria Alfonso sabe que la satisfacci\u00f3n del cliente es primordial y lo hace desde diferentes puntos de vista: el trato personalizado, la profesionalidad, el asesoramiento hipotecario\u2026<\/p>\n","protected":false},"author":3,"featured_media":0,"comment_status":"closed","ping_status":"closed","sticky":false,"template":"","format":"standard","meta":{"_jetpack_memberships_contains_paid_content":false,"footnotes":"","jetpack_publicize_message":"","jetpack_publicize_feature_enabled":true,"jetpack_social_post_already_shared":true,"jetpack_social_options":{"image_generator_settings":{"template":"highway","default_image_id":0,"font":"","enabled":false},"version":2}},"categories":[7562],"tags":[8044],"class_list":["post-41620","post","type-post","status-publish","format-standard","hentry","category-agencias-inmobiliarias","tag-newsletter-367"],"yoast_head":"<!-- This site is optimized with the Yoast SEO plugin v27.4 - https:\/\/yoast.com\/product\/yoast-seo-wordpress\/ -->\n<title>Opiniones sobre la inmobiliaria Alfonso en Noja<\/title>\n<meta name=\"description\" content=\"Alfonso se dedica a particulares, y tambi\u00e9n a entidades financieras, al igual que a promotores o inversores que buscan rentabilidad\" \/>\n<meta name=\"robots\" content=\"index, follow, max-snippet:-1, max-image-preview:large, max-video-preview:-1\" \/>\n<link rel=\"canonical\" href=\"https:\/\/www.aquimicasa.net\/blog\/vivienda\/agencias-inmobiliarias\/opiniones-sobre-la-inmobiliaria-alfonso-en-noja\/\" \/>\n<meta property=\"og:locale\" content=\"es_ES\" \/>\n<meta property=\"og:type\" content=\"article\" \/>\n<meta property=\"og:title\" content=\"Opiniones sobre la inmobiliaria Alfonso en Noja\" \/>\n<meta property=\"og:description\" content=\"Alfonso se dedica a particulares, y tambi\u00e9n a entidades financieras, al igual que a promotores o inversores que buscan rentabilidad\" \/>\n<meta property=\"og:url\" content=\"https:\/\/www.aquimicasa.net\/blog\/vivienda\/agencias-inmobiliarias\/opiniones-sobre-la-inmobiliaria-alfonso-en-noja\/\" \/>\n<meta property=\"og:site_name\" content=\"Blog de aquimicasa.net\" \/>\n<meta property=\"article:publisher\" content=\"https:\/\/www.facebook.com\/aquimicasa.net\" \/>\n<meta property=\"article:published_time\" content=\"2022-07-20T17:42:32+00:00\" \/>\n<meta property=\"og:image\" content=\"https:\/\/www.aquimicasa.net\/blog\/wp-content\/uploads\/Alfonso-Inmobiliaria1-300x200.jpg\" \/>\n<meta name=\"author\" content=\"Eduardo Lizarraga\" \/>\n<meta name=\"twitter:label1\" content=\"Escrito por\" \/>\n\t<meta name=\"twitter:data1\" content=\"Eduardo Lizarraga\" \/>\n\t<meta name=\"twitter:label2\" content=\"Tiempo de lectura\" \/>\n\t<meta name=\"twitter:data2\" content=\"5 minutos\" \/>\n<script type=\"application\/ld+json\" class=\"yoast-schema-graph\">{\"@context\":\"https:\\\/\\\/schema.org\",\"@graph\":[{\"@type\":\"Article\",\"@id\":\"https:\\\/\\\/www.aquimicasa.net\\\/blog\\\/vivienda\\\/agencias-inmobiliarias\\\/opiniones-sobre-la-inmobiliaria-alfonso-en-noja\\\/#article\",\"isPartOf\":{\"@id\":\"https:\\\/\\\/www.aquimicasa.net\\\/blog\\\/vivienda\\\/agencias-inmobiliarias\\\/opiniones-sobre-la-inmobiliaria-alfonso-en-noja\\\/\"},\"author\":{\"name\":\"Eduardo Lizarraga\",\"@id\":\"https:\\\/\\\/www.aquimicasa.net\\\/blog\\\/#\\\/schema\\\/person\\\/2cdfa2605534583395c8d7ce1d6cac14\"},\"headline\":\"Opiniones sobre la inmobiliaria Alfonso en Noja\",\"datePublished\":\"2022-07-20T17:42:32+00:00\",\"mainEntityOfPage\":{\"@id\":\"https:\\\/\\\/www.aquimicasa.net\\\/blog\\\/vivienda\\\/agencias-inmobiliarias\\\/opiniones-sobre-la-inmobiliaria-alfonso-en-noja\\\/\"},\"wordCount\":1212,\"publisher\":{\"@id\":\"https:\\\/\\\/www.aquimicasa.net\\\/blog\\\/#organization\"},\"image\":{\"@id\":\"https:\\\/\\\/www.aquimicasa.net\\\/blog\\\/vivienda\\\/agencias-inmobiliarias\\\/opiniones-sobre-la-inmobiliaria-alfonso-en-noja\\\/#primaryimage\"},\"thumbnailUrl\":\"https:\\\/\\\/www.aquimicasa.net\\\/blog\\\/wp-content\\\/uploads\\\/Alfonso-Inmobiliaria1-300x200.jpg\",\"keywords\":[\"newsletter 367\"],\"articleSection\":[\"Agencias Inmobiliarias\"],\"inLanguage\":\"es\"},{\"@type\":\"WebPage\",\"@id\":\"https:\\\/\\\/www.aquimicasa.net\\\/blog\\\/vivienda\\\/agencias-inmobiliarias\\\/opiniones-sobre-la-inmobiliaria-alfonso-en-noja\\\/\",\"url\":\"https:\\\/\\\/www.aquimicasa.net\\\/blog\\\/vivienda\\\/agencias-inmobiliarias\\\/opiniones-sobre-la-inmobiliaria-alfonso-en-noja\\\/\",\"name\":\"Opiniones sobre la inmobiliaria Alfonso en Noja\",\"isPartOf\":{\"@id\":\"https:\\\/\\\/www.aquimicasa.net\\\/blog\\\/#website\"},\"primaryImageOfPage\":{\"@id\":\"https:\\\/\\\/www.aquimicasa.net\\\/blog\\\/vivienda\\\/agencias-inmobiliarias\\\/opiniones-sobre-la-inmobiliaria-alfonso-en-noja\\\/#primaryimage\"},\"image\":{\"@id\":\"https:\\\/\\\/www.aquimicasa.net\\\/blog\\\/vivienda\\\/agencias-inmobiliarias\\\/opiniones-sobre-la-inmobiliaria-alfonso-en-noja\\\/#primaryimage\"},\"thumbnailUrl\":\"https:\\\/\\\/www.aquimicasa.net\\\/blog\\\/wp-content\\\/uploads\\\/Alfonso-Inmobiliaria1-300x200.jpg\",\"datePublished\":\"2022-07-20T17:42:32+00:00\",\"description\":\"Alfonso se dedica a particulares, y tambi\u00e9n a entidades financieras, al igual que a promotores o inversores que buscan rentabilidad\",\"breadcrumb\":{\"@id\":\"https:\\\/\\\/www.aquimicasa.net\\\/blog\\\/vivienda\\\/agencias-inmobiliarias\\\/opiniones-sobre-la-inmobiliaria-alfonso-en-noja\\\/#breadcrumb\"},\"inLanguage\":\"es\",\"potentialAction\":[{\"@type\":\"ReadAction\",\"target\":[\"https:\\\/\\\/www.aquimicasa.net\\\/blog\\\/vivienda\\\/agencias-inmobiliarias\\\/opiniones-sobre-la-inmobiliaria-alfonso-en-noja\\\/\"]}]},{\"@type\":\"ImageObject\",\"inLanguage\":\"es\",\"@id\":\"https:\\\/\\\/www.aquimicasa.net\\\/blog\\\/vivienda\\\/agencias-inmobiliarias\\\/opiniones-sobre-la-inmobiliaria-alfonso-en-noja\\\/#primaryimage\",\"url\":\"https:\\\/\\\/www.aquimicasa.net\\\/blog\\\/wp-content\\\/uploads\\\/Alfonso-Inmobiliaria1-300x200.jpg\",\"contentUrl\":\"https:\\\/\\\/www.aquimicasa.net\\\/blog\\\/wp-content\\\/uploads\\\/Alfonso-Inmobiliaria1-300x200.jpg\"},{\"@type\":\"BreadcrumbList\",\"@id\":\"https:\\\/\\\/www.aquimicasa.net\\\/blog\\\/vivienda\\\/agencias-inmobiliarias\\\/opiniones-sobre-la-inmobiliaria-alfonso-en-noja\\\/#breadcrumb\",\"itemListElement\":[{\"@type\":\"ListItem\",\"position\":1,\"name\":\"Portada\",\"item\":\"https:\\\/\\\/www.aquimicasa.net\\\/blog\\\/\"},{\"@type\":\"ListItem\",\"position\":2,\"name\":\"Opiniones sobre la inmobiliaria Alfonso en Noja\"}]},{\"@type\":\"WebSite\",\"@id\":\"https:\\\/\\\/www.aquimicasa.net\\\/blog\\\/#website\",\"url\":\"https:\\\/\\\/www.aquimicasa.net\\\/blog\\\/\",\"name\":\"Blog de aquimicasa.net\",\"description\":\"Noticias del Mundo Inmobiliario\",\"publisher\":{\"@id\":\"https:\\\/\\\/www.aquimicasa.net\\\/blog\\\/#organization\"},\"potentialAction\":[{\"@type\":\"SearchAction\",\"target\":{\"@type\":\"EntryPoint\",\"urlTemplate\":\"https:\\\/\\\/www.aquimicasa.net\\\/blog\\\/?s={search_term_string}\"},\"query-input\":{\"@type\":\"PropertyValueSpecification\",\"valueRequired\":true,\"valueName\":\"search_term_string\"}}],\"inLanguage\":\"es\"},{\"@type\":\"Organization\",\"@id\":\"https:\\\/\\\/www.aquimicasa.net\\\/blog\\\/#organization\",\"name\":\"Blog de aquimicasa.net\",\"url\":\"https:\\\/\\\/www.aquimicasa.net\\\/blog\\\/\",\"logo\":{\"@type\":\"ImageObject\",\"inLanguage\":\"es\",\"@id\":\"https:\\\/\\\/www.aquimicasa.net\\\/blog\\\/#\\\/schema\\\/logo\\\/image\\\/\",\"url\":\"https:\\\/\\\/www.aquimicasa.net\\\/blog\\\/wp-content\\\/uploads\\\/Logo-aquimicasa-1-e1528048213782.png\",\"contentUrl\":\"https:\\\/\\\/www.aquimicasa.net\\\/blog\\\/wp-content\\\/uploads\\\/Logo-aquimicasa-1-e1528048213782.png\",\"width\":225,\"height\":225,\"caption\":\"Blog de aquimicasa.net\"},\"image\":{\"@id\":\"https:\\\/\\\/www.aquimicasa.net\\\/blog\\\/#\\\/schema\\\/logo\\\/image\\\/\"},\"sameAs\":[\"https:\\\/\\\/www.facebook.com\\\/aquimicasa.net\",\"https:\\\/\\\/www.instagram.com\\\/\",\"https:\\\/\\\/x.com\\\/EduLizarragaD\",\"https:\\\/\\\/www.linkedin.com\\\/feed\\\/\"]},{\"@type\":\"Person\",\"@id\":\"https:\\\/\\\/www.aquimicasa.net\\\/blog\\\/#\\\/schema\\\/person\\\/2cdfa2605534583395c8d7ce1d6cac14\",\"name\":\"Eduardo Lizarraga\",\"image\":{\"@type\":\"ImageObject\",\"inLanguage\":\"es\",\"@id\":\"https:\\\/\\\/secure.gravatar.com\\\/avatar\\\/bdabe1eeeed97b65a9cb7de2edd624b07995f7e13abc5fead15961f745f908cc?s=96&d=mm&r=g\",\"url\":\"https:\\\/\\\/secure.gravatar.com\\\/avatar\\\/bdabe1eeeed97b65a9cb7de2edd624b07995f7e13abc5fead15961f745f908cc?s=96&d=mm&r=g\",\"contentUrl\":\"https:\\\/\\\/secure.gravatar.com\\\/avatar\\\/bdabe1eeeed97b65a9cb7de2edd624b07995f7e13abc5fead15961f745f908cc?s=96&d=mm&r=g\",\"caption\":\"Eduardo Lizarraga\"},\"description\":\"Periodista Econ\u00f3mico. Ha trabajado en diversos campos de la informaci\u00f3n. Corresponsal en conflictos, analista pol\u00edtico en Congreso y Senado, periodista del medio ambiente, editor, director editorial, director de comunicaci\u00f3n.... En estos momentos se ha especializado en el sector inmobiliario. Pero tambi\u00e9n es navegante y viajero, preocupado por la pobreza, el medio ambiente y por las actuaciones descontroladas del neoliberalismo empresarial y pol\u00edtico en todo el mundo. Los desahucios, la pobreza infantil y la falta de acceso a los suministros b\u00e1sicos son algunos de los grandes dramas de nuestra sociedad y que es preciso solucionar para hacerla m\u00e1s justa. CEO en www.aquimicasa.net\",\"sameAs\":[\"https:\\\/\\\/www.aquimicasa.net\\\/\"],\"url\":\"https:\\\/\\\/www.aquimicasa.net\\\/blog\\\/author\\\/eduardo\\\/\"}]}<\/script>\n<!-- \/ Yoast SEO plugin. -->","yoast_head_json":{"title":"Opiniones sobre la inmobiliaria Alfonso en Noja","description":"Alfonso se dedica a particulares, y tambi\u00e9n a entidades financieras, al igual que a promotores o inversores que buscan rentabilidad","robots":{"index":"index","follow":"follow","max-snippet":"max-snippet:-1","max-image-preview":"max-image-preview:large","max-video-preview":"max-video-preview:-1"},"canonical":"https:\/\/www.aquimicasa.net\/blog\/vivienda\/agencias-inmobiliarias\/opiniones-sobre-la-inmobiliaria-alfonso-en-noja\/","og_locale":"es_ES","og_type":"article","og_title":"Opiniones sobre la inmobiliaria Alfonso en Noja","og_description":"Alfonso se dedica a particulares, y tambi\u00e9n a entidades financieras, al igual que a promotores o inversores que buscan rentabilidad","og_url":"https:\/\/www.aquimicasa.net\/blog\/vivienda\/agencias-inmobiliarias\/opiniones-sobre-la-inmobiliaria-alfonso-en-noja\/","og_site_name":"Blog de aquimicasa.net","article_publisher":"https:\/\/www.facebook.com\/aquimicasa.net","article_published_time":"2022-07-20T17:42:32+00:00","og_image":[{"url":"https:\/\/www.aquimicasa.net\/blog\/wp-content\/uploads\/Alfonso-Inmobiliaria1-300x200.jpg","type":"","width":"","height":""}],"author":"Eduardo Lizarraga","twitter_misc":{"Escrito por":"Eduardo Lizarraga","Tiempo de lectura":"5 minutos"},"schema":{"@context":"https:\/\/schema.org","@graph":[{"@type":"Article","@id":"https:\/\/www.aquimicasa.net\/blog\/vivienda\/agencias-inmobiliarias\/opiniones-sobre-la-inmobiliaria-alfonso-en-noja\/#article","isPartOf":{"@id":"https:\/\/www.aquimicasa.net\/blog\/vivienda\/agencias-inmobiliarias\/opiniones-sobre-la-inmobiliaria-alfonso-en-noja\/"},"author":{"name":"Eduardo Lizarraga","@id":"https:\/\/www.aquimicasa.net\/blog\/#\/schema\/person\/2cdfa2605534583395c8d7ce1d6cac14"},"headline":"Opiniones sobre la inmobiliaria Alfonso en Noja","datePublished":"2022-07-20T17:42:32+00:00","mainEntityOfPage":{"@id":"https:\/\/www.aquimicasa.net\/blog\/vivienda\/agencias-inmobiliarias\/opiniones-sobre-la-inmobiliaria-alfonso-en-noja\/"},"wordCount":1212,"publisher":{"@id":"https:\/\/www.aquimicasa.net\/blog\/#organization"},"image":{"@id":"https:\/\/www.aquimicasa.net\/blog\/vivienda\/agencias-inmobiliarias\/opiniones-sobre-la-inmobiliaria-alfonso-en-noja\/#primaryimage"},"thumbnailUrl":"https:\/\/www.aquimicasa.net\/blog\/wp-content\/uploads\/Alfonso-Inmobiliaria1-300x200.jpg","keywords":["newsletter 367"],"articleSection":["Agencias Inmobiliarias"],"inLanguage":"es"},{"@type":"WebPage","@id":"https:\/\/www.aquimicasa.net\/blog\/vivienda\/agencias-inmobiliarias\/opiniones-sobre-la-inmobiliaria-alfonso-en-noja\/","url":"https:\/\/www.aquimicasa.net\/blog\/vivienda\/agencias-inmobiliarias\/opiniones-sobre-la-inmobiliaria-alfonso-en-noja\/","name":"Opiniones sobre la inmobiliaria Alfonso en Noja","isPartOf":{"@id":"https:\/\/www.aquimicasa.net\/blog\/#website"},"primaryImageOfPage":{"@id":"https:\/\/www.aquimicasa.net\/blog\/vivienda\/agencias-inmobiliarias\/opiniones-sobre-la-inmobiliaria-alfonso-en-noja\/#primaryimage"},"image":{"@id":"https:\/\/www.aquimicasa.net\/blog\/vivienda\/agencias-inmobiliarias\/opiniones-sobre-la-inmobiliaria-alfonso-en-noja\/#primaryimage"},"thumbnailUrl":"https:\/\/www.aquimicasa.net\/blog\/wp-content\/uploads\/Alfonso-Inmobiliaria1-300x200.jpg","datePublished":"2022-07-20T17:42:32+00:00","description":"Alfonso se dedica a particulares, y tambi\u00e9n a entidades financieras, al igual que a promotores o inversores que buscan rentabilidad","breadcrumb":{"@id":"https:\/\/www.aquimicasa.net\/blog\/vivienda\/agencias-inmobiliarias\/opiniones-sobre-la-inmobiliaria-alfonso-en-noja\/#breadcrumb"},"inLanguage":"es","potentialAction":[{"@type":"ReadAction","target":["https:\/\/www.aquimicasa.net\/blog\/vivienda\/agencias-inmobiliarias\/opiniones-sobre-la-inmobiliaria-alfonso-en-noja\/"]}]},{"@type":"ImageObject","inLanguage":"es","@id":"https:\/\/www.aquimicasa.net\/blog\/vivienda\/agencias-inmobiliarias\/opiniones-sobre-la-inmobiliaria-alfonso-en-noja\/#primaryimage","url":"https:\/\/www.aquimicasa.net\/blog\/wp-content\/uploads\/Alfonso-Inmobiliaria1-300x200.jpg","contentUrl":"https:\/\/www.aquimicasa.net\/blog\/wp-content\/uploads\/Alfonso-Inmobiliaria1-300x200.jpg"},{"@type":"BreadcrumbList","@id":"https:\/\/www.aquimicasa.net\/blog\/vivienda\/agencias-inmobiliarias\/opiniones-sobre-la-inmobiliaria-alfonso-en-noja\/#breadcrumb","itemListElement":[{"@type":"ListItem","position":1,"name":"Portada","item":"https:\/\/www.aquimicasa.net\/blog\/"},{"@type":"ListItem","position":2,"name":"Opiniones sobre la inmobiliaria Alfonso en Noja"}]},{"@type":"WebSite","@id":"https:\/\/www.aquimicasa.net\/blog\/#website","url":"https:\/\/www.aquimicasa.net\/blog\/","name":"Blog de aquimicasa.net","description":"Noticias del Mundo Inmobiliario","publisher":{"@id":"https:\/\/www.aquimicasa.net\/blog\/#organization"},"potentialAction":[{"@type":"SearchAction","target":{"@type":"EntryPoint","urlTemplate":"https:\/\/www.aquimicasa.net\/blog\/?s={search_term_string}"},"query-input":{"@type":"PropertyValueSpecification","valueRequired":true,"valueName":"search_term_string"}}],"inLanguage":"es"},{"@type":"Organization","@id":"https:\/\/www.aquimicasa.net\/blog\/#organization","name":"Blog de aquimicasa.net","url":"https:\/\/www.aquimicasa.net\/blog\/","logo":{"@type":"ImageObject","inLanguage":"es","@id":"https:\/\/www.aquimicasa.net\/blog\/#\/schema\/logo\/image\/","url":"https:\/\/www.aquimicasa.net\/blog\/wp-content\/uploads\/Logo-aquimicasa-1-e1528048213782.png","contentUrl":"https:\/\/www.aquimicasa.net\/blog\/wp-content\/uploads\/Logo-aquimicasa-1-e1528048213782.png","width":225,"height":225,"caption":"Blog de aquimicasa.net"},"image":{"@id":"https:\/\/www.aquimicasa.net\/blog\/#\/schema\/logo\/image\/"},"sameAs":["https:\/\/www.facebook.com\/aquimicasa.net","https:\/\/www.instagram.com\/","https:\/\/x.com\/EduLizarragaD","https:\/\/www.linkedin.com\/feed\/"]},{"@type":"Person","@id":"https:\/\/www.aquimicasa.net\/blog\/#\/schema\/person\/2cdfa2605534583395c8d7ce1d6cac14","name":"Eduardo Lizarraga","image":{"@type":"ImageObject","inLanguage":"es","@id":"https:\/\/secure.gravatar.com\/avatar\/bdabe1eeeed97b65a9cb7de2edd624b07995f7e13abc5fead15961f745f908cc?s=96&d=mm&r=g","url":"https:\/\/secure.gravatar.com\/avatar\/bdabe1eeeed97b65a9cb7de2edd624b07995f7e13abc5fead15961f745f908cc?s=96&d=mm&r=g","contentUrl":"https:\/\/secure.gravatar.com\/avatar\/bdabe1eeeed97b65a9cb7de2edd624b07995f7e13abc5fead15961f745f908cc?s=96&d=mm&r=g","caption":"Eduardo Lizarraga"},"description":"Periodista Econ\u00f3mico. Ha trabajado en diversos campos de la informaci\u00f3n. Corresponsal en conflictos, analista pol\u00edtico en Congreso y Senado, periodista del medio ambiente, editor, director editorial, director de comunicaci\u00f3n.... En estos momentos se ha especializado en el sector inmobiliario. Pero tambi\u00e9n es navegante y viajero, preocupado por la pobreza, el medio ambiente y por las actuaciones descontroladas del neoliberalismo empresarial y pol\u00edtico en todo el mundo. Los desahucios, la pobreza infantil y la falta de acceso a los suministros b\u00e1sicos son algunos de los grandes dramas de nuestra sociedad y que es preciso solucionar para hacerla m\u00e1s justa. CEO en www.aquimicasa.net","sameAs":["https:\/\/www.aquimicasa.net\/"],"url":"https:\/\/www.aquimicasa.net\/blog\/author\/eduardo\/"}]}},"jetpack_publicize_connections":[],"jetpack_featured_media_url":"","jetpack_sharing_enabled":true,"jetpack_likes_enabled":true,"_links":{"self":[{"href":"https:\/\/www.aquimicasa.net\/blog\/wp-json\/wp\/v2\/posts\/41620","targetHints":{"allow":["GET"]}}],"collection":[{"href":"https:\/\/www.aquimicasa.net\/blog\/wp-json\/wp\/v2\/posts"}],"about":[{"href":"https:\/\/www.aquimicasa.net\/blog\/wp-json\/wp\/v2\/types\/post"}],"author":[{"embeddable":true,"href":"https:\/\/www.aquimicasa.net\/blog\/wp-json\/wp\/v2\/users\/3"}],"replies":[{"embeddable":true,"href":"https:\/\/www.aquimicasa.net\/blog\/wp-json\/wp\/v2\/comments?post=41620"}],"version-history":[{"count":3,"href":"https:\/\/www.aquimicasa.net\/blog\/wp-json\/wp\/v2\/posts\/41620\/revisions"}],"predecessor-version":[{"id":41625,"href":"https:\/\/www.aquimicasa.net\/blog\/wp-json\/wp\/v2\/posts\/41620\/revisions\/41625"}],"wp:attachment":[{"href":"https:\/\/www.aquimicasa.net\/blog\/wp-json\/wp\/v2\/media?parent=41620"}],"wp:term":[{"taxonomy":"category","embeddable":true,"href":"https:\/\/www.aquimicasa.net\/blog\/wp-json\/wp\/v2\/categories?post=41620"},{"taxonomy":"post_tag","embeddable":true,"href":"https:\/\/www.aquimicasa.net\/blog\/wp-json\/wp\/v2\/tags?post=41620"}],"curies":[{"name":"wp","href":"https:\/\/api.w.org\/{rel}","templated":true}]}}