{"id":41685,"date":"2022-07-31T00:02:40","date_gmt":"2022-07-30T22:02:40","guid":{"rendered":"https:\/\/www.aquimicasa.net\/blog\/?p=41685"},"modified":"2022-07-31T00:02:40","modified_gmt":"2022-07-30T22:02:40","slug":"la-factura-de-la-luz-se-encarece-un-12-respecto-a-junio","status":"publish","type":"post","link":"https:\/\/www.aquimicasa.net\/blog\/consumo\/consumidores\/la-factura-de-la-luz-se-encarece-un-12-respecto-a-junio\/","title":{"rendered":"La factura de la luz se encarece un 12% respecto a junio"},"content":{"rendered":"<div class=\"fusion-fullwidth fullwidth-box fusion-builder-row-1 fusion-flex-container nonhundred-percent-fullwidth non-hundred-percent-height-scrolling\" style=\"background-color: rgba(255,255,255,0);background-position: center center;background-repeat: no-repeat;border-width: 0px 0px 0px 0px;border-color:#eae9e9;border-style:solid;\" ><div class=\"fusion-builder-row fusion-row fusion-flex-align-items-flex-start\" style=\"max-width:1144px;margin-left: calc(-4% \/ 2 );margin-right: calc(-4% \/ 2 );\"><div class=\"fusion-layout-column fusion_builder_column fusion-builder-column-0 fusion_builder_column_1_1 1_1 fusion-flex-column\"><div class=\"fusion-column-wrapper fusion-flex-justify-content-flex-start fusion-content-layout-column\" style=\"background-position:left top;background-repeat:no-repeat;-webkit-background-size:cover;-moz-background-size:cover;-o-background-size:cover;background-size:cover;padding: 0px 0px 0px 0px;\"><div class=\"fusion-text fusion-text-1\"><p class=\"Standard\"><span class=\"Fuentedeprrafopredeter1\">La <strong>Organizaci\u00f3n de Consumidores y Usuarios (OCU)<\/strong> denuncia que este mes de julio el consumidor afrontar\u00e1 la <strong>segunda factura m\u00e1s cara de la historia<\/strong> y ello a pesar de que el 1 de julio arranc\u00f3 un nuevo periodo con la rebaja temporal del IVA al 5% de la factura el\u00e9ctrica. Pero la medida en la que el Gobierno ha fundado todas sus esperanzas para relajar el precio de la luz se hab\u00eda iniciado ya unos d\u00edas antes (15 de junio): el mecanismo de ajuste en el mercado mayorista <strong>limitando el precio del gas utilizado en la generaci\u00f3n el\u00e9ctrica<\/strong>. El mes de julio ha servido para ver el potencial de esta medida, pero sobre todo sus limitaciones para ser efectiva.\u00a0<\/span><\/p>\n<p class=\"Standard\"><span class=\"Fuentedeprrafopredeter1\">El mercado mayorista de electricidad ha dejado en evidencia que las medidas emprendidas han permitido fijar un precio de la electricidad en el mercado mayorista claramente inferior al habitual. El precio durante este mes de julio ha sido de tan solo 144,1 euros gracias a que las tecnolog\u00edas que usan gas han podido ofertar su electricidad considerando que el precio de mercado era de solo 40\u20ac\/ MWh. Se trata de un precio un 23% inferior al del mes de mayo (justo el anterior a implementar esta medida) y casi 49% menos que el precio m\u00e1ximo fijado el pasado mes de marzo.<\/span><\/p>\n<p class=\"Standard\"><span class=\"Fuentedeprrafopredeter1\">Sin embargo, para calcular el importe final que pagar\u00e1n los consumidores hay que a\u00f1adir el coste de aplicar esta medida. El coste de compensar a las empresas que generan electricidad utilizando gas ha sido de 0.122684 \u20ac\/kWh de media, debido a un doble r\u00e9cord: los elevad\u00edsimos precios del gas utilizado para generar electricidad (superior a 130 \u20ac\/MWh) y el elevado volumen de gas necesario durante el mes de julio para generar electricidad (29%) .<\/span><\/p>\n<p class=\"Standard\"><span class=\"Fuentedeprrafopredeter1\">\u00a0<\/span><span class=\"Fuentedeprrafopredeter1\">El resultado ha sido que durante este mes de julio el precio del PVPC incorporando todos sus componentes habituales (adem\u00e1s de la novedad de la compensaci\u00f3n por el gas) ha alcanzado un valor medio de 0,331876\u20ac \/kWh y un precio final del kWh m\u00e1s caro en horario valle que en llano ya que la compensaci\u00f3n del gas penaliza especialmente en horario valle. Con estos precios l<strong>a factura del hogar medio se ha elevado a 115,27 euros<\/strong> que es un 12% m\u00e1s que la factura de junio (102,65 euros).<\/span><\/p>\n<p class=\"Standard\"><span class=\"Fuentedeprrafopredeter1\">\u00a0<\/span><span class=\"Fuentedeprrafopredeter1\">OCU recuerda que la compensaci\u00f3n por el precio del gas debe ser tambi\u00e9n pagada por la energ\u00eda que se ofrece en el mercado libre en contratos que hayan sido realizados y renovados con posterioridad al 26 de abril. Este hecho est\u00e1 provocando un gran problema y desconcierto en los hogares que han firmado o renovados contratos desde esa fecha ya que las ofertas comerciales de las compa\u00f1\u00edas o no recogen ese hecho en los precios que ofrec\u00edan o lo hacen d\u00e1ndole poca visibilidad. As\u00ed las primeras facturas han empezado a llegar a los hogares con un recargo del cual no ten\u00edan informaci\u00f3n y disparando el coste de su energ\u00eda en <strong>valores en torno a un 40 o 50% o m\u00e1s<\/strong>.<\/span><\/p>\n<p class=\"Standard\"><span class=\"Fuentedeprrafopredeter1\">\u00a0<\/span><\/p>\n<\/div><\/div><style type=\"text\/css\">.fusion-body .fusion-builder-column-0{width:100% !important;margin-top : 0px;margin-bottom : 0px;}.fusion-builder-column-0 > .fusion-column-wrapper {padding-top : 0px !important;padding-right : 0px !important;margin-right : 1.92%;padding-bottom : 0px !important;padding-left : 0px !important;margin-left : 1.92%;}@media only screen and (max-width:1024px) {.fusion-body .fusion-builder-column-0{width:100% !important;}.fusion-builder-column-0 > .fusion-column-wrapper {margin-right : 1.92%;margin-left : 1.92%;}}@media only screen and (max-width:640px) {.fusion-body .fusion-builder-column-0{width:100% !important;}.fusion-builder-column-0 > .fusion-column-wrapper {margin-right : 1.92%;margin-left : 1.92%;}}<\/style><\/div><\/div><style type=\"text\/css\">.fusion-body .fusion-flex-container.fusion-builder-row-1{ padding-top : 0px;margin-top : 0px;padding-right : 0px;padding-bottom : 0px;margin-bottom : 0px;padding-left : 0px;}<\/style><\/div>\n","protected":false},"excerpt":{"rendered":"<p>La compensaci\u00f3n por el precio del gas debe ser tambi\u00e9n pagada por la energ\u00eda que se ofrece en el mercado libre en contratos que hayan sido realizados y renovados con posterioridad al 26 de abril.<\/p>\n","protected":false},"author":3,"featured_media":13180,"comment_status":"closed","ping_status":"closed","sticky":false,"template":"","format":"standard","meta":{"_jetpack_memberships_contains_paid_content":false,"footnotes":"","jetpack_publicize_message":"","jetpack_publicize_feature_enabled":true,"jetpack_social_post_already_shared":true,"jetpack_social_options":{"image_generator_settings":{"template":"highway","default_image_id":0,"font":"","enabled":false},"version":2}},"categories":[7512,639,7558],"tags":[8046],"class_list":["post-41685","post","type-post","status-publish","format-standard","has-post-thumbnail","hentry","category-consumidores","category-electricas","category-gas-y-petroleo","tag-newsletter-369"],"yoast_head":"<!-- This site is optimized with the Yoast SEO plugin v27.5 - https:\/\/yoast.com\/product\/yoast-seo-wordpress\/ -->\n<title>La factura de la luz se encarece un 12% respecto a junio<\/title>\n<meta name=\"description\" content=\"La factura del hogar medio se ha elevado a 115,27 euros que es un 12% m\u00e1s que la factura de junio (102,65 euros).\" \/>\n<meta name=\"robots\" content=\"index, follow, max-snippet:-1, max-image-preview:large, max-video-preview:-1\" \/>\n<link rel=\"canonical\" href=\"https:\/\/www.aquimicasa.net\/blog\/consumo\/consumidores\/la-factura-de-la-luz-se-encarece-un-12-respecto-a-junio\/\" \/>\n<meta property=\"og:locale\" content=\"es_ES\" \/>\n<meta property=\"og:type\" content=\"article\" \/>\n<meta property=\"og:title\" content=\"La factura de la luz se encarece un 12% respecto a junio\" \/>\n<meta property=\"og:description\" content=\"La factura del hogar medio se ha elevado a 115,27 euros que es un 12% m\u00e1s que la factura de junio (102,65 euros).\" \/>\n<meta property=\"og:url\" content=\"https:\/\/www.aquimicasa.net\/blog\/consumo\/consumidores\/la-factura-de-la-luz-se-encarece-un-12-respecto-a-junio\/\" \/>\n<meta property=\"og:site_name\" content=\"Blog de aquimicasa.net\" \/>\n<meta property=\"article:publisher\" content=\"https:\/\/www.facebook.com\/aquimicasa.net\" \/>\n<meta property=\"article:published_time\" content=\"2022-07-30T22:02:40+00:00\" \/>\n<meta property=\"og:image\" content=\"https:\/\/www.aquimicasa.net\/blog\/wp-content\/uploads\/Electricidad-e1481034773458.jpg\" \/>\n\t<meta property=\"og:image:width\" content=\"225\" \/>\n\t<meta property=\"og:image:height\" content=\"225\" \/>\n\t<meta property=\"og:image:type\" content=\"image\/jpeg\" \/>\n<meta name=\"author\" content=\"Eduardo Lizarraga\" \/>\n<meta name=\"twitter:label1\" content=\"Escrito por\" \/>\n\t<meta name=\"twitter:data1\" content=\"Eduardo Lizarraga\" \/>\n\t<meta name=\"twitter:label2\" content=\"Tiempo de lectura\" \/>\n\t<meta name=\"twitter:data2\" content=\"3 minutos\" \/>\n<script type=\"application\/ld+json\" class=\"yoast-schema-graph\">{\"@context\":\"https:\\\/\\\/schema.org\",\"@graph\":[{\"@type\":\"Article\",\"@id\":\"https:\\\/\\\/www.aquimicasa.net\\\/blog\\\/consumo\\\/consumidores\\\/la-factura-de-la-luz-se-encarece-un-12-respecto-a-junio\\\/#article\",\"isPartOf\":{\"@id\":\"https:\\\/\\\/www.aquimicasa.net\\\/blog\\\/consumo\\\/consumidores\\\/la-factura-de-la-luz-se-encarece-un-12-respecto-a-junio\\\/\"},\"author\":{\"name\":\"Eduardo Lizarraga\",\"@id\":\"https:\\\/\\\/www.aquimicasa.net\\\/blog\\\/#\\\/schema\\\/person\\\/2cdfa2605534583395c8d7ce1d6cac14\"},\"headline\":\"La factura de la luz se encarece un 12% respecto a junio\",\"datePublished\":\"2022-07-30T22:02:40+00:00\",\"mainEntityOfPage\":{\"@id\":\"https:\\\/\\\/www.aquimicasa.net\\\/blog\\\/consumo\\\/consumidores\\\/la-factura-de-la-luz-se-encarece-un-12-respecto-a-junio\\\/\"},\"wordCount\":762,\"publisher\":{\"@id\":\"https:\\\/\\\/www.aquimicasa.net\\\/blog\\\/#organization\"},\"image\":{\"@id\":\"https:\\\/\\\/www.aquimicasa.net\\\/blog\\\/consumo\\\/consumidores\\\/la-factura-de-la-luz-se-encarece-un-12-respecto-a-junio\\\/#primaryimage\"},\"thumbnailUrl\":\"https:\\\/\\\/www.aquimicasa.net\\\/blog\\\/wp-content\\\/uploads\\\/Electricidad-e1481034773458.jpg\",\"keywords\":[\"newsletter 369\"],\"articleSection\":[\"Consumidores\",\"El\u00e9ctricas\",\"Gas y Petr\u00f3leo\"],\"inLanguage\":\"es\"},{\"@type\":\"WebPage\",\"@id\":\"https:\\\/\\\/www.aquimicasa.net\\\/blog\\\/consumo\\\/consumidores\\\/la-factura-de-la-luz-se-encarece-un-12-respecto-a-junio\\\/\",\"url\":\"https:\\\/\\\/www.aquimicasa.net\\\/blog\\\/consumo\\\/consumidores\\\/la-factura-de-la-luz-se-encarece-un-12-respecto-a-junio\\\/\",\"name\":\"La factura de la luz se encarece un 12% respecto a junio\",\"isPartOf\":{\"@id\":\"https:\\\/\\\/www.aquimicasa.net\\\/blog\\\/#website\"},\"primaryImageOfPage\":{\"@id\":\"https:\\\/\\\/www.aquimicasa.net\\\/blog\\\/consumo\\\/consumidores\\\/la-factura-de-la-luz-se-encarece-un-12-respecto-a-junio\\\/#primaryimage\"},\"image\":{\"@id\":\"https:\\\/\\\/www.aquimicasa.net\\\/blog\\\/consumo\\\/consumidores\\\/la-factura-de-la-luz-se-encarece-un-12-respecto-a-junio\\\/#primaryimage\"},\"thumbnailUrl\":\"https:\\\/\\\/www.aquimicasa.net\\\/blog\\\/wp-content\\\/uploads\\\/Electricidad-e1481034773458.jpg\",\"datePublished\":\"2022-07-30T22:02:40+00:00\",\"description\":\"La factura del hogar medio se ha elevado a 115,27 euros que es un 12% m\u00e1s que la factura de junio (102,65 euros).\",\"breadcrumb\":{\"@id\":\"https:\\\/\\\/www.aquimicasa.net\\\/blog\\\/consumo\\\/consumidores\\\/la-factura-de-la-luz-se-encarece-un-12-respecto-a-junio\\\/#breadcrumb\"},\"inLanguage\":\"es\",\"potentialAction\":[{\"@type\":\"ReadAction\",\"target\":[\"https:\\\/\\\/www.aquimicasa.net\\\/blog\\\/consumo\\\/consumidores\\\/la-factura-de-la-luz-se-encarece-un-12-respecto-a-junio\\\/\"]}]},{\"@type\":\"ImageObject\",\"inLanguage\":\"es\",\"@id\":\"https:\\\/\\\/www.aquimicasa.net\\\/blog\\\/consumo\\\/consumidores\\\/la-factura-de-la-luz-se-encarece-un-12-respecto-a-junio\\\/#primaryimage\",\"url\":\"https:\\\/\\\/www.aquimicasa.net\\\/blog\\\/wp-content\\\/uploads\\\/Electricidad-e1481034773458.jpg\",\"contentUrl\":\"https:\\\/\\\/www.aquimicasa.net\\\/blog\\\/wp-content\\\/uploads\\\/Electricidad-e1481034773458.jpg\",\"width\":225,\"height\":225,\"caption\":\"Las comunidades de vecinos podr\u00e1n seguir con la TUR\"},{\"@type\":\"BreadcrumbList\",\"@id\":\"https:\\\/\\\/www.aquimicasa.net\\\/blog\\\/consumo\\\/consumidores\\\/la-factura-de-la-luz-se-encarece-un-12-respecto-a-junio\\\/#breadcrumb\",\"itemListElement\":[{\"@type\":\"ListItem\",\"position\":1,\"name\":\"Portada\",\"item\":\"https:\\\/\\\/www.aquimicasa.net\\\/blog\\\/\"},{\"@type\":\"ListItem\",\"position\":2,\"name\":\"La factura de la luz se encarece un 12% respecto a junio\"}]},{\"@type\":\"WebSite\",\"@id\":\"https:\\\/\\\/www.aquimicasa.net\\\/blog\\\/#website\",\"url\":\"https:\\\/\\\/www.aquimicasa.net\\\/blog\\\/\",\"name\":\"Blog de aquimicasa.net\",\"description\":\"Noticias del Mundo Inmobiliario\",\"publisher\":{\"@id\":\"https:\\\/\\\/www.aquimicasa.net\\\/blog\\\/#organization\"},\"potentialAction\":[{\"@type\":\"SearchAction\",\"target\":{\"@type\":\"EntryPoint\",\"urlTemplate\":\"https:\\\/\\\/www.aquimicasa.net\\\/blog\\\/?s={search_term_string}\"},\"query-input\":{\"@type\":\"PropertyValueSpecification\",\"valueRequired\":true,\"valueName\":\"search_term_string\"}}],\"inLanguage\":\"es\"},{\"@type\":\"Organization\",\"@id\":\"https:\\\/\\\/www.aquimicasa.net\\\/blog\\\/#organization\",\"name\":\"Blog de aquimicasa.net\",\"url\":\"https:\\\/\\\/www.aquimicasa.net\\\/blog\\\/\",\"logo\":{\"@type\":\"ImageObject\",\"inLanguage\":\"es\",\"@id\":\"https:\\\/\\\/www.aquimicasa.net\\\/blog\\\/#\\\/schema\\\/logo\\\/image\\\/\",\"url\":\"https:\\\/\\\/www.aquimicasa.net\\\/blog\\\/wp-content\\\/uploads\\\/Logo-aquimicasa-1-e1528048213782.png\",\"contentUrl\":\"https:\\\/\\\/www.aquimicasa.net\\\/blog\\\/wp-content\\\/uploads\\\/Logo-aquimicasa-1-e1528048213782.png\",\"width\":225,\"height\":225,\"caption\":\"Blog de aquimicasa.net\"},\"image\":{\"@id\":\"https:\\\/\\\/www.aquimicasa.net\\\/blog\\\/#\\\/schema\\\/logo\\\/image\\\/\"},\"sameAs\":[\"https:\\\/\\\/www.facebook.com\\\/aquimicasa.net\",\"https:\\\/\\\/www.instagram.com\\\/\",\"https:\\\/\\\/x.com\\\/EduLizarragaD\",\"https:\\\/\\\/www.linkedin.com\\\/feed\\\/\"]},{\"@type\":\"Person\",\"@id\":\"https:\\\/\\\/www.aquimicasa.net\\\/blog\\\/#\\\/schema\\\/person\\\/2cdfa2605534583395c8d7ce1d6cac14\",\"name\":\"Eduardo Lizarraga\",\"image\":{\"@type\":\"ImageObject\",\"inLanguage\":\"es\",\"@id\":\"https:\\\/\\\/secure.gravatar.com\\\/avatar\\\/bdabe1eeeed97b65a9cb7de2edd624b07995f7e13abc5fead15961f745f908cc?s=96&d=mm&r=g\",\"url\":\"https:\\\/\\\/secure.gravatar.com\\\/avatar\\\/bdabe1eeeed97b65a9cb7de2edd624b07995f7e13abc5fead15961f745f908cc?s=96&d=mm&r=g\",\"contentUrl\":\"https:\\\/\\\/secure.gravatar.com\\\/avatar\\\/bdabe1eeeed97b65a9cb7de2edd624b07995f7e13abc5fead15961f745f908cc?s=96&d=mm&r=g\",\"caption\":\"Eduardo Lizarraga\"},\"description\":\"Periodista Econ\u00f3mico. Ha trabajado en diversos campos de la informaci\u00f3n. Corresponsal en conflictos, analista pol\u00edtico en Congreso y Senado, periodista del medio ambiente, editor, director editorial, director de comunicaci\u00f3n.... En estos momentos se ha especializado en el sector inmobiliario. Pero tambi\u00e9n es navegante y viajero, preocupado por la pobreza, el medio ambiente y por las actuaciones descontroladas del neoliberalismo empresarial y pol\u00edtico en todo el mundo. Los desahucios, la pobreza infantil y la falta de acceso a los suministros b\u00e1sicos son algunos de los grandes dramas de nuestra sociedad y que es preciso solucionar para hacerla m\u00e1s justa. CEO en www.aquimicasa.net\",\"sameAs\":[\"https:\\\/\\\/www.aquimicasa.net\\\/\"],\"url\":\"https:\\\/\\\/www.aquimicasa.net\\\/blog\\\/author\\\/eduardo\\\/\"}]}<\/script>\n<!-- \/ Yoast SEO plugin. -->","yoast_head_json":{"title":"La factura de la luz se encarece un 12% respecto a junio","description":"La factura del hogar medio se ha elevado a 115,27 euros que es un 12% m\u00e1s que la factura de junio (102,65 euros).","robots":{"index":"index","follow":"follow","max-snippet":"max-snippet:-1","max-image-preview":"max-image-preview:large","max-video-preview":"max-video-preview:-1"},"canonical":"https:\/\/www.aquimicasa.net\/blog\/consumo\/consumidores\/la-factura-de-la-luz-se-encarece-un-12-respecto-a-junio\/","og_locale":"es_ES","og_type":"article","og_title":"La factura de la luz se encarece un 12% respecto a junio","og_description":"La factura del hogar medio se ha elevado a 115,27 euros que es un 12% m\u00e1s que la factura de junio (102,65 euros).","og_url":"https:\/\/www.aquimicasa.net\/blog\/consumo\/consumidores\/la-factura-de-la-luz-se-encarece-un-12-respecto-a-junio\/","og_site_name":"Blog de aquimicasa.net","article_publisher":"https:\/\/www.facebook.com\/aquimicasa.net","article_published_time":"2022-07-30T22:02:40+00:00","og_image":[{"width":225,"height":225,"url":"https:\/\/www.aquimicasa.net\/blog\/wp-content\/uploads\/Electricidad-e1481034773458.jpg","type":"image\/jpeg"}],"author":"Eduardo Lizarraga","twitter_misc":{"Escrito por":"Eduardo Lizarraga","Tiempo de lectura":"3 minutos"},"schema":{"@context":"https:\/\/schema.org","@graph":[{"@type":"Article","@id":"https:\/\/www.aquimicasa.net\/blog\/consumo\/consumidores\/la-factura-de-la-luz-se-encarece-un-12-respecto-a-junio\/#article","isPartOf":{"@id":"https:\/\/www.aquimicasa.net\/blog\/consumo\/consumidores\/la-factura-de-la-luz-se-encarece-un-12-respecto-a-junio\/"},"author":{"name":"Eduardo Lizarraga","@id":"https:\/\/www.aquimicasa.net\/blog\/#\/schema\/person\/2cdfa2605534583395c8d7ce1d6cac14"},"headline":"La factura de la luz se encarece un 12% respecto a junio","datePublished":"2022-07-30T22:02:40+00:00","mainEntityOfPage":{"@id":"https:\/\/www.aquimicasa.net\/blog\/consumo\/consumidores\/la-factura-de-la-luz-se-encarece-un-12-respecto-a-junio\/"},"wordCount":762,"publisher":{"@id":"https:\/\/www.aquimicasa.net\/blog\/#organization"},"image":{"@id":"https:\/\/www.aquimicasa.net\/blog\/consumo\/consumidores\/la-factura-de-la-luz-se-encarece-un-12-respecto-a-junio\/#primaryimage"},"thumbnailUrl":"https:\/\/www.aquimicasa.net\/blog\/wp-content\/uploads\/Electricidad-e1481034773458.jpg","keywords":["newsletter 369"],"articleSection":["Consumidores","El\u00e9ctricas","Gas y Petr\u00f3leo"],"inLanguage":"es"},{"@type":"WebPage","@id":"https:\/\/www.aquimicasa.net\/blog\/consumo\/consumidores\/la-factura-de-la-luz-se-encarece-un-12-respecto-a-junio\/","url":"https:\/\/www.aquimicasa.net\/blog\/consumo\/consumidores\/la-factura-de-la-luz-se-encarece-un-12-respecto-a-junio\/","name":"La factura de la luz se encarece un 12% respecto a junio","isPartOf":{"@id":"https:\/\/www.aquimicasa.net\/blog\/#website"},"primaryImageOfPage":{"@id":"https:\/\/www.aquimicasa.net\/blog\/consumo\/consumidores\/la-factura-de-la-luz-se-encarece-un-12-respecto-a-junio\/#primaryimage"},"image":{"@id":"https:\/\/www.aquimicasa.net\/blog\/consumo\/consumidores\/la-factura-de-la-luz-se-encarece-un-12-respecto-a-junio\/#primaryimage"},"thumbnailUrl":"https:\/\/www.aquimicasa.net\/blog\/wp-content\/uploads\/Electricidad-e1481034773458.jpg","datePublished":"2022-07-30T22:02:40+00:00","description":"La factura del hogar medio se ha elevado a 115,27 euros que es un 12% m\u00e1s que la factura de junio (102,65 euros).","breadcrumb":{"@id":"https:\/\/www.aquimicasa.net\/blog\/consumo\/consumidores\/la-factura-de-la-luz-se-encarece-un-12-respecto-a-junio\/#breadcrumb"},"inLanguage":"es","potentialAction":[{"@type":"ReadAction","target":["https:\/\/www.aquimicasa.net\/blog\/consumo\/consumidores\/la-factura-de-la-luz-se-encarece-un-12-respecto-a-junio\/"]}]},{"@type":"ImageObject","inLanguage":"es","@id":"https:\/\/www.aquimicasa.net\/blog\/consumo\/consumidores\/la-factura-de-la-luz-se-encarece-un-12-respecto-a-junio\/#primaryimage","url":"https:\/\/www.aquimicasa.net\/blog\/wp-content\/uploads\/Electricidad-e1481034773458.jpg","contentUrl":"https:\/\/www.aquimicasa.net\/blog\/wp-content\/uploads\/Electricidad-e1481034773458.jpg","width":225,"height":225,"caption":"Las comunidades de vecinos podr\u00e1n seguir con la TUR"},{"@type":"BreadcrumbList","@id":"https:\/\/www.aquimicasa.net\/blog\/consumo\/consumidores\/la-factura-de-la-luz-se-encarece-un-12-respecto-a-junio\/#breadcrumb","itemListElement":[{"@type":"ListItem","position":1,"name":"Portada","item":"https:\/\/www.aquimicasa.net\/blog\/"},{"@type":"ListItem","position":2,"name":"La factura de la luz se encarece un 12% respecto a junio"}]},{"@type":"WebSite","@id":"https:\/\/www.aquimicasa.net\/blog\/#website","url":"https:\/\/www.aquimicasa.net\/blog\/","name":"Blog de aquimicasa.net","description":"Noticias del Mundo Inmobiliario","publisher":{"@id":"https:\/\/www.aquimicasa.net\/blog\/#organization"},"potentialAction":[{"@type":"SearchAction","target":{"@type":"EntryPoint","urlTemplate":"https:\/\/www.aquimicasa.net\/blog\/?s={search_term_string}"},"query-input":{"@type":"PropertyValueSpecification","valueRequired":true,"valueName":"search_term_string"}}],"inLanguage":"es"},{"@type":"Organization","@id":"https:\/\/www.aquimicasa.net\/blog\/#organization","name":"Blog de aquimicasa.net","url":"https:\/\/www.aquimicasa.net\/blog\/","logo":{"@type":"ImageObject","inLanguage":"es","@id":"https:\/\/www.aquimicasa.net\/blog\/#\/schema\/logo\/image\/","url":"https:\/\/www.aquimicasa.net\/blog\/wp-content\/uploads\/Logo-aquimicasa-1-e1528048213782.png","contentUrl":"https:\/\/www.aquimicasa.net\/blog\/wp-content\/uploads\/Logo-aquimicasa-1-e1528048213782.png","width":225,"height":225,"caption":"Blog de aquimicasa.net"},"image":{"@id":"https:\/\/www.aquimicasa.net\/blog\/#\/schema\/logo\/image\/"},"sameAs":["https:\/\/www.facebook.com\/aquimicasa.net","https:\/\/www.instagram.com\/","https:\/\/x.com\/EduLizarragaD","https:\/\/www.linkedin.com\/feed\/"]},{"@type":"Person","@id":"https:\/\/www.aquimicasa.net\/blog\/#\/schema\/person\/2cdfa2605534583395c8d7ce1d6cac14","name":"Eduardo Lizarraga","image":{"@type":"ImageObject","inLanguage":"es","@id":"https:\/\/secure.gravatar.com\/avatar\/bdabe1eeeed97b65a9cb7de2edd624b07995f7e13abc5fead15961f745f908cc?s=96&d=mm&r=g","url":"https:\/\/secure.gravatar.com\/avatar\/bdabe1eeeed97b65a9cb7de2edd624b07995f7e13abc5fead15961f745f908cc?s=96&d=mm&r=g","contentUrl":"https:\/\/secure.gravatar.com\/avatar\/bdabe1eeeed97b65a9cb7de2edd624b07995f7e13abc5fead15961f745f908cc?s=96&d=mm&r=g","caption":"Eduardo Lizarraga"},"description":"Periodista Econ\u00f3mico. Ha trabajado en diversos campos de la informaci\u00f3n. Corresponsal en conflictos, analista pol\u00edtico en Congreso y Senado, periodista del medio ambiente, editor, director editorial, director de comunicaci\u00f3n.... En estos momentos se ha especializado en el sector inmobiliario. Pero tambi\u00e9n es navegante y viajero, preocupado por la pobreza, el medio ambiente y por las actuaciones descontroladas del neoliberalismo empresarial y pol\u00edtico en todo el mundo. Los desahucios, la pobreza infantil y la falta de acceso a los suministros b\u00e1sicos son algunos de los grandes dramas de nuestra sociedad y que es preciso solucionar para hacerla m\u00e1s justa. CEO en www.aquimicasa.net","sameAs":["https:\/\/www.aquimicasa.net\/"],"url":"https:\/\/www.aquimicasa.net\/blog\/author\/eduardo\/"}]}},"jetpack_publicize_connections":[],"jetpack_featured_media_url":"https:\/\/www.aquimicasa.net\/blog\/wp-content\/uploads\/Electricidad-e1481034773458.jpg","jetpack_sharing_enabled":true,"jetpack_likes_enabled":true,"_links":{"self":[{"href":"https:\/\/www.aquimicasa.net\/blog\/wp-json\/wp\/v2\/posts\/41685","targetHints":{"allow":["GET"]}}],"collection":[{"href":"https:\/\/www.aquimicasa.net\/blog\/wp-json\/wp\/v2\/posts"}],"about":[{"href":"https:\/\/www.aquimicasa.net\/blog\/wp-json\/wp\/v2\/types\/post"}],"author":[{"embeddable":true,"href":"https:\/\/www.aquimicasa.net\/blog\/wp-json\/wp\/v2\/users\/3"}],"replies":[{"embeddable":true,"href":"https:\/\/www.aquimicasa.net\/blog\/wp-json\/wp\/v2\/comments?post=41685"}],"version-history":[{"count":4,"href":"https:\/\/www.aquimicasa.net\/blog\/wp-json\/wp\/v2\/posts\/41685\/revisions"}],"predecessor-version":[{"id":41689,"href":"https:\/\/www.aquimicasa.net\/blog\/wp-json\/wp\/v2\/posts\/41685\/revisions\/41689"}],"wp:featuredmedia":[{"embeddable":true,"href":"https:\/\/www.aquimicasa.net\/blog\/wp-json\/wp\/v2\/media\/13180"}],"wp:attachment":[{"href":"https:\/\/www.aquimicasa.net\/blog\/wp-json\/wp\/v2\/media?parent=41685"}],"wp:term":[{"taxonomy":"category","embeddable":true,"href":"https:\/\/www.aquimicasa.net\/blog\/wp-json\/wp\/v2\/categories?post=41685"},{"taxonomy":"post_tag","embeddable":true,"href":"https:\/\/www.aquimicasa.net\/blog\/wp-json\/wp\/v2\/tags?post=41685"}],"curies":[{"name":"wp","href":"https:\/\/api.w.org\/{rel}","templated":true}]}}