{"id":41754,"date":"2022-08-24T23:21:43","date_gmt":"2022-08-24T21:21:43","guid":{"rendered":"https:\/\/www.aquimicasa.net\/blog\/?p=41754"},"modified":"2022-08-25T07:51:22","modified_gmt":"2022-08-25T05:51:22","slug":"francia-marca-el-camino-de-eficiencia-energetica-en-el-alquiler","status":"publish","type":"post","link":"https:\/\/www.aquimicasa.net\/blog\/energia\/electricas\/francia-marca-el-camino-de-eficiencia-energetica-en-el-alquiler\/","title":{"rendered":"Francia marca el camino de eficiencia energ\u00e9tica en el alquiler"},"content":{"rendered":"<div class=\"fusion-fullwidth fullwidth-box fusion-builder-row-1 fusion-flex-container nonhundred-percent-fullwidth non-hundred-percent-height-scrolling\" style=\"background-color: rgba(255,255,255,0);background-position: center center;background-repeat: no-repeat;border-width: 0px 0px 0px 0px;border-color:#eae9e9;border-style:solid;\" ><div class=\"fusion-builder-row fusion-row fusion-flex-align-items-flex-start\" style=\"max-width:1144px;margin-left: calc(-4% \/ 2 );margin-right: calc(-4% \/ 2 );\"><div class=\"fusion-layout-column fusion_builder_column fusion-builder-column-0 fusion_builder_column_1_1 1_1 fusion-flex-column\"><div class=\"fusion-column-wrapper fusion-flex-justify-content-flex-start fusion-content-layout-column\" style=\"background-position:left top;background-repeat:no-repeat;-webkit-background-size:cover;-moz-background-size:cover;-o-background-size:cover;background-size:cover;padding: 0px 0px 0px 0px;\"><div class=\"fusion-text fusion-text-1\"><p>En ese intento com\u00fan europeo de bajar el consumo energ\u00e9tico, <strong>el Gobierno franc\u00e9s<\/strong> ha anunciado que<strong> impedir\u00e1 alquilar casas mal aisladas<\/strong> t\u00e9rmicamente a partir de 2023, como estrategia para frenar el llamado derroche t\u00e9cnico, mediante la \u00ab<em>criba energ\u00e9tica<\/em>\u00bb de las viviendas que consumen un exceso de energ\u00eda.<\/p>\n<p>Los hogares que no podr\u00e1n alquilarse a partir de enero del a\u00f1o que viene, debido a esta medida, son aquellos que consuman m\u00e1s de 450 kilovatios hora por metro cuadrado al a\u00f1o. Esto es, aquellas que tienen<strong> la etiqueta G<\/strong> del diagn\u00f3stico energ\u00e9tico.<\/p>\n<p>Seg\u00fan ha explicado el director jur\u00eddico de la Agencia Nacional para la Informaci\u00f3n sobre Vivienda de Francia (ANIL),\u00a0<strong>Louis du Merle<\/strong>, \u00ab<em>limitar el consumo energ\u00e9tico para calentar la vivienda es una medida que puede mejorar el poder adquisitivo de los franceses<\/em>\u00ab, ya que las casas que presenten un buen aislamiento ayudan a conservar la temperatura y <strong>reduce el consumo de energ\u00eda\u00a0<\/strong> y por tanto la factura a pagar a fin de mes.<\/p>\n<p>As\u00ed, el 12,9% de los hogares que se han ofertado en 2022 para alquiler a trav\u00e9s de seLoger, una conocida p\u00e1gina de anuncios inmobiliarios, son de las llamadas \u00ab<strong><em>derrochadoras t\u00e9rmicas<\/em><\/strong>\u00ab, lo que en Francia representa un 10% del total, de entre 4,9 a 7 millones en un parque de vivienda total de 29 millones.<\/p>\n<p>Para evitar este derroche t\u00e9rmico, los propietarios de viviendas con etiqueta G estar\u00e1n <strong>obligados a realizar obras para aislarlas correctamente<\/strong> o deber\u00e1n retirarlas del mercado de alquiler cuando renueven sus contratos. Los inquilinos, por su parte, pueden obligar legalmente al arrendador a hacer reformas si se trata de uno de estos hogares.<\/p>\n<p>El Gobierno franc\u00e9s ha se\u00f1alado que est\u00e1 planeando <strong>ayudas econ\u00f3micas<\/strong> para que los propietarios puedan hacer frente a las obras necesarias, para minimizar el riesgo de que sean retiradas del mercado de alquiler. Este a\u00f1o van a destinar 3.200 millones de euros de fondos p\u00fablicos para la renovaci\u00f3n de las viviendas privadas clasificadas de tipo G.<\/p>\n<\/div><\/div><style type=\"text\/css\">.fusion-body .fusion-builder-column-0{width:100% !important;margin-top : 0px;margin-bottom : 0px;}.fusion-builder-column-0 > .fusion-column-wrapper {padding-top : 0px !important;padding-right : 0px !important;margin-right : 1.92%;padding-bottom : 0px !important;padding-left : 0px !important;margin-left : 1.92%;}@media only screen and (max-width:1024px) {.fusion-body .fusion-builder-column-0{width:100% !important;}.fusion-builder-column-0 > .fusion-column-wrapper {margin-right : 1.92%;margin-left : 1.92%;}}@media only screen and (max-width:640px) {.fusion-body .fusion-builder-column-0{width:100% !important;}.fusion-builder-column-0 > .fusion-column-wrapper {margin-right : 1.92%;margin-left : 1.92%;}}<\/style><\/div><\/div><style type=\"text\/css\">.fusion-body .fusion-flex-container.fusion-builder-row-1{ padding-top : 0px;margin-top : 0px;padding-right : 0px;padding-bottom : 0px;margin-bottom : 0px;padding-left : 0px;}<\/style><\/div>\n","protected":false},"excerpt":{"rendered":"<p>El Gobierno franc\u00e9s ha se\u00f1alado que est\u00e1 planeando ayudas econ\u00f3micas para que los propietarios puedan hacer frente a las obras necesarias, para minimizar el riesgo de que sean retiradas del mercado de alquiler.<\/p>\n","protected":false},"author":3,"featured_media":33789,"comment_status":"closed","ping_status":"closed","sticky":false,"template":"","format":"standard","meta":{"_jetpack_memberships_contains_paid_content":false,"footnotes":"","jetpack_publicize_message":"","jetpack_publicize_feature_enabled":true,"jetpack_social_post_already_shared":true,"jetpack_social_options":{"image_generator_settings":{"template":"highway","default_image_id":0,"font":"","enabled":false},"version":2}},"categories":[120,639],"tags":[8048],"class_list":["post-41754","post","type-post","status-publish","format-standard","has-post-thumbnail","hentry","category-alquileres","category-electricas","tag-newsletter-371"],"yoast_head":"<!-- This site is optimized with the Yoast SEO plugin v27.5 - https:\/\/yoast.com\/product\/yoast-seo-wordpress\/ -->\n<title>Francia marca el camino de eficiencia energ\u00e9tica en el alquiler<\/title>\n<meta name=\"description\" content=\"El Gobierno franc\u00e9s ha anunciado que impedir\u00e1 alquilar casas mal aisladas t\u00e9rmicamente a partir de 2023 para frenar el derroche energ\u00e9tico\" \/>\n<meta name=\"robots\" content=\"index, follow, max-snippet:-1, max-image-preview:large, max-video-preview:-1\" \/>\n<link rel=\"canonical\" href=\"https:\/\/www.aquimicasa.net\/blog\/energia\/electricas\/francia-marca-el-camino-de-eficiencia-energetica-en-el-alquiler\/\" \/>\n<meta property=\"og:locale\" content=\"es_ES\" \/>\n<meta property=\"og:type\" content=\"article\" \/>\n<meta property=\"og:title\" content=\"Francia marca el camino de eficiencia energ\u00e9tica en el alquiler\" \/>\n<meta property=\"og:description\" content=\"El Gobierno franc\u00e9s ha anunciado que impedir\u00e1 alquilar casas mal aisladas t\u00e9rmicamente a partir de 2023 para frenar el derroche energ\u00e9tico\" \/>\n<meta property=\"og:url\" content=\"https:\/\/www.aquimicasa.net\/blog\/energia\/electricas\/francia-marca-el-camino-de-eficiencia-energetica-en-el-alquiler\/\" \/>\n<meta property=\"og:site_name\" content=\"Blog de aquimicasa.net\" \/>\n<meta property=\"article:publisher\" content=\"https:\/\/www.facebook.com\/aquimicasa.net\" \/>\n<meta property=\"article:published_time\" content=\"2022-08-24T21:21:43+00:00\" \/>\n<meta property=\"article:modified_time\" content=\"2022-08-25T05:51:22+00:00\" \/>\n<meta property=\"og:image\" content=\"https:\/\/www.aquimicasa.net\/blog\/wp-content\/uploads\/eficiencia2-e1597092936950.jpg\" \/>\n\t<meta property=\"og:image:width\" content=\"400\" \/>\n\t<meta property=\"og:image:height\" content=\"400\" \/>\n\t<meta property=\"og:image:type\" content=\"image\/jpeg\" \/>\n<meta name=\"author\" content=\"Eduardo Lizarraga\" \/>\n<meta name=\"twitter:label1\" content=\"Escrito por\" \/>\n\t<meta name=\"twitter:data1\" content=\"Eduardo Lizarraga\" \/>\n\t<meta name=\"twitter:label2\" content=\"Tiempo de lectura\" \/>\n\t<meta name=\"twitter:data2\" content=\"2 minutos\" \/>\n<script type=\"application\/ld+json\" class=\"yoast-schema-graph\">{\"@context\":\"https:\\\/\\\/schema.org\",\"@graph\":[{\"@type\":\"Article\",\"@id\":\"https:\\\/\\\/www.aquimicasa.net\\\/blog\\\/energia\\\/electricas\\\/francia-marca-el-camino-de-eficiencia-energetica-en-el-alquiler\\\/#article\",\"isPartOf\":{\"@id\":\"https:\\\/\\\/www.aquimicasa.net\\\/blog\\\/energia\\\/electricas\\\/francia-marca-el-camino-de-eficiencia-energetica-en-el-alquiler\\\/\"},\"author\":{\"name\":\"Eduardo Lizarraga\",\"@id\":\"https:\\\/\\\/www.aquimicasa.net\\\/blog\\\/#\\\/schema\\\/person\\\/2cdfa2605534583395c8d7ce1d6cac14\"},\"headline\":\"Francia marca el camino de eficiencia energ\u00e9tica en el alquiler\",\"datePublished\":\"2022-08-24T21:21:43+00:00\",\"dateModified\":\"2022-08-25T05:51:22+00:00\",\"mainEntityOfPage\":{\"@id\":\"https:\\\/\\\/www.aquimicasa.net\\\/blog\\\/energia\\\/electricas\\\/francia-marca-el-camino-de-eficiencia-energetica-en-el-alquiler\\\/\"},\"wordCount\":595,\"publisher\":{\"@id\":\"https:\\\/\\\/www.aquimicasa.net\\\/blog\\\/#organization\"},\"image\":{\"@id\":\"https:\\\/\\\/www.aquimicasa.net\\\/blog\\\/energia\\\/electricas\\\/francia-marca-el-camino-de-eficiencia-energetica-en-el-alquiler\\\/#primaryimage\"},\"thumbnailUrl\":\"https:\\\/\\\/www.aquimicasa.net\\\/blog\\\/wp-content\\\/uploads\\\/eficiencia2-e1597092936950.jpg\",\"keywords\":[\"newsletter 371\"],\"articleSection\":[\"Alquiler\",\"El\u00e9ctricas\"],\"inLanguage\":\"es\"},{\"@type\":\"WebPage\",\"@id\":\"https:\\\/\\\/www.aquimicasa.net\\\/blog\\\/energia\\\/electricas\\\/francia-marca-el-camino-de-eficiencia-energetica-en-el-alquiler\\\/\",\"url\":\"https:\\\/\\\/www.aquimicasa.net\\\/blog\\\/energia\\\/electricas\\\/francia-marca-el-camino-de-eficiencia-energetica-en-el-alquiler\\\/\",\"name\":\"Francia marca el camino de eficiencia energ\u00e9tica en el alquiler\",\"isPartOf\":{\"@id\":\"https:\\\/\\\/www.aquimicasa.net\\\/blog\\\/#website\"},\"primaryImageOfPage\":{\"@id\":\"https:\\\/\\\/www.aquimicasa.net\\\/blog\\\/energia\\\/electricas\\\/francia-marca-el-camino-de-eficiencia-energetica-en-el-alquiler\\\/#primaryimage\"},\"image\":{\"@id\":\"https:\\\/\\\/www.aquimicasa.net\\\/blog\\\/energia\\\/electricas\\\/francia-marca-el-camino-de-eficiencia-energetica-en-el-alquiler\\\/#primaryimage\"},\"thumbnailUrl\":\"https:\\\/\\\/www.aquimicasa.net\\\/blog\\\/wp-content\\\/uploads\\\/eficiencia2-e1597092936950.jpg\",\"datePublished\":\"2022-08-24T21:21:43+00:00\",\"dateModified\":\"2022-08-25T05:51:22+00:00\",\"description\":\"El Gobierno franc\u00e9s ha anunciado que impedir\u00e1 alquilar casas mal aisladas t\u00e9rmicamente a partir de 2023 para frenar el derroche energ\u00e9tico\",\"breadcrumb\":{\"@id\":\"https:\\\/\\\/www.aquimicasa.net\\\/blog\\\/energia\\\/electricas\\\/francia-marca-el-camino-de-eficiencia-energetica-en-el-alquiler\\\/#breadcrumb\"},\"inLanguage\":\"es\",\"potentialAction\":[{\"@type\":\"ReadAction\",\"target\":[\"https:\\\/\\\/www.aquimicasa.net\\\/blog\\\/energia\\\/electricas\\\/francia-marca-el-camino-de-eficiencia-energetica-en-el-alquiler\\\/\"]}]},{\"@type\":\"ImageObject\",\"inLanguage\":\"es\",\"@id\":\"https:\\\/\\\/www.aquimicasa.net\\\/blog\\\/energia\\\/electricas\\\/francia-marca-el-camino-de-eficiencia-energetica-en-el-alquiler\\\/#primaryimage\",\"url\":\"https:\\\/\\\/www.aquimicasa.net\\\/blog\\\/wp-content\\\/uploads\\\/eficiencia2-e1597092936950.jpg\",\"contentUrl\":\"https:\\\/\\\/www.aquimicasa.net\\\/blog\\\/wp-content\\\/uploads\\\/eficiencia2-e1597092936950.jpg\",\"width\":400,\"height\":400,\"caption\":\"Incrementar la eficiencia energ\u00e9tica en la vivienda\"},{\"@type\":\"BreadcrumbList\",\"@id\":\"https:\\\/\\\/www.aquimicasa.net\\\/blog\\\/energia\\\/electricas\\\/francia-marca-el-camino-de-eficiencia-energetica-en-el-alquiler\\\/#breadcrumb\",\"itemListElement\":[{\"@type\":\"ListItem\",\"position\":1,\"name\":\"Portada\",\"item\":\"https:\\\/\\\/www.aquimicasa.net\\\/blog\\\/\"},{\"@type\":\"ListItem\",\"position\":2,\"name\":\"Francia marca el camino de eficiencia energ\u00e9tica en el alquiler\"}]},{\"@type\":\"WebSite\",\"@id\":\"https:\\\/\\\/www.aquimicasa.net\\\/blog\\\/#website\",\"url\":\"https:\\\/\\\/www.aquimicasa.net\\\/blog\\\/\",\"name\":\"Blog de aquimicasa.net\",\"description\":\"Noticias del Mundo Inmobiliario\",\"publisher\":{\"@id\":\"https:\\\/\\\/www.aquimicasa.net\\\/blog\\\/#organization\"},\"potentialAction\":[{\"@type\":\"SearchAction\",\"target\":{\"@type\":\"EntryPoint\",\"urlTemplate\":\"https:\\\/\\\/www.aquimicasa.net\\\/blog\\\/?s={search_term_string}\"},\"query-input\":{\"@type\":\"PropertyValueSpecification\",\"valueRequired\":true,\"valueName\":\"search_term_string\"}}],\"inLanguage\":\"es\"},{\"@type\":\"Organization\",\"@id\":\"https:\\\/\\\/www.aquimicasa.net\\\/blog\\\/#organization\",\"name\":\"Blog de aquimicasa.net\",\"url\":\"https:\\\/\\\/www.aquimicasa.net\\\/blog\\\/\",\"logo\":{\"@type\":\"ImageObject\",\"inLanguage\":\"es\",\"@id\":\"https:\\\/\\\/www.aquimicasa.net\\\/blog\\\/#\\\/schema\\\/logo\\\/image\\\/\",\"url\":\"https:\\\/\\\/www.aquimicasa.net\\\/blog\\\/wp-content\\\/uploads\\\/Logo-aquimicasa-1-e1528048213782.png\",\"contentUrl\":\"https:\\\/\\\/www.aquimicasa.net\\\/blog\\\/wp-content\\\/uploads\\\/Logo-aquimicasa-1-e1528048213782.png\",\"width\":225,\"height\":225,\"caption\":\"Blog de aquimicasa.net\"},\"image\":{\"@id\":\"https:\\\/\\\/www.aquimicasa.net\\\/blog\\\/#\\\/schema\\\/logo\\\/image\\\/\"},\"sameAs\":[\"https:\\\/\\\/www.facebook.com\\\/aquimicasa.net\",\"https:\\\/\\\/www.instagram.com\\\/\",\"https:\\\/\\\/x.com\\\/EduLizarragaD\",\"https:\\\/\\\/www.linkedin.com\\\/feed\\\/\"]},{\"@type\":\"Person\",\"@id\":\"https:\\\/\\\/www.aquimicasa.net\\\/blog\\\/#\\\/schema\\\/person\\\/2cdfa2605534583395c8d7ce1d6cac14\",\"name\":\"Eduardo Lizarraga\",\"image\":{\"@type\":\"ImageObject\",\"inLanguage\":\"es\",\"@id\":\"https:\\\/\\\/secure.gravatar.com\\\/avatar\\\/bdabe1eeeed97b65a9cb7de2edd624b07995f7e13abc5fead15961f745f908cc?s=96&d=mm&r=g\",\"url\":\"https:\\\/\\\/secure.gravatar.com\\\/avatar\\\/bdabe1eeeed97b65a9cb7de2edd624b07995f7e13abc5fead15961f745f908cc?s=96&d=mm&r=g\",\"contentUrl\":\"https:\\\/\\\/secure.gravatar.com\\\/avatar\\\/bdabe1eeeed97b65a9cb7de2edd624b07995f7e13abc5fead15961f745f908cc?s=96&d=mm&r=g\",\"caption\":\"Eduardo Lizarraga\"},\"description\":\"Periodista Econ\u00f3mico. Ha trabajado en diversos campos de la informaci\u00f3n. Corresponsal en conflictos, analista pol\u00edtico en Congreso y Senado, periodista del medio ambiente, editor, director editorial, director de comunicaci\u00f3n.... En estos momentos se ha especializado en el sector inmobiliario. Pero tambi\u00e9n es navegante y viajero, preocupado por la pobreza, el medio ambiente y por las actuaciones descontroladas del neoliberalismo empresarial y pol\u00edtico en todo el mundo. Los desahucios, la pobreza infantil y la falta de acceso a los suministros b\u00e1sicos son algunos de los grandes dramas de nuestra sociedad y que es preciso solucionar para hacerla m\u00e1s justa. CEO en www.aquimicasa.net\",\"sameAs\":[\"https:\\\/\\\/www.aquimicasa.net\\\/\"],\"url\":\"https:\\\/\\\/www.aquimicasa.net\\\/blog\\\/author\\\/eduardo\\\/\"}]}<\/script>\n<!-- \/ Yoast SEO plugin. -->","yoast_head_json":{"title":"Francia marca el camino de eficiencia energ\u00e9tica en el alquiler","description":"El Gobierno franc\u00e9s ha anunciado que impedir\u00e1 alquilar casas mal aisladas t\u00e9rmicamente a partir de 2023 para frenar el derroche energ\u00e9tico","robots":{"index":"index","follow":"follow","max-snippet":"max-snippet:-1","max-image-preview":"max-image-preview:large","max-video-preview":"max-video-preview:-1"},"canonical":"https:\/\/www.aquimicasa.net\/blog\/energia\/electricas\/francia-marca-el-camino-de-eficiencia-energetica-en-el-alquiler\/","og_locale":"es_ES","og_type":"article","og_title":"Francia marca el camino de eficiencia energ\u00e9tica en el alquiler","og_description":"El Gobierno franc\u00e9s ha anunciado que impedir\u00e1 alquilar casas mal aisladas t\u00e9rmicamente a partir de 2023 para frenar el derroche energ\u00e9tico","og_url":"https:\/\/www.aquimicasa.net\/blog\/energia\/electricas\/francia-marca-el-camino-de-eficiencia-energetica-en-el-alquiler\/","og_site_name":"Blog de aquimicasa.net","article_publisher":"https:\/\/www.facebook.com\/aquimicasa.net","article_published_time":"2022-08-24T21:21:43+00:00","article_modified_time":"2022-08-25T05:51:22+00:00","og_image":[{"width":400,"height":400,"url":"https:\/\/www.aquimicasa.net\/blog\/wp-content\/uploads\/eficiencia2-e1597092936950.jpg","type":"image\/jpeg"}],"author":"Eduardo Lizarraga","twitter_misc":{"Escrito por":"Eduardo Lizarraga","Tiempo de lectura":"2 minutos"},"schema":{"@context":"https:\/\/schema.org","@graph":[{"@type":"Article","@id":"https:\/\/www.aquimicasa.net\/blog\/energia\/electricas\/francia-marca-el-camino-de-eficiencia-energetica-en-el-alquiler\/#article","isPartOf":{"@id":"https:\/\/www.aquimicasa.net\/blog\/energia\/electricas\/francia-marca-el-camino-de-eficiencia-energetica-en-el-alquiler\/"},"author":{"name":"Eduardo Lizarraga","@id":"https:\/\/www.aquimicasa.net\/blog\/#\/schema\/person\/2cdfa2605534583395c8d7ce1d6cac14"},"headline":"Francia marca el camino de eficiencia energ\u00e9tica en el alquiler","datePublished":"2022-08-24T21:21:43+00:00","dateModified":"2022-08-25T05:51:22+00:00","mainEntityOfPage":{"@id":"https:\/\/www.aquimicasa.net\/blog\/energia\/electricas\/francia-marca-el-camino-de-eficiencia-energetica-en-el-alquiler\/"},"wordCount":595,"publisher":{"@id":"https:\/\/www.aquimicasa.net\/blog\/#organization"},"image":{"@id":"https:\/\/www.aquimicasa.net\/blog\/energia\/electricas\/francia-marca-el-camino-de-eficiencia-energetica-en-el-alquiler\/#primaryimage"},"thumbnailUrl":"https:\/\/www.aquimicasa.net\/blog\/wp-content\/uploads\/eficiencia2-e1597092936950.jpg","keywords":["newsletter 371"],"articleSection":["Alquiler","El\u00e9ctricas"],"inLanguage":"es"},{"@type":"WebPage","@id":"https:\/\/www.aquimicasa.net\/blog\/energia\/electricas\/francia-marca-el-camino-de-eficiencia-energetica-en-el-alquiler\/","url":"https:\/\/www.aquimicasa.net\/blog\/energia\/electricas\/francia-marca-el-camino-de-eficiencia-energetica-en-el-alquiler\/","name":"Francia marca el camino de eficiencia energ\u00e9tica en el alquiler","isPartOf":{"@id":"https:\/\/www.aquimicasa.net\/blog\/#website"},"primaryImageOfPage":{"@id":"https:\/\/www.aquimicasa.net\/blog\/energia\/electricas\/francia-marca-el-camino-de-eficiencia-energetica-en-el-alquiler\/#primaryimage"},"image":{"@id":"https:\/\/www.aquimicasa.net\/blog\/energia\/electricas\/francia-marca-el-camino-de-eficiencia-energetica-en-el-alquiler\/#primaryimage"},"thumbnailUrl":"https:\/\/www.aquimicasa.net\/blog\/wp-content\/uploads\/eficiencia2-e1597092936950.jpg","datePublished":"2022-08-24T21:21:43+00:00","dateModified":"2022-08-25T05:51:22+00:00","description":"El Gobierno franc\u00e9s ha anunciado que impedir\u00e1 alquilar casas mal aisladas t\u00e9rmicamente a partir de 2023 para frenar el derroche energ\u00e9tico","breadcrumb":{"@id":"https:\/\/www.aquimicasa.net\/blog\/energia\/electricas\/francia-marca-el-camino-de-eficiencia-energetica-en-el-alquiler\/#breadcrumb"},"inLanguage":"es","potentialAction":[{"@type":"ReadAction","target":["https:\/\/www.aquimicasa.net\/blog\/energia\/electricas\/francia-marca-el-camino-de-eficiencia-energetica-en-el-alquiler\/"]}]},{"@type":"ImageObject","inLanguage":"es","@id":"https:\/\/www.aquimicasa.net\/blog\/energia\/electricas\/francia-marca-el-camino-de-eficiencia-energetica-en-el-alquiler\/#primaryimage","url":"https:\/\/www.aquimicasa.net\/blog\/wp-content\/uploads\/eficiencia2-e1597092936950.jpg","contentUrl":"https:\/\/www.aquimicasa.net\/blog\/wp-content\/uploads\/eficiencia2-e1597092936950.jpg","width":400,"height":400,"caption":"Incrementar la eficiencia energ\u00e9tica en la vivienda"},{"@type":"BreadcrumbList","@id":"https:\/\/www.aquimicasa.net\/blog\/energia\/electricas\/francia-marca-el-camino-de-eficiencia-energetica-en-el-alquiler\/#breadcrumb","itemListElement":[{"@type":"ListItem","position":1,"name":"Portada","item":"https:\/\/www.aquimicasa.net\/blog\/"},{"@type":"ListItem","position":2,"name":"Francia marca el camino de eficiencia energ\u00e9tica en el alquiler"}]},{"@type":"WebSite","@id":"https:\/\/www.aquimicasa.net\/blog\/#website","url":"https:\/\/www.aquimicasa.net\/blog\/","name":"Blog de aquimicasa.net","description":"Noticias del Mundo Inmobiliario","publisher":{"@id":"https:\/\/www.aquimicasa.net\/blog\/#organization"},"potentialAction":[{"@type":"SearchAction","target":{"@type":"EntryPoint","urlTemplate":"https:\/\/www.aquimicasa.net\/blog\/?s={search_term_string}"},"query-input":{"@type":"PropertyValueSpecification","valueRequired":true,"valueName":"search_term_string"}}],"inLanguage":"es"},{"@type":"Organization","@id":"https:\/\/www.aquimicasa.net\/blog\/#organization","name":"Blog de aquimicasa.net","url":"https:\/\/www.aquimicasa.net\/blog\/","logo":{"@type":"ImageObject","inLanguage":"es","@id":"https:\/\/www.aquimicasa.net\/blog\/#\/schema\/logo\/image\/","url":"https:\/\/www.aquimicasa.net\/blog\/wp-content\/uploads\/Logo-aquimicasa-1-e1528048213782.png","contentUrl":"https:\/\/www.aquimicasa.net\/blog\/wp-content\/uploads\/Logo-aquimicasa-1-e1528048213782.png","width":225,"height":225,"caption":"Blog de aquimicasa.net"},"image":{"@id":"https:\/\/www.aquimicasa.net\/blog\/#\/schema\/logo\/image\/"},"sameAs":["https:\/\/www.facebook.com\/aquimicasa.net","https:\/\/www.instagram.com\/","https:\/\/x.com\/EduLizarragaD","https:\/\/www.linkedin.com\/feed\/"]},{"@type":"Person","@id":"https:\/\/www.aquimicasa.net\/blog\/#\/schema\/person\/2cdfa2605534583395c8d7ce1d6cac14","name":"Eduardo Lizarraga","image":{"@type":"ImageObject","inLanguage":"es","@id":"https:\/\/secure.gravatar.com\/avatar\/bdabe1eeeed97b65a9cb7de2edd624b07995f7e13abc5fead15961f745f908cc?s=96&d=mm&r=g","url":"https:\/\/secure.gravatar.com\/avatar\/bdabe1eeeed97b65a9cb7de2edd624b07995f7e13abc5fead15961f745f908cc?s=96&d=mm&r=g","contentUrl":"https:\/\/secure.gravatar.com\/avatar\/bdabe1eeeed97b65a9cb7de2edd624b07995f7e13abc5fead15961f745f908cc?s=96&d=mm&r=g","caption":"Eduardo Lizarraga"},"description":"Periodista Econ\u00f3mico. Ha trabajado en diversos campos de la informaci\u00f3n. Corresponsal en conflictos, analista pol\u00edtico en Congreso y Senado, periodista del medio ambiente, editor, director editorial, director de comunicaci\u00f3n.... En estos momentos se ha especializado en el sector inmobiliario. Pero tambi\u00e9n es navegante y viajero, preocupado por la pobreza, el medio ambiente y por las actuaciones descontroladas del neoliberalismo empresarial y pol\u00edtico en todo el mundo. Los desahucios, la pobreza infantil y la falta de acceso a los suministros b\u00e1sicos son algunos de los grandes dramas de nuestra sociedad y que es preciso solucionar para hacerla m\u00e1s justa. CEO en www.aquimicasa.net","sameAs":["https:\/\/www.aquimicasa.net\/"],"url":"https:\/\/www.aquimicasa.net\/blog\/author\/eduardo\/"}]}},"jetpack_publicize_connections":[],"jetpack_featured_media_url":"https:\/\/www.aquimicasa.net\/blog\/wp-content\/uploads\/eficiencia2-e1597092936950.jpg","jetpack_sharing_enabled":true,"jetpack_likes_enabled":true,"_links":{"self":[{"href":"https:\/\/www.aquimicasa.net\/blog\/wp-json\/wp\/v2\/posts\/41754","targetHints":{"allow":["GET"]}}],"collection":[{"href":"https:\/\/www.aquimicasa.net\/blog\/wp-json\/wp\/v2\/posts"}],"about":[{"href":"https:\/\/www.aquimicasa.net\/blog\/wp-json\/wp\/v2\/types\/post"}],"author":[{"embeddable":true,"href":"https:\/\/www.aquimicasa.net\/blog\/wp-json\/wp\/v2\/users\/3"}],"replies":[{"embeddable":true,"href":"https:\/\/www.aquimicasa.net\/blog\/wp-json\/wp\/v2\/comments?post=41754"}],"version-history":[{"count":5,"href":"https:\/\/www.aquimicasa.net\/blog\/wp-json\/wp\/v2\/posts\/41754\/revisions"}],"predecessor-version":[{"id":41761,"href":"https:\/\/www.aquimicasa.net\/blog\/wp-json\/wp\/v2\/posts\/41754\/revisions\/41761"}],"wp:featuredmedia":[{"embeddable":true,"href":"https:\/\/www.aquimicasa.net\/blog\/wp-json\/wp\/v2\/media\/33789"}],"wp:attachment":[{"href":"https:\/\/www.aquimicasa.net\/blog\/wp-json\/wp\/v2\/media?parent=41754"}],"wp:term":[{"taxonomy":"category","embeddable":true,"href":"https:\/\/www.aquimicasa.net\/blog\/wp-json\/wp\/v2\/categories?post=41754"},{"taxonomy":"post_tag","embeddable":true,"href":"https:\/\/www.aquimicasa.net\/blog\/wp-json\/wp\/v2\/tags?post=41754"}],"curies":[{"name":"wp","href":"https:\/\/api.w.org\/{rel}","templated":true}]}}