{"id":41819,"date":"2022-09-04T00:03:08","date_gmt":"2022-09-03T22:03:08","guid":{"rendered":"https:\/\/www.aquimicasa.net\/blog\/?p=41819"},"modified":"2022-09-04T00:03:21","modified_gmt":"2022-09-03T22:03:21","slug":"el-comprador-extranjero-impulsa-la-demanda-en-la-costa","status":"publish","type":"post","link":"https:\/\/www.aquimicasa.net\/blog\/vivienda\/compraventa-de-viviendas\/el-comprador-extranjero-impulsa-la-demanda-en-la-costa\/","title":{"rendered":"El comprador extranjero impulsa la demanda en la costa"},"content":{"rendered":"<div class=\"fusion-fullwidth fullwidth-box fusion-builder-row-1 fusion-flex-container nonhundred-percent-fullwidth non-hundred-percent-height-scrolling\" style=\"background-color: rgba(255,255,255,0);background-position: center center;background-repeat: no-repeat;border-width: 0px 0px 0px 0px;border-color:#eae9e9;border-style:solid;\" ><div class=\"fusion-builder-row fusion-row fusion-flex-align-items-flex-start\" style=\"max-width:1144px;margin-left: calc(-4% \/ 2 );margin-right: calc(-4% \/ 2 );\"><div class=\"fusion-layout-column fusion_builder_column fusion-builder-column-0 fusion_builder_column_1_1 1_1 fusion-flex-column\"><div class=\"fusion-column-wrapper fusion-flex-justify-content-flex-start fusion-content-layout-column\" style=\"background-position:left top;background-repeat:no-repeat;-webkit-background-size:cover;-moz-background-size:cover;-o-background-size:cover;background-size:cover;padding: 0px 0px 0px 0px;\"><div class=\"fusion-text fusion-text-1\"><p>La <strong>demanda extranjera<\/strong> registra su nivel m\u00e1ximo de los \u00faltimos diez a\u00f1os de acuerdo a los datos publicados por los <strong>Registradores<\/strong>. En el segundo trimestre ha alcanzado el 14,7%, con lo que se acumulan cinco trimestres consecutivos de crecimiento, superando el nivel del 13%, habitual en los \u00faltimos a\u00f1os. Los brit\u00e1nicos vuelven a encabezar los resultados, con un 9,8%, seguidos por alemanes (9,1%), franceses (6,6%), marroqu\u00edes (4,9%), belgas (4,9%) y rumanos (4,9%). Los resultados de <strong>compras de extranjeros<\/strong> por comunidades aut\u00f3nomas han estado encabezados por Baleares (34,7%), Canarias (34,2%) y Comunidad Valenciana (27,7%).<\/p>\n<p>Un alto porcentaje de estos <strong>compradores internacionales<\/strong> elige las costas espa\u00f1olas como lugar de residencia permanente. Destacan las Islas, donde un tercio de las compraventas son realizadas por extranjeros y, de ellos, m\u00e1s de un tercio son residentes. Tambi\u00e9n es relevante la <strong>Costa Mediterr\u00e1nea<\/strong>, donde una quinta parte de los compradores son extranjeros y la mitad residen en el pa\u00eds.<\/p>\n<p>Ya a finales de 2021, las <strong>compraventas por parte de extranjeros<\/strong> comenzaron a recuperarse, especialmente aquellas correspondientes a las efectuadas por extranjeros residentes en Espa\u00f1a, y desde el primer trimestre de 2022 continuaron en aumento. Esta reactivaci\u00f3n de la demanda, combinada con una oferta limitada, que se ha visto afectada por las dificultades en las cadenas de suministro global, ha sido uno de los factores que ha impulsado al <strong>alza los precios<\/strong> de forma generalizada en todo el territorio espa\u00f1ol.<\/p>\n<p>Entre las zonas preferidas por la demanda extranjera destacan las <strong>islas y el arco mediterr\u00e1neo<\/strong>, debido a dos motivos principales. Por un lado, el clima y la temperatura y, por otro, su capacidad de absorci\u00f3n de la <strong>demanda vacacional<\/strong> al ser mercados consolidados desde hace varias d\u00e9cadas, con una gran amplia y variada oferta de servicios de hosteler\u00eda y restauraci\u00f3n.<\/p>\n<p>En comparaci\u00f3n con 2019, el <strong>mercado en la costa mediterr\u00e1nea<\/strong> mostr\u00f3 en 2021 dinamismo en compraventas, moderado incremento de precios y una disminuci\u00f3n en el n\u00famero de nuevos visados. Seg\u00fan datos del MITMA, en 2021 las compraventas en municipios del litoral mediterr\u00e1neo supusieron la cuarta parte del mercado nacional de vivienda (25%) y casi una quinta parte (18%) de la obra nueva. Las islas, aunque registren cifras contenidas de <strong>incremento de precios y compraventas<\/strong> en comparaci\u00f3n con 2019, se encuentran en niveles superiores, ya que registraron ca\u00eddas muy limitadas durante la crisis sanitaria y su actividad e incremento de precios no ha cesado desde entonces.<\/p>\n<p>Profundizando un poco m\u00e1s en los datos, cabe mencionar que en <strong>Alicante<\/strong> la demanda es, seg\u00fan los t\u00e9cnicos de Tinsa en la zona, eminentemente internacional, proveniente de Reino Unido, B\u00e9lgica, Suecia, Francia, Alemania, Noruega, Pa\u00edses Bajos, Rusia y, m\u00e1s recientemente, de Ucrania. Tambi\u00e9n en <strong>Costa del Sol<\/strong> la demanda internacional supera a la nacional y ha aumentado ostensiblemente en todas las zonas, salvo en Fuengirola y en los alrededores de la capital. En esta zona, las operaciones ejecutadas por extranjeros suponen m\u00e1s del 7% de las operaciones de vivienda vacacional y entre las procedencias destacan Reino Unido, Francia, B\u00e9lgica, Suecia, Noruega y Holanda.<\/p>\n<p>Por su parte, en las <strong>islas canarias<\/strong> el comprador extranjero, procedente mayoritariamente del centro y norte de Europa, tiene un mayor protagonismo en la isla de Tenerife, seguida de Fuerteventura, elegida por italianos, suecos, belgas y Reino Unido. Finalmente, en Baleares, los compradores m\u00e1s activos son originarios de Alemania, Inglaterra y otros pa\u00edses del norte y centro de Europa.<\/p>\n<\/div><\/div><style type=\"text\/css\">.fusion-body .fusion-builder-column-0{width:100% !important;margin-top : 0px;margin-bottom : 0px;}.fusion-builder-column-0 > .fusion-column-wrapper {padding-top : 0px !important;padding-right : 0px !important;margin-right : 1.92%;padding-bottom : 0px !important;padding-left : 0px !important;margin-left : 1.92%;}@media only screen and (max-width:1024px) {.fusion-body .fusion-builder-column-0{width:100% !important;}.fusion-builder-column-0 > .fusion-column-wrapper {margin-right : 1.92%;margin-left : 1.92%;}}@media only screen and (max-width:640px) {.fusion-body .fusion-builder-column-0{width:100% !important;}.fusion-builder-column-0 > .fusion-column-wrapper {margin-right : 1.92%;margin-left : 1.92%;}}<\/style><\/div><\/div><style type=\"text\/css\">.fusion-body .fusion-flex-container.fusion-builder-row-1{ padding-top : 0px;margin-top : 0px;padding-right : 0px;padding-bottom : 0px;margin-bottom : 0px;padding-left : 0px;}<\/style><\/div>\n","protected":false},"excerpt":{"rendered":"<p>La demanda extranjera registra su nivel m\u00e1ximo de los \u00faltimos diez a\u00f1os de acuerdo a los datos publicados por los Registradores. En el segundo trimestre ha alcanzado el 14,7%, con lo que se acumulan cinco trimestres consecutivos de crecimiento, superando el nivel del 13%, habitual en los \u00faltimos a\u00f1os.<\/p>\n","protected":false},"author":3,"featured_media":22644,"comment_status":"closed","ping_status":"closed","sticky":false,"template":"","format":"standard","meta":{"_jetpack_memberships_contains_paid_content":false,"footnotes":"","jetpack_publicize_message":"","jetpack_publicize_feature_enabled":true,"jetpack_social_post_already_shared":true,"jetpack_social_options":{"image_generator_settings":{"template":"highway","default_image_id":0,"font":"","enabled":false},"version":2}},"categories":[100,7565],"tags":[8050],"class_list":["post-41819","post","type-post","status-publish","format-standard","has-post-thumbnail","hentry","category-compraventa-de-viviendas","category-noticias-mercado-inmobiliario","tag-newsletter-373"],"yoast_head":"<!-- This site is optimized with the Yoast SEO plugin v27.4 - https:\/\/yoast.com\/product\/yoast-seo-wordpress\/ -->\n<title>El comprador extranjero impulsa la demanda en la costa<\/title>\n<meta name=\"description\" content=\"Las compraventas en municipios del litoral mediterr\u00e1neo supusieron la cuarta parte del mercado nacional de vivienda\" \/>\n<meta name=\"robots\" content=\"index, follow, max-snippet:-1, max-image-preview:large, max-video-preview:-1\" \/>\n<link rel=\"canonical\" href=\"https:\/\/www.aquimicasa.net\/blog\/vivienda\/compraventa-de-viviendas\/el-comprador-extranjero-impulsa-la-demanda-en-la-costa\/\" \/>\n<meta property=\"og:locale\" content=\"es_ES\" \/>\n<meta property=\"og:type\" content=\"article\" \/>\n<meta property=\"og:title\" content=\"El comprador extranjero impulsa la demanda en la costa\" \/>\n<meta property=\"og:description\" content=\"Las compraventas en municipios del litoral mediterr\u00e1neo supusieron la cuarta parte del mercado nacional de vivienda\" \/>\n<meta property=\"og:url\" content=\"https:\/\/www.aquimicasa.net\/blog\/vivienda\/compraventa-de-viviendas\/el-comprador-extranjero-impulsa-la-demanda-en-la-costa\/\" \/>\n<meta property=\"og:site_name\" content=\"Blog de aquimicasa.net\" \/>\n<meta property=\"article:publisher\" content=\"https:\/\/www.facebook.com\/aquimicasa.net\" \/>\n<meta property=\"article:published_time\" content=\"2022-09-03T22:03:08+00:00\" \/>\n<meta property=\"article:modified_time\" content=\"2022-09-03T22:03:21+00:00\" \/>\n<meta property=\"og:image\" content=\"https:\/\/www.aquimicasa.net\/blog\/wp-content\/uploads\/Banderas-de-Europa1-e1542834525441.jpg\" \/>\n\t<meta property=\"og:image:width\" content=\"300\" \/>\n\t<meta property=\"og:image:height\" content=\"228\" \/>\n\t<meta property=\"og:image:type\" content=\"image\/jpeg\" \/>\n<meta name=\"author\" content=\"Eduardo Lizarraga\" \/>\n<meta name=\"twitter:label1\" content=\"Escrito por\" \/>\n\t<meta name=\"twitter:data1\" content=\"Eduardo Lizarraga\" \/>\n\t<meta name=\"twitter:label2\" content=\"Tiempo de lectura\" \/>\n\t<meta name=\"twitter:data2\" content=\"3 minutos\" \/>\n<script type=\"application\/ld+json\" class=\"yoast-schema-graph\">{\"@context\":\"https:\\\/\\\/schema.org\",\"@graph\":[{\"@type\":\"Article\",\"@id\":\"https:\\\/\\\/www.aquimicasa.net\\\/blog\\\/vivienda\\\/compraventa-de-viviendas\\\/el-comprador-extranjero-impulsa-la-demanda-en-la-costa\\\/#article\",\"isPartOf\":{\"@id\":\"https:\\\/\\\/www.aquimicasa.net\\\/blog\\\/vivienda\\\/compraventa-de-viviendas\\\/el-comprador-extranjero-impulsa-la-demanda-en-la-costa\\\/\"},\"author\":{\"name\":\"Eduardo Lizarraga\",\"@id\":\"https:\\\/\\\/www.aquimicasa.net\\\/blog\\\/#\\\/schema\\\/person\\\/2cdfa2605534583395c8d7ce1d6cac14\"},\"headline\":\"El comprador extranjero impulsa la demanda en la costa\",\"datePublished\":\"2022-09-03T22:03:08+00:00\",\"dateModified\":\"2022-09-03T22:03:21+00:00\",\"mainEntityOfPage\":{\"@id\":\"https:\\\/\\\/www.aquimicasa.net\\\/blog\\\/vivienda\\\/compraventa-de-viviendas\\\/el-comprador-extranjero-impulsa-la-demanda-en-la-costa\\\/\"},\"wordCount\":826,\"publisher\":{\"@id\":\"https:\\\/\\\/www.aquimicasa.net\\\/blog\\\/#organization\"},\"image\":{\"@id\":\"https:\\\/\\\/www.aquimicasa.net\\\/blog\\\/vivienda\\\/compraventa-de-viviendas\\\/el-comprador-extranjero-impulsa-la-demanda-en-la-costa\\\/#primaryimage\"},\"thumbnailUrl\":\"https:\\\/\\\/www.aquimicasa.net\\\/blog\\\/wp-content\\\/uploads\\\/Banderas-de-Europa1-e1542834525441.jpg\",\"keywords\":[\"newsletter 373\"],\"articleSection\":[\"Compra Venta\",\"Noticias Mercado Inmobiliario\"],\"inLanguage\":\"es\"},{\"@type\":\"WebPage\",\"@id\":\"https:\\\/\\\/www.aquimicasa.net\\\/blog\\\/vivienda\\\/compraventa-de-viviendas\\\/el-comprador-extranjero-impulsa-la-demanda-en-la-costa\\\/\",\"url\":\"https:\\\/\\\/www.aquimicasa.net\\\/blog\\\/vivienda\\\/compraventa-de-viviendas\\\/el-comprador-extranjero-impulsa-la-demanda-en-la-costa\\\/\",\"name\":\"El comprador extranjero impulsa la demanda en la costa\",\"isPartOf\":{\"@id\":\"https:\\\/\\\/www.aquimicasa.net\\\/blog\\\/#website\"},\"primaryImageOfPage\":{\"@id\":\"https:\\\/\\\/www.aquimicasa.net\\\/blog\\\/vivienda\\\/compraventa-de-viviendas\\\/el-comprador-extranjero-impulsa-la-demanda-en-la-costa\\\/#primaryimage\"},\"image\":{\"@id\":\"https:\\\/\\\/www.aquimicasa.net\\\/blog\\\/vivienda\\\/compraventa-de-viviendas\\\/el-comprador-extranjero-impulsa-la-demanda-en-la-costa\\\/#primaryimage\"},\"thumbnailUrl\":\"https:\\\/\\\/www.aquimicasa.net\\\/blog\\\/wp-content\\\/uploads\\\/Banderas-de-Europa1-e1542834525441.jpg\",\"datePublished\":\"2022-09-03T22:03:08+00:00\",\"dateModified\":\"2022-09-03T22:03:21+00:00\",\"description\":\"Las compraventas en municipios del litoral mediterr\u00e1neo supusieron la cuarta parte del mercado nacional de vivienda\",\"breadcrumb\":{\"@id\":\"https:\\\/\\\/www.aquimicasa.net\\\/blog\\\/vivienda\\\/compraventa-de-viviendas\\\/el-comprador-extranjero-impulsa-la-demanda-en-la-costa\\\/#breadcrumb\"},\"inLanguage\":\"es\",\"potentialAction\":[{\"@type\":\"ReadAction\",\"target\":[\"https:\\\/\\\/www.aquimicasa.net\\\/blog\\\/vivienda\\\/compraventa-de-viviendas\\\/el-comprador-extranjero-impulsa-la-demanda-en-la-costa\\\/\"]}]},{\"@type\":\"ImageObject\",\"inLanguage\":\"es\",\"@id\":\"https:\\\/\\\/www.aquimicasa.net\\\/blog\\\/vivienda\\\/compraventa-de-viviendas\\\/el-comprador-extranjero-impulsa-la-demanda-en-la-costa\\\/#primaryimage\",\"url\":\"https:\\\/\\\/www.aquimicasa.net\\\/blog\\\/wp-content\\\/uploads\\\/Banderas-de-Europa1-e1542834525441.jpg\",\"contentUrl\":\"https:\\\/\\\/www.aquimicasa.net\\\/blog\\\/wp-content\\\/uploads\\\/Banderas-de-Europa1-e1542834525441.jpg\",\"width\":300,\"height\":228,\"caption\":\"Los turistas procedentes del Reino Unido siguen en cabeza\"},{\"@type\":\"BreadcrumbList\",\"@id\":\"https:\\\/\\\/www.aquimicasa.net\\\/blog\\\/vivienda\\\/compraventa-de-viviendas\\\/el-comprador-extranjero-impulsa-la-demanda-en-la-costa\\\/#breadcrumb\",\"itemListElement\":[{\"@type\":\"ListItem\",\"position\":1,\"name\":\"Portada\",\"item\":\"https:\\\/\\\/www.aquimicasa.net\\\/blog\\\/\"},{\"@type\":\"ListItem\",\"position\":2,\"name\":\"El comprador extranjero impulsa la demanda en la costa\"}]},{\"@type\":\"WebSite\",\"@id\":\"https:\\\/\\\/www.aquimicasa.net\\\/blog\\\/#website\",\"url\":\"https:\\\/\\\/www.aquimicasa.net\\\/blog\\\/\",\"name\":\"Blog de aquimicasa.net\",\"description\":\"Noticias del Mundo Inmobiliario\",\"publisher\":{\"@id\":\"https:\\\/\\\/www.aquimicasa.net\\\/blog\\\/#organization\"},\"potentialAction\":[{\"@type\":\"SearchAction\",\"target\":{\"@type\":\"EntryPoint\",\"urlTemplate\":\"https:\\\/\\\/www.aquimicasa.net\\\/blog\\\/?s={search_term_string}\"},\"query-input\":{\"@type\":\"PropertyValueSpecification\",\"valueRequired\":true,\"valueName\":\"search_term_string\"}}],\"inLanguage\":\"es\"},{\"@type\":\"Organization\",\"@id\":\"https:\\\/\\\/www.aquimicasa.net\\\/blog\\\/#organization\",\"name\":\"Blog de aquimicasa.net\",\"url\":\"https:\\\/\\\/www.aquimicasa.net\\\/blog\\\/\",\"logo\":{\"@type\":\"ImageObject\",\"inLanguage\":\"es\",\"@id\":\"https:\\\/\\\/www.aquimicasa.net\\\/blog\\\/#\\\/schema\\\/logo\\\/image\\\/\",\"url\":\"https:\\\/\\\/www.aquimicasa.net\\\/blog\\\/wp-content\\\/uploads\\\/Logo-aquimicasa-1-e1528048213782.png\",\"contentUrl\":\"https:\\\/\\\/www.aquimicasa.net\\\/blog\\\/wp-content\\\/uploads\\\/Logo-aquimicasa-1-e1528048213782.png\",\"width\":225,\"height\":225,\"caption\":\"Blog de aquimicasa.net\"},\"image\":{\"@id\":\"https:\\\/\\\/www.aquimicasa.net\\\/blog\\\/#\\\/schema\\\/logo\\\/image\\\/\"},\"sameAs\":[\"https:\\\/\\\/www.facebook.com\\\/aquimicasa.net\",\"https:\\\/\\\/www.instagram.com\\\/\",\"https:\\\/\\\/x.com\\\/EduLizarragaD\",\"https:\\\/\\\/www.linkedin.com\\\/feed\\\/\"]},{\"@type\":\"Person\",\"@id\":\"https:\\\/\\\/www.aquimicasa.net\\\/blog\\\/#\\\/schema\\\/person\\\/2cdfa2605534583395c8d7ce1d6cac14\",\"name\":\"Eduardo Lizarraga\",\"image\":{\"@type\":\"ImageObject\",\"inLanguage\":\"es\",\"@id\":\"https:\\\/\\\/secure.gravatar.com\\\/avatar\\\/bdabe1eeeed97b65a9cb7de2edd624b07995f7e13abc5fead15961f745f908cc?s=96&d=mm&r=g\",\"url\":\"https:\\\/\\\/secure.gravatar.com\\\/avatar\\\/bdabe1eeeed97b65a9cb7de2edd624b07995f7e13abc5fead15961f745f908cc?s=96&d=mm&r=g\",\"contentUrl\":\"https:\\\/\\\/secure.gravatar.com\\\/avatar\\\/bdabe1eeeed97b65a9cb7de2edd624b07995f7e13abc5fead15961f745f908cc?s=96&d=mm&r=g\",\"caption\":\"Eduardo Lizarraga\"},\"description\":\"Periodista Econ\u00f3mico. Ha trabajado en diversos campos de la informaci\u00f3n. Corresponsal en conflictos, analista pol\u00edtico en Congreso y Senado, periodista del medio ambiente, editor, director editorial, director de comunicaci\u00f3n.... En estos momentos se ha especializado en el sector inmobiliario. Pero tambi\u00e9n es navegante y viajero, preocupado por la pobreza, el medio ambiente y por las actuaciones descontroladas del neoliberalismo empresarial y pol\u00edtico en todo el mundo. Los desahucios, la pobreza infantil y la falta de acceso a los suministros b\u00e1sicos son algunos de los grandes dramas de nuestra sociedad y que es preciso solucionar para hacerla m\u00e1s justa. CEO en www.aquimicasa.net\",\"sameAs\":[\"https:\\\/\\\/www.aquimicasa.net\\\/\"],\"url\":\"https:\\\/\\\/www.aquimicasa.net\\\/blog\\\/author\\\/eduardo\\\/\"}]}<\/script>\n<!-- \/ Yoast SEO plugin. -->","yoast_head_json":{"title":"El comprador extranjero impulsa la demanda en la costa","description":"Las compraventas en municipios del litoral mediterr\u00e1neo supusieron la cuarta parte del mercado nacional de vivienda","robots":{"index":"index","follow":"follow","max-snippet":"max-snippet:-1","max-image-preview":"max-image-preview:large","max-video-preview":"max-video-preview:-1"},"canonical":"https:\/\/www.aquimicasa.net\/blog\/vivienda\/compraventa-de-viviendas\/el-comprador-extranjero-impulsa-la-demanda-en-la-costa\/","og_locale":"es_ES","og_type":"article","og_title":"El comprador extranjero impulsa la demanda en la costa","og_description":"Las compraventas en municipios del litoral mediterr\u00e1neo supusieron la cuarta parte del mercado nacional de vivienda","og_url":"https:\/\/www.aquimicasa.net\/blog\/vivienda\/compraventa-de-viviendas\/el-comprador-extranjero-impulsa-la-demanda-en-la-costa\/","og_site_name":"Blog de aquimicasa.net","article_publisher":"https:\/\/www.facebook.com\/aquimicasa.net","article_published_time":"2022-09-03T22:03:08+00:00","article_modified_time":"2022-09-03T22:03:21+00:00","og_image":[{"width":300,"height":228,"url":"https:\/\/www.aquimicasa.net\/blog\/wp-content\/uploads\/Banderas-de-Europa1-e1542834525441.jpg","type":"image\/jpeg"}],"author":"Eduardo Lizarraga","twitter_misc":{"Escrito por":"Eduardo Lizarraga","Tiempo de lectura":"3 minutos"},"schema":{"@context":"https:\/\/schema.org","@graph":[{"@type":"Article","@id":"https:\/\/www.aquimicasa.net\/blog\/vivienda\/compraventa-de-viviendas\/el-comprador-extranjero-impulsa-la-demanda-en-la-costa\/#article","isPartOf":{"@id":"https:\/\/www.aquimicasa.net\/blog\/vivienda\/compraventa-de-viviendas\/el-comprador-extranjero-impulsa-la-demanda-en-la-costa\/"},"author":{"name":"Eduardo Lizarraga","@id":"https:\/\/www.aquimicasa.net\/blog\/#\/schema\/person\/2cdfa2605534583395c8d7ce1d6cac14"},"headline":"El comprador extranjero impulsa la demanda en la costa","datePublished":"2022-09-03T22:03:08+00:00","dateModified":"2022-09-03T22:03:21+00:00","mainEntityOfPage":{"@id":"https:\/\/www.aquimicasa.net\/blog\/vivienda\/compraventa-de-viviendas\/el-comprador-extranjero-impulsa-la-demanda-en-la-costa\/"},"wordCount":826,"publisher":{"@id":"https:\/\/www.aquimicasa.net\/blog\/#organization"},"image":{"@id":"https:\/\/www.aquimicasa.net\/blog\/vivienda\/compraventa-de-viviendas\/el-comprador-extranjero-impulsa-la-demanda-en-la-costa\/#primaryimage"},"thumbnailUrl":"https:\/\/www.aquimicasa.net\/blog\/wp-content\/uploads\/Banderas-de-Europa1-e1542834525441.jpg","keywords":["newsletter 373"],"articleSection":["Compra Venta","Noticias Mercado Inmobiliario"],"inLanguage":"es"},{"@type":"WebPage","@id":"https:\/\/www.aquimicasa.net\/blog\/vivienda\/compraventa-de-viviendas\/el-comprador-extranjero-impulsa-la-demanda-en-la-costa\/","url":"https:\/\/www.aquimicasa.net\/blog\/vivienda\/compraventa-de-viviendas\/el-comprador-extranjero-impulsa-la-demanda-en-la-costa\/","name":"El comprador extranjero impulsa la demanda en la costa","isPartOf":{"@id":"https:\/\/www.aquimicasa.net\/blog\/#website"},"primaryImageOfPage":{"@id":"https:\/\/www.aquimicasa.net\/blog\/vivienda\/compraventa-de-viviendas\/el-comprador-extranjero-impulsa-la-demanda-en-la-costa\/#primaryimage"},"image":{"@id":"https:\/\/www.aquimicasa.net\/blog\/vivienda\/compraventa-de-viviendas\/el-comprador-extranjero-impulsa-la-demanda-en-la-costa\/#primaryimage"},"thumbnailUrl":"https:\/\/www.aquimicasa.net\/blog\/wp-content\/uploads\/Banderas-de-Europa1-e1542834525441.jpg","datePublished":"2022-09-03T22:03:08+00:00","dateModified":"2022-09-03T22:03:21+00:00","description":"Las compraventas en municipios del litoral mediterr\u00e1neo supusieron la cuarta parte del mercado nacional de vivienda","breadcrumb":{"@id":"https:\/\/www.aquimicasa.net\/blog\/vivienda\/compraventa-de-viviendas\/el-comprador-extranjero-impulsa-la-demanda-en-la-costa\/#breadcrumb"},"inLanguage":"es","potentialAction":[{"@type":"ReadAction","target":["https:\/\/www.aquimicasa.net\/blog\/vivienda\/compraventa-de-viviendas\/el-comprador-extranjero-impulsa-la-demanda-en-la-costa\/"]}]},{"@type":"ImageObject","inLanguage":"es","@id":"https:\/\/www.aquimicasa.net\/blog\/vivienda\/compraventa-de-viviendas\/el-comprador-extranjero-impulsa-la-demanda-en-la-costa\/#primaryimage","url":"https:\/\/www.aquimicasa.net\/blog\/wp-content\/uploads\/Banderas-de-Europa1-e1542834525441.jpg","contentUrl":"https:\/\/www.aquimicasa.net\/blog\/wp-content\/uploads\/Banderas-de-Europa1-e1542834525441.jpg","width":300,"height":228,"caption":"Los turistas procedentes del Reino Unido siguen en cabeza"},{"@type":"BreadcrumbList","@id":"https:\/\/www.aquimicasa.net\/blog\/vivienda\/compraventa-de-viviendas\/el-comprador-extranjero-impulsa-la-demanda-en-la-costa\/#breadcrumb","itemListElement":[{"@type":"ListItem","position":1,"name":"Portada","item":"https:\/\/www.aquimicasa.net\/blog\/"},{"@type":"ListItem","position":2,"name":"El comprador extranjero impulsa la demanda en la costa"}]},{"@type":"WebSite","@id":"https:\/\/www.aquimicasa.net\/blog\/#website","url":"https:\/\/www.aquimicasa.net\/blog\/","name":"Blog de aquimicasa.net","description":"Noticias del Mundo Inmobiliario","publisher":{"@id":"https:\/\/www.aquimicasa.net\/blog\/#organization"},"potentialAction":[{"@type":"SearchAction","target":{"@type":"EntryPoint","urlTemplate":"https:\/\/www.aquimicasa.net\/blog\/?s={search_term_string}"},"query-input":{"@type":"PropertyValueSpecification","valueRequired":true,"valueName":"search_term_string"}}],"inLanguage":"es"},{"@type":"Organization","@id":"https:\/\/www.aquimicasa.net\/blog\/#organization","name":"Blog de aquimicasa.net","url":"https:\/\/www.aquimicasa.net\/blog\/","logo":{"@type":"ImageObject","inLanguage":"es","@id":"https:\/\/www.aquimicasa.net\/blog\/#\/schema\/logo\/image\/","url":"https:\/\/www.aquimicasa.net\/blog\/wp-content\/uploads\/Logo-aquimicasa-1-e1528048213782.png","contentUrl":"https:\/\/www.aquimicasa.net\/blog\/wp-content\/uploads\/Logo-aquimicasa-1-e1528048213782.png","width":225,"height":225,"caption":"Blog de aquimicasa.net"},"image":{"@id":"https:\/\/www.aquimicasa.net\/blog\/#\/schema\/logo\/image\/"},"sameAs":["https:\/\/www.facebook.com\/aquimicasa.net","https:\/\/www.instagram.com\/","https:\/\/x.com\/EduLizarragaD","https:\/\/www.linkedin.com\/feed\/"]},{"@type":"Person","@id":"https:\/\/www.aquimicasa.net\/blog\/#\/schema\/person\/2cdfa2605534583395c8d7ce1d6cac14","name":"Eduardo Lizarraga","image":{"@type":"ImageObject","inLanguage":"es","@id":"https:\/\/secure.gravatar.com\/avatar\/bdabe1eeeed97b65a9cb7de2edd624b07995f7e13abc5fead15961f745f908cc?s=96&d=mm&r=g","url":"https:\/\/secure.gravatar.com\/avatar\/bdabe1eeeed97b65a9cb7de2edd624b07995f7e13abc5fead15961f745f908cc?s=96&d=mm&r=g","contentUrl":"https:\/\/secure.gravatar.com\/avatar\/bdabe1eeeed97b65a9cb7de2edd624b07995f7e13abc5fead15961f745f908cc?s=96&d=mm&r=g","caption":"Eduardo Lizarraga"},"description":"Periodista Econ\u00f3mico. Ha trabajado en diversos campos de la informaci\u00f3n. Corresponsal en conflictos, analista pol\u00edtico en Congreso y Senado, periodista del medio ambiente, editor, director editorial, director de comunicaci\u00f3n.... En estos momentos se ha especializado en el sector inmobiliario. Pero tambi\u00e9n es navegante y viajero, preocupado por la pobreza, el medio ambiente y por las actuaciones descontroladas del neoliberalismo empresarial y pol\u00edtico en todo el mundo. Los desahucios, la pobreza infantil y la falta de acceso a los suministros b\u00e1sicos son algunos de los grandes dramas de nuestra sociedad y que es preciso solucionar para hacerla m\u00e1s justa. CEO en www.aquimicasa.net","sameAs":["https:\/\/www.aquimicasa.net\/"],"url":"https:\/\/www.aquimicasa.net\/blog\/author\/eduardo\/"}]}},"jetpack_publicize_connections":[],"jetpack_featured_media_url":"https:\/\/www.aquimicasa.net\/blog\/wp-content\/uploads\/Banderas-de-Europa1-e1542834525441.jpg","jetpack_sharing_enabled":true,"jetpack_likes_enabled":true,"_links":{"self":[{"href":"https:\/\/www.aquimicasa.net\/blog\/wp-json\/wp\/v2\/posts\/41819","targetHints":{"allow":["GET"]}}],"collection":[{"href":"https:\/\/www.aquimicasa.net\/blog\/wp-json\/wp\/v2\/posts"}],"about":[{"href":"https:\/\/www.aquimicasa.net\/blog\/wp-json\/wp\/v2\/types\/post"}],"author":[{"embeddable":true,"href":"https:\/\/www.aquimicasa.net\/blog\/wp-json\/wp\/v2\/users\/3"}],"replies":[{"embeddable":true,"href":"https:\/\/www.aquimicasa.net\/blog\/wp-json\/wp\/v2\/comments?post=41819"}],"version-history":[{"count":3,"href":"https:\/\/www.aquimicasa.net\/blog\/wp-json\/wp\/v2\/posts\/41819\/revisions"}],"predecessor-version":[{"id":41822,"href":"https:\/\/www.aquimicasa.net\/blog\/wp-json\/wp\/v2\/posts\/41819\/revisions\/41822"}],"wp:featuredmedia":[{"embeddable":true,"href":"https:\/\/www.aquimicasa.net\/blog\/wp-json\/wp\/v2\/media\/22644"}],"wp:attachment":[{"href":"https:\/\/www.aquimicasa.net\/blog\/wp-json\/wp\/v2\/media?parent=41819"}],"wp:term":[{"taxonomy":"category","embeddable":true,"href":"https:\/\/www.aquimicasa.net\/blog\/wp-json\/wp\/v2\/categories?post=41819"},{"taxonomy":"post_tag","embeddable":true,"href":"https:\/\/www.aquimicasa.net\/blog\/wp-json\/wp\/v2\/tags?post=41819"}],"curies":[{"name":"wp","href":"https:\/\/api.w.org\/{rel}","templated":true}]}}