{"id":41894,"date":"2022-09-13T23:02:05","date_gmt":"2022-09-13T21:02:05","guid":{"rendered":"https:\/\/www.aquimicasa.net\/blog\/?p=41894"},"modified":"2022-09-13T23:02:05","modified_gmt":"2022-09-13T21:02:05","slug":"unidas-podemos-solicitara-un-tope-para-las-hipotecas-variables","status":"publish","type":"post","link":"https:\/\/www.aquimicasa.net\/blog\/consumo\/consumidores\/unidas-podemos-solicitara-un-tope-para-las-hipotecas-variables\/","title":{"rendered":"Unidas Podemos solicitar\u00e1 un tope para las hipotecas variables"},"content":{"rendered":"<div class=\"fusion-fullwidth fullwidth-box fusion-builder-row-1 fusion-flex-container nonhundred-percent-fullwidth non-hundred-percent-height-scrolling\" style=\"background-color: rgba(255,255,255,0);background-position: center center;background-repeat: no-repeat;border-width: 0px 0px 0px 0px;border-color:#eae9e9;border-style:solid;\" ><div class=\"fusion-builder-row fusion-row fusion-flex-align-items-flex-start\" style=\"max-width:1144px;margin-left: calc(-4% \/ 2 );margin-right: calc(-4% \/ 2 );\"><div class=\"fusion-layout-column fusion_builder_column fusion-builder-column-0 fusion_builder_column_1_1 1_1 fusion-flex-column\"><div class=\"fusion-column-wrapper fusion-flex-justify-content-flex-start fusion-content-layout-column\" style=\"background-position:left top;background-repeat:no-repeat;-webkit-background-size:cover;-moz-background-size:cover;-o-background-size:cover;background-size:cover;padding: 0px 0px 0px 0px;\"><div class=\"fusion-text fusion-text-1\"><p class=\"Standard\"><span class=\"Fuentedeprrafopredeter1\">La <strong>subida de tipos<\/strong> hasta el 1,25% anunciada por el <strong>Banco Central Europeo<\/strong> viene a confirmar la tendencia ascendente del Euribor y, como consecuencia de ello, el creciente encarecimiento de las hipotecas a tipo variable. <strong>Alcanzar el 2% estas Navidades<\/strong> es una realidad cada vez m\u00e1s cercana y para la que los consumidores deben estar preparados.<\/span><\/p>\n<p class=\"Standard\"><span class=\"Fuentedeprrafopredeter1\">La <strong>Organizaci\u00f3n de Consumidores y Usuarios (OCU)<\/strong> estima que si el Euribor cierra en 1,9% en septiembre supondr\u00eda una subida de 2,392 puntos frente al mismo \u00edndice de septiembre de 2021, cuando estaba en negativo (-0,492%). Este aumento supondr\u00eda un aumento de 84 euros al mes en el importe de una hipoteca de 100.000 euros; o lo que es lo mismo, pagar alrededor de 1.000 euros m\u00e1s al a\u00f1o. El 2% a final de a\u00f1o implicar\u00eda que esta cuota de la hipoteca media experimentar\u00eda un aumento algo superior a 120 euros al mes, es decir 1450 euros al a\u00f1o.<\/span><\/p>\n<p>En cualquier caso, OCU entiende que en una operaci\u00f3n a tan largo plazo como una hipoteca, con vencimientos a 20 a\u00f1os o m\u00e1s, es mejor ser prudente y no precipitarse. No deben tomarse decisiones a corto plazo en funci\u00f3n de una situaci\u00f3n extraordinaria y probablemente temporal como es la invasi\u00f3n de Ucrania y el <strong>descontrol de la inflaci\u00f3n<\/strong> que est\u00e1 provocando.<\/p>\n<p class=\"Standard\"><span class=\"Fuentedeprrafopredeter1\">\u00a0<\/span><span class=\"Fuentedeprrafopredeter1\">El probable encarecimiento de las hipotecas supondr\u00e1 un nuevo golpe para las econom\u00edas dom\u00e9sticas, ya lastradas por una inflaci\u00f3n interanual al 10,4% y la consiguiente p\u00e9rdida de poder adquisitivo. Por ello desde Unidas Podemos han dejado caer que van a solicitar un <strong>tope m\u00e1ximo para las hipotecas variables<\/strong> que podr\u00eda ser de eur\u00edbor m\u00e1s 0,1%.<\/span><\/p>\n<p>La intenci\u00f3n, que ha sido puesta en los medios el pasado d\u00eda 13 de septiembre, a\u00fan no es m\u00e1s que eso y deber\u00e1 verse si cristaliza en una petici\u00f3n formal, que contar\u00e1 con la oposici\u00f3n de los que opinan que la ley de mercado y los beneficios son de origen divino. Y ya lo hemos visto en su postura con el impuesto a los beneficios de las empresas el\u00e9ctricas y la banca.<\/p>\n<\/div><\/div><style type=\"text\/css\">.fusion-body .fusion-builder-column-0{width:100% !important;margin-top : 0px;margin-bottom : 0px;}.fusion-builder-column-0 > .fusion-column-wrapper {padding-top : 0px !important;padding-right : 0px !important;margin-right : 1.92%;padding-bottom : 0px !important;padding-left : 0px !important;margin-left : 1.92%;}@media only screen and (max-width:1024px) {.fusion-body .fusion-builder-column-0{width:100% !important;}.fusion-builder-column-0 > .fusion-column-wrapper {margin-right : 1.92%;margin-left : 1.92%;}}@media only screen and (max-width:640px) {.fusion-body .fusion-builder-column-0{width:100% !important;}.fusion-builder-column-0 > .fusion-column-wrapper {margin-right : 1.92%;margin-left : 1.92%;}}<\/style><\/div><\/div><style type=\"text\/css\">.fusion-body .fusion-flex-container.fusion-builder-row-1{ padding-top : 0px;margin-top : 0px;padding-right : 0px;padding-bottom : 0px;margin-bottom : 0px;padding-left : 0px;}<\/style><\/div>\n","protected":false},"excerpt":{"rendered":"<p>La subida de tipos hasta el 1,25% anunciada por el Banco Central Europeo viene a confirmar la tendencia ascendente del Euribor y, como consecuencia de ello, el creciente encarecimiento de las hipotecas a tipo variable. Alcanzar el 2% estas Navidades es una realidad cada vez m\u00e1s cercana y para la que los consumidores deben estar preparados.<\/p>\n","protected":false},"author":3,"featured_media":17101,"comment_status":"closed","ping_status":"closed","sticky":false,"template":"","format":"standard","meta":{"_jetpack_memberships_contains_paid_content":false,"footnotes":"","jetpack_publicize_message":"","jetpack_publicize_feature_enabled":true,"jetpack_social_post_already_shared":true,"jetpack_social_options":{"image_generator_settings":{"template":"highway","default_image_id":0,"font":"","enabled":false},"version":2}},"categories":[7512,43],"tags":[8051],"class_list":["post-41894","post","type-post","status-publish","format-standard","has-post-thumbnail","hentry","category-consumidores","category-credito-hipotecario","tag-newsletter-374"],"yoast_head":"<!-- This site is optimized with the Yoast SEO plugin v28.2 - https:\/\/yoast.com\/product\/yoast-seo-wordpress\/ -->\n<title>Unidas Podemos solicitar\u00e1 un tope para las hipotecas variables<\/title>\n<meta name=\"description\" content=\"Unidas Podemos asegura que solicitar\u00e1 un tope m\u00e1ximo para las hipotecas variables que podr\u00eda ser de eur\u00edbor m\u00e1s 0,1%.\" \/>\n<meta name=\"robots\" content=\"index, follow, max-snippet:-1, max-image-preview:large, max-video-preview:-1\" \/>\n<link rel=\"canonical\" href=\"https:\/\/www.aquimicasa.net\/blog\/consumo\/consumidores\/unidas-podemos-solicitara-un-tope-para-las-hipotecas-variables\/\" \/>\n<meta property=\"og:locale\" content=\"es_ES\" \/>\n<meta property=\"og:type\" content=\"article\" \/>\n<meta property=\"og:title\" content=\"Unidas Podemos solicitar\u00e1 un tope para las hipotecas variables\" \/>\n<meta property=\"og:description\" content=\"Unidas Podemos asegura que solicitar\u00e1 un tope m\u00e1ximo para las hipotecas variables que podr\u00eda ser de eur\u00edbor m\u00e1s 0,1%.\" \/>\n<meta property=\"og:url\" content=\"https:\/\/www.aquimicasa.net\/blog\/consumo\/consumidores\/unidas-podemos-solicitara-un-tope-para-las-hipotecas-variables\/\" \/>\n<meta property=\"og:site_name\" content=\"Blog de aquimicasa.net\" \/>\n<meta property=\"article:publisher\" content=\"https:\/\/www.facebook.com\/aquimicasa.net\" \/>\n<meta property=\"article:published_time\" content=\"2022-09-13T21:02:05+00:00\" \/>\n<meta property=\"og:image\" content=\"https:\/\/www.aquimicasa.net\/blog\/wp-content\/uploads\/Taxes5-e1505943049494.jpg\" \/>\n\t<meta property=\"og:image:width\" content=\"400\" \/>\n\t<meta property=\"og:image:height\" content=\"225\" \/>\n\t<meta property=\"og:image:type\" content=\"image\/jpeg\" \/>\n<meta name=\"author\" content=\"Eduardo Lizarraga\" \/>\n<meta name=\"twitter:label1\" content=\"Escrito por\" \/>\n\t<meta name=\"twitter:data1\" content=\"Eduardo Lizarraga\" \/>\n\t<meta name=\"twitter:label2\" content=\"Tiempo de lectura\" \/>\n\t<meta name=\"twitter:data2\" content=\"2 minutos\" \/>\n<script type=\"application\/ld+json\" class=\"yoast-schema-graph\">{\"@context\":\"https:\\\/\\\/schema.org\",\"@graph\":[{\"@type\":\"Article\",\"@id\":\"https:\\\/\\\/www.aquimicasa.net\\\/blog\\\/consumo\\\/consumidores\\\/unidas-podemos-solicitara-un-tope-para-las-hipotecas-variables\\\/#article\",\"isPartOf\":{\"@id\":\"https:\\\/\\\/www.aquimicasa.net\\\/blog\\\/consumo\\\/consumidores\\\/unidas-podemos-solicitara-un-tope-para-las-hipotecas-variables\\\/\"},\"author\":{\"name\":\"Eduardo Lizarraga\",\"@id\":\"https:\\\/\\\/www.aquimicasa.net\\\/blog\\\/#\\\/schema\\\/person\\\/2cdfa2605534583395c8d7ce1d6cac14\"},\"headline\":\"Unidas Podemos solicitar\u00e1 un tope para las hipotecas variables\",\"datePublished\":\"2022-09-13T21:02:05+00:00\",\"mainEntityOfPage\":{\"@id\":\"https:\\\/\\\/www.aquimicasa.net\\\/blog\\\/consumo\\\/consumidores\\\/unidas-podemos-solicitara-un-tope-para-las-hipotecas-variables\\\/\"},\"wordCount\":608,\"publisher\":{\"@id\":\"https:\\\/\\\/www.aquimicasa.net\\\/blog\\\/#organization\"},\"image\":{\"@id\":\"https:\\\/\\\/www.aquimicasa.net\\\/blog\\\/consumo\\\/consumidores\\\/unidas-podemos-solicitara-un-tope-para-las-hipotecas-variables\\\/#primaryimage\"},\"thumbnailUrl\":\"https:\\\/\\\/www.aquimicasa.net\\\/blog\\\/wp-content\\\/uploads\\\/Taxes5-e1505943049494.jpg\",\"keywords\":[\"newsletter 374\"],\"articleSection\":[\"Consumidores\",\"Cr\u00e9dito hipotecario\"],\"inLanguage\":\"es\"},{\"@type\":\"WebPage\",\"@id\":\"https:\\\/\\\/www.aquimicasa.net\\\/blog\\\/consumo\\\/consumidores\\\/unidas-podemos-solicitara-un-tope-para-las-hipotecas-variables\\\/\",\"url\":\"https:\\\/\\\/www.aquimicasa.net\\\/blog\\\/consumo\\\/consumidores\\\/unidas-podemos-solicitara-un-tope-para-las-hipotecas-variables\\\/\",\"name\":\"Unidas Podemos solicitar\u00e1 un tope para las hipotecas variables\",\"isPartOf\":{\"@id\":\"https:\\\/\\\/www.aquimicasa.net\\\/blog\\\/#website\"},\"primaryImageOfPage\":{\"@id\":\"https:\\\/\\\/www.aquimicasa.net\\\/blog\\\/consumo\\\/consumidores\\\/unidas-podemos-solicitara-un-tope-para-las-hipotecas-variables\\\/#primaryimage\"},\"image\":{\"@id\":\"https:\\\/\\\/www.aquimicasa.net\\\/blog\\\/consumo\\\/consumidores\\\/unidas-podemos-solicitara-un-tope-para-las-hipotecas-variables\\\/#primaryimage\"},\"thumbnailUrl\":\"https:\\\/\\\/www.aquimicasa.net\\\/blog\\\/wp-content\\\/uploads\\\/Taxes5-e1505943049494.jpg\",\"datePublished\":\"2022-09-13T21:02:05+00:00\",\"description\":\"Unidas Podemos asegura que solicitar\u00e1 un tope m\u00e1ximo para las hipotecas variables que podr\u00eda ser de eur\u00edbor m\u00e1s 0,1%.\",\"breadcrumb\":{\"@id\":\"https:\\\/\\\/www.aquimicasa.net\\\/blog\\\/consumo\\\/consumidores\\\/unidas-podemos-solicitara-un-tope-para-las-hipotecas-variables\\\/#breadcrumb\"},\"inLanguage\":\"es\",\"potentialAction\":[{\"@type\":\"ReadAction\",\"target\":[\"https:\\\/\\\/www.aquimicasa.net\\\/blog\\\/consumo\\\/consumidores\\\/unidas-podemos-solicitara-un-tope-para-las-hipotecas-variables\\\/\"]}]},{\"@type\":\"ImageObject\",\"inLanguage\":\"es\",\"@id\":\"https:\\\/\\\/www.aquimicasa.net\\\/blog\\\/consumo\\\/consumidores\\\/unidas-podemos-solicitara-un-tope-para-las-hipotecas-variables\\\/#primaryimage\",\"url\":\"https:\\\/\\\/www.aquimicasa.net\\\/blog\\\/wp-content\\\/uploads\\\/Taxes5-e1505943049494.jpg\",\"contentUrl\":\"https:\\\/\\\/www.aquimicasa.net\\\/blog\\\/wp-content\\\/uploads\\\/Taxes5-e1505943049494.jpg\",\"width\":400,\"height\":225,\"caption\":\"Sube el Eur\u00edbor\"},{\"@type\":\"BreadcrumbList\",\"@id\":\"https:\\\/\\\/www.aquimicasa.net\\\/blog\\\/consumo\\\/consumidores\\\/unidas-podemos-solicitara-un-tope-para-las-hipotecas-variables\\\/#breadcrumb\",\"itemListElement\":[{\"@type\":\"ListItem\",\"position\":1,\"name\":\"Portada\",\"item\":\"https:\\\/\\\/www.aquimicasa.net\\\/blog\\\/\"},{\"@type\":\"ListItem\",\"position\":2,\"name\":\"Unidas Podemos solicitar\u00e1 un tope para las hipotecas variables\"}]},{\"@type\":\"WebSite\",\"@id\":\"https:\\\/\\\/www.aquimicasa.net\\\/blog\\\/#website\",\"url\":\"https:\\\/\\\/www.aquimicasa.net\\\/blog\\\/\",\"name\":\"Blog de aquimicasa.net\",\"description\":\"Noticias del Mundo Inmobiliario\",\"publisher\":{\"@id\":\"https:\\\/\\\/www.aquimicasa.net\\\/blog\\\/#organization\"},\"potentialAction\":[{\"@type\":\"SearchAction\",\"target\":{\"@type\":\"EntryPoint\",\"urlTemplate\":\"https:\\\/\\\/www.aquimicasa.net\\\/blog\\\/?s={search_term_string}\"},\"query-input\":{\"@type\":\"PropertyValueSpecification\",\"valueRequired\":true,\"valueName\":\"search_term_string\"}}],\"inLanguage\":\"es\"},{\"@type\":\"Organization\",\"@id\":\"https:\\\/\\\/www.aquimicasa.net\\\/blog\\\/#organization\",\"name\":\"Blog de aquimicasa.net\",\"url\":\"https:\\\/\\\/www.aquimicasa.net\\\/blog\\\/\",\"logo\":{\"@type\":\"ImageObject\",\"inLanguage\":\"es\",\"@id\":\"https:\\\/\\\/www.aquimicasa.net\\\/blog\\\/#\\\/schema\\\/logo\\\/image\\\/\",\"url\":\"https:\\\/\\\/www.aquimicasa.net\\\/blog\\\/wp-content\\\/uploads\\\/Logo-aquimicasa-1-e1528048213782.png\",\"contentUrl\":\"https:\\\/\\\/www.aquimicasa.net\\\/blog\\\/wp-content\\\/uploads\\\/Logo-aquimicasa-1-e1528048213782.png\",\"width\":225,\"height\":225,\"caption\":\"Blog de aquimicasa.net\"},\"image\":{\"@id\":\"https:\\\/\\\/www.aquimicasa.net\\\/blog\\\/#\\\/schema\\\/logo\\\/image\\\/\"},\"sameAs\":[\"https:\\\/\\\/www.facebook.com\\\/aquimicasa.net\",\"https:\\\/\\\/www.instagram.com\\\/\",\"https:\\\/\\\/x.com\\\/EduLizarragaD\",\"https:\\\/\\\/www.linkedin.com\\\/feed\\\/\"]},{\"@type\":\"Person\",\"@id\":\"https:\\\/\\\/www.aquimicasa.net\\\/blog\\\/#\\\/schema\\\/person\\\/2cdfa2605534583395c8d7ce1d6cac14\",\"name\":\"Eduardo Lizarraga\",\"image\":{\"@type\":\"ImageObject\",\"inLanguage\":\"es\",\"@id\":\"https:\\\/\\\/secure.gravatar.com\\\/avatar\\\/bdabe1eeeed97b65a9cb7de2edd624b07995f7e13abc5fead15961f745f908cc?s=96&d=mm&r=g\",\"url\":\"https:\\\/\\\/secure.gravatar.com\\\/avatar\\\/bdabe1eeeed97b65a9cb7de2edd624b07995f7e13abc5fead15961f745f908cc?s=96&d=mm&r=g\",\"contentUrl\":\"https:\\\/\\\/secure.gravatar.com\\\/avatar\\\/bdabe1eeeed97b65a9cb7de2edd624b07995f7e13abc5fead15961f745f908cc?s=96&d=mm&r=g\",\"caption\":\"Eduardo Lizarraga\"},\"description\":\"Periodista Econ\u00f3mico. Ha trabajado en diversos campos de la informaci\u00f3n. Corresponsal en conflictos, analista pol\u00edtico en Congreso y Senado, periodista del medio ambiente, editor, director editorial, director de comunicaci\u00f3n.... En estos momentos se ha especializado en el sector inmobiliario. Pero tambi\u00e9n es navegante y viajero, preocupado por la pobreza, el medio ambiente y por las actuaciones descontroladas del neoliberalismo empresarial y pol\u00edtico en todo el mundo. Los desahucios, la pobreza infantil y la falta de acceso a los suministros b\u00e1sicos son algunos de los grandes dramas de nuestra sociedad y que es preciso solucionar para hacerla m\u00e1s justa. CEO en www.aquimicasa.net\",\"sameAs\":[\"https:\\\/\\\/www.aquimicasa.net\\\/\"],\"url\":\"https:\\\/\\\/www.aquimicasa.net\\\/blog\\\/author\\\/eduardo\\\/\"}]}<\/script>\n<!-- \/ Yoast SEO plugin. -->","yoast_head_json":{"title":"Unidas Podemos solicitar\u00e1 un tope para las hipotecas variables","description":"Unidas Podemos asegura que solicitar\u00e1 un tope m\u00e1ximo para las hipotecas variables que podr\u00eda ser de eur\u00edbor m\u00e1s 0,1%.","robots":{"index":"index","follow":"follow","max-snippet":"max-snippet:-1","max-image-preview":"max-image-preview:large","max-video-preview":"max-video-preview:-1"},"canonical":"https:\/\/www.aquimicasa.net\/blog\/consumo\/consumidores\/unidas-podemos-solicitara-un-tope-para-las-hipotecas-variables\/","og_locale":"es_ES","og_type":"article","og_title":"Unidas Podemos solicitar\u00e1 un tope para las hipotecas variables","og_description":"Unidas Podemos asegura que solicitar\u00e1 un tope m\u00e1ximo para las hipotecas variables que podr\u00eda ser de eur\u00edbor m\u00e1s 0,1%.","og_url":"https:\/\/www.aquimicasa.net\/blog\/consumo\/consumidores\/unidas-podemos-solicitara-un-tope-para-las-hipotecas-variables\/","og_site_name":"Blog de aquimicasa.net","article_publisher":"https:\/\/www.facebook.com\/aquimicasa.net","article_published_time":"2022-09-13T21:02:05+00:00","og_image":[{"width":400,"height":225,"url":"https:\/\/www.aquimicasa.net\/blog\/wp-content\/uploads\/Taxes5-e1505943049494.jpg","type":"image\/jpeg"}],"author":"Eduardo Lizarraga","twitter_misc":{"Escrito por":"Eduardo Lizarraga","Tiempo de lectura":"2 minutos"},"schema":{"@context":"https:\/\/schema.org","@graph":[{"@type":"Article","@id":"https:\/\/www.aquimicasa.net\/blog\/consumo\/consumidores\/unidas-podemos-solicitara-un-tope-para-las-hipotecas-variables\/#article","isPartOf":{"@id":"https:\/\/www.aquimicasa.net\/blog\/consumo\/consumidores\/unidas-podemos-solicitara-un-tope-para-las-hipotecas-variables\/"},"author":{"name":"Eduardo Lizarraga","@id":"https:\/\/www.aquimicasa.net\/blog\/#\/schema\/person\/2cdfa2605534583395c8d7ce1d6cac14"},"headline":"Unidas Podemos solicitar\u00e1 un tope para las hipotecas variables","datePublished":"2022-09-13T21:02:05+00:00","mainEntityOfPage":{"@id":"https:\/\/www.aquimicasa.net\/blog\/consumo\/consumidores\/unidas-podemos-solicitara-un-tope-para-las-hipotecas-variables\/"},"wordCount":608,"publisher":{"@id":"https:\/\/www.aquimicasa.net\/blog\/#organization"},"image":{"@id":"https:\/\/www.aquimicasa.net\/blog\/consumo\/consumidores\/unidas-podemos-solicitara-un-tope-para-las-hipotecas-variables\/#primaryimage"},"thumbnailUrl":"https:\/\/www.aquimicasa.net\/blog\/wp-content\/uploads\/Taxes5-e1505943049494.jpg","keywords":["newsletter 374"],"articleSection":["Consumidores","Cr\u00e9dito hipotecario"],"inLanguage":"es"},{"@type":"WebPage","@id":"https:\/\/www.aquimicasa.net\/blog\/consumo\/consumidores\/unidas-podemos-solicitara-un-tope-para-las-hipotecas-variables\/","url":"https:\/\/www.aquimicasa.net\/blog\/consumo\/consumidores\/unidas-podemos-solicitara-un-tope-para-las-hipotecas-variables\/","name":"Unidas Podemos solicitar\u00e1 un tope para las hipotecas variables","isPartOf":{"@id":"https:\/\/www.aquimicasa.net\/blog\/#website"},"primaryImageOfPage":{"@id":"https:\/\/www.aquimicasa.net\/blog\/consumo\/consumidores\/unidas-podemos-solicitara-un-tope-para-las-hipotecas-variables\/#primaryimage"},"image":{"@id":"https:\/\/www.aquimicasa.net\/blog\/consumo\/consumidores\/unidas-podemos-solicitara-un-tope-para-las-hipotecas-variables\/#primaryimage"},"thumbnailUrl":"https:\/\/www.aquimicasa.net\/blog\/wp-content\/uploads\/Taxes5-e1505943049494.jpg","datePublished":"2022-09-13T21:02:05+00:00","description":"Unidas Podemos asegura que solicitar\u00e1 un tope m\u00e1ximo para las hipotecas variables que podr\u00eda ser de eur\u00edbor m\u00e1s 0,1%.","breadcrumb":{"@id":"https:\/\/www.aquimicasa.net\/blog\/consumo\/consumidores\/unidas-podemos-solicitara-un-tope-para-las-hipotecas-variables\/#breadcrumb"},"inLanguage":"es","potentialAction":[{"@type":"ReadAction","target":["https:\/\/www.aquimicasa.net\/blog\/consumo\/consumidores\/unidas-podemos-solicitara-un-tope-para-las-hipotecas-variables\/"]}]},{"@type":"ImageObject","inLanguage":"es","@id":"https:\/\/www.aquimicasa.net\/blog\/consumo\/consumidores\/unidas-podemos-solicitara-un-tope-para-las-hipotecas-variables\/#primaryimage","url":"https:\/\/www.aquimicasa.net\/blog\/wp-content\/uploads\/Taxes5-e1505943049494.jpg","contentUrl":"https:\/\/www.aquimicasa.net\/blog\/wp-content\/uploads\/Taxes5-e1505943049494.jpg","width":400,"height":225,"caption":"Sube el Eur\u00edbor"},{"@type":"BreadcrumbList","@id":"https:\/\/www.aquimicasa.net\/blog\/consumo\/consumidores\/unidas-podemos-solicitara-un-tope-para-las-hipotecas-variables\/#breadcrumb","itemListElement":[{"@type":"ListItem","position":1,"name":"Portada","item":"https:\/\/www.aquimicasa.net\/blog\/"},{"@type":"ListItem","position":2,"name":"Unidas Podemos solicitar\u00e1 un tope para las hipotecas variables"}]},{"@type":"WebSite","@id":"https:\/\/www.aquimicasa.net\/blog\/#website","url":"https:\/\/www.aquimicasa.net\/blog\/","name":"Blog de aquimicasa.net","description":"Noticias del Mundo Inmobiliario","publisher":{"@id":"https:\/\/www.aquimicasa.net\/blog\/#organization"},"potentialAction":[{"@type":"SearchAction","target":{"@type":"EntryPoint","urlTemplate":"https:\/\/www.aquimicasa.net\/blog\/?s={search_term_string}"},"query-input":{"@type":"PropertyValueSpecification","valueRequired":true,"valueName":"search_term_string"}}],"inLanguage":"es"},{"@type":"Organization","@id":"https:\/\/www.aquimicasa.net\/blog\/#organization","name":"Blog de aquimicasa.net","url":"https:\/\/www.aquimicasa.net\/blog\/","logo":{"@type":"ImageObject","inLanguage":"es","@id":"https:\/\/www.aquimicasa.net\/blog\/#\/schema\/logo\/image\/","url":"https:\/\/www.aquimicasa.net\/blog\/wp-content\/uploads\/Logo-aquimicasa-1-e1528048213782.png","contentUrl":"https:\/\/www.aquimicasa.net\/blog\/wp-content\/uploads\/Logo-aquimicasa-1-e1528048213782.png","width":225,"height":225,"caption":"Blog de aquimicasa.net"},"image":{"@id":"https:\/\/www.aquimicasa.net\/blog\/#\/schema\/logo\/image\/"},"sameAs":["https:\/\/www.facebook.com\/aquimicasa.net","https:\/\/www.instagram.com\/","https:\/\/x.com\/EduLizarragaD","https:\/\/www.linkedin.com\/feed\/"]},{"@type":"Person","@id":"https:\/\/www.aquimicasa.net\/blog\/#\/schema\/person\/2cdfa2605534583395c8d7ce1d6cac14","name":"Eduardo Lizarraga","image":{"@type":"ImageObject","inLanguage":"es","@id":"https:\/\/secure.gravatar.com\/avatar\/bdabe1eeeed97b65a9cb7de2edd624b07995f7e13abc5fead15961f745f908cc?s=96&d=mm&r=g","url":"https:\/\/secure.gravatar.com\/avatar\/bdabe1eeeed97b65a9cb7de2edd624b07995f7e13abc5fead15961f745f908cc?s=96&d=mm&r=g","contentUrl":"https:\/\/secure.gravatar.com\/avatar\/bdabe1eeeed97b65a9cb7de2edd624b07995f7e13abc5fead15961f745f908cc?s=96&d=mm&r=g","caption":"Eduardo Lizarraga"},"description":"Periodista Econ\u00f3mico. Ha trabajado en diversos campos de la informaci\u00f3n. Corresponsal en conflictos, analista pol\u00edtico en Congreso y Senado, periodista del medio ambiente, editor, director editorial, director de comunicaci\u00f3n.... En estos momentos se ha especializado en el sector inmobiliario. Pero tambi\u00e9n es navegante y viajero, preocupado por la pobreza, el medio ambiente y por las actuaciones descontroladas del neoliberalismo empresarial y pol\u00edtico en todo el mundo. Los desahucios, la pobreza infantil y la falta de acceso a los suministros b\u00e1sicos son algunos de los grandes dramas de nuestra sociedad y que es preciso solucionar para hacerla m\u00e1s justa. CEO en www.aquimicasa.net","sameAs":["https:\/\/www.aquimicasa.net\/"],"url":"https:\/\/www.aquimicasa.net\/blog\/author\/eduardo\/"}]}},"jetpack_publicize_connections":[],"jetpack_featured_media_url":"https:\/\/www.aquimicasa.net\/blog\/wp-content\/uploads\/Taxes5-e1505943049494.jpg","jetpack_sharing_enabled":true,"jetpack_likes_enabled":true,"_links":{"self":[{"href":"https:\/\/www.aquimicasa.net\/blog\/wp-json\/wp\/v2\/posts\/41894","targetHints":{"allow":["GET"]}}],"collection":[{"href":"https:\/\/www.aquimicasa.net\/blog\/wp-json\/wp\/v2\/posts"}],"about":[{"href":"https:\/\/www.aquimicasa.net\/blog\/wp-json\/wp\/v2\/types\/post"}],"author":[{"embeddable":true,"href":"https:\/\/www.aquimicasa.net\/blog\/wp-json\/wp\/v2\/users\/3"}],"replies":[{"embeddable":true,"href":"https:\/\/www.aquimicasa.net\/blog\/wp-json\/wp\/v2\/comments?post=41894"}],"version-history":[{"count":3,"href":"https:\/\/www.aquimicasa.net\/blog\/wp-json\/wp\/v2\/posts\/41894\/revisions"}],"predecessor-version":[{"id":41908,"href":"https:\/\/www.aquimicasa.net\/blog\/wp-json\/wp\/v2\/posts\/41894\/revisions\/41908"}],"wp:featuredmedia":[{"embeddable":true,"href":"https:\/\/www.aquimicasa.net\/blog\/wp-json\/wp\/v2\/media\/17101"}],"wp:attachment":[{"href":"https:\/\/www.aquimicasa.net\/blog\/wp-json\/wp\/v2\/media?parent=41894"}],"wp:term":[{"taxonomy":"category","embeddable":true,"href":"https:\/\/www.aquimicasa.net\/blog\/wp-json\/wp\/v2\/categories?post=41894"},{"taxonomy":"post_tag","embeddable":true,"href":"https:\/\/www.aquimicasa.net\/blog\/wp-json\/wp\/v2\/tags?post=41894"}],"curies":[{"name":"wp","href":"https:\/\/api.w.org\/{rel}","templated":true}]}}