{"id":4204,"date":"2014-04-01T18:20:18","date_gmt":"2014-04-01T18:20:18","guid":{"rendered":"http:\/\/haciadelante.es\/?p=4204"},"modified":"2020-04-02T18:47:34","modified_gmt":"2020-04-02T16:47:34","slug":"caritas-desmonta-con-su-informe-la-situacion-de-espana","status":"publish","type":"post","link":"https:\/\/www.aquimicasa.net\/blog\/hipotecas\/plataforma-de-afectados-por-la-hipoteca\/caritas-desmonta-con-su-informe-la-situacion-de-espana\/","title":{"rendered":"C\u00e1ritas desmonta con su informe la situaci\u00f3n de Espa\u00f1a"},"content":{"rendered":"<p>El informe de C\u00e1ritas, que ha desquiciado a Montoro y al PP, sit\u00faa a Espa\u00f1a como el segundo pa\u00eds de la Uni\u00f3n Europea (UE) con el mayor \u00edndice de pobreza infantil, entre otras cosas,  superado s\u00f3lo por Ruman\u00eda. El estudio se\u00f1ala la reducci\u00f3n de las prestaciones sociales por parte del Gobierno y  las medidas de austeridad como los causantes de la situaci\u00f3n. Y desmonta la propaganda que el Partido Popular est\u00e1 haciendo de la situaci\u00f3n espa\u00f1ola.<\/p>\n<p>Este informe de C\u00e1ritas Europa, presentado en Atenas por su secretario general, Jorge Nu\u00f1o, concluye que las medidas de austeridad han fallado a la hora de solucionar los problemas y generar crecimiento, argumento esgrimido por todos los cr\u00edticos a las medidas del PP desde el inicio de la crisis. En Espa\u00f1a, el riesgo de pobreza entre los ni\u00f1os menores de 18 a\u00f1os se situ\u00f3 en 2012 en el 29,9 %, casi nueve puntos por encima de la media de la Uni\u00f3n Europea, que estuvo en el 21,4 %, seg\u00fan datos de 2013 de Eurostat. De 2011 a 2012, la tasa de pobreza en este sector de poblaci\u00f3n aument\u00f3 del 15,6 % al 19,4 %.<\/p>\n<p>Por personas en riesgo de pobreza o exclusi\u00f3n social se entienden las que dispone de tan solo un 60 % del ingreso medio del resto de la poblaci\u00f3n; las que tienen entre el 40 % y el 50 % son catalogadas como \u201cpobres\u201d y las con menos del 40 % se encuentran en situaci\u00f3n de \u201cpobreza extrema\u201d. Estas cifras sit\u00faan a Espa\u00f1a, junto con Ruman\u00eda, a la cabeza de los pa\u00edses con mayor \u00edndice de pobreza infantil, seguidos por Bulgaria y Grecia, en tercer y cuarto lugar respectivamente. Resulta cuando menos sorprendente esta posici\u00f3n cuando se tiene en cuenta nuestra posici\u00f3n industrial y financiera.<\/p>\n<p>El informe tambi\u00e9n alerta de que Espa\u00f1a tiene la mayor tasa de abandono escolar prematuro de la UE, un 24,9 % frente a un 12,7 % de media europea en 2012. Aunque entre 2009 y 2012 se produjo un descenso del abandono escolar prematuro, \u00e9ste sigue siendo un problema importante, especialmente en algunas regiones como Andaluc\u00eda, donde la tasa es superior al 30 %. El dato es alarmante si se tiene en cuenta que la educaci\u00f3n se postula como el sistema capaz de combatir la transmisi\u00f3n intergeneracional de la pobreza.<\/p>\n<p>C\u00e1ritas define a la poblaci\u00f3n espa\u00f1ola como una de las m\u00e1s afectadas por la crisis econ\u00f3mica, pues mientras la tasa de pobreza media entre pa\u00edses comunitarios fue del 25,1 % en 2012, Espa\u00f1a registr\u00f3 un 28,2 %, lo que se traduce en alrededor de 13 millones de personas en esta situaci\u00f3n. Situaci\u00f3n que se debe sin duda a la distinta \u00f3ptica de los gobiernos a la hora de eliminar o mantener las prestaciones sociales y las ayudas a entidades financieras o empresariales por encima de las necesidades sociales del pa\u00eds.<\/p>\n<p>Otro de los sectores de poblaci\u00f3n especialmente afectados por la crisis es el de las personas mayores, pues la pobreza entre ellas ha sufrido un aumento significativo, del 7 % en 2008 al 10,6 % en 2012. A esto hay que a\u00f1adir, como recoge el informe, que en muchos hogares son las pensiones de los abuelos los \u00fanicos ingresos de la familia. Y la congelaci\u00f3n o subidas rid\u00edculas de las pensiones no est\u00e1n ayudando en nada a mejorar la situaci\u00f3n, sino todo lo contrario.<\/p>\n<p>El estudio revela, adem\u00e1s, que el 12 % de la poblaci\u00f3n espa\u00f1ola que trabaja no gana suficiente para escapar de la pobreza en un pa\u00eds que, junto con Grecia, ha experimentado el mayor incremento del desempleo desde el inicio de la crisis. A pesar de lo que dice el Gobierno del PP la ca\u00edda de los sueldos en Espa\u00f1a no tienen parang\u00f3n en ning\u00fan pa\u00eds europeo. Como consecuencia, muchos ciudadanos se han visto obligados a buscar trabajo en el extranjero, por lo que en 2011 la emigraci\u00f3n se cifr\u00f3 en el 1,1 % de la poblaci\u00f3n espa\u00f1ola. El responsable de C\u00e1ritas Europa record\u00f3 que en Espa\u00f1a hay m\u00e1s de 6 millones de personas sin trabajo y se refiri\u00f3 a los j\u00f3venes que no podr\u00e1n recibir una pensi\u00f3n adecuada por no haber trabajado el tiempo suficiente como la \u201cgeneraci\u00f3n p\u00e9rdida\u201d, cuya actual situaci\u00f3n tendr\u00e1 un \u201cimpacto enorme\u201d en su futuro.<\/p>\n<p>C\u00e1ritas menciona tambi\u00e9n una investigaci\u00f3n de la revista m\u00e9dica British Medical Journal sobre los recortes en el sistema sanitario espa\u00f1ol, que a pesar de tener uno de los gastos sanitarios m\u00e1s bajos de la UE, ha visto disminuida su inversi\u00f3n, con el efecto que esto puede ocasionar en la salud de los ciudadanos. Y por si fuera poco para la situaci\u00f3n actual, la Ministra de Sanidad, Ana Mato, impulsa el copago u otras medidas que afectan m\u00e1s, como siempre, a los que menos tienen.<\/p>\n<p>En relaci\u00f3n con su trabajo de asistencia social, la secci\u00f3n espa\u00f1ola de C\u00e1ritas hace una observaci\u00f3n sobre los \u00faltimos a\u00f1os de crisis en relaci\u00f3n con el perfil de personas que solicitan su ayuda. Si al principio eran m\u00e1s las personas inmigrantes las que acud\u00edan a sus centros, desde 2010 es mayor el n\u00famero de ciudadanos espa\u00f1oles que se acerca hasta ellos. Se trata de mujeres, parejas j\u00f3venes con hijos y familias monoparentales que se encuentran en riesgo de exclusi\u00f3n social al quedarse sin casa ni ingresos. El no resuelto problema de los desahucios, por la intransigencia del PP en el Parlamento, no hace sino empeorar la situaci\u00f3n social. Y 2014 volver\u00e1 a marcar un alto n\u00famero de desahucios aunque los medios de comunicaci\u00f3n estatalizados no los quieran contemplar.<\/p>\n<p>La organizaci\u00f3n denuncia que Espa\u00f1a se ha convertido en estos a\u00f1os en una de las sociedades m\u00e1s desiguales de Europa, a lo que contribuye el aumento de los impuestos indirectos, que no discriminan en funci\u00f3n de la renta, y que ha provocado, al igual que en otros pa\u00edses como Grecia, un mayor empobrecimiento de los hogares con menos ingresos. Esta situaci\u00f3n ha comportado un aumento de los trastornos depresivos, de los problemas con el alcohol y los suicidios en Espa\u00f1a y Grecia, que se han disparado desde el comienzo de la crisis. En este sentido hay que se\u00f1alar el espectacular aumento de los suicidios en Espa\u00f1a a partir del a\u00f1o 2012.<\/p>\n","protected":false},"excerpt":{"rendered":"<p>El informe de C\u00e1ritas, que ha desquiciado a Montoro y [&hellip;]<\/p>\n","protected":false},"author":3,"featured_media":0,"comment_status":"open","ping_status":"open","sticky":false,"template":"","format":"standard","meta":{"_jetpack_memberships_contains_paid_content":false,"footnotes":"","jetpack_publicize_message":"","jetpack_publicize_feature_enabled":true,"jetpack_social_post_already_shared":false,"jetpack_social_options":{"image_generator_settings":{"template":"highway","default_image_id":0,"font":"","enabled":false},"version":2}},"categories":[46,100,639,7564,7565,7566,28],"tags":[183,623,454,624,219],"class_list":["post-4204","post","type-post","status-publish","format-standard","hentry","category-bancos","category-compraventa-de-viviendas","category-electricas","category-noticias-economia","category-noticias-mercado-inmobiliario","category-noticias-sobre-el-mercado-hipotecario","category-plataforma-de-afectados-por-la-hipoteca","tag-caritas","tag-eurostat","tag-exclusion-social","tag-montoro","tag-pobreza"],"yoast_head":"<!-- This site is optimized with the Yoast SEO plugin v28.2 - https:\/\/yoast.com\/product\/yoast-seo-wordpress\/ -->\n<title>C\u00e1ritas desmonta con su informe la situaci\u00f3n de Espa\u00f1a<\/title>\n<meta name=\"description\" content=\"El informe de C\u00e1ritas que ha desquiciado a Montoro sit\u00faa a nuestro pa\u00eds en el segundo lugar de Europa en pobreza infantil superado s\u00f3lo por Ruman\u00eda\" \/>\n<meta name=\"robots\" content=\"index, follow, max-snippet:-1, max-image-preview:large, max-video-preview:-1\" \/>\n<link rel=\"canonical\" href=\"https:\/\/www.aquimicasa.net\/blog\/hipotecas\/plataforma-de-afectados-por-la-hipoteca\/caritas-desmonta-con-su-informe-la-situacion-de-espana\/\" \/>\n<meta property=\"og:locale\" content=\"es_ES\" \/>\n<meta property=\"og:type\" content=\"article\" \/>\n<meta property=\"og:title\" content=\"C\u00e1ritas desmonta con su informe la situaci\u00f3n de Espa\u00f1a\" \/>\n<meta property=\"og:description\" content=\"El informe de C\u00e1ritas que ha desquiciado a Montoro sit\u00faa a nuestro pa\u00eds en el segundo lugar de Europa en pobreza infantil superado s\u00f3lo por Ruman\u00eda\" \/>\n<meta property=\"og:url\" content=\"https:\/\/www.aquimicasa.net\/blog\/hipotecas\/plataforma-de-afectados-por-la-hipoteca\/caritas-desmonta-con-su-informe-la-situacion-de-espana\/\" \/>\n<meta property=\"og:site_name\" content=\"Blog de aquimicasa.net\" \/>\n<meta property=\"article:publisher\" content=\"https:\/\/www.facebook.com\/aquimicasa.net\" \/>\n<meta property=\"article:published_time\" content=\"2014-04-01T18:20:18+00:00\" \/>\n<meta property=\"article:modified_time\" content=\"2020-04-02T16:47:34+00:00\" \/>\n<meta name=\"author\" content=\"Eduardo Lizarraga\" \/>\n<meta name=\"twitter:label1\" content=\"Escrito por\" \/>\n\t<meta name=\"twitter:data1\" content=\"Eduardo Lizarraga\" \/>\n\t<meta name=\"twitter:label2\" content=\"Tiempo de lectura\" \/>\n\t<meta name=\"twitter:data2\" content=\"5 minutos\" \/>\n<script type=\"application\/ld+json\" class=\"yoast-schema-graph\">{\"@context\":\"https:\\\/\\\/schema.org\",\"@graph\":[{\"@type\":\"Article\",\"@id\":\"https:\\\/\\\/www.aquimicasa.net\\\/blog\\\/hipotecas\\\/plataforma-de-afectados-por-la-hipoteca\\\/caritas-desmonta-con-su-informe-la-situacion-de-espana\\\/#article\",\"isPartOf\":{\"@id\":\"https:\\\/\\\/www.aquimicasa.net\\\/blog\\\/hipotecas\\\/plataforma-de-afectados-por-la-hipoteca\\\/caritas-desmonta-con-su-informe-la-situacion-de-espana\\\/\"},\"author\":{\"name\":\"Eduardo Lizarraga\",\"@id\":\"https:\\\/\\\/www.aquimicasa.net\\\/blog\\\/#\\\/schema\\\/person\\\/2cdfa2605534583395c8d7ce1d6cac14\"},\"headline\":\"C\u00e1ritas desmonta con su informe la situaci\u00f3n de Espa\u00f1a\",\"datePublished\":\"2014-04-01T18:20:18+00:00\",\"dateModified\":\"2020-04-02T16:47:34+00:00\",\"mainEntityOfPage\":{\"@id\":\"https:\\\/\\\/www.aquimicasa.net\\\/blog\\\/hipotecas\\\/plataforma-de-afectados-por-la-hipoteca\\\/caritas-desmonta-con-su-informe-la-situacion-de-espana\\\/\"},\"wordCount\":1099,\"commentCount\":0,\"publisher\":{\"@id\":\"https:\\\/\\\/www.aquimicasa.net\\\/blog\\\/#organization\"},\"keywords\":[\"C\u00e1ritas\",\"Eurostat\",\"exclusi\u00f3n social\",\"Montoro\",\"Pobreza\"],\"articleSection\":[\"Bancos\",\"Compra Venta\",\"El\u00e9ctricas\",\"Noticias Econom\u00eda\",\"Noticias Mercado Inmobiliario\",\"Noticias sobre el Mercado Hipotecario\",\"Plataforma de Afectados por la Hipoteca\"],\"inLanguage\":\"es\",\"potentialAction\":[{\"@type\":\"CommentAction\",\"name\":\"Comment\",\"target\":[\"https:\\\/\\\/www.aquimicasa.net\\\/blog\\\/hipotecas\\\/plataforma-de-afectados-por-la-hipoteca\\\/caritas-desmonta-con-su-informe-la-situacion-de-espana\\\/#respond\"]}]},{\"@type\":\"WebPage\",\"@id\":\"https:\\\/\\\/www.aquimicasa.net\\\/blog\\\/hipotecas\\\/plataforma-de-afectados-por-la-hipoteca\\\/caritas-desmonta-con-su-informe-la-situacion-de-espana\\\/\",\"url\":\"https:\\\/\\\/www.aquimicasa.net\\\/blog\\\/hipotecas\\\/plataforma-de-afectados-por-la-hipoteca\\\/caritas-desmonta-con-su-informe-la-situacion-de-espana\\\/\",\"name\":\"C\u00e1ritas desmonta con su informe la situaci\u00f3n de Espa\u00f1a\",\"isPartOf\":{\"@id\":\"https:\\\/\\\/www.aquimicasa.net\\\/blog\\\/#website\"},\"datePublished\":\"2014-04-01T18:20:18+00:00\",\"dateModified\":\"2020-04-02T16:47:34+00:00\",\"description\":\"El informe de C\u00e1ritas que ha desquiciado a Montoro sit\u00faa a nuestro pa\u00eds en el segundo lugar de Europa en pobreza infantil superado s\u00f3lo por Ruman\u00eda\",\"breadcrumb\":{\"@id\":\"https:\\\/\\\/www.aquimicasa.net\\\/blog\\\/hipotecas\\\/plataforma-de-afectados-por-la-hipoteca\\\/caritas-desmonta-con-su-informe-la-situacion-de-espana\\\/#breadcrumb\"},\"inLanguage\":\"es\",\"potentialAction\":[{\"@type\":\"ReadAction\",\"target\":[\"https:\\\/\\\/www.aquimicasa.net\\\/blog\\\/hipotecas\\\/plataforma-de-afectados-por-la-hipoteca\\\/caritas-desmonta-con-su-informe-la-situacion-de-espana\\\/\"]}]},{\"@type\":\"BreadcrumbList\",\"@id\":\"https:\\\/\\\/www.aquimicasa.net\\\/blog\\\/hipotecas\\\/plataforma-de-afectados-por-la-hipoteca\\\/caritas-desmonta-con-su-informe-la-situacion-de-espana\\\/#breadcrumb\",\"itemListElement\":[{\"@type\":\"ListItem\",\"position\":1,\"name\":\"Portada\",\"item\":\"https:\\\/\\\/www.aquimicasa.net\\\/blog\\\/\"},{\"@type\":\"ListItem\",\"position\":2,\"name\":\"C\u00e1ritas desmonta con su informe la situaci\u00f3n de Espa\u00f1a\"}]},{\"@type\":\"WebSite\",\"@id\":\"https:\\\/\\\/www.aquimicasa.net\\\/blog\\\/#website\",\"url\":\"https:\\\/\\\/www.aquimicasa.net\\\/blog\\\/\",\"name\":\"Blog de aquimicasa.net\",\"description\":\"Noticias del Mundo Inmobiliario\",\"publisher\":{\"@id\":\"https:\\\/\\\/www.aquimicasa.net\\\/blog\\\/#organization\"},\"potentialAction\":[{\"@type\":\"SearchAction\",\"target\":{\"@type\":\"EntryPoint\",\"urlTemplate\":\"https:\\\/\\\/www.aquimicasa.net\\\/blog\\\/?s={search_term_string}\"},\"query-input\":{\"@type\":\"PropertyValueSpecification\",\"valueRequired\":true,\"valueName\":\"search_term_string\"}}],\"inLanguage\":\"es\"},{\"@type\":\"Organization\",\"@id\":\"https:\\\/\\\/www.aquimicasa.net\\\/blog\\\/#organization\",\"name\":\"Blog de aquimicasa.net\",\"url\":\"https:\\\/\\\/www.aquimicasa.net\\\/blog\\\/\",\"logo\":{\"@type\":\"ImageObject\",\"inLanguage\":\"es\",\"@id\":\"https:\\\/\\\/www.aquimicasa.net\\\/blog\\\/#\\\/schema\\\/logo\\\/image\\\/\",\"url\":\"https:\\\/\\\/www.aquimicasa.net\\\/blog\\\/wp-content\\\/uploads\\\/Logo-aquimicasa-1-e1528048213782.png\",\"contentUrl\":\"https:\\\/\\\/www.aquimicasa.net\\\/blog\\\/wp-content\\\/uploads\\\/Logo-aquimicasa-1-e1528048213782.png\",\"width\":225,\"height\":225,\"caption\":\"Blog de aquimicasa.net\"},\"image\":{\"@id\":\"https:\\\/\\\/www.aquimicasa.net\\\/blog\\\/#\\\/schema\\\/logo\\\/image\\\/\"},\"sameAs\":[\"https:\\\/\\\/www.facebook.com\\\/aquimicasa.net\",\"https:\\\/\\\/www.instagram.com\\\/\",\"https:\\\/\\\/x.com\\\/EduLizarragaD\",\"https:\\\/\\\/www.linkedin.com\\\/feed\\\/\"]},{\"@type\":\"Person\",\"@id\":\"https:\\\/\\\/www.aquimicasa.net\\\/blog\\\/#\\\/schema\\\/person\\\/2cdfa2605534583395c8d7ce1d6cac14\",\"name\":\"Eduardo Lizarraga\",\"image\":{\"@type\":\"ImageObject\",\"inLanguage\":\"es\",\"@id\":\"https:\\\/\\\/secure.gravatar.com\\\/avatar\\\/bdabe1eeeed97b65a9cb7de2edd624b07995f7e13abc5fead15961f745f908cc?s=96&d=mm&r=g\",\"url\":\"https:\\\/\\\/secure.gravatar.com\\\/avatar\\\/bdabe1eeeed97b65a9cb7de2edd624b07995f7e13abc5fead15961f745f908cc?s=96&d=mm&r=g\",\"contentUrl\":\"https:\\\/\\\/secure.gravatar.com\\\/avatar\\\/bdabe1eeeed97b65a9cb7de2edd624b07995f7e13abc5fead15961f745f908cc?s=96&d=mm&r=g\",\"caption\":\"Eduardo Lizarraga\"},\"description\":\"Periodista Econ\u00f3mico. Ha trabajado en diversos campos de la informaci\u00f3n. Corresponsal en conflictos, analista pol\u00edtico en Congreso y Senado, periodista del medio ambiente, editor, director editorial, director de comunicaci\u00f3n.... En estos momentos se ha especializado en el sector inmobiliario. Pero tambi\u00e9n es navegante y viajero, preocupado por la pobreza, el medio ambiente y por las actuaciones descontroladas del neoliberalismo empresarial y pol\u00edtico en todo el mundo. Los desahucios, la pobreza infantil y la falta de acceso a los suministros b\u00e1sicos son algunos de los grandes dramas de nuestra sociedad y que es preciso solucionar para hacerla m\u00e1s justa. CEO en www.aquimicasa.net\",\"sameAs\":[\"https:\\\/\\\/www.aquimicasa.net\\\/\"],\"url\":\"https:\\\/\\\/www.aquimicasa.net\\\/blog\\\/author\\\/eduardo\\\/\"}]}<\/script>\n<!-- \/ Yoast SEO plugin. -->","yoast_head_json":{"title":"C\u00e1ritas desmonta con su informe la situaci\u00f3n de Espa\u00f1a","description":"El informe de C\u00e1ritas que ha desquiciado a Montoro sit\u00faa a nuestro pa\u00eds en el segundo lugar de Europa en pobreza infantil superado s\u00f3lo por Ruman\u00eda","robots":{"index":"index","follow":"follow","max-snippet":"max-snippet:-1","max-image-preview":"max-image-preview:large","max-video-preview":"max-video-preview:-1"},"canonical":"https:\/\/www.aquimicasa.net\/blog\/hipotecas\/plataforma-de-afectados-por-la-hipoteca\/caritas-desmonta-con-su-informe-la-situacion-de-espana\/","og_locale":"es_ES","og_type":"article","og_title":"C\u00e1ritas desmonta con su informe la situaci\u00f3n de Espa\u00f1a","og_description":"El informe de C\u00e1ritas que ha desquiciado a Montoro sit\u00faa a nuestro pa\u00eds en el segundo lugar de Europa en pobreza infantil superado s\u00f3lo por Ruman\u00eda","og_url":"https:\/\/www.aquimicasa.net\/blog\/hipotecas\/plataforma-de-afectados-por-la-hipoteca\/caritas-desmonta-con-su-informe-la-situacion-de-espana\/","og_site_name":"Blog de aquimicasa.net","article_publisher":"https:\/\/www.facebook.com\/aquimicasa.net","article_published_time":"2014-04-01T18:20:18+00:00","article_modified_time":"2020-04-02T16:47:34+00:00","author":"Eduardo Lizarraga","twitter_misc":{"Escrito por":"Eduardo Lizarraga","Tiempo de lectura":"5 minutos"},"schema":{"@context":"https:\/\/schema.org","@graph":[{"@type":"Article","@id":"https:\/\/www.aquimicasa.net\/blog\/hipotecas\/plataforma-de-afectados-por-la-hipoteca\/caritas-desmonta-con-su-informe-la-situacion-de-espana\/#article","isPartOf":{"@id":"https:\/\/www.aquimicasa.net\/blog\/hipotecas\/plataforma-de-afectados-por-la-hipoteca\/caritas-desmonta-con-su-informe-la-situacion-de-espana\/"},"author":{"name":"Eduardo Lizarraga","@id":"https:\/\/www.aquimicasa.net\/blog\/#\/schema\/person\/2cdfa2605534583395c8d7ce1d6cac14"},"headline":"C\u00e1ritas desmonta con su informe la situaci\u00f3n de Espa\u00f1a","datePublished":"2014-04-01T18:20:18+00:00","dateModified":"2020-04-02T16:47:34+00:00","mainEntityOfPage":{"@id":"https:\/\/www.aquimicasa.net\/blog\/hipotecas\/plataforma-de-afectados-por-la-hipoteca\/caritas-desmonta-con-su-informe-la-situacion-de-espana\/"},"wordCount":1099,"commentCount":0,"publisher":{"@id":"https:\/\/www.aquimicasa.net\/blog\/#organization"},"keywords":["C\u00e1ritas","Eurostat","exclusi\u00f3n social","Montoro","Pobreza"],"articleSection":["Bancos","Compra Venta","El\u00e9ctricas","Noticias Econom\u00eda","Noticias Mercado Inmobiliario","Noticias sobre el Mercado Hipotecario","Plataforma de Afectados por la Hipoteca"],"inLanguage":"es","potentialAction":[{"@type":"CommentAction","name":"Comment","target":["https:\/\/www.aquimicasa.net\/blog\/hipotecas\/plataforma-de-afectados-por-la-hipoteca\/caritas-desmonta-con-su-informe-la-situacion-de-espana\/#respond"]}]},{"@type":"WebPage","@id":"https:\/\/www.aquimicasa.net\/blog\/hipotecas\/plataforma-de-afectados-por-la-hipoteca\/caritas-desmonta-con-su-informe-la-situacion-de-espana\/","url":"https:\/\/www.aquimicasa.net\/blog\/hipotecas\/plataforma-de-afectados-por-la-hipoteca\/caritas-desmonta-con-su-informe-la-situacion-de-espana\/","name":"C\u00e1ritas desmonta con su informe la situaci\u00f3n de Espa\u00f1a","isPartOf":{"@id":"https:\/\/www.aquimicasa.net\/blog\/#website"},"datePublished":"2014-04-01T18:20:18+00:00","dateModified":"2020-04-02T16:47:34+00:00","description":"El informe de C\u00e1ritas que ha desquiciado a Montoro sit\u00faa a nuestro pa\u00eds en el segundo lugar de Europa en pobreza infantil superado s\u00f3lo por Ruman\u00eda","breadcrumb":{"@id":"https:\/\/www.aquimicasa.net\/blog\/hipotecas\/plataforma-de-afectados-por-la-hipoteca\/caritas-desmonta-con-su-informe-la-situacion-de-espana\/#breadcrumb"},"inLanguage":"es","potentialAction":[{"@type":"ReadAction","target":["https:\/\/www.aquimicasa.net\/blog\/hipotecas\/plataforma-de-afectados-por-la-hipoteca\/caritas-desmonta-con-su-informe-la-situacion-de-espana\/"]}]},{"@type":"BreadcrumbList","@id":"https:\/\/www.aquimicasa.net\/blog\/hipotecas\/plataforma-de-afectados-por-la-hipoteca\/caritas-desmonta-con-su-informe-la-situacion-de-espana\/#breadcrumb","itemListElement":[{"@type":"ListItem","position":1,"name":"Portada","item":"https:\/\/www.aquimicasa.net\/blog\/"},{"@type":"ListItem","position":2,"name":"C\u00e1ritas desmonta con su informe la situaci\u00f3n de Espa\u00f1a"}]},{"@type":"WebSite","@id":"https:\/\/www.aquimicasa.net\/blog\/#website","url":"https:\/\/www.aquimicasa.net\/blog\/","name":"Blog de aquimicasa.net","description":"Noticias del Mundo Inmobiliario","publisher":{"@id":"https:\/\/www.aquimicasa.net\/blog\/#organization"},"potentialAction":[{"@type":"SearchAction","target":{"@type":"EntryPoint","urlTemplate":"https:\/\/www.aquimicasa.net\/blog\/?s={search_term_string}"},"query-input":{"@type":"PropertyValueSpecification","valueRequired":true,"valueName":"search_term_string"}}],"inLanguage":"es"},{"@type":"Organization","@id":"https:\/\/www.aquimicasa.net\/blog\/#organization","name":"Blog de aquimicasa.net","url":"https:\/\/www.aquimicasa.net\/blog\/","logo":{"@type":"ImageObject","inLanguage":"es","@id":"https:\/\/www.aquimicasa.net\/blog\/#\/schema\/logo\/image\/","url":"https:\/\/www.aquimicasa.net\/blog\/wp-content\/uploads\/Logo-aquimicasa-1-e1528048213782.png","contentUrl":"https:\/\/www.aquimicasa.net\/blog\/wp-content\/uploads\/Logo-aquimicasa-1-e1528048213782.png","width":225,"height":225,"caption":"Blog de aquimicasa.net"},"image":{"@id":"https:\/\/www.aquimicasa.net\/blog\/#\/schema\/logo\/image\/"},"sameAs":["https:\/\/www.facebook.com\/aquimicasa.net","https:\/\/www.instagram.com\/","https:\/\/x.com\/EduLizarragaD","https:\/\/www.linkedin.com\/feed\/"]},{"@type":"Person","@id":"https:\/\/www.aquimicasa.net\/blog\/#\/schema\/person\/2cdfa2605534583395c8d7ce1d6cac14","name":"Eduardo Lizarraga","image":{"@type":"ImageObject","inLanguage":"es","@id":"https:\/\/secure.gravatar.com\/avatar\/bdabe1eeeed97b65a9cb7de2edd624b07995f7e13abc5fead15961f745f908cc?s=96&d=mm&r=g","url":"https:\/\/secure.gravatar.com\/avatar\/bdabe1eeeed97b65a9cb7de2edd624b07995f7e13abc5fead15961f745f908cc?s=96&d=mm&r=g","contentUrl":"https:\/\/secure.gravatar.com\/avatar\/bdabe1eeeed97b65a9cb7de2edd624b07995f7e13abc5fead15961f745f908cc?s=96&d=mm&r=g","caption":"Eduardo Lizarraga"},"description":"Periodista Econ\u00f3mico. Ha trabajado en diversos campos de la informaci\u00f3n. Corresponsal en conflictos, analista pol\u00edtico en Congreso y Senado, periodista del medio ambiente, editor, director editorial, director de comunicaci\u00f3n.... En estos momentos se ha especializado en el sector inmobiliario. Pero tambi\u00e9n es navegante y viajero, preocupado por la pobreza, el medio ambiente y por las actuaciones descontroladas del neoliberalismo empresarial y pol\u00edtico en todo el mundo. Los desahucios, la pobreza infantil y la falta de acceso a los suministros b\u00e1sicos son algunos de los grandes dramas de nuestra sociedad y que es preciso solucionar para hacerla m\u00e1s justa. CEO en www.aquimicasa.net","sameAs":["https:\/\/www.aquimicasa.net\/"],"url":"https:\/\/www.aquimicasa.net\/blog\/author\/eduardo\/"}]}},"jetpack_publicize_connections":[],"jetpack_featured_media_url":"","jetpack_sharing_enabled":true,"jetpack_likes_enabled":true,"_links":{"self":[{"href":"https:\/\/www.aquimicasa.net\/blog\/wp-json\/wp\/v2\/posts\/4204","targetHints":{"allow":["GET"]}}],"collection":[{"href":"https:\/\/www.aquimicasa.net\/blog\/wp-json\/wp\/v2\/posts"}],"about":[{"href":"https:\/\/www.aquimicasa.net\/blog\/wp-json\/wp\/v2\/types\/post"}],"author":[{"embeddable":true,"href":"https:\/\/www.aquimicasa.net\/blog\/wp-json\/wp\/v2\/users\/3"}],"replies":[{"embeddable":true,"href":"https:\/\/www.aquimicasa.net\/blog\/wp-json\/wp\/v2\/comments?post=4204"}],"version-history":[{"count":1,"href":"https:\/\/www.aquimicasa.net\/blog\/wp-json\/wp\/v2\/posts\/4204\/revisions"}],"predecessor-version":[{"id":30401,"href":"https:\/\/www.aquimicasa.net\/blog\/wp-json\/wp\/v2\/posts\/4204\/revisions\/30401"}],"wp:attachment":[{"href":"https:\/\/www.aquimicasa.net\/blog\/wp-json\/wp\/v2\/media?parent=4204"}],"wp:term":[{"taxonomy":"category","embeddable":true,"href":"https:\/\/www.aquimicasa.net\/blog\/wp-json\/wp\/v2\/categories?post=4204"},{"taxonomy":"post_tag","embeddable":true,"href":"https:\/\/www.aquimicasa.net\/blog\/wp-json\/wp\/v2\/tags?post=4204"}],"curies":[{"name":"wp","href":"https:\/\/api.w.org\/{rel}","templated":true}]}}