{"id":4261,"date":"2014-04-13T07:05:42","date_gmt":"2014-04-13T07:05:42","guid":{"rendered":"http:\/\/haciadelante.es\/?p=4261"},"modified":"2020-04-02T18:19:56","modified_gmt":"2020-04-02T16:19:56","slug":"las-comunidades-de-propietarios-deben-reclamar-el-centimo-sanitario","status":"publish","type":"post","link":"https:\/\/www.aquimicasa.net\/blog\/consumo\/consumidores\/las-comunidades-de-propietarios-deben-reclamar-el-centimo-sanitario\/","title":{"rendered":"Las comunidades de propietarios deben reclamar el c\u00e9ntimo sanitario"},"content":{"rendered":"<p>Aunque para la gran mayor\u00eda de los espa\u00f1oles el denominado c\u00e9ntimo sanitario es un dinero que podemos dar por robado y perdido, existen determinados estamentos y grupos sociales que pueden y van a intentar su recuperaci\u00f3n. Y es que la sentencia en que el Tribunal de Justicia de la Uni\u00f3n Europea anulara el Impuesto sobre las Ventas Minoristas de Determinados Hidrocarburos se contempla la recuperaci\u00f3n de lo pagado debidamente actualizada.<\/p>\n<p>Este es el caso de las comunidades de propietarios de fincas urbanas que podr\u00e1n recuperar estas cantidades aunque Montoro amenace con todos los males de su infierno. As\u00ed, el Colegio Profesional de Administradores de Fincas de Madrid (CAFMadrid) anima a las comunidades de propietarios a reclamar ese &#8216;c\u00e9ntimo sanitario&#8217; cobrado por gastos de gas\u00f3leo para calefacci\u00f3n. No obstante, recuerda que \u00fanicamente podr\u00e1n reclamarse los ejercicios correspondientes a 2010, 2011 y 2012.<\/p>\n<p>El CAFMadrid recuerda que el &#8216;c\u00e9ntimo sanitario&#8217;, creado en enero de 2002 \u2013excepto en Canarias, Ceuta y Melilla\u2013 y cedido a las comunidades aut\u00f3nomas, se compone de la suma de otros dos impuestos: el tipo \u00abestatal\u00bb y el tipo \u00abauton\u00f3mico\u00bb. Mientras que el estatal para gas\u00f3leo de calefacci\u00f3n equivale a 6 euros por cada 1.000 litros, el tipo auton\u00f3mico est\u00e1 determinado por las distintas comunidades.En consecuencia, aquellas comunidades de propietarios que conserven las facturas podr\u00e1n solicitar todo el tributo pagado en concepto de gas\u00f3leo para calefacci\u00f3n. <\/p>\n<p>En el caso de la Comunidad de Madrid, la cantidad que representa el \u00abc\u00e9ntimo sanitario\u00bb cobrada de forma irregular y de la que Esperanza Aguirre, aunque ahora no lo recuerde, fue firme abanderada, es de 4,25 euros por cada 1.000 litros.Para reclamar la devoluci\u00f3n, el CAFMadrid recomienda seguir la v\u00eda m\u00e1s r\u00e1pida de reclamaci\u00f3n, que es la solicitud de la rectificaci\u00f3n de las autoliquidaciones que hubieren sido satisfechas, m\u00e1s los correspondientes intereses de demora, y que no se hayan visto afectadas por el plazo de prescripci\u00f3n de cuatro a\u00f1os impuesto por la ley.<\/p>\n<p>\u00danicamente podr\u00e1n reclamarse los ejercicios correspondientes a 2010, 2011 y 2012. No se podr\u00e1n devolver los suministros realizados en 2013 ya que el &#8216;c\u00e9ntimo sanitario&#8217; dej\u00f3 de estar vigente el 31 de diciembre de 2012. Est\u00e1 claro que un requisito indispensable para reclamar y por el que la mayor\u00eda de nosotros deberemos darnos por saqueados,  es el de conservar la factura. La comunidad o su administrador de fincas debe dirigir a la Agencia Tributaria, oficina gestora de impuestos especiales de su provincia, la reclamaci\u00f3n de devoluci\u00f3n de ingresos indebidos por el citado impuesto mediante el formulario publicado en la web de la AEAT. Adem\u00e1s, es necesario anexar las facturas de combustible de los a\u00f1os 2010 a 2012.El plazo m\u00e1ximo para notificar la resoluci\u00f3n es de 6 meses. Si la resoluci\u00f3n resulta favorable, se determinar\u00e1 el importe y los intereses de demora devengados mediante liquidaci\u00f3n provisional.Si, por el contrario, resulta desfavorable, contra las resoluciones de los Tribunales Econ\u00f3mico-Administrativos se podr\u00e1 iniciar la v\u00eda contencioso-administrativa.<\/p>\n<p>Compa\u00f1\u00edas de transportes est\u00e1n en la misma brega para recuperar el c\u00e9ntimo sanitario y es posible que act\u00faen de forma conjunta a trav\u00e9s de sus respectivas asociaciones o colegios profesionales.<\/p>\n","protected":false},"excerpt":{"rendered":"<p>Aunque para la gran mayor\u00eda de los espa\u00f1oles el denominado [&hellip;]<\/p>\n","protected":false},"author":3,"featured_media":0,"comment_status":"open","ping_status":"open","sticky":false,"template":"","format":"standard","meta":{"_jetpack_memberships_contains_paid_content":false,"footnotes":"","jetpack_publicize_message":"","jetpack_publicize_feature_enabled":true,"jetpack_social_post_already_shared":false,"jetpack_social_options":{"image_generator_settings":{"template":"highway","default_image_id":0,"font":"","enabled":false},"version":2}},"categories":[7512,7563],"tags":[421,654,655,657,656,253,153],"class_list":["post-4261","post","type-post","status-publish","format-standard","hentry","category-consumidores","category-noticias-consumo","tag-calefaccion","tag-centimo-sanitario","tag-devolver","tag-gasoleo","tag-hidrocarburos","tag-impuestos","tag-tribunal-de-justicia-de-la-union-europea"],"yoast_head":"<!-- This site is optimized with the Yoast SEO plugin v28.2 - https:\/\/yoast.com\/product\/yoast-seo-wordpress\/ -->\n<title>Las comunidades de propietarios deben reclamar el c\u00e9ntimo sanitario<\/title>\n<meta name=\"description\" content=\"El Tribunal de Justicia de la Uni\u00f3n Europea ha anulado el c\u00e9ntimo sanitario y deber\u00e1n devolverse las cantidades cobradas irregularmente en 2010, 2011 y 2012\" \/>\n<meta name=\"robots\" content=\"index, follow, max-snippet:-1, max-image-preview:large, max-video-preview:-1\" \/>\n<link rel=\"canonical\" href=\"https:\/\/www.aquimicasa.net\/blog\/consumo\/consumidores\/las-comunidades-de-propietarios-deben-reclamar-el-centimo-sanitario\/\" \/>\n<meta property=\"og:locale\" content=\"es_ES\" \/>\n<meta property=\"og:type\" content=\"article\" \/>\n<meta property=\"og:title\" content=\"Las comunidades de propietarios deben reclamar el c\u00e9ntimo sanitario\" \/>\n<meta property=\"og:description\" content=\"El Tribunal de Justicia de la Uni\u00f3n Europea ha anulado el c\u00e9ntimo sanitario y deber\u00e1n devolverse las cantidades cobradas irregularmente en 2010, 2011 y 2012\" \/>\n<meta property=\"og:url\" content=\"https:\/\/www.aquimicasa.net\/blog\/consumo\/consumidores\/las-comunidades-de-propietarios-deben-reclamar-el-centimo-sanitario\/\" \/>\n<meta property=\"og:site_name\" content=\"Blog de aquimicasa.net\" \/>\n<meta property=\"article:publisher\" content=\"https:\/\/www.facebook.com\/aquimicasa.net\" \/>\n<meta property=\"article:published_time\" content=\"2014-04-13T07:05:42+00:00\" \/>\n<meta property=\"article:modified_time\" content=\"2020-04-02T16:19:56+00:00\" \/>\n<meta name=\"author\" content=\"Eduardo Lizarraga\" \/>\n<meta name=\"twitter:label1\" content=\"Escrito por\" \/>\n\t<meta name=\"twitter:data1\" content=\"Eduardo Lizarraga\" \/>\n\t<meta name=\"twitter:label2\" content=\"Tiempo de lectura\" \/>\n\t<meta name=\"twitter:data2\" content=\"3 minutos\" \/>\n<script type=\"application\/ld+json\" class=\"yoast-schema-graph\">{\"@context\":\"https:\\\/\\\/schema.org\",\"@graph\":[{\"@type\":\"Article\",\"@id\":\"https:\\\/\\\/www.aquimicasa.net\\\/blog\\\/consumo\\\/consumidores\\\/las-comunidades-de-propietarios-deben-reclamar-el-centimo-sanitario\\\/#article\",\"isPartOf\":{\"@id\":\"https:\\\/\\\/www.aquimicasa.net\\\/blog\\\/consumo\\\/consumidores\\\/las-comunidades-de-propietarios-deben-reclamar-el-centimo-sanitario\\\/\"},\"author\":{\"name\":\"Eduardo Lizarraga\",\"@id\":\"https:\\\/\\\/www.aquimicasa.net\\\/blog\\\/#\\\/schema\\\/person\\\/2cdfa2605534583395c8d7ce1d6cac14\"},\"headline\":\"Las comunidades de propietarios deben reclamar el c\u00e9ntimo sanitario\",\"datePublished\":\"2014-04-13T07:05:42+00:00\",\"dateModified\":\"2020-04-02T16:19:56+00:00\",\"mainEntityOfPage\":{\"@id\":\"https:\\\/\\\/www.aquimicasa.net\\\/blog\\\/consumo\\\/consumidores\\\/las-comunidades-de-propietarios-deben-reclamar-el-centimo-sanitario\\\/\"},\"wordCount\":559,\"commentCount\":0,\"publisher\":{\"@id\":\"https:\\\/\\\/www.aquimicasa.net\\\/blog\\\/#organization\"},\"keywords\":[\"calefacci\u00f3n\",\"c\u00e9ntimo sanitario\",\"devolver\",\"gas\u00f3leo\",\"hidrocarburos\",\"Impuestos\",\"Tribunal de Justicia de la Uni\u00f3n Europea\"],\"articleSection\":[\"Consumidores\",\"Noticias Consumo\"],\"inLanguage\":\"es\",\"potentialAction\":[{\"@type\":\"CommentAction\",\"name\":\"Comment\",\"target\":[\"https:\\\/\\\/www.aquimicasa.net\\\/blog\\\/consumo\\\/consumidores\\\/las-comunidades-de-propietarios-deben-reclamar-el-centimo-sanitario\\\/#respond\"]}]},{\"@type\":\"WebPage\",\"@id\":\"https:\\\/\\\/www.aquimicasa.net\\\/blog\\\/consumo\\\/consumidores\\\/las-comunidades-de-propietarios-deben-reclamar-el-centimo-sanitario\\\/\",\"url\":\"https:\\\/\\\/www.aquimicasa.net\\\/blog\\\/consumo\\\/consumidores\\\/las-comunidades-de-propietarios-deben-reclamar-el-centimo-sanitario\\\/\",\"name\":\"Las comunidades de propietarios deben reclamar el c\u00e9ntimo sanitario\",\"isPartOf\":{\"@id\":\"https:\\\/\\\/www.aquimicasa.net\\\/blog\\\/#website\"},\"datePublished\":\"2014-04-13T07:05:42+00:00\",\"dateModified\":\"2020-04-02T16:19:56+00:00\",\"description\":\"El Tribunal de Justicia de la Uni\u00f3n Europea ha anulado el c\u00e9ntimo sanitario y deber\u00e1n devolverse las cantidades cobradas irregularmente en 2010, 2011 y 2012\",\"breadcrumb\":{\"@id\":\"https:\\\/\\\/www.aquimicasa.net\\\/blog\\\/consumo\\\/consumidores\\\/las-comunidades-de-propietarios-deben-reclamar-el-centimo-sanitario\\\/#breadcrumb\"},\"inLanguage\":\"es\",\"potentialAction\":[{\"@type\":\"ReadAction\",\"target\":[\"https:\\\/\\\/www.aquimicasa.net\\\/blog\\\/consumo\\\/consumidores\\\/las-comunidades-de-propietarios-deben-reclamar-el-centimo-sanitario\\\/\"]}]},{\"@type\":\"BreadcrumbList\",\"@id\":\"https:\\\/\\\/www.aquimicasa.net\\\/blog\\\/consumo\\\/consumidores\\\/las-comunidades-de-propietarios-deben-reclamar-el-centimo-sanitario\\\/#breadcrumb\",\"itemListElement\":[{\"@type\":\"ListItem\",\"position\":1,\"name\":\"Portada\",\"item\":\"https:\\\/\\\/www.aquimicasa.net\\\/blog\\\/\"},{\"@type\":\"ListItem\",\"position\":2,\"name\":\"Las comunidades de propietarios deben reclamar el c\u00e9ntimo sanitario\"}]},{\"@type\":\"WebSite\",\"@id\":\"https:\\\/\\\/www.aquimicasa.net\\\/blog\\\/#website\",\"url\":\"https:\\\/\\\/www.aquimicasa.net\\\/blog\\\/\",\"name\":\"Blog de aquimicasa.net\",\"description\":\"Noticias del Mundo Inmobiliario\",\"publisher\":{\"@id\":\"https:\\\/\\\/www.aquimicasa.net\\\/blog\\\/#organization\"},\"potentialAction\":[{\"@type\":\"SearchAction\",\"target\":{\"@type\":\"EntryPoint\",\"urlTemplate\":\"https:\\\/\\\/www.aquimicasa.net\\\/blog\\\/?s={search_term_string}\"},\"query-input\":{\"@type\":\"PropertyValueSpecification\",\"valueRequired\":true,\"valueName\":\"search_term_string\"}}],\"inLanguage\":\"es\"},{\"@type\":\"Organization\",\"@id\":\"https:\\\/\\\/www.aquimicasa.net\\\/blog\\\/#organization\",\"name\":\"Blog de aquimicasa.net\",\"url\":\"https:\\\/\\\/www.aquimicasa.net\\\/blog\\\/\",\"logo\":{\"@type\":\"ImageObject\",\"inLanguage\":\"es\",\"@id\":\"https:\\\/\\\/www.aquimicasa.net\\\/blog\\\/#\\\/schema\\\/logo\\\/image\\\/\",\"url\":\"https:\\\/\\\/www.aquimicasa.net\\\/blog\\\/wp-content\\\/uploads\\\/Logo-aquimicasa-1-e1528048213782.png\",\"contentUrl\":\"https:\\\/\\\/www.aquimicasa.net\\\/blog\\\/wp-content\\\/uploads\\\/Logo-aquimicasa-1-e1528048213782.png\",\"width\":225,\"height\":225,\"caption\":\"Blog de aquimicasa.net\"},\"image\":{\"@id\":\"https:\\\/\\\/www.aquimicasa.net\\\/blog\\\/#\\\/schema\\\/logo\\\/image\\\/\"},\"sameAs\":[\"https:\\\/\\\/www.facebook.com\\\/aquimicasa.net\",\"https:\\\/\\\/www.instagram.com\\\/\",\"https:\\\/\\\/x.com\\\/EduLizarragaD\",\"https:\\\/\\\/www.linkedin.com\\\/feed\\\/\"]},{\"@type\":\"Person\",\"@id\":\"https:\\\/\\\/www.aquimicasa.net\\\/blog\\\/#\\\/schema\\\/person\\\/2cdfa2605534583395c8d7ce1d6cac14\",\"name\":\"Eduardo Lizarraga\",\"image\":{\"@type\":\"ImageObject\",\"inLanguage\":\"es\",\"@id\":\"https:\\\/\\\/secure.gravatar.com\\\/avatar\\\/bdabe1eeeed97b65a9cb7de2edd624b07995f7e13abc5fead15961f745f908cc?s=96&d=mm&r=g\",\"url\":\"https:\\\/\\\/secure.gravatar.com\\\/avatar\\\/bdabe1eeeed97b65a9cb7de2edd624b07995f7e13abc5fead15961f745f908cc?s=96&d=mm&r=g\",\"contentUrl\":\"https:\\\/\\\/secure.gravatar.com\\\/avatar\\\/bdabe1eeeed97b65a9cb7de2edd624b07995f7e13abc5fead15961f745f908cc?s=96&d=mm&r=g\",\"caption\":\"Eduardo Lizarraga\"},\"description\":\"Periodista Econ\u00f3mico. Ha trabajado en diversos campos de la informaci\u00f3n. Corresponsal en conflictos, analista pol\u00edtico en Congreso y Senado, periodista del medio ambiente, editor, director editorial, director de comunicaci\u00f3n.... En estos momentos se ha especializado en el sector inmobiliario. Pero tambi\u00e9n es navegante y viajero, preocupado por la pobreza, el medio ambiente y por las actuaciones descontroladas del neoliberalismo empresarial y pol\u00edtico en todo el mundo. Los desahucios, la pobreza infantil y la falta de acceso a los suministros b\u00e1sicos son algunos de los grandes dramas de nuestra sociedad y que es preciso solucionar para hacerla m\u00e1s justa. CEO en www.aquimicasa.net\",\"sameAs\":[\"https:\\\/\\\/www.aquimicasa.net\\\/\"],\"url\":\"https:\\\/\\\/www.aquimicasa.net\\\/blog\\\/author\\\/eduardo\\\/\"}]}<\/script>\n<!-- \/ Yoast SEO plugin. -->","yoast_head_json":{"title":"Las comunidades de propietarios deben reclamar el c\u00e9ntimo sanitario","description":"El Tribunal de Justicia de la Uni\u00f3n Europea ha anulado el c\u00e9ntimo sanitario y deber\u00e1n devolverse las cantidades cobradas irregularmente en 2010, 2011 y 2012","robots":{"index":"index","follow":"follow","max-snippet":"max-snippet:-1","max-image-preview":"max-image-preview:large","max-video-preview":"max-video-preview:-1"},"canonical":"https:\/\/www.aquimicasa.net\/blog\/consumo\/consumidores\/las-comunidades-de-propietarios-deben-reclamar-el-centimo-sanitario\/","og_locale":"es_ES","og_type":"article","og_title":"Las comunidades de propietarios deben reclamar el c\u00e9ntimo sanitario","og_description":"El Tribunal de Justicia de la Uni\u00f3n Europea ha anulado el c\u00e9ntimo sanitario y deber\u00e1n devolverse las cantidades cobradas irregularmente en 2010, 2011 y 2012","og_url":"https:\/\/www.aquimicasa.net\/blog\/consumo\/consumidores\/las-comunidades-de-propietarios-deben-reclamar-el-centimo-sanitario\/","og_site_name":"Blog de aquimicasa.net","article_publisher":"https:\/\/www.facebook.com\/aquimicasa.net","article_published_time":"2014-04-13T07:05:42+00:00","article_modified_time":"2020-04-02T16:19:56+00:00","author":"Eduardo Lizarraga","twitter_misc":{"Escrito por":"Eduardo Lizarraga","Tiempo de lectura":"3 minutos"},"schema":{"@context":"https:\/\/schema.org","@graph":[{"@type":"Article","@id":"https:\/\/www.aquimicasa.net\/blog\/consumo\/consumidores\/las-comunidades-de-propietarios-deben-reclamar-el-centimo-sanitario\/#article","isPartOf":{"@id":"https:\/\/www.aquimicasa.net\/blog\/consumo\/consumidores\/las-comunidades-de-propietarios-deben-reclamar-el-centimo-sanitario\/"},"author":{"name":"Eduardo Lizarraga","@id":"https:\/\/www.aquimicasa.net\/blog\/#\/schema\/person\/2cdfa2605534583395c8d7ce1d6cac14"},"headline":"Las comunidades de propietarios deben reclamar el c\u00e9ntimo sanitario","datePublished":"2014-04-13T07:05:42+00:00","dateModified":"2020-04-02T16:19:56+00:00","mainEntityOfPage":{"@id":"https:\/\/www.aquimicasa.net\/blog\/consumo\/consumidores\/las-comunidades-de-propietarios-deben-reclamar-el-centimo-sanitario\/"},"wordCount":559,"commentCount":0,"publisher":{"@id":"https:\/\/www.aquimicasa.net\/blog\/#organization"},"keywords":["calefacci\u00f3n","c\u00e9ntimo sanitario","devolver","gas\u00f3leo","hidrocarburos","Impuestos","Tribunal de Justicia de la Uni\u00f3n Europea"],"articleSection":["Consumidores","Noticias Consumo"],"inLanguage":"es","potentialAction":[{"@type":"CommentAction","name":"Comment","target":["https:\/\/www.aquimicasa.net\/blog\/consumo\/consumidores\/las-comunidades-de-propietarios-deben-reclamar-el-centimo-sanitario\/#respond"]}]},{"@type":"WebPage","@id":"https:\/\/www.aquimicasa.net\/blog\/consumo\/consumidores\/las-comunidades-de-propietarios-deben-reclamar-el-centimo-sanitario\/","url":"https:\/\/www.aquimicasa.net\/blog\/consumo\/consumidores\/las-comunidades-de-propietarios-deben-reclamar-el-centimo-sanitario\/","name":"Las comunidades de propietarios deben reclamar el c\u00e9ntimo sanitario","isPartOf":{"@id":"https:\/\/www.aquimicasa.net\/blog\/#website"},"datePublished":"2014-04-13T07:05:42+00:00","dateModified":"2020-04-02T16:19:56+00:00","description":"El Tribunal de Justicia de la Uni\u00f3n Europea ha anulado el c\u00e9ntimo sanitario y deber\u00e1n devolverse las cantidades cobradas irregularmente en 2010, 2011 y 2012","breadcrumb":{"@id":"https:\/\/www.aquimicasa.net\/blog\/consumo\/consumidores\/las-comunidades-de-propietarios-deben-reclamar-el-centimo-sanitario\/#breadcrumb"},"inLanguage":"es","potentialAction":[{"@type":"ReadAction","target":["https:\/\/www.aquimicasa.net\/blog\/consumo\/consumidores\/las-comunidades-de-propietarios-deben-reclamar-el-centimo-sanitario\/"]}]},{"@type":"BreadcrumbList","@id":"https:\/\/www.aquimicasa.net\/blog\/consumo\/consumidores\/las-comunidades-de-propietarios-deben-reclamar-el-centimo-sanitario\/#breadcrumb","itemListElement":[{"@type":"ListItem","position":1,"name":"Portada","item":"https:\/\/www.aquimicasa.net\/blog\/"},{"@type":"ListItem","position":2,"name":"Las comunidades de propietarios deben reclamar el c\u00e9ntimo sanitario"}]},{"@type":"WebSite","@id":"https:\/\/www.aquimicasa.net\/blog\/#website","url":"https:\/\/www.aquimicasa.net\/blog\/","name":"Blog de aquimicasa.net","description":"Noticias del Mundo Inmobiliario","publisher":{"@id":"https:\/\/www.aquimicasa.net\/blog\/#organization"},"potentialAction":[{"@type":"SearchAction","target":{"@type":"EntryPoint","urlTemplate":"https:\/\/www.aquimicasa.net\/blog\/?s={search_term_string}"},"query-input":{"@type":"PropertyValueSpecification","valueRequired":true,"valueName":"search_term_string"}}],"inLanguage":"es"},{"@type":"Organization","@id":"https:\/\/www.aquimicasa.net\/blog\/#organization","name":"Blog de aquimicasa.net","url":"https:\/\/www.aquimicasa.net\/blog\/","logo":{"@type":"ImageObject","inLanguage":"es","@id":"https:\/\/www.aquimicasa.net\/blog\/#\/schema\/logo\/image\/","url":"https:\/\/www.aquimicasa.net\/blog\/wp-content\/uploads\/Logo-aquimicasa-1-e1528048213782.png","contentUrl":"https:\/\/www.aquimicasa.net\/blog\/wp-content\/uploads\/Logo-aquimicasa-1-e1528048213782.png","width":225,"height":225,"caption":"Blog de aquimicasa.net"},"image":{"@id":"https:\/\/www.aquimicasa.net\/blog\/#\/schema\/logo\/image\/"},"sameAs":["https:\/\/www.facebook.com\/aquimicasa.net","https:\/\/www.instagram.com\/","https:\/\/x.com\/EduLizarragaD","https:\/\/www.linkedin.com\/feed\/"]},{"@type":"Person","@id":"https:\/\/www.aquimicasa.net\/blog\/#\/schema\/person\/2cdfa2605534583395c8d7ce1d6cac14","name":"Eduardo Lizarraga","image":{"@type":"ImageObject","inLanguage":"es","@id":"https:\/\/secure.gravatar.com\/avatar\/bdabe1eeeed97b65a9cb7de2edd624b07995f7e13abc5fead15961f745f908cc?s=96&d=mm&r=g","url":"https:\/\/secure.gravatar.com\/avatar\/bdabe1eeeed97b65a9cb7de2edd624b07995f7e13abc5fead15961f745f908cc?s=96&d=mm&r=g","contentUrl":"https:\/\/secure.gravatar.com\/avatar\/bdabe1eeeed97b65a9cb7de2edd624b07995f7e13abc5fead15961f745f908cc?s=96&d=mm&r=g","caption":"Eduardo Lizarraga"},"description":"Periodista Econ\u00f3mico. Ha trabajado en diversos campos de la informaci\u00f3n. Corresponsal en conflictos, analista pol\u00edtico en Congreso y Senado, periodista del medio ambiente, editor, director editorial, director de comunicaci\u00f3n.... En estos momentos se ha especializado en el sector inmobiliario. Pero tambi\u00e9n es navegante y viajero, preocupado por la pobreza, el medio ambiente y por las actuaciones descontroladas del neoliberalismo empresarial y pol\u00edtico en todo el mundo. Los desahucios, la pobreza infantil y la falta de acceso a los suministros b\u00e1sicos son algunos de los grandes dramas de nuestra sociedad y que es preciso solucionar para hacerla m\u00e1s justa. CEO en www.aquimicasa.net","sameAs":["https:\/\/www.aquimicasa.net\/"],"url":"https:\/\/www.aquimicasa.net\/blog\/author\/eduardo\/"}]}},"jetpack_publicize_connections":[],"jetpack_featured_media_url":"","jetpack_sharing_enabled":true,"jetpack_likes_enabled":true,"_links":{"self":[{"href":"https:\/\/www.aquimicasa.net\/blog\/wp-json\/wp\/v2\/posts\/4261","targetHints":{"allow":["GET"]}}],"collection":[{"href":"https:\/\/www.aquimicasa.net\/blog\/wp-json\/wp\/v2\/posts"}],"about":[{"href":"https:\/\/www.aquimicasa.net\/blog\/wp-json\/wp\/v2\/types\/post"}],"author":[{"embeddable":true,"href":"https:\/\/www.aquimicasa.net\/blog\/wp-json\/wp\/v2\/users\/3"}],"replies":[{"embeddable":true,"href":"https:\/\/www.aquimicasa.net\/blog\/wp-json\/wp\/v2\/comments?post=4261"}],"version-history":[{"count":1,"href":"https:\/\/www.aquimicasa.net\/blog\/wp-json\/wp\/v2\/posts\/4261\/revisions"}],"predecessor-version":[{"id":30216,"href":"https:\/\/www.aquimicasa.net\/blog\/wp-json\/wp\/v2\/posts\/4261\/revisions\/30216"}],"wp:attachment":[{"href":"https:\/\/www.aquimicasa.net\/blog\/wp-json\/wp\/v2\/media?parent=4261"}],"wp:term":[{"taxonomy":"category","embeddable":true,"href":"https:\/\/www.aquimicasa.net\/blog\/wp-json\/wp\/v2\/categories?post=4261"},{"taxonomy":"post_tag","embeddable":true,"href":"https:\/\/www.aquimicasa.net\/blog\/wp-json\/wp\/v2\/tags?post=4261"}],"curies":[{"name":"wp","href":"https:\/\/api.w.org\/{rel}","templated":true}]}}