{"id":4271,"date":"2014-04-11T12:22:42","date_gmt":"2014-04-11T12:22:42","guid":{"rendered":"http:\/\/haciadelante.es\/?p=4271"},"modified":"2020-05-28T18:28:20","modified_gmt":"2020-05-28T16:28:20","slug":"la-moderacion-de-las-bajadas-de-precios-inmobiliarios-augura-la-recuperacion","status":"publish","type":"post","link":"https:\/\/www.aquimicasa.net\/blog\/vivienda\/desahucio\/la-moderacion-de-las-bajadas-de-precios-inmobiliarios-augura-la-recuperacion\/","title":{"rendered":"La moderada caida de precios inmobiliarios augura la recuperaci\u00f3n"},"content":{"rendered":"<p>Aunque contin\u00faa bajando en casi todo el pa\u00eds, con un 6,3% durante el primer trimestre del a\u00f1o 2014 en comparaci\u00f3n con el mismo periodo de 2013, en algunas ciudades como Barcelona y Sevilla sube de forma moderada. <\/p>\n<p>El precio de los pisos, tanto nuevos como usados, acumula una contracci\u00f3n del 47,1% respecto al importe m\u00e1ximo de 2.400 euros que alcanz\u00f3 en 2007, antes de que estallara la &#8216;burbuja inmobiliaria&#8217; y comenzara la crisis. Pero los datos del primer trimestre presentan una m\u00e1s moderada ca\u00edda de los precios, sobre todo en las viviendas de mayor calidad, donde la ca\u00edda de los tres primeros meses del a\u00f1o se reduce al 3%. <\/p>\n<p>En Barcelona y Sevilla cerraron los tres primeros meses del a\u00f1o con subidas en el precio medio de los pisos, del 0,5% en la Ciudad Condal y del 3,4% en la capital andaluza.  Sin embargo, otras capitales de provincia, como Zaragoza y Bilbao,  experimentan un mayor ajuste en el precio de la vivienda con descensos del 14,5% y del 14,1%, respectivamente. <\/p>\n<p>Por comunidades aut\u00f3nomas, Canarias y Comunidad Valenciana son las que registraron un mayor descenso en el precio medio de la vivienda, con bajadas del 10,7% y del 10,5%, respectivamente. Las ca\u00eddas menos acusadas se localizaron en Cantabria (-1,3%), Navarra (-2,6%) y Galicia (-3%). Otras comunidades aut\u00f3nomas siguen la senda moderada en la ca\u00edda de los precios.<\/p>\n<p>La evoluci\u00f3n de los precios de la vivienda seguir\u00e1 siendo a la baja en los pr\u00f3ximos meses, aunque una tendencia moderada va augurando el suelo del producto y la recuperaci\u00f3n. En ello tambi\u00e9n influyen la confianza en la evoluci\u00f3n de la econom\u00eda y el aumento en la venta de inmuebles. Tambi\u00e9n la llegada de los fondos de capital riesgo, que est\u00e1n absorbiendo una parte del stock existente. <\/p>\n<p>En el lado contrario la persistencia del paro y las limitaciones en el acceso a la financiaci\u00f3n, que est\u00e1n impidiendo que el segmento de particulares se active, restringiendo la compra de viviendas \u00fanicamente a quienes disponen de capital propio para invertir a lo que hay que unir la supresi\u00f3n de los incentivos fiscales a la compra de un piso.<\/p>\n","protected":false},"excerpt":{"rendered":"<p>Aunque contin\u00faa bajando en casi todo el pa\u00eds, con un [&hellip;]<\/p>\n","protected":false},"author":3,"featured_media":0,"comment_status":"open","ping_status":"open","sticky":false,"template":"","format":"standard","meta":{"_jetpack_memberships_contains_paid_content":false,"footnotes":"","jetpack_publicize_message":"","jetpack_publicize_feature_enabled":true,"jetpack_social_post_already_shared":false,"jetpack_social_options":{"image_generator_settings":{"template":"highway","default_image_id":0,"font":"","enabled":false},"version":2}},"categories":[46,57,100,7512,43,25,7563,7564,7565,7566,96],"tags":[652,441,420,416],"class_list":["post-4271","post","type-post","status-publish","format-standard","hentry","category-bancos","category-bce","category-compraventa-de-viviendas","category-consumidores","category-credito-hipotecario","category-desahucio","category-noticias-consumo","category-noticias-economia","category-noticias-mercado-inmobiliario","category-noticias-sobre-el-mercado-hipotecario","category-construccion-de-viviendas","tag-burbuja-inmobiliaria","tag-estabilidad","tag-precios","tag-suelo"],"yoast_head":"<!-- This site is optimized with the Yoast SEO plugin v28.2 - https:\/\/yoast.com\/product\/yoast-seo-wordpress\/ -->\n<title>La moderada caida de los precios inmobiliarios augura la recuperaci\u00f3n<\/title>\n<meta name=\"description\" content=\"La ca\u00edda de los precios inmobiliarios va moder\u00e1ndose augurando una recuperaci\u00f3n que a\u00fan se ve imposibilitada por la ausencia de cr\u00e9ditos.\" \/>\n<meta name=\"robots\" content=\"index, follow, max-snippet:-1, max-image-preview:large, max-video-preview:-1\" \/>\n<link rel=\"canonical\" href=\"https:\/\/www.aquimicasa.net\/blog\/vivienda\/desahucio\/la-moderacion-de-las-bajadas-de-precios-inmobiliarios-augura-la-recuperacion\/\" \/>\n<meta property=\"og:locale\" content=\"es_ES\" \/>\n<meta property=\"og:type\" content=\"article\" \/>\n<meta property=\"og:title\" content=\"La moderada caida de los precios inmobiliarios augura la recuperaci\u00f3n\" \/>\n<meta property=\"og:description\" content=\"La ca\u00edda de los precios inmobiliarios va moder\u00e1ndose augurando una recuperaci\u00f3n que a\u00fan se ve imposibilitada por la ausencia de cr\u00e9ditos.\" \/>\n<meta property=\"og:url\" content=\"https:\/\/www.aquimicasa.net\/blog\/vivienda\/desahucio\/la-moderacion-de-las-bajadas-de-precios-inmobiliarios-augura-la-recuperacion\/\" \/>\n<meta property=\"og:site_name\" content=\"Blog de aquimicasa.net\" \/>\n<meta property=\"article:publisher\" content=\"https:\/\/www.facebook.com\/aquimicasa.net\" \/>\n<meta property=\"article:published_time\" content=\"2014-04-11T12:22:42+00:00\" \/>\n<meta property=\"article:modified_time\" content=\"2020-05-28T16:28:20+00:00\" \/>\n<meta name=\"author\" content=\"Eduardo Lizarraga\" \/>\n<meta name=\"twitter:label1\" content=\"Escrito por\" \/>\n\t<meta name=\"twitter:data1\" content=\"Eduardo Lizarraga\" \/>\n\t<meta name=\"twitter:label2\" content=\"Tiempo de lectura\" \/>\n\t<meta name=\"twitter:data2\" content=\"2 minutos\" \/>\n<script type=\"application\/ld+json\" class=\"yoast-schema-graph\">{\"@context\":\"https:\\\/\\\/schema.org\",\"@graph\":[{\"@type\":\"Article\",\"@id\":\"https:\\\/\\\/www.aquimicasa.net\\\/blog\\\/vivienda\\\/desahucio\\\/la-moderacion-de-las-bajadas-de-precios-inmobiliarios-augura-la-recuperacion\\\/#article\",\"isPartOf\":{\"@id\":\"https:\\\/\\\/www.aquimicasa.net\\\/blog\\\/vivienda\\\/desahucio\\\/la-moderacion-de-las-bajadas-de-precios-inmobiliarios-augura-la-recuperacion\\\/\"},\"author\":{\"name\":\"Eduardo Lizarraga\",\"@id\":\"https:\\\/\\\/www.aquimicasa.net\\\/blog\\\/#\\\/schema\\\/person\\\/2cdfa2605534583395c8d7ce1d6cac14\"},\"headline\":\"La moderada caida de precios inmobiliarios augura la recuperaci\u00f3n\",\"datePublished\":\"2014-04-11T12:22:42+00:00\",\"dateModified\":\"2020-05-28T16:28:20+00:00\",\"mainEntityOfPage\":{\"@id\":\"https:\\\/\\\/www.aquimicasa.net\\\/blog\\\/vivienda\\\/desahucio\\\/la-moderacion-de-las-bajadas-de-precios-inmobiliarios-augura-la-recuperacion\\\/\"},\"wordCount\":375,\"commentCount\":0,\"publisher\":{\"@id\":\"https:\\\/\\\/www.aquimicasa.net\\\/blog\\\/#organization\"},\"keywords\":[\"burbuja inmobiliaria\",\"estabilidad\",\"precios\",\"suelo\"],\"articleSection\":[\"Bancos\",\"BCE\",\"Compra Venta\",\"Consumidores\",\"Cr\u00e9dito hipotecario\",\"Desahucios\",\"Noticias Consumo\",\"Noticias Econom\u00eda\",\"Noticias Mercado Inmobiliario\",\"Noticias sobre el Mercado Hipotecario\",\"Obra Nueva\"],\"inLanguage\":\"es\",\"potentialAction\":[{\"@type\":\"CommentAction\",\"name\":\"Comment\",\"target\":[\"https:\\\/\\\/www.aquimicasa.net\\\/blog\\\/vivienda\\\/desahucio\\\/la-moderacion-de-las-bajadas-de-precios-inmobiliarios-augura-la-recuperacion\\\/#respond\"]}]},{\"@type\":\"WebPage\",\"@id\":\"https:\\\/\\\/www.aquimicasa.net\\\/blog\\\/vivienda\\\/desahucio\\\/la-moderacion-de-las-bajadas-de-precios-inmobiliarios-augura-la-recuperacion\\\/\",\"url\":\"https:\\\/\\\/www.aquimicasa.net\\\/blog\\\/vivienda\\\/desahucio\\\/la-moderacion-de-las-bajadas-de-precios-inmobiliarios-augura-la-recuperacion\\\/\",\"name\":\"La moderada caida de los precios inmobiliarios augura la recuperaci\u00f3n\",\"isPartOf\":{\"@id\":\"https:\\\/\\\/www.aquimicasa.net\\\/blog\\\/#website\"},\"datePublished\":\"2014-04-11T12:22:42+00:00\",\"dateModified\":\"2020-05-28T16:28:20+00:00\",\"description\":\"La ca\u00edda de los precios inmobiliarios va moder\u00e1ndose augurando una recuperaci\u00f3n que a\u00fan se ve imposibilitada por la ausencia de cr\u00e9ditos.\",\"breadcrumb\":{\"@id\":\"https:\\\/\\\/www.aquimicasa.net\\\/blog\\\/vivienda\\\/desahucio\\\/la-moderacion-de-las-bajadas-de-precios-inmobiliarios-augura-la-recuperacion\\\/#breadcrumb\"},\"inLanguage\":\"es\",\"potentialAction\":[{\"@type\":\"ReadAction\",\"target\":[\"https:\\\/\\\/www.aquimicasa.net\\\/blog\\\/vivienda\\\/desahucio\\\/la-moderacion-de-las-bajadas-de-precios-inmobiliarios-augura-la-recuperacion\\\/\"]}]},{\"@type\":\"BreadcrumbList\",\"@id\":\"https:\\\/\\\/www.aquimicasa.net\\\/blog\\\/vivienda\\\/desahucio\\\/la-moderacion-de-las-bajadas-de-precios-inmobiliarios-augura-la-recuperacion\\\/#breadcrumb\",\"itemListElement\":[{\"@type\":\"ListItem\",\"position\":1,\"name\":\"Portada\",\"item\":\"https:\\\/\\\/www.aquimicasa.net\\\/blog\\\/\"},{\"@type\":\"ListItem\",\"position\":2,\"name\":\"La moderada caida de precios inmobiliarios augura la recuperaci\u00f3n\"}]},{\"@type\":\"WebSite\",\"@id\":\"https:\\\/\\\/www.aquimicasa.net\\\/blog\\\/#website\",\"url\":\"https:\\\/\\\/www.aquimicasa.net\\\/blog\\\/\",\"name\":\"Blog de aquimicasa.net\",\"description\":\"Noticias del Mundo Inmobiliario\",\"publisher\":{\"@id\":\"https:\\\/\\\/www.aquimicasa.net\\\/blog\\\/#organization\"},\"potentialAction\":[{\"@type\":\"SearchAction\",\"target\":{\"@type\":\"EntryPoint\",\"urlTemplate\":\"https:\\\/\\\/www.aquimicasa.net\\\/blog\\\/?s={search_term_string}\"},\"query-input\":{\"@type\":\"PropertyValueSpecification\",\"valueRequired\":true,\"valueName\":\"search_term_string\"}}],\"inLanguage\":\"es\"},{\"@type\":\"Organization\",\"@id\":\"https:\\\/\\\/www.aquimicasa.net\\\/blog\\\/#organization\",\"name\":\"Blog de aquimicasa.net\",\"url\":\"https:\\\/\\\/www.aquimicasa.net\\\/blog\\\/\",\"logo\":{\"@type\":\"ImageObject\",\"inLanguage\":\"es\",\"@id\":\"https:\\\/\\\/www.aquimicasa.net\\\/blog\\\/#\\\/schema\\\/logo\\\/image\\\/\",\"url\":\"https:\\\/\\\/www.aquimicasa.net\\\/blog\\\/wp-content\\\/uploads\\\/Logo-aquimicasa-1-e1528048213782.png\",\"contentUrl\":\"https:\\\/\\\/www.aquimicasa.net\\\/blog\\\/wp-content\\\/uploads\\\/Logo-aquimicasa-1-e1528048213782.png\",\"width\":225,\"height\":225,\"caption\":\"Blog de aquimicasa.net\"},\"image\":{\"@id\":\"https:\\\/\\\/www.aquimicasa.net\\\/blog\\\/#\\\/schema\\\/logo\\\/image\\\/\"},\"sameAs\":[\"https:\\\/\\\/www.facebook.com\\\/aquimicasa.net\",\"https:\\\/\\\/www.instagram.com\\\/\",\"https:\\\/\\\/x.com\\\/EduLizarragaD\",\"https:\\\/\\\/www.linkedin.com\\\/feed\\\/\"]},{\"@type\":\"Person\",\"@id\":\"https:\\\/\\\/www.aquimicasa.net\\\/blog\\\/#\\\/schema\\\/person\\\/2cdfa2605534583395c8d7ce1d6cac14\",\"name\":\"Eduardo Lizarraga\",\"image\":{\"@type\":\"ImageObject\",\"inLanguage\":\"es\",\"@id\":\"https:\\\/\\\/secure.gravatar.com\\\/avatar\\\/bdabe1eeeed97b65a9cb7de2edd624b07995f7e13abc5fead15961f745f908cc?s=96&d=mm&r=g\",\"url\":\"https:\\\/\\\/secure.gravatar.com\\\/avatar\\\/bdabe1eeeed97b65a9cb7de2edd624b07995f7e13abc5fead15961f745f908cc?s=96&d=mm&r=g\",\"contentUrl\":\"https:\\\/\\\/secure.gravatar.com\\\/avatar\\\/bdabe1eeeed97b65a9cb7de2edd624b07995f7e13abc5fead15961f745f908cc?s=96&d=mm&r=g\",\"caption\":\"Eduardo Lizarraga\"},\"description\":\"Periodista Econ\u00f3mico. Ha trabajado en diversos campos de la informaci\u00f3n. Corresponsal en conflictos, analista pol\u00edtico en Congreso y Senado, periodista del medio ambiente, editor, director editorial, director de comunicaci\u00f3n.... En estos momentos se ha especializado en el sector inmobiliario. Pero tambi\u00e9n es navegante y viajero, preocupado por la pobreza, el medio ambiente y por las actuaciones descontroladas del neoliberalismo empresarial y pol\u00edtico en todo el mundo. Los desahucios, la pobreza infantil y la falta de acceso a los suministros b\u00e1sicos son algunos de los grandes dramas de nuestra sociedad y que es preciso solucionar para hacerla m\u00e1s justa. CEO en www.aquimicasa.net\",\"sameAs\":[\"https:\\\/\\\/www.aquimicasa.net\\\/\"],\"url\":\"https:\\\/\\\/www.aquimicasa.net\\\/blog\\\/author\\\/eduardo\\\/\"}]}<\/script>\n<!-- \/ Yoast SEO plugin. -->","yoast_head_json":{"title":"La moderada caida de los precios inmobiliarios augura la recuperaci\u00f3n","description":"La ca\u00edda de los precios inmobiliarios va moder\u00e1ndose augurando una recuperaci\u00f3n que a\u00fan se ve imposibilitada por la ausencia de cr\u00e9ditos.","robots":{"index":"index","follow":"follow","max-snippet":"max-snippet:-1","max-image-preview":"max-image-preview:large","max-video-preview":"max-video-preview:-1"},"canonical":"https:\/\/www.aquimicasa.net\/blog\/vivienda\/desahucio\/la-moderacion-de-las-bajadas-de-precios-inmobiliarios-augura-la-recuperacion\/","og_locale":"es_ES","og_type":"article","og_title":"La moderada caida de los precios inmobiliarios augura la recuperaci\u00f3n","og_description":"La ca\u00edda de los precios inmobiliarios va moder\u00e1ndose augurando una recuperaci\u00f3n que a\u00fan se ve imposibilitada por la ausencia de cr\u00e9ditos.","og_url":"https:\/\/www.aquimicasa.net\/blog\/vivienda\/desahucio\/la-moderacion-de-las-bajadas-de-precios-inmobiliarios-augura-la-recuperacion\/","og_site_name":"Blog de aquimicasa.net","article_publisher":"https:\/\/www.facebook.com\/aquimicasa.net","article_published_time":"2014-04-11T12:22:42+00:00","article_modified_time":"2020-05-28T16:28:20+00:00","author":"Eduardo Lizarraga","twitter_misc":{"Escrito por":"Eduardo Lizarraga","Tiempo de lectura":"2 minutos"},"schema":{"@context":"https:\/\/schema.org","@graph":[{"@type":"Article","@id":"https:\/\/www.aquimicasa.net\/blog\/vivienda\/desahucio\/la-moderacion-de-las-bajadas-de-precios-inmobiliarios-augura-la-recuperacion\/#article","isPartOf":{"@id":"https:\/\/www.aquimicasa.net\/blog\/vivienda\/desahucio\/la-moderacion-de-las-bajadas-de-precios-inmobiliarios-augura-la-recuperacion\/"},"author":{"name":"Eduardo Lizarraga","@id":"https:\/\/www.aquimicasa.net\/blog\/#\/schema\/person\/2cdfa2605534583395c8d7ce1d6cac14"},"headline":"La moderada caida de precios inmobiliarios augura la recuperaci\u00f3n","datePublished":"2014-04-11T12:22:42+00:00","dateModified":"2020-05-28T16:28:20+00:00","mainEntityOfPage":{"@id":"https:\/\/www.aquimicasa.net\/blog\/vivienda\/desahucio\/la-moderacion-de-las-bajadas-de-precios-inmobiliarios-augura-la-recuperacion\/"},"wordCount":375,"commentCount":0,"publisher":{"@id":"https:\/\/www.aquimicasa.net\/blog\/#organization"},"keywords":["burbuja inmobiliaria","estabilidad","precios","suelo"],"articleSection":["Bancos","BCE","Compra Venta","Consumidores","Cr\u00e9dito hipotecario","Desahucios","Noticias Consumo","Noticias Econom\u00eda","Noticias Mercado Inmobiliario","Noticias sobre el Mercado Hipotecario","Obra Nueva"],"inLanguage":"es","potentialAction":[{"@type":"CommentAction","name":"Comment","target":["https:\/\/www.aquimicasa.net\/blog\/vivienda\/desahucio\/la-moderacion-de-las-bajadas-de-precios-inmobiliarios-augura-la-recuperacion\/#respond"]}]},{"@type":"WebPage","@id":"https:\/\/www.aquimicasa.net\/blog\/vivienda\/desahucio\/la-moderacion-de-las-bajadas-de-precios-inmobiliarios-augura-la-recuperacion\/","url":"https:\/\/www.aquimicasa.net\/blog\/vivienda\/desahucio\/la-moderacion-de-las-bajadas-de-precios-inmobiliarios-augura-la-recuperacion\/","name":"La moderada caida de los precios inmobiliarios augura la recuperaci\u00f3n","isPartOf":{"@id":"https:\/\/www.aquimicasa.net\/blog\/#website"},"datePublished":"2014-04-11T12:22:42+00:00","dateModified":"2020-05-28T16:28:20+00:00","description":"La ca\u00edda de los precios inmobiliarios va moder\u00e1ndose augurando una recuperaci\u00f3n que a\u00fan se ve imposibilitada por la ausencia de cr\u00e9ditos.","breadcrumb":{"@id":"https:\/\/www.aquimicasa.net\/blog\/vivienda\/desahucio\/la-moderacion-de-las-bajadas-de-precios-inmobiliarios-augura-la-recuperacion\/#breadcrumb"},"inLanguage":"es","potentialAction":[{"@type":"ReadAction","target":["https:\/\/www.aquimicasa.net\/blog\/vivienda\/desahucio\/la-moderacion-de-las-bajadas-de-precios-inmobiliarios-augura-la-recuperacion\/"]}]},{"@type":"BreadcrumbList","@id":"https:\/\/www.aquimicasa.net\/blog\/vivienda\/desahucio\/la-moderacion-de-las-bajadas-de-precios-inmobiliarios-augura-la-recuperacion\/#breadcrumb","itemListElement":[{"@type":"ListItem","position":1,"name":"Portada","item":"https:\/\/www.aquimicasa.net\/blog\/"},{"@type":"ListItem","position":2,"name":"La moderada caida de precios inmobiliarios augura la recuperaci\u00f3n"}]},{"@type":"WebSite","@id":"https:\/\/www.aquimicasa.net\/blog\/#website","url":"https:\/\/www.aquimicasa.net\/blog\/","name":"Blog de aquimicasa.net","description":"Noticias del Mundo Inmobiliario","publisher":{"@id":"https:\/\/www.aquimicasa.net\/blog\/#organization"},"potentialAction":[{"@type":"SearchAction","target":{"@type":"EntryPoint","urlTemplate":"https:\/\/www.aquimicasa.net\/blog\/?s={search_term_string}"},"query-input":{"@type":"PropertyValueSpecification","valueRequired":true,"valueName":"search_term_string"}}],"inLanguage":"es"},{"@type":"Organization","@id":"https:\/\/www.aquimicasa.net\/blog\/#organization","name":"Blog de aquimicasa.net","url":"https:\/\/www.aquimicasa.net\/blog\/","logo":{"@type":"ImageObject","inLanguage":"es","@id":"https:\/\/www.aquimicasa.net\/blog\/#\/schema\/logo\/image\/","url":"https:\/\/www.aquimicasa.net\/blog\/wp-content\/uploads\/Logo-aquimicasa-1-e1528048213782.png","contentUrl":"https:\/\/www.aquimicasa.net\/blog\/wp-content\/uploads\/Logo-aquimicasa-1-e1528048213782.png","width":225,"height":225,"caption":"Blog de aquimicasa.net"},"image":{"@id":"https:\/\/www.aquimicasa.net\/blog\/#\/schema\/logo\/image\/"},"sameAs":["https:\/\/www.facebook.com\/aquimicasa.net","https:\/\/www.instagram.com\/","https:\/\/x.com\/EduLizarragaD","https:\/\/www.linkedin.com\/feed\/"]},{"@type":"Person","@id":"https:\/\/www.aquimicasa.net\/blog\/#\/schema\/person\/2cdfa2605534583395c8d7ce1d6cac14","name":"Eduardo Lizarraga","image":{"@type":"ImageObject","inLanguage":"es","@id":"https:\/\/secure.gravatar.com\/avatar\/bdabe1eeeed97b65a9cb7de2edd624b07995f7e13abc5fead15961f745f908cc?s=96&d=mm&r=g","url":"https:\/\/secure.gravatar.com\/avatar\/bdabe1eeeed97b65a9cb7de2edd624b07995f7e13abc5fead15961f745f908cc?s=96&d=mm&r=g","contentUrl":"https:\/\/secure.gravatar.com\/avatar\/bdabe1eeeed97b65a9cb7de2edd624b07995f7e13abc5fead15961f745f908cc?s=96&d=mm&r=g","caption":"Eduardo Lizarraga"},"description":"Periodista Econ\u00f3mico. Ha trabajado en diversos campos de la informaci\u00f3n. Corresponsal en conflictos, analista pol\u00edtico en Congreso y Senado, periodista del medio ambiente, editor, director editorial, director de comunicaci\u00f3n.... En estos momentos se ha especializado en el sector inmobiliario. Pero tambi\u00e9n es navegante y viajero, preocupado por la pobreza, el medio ambiente y por las actuaciones descontroladas del neoliberalismo empresarial y pol\u00edtico en todo el mundo. Los desahucios, la pobreza infantil y la falta de acceso a los suministros b\u00e1sicos son algunos de los grandes dramas de nuestra sociedad y que es preciso solucionar para hacerla m\u00e1s justa. CEO en www.aquimicasa.net","sameAs":["https:\/\/www.aquimicasa.net\/"],"url":"https:\/\/www.aquimicasa.net\/blog\/author\/eduardo\/"}]}},"jetpack_publicize_connections":[],"jetpack_featured_media_url":"","jetpack_sharing_enabled":true,"jetpack_likes_enabled":true,"_links":{"self":[{"href":"https:\/\/www.aquimicasa.net\/blog\/wp-json\/wp\/v2\/posts\/4271","targetHints":{"allow":["GET"]}}],"collection":[{"href":"https:\/\/www.aquimicasa.net\/blog\/wp-json\/wp\/v2\/posts"}],"about":[{"href":"https:\/\/www.aquimicasa.net\/blog\/wp-json\/wp\/v2\/types\/post"}],"author":[{"embeddable":true,"href":"https:\/\/www.aquimicasa.net\/blog\/wp-json\/wp\/v2\/users\/3"}],"replies":[{"embeddable":true,"href":"https:\/\/www.aquimicasa.net\/blog\/wp-json\/wp\/v2\/comments?post=4271"}],"version-history":[{"count":1,"href":"https:\/\/www.aquimicasa.net\/blog\/wp-json\/wp\/v2\/posts\/4271\/revisions"}],"predecessor-version":[{"id":30218,"href":"https:\/\/www.aquimicasa.net\/blog\/wp-json\/wp\/v2\/posts\/4271\/revisions\/30218"}],"wp:attachment":[{"href":"https:\/\/www.aquimicasa.net\/blog\/wp-json\/wp\/v2\/media?parent=4271"}],"wp:term":[{"taxonomy":"category","embeddable":true,"href":"https:\/\/www.aquimicasa.net\/blog\/wp-json\/wp\/v2\/categories?post=4271"},{"taxonomy":"post_tag","embeddable":true,"href":"https:\/\/www.aquimicasa.net\/blog\/wp-json\/wp\/v2\/tags?post=4271"}],"curies":[{"name":"wp","href":"https:\/\/api.w.org\/{rel}","templated":true}]}}