{"id":42859,"date":"2022-12-22T22:43:57","date_gmt":"2022-12-22T21:43:57","guid":{"rendered":"https:\/\/www.aquimicasa.net\/blog\/?p=42859"},"modified":"2022-12-22T22:43:57","modified_gmt":"2022-12-22T21:43:57","slug":"la-compraventa-de-viviendas-cerrara-el-ano-subiendo-el-13","status":"publish","type":"post","link":"https:\/\/www.aquimicasa.net\/blog\/vivienda\/compraventa-de-viviendas\/la-compraventa-de-viviendas-cerrara-el-ano-subiendo-el-13\/","title":{"rendered":"La compraventa de viviendas cerrara el a\u00f1o subiendo el 13%"},"content":{"rendered":"<div class=\"fusion-fullwidth fullwidth-box fusion-builder-row-1 fusion-flex-container nonhundred-percent-fullwidth non-hundred-percent-height-scrolling\" style=\"background-color: rgba(255,255,255,0);background-position: center center;background-repeat: no-repeat;border-width: 0px 0px 0px 0px;border-color:#eae9e9;border-style:solid;\" ><div class=\"fusion-builder-row fusion-row fusion-flex-align-items-flex-start\" style=\"max-width:1144px;margin-left: calc(-4% \/ 2 );margin-right: calc(-4% \/ 2 );\"><div class=\"fusion-layout-column fusion_builder_column fusion-builder-column-0 fusion_builder_column_1_1 1_1 fusion-flex-column\"><div class=\"fusion-column-wrapper fusion-flex-justify-content-flex-start fusion-content-layout-column\" style=\"background-position:left top;background-repeat:no-repeat;-webkit-background-size:cover;-moz-background-size:cover;-o-background-size:cover;background-size:cover;padding: 0px 0px 0px 0px;\"><div class=\"fusion-text fusion-text-1\"><p>Con el final del a\u00f1o llega el momento de hacer balance de lo sucedido y muchos de los prescriptores del sector muestran sus informes de situaci\u00f3n y previsiones. Es el caso de Solvia que lo hace con su <b>Solvia Market View <\/b>asegurando que durante el tercer trimestre, se ha producido un aumento de transacciones del 2,4% frente a los tres meses previos, fruto de que muchos compradores est\u00e1n anticipando sus decisiones de compra para evitar nuevas subidas en los tipos de inter\u00e9s, seg\u00fan el an\u00e1lisis de Solvia.<\/p>\n<p>Pese a la incertidumbre econ\u00f3mica actual, marcada por un contexto inflacionista, la subida progresiva de los tipos de inter\u00e9s y la falta de stock de vivienda, el\u00a0<b>tercer trimestre<\/b>\u00a0del a\u00f1o mostr\u00f3 un claro\u00a0<b>dinamismo en cuanto a la compraventa de vivienda<\/b>.\u00a0 Esta es una de las principales conclusiones del\u00a0<b>III Solvia Market View 2022<\/b>, del que se desprende que\u00a0<b>2022<\/b>\u00a0cerrar\u00e1 con un\u00a0<b>volumen de transacciones<\/b>\u00a0cercano a las\u00a0<b>640.000 operaciones<\/b>, una cifra que superar\u00eda en algo m\u00e1s del 13% a la de 2021 (564.569).<\/p>\n<p>De cara a 2023, la tendencia cambiar\u00eda y una primera estimaci\u00f3n podr\u00eda ajustarse en torno a las\u00a0<b>580.000<\/b>\u00a0compraventas al finalizar el a\u00f1o. Unos niveles, no obstante, que seguir\u00e1n siendo superiores a las cifras previas a la pandemia.<\/p>\n<p>El informa de Solvia, correspondiente al periodo comprendido entre los meses de julio, agosto y septiembre, asegura que\u00a0 el n\u00famero de transacciones se ha <b>incrementado<\/b>\u00a0un\u00a0<b>8,9% interanual y un 2,4% trimestral<\/b>. Por tipolog\u00eda de vivienda, es la obra nueva, con un\u00a0<b>aumento del 2,6% trimestral<\/b>, la que ha acelerado el nivel de operaciones frente a la segunda mano, con\u00a0<b>un incremento del 2,4<\/b>%, similar a la media nacional<b>.<\/b>\u00a0En t\u00e9rminos interanuales, la obra nueva se ha ajustado un 2,8%, fruto de la disminuci\u00f3n de la oferta de esta tipolog\u00eda frente a hace un a\u00f1o, y la usada ha aumentado un 11,7%.<\/p>\n<p><img decoding=\"async\" class=\"bodytext-image\" src=\"https:\/\/observatorioinmobiliario.es\/media\/images\/solvia_graf_04.width-720.png\" alt=\"Evoluci\u00f3n de las transacciones 2019\/2022 (IIIT) en Espa\u00f1a\" width=\"720\" height=\"254\" \/>EVOLUCI\u00d3N DE LAS TRANSACCIONES 2019\/2022 (IIIT) EN ESPA\u00d1A<\/p>\n<p><img decoding=\"async\" class=\"alignnone wp-image-42883\" src=\"https:\/\/www.aquimicasa.net\/blog\/wp-content\/uploads\/Ernesto-Ferrer-Bonsoms-300x300.jpg\" alt=\"\" width=\"158\" height=\"158\" srcset=\"https:\/\/www.aquimicasa.net\/blog\/wp-content\/uploads\/Ernesto-Ferrer-Bonsoms-66x66.jpg 66w, https:\/\/www.aquimicasa.net\/blog\/wp-content\/uploads\/Ernesto-Ferrer-Bonsoms-150x150.jpg 150w, https:\/\/www.aquimicasa.net\/blog\/wp-content\/uploads\/Ernesto-Ferrer-Bonsoms-200x200.jpg 200w, https:\/\/www.aquimicasa.net\/blog\/wp-content\/uploads\/Ernesto-Ferrer-Bonsoms-300x300.jpg 300w, https:\/\/www.aquimicasa.net\/blog\/wp-content\/uploads\/Ernesto-Ferrer-Bonsoms-400x400.jpg 400w, https:\/\/www.aquimicasa.net\/blog\/wp-content\/uploads\/Ernesto-Ferrer-Bonsoms.jpg 555w\" sizes=\"(max-width: 158px) 100vw, 158px\" \/>Para\u00a0<b>Ernesto Ferrer-Bonsoms, director de negocio de<\/b>\u00a0<b>Solvia,<\/b>\u00a0\u201c<i>estas cifras reflejan el dinamismo que ha mantenido el sector en este tercer trimestre, en el que <strong>muchos compradores han anticipado su decisi\u00f3n de adquirir una vivienda<\/strong> para evitar nuevas subidas en los tipos de inter\u00e9s. Aunque esperamos un cambio de tendencia en 2023, la actividad inmobiliaria seguir\u00e1 siendo un importante motor para la econom\u00eda, con niveles de actividad superiores o similares a los alcanzados en los a\u00f1os previos a la pandemia<\/i>\u201d.<\/p>\n<p>A nivel provincial, la variaci\u00f3n es muy heterog\u00e9nea. Respecto al mismo periodo de 2021, todas las provincias han visto incrementos en el n\u00famero de operaciones.\u00a0<b>Alicante, Baleares, M\u00e1laga, Las Palmas y Santa Cruz de Tenerife<\/b>\u00a0registraron los mayores aumentos, comprendidos entre un 32,8% y un 41,6%. Sin embargo, frente al segundo trimestre de 2022, han sido\u00a0<b>21<\/b>\u00a0las regiones que vieron\u00a0<b>descensos<\/b>\u00a0en el n\u00famero de operaciones. Soria ha registrado la mayor tasa negativa, con un 20,9%, seguida de\u00a0<b>Albacete y La Rioja<\/b>, provincias en las que las compraventas tambi\u00e9n cayeron a doble d\u00edgito.\u00a0<b>Zamora<\/b>\u00a0tuvo la mayor subida, con un 38%, seguida de\u00a0<b>Almer\u00eda<\/b>\u00a0con un 24%.<\/p>\n<\/div><\/div><style type=\"text\/css\">.fusion-body .fusion-builder-column-0{width:100% !important;margin-top : 0px;margin-bottom : 0px;}.fusion-builder-column-0 > .fusion-column-wrapper {padding-top : 0px !important;padding-right : 0px !important;margin-right : 1.92%;padding-bottom : 0px !important;padding-left : 0px !important;margin-left : 1.92%;}@media only screen and (max-width:1024px) {.fusion-body .fusion-builder-column-0{width:100% !important;}.fusion-builder-column-0 > .fusion-column-wrapper {margin-right : 1.92%;margin-left : 1.92%;}}@media only screen and (max-width:640px) {.fusion-body .fusion-builder-column-0{width:100% !important;}.fusion-builder-column-0 > .fusion-column-wrapper {margin-right : 1.92%;margin-left : 1.92%;}}<\/style><\/div><\/div><style type=\"text\/css\">.fusion-body .fusion-flex-container.fusion-builder-row-1{ padding-top : 0px;margin-top : 0px;padding-right : 0px;padding-bottom : 0px;margin-bottom : 0px;padding-left : 0px;}<\/style><\/div>\n","protected":false},"excerpt":{"rendered":"<p>Frente al segundo trimestre de 2022, han sido\u00a021\u00a0las regiones que vieron\u00a0descensos\u00a0en el n\u00famero de operaciones. Soria ha registrado la mayor tasa negativa, con un 20,9%, seguida de\u00a0Albacete y La Rioja, provincias en las que las compraventas tambi\u00e9n cayeron a doble d\u00edgito.\u00a0Zamora\u00a0tuvo la mayor subida, con un 38%, seguida de\u00a0Almer\u00eda\u00a0con un 24%.<\/p>\n","protected":false},"author":3,"featured_media":40991,"comment_status":"closed","ping_status":"closed","sticky":false,"template":"","format":"standard","meta":{"_jetpack_memberships_contains_paid_content":false,"footnotes":"","jetpack_publicize_message":"","jetpack_publicize_feature_enabled":true,"jetpack_social_post_already_shared":false,"jetpack_social_options":{"image_generator_settings":{"template":"highway","default_image_id":0,"font":"","enabled":false},"version":2}},"categories":[100],"tags":[8069,7568],"class_list":["post-42859","post","type-post","status-publish","format-standard","has-post-thumbnail","hentry","category-compraventa-de-viviendas","tag-newsletter-389","tag-noticia-de-portada"],"yoast_head":"<!-- This site is optimized with the Yoast SEO plugin v28.2 - https:\/\/yoast.com\/product\/yoast-seo-wordpress\/ -->\n<title>La compraventa de viviendas cerrara el a\u00f1o subiendo el 13%<\/title>\n<meta name=\"description\" content=\"De cara a 2023, la tendencia cambiar\u00eda y una primera estimaci\u00f3n podr\u00eda ajustarse en torno a las\u00a0580.000\u00a0compraventas al finalizar el a\u00f1o.\" \/>\n<meta name=\"robots\" content=\"index, follow, max-snippet:-1, max-image-preview:large, max-video-preview:-1\" \/>\n<link rel=\"canonical\" href=\"https:\/\/www.aquimicasa.net\/blog\/vivienda\/compraventa-de-viviendas\/la-compraventa-de-viviendas-cerrara-el-ano-subiendo-el-13\/\" \/>\n<meta property=\"og:locale\" content=\"es_ES\" \/>\n<meta property=\"og:type\" content=\"article\" \/>\n<meta property=\"og:title\" content=\"La compraventa de viviendas cerrara el a\u00f1o subiendo el 13%\" \/>\n<meta property=\"og:description\" content=\"De cara a 2023, la tendencia cambiar\u00eda y una primera estimaci\u00f3n podr\u00eda ajustarse en torno a las\u00a0580.000\u00a0compraventas al finalizar el a\u00f1o.\" \/>\n<meta property=\"og:url\" content=\"https:\/\/www.aquimicasa.net\/blog\/vivienda\/compraventa-de-viviendas\/la-compraventa-de-viviendas-cerrara-el-ano-subiendo-el-13\/\" \/>\n<meta property=\"og:site_name\" content=\"Blog de aquimicasa.net\" \/>\n<meta property=\"article:publisher\" content=\"https:\/\/www.facebook.com\/aquimicasa.net\" \/>\n<meta property=\"article:published_time\" content=\"2022-12-22T21:43:57+00:00\" \/>\n<meta property=\"og:image\" content=\"https:\/\/www.aquimicasa.net\/blog\/wp-content\/uploads\/Casitas-1-e1653546342406.jpg\" \/>\n\t<meta property=\"og:image:width\" content=\"450\" \/>\n\t<meta property=\"og:image:height\" content=\"301\" \/>\n\t<meta property=\"og:image:type\" content=\"image\/jpeg\" \/>\n<meta name=\"author\" content=\"Eduardo Lizarraga\" \/>\n<meta name=\"twitter:label1\" content=\"Escrito por\" \/>\n\t<meta name=\"twitter:data1\" content=\"Eduardo Lizarraga\" \/>\n\t<meta name=\"twitter:label2\" content=\"Tiempo de lectura\" \/>\n\t<meta name=\"twitter:data2\" content=\"4 minutos\" \/>\n<script type=\"application\/ld+json\" class=\"yoast-schema-graph\">{\"@context\":\"https:\\\/\\\/schema.org\",\"@graph\":[{\"@type\":\"Article\",\"@id\":\"https:\\\/\\\/www.aquimicasa.net\\\/blog\\\/vivienda\\\/compraventa-de-viviendas\\\/la-compraventa-de-viviendas-cerrara-el-ano-subiendo-el-13\\\/#article\",\"isPartOf\":{\"@id\":\"https:\\\/\\\/www.aquimicasa.net\\\/blog\\\/vivienda\\\/compraventa-de-viviendas\\\/la-compraventa-de-viviendas-cerrara-el-ano-subiendo-el-13\\\/\"},\"author\":{\"name\":\"Eduardo Lizarraga\",\"@id\":\"https:\\\/\\\/www.aquimicasa.net\\\/blog\\\/#\\\/schema\\\/person\\\/2cdfa2605534583395c8d7ce1d6cac14\"},\"headline\":\"La compraventa de viviendas cerrara el a\u00f1o subiendo el 13%\",\"datePublished\":\"2022-12-22T21:43:57+00:00\",\"mainEntityOfPage\":{\"@id\":\"https:\\\/\\\/www.aquimicasa.net\\\/blog\\\/vivienda\\\/compraventa-de-viviendas\\\/la-compraventa-de-viviendas-cerrara-el-ano-subiendo-el-13\\\/\"},\"wordCount\":769,\"publisher\":{\"@id\":\"https:\\\/\\\/www.aquimicasa.net\\\/blog\\\/#organization\"},\"image\":{\"@id\":\"https:\\\/\\\/www.aquimicasa.net\\\/blog\\\/vivienda\\\/compraventa-de-viviendas\\\/la-compraventa-de-viviendas-cerrara-el-ano-subiendo-el-13\\\/#primaryimage\"},\"thumbnailUrl\":\"https:\\\/\\\/www.aquimicasa.net\\\/blog\\\/wp-content\\\/uploads\\\/Casitas-1-e1653546342406.jpg\",\"keywords\":[\"newsletter 389\",\"noticia de portada\"],\"articleSection\":[\"Compra Venta\"],\"inLanguage\":\"es\"},{\"@type\":\"WebPage\",\"@id\":\"https:\\\/\\\/www.aquimicasa.net\\\/blog\\\/vivienda\\\/compraventa-de-viviendas\\\/la-compraventa-de-viviendas-cerrara-el-ano-subiendo-el-13\\\/\",\"url\":\"https:\\\/\\\/www.aquimicasa.net\\\/blog\\\/vivienda\\\/compraventa-de-viviendas\\\/la-compraventa-de-viviendas-cerrara-el-ano-subiendo-el-13\\\/\",\"name\":\"La compraventa de viviendas cerrara el a\u00f1o subiendo el 13%\",\"isPartOf\":{\"@id\":\"https:\\\/\\\/www.aquimicasa.net\\\/blog\\\/#website\"},\"primaryImageOfPage\":{\"@id\":\"https:\\\/\\\/www.aquimicasa.net\\\/blog\\\/vivienda\\\/compraventa-de-viviendas\\\/la-compraventa-de-viviendas-cerrara-el-ano-subiendo-el-13\\\/#primaryimage\"},\"image\":{\"@id\":\"https:\\\/\\\/www.aquimicasa.net\\\/blog\\\/vivienda\\\/compraventa-de-viviendas\\\/la-compraventa-de-viviendas-cerrara-el-ano-subiendo-el-13\\\/#primaryimage\"},\"thumbnailUrl\":\"https:\\\/\\\/www.aquimicasa.net\\\/blog\\\/wp-content\\\/uploads\\\/Casitas-1-e1653546342406.jpg\",\"datePublished\":\"2022-12-22T21:43:57+00:00\",\"description\":\"De cara a 2023, la tendencia cambiar\u00eda y una primera estimaci\u00f3n podr\u00eda ajustarse en torno a las\u00a0580.000\u00a0compraventas al finalizar el a\u00f1o.\",\"breadcrumb\":{\"@id\":\"https:\\\/\\\/www.aquimicasa.net\\\/blog\\\/vivienda\\\/compraventa-de-viviendas\\\/la-compraventa-de-viviendas-cerrara-el-ano-subiendo-el-13\\\/#breadcrumb\"},\"inLanguage\":\"es\",\"potentialAction\":[{\"@type\":\"ReadAction\",\"target\":[\"https:\\\/\\\/www.aquimicasa.net\\\/blog\\\/vivienda\\\/compraventa-de-viviendas\\\/la-compraventa-de-viviendas-cerrara-el-ano-subiendo-el-13\\\/\"]}]},{\"@type\":\"ImageObject\",\"inLanguage\":\"es\",\"@id\":\"https:\\\/\\\/www.aquimicasa.net\\\/blog\\\/vivienda\\\/compraventa-de-viviendas\\\/la-compraventa-de-viviendas-cerrara-el-ano-subiendo-el-13\\\/#primaryimage\",\"url\":\"https:\\\/\\\/www.aquimicasa.net\\\/blog\\\/wp-content\\\/uploads\\\/Casitas-1-e1653546342406.jpg\",\"contentUrl\":\"https:\\\/\\\/www.aquimicasa.net\\\/blog\\\/wp-content\\\/uploads\\\/Casitas-1-e1653546342406.jpg\",\"width\":450,\"height\":301,\"caption\":\"Buenos resultados en el sector inmobiliario\"},{\"@type\":\"BreadcrumbList\",\"@id\":\"https:\\\/\\\/www.aquimicasa.net\\\/blog\\\/vivienda\\\/compraventa-de-viviendas\\\/la-compraventa-de-viviendas-cerrara-el-ano-subiendo-el-13\\\/#breadcrumb\",\"itemListElement\":[{\"@type\":\"ListItem\",\"position\":1,\"name\":\"Portada\",\"item\":\"https:\\\/\\\/www.aquimicasa.net\\\/blog\\\/\"},{\"@type\":\"ListItem\",\"position\":2,\"name\":\"La compraventa de viviendas cerrara el a\u00f1o subiendo el 13%\"}]},{\"@type\":\"WebSite\",\"@id\":\"https:\\\/\\\/www.aquimicasa.net\\\/blog\\\/#website\",\"url\":\"https:\\\/\\\/www.aquimicasa.net\\\/blog\\\/\",\"name\":\"Blog de aquimicasa.net\",\"description\":\"Noticias del Mundo Inmobiliario\",\"publisher\":{\"@id\":\"https:\\\/\\\/www.aquimicasa.net\\\/blog\\\/#organization\"},\"potentialAction\":[{\"@type\":\"SearchAction\",\"target\":{\"@type\":\"EntryPoint\",\"urlTemplate\":\"https:\\\/\\\/www.aquimicasa.net\\\/blog\\\/?s={search_term_string}\"},\"query-input\":{\"@type\":\"PropertyValueSpecification\",\"valueRequired\":true,\"valueName\":\"search_term_string\"}}],\"inLanguage\":\"es\"},{\"@type\":\"Organization\",\"@id\":\"https:\\\/\\\/www.aquimicasa.net\\\/blog\\\/#organization\",\"name\":\"Blog de aquimicasa.net\",\"url\":\"https:\\\/\\\/www.aquimicasa.net\\\/blog\\\/\",\"logo\":{\"@type\":\"ImageObject\",\"inLanguage\":\"es\",\"@id\":\"https:\\\/\\\/www.aquimicasa.net\\\/blog\\\/#\\\/schema\\\/logo\\\/image\\\/\",\"url\":\"https:\\\/\\\/www.aquimicasa.net\\\/blog\\\/wp-content\\\/uploads\\\/Logo-aquimicasa-1-e1528048213782.png\",\"contentUrl\":\"https:\\\/\\\/www.aquimicasa.net\\\/blog\\\/wp-content\\\/uploads\\\/Logo-aquimicasa-1-e1528048213782.png\",\"width\":225,\"height\":225,\"caption\":\"Blog de aquimicasa.net\"},\"image\":{\"@id\":\"https:\\\/\\\/www.aquimicasa.net\\\/blog\\\/#\\\/schema\\\/logo\\\/image\\\/\"},\"sameAs\":[\"https:\\\/\\\/www.facebook.com\\\/aquimicasa.net\",\"https:\\\/\\\/www.instagram.com\\\/\",\"https:\\\/\\\/x.com\\\/EduLizarragaD\",\"https:\\\/\\\/www.linkedin.com\\\/feed\\\/\"]},{\"@type\":\"Person\",\"@id\":\"https:\\\/\\\/www.aquimicasa.net\\\/blog\\\/#\\\/schema\\\/person\\\/2cdfa2605534583395c8d7ce1d6cac14\",\"name\":\"Eduardo Lizarraga\",\"image\":{\"@type\":\"ImageObject\",\"inLanguage\":\"es\",\"@id\":\"https:\\\/\\\/secure.gravatar.com\\\/avatar\\\/bdabe1eeeed97b65a9cb7de2edd624b07995f7e13abc5fead15961f745f908cc?s=96&d=mm&r=g\",\"url\":\"https:\\\/\\\/secure.gravatar.com\\\/avatar\\\/bdabe1eeeed97b65a9cb7de2edd624b07995f7e13abc5fead15961f745f908cc?s=96&d=mm&r=g\",\"contentUrl\":\"https:\\\/\\\/secure.gravatar.com\\\/avatar\\\/bdabe1eeeed97b65a9cb7de2edd624b07995f7e13abc5fead15961f745f908cc?s=96&d=mm&r=g\",\"caption\":\"Eduardo Lizarraga\"},\"description\":\"Periodista Econ\u00f3mico. Ha trabajado en diversos campos de la informaci\u00f3n. Corresponsal en conflictos, analista pol\u00edtico en Congreso y Senado, periodista del medio ambiente, editor, director editorial, director de comunicaci\u00f3n.... En estos momentos se ha especializado en el sector inmobiliario. Pero tambi\u00e9n es navegante y viajero, preocupado por la pobreza, el medio ambiente y por las actuaciones descontroladas del neoliberalismo empresarial y pol\u00edtico en todo el mundo. Los desahucios, la pobreza infantil y la falta de acceso a los suministros b\u00e1sicos son algunos de los grandes dramas de nuestra sociedad y que es preciso solucionar para hacerla m\u00e1s justa. CEO en www.aquimicasa.net\",\"sameAs\":[\"https:\\\/\\\/www.aquimicasa.net\\\/\"],\"url\":\"https:\\\/\\\/www.aquimicasa.net\\\/blog\\\/author\\\/eduardo\\\/\"}]}<\/script>\n<!-- \/ Yoast SEO plugin. -->","yoast_head_json":{"title":"La compraventa de viviendas cerrara el a\u00f1o subiendo el 13%","description":"De cara a 2023, la tendencia cambiar\u00eda y una primera estimaci\u00f3n podr\u00eda ajustarse en torno a las\u00a0580.000\u00a0compraventas al finalizar el a\u00f1o.","robots":{"index":"index","follow":"follow","max-snippet":"max-snippet:-1","max-image-preview":"max-image-preview:large","max-video-preview":"max-video-preview:-1"},"canonical":"https:\/\/www.aquimicasa.net\/blog\/vivienda\/compraventa-de-viviendas\/la-compraventa-de-viviendas-cerrara-el-ano-subiendo-el-13\/","og_locale":"es_ES","og_type":"article","og_title":"La compraventa de viviendas cerrara el a\u00f1o subiendo el 13%","og_description":"De cara a 2023, la tendencia cambiar\u00eda y una primera estimaci\u00f3n podr\u00eda ajustarse en torno a las\u00a0580.000\u00a0compraventas al finalizar el a\u00f1o.","og_url":"https:\/\/www.aquimicasa.net\/blog\/vivienda\/compraventa-de-viviendas\/la-compraventa-de-viviendas-cerrara-el-ano-subiendo-el-13\/","og_site_name":"Blog de aquimicasa.net","article_publisher":"https:\/\/www.facebook.com\/aquimicasa.net","article_published_time":"2022-12-22T21:43:57+00:00","og_image":[{"width":450,"height":301,"url":"https:\/\/www.aquimicasa.net\/blog\/wp-content\/uploads\/Casitas-1-e1653546342406.jpg","type":"image\/jpeg"}],"author":"Eduardo Lizarraga","twitter_misc":{"Escrito por":"Eduardo Lizarraga","Tiempo de lectura":"4 minutos"},"schema":{"@context":"https:\/\/schema.org","@graph":[{"@type":"Article","@id":"https:\/\/www.aquimicasa.net\/blog\/vivienda\/compraventa-de-viviendas\/la-compraventa-de-viviendas-cerrara-el-ano-subiendo-el-13\/#article","isPartOf":{"@id":"https:\/\/www.aquimicasa.net\/blog\/vivienda\/compraventa-de-viviendas\/la-compraventa-de-viviendas-cerrara-el-ano-subiendo-el-13\/"},"author":{"name":"Eduardo Lizarraga","@id":"https:\/\/www.aquimicasa.net\/blog\/#\/schema\/person\/2cdfa2605534583395c8d7ce1d6cac14"},"headline":"La compraventa de viviendas cerrara el a\u00f1o subiendo el 13%","datePublished":"2022-12-22T21:43:57+00:00","mainEntityOfPage":{"@id":"https:\/\/www.aquimicasa.net\/blog\/vivienda\/compraventa-de-viviendas\/la-compraventa-de-viviendas-cerrara-el-ano-subiendo-el-13\/"},"wordCount":769,"publisher":{"@id":"https:\/\/www.aquimicasa.net\/blog\/#organization"},"image":{"@id":"https:\/\/www.aquimicasa.net\/blog\/vivienda\/compraventa-de-viviendas\/la-compraventa-de-viviendas-cerrara-el-ano-subiendo-el-13\/#primaryimage"},"thumbnailUrl":"https:\/\/www.aquimicasa.net\/blog\/wp-content\/uploads\/Casitas-1-e1653546342406.jpg","keywords":["newsletter 389","noticia de portada"],"articleSection":["Compra Venta"],"inLanguage":"es"},{"@type":"WebPage","@id":"https:\/\/www.aquimicasa.net\/blog\/vivienda\/compraventa-de-viviendas\/la-compraventa-de-viviendas-cerrara-el-ano-subiendo-el-13\/","url":"https:\/\/www.aquimicasa.net\/blog\/vivienda\/compraventa-de-viviendas\/la-compraventa-de-viviendas-cerrara-el-ano-subiendo-el-13\/","name":"La compraventa de viviendas cerrara el a\u00f1o subiendo el 13%","isPartOf":{"@id":"https:\/\/www.aquimicasa.net\/blog\/#website"},"primaryImageOfPage":{"@id":"https:\/\/www.aquimicasa.net\/blog\/vivienda\/compraventa-de-viviendas\/la-compraventa-de-viviendas-cerrara-el-ano-subiendo-el-13\/#primaryimage"},"image":{"@id":"https:\/\/www.aquimicasa.net\/blog\/vivienda\/compraventa-de-viviendas\/la-compraventa-de-viviendas-cerrara-el-ano-subiendo-el-13\/#primaryimage"},"thumbnailUrl":"https:\/\/www.aquimicasa.net\/blog\/wp-content\/uploads\/Casitas-1-e1653546342406.jpg","datePublished":"2022-12-22T21:43:57+00:00","description":"De cara a 2023, la tendencia cambiar\u00eda y una primera estimaci\u00f3n podr\u00eda ajustarse en torno a las\u00a0580.000\u00a0compraventas al finalizar el a\u00f1o.","breadcrumb":{"@id":"https:\/\/www.aquimicasa.net\/blog\/vivienda\/compraventa-de-viviendas\/la-compraventa-de-viviendas-cerrara-el-ano-subiendo-el-13\/#breadcrumb"},"inLanguage":"es","potentialAction":[{"@type":"ReadAction","target":["https:\/\/www.aquimicasa.net\/blog\/vivienda\/compraventa-de-viviendas\/la-compraventa-de-viviendas-cerrara-el-ano-subiendo-el-13\/"]}]},{"@type":"ImageObject","inLanguage":"es","@id":"https:\/\/www.aquimicasa.net\/blog\/vivienda\/compraventa-de-viviendas\/la-compraventa-de-viviendas-cerrara-el-ano-subiendo-el-13\/#primaryimage","url":"https:\/\/www.aquimicasa.net\/blog\/wp-content\/uploads\/Casitas-1-e1653546342406.jpg","contentUrl":"https:\/\/www.aquimicasa.net\/blog\/wp-content\/uploads\/Casitas-1-e1653546342406.jpg","width":450,"height":301,"caption":"Buenos resultados en el sector inmobiliario"},{"@type":"BreadcrumbList","@id":"https:\/\/www.aquimicasa.net\/blog\/vivienda\/compraventa-de-viviendas\/la-compraventa-de-viviendas-cerrara-el-ano-subiendo-el-13\/#breadcrumb","itemListElement":[{"@type":"ListItem","position":1,"name":"Portada","item":"https:\/\/www.aquimicasa.net\/blog\/"},{"@type":"ListItem","position":2,"name":"La compraventa de viviendas cerrara el a\u00f1o subiendo el 13%"}]},{"@type":"WebSite","@id":"https:\/\/www.aquimicasa.net\/blog\/#website","url":"https:\/\/www.aquimicasa.net\/blog\/","name":"Blog de aquimicasa.net","description":"Noticias del Mundo Inmobiliario","publisher":{"@id":"https:\/\/www.aquimicasa.net\/blog\/#organization"},"potentialAction":[{"@type":"SearchAction","target":{"@type":"EntryPoint","urlTemplate":"https:\/\/www.aquimicasa.net\/blog\/?s={search_term_string}"},"query-input":{"@type":"PropertyValueSpecification","valueRequired":true,"valueName":"search_term_string"}}],"inLanguage":"es"},{"@type":"Organization","@id":"https:\/\/www.aquimicasa.net\/blog\/#organization","name":"Blog de aquimicasa.net","url":"https:\/\/www.aquimicasa.net\/blog\/","logo":{"@type":"ImageObject","inLanguage":"es","@id":"https:\/\/www.aquimicasa.net\/blog\/#\/schema\/logo\/image\/","url":"https:\/\/www.aquimicasa.net\/blog\/wp-content\/uploads\/Logo-aquimicasa-1-e1528048213782.png","contentUrl":"https:\/\/www.aquimicasa.net\/blog\/wp-content\/uploads\/Logo-aquimicasa-1-e1528048213782.png","width":225,"height":225,"caption":"Blog de aquimicasa.net"},"image":{"@id":"https:\/\/www.aquimicasa.net\/blog\/#\/schema\/logo\/image\/"},"sameAs":["https:\/\/www.facebook.com\/aquimicasa.net","https:\/\/www.instagram.com\/","https:\/\/x.com\/EduLizarragaD","https:\/\/www.linkedin.com\/feed\/"]},{"@type":"Person","@id":"https:\/\/www.aquimicasa.net\/blog\/#\/schema\/person\/2cdfa2605534583395c8d7ce1d6cac14","name":"Eduardo Lizarraga","image":{"@type":"ImageObject","inLanguage":"es","@id":"https:\/\/secure.gravatar.com\/avatar\/bdabe1eeeed97b65a9cb7de2edd624b07995f7e13abc5fead15961f745f908cc?s=96&d=mm&r=g","url":"https:\/\/secure.gravatar.com\/avatar\/bdabe1eeeed97b65a9cb7de2edd624b07995f7e13abc5fead15961f745f908cc?s=96&d=mm&r=g","contentUrl":"https:\/\/secure.gravatar.com\/avatar\/bdabe1eeeed97b65a9cb7de2edd624b07995f7e13abc5fead15961f745f908cc?s=96&d=mm&r=g","caption":"Eduardo Lizarraga"},"description":"Periodista Econ\u00f3mico. Ha trabajado en diversos campos de la informaci\u00f3n. Corresponsal en conflictos, analista pol\u00edtico en Congreso y Senado, periodista del medio ambiente, editor, director editorial, director de comunicaci\u00f3n.... En estos momentos se ha especializado en el sector inmobiliario. Pero tambi\u00e9n es navegante y viajero, preocupado por la pobreza, el medio ambiente y por las actuaciones descontroladas del neoliberalismo empresarial y pol\u00edtico en todo el mundo. Los desahucios, la pobreza infantil y la falta de acceso a los suministros b\u00e1sicos son algunos de los grandes dramas de nuestra sociedad y que es preciso solucionar para hacerla m\u00e1s justa. CEO en www.aquimicasa.net","sameAs":["https:\/\/www.aquimicasa.net\/"],"url":"https:\/\/www.aquimicasa.net\/blog\/author\/eduardo\/"}]}},"jetpack_publicize_connections":[],"jetpack_featured_media_url":"https:\/\/www.aquimicasa.net\/blog\/wp-content\/uploads\/Casitas-1-e1653546342406.jpg","jetpack_sharing_enabled":true,"jetpack_likes_enabled":true,"_links":{"self":[{"href":"https:\/\/www.aquimicasa.net\/blog\/wp-json\/wp\/v2\/posts\/42859","targetHints":{"allow":["GET"]}}],"collection":[{"href":"https:\/\/www.aquimicasa.net\/blog\/wp-json\/wp\/v2\/posts"}],"about":[{"href":"https:\/\/www.aquimicasa.net\/blog\/wp-json\/wp\/v2\/types\/post"}],"author":[{"embeddable":true,"href":"https:\/\/www.aquimicasa.net\/blog\/wp-json\/wp\/v2\/users\/3"}],"replies":[{"embeddable":true,"href":"https:\/\/www.aquimicasa.net\/blog\/wp-json\/wp\/v2\/comments?post=42859"}],"version-history":[{"count":3,"href":"https:\/\/www.aquimicasa.net\/blog\/wp-json\/wp\/v2\/posts\/42859\/revisions"}],"predecessor-version":[{"id":42884,"href":"https:\/\/www.aquimicasa.net\/blog\/wp-json\/wp\/v2\/posts\/42859\/revisions\/42884"}],"wp:featuredmedia":[{"embeddable":true,"href":"https:\/\/www.aquimicasa.net\/blog\/wp-json\/wp\/v2\/media\/40991"}],"wp:attachment":[{"href":"https:\/\/www.aquimicasa.net\/blog\/wp-json\/wp\/v2\/media?parent=42859"}],"wp:term":[{"taxonomy":"category","embeddable":true,"href":"https:\/\/www.aquimicasa.net\/blog\/wp-json\/wp\/v2\/categories?post=42859"},{"taxonomy":"post_tag","embeddable":true,"href":"https:\/\/www.aquimicasa.net\/blog\/wp-json\/wp\/v2\/tags?post=42859"}],"curies":[{"name":"wp","href":"https:\/\/api.w.org\/{rel}","templated":true}]}}