{"id":42979,"date":"2023-01-04T12:20:24","date_gmt":"2023-01-04T11:20:24","guid":{"rendered":"https:\/\/www.aquimicasa.net\/blog\/?p=42979"},"modified":"2023-01-04T12:22:38","modified_gmt":"2023-01-04T11:22:38","slug":"tope-a-los-alquileres-en-el-2-y-prorroga-de-los-contratos","status":"publish","type":"post","link":"https:\/\/www.aquimicasa.net\/blog\/economia\/noticias-economia\/tope-a-los-alquileres-en-el-2-y-prorroga-de-los-contratos\/","title":{"rendered":"Tope a los alquileres en el 2% y pr\u00f3rroga de los contratos"},"content":{"rendered":"<div class=\"fusion-fullwidth fullwidth-box fusion-builder-row-1 fusion-flex-container nonhundred-percent-fullwidth non-hundred-percent-height-scrolling\" style=\"background-color: rgba(255,255,255,0);background-position: center center;background-repeat: no-repeat;border-width: 0px 0px 0px 0px;border-color:#eae9e9;border-style:solid;\" ><div class=\"fusion-builder-row fusion-row fusion-flex-align-items-flex-start\" style=\"max-width:1144px;margin-left: calc(-4% \/ 2 );margin-right: calc(-4% \/ 2 );\"><div class=\"fusion-layout-column fusion_builder_column fusion-builder-column-0 fusion_builder_column_1_1 1_1 fusion-flex-column\"><div class=\"fusion-column-wrapper fusion-flex-justify-content-flex-start fusion-content-layout-column\" style=\"background-position:left top;background-repeat:no-repeat;-webkit-background-size:cover;-moz-background-size:cover;-o-background-size:cover;background-size:cover;padding: 0px 0px 0px 0px;\"><div class=\"fusion-text fusion-text-1\"><p>La guerra en Ucrania y todo lo que trae aparejado en cambios econ\u00f3micos en la mayor\u00eda de los mercados est\u00e1 afectando y mucho al sector inmobiliario. Y no s\u00f3lo por la subida del Eur\u00edbor, que puede ser lo que m\u00e1s consecuencias traiga a medio plazo, sino tambi\u00e9n por la situaci\u00f3n de los alquileres que podr\u00edan verse desbocados si se ajustan sus condiciones al IPC.<\/p>\n<p>En este sentido y para evitar incrementar las cargas econ\u00f3micas en los sectores m\u00e1s vulnerables, el Gobierno ha confirmado la medida que ya se ven\u00eda aplicando este pasado a\u00f1o en los alquileres, es decir,\u00a0 el tope del 2% al alquiler de vivienda en 2023 y prorroga 6 meses los contratos que expiren.<\/p>\n<p>El Ejecutivo central ha dado luz verde a la pr\u00f3rroga hasta el 31 de diciembre de 2023 de la medida, que impide aplicar una subida superior al 2% en el alquiler de vivienda y tambi\u00e9n ha decidido aprobar una pr\u00f3rroga extraordinaria de seis meses de la vigencia de los contratos de alquiler que finalicen antes del 30 de junio de 2023, durante los cuales se aplicar\u00e1n los t\u00e9rminos y condiciones establecidos en el contrato vigente, lo que impedir\u00e1 subidas desmesuradas en el precio de los alquileres.<\/p>\n<p>Estas medidas, junto con el resto de las medidas anticrisis, est\u00e1n incluidas en el \u00faltimo Real Decreto aprobado por el Consejo de Ministros la pasada semana, dentro del nuevo paquete de acciones para hacer frente a las consecuencias econ\u00f3micas y sociales de la guerra en Ucrania que ha aprobado el Gobierno de Espa\u00f1a. El mismo tambi\u00e9n incluye, entre otras medidas, la reducci\u00f3n del IVA a algunos alimentos y la creaci\u00f3n de un cheque de 200 euros para familias con ingresos inferiores a 27.000 euros.<\/p>\n<\/div><\/div><style type=\"text\/css\">.fusion-body .fusion-builder-column-0{width:100% !important;margin-top : 0px;margin-bottom : 0px;}.fusion-builder-column-0 > .fusion-column-wrapper {padding-top : 0px !important;padding-right : 0px !important;margin-right : 1.92%;padding-bottom : 0px !important;padding-left : 0px !important;margin-left : 1.92%;}@media only screen and (max-width:1024px) {.fusion-body .fusion-builder-column-0{width:100% !important;}.fusion-builder-column-0 > .fusion-column-wrapper {margin-right : 1.92%;margin-left : 1.92%;}}@media only screen and (max-width:640px) {.fusion-body .fusion-builder-column-0{width:100% !important;}.fusion-builder-column-0 > .fusion-column-wrapper {margin-right : 1.92%;margin-left : 1.92%;}}<\/style><\/div><\/div><style type=\"text\/css\">.fusion-body .fusion-flex-container.fusion-builder-row-1{ padding-top : 0px;margin-top : 0px;padding-right : 0px;padding-bottom : 0px;margin-bottom : 0px;padding-left : 0px;}<\/style><\/div>\n","protected":false},"excerpt":{"rendered":"<p>Estas medidas, junto con el resto de las medidas anticrisis, est\u00e1n incluidas en el \u00faltimo Real Decreto aprobado por el Consejo de Ministros la pasada semana, dentro del nuevo paquete de acciones para hacer frente a las consecuencias econ\u00f3micas y sociales de la guerra en Ucrania que ha aprobado el Gobierno de Espa\u00f1a. El mismo tambi\u00e9n incluye, entre otras medidas, la reducci\u00f3n del IVA a algunos alimentos y la creaci\u00f3n de un cheque de 200 euros para familias con ingresos inferiores a 27.000 euros.<\/p>\n","protected":false},"author":3,"featured_media":31796,"comment_status":"closed","ping_status":"closed","sticky":false,"template":"","format":"standard","meta":{"_jetpack_memberships_contains_paid_content":false,"footnotes":"","jetpack_publicize_message":"","jetpack_publicize_feature_enabled":true,"jetpack_social_post_already_shared":false,"jetpack_social_options":{"image_generator_settings":{"template":"highway","default_image_id":0,"font":"","enabled":false},"version":2}},"categories":[7564],"tags":[1250,8070],"class_list":["post-42979","post","type-post","status-publish","format-standard","has-post-thumbnail","hentry","category-noticias-economia","tag-inflacion","tag-newsletter-390"],"yoast_head":"<!-- This site is optimized with the Yoast SEO plugin v28.2 - https:\/\/yoast.com\/product\/yoast-seo-wordpress\/ -->\n<title>Tope a los alquileres en el 2% y pr\u00f3rroga de los contratos<\/title>\n<meta name=\"description\" content=\"El Ejecutivo central ha dado luz verde a la pr\u00f3rroga hasta el 31 de diciembre de la medida, que impide aplicar una subida superior al 2%\" \/>\n<meta name=\"robots\" content=\"index, follow, max-snippet:-1, max-image-preview:large, max-video-preview:-1\" \/>\n<link rel=\"canonical\" href=\"https:\/\/www.aquimicasa.net\/blog\/economia\/noticias-economia\/tope-a-los-alquileres-en-el-2-y-prorroga-de-los-contratos\/\" \/>\n<meta property=\"og:locale\" content=\"es_ES\" \/>\n<meta property=\"og:type\" content=\"article\" \/>\n<meta property=\"og:title\" content=\"Tope a los alquileres en el 2% y pr\u00f3rroga de los contratos\" \/>\n<meta property=\"og:description\" content=\"El Ejecutivo central ha dado luz verde a la pr\u00f3rroga hasta el 31 de diciembre de la medida, que impide aplicar una subida superior al 2%\" \/>\n<meta property=\"og:url\" content=\"https:\/\/www.aquimicasa.net\/blog\/economia\/noticias-economia\/tope-a-los-alquileres-en-el-2-y-prorroga-de-los-contratos\/\" \/>\n<meta property=\"og:site_name\" content=\"Blog de aquimicasa.net\" \/>\n<meta property=\"article:publisher\" content=\"https:\/\/www.facebook.com\/aquimicasa.net\" \/>\n<meta property=\"article:published_time\" content=\"2023-01-04T11:20:24+00:00\" \/>\n<meta property=\"article:modified_time\" content=\"2023-01-04T11:22:38+00:00\" \/>\n<meta property=\"og:image\" content=\"https:\/\/www.aquimicasa.net\/blog\/wp-content\/uploads\/Alquileres2-1-e1601067294408.jpeg\" \/>\n\t<meta property=\"og:image:width\" content=\"400\" \/>\n\t<meta property=\"og:image:height\" content=\"268\" \/>\n\t<meta property=\"og:image:type\" content=\"image\/jpeg\" \/>\n<meta name=\"author\" content=\"Eduardo Lizarraga\" \/>\n<meta name=\"twitter:label1\" content=\"Escrito por\" \/>\n\t<meta name=\"twitter:data1\" content=\"Eduardo Lizarraga\" \/>\n\t<meta name=\"twitter:label2\" content=\"Tiempo de lectura\" \/>\n\t<meta name=\"twitter:data2\" content=\"2 minutos\" \/>\n<script type=\"application\/ld+json\" class=\"yoast-schema-graph\">{\"@context\":\"https:\\\/\\\/schema.org\",\"@graph\":[{\"@type\":\"Article\",\"@id\":\"https:\\\/\\\/www.aquimicasa.net\\\/blog\\\/economia\\\/noticias-economia\\\/tope-a-los-alquileres-en-el-2-y-prorroga-de-los-contratos\\\/#article\",\"isPartOf\":{\"@id\":\"https:\\\/\\\/www.aquimicasa.net\\\/blog\\\/economia\\\/noticias-economia\\\/tope-a-los-alquileres-en-el-2-y-prorroga-de-los-contratos\\\/\"},\"author\":{\"name\":\"Eduardo Lizarraga\",\"@id\":\"https:\\\/\\\/www.aquimicasa.net\\\/blog\\\/#\\\/schema\\\/person\\\/2cdfa2605534583395c8d7ce1d6cac14\"},\"headline\":\"Tope a los alquileres en el 2% y pr\u00f3rroga de los contratos\",\"datePublished\":\"2023-01-04T11:20:24+00:00\",\"dateModified\":\"2023-01-04T11:22:38+00:00\",\"mainEntityOfPage\":{\"@id\":\"https:\\\/\\\/www.aquimicasa.net\\\/blog\\\/economia\\\/noticias-economia\\\/tope-a-los-alquileres-en-el-2-y-prorroga-de-los-contratos\\\/\"},\"wordCount\":550,\"publisher\":{\"@id\":\"https:\\\/\\\/www.aquimicasa.net\\\/blog\\\/#organization\"},\"image\":{\"@id\":\"https:\\\/\\\/www.aquimicasa.net\\\/blog\\\/economia\\\/noticias-economia\\\/tope-a-los-alquileres-en-el-2-y-prorroga-de-los-contratos\\\/#primaryimage\"},\"thumbnailUrl\":\"https:\\\/\\\/www.aquimicasa.net\\\/blog\\\/wp-content\\\/uploads\\\/Alquileres2-1-e1601067294408.jpeg\",\"keywords\":[\"inflaci\u00f3n\",\"newsletter 390\"],\"articleSection\":[\"Noticias Econom\u00eda\"],\"inLanguage\":\"es\"},{\"@type\":\"WebPage\",\"@id\":\"https:\\\/\\\/www.aquimicasa.net\\\/blog\\\/economia\\\/noticias-economia\\\/tope-a-los-alquileres-en-el-2-y-prorroga-de-los-contratos\\\/\",\"url\":\"https:\\\/\\\/www.aquimicasa.net\\\/blog\\\/economia\\\/noticias-economia\\\/tope-a-los-alquileres-en-el-2-y-prorroga-de-los-contratos\\\/\",\"name\":\"Tope a los alquileres en el 2% y pr\u00f3rroga de los contratos\",\"isPartOf\":{\"@id\":\"https:\\\/\\\/www.aquimicasa.net\\\/blog\\\/#website\"},\"primaryImageOfPage\":{\"@id\":\"https:\\\/\\\/www.aquimicasa.net\\\/blog\\\/economia\\\/noticias-economia\\\/tope-a-los-alquileres-en-el-2-y-prorroga-de-los-contratos\\\/#primaryimage\"},\"image\":{\"@id\":\"https:\\\/\\\/www.aquimicasa.net\\\/blog\\\/economia\\\/noticias-economia\\\/tope-a-los-alquileres-en-el-2-y-prorroga-de-los-contratos\\\/#primaryimage\"},\"thumbnailUrl\":\"https:\\\/\\\/www.aquimicasa.net\\\/blog\\\/wp-content\\\/uploads\\\/Alquileres2-1-e1601067294408.jpeg\",\"datePublished\":\"2023-01-04T11:20:24+00:00\",\"dateModified\":\"2023-01-04T11:22:38+00:00\",\"description\":\"El Ejecutivo central ha dado luz verde a la pr\u00f3rroga hasta el 31 de diciembre de la medida, que impide aplicar una subida superior al 2%\",\"breadcrumb\":{\"@id\":\"https:\\\/\\\/www.aquimicasa.net\\\/blog\\\/economia\\\/noticias-economia\\\/tope-a-los-alquileres-en-el-2-y-prorroga-de-los-contratos\\\/#breadcrumb\"},\"inLanguage\":\"es\",\"potentialAction\":[{\"@type\":\"ReadAction\",\"target\":[\"https:\\\/\\\/www.aquimicasa.net\\\/blog\\\/economia\\\/noticias-economia\\\/tope-a-los-alquileres-en-el-2-y-prorroga-de-los-contratos\\\/\"]}]},{\"@type\":\"ImageObject\",\"inLanguage\":\"es\",\"@id\":\"https:\\\/\\\/www.aquimicasa.net\\\/blog\\\/economia\\\/noticias-economia\\\/tope-a-los-alquileres-en-el-2-y-prorroga-de-los-contratos\\\/#primaryimage\",\"url\":\"https:\\\/\\\/www.aquimicasa.net\\\/blog\\\/wp-content\\\/uploads\\\/Alquileres2-1-e1601067294408.jpeg\",\"contentUrl\":\"https:\\\/\\\/www.aquimicasa.net\\\/blog\\\/wp-content\\\/uploads\\\/Alquileres2-1-e1601067294408.jpeg\",\"width\":400,\"height\":268,\"caption\":\"La situaci\u00f3n de la vivienda como causa de baja m\u00e9dica\"},{\"@type\":\"BreadcrumbList\",\"@id\":\"https:\\\/\\\/www.aquimicasa.net\\\/blog\\\/economia\\\/noticias-economia\\\/tope-a-los-alquileres-en-el-2-y-prorroga-de-los-contratos\\\/#breadcrumb\",\"itemListElement\":[{\"@type\":\"ListItem\",\"position\":1,\"name\":\"Portada\",\"item\":\"https:\\\/\\\/www.aquimicasa.net\\\/blog\\\/\"},{\"@type\":\"ListItem\",\"position\":2,\"name\":\"Tope a los alquileres en el 2% y pr\u00f3rroga de los contratos\"}]},{\"@type\":\"WebSite\",\"@id\":\"https:\\\/\\\/www.aquimicasa.net\\\/blog\\\/#website\",\"url\":\"https:\\\/\\\/www.aquimicasa.net\\\/blog\\\/\",\"name\":\"Blog de aquimicasa.net\",\"description\":\"Noticias del Mundo Inmobiliario\",\"publisher\":{\"@id\":\"https:\\\/\\\/www.aquimicasa.net\\\/blog\\\/#organization\"},\"potentialAction\":[{\"@type\":\"SearchAction\",\"target\":{\"@type\":\"EntryPoint\",\"urlTemplate\":\"https:\\\/\\\/www.aquimicasa.net\\\/blog\\\/?s={search_term_string}\"},\"query-input\":{\"@type\":\"PropertyValueSpecification\",\"valueRequired\":true,\"valueName\":\"search_term_string\"}}],\"inLanguage\":\"es\"},{\"@type\":\"Organization\",\"@id\":\"https:\\\/\\\/www.aquimicasa.net\\\/blog\\\/#organization\",\"name\":\"Blog de aquimicasa.net\",\"url\":\"https:\\\/\\\/www.aquimicasa.net\\\/blog\\\/\",\"logo\":{\"@type\":\"ImageObject\",\"inLanguage\":\"es\",\"@id\":\"https:\\\/\\\/www.aquimicasa.net\\\/blog\\\/#\\\/schema\\\/logo\\\/image\\\/\",\"url\":\"https:\\\/\\\/www.aquimicasa.net\\\/blog\\\/wp-content\\\/uploads\\\/Logo-aquimicasa-1-e1528048213782.png\",\"contentUrl\":\"https:\\\/\\\/www.aquimicasa.net\\\/blog\\\/wp-content\\\/uploads\\\/Logo-aquimicasa-1-e1528048213782.png\",\"width\":225,\"height\":225,\"caption\":\"Blog de aquimicasa.net\"},\"image\":{\"@id\":\"https:\\\/\\\/www.aquimicasa.net\\\/blog\\\/#\\\/schema\\\/logo\\\/image\\\/\"},\"sameAs\":[\"https:\\\/\\\/www.facebook.com\\\/aquimicasa.net\",\"https:\\\/\\\/www.instagram.com\\\/\",\"https:\\\/\\\/x.com\\\/EduLizarragaD\",\"https:\\\/\\\/www.linkedin.com\\\/feed\\\/\"]},{\"@type\":\"Person\",\"@id\":\"https:\\\/\\\/www.aquimicasa.net\\\/blog\\\/#\\\/schema\\\/person\\\/2cdfa2605534583395c8d7ce1d6cac14\",\"name\":\"Eduardo Lizarraga\",\"image\":{\"@type\":\"ImageObject\",\"inLanguage\":\"es\",\"@id\":\"https:\\\/\\\/secure.gravatar.com\\\/avatar\\\/bdabe1eeeed97b65a9cb7de2edd624b07995f7e13abc5fead15961f745f908cc?s=96&d=mm&r=g\",\"url\":\"https:\\\/\\\/secure.gravatar.com\\\/avatar\\\/bdabe1eeeed97b65a9cb7de2edd624b07995f7e13abc5fead15961f745f908cc?s=96&d=mm&r=g\",\"contentUrl\":\"https:\\\/\\\/secure.gravatar.com\\\/avatar\\\/bdabe1eeeed97b65a9cb7de2edd624b07995f7e13abc5fead15961f745f908cc?s=96&d=mm&r=g\",\"caption\":\"Eduardo Lizarraga\"},\"description\":\"Periodista Econ\u00f3mico. Ha trabajado en diversos campos de la informaci\u00f3n. Corresponsal en conflictos, analista pol\u00edtico en Congreso y Senado, periodista del medio ambiente, editor, director editorial, director de comunicaci\u00f3n.... En estos momentos se ha especializado en el sector inmobiliario. Pero tambi\u00e9n es navegante y viajero, preocupado por la pobreza, el medio ambiente y por las actuaciones descontroladas del neoliberalismo empresarial y pol\u00edtico en todo el mundo. Los desahucios, la pobreza infantil y la falta de acceso a los suministros b\u00e1sicos son algunos de los grandes dramas de nuestra sociedad y que es preciso solucionar para hacerla m\u00e1s justa. CEO en www.aquimicasa.net\",\"sameAs\":[\"https:\\\/\\\/www.aquimicasa.net\\\/\"],\"url\":\"https:\\\/\\\/www.aquimicasa.net\\\/blog\\\/author\\\/eduardo\\\/\"}]}<\/script>\n<!-- \/ Yoast SEO plugin. -->","yoast_head_json":{"title":"Tope a los alquileres en el 2% y pr\u00f3rroga de los contratos","description":"El Ejecutivo central ha dado luz verde a la pr\u00f3rroga hasta el 31 de diciembre de la medida, que impide aplicar una subida superior al 2%","robots":{"index":"index","follow":"follow","max-snippet":"max-snippet:-1","max-image-preview":"max-image-preview:large","max-video-preview":"max-video-preview:-1"},"canonical":"https:\/\/www.aquimicasa.net\/blog\/economia\/noticias-economia\/tope-a-los-alquileres-en-el-2-y-prorroga-de-los-contratos\/","og_locale":"es_ES","og_type":"article","og_title":"Tope a los alquileres en el 2% y pr\u00f3rroga de los contratos","og_description":"El Ejecutivo central ha dado luz verde a la pr\u00f3rroga hasta el 31 de diciembre de la medida, que impide aplicar una subida superior al 2%","og_url":"https:\/\/www.aquimicasa.net\/blog\/economia\/noticias-economia\/tope-a-los-alquileres-en-el-2-y-prorroga-de-los-contratos\/","og_site_name":"Blog de aquimicasa.net","article_publisher":"https:\/\/www.facebook.com\/aquimicasa.net","article_published_time":"2023-01-04T11:20:24+00:00","article_modified_time":"2023-01-04T11:22:38+00:00","og_image":[{"width":400,"height":268,"url":"https:\/\/www.aquimicasa.net\/blog\/wp-content\/uploads\/Alquileres2-1-e1601067294408.jpeg","type":"image\/jpeg"}],"author":"Eduardo Lizarraga","twitter_misc":{"Escrito por":"Eduardo Lizarraga","Tiempo de lectura":"2 minutos"},"schema":{"@context":"https:\/\/schema.org","@graph":[{"@type":"Article","@id":"https:\/\/www.aquimicasa.net\/blog\/economia\/noticias-economia\/tope-a-los-alquileres-en-el-2-y-prorroga-de-los-contratos\/#article","isPartOf":{"@id":"https:\/\/www.aquimicasa.net\/blog\/economia\/noticias-economia\/tope-a-los-alquileres-en-el-2-y-prorroga-de-los-contratos\/"},"author":{"name":"Eduardo Lizarraga","@id":"https:\/\/www.aquimicasa.net\/blog\/#\/schema\/person\/2cdfa2605534583395c8d7ce1d6cac14"},"headline":"Tope a los alquileres en el 2% y pr\u00f3rroga de los contratos","datePublished":"2023-01-04T11:20:24+00:00","dateModified":"2023-01-04T11:22:38+00:00","mainEntityOfPage":{"@id":"https:\/\/www.aquimicasa.net\/blog\/economia\/noticias-economia\/tope-a-los-alquileres-en-el-2-y-prorroga-de-los-contratos\/"},"wordCount":550,"publisher":{"@id":"https:\/\/www.aquimicasa.net\/blog\/#organization"},"image":{"@id":"https:\/\/www.aquimicasa.net\/blog\/economia\/noticias-economia\/tope-a-los-alquileres-en-el-2-y-prorroga-de-los-contratos\/#primaryimage"},"thumbnailUrl":"https:\/\/www.aquimicasa.net\/blog\/wp-content\/uploads\/Alquileres2-1-e1601067294408.jpeg","keywords":["inflaci\u00f3n","newsletter 390"],"articleSection":["Noticias Econom\u00eda"],"inLanguage":"es"},{"@type":"WebPage","@id":"https:\/\/www.aquimicasa.net\/blog\/economia\/noticias-economia\/tope-a-los-alquileres-en-el-2-y-prorroga-de-los-contratos\/","url":"https:\/\/www.aquimicasa.net\/blog\/economia\/noticias-economia\/tope-a-los-alquileres-en-el-2-y-prorroga-de-los-contratos\/","name":"Tope a los alquileres en el 2% y pr\u00f3rroga de los contratos","isPartOf":{"@id":"https:\/\/www.aquimicasa.net\/blog\/#website"},"primaryImageOfPage":{"@id":"https:\/\/www.aquimicasa.net\/blog\/economia\/noticias-economia\/tope-a-los-alquileres-en-el-2-y-prorroga-de-los-contratos\/#primaryimage"},"image":{"@id":"https:\/\/www.aquimicasa.net\/blog\/economia\/noticias-economia\/tope-a-los-alquileres-en-el-2-y-prorroga-de-los-contratos\/#primaryimage"},"thumbnailUrl":"https:\/\/www.aquimicasa.net\/blog\/wp-content\/uploads\/Alquileres2-1-e1601067294408.jpeg","datePublished":"2023-01-04T11:20:24+00:00","dateModified":"2023-01-04T11:22:38+00:00","description":"El Ejecutivo central ha dado luz verde a la pr\u00f3rroga hasta el 31 de diciembre de la medida, que impide aplicar una subida superior al 2%","breadcrumb":{"@id":"https:\/\/www.aquimicasa.net\/blog\/economia\/noticias-economia\/tope-a-los-alquileres-en-el-2-y-prorroga-de-los-contratos\/#breadcrumb"},"inLanguage":"es","potentialAction":[{"@type":"ReadAction","target":["https:\/\/www.aquimicasa.net\/blog\/economia\/noticias-economia\/tope-a-los-alquileres-en-el-2-y-prorroga-de-los-contratos\/"]}]},{"@type":"ImageObject","inLanguage":"es","@id":"https:\/\/www.aquimicasa.net\/blog\/economia\/noticias-economia\/tope-a-los-alquileres-en-el-2-y-prorroga-de-los-contratos\/#primaryimage","url":"https:\/\/www.aquimicasa.net\/blog\/wp-content\/uploads\/Alquileres2-1-e1601067294408.jpeg","contentUrl":"https:\/\/www.aquimicasa.net\/blog\/wp-content\/uploads\/Alquileres2-1-e1601067294408.jpeg","width":400,"height":268,"caption":"La situaci\u00f3n de la vivienda como causa de baja m\u00e9dica"},{"@type":"BreadcrumbList","@id":"https:\/\/www.aquimicasa.net\/blog\/economia\/noticias-economia\/tope-a-los-alquileres-en-el-2-y-prorroga-de-los-contratos\/#breadcrumb","itemListElement":[{"@type":"ListItem","position":1,"name":"Portada","item":"https:\/\/www.aquimicasa.net\/blog\/"},{"@type":"ListItem","position":2,"name":"Tope a los alquileres en el 2% y pr\u00f3rroga de los contratos"}]},{"@type":"WebSite","@id":"https:\/\/www.aquimicasa.net\/blog\/#website","url":"https:\/\/www.aquimicasa.net\/blog\/","name":"Blog de aquimicasa.net","description":"Noticias del Mundo Inmobiliario","publisher":{"@id":"https:\/\/www.aquimicasa.net\/blog\/#organization"},"potentialAction":[{"@type":"SearchAction","target":{"@type":"EntryPoint","urlTemplate":"https:\/\/www.aquimicasa.net\/blog\/?s={search_term_string}"},"query-input":{"@type":"PropertyValueSpecification","valueRequired":true,"valueName":"search_term_string"}}],"inLanguage":"es"},{"@type":"Organization","@id":"https:\/\/www.aquimicasa.net\/blog\/#organization","name":"Blog de aquimicasa.net","url":"https:\/\/www.aquimicasa.net\/blog\/","logo":{"@type":"ImageObject","inLanguage":"es","@id":"https:\/\/www.aquimicasa.net\/blog\/#\/schema\/logo\/image\/","url":"https:\/\/www.aquimicasa.net\/blog\/wp-content\/uploads\/Logo-aquimicasa-1-e1528048213782.png","contentUrl":"https:\/\/www.aquimicasa.net\/blog\/wp-content\/uploads\/Logo-aquimicasa-1-e1528048213782.png","width":225,"height":225,"caption":"Blog de aquimicasa.net"},"image":{"@id":"https:\/\/www.aquimicasa.net\/blog\/#\/schema\/logo\/image\/"},"sameAs":["https:\/\/www.facebook.com\/aquimicasa.net","https:\/\/www.instagram.com\/","https:\/\/x.com\/EduLizarragaD","https:\/\/www.linkedin.com\/feed\/"]},{"@type":"Person","@id":"https:\/\/www.aquimicasa.net\/blog\/#\/schema\/person\/2cdfa2605534583395c8d7ce1d6cac14","name":"Eduardo Lizarraga","image":{"@type":"ImageObject","inLanguage":"es","@id":"https:\/\/secure.gravatar.com\/avatar\/bdabe1eeeed97b65a9cb7de2edd624b07995f7e13abc5fead15961f745f908cc?s=96&d=mm&r=g","url":"https:\/\/secure.gravatar.com\/avatar\/bdabe1eeeed97b65a9cb7de2edd624b07995f7e13abc5fead15961f745f908cc?s=96&d=mm&r=g","contentUrl":"https:\/\/secure.gravatar.com\/avatar\/bdabe1eeeed97b65a9cb7de2edd624b07995f7e13abc5fead15961f745f908cc?s=96&d=mm&r=g","caption":"Eduardo Lizarraga"},"description":"Periodista Econ\u00f3mico. Ha trabajado en diversos campos de la informaci\u00f3n. Corresponsal en conflictos, analista pol\u00edtico en Congreso y Senado, periodista del medio ambiente, editor, director editorial, director de comunicaci\u00f3n.... En estos momentos se ha especializado en el sector inmobiliario. Pero tambi\u00e9n es navegante y viajero, preocupado por la pobreza, el medio ambiente y por las actuaciones descontroladas del neoliberalismo empresarial y pol\u00edtico en todo el mundo. Los desahucios, la pobreza infantil y la falta de acceso a los suministros b\u00e1sicos son algunos de los grandes dramas de nuestra sociedad y que es preciso solucionar para hacerla m\u00e1s justa. CEO en www.aquimicasa.net","sameAs":["https:\/\/www.aquimicasa.net\/"],"url":"https:\/\/www.aquimicasa.net\/blog\/author\/eduardo\/"}]}},"jetpack_publicize_connections":[],"jetpack_featured_media_url":"https:\/\/www.aquimicasa.net\/blog\/wp-content\/uploads\/Alquileres2-1-e1601067294408.jpeg","jetpack_sharing_enabled":true,"jetpack_likes_enabled":true,"_links":{"self":[{"href":"https:\/\/www.aquimicasa.net\/blog\/wp-json\/wp\/v2\/posts\/42979","targetHints":{"allow":["GET"]}}],"collection":[{"href":"https:\/\/www.aquimicasa.net\/blog\/wp-json\/wp\/v2\/posts"}],"about":[{"href":"https:\/\/www.aquimicasa.net\/blog\/wp-json\/wp\/v2\/types\/post"}],"author":[{"embeddable":true,"href":"https:\/\/www.aquimicasa.net\/blog\/wp-json\/wp\/v2\/users\/3"}],"replies":[{"embeddable":true,"href":"https:\/\/www.aquimicasa.net\/blog\/wp-json\/wp\/v2\/comments?post=42979"}],"version-history":[{"count":2,"href":"https:\/\/www.aquimicasa.net\/blog\/wp-json\/wp\/v2\/posts\/42979\/revisions"}],"predecessor-version":[{"id":42981,"href":"https:\/\/www.aquimicasa.net\/blog\/wp-json\/wp\/v2\/posts\/42979\/revisions\/42981"}],"wp:featuredmedia":[{"embeddable":true,"href":"https:\/\/www.aquimicasa.net\/blog\/wp-json\/wp\/v2\/media\/31796"}],"wp:attachment":[{"href":"https:\/\/www.aquimicasa.net\/blog\/wp-json\/wp\/v2\/media?parent=42979"}],"wp:term":[{"taxonomy":"category","embeddable":true,"href":"https:\/\/www.aquimicasa.net\/blog\/wp-json\/wp\/v2\/categories?post=42979"},{"taxonomy":"post_tag","embeddable":true,"href":"https:\/\/www.aquimicasa.net\/blog\/wp-json\/wp\/v2\/tags?post=42979"}],"curies":[{"name":"wp","href":"https:\/\/api.w.org\/{rel}","templated":true}]}}