{"id":43027,"date":"2023-01-11T20:03:16","date_gmt":"2023-01-11T19:03:16","guid":{"rendered":"https:\/\/www.aquimicasa.net\/blog\/?p=43027"},"modified":"2023-01-11T20:05:11","modified_gmt":"2023-01-11T19:05:11","slug":"el-2022-fue-el-ano-con-la-luz-mas-cara-de-la-historia","status":"publish","type":"post","link":"https:\/\/www.aquimicasa.net\/blog\/vivienda\/compraventa-de-viviendas\/el-2022-fue-el-ano-con-la-luz-mas-cara-de-la-historia\/","title":{"rendered":"El 2022 fue el a\u00f1o con la luz m\u00e1s cara de la historia"},"content":{"rendered":"<div class=\"fusion-fullwidth fullwidth-box fusion-builder-row-1 fusion-flex-container nonhundred-percent-fullwidth non-hundred-percent-height-scrolling\" style=\"background-color: rgba(255,255,255,0);background-position: center center;background-repeat: no-repeat;border-width: 0px 0px 0px 0px;border-color:#eae9e9;border-style:solid;\" ><div class=\"fusion-builder-row fusion-row fusion-flex-align-items-flex-start\" style=\"max-width:1144px;margin-left: calc(-4% \/ 2 );margin-right: calc(-4% \/ 2 );\"><div class=\"fusion-layout-column fusion_builder_column fusion-builder-column-0 fusion_builder_column_1_1 1_1 fusion-flex-column\"><div class=\"fusion-column-wrapper fusion-flex-justify-content-flex-start fusion-content-layout-column\" style=\"background-position:left top;background-repeat:no-repeat;-webkit-background-size:cover;-moz-background-size:cover;-o-background-size:cover;background-size:cover;padding: 0px 0px 0px 0px;\"><div class=\"fusion-text fusion-text-1\"><p>Aunque ya lo sabemos, por el atentado que ha supuesto a nuestros bolsillos, no est\u00e1 de m\u00e1s que podamos ver los datos con claridad. Un an\u00e1lisis de FACUA-Consumidores en Acci\u00f3n sobre la <strong>evoluci\u00f3n de la tarifa semirregulada de la luz (PVPC)<\/strong> pone de manfiesto que 2022 fue el a\u00f1o m\u00e1s caro de la historia. El a\u00f1o pasado un usuario medio pag\u00f3 <strong>1.538,53 euros por la luz<\/strong>, nada menos que un 37,9% por encima de los 1.116,04 euros de 2021.<\/p>\n<p>Los dos \u00faltimos a\u00f1os se sit\u00faan en las primeras posiciones del ranking. Muy atr\u00e1s quedan los 958,41 euros de 2012, el que hasta hace poco hab\u00eda sido el a\u00f1o en el que se batieron todos los r\u00e9cords y que ahora queda relegado al tercer puesto del ranking dadas las cifras de 2021 y 2022.<\/p>\n<p>La factura anual de 2022 represent\u00f3 para el usuario medio (que seg\u00fan los an\u00e1lisis de FACUA consume 366 kWh mensuales y tiene una potencia de 4,4 kW) un 60,5% que la de hace una d\u00e9cada. Si se realiza la comparativa con 2002, cuando la cifra se situ\u00f3 en 513,96 euros, el incremento representa el 199,3%.<\/p>\n<p>Durante 2022 tambi\u00e9n hemos tenido que pagar los tres recibos m\u00e1s caros de la historia. La <strong>factura del usuario medio<\/strong> alcanz\u00f3 en marzo los 176,73 euros, en agosto 158,30 euros y en julio 142,40 euros.<\/p>\n<p>La asociaci\u00f3n de consumidores muestra su satisfacci\u00f3n\u00a0ante la propuesta del Gobierno a Bruselas de <strong>sacar la nuclear y la hidroel\u00e9ctrica de la subasta<\/strong> marginalista. Se trata de una de las reivindicaciones que la asociaci\u00f3n traslad\u00f3 a\u00a0<strong>Teresa Ribera<\/strong>\u00a0en\u00a02021\u00a0y que\u00a0inicialmente\u00a0no fue aceptada por la vicepresidenta.<\/p>\n<p>Las grandes <strong>empresas del sector el\u00e9ctrico<\/strong> obtienen beneficios desproporcionados con precios inflados gracias a un sistema de fijaci\u00f3n injusto y favorecedor de pr\u00e1cticas especulatorias que FACUA lleva denunciando desde su implantacion, cuando gobernaba el PP de\u00a0<strong>Jos\u00e9 Mar\u00eda Aznar<\/strong>.<\/p>\n<p>FACUA reclama al Gobierno que exija a la Comisi\u00f3n Europea el <strong>punto y final a la subasta marginalista<\/strong>, un mecanismo por el que tecnolog\u00edas de generaci\u00f3n el\u00e9ctrica extraordinariamente baratas acaban costando a los consumidores lo mismo que las m\u00e1s caras, las cu\u00e1les adem\u00e1s <strong>incrementan artificialmente sus precios<\/strong>.<\/p>\n<p>Junto a la reforma planteada por el Gobierno a Bruselas, la asociaci\u00f3n considera esencial que una medida tan importante para proteger a los consumidores m\u00e1s vulnerables como el\u00a0<a href=\"https:\/\/bonosocial.org\/\"  rel=\"nofollow noopener\">bono social<\/a>\u00a0tenga la debida difusi\u00f3n, dado que a\u00f1o tras a\u00f1o las cifras constatan que la gran mayor\u00eda de sus beneficarios potenciales no lo solicitan. No lo hacen porque <strong>desconocen su existencia<\/strong> y caracter\u00edsticas o debido a que creen que no tienen derecho a recibirlo. A d\u00eda de hoy, el Gobierno contin\u00faa sin emprender campa\u00f1as de publicidad institucional potentes sobre estos descuentos.<\/p>\n<p>Pero si esencial es que los consumidores conozcan el <strong>bono social,<\/strong> a\u00fan m\u00e1s lo es que entiendan los conceptos incluidos en la factura y para ello la asociaci\u00f3n reclama igualmente tanto cambios regulatorios como campa\u00f1as institucionales. No es f\u00e1cil comparar las distintas ofertas existentes en el mercado cuando la factura que pagamos en la actualidad es dif\u00edcil de comprender, algo que se ha agravado desde la implantaci\u00f3n de los tramos horarios (punta, llano y valle) y a\u00fan m\u00e1s con la entrada en vigor del tope al gas.<\/p>\n<p>Y m\u00e1s all\u00e1 de estas cuestiones, la asociaci\u00f3n reclama medidas para fomentar que los consumidores optimicen la <strong>potencia contratada<\/strong> en sus viviendas. Los consumidores dom\u00e9sticos pagan a las el\u00e9ctricas muchos cientos de millones de euros de m\u00e1s cada a\u00f1o por el exceso de kilovatios que figuran en sus contratos. Seg\u00fan el \u00faltimo\u00a0<a href=\"https:\/\/data.cnmc.es\/panel-de-hogares\/conjuntos-de-datos\/estadisticas-panel-de-hogares-del-primer-semestre-de-2022\"  rel=\"nofollow noopener\">Panel de Hogares<\/a>\u00a0de la Comisi\u00f3n Nacional de los Mercados y la Competencia (CNMC), correspondiente al segundo trimestre de 2022, siete de cada diez viviendas tienen contratada una <strong>potencia superior a la que necesitan<\/strong>.<\/p>\n<div>\n<table>\n<tbody>\n<tr>\n<td><b>Factura anual del usuario medio (en euros, con impuestos)<\/b><\/td>\n<td><b>A\u00f1o<\/b><\/td>\n<td><b>Mes<\/b><\/td>\n<td><b>Evoluci\u00f3n interanual<\/b><\/td>\n<\/tr>\n<tr>\n<td><b>2001<\/b><\/td>\n<td>513,96<\/td>\n<td>42,83<\/td>\n<td>-4,0%<\/td>\n<\/tr>\n<tr>\n<td><b>2002<\/b><\/td>\n<td>513,96<\/td>\n<td>42,83<\/td>\n<td>0,0%<\/td>\n<\/tr>\n<tr>\n<td><b>2003<\/b><\/td>\n<td>521,64<\/td>\n<td>43,47<\/td>\n<td>+1,5%<\/td>\n<\/tr>\n<tr>\n<td><b>2004<\/b><\/td>\n<td>529,32<\/td>\n<td>44,11<\/td>\n<td>+1,5%<\/td>\n<\/tr>\n<tr>\n<td><strong>2005<\/strong><\/td>\n<td>538,56<\/td>\n<td>44,88<\/td>\n<td>+1,7%<\/td>\n<\/tr>\n<tr>\n<td><b>2006<\/b><\/td>\n<td>564,96<\/td>\n<td>47,08<\/td>\n<td>+4,9%<\/td>\n<\/tr>\n<tr>\n<td><b>2007<\/b><\/td>\n<td>583,08<\/td>\n<td>48,59<\/td>\n<td>+3,2%<\/td>\n<\/tr>\n<tr>\n<td><strong>2008<\/strong><\/td>\n<td>633,00<\/td>\n<td>52,75<\/td>\n<td>+8,6%<\/td>\n<\/tr>\n<tr>\n<td><b>2009<\/b><\/td>\n<td>704,88<\/td>\n<td>58,74<\/td>\n<td>+11,4%<\/td>\n<\/tr>\n<tr>\n<td><b>2010<\/b><\/td>\n<td>757,80<\/td>\n<td>63,15<\/td>\n<td>+7,5%<\/td>\n<\/tr>\n<tr>\n<td><b>2011<\/b><\/td>\n<td>895,71<\/td>\n<td>74,64<\/td>\n<td>+18,2%<\/td>\n<\/tr>\n<tr>\n<td><b>2012<\/b><\/td>\n<td>958,41<\/td>\n<td>79,87<\/td>\n<td>+7,0%<\/td>\n<\/tr>\n<tr>\n<td><b>2013<\/b><\/td>\n<td>923,14<\/td>\n<td>76,93<\/td>\n<td>-3,7%<\/td>\n<\/tr>\n<tr>\n<td><b>2014<\/b><\/td>\n<td>874,03<\/td>\n<td>72,84<\/td>\n<td>-5,3%<\/td>\n<\/tr>\n<tr>\n<td><b>2015<\/b><\/td>\n<td>920,76<\/td>\n<td>76,73<\/td>\n<td>+5,3%<\/td>\n<\/tr>\n<tr>\n<td><b>2016<\/b><\/td>\n<td>818,40<\/td>\n<td>68,20<\/td>\n<td>-11,1%<\/td>\n<\/tr>\n<tr>\n<td><b>2017<\/b><\/td>\n<td>906,24<\/td>\n<td>75,52<\/td>\n<td>+10,7%<\/td>\n<\/tr>\n<tr>\n<td><b>2018<\/b><\/td>\n<td>926,16<\/td>\n<td>77,18<\/td>\n<td>+2,2%<\/td>\n<\/tr>\n<tr>\n<td><b>2019<\/b><\/td>\n<td>853,80<\/td>\n<td>71,15<\/td>\n<td>-7,8%<\/td>\n<\/tr>\n<tr>\n<td><b>2020<\/b><\/td>\n<td>760,88<\/td>\n<td>63,41<\/td>\n<td>-10,9%<\/td>\n<\/tr>\n<tr>\n<td><b>2021<\/b><\/td>\n<td>1.116,04<\/td>\n<td>93,00<\/td>\n<td>+46,7%<\/td>\n<\/tr>\n<tr>\n<td><b>2022<\/b><\/td>\n<td>1.538,53<\/td>\n<td>128,21<\/td>\n<td>+37,9%<\/td>\n<\/tr>\n<\/tbody>\n<\/table>\n<\/div>\n<p><em>El usuario medio tiene un consumo mensual de 366 kWh y una potencia contratada de 4,4 kW.<\/em><\/p>\n<\/div><\/div><style type=\"text\/css\">.fusion-body .fusion-builder-column-0{width:100% !important;margin-top : 0px;margin-bottom : 0px;}.fusion-builder-column-0 > .fusion-column-wrapper {padding-top : 0px !important;padding-right : 0px !important;margin-right : 1.92%;padding-bottom : 0px !important;padding-left : 0px !important;margin-left : 1.92%;}@media only screen and (max-width:1024px) {.fusion-body .fusion-builder-column-0{width:100% !important;}.fusion-builder-column-0 > .fusion-column-wrapper {margin-right : 1.92%;margin-left : 1.92%;}}@media only screen and (max-width:640px) {.fusion-body .fusion-builder-column-0{width:100% !important;}.fusion-builder-column-0 > .fusion-column-wrapper {margin-right : 1.92%;margin-left : 1.92%;}}<\/style><\/div><\/div><style type=\"text\/css\">.fusion-body .fusion-flex-container.fusion-builder-row-1{ padding-top : 0px;margin-top : 0px;padding-right : 0px;padding-bottom : 0px;margin-bottom : 0px;padding-left : 0px;}<\/style><\/div>\n","protected":false},"excerpt":{"rendered":"<p>Las grandes empresas del sector el\u00e9ctrico obtienen beneficios desproporcionados con precios inflados gracias a un sistema de fijaci\u00f3n injusto y favorecedor de pr\u00e1cticas especulatorias que FACUA lleva denunciando desde su implantacion, cuando gobernaba el PP de\u00a0Jos\u00e9 Mar\u00eda Aznar.<\/p>\n","protected":false},"author":3,"featured_media":39661,"comment_status":"closed","ping_status":"closed","sticky":false,"template":"","format":"standard","meta":{"_jetpack_memberships_contains_paid_content":false,"footnotes":"","jetpack_publicize_message":"","jetpack_publicize_feature_enabled":true,"jetpack_social_post_already_shared":false,"jetpack_social_options":{"image_generator_settings":{"template":"highway","default_image_id":0,"font":"","enabled":false},"version":2}},"categories":[100],"tags":[8072,7568],"class_list":["post-43027","post","type-post","status-publish","format-standard","has-post-thumbnail","hentry","category-compraventa-de-viviendas","tag-newsletter-391","tag-noticia-de-portada"],"yoast_head":"<!-- This site is optimized with the Yoast SEO plugin v28.2 - https:\/\/yoast.com\/product\/yoast-seo-wordpress\/ -->\n<title>El 2022 fue el a\u00f1o con la luz m\u00e1s cara de la historia<\/title>\n<meta name=\"description\" content=\"El a\u00f1o pasado un usuario medio pag\u00f3 1.538,53 euros por la luz, nada menos que un 37,9% por encima de los 1.116,04 euros de 2021.\" \/>\n<meta name=\"robots\" content=\"index, follow, max-snippet:-1, max-image-preview:large, max-video-preview:-1\" \/>\n<link rel=\"canonical\" href=\"https:\/\/www.aquimicasa.net\/blog\/vivienda\/compraventa-de-viviendas\/el-2022-fue-el-ano-con-la-luz-mas-cara-de-la-historia\/\" \/>\n<meta property=\"og:locale\" content=\"es_ES\" \/>\n<meta property=\"og:type\" content=\"article\" \/>\n<meta property=\"og:title\" content=\"El 2022 fue el a\u00f1o con la luz m\u00e1s cara de la historia\" \/>\n<meta property=\"og:description\" content=\"El a\u00f1o pasado un usuario medio pag\u00f3 1.538,53 euros por la luz, nada menos que un 37,9% por encima de los 1.116,04 euros de 2021.\" \/>\n<meta property=\"og:url\" content=\"https:\/\/www.aquimicasa.net\/blog\/vivienda\/compraventa-de-viviendas\/el-2022-fue-el-ano-con-la-luz-mas-cara-de-la-historia\/\" \/>\n<meta property=\"og:site_name\" content=\"Blog de aquimicasa.net\" \/>\n<meta property=\"article:publisher\" content=\"https:\/\/www.facebook.com\/aquimicasa.net\" \/>\n<meta property=\"article:published_time\" content=\"2023-01-11T19:03:16+00:00\" \/>\n<meta property=\"article:modified_time\" content=\"2023-01-11T19:05:11+00:00\" \/>\n<meta property=\"og:image\" content=\"https:\/\/www.aquimicasa.net\/blog\/wp-content\/uploads\/electricidad9-e1642285785552.jpg\" \/>\n\t<meta property=\"og:image:width\" content=\"400\" \/>\n\t<meta property=\"og:image:height\" content=\"225\" \/>\n\t<meta property=\"og:image:type\" content=\"image\/jpeg\" \/>\n<meta name=\"author\" content=\"Eduardo Lizarraga\" \/>\n<meta name=\"twitter:label1\" content=\"Escrito por\" \/>\n\t<meta name=\"twitter:data1\" content=\"Eduardo Lizarraga\" \/>\n\t<meta name=\"twitter:label2\" content=\"Tiempo de lectura\" \/>\n\t<meta name=\"twitter:data2\" content=\"4 minutos\" \/>\n<script type=\"application\/ld+json\" class=\"yoast-schema-graph\">{\"@context\":\"https:\\\/\\\/schema.org\",\"@graph\":[{\"@type\":\"Article\",\"@id\":\"https:\\\/\\\/www.aquimicasa.net\\\/blog\\\/vivienda\\\/compraventa-de-viviendas\\\/el-2022-fue-el-ano-con-la-luz-mas-cara-de-la-historia\\\/#article\",\"isPartOf\":{\"@id\":\"https:\\\/\\\/www.aquimicasa.net\\\/blog\\\/vivienda\\\/compraventa-de-viviendas\\\/el-2022-fue-el-ano-con-la-luz-mas-cara-de-la-historia\\\/\"},\"author\":{\"name\":\"Eduardo Lizarraga\",\"@id\":\"https:\\\/\\\/www.aquimicasa.net\\\/blog\\\/#\\\/schema\\\/person\\\/2cdfa2605534583395c8d7ce1d6cac14\"},\"headline\":\"El 2022 fue el a\u00f1o con la luz m\u00e1s cara de la historia\",\"datePublished\":\"2023-01-11T19:03:16+00:00\",\"dateModified\":\"2023-01-11T19:05:11+00:00\",\"mainEntityOfPage\":{\"@id\":\"https:\\\/\\\/www.aquimicasa.net\\\/blog\\\/vivienda\\\/compraventa-de-viviendas\\\/el-2022-fue-el-ano-con-la-luz-mas-cara-de-la-historia\\\/\"},\"wordCount\":949,\"publisher\":{\"@id\":\"https:\\\/\\\/www.aquimicasa.net\\\/blog\\\/#organization\"},\"image\":{\"@id\":\"https:\\\/\\\/www.aquimicasa.net\\\/blog\\\/vivienda\\\/compraventa-de-viviendas\\\/el-2022-fue-el-ano-con-la-luz-mas-cara-de-la-historia\\\/#primaryimage\"},\"thumbnailUrl\":\"https:\\\/\\\/www.aquimicasa.net\\\/blog\\\/wp-content\\\/uploads\\\/electricidad9-e1642285785552.jpg\",\"keywords\":[\"newsletter 391\",\"noticia de portada\"],\"articleSection\":[\"Compra Venta\"],\"inLanguage\":\"es\"},{\"@type\":\"WebPage\",\"@id\":\"https:\\\/\\\/www.aquimicasa.net\\\/blog\\\/vivienda\\\/compraventa-de-viviendas\\\/el-2022-fue-el-ano-con-la-luz-mas-cara-de-la-historia\\\/\",\"url\":\"https:\\\/\\\/www.aquimicasa.net\\\/blog\\\/vivienda\\\/compraventa-de-viviendas\\\/el-2022-fue-el-ano-con-la-luz-mas-cara-de-la-historia\\\/\",\"name\":\"El 2022 fue el a\u00f1o con la luz m\u00e1s cara de la historia\",\"isPartOf\":{\"@id\":\"https:\\\/\\\/www.aquimicasa.net\\\/blog\\\/#website\"},\"primaryImageOfPage\":{\"@id\":\"https:\\\/\\\/www.aquimicasa.net\\\/blog\\\/vivienda\\\/compraventa-de-viviendas\\\/el-2022-fue-el-ano-con-la-luz-mas-cara-de-la-historia\\\/#primaryimage\"},\"image\":{\"@id\":\"https:\\\/\\\/www.aquimicasa.net\\\/blog\\\/vivienda\\\/compraventa-de-viviendas\\\/el-2022-fue-el-ano-con-la-luz-mas-cara-de-la-historia\\\/#primaryimage\"},\"thumbnailUrl\":\"https:\\\/\\\/www.aquimicasa.net\\\/blog\\\/wp-content\\\/uploads\\\/electricidad9-e1642285785552.jpg\",\"datePublished\":\"2023-01-11T19:03:16+00:00\",\"dateModified\":\"2023-01-11T19:05:11+00:00\",\"description\":\"El a\u00f1o pasado un usuario medio pag\u00f3 1.538,53 euros por la luz, nada menos que un 37,9% por encima de los 1.116,04 euros de 2021.\",\"breadcrumb\":{\"@id\":\"https:\\\/\\\/www.aquimicasa.net\\\/blog\\\/vivienda\\\/compraventa-de-viviendas\\\/el-2022-fue-el-ano-con-la-luz-mas-cara-de-la-historia\\\/#breadcrumb\"},\"inLanguage\":\"es\",\"potentialAction\":[{\"@type\":\"ReadAction\",\"target\":[\"https:\\\/\\\/www.aquimicasa.net\\\/blog\\\/vivienda\\\/compraventa-de-viviendas\\\/el-2022-fue-el-ano-con-la-luz-mas-cara-de-la-historia\\\/\"]}]},{\"@type\":\"ImageObject\",\"inLanguage\":\"es\",\"@id\":\"https:\\\/\\\/www.aquimicasa.net\\\/blog\\\/vivienda\\\/compraventa-de-viviendas\\\/el-2022-fue-el-ano-con-la-luz-mas-cara-de-la-historia\\\/#primaryimage\",\"url\":\"https:\\\/\\\/www.aquimicasa.net\\\/blog\\\/wp-content\\\/uploads\\\/electricidad9-e1642285785552.jpg\",\"contentUrl\":\"https:\\\/\\\/www.aquimicasa.net\\\/blog\\\/wp-content\\\/uploads\\\/electricidad9-e1642285785552.jpg\",\"width\":400,\"height\":225,\"caption\":\"Naturgy querrellada por manipulaci\u00f3n del mercado el\u00e9ctrico\"},{\"@type\":\"BreadcrumbList\",\"@id\":\"https:\\\/\\\/www.aquimicasa.net\\\/blog\\\/vivienda\\\/compraventa-de-viviendas\\\/el-2022-fue-el-ano-con-la-luz-mas-cara-de-la-historia\\\/#breadcrumb\",\"itemListElement\":[{\"@type\":\"ListItem\",\"position\":1,\"name\":\"Portada\",\"item\":\"https:\\\/\\\/www.aquimicasa.net\\\/blog\\\/\"},{\"@type\":\"ListItem\",\"position\":2,\"name\":\"El 2022 fue el a\u00f1o con la luz m\u00e1s cara de la historia\"}]},{\"@type\":\"WebSite\",\"@id\":\"https:\\\/\\\/www.aquimicasa.net\\\/blog\\\/#website\",\"url\":\"https:\\\/\\\/www.aquimicasa.net\\\/blog\\\/\",\"name\":\"Blog de aquimicasa.net\",\"description\":\"Noticias del Mundo Inmobiliario\",\"publisher\":{\"@id\":\"https:\\\/\\\/www.aquimicasa.net\\\/blog\\\/#organization\"},\"potentialAction\":[{\"@type\":\"SearchAction\",\"target\":{\"@type\":\"EntryPoint\",\"urlTemplate\":\"https:\\\/\\\/www.aquimicasa.net\\\/blog\\\/?s={search_term_string}\"},\"query-input\":{\"@type\":\"PropertyValueSpecification\",\"valueRequired\":true,\"valueName\":\"search_term_string\"}}],\"inLanguage\":\"es\"},{\"@type\":\"Organization\",\"@id\":\"https:\\\/\\\/www.aquimicasa.net\\\/blog\\\/#organization\",\"name\":\"Blog de aquimicasa.net\",\"url\":\"https:\\\/\\\/www.aquimicasa.net\\\/blog\\\/\",\"logo\":{\"@type\":\"ImageObject\",\"inLanguage\":\"es\",\"@id\":\"https:\\\/\\\/www.aquimicasa.net\\\/blog\\\/#\\\/schema\\\/logo\\\/image\\\/\",\"url\":\"https:\\\/\\\/www.aquimicasa.net\\\/blog\\\/wp-content\\\/uploads\\\/Logo-aquimicasa-1-e1528048213782.png\",\"contentUrl\":\"https:\\\/\\\/www.aquimicasa.net\\\/blog\\\/wp-content\\\/uploads\\\/Logo-aquimicasa-1-e1528048213782.png\",\"width\":225,\"height\":225,\"caption\":\"Blog de aquimicasa.net\"},\"image\":{\"@id\":\"https:\\\/\\\/www.aquimicasa.net\\\/blog\\\/#\\\/schema\\\/logo\\\/image\\\/\"},\"sameAs\":[\"https:\\\/\\\/www.facebook.com\\\/aquimicasa.net\",\"https:\\\/\\\/www.instagram.com\\\/\",\"https:\\\/\\\/x.com\\\/EduLizarragaD\",\"https:\\\/\\\/www.linkedin.com\\\/feed\\\/\"]},{\"@type\":\"Person\",\"@id\":\"https:\\\/\\\/www.aquimicasa.net\\\/blog\\\/#\\\/schema\\\/person\\\/2cdfa2605534583395c8d7ce1d6cac14\",\"name\":\"Eduardo Lizarraga\",\"image\":{\"@type\":\"ImageObject\",\"inLanguage\":\"es\",\"@id\":\"https:\\\/\\\/secure.gravatar.com\\\/avatar\\\/bdabe1eeeed97b65a9cb7de2edd624b07995f7e13abc5fead15961f745f908cc?s=96&d=mm&r=g\",\"url\":\"https:\\\/\\\/secure.gravatar.com\\\/avatar\\\/bdabe1eeeed97b65a9cb7de2edd624b07995f7e13abc5fead15961f745f908cc?s=96&d=mm&r=g\",\"contentUrl\":\"https:\\\/\\\/secure.gravatar.com\\\/avatar\\\/bdabe1eeeed97b65a9cb7de2edd624b07995f7e13abc5fead15961f745f908cc?s=96&d=mm&r=g\",\"caption\":\"Eduardo Lizarraga\"},\"description\":\"Periodista Econ\u00f3mico. Ha trabajado en diversos campos de la informaci\u00f3n. Corresponsal en conflictos, analista pol\u00edtico en Congreso y Senado, periodista del medio ambiente, editor, director editorial, director de comunicaci\u00f3n.... En estos momentos se ha especializado en el sector inmobiliario. Pero tambi\u00e9n es navegante y viajero, preocupado por la pobreza, el medio ambiente y por las actuaciones descontroladas del neoliberalismo empresarial y pol\u00edtico en todo el mundo. Los desahucios, la pobreza infantil y la falta de acceso a los suministros b\u00e1sicos son algunos de los grandes dramas de nuestra sociedad y que es preciso solucionar para hacerla m\u00e1s justa. CEO en www.aquimicasa.net\",\"sameAs\":[\"https:\\\/\\\/www.aquimicasa.net\\\/\"],\"url\":\"https:\\\/\\\/www.aquimicasa.net\\\/blog\\\/author\\\/eduardo\\\/\"}]}<\/script>\n<!-- \/ Yoast SEO plugin. -->","yoast_head_json":{"title":"El 2022 fue el a\u00f1o con la luz m\u00e1s cara de la historia","description":"El a\u00f1o pasado un usuario medio pag\u00f3 1.538,53 euros por la luz, nada menos que un 37,9% por encima de los 1.116,04 euros de 2021.","robots":{"index":"index","follow":"follow","max-snippet":"max-snippet:-1","max-image-preview":"max-image-preview:large","max-video-preview":"max-video-preview:-1"},"canonical":"https:\/\/www.aquimicasa.net\/blog\/vivienda\/compraventa-de-viviendas\/el-2022-fue-el-ano-con-la-luz-mas-cara-de-la-historia\/","og_locale":"es_ES","og_type":"article","og_title":"El 2022 fue el a\u00f1o con la luz m\u00e1s cara de la historia","og_description":"El a\u00f1o pasado un usuario medio pag\u00f3 1.538,53 euros por la luz, nada menos que un 37,9% por encima de los 1.116,04 euros de 2021.","og_url":"https:\/\/www.aquimicasa.net\/blog\/vivienda\/compraventa-de-viviendas\/el-2022-fue-el-ano-con-la-luz-mas-cara-de-la-historia\/","og_site_name":"Blog de aquimicasa.net","article_publisher":"https:\/\/www.facebook.com\/aquimicasa.net","article_published_time":"2023-01-11T19:03:16+00:00","article_modified_time":"2023-01-11T19:05:11+00:00","og_image":[{"width":400,"height":225,"url":"https:\/\/www.aquimicasa.net\/blog\/wp-content\/uploads\/electricidad9-e1642285785552.jpg","type":"image\/jpeg"}],"author":"Eduardo Lizarraga","twitter_misc":{"Escrito por":"Eduardo Lizarraga","Tiempo de lectura":"4 minutos"},"schema":{"@context":"https:\/\/schema.org","@graph":[{"@type":"Article","@id":"https:\/\/www.aquimicasa.net\/blog\/vivienda\/compraventa-de-viviendas\/el-2022-fue-el-ano-con-la-luz-mas-cara-de-la-historia\/#article","isPartOf":{"@id":"https:\/\/www.aquimicasa.net\/blog\/vivienda\/compraventa-de-viviendas\/el-2022-fue-el-ano-con-la-luz-mas-cara-de-la-historia\/"},"author":{"name":"Eduardo Lizarraga","@id":"https:\/\/www.aquimicasa.net\/blog\/#\/schema\/person\/2cdfa2605534583395c8d7ce1d6cac14"},"headline":"El 2022 fue el a\u00f1o con la luz m\u00e1s cara de la historia","datePublished":"2023-01-11T19:03:16+00:00","dateModified":"2023-01-11T19:05:11+00:00","mainEntityOfPage":{"@id":"https:\/\/www.aquimicasa.net\/blog\/vivienda\/compraventa-de-viviendas\/el-2022-fue-el-ano-con-la-luz-mas-cara-de-la-historia\/"},"wordCount":949,"publisher":{"@id":"https:\/\/www.aquimicasa.net\/blog\/#organization"},"image":{"@id":"https:\/\/www.aquimicasa.net\/blog\/vivienda\/compraventa-de-viviendas\/el-2022-fue-el-ano-con-la-luz-mas-cara-de-la-historia\/#primaryimage"},"thumbnailUrl":"https:\/\/www.aquimicasa.net\/blog\/wp-content\/uploads\/electricidad9-e1642285785552.jpg","keywords":["newsletter 391","noticia de portada"],"articleSection":["Compra Venta"],"inLanguage":"es"},{"@type":"WebPage","@id":"https:\/\/www.aquimicasa.net\/blog\/vivienda\/compraventa-de-viviendas\/el-2022-fue-el-ano-con-la-luz-mas-cara-de-la-historia\/","url":"https:\/\/www.aquimicasa.net\/blog\/vivienda\/compraventa-de-viviendas\/el-2022-fue-el-ano-con-la-luz-mas-cara-de-la-historia\/","name":"El 2022 fue el a\u00f1o con la luz m\u00e1s cara de la historia","isPartOf":{"@id":"https:\/\/www.aquimicasa.net\/blog\/#website"},"primaryImageOfPage":{"@id":"https:\/\/www.aquimicasa.net\/blog\/vivienda\/compraventa-de-viviendas\/el-2022-fue-el-ano-con-la-luz-mas-cara-de-la-historia\/#primaryimage"},"image":{"@id":"https:\/\/www.aquimicasa.net\/blog\/vivienda\/compraventa-de-viviendas\/el-2022-fue-el-ano-con-la-luz-mas-cara-de-la-historia\/#primaryimage"},"thumbnailUrl":"https:\/\/www.aquimicasa.net\/blog\/wp-content\/uploads\/electricidad9-e1642285785552.jpg","datePublished":"2023-01-11T19:03:16+00:00","dateModified":"2023-01-11T19:05:11+00:00","description":"El a\u00f1o pasado un usuario medio pag\u00f3 1.538,53 euros por la luz, nada menos que un 37,9% por encima de los 1.116,04 euros de 2021.","breadcrumb":{"@id":"https:\/\/www.aquimicasa.net\/blog\/vivienda\/compraventa-de-viviendas\/el-2022-fue-el-ano-con-la-luz-mas-cara-de-la-historia\/#breadcrumb"},"inLanguage":"es","potentialAction":[{"@type":"ReadAction","target":["https:\/\/www.aquimicasa.net\/blog\/vivienda\/compraventa-de-viviendas\/el-2022-fue-el-ano-con-la-luz-mas-cara-de-la-historia\/"]}]},{"@type":"ImageObject","inLanguage":"es","@id":"https:\/\/www.aquimicasa.net\/blog\/vivienda\/compraventa-de-viviendas\/el-2022-fue-el-ano-con-la-luz-mas-cara-de-la-historia\/#primaryimage","url":"https:\/\/www.aquimicasa.net\/blog\/wp-content\/uploads\/electricidad9-e1642285785552.jpg","contentUrl":"https:\/\/www.aquimicasa.net\/blog\/wp-content\/uploads\/electricidad9-e1642285785552.jpg","width":400,"height":225,"caption":"Naturgy querrellada por manipulaci\u00f3n del mercado el\u00e9ctrico"},{"@type":"BreadcrumbList","@id":"https:\/\/www.aquimicasa.net\/blog\/vivienda\/compraventa-de-viviendas\/el-2022-fue-el-ano-con-la-luz-mas-cara-de-la-historia\/#breadcrumb","itemListElement":[{"@type":"ListItem","position":1,"name":"Portada","item":"https:\/\/www.aquimicasa.net\/blog\/"},{"@type":"ListItem","position":2,"name":"El 2022 fue el a\u00f1o con la luz m\u00e1s cara de la historia"}]},{"@type":"WebSite","@id":"https:\/\/www.aquimicasa.net\/blog\/#website","url":"https:\/\/www.aquimicasa.net\/blog\/","name":"Blog de aquimicasa.net","description":"Noticias del Mundo Inmobiliario","publisher":{"@id":"https:\/\/www.aquimicasa.net\/blog\/#organization"},"potentialAction":[{"@type":"SearchAction","target":{"@type":"EntryPoint","urlTemplate":"https:\/\/www.aquimicasa.net\/blog\/?s={search_term_string}"},"query-input":{"@type":"PropertyValueSpecification","valueRequired":true,"valueName":"search_term_string"}}],"inLanguage":"es"},{"@type":"Organization","@id":"https:\/\/www.aquimicasa.net\/blog\/#organization","name":"Blog de aquimicasa.net","url":"https:\/\/www.aquimicasa.net\/blog\/","logo":{"@type":"ImageObject","inLanguage":"es","@id":"https:\/\/www.aquimicasa.net\/blog\/#\/schema\/logo\/image\/","url":"https:\/\/www.aquimicasa.net\/blog\/wp-content\/uploads\/Logo-aquimicasa-1-e1528048213782.png","contentUrl":"https:\/\/www.aquimicasa.net\/blog\/wp-content\/uploads\/Logo-aquimicasa-1-e1528048213782.png","width":225,"height":225,"caption":"Blog de aquimicasa.net"},"image":{"@id":"https:\/\/www.aquimicasa.net\/blog\/#\/schema\/logo\/image\/"},"sameAs":["https:\/\/www.facebook.com\/aquimicasa.net","https:\/\/www.instagram.com\/","https:\/\/x.com\/EduLizarragaD","https:\/\/www.linkedin.com\/feed\/"]},{"@type":"Person","@id":"https:\/\/www.aquimicasa.net\/blog\/#\/schema\/person\/2cdfa2605534583395c8d7ce1d6cac14","name":"Eduardo Lizarraga","image":{"@type":"ImageObject","inLanguage":"es","@id":"https:\/\/secure.gravatar.com\/avatar\/bdabe1eeeed97b65a9cb7de2edd624b07995f7e13abc5fead15961f745f908cc?s=96&d=mm&r=g","url":"https:\/\/secure.gravatar.com\/avatar\/bdabe1eeeed97b65a9cb7de2edd624b07995f7e13abc5fead15961f745f908cc?s=96&d=mm&r=g","contentUrl":"https:\/\/secure.gravatar.com\/avatar\/bdabe1eeeed97b65a9cb7de2edd624b07995f7e13abc5fead15961f745f908cc?s=96&d=mm&r=g","caption":"Eduardo Lizarraga"},"description":"Periodista Econ\u00f3mico. Ha trabajado en diversos campos de la informaci\u00f3n. Corresponsal en conflictos, analista pol\u00edtico en Congreso y Senado, periodista del medio ambiente, editor, director editorial, director de comunicaci\u00f3n.... En estos momentos se ha especializado en el sector inmobiliario. Pero tambi\u00e9n es navegante y viajero, preocupado por la pobreza, el medio ambiente y por las actuaciones descontroladas del neoliberalismo empresarial y pol\u00edtico en todo el mundo. Los desahucios, la pobreza infantil y la falta de acceso a los suministros b\u00e1sicos son algunos de los grandes dramas de nuestra sociedad y que es preciso solucionar para hacerla m\u00e1s justa. CEO en www.aquimicasa.net","sameAs":["https:\/\/www.aquimicasa.net\/"],"url":"https:\/\/www.aquimicasa.net\/blog\/author\/eduardo\/"}]}},"jetpack_publicize_connections":[],"jetpack_featured_media_url":"https:\/\/www.aquimicasa.net\/blog\/wp-content\/uploads\/electricidad9-e1642285785552.jpg","jetpack_sharing_enabled":true,"jetpack_likes_enabled":true,"_links":{"self":[{"href":"https:\/\/www.aquimicasa.net\/blog\/wp-json\/wp\/v2\/posts\/43027","targetHints":{"allow":["GET"]}}],"collection":[{"href":"https:\/\/www.aquimicasa.net\/blog\/wp-json\/wp\/v2\/posts"}],"about":[{"href":"https:\/\/www.aquimicasa.net\/blog\/wp-json\/wp\/v2\/types\/post"}],"author":[{"embeddable":true,"href":"https:\/\/www.aquimicasa.net\/blog\/wp-json\/wp\/v2\/users\/3"}],"replies":[{"embeddable":true,"href":"https:\/\/www.aquimicasa.net\/blog\/wp-json\/wp\/v2\/comments?post=43027"}],"version-history":[{"count":2,"href":"https:\/\/www.aquimicasa.net\/blog\/wp-json\/wp\/v2\/posts\/43027\/revisions"}],"predecessor-version":[{"id":43033,"href":"https:\/\/www.aquimicasa.net\/blog\/wp-json\/wp\/v2\/posts\/43027\/revisions\/43033"}],"wp:featuredmedia":[{"embeddable":true,"href":"https:\/\/www.aquimicasa.net\/blog\/wp-json\/wp\/v2\/media\/39661"}],"wp:attachment":[{"href":"https:\/\/www.aquimicasa.net\/blog\/wp-json\/wp\/v2\/media?parent=43027"}],"wp:term":[{"taxonomy":"category","embeddable":true,"href":"https:\/\/www.aquimicasa.net\/blog\/wp-json\/wp\/v2\/categories?post=43027"},{"taxonomy":"post_tag","embeddable":true,"href":"https:\/\/www.aquimicasa.net\/blog\/wp-json\/wp\/v2\/tags?post=43027"}],"curies":[{"name":"wp","href":"https:\/\/api.w.org\/{rel}","templated":true}]}}