{"id":43065,"date":"2023-01-17T22:50:10","date_gmt":"2023-01-17T21:50:10","guid":{"rendered":"https:\/\/www.aquimicasa.net\/blog\/?p=43065"},"modified":"2023-01-17T22:50:48","modified_gmt":"2023-01-17T21:50:48","slug":"barcelona-avanza-en-la-regulacion-de-cocinas-fantasma","status":"publish","type":"post","link":"https:\/\/www.aquimicasa.net\/blog\/consumo\/consumidores\/barcelona-avanza-en-la-regulacion-de-cocinas-fantasma\/","title":{"rendered":"Barcelona avanza en la regulaci\u00f3n de cocinas fantasma"},"content":{"rendered":"<div class=\"fusion-fullwidth fullwidth-box fusion-builder-row-1 fusion-flex-container nonhundred-percent-fullwidth non-hundred-percent-height-scrolling\" style=\"background-color: rgba(255,255,255,0);background-position: center center;background-repeat: no-repeat;border-width: 0px 0px 0px 0px;border-color:#eae9e9;border-style:solid;\" ><div class=\"fusion-builder-row fusion-row fusion-flex-align-items-flex-start\" style=\"max-width:1144px;margin-left: calc(-4% \/ 2 );margin-right: calc(-4% \/ 2 );\"><div class=\"fusion-layout-column fusion_builder_column fusion-builder-column-0 fusion_builder_column_1_1 1_1 fusion-flex-column\"><div class=\"fusion-column-wrapper fusion-flex-justify-content-flex-start fusion-content-layout-column\" style=\"background-position:left top;background-repeat:no-repeat;-webkit-background-size:cover;-moz-background-size:cover;-o-background-size:cover;background-size:cover;padding: 0px 0px 0px 0px;\"><div class=\"fusion-text fusion-text-1\"><p>La pandemia que vamos dejando atr\u00e1s ha tra\u00eddo muchos cambios en usos y costumbres, algunos que se quedar\u00e1n en el tiempo y otros que deber\u00e1n desaparecer o al menos regularse; es el caso de las <strong>cocinas y supermercados fantasma<\/strong> que causan muchos disturbios en las poblaciones, sobre todo en las <strong>zonas residenciales<\/strong> por los olores, ruidos y movimientos de tr\u00e1fico a cualquier hora del d\u00eda y de la noche.<\/p>\n<p>En este sentido, el <strong>Ayuntamiento de Barcelona<\/strong> prev\u00e9 prohibir los supermercados fantasma en la ciudad y los que est\u00e1n operando actualmente tendr\u00e1n que escoger seguir funcionando como<strong> almacenes alimentarios<\/strong> sin reparto a domicilio o como supermercados abiertos al p\u00fablico. Tambi\u00e9n las <strong>cocinas fantasma<\/strong> se enfrentan a las mismas limitaciones y prohibiciones.<\/p>\n<p>La medida ha sido anunciada por las tenientes de alcalde <strong>Janet Sanz<\/strong>\u00a0y\u00a0<strong>Laia Bonet<\/strong> en una rueda de prensa en la que han explicado la propuesta que plantea el Gobierno municipal dentro del plan especial de actividades vinculadas al <strong>reparto a domicilio<\/strong> y que se votar\u00e1 en el pleno de este mes de enero si pasa el primer tr\u00e1mite en la comisi\u00f3n de Urbanismo.<\/p>\n<p>De momento el consistorio de la <strong>Ciudad Condal<\/strong> aprob\u00f3 la suspensi\u00f3n de licencias para <strong>macrococinas<\/strong> en 2021, y un plan de usos en marzo de 2022\u00a0 que deber\u00e1 incorporar una serie de cuestiones y mejoras surgidas del proceso participativo. En el mismo se contempla la prohibici\u00f3n de los supermercados fantasma y tambi\u00e9n de las cocinas fantasma, aunque tan s\u00f3lo en <strong>zonas residenciales.<\/strong> Podr\u00e1n instalarse, eso s\u00ed, en los pol\u00edgonos industriales de la <strong>Zona Franca<\/strong> manteniendo una distancia m\u00ednima de 400 metros entre ellos.<\/p>\n<p><strong>Janet Sanz<\/strong> ha explicado que no existen en estos momentos instalaciones de cocinas fantasma en la ciudad, y que nunca han tenido permiso de actividad habi\u00e9ndoseles denegado en varias cocasiones.<\/p>\n<h3><strong>Repartos a domicilio<\/strong><\/h3>\n<p>El plan pendiente de aprobaci\u00f3n contempla la <strong>regulaci\u00f3n del reparto a domicilio<\/strong> para los bares y restaurantes, que tendr\u00e1n que pedir un permiso espec\u00edfico para llevar a cabo esta actividad complementaria y deber\u00e1n solicitarlo durante los dos a\u00f1os siguientes a la entrada en vigor del plan.<\/p>\n<p>No es la \u00fanica condici\u00f3n ya que para la obtenci\u00f3n del permiso deber\u00e1n dedicar un m\u00ednimo del <strong>40% del local a uso del p\u00fablico<\/strong> y no podr\u00e1n tan s\u00f3lo disponer de una ventanilla al exterior para atender a la clientela; adem\u00e1s, tendr\u00e1n que permitir a los repartidores el acceso al establecimiento, incluido el uso de los servicios. Estos repartidores deber\u00e1n disponer, en funci\u00f3n de su superficie, de un espacio de espera al pedido en el interior del establecimiento. Se trata de evitar ruidos producidos a sus puertas.<\/p>\n<p>Laia Bonet ha asegurado que el objetivo del plan es facilitar el trabajo y reparto de estos negocios de una manera regulada que preserve los <strong>usos tradicionales del barrio<\/strong> y la calidad de vida en las zonas residenciales.<\/p>\n<\/div><\/div><style type=\"text\/css\">.fusion-body .fusion-builder-column-0{width:100% !important;margin-top : 0px;margin-bottom : 0px;}.fusion-builder-column-0 > .fusion-column-wrapper {padding-top : 0px !important;padding-right : 0px !important;margin-right : 1.92%;padding-bottom : 0px !important;padding-left : 0px !important;margin-left : 1.92%;}@media only screen and (max-width:1024px) {.fusion-body .fusion-builder-column-0{width:100% !important;}.fusion-builder-column-0 > .fusion-column-wrapper {margin-right : 1.92%;margin-left : 1.92%;}}@media only screen and (max-width:640px) {.fusion-body .fusion-builder-column-0{width:100% !important;}.fusion-builder-column-0 > .fusion-column-wrapper {margin-right : 1.92%;margin-left : 1.92%;}}<\/style><\/div><\/div><style type=\"text\/css\">.fusion-body .fusion-flex-container.fusion-builder-row-1{ padding-top : 0px;margin-top : 0px;padding-right : 0px;padding-bottom : 0px;margin-bottom : 0px;padding-left : 0px;}<\/style><\/div>\n","protected":false},"excerpt":{"rendered":"<p>El Ayuntamiento de Barcelona prev\u00e9 prohibir los supermercados fantasma en la ciudad y los que est\u00e1n operando actualmente tendr\u00e1n que escoger seguir funcionando como almacenes alimentarios sin reparto a domicilio o como supermercados abiertos al p\u00fablico. Tambi\u00e9n las cocinas fantasma se enfrentan a las mismas limitaciones y prohibiciones.<\/p>\n","protected":false},"author":3,"featured_media":43070,"comment_status":"closed","ping_status":"closed","sticky":false,"template":"","format":"standard","meta":{"_jetpack_memberships_contains_paid_content":false,"footnotes":"","jetpack_publicize_message":"","jetpack_publicize_feature_enabled":true,"jetpack_social_post_already_shared":false,"jetpack_social_options":{"image_generator_settings":{"template":"highway","default_image_id":0,"font":"","enabled":false},"version":2}},"categories":[7512],"tags":[8073,7568],"class_list":["post-43065","post","type-post","status-publish","format-standard","has-post-thumbnail","hentry","category-consumidores","tag-newsletter-392","tag-noticia-de-portada"],"yoast_head":"<!-- This site is optimized with the Yoast SEO plugin v28.2 - https:\/\/yoast.com\/product\/yoast-seo-wordpress\/ -->\n<title>Barcelona avanza en la regulaci\u00f3n de cocinas fantasma<\/title>\n<meta name=\"description\" content=\"Las cocinas y supermercados fantasma causan muchos disturbios en las poblaciones, sobre todo en las zonas residenciales\" \/>\n<meta name=\"robots\" content=\"index, follow, max-snippet:-1, max-image-preview:large, max-video-preview:-1\" \/>\n<link rel=\"canonical\" href=\"https:\/\/www.aquimicasa.net\/blog\/consumo\/consumidores\/barcelona-avanza-en-la-regulacion-de-cocinas-fantasma\/\" \/>\n<meta property=\"og:locale\" content=\"es_ES\" \/>\n<meta property=\"og:type\" content=\"article\" \/>\n<meta property=\"og:title\" content=\"Barcelona avanza en la regulaci\u00f3n de cocinas fantasma\" \/>\n<meta property=\"og:description\" content=\"Las cocinas y supermercados fantasma causan muchos disturbios en las poblaciones, sobre todo en las zonas residenciales\" \/>\n<meta property=\"og:url\" content=\"https:\/\/www.aquimicasa.net\/blog\/consumo\/consumidores\/barcelona-avanza-en-la-regulacion-de-cocinas-fantasma\/\" \/>\n<meta property=\"og:site_name\" content=\"Blog de aquimicasa.net\" \/>\n<meta property=\"article:publisher\" content=\"https:\/\/www.facebook.com\/aquimicasa.net\" \/>\n<meta property=\"article:published_time\" content=\"2023-01-17T21:50:10+00:00\" \/>\n<meta property=\"article:modified_time\" content=\"2023-01-17T21:50:48+00:00\" \/>\n<meta property=\"og:image\" content=\"https:\/\/www.aquimicasa.net\/blog\/wp-content\/uploads\/Dark-Kitchen-1-e1673992173255.jpg\" \/>\n\t<meta property=\"og:image:width\" content=\"400\" \/>\n\t<meta property=\"og:image:height\" content=\"267\" \/>\n\t<meta property=\"og:image:type\" content=\"image\/jpeg\" \/>\n<meta name=\"author\" content=\"Eduardo Lizarraga\" \/>\n<meta name=\"twitter:label1\" content=\"Escrito por\" \/>\n\t<meta name=\"twitter:data1\" content=\"Eduardo Lizarraga\" \/>\n\t<meta name=\"twitter:label2\" content=\"Tiempo de lectura\" \/>\n\t<meta name=\"twitter:data2\" content=\"3 minutos\" \/>\n<script type=\"application\/ld+json\" class=\"yoast-schema-graph\">{\"@context\":\"https:\\\/\\\/schema.org\",\"@graph\":[{\"@type\":\"Article\",\"@id\":\"https:\\\/\\\/www.aquimicasa.net\\\/blog\\\/consumo\\\/consumidores\\\/barcelona-avanza-en-la-regulacion-de-cocinas-fantasma\\\/#article\",\"isPartOf\":{\"@id\":\"https:\\\/\\\/www.aquimicasa.net\\\/blog\\\/consumo\\\/consumidores\\\/barcelona-avanza-en-la-regulacion-de-cocinas-fantasma\\\/\"},\"author\":{\"name\":\"Eduardo Lizarraga\",\"@id\":\"https:\\\/\\\/www.aquimicasa.net\\\/blog\\\/#\\\/schema\\\/person\\\/2cdfa2605534583395c8d7ce1d6cac14\"},\"headline\":\"Barcelona avanza en la regulaci\u00f3n de cocinas fantasma\",\"datePublished\":\"2023-01-17T21:50:10+00:00\",\"dateModified\":\"2023-01-17T21:50:48+00:00\",\"mainEntityOfPage\":{\"@id\":\"https:\\\/\\\/www.aquimicasa.net\\\/blog\\\/consumo\\\/consumidores\\\/barcelona-avanza-en-la-regulacion-de-cocinas-fantasma\\\/\"},\"wordCount\":753,\"publisher\":{\"@id\":\"https:\\\/\\\/www.aquimicasa.net\\\/blog\\\/#organization\"},\"image\":{\"@id\":\"https:\\\/\\\/www.aquimicasa.net\\\/blog\\\/consumo\\\/consumidores\\\/barcelona-avanza-en-la-regulacion-de-cocinas-fantasma\\\/#primaryimage\"},\"thumbnailUrl\":\"https:\\\/\\\/www.aquimicasa.net\\\/blog\\\/wp-content\\\/uploads\\\/Dark-Kitchen-1-e1673992173255.jpg\",\"keywords\":[\"newsletter 392\",\"noticia de portada\"],\"articleSection\":[\"Consumidores\"],\"inLanguage\":\"es\"},{\"@type\":\"WebPage\",\"@id\":\"https:\\\/\\\/www.aquimicasa.net\\\/blog\\\/consumo\\\/consumidores\\\/barcelona-avanza-en-la-regulacion-de-cocinas-fantasma\\\/\",\"url\":\"https:\\\/\\\/www.aquimicasa.net\\\/blog\\\/consumo\\\/consumidores\\\/barcelona-avanza-en-la-regulacion-de-cocinas-fantasma\\\/\",\"name\":\"Barcelona avanza en la regulaci\u00f3n de cocinas fantasma\",\"isPartOf\":{\"@id\":\"https:\\\/\\\/www.aquimicasa.net\\\/blog\\\/#website\"},\"primaryImageOfPage\":{\"@id\":\"https:\\\/\\\/www.aquimicasa.net\\\/blog\\\/consumo\\\/consumidores\\\/barcelona-avanza-en-la-regulacion-de-cocinas-fantasma\\\/#primaryimage\"},\"image\":{\"@id\":\"https:\\\/\\\/www.aquimicasa.net\\\/blog\\\/consumo\\\/consumidores\\\/barcelona-avanza-en-la-regulacion-de-cocinas-fantasma\\\/#primaryimage\"},\"thumbnailUrl\":\"https:\\\/\\\/www.aquimicasa.net\\\/blog\\\/wp-content\\\/uploads\\\/Dark-Kitchen-1-e1673992173255.jpg\",\"datePublished\":\"2023-01-17T21:50:10+00:00\",\"dateModified\":\"2023-01-17T21:50:48+00:00\",\"description\":\"Las cocinas y supermercados fantasma causan muchos disturbios en las poblaciones, sobre todo en las zonas residenciales\",\"breadcrumb\":{\"@id\":\"https:\\\/\\\/www.aquimicasa.net\\\/blog\\\/consumo\\\/consumidores\\\/barcelona-avanza-en-la-regulacion-de-cocinas-fantasma\\\/#breadcrumb\"},\"inLanguage\":\"es\",\"potentialAction\":[{\"@type\":\"ReadAction\",\"target\":[\"https:\\\/\\\/www.aquimicasa.net\\\/blog\\\/consumo\\\/consumidores\\\/barcelona-avanza-en-la-regulacion-de-cocinas-fantasma\\\/\"]}]},{\"@type\":\"ImageObject\",\"inLanguage\":\"es\",\"@id\":\"https:\\\/\\\/www.aquimicasa.net\\\/blog\\\/consumo\\\/consumidores\\\/barcelona-avanza-en-la-regulacion-de-cocinas-fantasma\\\/#primaryimage\",\"url\":\"https:\\\/\\\/www.aquimicasa.net\\\/blog\\\/wp-content\\\/uploads\\\/Dark-Kitchen-1-e1673992173255.jpg\",\"contentUrl\":\"https:\\\/\\\/www.aquimicasa.net\\\/blog\\\/wp-content\\\/uploads\\\/Dark-Kitchen-1-e1673992173255.jpg\",\"width\":400,\"height\":267,\"caption\":\"Barcelona regula supermercado y cocinas fantasma\"},{\"@type\":\"BreadcrumbList\",\"@id\":\"https:\\\/\\\/www.aquimicasa.net\\\/blog\\\/consumo\\\/consumidores\\\/barcelona-avanza-en-la-regulacion-de-cocinas-fantasma\\\/#breadcrumb\",\"itemListElement\":[{\"@type\":\"ListItem\",\"position\":1,\"name\":\"Portada\",\"item\":\"https:\\\/\\\/www.aquimicasa.net\\\/blog\\\/\"},{\"@type\":\"ListItem\",\"position\":2,\"name\":\"Barcelona avanza en la regulaci\u00f3n de cocinas fantasma\"}]},{\"@type\":\"WebSite\",\"@id\":\"https:\\\/\\\/www.aquimicasa.net\\\/blog\\\/#website\",\"url\":\"https:\\\/\\\/www.aquimicasa.net\\\/blog\\\/\",\"name\":\"Blog de aquimicasa.net\",\"description\":\"Noticias del Mundo Inmobiliario\",\"publisher\":{\"@id\":\"https:\\\/\\\/www.aquimicasa.net\\\/blog\\\/#organization\"},\"potentialAction\":[{\"@type\":\"SearchAction\",\"target\":{\"@type\":\"EntryPoint\",\"urlTemplate\":\"https:\\\/\\\/www.aquimicasa.net\\\/blog\\\/?s={search_term_string}\"},\"query-input\":{\"@type\":\"PropertyValueSpecification\",\"valueRequired\":true,\"valueName\":\"search_term_string\"}}],\"inLanguage\":\"es\"},{\"@type\":\"Organization\",\"@id\":\"https:\\\/\\\/www.aquimicasa.net\\\/blog\\\/#organization\",\"name\":\"Blog de aquimicasa.net\",\"url\":\"https:\\\/\\\/www.aquimicasa.net\\\/blog\\\/\",\"logo\":{\"@type\":\"ImageObject\",\"inLanguage\":\"es\",\"@id\":\"https:\\\/\\\/www.aquimicasa.net\\\/blog\\\/#\\\/schema\\\/logo\\\/image\\\/\",\"url\":\"https:\\\/\\\/www.aquimicasa.net\\\/blog\\\/wp-content\\\/uploads\\\/Logo-aquimicasa-1-e1528048213782.png\",\"contentUrl\":\"https:\\\/\\\/www.aquimicasa.net\\\/blog\\\/wp-content\\\/uploads\\\/Logo-aquimicasa-1-e1528048213782.png\",\"width\":225,\"height\":225,\"caption\":\"Blog de aquimicasa.net\"},\"image\":{\"@id\":\"https:\\\/\\\/www.aquimicasa.net\\\/blog\\\/#\\\/schema\\\/logo\\\/image\\\/\"},\"sameAs\":[\"https:\\\/\\\/www.facebook.com\\\/aquimicasa.net\",\"https:\\\/\\\/www.instagram.com\\\/\",\"https:\\\/\\\/x.com\\\/EduLizarragaD\",\"https:\\\/\\\/www.linkedin.com\\\/feed\\\/\"]},{\"@type\":\"Person\",\"@id\":\"https:\\\/\\\/www.aquimicasa.net\\\/blog\\\/#\\\/schema\\\/person\\\/2cdfa2605534583395c8d7ce1d6cac14\",\"name\":\"Eduardo Lizarraga\",\"image\":{\"@type\":\"ImageObject\",\"inLanguage\":\"es\",\"@id\":\"https:\\\/\\\/secure.gravatar.com\\\/avatar\\\/bdabe1eeeed97b65a9cb7de2edd624b07995f7e13abc5fead15961f745f908cc?s=96&d=mm&r=g\",\"url\":\"https:\\\/\\\/secure.gravatar.com\\\/avatar\\\/bdabe1eeeed97b65a9cb7de2edd624b07995f7e13abc5fead15961f745f908cc?s=96&d=mm&r=g\",\"contentUrl\":\"https:\\\/\\\/secure.gravatar.com\\\/avatar\\\/bdabe1eeeed97b65a9cb7de2edd624b07995f7e13abc5fead15961f745f908cc?s=96&d=mm&r=g\",\"caption\":\"Eduardo Lizarraga\"},\"description\":\"Periodista Econ\u00f3mico. Ha trabajado en diversos campos de la informaci\u00f3n. Corresponsal en conflictos, analista pol\u00edtico en Congreso y Senado, periodista del medio ambiente, editor, director editorial, director de comunicaci\u00f3n.... En estos momentos se ha especializado en el sector inmobiliario. Pero tambi\u00e9n es navegante y viajero, preocupado por la pobreza, el medio ambiente y por las actuaciones descontroladas del neoliberalismo empresarial y pol\u00edtico en todo el mundo. Los desahucios, la pobreza infantil y la falta de acceso a los suministros b\u00e1sicos son algunos de los grandes dramas de nuestra sociedad y que es preciso solucionar para hacerla m\u00e1s justa. CEO en www.aquimicasa.net\",\"sameAs\":[\"https:\\\/\\\/www.aquimicasa.net\\\/\"],\"url\":\"https:\\\/\\\/www.aquimicasa.net\\\/blog\\\/author\\\/eduardo\\\/\"}]}<\/script>\n<!-- \/ Yoast SEO plugin. -->","yoast_head_json":{"title":"Barcelona avanza en la regulaci\u00f3n de cocinas fantasma","description":"Las cocinas y supermercados fantasma causan muchos disturbios en las poblaciones, sobre todo en las zonas residenciales","robots":{"index":"index","follow":"follow","max-snippet":"max-snippet:-1","max-image-preview":"max-image-preview:large","max-video-preview":"max-video-preview:-1"},"canonical":"https:\/\/www.aquimicasa.net\/blog\/consumo\/consumidores\/barcelona-avanza-en-la-regulacion-de-cocinas-fantasma\/","og_locale":"es_ES","og_type":"article","og_title":"Barcelona avanza en la regulaci\u00f3n de cocinas fantasma","og_description":"Las cocinas y supermercados fantasma causan muchos disturbios en las poblaciones, sobre todo en las zonas residenciales","og_url":"https:\/\/www.aquimicasa.net\/blog\/consumo\/consumidores\/barcelona-avanza-en-la-regulacion-de-cocinas-fantasma\/","og_site_name":"Blog de aquimicasa.net","article_publisher":"https:\/\/www.facebook.com\/aquimicasa.net","article_published_time":"2023-01-17T21:50:10+00:00","article_modified_time":"2023-01-17T21:50:48+00:00","og_image":[{"width":400,"height":267,"url":"https:\/\/www.aquimicasa.net\/blog\/wp-content\/uploads\/Dark-Kitchen-1-e1673992173255.jpg","type":"image\/jpeg"}],"author":"Eduardo Lizarraga","twitter_misc":{"Escrito por":"Eduardo Lizarraga","Tiempo de lectura":"3 minutos"},"schema":{"@context":"https:\/\/schema.org","@graph":[{"@type":"Article","@id":"https:\/\/www.aquimicasa.net\/blog\/consumo\/consumidores\/barcelona-avanza-en-la-regulacion-de-cocinas-fantasma\/#article","isPartOf":{"@id":"https:\/\/www.aquimicasa.net\/blog\/consumo\/consumidores\/barcelona-avanza-en-la-regulacion-de-cocinas-fantasma\/"},"author":{"name":"Eduardo Lizarraga","@id":"https:\/\/www.aquimicasa.net\/blog\/#\/schema\/person\/2cdfa2605534583395c8d7ce1d6cac14"},"headline":"Barcelona avanza en la regulaci\u00f3n de cocinas fantasma","datePublished":"2023-01-17T21:50:10+00:00","dateModified":"2023-01-17T21:50:48+00:00","mainEntityOfPage":{"@id":"https:\/\/www.aquimicasa.net\/blog\/consumo\/consumidores\/barcelona-avanza-en-la-regulacion-de-cocinas-fantasma\/"},"wordCount":753,"publisher":{"@id":"https:\/\/www.aquimicasa.net\/blog\/#organization"},"image":{"@id":"https:\/\/www.aquimicasa.net\/blog\/consumo\/consumidores\/barcelona-avanza-en-la-regulacion-de-cocinas-fantasma\/#primaryimage"},"thumbnailUrl":"https:\/\/www.aquimicasa.net\/blog\/wp-content\/uploads\/Dark-Kitchen-1-e1673992173255.jpg","keywords":["newsletter 392","noticia de portada"],"articleSection":["Consumidores"],"inLanguage":"es"},{"@type":"WebPage","@id":"https:\/\/www.aquimicasa.net\/blog\/consumo\/consumidores\/barcelona-avanza-en-la-regulacion-de-cocinas-fantasma\/","url":"https:\/\/www.aquimicasa.net\/blog\/consumo\/consumidores\/barcelona-avanza-en-la-regulacion-de-cocinas-fantasma\/","name":"Barcelona avanza en la regulaci\u00f3n de cocinas fantasma","isPartOf":{"@id":"https:\/\/www.aquimicasa.net\/blog\/#website"},"primaryImageOfPage":{"@id":"https:\/\/www.aquimicasa.net\/blog\/consumo\/consumidores\/barcelona-avanza-en-la-regulacion-de-cocinas-fantasma\/#primaryimage"},"image":{"@id":"https:\/\/www.aquimicasa.net\/blog\/consumo\/consumidores\/barcelona-avanza-en-la-regulacion-de-cocinas-fantasma\/#primaryimage"},"thumbnailUrl":"https:\/\/www.aquimicasa.net\/blog\/wp-content\/uploads\/Dark-Kitchen-1-e1673992173255.jpg","datePublished":"2023-01-17T21:50:10+00:00","dateModified":"2023-01-17T21:50:48+00:00","description":"Las cocinas y supermercados fantasma causan muchos disturbios en las poblaciones, sobre todo en las zonas residenciales","breadcrumb":{"@id":"https:\/\/www.aquimicasa.net\/blog\/consumo\/consumidores\/barcelona-avanza-en-la-regulacion-de-cocinas-fantasma\/#breadcrumb"},"inLanguage":"es","potentialAction":[{"@type":"ReadAction","target":["https:\/\/www.aquimicasa.net\/blog\/consumo\/consumidores\/barcelona-avanza-en-la-regulacion-de-cocinas-fantasma\/"]}]},{"@type":"ImageObject","inLanguage":"es","@id":"https:\/\/www.aquimicasa.net\/blog\/consumo\/consumidores\/barcelona-avanza-en-la-regulacion-de-cocinas-fantasma\/#primaryimage","url":"https:\/\/www.aquimicasa.net\/blog\/wp-content\/uploads\/Dark-Kitchen-1-e1673992173255.jpg","contentUrl":"https:\/\/www.aquimicasa.net\/blog\/wp-content\/uploads\/Dark-Kitchen-1-e1673992173255.jpg","width":400,"height":267,"caption":"Barcelona regula supermercado y cocinas fantasma"},{"@type":"BreadcrumbList","@id":"https:\/\/www.aquimicasa.net\/blog\/consumo\/consumidores\/barcelona-avanza-en-la-regulacion-de-cocinas-fantasma\/#breadcrumb","itemListElement":[{"@type":"ListItem","position":1,"name":"Portada","item":"https:\/\/www.aquimicasa.net\/blog\/"},{"@type":"ListItem","position":2,"name":"Barcelona avanza en la regulaci\u00f3n de cocinas fantasma"}]},{"@type":"WebSite","@id":"https:\/\/www.aquimicasa.net\/blog\/#website","url":"https:\/\/www.aquimicasa.net\/blog\/","name":"Blog de aquimicasa.net","description":"Noticias del Mundo Inmobiliario","publisher":{"@id":"https:\/\/www.aquimicasa.net\/blog\/#organization"},"potentialAction":[{"@type":"SearchAction","target":{"@type":"EntryPoint","urlTemplate":"https:\/\/www.aquimicasa.net\/blog\/?s={search_term_string}"},"query-input":{"@type":"PropertyValueSpecification","valueRequired":true,"valueName":"search_term_string"}}],"inLanguage":"es"},{"@type":"Organization","@id":"https:\/\/www.aquimicasa.net\/blog\/#organization","name":"Blog de aquimicasa.net","url":"https:\/\/www.aquimicasa.net\/blog\/","logo":{"@type":"ImageObject","inLanguage":"es","@id":"https:\/\/www.aquimicasa.net\/blog\/#\/schema\/logo\/image\/","url":"https:\/\/www.aquimicasa.net\/blog\/wp-content\/uploads\/Logo-aquimicasa-1-e1528048213782.png","contentUrl":"https:\/\/www.aquimicasa.net\/blog\/wp-content\/uploads\/Logo-aquimicasa-1-e1528048213782.png","width":225,"height":225,"caption":"Blog de aquimicasa.net"},"image":{"@id":"https:\/\/www.aquimicasa.net\/blog\/#\/schema\/logo\/image\/"},"sameAs":["https:\/\/www.facebook.com\/aquimicasa.net","https:\/\/www.instagram.com\/","https:\/\/x.com\/EduLizarragaD","https:\/\/www.linkedin.com\/feed\/"]},{"@type":"Person","@id":"https:\/\/www.aquimicasa.net\/blog\/#\/schema\/person\/2cdfa2605534583395c8d7ce1d6cac14","name":"Eduardo Lizarraga","image":{"@type":"ImageObject","inLanguage":"es","@id":"https:\/\/secure.gravatar.com\/avatar\/bdabe1eeeed97b65a9cb7de2edd624b07995f7e13abc5fead15961f745f908cc?s=96&d=mm&r=g","url":"https:\/\/secure.gravatar.com\/avatar\/bdabe1eeeed97b65a9cb7de2edd624b07995f7e13abc5fead15961f745f908cc?s=96&d=mm&r=g","contentUrl":"https:\/\/secure.gravatar.com\/avatar\/bdabe1eeeed97b65a9cb7de2edd624b07995f7e13abc5fead15961f745f908cc?s=96&d=mm&r=g","caption":"Eduardo Lizarraga"},"description":"Periodista Econ\u00f3mico. Ha trabajado en diversos campos de la informaci\u00f3n. Corresponsal en conflictos, analista pol\u00edtico en Congreso y Senado, periodista del medio ambiente, editor, director editorial, director de comunicaci\u00f3n.... En estos momentos se ha especializado en el sector inmobiliario. Pero tambi\u00e9n es navegante y viajero, preocupado por la pobreza, el medio ambiente y por las actuaciones descontroladas del neoliberalismo empresarial y pol\u00edtico en todo el mundo. Los desahucios, la pobreza infantil y la falta de acceso a los suministros b\u00e1sicos son algunos de los grandes dramas de nuestra sociedad y que es preciso solucionar para hacerla m\u00e1s justa. CEO en www.aquimicasa.net","sameAs":["https:\/\/www.aquimicasa.net\/"],"url":"https:\/\/www.aquimicasa.net\/blog\/author\/eduardo\/"}]}},"jetpack_publicize_connections":[],"jetpack_featured_media_url":"https:\/\/www.aquimicasa.net\/blog\/wp-content\/uploads\/Dark-Kitchen-1-e1673992173255.jpg","jetpack_sharing_enabled":true,"jetpack_likes_enabled":true,"_links":{"self":[{"href":"https:\/\/www.aquimicasa.net\/blog\/wp-json\/wp\/v2\/posts\/43065","targetHints":{"allow":["GET"]}}],"collection":[{"href":"https:\/\/www.aquimicasa.net\/blog\/wp-json\/wp\/v2\/posts"}],"about":[{"href":"https:\/\/www.aquimicasa.net\/blog\/wp-json\/wp\/v2\/types\/post"}],"author":[{"embeddable":true,"href":"https:\/\/www.aquimicasa.net\/blog\/wp-json\/wp\/v2\/users\/3"}],"replies":[{"embeddable":true,"href":"https:\/\/www.aquimicasa.net\/blog\/wp-json\/wp\/v2\/comments?post=43065"}],"version-history":[{"count":2,"href":"https:\/\/www.aquimicasa.net\/blog\/wp-json\/wp\/v2\/posts\/43065\/revisions"}],"predecessor-version":[{"id":43071,"href":"https:\/\/www.aquimicasa.net\/blog\/wp-json\/wp\/v2\/posts\/43065\/revisions\/43071"}],"wp:featuredmedia":[{"embeddable":true,"href":"https:\/\/www.aquimicasa.net\/blog\/wp-json\/wp\/v2\/media\/43070"}],"wp:attachment":[{"href":"https:\/\/www.aquimicasa.net\/blog\/wp-json\/wp\/v2\/media?parent=43065"}],"wp:term":[{"taxonomy":"category","embeddable":true,"href":"https:\/\/www.aquimicasa.net\/blog\/wp-json\/wp\/v2\/categories?post=43065"},{"taxonomy":"post_tag","embeddable":true,"href":"https:\/\/www.aquimicasa.net\/blog\/wp-json\/wp\/v2\/tags?post=43065"}],"curies":[{"name":"wp","href":"https:\/\/api.w.org\/{rel}","templated":true}]}}