{"id":43230,"date":"2023-02-04T13:19:38","date_gmt":"2023-02-04T12:19:38","guid":{"rendered":"https:\/\/www.aquimicasa.net\/blog\/?p=43230"},"modified":"2023-02-04T13:34:44","modified_gmt":"2023-02-04T12:34:44","slug":"la-factura-de-la-luz-de-enero-mas-baja-en-14-anos","status":"publish","type":"post","link":"https:\/\/www.aquimicasa.net\/blog\/vivienda\/compraventa-de-viviendas\/la-factura-de-la-luz-de-enero-mas-baja-en-14-anos\/","title":{"rendered":"La factura de la luz de enero m\u00e1s baja en 14 a\u00f1os"},"content":{"rendered":"<div class=\"fusion-fullwidth fullwidth-box fusion-builder-row-1 fusion-flex-container nonhundred-percent-fullwidth non-hundred-percent-height-scrolling\" style=\"background-color: rgba(255,255,255,0);background-position: center center;background-repeat: no-repeat;border-width: 0px 0px 0px 0px;border-color:#eae9e9;border-style:solid;\" ><div class=\"fusion-builder-row fusion-row fusion-flex-align-items-flex-start\" style=\"max-width:1144px;margin-left: calc(-4% \/ 2 );margin-right: calc(-4% \/ 2 );\"><div class=\"fusion-layout-column fusion_builder_column fusion-builder-column-0 fusion_builder_column_1_1 1_1 fusion-flex-column\"><div class=\"fusion-column-wrapper fusion-flex-justify-content-flex-start fusion-content-layout-column\" style=\"background-position:left top;background-repeat:no-repeat;-webkit-background-size:cover;-moz-background-size:cover;-o-background-size:cover;background-size:cover;padding: 0px 0px 0px 0px;\"><div class=\"fusion-text fusion-text-1\"><p>Despu\u00e9s de los atragantamiento que hemos sufrido todo el pasado a\u00f1o cuando llegaba la factura de la luz, por fin tenemos una buena noticia al respecto. Este ha sido el enero con la factura de la luz m\u00e1s baja en 14 a\u00f1os, seg\u00fan el an\u00e1lisis de FACUA-Consumidores en Acci\u00f3n sobre la evoluci\u00f3n de la tarifa semirregulada (PVPC). El recibo del usuario medio ha experimentado una <strong>bajada interanual del 49,5% este mes<\/strong>.<\/p>\n<p>As\u00ed, un usuario con una potencia contratada de 4,4 kilovatios (kW) y un consumo de 366 kilovatios hora (kWh) mensuales pagar\u00e1 un recibo de 67,20 euros, frente a los 133,06 euros de hace un a\u00f1o. Para encontrar un enero con una factura m\u00e1s baja hay que remontarse a 2010, cuando se situ\u00f3 en 61,78 euros. Asimismo, es la primera vez que el recibo del usuario medio se pone por debajo de los 70 euros desde febrero de 2021.<\/p>\n<p>Si se compara con el recibo del pasado diciembre, cuando estuvo en 89,82 euros, la bajada mensual ha sido del 25,2%.<\/p>\n<h2><b>Medidas propuestas por el Gobierno<\/b><\/h2>\n<p>FACUA muestra su\u00a0satisfacci\u00f3n\u00a0ante la propuesta del Gobierno a Bruselas de s<strong>acar la nuclear y la hidroel\u00e9ctrica de la subasta marginalista<\/strong>. Se trata de una de las reivindicaciones que la asociaci\u00f3n traslad\u00f3 a\u00a0<strong>Teresa Ribera<\/strong>\u00a0en\u00a02021\u00a0y que\u00a0inicialmente no fue aceptada por la vicepresidenta. Ahora parece que si se puede.<\/p>\n<p>Las grandes empresas del sector el\u00e9ctrico obtienen <strong>beneficios desproporcionados<\/strong> con precios inflados gracias a un sistema de fijaci\u00f3n injusto y favorecedor de pr\u00e1cticas especulatorias que FACUA lleva denunciando desde su implantacion, cuando gobernaba el PP de\u00a0<strong>Jos\u00e9 Mar\u00eda Aznar,\u00a0<\/strong>ya sabemos que era un periodo en que <strong>las leyes se hac\u00edan para que los amiguetes crearan su peque\u00f1o cortijo<\/strong>.<\/p>\n<h2><b>Peticiones de Facua<\/b><\/h2>\n<p>FACUA reclama al Gobierno que exija a la Comisi\u00f3n Europea el <strong>punto y final a la subasta marginalista<\/strong>, un mecanismo por el que tecnolog\u00edas de generaci\u00f3n el\u00e9ctrica extraordinariamente baratas acaban costando a los consumidores lo mismo que las m\u00e1s caras, las cu\u00e1les adem\u00e1s incrementan artificialmente sus precios.<\/p>\n<p>Junto a la reforma planteada por el Gobierno a Bruselas, la asociaci\u00f3n considera esencial que una medida tan importante para proteger a los consumidores m\u00e1s vulnerables como <strong>el\u00a0bono social\u00a0tenga la debida difusi\u00f3n<\/strong>, dado que a\u00f1o tras a\u00f1o las cifras constatan que la gran mayor\u00eda de sus beneficarios potenciales no lo solicitan. No lo hacen porque desconocen su existencia y caracter\u00edsticas o debido a que creen que no tienen derecho a recibirlo. A d\u00eda de hoy, el Gobierno contin\u00faa sin emprender campa\u00f1as de publicidad institucional potentes sobre estos descuentos.<\/p>\n<p>Pero si esencial es que los consumidores conozcan el bono social, a\u00fan m\u00e1s lo es que entiendan los conceptos incluidos en la factura y para ello la asociaci\u00f3n reclama igualmente tanto cambios regulatorios como campa\u00f1as institucionales. No es f\u00e1cil comparar las distintas ofertas existentes en el mercado cuando la factura que pagamos en la actualidad es dif\u00edcil de comprender, algo que se ha agravado desde la implantaci\u00f3n de los tramos horarios (punta, llano y valle) y a\u00fan m\u00e1s con la entrada en vigor del tope al gas.<\/p>\n<p>Y m\u00e1s all\u00e1 de estas cuestiones, la asociaci\u00f3n reclama medidas para fomentar que los consumidores optimicen la <strong>potencia contratada<\/strong> en sus viviendas. Los consumidores dom\u00e9sticos pagan a las el\u00e9ctricas muchos cientos de millones de euros de m\u00e1s cada a\u00f1o por el exceso de kilovatios que figuran en sus contratos. Seg\u00fan el \u00faltimo\u00a0<a href=\"https:\/\/data.cnmc.es\/panel-de-hogares\/conjuntos-de-datos\/estadisticas-panel-de-hogares-del-primer-semestre-de-2022\"  rel=\"nofollow noopener\">Panel de Hogares<\/a>\u00a0de la Comisi\u00f3n Nacional de los Mercados y la Competencia (CNMC), correspondiente al segundo trimestre de 2022, siete de cada diez viviendas tienen contratada una<strong> potencia superior a la que necesitan<\/strong>.<\/p>\n<h2><strong>El consumo de los espa\u00f1oles<\/strong><\/h2>\n<p>El usuario medio utilizado por FACUA en sus an\u00e1lisis tiene una potencia contratada de 4,4 kW -la misma en horario punta y valle- y un consumo de 366 kWh mensuales.\u00a0De lunes a viernes, el horario punta se aplica de 10 a 14 horas y de 18 a 22 horas, el llano de 14 a 18 horas y de 22 a 00 horas, y el valle de 00 a 8 horas. S\u00e1bados, domingos y festivos nacionales se aplica las 24 horas el horario valle.<\/p>\n<div>\n<table>\n<tbody>\n<tr>\n<td><b>Factura del usuario medio (en euros, con impuestos)<\/b><\/td>\n<td><b>2019<\/b><\/td>\n<td><b>2020<\/b><\/td>\n<td><b>2021<\/b><\/td>\n<td><b>2022<\/b><\/td>\n<td><b>2023<\/b><\/td>\n<\/tr>\n<tr>\n<td><b>Enero<\/b><\/td>\n<td>79,79<\/td>\n<td>67,94<\/td>\n<td>80,48<\/td>\n<td>133,06<\/td>\n<td>67,20<\/td>\n<\/tr>\n<tr>\n<td><b>Febrero<\/b><\/td>\n<td>75,37<\/td>\n<td>64,51<\/td>\n<td>62,08<\/td>\n<td>131,29<\/td>\n<td><\/td>\n<\/tr>\n<tr>\n<td><strong>Marzo<\/strong><\/td>\n<td>72,39<\/td>\n<td>60,06<\/td>\n<td>70,90<\/td>\n<td>176,73<\/td>\n<td><\/td>\n<\/tr>\n<tr>\n<td><b>Abril<\/b><\/td>\n<td>73,09<\/td>\n<td>55,71<\/td>\n<td>81,55<\/td>\n<td>124,90<\/td>\n<td><\/td>\n<\/tr>\n<tr>\n<td><b>Mayo<\/b><\/td>\n<td>70,97<\/td>\n<td>56,47<\/td>\n<td>82,13<\/td>\n<td>120,68<\/td>\n<td><\/td>\n<\/tr>\n<tr>\n<td><strong>Junio<\/strong><\/td>\n<td>69,62<\/td>\n<td>60,58<\/td>\n<td>81,27<\/td>\n<td>133,85<\/td>\n<td><\/td>\n<\/tr>\n<tr>\n<td><b>Julio<\/b><\/td>\n<td>71,82<\/td>\n<td>62,67<\/td>\n<td>85,34<\/td>\n<td>142,40<\/td>\n<td><\/td>\n<\/tr>\n<tr>\n<td><b>Agosto<\/b><\/td>\n<td>68,64<\/td>\n<td>63,77<\/td>\n<td>93,10<\/td>\n<td>158,30<\/td>\n<td><\/td>\n<\/tr>\n<tr>\n<td><b>Septiembre<\/b><\/td>\n<td>66,87<\/td>\n<td>66,78<\/td>\n<td>102,71<\/td>\n<td>137,93<\/td>\n<td><\/td>\n<\/tr>\n<tr>\n<td><b>Octubre<\/b><\/td>\n<td>70,08<\/td>\n<td>64,61<\/td>\n<td>120,68<\/td>\n<td>103,34<\/td>\n<td><\/td>\n<\/tr>\n<tr>\n<td><b>Noviembre<\/b><\/td>\n<td>68,79<\/td>\n<td>68,50<\/td>\n<td>115,18<\/td>\n<td>86,48<\/td>\n<td><\/td>\n<\/tr>\n<tr>\n<td><b>Diciembre<\/b><\/td>\n<td>64,62<\/td>\n<td>69,28<\/td>\n<td>140,62<\/td>\n<td>89,57<\/td>\n<td><\/td>\n<\/tr>\n<tr>\n<td><b>Media<\/b><\/td>\n<td>71,15<\/td>\n<td>63,66<\/td>\n<td>93,00<\/td>\n<td>128,21<\/td>\n<td><\/td>\n<\/tr>\n<\/tbody>\n<\/table>\n<\/div>\n<p><em>El usuario medio tiene un consumo mensual de 366 kWh y una potencia contratada de 4,4 kW.<\/em><\/p>\n<\/div><\/div><style type=\"text\/css\">.fusion-body .fusion-builder-column-0{width:100% !important;margin-top : 0px;margin-bottom : 0px;}.fusion-builder-column-0 > .fusion-column-wrapper {padding-top : 0px !important;padding-right : 0px !important;margin-right : 1.92%;padding-bottom : 0px !important;padding-left : 0px !important;margin-left : 1.92%;}@media only screen and (max-width:1024px) {.fusion-body .fusion-builder-column-0{width:100% !important;}.fusion-builder-column-0 > .fusion-column-wrapper {margin-right : 1.92%;margin-left : 1.92%;}}@media only screen and (max-width:640px) {.fusion-body .fusion-builder-column-0{width:100% !important;}.fusion-builder-column-0 > .fusion-column-wrapper {margin-right : 1.92%;margin-left : 1.92%;}}<\/style><\/div><\/div><style type=\"text\/css\">.fusion-body .fusion-flex-container.fusion-builder-row-1{ padding-top : 0px;margin-top : 0px;padding-right : 0px;padding-bottom : 0px;margin-bottom : 0px;padding-left : 0px;}<\/style><\/div>\n","protected":false},"excerpt":{"rendered":"<p>FACUA reclama al Gobierno que exija a la Comisi\u00f3n Europea el punto y final a la subasta marginalista, un mecanismo por el que tecnolog\u00edas de generaci\u00f3n el\u00e9ctrica extraordinariamente baratas acaban costando a los consumidores lo mismo que las m\u00e1s caras, las cu\u00e1les adem\u00e1s incrementan artificialmente sus precios<\/p>\n","protected":false},"author":3,"featured_media":37608,"comment_status":"closed","ping_status":"closed","sticky":false,"template":"","format":"standard","meta":{"_jetpack_memberships_contains_paid_content":false,"footnotes":"","jetpack_publicize_message":"","jetpack_publicize_feature_enabled":true,"jetpack_social_post_already_shared":false,"jetpack_social_options":{"image_generator_settings":{"template":"highway","default_image_id":0,"font":"","enabled":false},"version":2}},"categories":[100],"tags":[8080,7568],"class_list":["post-43230","post","type-post","status-publish","format-standard","has-post-thumbnail","hentry","category-compraventa-de-viviendas","tag-newsletter-395","tag-noticia-de-portada"],"yoast_head":"<!-- This site is optimized with the Yoast SEO plugin v28.2 - https:\/\/yoast.com\/product\/yoast-seo-wordpress\/ -->\n<title>La factura de la luz de enero m\u00e1s baja en 14 a\u00f1os<\/title>\n<meta name=\"description\" content=\"Si se compara con el recibo del pasado diciembre, cuando estuvo en 89,82 euros, la bajada mensual ha sido del 25,2%.\" \/>\n<meta name=\"robots\" content=\"index, follow, max-snippet:-1, max-image-preview:large, max-video-preview:-1\" \/>\n<link rel=\"canonical\" href=\"https:\/\/www.aquimicasa.net\/blog\/vivienda\/compraventa-de-viviendas\/la-factura-de-la-luz-de-enero-mas-baja-en-14-anos\/\" \/>\n<meta property=\"og:locale\" content=\"es_ES\" \/>\n<meta property=\"og:type\" content=\"article\" \/>\n<meta property=\"og:title\" content=\"La factura de la luz de enero m\u00e1s baja en 14 a\u00f1os\" \/>\n<meta property=\"og:description\" content=\"Si se compara con el recibo del pasado diciembre, cuando estuvo en 89,82 euros, la bajada mensual ha sido del 25,2%.\" \/>\n<meta property=\"og:url\" content=\"https:\/\/www.aquimicasa.net\/blog\/vivienda\/compraventa-de-viviendas\/la-factura-de-la-luz-de-enero-mas-baja-en-14-anos\/\" \/>\n<meta property=\"og:site_name\" content=\"Blog de aquimicasa.net\" \/>\n<meta property=\"article:publisher\" content=\"https:\/\/www.facebook.com\/aquimicasa.net\" \/>\n<meta property=\"article:published_time\" content=\"2023-02-04T12:19:38+00:00\" \/>\n<meta property=\"article:modified_time\" content=\"2023-02-04T12:34:44+00:00\" \/>\n<meta property=\"og:image\" content=\"https:\/\/www.aquimicasa.net\/blog\/wp-content\/uploads\/ahorrar-factura-luz1.jpg\" \/>\n\t<meta property=\"og:image:width\" content=\"600\" \/>\n\t<meta property=\"og:image:height\" content=\"400\" \/>\n\t<meta property=\"og:image:type\" content=\"image\/jpeg\" \/>\n<meta name=\"author\" content=\"Eduardo Lizarraga\" \/>\n<meta name=\"twitter:label1\" content=\"Escrito por\" \/>\n\t<meta name=\"twitter:data1\" content=\"Eduardo Lizarraga\" \/>\n\t<meta name=\"twitter:label2\" content=\"Tiempo de lectura\" \/>\n\t<meta name=\"twitter:data2\" content=\"5 minutos\" \/>\n<script type=\"application\/ld+json\" class=\"yoast-schema-graph\">{\"@context\":\"https:\\\/\\\/schema.org\",\"@graph\":[{\"@type\":\"Article\",\"@id\":\"https:\\\/\\\/www.aquimicasa.net\\\/blog\\\/vivienda\\\/compraventa-de-viviendas\\\/la-factura-de-la-luz-de-enero-mas-baja-en-14-anos\\\/#article\",\"isPartOf\":{\"@id\":\"https:\\\/\\\/www.aquimicasa.net\\\/blog\\\/vivienda\\\/compraventa-de-viviendas\\\/la-factura-de-la-luz-de-enero-mas-baja-en-14-anos\\\/\"},\"author\":{\"name\":\"Eduardo Lizarraga\",\"@id\":\"https:\\\/\\\/www.aquimicasa.net\\\/blog\\\/#\\\/schema\\\/person\\\/2cdfa2605534583395c8d7ce1d6cac14\"},\"headline\":\"La factura de la luz de enero m\u00e1s baja en 14 a\u00f1os\",\"datePublished\":\"2023-02-04T12:19:38+00:00\",\"dateModified\":\"2023-02-04T12:34:44+00:00\",\"mainEntityOfPage\":{\"@id\":\"https:\\\/\\\/www.aquimicasa.net\\\/blog\\\/vivienda\\\/compraventa-de-viviendas\\\/la-factura-de-la-luz-de-enero-mas-baja-en-14-anos\\\/\"},\"wordCount\":1006,\"publisher\":{\"@id\":\"https:\\\/\\\/www.aquimicasa.net\\\/blog\\\/#organization\"},\"image\":{\"@id\":\"https:\\\/\\\/www.aquimicasa.net\\\/blog\\\/vivienda\\\/compraventa-de-viviendas\\\/la-factura-de-la-luz-de-enero-mas-baja-en-14-anos\\\/#primaryimage\"},\"thumbnailUrl\":\"https:\\\/\\\/www.aquimicasa.net\\\/blog\\\/wp-content\\\/uploads\\\/ahorrar-factura-luz1.jpg\",\"keywords\":[\"newsletter 395\",\"noticia de portada\"],\"articleSection\":[\"Compra Venta\"],\"inLanguage\":\"es\"},{\"@type\":\"WebPage\",\"@id\":\"https:\\\/\\\/www.aquimicasa.net\\\/blog\\\/vivienda\\\/compraventa-de-viviendas\\\/la-factura-de-la-luz-de-enero-mas-baja-en-14-anos\\\/\",\"url\":\"https:\\\/\\\/www.aquimicasa.net\\\/blog\\\/vivienda\\\/compraventa-de-viviendas\\\/la-factura-de-la-luz-de-enero-mas-baja-en-14-anos\\\/\",\"name\":\"La factura de la luz de enero m\u00e1s baja en 14 a\u00f1os\",\"isPartOf\":{\"@id\":\"https:\\\/\\\/www.aquimicasa.net\\\/blog\\\/#website\"},\"primaryImageOfPage\":{\"@id\":\"https:\\\/\\\/www.aquimicasa.net\\\/blog\\\/vivienda\\\/compraventa-de-viviendas\\\/la-factura-de-la-luz-de-enero-mas-baja-en-14-anos\\\/#primaryimage\"},\"image\":{\"@id\":\"https:\\\/\\\/www.aquimicasa.net\\\/blog\\\/vivienda\\\/compraventa-de-viviendas\\\/la-factura-de-la-luz-de-enero-mas-baja-en-14-anos\\\/#primaryimage\"},\"thumbnailUrl\":\"https:\\\/\\\/www.aquimicasa.net\\\/blog\\\/wp-content\\\/uploads\\\/ahorrar-factura-luz1.jpg\",\"datePublished\":\"2023-02-04T12:19:38+00:00\",\"dateModified\":\"2023-02-04T12:34:44+00:00\",\"description\":\"Si se compara con el recibo del pasado diciembre, cuando estuvo en 89,82 euros, la bajada mensual ha sido del 25,2%.\",\"breadcrumb\":{\"@id\":\"https:\\\/\\\/www.aquimicasa.net\\\/blog\\\/vivienda\\\/compraventa-de-viviendas\\\/la-factura-de-la-luz-de-enero-mas-baja-en-14-anos\\\/#breadcrumb\"},\"inLanguage\":\"es\",\"potentialAction\":[{\"@type\":\"ReadAction\",\"target\":[\"https:\\\/\\\/www.aquimicasa.net\\\/blog\\\/vivienda\\\/compraventa-de-viviendas\\\/la-factura-de-la-luz-de-enero-mas-baja-en-14-anos\\\/\"]}]},{\"@type\":\"ImageObject\",\"inLanguage\":\"es\",\"@id\":\"https:\\\/\\\/www.aquimicasa.net\\\/blog\\\/vivienda\\\/compraventa-de-viviendas\\\/la-factura-de-la-luz-de-enero-mas-baja-en-14-anos\\\/#primaryimage\",\"url\":\"https:\\\/\\\/www.aquimicasa.net\\\/blog\\\/wp-content\\\/uploads\\\/ahorrar-factura-luz1.jpg\",\"contentUrl\":\"https:\\\/\\\/www.aquimicasa.net\\\/blog\\\/wp-content\\\/uploads\\\/ahorrar-factura-luz1.jpg\",\"width\":600,\"height\":400,\"caption\":\"\u00b4La factura de la luz sube de nuevo en agosto\"},{\"@type\":\"BreadcrumbList\",\"@id\":\"https:\\\/\\\/www.aquimicasa.net\\\/blog\\\/vivienda\\\/compraventa-de-viviendas\\\/la-factura-de-la-luz-de-enero-mas-baja-en-14-anos\\\/#breadcrumb\",\"itemListElement\":[{\"@type\":\"ListItem\",\"position\":1,\"name\":\"Portada\",\"item\":\"https:\\\/\\\/www.aquimicasa.net\\\/blog\\\/\"},{\"@type\":\"ListItem\",\"position\":2,\"name\":\"La factura de la luz de enero m\u00e1s baja en 14 a\u00f1os\"}]},{\"@type\":\"WebSite\",\"@id\":\"https:\\\/\\\/www.aquimicasa.net\\\/blog\\\/#website\",\"url\":\"https:\\\/\\\/www.aquimicasa.net\\\/blog\\\/\",\"name\":\"Blog de aquimicasa.net\",\"description\":\"Noticias del Mundo Inmobiliario\",\"publisher\":{\"@id\":\"https:\\\/\\\/www.aquimicasa.net\\\/blog\\\/#organization\"},\"potentialAction\":[{\"@type\":\"SearchAction\",\"target\":{\"@type\":\"EntryPoint\",\"urlTemplate\":\"https:\\\/\\\/www.aquimicasa.net\\\/blog\\\/?s={search_term_string}\"},\"query-input\":{\"@type\":\"PropertyValueSpecification\",\"valueRequired\":true,\"valueName\":\"search_term_string\"}}],\"inLanguage\":\"es\"},{\"@type\":\"Organization\",\"@id\":\"https:\\\/\\\/www.aquimicasa.net\\\/blog\\\/#organization\",\"name\":\"Blog de aquimicasa.net\",\"url\":\"https:\\\/\\\/www.aquimicasa.net\\\/blog\\\/\",\"logo\":{\"@type\":\"ImageObject\",\"inLanguage\":\"es\",\"@id\":\"https:\\\/\\\/www.aquimicasa.net\\\/blog\\\/#\\\/schema\\\/logo\\\/image\\\/\",\"url\":\"https:\\\/\\\/www.aquimicasa.net\\\/blog\\\/wp-content\\\/uploads\\\/Logo-aquimicasa-1-e1528048213782.png\",\"contentUrl\":\"https:\\\/\\\/www.aquimicasa.net\\\/blog\\\/wp-content\\\/uploads\\\/Logo-aquimicasa-1-e1528048213782.png\",\"width\":225,\"height\":225,\"caption\":\"Blog de aquimicasa.net\"},\"image\":{\"@id\":\"https:\\\/\\\/www.aquimicasa.net\\\/blog\\\/#\\\/schema\\\/logo\\\/image\\\/\"},\"sameAs\":[\"https:\\\/\\\/www.facebook.com\\\/aquimicasa.net\",\"https:\\\/\\\/www.instagram.com\\\/\",\"https:\\\/\\\/x.com\\\/EduLizarragaD\",\"https:\\\/\\\/www.linkedin.com\\\/feed\\\/\"]},{\"@type\":\"Person\",\"@id\":\"https:\\\/\\\/www.aquimicasa.net\\\/blog\\\/#\\\/schema\\\/person\\\/2cdfa2605534583395c8d7ce1d6cac14\",\"name\":\"Eduardo Lizarraga\",\"image\":{\"@type\":\"ImageObject\",\"inLanguage\":\"es\",\"@id\":\"https:\\\/\\\/secure.gravatar.com\\\/avatar\\\/bdabe1eeeed97b65a9cb7de2edd624b07995f7e13abc5fead15961f745f908cc?s=96&d=mm&r=g\",\"url\":\"https:\\\/\\\/secure.gravatar.com\\\/avatar\\\/bdabe1eeeed97b65a9cb7de2edd624b07995f7e13abc5fead15961f745f908cc?s=96&d=mm&r=g\",\"contentUrl\":\"https:\\\/\\\/secure.gravatar.com\\\/avatar\\\/bdabe1eeeed97b65a9cb7de2edd624b07995f7e13abc5fead15961f745f908cc?s=96&d=mm&r=g\",\"caption\":\"Eduardo Lizarraga\"},\"description\":\"Periodista Econ\u00f3mico. Ha trabajado en diversos campos de la informaci\u00f3n. Corresponsal en conflictos, analista pol\u00edtico en Congreso y Senado, periodista del medio ambiente, editor, director editorial, director de comunicaci\u00f3n.... En estos momentos se ha especializado en el sector inmobiliario. Pero tambi\u00e9n es navegante y viajero, preocupado por la pobreza, el medio ambiente y por las actuaciones descontroladas del neoliberalismo empresarial y pol\u00edtico en todo el mundo. Los desahucios, la pobreza infantil y la falta de acceso a los suministros b\u00e1sicos son algunos de los grandes dramas de nuestra sociedad y que es preciso solucionar para hacerla m\u00e1s justa. CEO en www.aquimicasa.net\",\"sameAs\":[\"https:\\\/\\\/www.aquimicasa.net\\\/\"],\"url\":\"https:\\\/\\\/www.aquimicasa.net\\\/blog\\\/author\\\/eduardo\\\/\"}]}<\/script>\n<!-- \/ Yoast SEO plugin. -->","yoast_head_json":{"title":"La factura de la luz de enero m\u00e1s baja en 14 a\u00f1os","description":"Si se compara con el recibo del pasado diciembre, cuando estuvo en 89,82 euros, la bajada mensual ha sido del 25,2%.","robots":{"index":"index","follow":"follow","max-snippet":"max-snippet:-1","max-image-preview":"max-image-preview:large","max-video-preview":"max-video-preview:-1"},"canonical":"https:\/\/www.aquimicasa.net\/blog\/vivienda\/compraventa-de-viviendas\/la-factura-de-la-luz-de-enero-mas-baja-en-14-anos\/","og_locale":"es_ES","og_type":"article","og_title":"La factura de la luz de enero m\u00e1s baja en 14 a\u00f1os","og_description":"Si se compara con el recibo del pasado diciembre, cuando estuvo en 89,82 euros, la bajada mensual ha sido del 25,2%.","og_url":"https:\/\/www.aquimicasa.net\/blog\/vivienda\/compraventa-de-viviendas\/la-factura-de-la-luz-de-enero-mas-baja-en-14-anos\/","og_site_name":"Blog de aquimicasa.net","article_publisher":"https:\/\/www.facebook.com\/aquimicasa.net","article_published_time":"2023-02-04T12:19:38+00:00","article_modified_time":"2023-02-04T12:34:44+00:00","og_image":[{"width":600,"height":400,"url":"https:\/\/www.aquimicasa.net\/blog\/wp-content\/uploads\/ahorrar-factura-luz1.jpg","type":"image\/jpeg"}],"author":"Eduardo Lizarraga","twitter_misc":{"Escrito por":"Eduardo Lizarraga","Tiempo de lectura":"5 minutos"},"schema":{"@context":"https:\/\/schema.org","@graph":[{"@type":"Article","@id":"https:\/\/www.aquimicasa.net\/blog\/vivienda\/compraventa-de-viviendas\/la-factura-de-la-luz-de-enero-mas-baja-en-14-anos\/#article","isPartOf":{"@id":"https:\/\/www.aquimicasa.net\/blog\/vivienda\/compraventa-de-viviendas\/la-factura-de-la-luz-de-enero-mas-baja-en-14-anos\/"},"author":{"name":"Eduardo Lizarraga","@id":"https:\/\/www.aquimicasa.net\/blog\/#\/schema\/person\/2cdfa2605534583395c8d7ce1d6cac14"},"headline":"La factura de la luz de enero m\u00e1s baja en 14 a\u00f1os","datePublished":"2023-02-04T12:19:38+00:00","dateModified":"2023-02-04T12:34:44+00:00","mainEntityOfPage":{"@id":"https:\/\/www.aquimicasa.net\/blog\/vivienda\/compraventa-de-viviendas\/la-factura-de-la-luz-de-enero-mas-baja-en-14-anos\/"},"wordCount":1006,"publisher":{"@id":"https:\/\/www.aquimicasa.net\/blog\/#organization"},"image":{"@id":"https:\/\/www.aquimicasa.net\/blog\/vivienda\/compraventa-de-viviendas\/la-factura-de-la-luz-de-enero-mas-baja-en-14-anos\/#primaryimage"},"thumbnailUrl":"https:\/\/www.aquimicasa.net\/blog\/wp-content\/uploads\/ahorrar-factura-luz1.jpg","keywords":["newsletter 395","noticia de portada"],"articleSection":["Compra Venta"],"inLanguage":"es"},{"@type":"WebPage","@id":"https:\/\/www.aquimicasa.net\/blog\/vivienda\/compraventa-de-viviendas\/la-factura-de-la-luz-de-enero-mas-baja-en-14-anos\/","url":"https:\/\/www.aquimicasa.net\/blog\/vivienda\/compraventa-de-viviendas\/la-factura-de-la-luz-de-enero-mas-baja-en-14-anos\/","name":"La factura de la luz de enero m\u00e1s baja en 14 a\u00f1os","isPartOf":{"@id":"https:\/\/www.aquimicasa.net\/blog\/#website"},"primaryImageOfPage":{"@id":"https:\/\/www.aquimicasa.net\/blog\/vivienda\/compraventa-de-viviendas\/la-factura-de-la-luz-de-enero-mas-baja-en-14-anos\/#primaryimage"},"image":{"@id":"https:\/\/www.aquimicasa.net\/blog\/vivienda\/compraventa-de-viviendas\/la-factura-de-la-luz-de-enero-mas-baja-en-14-anos\/#primaryimage"},"thumbnailUrl":"https:\/\/www.aquimicasa.net\/blog\/wp-content\/uploads\/ahorrar-factura-luz1.jpg","datePublished":"2023-02-04T12:19:38+00:00","dateModified":"2023-02-04T12:34:44+00:00","description":"Si se compara con el recibo del pasado diciembre, cuando estuvo en 89,82 euros, la bajada mensual ha sido del 25,2%.","breadcrumb":{"@id":"https:\/\/www.aquimicasa.net\/blog\/vivienda\/compraventa-de-viviendas\/la-factura-de-la-luz-de-enero-mas-baja-en-14-anos\/#breadcrumb"},"inLanguage":"es","potentialAction":[{"@type":"ReadAction","target":["https:\/\/www.aquimicasa.net\/blog\/vivienda\/compraventa-de-viviendas\/la-factura-de-la-luz-de-enero-mas-baja-en-14-anos\/"]}]},{"@type":"ImageObject","inLanguage":"es","@id":"https:\/\/www.aquimicasa.net\/blog\/vivienda\/compraventa-de-viviendas\/la-factura-de-la-luz-de-enero-mas-baja-en-14-anos\/#primaryimage","url":"https:\/\/www.aquimicasa.net\/blog\/wp-content\/uploads\/ahorrar-factura-luz1.jpg","contentUrl":"https:\/\/www.aquimicasa.net\/blog\/wp-content\/uploads\/ahorrar-factura-luz1.jpg","width":600,"height":400,"caption":"\u00b4La factura de la luz sube de nuevo en agosto"},{"@type":"BreadcrumbList","@id":"https:\/\/www.aquimicasa.net\/blog\/vivienda\/compraventa-de-viviendas\/la-factura-de-la-luz-de-enero-mas-baja-en-14-anos\/#breadcrumb","itemListElement":[{"@type":"ListItem","position":1,"name":"Portada","item":"https:\/\/www.aquimicasa.net\/blog\/"},{"@type":"ListItem","position":2,"name":"La factura de la luz de enero m\u00e1s baja en 14 a\u00f1os"}]},{"@type":"WebSite","@id":"https:\/\/www.aquimicasa.net\/blog\/#website","url":"https:\/\/www.aquimicasa.net\/blog\/","name":"Blog de aquimicasa.net","description":"Noticias del Mundo Inmobiliario","publisher":{"@id":"https:\/\/www.aquimicasa.net\/blog\/#organization"},"potentialAction":[{"@type":"SearchAction","target":{"@type":"EntryPoint","urlTemplate":"https:\/\/www.aquimicasa.net\/blog\/?s={search_term_string}"},"query-input":{"@type":"PropertyValueSpecification","valueRequired":true,"valueName":"search_term_string"}}],"inLanguage":"es"},{"@type":"Organization","@id":"https:\/\/www.aquimicasa.net\/blog\/#organization","name":"Blog de aquimicasa.net","url":"https:\/\/www.aquimicasa.net\/blog\/","logo":{"@type":"ImageObject","inLanguage":"es","@id":"https:\/\/www.aquimicasa.net\/blog\/#\/schema\/logo\/image\/","url":"https:\/\/www.aquimicasa.net\/blog\/wp-content\/uploads\/Logo-aquimicasa-1-e1528048213782.png","contentUrl":"https:\/\/www.aquimicasa.net\/blog\/wp-content\/uploads\/Logo-aquimicasa-1-e1528048213782.png","width":225,"height":225,"caption":"Blog de aquimicasa.net"},"image":{"@id":"https:\/\/www.aquimicasa.net\/blog\/#\/schema\/logo\/image\/"},"sameAs":["https:\/\/www.facebook.com\/aquimicasa.net","https:\/\/www.instagram.com\/","https:\/\/x.com\/EduLizarragaD","https:\/\/www.linkedin.com\/feed\/"]},{"@type":"Person","@id":"https:\/\/www.aquimicasa.net\/blog\/#\/schema\/person\/2cdfa2605534583395c8d7ce1d6cac14","name":"Eduardo Lizarraga","image":{"@type":"ImageObject","inLanguage":"es","@id":"https:\/\/secure.gravatar.com\/avatar\/bdabe1eeeed97b65a9cb7de2edd624b07995f7e13abc5fead15961f745f908cc?s=96&d=mm&r=g","url":"https:\/\/secure.gravatar.com\/avatar\/bdabe1eeeed97b65a9cb7de2edd624b07995f7e13abc5fead15961f745f908cc?s=96&d=mm&r=g","contentUrl":"https:\/\/secure.gravatar.com\/avatar\/bdabe1eeeed97b65a9cb7de2edd624b07995f7e13abc5fead15961f745f908cc?s=96&d=mm&r=g","caption":"Eduardo Lizarraga"},"description":"Periodista Econ\u00f3mico. Ha trabajado en diversos campos de la informaci\u00f3n. Corresponsal en conflictos, analista pol\u00edtico en Congreso y Senado, periodista del medio ambiente, editor, director editorial, director de comunicaci\u00f3n.... En estos momentos se ha especializado en el sector inmobiliario. Pero tambi\u00e9n es navegante y viajero, preocupado por la pobreza, el medio ambiente y por las actuaciones descontroladas del neoliberalismo empresarial y pol\u00edtico en todo el mundo. Los desahucios, la pobreza infantil y la falta de acceso a los suministros b\u00e1sicos son algunos de los grandes dramas de nuestra sociedad y que es preciso solucionar para hacerla m\u00e1s justa. CEO en www.aquimicasa.net","sameAs":["https:\/\/www.aquimicasa.net\/"],"url":"https:\/\/www.aquimicasa.net\/blog\/author\/eduardo\/"}]}},"jetpack_publicize_connections":[],"jetpack_featured_media_url":"https:\/\/www.aquimicasa.net\/blog\/wp-content\/uploads\/ahorrar-factura-luz1.jpg","jetpack_sharing_enabled":true,"jetpack_likes_enabled":true,"_links":{"self":[{"href":"https:\/\/www.aquimicasa.net\/blog\/wp-json\/wp\/v2\/posts\/43230","targetHints":{"allow":["GET"]}}],"collection":[{"href":"https:\/\/www.aquimicasa.net\/blog\/wp-json\/wp\/v2\/posts"}],"about":[{"href":"https:\/\/www.aquimicasa.net\/blog\/wp-json\/wp\/v2\/types\/post"}],"author":[{"embeddable":true,"href":"https:\/\/www.aquimicasa.net\/blog\/wp-json\/wp\/v2\/users\/3"}],"replies":[{"embeddable":true,"href":"https:\/\/www.aquimicasa.net\/blog\/wp-json\/wp\/v2\/comments?post=43230"}],"version-history":[{"count":5,"href":"https:\/\/www.aquimicasa.net\/blog\/wp-json\/wp\/v2\/posts\/43230\/revisions"}],"predecessor-version":[{"id":43235,"href":"https:\/\/www.aquimicasa.net\/blog\/wp-json\/wp\/v2\/posts\/43230\/revisions\/43235"}],"wp:featuredmedia":[{"embeddable":true,"href":"https:\/\/www.aquimicasa.net\/blog\/wp-json\/wp\/v2\/media\/37608"}],"wp:attachment":[{"href":"https:\/\/www.aquimicasa.net\/blog\/wp-json\/wp\/v2\/media?parent=43230"}],"wp:term":[{"taxonomy":"category","embeddable":true,"href":"https:\/\/www.aquimicasa.net\/blog\/wp-json\/wp\/v2\/categories?post=43230"},{"taxonomy":"post_tag","embeddable":true,"href":"https:\/\/www.aquimicasa.net\/blog\/wp-json\/wp\/v2\/tags?post=43230"}],"curies":[{"name":"wp","href":"https:\/\/api.w.org\/{rel}","templated":true}]}}