{"id":43548,"date":"2023-03-06T22:00:17","date_gmt":"2023-03-06T21:00:17","guid":{"rendered":"https:\/\/www.aquimicasa.net\/blog\/?p=43548"},"modified":"2023-03-06T22:00:30","modified_gmt":"2023-03-06T21:00:30","slug":"los-precios-de-la-vivienda-se-paralizan-en-febrero","status":"publish","type":"post","link":"https:\/\/www.aquimicasa.net\/blog\/vivienda\/noticias-mercado-inmobiliario\/los-precios-de-la-vivienda-se-paralizan-en-febrero\/","title":{"rendered":"Los precios de la vivienda se paralizan en febrero"},"content":{"rendered":"<div class=\"fusion-fullwidth fullwidth-box fusion-builder-row-1 fusion-flex-container nonhundred-percent-fullwidth non-hundred-percent-height-scrolling\" style=\"background-color: rgba(255,255,255,0);background-position: center center;background-repeat: no-repeat;border-width: 0px 0px 0px 0px;border-color:#eae9e9;border-style:solid;\" ><div class=\"fusion-builder-row fusion-row fusion-flex-align-items-flex-start\" style=\"max-width:1144px;margin-left: calc(-4% \/ 2 );margin-right: calc(-4% \/ 2 );\"><div class=\"fusion-layout-column fusion_builder_column fusion-builder-column-0 fusion_builder_column_1_1 1_1 fusion-flex-column\"><div class=\"fusion-column-wrapper fusion-flex-justify-content-flex-start fusion-content-layout-column\" style=\"background-position:left top;background-repeat:no-repeat;-webkit-background-size:cover;-moz-background-size:cover;-o-background-size:cover;background-size:cover;padding: 0px 0px 0px 0px;\"><div class=\"fusion-text fusion-text-1\"><p>Se est\u00e1 produciendo un <strong>peque\u00f1o ajuste de precio<\/strong> de la vivienda en algunas zonas, nada alarnante sobre todo si tenemos en cuenta que algunos propietarios hab\u00edan subido demasiado el list\u00f3n. En todo caso la demanda contin\u00faa y como la oferta se mantiene estable, los precios ni bajan ni lo har\u00e1n de mantenerse la situaci\u00f3n econ\u00f3mica general. Es importante el control de la inflaci\u00f3n y que Lagarde recapacite entre el mantenimiento de una cierta tasa de inflaci\u00f3n, tal vez algo superior al 2% y la amenaza de una recesi\u00f3n indiscutible.<\/p>\n<p>El precio de la vivienda muestra en febrero un estancamiento en su crecimiento tras varios meses de desaceleraci\u00f3n. Seg\u00fan la estad\u00edstica <strong>Tinsa IMIE<\/strong> General y Grandes mercados publicada hoy, el \u00cdndice General registr\u00f3 un ligero descenso del 0,1 % entre enero y febrero (tasa mensual), que sit\u00faa en el 6,4 % el crecimiento del precio de la vivienda nueva y usada en los \u00faltimos 12 meses.<\/p>\n<p><img decoding=\"async\" class=\"alignnone wp-image-38900\" src=\"https:\/\/www.aquimicasa.net\/blog\/wp-content\/uploads\/Cristina-Arias-Tinsa-300x142.jpg\" alt=\"\" width=\"232\" height=\"110\" srcset=\"https:\/\/www.aquimicasa.net\/blog\/wp-content\/uploads\/Cristina-Arias-Tinsa-150x71.jpg 150w, https:\/\/www.aquimicasa.net\/blog\/wp-content\/uploads\/Cristina-Arias-Tinsa-200x95.jpg 200w, https:\/\/www.aquimicasa.net\/blog\/wp-content\/uploads\/Cristina-Arias-Tinsa-300x142.jpg 300w, https:\/\/www.aquimicasa.net\/blog\/wp-content\/uploads\/Cristina-Arias-Tinsa-400x190.jpg 400w, https:\/\/www.aquimicasa.net\/blog\/wp-content\/uploads\/Cristina-Arias-Tinsa-600x284.jpg 600w, https:\/\/www.aquimicasa.net\/blog\/wp-content\/uploads\/Cristina-Arias-Tinsa.jpg 728w\" sizes=\"(max-width: 232px) 100vw, 232px\" \/>\u201cLa erosi\u00f3n acumulada de la inflaci\u00f3n en el poder adquisitivo de los hogares y el incremento del coste de la financiaci\u00f3n limita la demanda general, especialmente en aquellos hogares con rentas m\u00e1s bajas\u201d, apunta <strong>Cristina Arias, directora del Servicio de Estudios de Tinsa<\/strong>. \u201cLa incertidumbre que contin\u00faa generando la evoluci\u00f3n de la inflaci\u00f3n puede seguir favoreciendo <strong>cierta demanda<\/strong> en busca de refugio ante el bajo rendimiento de algunos activos alternativos y la alta volatilidad de otros.\u201d<\/p>\n<p>Pese a la presi\u00f3n que la subida del Euribor est\u00e1 ejerciendo sobre el mercado hipotecario, no hay, en opini\u00f3n de Arias, indicios que apunten a un deterioro preocupante de la capacidad de pago de las familias. \u201c<strong>El empleo general se mantiene<\/strong>, otorgando cierta estabilidad de ingresos a los hogares y sosteniendo su solvencia\u201d, se\u00f1ala.<\/p>\n<h2>La costa mediterr\u00e1nea encabeza el ajuste<\/h2>\n<p>El ajuste experimentado por la <strong>vivienda en el \u00faltimo mes<\/strong> fue m\u00e1s notorio en el grupo \u2018Costa mediterr\u00e1nea\u2019 (-0,8 % mensual) y en las localidades de menor tama\u00f1o del interior y costa atl\u00e1ntica, agrupadas en \u2018Resto de municipios\u2019, donde la ca\u00edda mensual fue del 0,5 %, seg\u00fan las tasaciones de Tinsa. En las \u2018<strong>Capitales y grandes ciudades<\/strong>\u2019 y en las \u2018\u00c1reas metropolitanas\u2019, el precio apenas registr\u00f3 variaci\u00f3n entre enero y febrero (-0,1 %).<\/p>\n<p>Debido al encarecimiento experimentado por la vivienda durante 2022, especialmente en el primer semestre, todos los grupos analizados mantienen valores medios superiores a los del mismo mes del a\u00f1o anterior.\u00a0 Las \u2018\u00c1reas metropolitanas\u2019 destacan con el mayor crecimiento interanual, un 7,9 %, seguido de las \u2018Capitales y grandes ciudades\u2019 (+6,5 %). Por debajo del crecimiento medio del \u00cdndice General se encuentran \u2018Resto de municipios\u2019 (+6 %), la \u2018Costa mediterr\u00e1nea\u2019 (+4,5 %) e \u2018Islas\u2019 (+3,4%).<\/p>\n<p><img decoding=\"async\" class=\"wp-image-992277 size-large aligncenter\" src=\"https:\/\/www.tinsa.es\/wp-content\/uploads\/2023\/03\/variacionMensual-550x400.jpg\" sizes=\"(max-width: 550px) 100vw, 550px\" srcset=\"https:\/\/www.tinsa.es\/wp-content\/uploads\/2023\/03\/variacionMensual-550x400.jpg 550w, https:\/\/www.tinsa.es\/wp-content\/uploads\/2023\/03\/variacionMensual-412x300.jpg 412w, https:\/\/www.tinsa.es\/wp-content\/uploads\/2023\/03\/variacionMensual.jpg 1302w, https:\/\/www.tinsa.es\/wp-content\/uploads\/2023\/03\/variacionMensual-550x400@2x.jpg 1100w, https:\/\/www.tinsa.es\/wp-content\/uploads\/2023\/03\/variacionMensual-412x300@2x.jpg 824w\" alt=\"\" width=\"550\" height=\"400\" \/><\/p>\n<p><strong>Evoluci\u00f3n desde m\u00e1ximos<\/strong><\/p>\n<p>La vivienda nueva y usada registra un descenso acumulado del 20,9 % desde los m\u00e1ximos alcanzados por el \u00cdndice General en febrero de 2008. Entre los grupos analizados, la mayor distancia corresponde a la \u2018Coste mediterr\u00e1nea\u2019, donde el precio medio es un 31,4 % inferior al m\u00e1ximo alcanzado durante el \u2018boom\u2019 inmobiliario. Tambi\u00e9n \u2018Resto de municipios\u2019 (-29,2 %) y \u2018\u00c1reas metropolitanas\u2019 (-23,1 %) acumulan descensos superiores a la media nacional.<\/p>\n<p>Por su parte, en las \u2018Capitales y grandes ciudades\u2019, que son el grupo donde m\u00e1s se ha revalorizado la vivienda desde los m\u00ednimos postcrisis financiera (+42,7 %), el precio est\u00e1 un 16,5 % por debajo del punto \u00e1lgido del ciclo anterior. La menor diferencia desde m\u00e1ximos corresponde a las \u2018Islas\u2019 (-9,8 %).<\/p>\n<\/div><\/div><style type=\"text\/css\">.fusion-body .fusion-builder-column-0{width:100% !important;margin-top : 0px;margin-bottom : 0px;}.fusion-builder-column-0 > .fusion-column-wrapper {padding-top : 0px !important;padding-right : 0px !important;margin-right : 1.92%;padding-bottom : 0px !important;padding-left : 0px !important;margin-left : 1.92%;}@media only screen and (max-width:1024px) {.fusion-body .fusion-builder-column-0{width:100% !important;}.fusion-builder-column-0 > .fusion-column-wrapper {margin-right : 1.92%;margin-left : 1.92%;}}@media only screen and (max-width:640px) {.fusion-body .fusion-builder-column-0{width:100% !important;}.fusion-builder-column-0 > .fusion-column-wrapper {margin-right : 1.92%;margin-left : 1.92%;}}<\/style><\/div><\/div><style type=\"text\/css\">.fusion-body .fusion-flex-container.fusion-builder-row-1{ padding-top : 0px;margin-top : 0px;padding-right : 0px;padding-bottom : 0px;margin-bottom : 0px;padding-left : 0px;}<\/style><\/div>\n","protected":false},"excerpt":{"rendered":"<p>Debido al encarecimiento experimentado por la vivienda durante 2022, especialmente en el primer semestre, todos los grupos analizados mantienen valores medios superiores a los del mismo mes del a\u00f1o anterior.\u00a0 Las \u2018\u00c1reas metropolitanas\u2019 destacan con el mayor crecimiento interanual, un 7,9 %, seguido de las \u2018Capitales y grandes ciudades\u2019 (+6,5 %). Por debajo del crecimiento medio del \u00cdndice General se encuentran \u2018Resto de municipios\u2019 (+6 %), la \u2018Costa mediterr\u00e1nea\u2019 (+4,5 %) e \u2018Islas\u2019 (+3,4%).<\/p>\n","protected":false},"author":3,"featured_media":42725,"comment_status":"open","ping_status":"closed","sticky":false,"template":"","format":"standard","meta":{"_jetpack_memberships_contains_paid_content":false,"footnotes":"","jetpack_publicize_message":"","jetpack_publicize_feature_enabled":true,"jetpack_social_post_already_shared":false,"jetpack_social_options":{"image_generator_settings":{"template":"highway","default_image_id":0,"font":"","enabled":false},"version":2}},"categories":[7565],"tags":[8088,7568],"class_list":["post-43548","post","type-post","status-publish","format-standard","has-post-thumbnail","hentry","category-noticias-mercado-inmobiliario","tag-newsletter-399","tag-noticia-de-portada"],"yoast_head":"<!-- This site is optimized with the Yoast SEO plugin v28.2 - https:\/\/yoast.com\/product\/yoast-seo-wordpress\/ -->\n<title>Los precios de la vivienda se paralizan en febrero<\/title>\n<meta name=\"description\" content=\"El precio de la vivienda muestra en febrero un estancamiento en su crecimiento tras varios meses de desaceleraci\u00f3n\" \/>\n<meta name=\"robots\" content=\"index, follow, max-snippet:-1, max-image-preview:large, max-video-preview:-1\" \/>\n<link rel=\"canonical\" href=\"https:\/\/www.aquimicasa.net\/blog\/vivienda\/noticias-mercado-inmobiliario\/los-precios-de-la-vivienda-se-paralizan-en-febrero\/\" \/>\n<meta property=\"og:locale\" content=\"es_ES\" \/>\n<meta property=\"og:type\" content=\"article\" \/>\n<meta property=\"og:title\" content=\"Los precios de la vivienda se paralizan en febrero\" \/>\n<meta property=\"og:description\" content=\"El precio de la vivienda muestra en febrero un estancamiento en su crecimiento tras varios meses de desaceleraci\u00f3n\" \/>\n<meta property=\"og:url\" content=\"https:\/\/www.aquimicasa.net\/blog\/vivienda\/noticias-mercado-inmobiliario\/los-precios-de-la-vivienda-se-paralizan-en-febrero\/\" \/>\n<meta property=\"og:site_name\" content=\"Blog de aquimicasa.net\" \/>\n<meta property=\"article:publisher\" content=\"https:\/\/www.facebook.com\/aquimicasa.net\" \/>\n<meta property=\"article:published_time\" content=\"2023-03-06T21:00:17+00:00\" \/>\n<meta property=\"article:modified_time\" content=\"2023-03-06T21:00:30+00:00\" \/>\n<meta property=\"og:image\" content=\"https:\/\/www.aquimicasa.net\/blog\/wp-content\/uploads\/Casitas1-2-e1675886105887.jpg\" \/>\n\t<meta property=\"og:image:width\" content=\"400\" \/>\n\t<meta property=\"og:image:height\" content=\"400\" \/>\n\t<meta property=\"og:image:type\" content=\"image\/jpeg\" \/>\n<meta name=\"author\" content=\"Eduardo Lizarraga\" \/>\n<meta name=\"twitter:label1\" content=\"Escrito por\" \/>\n\t<meta name=\"twitter:data1\" content=\"Eduardo Lizarraga\" \/>\n\t<meta name=\"twitter:label2\" content=\"Tiempo de lectura\" \/>\n\t<meta name=\"twitter:data2\" content=\"4 minutos\" \/>\n<script type=\"application\/ld+json\" class=\"yoast-schema-graph\">{\"@context\":\"https:\\\/\\\/schema.org\",\"@graph\":[{\"@type\":\"Article\",\"@id\":\"https:\\\/\\\/www.aquimicasa.net\\\/blog\\\/vivienda\\\/noticias-mercado-inmobiliario\\\/los-precios-de-la-vivienda-se-paralizan-en-febrero\\\/#article\",\"isPartOf\":{\"@id\":\"https:\\\/\\\/www.aquimicasa.net\\\/blog\\\/vivienda\\\/noticias-mercado-inmobiliario\\\/los-precios-de-la-vivienda-se-paralizan-en-febrero\\\/\"},\"author\":{\"name\":\"Eduardo Lizarraga\",\"@id\":\"https:\\\/\\\/www.aquimicasa.net\\\/blog\\\/#\\\/schema\\\/person\\\/2cdfa2605534583395c8d7ce1d6cac14\"},\"headline\":\"Los precios de la vivienda se paralizan en febrero\",\"datePublished\":\"2023-03-06T21:00:17+00:00\",\"dateModified\":\"2023-03-06T21:00:30+00:00\",\"mainEntityOfPage\":{\"@id\":\"https:\\\/\\\/www.aquimicasa.net\\\/blog\\\/vivienda\\\/noticias-mercado-inmobiliario\\\/los-precios-de-la-vivienda-se-paralizan-en-febrero\\\/\"},\"wordCount\":822,\"commentCount\":0,\"publisher\":{\"@id\":\"https:\\\/\\\/www.aquimicasa.net\\\/blog\\\/#organization\"},\"image\":{\"@id\":\"https:\\\/\\\/www.aquimicasa.net\\\/blog\\\/vivienda\\\/noticias-mercado-inmobiliario\\\/los-precios-de-la-vivienda-se-paralizan-en-febrero\\\/#primaryimage\"},\"thumbnailUrl\":\"https:\\\/\\\/www.aquimicasa.net\\\/blog\\\/wp-content\\\/uploads\\\/Casitas1-2-e1675886105887.jpg\",\"keywords\":[\"newsletter 399\",\"noticia de portada\"],\"articleSection\":[\"Noticias Mercado Inmobiliario\"],\"inLanguage\":\"es\",\"potentialAction\":[{\"@type\":\"CommentAction\",\"name\":\"Comment\",\"target\":[\"https:\\\/\\\/www.aquimicasa.net\\\/blog\\\/vivienda\\\/noticias-mercado-inmobiliario\\\/los-precios-de-la-vivienda-se-paralizan-en-febrero\\\/#respond\"]}]},{\"@type\":\"WebPage\",\"@id\":\"https:\\\/\\\/www.aquimicasa.net\\\/blog\\\/vivienda\\\/noticias-mercado-inmobiliario\\\/los-precios-de-la-vivienda-se-paralizan-en-febrero\\\/\",\"url\":\"https:\\\/\\\/www.aquimicasa.net\\\/blog\\\/vivienda\\\/noticias-mercado-inmobiliario\\\/los-precios-de-la-vivienda-se-paralizan-en-febrero\\\/\",\"name\":\"Los precios de la vivienda se paralizan en febrero\",\"isPartOf\":{\"@id\":\"https:\\\/\\\/www.aquimicasa.net\\\/blog\\\/#website\"},\"primaryImageOfPage\":{\"@id\":\"https:\\\/\\\/www.aquimicasa.net\\\/blog\\\/vivienda\\\/noticias-mercado-inmobiliario\\\/los-precios-de-la-vivienda-se-paralizan-en-febrero\\\/#primaryimage\"},\"image\":{\"@id\":\"https:\\\/\\\/www.aquimicasa.net\\\/blog\\\/vivienda\\\/noticias-mercado-inmobiliario\\\/los-precios-de-la-vivienda-se-paralizan-en-febrero\\\/#primaryimage\"},\"thumbnailUrl\":\"https:\\\/\\\/www.aquimicasa.net\\\/blog\\\/wp-content\\\/uploads\\\/Casitas1-2-e1675886105887.jpg\",\"datePublished\":\"2023-03-06T21:00:17+00:00\",\"dateModified\":\"2023-03-06T21:00:30+00:00\",\"description\":\"El precio de la vivienda muestra en febrero un estancamiento en su crecimiento tras varios meses de desaceleraci\u00f3n\",\"breadcrumb\":{\"@id\":\"https:\\\/\\\/www.aquimicasa.net\\\/blog\\\/vivienda\\\/noticias-mercado-inmobiliario\\\/los-precios-de-la-vivienda-se-paralizan-en-febrero\\\/#breadcrumb\"},\"inLanguage\":\"es\",\"potentialAction\":[{\"@type\":\"ReadAction\",\"target\":[\"https:\\\/\\\/www.aquimicasa.net\\\/blog\\\/vivienda\\\/noticias-mercado-inmobiliario\\\/los-precios-de-la-vivienda-se-paralizan-en-febrero\\\/\"]}]},{\"@type\":\"ImageObject\",\"inLanguage\":\"es\",\"@id\":\"https:\\\/\\\/www.aquimicasa.net\\\/blog\\\/vivienda\\\/noticias-mercado-inmobiliario\\\/los-precios-de-la-vivienda-se-paralizan-en-febrero\\\/#primaryimage\",\"url\":\"https:\\\/\\\/www.aquimicasa.net\\\/blog\\\/wp-content\\\/uploads\\\/Casitas1-2-e1675886105887.jpg\",\"contentUrl\":\"https:\\\/\\\/www.aquimicasa.net\\\/blog\\\/wp-content\\\/uploads\\\/Casitas1-2-e1675886105887.jpg\",\"width\":400,\"height\":400,\"caption\":\"Suben las compraventas de vivienda en junio\"},{\"@type\":\"BreadcrumbList\",\"@id\":\"https:\\\/\\\/www.aquimicasa.net\\\/blog\\\/vivienda\\\/noticias-mercado-inmobiliario\\\/los-precios-de-la-vivienda-se-paralizan-en-febrero\\\/#breadcrumb\",\"itemListElement\":[{\"@type\":\"ListItem\",\"position\":1,\"name\":\"Portada\",\"item\":\"https:\\\/\\\/www.aquimicasa.net\\\/blog\\\/\"},{\"@type\":\"ListItem\",\"position\":2,\"name\":\"Los precios de la vivienda se paralizan en febrero\"}]},{\"@type\":\"WebSite\",\"@id\":\"https:\\\/\\\/www.aquimicasa.net\\\/blog\\\/#website\",\"url\":\"https:\\\/\\\/www.aquimicasa.net\\\/blog\\\/\",\"name\":\"Blog de aquimicasa.net\",\"description\":\"Noticias del Mundo Inmobiliario\",\"publisher\":{\"@id\":\"https:\\\/\\\/www.aquimicasa.net\\\/blog\\\/#organization\"},\"potentialAction\":[{\"@type\":\"SearchAction\",\"target\":{\"@type\":\"EntryPoint\",\"urlTemplate\":\"https:\\\/\\\/www.aquimicasa.net\\\/blog\\\/?s={search_term_string}\"},\"query-input\":{\"@type\":\"PropertyValueSpecification\",\"valueRequired\":true,\"valueName\":\"search_term_string\"}}],\"inLanguage\":\"es\"},{\"@type\":\"Organization\",\"@id\":\"https:\\\/\\\/www.aquimicasa.net\\\/blog\\\/#organization\",\"name\":\"Blog de aquimicasa.net\",\"url\":\"https:\\\/\\\/www.aquimicasa.net\\\/blog\\\/\",\"logo\":{\"@type\":\"ImageObject\",\"inLanguage\":\"es\",\"@id\":\"https:\\\/\\\/www.aquimicasa.net\\\/blog\\\/#\\\/schema\\\/logo\\\/image\\\/\",\"url\":\"https:\\\/\\\/www.aquimicasa.net\\\/blog\\\/wp-content\\\/uploads\\\/Logo-aquimicasa-1-e1528048213782.png\",\"contentUrl\":\"https:\\\/\\\/www.aquimicasa.net\\\/blog\\\/wp-content\\\/uploads\\\/Logo-aquimicasa-1-e1528048213782.png\",\"width\":225,\"height\":225,\"caption\":\"Blog de aquimicasa.net\"},\"image\":{\"@id\":\"https:\\\/\\\/www.aquimicasa.net\\\/blog\\\/#\\\/schema\\\/logo\\\/image\\\/\"},\"sameAs\":[\"https:\\\/\\\/www.facebook.com\\\/aquimicasa.net\",\"https:\\\/\\\/www.instagram.com\\\/\",\"https:\\\/\\\/x.com\\\/EduLizarragaD\",\"https:\\\/\\\/www.linkedin.com\\\/feed\\\/\"]},{\"@type\":\"Person\",\"@id\":\"https:\\\/\\\/www.aquimicasa.net\\\/blog\\\/#\\\/schema\\\/person\\\/2cdfa2605534583395c8d7ce1d6cac14\",\"name\":\"Eduardo Lizarraga\",\"image\":{\"@type\":\"ImageObject\",\"inLanguage\":\"es\",\"@id\":\"https:\\\/\\\/secure.gravatar.com\\\/avatar\\\/bdabe1eeeed97b65a9cb7de2edd624b07995f7e13abc5fead15961f745f908cc?s=96&d=mm&r=g\",\"url\":\"https:\\\/\\\/secure.gravatar.com\\\/avatar\\\/bdabe1eeeed97b65a9cb7de2edd624b07995f7e13abc5fead15961f745f908cc?s=96&d=mm&r=g\",\"contentUrl\":\"https:\\\/\\\/secure.gravatar.com\\\/avatar\\\/bdabe1eeeed97b65a9cb7de2edd624b07995f7e13abc5fead15961f745f908cc?s=96&d=mm&r=g\",\"caption\":\"Eduardo Lizarraga\"},\"description\":\"Periodista Econ\u00f3mico. Ha trabajado en diversos campos de la informaci\u00f3n. Corresponsal en conflictos, analista pol\u00edtico en Congreso y Senado, periodista del medio ambiente, editor, director editorial, director de comunicaci\u00f3n.... En estos momentos se ha especializado en el sector inmobiliario. Pero tambi\u00e9n es navegante y viajero, preocupado por la pobreza, el medio ambiente y por las actuaciones descontroladas del neoliberalismo empresarial y pol\u00edtico en todo el mundo. Los desahucios, la pobreza infantil y la falta de acceso a los suministros b\u00e1sicos son algunos de los grandes dramas de nuestra sociedad y que es preciso solucionar para hacerla m\u00e1s justa. CEO en www.aquimicasa.net\",\"sameAs\":[\"https:\\\/\\\/www.aquimicasa.net\\\/\"],\"url\":\"https:\\\/\\\/www.aquimicasa.net\\\/blog\\\/author\\\/eduardo\\\/\"}]}<\/script>\n<!-- \/ Yoast SEO plugin. -->","yoast_head_json":{"title":"Los precios de la vivienda se paralizan en febrero","description":"El precio de la vivienda muestra en febrero un estancamiento en su crecimiento tras varios meses de desaceleraci\u00f3n","robots":{"index":"index","follow":"follow","max-snippet":"max-snippet:-1","max-image-preview":"max-image-preview:large","max-video-preview":"max-video-preview:-1"},"canonical":"https:\/\/www.aquimicasa.net\/blog\/vivienda\/noticias-mercado-inmobiliario\/los-precios-de-la-vivienda-se-paralizan-en-febrero\/","og_locale":"es_ES","og_type":"article","og_title":"Los precios de la vivienda se paralizan en febrero","og_description":"El precio de la vivienda muestra en febrero un estancamiento en su crecimiento tras varios meses de desaceleraci\u00f3n","og_url":"https:\/\/www.aquimicasa.net\/blog\/vivienda\/noticias-mercado-inmobiliario\/los-precios-de-la-vivienda-se-paralizan-en-febrero\/","og_site_name":"Blog de aquimicasa.net","article_publisher":"https:\/\/www.facebook.com\/aquimicasa.net","article_published_time":"2023-03-06T21:00:17+00:00","article_modified_time":"2023-03-06T21:00:30+00:00","og_image":[{"width":400,"height":400,"url":"https:\/\/www.aquimicasa.net\/blog\/wp-content\/uploads\/Casitas1-2-e1675886105887.jpg","type":"image\/jpeg"}],"author":"Eduardo Lizarraga","twitter_misc":{"Escrito por":"Eduardo Lizarraga","Tiempo de lectura":"4 minutos"},"schema":{"@context":"https:\/\/schema.org","@graph":[{"@type":"Article","@id":"https:\/\/www.aquimicasa.net\/blog\/vivienda\/noticias-mercado-inmobiliario\/los-precios-de-la-vivienda-se-paralizan-en-febrero\/#article","isPartOf":{"@id":"https:\/\/www.aquimicasa.net\/blog\/vivienda\/noticias-mercado-inmobiliario\/los-precios-de-la-vivienda-se-paralizan-en-febrero\/"},"author":{"name":"Eduardo Lizarraga","@id":"https:\/\/www.aquimicasa.net\/blog\/#\/schema\/person\/2cdfa2605534583395c8d7ce1d6cac14"},"headline":"Los precios de la vivienda se paralizan en febrero","datePublished":"2023-03-06T21:00:17+00:00","dateModified":"2023-03-06T21:00:30+00:00","mainEntityOfPage":{"@id":"https:\/\/www.aquimicasa.net\/blog\/vivienda\/noticias-mercado-inmobiliario\/los-precios-de-la-vivienda-se-paralizan-en-febrero\/"},"wordCount":822,"commentCount":0,"publisher":{"@id":"https:\/\/www.aquimicasa.net\/blog\/#organization"},"image":{"@id":"https:\/\/www.aquimicasa.net\/blog\/vivienda\/noticias-mercado-inmobiliario\/los-precios-de-la-vivienda-se-paralizan-en-febrero\/#primaryimage"},"thumbnailUrl":"https:\/\/www.aquimicasa.net\/blog\/wp-content\/uploads\/Casitas1-2-e1675886105887.jpg","keywords":["newsletter 399","noticia de portada"],"articleSection":["Noticias Mercado Inmobiliario"],"inLanguage":"es","potentialAction":[{"@type":"CommentAction","name":"Comment","target":["https:\/\/www.aquimicasa.net\/blog\/vivienda\/noticias-mercado-inmobiliario\/los-precios-de-la-vivienda-se-paralizan-en-febrero\/#respond"]}]},{"@type":"WebPage","@id":"https:\/\/www.aquimicasa.net\/blog\/vivienda\/noticias-mercado-inmobiliario\/los-precios-de-la-vivienda-se-paralizan-en-febrero\/","url":"https:\/\/www.aquimicasa.net\/blog\/vivienda\/noticias-mercado-inmobiliario\/los-precios-de-la-vivienda-se-paralizan-en-febrero\/","name":"Los precios de la vivienda se paralizan en febrero","isPartOf":{"@id":"https:\/\/www.aquimicasa.net\/blog\/#website"},"primaryImageOfPage":{"@id":"https:\/\/www.aquimicasa.net\/blog\/vivienda\/noticias-mercado-inmobiliario\/los-precios-de-la-vivienda-se-paralizan-en-febrero\/#primaryimage"},"image":{"@id":"https:\/\/www.aquimicasa.net\/blog\/vivienda\/noticias-mercado-inmobiliario\/los-precios-de-la-vivienda-se-paralizan-en-febrero\/#primaryimage"},"thumbnailUrl":"https:\/\/www.aquimicasa.net\/blog\/wp-content\/uploads\/Casitas1-2-e1675886105887.jpg","datePublished":"2023-03-06T21:00:17+00:00","dateModified":"2023-03-06T21:00:30+00:00","description":"El precio de la vivienda muestra en febrero un estancamiento en su crecimiento tras varios meses de desaceleraci\u00f3n","breadcrumb":{"@id":"https:\/\/www.aquimicasa.net\/blog\/vivienda\/noticias-mercado-inmobiliario\/los-precios-de-la-vivienda-se-paralizan-en-febrero\/#breadcrumb"},"inLanguage":"es","potentialAction":[{"@type":"ReadAction","target":["https:\/\/www.aquimicasa.net\/blog\/vivienda\/noticias-mercado-inmobiliario\/los-precios-de-la-vivienda-se-paralizan-en-febrero\/"]}]},{"@type":"ImageObject","inLanguage":"es","@id":"https:\/\/www.aquimicasa.net\/blog\/vivienda\/noticias-mercado-inmobiliario\/los-precios-de-la-vivienda-se-paralizan-en-febrero\/#primaryimage","url":"https:\/\/www.aquimicasa.net\/blog\/wp-content\/uploads\/Casitas1-2-e1675886105887.jpg","contentUrl":"https:\/\/www.aquimicasa.net\/blog\/wp-content\/uploads\/Casitas1-2-e1675886105887.jpg","width":400,"height":400,"caption":"Suben las compraventas de vivienda en junio"},{"@type":"BreadcrumbList","@id":"https:\/\/www.aquimicasa.net\/blog\/vivienda\/noticias-mercado-inmobiliario\/los-precios-de-la-vivienda-se-paralizan-en-febrero\/#breadcrumb","itemListElement":[{"@type":"ListItem","position":1,"name":"Portada","item":"https:\/\/www.aquimicasa.net\/blog\/"},{"@type":"ListItem","position":2,"name":"Los precios de la vivienda se paralizan en febrero"}]},{"@type":"WebSite","@id":"https:\/\/www.aquimicasa.net\/blog\/#website","url":"https:\/\/www.aquimicasa.net\/blog\/","name":"Blog de aquimicasa.net","description":"Noticias del Mundo Inmobiliario","publisher":{"@id":"https:\/\/www.aquimicasa.net\/blog\/#organization"},"potentialAction":[{"@type":"SearchAction","target":{"@type":"EntryPoint","urlTemplate":"https:\/\/www.aquimicasa.net\/blog\/?s={search_term_string}"},"query-input":{"@type":"PropertyValueSpecification","valueRequired":true,"valueName":"search_term_string"}}],"inLanguage":"es"},{"@type":"Organization","@id":"https:\/\/www.aquimicasa.net\/blog\/#organization","name":"Blog de aquimicasa.net","url":"https:\/\/www.aquimicasa.net\/blog\/","logo":{"@type":"ImageObject","inLanguage":"es","@id":"https:\/\/www.aquimicasa.net\/blog\/#\/schema\/logo\/image\/","url":"https:\/\/www.aquimicasa.net\/blog\/wp-content\/uploads\/Logo-aquimicasa-1-e1528048213782.png","contentUrl":"https:\/\/www.aquimicasa.net\/blog\/wp-content\/uploads\/Logo-aquimicasa-1-e1528048213782.png","width":225,"height":225,"caption":"Blog de aquimicasa.net"},"image":{"@id":"https:\/\/www.aquimicasa.net\/blog\/#\/schema\/logo\/image\/"},"sameAs":["https:\/\/www.facebook.com\/aquimicasa.net","https:\/\/www.instagram.com\/","https:\/\/x.com\/EduLizarragaD","https:\/\/www.linkedin.com\/feed\/"]},{"@type":"Person","@id":"https:\/\/www.aquimicasa.net\/blog\/#\/schema\/person\/2cdfa2605534583395c8d7ce1d6cac14","name":"Eduardo Lizarraga","image":{"@type":"ImageObject","inLanguage":"es","@id":"https:\/\/secure.gravatar.com\/avatar\/bdabe1eeeed97b65a9cb7de2edd624b07995f7e13abc5fead15961f745f908cc?s=96&d=mm&r=g","url":"https:\/\/secure.gravatar.com\/avatar\/bdabe1eeeed97b65a9cb7de2edd624b07995f7e13abc5fead15961f745f908cc?s=96&d=mm&r=g","contentUrl":"https:\/\/secure.gravatar.com\/avatar\/bdabe1eeeed97b65a9cb7de2edd624b07995f7e13abc5fead15961f745f908cc?s=96&d=mm&r=g","caption":"Eduardo Lizarraga"},"description":"Periodista Econ\u00f3mico. Ha trabajado en diversos campos de la informaci\u00f3n. Corresponsal en conflictos, analista pol\u00edtico en Congreso y Senado, periodista del medio ambiente, editor, director editorial, director de comunicaci\u00f3n.... En estos momentos se ha especializado en el sector inmobiliario. Pero tambi\u00e9n es navegante y viajero, preocupado por la pobreza, el medio ambiente y por las actuaciones descontroladas del neoliberalismo empresarial y pol\u00edtico en todo el mundo. Los desahucios, la pobreza infantil y la falta de acceso a los suministros b\u00e1sicos son algunos de los grandes dramas de nuestra sociedad y que es preciso solucionar para hacerla m\u00e1s justa. CEO en www.aquimicasa.net","sameAs":["https:\/\/www.aquimicasa.net\/"],"url":"https:\/\/www.aquimicasa.net\/blog\/author\/eduardo\/"}]}},"jetpack_publicize_connections":[],"jetpack_featured_media_url":"https:\/\/www.aquimicasa.net\/blog\/wp-content\/uploads\/Casitas1-2-e1675886105887.jpg","jetpack_sharing_enabled":true,"jetpack_likes_enabled":true,"_links":{"self":[{"href":"https:\/\/www.aquimicasa.net\/blog\/wp-json\/wp\/v2\/posts\/43548","targetHints":{"allow":["GET"]}}],"collection":[{"href":"https:\/\/www.aquimicasa.net\/blog\/wp-json\/wp\/v2\/posts"}],"about":[{"href":"https:\/\/www.aquimicasa.net\/blog\/wp-json\/wp\/v2\/types\/post"}],"author":[{"embeddable":true,"href":"https:\/\/www.aquimicasa.net\/blog\/wp-json\/wp\/v2\/users\/3"}],"replies":[{"embeddable":true,"href":"https:\/\/www.aquimicasa.net\/blog\/wp-json\/wp\/v2\/comments?post=43548"}],"version-history":[{"count":3,"href":"https:\/\/www.aquimicasa.net\/blog\/wp-json\/wp\/v2\/posts\/43548\/revisions"}],"predecessor-version":[{"id":43551,"href":"https:\/\/www.aquimicasa.net\/blog\/wp-json\/wp\/v2\/posts\/43548\/revisions\/43551"}],"wp:featuredmedia":[{"embeddable":true,"href":"https:\/\/www.aquimicasa.net\/blog\/wp-json\/wp\/v2\/media\/42725"}],"wp:attachment":[{"href":"https:\/\/www.aquimicasa.net\/blog\/wp-json\/wp\/v2\/media?parent=43548"}],"wp:term":[{"taxonomy":"category","embeddable":true,"href":"https:\/\/www.aquimicasa.net\/blog\/wp-json\/wp\/v2\/categories?post=43548"},{"taxonomy":"post_tag","embeddable":true,"href":"https:\/\/www.aquimicasa.net\/blog\/wp-json\/wp\/v2\/tags?post=43548"}],"curies":[{"name":"wp","href":"https:\/\/api.w.org\/{rel}","templated":true}]}}