{"id":43584,"date":"2023-03-13T23:08:22","date_gmt":"2023-03-13T22:08:22","guid":{"rendered":"https:\/\/www.aquimicasa.net\/blog\/?p=43584"},"modified":"2023-03-13T23:08:22","modified_gmt":"2023-03-13T22:08:22","slug":"el-irph-continua-vivo-en-europa-y-el-tjue-habla-de-nuevo","status":"publish","type":"post","link":"https:\/\/www.aquimicasa.net\/blog\/justicia\/tribunal-supremo\/el-irph-continua-vivo-en-europa-y-el-tjue-habla-de-nuevo\/","title":{"rendered":"El IRPH contin\u00faa vivo en Europa y el TJUE habla de nuevo"},"content":{"rendered":"<div class=\"fusion-fullwidth fullwidth-box fusion-builder-row-1 fusion-flex-container nonhundred-percent-fullwidth non-hundred-percent-height-scrolling\" style=\"background-color: rgba(255,255,255,0);background-position: center center;background-repeat: no-repeat;border-width: 0px 0px 0px 0px;border-color:#eae9e9;border-style:solid;\" ><div class=\"fusion-builder-row fusion-row fusion-flex-align-items-flex-start\" style=\"max-width:1144px;margin-left: calc(-4% \/ 2 );margin-right: calc(-4% \/ 2 );\"><div class=\"fusion-layout-column fusion_builder_column fusion-builder-column-0 fusion_builder_column_1_1 1_1 fusion-flex-column\"><div class=\"fusion-column-wrapper fusion-flex-justify-content-flex-start fusion-content-layout-column\" style=\"background-position:left top;background-repeat:no-repeat;-webkit-background-size:cover;-moz-background-size:cover;-o-background-size:cover;background-size:cover;padding: 0px 0px 0px 0px;\"><div class=\"fusion-text fusion-text-1\"><p>El <strong>Tribunal de Justicia de la Uni\u00f3n Europea (TJUE)<\/strong> ha vuelto a pronunciarse a favor de los <strong>clientes bancarios<\/strong> y en contra de estas entidades financieras y las sentencias que les protegen en Espa\u00f1a. En concreto el TJUE se pronuncia manteniendo su postura: los bancos debieron informar a los clientes sobre las consecuencias econ\u00f3micas del IRPH y el los jueces nacionales deben estudiar en cada caso si hubo buena fe por parte del banco. Y el problema no es peque\u00f1o, ya que afecta a un millon de familias en Espa\u00f1a.,<\/p>\n<p>Y por esta vez son muy concretos,o quieren serlo, tal vez para evitar nuevas manipulaciones en sus declaraciones y pronunciamientos.\u00a0 Acerca de la transparencia en la inclusi\u00f3n de la cl\u00e1usula IRPH, el TJUE reitera que <strong>el cliente debe disponer de informaci\u00f3n suficiente y clara<\/strong> que le permita comprender las condiciones y consecuencias econ\u00f3micas del \u00edndice. Y el juez debe valorar, contin\u00faa el TJUE, si el banco actu\u00f3 con buena fe al elegir el IRPH y <strong>no existi\u00f3 desequilibrio<\/strong> en esta elecci\u00f3n con el cliente.<\/p>\n<p>El <strong>IRPH o \u00cdndice de Referencia de Pr\u00e9stamos Hipotecarios<\/strong>, confeccionado por el Banco de Espa\u00f1a, es uno de los tipos de inter\u00e9s m\u00e1s utilizados en nuestro pa\u00eds junto con el Euribor. Las hipotecas referenciadas a este \u00edndice poseen un tipo de inter\u00e9s muy elevado que se extrae haciendo una media de los intereses aplicados por cajas de ahorro y bancos debido a que llevan impl\u00edcitos los gastos. Por eso son <strong>siempre m\u00e1s elevados que el eur\u00edbo<\/strong>r.<\/p>\n<p>Numerosas sentencias aclaran que hubo <strong>falta de transparencia y abusividad<\/strong> en su comercializaci\u00f3n por parte de los bancos. Esta es la clave a la que ha dado respuesta el Tribunal europeo a trav\u00e9s de un Auto.<\/p>\n<p>La reciente nueva toma de posici\u00f3n del TJUE tiene su origen en el pasado a\u00f1o 2022, cuando la Magistrada del Juzgado de Primera Instancia N\u00ba 17 de Palma de Mallorca, <strong>Isabel Poveda<\/strong>,\u00a0 elev\u00f3 2 cuestiones prejudiciales a Europa sobre el IRPH, en la primera preguntaba si las pr\u00e1cticas bancarias que eran habituales al imponer el IRPH como: falta de informaci\u00f3n, no imponer un diferencial negativo al IRPH, etc., determinaban una <strong>mala fe del banco<\/strong> y un <strong>desequilibrio en contra del consumido<\/strong>r.<\/p>\n<p>De la segunda cuesti\u00f3n prejudicial sobre IRPH que elev\u00f3 la Magistrada de Palma de Mallorca se celebrar\u00e1 la vista el pr\u00f3ximo 16 de marzo, posteriormente hay que esperar la sentencia.<\/p>\n<h2>\u00bfQu\u00e9 dice ahora el TJUE sobre el IRPH?<\/h2>\n<p>El actual Auto ( que reproduce lo dicho por el TJUE a finales de 2021 sobre el IRPH dando respuesta a las 2 cuestiones prejudiciales que se elevaron en 2020 por un juzgado de Ibiza y otro de Barcelona), resuelve <strong>cuestiones relacionadas con transparencia, buena fe y desequilibrio<\/strong>, dando respuestas que le sirven a los jueces para aplicarlas a su caso y resolver.<\/p>\n<p>La\u00a0problem\u00e1tica actual del IRPH\u00a0se centra en que nuestro\u00a0Tribunal Supremo reconoce que la cl\u00e1usula del IRPH es no transparente\u00a0pero, a pesar de ello, no es abusiva y por tanto <strong>no es nula<\/strong>.<\/p>\n<p>La Magistrada de Palma de Mallorca planteaba si el art. 83 de la RDL 1\/2007 de Consumidores y Usuarios (en vigor desde marzo 2019) que dice que la transparencia = abusividad debe ser la figura que se mantenga.\u00a0 \u201cLas condiciones incorporadas de modo no transparente en los contratos en perjuicio de los consumidores <strong>ser\u00e1n nulas de pleno derecho<\/strong>\u201d, y por lo tanto debe inspirar la decisi\u00f3n de los jueces aunque no pueda aplicarse por irretroactividad. Y sobre la sustituci\u00f3n del IRPH por otro \u00edndice una vez que es declarado nulo, seg\u00fan Europa el juez nacional valorar\u00e1 lo siguiente:<\/p>\n<p>1\u00ba.- si el contrato puede mantenerse sin el IRPH.<\/p>\n<p>2\u00ba.- Si no puede mantenerse, <strong>se preguntar\u00e1 al consumidor<\/strong> si prefiere nulidad del contrato o sustituir la cl\u00e1usula IPRH por otro \u00edndice.<\/p>\n<p>3\u00ba.- Si opta por la sustituci\u00f3n del IRPH por otro \u00edndice <strong>se decidir\u00e1 el nuevo \u00edndice por acuerdo entre las partes<\/strong> y, si no, decidir\u00e1 el juez.<\/p>\n<p>En cuanto a la transparencia, el TJUE reitera lo ya dicho en su Autos del 2021 y es que no es obligatorio que el banco entregue la evoluci\u00f3n previa del IRPH los 2 a\u00f1os anteriores, ni que lo compare con otros \u00edndices, siempre <strong>que el cliente comprenda<\/strong> el alcance y consecuencias del IRPH por otros medios como son: la informaci\u00f3n publicada sobre el IRPH en el BOE u otro tipo de informaci\u00f3n trasladada por el banco al cliente.<\/p>\n<p>Acerca de la\u00a0<strong>buena fe y desequilibrio<\/strong>\u00a0importante (que determinan la abusividad y la nulidad): reitera lo ya dicho tambi\u00e9n en los Autos previos del IRPH de 2021. Es m\u00e1s, aclara que <strong>no hay que probar la mala fe bancaria para llegar a la abusividad<\/strong>, si no que el juez debe valorar si el banco actu\u00f3 con buena fe al elegir un \u00edndice oficial sin aportar ning\u00fan tipo de informaci\u00f3n previa al consumidor sobre el IRPH y, por tanto, dicha la cl\u00e1usula gener\u00f3 desequilibrio en los derechos de las partes.<\/p>\n<p>La siguiente cuesti\u00f3n prejudicial elevada a Europa sobre el IRPH, celebrar\u00e1 su vista el pr\u00f3ximo 16 de marzo y en Arriaga y Asociados conf\u00edan que traiga m\u00e1s y mejores novedades para la defensa de los afectados por el IRPH. Adem\u00e1s, existe una tercera cuesti\u00f3n planteada recientemente por el Juzgado de Donostia. Por lo que el IRPH sigue muy vivo en Europa.<\/p>\n<\/div><\/div><style type=\"text\/css\">.fusion-body .fusion-builder-column-0{width:100% !important;margin-top : 0px;margin-bottom : 0px;}.fusion-builder-column-0 > .fusion-column-wrapper {padding-top : 0px !important;padding-right : 0px !important;margin-right : 1.92%;padding-bottom : 0px !important;padding-left : 0px !important;margin-left : 1.92%;}@media only screen and (max-width:1024px) {.fusion-body .fusion-builder-column-0{width:100% !important;}.fusion-builder-column-0 > .fusion-column-wrapper {margin-right : 1.92%;margin-left : 1.92%;}}@media only screen and (max-width:640px) {.fusion-body .fusion-builder-column-0{width:100% !important;}.fusion-builder-column-0 > .fusion-column-wrapper {margin-right : 1.92%;margin-left : 1.92%;}}<\/style><\/div><\/div><style type=\"text\/css\">.fusion-body .fusion-flex-container.fusion-builder-row-1{ padding-top : 0px;margin-top : 0px;padding-right : 0px;padding-bottom : 0px;margin-bottom : 0px;padding-left : 0px;}<\/style><\/div>\n","protected":false},"excerpt":{"rendered":"<p>El TJUE reitera que el cliente debe disponer de informaci\u00f3n suficiente y clara que le permita comprender las condiciones y consecuencias econ\u00f3micas del \u00edndice. Y el juez debe valorar, contin\u00faa el TJUE, si el banco actu\u00f3 con buena fe al elegir el IRPH y no existi\u00f3 desequilibrio en esta elecci\u00f3n con el cliente.<\/p>\n","protected":false},"author":3,"featured_media":12482,"comment_status":"open","ping_status":"closed","sticky":false,"template":"","format":"standard","meta":{"_jetpack_memberships_contains_paid_content":false,"footnotes":"","jetpack_publicize_message":"","jetpack_publicize_feature_enabled":true,"jetpack_social_post_already_shared":false,"jetpack_social_options":{"image_generator_settings":{"template":"highway","default_image_id":0,"font":"","enabled":false},"version":2}},"categories":[7559],"tags":[8089,7568],"class_list":["post-43584","post","type-post","status-publish","format-standard","has-post-thumbnail","hentry","category-tribunal-supremo","tag-newsletter-400","tag-noticia-de-portada"],"yoast_head":"<!-- This site is optimized with the Yoast SEO plugin v27.5 - https:\/\/yoast.com\/product\/yoast-seo-wordpress\/ -->\n<title>El IRPH contin\u00faa vivo en Europa y el TJUE habla de nuevo<\/title>\n<meta name=\"description\" content=\"Numerosas sentencias aclaran que hubo falta de transparencia y abusividad en su comercializaci\u00f3n por parte de los bancos.\" \/>\n<meta name=\"robots\" content=\"index, follow, max-snippet:-1, max-image-preview:large, max-video-preview:-1\" \/>\n<link rel=\"canonical\" href=\"https:\/\/www.aquimicasa.net\/blog\/justicia\/tribunal-supremo\/el-irph-continua-vivo-en-europa-y-el-tjue-habla-de-nuevo\/\" \/>\n<meta property=\"og:locale\" content=\"es_ES\" \/>\n<meta property=\"og:type\" content=\"article\" \/>\n<meta property=\"og:title\" content=\"El IRPH contin\u00faa vivo en Europa y el TJUE habla de nuevo\" \/>\n<meta property=\"og:description\" content=\"Numerosas sentencias aclaran que hubo falta de transparencia y abusividad en su comercializaci\u00f3n por parte de los bancos.\" \/>\n<meta property=\"og:url\" content=\"https:\/\/www.aquimicasa.net\/blog\/justicia\/tribunal-supremo\/el-irph-continua-vivo-en-europa-y-el-tjue-habla-de-nuevo\/\" \/>\n<meta property=\"og:site_name\" content=\"Blog de aquimicasa.net\" \/>\n<meta property=\"article:publisher\" content=\"https:\/\/www.facebook.com\/aquimicasa.net\" \/>\n<meta property=\"article:published_time\" content=\"2023-03-13T22:08:22+00:00\" \/>\n<meta property=\"og:image\" content=\"https:\/\/www.aquimicasa.net\/blog\/wp-content\/uploads\/IRPH.jpg\" \/>\n\t<meta property=\"og:image:width\" content=\"206\" \/>\n\t<meta property=\"og:image:height\" content=\"206\" \/>\n\t<meta property=\"og:image:type\" content=\"image\/jpeg\" \/>\n<meta name=\"author\" content=\"Eduardo Lizarraga\" \/>\n<meta name=\"twitter:label1\" content=\"Escrito por\" \/>\n\t<meta name=\"twitter:data1\" content=\"Eduardo Lizarraga\" \/>\n\t<meta name=\"twitter:label2\" content=\"Tiempo de lectura\" \/>\n\t<meta name=\"twitter:data2\" content=\"5 minutos\" \/>\n<script type=\"application\/ld+json\" class=\"yoast-schema-graph\">{\"@context\":\"https:\\\/\\\/schema.org\",\"@graph\":[{\"@type\":\"Article\",\"@id\":\"https:\\\/\\\/www.aquimicasa.net\\\/blog\\\/justicia\\\/tribunal-supremo\\\/el-irph-continua-vivo-en-europa-y-el-tjue-habla-de-nuevo\\\/#article\",\"isPartOf\":{\"@id\":\"https:\\\/\\\/www.aquimicasa.net\\\/blog\\\/justicia\\\/tribunal-supremo\\\/el-irph-continua-vivo-en-europa-y-el-tjue-habla-de-nuevo\\\/\"},\"author\":{\"name\":\"Eduardo Lizarraga\",\"@id\":\"https:\\\/\\\/www.aquimicasa.net\\\/blog\\\/#\\\/schema\\\/person\\\/2cdfa2605534583395c8d7ce1d6cac14\"},\"headline\":\"El IRPH contin\u00faa vivo en Europa y el TJUE habla de nuevo\",\"datePublished\":\"2023-03-13T22:08:22+00:00\",\"mainEntityOfPage\":{\"@id\":\"https:\\\/\\\/www.aquimicasa.net\\\/blog\\\/justicia\\\/tribunal-supremo\\\/el-irph-continua-vivo-en-europa-y-el-tjue-habla-de-nuevo\\\/\"},\"wordCount\":1176,\"commentCount\":0,\"publisher\":{\"@id\":\"https:\\\/\\\/www.aquimicasa.net\\\/blog\\\/#organization\"},\"image\":{\"@id\":\"https:\\\/\\\/www.aquimicasa.net\\\/blog\\\/justicia\\\/tribunal-supremo\\\/el-irph-continua-vivo-en-europa-y-el-tjue-habla-de-nuevo\\\/#primaryimage\"},\"thumbnailUrl\":\"https:\\\/\\\/www.aquimicasa.net\\\/blog\\\/wp-content\\\/uploads\\\/IRPH.jpg\",\"keywords\":[\"newsletter 400\",\"noticia de portada\"],\"articleSection\":[\"Tribunal Supremo\"],\"inLanguage\":\"es\",\"potentialAction\":[{\"@type\":\"CommentAction\",\"name\":\"Comment\",\"target\":[\"https:\\\/\\\/www.aquimicasa.net\\\/blog\\\/justicia\\\/tribunal-supremo\\\/el-irph-continua-vivo-en-europa-y-el-tjue-habla-de-nuevo\\\/#respond\"]}]},{\"@type\":\"WebPage\",\"@id\":\"https:\\\/\\\/www.aquimicasa.net\\\/blog\\\/justicia\\\/tribunal-supremo\\\/el-irph-continua-vivo-en-europa-y-el-tjue-habla-de-nuevo\\\/\",\"url\":\"https:\\\/\\\/www.aquimicasa.net\\\/blog\\\/justicia\\\/tribunal-supremo\\\/el-irph-continua-vivo-en-europa-y-el-tjue-habla-de-nuevo\\\/\",\"name\":\"El IRPH contin\u00faa vivo en Europa y el TJUE habla de nuevo\",\"isPartOf\":{\"@id\":\"https:\\\/\\\/www.aquimicasa.net\\\/blog\\\/#website\"},\"primaryImageOfPage\":{\"@id\":\"https:\\\/\\\/www.aquimicasa.net\\\/blog\\\/justicia\\\/tribunal-supremo\\\/el-irph-continua-vivo-en-europa-y-el-tjue-habla-de-nuevo\\\/#primaryimage\"},\"image\":{\"@id\":\"https:\\\/\\\/www.aquimicasa.net\\\/blog\\\/justicia\\\/tribunal-supremo\\\/el-irph-continua-vivo-en-europa-y-el-tjue-habla-de-nuevo\\\/#primaryimage\"},\"thumbnailUrl\":\"https:\\\/\\\/www.aquimicasa.net\\\/blog\\\/wp-content\\\/uploads\\\/IRPH.jpg\",\"datePublished\":\"2023-03-13T22:08:22+00:00\",\"description\":\"Numerosas sentencias aclaran que hubo falta de transparencia y abusividad en su comercializaci\u00f3n por parte de los bancos.\",\"breadcrumb\":{\"@id\":\"https:\\\/\\\/www.aquimicasa.net\\\/blog\\\/justicia\\\/tribunal-supremo\\\/el-irph-continua-vivo-en-europa-y-el-tjue-habla-de-nuevo\\\/#breadcrumb\"},\"inLanguage\":\"es\",\"potentialAction\":[{\"@type\":\"ReadAction\",\"target\":[\"https:\\\/\\\/www.aquimicasa.net\\\/blog\\\/justicia\\\/tribunal-supremo\\\/el-irph-continua-vivo-en-europa-y-el-tjue-habla-de-nuevo\\\/\"]}]},{\"@type\":\"ImageObject\",\"inLanguage\":\"es\",\"@id\":\"https:\\\/\\\/www.aquimicasa.net\\\/blog\\\/justicia\\\/tribunal-supremo\\\/el-irph-continua-vivo-en-europa-y-el-tjue-habla-de-nuevo\\\/#primaryimage\",\"url\":\"https:\\\/\\\/www.aquimicasa.net\\\/blog\\\/wp-content\\\/uploads\\\/IRPH.jpg\",\"contentUrl\":\"https:\\\/\\\/www.aquimicasa.net\\\/blog\\\/wp-content\\\/uploads\\\/IRPH.jpg\",\"width\":206,\"height\":206,\"caption\":\"Arriaga se querella contra la Audiencia de Baleares por prevaricaci\u00f3n\"},{\"@type\":\"BreadcrumbList\",\"@id\":\"https:\\\/\\\/www.aquimicasa.net\\\/blog\\\/justicia\\\/tribunal-supremo\\\/el-irph-continua-vivo-en-europa-y-el-tjue-habla-de-nuevo\\\/#breadcrumb\",\"itemListElement\":[{\"@type\":\"ListItem\",\"position\":1,\"name\":\"Portada\",\"item\":\"https:\\\/\\\/www.aquimicasa.net\\\/blog\\\/\"},{\"@type\":\"ListItem\",\"position\":2,\"name\":\"El IRPH contin\u00faa vivo en Europa y el TJUE habla de nuevo\"}]},{\"@type\":\"WebSite\",\"@id\":\"https:\\\/\\\/www.aquimicasa.net\\\/blog\\\/#website\",\"url\":\"https:\\\/\\\/www.aquimicasa.net\\\/blog\\\/\",\"name\":\"Blog de aquimicasa.net\",\"description\":\"Noticias del Mundo Inmobiliario\",\"publisher\":{\"@id\":\"https:\\\/\\\/www.aquimicasa.net\\\/blog\\\/#organization\"},\"potentialAction\":[{\"@type\":\"SearchAction\",\"target\":{\"@type\":\"EntryPoint\",\"urlTemplate\":\"https:\\\/\\\/www.aquimicasa.net\\\/blog\\\/?s={search_term_string}\"},\"query-input\":{\"@type\":\"PropertyValueSpecification\",\"valueRequired\":true,\"valueName\":\"search_term_string\"}}],\"inLanguage\":\"es\"},{\"@type\":\"Organization\",\"@id\":\"https:\\\/\\\/www.aquimicasa.net\\\/blog\\\/#organization\",\"name\":\"Blog de aquimicasa.net\",\"url\":\"https:\\\/\\\/www.aquimicasa.net\\\/blog\\\/\",\"logo\":{\"@type\":\"ImageObject\",\"inLanguage\":\"es\",\"@id\":\"https:\\\/\\\/www.aquimicasa.net\\\/blog\\\/#\\\/schema\\\/logo\\\/image\\\/\",\"url\":\"https:\\\/\\\/www.aquimicasa.net\\\/blog\\\/wp-content\\\/uploads\\\/Logo-aquimicasa-1-e1528048213782.png\",\"contentUrl\":\"https:\\\/\\\/www.aquimicasa.net\\\/blog\\\/wp-content\\\/uploads\\\/Logo-aquimicasa-1-e1528048213782.png\",\"width\":225,\"height\":225,\"caption\":\"Blog de aquimicasa.net\"},\"image\":{\"@id\":\"https:\\\/\\\/www.aquimicasa.net\\\/blog\\\/#\\\/schema\\\/logo\\\/image\\\/\"},\"sameAs\":[\"https:\\\/\\\/www.facebook.com\\\/aquimicasa.net\",\"https:\\\/\\\/www.instagram.com\\\/\",\"https:\\\/\\\/x.com\\\/EduLizarragaD\",\"https:\\\/\\\/www.linkedin.com\\\/feed\\\/\"]},{\"@type\":\"Person\",\"@id\":\"https:\\\/\\\/www.aquimicasa.net\\\/blog\\\/#\\\/schema\\\/person\\\/2cdfa2605534583395c8d7ce1d6cac14\",\"name\":\"Eduardo Lizarraga\",\"image\":{\"@type\":\"ImageObject\",\"inLanguage\":\"es\",\"@id\":\"https:\\\/\\\/secure.gravatar.com\\\/avatar\\\/bdabe1eeeed97b65a9cb7de2edd624b07995f7e13abc5fead15961f745f908cc?s=96&d=mm&r=g\",\"url\":\"https:\\\/\\\/secure.gravatar.com\\\/avatar\\\/bdabe1eeeed97b65a9cb7de2edd624b07995f7e13abc5fead15961f745f908cc?s=96&d=mm&r=g\",\"contentUrl\":\"https:\\\/\\\/secure.gravatar.com\\\/avatar\\\/bdabe1eeeed97b65a9cb7de2edd624b07995f7e13abc5fead15961f745f908cc?s=96&d=mm&r=g\",\"caption\":\"Eduardo Lizarraga\"},\"description\":\"Periodista Econ\u00f3mico. Ha trabajado en diversos campos de la informaci\u00f3n. Corresponsal en conflictos, analista pol\u00edtico en Congreso y Senado, periodista del medio ambiente, editor, director editorial, director de comunicaci\u00f3n.... En estos momentos se ha especializado en el sector inmobiliario. Pero tambi\u00e9n es navegante y viajero, preocupado por la pobreza, el medio ambiente y por las actuaciones descontroladas del neoliberalismo empresarial y pol\u00edtico en todo el mundo. Los desahucios, la pobreza infantil y la falta de acceso a los suministros b\u00e1sicos son algunos de los grandes dramas de nuestra sociedad y que es preciso solucionar para hacerla m\u00e1s justa. CEO en www.aquimicasa.net\",\"sameAs\":[\"https:\\\/\\\/www.aquimicasa.net\\\/\"],\"url\":\"https:\\\/\\\/www.aquimicasa.net\\\/blog\\\/author\\\/eduardo\\\/\"}]}<\/script>\n<!-- \/ Yoast SEO plugin. -->","yoast_head_json":{"title":"El IRPH contin\u00faa vivo en Europa y el TJUE habla de nuevo","description":"Numerosas sentencias aclaran que hubo falta de transparencia y abusividad en su comercializaci\u00f3n por parte de los bancos.","robots":{"index":"index","follow":"follow","max-snippet":"max-snippet:-1","max-image-preview":"max-image-preview:large","max-video-preview":"max-video-preview:-1"},"canonical":"https:\/\/www.aquimicasa.net\/blog\/justicia\/tribunal-supremo\/el-irph-continua-vivo-en-europa-y-el-tjue-habla-de-nuevo\/","og_locale":"es_ES","og_type":"article","og_title":"El IRPH contin\u00faa vivo en Europa y el TJUE habla de nuevo","og_description":"Numerosas sentencias aclaran que hubo falta de transparencia y abusividad en su comercializaci\u00f3n por parte de los bancos.","og_url":"https:\/\/www.aquimicasa.net\/blog\/justicia\/tribunal-supremo\/el-irph-continua-vivo-en-europa-y-el-tjue-habla-de-nuevo\/","og_site_name":"Blog de aquimicasa.net","article_publisher":"https:\/\/www.facebook.com\/aquimicasa.net","article_published_time":"2023-03-13T22:08:22+00:00","og_image":[{"width":206,"height":206,"url":"https:\/\/www.aquimicasa.net\/blog\/wp-content\/uploads\/IRPH.jpg","type":"image\/jpeg"}],"author":"Eduardo Lizarraga","twitter_misc":{"Escrito por":"Eduardo Lizarraga","Tiempo de lectura":"5 minutos"},"schema":{"@context":"https:\/\/schema.org","@graph":[{"@type":"Article","@id":"https:\/\/www.aquimicasa.net\/blog\/justicia\/tribunal-supremo\/el-irph-continua-vivo-en-europa-y-el-tjue-habla-de-nuevo\/#article","isPartOf":{"@id":"https:\/\/www.aquimicasa.net\/blog\/justicia\/tribunal-supremo\/el-irph-continua-vivo-en-europa-y-el-tjue-habla-de-nuevo\/"},"author":{"name":"Eduardo Lizarraga","@id":"https:\/\/www.aquimicasa.net\/blog\/#\/schema\/person\/2cdfa2605534583395c8d7ce1d6cac14"},"headline":"El IRPH contin\u00faa vivo en Europa y el TJUE habla de nuevo","datePublished":"2023-03-13T22:08:22+00:00","mainEntityOfPage":{"@id":"https:\/\/www.aquimicasa.net\/blog\/justicia\/tribunal-supremo\/el-irph-continua-vivo-en-europa-y-el-tjue-habla-de-nuevo\/"},"wordCount":1176,"commentCount":0,"publisher":{"@id":"https:\/\/www.aquimicasa.net\/blog\/#organization"},"image":{"@id":"https:\/\/www.aquimicasa.net\/blog\/justicia\/tribunal-supremo\/el-irph-continua-vivo-en-europa-y-el-tjue-habla-de-nuevo\/#primaryimage"},"thumbnailUrl":"https:\/\/www.aquimicasa.net\/blog\/wp-content\/uploads\/IRPH.jpg","keywords":["newsletter 400","noticia de portada"],"articleSection":["Tribunal Supremo"],"inLanguage":"es","potentialAction":[{"@type":"CommentAction","name":"Comment","target":["https:\/\/www.aquimicasa.net\/blog\/justicia\/tribunal-supremo\/el-irph-continua-vivo-en-europa-y-el-tjue-habla-de-nuevo\/#respond"]}]},{"@type":"WebPage","@id":"https:\/\/www.aquimicasa.net\/blog\/justicia\/tribunal-supremo\/el-irph-continua-vivo-en-europa-y-el-tjue-habla-de-nuevo\/","url":"https:\/\/www.aquimicasa.net\/blog\/justicia\/tribunal-supremo\/el-irph-continua-vivo-en-europa-y-el-tjue-habla-de-nuevo\/","name":"El IRPH contin\u00faa vivo en Europa y el TJUE habla de nuevo","isPartOf":{"@id":"https:\/\/www.aquimicasa.net\/blog\/#website"},"primaryImageOfPage":{"@id":"https:\/\/www.aquimicasa.net\/blog\/justicia\/tribunal-supremo\/el-irph-continua-vivo-en-europa-y-el-tjue-habla-de-nuevo\/#primaryimage"},"image":{"@id":"https:\/\/www.aquimicasa.net\/blog\/justicia\/tribunal-supremo\/el-irph-continua-vivo-en-europa-y-el-tjue-habla-de-nuevo\/#primaryimage"},"thumbnailUrl":"https:\/\/www.aquimicasa.net\/blog\/wp-content\/uploads\/IRPH.jpg","datePublished":"2023-03-13T22:08:22+00:00","description":"Numerosas sentencias aclaran que hubo falta de transparencia y abusividad en su comercializaci\u00f3n por parte de los bancos.","breadcrumb":{"@id":"https:\/\/www.aquimicasa.net\/blog\/justicia\/tribunal-supremo\/el-irph-continua-vivo-en-europa-y-el-tjue-habla-de-nuevo\/#breadcrumb"},"inLanguage":"es","potentialAction":[{"@type":"ReadAction","target":["https:\/\/www.aquimicasa.net\/blog\/justicia\/tribunal-supremo\/el-irph-continua-vivo-en-europa-y-el-tjue-habla-de-nuevo\/"]}]},{"@type":"ImageObject","inLanguage":"es","@id":"https:\/\/www.aquimicasa.net\/blog\/justicia\/tribunal-supremo\/el-irph-continua-vivo-en-europa-y-el-tjue-habla-de-nuevo\/#primaryimage","url":"https:\/\/www.aquimicasa.net\/blog\/wp-content\/uploads\/IRPH.jpg","contentUrl":"https:\/\/www.aquimicasa.net\/blog\/wp-content\/uploads\/IRPH.jpg","width":206,"height":206,"caption":"Arriaga se querella contra la Audiencia de Baleares por prevaricaci\u00f3n"},{"@type":"BreadcrumbList","@id":"https:\/\/www.aquimicasa.net\/blog\/justicia\/tribunal-supremo\/el-irph-continua-vivo-en-europa-y-el-tjue-habla-de-nuevo\/#breadcrumb","itemListElement":[{"@type":"ListItem","position":1,"name":"Portada","item":"https:\/\/www.aquimicasa.net\/blog\/"},{"@type":"ListItem","position":2,"name":"El IRPH contin\u00faa vivo en Europa y el TJUE habla de nuevo"}]},{"@type":"WebSite","@id":"https:\/\/www.aquimicasa.net\/blog\/#website","url":"https:\/\/www.aquimicasa.net\/blog\/","name":"Blog de aquimicasa.net","description":"Noticias del Mundo Inmobiliario","publisher":{"@id":"https:\/\/www.aquimicasa.net\/blog\/#organization"},"potentialAction":[{"@type":"SearchAction","target":{"@type":"EntryPoint","urlTemplate":"https:\/\/www.aquimicasa.net\/blog\/?s={search_term_string}"},"query-input":{"@type":"PropertyValueSpecification","valueRequired":true,"valueName":"search_term_string"}}],"inLanguage":"es"},{"@type":"Organization","@id":"https:\/\/www.aquimicasa.net\/blog\/#organization","name":"Blog de aquimicasa.net","url":"https:\/\/www.aquimicasa.net\/blog\/","logo":{"@type":"ImageObject","inLanguage":"es","@id":"https:\/\/www.aquimicasa.net\/blog\/#\/schema\/logo\/image\/","url":"https:\/\/www.aquimicasa.net\/blog\/wp-content\/uploads\/Logo-aquimicasa-1-e1528048213782.png","contentUrl":"https:\/\/www.aquimicasa.net\/blog\/wp-content\/uploads\/Logo-aquimicasa-1-e1528048213782.png","width":225,"height":225,"caption":"Blog de aquimicasa.net"},"image":{"@id":"https:\/\/www.aquimicasa.net\/blog\/#\/schema\/logo\/image\/"},"sameAs":["https:\/\/www.facebook.com\/aquimicasa.net","https:\/\/www.instagram.com\/","https:\/\/x.com\/EduLizarragaD","https:\/\/www.linkedin.com\/feed\/"]},{"@type":"Person","@id":"https:\/\/www.aquimicasa.net\/blog\/#\/schema\/person\/2cdfa2605534583395c8d7ce1d6cac14","name":"Eduardo Lizarraga","image":{"@type":"ImageObject","inLanguage":"es","@id":"https:\/\/secure.gravatar.com\/avatar\/bdabe1eeeed97b65a9cb7de2edd624b07995f7e13abc5fead15961f745f908cc?s=96&d=mm&r=g","url":"https:\/\/secure.gravatar.com\/avatar\/bdabe1eeeed97b65a9cb7de2edd624b07995f7e13abc5fead15961f745f908cc?s=96&d=mm&r=g","contentUrl":"https:\/\/secure.gravatar.com\/avatar\/bdabe1eeeed97b65a9cb7de2edd624b07995f7e13abc5fead15961f745f908cc?s=96&d=mm&r=g","caption":"Eduardo Lizarraga"},"description":"Periodista Econ\u00f3mico. Ha trabajado en diversos campos de la informaci\u00f3n. Corresponsal en conflictos, analista pol\u00edtico en Congreso y Senado, periodista del medio ambiente, editor, director editorial, director de comunicaci\u00f3n.... En estos momentos se ha especializado en el sector inmobiliario. Pero tambi\u00e9n es navegante y viajero, preocupado por la pobreza, el medio ambiente y por las actuaciones descontroladas del neoliberalismo empresarial y pol\u00edtico en todo el mundo. Los desahucios, la pobreza infantil y la falta de acceso a los suministros b\u00e1sicos son algunos de los grandes dramas de nuestra sociedad y que es preciso solucionar para hacerla m\u00e1s justa. CEO en www.aquimicasa.net","sameAs":["https:\/\/www.aquimicasa.net\/"],"url":"https:\/\/www.aquimicasa.net\/blog\/author\/eduardo\/"}]}},"jetpack_publicize_connections":[],"jetpack_featured_media_url":"https:\/\/www.aquimicasa.net\/blog\/wp-content\/uploads\/IRPH.jpg","jetpack_sharing_enabled":true,"jetpack_likes_enabled":true,"_links":{"self":[{"href":"https:\/\/www.aquimicasa.net\/blog\/wp-json\/wp\/v2\/posts\/43584","targetHints":{"allow":["GET"]}}],"collection":[{"href":"https:\/\/www.aquimicasa.net\/blog\/wp-json\/wp\/v2\/posts"}],"about":[{"href":"https:\/\/www.aquimicasa.net\/blog\/wp-json\/wp\/v2\/types\/post"}],"author":[{"embeddable":true,"href":"https:\/\/www.aquimicasa.net\/blog\/wp-json\/wp\/v2\/users\/3"}],"replies":[{"embeddable":true,"href":"https:\/\/www.aquimicasa.net\/blog\/wp-json\/wp\/v2\/comments?post=43584"}],"version-history":[{"count":2,"href":"https:\/\/www.aquimicasa.net\/blog\/wp-json\/wp\/v2\/posts\/43584\/revisions"}],"predecessor-version":[{"id":43632,"href":"https:\/\/www.aquimicasa.net\/blog\/wp-json\/wp\/v2\/posts\/43584\/revisions\/43632"}],"wp:featuredmedia":[{"embeddable":true,"href":"https:\/\/www.aquimicasa.net\/blog\/wp-json\/wp\/v2\/media\/12482"}],"wp:attachment":[{"href":"https:\/\/www.aquimicasa.net\/blog\/wp-json\/wp\/v2\/media?parent=43584"}],"wp:term":[{"taxonomy":"category","embeddable":true,"href":"https:\/\/www.aquimicasa.net\/blog\/wp-json\/wp\/v2\/categories?post=43584"},{"taxonomy":"post_tag","embeddable":true,"href":"https:\/\/www.aquimicasa.net\/blog\/wp-json\/wp\/v2\/tags?post=43584"}],"curies":[{"name":"wp","href":"https:\/\/api.w.org\/{rel}","templated":true}]}}