{"id":43960,"date":"2023-04-15T11:27:17","date_gmt":"2023-04-15T09:27:17","guid":{"rendered":"https:\/\/www.aquimicasa.net\/blog\/?p=43960"},"modified":"2023-04-15T11:27:17","modified_gmt":"2023-04-15T09:27:17","slug":"la-ralentizacion-del-mercado-inmobiliario-comienza-en-las-ciudades","status":"publish","type":"post","link":"https:\/\/www.aquimicasa.net\/blog\/vivienda\/compraventa-de-viviendas\/la-ralentizacion-del-mercado-inmobiliario-comienza-en-las-ciudades\/","title":{"rendered":"La ralentizaci\u00f3n del mercado inmobiliario comienza en las ciudades"},"content":{"rendered":"<div class=\"fusion-fullwidth fullwidth-box fusion-builder-row-1 fusion-flex-container nonhundred-percent-fullwidth non-hundred-percent-height-scrolling\" style=\"background-color: rgba(255,255,255,0);background-position: center center;background-repeat: no-repeat;border-width: 0px 0px 0px 0px;border-color:#eae9e9;border-style:solid;\" ><div class=\"fusion-builder-row fusion-row fusion-flex-align-items-flex-start\" style=\"max-width:1144px;margin-left: calc(-4% \/ 2 );margin-right: calc(-4% \/ 2 );\"><div class=\"fusion-layout-column fusion_builder_column fusion-builder-column-0 fusion_builder_column_1_1 1_1 fusion-flex-column\"><div class=\"fusion-column-wrapper fusion-flex-justify-content-flex-start fusion-content-layout-column\" style=\"background-position:left top;background-repeat:no-repeat;-webkit-background-size:cover;-moz-background-size:cover;-o-background-size:cover;background-size:cover;padding: 0px 0px 0px 0px;\"><div class=\"fusion-text fusion-text-1\"><p>El incremento del <strong>precio medio de la vivienda<\/strong> durante el primer trimestre del a\u00f1o, de acuerdo a los datos reflejados por la <strong>tasadora Tinsa<\/strong> en sus operaciones, ha sido del 0,9% respecto del trimestre anterior.<\/p>\n<p>Este dato supone una clara ralentizaci\u00f3n frente a los aumentos trimestrales del 2,2 % y del 2,1 % que se registraron en el cuarto y tercer trimestre de 2022, respectivamente. Se trata de la <strong>menor tasa de crecimiento trimestral<\/strong> desde el primer trimestre de 2021, hace dos a\u00f1os, justo despu\u00e9s del par\u00f3n inmobiliario provocado por la pandemia y sus restricciones.<\/p>\n<p>Con esta moderaci\u00f3n en el crecimiento, la vivienda es hoy un 6,4 % m\u00e1s cara que en el primer trimestre de 2022. La distancia respecto a los m\u00e1ximos de 2007 se sit\u00faa en un 20,8% (la vivienda es, en promedio, un 21% m\u00e1s barata que en 2007) y el incremento acumulado desde el m\u00ednimo tras la crisis financiera es del 34,2 % de media en Espa\u00f1a.<\/p>\n<h2>Situaci\u00f3n de los precios en las grandes ciudades<\/h2>\n<p>Una de las preguntas que surgen de forma inmediata, sobre todo sabiendo que lo acontecido en las ciudades suele marcar la tendencia posterior, son cu\u00e1les han sido los datos en los mercados locales.\u00a0 Y en este punto, Tinsa aporta unas estad\u00edsticas que ponen negro sobre blanco la <strong>ralentizaci\u00f3n del mercado inmobiliario<\/strong>. En tasa trimestral, siete capitales registran un leve retroceso porcentual y en otras 20 el incremento no alcanza el 1 %. Las ciudades de Madrid (+0,3 %) y Barcelona (-0,3 %) apenas movieron sus <strong>precios<\/strong> en los \u00faltimos tres meses, entre el cuarto trimestre de 2022 y el primero de 2023.<\/p>\n<p>La variaci\u00f3n trimestral supera el 2% solo en 9 capitales, en general asociadas a mercados de costa dinamizados por la <strong>actividad inversora<\/strong> ocasionada por el turismo, o en mercados de interior en los que las tendencias de la media nacional se reflejan de manera algo m\u00e1s tard\u00eda dado su menor dinamismo.<\/p>\n<p>Las capitales donde <strong>la vivienda sigui\u00f3 al alza<\/strong> de forma m\u00e1s marcada fueron Pamplona (+4,2 %), Lugo (4 %), Ciudad Real (3,9 %) y Santa Cruz de Tenerife (3,3 %). Tambi\u00e9n registraron aumentos superiores al 2 % en tasa trimestral, m\u00e1s moderados que en trimestres anteriores, en las ciudades de M\u00e1laga, Valencia, Almer\u00eda y Zamora. Tras la evoluci\u00f3n registrada en el primer trimestre, en M\u00e1laga y Valencia la vivienda nueva y usada es m\u00e1s de un 10 % m\u00e1s cara que hace un a\u00f1o. En C\u00e1diz, Santander y Zaragoza el aumento en los \u00faltimos 12 meses supera el 9 %. Es decir, el recorrido experimentado en los \u00faltimos meses explica que la diferencia todav\u00eda sea notable pese a los s\u00edntomas de ralentizaci\u00f3n.<\/p>\n<h3>Los descensos m\u00e1s acusados<\/h3>\n<p>Si miramos el extremo opuesto de la tabla y considerando que los ajustes son todav\u00eda moderados, los <strong>descensos trimestrales<\/strong> m\u00e1s acusados entre las capitales se localizan en Palencia y Teruel, en el entorno del 2 % de ca\u00edda, y tan solo unas d\u00e9cimas por debajo encontramos Le\u00f3n y Las Palmas de Gran Canaria. Zamora es la \u00fanica capital donde la vivienda es m\u00e1s barata en t\u00e9rminos anuales: un 1,2 % menos.<\/p>\n<p>Ampliando el foco de an\u00e1lisis residencial hasta el nivel provincial, la estad\u00edstica de Mercados Locales Tinsa refleja descensos trimestrales en diez provincias, trat\u00e1ndose en todos los casos, excepto en Teruel, de ca\u00eddas inferiores al 1 % respecto al trimestre anterior. Es el caso de las provincias de Palencia, Badajoz, Soria, Albacete o A Coru\u00f1a. En el extremo contrario, las mayores subidas en tasa trimestral correspondieron a las provincias de Navarra (+5,6 %), Ciudad Real (+4,8 %) y Santa Cruz de Tenerife (+3,8 %).<\/p>\n<\/div><\/div><style type=\"text\/css\">.fusion-body .fusion-builder-column-0{width:100% !important;margin-top : 0px;margin-bottom : 0px;}.fusion-builder-column-0 > .fusion-column-wrapper {padding-top : 0px !important;padding-right : 0px !important;margin-right : 1.92%;padding-bottom : 0px !important;padding-left : 0px !important;margin-left : 1.92%;}@media only screen and (max-width:1024px) {.fusion-body .fusion-builder-column-0{width:100% !important;}.fusion-builder-column-0 > .fusion-column-wrapper {margin-right : 1.92%;margin-left : 1.92%;}}@media only screen and (max-width:640px) {.fusion-body .fusion-builder-column-0{width:100% !important;}.fusion-builder-column-0 > .fusion-column-wrapper {margin-right : 1.92%;margin-left : 1.92%;}}<\/style><\/div><\/div><style type=\"text\/css\">.fusion-body .fusion-flex-container.fusion-builder-row-1{ padding-top : 0px;margin-top : 0px;padding-right : 0px;padding-bottom : 0px;margin-bottom : 0px;padding-left : 0px;}<\/style><\/div>\n","protected":false},"excerpt":{"rendered":"<p>La variaci\u00f3n trimestral supera el 2% solo en 9 capitales, en general asociadas a mercados de costa dinamizados por la actividad inversora ocasionada por el turismo, o en mercados de interior en los que las tendencias de la media nacional se reflejan de manera algo m\u00e1s tard\u00eda dado su menor dinamismo.<\/p>\n","protected":false},"author":3,"featured_media":26850,"comment_status":"open","ping_status":"closed","sticky":false,"template":"","format":"standard","meta":{"_jetpack_memberships_contains_paid_content":false,"footnotes":"","jetpack_publicize_message":"","jetpack_publicize_feature_enabled":true,"jetpack_social_post_already_shared":false,"jetpack_social_options":{"image_generator_settings":{"template":"highway","default_image_id":0,"font":"","enabled":false},"version":2}},"categories":[100],"tags":[8096,7568],"class_list":["post-43960","post","type-post","status-publish","format-standard","has-post-thumbnail","hentry","category-compraventa-de-viviendas","tag-newsletter-405","tag-noticia-de-portada"],"yoast_head":"<!-- This site is optimized with the Yoast SEO plugin v28.2 - https:\/\/yoast.com\/product\/yoast-seo-wordpress\/ -->\n<title>La ralentizaci\u00f3n del mercado inmobiliario comienza en las ciudades<\/title>\n<meta name=\"description\" content=\"El mercado inmobiliario experimenta la menor tasa de crecimiento trimestral desde el primer trimestre de 2021\" \/>\n<meta name=\"robots\" content=\"index, follow, max-snippet:-1, max-image-preview:large, max-video-preview:-1\" \/>\n<link rel=\"canonical\" href=\"https:\/\/www.aquimicasa.net\/blog\/vivienda\/compraventa-de-viviendas\/la-ralentizacion-del-mercado-inmobiliario-comienza-en-las-ciudades\/\" \/>\n<meta property=\"og:locale\" content=\"es_ES\" \/>\n<meta property=\"og:type\" content=\"article\" \/>\n<meta property=\"og:title\" content=\"La ralentizaci\u00f3n del mercado inmobiliario comienza en las ciudades\" \/>\n<meta property=\"og:description\" content=\"El mercado inmobiliario experimenta la menor tasa de crecimiento trimestral desde el primer trimestre de 2021\" \/>\n<meta property=\"og:url\" content=\"https:\/\/www.aquimicasa.net\/blog\/vivienda\/compraventa-de-viviendas\/la-ralentizacion-del-mercado-inmobiliario-comienza-en-las-ciudades\/\" \/>\n<meta property=\"og:site_name\" content=\"Blog de aquimicasa.net\" \/>\n<meta property=\"article:publisher\" content=\"https:\/\/www.facebook.com\/aquimicasa.net\" \/>\n<meta property=\"article:published_time\" content=\"2023-04-15T09:27:17+00:00\" \/>\n<meta property=\"og:image\" content=\"https:\/\/www.aquimicasa.net\/blog\/wp-content\/uploads\/impuestos-municipales3-1-e1596648670510.jpg\" \/>\n\t<meta property=\"og:image:width\" content=\"400\" \/>\n\t<meta property=\"og:image:height\" content=\"266\" \/>\n\t<meta property=\"og:image:type\" content=\"image\/jpeg\" \/>\n<meta name=\"author\" content=\"Eduardo Lizarraga\" \/>\n<meta name=\"twitter:label1\" content=\"Escrito por\" \/>\n\t<meta name=\"twitter:data1\" content=\"Eduardo Lizarraga\" \/>\n\t<meta name=\"twitter:label2\" content=\"Tiempo de lectura\" \/>\n\t<meta name=\"twitter:data2\" content=\"4 minutos\" \/>\n<script type=\"application\/ld+json\" class=\"yoast-schema-graph\">{\"@context\":\"https:\\\/\\\/schema.org\",\"@graph\":[{\"@type\":\"Article\",\"@id\":\"https:\\\/\\\/www.aquimicasa.net\\\/blog\\\/vivienda\\\/compraventa-de-viviendas\\\/la-ralentizacion-del-mercado-inmobiliario-comienza-en-las-ciudades\\\/#article\",\"isPartOf\":{\"@id\":\"https:\\\/\\\/www.aquimicasa.net\\\/blog\\\/vivienda\\\/compraventa-de-viviendas\\\/la-ralentizacion-del-mercado-inmobiliario-comienza-en-las-ciudades\\\/\"},\"author\":{\"name\":\"Eduardo Lizarraga\",\"@id\":\"https:\\\/\\\/www.aquimicasa.net\\\/blog\\\/#\\\/schema\\\/person\\\/2cdfa2605534583395c8d7ce1d6cac14\"},\"headline\":\"La ralentizaci\u00f3n del mercado inmobiliario comienza en las ciudades\",\"datePublished\":\"2023-04-15T09:27:17+00:00\",\"mainEntityOfPage\":{\"@id\":\"https:\\\/\\\/www.aquimicasa.net\\\/blog\\\/vivienda\\\/compraventa-de-viviendas\\\/la-ralentizacion-del-mercado-inmobiliario-comienza-en-las-ciudades\\\/\"},\"wordCount\":844,\"commentCount\":0,\"publisher\":{\"@id\":\"https:\\\/\\\/www.aquimicasa.net\\\/blog\\\/#organization\"},\"image\":{\"@id\":\"https:\\\/\\\/www.aquimicasa.net\\\/blog\\\/vivienda\\\/compraventa-de-viviendas\\\/la-ralentizacion-del-mercado-inmobiliario-comienza-en-las-ciudades\\\/#primaryimage\"},\"thumbnailUrl\":\"https:\\\/\\\/www.aquimicasa.net\\\/blog\\\/wp-content\\\/uploads\\\/impuestos-municipales3-1-e1596648670510.jpg\",\"keywords\":[\"newsletter 405\",\"noticia de portada\"],\"articleSection\":[\"Compra Venta\"],\"inLanguage\":\"es\",\"potentialAction\":[{\"@type\":\"CommentAction\",\"name\":\"Comment\",\"target\":[\"https:\\\/\\\/www.aquimicasa.net\\\/blog\\\/vivienda\\\/compraventa-de-viviendas\\\/la-ralentizacion-del-mercado-inmobiliario-comienza-en-las-ciudades\\\/#respond\"]}]},{\"@type\":\"WebPage\",\"@id\":\"https:\\\/\\\/www.aquimicasa.net\\\/blog\\\/vivienda\\\/compraventa-de-viviendas\\\/la-ralentizacion-del-mercado-inmobiliario-comienza-en-las-ciudades\\\/\",\"url\":\"https:\\\/\\\/www.aquimicasa.net\\\/blog\\\/vivienda\\\/compraventa-de-viviendas\\\/la-ralentizacion-del-mercado-inmobiliario-comienza-en-las-ciudades\\\/\",\"name\":\"La ralentizaci\u00f3n del mercado inmobiliario comienza en las ciudades\",\"isPartOf\":{\"@id\":\"https:\\\/\\\/www.aquimicasa.net\\\/blog\\\/#website\"},\"primaryImageOfPage\":{\"@id\":\"https:\\\/\\\/www.aquimicasa.net\\\/blog\\\/vivienda\\\/compraventa-de-viviendas\\\/la-ralentizacion-del-mercado-inmobiliario-comienza-en-las-ciudades\\\/#primaryimage\"},\"image\":{\"@id\":\"https:\\\/\\\/www.aquimicasa.net\\\/blog\\\/vivienda\\\/compraventa-de-viviendas\\\/la-ralentizacion-del-mercado-inmobiliario-comienza-en-las-ciudades\\\/#primaryimage\"},\"thumbnailUrl\":\"https:\\\/\\\/www.aquimicasa.net\\\/blog\\\/wp-content\\\/uploads\\\/impuestos-municipales3-1-e1596648670510.jpg\",\"datePublished\":\"2023-04-15T09:27:17+00:00\",\"description\":\"El mercado inmobiliario experimenta la menor tasa de crecimiento trimestral desde el primer trimestre de 2021\",\"breadcrumb\":{\"@id\":\"https:\\\/\\\/www.aquimicasa.net\\\/blog\\\/vivienda\\\/compraventa-de-viviendas\\\/la-ralentizacion-del-mercado-inmobiliario-comienza-en-las-ciudades\\\/#breadcrumb\"},\"inLanguage\":\"es\",\"potentialAction\":[{\"@type\":\"ReadAction\",\"target\":[\"https:\\\/\\\/www.aquimicasa.net\\\/blog\\\/vivienda\\\/compraventa-de-viviendas\\\/la-ralentizacion-del-mercado-inmobiliario-comienza-en-las-ciudades\\\/\"]}]},{\"@type\":\"ImageObject\",\"inLanguage\":\"es\",\"@id\":\"https:\\\/\\\/www.aquimicasa.net\\\/blog\\\/vivienda\\\/compraventa-de-viviendas\\\/la-ralentizacion-del-mercado-inmobiliario-comienza-en-las-ciudades\\\/#primaryimage\",\"url\":\"https:\\\/\\\/www.aquimicasa.net\\\/blog\\\/wp-content\\\/uploads\\\/impuestos-municipales3-1-e1596648670510.jpg\",\"contentUrl\":\"https:\\\/\\\/www.aquimicasa.net\\\/blog\\\/wp-content\\\/uploads\\\/impuestos-municipales3-1-e1596648670510.jpg\",\"width\":400,\"height\":266,\"caption\":\"El precio de la vivienda se incrementa un 4,5% anual\"},{\"@type\":\"BreadcrumbList\",\"@id\":\"https:\\\/\\\/www.aquimicasa.net\\\/blog\\\/vivienda\\\/compraventa-de-viviendas\\\/la-ralentizacion-del-mercado-inmobiliario-comienza-en-las-ciudades\\\/#breadcrumb\",\"itemListElement\":[{\"@type\":\"ListItem\",\"position\":1,\"name\":\"Portada\",\"item\":\"https:\\\/\\\/www.aquimicasa.net\\\/blog\\\/\"},{\"@type\":\"ListItem\",\"position\":2,\"name\":\"La ralentizaci\u00f3n del mercado inmobiliario comienza en las ciudades\"}]},{\"@type\":\"WebSite\",\"@id\":\"https:\\\/\\\/www.aquimicasa.net\\\/blog\\\/#website\",\"url\":\"https:\\\/\\\/www.aquimicasa.net\\\/blog\\\/\",\"name\":\"Blog de aquimicasa.net\",\"description\":\"Noticias del Mundo Inmobiliario\",\"publisher\":{\"@id\":\"https:\\\/\\\/www.aquimicasa.net\\\/blog\\\/#organization\"},\"potentialAction\":[{\"@type\":\"SearchAction\",\"target\":{\"@type\":\"EntryPoint\",\"urlTemplate\":\"https:\\\/\\\/www.aquimicasa.net\\\/blog\\\/?s={search_term_string}\"},\"query-input\":{\"@type\":\"PropertyValueSpecification\",\"valueRequired\":true,\"valueName\":\"search_term_string\"}}],\"inLanguage\":\"es\"},{\"@type\":\"Organization\",\"@id\":\"https:\\\/\\\/www.aquimicasa.net\\\/blog\\\/#organization\",\"name\":\"Blog de aquimicasa.net\",\"url\":\"https:\\\/\\\/www.aquimicasa.net\\\/blog\\\/\",\"logo\":{\"@type\":\"ImageObject\",\"inLanguage\":\"es\",\"@id\":\"https:\\\/\\\/www.aquimicasa.net\\\/blog\\\/#\\\/schema\\\/logo\\\/image\\\/\",\"url\":\"https:\\\/\\\/www.aquimicasa.net\\\/blog\\\/wp-content\\\/uploads\\\/Logo-aquimicasa-1-e1528048213782.png\",\"contentUrl\":\"https:\\\/\\\/www.aquimicasa.net\\\/blog\\\/wp-content\\\/uploads\\\/Logo-aquimicasa-1-e1528048213782.png\",\"width\":225,\"height\":225,\"caption\":\"Blog de aquimicasa.net\"},\"image\":{\"@id\":\"https:\\\/\\\/www.aquimicasa.net\\\/blog\\\/#\\\/schema\\\/logo\\\/image\\\/\"},\"sameAs\":[\"https:\\\/\\\/www.facebook.com\\\/aquimicasa.net\",\"https:\\\/\\\/www.instagram.com\\\/\",\"https:\\\/\\\/x.com\\\/EduLizarragaD\",\"https:\\\/\\\/www.linkedin.com\\\/feed\\\/\"]},{\"@type\":\"Person\",\"@id\":\"https:\\\/\\\/www.aquimicasa.net\\\/blog\\\/#\\\/schema\\\/person\\\/2cdfa2605534583395c8d7ce1d6cac14\",\"name\":\"Eduardo Lizarraga\",\"image\":{\"@type\":\"ImageObject\",\"inLanguage\":\"es\",\"@id\":\"https:\\\/\\\/secure.gravatar.com\\\/avatar\\\/bdabe1eeeed97b65a9cb7de2edd624b07995f7e13abc5fead15961f745f908cc?s=96&d=mm&r=g\",\"url\":\"https:\\\/\\\/secure.gravatar.com\\\/avatar\\\/bdabe1eeeed97b65a9cb7de2edd624b07995f7e13abc5fead15961f745f908cc?s=96&d=mm&r=g\",\"contentUrl\":\"https:\\\/\\\/secure.gravatar.com\\\/avatar\\\/bdabe1eeeed97b65a9cb7de2edd624b07995f7e13abc5fead15961f745f908cc?s=96&d=mm&r=g\",\"caption\":\"Eduardo Lizarraga\"},\"description\":\"Periodista Econ\u00f3mico. Ha trabajado en diversos campos de la informaci\u00f3n. Corresponsal en conflictos, analista pol\u00edtico en Congreso y Senado, periodista del medio ambiente, editor, director editorial, director de comunicaci\u00f3n.... En estos momentos se ha especializado en el sector inmobiliario. Pero tambi\u00e9n es navegante y viajero, preocupado por la pobreza, el medio ambiente y por las actuaciones descontroladas del neoliberalismo empresarial y pol\u00edtico en todo el mundo. Los desahucios, la pobreza infantil y la falta de acceso a los suministros b\u00e1sicos son algunos de los grandes dramas de nuestra sociedad y que es preciso solucionar para hacerla m\u00e1s justa. CEO en www.aquimicasa.net\",\"sameAs\":[\"https:\\\/\\\/www.aquimicasa.net\\\/\"],\"url\":\"https:\\\/\\\/www.aquimicasa.net\\\/blog\\\/author\\\/eduardo\\\/\"}]}<\/script>\n<!-- \/ Yoast SEO plugin. -->","yoast_head_json":{"title":"La ralentizaci\u00f3n del mercado inmobiliario comienza en las ciudades","description":"El mercado inmobiliario experimenta la menor tasa de crecimiento trimestral desde el primer trimestre de 2021","robots":{"index":"index","follow":"follow","max-snippet":"max-snippet:-1","max-image-preview":"max-image-preview:large","max-video-preview":"max-video-preview:-1"},"canonical":"https:\/\/www.aquimicasa.net\/blog\/vivienda\/compraventa-de-viviendas\/la-ralentizacion-del-mercado-inmobiliario-comienza-en-las-ciudades\/","og_locale":"es_ES","og_type":"article","og_title":"La ralentizaci\u00f3n del mercado inmobiliario comienza en las ciudades","og_description":"El mercado inmobiliario experimenta la menor tasa de crecimiento trimestral desde el primer trimestre de 2021","og_url":"https:\/\/www.aquimicasa.net\/blog\/vivienda\/compraventa-de-viviendas\/la-ralentizacion-del-mercado-inmobiliario-comienza-en-las-ciudades\/","og_site_name":"Blog de aquimicasa.net","article_publisher":"https:\/\/www.facebook.com\/aquimicasa.net","article_published_time":"2023-04-15T09:27:17+00:00","og_image":[{"width":400,"height":266,"url":"https:\/\/www.aquimicasa.net\/blog\/wp-content\/uploads\/impuestos-municipales3-1-e1596648670510.jpg","type":"image\/jpeg"}],"author":"Eduardo Lizarraga","twitter_misc":{"Escrito por":"Eduardo Lizarraga","Tiempo de lectura":"4 minutos"},"schema":{"@context":"https:\/\/schema.org","@graph":[{"@type":"Article","@id":"https:\/\/www.aquimicasa.net\/blog\/vivienda\/compraventa-de-viviendas\/la-ralentizacion-del-mercado-inmobiliario-comienza-en-las-ciudades\/#article","isPartOf":{"@id":"https:\/\/www.aquimicasa.net\/blog\/vivienda\/compraventa-de-viviendas\/la-ralentizacion-del-mercado-inmobiliario-comienza-en-las-ciudades\/"},"author":{"name":"Eduardo Lizarraga","@id":"https:\/\/www.aquimicasa.net\/blog\/#\/schema\/person\/2cdfa2605534583395c8d7ce1d6cac14"},"headline":"La ralentizaci\u00f3n del mercado inmobiliario comienza en las ciudades","datePublished":"2023-04-15T09:27:17+00:00","mainEntityOfPage":{"@id":"https:\/\/www.aquimicasa.net\/blog\/vivienda\/compraventa-de-viviendas\/la-ralentizacion-del-mercado-inmobiliario-comienza-en-las-ciudades\/"},"wordCount":844,"commentCount":0,"publisher":{"@id":"https:\/\/www.aquimicasa.net\/blog\/#organization"},"image":{"@id":"https:\/\/www.aquimicasa.net\/blog\/vivienda\/compraventa-de-viviendas\/la-ralentizacion-del-mercado-inmobiliario-comienza-en-las-ciudades\/#primaryimage"},"thumbnailUrl":"https:\/\/www.aquimicasa.net\/blog\/wp-content\/uploads\/impuestos-municipales3-1-e1596648670510.jpg","keywords":["newsletter 405","noticia de portada"],"articleSection":["Compra Venta"],"inLanguage":"es","potentialAction":[{"@type":"CommentAction","name":"Comment","target":["https:\/\/www.aquimicasa.net\/blog\/vivienda\/compraventa-de-viviendas\/la-ralentizacion-del-mercado-inmobiliario-comienza-en-las-ciudades\/#respond"]}]},{"@type":"WebPage","@id":"https:\/\/www.aquimicasa.net\/blog\/vivienda\/compraventa-de-viviendas\/la-ralentizacion-del-mercado-inmobiliario-comienza-en-las-ciudades\/","url":"https:\/\/www.aquimicasa.net\/blog\/vivienda\/compraventa-de-viviendas\/la-ralentizacion-del-mercado-inmobiliario-comienza-en-las-ciudades\/","name":"La ralentizaci\u00f3n del mercado inmobiliario comienza en las ciudades","isPartOf":{"@id":"https:\/\/www.aquimicasa.net\/blog\/#website"},"primaryImageOfPage":{"@id":"https:\/\/www.aquimicasa.net\/blog\/vivienda\/compraventa-de-viviendas\/la-ralentizacion-del-mercado-inmobiliario-comienza-en-las-ciudades\/#primaryimage"},"image":{"@id":"https:\/\/www.aquimicasa.net\/blog\/vivienda\/compraventa-de-viviendas\/la-ralentizacion-del-mercado-inmobiliario-comienza-en-las-ciudades\/#primaryimage"},"thumbnailUrl":"https:\/\/www.aquimicasa.net\/blog\/wp-content\/uploads\/impuestos-municipales3-1-e1596648670510.jpg","datePublished":"2023-04-15T09:27:17+00:00","description":"El mercado inmobiliario experimenta la menor tasa de crecimiento trimestral desde el primer trimestre de 2021","breadcrumb":{"@id":"https:\/\/www.aquimicasa.net\/blog\/vivienda\/compraventa-de-viviendas\/la-ralentizacion-del-mercado-inmobiliario-comienza-en-las-ciudades\/#breadcrumb"},"inLanguage":"es","potentialAction":[{"@type":"ReadAction","target":["https:\/\/www.aquimicasa.net\/blog\/vivienda\/compraventa-de-viviendas\/la-ralentizacion-del-mercado-inmobiliario-comienza-en-las-ciudades\/"]}]},{"@type":"ImageObject","inLanguage":"es","@id":"https:\/\/www.aquimicasa.net\/blog\/vivienda\/compraventa-de-viviendas\/la-ralentizacion-del-mercado-inmobiliario-comienza-en-las-ciudades\/#primaryimage","url":"https:\/\/www.aquimicasa.net\/blog\/wp-content\/uploads\/impuestos-municipales3-1-e1596648670510.jpg","contentUrl":"https:\/\/www.aquimicasa.net\/blog\/wp-content\/uploads\/impuestos-municipales3-1-e1596648670510.jpg","width":400,"height":266,"caption":"El precio de la vivienda se incrementa un 4,5% anual"},{"@type":"BreadcrumbList","@id":"https:\/\/www.aquimicasa.net\/blog\/vivienda\/compraventa-de-viviendas\/la-ralentizacion-del-mercado-inmobiliario-comienza-en-las-ciudades\/#breadcrumb","itemListElement":[{"@type":"ListItem","position":1,"name":"Portada","item":"https:\/\/www.aquimicasa.net\/blog\/"},{"@type":"ListItem","position":2,"name":"La ralentizaci\u00f3n del mercado inmobiliario comienza en las ciudades"}]},{"@type":"WebSite","@id":"https:\/\/www.aquimicasa.net\/blog\/#website","url":"https:\/\/www.aquimicasa.net\/blog\/","name":"Blog de aquimicasa.net","description":"Noticias del Mundo Inmobiliario","publisher":{"@id":"https:\/\/www.aquimicasa.net\/blog\/#organization"},"potentialAction":[{"@type":"SearchAction","target":{"@type":"EntryPoint","urlTemplate":"https:\/\/www.aquimicasa.net\/blog\/?s={search_term_string}"},"query-input":{"@type":"PropertyValueSpecification","valueRequired":true,"valueName":"search_term_string"}}],"inLanguage":"es"},{"@type":"Organization","@id":"https:\/\/www.aquimicasa.net\/blog\/#organization","name":"Blog de aquimicasa.net","url":"https:\/\/www.aquimicasa.net\/blog\/","logo":{"@type":"ImageObject","inLanguage":"es","@id":"https:\/\/www.aquimicasa.net\/blog\/#\/schema\/logo\/image\/","url":"https:\/\/www.aquimicasa.net\/blog\/wp-content\/uploads\/Logo-aquimicasa-1-e1528048213782.png","contentUrl":"https:\/\/www.aquimicasa.net\/blog\/wp-content\/uploads\/Logo-aquimicasa-1-e1528048213782.png","width":225,"height":225,"caption":"Blog de aquimicasa.net"},"image":{"@id":"https:\/\/www.aquimicasa.net\/blog\/#\/schema\/logo\/image\/"},"sameAs":["https:\/\/www.facebook.com\/aquimicasa.net","https:\/\/www.instagram.com\/","https:\/\/x.com\/EduLizarragaD","https:\/\/www.linkedin.com\/feed\/"]},{"@type":"Person","@id":"https:\/\/www.aquimicasa.net\/blog\/#\/schema\/person\/2cdfa2605534583395c8d7ce1d6cac14","name":"Eduardo Lizarraga","image":{"@type":"ImageObject","inLanguage":"es","@id":"https:\/\/secure.gravatar.com\/avatar\/bdabe1eeeed97b65a9cb7de2edd624b07995f7e13abc5fead15961f745f908cc?s=96&d=mm&r=g","url":"https:\/\/secure.gravatar.com\/avatar\/bdabe1eeeed97b65a9cb7de2edd624b07995f7e13abc5fead15961f745f908cc?s=96&d=mm&r=g","contentUrl":"https:\/\/secure.gravatar.com\/avatar\/bdabe1eeeed97b65a9cb7de2edd624b07995f7e13abc5fead15961f745f908cc?s=96&d=mm&r=g","caption":"Eduardo Lizarraga"},"description":"Periodista Econ\u00f3mico. Ha trabajado en diversos campos de la informaci\u00f3n. Corresponsal en conflictos, analista pol\u00edtico en Congreso y Senado, periodista del medio ambiente, editor, director editorial, director de comunicaci\u00f3n.... En estos momentos se ha especializado en el sector inmobiliario. Pero tambi\u00e9n es navegante y viajero, preocupado por la pobreza, el medio ambiente y por las actuaciones descontroladas del neoliberalismo empresarial y pol\u00edtico en todo el mundo. Los desahucios, la pobreza infantil y la falta de acceso a los suministros b\u00e1sicos son algunos de los grandes dramas de nuestra sociedad y que es preciso solucionar para hacerla m\u00e1s justa. CEO en www.aquimicasa.net","sameAs":["https:\/\/www.aquimicasa.net\/"],"url":"https:\/\/www.aquimicasa.net\/blog\/author\/eduardo\/"}]}},"jetpack_publicize_connections":[],"jetpack_featured_media_url":"https:\/\/www.aquimicasa.net\/blog\/wp-content\/uploads\/impuestos-municipales3-1-e1596648670510.jpg","jetpack_sharing_enabled":true,"jetpack_likes_enabled":true,"_links":{"self":[{"href":"https:\/\/www.aquimicasa.net\/blog\/wp-json\/wp\/v2\/posts\/43960","targetHints":{"allow":["GET"]}}],"collection":[{"href":"https:\/\/www.aquimicasa.net\/blog\/wp-json\/wp\/v2\/posts"}],"about":[{"href":"https:\/\/www.aquimicasa.net\/blog\/wp-json\/wp\/v2\/types\/post"}],"author":[{"embeddable":true,"href":"https:\/\/www.aquimicasa.net\/blog\/wp-json\/wp\/v2\/users\/3"}],"replies":[{"embeddable":true,"href":"https:\/\/www.aquimicasa.net\/blog\/wp-json\/wp\/v2\/comments?post=43960"}],"version-history":[{"count":3,"href":"https:\/\/www.aquimicasa.net\/blog\/wp-json\/wp\/v2\/posts\/43960\/revisions"}],"predecessor-version":[{"id":43963,"href":"https:\/\/www.aquimicasa.net\/blog\/wp-json\/wp\/v2\/posts\/43960\/revisions\/43963"}],"wp:featuredmedia":[{"embeddable":true,"href":"https:\/\/www.aquimicasa.net\/blog\/wp-json\/wp\/v2\/media\/26850"}],"wp:attachment":[{"href":"https:\/\/www.aquimicasa.net\/blog\/wp-json\/wp\/v2\/media?parent=43960"}],"wp:term":[{"taxonomy":"category","embeddable":true,"href":"https:\/\/www.aquimicasa.net\/blog\/wp-json\/wp\/v2\/categories?post=43960"},{"taxonomy":"post_tag","embeddable":true,"href":"https:\/\/www.aquimicasa.net\/blog\/wp-json\/wp\/v2\/tags?post=43960"}],"curies":[{"name":"wp","href":"https:\/\/api.w.org\/{rel}","templated":true}]}}