{"id":44396,"date":"2023-06-02T22:00:34","date_gmt":"2023-06-02T20:00:34","guid":{"rendered":"https:\/\/www.aquimicasa.net\/blog\/?p=44396"},"modified":"2023-06-02T22:00:34","modified_gmt":"2023-06-02T20:00:34","slug":"madrid-y-barcelona-aflojan-los-incrementos-de-precio-en-la-vivienda","status":"publish","type":"post","link":"https:\/\/www.aquimicasa.net\/blog\/vivienda\/noticias-mercado-inmobiliario\/madrid-y-barcelona-aflojan-los-incrementos-de-precio-en-la-vivienda\/","title":{"rendered":"Madrid y Barcelona aflojan los incrementos de precio en la vivienda"},"content":{"rendered":"<div class=\"fusion-fullwidth fullwidth-box fusion-builder-row-1 fusion-flex-container nonhundred-percent-fullwidth non-hundred-percent-height-scrolling\" style=\"background-color: rgba(255,255,255,0);background-position: center center;background-repeat: no-repeat;border-width: 0px 0px 0px 0px;border-color:#eae9e9;border-style:solid;\" ><div class=\"fusion-builder-row fusion-row fusion-flex-align-items-flex-start\" style=\"max-width:1144px;margin-left: calc(-4% \/ 2 );margin-right: calc(-4% \/ 2 );\"><div class=\"fusion-layout-column fusion_builder_column fusion-builder-column-0 fusion_builder_column_1_1 1_1 fusion-flex-column\"><div class=\"fusion-column-wrapper fusion-flex-justify-content-flex-start fusion-content-layout-column\" style=\"background-position:left top;background-repeat:no-repeat;-webkit-background-size:cover;-moz-background-size:cover;-o-background-size:cover;background-size:cover;padding: 0px 0px 0px 0px;\"><div class=\"fusion-text fusion-text-1\"><p>En este contexto general de estabilizaci\u00f3n a la baja del sector inmobiliario, Madrid y Barcelona, las grandes capitales espa\u00f1olas, est\u00e1n experimentado un incremento de precios menor que la media espa\u00f1ola y tambi\u00e9n que los de sus respectivas coronas metropolitanas. Es en esta zona, sobre todo en la madrile\u00f1a, donde los incrementos de precio de la vivienda contin\u00faan superando la media espa\u00f1ola,con crecimientos que en alguna ocasi\u00f3n superan los dos d\u00edgitos. Lo asegura un informe de la <strong>tasadora Tinsa<\/strong> basado en su estad\u00edstica IMIE Mercados Locales.<\/p>\n<h2>Incrementos de precio en la vivienda de Madrid y Barcelona<\/h2>\n<p>Seg\u00fan las tasaciones de Tinsa, en el primer trimestre del 2023, ya con datos definitivos de cierre del trimestre, el <strong>precio medio en la ciudad de Madrid<\/strong> aument\u00f3 un 4 % en tasa interanual y un 3,5 % en el caso de <strong>Barcelona<\/strong>. La tasa trimestral fue +0,5 % en ambas capitales. Tanto desde una perspectiva anual como trimestral se trata de <strong>ritmos de crecimiento inferiores a la media espa\u00f1ola<\/strong>, que, recordemos, fue de un 0,9 % trimestral y un 6,4 % en tasa interanual en el primer trimestre.<\/p>\n<h3>\u00bfCu\u00e1l es la situaci\u00f3n en el \u00e1rea metropolitana de Madrid?<\/h3>\n<p>La primera conclusi\u00f3n es que, en l\u00edneas generales, se observa un incremento de precios m\u00e1s intenso que en la capital. Del grupo de 14 municipios que junto con Madrid forman el \u00e1rea de influencia de la capital, <strong>Madrid es la segunda localidad con menor<\/strong> aumento interanual en el primer trimestre. Solo Parla quedar\u00eda por debajo del 4 % de Madrid, con un 3,7 %.<\/p>\n<h4>San Sebasti\u00e1n de los Reyes crece por encima de los dos d\u00edgitos.<\/h4>\n<p>El municipio m\u00e1s din\u00e1mico en evoluci\u00f3n de precios en el \u00faltimo a\u00f1o es <strong>San Sebasti\u00e1n de los Reyes<\/strong>, con un aumento del 10,2 %, y Getafe y Legan\u00e9s, por encima del 9 %.<\/p>\n<p>En el contexto del grupo de 70 municipios espa\u00f1oles, que sin ser capitales de provincia la estad\u00edstica IMIE Mercados Locales destaca como mercados inmobiliarios relevantes, vemos que cinco de los diez municipios donde m\u00e1s se ha encarecido la vivienda en el \u00faltimo a\u00f1o son madrile\u00f1os. San Sebasti\u00e1n de los Reyes es el cuarto, tras <strong>Motril, Algeciras y Sagunto<\/strong>.<\/p>\n<p>En el plazo m\u00e1s corto, qu\u00e9 ha ocurrido desde diciembre, los municipios madrile\u00f1os relevantes que m\u00e1s se han encarecido en el \u00faltimo a\u00f1o muestran evoluciones moderadas en tasa trimestral, por debajo del 2%. Los m\u00e1s din\u00e1micos en el \u00e1rea metropolitana fue Alcorc\u00f3n (+3,7 % trimestral), Fuenlabrada (+2,8 %) y Rivas Vaciamadrid (+2,7 %). Tambi\u00e9n ha sido <strong>m\u00e1s contenida la evoluci\u00f3n en los municipios con el \u20ac\/m2 m\u00e1s caro<\/strong>, por este orden, Pozuelo (3.603 \u20ac\/m2), seguida de Madrid, Alcobendas, Majadahonda y Las Rozas. En estos municipios, el aumento de precios en el \u00faltimo trimestre se ha movido entre el 0,5% de Madrid y el 2,2 % de Majadahonda.<\/p>\n<h3>\u00bfY qu\u00e9 ocurre en el \u00e1rea metropolitana de Barcelona?<\/h3>\n<p>Los datos de tasaciones reflejan que el mercado no est\u00e1 tan caliente como el \u00e1rea de influencia de Madrid, al menos en evoluci\u00f3n de precios. Casi la mitad de los 24 municipios analizados en el \u00e1rea metropolitana de Barcelona registr\u00f3 en el primer trimestre un aumento del precio medio entre el 3 % y el 4,5 % interanual, mientras que en el entorno madrile\u00f1o hasta 11 municipios relevantes se han revalorizado por encima del 5 % en el \u00faltimo a\u00f1o.<\/p>\n<h4>El municipio de Gav\u00e1 en cabeza<\/h4>\n<p>Los municipios que lideran los aumentos interanuales en el \u00e1rea de Barcelona son <strong>Gav\u00e0 (casi 9%), Montgat-Masnou (+6 %) y Cerdanyola del Vall\u00e9s, Rub\u00ed y Terrassa, entre el 4,5 % y el 5 %.<\/strong> En este caso, Barcelona, con su aumento del 3,5 % interanual, se situar\u00eda en mitad de tabla entre los 24 municipios del \u00e1rea metropolitana. Tan solo Sant Adri\u00e1 del Bes\u00f3s mostrar\u00eda un peque\u00f1o ajuste del 1,6 % en el \u00faltimo a\u00f1o.\u00a0En tasa trimestral, los mayores incrementos se dieron en Ripollet (2,4 %) y Castelldefels y Montgat-Masnou (2,2 %). En t\u00e9rminos de valor \u20ac\/m2, Barcelona lidera con 3.608 \u20ac\/m2 en el primer trimestre, seguido de Sant Cugat del Vall\u00e9s (2.918 \u20ac\/m2) y Castelldefels (2.856 \u20ac\/m2).<\/p>\n<\/div><\/div><style type=\"text\/css\">.fusion-body .fusion-builder-column-0{width:100% !important;margin-top : 0px;margin-bottom : 0px;}.fusion-builder-column-0 > .fusion-column-wrapper {padding-top : 0px !important;padding-right : 0px !important;margin-right : 1.92%;padding-bottom : 0px !important;padding-left : 0px !important;margin-left : 1.92%;}@media only screen and (max-width:1024px) {.fusion-body .fusion-builder-column-0{width:100% !important;}.fusion-builder-column-0 > .fusion-column-wrapper {margin-right : 1.92%;margin-left : 1.92%;}}@media only screen and (max-width:640px) {.fusion-body .fusion-builder-column-0{width:100% !important;}.fusion-builder-column-0 > .fusion-column-wrapper {margin-right : 1.92%;margin-left : 1.92%;}}<\/style><\/div><\/div><style type=\"text\/css\">.fusion-body .fusion-flex-container.fusion-builder-row-1{ padding-top : 0px;margin-top : 0px;padding-right : 0px;padding-bottom : 0px;margin-bottom : 0px;padding-left : 0px;}<\/style><\/div>\n","protected":false},"excerpt":{"rendered":"<p>Del grupo de 14 municipios que junto con Madrid forman el \u00e1rea de influencia de la capital, Madrid es la segunda localidad con menor aumento interanual en el primer trimestre. Solo Parla quedar\u00eda por debajo del 4 % de Madrid, con un 3,7 %.<\/p>\n","protected":false},"author":3,"featured_media":43454,"comment_status":"open","ping_status":"closed","sticky":false,"template":"","format":"standard","meta":{"_jetpack_memberships_contains_paid_content":false,"footnotes":"","jetpack_publicize_message":"","jetpack_publicize_feature_enabled":true,"jetpack_social_post_already_shared":false,"jetpack_social_options":{"image_generator_settings":{"template":"highway","default_image_id":0,"font":"","enabled":false},"version":2}},"categories":[7565],"tags":[8106,7568],"class_list":["post-44396","post","type-post","status-publish","format-standard","has-post-thumbnail","hentry","category-noticias-mercado-inmobiliario","tag-newsletter-412","tag-noticia-de-portada"],"yoast_head":"<!-- This site is optimized with the Yoast SEO plugin v28.2 - https:\/\/yoast.com\/product\/yoast-seo-wordpress\/ -->\n<title>Madrid y Barcelona aflojan los incrementos de precio en la vivienda<\/title>\n<meta name=\"description\" content=\"Las grandes capitales espa\u00f1oles, Madrid y Barcelona, est\u00e1n experimentado un incremento de precios menor que la media espa\u00f1ola\" \/>\n<meta name=\"robots\" content=\"index, follow, max-snippet:-1, max-image-preview:large, max-video-preview:-1\" \/>\n<link rel=\"canonical\" href=\"https:\/\/www.aquimicasa.net\/blog\/vivienda\/noticias-mercado-inmobiliario\/madrid-y-barcelona-aflojan-los-incrementos-de-precio-en-la-vivienda\/\" \/>\n<meta property=\"og:locale\" content=\"es_ES\" \/>\n<meta property=\"og:type\" content=\"article\" \/>\n<meta property=\"og:title\" content=\"Madrid y Barcelona aflojan los incrementos de precio en la vivienda\" \/>\n<meta property=\"og:description\" content=\"Las grandes capitales espa\u00f1oles, Madrid y Barcelona, est\u00e1n experimentado un incremento de precios menor que la media espa\u00f1ola\" \/>\n<meta property=\"og:url\" content=\"https:\/\/www.aquimicasa.net\/blog\/vivienda\/noticias-mercado-inmobiliario\/madrid-y-barcelona-aflojan-los-incrementos-de-precio-en-la-vivienda\/\" \/>\n<meta property=\"og:site_name\" content=\"Blog de aquimicasa.net\" \/>\n<meta property=\"article:publisher\" content=\"https:\/\/www.facebook.com\/aquimicasa.net\" \/>\n<meta property=\"article:published_time\" content=\"2023-06-02T20:00:34+00:00\" \/>\n<meta property=\"og:image\" content=\"https:\/\/www.aquimicasa.net\/blog\/wp-content\/uploads\/euribor4-1024x651.png\" \/>\n\t<meta property=\"og:image:width\" content=\"1024\" \/>\n\t<meta property=\"og:image:height\" content=\"651\" \/>\n\t<meta property=\"og:image:type\" content=\"image\/png\" \/>\n<meta name=\"author\" content=\"Eduardo Lizarraga\" \/>\n<meta name=\"twitter:label1\" content=\"Escrito por\" \/>\n\t<meta name=\"twitter:data1\" content=\"Eduardo Lizarraga\" \/>\n\t<meta name=\"twitter:label2\" content=\"Tiempo de lectura\" \/>\n\t<meta name=\"twitter:data2\" content=\"4 minutos\" \/>\n<script type=\"application\/ld+json\" class=\"yoast-schema-graph\">{\"@context\":\"https:\\\/\\\/schema.org\",\"@graph\":[{\"@type\":\"Article\",\"@id\":\"https:\\\/\\\/www.aquimicasa.net\\\/blog\\\/vivienda\\\/noticias-mercado-inmobiliario\\\/madrid-y-barcelona-aflojan-los-incrementos-de-precio-en-la-vivienda\\\/#article\",\"isPartOf\":{\"@id\":\"https:\\\/\\\/www.aquimicasa.net\\\/blog\\\/vivienda\\\/noticias-mercado-inmobiliario\\\/madrid-y-barcelona-aflojan-los-incrementos-de-precio-en-la-vivienda\\\/\"},\"author\":{\"name\":\"Eduardo Lizarraga\",\"@id\":\"https:\\\/\\\/www.aquimicasa.net\\\/blog\\\/#\\\/schema\\\/person\\\/2cdfa2605534583395c8d7ce1d6cac14\"},\"headline\":\"Madrid y Barcelona aflojan los incrementos de precio en la vivienda\",\"datePublished\":\"2023-06-02T20:00:34+00:00\",\"mainEntityOfPage\":{\"@id\":\"https:\\\/\\\/www.aquimicasa.net\\\/blog\\\/vivienda\\\/noticias-mercado-inmobiliario\\\/madrid-y-barcelona-aflojan-los-incrementos-de-precio-en-la-vivienda\\\/\"},\"wordCount\":929,\"commentCount\":0,\"publisher\":{\"@id\":\"https:\\\/\\\/www.aquimicasa.net\\\/blog\\\/#organization\"},\"image\":{\"@id\":\"https:\\\/\\\/www.aquimicasa.net\\\/blog\\\/vivienda\\\/noticias-mercado-inmobiliario\\\/madrid-y-barcelona-aflojan-los-incrementos-de-precio-en-la-vivienda\\\/#primaryimage\"},\"thumbnailUrl\":\"https:\\\/\\\/www.aquimicasa.net\\\/blog\\\/wp-content\\\/uploads\\\/euribor4-e1677749296303.png\",\"keywords\":[\"newsletter 412\",\"noticia de portada\"],\"articleSection\":[\"Noticias Mercado Inmobiliario\"],\"inLanguage\":\"es\",\"potentialAction\":[{\"@type\":\"CommentAction\",\"name\":\"Comment\",\"target\":[\"https:\\\/\\\/www.aquimicasa.net\\\/blog\\\/vivienda\\\/noticias-mercado-inmobiliario\\\/madrid-y-barcelona-aflojan-los-incrementos-de-precio-en-la-vivienda\\\/#respond\"]}]},{\"@type\":\"WebPage\",\"@id\":\"https:\\\/\\\/www.aquimicasa.net\\\/blog\\\/vivienda\\\/noticias-mercado-inmobiliario\\\/madrid-y-barcelona-aflojan-los-incrementos-de-precio-en-la-vivienda\\\/\",\"url\":\"https:\\\/\\\/www.aquimicasa.net\\\/blog\\\/vivienda\\\/noticias-mercado-inmobiliario\\\/madrid-y-barcelona-aflojan-los-incrementos-de-precio-en-la-vivienda\\\/\",\"name\":\"Madrid y Barcelona aflojan los incrementos de precio en la vivienda\",\"isPartOf\":{\"@id\":\"https:\\\/\\\/www.aquimicasa.net\\\/blog\\\/#website\"},\"primaryImageOfPage\":{\"@id\":\"https:\\\/\\\/www.aquimicasa.net\\\/blog\\\/vivienda\\\/noticias-mercado-inmobiliario\\\/madrid-y-barcelona-aflojan-los-incrementos-de-precio-en-la-vivienda\\\/#primaryimage\"},\"image\":{\"@id\":\"https:\\\/\\\/www.aquimicasa.net\\\/blog\\\/vivienda\\\/noticias-mercado-inmobiliario\\\/madrid-y-barcelona-aflojan-los-incrementos-de-precio-en-la-vivienda\\\/#primaryimage\"},\"thumbnailUrl\":\"https:\\\/\\\/www.aquimicasa.net\\\/blog\\\/wp-content\\\/uploads\\\/euribor4-e1677749296303.png\",\"datePublished\":\"2023-06-02T20:00:34+00:00\",\"description\":\"Las grandes capitales espa\u00f1oles, Madrid y Barcelona, est\u00e1n experimentado un incremento de precios menor que la media espa\u00f1ola\",\"breadcrumb\":{\"@id\":\"https:\\\/\\\/www.aquimicasa.net\\\/blog\\\/vivienda\\\/noticias-mercado-inmobiliario\\\/madrid-y-barcelona-aflojan-los-incrementos-de-precio-en-la-vivienda\\\/#breadcrumb\"},\"inLanguage\":\"es\",\"potentialAction\":[{\"@type\":\"ReadAction\",\"target\":[\"https:\\\/\\\/www.aquimicasa.net\\\/blog\\\/vivienda\\\/noticias-mercado-inmobiliario\\\/madrid-y-barcelona-aflojan-los-incrementos-de-precio-en-la-vivienda\\\/\"]}]},{\"@type\":\"ImageObject\",\"inLanguage\":\"es\",\"@id\":\"https:\\\/\\\/www.aquimicasa.net\\\/blog\\\/vivienda\\\/noticias-mercado-inmobiliario\\\/madrid-y-barcelona-aflojan-los-incrementos-de-precio-en-la-vivienda\\\/#primaryimage\",\"url\":\"https:\\\/\\\/www.aquimicasa.net\\\/blog\\\/wp-content\\\/uploads\\\/euribor4-e1677749296303.png\",\"contentUrl\":\"https:\\\/\\\/www.aquimicasa.net\\\/blog\\\/wp-content\\\/uploads\\\/euribor4-e1677749296303.png\",\"width\":450,\"height\":286,\"caption\":\"El mercado hipotecario se coloca en positivo\"},{\"@type\":\"BreadcrumbList\",\"@id\":\"https:\\\/\\\/www.aquimicasa.net\\\/blog\\\/vivienda\\\/noticias-mercado-inmobiliario\\\/madrid-y-barcelona-aflojan-los-incrementos-de-precio-en-la-vivienda\\\/#breadcrumb\",\"itemListElement\":[{\"@type\":\"ListItem\",\"position\":1,\"name\":\"Portada\",\"item\":\"https:\\\/\\\/www.aquimicasa.net\\\/blog\\\/\"},{\"@type\":\"ListItem\",\"position\":2,\"name\":\"Madrid y Barcelona aflojan los incrementos de precio en la vivienda\"}]},{\"@type\":\"WebSite\",\"@id\":\"https:\\\/\\\/www.aquimicasa.net\\\/blog\\\/#website\",\"url\":\"https:\\\/\\\/www.aquimicasa.net\\\/blog\\\/\",\"name\":\"Blog de aquimicasa.net\",\"description\":\"Noticias del Mundo Inmobiliario\",\"publisher\":{\"@id\":\"https:\\\/\\\/www.aquimicasa.net\\\/blog\\\/#organization\"},\"potentialAction\":[{\"@type\":\"SearchAction\",\"target\":{\"@type\":\"EntryPoint\",\"urlTemplate\":\"https:\\\/\\\/www.aquimicasa.net\\\/blog\\\/?s={search_term_string}\"},\"query-input\":{\"@type\":\"PropertyValueSpecification\",\"valueRequired\":true,\"valueName\":\"search_term_string\"}}],\"inLanguage\":\"es\"},{\"@type\":\"Organization\",\"@id\":\"https:\\\/\\\/www.aquimicasa.net\\\/blog\\\/#organization\",\"name\":\"Blog de aquimicasa.net\",\"url\":\"https:\\\/\\\/www.aquimicasa.net\\\/blog\\\/\",\"logo\":{\"@type\":\"ImageObject\",\"inLanguage\":\"es\",\"@id\":\"https:\\\/\\\/www.aquimicasa.net\\\/blog\\\/#\\\/schema\\\/logo\\\/image\\\/\",\"url\":\"https:\\\/\\\/www.aquimicasa.net\\\/blog\\\/wp-content\\\/uploads\\\/Logo-aquimicasa-1-e1528048213782.png\",\"contentUrl\":\"https:\\\/\\\/www.aquimicasa.net\\\/blog\\\/wp-content\\\/uploads\\\/Logo-aquimicasa-1-e1528048213782.png\",\"width\":225,\"height\":225,\"caption\":\"Blog de aquimicasa.net\"},\"image\":{\"@id\":\"https:\\\/\\\/www.aquimicasa.net\\\/blog\\\/#\\\/schema\\\/logo\\\/image\\\/\"},\"sameAs\":[\"https:\\\/\\\/www.facebook.com\\\/aquimicasa.net\",\"https:\\\/\\\/www.instagram.com\\\/\",\"https:\\\/\\\/x.com\\\/EduLizarragaD\",\"https:\\\/\\\/www.linkedin.com\\\/feed\\\/\"]},{\"@type\":\"Person\",\"@id\":\"https:\\\/\\\/www.aquimicasa.net\\\/blog\\\/#\\\/schema\\\/person\\\/2cdfa2605534583395c8d7ce1d6cac14\",\"name\":\"Eduardo Lizarraga\",\"image\":{\"@type\":\"ImageObject\",\"inLanguage\":\"es\",\"@id\":\"https:\\\/\\\/secure.gravatar.com\\\/avatar\\\/bdabe1eeeed97b65a9cb7de2edd624b07995f7e13abc5fead15961f745f908cc?s=96&d=mm&r=g\",\"url\":\"https:\\\/\\\/secure.gravatar.com\\\/avatar\\\/bdabe1eeeed97b65a9cb7de2edd624b07995f7e13abc5fead15961f745f908cc?s=96&d=mm&r=g\",\"contentUrl\":\"https:\\\/\\\/secure.gravatar.com\\\/avatar\\\/bdabe1eeeed97b65a9cb7de2edd624b07995f7e13abc5fead15961f745f908cc?s=96&d=mm&r=g\",\"caption\":\"Eduardo Lizarraga\"},\"description\":\"Periodista Econ\u00f3mico. Ha trabajado en diversos campos de la informaci\u00f3n. Corresponsal en conflictos, analista pol\u00edtico en Congreso y Senado, periodista del medio ambiente, editor, director editorial, director de comunicaci\u00f3n.... En estos momentos se ha especializado en el sector inmobiliario. Pero tambi\u00e9n es navegante y viajero, preocupado por la pobreza, el medio ambiente y por las actuaciones descontroladas del neoliberalismo empresarial y pol\u00edtico en todo el mundo. Los desahucios, la pobreza infantil y la falta de acceso a los suministros b\u00e1sicos son algunos de los grandes dramas de nuestra sociedad y que es preciso solucionar para hacerla m\u00e1s justa. CEO en www.aquimicasa.net\",\"sameAs\":[\"https:\\\/\\\/www.aquimicasa.net\\\/\"],\"url\":\"https:\\\/\\\/www.aquimicasa.net\\\/blog\\\/author\\\/eduardo\\\/\"}]}<\/script>\n<!-- \/ Yoast SEO plugin. -->","yoast_head_json":{"title":"Madrid y Barcelona aflojan los incrementos de precio en la vivienda","description":"Las grandes capitales espa\u00f1oles, Madrid y Barcelona, est\u00e1n experimentado un incremento de precios menor que la media espa\u00f1ola","robots":{"index":"index","follow":"follow","max-snippet":"max-snippet:-1","max-image-preview":"max-image-preview:large","max-video-preview":"max-video-preview:-1"},"canonical":"https:\/\/www.aquimicasa.net\/blog\/vivienda\/noticias-mercado-inmobiliario\/madrid-y-barcelona-aflojan-los-incrementos-de-precio-en-la-vivienda\/","og_locale":"es_ES","og_type":"article","og_title":"Madrid y Barcelona aflojan los incrementos de precio en la vivienda","og_description":"Las grandes capitales espa\u00f1oles, Madrid y Barcelona, est\u00e1n experimentado un incremento de precios menor que la media espa\u00f1ola","og_url":"https:\/\/www.aquimicasa.net\/blog\/vivienda\/noticias-mercado-inmobiliario\/madrid-y-barcelona-aflojan-los-incrementos-de-precio-en-la-vivienda\/","og_site_name":"Blog de aquimicasa.net","article_publisher":"https:\/\/www.facebook.com\/aquimicasa.net","article_published_time":"2023-06-02T20:00:34+00:00","og_image":[{"width":1024,"height":651,"url":"https:\/\/www.aquimicasa.net\/blog\/wp-content\/uploads\/euribor4-1024x651.png","type":"image\/png"}],"author":"Eduardo Lizarraga","twitter_misc":{"Escrito por":"Eduardo Lizarraga","Tiempo de lectura":"4 minutos"},"schema":{"@context":"https:\/\/schema.org","@graph":[{"@type":"Article","@id":"https:\/\/www.aquimicasa.net\/blog\/vivienda\/noticias-mercado-inmobiliario\/madrid-y-barcelona-aflojan-los-incrementos-de-precio-en-la-vivienda\/#article","isPartOf":{"@id":"https:\/\/www.aquimicasa.net\/blog\/vivienda\/noticias-mercado-inmobiliario\/madrid-y-barcelona-aflojan-los-incrementos-de-precio-en-la-vivienda\/"},"author":{"name":"Eduardo Lizarraga","@id":"https:\/\/www.aquimicasa.net\/blog\/#\/schema\/person\/2cdfa2605534583395c8d7ce1d6cac14"},"headline":"Madrid y Barcelona aflojan los incrementos de precio en la vivienda","datePublished":"2023-06-02T20:00:34+00:00","mainEntityOfPage":{"@id":"https:\/\/www.aquimicasa.net\/blog\/vivienda\/noticias-mercado-inmobiliario\/madrid-y-barcelona-aflojan-los-incrementos-de-precio-en-la-vivienda\/"},"wordCount":929,"commentCount":0,"publisher":{"@id":"https:\/\/www.aquimicasa.net\/blog\/#organization"},"image":{"@id":"https:\/\/www.aquimicasa.net\/blog\/vivienda\/noticias-mercado-inmobiliario\/madrid-y-barcelona-aflojan-los-incrementos-de-precio-en-la-vivienda\/#primaryimage"},"thumbnailUrl":"https:\/\/www.aquimicasa.net\/blog\/wp-content\/uploads\/euribor4-e1677749296303.png","keywords":["newsletter 412","noticia de portada"],"articleSection":["Noticias Mercado Inmobiliario"],"inLanguage":"es","potentialAction":[{"@type":"CommentAction","name":"Comment","target":["https:\/\/www.aquimicasa.net\/blog\/vivienda\/noticias-mercado-inmobiliario\/madrid-y-barcelona-aflojan-los-incrementos-de-precio-en-la-vivienda\/#respond"]}]},{"@type":"WebPage","@id":"https:\/\/www.aquimicasa.net\/blog\/vivienda\/noticias-mercado-inmobiliario\/madrid-y-barcelona-aflojan-los-incrementos-de-precio-en-la-vivienda\/","url":"https:\/\/www.aquimicasa.net\/blog\/vivienda\/noticias-mercado-inmobiliario\/madrid-y-barcelona-aflojan-los-incrementos-de-precio-en-la-vivienda\/","name":"Madrid y Barcelona aflojan los incrementos de precio en la vivienda","isPartOf":{"@id":"https:\/\/www.aquimicasa.net\/blog\/#website"},"primaryImageOfPage":{"@id":"https:\/\/www.aquimicasa.net\/blog\/vivienda\/noticias-mercado-inmobiliario\/madrid-y-barcelona-aflojan-los-incrementos-de-precio-en-la-vivienda\/#primaryimage"},"image":{"@id":"https:\/\/www.aquimicasa.net\/blog\/vivienda\/noticias-mercado-inmobiliario\/madrid-y-barcelona-aflojan-los-incrementos-de-precio-en-la-vivienda\/#primaryimage"},"thumbnailUrl":"https:\/\/www.aquimicasa.net\/blog\/wp-content\/uploads\/euribor4-e1677749296303.png","datePublished":"2023-06-02T20:00:34+00:00","description":"Las grandes capitales espa\u00f1oles, Madrid y Barcelona, est\u00e1n experimentado un incremento de precios menor que la media espa\u00f1ola","breadcrumb":{"@id":"https:\/\/www.aquimicasa.net\/blog\/vivienda\/noticias-mercado-inmobiliario\/madrid-y-barcelona-aflojan-los-incrementos-de-precio-en-la-vivienda\/#breadcrumb"},"inLanguage":"es","potentialAction":[{"@type":"ReadAction","target":["https:\/\/www.aquimicasa.net\/blog\/vivienda\/noticias-mercado-inmobiliario\/madrid-y-barcelona-aflojan-los-incrementos-de-precio-en-la-vivienda\/"]}]},{"@type":"ImageObject","inLanguage":"es","@id":"https:\/\/www.aquimicasa.net\/blog\/vivienda\/noticias-mercado-inmobiliario\/madrid-y-barcelona-aflojan-los-incrementos-de-precio-en-la-vivienda\/#primaryimage","url":"https:\/\/www.aquimicasa.net\/blog\/wp-content\/uploads\/euribor4-e1677749296303.png","contentUrl":"https:\/\/www.aquimicasa.net\/blog\/wp-content\/uploads\/euribor4-e1677749296303.png","width":450,"height":286,"caption":"El mercado hipotecario se coloca en positivo"},{"@type":"BreadcrumbList","@id":"https:\/\/www.aquimicasa.net\/blog\/vivienda\/noticias-mercado-inmobiliario\/madrid-y-barcelona-aflojan-los-incrementos-de-precio-en-la-vivienda\/#breadcrumb","itemListElement":[{"@type":"ListItem","position":1,"name":"Portada","item":"https:\/\/www.aquimicasa.net\/blog\/"},{"@type":"ListItem","position":2,"name":"Madrid y Barcelona aflojan los incrementos de precio en la vivienda"}]},{"@type":"WebSite","@id":"https:\/\/www.aquimicasa.net\/blog\/#website","url":"https:\/\/www.aquimicasa.net\/blog\/","name":"Blog de aquimicasa.net","description":"Noticias del Mundo Inmobiliario","publisher":{"@id":"https:\/\/www.aquimicasa.net\/blog\/#organization"},"potentialAction":[{"@type":"SearchAction","target":{"@type":"EntryPoint","urlTemplate":"https:\/\/www.aquimicasa.net\/blog\/?s={search_term_string}"},"query-input":{"@type":"PropertyValueSpecification","valueRequired":true,"valueName":"search_term_string"}}],"inLanguage":"es"},{"@type":"Organization","@id":"https:\/\/www.aquimicasa.net\/blog\/#organization","name":"Blog de aquimicasa.net","url":"https:\/\/www.aquimicasa.net\/blog\/","logo":{"@type":"ImageObject","inLanguage":"es","@id":"https:\/\/www.aquimicasa.net\/blog\/#\/schema\/logo\/image\/","url":"https:\/\/www.aquimicasa.net\/blog\/wp-content\/uploads\/Logo-aquimicasa-1-e1528048213782.png","contentUrl":"https:\/\/www.aquimicasa.net\/blog\/wp-content\/uploads\/Logo-aquimicasa-1-e1528048213782.png","width":225,"height":225,"caption":"Blog de aquimicasa.net"},"image":{"@id":"https:\/\/www.aquimicasa.net\/blog\/#\/schema\/logo\/image\/"},"sameAs":["https:\/\/www.facebook.com\/aquimicasa.net","https:\/\/www.instagram.com\/","https:\/\/x.com\/EduLizarragaD","https:\/\/www.linkedin.com\/feed\/"]},{"@type":"Person","@id":"https:\/\/www.aquimicasa.net\/blog\/#\/schema\/person\/2cdfa2605534583395c8d7ce1d6cac14","name":"Eduardo Lizarraga","image":{"@type":"ImageObject","inLanguage":"es","@id":"https:\/\/secure.gravatar.com\/avatar\/bdabe1eeeed97b65a9cb7de2edd624b07995f7e13abc5fead15961f745f908cc?s=96&d=mm&r=g","url":"https:\/\/secure.gravatar.com\/avatar\/bdabe1eeeed97b65a9cb7de2edd624b07995f7e13abc5fead15961f745f908cc?s=96&d=mm&r=g","contentUrl":"https:\/\/secure.gravatar.com\/avatar\/bdabe1eeeed97b65a9cb7de2edd624b07995f7e13abc5fead15961f745f908cc?s=96&d=mm&r=g","caption":"Eduardo Lizarraga"},"description":"Periodista Econ\u00f3mico. Ha trabajado en diversos campos de la informaci\u00f3n. Corresponsal en conflictos, analista pol\u00edtico en Congreso y Senado, periodista del medio ambiente, editor, director editorial, director de comunicaci\u00f3n.... En estos momentos se ha especializado en el sector inmobiliario. Pero tambi\u00e9n es navegante y viajero, preocupado por la pobreza, el medio ambiente y por las actuaciones descontroladas del neoliberalismo empresarial y pol\u00edtico en todo el mundo. Los desahucios, la pobreza infantil y la falta de acceso a los suministros b\u00e1sicos son algunos de los grandes dramas de nuestra sociedad y que es preciso solucionar para hacerla m\u00e1s justa. CEO en www.aquimicasa.net","sameAs":["https:\/\/www.aquimicasa.net\/"],"url":"https:\/\/www.aquimicasa.net\/blog\/author\/eduardo\/"}]}},"jetpack_publicize_connections":[],"jetpack_featured_media_url":"https:\/\/www.aquimicasa.net\/blog\/wp-content\/uploads\/euribor4-e1677749296303.png","jetpack_sharing_enabled":true,"jetpack_likes_enabled":true,"_links":{"self":[{"href":"https:\/\/www.aquimicasa.net\/blog\/wp-json\/wp\/v2\/posts\/44396","targetHints":{"allow":["GET"]}}],"collection":[{"href":"https:\/\/www.aquimicasa.net\/blog\/wp-json\/wp\/v2\/posts"}],"about":[{"href":"https:\/\/www.aquimicasa.net\/blog\/wp-json\/wp\/v2\/types\/post"}],"author":[{"embeddable":true,"href":"https:\/\/www.aquimicasa.net\/blog\/wp-json\/wp\/v2\/users\/3"}],"replies":[{"embeddable":true,"href":"https:\/\/www.aquimicasa.net\/blog\/wp-json\/wp\/v2\/comments?post=44396"}],"version-history":[{"count":2,"href":"https:\/\/www.aquimicasa.net\/blog\/wp-json\/wp\/v2\/posts\/44396\/revisions"}],"predecessor-version":[{"id":44402,"href":"https:\/\/www.aquimicasa.net\/blog\/wp-json\/wp\/v2\/posts\/44396\/revisions\/44402"}],"wp:featuredmedia":[{"embeddable":true,"href":"https:\/\/www.aquimicasa.net\/blog\/wp-json\/wp\/v2\/media\/43454"}],"wp:attachment":[{"href":"https:\/\/www.aquimicasa.net\/blog\/wp-json\/wp\/v2\/media?parent=44396"}],"wp:term":[{"taxonomy":"category","embeddable":true,"href":"https:\/\/www.aquimicasa.net\/blog\/wp-json\/wp\/v2\/categories?post=44396"},{"taxonomy":"post_tag","embeddable":true,"href":"https:\/\/www.aquimicasa.net\/blog\/wp-json\/wp\/v2\/tags?post=44396"}],"curies":[{"name":"wp","href":"https:\/\/api.w.org\/{rel}","templated":true}]}}