{"id":45116,"date":"2023-08-16T22:26:45","date_gmt":"2023-08-16T20:26:45","guid":{"rendered":"https:\/\/www.aquimicasa.net\/blog\/?p=45116"},"modified":"2023-08-16T22:34:58","modified_gmt":"2023-08-16T20:34:58","slug":"la-vivienda-nueva-dispara-su-precio-en-madrid","status":"publish","type":"post","link":"https:\/\/www.aquimicasa.net\/blog\/vivienda\/compraventa-de-viviendas\/la-vivienda-nueva-dispara-su-precio-en-madrid\/","title":{"rendered":"La vivienda nueva dispara su precio en Madrid"},"content":{"rendered":"<div class=\"fusion-fullwidth fullwidth-box fusion-builder-row-1 fusion-flex-container nonhundred-percent-fullwidth non-hundred-percent-height-scrolling\" style=\"background-color: rgba(255,255,255,0);background-position: center center;background-repeat: no-repeat;border-width: 0px 0px 0px 0px;border-color:#eae9e9;border-style:solid;\" ><div class=\"fusion-builder-row fusion-row fusion-flex-align-items-flex-start\" style=\"max-width:1144px;margin-left: calc(-4% \/ 2 );margin-right: calc(-4% \/ 2 );\"><div class=\"fusion-layout-column fusion_builder_column fusion-builder-column-0 fusion_builder_column_1_1 1_1 fusion-flex-column\"><div class=\"fusion-column-wrapper fusion-flex-justify-content-flex-start fusion-content-layout-column\" style=\"background-position:left top;background-repeat:no-repeat;-webkit-background-size:cover;-moz-background-size:cover;-o-background-size:cover;background-size:cover;padding: 0px 0px 0px 0px;\"><div class=\"fusion-text fusion-text-1\"><div class=\"row-fluid\">Dentro del Estudio de Vivienda Nueva elaborado por Sociedad de Tasaci\u00f3n, se constata un incremento de la demanda sobre vivienda nueva en todo el pa\u00eds que, l\u00f3gicamente, est\u00e1 tirando de los precios. Como est\u00e1 sucendiendo en determinadas ubicaciones de Espa\u00f1a.<\/div>\n<div><\/div>\n<h2>La demanda tira al alza de los precios de la vivienda nueva en Madrid<\/h2>\n<div><\/div>\n<div class=\"row-fluid\">A pesar del encarecimiento de la financiaci\u00f3n, la demanda tira al alza de los precios de vivienda nueva en Madrid, con un incremento del 7,6%, el tercer mayor crecimiento entre las capitales de provincia de Espa\u00f1a, tras Palma de Mallorca y M\u00e1laga (8,2%). Este crecimiento sit\u00faa el precio medio en la capital en 4.269\u20ac\/m2 , dificultando el acceso a la vivienda y reduciendo la confianza del sector, seg\u00fan los \u00faltimos resultados arrojados en el Estudio de Vivienda Nueva elaborado por Sociedad de Tasaci\u00f3n<\/div>\n<p><img decoding=\"async\" class=\"alignnone size-medium wp-image-45120\" src=\"https:\/\/www.aquimicasa.net\/blog\/wp-content\/uploads\/Beatriz-Ibernon-Sociedad-de-Tasacion2-e1692217303299-240x300.jpg\" alt=\"Beatriz Ibern\u00f3n Sociedad de Tasaci\u00f3n\" width=\"240\" height=\"300\" srcset=\"https:\/\/www.aquimicasa.net\/blog\/wp-content\/uploads\/Beatriz-Ibernon-Sociedad-de-Tasacion2-e1692217303299-120x150.jpg 120w, https:\/\/www.aquimicasa.net\/blog\/wp-content\/uploads\/Beatriz-Ibernon-Sociedad-de-Tasacion2-e1692217303299-200x250.jpg 200w, https:\/\/www.aquimicasa.net\/blog\/wp-content\/uploads\/Beatriz-Ibernon-Sociedad-de-Tasacion2-e1692217303299-240x300.jpg 240w, https:\/\/www.aquimicasa.net\/blog\/wp-content\/uploads\/Beatriz-Ibernon-Sociedad-de-Tasacion2-e1692217303299.jpg 400w\" sizes=\"(max-width: 240px) 100vw, 240px\" \/>Estas cifras, que\u00a0superan la media nacional\u00a0(6,4% de incremento y 2.809\u20ac\/m<sup>2<\/sup>\u00a0de precio medio), denotan aun as\u00ed una cierta\u00a0ralentizaci\u00f3n del crecimiento, que en diciembre de 2022 era del 8,5% anual.\u00a0<a href=\"https:\/\/www.st-tasacion.es\/es\/delegaciones\/tasacion-madrid-norte.html\" target=\"_blank\" rel=\"nofollow noopener\">Beatriz Ibern\u00f3n<\/a>,\u00a0delegada general de Madrid Norte en Sociedad de Tasaci\u00f3n, explica que \u201c<em>Madrid es un mercado muy desequilibrado entre oferta y demanda; el stock disponible no satisface la elevada demanda, pese al encarecimiento de la financiaci\u00f3n, de modo que la escasa oferta termina vendi\u00e9ndose con rapidez<\/em>\u201d.<\/p>\n<p>Madrid sigue siendo la segunda ciudad espa\u00f1ola con\u00a0el precio de la vivienda nueva m\u00e1s elevado\u00a0(4.296\u20ac\/m<sup>2<\/sup>), tras Barcelona (5.047\u20ac\/m<sup>2<\/sup>), y s\u00f3lo ligeramente por encima de San Sebasti\u00e1n (4.185\u20ac\/m<sup>2<\/sup>).<\/p>\n<p>Ibern\u00f3n\u00a0subraya que \u201c<em>la subida es\u00a0generalizada en los 21 distritos<\/em>\u00a0madrile\u00f1os\u201d, destacando\u00a0aumentos superiores al 8%\u00a0en Barajas, Vallecas, Salamanca y Arganzuela, as\u00ed como en los municipios de Majadahonda, San Sebasti\u00e1n de los Reyes, San Fernando de Henares y Torrej\u00f3n de Ardoz. En los municipios de\u00a0la periferia de Madrid, los precios suben con mayor moderaci\u00f3n, un 5,2% anual, y el precio medio alcanza los 2.210\u20ac\/m<sup>2<\/sup>.<\/p>\n<h2>Todos los distritos madrile\u00f1os suben por encima del 6,5%<\/h2>\n<p><strong>La mayor subida se registra en el distrito de Barajas<\/strong>\u00a0(con un aumento del 8,4% anual, hasta los 3.807\u20ac\/m<sup>2<\/sup>), y otros cuatro registran\u00a0incrementos igualmente notables: Arganzuela (8,3%), Salamanca (8,3%), Villa de Vallecas (8,3%) y Retiro (8%).<\/p>\n<p>Beatriz Ibern\u00f3n, destaca que \u201c<em>el aumento generalizado se da incluso en las zonas m\u00e1s tensionadas, como\u00a0el <strong>barrio de Salamanca<\/strong><\/em>, que mantiene el precio m\u00e1s elevado\u00a0(7.231\u20ac\/m<sup>2<\/sup>), seguido de Chamber\u00ed (6.529\u20ac\/m<sup>2<\/sup>, con un incremento anual del 7,5%) y del distrito Centro (5.955\u20ac\/m<sup>2<\/sup>, y un incremento del +6,5%)\u201d.<\/p>\n<p>Los\u00a0precios m\u00e1s bajos, en cambio,\u00a0los vemos en Vic\u00e1lvaro (2.603\u20ac\/m<sup>2<\/sup>, +7,7%), Villaverde (2.648\u20ac\/m<sup>2<\/sup>, +6,9%) y Puente de Vallecas (2.901 \u20ac\/m<sup>2<\/sup>, +7,7%).<\/p>\n<h2>Majadahonda, el municipio d\u00f3nde m\u00e1s aumenta el precio<\/h2>\n<p>En los\u00a016 principales municipios\u00a0de la Comunidad de Madrid, capital aparte,\u00a0<strong>los precios\u00a0de vivienda nueva<\/strong>\u00a0crecen, m\u00e1s moderadamente, concretamente a un ritmo del 5,2% anual, lo que sit\u00faa el\u00a0precio medio en 2.210\u20ac\/m<sup>2<\/sup>.<\/p>\n<p>Majadahonda (+8%), San Sebasti\u00e1n de Los Reyes (+7,7%), San Fernando de Henares y Torrej\u00f3n de Ardoz (ambos con un +7,6%), encabezan estas subidas en el \u00faltimo a\u00f1o, mientras que Alcorc\u00f3n (+3,3%) y Boadilla del Monte (3,6%) presentan las subidas m\u00e1s suaves.<\/p>\n<p>Atendiendo al precio medio,\u00a0<strong>Pozuelo de Alarc\u00f3n sigue registrando el precio m\u00e1s elevado\u00a0<\/strong>(3.343\u20ac\/m<sup>2<\/sup>) seguido de Alcobendas (3.139\u20ac\/m<sup>2<\/sup>) y Boadilla del Monte (2.773 \u20ac\/m<sup>2<\/sup>. Parla (1.865\u20ac\/m<sup>2<\/sup>), Torrej\u00f3n de Ardoz (1.993\u20ac\/m<sup>2<\/sup>), M\u00f3stoles (2.035\u20ac\/m<sup>2<\/sup>) y San Fernando de Henares (2.054\u20ac\/m<sup>2<\/sup>) registran los precios medios m\u00e1s bajos de estos 16 municipios.<\/p>\n<h2>El\u00a0<strong>\u00cdndice de Confianza Inmobiliario disminuye en la Comunidad de Madrid\u00a0<\/strong><\/h2>\n<p>El\u00a0<strong>\u00cdndice de Confianza Inmobiliario\u00a0de\u00a0ST Sociedad de Tasaci\u00f3n\u00a0disminuye en la Comunidad de Madrid\u00a0<\/strong>por cuarto trimestre consecutivo\u00a0(siendo\u00a011,2 puntos menos que lo registrado hace un a\u00f1o), para situarse en 45,4 puntos sobre 100 en junio de 2023, una cifra\u00a0ligeramente inferior\u00a0a la media nacional (47,5) y, en ambos casos,\u00a0por debajo de los 50 puntos que marcan el punto de equilibrio.<\/p>\n<p>Este indicador es\u00a0coherente con el contexto de volatilidad\u00a0macroecon\u00f3mica,\u00a0presiones inflacionistas\u00a0y una persistente\u00a0pol\u00edtica monetaria restrictiva, que conforman un sentimiento de\u00a0incertidumbre\u00a0al que no es ajeno el mercado inmobiliario.<\/p>\n<h2>El \u00cdndice de Accesibilidad baja en la Comunidad de Madrid<\/h2>\n<p>Por otro lado, el\u00a0\u00cdndice de Accesibilidad\u00a0de Sociedad de Tasaci\u00f3n (que mide el punto de equilibrio entre el precio de la vivienda y la capacidad de endeudamiento para adquirirla, teniendo en cuenta la renta media),\u00a0<strong>baja hasta los 62 puntos\u00a0en la Comunidad de Madrid<\/strong>, tres puntos menos que el trimestre anterior y\u00a022 puntos menos que hace un a\u00f1o.<\/p>\n<p>Esta evoluci\u00f3n,\u00a0consecuencia del aumento de los tipos de inter\u00e9s, dificulta la capacidad de compra de los ciudadanos.\u00a0Madrid, junto a Islas Baleares, Catalu\u00f1a y Pa\u00eds Vasco, son las comunidades aut\u00f3nomas con un \u00cdndice de Accesibilidad\u00a0inferior a la media nacional. En Madrid, adem\u00e1s, este \u00edndice no alcanza los 100 puntos (o punto de equilibrio), de modo que\u00a0el madrile\u00f1o medio no podr\u00eda acceder a una vivienda promedio sin ende<strong>udarse m\u00e1s de lo razonable<\/strong>.<\/p>\n<\/div><\/div><style type=\"text\/css\">.fusion-body .fusion-builder-column-0{width:100% !important;margin-top : 0px;margin-bottom : 0px;}.fusion-builder-column-0 > .fusion-column-wrapper {padding-top : 0px !important;padding-right : 0px !important;margin-right : 1.92%;padding-bottom : 0px !important;padding-left : 0px !important;margin-left : 1.92%;}@media only screen and (max-width:1024px) {.fusion-body .fusion-builder-column-0{width:100% !important;}.fusion-builder-column-0 > .fusion-column-wrapper {margin-right : 1.92%;margin-left : 1.92%;}}@media only screen and (max-width:640px) {.fusion-body .fusion-builder-column-0{width:100% !important;}.fusion-builder-column-0 > .fusion-column-wrapper {margin-right : 1.92%;margin-left : 1.92%;}}<\/style><\/div><\/div><style type=\"text\/css\">.fusion-body .fusion-flex-container.fusion-builder-row-1{ padding-top : 0px;margin-top : 0px;padding-right : 0px;padding-bottom : 0px;margin-bottom : 0px;padding-left : 0px;}<\/style><\/div>\n","protected":false},"excerpt":{"rendered":"<p>En los\u00a016 principales municipios\u00a0de la Comunidad de Madrid, capital aparte,\u00a0los precios\u00a0de vivienda nueva\u00a0crecen, m\u00e1s moderadamente, concretamente a un ritmo del 5,2% anual, lo que sit\u00faa el\u00a0precio medio en 2.210\u20ac\/m2.<br \/>\nMajadahonda (+8%), San Sebasti\u00e1n de Los Reyes (+7,7%), San Fernando de Henares y Torrej\u00f3n de Ardoz (ambos con un +7,6%), encabezan estas subidas en el \u00faltimo a\u00f1o, mientras que Alcorc\u00f3n (+3,3%) y Boadilla del Monte (3,6%) presentan las subidas m\u00e1s suaves.<\/p>\n","protected":false},"author":3,"featured_media":39593,"comment_status":"open","ping_status":"closed","sticky":false,"template":"","format":"standard","meta":{"_jetpack_memberships_contains_paid_content":false,"footnotes":"","jetpack_publicize_message":"","jetpack_publicize_feature_enabled":true,"jetpack_social_post_already_shared":false,"jetpack_social_options":{"image_generator_settings":{"template":"highway","default_image_id":0,"font":"","enabled":false},"version":2}},"categories":[100],"tags":[8121,7568],"class_list":["post-45116","post","type-post","status-publish","format-standard","has-post-thumbnail","hentry","category-compraventa-de-viviendas","tag-newsletter-422","tag-noticia-de-portada"],"yoast_head":"<!-- This site is optimized with the Yoast SEO plugin v28.2 - https:\/\/yoast.com\/product\/yoast-seo-wordpress\/ -->\n<title>La vivienda nueva dispara su precio en Madrid<\/title>\n<meta name=\"description\" content=\"A pesar del encarecimiento de la financiaci\u00f3n, la demanda tira al alza de los precios de vivienda nueva en Madrid\" \/>\n<meta name=\"robots\" content=\"index, follow, max-snippet:-1, max-image-preview:large, max-video-preview:-1\" \/>\n<link rel=\"canonical\" href=\"https:\/\/www.aquimicasa.net\/blog\/vivienda\/compraventa-de-viviendas\/la-vivienda-nueva-dispara-su-precio-en-madrid\/\" \/>\n<meta property=\"og:locale\" content=\"es_ES\" \/>\n<meta property=\"og:type\" content=\"article\" \/>\n<meta property=\"og:title\" content=\"La vivienda nueva dispara su precio en Madrid\" \/>\n<meta property=\"og:description\" content=\"A pesar del encarecimiento de la financiaci\u00f3n, la demanda tira al alza de los precios de vivienda nueva en Madrid\" \/>\n<meta property=\"og:url\" content=\"https:\/\/www.aquimicasa.net\/blog\/vivienda\/compraventa-de-viviendas\/la-vivienda-nueva-dispara-su-precio-en-madrid\/\" \/>\n<meta property=\"og:site_name\" content=\"Blog de aquimicasa.net\" \/>\n<meta property=\"article:publisher\" content=\"https:\/\/www.facebook.com\/aquimicasa.net\" \/>\n<meta property=\"article:published_time\" content=\"2023-08-16T20:26:45+00:00\" \/>\n<meta property=\"article:modified_time\" content=\"2023-08-16T20:34:58+00:00\" \/>\n<meta property=\"og:image\" content=\"https:\/\/www.aquimicasa.net\/blog\/wp-content\/uploads\/Madrid4-2-e1641578235394.jpg\" \/>\n\t<meta property=\"og:image:width\" content=\"400\" \/>\n\t<meta property=\"og:image:height\" content=\"267\" \/>\n\t<meta property=\"og:image:type\" content=\"image\/jpeg\" \/>\n<meta name=\"author\" content=\"Eduardo Lizarraga\" \/>\n<meta name=\"twitter:label1\" content=\"Escrito por\" \/>\n\t<meta name=\"twitter:data1\" content=\"Eduardo Lizarraga\" \/>\n\t<meta name=\"twitter:label2\" content=\"Tiempo de lectura\" \/>\n\t<meta name=\"twitter:data2\" content=\"5 minutos\" \/>\n<script type=\"application\/ld+json\" class=\"yoast-schema-graph\">{\"@context\":\"https:\\\/\\\/schema.org\",\"@graph\":[{\"@type\":\"Article\",\"@id\":\"https:\\\/\\\/www.aquimicasa.net\\\/blog\\\/vivienda\\\/compraventa-de-viviendas\\\/la-vivienda-nueva-dispara-su-precio-en-madrid\\\/#article\",\"isPartOf\":{\"@id\":\"https:\\\/\\\/www.aquimicasa.net\\\/blog\\\/vivienda\\\/compraventa-de-viviendas\\\/la-vivienda-nueva-dispara-su-precio-en-madrid\\\/\"},\"author\":{\"name\":\"Eduardo Lizarraga\",\"@id\":\"https:\\\/\\\/www.aquimicasa.net\\\/blog\\\/#\\\/schema\\\/person\\\/2cdfa2605534583395c8d7ce1d6cac14\"},\"headline\":\"La vivienda nueva dispara su precio en Madrid\",\"datePublished\":\"2023-08-16T20:26:45+00:00\",\"dateModified\":\"2023-08-16T20:34:58+00:00\",\"mainEntityOfPage\":{\"@id\":\"https:\\\/\\\/www.aquimicasa.net\\\/blog\\\/vivienda\\\/compraventa-de-viviendas\\\/la-vivienda-nueva-dispara-su-precio-en-madrid\\\/\"},\"wordCount\":1080,\"commentCount\":0,\"publisher\":{\"@id\":\"https:\\\/\\\/www.aquimicasa.net\\\/blog\\\/#organization\"},\"image\":{\"@id\":\"https:\\\/\\\/www.aquimicasa.net\\\/blog\\\/vivienda\\\/compraventa-de-viviendas\\\/la-vivienda-nueva-dispara-su-precio-en-madrid\\\/#primaryimage\"},\"thumbnailUrl\":\"https:\\\/\\\/www.aquimicasa.net\\\/blog\\\/wp-content\\\/uploads\\\/Madrid4-2-e1641578235394.jpg\",\"keywords\":[\"newsletter 422\",\"noticia de portada\"],\"articleSection\":[\"Compra Venta\"],\"inLanguage\":\"es\",\"potentialAction\":[{\"@type\":\"CommentAction\",\"name\":\"Comment\",\"target\":[\"https:\\\/\\\/www.aquimicasa.net\\\/blog\\\/vivienda\\\/compraventa-de-viviendas\\\/la-vivienda-nueva-dispara-su-precio-en-madrid\\\/#respond\"]}]},{\"@type\":\"WebPage\",\"@id\":\"https:\\\/\\\/www.aquimicasa.net\\\/blog\\\/vivienda\\\/compraventa-de-viviendas\\\/la-vivienda-nueva-dispara-su-precio-en-madrid\\\/\",\"url\":\"https:\\\/\\\/www.aquimicasa.net\\\/blog\\\/vivienda\\\/compraventa-de-viviendas\\\/la-vivienda-nueva-dispara-su-precio-en-madrid\\\/\",\"name\":\"La vivienda nueva dispara su precio en Madrid\",\"isPartOf\":{\"@id\":\"https:\\\/\\\/www.aquimicasa.net\\\/blog\\\/#website\"},\"primaryImageOfPage\":{\"@id\":\"https:\\\/\\\/www.aquimicasa.net\\\/blog\\\/vivienda\\\/compraventa-de-viviendas\\\/la-vivienda-nueva-dispara-su-precio-en-madrid\\\/#primaryimage\"},\"image\":{\"@id\":\"https:\\\/\\\/www.aquimicasa.net\\\/blog\\\/vivienda\\\/compraventa-de-viviendas\\\/la-vivienda-nueva-dispara-su-precio-en-madrid\\\/#primaryimage\"},\"thumbnailUrl\":\"https:\\\/\\\/www.aquimicasa.net\\\/blog\\\/wp-content\\\/uploads\\\/Madrid4-2-e1641578235394.jpg\",\"datePublished\":\"2023-08-16T20:26:45+00:00\",\"dateModified\":\"2023-08-16T20:34:58+00:00\",\"description\":\"A pesar del encarecimiento de la financiaci\u00f3n, la demanda tira al alza de los precios de vivienda nueva en Madrid\",\"breadcrumb\":{\"@id\":\"https:\\\/\\\/www.aquimicasa.net\\\/blog\\\/vivienda\\\/compraventa-de-viviendas\\\/la-vivienda-nueva-dispara-su-precio-en-madrid\\\/#breadcrumb\"},\"inLanguage\":\"es\",\"potentialAction\":[{\"@type\":\"ReadAction\",\"target\":[\"https:\\\/\\\/www.aquimicasa.net\\\/blog\\\/vivienda\\\/compraventa-de-viviendas\\\/la-vivienda-nueva-dispara-su-precio-en-madrid\\\/\"]}]},{\"@type\":\"ImageObject\",\"inLanguage\":\"es\",\"@id\":\"https:\\\/\\\/www.aquimicasa.net\\\/blog\\\/vivienda\\\/compraventa-de-viviendas\\\/la-vivienda-nueva-dispara-su-precio-en-madrid\\\/#primaryimage\",\"url\":\"https:\\\/\\\/www.aquimicasa.net\\\/blog\\\/wp-content\\\/uploads\\\/Madrid4-2-e1641578235394.jpg\",\"contentUrl\":\"https:\\\/\\\/www.aquimicasa.net\\\/blog\\\/wp-content\\\/uploads\\\/Madrid4-2-e1641578235394.jpg\",\"width\":400,\"height\":267,\"caption\":\"Los precios de la vivienda nueva en Madrid\"},{\"@type\":\"BreadcrumbList\",\"@id\":\"https:\\\/\\\/www.aquimicasa.net\\\/blog\\\/vivienda\\\/compraventa-de-viviendas\\\/la-vivienda-nueva-dispara-su-precio-en-madrid\\\/#breadcrumb\",\"itemListElement\":[{\"@type\":\"ListItem\",\"position\":1,\"name\":\"Portada\",\"item\":\"https:\\\/\\\/www.aquimicasa.net\\\/blog\\\/\"},{\"@type\":\"ListItem\",\"position\":2,\"name\":\"La vivienda nueva dispara su precio en Madrid\"}]},{\"@type\":\"WebSite\",\"@id\":\"https:\\\/\\\/www.aquimicasa.net\\\/blog\\\/#website\",\"url\":\"https:\\\/\\\/www.aquimicasa.net\\\/blog\\\/\",\"name\":\"Blog de aquimicasa.net\",\"description\":\"Noticias del Mundo Inmobiliario\",\"publisher\":{\"@id\":\"https:\\\/\\\/www.aquimicasa.net\\\/blog\\\/#organization\"},\"potentialAction\":[{\"@type\":\"SearchAction\",\"target\":{\"@type\":\"EntryPoint\",\"urlTemplate\":\"https:\\\/\\\/www.aquimicasa.net\\\/blog\\\/?s={search_term_string}\"},\"query-input\":{\"@type\":\"PropertyValueSpecification\",\"valueRequired\":true,\"valueName\":\"search_term_string\"}}],\"inLanguage\":\"es\"},{\"@type\":\"Organization\",\"@id\":\"https:\\\/\\\/www.aquimicasa.net\\\/blog\\\/#organization\",\"name\":\"Blog de aquimicasa.net\",\"url\":\"https:\\\/\\\/www.aquimicasa.net\\\/blog\\\/\",\"logo\":{\"@type\":\"ImageObject\",\"inLanguage\":\"es\",\"@id\":\"https:\\\/\\\/www.aquimicasa.net\\\/blog\\\/#\\\/schema\\\/logo\\\/image\\\/\",\"url\":\"https:\\\/\\\/www.aquimicasa.net\\\/blog\\\/wp-content\\\/uploads\\\/Logo-aquimicasa-1-e1528048213782.png\",\"contentUrl\":\"https:\\\/\\\/www.aquimicasa.net\\\/blog\\\/wp-content\\\/uploads\\\/Logo-aquimicasa-1-e1528048213782.png\",\"width\":225,\"height\":225,\"caption\":\"Blog de aquimicasa.net\"},\"image\":{\"@id\":\"https:\\\/\\\/www.aquimicasa.net\\\/blog\\\/#\\\/schema\\\/logo\\\/image\\\/\"},\"sameAs\":[\"https:\\\/\\\/www.facebook.com\\\/aquimicasa.net\",\"https:\\\/\\\/www.instagram.com\\\/\",\"https:\\\/\\\/x.com\\\/EduLizarragaD\",\"https:\\\/\\\/www.linkedin.com\\\/feed\\\/\"]},{\"@type\":\"Person\",\"@id\":\"https:\\\/\\\/www.aquimicasa.net\\\/blog\\\/#\\\/schema\\\/person\\\/2cdfa2605534583395c8d7ce1d6cac14\",\"name\":\"Eduardo Lizarraga\",\"image\":{\"@type\":\"ImageObject\",\"inLanguage\":\"es\",\"@id\":\"https:\\\/\\\/secure.gravatar.com\\\/avatar\\\/bdabe1eeeed97b65a9cb7de2edd624b07995f7e13abc5fead15961f745f908cc?s=96&d=mm&r=g\",\"url\":\"https:\\\/\\\/secure.gravatar.com\\\/avatar\\\/bdabe1eeeed97b65a9cb7de2edd624b07995f7e13abc5fead15961f745f908cc?s=96&d=mm&r=g\",\"contentUrl\":\"https:\\\/\\\/secure.gravatar.com\\\/avatar\\\/bdabe1eeeed97b65a9cb7de2edd624b07995f7e13abc5fead15961f745f908cc?s=96&d=mm&r=g\",\"caption\":\"Eduardo Lizarraga\"},\"description\":\"Periodista Econ\u00f3mico. Ha trabajado en diversos campos de la informaci\u00f3n. Corresponsal en conflictos, analista pol\u00edtico en Congreso y Senado, periodista del medio ambiente, editor, director editorial, director de comunicaci\u00f3n.... En estos momentos se ha especializado en el sector inmobiliario. Pero tambi\u00e9n es navegante y viajero, preocupado por la pobreza, el medio ambiente y por las actuaciones descontroladas del neoliberalismo empresarial y pol\u00edtico en todo el mundo. Los desahucios, la pobreza infantil y la falta de acceso a los suministros b\u00e1sicos son algunos de los grandes dramas de nuestra sociedad y que es preciso solucionar para hacerla m\u00e1s justa. CEO en www.aquimicasa.net\",\"sameAs\":[\"https:\\\/\\\/www.aquimicasa.net\\\/\"],\"url\":\"https:\\\/\\\/www.aquimicasa.net\\\/blog\\\/author\\\/eduardo\\\/\"}]}<\/script>\n<!-- \/ Yoast SEO plugin. -->","yoast_head_json":{"title":"La vivienda nueva dispara su precio en Madrid","description":"A pesar del encarecimiento de la financiaci\u00f3n, la demanda tira al alza de los precios de vivienda nueva en Madrid","robots":{"index":"index","follow":"follow","max-snippet":"max-snippet:-1","max-image-preview":"max-image-preview:large","max-video-preview":"max-video-preview:-1"},"canonical":"https:\/\/www.aquimicasa.net\/blog\/vivienda\/compraventa-de-viviendas\/la-vivienda-nueva-dispara-su-precio-en-madrid\/","og_locale":"es_ES","og_type":"article","og_title":"La vivienda nueva dispara su precio en Madrid","og_description":"A pesar del encarecimiento de la financiaci\u00f3n, la demanda tira al alza de los precios de vivienda nueva en Madrid","og_url":"https:\/\/www.aquimicasa.net\/blog\/vivienda\/compraventa-de-viviendas\/la-vivienda-nueva-dispara-su-precio-en-madrid\/","og_site_name":"Blog de aquimicasa.net","article_publisher":"https:\/\/www.facebook.com\/aquimicasa.net","article_published_time":"2023-08-16T20:26:45+00:00","article_modified_time":"2023-08-16T20:34:58+00:00","og_image":[{"width":400,"height":267,"url":"https:\/\/www.aquimicasa.net\/blog\/wp-content\/uploads\/Madrid4-2-e1641578235394.jpg","type":"image\/jpeg"}],"author":"Eduardo Lizarraga","twitter_misc":{"Escrito por":"Eduardo Lizarraga","Tiempo de lectura":"5 minutos"},"schema":{"@context":"https:\/\/schema.org","@graph":[{"@type":"Article","@id":"https:\/\/www.aquimicasa.net\/blog\/vivienda\/compraventa-de-viviendas\/la-vivienda-nueva-dispara-su-precio-en-madrid\/#article","isPartOf":{"@id":"https:\/\/www.aquimicasa.net\/blog\/vivienda\/compraventa-de-viviendas\/la-vivienda-nueva-dispara-su-precio-en-madrid\/"},"author":{"name":"Eduardo Lizarraga","@id":"https:\/\/www.aquimicasa.net\/blog\/#\/schema\/person\/2cdfa2605534583395c8d7ce1d6cac14"},"headline":"La vivienda nueva dispara su precio en Madrid","datePublished":"2023-08-16T20:26:45+00:00","dateModified":"2023-08-16T20:34:58+00:00","mainEntityOfPage":{"@id":"https:\/\/www.aquimicasa.net\/blog\/vivienda\/compraventa-de-viviendas\/la-vivienda-nueva-dispara-su-precio-en-madrid\/"},"wordCount":1080,"commentCount":0,"publisher":{"@id":"https:\/\/www.aquimicasa.net\/blog\/#organization"},"image":{"@id":"https:\/\/www.aquimicasa.net\/blog\/vivienda\/compraventa-de-viviendas\/la-vivienda-nueva-dispara-su-precio-en-madrid\/#primaryimage"},"thumbnailUrl":"https:\/\/www.aquimicasa.net\/blog\/wp-content\/uploads\/Madrid4-2-e1641578235394.jpg","keywords":["newsletter 422","noticia de portada"],"articleSection":["Compra Venta"],"inLanguage":"es","potentialAction":[{"@type":"CommentAction","name":"Comment","target":["https:\/\/www.aquimicasa.net\/blog\/vivienda\/compraventa-de-viviendas\/la-vivienda-nueva-dispara-su-precio-en-madrid\/#respond"]}]},{"@type":"WebPage","@id":"https:\/\/www.aquimicasa.net\/blog\/vivienda\/compraventa-de-viviendas\/la-vivienda-nueva-dispara-su-precio-en-madrid\/","url":"https:\/\/www.aquimicasa.net\/blog\/vivienda\/compraventa-de-viviendas\/la-vivienda-nueva-dispara-su-precio-en-madrid\/","name":"La vivienda nueva dispara su precio en Madrid","isPartOf":{"@id":"https:\/\/www.aquimicasa.net\/blog\/#website"},"primaryImageOfPage":{"@id":"https:\/\/www.aquimicasa.net\/blog\/vivienda\/compraventa-de-viviendas\/la-vivienda-nueva-dispara-su-precio-en-madrid\/#primaryimage"},"image":{"@id":"https:\/\/www.aquimicasa.net\/blog\/vivienda\/compraventa-de-viviendas\/la-vivienda-nueva-dispara-su-precio-en-madrid\/#primaryimage"},"thumbnailUrl":"https:\/\/www.aquimicasa.net\/blog\/wp-content\/uploads\/Madrid4-2-e1641578235394.jpg","datePublished":"2023-08-16T20:26:45+00:00","dateModified":"2023-08-16T20:34:58+00:00","description":"A pesar del encarecimiento de la financiaci\u00f3n, la demanda tira al alza de los precios de vivienda nueva en Madrid","breadcrumb":{"@id":"https:\/\/www.aquimicasa.net\/blog\/vivienda\/compraventa-de-viviendas\/la-vivienda-nueva-dispara-su-precio-en-madrid\/#breadcrumb"},"inLanguage":"es","potentialAction":[{"@type":"ReadAction","target":["https:\/\/www.aquimicasa.net\/blog\/vivienda\/compraventa-de-viviendas\/la-vivienda-nueva-dispara-su-precio-en-madrid\/"]}]},{"@type":"ImageObject","inLanguage":"es","@id":"https:\/\/www.aquimicasa.net\/blog\/vivienda\/compraventa-de-viviendas\/la-vivienda-nueva-dispara-su-precio-en-madrid\/#primaryimage","url":"https:\/\/www.aquimicasa.net\/blog\/wp-content\/uploads\/Madrid4-2-e1641578235394.jpg","contentUrl":"https:\/\/www.aquimicasa.net\/blog\/wp-content\/uploads\/Madrid4-2-e1641578235394.jpg","width":400,"height":267,"caption":"Los precios de la vivienda nueva en Madrid"},{"@type":"BreadcrumbList","@id":"https:\/\/www.aquimicasa.net\/blog\/vivienda\/compraventa-de-viviendas\/la-vivienda-nueva-dispara-su-precio-en-madrid\/#breadcrumb","itemListElement":[{"@type":"ListItem","position":1,"name":"Portada","item":"https:\/\/www.aquimicasa.net\/blog\/"},{"@type":"ListItem","position":2,"name":"La vivienda nueva dispara su precio en Madrid"}]},{"@type":"WebSite","@id":"https:\/\/www.aquimicasa.net\/blog\/#website","url":"https:\/\/www.aquimicasa.net\/blog\/","name":"Blog de aquimicasa.net","description":"Noticias del Mundo Inmobiliario","publisher":{"@id":"https:\/\/www.aquimicasa.net\/blog\/#organization"},"potentialAction":[{"@type":"SearchAction","target":{"@type":"EntryPoint","urlTemplate":"https:\/\/www.aquimicasa.net\/blog\/?s={search_term_string}"},"query-input":{"@type":"PropertyValueSpecification","valueRequired":true,"valueName":"search_term_string"}}],"inLanguage":"es"},{"@type":"Organization","@id":"https:\/\/www.aquimicasa.net\/blog\/#organization","name":"Blog de aquimicasa.net","url":"https:\/\/www.aquimicasa.net\/blog\/","logo":{"@type":"ImageObject","inLanguage":"es","@id":"https:\/\/www.aquimicasa.net\/blog\/#\/schema\/logo\/image\/","url":"https:\/\/www.aquimicasa.net\/blog\/wp-content\/uploads\/Logo-aquimicasa-1-e1528048213782.png","contentUrl":"https:\/\/www.aquimicasa.net\/blog\/wp-content\/uploads\/Logo-aquimicasa-1-e1528048213782.png","width":225,"height":225,"caption":"Blog de aquimicasa.net"},"image":{"@id":"https:\/\/www.aquimicasa.net\/blog\/#\/schema\/logo\/image\/"},"sameAs":["https:\/\/www.facebook.com\/aquimicasa.net","https:\/\/www.instagram.com\/","https:\/\/x.com\/EduLizarragaD","https:\/\/www.linkedin.com\/feed\/"]},{"@type":"Person","@id":"https:\/\/www.aquimicasa.net\/blog\/#\/schema\/person\/2cdfa2605534583395c8d7ce1d6cac14","name":"Eduardo Lizarraga","image":{"@type":"ImageObject","inLanguage":"es","@id":"https:\/\/secure.gravatar.com\/avatar\/bdabe1eeeed97b65a9cb7de2edd624b07995f7e13abc5fead15961f745f908cc?s=96&d=mm&r=g","url":"https:\/\/secure.gravatar.com\/avatar\/bdabe1eeeed97b65a9cb7de2edd624b07995f7e13abc5fead15961f745f908cc?s=96&d=mm&r=g","contentUrl":"https:\/\/secure.gravatar.com\/avatar\/bdabe1eeeed97b65a9cb7de2edd624b07995f7e13abc5fead15961f745f908cc?s=96&d=mm&r=g","caption":"Eduardo Lizarraga"},"description":"Periodista Econ\u00f3mico. Ha trabajado en diversos campos de la informaci\u00f3n. Corresponsal en conflictos, analista pol\u00edtico en Congreso y Senado, periodista del medio ambiente, editor, director editorial, director de comunicaci\u00f3n.... En estos momentos se ha especializado en el sector inmobiliario. Pero tambi\u00e9n es navegante y viajero, preocupado por la pobreza, el medio ambiente y por las actuaciones descontroladas del neoliberalismo empresarial y pol\u00edtico en todo el mundo. Los desahucios, la pobreza infantil y la falta de acceso a los suministros b\u00e1sicos son algunos de los grandes dramas de nuestra sociedad y que es preciso solucionar para hacerla m\u00e1s justa. CEO en www.aquimicasa.net","sameAs":["https:\/\/www.aquimicasa.net\/"],"url":"https:\/\/www.aquimicasa.net\/blog\/author\/eduardo\/"}]}},"jetpack_publicize_connections":[],"jetpack_featured_media_url":"https:\/\/www.aquimicasa.net\/blog\/wp-content\/uploads\/Madrid4-2-e1641578235394.jpg","jetpack_sharing_enabled":true,"jetpack_likes_enabled":true,"_links":{"self":[{"href":"https:\/\/www.aquimicasa.net\/blog\/wp-json\/wp\/v2\/posts\/45116","targetHints":{"allow":["GET"]}}],"collection":[{"href":"https:\/\/www.aquimicasa.net\/blog\/wp-json\/wp\/v2\/posts"}],"about":[{"href":"https:\/\/www.aquimicasa.net\/blog\/wp-json\/wp\/v2\/types\/post"}],"author":[{"embeddable":true,"href":"https:\/\/www.aquimicasa.net\/blog\/wp-json\/wp\/v2\/users\/3"}],"replies":[{"embeddable":true,"href":"https:\/\/www.aquimicasa.net\/blog\/wp-json\/wp\/v2\/comments?post=45116"}],"version-history":[{"count":5,"href":"https:\/\/www.aquimicasa.net\/blog\/wp-json\/wp\/v2\/posts\/45116\/revisions"}],"predecessor-version":[{"id":45123,"href":"https:\/\/www.aquimicasa.net\/blog\/wp-json\/wp\/v2\/posts\/45116\/revisions\/45123"}],"wp:featuredmedia":[{"embeddable":true,"href":"https:\/\/www.aquimicasa.net\/blog\/wp-json\/wp\/v2\/media\/39593"}],"wp:attachment":[{"href":"https:\/\/www.aquimicasa.net\/blog\/wp-json\/wp\/v2\/media?parent=45116"}],"wp:term":[{"taxonomy":"category","embeddable":true,"href":"https:\/\/www.aquimicasa.net\/blog\/wp-json\/wp\/v2\/categories?post=45116"},{"taxonomy":"post_tag","embeddable":true,"href":"https:\/\/www.aquimicasa.net\/blog\/wp-json\/wp\/v2\/tags?post=45116"}],"curies":[{"name":"wp","href":"https:\/\/api.w.org\/{rel}","templated":true}]}}