{"id":45335,"date":"2023-09-16T22:37:47","date_gmt":"2023-09-16T20:37:47","guid":{"rendered":"https:\/\/www.aquimicasa.net\/blog\/?p=45335"},"modified":"2023-09-16T22:37:47","modified_gmt":"2023-09-16T20:37:47","slug":"el-mercado-inmobiliario-en-baleares-muestra-debilidades","status":"publish","type":"post","link":"https:\/\/www.aquimicasa.net\/blog\/vivienda\/compraventa-de-viviendas\/el-mercado-inmobiliario-en-baleares-muestra-debilidades\/","title":{"rendered":"El mercado inmobiliario en Baleares muestra debilidades"},"content":{"rendered":"<div class=\"fusion-fullwidth fullwidth-box fusion-builder-row-1 fusion-flex-container nonhundred-percent-fullwidth non-hundred-percent-height-scrolling\" style=\"background-color: rgba(255,255,255,0);background-position: center center;background-repeat: no-repeat;border-width: 0px 0px 0px 0px;border-color:#eae9e9;border-style:solid;\" ><div class=\"fusion-builder-row fusion-row fusion-flex-align-items-flex-start\" style=\"max-width:1144px;margin-left: calc(-4% \/ 2 );margin-right: calc(-4% \/ 2 );\"><div class=\"fusion-layout-column fusion_builder_column fusion-builder-column-0 fusion_builder_column_1_1 1_1 fusion-flex-column\"><div class=\"fusion-column-wrapper fusion-flex-justify-content-flex-start fusion-content-layout-column\" style=\"background-position:left top;background-repeat:no-repeat;-webkit-background-size:cover;-moz-background-size:cover;-o-background-size:cover;background-size:cover;padding: 0px 0px 0px 0px;\"><div class=\"fusion-text fusion-text-1\"><p>Hace ya tiempo que\u00a0 se est\u00e1 hablando de la insostenibilidad que sufren algunas de nuestras <strong>zonas tur\u00edsticas<\/strong> afectadas de una masificaci\u00f3n veraniega que se incrementa de a\u00f1o en a\u00f1o. Mallorca es el paradigma de la situaci\u00f3n al estar afectada tambi\u00e9n por los problemas propios de la insularidad. Las se\u00f1ales de alarma llevan a\u00f1os poni\u00e9ndose en el rojo, pero ha sido este a\u00f1o, cuando se comienza a ver <strong>peligrar el turismo de lujo<\/strong> que compra vivienda en las islas, cuando las noticias aparecen ya caso de forma cotidiana en los peri\u00f3dicos de las islas.<\/p>\n<h2>El turismo de excesos y la saturaci\u00f3n en Baleares<\/h2>\n<p>Un reportaje realizado por la revista Stern, la de mayor tirada en Alemania, cuestion\u00e1ndose le realidad de ese para\u00edso anhelado por los ciudadanos alemanes, muestra una<strong> isla saturada y al l\u00edmite de su capacidad<\/strong>. Tampoco el diario brit\u00e1nico The Sun, se\u00f1alando a Mallorca como el <strong>epicentro del turismo de borrachera<\/strong>, se ha quedado atr\u00e1s. Y como ante una situaci\u00f3n complicada el dinero es lo primero que desaparece, las compras de vivienda por extranjeros han comenzado a bajar.<\/p>\n<p>Comenzando con lo que m\u00e1s protestas causa entre la poblaci\u00f3n residente, el turismo de borrachera, a pesar de que la ley anti excesos ha cumplido ya tres a\u00f1os,\u00a0 sigue siendo un problema en Baleares.\u00a0Por ello, desde el\u00a0<strong>F\u00f2rum Societat Civil<\/strong>, una asociaci\u00f3n integrada por entidades, fundaciones y plataformas de la sociedad balear, han solicitado al Govern la creaci\u00f3n de un\u00a0<strong>\u201ccomit\u00e9 de crisis\u201d\u00a0<\/strong>para <strong>poner coto a los excesos<\/strong> y \u201chacer viable el cambio hacia un <strong>turismo de calidad<\/strong>\u201d.\u00a0 Lo que no es nada f\u00e1cil porque muchas de las estructuras y los servicios de la isla se dirigen a ese turismo barato y de excesos.<\/p>\n<h2>Bajar los turistas ligados al low cost y reducir los coches de alquiler<\/h2>\n<p>Y es que la recuperaci\u00f3n econ\u00f3mica post-covid ha llegado ligada al <strong>turismo de masas<\/strong> que trae m\u00e1s turismo de excesos, mala imagen para las islas y un mayor n\u00famero de <strong>conflictos con los residentes<\/strong>. Aparte, los problemas de movilidad y la saturaci\u00f3n de los espacios tur\u00edsticos.<\/p>\n<div class=\"cke-element cke-element--102\">\n<section class=\"c-related-article\">\n<div data-comitium-article-image=\"4476582\">Previendo la situaci\u00f3n a la que se est\u00e1 llegando, el Foro propuso hace m\u00e1s de un a\u00f1o una serie de medidas tendentes a <strong>dificultar el turismo barato<\/strong> ligado a los excesos, entre ellas la eliminaci\u00f3n de plazas alojativas tur\u00edsticas low cost, renovaci\u00f3n de hoteles obsoletos para subir su categor\u00eda y precio, adem\u00e1s de, teniendo en cuenta la <strong>falta de viviendas asequibles en Palma y Baleares<\/strong> en general, la transformaci\u00f3n de algunos de estos hoteles en viviendas u otros usos sociales. Adem\u00e1s, propuso una<strong>\u00a0bajada del n\u00famero de turistas los meses de verano y una reducci\u00f3n de los coches de alquiler<\/strong>. Unas medidas, \u201cnada f\u00e1ciles\u201d,\u00a0 y que rayan en lo ut\u00f3pico, pero que seg\u00fan este Foro Ciudadano hay que aplicar de forma gradual antes de que el actual modelo se haga ingobernable e irreversible.<\/div>\n<\/section>\n<\/div>\n<div data-comitium-article-image=\"4476582\"><\/div>\n<h2 data-comitium-article-image=\"4476582\">La necesaria sostenibilidad y excelencia tur\u00edstica en Baleares<\/h2>\n<div class=\"cke-element cke-element--102\">\n<section class=\"c-related-article\">\n<div data-comitium-article-image=\"4476582\"><\/div>\n<div data-comitium-article-image=\"4476582\">Y advierten al Govern que en esta transici\u00f3n hacia la sostenibilidad y el cambio de modelo debe realizarse con la participaci\u00f3n de toda la ciudadan\u00eda. Solicitan la implantaci\u00f3n de una estrategia que tenga como objetivo un <strong>decrecimiento controlado del n\u00famero de turistas<\/strong>, un proyecto de diversificaci\u00f3n econ\u00f3mica, el aumento del bienestar y la prosperidad para todos. Un proyecto que lance una <strong>nueva imagen mundial de las islas<\/strong> m\u00e1s acorde con los objetivos de <strong>sostenibilidad y excelencia tur\u00edstica<\/strong> que deben ser las bases del futuro.<\/div>\n<div data-comitium-article-image=\"4476582\"><\/div>\n<div data-comitium-article-image=\"4476582\">Y desde el punto de vista del negocio inmobiliario, ha sido la <strong>Asociaci\u00f3n Balear de Inmobiliarias Nacionales e Internacionales (ABINI)<\/strong>, la primera en aparecer en la palestra se\u00f1alando como \u00abpreocupante\u00bb y hasta de \u00abalarmante\u00bb la <strong>bajada de ventas de viviendas a extranjeros<\/strong> en el Archipi\u00e9lago. Seg\u00fan los recientes datos del Colegio de Registradores correspondientes al segundo trimestre,\u00a0 Baleares se situ\u00f3 como<strong>\u00a0la comunidad aut\u00f3noma con un descenso m\u00e1s pronunciado<\/strong>\u00a0de las ventas a compradores extranjeros, una ca\u00edda de las operaciones que alcanz\u00f3 el 28 %.<\/div>\n<\/section>\n<\/div>\n<div data-comitium-article-image=\"4476582\"><\/div>\n<h2 data-comitium-article-image=\"4476582\">Las compras de vivienda por extranjeros a la baja desde enero<\/h2>\n<div class=\"cke-element cke-element--102\">\n<section class=\"c-related-article\">\n<div data-comitium-article-image=\"4476582\"><\/div>\n<\/section>\n<\/div>\n<div id=\"post-text-box\" class=\"unregistered-content\">Hay que indicar que, a pesar de este descenso, Baleares contin\u00faa siendo <strong>la segunda comunidad con la cuota m\u00e1s alta de ventas a extranjeros, situada en un 30,4 %<\/strong>. Solo Canarias mantiene un porcentaje m\u00e1s elevado (30,6 %).<\/div>\n<div id=\"post-text-hidden\">\n<div id=\"intext\" class=\"henneoHB henneoHB-intext\" data-google-query-id=\"COqty_3tqYEDFUTd3godg_cNiw\">\n<div><\/div>\n<div id=\"google_ads_iframe_\/34616581,29015917\/gs-ultimahora\/noticias\/noticia\/intext_0__container__\">Lo alarmante para ABINI es que los datos de los registradores de este segundo trimestre consolidan la <strong>tendencia a la baja iniciada en enero<\/strong>. Una tendencia que, a su entender, est\u00e1 evidenciada por \u00abdatos que empiezan a ser alarmantes\u00bb y que dibujan un panorama que no favorece la econom\u00eda de las Islas.<\/div>\n<\/div>\n<p>No todos los problemas causantes\u00a0 de este descenso son locales, sino que tienen mucho que ver con la <strong>situaci\u00f3n econ\u00f3mica de los pa\u00edses del centro y norte de Europa<\/strong>, empezando por Alemania (principal emisor de compradores extranjeros) y siguiendo por Reino Unido y Pa\u00edses N\u00f3rdicos.\u00a0 De hecho, la recesi\u00f3n alemana y la paralizaci\u00f3n de su mercado inmobiliario es un elemento clave, si no el m\u00e1s importante, en este contexto. A ello se le une un importante <strong>aumento de los intereses<\/strong> y otros factores como el <strong>Brexit<\/strong> o la reducci\u00f3n de la capacidad adquisitiva del mercado sueco.<\/p>\n<h2>Impuestos y enfriamiento de la econom\u00eda perjudical al inmobiliario en Baleares<\/h2>\n<p>A los condicionantes internacionales suma ABINI otros relacionados con la legislaci\u00f3n auton\u00f3mica, como el <strong>incremento de los impuestos sobre vivienda<\/strong>. En las Islas se paga pr\u00e1cticamente el doble que en Madrid en Impuesto de Transmisiones Patrimoniales (un 12 % para compras de entre uno y dos millones de euros y de un 13 % para las de m\u00e1s de tres millones).<\/p>\n<div id=\"entreparrafos\" class=\"entre-parrafos\">\n<div id=\"body_modal_2SixTI9ZTlZpn4D0K3HU\">\n<div id=\"u_body\" class=\"u_body\">\n<div id=\"u_row_1\" class=\"u_row\">\n<div class=\"container\">\n<div class=\"u-row\">\n<div id=\"u_column_1\" class=\"u-col u-col-100 u_column\">\n<div id=\"u_content_image_1\" class=\"u_content_image hide-mobile\">En este sentido, la asociaci\u00f3n \u00a0advierte de que<strong>\u00a0la econom\u00eda de la comunidad \u00abse va a ver perjudicada si se mantiene esta bajada de ventas<\/strong>. Entre sus argumentos, que el mercado extranjero ha sido pieza capital en el impulso de una robusta <strong>industria que genera m\u00e1s del 20 % del PIB en las Isla<\/strong>.<\/div>\n<\/div>\n<h2><\/h2>\n<h2>La estructura tur\u00edstica est\u00e1 pensada para el turismo de masas<\/h2>\n<div id=\"u_column_1\" class=\"u-col u-col-100 u_column\">\n<div><\/div>\n<div>La situaci\u00f3n es compleja, porque el modelo tur\u00edstico desarrollado en Baleares contempla todas las posibilidades. Y si bien es cierto que a los compradores de vivienda y a los turistas del lujo les desagrada la masificaci\u00f3n que impone el turismo low cost, que aleja las islas de su ideal de tranquilidad y vida mediterr\u00e1nea, tambi\u00e9n es cierto que <strong>la estructura tur\u00edstica actual de Baleares no puede sobrevivir sin este turismo barato<\/strong> que inunda las islas en verano y convierte el anta\u00f1o id\u00edlico para\u00edso balear en algo que raya en lo chabacano y molesto. Hay decenas de miles de puestos de trabajo que dependen de ese modelo de turismo de verano.<\/div>\n<\/div>\n<\/div>\n<\/div>\n<\/div>\n<\/div>\n<\/div>\n<\/div>\n<\/div>\n<\/div><\/div><style type=\"text\/css\">.fusion-body .fusion-builder-column-0{width:100% !important;margin-top : 0px;margin-bottom : 0px;}.fusion-builder-column-0 > .fusion-column-wrapper {padding-top : 0px !important;padding-right : 0px !important;margin-right : 1.92%;padding-bottom : 0px !important;padding-left : 0px !important;margin-left : 1.92%;}@media only screen and (max-width:1024px) {.fusion-body .fusion-builder-column-0{width:100% !important;}.fusion-builder-column-0 > .fusion-column-wrapper {margin-right : 1.92%;margin-left : 1.92%;}}@media only screen and (max-width:640px) {.fusion-body .fusion-builder-column-0{width:100% !important;}.fusion-builder-column-0 > .fusion-column-wrapper {margin-right : 1.92%;margin-left : 1.92%;}}<\/style><\/div><\/div><style type=\"text\/css\">.fusion-body .fusion-flex-container.fusion-builder-row-1{ padding-top : 0px;margin-top : 0px;padding-right : 0px;padding-bottom : 0px;margin-bottom : 0px;padding-left : 0px;}<\/style><\/div>\n","protected":false},"excerpt":{"rendered":"<p>La Asociaci\u00f3n Balear de Inmobiliarias Nacionales e Internacionales (ABINI) se\u00f1ala como \u00abpreocupante\u00bb y hasta de \u00abalarmante\u00bb la bajada de ventas de viviendas a extranjeros en el Archipi\u00e9lago. Seg\u00fan los recientes datos del Colegio de Registradores correspondientes al segundo trimestre,\u00a0 Baleares ha sufrido una ca\u00edda de las operaciones que alcanz\u00f3 el 28 %.<\/p>\n","protected":false},"author":3,"featured_media":44373,"comment_status":"open","ping_status":"closed","sticky":false,"template":"","format":"standard","meta":{"_jetpack_memberships_contains_paid_content":false,"footnotes":"","jetpack_publicize_message":"","jetpack_publicize_feature_enabled":true,"jetpack_social_post_already_shared":false,"jetpack_social_options":{"image_generator_settings":{"template":"highway","default_image_id":0,"font":"","enabled":false},"version":2}},"categories":[100],"tags":[8128,7568],"class_list":["post-45335","post","type-post","status-publish","format-standard","has-post-thumbnail","hentry","category-compraventa-de-viviendas","tag-newsletter-427","tag-noticia-de-portada"],"yoast_head":"<!-- This site is optimized with the Yoast SEO plugin v28.2 - https:\/\/yoast.com\/product\/yoast-seo-wordpress\/ -->\n<title>El mercado inmobiliario en Baleares muestra debilidades<\/title>\n<meta name=\"description\" content=\"Baleares se situ\u00f3 como\u00a0la comunidad aut\u00f3noma con un descenso m\u00e1s pronunciado\u00a0de las ventas a compradores extranjeros\" \/>\n<meta name=\"robots\" content=\"index, follow, max-snippet:-1, max-image-preview:large, max-video-preview:-1\" \/>\n<link rel=\"canonical\" href=\"https:\/\/www.aquimicasa.net\/blog\/vivienda\/compraventa-de-viviendas\/el-mercado-inmobiliario-en-baleares-muestra-debilidades\/\" \/>\n<meta property=\"og:locale\" content=\"es_ES\" \/>\n<meta property=\"og:type\" content=\"article\" \/>\n<meta property=\"og:title\" content=\"El mercado inmobiliario en Baleares muestra debilidades\" \/>\n<meta property=\"og:description\" content=\"Baleares se situ\u00f3 como\u00a0la comunidad aut\u00f3noma con un descenso m\u00e1s pronunciado\u00a0de las ventas a compradores extranjeros\" \/>\n<meta property=\"og:url\" content=\"https:\/\/www.aquimicasa.net\/blog\/vivienda\/compraventa-de-viviendas\/el-mercado-inmobiliario-en-baleares-muestra-debilidades\/\" \/>\n<meta property=\"og:site_name\" content=\"Blog de aquimicasa.net\" \/>\n<meta property=\"article:publisher\" content=\"https:\/\/www.facebook.com\/aquimicasa.net\" \/>\n<meta property=\"article:published_time\" content=\"2023-09-16T20:37:47+00:00\" \/>\n<meta property=\"og:image\" content=\"https:\/\/www.aquimicasa.net\/blog\/wp-content\/uploads\/Palma-de-Mallorca1-3-e1685387358581.jpg\" \/>\n\t<meta property=\"og:image:width\" content=\"400\" \/>\n\t<meta property=\"og:image:height\" content=\"217\" \/>\n\t<meta property=\"og:image:type\" content=\"image\/jpeg\" \/>\n<meta name=\"author\" content=\"Eduardo Lizarraga\" \/>\n<meta name=\"twitter:label1\" content=\"Escrito por\" \/>\n\t<meta name=\"twitter:data1\" content=\"Eduardo Lizarraga\" \/>\n\t<meta name=\"twitter:label2\" content=\"Tiempo de lectura\" \/>\n\t<meta name=\"twitter:data2\" content=\"6 minutos\" \/>\n<script type=\"application\/ld+json\" class=\"yoast-schema-graph\">{\"@context\":\"https:\\\/\\\/schema.org\",\"@graph\":[{\"@type\":\"Article\",\"@id\":\"https:\\\/\\\/www.aquimicasa.net\\\/blog\\\/vivienda\\\/compraventa-de-viviendas\\\/el-mercado-inmobiliario-en-baleares-muestra-debilidades\\\/#article\",\"isPartOf\":{\"@id\":\"https:\\\/\\\/www.aquimicasa.net\\\/blog\\\/vivienda\\\/compraventa-de-viviendas\\\/el-mercado-inmobiliario-en-baleares-muestra-debilidades\\\/\"},\"author\":{\"name\":\"Eduardo Lizarraga\",\"@id\":\"https:\\\/\\\/www.aquimicasa.net\\\/blog\\\/#\\\/schema\\\/person\\\/2cdfa2605534583395c8d7ce1d6cac14\"},\"headline\":\"El mercado inmobiliario en Baleares muestra debilidades\",\"datePublished\":\"2023-09-16T20:37:47+00:00\",\"mainEntityOfPage\":{\"@id\":\"https:\\\/\\\/www.aquimicasa.net\\\/blog\\\/vivienda\\\/compraventa-de-viviendas\\\/el-mercado-inmobiliario-en-baleares-muestra-debilidades\\\/\"},\"wordCount\":1426,\"commentCount\":0,\"publisher\":{\"@id\":\"https:\\\/\\\/www.aquimicasa.net\\\/blog\\\/#organization\"},\"image\":{\"@id\":\"https:\\\/\\\/www.aquimicasa.net\\\/blog\\\/vivienda\\\/compraventa-de-viviendas\\\/el-mercado-inmobiliario-en-baleares-muestra-debilidades\\\/#primaryimage\"},\"thumbnailUrl\":\"https:\\\/\\\/www.aquimicasa.net\\\/blog\\\/wp-content\\\/uploads\\\/Palma-de-Mallorca1-3-e1685387358581.jpg\",\"keywords\":[\"newsletter 427\",\"noticia de portada\"],\"articleSection\":[\"Compra Venta\"],\"inLanguage\":\"es\",\"potentialAction\":[{\"@type\":\"CommentAction\",\"name\":\"Comment\",\"target\":[\"https:\\\/\\\/www.aquimicasa.net\\\/blog\\\/vivienda\\\/compraventa-de-viviendas\\\/el-mercado-inmobiliario-en-baleares-muestra-debilidades\\\/#respond\"]}]},{\"@type\":\"WebPage\",\"@id\":\"https:\\\/\\\/www.aquimicasa.net\\\/blog\\\/vivienda\\\/compraventa-de-viviendas\\\/el-mercado-inmobiliario-en-baleares-muestra-debilidades\\\/\",\"url\":\"https:\\\/\\\/www.aquimicasa.net\\\/blog\\\/vivienda\\\/compraventa-de-viviendas\\\/el-mercado-inmobiliario-en-baleares-muestra-debilidades\\\/\",\"name\":\"El mercado inmobiliario en Baleares muestra debilidades\",\"isPartOf\":{\"@id\":\"https:\\\/\\\/www.aquimicasa.net\\\/blog\\\/#website\"},\"primaryImageOfPage\":{\"@id\":\"https:\\\/\\\/www.aquimicasa.net\\\/blog\\\/vivienda\\\/compraventa-de-viviendas\\\/el-mercado-inmobiliario-en-baleares-muestra-debilidades\\\/#primaryimage\"},\"image\":{\"@id\":\"https:\\\/\\\/www.aquimicasa.net\\\/blog\\\/vivienda\\\/compraventa-de-viviendas\\\/el-mercado-inmobiliario-en-baleares-muestra-debilidades\\\/#primaryimage\"},\"thumbnailUrl\":\"https:\\\/\\\/www.aquimicasa.net\\\/blog\\\/wp-content\\\/uploads\\\/Palma-de-Mallorca1-3-e1685387358581.jpg\",\"datePublished\":\"2023-09-16T20:37:47+00:00\",\"description\":\"Baleares se situ\u00f3 como\u00a0la comunidad aut\u00f3noma con un descenso m\u00e1s pronunciado\u00a0de las ventas a compradores extranjeros\",\"breadcrumb\":{\"@id\":\"https:\\\/\\\/www.aquimicasa.net\\\/blog\\\/vivienda\\\/compraventa-de-viviendas\\\/el-mercado-inmobiliario-en-baleares-muestra-debilidades\\\/#breadcrumb\"},\"inLanguage\":\"es\",\"potentialAction\":[{\"@type\":\"ReadAction\",\"target\":[\"https:\\\/\\\/www.aquimicasa.net\\\/blog\\\/vivienda\\\/compraventa-de-viviendas\\\/el-mercado-inmobiliario-en-baleares-muestra-debilidades\\\/\"]}]},{\"@type\":\"ImageObject\",\"inLanguage\":\"es\",\"@id\":\"https:\\\/\\\/www.aquimicasa.net\\\/blog\\\/vivienda\\\/compraventa-de-viviendas\\\/el-mercado-inmobiliario-en-baleares-muestra-debilidades\\\/#primaryimage\",\"url\":\"https:\\\/\\\/www.aquimicasa.net\\\/blog\\\/wp-content\\\/uploads\\\/Palma-de-Mallorca1-3-e1685387358581.jpg\",\"contentUrl\":\"https:\\\/\\\/www.aquimicasa.net\\\/blog\\\/wp-content\\\/uploads\\\/Palma-de-Mallorca1-3-e1685387358581.jpg\",\"width\":400,\"height\":217,\"caption\":\"Desciende la compra de viviendas por extranjeros en Baleares\"},{\"@type\":\"BreadcrumbList\",\"@id\":\"https:\\\/\\\/www.aquimicasa.net\\\/blog\\\/vivienda\\\/compraventa-de-viviendas\\\/el-mercado-inmobiliario-en-baleares-muestra-debilidades\\\/#breadcrumb\",\"itemListElement\":[{\"@type\":\"ListItem\",\"position\":1,\"name\":\"Portada\",\"item\":\"https:\\\/\\\/www.aquimicasa.net\\\/blog\\\/\"},{\"@type\":\"ListItem\",\"position\":2,\"name\":\"El mercado inmobiliario en Baleares muestra debilidades\"}]},{\"@type\":\"WebSite\",\"@id\":\"https:\\\/\\\/www.aquimicasa.net\\\/blog\\\/#website\",\"url\":\"https:\\\/\\\/www.aquimicasa.net\\\/blog\\\/\",\"name\":\"Blog de aquimicasa.net\",\"description\":\"Noticias del Mundo Inmobiliario\",\"publisher\":{\"@id\":\"https:\\\/\\\/www.aquimicasa.net\\\/blog\\\/#organization\"},\"potentialAction\":[{\"@type\":\"SearchAction\",\"target\":{\"@type\":\"EntryPoint\",\"urlTemplate\":\"https:\\\/\\\/www.aquimicasa.net\\\/blog\\\/?s={search_term_string}\"},\"query-input\":{\"@type\":\"PropertyValueSpecification\",\"valueRequired\":true,\"valueName\":\"search_term_string\"}}],\"inLanguage\":\"es\"},{\"@type\":\"Organization\",\"@id\":\"https:\\\/\\\/www.aquimicasa.net\\\/blog\\\/#organization\",\"name\":\"Blog de aquimicasa.net\",\"url\":\"https:\\\/\\\/www.aquimicasa.net\\\/blog\\\/\",\"logo\":{\"@type\":\"ImageObject\",\"inLanguage\":\"es\",\"@id\":\"https:\\\/\\\/www.aquimicasa.net\\\/blog\\\/#\\\/schema\\\/logo\\\/image\\\/\",\"url\":\"https:\\\/\\\/www.aquimicasa.net\\\/blog\\\/wp-content\\\/uploads\\\/Logo-aquimicasa-1-e1528048213782.png\",\"contentUrl\":\"https:\\\/\\\/www.aquimicasa.net\\\/blog\\\/wp-content\\\/uploads\\\/Logo-aquimicasa-1-e1528048213782.png\",\"width\":225,\"height\":225,\"caption\":\"Blog de aquimicasa.net\"},\"image\":{\"@id\":\"https:\\\/\\\/www.aquimicasa.net\\\/blog\\\/#\\\/schema\\\/logo\\\/image\\\/\"},\"sameAs\":[\"https:\\\/\\\/www.facebook.com\\\/aquimicasa.net\",\"https:\\\/\\\/www.instagram.com\\\/\",\"https:\\\/\\\/x.com\\\/EduLizarragaD\",\"https:\\\/\\\/www.linkedin.com\\\/feed\\\/\"]},{\"@type\":\"Person\",\"@id\":\"https:\\\/\\\/www.aquimicasa.net\\\/blog\\\/#\\\/schema\\\/person\\\/2cdfa2605534583395c8d7ce1d6cac14\",\"name\":\"Eduardo Lizarraga\",\"image\":{\"@type\":\"ImageObject\",\"inLanguage\":\"es\",\"@id\":\"https:\\\/\\\/secure.gravatar.com\\\/avatar\\\/bdabe1eeeed97b65a9cb7de2edd624b07995f7e13abc5fead15961f745f908cc?s=96&d=mm&r=g\",\"url\":\"https:\\\/\\\/secure.gravatar.com\\\/avatar\\\/bdabe1eeeed97b65a9cb7de2edd624b07995f7e13abc5fead15961f745f908cc?s=96&d=mm&r=g\",\"contentUrl\":\"https:\\\/\\\/secure.gravatar.com\\\/avatar\\\/bdabe1eeeed97b65a9cb7de2edd624b07995f7e13abc5fead15961f745f908cc?s=96&d=mm&r=g\",\"caption\":\"Eduardo Lizarraga\"},\"description\":\"Periodista Econ\u00f3mico. Ha trabajado en diversos campos de la informaci\u00f3n. Corresponsal en conflictos, analista pol\u00edtico en Congreso y Senado, periodista del medio ambiente, editor, director editorial, director de comunicaci\u00f3n.... En estos momentos se ha especializado en el sector inmobiliario. Pero tambi\u00e9n es navegante y viajero, preocupado por la pobreza, el medio ambiente y por las actuaciones descontroladas del neoliberalismo empresarial y pol\u00edtico en todo el mundo. Los desahucios, la pobreza infantil y la falta de acceso a los suministros b\u00e1sicos son algunos de los grandes dramas de nuestra sociedad y que es preciso solucionar para hacerla m\u00e1s justa. CEO en www.aquimicasa.net\",\"sameAs\":[\"https:\\\/\\\/www.aquimicasa.net\\\/\"],\"url\":\"https:\\\/\\\/www.aquimicasa.net\\\/blog\\\/author\\\/eduardo\\\/\"}]}<\/script>\n<!-- \/ Yoast SEO plugin. -->","yoast_head_json":{"title":"El mercado inmobiliario en Baleares muestra debilidades","description":"Baleares se situ\u00f3 como\u00a0la comunidad aut\u00f3noma con un descenso m\u00e1s pronunciado\u00a0de las ventas a compradores extranjeros","robots":{"index":"index","follow":"follow","max-snippet":"max-snippet:-1","max-image-preview":"max-image-preview:large","max-video-preview":"max-video-preview:-1"},"canonical":"https:\/\/www.aquimicasa.net\/blog\/vivienda\/compraventa-de-viviendas\/el-mercado-inmobiliario-en-baleares-muestra-debilidades\/","og_locale":"es_ES","og_type":"article","og_title":"El mercado inmobiliario en Baleares muestra debilidades","og_description":"Baleares se situ\u00f3 como\u00a0la comunidad aut\u00f3noma con un descenso m\u00e1s pronunciado\u00a0de las ventas a compradores extranjeros","og_url":"https:\/\/www.aquimicasa.net\/blog\/vivienda\/compraventa-de-viviendas\/el-mercado-inmobiliario-en-baleares-muestra-debilidades\/","og_site_name":"Blog de aquimicasa.net","article_publisher":"https:\/\/www.facebook.com\/aquimicasa.net","article_published_time":"2023-09-16T20:37:47+00:00","og_image":[{"width":400,"height":217,"url":"https:\/\/www.aquimicasa.net\/blog\/wp-content\/uploads\/Palma-de-Mallorca1-3-e1685387358581.jpg","type":"image\/jpeg"}],"author":"Eduardo Lizarraga","twitter_misc":{"Escrito por":"Eduardo Lizarraga","Tiempo de lectura":"6 minutos"},"schema":{"@context":"https:\/\/schema.org","@graph":[{"@type":"Article","@id":"https:\/\/www.aquimicasa.net\/blog\/vivienda\/compraventa-de-viviendas\/el-mercado-inmobiliario-en-baleares-muestra-debilidades\/#article","isPartOf":{"@id":"https:\/\/www.aquimicasa.net\/blog\/vivienda\/compraventa-de-viviendas\/el-mercado-inmobiliario-en-baleares-muestra-debilidades\/"},"author":{"name":"Eduardo Lizarraga","@id":"https:\/\/www.aquimicasa.net\/blog\/#\/schema\/person\/2cdfa2605534583395c8d7ce1d6cac14"},"headline":"El mercado inmobiliario en Baleares muestra debilidades","datePublished":"2023-09-16T20:37:47+00:00","mainEntityOfPage":{"@id":"https:\/\/www.aquimicasa.net\/blog\/vivienda\/compraventa-de-viviendas\/el-mercado-inmobiliario-en-baleares-muestra-debilidades\/"},"wordCount":1426,"commentCount":0,"publisher":{"@id":"https:\/\/www.aquimicasa.net\/blog\/#organization"},"image":{"@id":"https:\/\/www.aquimicasa.net\/blog\/vivienda\/compraventa-de-viviendas\/el-mercado-inmobiliario-en-baleares-muestra-debilidades\/#primaryimage"},"thumbnailUrl":"https:\/\/www.aquimicasa.net\/blog\/wp-content\/uploads\/Palma-de-Mallorca1-3-e1685387358581.jpg","keywords":["newsletter 427","noticia de portada"],"articleSection":["Compra Venta"],"inLanguage":"es","potentialAction":[{"@type":"CommentAction","name":"Comment","target":["https:\/\/www.aquimicasa.net\/blog\/vivienda\/compraventa-de-viviendas\/el-mercado-inmobiliario-en-baleares-muestra-debilidades\/#respond"]}]},{"@type":"WebPage","@id":"https:\/\/www.aquimicasa.net\/blog\/vivienda\/compraventa-de-viviendas\/el-mercado-inmobiliario-en-baleares-muestra-debilidades\/","url":"https:\/\/www.aquimicasa.net\/blog\/vivienda\/compraventa-de-viviendas\/el-mercado-inmobiliario-en-baleares-muestra-debilidades\/","name":"El mercado inmobiliario en Baleares muestra debilidades","isPartOf":{"@id":"https:\/\/www.aquimicasa.net\/blog\/#website"},"primaryImageOfPage":{"@id":"https:\/\/www.aquimicasa.net\/blog\/vivienda\/compraventa-de-viviendas\/el-mercado-inmobiliario-en-baleares-muestra-debilidades\/#primaryimage"},"image":{"@id":"https:\/\/www.aquimicasa.net\/blog\/vivienda\/compraventa-de-viviendas\/el-mercado-inmobiliario-en-baleares-muestra-debilidades\/#primaryimage"},"thumbnailUrl":"https:\/\/www.aquimicasa.net\/blog\/wp-content\/uploads\/Palma-de-Mallorca1-3-e1685387358581.jpg","datePublished":"2023-09-16T20:37:47+00:00","description":"Baleares se situ\u00f3 como\u00a0la comunidad aut\u00f3noma con un descenso m\u00e1s pronunciado\u00a0de las ventas a compradores extranjeros","breadcrumb":{"@id":"https:\/\/www.aquimicasa.net\/blog\/vivienda\/compraventa-de-viviendas\/el-mercado-inmobiliario-en-baleares-muestra-debilidades\/#breadcrumb"},"inLanguage":"es","potentialAction":[{"@type":"ReadAction","target":["https:\/\/www.aquimicasa.net\/blog\/vivienda\/compraventa-de-viviendas\/el-mercado-inmobiliario-en-baleares-muestra-debilidades\/"]}]},{"@type":"ImageObject","inLanguage":"es","@id":"https:\/\/www.aquimicasa.net\/blog\/vivienda\/compraventa-de-viviendas\/el-mercado-inmobiliario-en-baleares-muestra-debilidades\/#primaryimage","url":"https:\/\/www.aquimicasa.net\/blog\/wp-content\/uploads\/Palma-de-Mallorca1-3-e1685387358581.jpg","contentUrl":"https:\/\/www.aquimicasa.net\/blog\/wp-content\/uploads\/Palma-de-Mallorca1-3-e1685387358581.jpg","width":400,"height":217,"caption":"Desciende la compra de viviendas por extranjeros en Baleares"},{"@type":"BreadcrumbList","@id":"https:\/\/www.aquimicasa.net\/blog\/vivienda\/compraventa-de-viviendas\/el-mercado-inmobiliario-en-baleares-muestra-debilidades\/#breadcrumb","itemListElement":[{"@type":"ListItem","position":1,"name":"Portada","item":"https:\/\/www.aquimicasa.net\/blog\/"},{"@type":"ListItem","position":2,"name":"El mercado inmobiliario en Baleares muestra debilidades"}]},{"@type":"WebSite","@id":"https:\/\/www.aquimicasa.net\/blog\/#website","url":"https:\/\/www.aquimicasa.net\/blog\/","name":"Blog de aquimicasa.net","description":"Noticias del Mundo Inmobiliario","publisher":{"@id":"https:\/\/www.aquimicasa.net\/blog\/#organization"},"potentialAction":[{"@type":"SearchAction","target":{"@type":"EntryPoint","urlTemplate":"https:\/\/www.aquimicasa.net\/blog\/?s={search_term_string}"},"query-input":{"@type":"PropertyValueSpecification","valueRequired":true,"valueName":"search_term_string"}}],"inLanguage":"es"},{"@type":"Organization","@id":"https:\/\/www.aquimicasa.net\/blog\/#organization","name":"Blog de aquimicasa.net","url":"https:\/\/www.aquimicasa.net\/blog\/","logo":{"@type":"ImageObject","inLanguage":"es","@id":"https:\/\/www.aquimicasa.net\/blog\/#\/schema\/logo\/image\/","url":"https:\/\/www.aquimicasa.net\/blog\/wp-content\/uploads\/Logo-aquimicasa-1-e1528048213782.png","contentUrl":"https:\/\/www.aquimicasa.net\/blog\/wp-content\/uploads\/Logo-aquimicasa-1-e1528048213782.png","width":225,"height":225,"caption":"Blog de aquimicasa.net"},"image":{"@id":"https:\/\/www.aquimicasa.net\/blog\/#\/schema\/logo\/image\/"},"sameAs":["https:\/\/www.facebook.com\/aquimicasa.net","https:\/\/www.instagram.com\/","https:\/\/x.com\/EduLizarragaD","https:\/\/www.linkedin.com\/feed\/"]},{"@type":"Person","@id":"https:\/\/www.aquimicasa.net\/blog\/#\/schema\/person\/2cdfa2605534583395c8d7ce1d6cac14","name":"Eduardo Lizarraga","image":{"@type":"ImageObject","inLanguage":"es","@id":"https:\/\/secure.gravatar.com\/avatar\/bdabe1eeeed97b65a9cb7de2edd624b07995f7e13abc5fead15961f745f908cc?s=96&d=mm&r=g","url":"https:\/\/secure.gravatar.com\/avatar\/bdabe1eeeed97b65a9cb7de2edd624b07995f7e13abc5fead15961f745f908cc?s=96&d=mm&r=g","contentUrl":"https:\/\/secure.gravatar.com\/avatar\/bdabe1eeeed97b65a9cb7de2edd624b07995f7e13abc5fead15961f745f908cc?s=96&d=mm&r=g","caption":"Eduardo Lizarraga"},"description":"Periodista Econ\u00f3mico. Ha trabajado en diversos campos de la informaci\u00f3n. Corresponsal en conflictos, analista pol\u00edtico en Congreso y Senado, periodista del medio ambiente, editor, director editorial, director de comunicaci\u00f3n.... En estos momentos se ha especializado en el sector inmobiliario. Pero tambi\u00e9n es navegante y viajero, preocupado por la pobreza, el medio ambiente y por las actuaciones descontroladas del neoliberalismo empresarial y pol\u00edtico en todo el mundo. Los desahucios, la pobreza infantil y la falta de acceso a los suministros b\u00e1sicos son algunos de los grandes dramas de nuestra sociedad y que es preciso solucionar para hacerla m\u00e1s justa. CEO en www.aquimicasa.net","sameAs":["https:\/\/www.aquimicasa.net\/"],"url":"https:\/\/www.aquimicasa.net\/blog\/author\/eduardo\/"}]}},"jetpack_publicize_connections":[],"jetpack_featured_media_url":"https:\/\/www.aquimicasa.net\/blog\/wp-content\/uploads\/Palma-de-Mallorca1-3-e1685387358581.jpg","jetpack_sharing_enabled":true,"jetpack_likes_enabled":true,"_links":{"self":[{"href":"https:\/\/www.aquimicasa.net\/blog\/wp-json\/wp\/v2\/posts\/45335","targetHints":{"allow":["GET"]}}],"collection":[{"href":"https:\/\/www.aquimicasa.net\/blog\/wp-json\/wp\/v2\/posts"}],"about":[{"href":"https:\/\/www.aquimicasa.net\/blog\/wp-json\/wp\/v2\/types\/post"}],"author":[{"embeddable":true,"href":"https:\/\/www.aquimicasa.net\/blog\/wp-json\/wp\/v2\/users\/3"}],"replies":[{"embeddable":true,"href":"https:\/\/www.aquimicasa.net\/blog\/wp-json\/wp\/v2\/comments?post=45335"}],"version-history":[{"count":9,"href":"https:\/\/www.aquimicasa.net\/blog\/wp-json\/wp\/v2\/posts\/45335\/revisions"}],"predecessor-version":[{"id":45358,"href":"https:\/\/www.aquimicasa.net\/blog\/wp-json\/wp\/v2\/posts\/45335\/revisions\/45358"}],"wp:featuredmedia":[{"embeddable":true,"href":"https:\/\/www.aquimicasa.net\/blog\/wp-json\/wp\/v2\/media\/44373"}],"wp:attachment":[{"href":"https:\/\/www.aquimicasa.net\/blog\/wp-json\/wp\/v2\/media?parent=45335"}],"wp:term":[{"taxonomy":"category","embeddable":true,"href":"https:\/\/www.aquimicasa.net\/blog\/wp-json\/wp\/v2\/categories?post=45335"},{"taxonomy":"post_tag","embeddable":true,"href":"https:\/\/www.aquimicasa.net\/blog\/wp-json\/wp\/v2\/tags?post=45335"}],"curies":[{"name":"wp","href":"https:\/\/api.w.org\/{rel}","templated":true}]}}