{"id":45398,"date":"2023-09-20T00:11:52","date_gmt":"2023-09-19T22:11:52","guid":{"rendered":"https:\/\/www.aquimicasa.net\/blog\/?p=45398"},"modified":"2023-09-20T00:14:08","modified_gmt":"2023-09-19T22:14:08","slug":"el-euribor-impulsado-por-el-bce-destroza-la-economia-familiar","status":"publish","type":"post","link":"https:\/\/www.aquimicasa.net\/blog\/vivienda\/compraventa-de-viviendas\/el-euribor-impulsado-por-el-bce-destroza-la-economia-familiar\/","title":{"rendered":"El euribor impulsado por el BCE destroza la econom\u00eda familiar"},"content":{"rendered":"<div class=\"fusion-fullwidth fullwidth-box fusion-builder-row-1 fusion-flex-container nonhundred-percent-fullwidth non-hundred-percent-height-scrolling\" style=\"background-color: rgba(255,255,255,0);background-position: center center;background-repeat: no-repeat;border-width: 0px 0px 0px 0px;border-color:#eae9e9;border-style:solid;\" ><div class=\"fusion-builder-row fusion-row fusion-flex-align-items-flex-start\" style=\"max-width:1144px;margin-left: calc(-4% \/ 2 );margin-right: calc(-4% \/ 2 );\"><div class=\"fusion-layout-column fusion_builder_column fusion-builder-column-0 fusion_builder_column_1_1 1_1 fusion-flex-column\"><div class=\"fusion-column-wrapper fusion-flex-justify-content-flex-start fusion-content-layout-column\" style=\"background-position:left top;background-repeat:no-repeat;-webkit-background-size:cover;-moz-background-size:cover;-o-background-size:cover;background-size:cover;padding: 0px 0px 0px 0px;\"><div class=\"fusion-text fusion-text-1\"><p class=\"\">Dicen en sus estatutos que el Comit\u00e9 Ejecutivo, que gestiona el\u00a0<strong>funcionamiento diario<\/strong> del BCE, est\u00e1 compuesto por el presidente y el vicepresidente del BCE, adem\u00e1s de otros cuatro miembros designados por los dirigentes de los pa\u00edses de la zona del euro para un <strong>mandato de ocho a\u00f1os<\/strong>. Es decir, que tenemos a <strong>Christine Lagarde<\/strong> en el BCE con el tiempo suficiente para que acabe con la econom\u00eda de las familias e incremente los beneficios de los bancos hasta donde jam\u00e1s hab\u00edan estado. Y, sin ninguna duda, va camino de ello porque el eur\u00edbor, desde la \u00faltima intervenci\u00f3n del BCE la semana pasada, est\u00e1 disparado.<\/p>\n<h2>El eur\u00edbor contin\u00faa subiendo al son que le marca el BCE<\/h2>\n<p class=\"\">Ayer, 19 de septiembre,\u00a0 ha escalado <strong>hasta el 4,216% en tasa diaria,<\/strong> marcando m\u00e1ximos anuales y el nivel m\u00e1s alto desde el 19 de noviembre de 2008. La media mensual provisional de septiembre se sit\u00faa en el 4,109%. Y la raz\u00f3n de este incremento hay que verla en que, el pasado jueves ,el BCE elev\u00f3 las tasas rectoras en otros 25 puntos b\u00e1sicos, hasta el 4,5%. Ese mismo d\u00eda, el eur\u00edbor anticipaba el movimiento al aumentar 47 mil\u00e9simas en su cotizaci\u00f3n diaria, del 4,112% al 4,159%, su cifra m\u00e1s alta desde el 21 de julio. Y desde ese d\u00eda ha seguido escalando sin resquicios a la esperanza como s\u00ed que hizo durante el pasado mes de agosto.<\/p>\n<p class=\"\">El problema que esgrime el BCE para <strong>continuar subiendo los precios del dinero<\/strong> es que el IPC de la zona euro se moder\u00f3 s\u00f3lo una d\u00e9cima en agosto, hasta el 5,2% interanual, pero a\u00fan queda lejos de la meta del 2% a medio plazo del BCE. Y con ello <strong>vuelven a subir las cuotas de los hipotecados<\/strong> y la desesperaci\u00f3n de las familias que tienen demasiado mes para poco sueldo. Los pr\u00e9stamos variables a los que les toque revisi\u00f3n ver\u00e1n incrementada su cuota en m\u00e1s de 156 euros anuales de media, lo que equivale a unos 1.872 adicionales al a\u00f1o.<\/p>\n<h2>De los beneficios empresariales y su inflencia en la inflaci\u00f3n no se habla<\/h2>\n<div id=\"_wmass_205\">\n<div id=\"jw-s_205205\" class=\"jwplayer jw-reset jw-state-playing jw-stretch-uniform jw-flag-aspect-mode jw-flag-controls-hidden jw-flag-outstream jw-breakpoint-4 jw-flag-ads-googleima jw-flag-ads\" tabindex=\"0\" role=\"application\" aria-label=\"Reproductor de Video\">\n<div>Hace unos d\u00edas apareci\u00f3 el vicepresidente del BCE, <strong>Luis de Guindos<\/strong>, a templar gaitas y a asegurar que los tipos podr\u00edan comenzar a bajar en junio.\u00a0 Y es que las econom\u00edas europeas ya est\u00e1n en recesi\u00f3n y cuando llegue el incremento del paro y los problemas econ\u00f3mico s\u00f3lo veremos a un causante. De momento s\u00f3lo se ha actuado sobre los tipos, dejando los <strong>beneficios empresariales<\/strong> que tambi\u00e9n\u00a0 impulsan la inflaci\u00f3n totalmente al margen.<\/div>\n<div><\/div>\n<div class=\"jw-aspect jw-reset\">Los analistas piensan que <strong>se ha llegado al l\u00edmite y que el eur\u00edbor ya s\u00f3lo subir\u00e1 unas d\u00e9cimas<\/strong> llegando al 4,25%, pero tambi\u00e9n aseguran que <strong>tardar\u00e1 en bajar<\/strong> y podr\u00edan permanecer altos durante m\u00e1s tiempo del previsto.\u00a0 Y puede dejar a muchos hipotecados en el l\u00edmite o sobrepasarlo. Creo que har\u00e1n falta ayudas para sortear lo que viene. Y es que, seg\u00fan la <strong>Asociaci\u00f3n Hipotecaria Espa\u00f1ola<\/strong>, m\u00e1s 4 millones de hogares estaban sujetos a este tipo de hipotecas en junio de 2022, un 70,5% de los m\u00e1s 5,6 millones de pr\u00e9stamos activos en dicho mes, un porcentaje que en 2017 superaba el 91% del total. Actualmente, el n\u00famero de <strong>hipotecas variables en Espa\u00f1a ronda los 3,95 millones<\/strong>.<\/div>\n<\/div>\n<\/div>\n<div><\/div>\n<h2>Se aconseja seguir cambiando la hipoteca a tipo fijo<\/h2>\n<p class=\"\">\u00a0El endurecimiento de la financiaci\u00f3n tambi\u00e9n se ha dejado notar en la compraventa de viviendas durante los \u00faltimos meses, as\u00ed como en la concesi\u00f3n de hipotecas y, en menor medida en los precios, seg\u00fan reflejan las distintas estad\u00edsticas. Actualmente, es pr\u00e1cticamente imposible encontrar hipotecas a tipo fijo por debajo del 3% TAE. Con todo, <strong>los intereses fijos ofrecen seguridad ante el alza del eur\u00edbor.<\/strong> As\u00ed, la tendencia alcista del eur\u00edbor est\u00e1 provocando una ola de cambios de las hipotecas de tipo variable a fijo en lo que llevamos de a\u00f1o.<\/p>\n<\/div><\/div><style type=\"text\/css\">.fusion-body .fusion-builder-column-0{width:100% !important;margin-top : 0px;margin-bottom : 0px;}.fusion-builder-column-0 > .fusion-column-wrapper {padding-top : 0px !important;padding-right : 0px !important;margin-right : 1.92%;padding-bottom : 0px !important;padding-left : 0px !important;margin-left : 1.92%;}@media only screen and (max-width:1024px) {.fusion-body .fusion-builder-column-0{width:100% !important;}.fusion-builder-column-0 > .fusion-column-wrapper {margin-right : 1.92%;margin-left : 1.92%;}}@media only screen and (max-width:640px) {.fusion-body .fusion-builder-column-0{width:100% !important;}.fusion-builder-column-0 > .fusion-column-wrapper {margin-right : 1.92%;margin-left : 1.92%;}}<\/style><\/div><\/div><style type=\"text\/css\">.fusion-body .fusion-flex-container.fusion-builder-row-1{ padding-top : 0px;margin-top : 0px;padding-right : 0px;padding-bottom : 0px;margin-bottom : 0px;padding-left : 0px;}<\/style><\/div>\n","protected":false},"excerpt":{"rendered":"<p>Hace unos d\u00edas apareci\u00f3 el vicepresidente del BCE, Luis de Guindos, a templar gaitas y a asegurar que los tipos podr\u00edan comenzar a bajar en junio.\u00a0 Y es que las econom\u00edas europeas ya est\u00e1n en recesi\u00f3n y cuando llegue el incremento del paro y los problemas econ\u00f3mico s\u00f3lo veremos a un causante. De momento s\u00f3lo se ha actuado sobre los tipos, dejando los beneficios empresariales que tambi\u00e9n\u00a0 impulsan la inflaci\u00f3n totalmente al margen.<\/p>\n","protected":false},"author":3,"featured_media":42062,"comment_status":"open","ping_status":"closed","sticky":false,"template":"","format":"standard","meta":{"_jetpack_memberships_contains_paid_content":false,"footnotes":"","jetpack_publicize_message":"","jetpack_publicize_feature_enabled":true,"jetpack_social_post_already_shared":false,"jetpack_social_options":{"image_generator_settings":{"template":"highway","default_image_id":0,"font":"","enabled":false},"version":2}},"categories":[100],"tags":[8128,7568],"class_list":["post-45398","post","type-post","status-publish","format-standard","has-post-thumbnail","hentry","category-compraventa-de-viviendas","tag-newsletter-427","tag-noticia-de-portada"],"yoast_head":"<!-- This site is optimized with the Yoast SEO plugin v28.2 - https:\/\/yoast.com\/product\/yoast-seo-wordpress\/ -->\n<title>El euribor impulsado por el BCE destroza la econom\u00eda familiar<\/title>\n<meta name=\"description\" content=\"El IPC de la zona euro se moder\u00f3 s\u00f3lo una d\u00e9cima en agosto, hasta el 5,2% interanual, pero a\u00fan queda lejos del 2% marcado por el BCE.\" \/>\n<meta name=\"robots\" content=\"index, follow, max-snippet:-1, max-image-preview:large, max-video-preview:-1\" \/>\n<link rel=\"canonical\" href=\"https:\/\/www.aquimicasa.net\/blog\/vivienda\/compraventa-de-viviendas\/el-euribor-impulsado-por-el-bce-destroza-la-economia-familiar\/\" \/>\n<meta property=\"og:locale\" content=\"es_ES\" \/>\n<meta property=\"og:type\" content=\"article\" \/>\n<meta property=\"og:title\" content=\"El euribor impulsado por el BCE destroza la econom\u00eda familiar\" \/>\n<meta property=\"og:description\" content=\"El IPC de la zona euro se moder\u00f3 s\u00f3lo una d\u00e9cima en agosto, hasta el 5,2% interanual, pero a\u00fan queda lejos del 2% marcado por el BCE.\" \/>\n<meta property=\"og:url\" content=\"https:\/\/www.aquimicasa.net\/blog\/vivienda\/compraventa-de-viviendas\/el-euribor-impulsado-por-el-bce-destroza-la-economia-familiar\/\" \/>\n<meta property=\"og:site_name\" content=\"Blog de aquimicasa.net\" \/>\n<meta property=\"article:publisher\" content=\"https:\/\/www.facebook.com\/aquimicasa.net\" \/>\n<meta property=\"article:published_time\" content=\"2023-09-19T22:11:52+00:00\" \/>\n<meta property=\"article:modified_time\" content=\"2023-09-19T22:14:08+00:00\" \/>\n<meta property=\"og:image\" content=\"https:\/\/www.aquimicasa.net\/blog\/wp-content\/uploads\/Christine-Lagarde-e1664394519231.jpeg\" \/>\n\t<meta property=\"og:image:width\" content=\"400\" \/>\n\t<meta property=\"og:image:height\" content=\"225\" \/>\n\t<meta property=\"og:image:type\" content=\"image\/jpeg\" \/>\n<meta name=\"author\" content=\"Eduardo Lizarraga\" \/>\n<meta name=\"twitter:label1\" content=\"Escrito por\" \/>\n\t<meta name=\"twitter:data1\" content=\"Eduardo Lizarraga\" \/>\n\t<meta name=\"twitter:label2\" content=\"Tiempo de lectura\" \/>\n\t<meta name=\"twitter:data2\" content=\"4 minutos\" \/>\n<script type=\"application\/ld+json\" class=\"yoast-schema-graph\">{\"@context\":\"https:\\\/\\\/schema.org\",\"@graph\":[{\"@type\":\"Article\",\"@id\":\"https:\\\/\\\/www.aquimicasa.net\\\/blog\\\/vivienda\\\/compraventa-de-viviendas\\\/el-euribor-impulsado-por-el-bce-destroza-la-economia-familiar\\\/#article\",\"isPartOf\":{\"@id\":\"https:\\\/\\\/www.aquimicasa.net\\\/blog\\\/vivienda\\\/compraventa-de-viviendas\\\/el-euribor-impulsado-por-el-bce-destroza-la-economia-familiar\\\/\"},\"author\":{\"name\":\"Eduardo Lizarraga\",\"@id\":\"https:\\\/\\\/www.aquimicasa.net\\\/blog\\\/#\\\/schema\\\/person\\\/2cdfa2605534583395c8d7ce1d6cac14\"},\"headline\":\"El euribor impulsado por el BCE destroza la econom\u00eda familiar\",\"datePublished\":\"2023-09-19T22:11:52+00:00\",\"dateModified\":\"2023-09-19T22:14:08+00:00\",\"mainEntityOfPage\":{\"@id\":\"https:\\\/\\\/www.aquimicasa.net\\\/blog\\\/vivienda\\\/compraventa-de-viviendas\\\/el-euribor-impulsado-por-el-bce-destroza-la-economia-familiar\\\/\"},\"wordCount\":928,\"commentCount\":0,\"publisher\":{\"@id\":\"https:\\\/\\\/www.aquimicasa.net\\\/blog\\\/#organization\"},\"image\":{\"@id\":\"https:\\\/\\\/www.aquimicasa.net\\\/blog\\\/vivienda\\\/compraventa-de-viviendas\\\/el-euribor-impulsado-por-el-bce-destroza-la-economia-familiar\\\/#primaryimage\"},\"thumbnailUrl\":\"https:\\\/\\\/www.aquimicasa.net\\\/blog\\\/wp-content\\\/uploads\\\/Christine-Lagarde-e1664394519231.jpeg\",\"keywords\":[\"newsletter 427\",\"noticia de portada\"],\"articleSection\":[\"Compra Venta\"],\"inLanguage\":\"es\",\"potentialAction\":[{\"@type\":\"CommentAction\",\"name\":\"Comment\",\"target\":[\"https:\\\/\\\/www.aquimicasa.net\\\/blog\\\/vivienda\\\/compraventa-de-viviendas\\\/el-euribor-impulsado-por-el-bce-destroza-la-economia-familiar\\\/#respond\"]}]},{\"@type\":\"WebPage\",\"@id\":\"https:\\\/\\\/www.aquimicasa.net\\\/blog\\\/vivienda\\\/compraventa-de-viviendas\\\/el-euribor-impulsado-por-el-bce-destroza-la-economia-familiar\\\/\",\"url\":\"https:\\\/\\\/www.aquimicasa.net\\\/blog\\\/vivienda\\\/compraventa-de-viviendas\\\/el-euribor-impulsado-por-el-bce-destroza-la-economia-familiar\\\/\",\"name\":\"El euribor impulsado por el BCE destroza la econom\u00eda familiar\",\"isPartOf\":{\"@id\":\"https:\\\/\\\/www.aquimicasa.net\\\/blog\\\/#website\"},\"primaryImageOfPage\":{\"@id\":\"https:\\\/\\\/www.aquimicasa.net\\\/blog\\\/vivienda\\\/compraventa-de-viviendas\\\/el-euribor-impulsado-por-el-bce-destroza-la-economia-familiar\\\/#primaryimage\"},\"image\":{\"@id\":\"https:\\\/\\\/www.aquimicasa.net\\\/blog\\\/vivienda\\\/compraventa-de-viviendas\\\/el-euribor-impulsado-por-el-bce-destroza-la-economia-familiar\\\/#primaryimage\"},\"thumbnailUrl\":\"https:\\\/\\\/www.aquimicasa.net\\\/blog\\\/wp-content\\\/uploads\\\/Christine-Lagarde-e1664394519231.jpeg\",\"datePublished\":\"2023-09-19T22:11:52+00:00\",\"dateModified\":\"2023-09-19T22:14:08+00:00\",\"description\":\"El IPC de la zona euro se moder\u00f3 s\u00f3lo una d\u00e9cima en agosto, hasta el 5,2% interanual, pero a\u00fan queda lejos del 2% marcado por el BCE.\",\"breadcrumb\":{\"@id\":\"https:\\\/\\\/www.aquimicasa.net\\\/blog\\\/vivienda\\\/compraventa-de-viviendas\\\/el-euribor-impulsado-por-el-bce-destroza-la-economia-familiar\\\/#breadcrumb\"},\"inLanguage\":\"es\",\"potentialAction\":[{\"@type\":\"ReadAction\",\"target\":[\"https:\\\/\\\/www.aquimicasa.net\\\/blog\\\/vivienda\\\/compraventa-de-viviendas\\\/el-euribor-impulsado-por-el-bce-destroza-la-economia-familiar\\\/\"]}]},{\"@type\":\"ImageObject\",\"inLanguage\":\"es\",\"@id\":\"https:\\\/\\\/www.aquimicasa.net\\\/blog\\\/vivienda\\\/compraventa-de-viviendas\\\/el-euribor-impulsado-por-el-bce-destroza-la-economia-familiar\\\/#primaryimage\",\"url\":\"https:\\\/\\\/www.aquimicasa.net\\\/blog\\\/wp-content\\\/uploads\\\/Christine-Lagarde-e1664394519231.jpeg\",\"contentUrl\":\"https:\\\/\\\/www.aquimicasa.net\\\/blog\\\/wp-content\\\/uploads\\\/Christine-Lagarde-e1664394519231.jpeg\",\"width\":400,\"height\":225,\"caption\":\"Nuevas subidas del euribor llevan a la recesi\u00f3n\"},{\"@type\":\"BreadcrumbList\",\"@id\":\"https:\\\/\\\/www.aquimicasa.net\\\/blog\\\/vivienda\\\/compraventa-de-viviendas\\\/el-euribor-impulsado-por-el-bce-destroza-la-economia-familiar\\\/#breadcrumb\",\"itemListElement\":[{\"@type\":\"ListItem\",\"position\":1,\"name\":\"Portada\",\"item\":\"https:\\\/\\\/www.aquimicasa.net\\\/blog\\\/\"},{\"@type\":\"ListItem\",\"position\":2,\"name\":\"El euribor impulsado por el BCE destroza la econom\u00eda familiar\"}]},{\"@type\":\"WebSite\",\"@id\":\"https:\\\/\\\/www.aquimicasa.net\\\/blog\\\/#website\",\"url\":\"https:\\\/\\\/www.aquimicasa.net\\\/blog\\\/\",\"name\":\"Blog de aquimicasa.net\",\"description\":\"Noticias del Mundo Inmobiliario\",\"publisher\":{\"@id\":\"https:\\\/\\\/www.aquimicasa.net\\\/blog\\\/#organization\"},\"potentialAction\":[{\"@type\":\"SearchAction\",\"target\":{\"@type\":\"EntryPoint\",\"urlTemplate\":\"https:\\\/\\\/www.aquimicasa.net\\\/blog\\\/?s={search_term_string}\"},\"query-input\":{\"@type\":\"PropertyValueSpecification\",\"valueRequired\":true,\"valueName\":\"search_term_string\"}}],\"inLanguage\":\"es\"},{\"@type\":\"Organization\",\"@id\":\"https:\\\/\\\/www.aquimicasa.net\\\/blog\\\/#organization\",\"name\":\"Blog de aquimicasa.net\",\"url\":\"https:\\\/\\\/www.aquimicasa.net\\\/blog\\\/\",\"logo\":{\"@type\":\"ImageObject\",\"inLanguage\":\"es\",\"@id\":\"https:\\\/\\\/www.aquimicasa.net\\\/blog\\\/#\\\/schema\\\/logo\\\/image\\\/\",\"url\":\"https:\\\/\\\/www.aquimicasa.net\\\/blog\\\/wp-content\\\/uploads\\\/Logo-aquimicasa-1-e1528048213782.png\",\"contentUrl\":\"https:\\\/\\\/www.aquimicasa.net\\\/blog\\\/wp-content\\\/uploads\\\/Logo-aquimicasa-1-e1528048213782.png\",\"width\":225,\"height\":225,\"caption\":\"Blog de aquimicasa.net\"},\"image\":{\"@id\":\"https:\\\/\\\/www.aquimicasa.net\\\/blog\\\/#\\\/schema\\\/logo\\\/image\\\/\"},\"sameAs\":[\"https:\\\/\\\/www.facebook.com\\\/aquimicasa.net\",\"https:\\\/\\\/www.instagram.com\\\/\",\"https:\\\/\\\/x.com\\\/EduLizarragaD\",\"https:\\\/\\\/www.linkedin.com\\\/feed\\\/\"]},{\"@type\":\"Person\",\"@id\":\"https:\\\/\\\/www.aquimicasa.net\\\/blog\\\/#\\\/schema\\\/person\\\/2cdfa2605534583395c8d7ce1d6cac14\",\"name\":\"Eduardo Lizarraga\",\"image\":{\"@type\":\"ImageObject\",\"inLanguage\":\"es\",\"@id\":\"https:\\\/\\\/secure.gravatar.com\\\/avatar\\\/bdabe1eeeed97b65a9cb7de2edd624b07995f7e13abc5fead15961f745f908cc?s=96&d=mm&r=g\",\"url\":\"https:\\\/\\\/secure.gravatar.com\\\/avatar\\\/bdabe1eeeed97b65a9cb7de2edd624b07995f7e13abc5fead15961f745f908cc?s=96&d=mm&r=g\",\"contentUrl\":\"https:\\\/\\\/secure.gravatar.com\\\/avatar\\\/bdabe1eeeed97b65a9cb7de2edd624b07995f7e13abc5fead15961f745f908cc?s=96&d=mm&r=g\",\"caption\":\"Eduardo Lizarraga\"},\"description\":\"Periodista Econ\u00f3mico. Ha trabajado en diversos campos de la informaci\u00f3n. Corresponsal en conflictos, analista pol\u00edtico en Congreso y Senado, periodista del medio ambiente, editor, director editorial, director de comunicaci\u00f3n.... En estos momentos se ha especializado en el sector inmobiliario. Pero tambi\u00e9n es navegante y viajero, preocupado por la pobreza, el medio ambiente y por las actuaciones descontroladas del neoliberalismo empresarial y pol\u00edtico en todo el mundo. Los desahucios, la pobreza infantil y la falta de acceso a los suministros b\u00e1sicos son algunos de los grandes dramas de nuestra sociedad y que es preciso solucionar para hacerla m\u00e1s justa. CEO en www.aquimicasa.net\",\"sameAs\":[\"https:\\\/\\\/www.aquimicasa.net\\\/\"],\"url\":\"https:\\\/\\\/www.aquimicasa.net\\\/blog\\\/author\\\/eduardo\\\/\"}]}<\/script>\n<!-- \/ Yoast SEO plugin. -->","yoast_head_json":{"title":"El euribor impulsado por el BCE destroza la econom\u00eda familiar","description":"El IPC de la zona euro se moder\u00f3 s\u00f3lo una d\u00e9cima en agosto, hasta el 5,2% interanual, pero a\u00fan queda lejos del 2% marcado por el BCE.","robots":{"index":"index","follow":"follow","max-snippet":"max-snippet:-1","max-image-preview":"max-image-preview:large","max-video-preview":"max-video-preview:-1"},"canonical":"https:\/\/www.aquimicasa.net\/blog\/vivienda\/compraventa-de-viviendas\/el-euribor-impulsado-por-el-bce-destroza-la-economia-familiar\/","og_locale":"es_ES","og_type":"article","og_title":"El euribor impulsado por el BCE destroza la econom\u00eda familiar","og_description":"El IPC de la zona euro se moder\u00f3 s\u00f3lo una d\u00e9cima en agosto, hasta el 5,2% interanual, pero a\u00fan queda lejos del 2% marcado por el BCE.","og_url":"https:\/\/www.aquimicasa.net\/blog\/vivienda\/compraventa-de-viviendas\/el-euribor-impulsado-por-el-bce-destroza-la-economia-familiar\/","og_site_name":"Blog de aquimicasa.net","article_publisher":"https:\/\/www.facebook.com\/aquimicasa.net","article_published_time":"2023-09-19T22:11:52+00:00","article_modified_time":"2023-09-19T22:14:08+00:00","og_image":[{"width":400,"height":225,"url":"https:\/\/www.aquimicasa.net\/blog\/wp-content\/uploads\/Christine-Lagarde-e1664394519231.jpeg","type":"image\/jpeg"}],"author":"Eduardo Lizarraga","twitter_misc":{"Escrito por":"Eduardo Lizarraga","Tiempo de lectura":"4 minutos"},"schema":{"@context":"https:\/\/schema.org","@graph":[{"@type":"Article","@id":"https:\/\/www.aquimicasa.net\/blog\/vivienda\/compraventa-de-viviendas\/el-euribor-impulsado-por-el-bce-destroza-la-economia-familiar\/#article","isPartOf":{"@id":"https:\/\/www.aquimicasa.net\/blog\/vivienda\/compraventa-de-viviendas\/el-euribor-impulsado-por-el-bce-destroza-la-economia-familiar\/"},"author":{"name":"Eduardo Lizarraga","@id":"https:\/\/www.aquimicasa.net\/blog\/#\/schema\/person\/2cdfa2605534583395c8d7ce1d6cac14"},"headline":"El euribor impulsado por el BCE destroza la econom\u00eda familiar","datePublished":"2023-09-19T22:11:52+00:00","dateModified":"2023-09-19T22:14:08+00:00","mainEntityOfPage":{"@id":"https:\/\/www.aquimicasa.net\/blog\/vivienda\/compraventa-de-viviendas\/el-euribor-impulsado-por-el-bce-destroza-la-economia-familiar\/"},"wordCount":928,"commentCount":0,"publisher":{"@id":"https:\/\/www.aquimicasa.net\/blog\/#organization"},"image":{"@id":"https:\/\/www.aquimicasa.net\/blog\/vivienda\/compraventa-de-viviendas\/el-euribor-impulsado-por-el-bce-destroza-la-economia-familiar\/#primaryimage"},"thumbnailUrl":"https:\/\/www.aquimicasa.net\/blog\/wp-content\/uploads\/Christine-Lagarde-e1664394519231.jpeg","keywords":["newsletter 427","noticia de portada"],"articleSection":["Compra Venta"],"inLanguage":"es","potentialAction":[{"@type":"CommentAction","name":"Comment","target":["https:\/\/www.aquimicasa.net\/blog\/vivienda\/compraventa-de-viviendas\/el-euribor-impulsado-por-el-bce-destroza-la-economia-familiar\/#respond"]}]},{"@type":"WebPage","@id":"https:\/\/www.aquimicasa.net\/blog\/vivienda\/compraventa-de-viviendas\/el-euribor-impulsado-por-el-bce-destroza-la-economia-familiar\/","url":"https:\/\/www.aquimicasa.net\/blog\/vivienda\/compraventa-de-viviendas\/el-euribor-impulsado-por-el-bce-destroza-la-economia-familiar\/","name":"El euribor impulsado por el BCE destroza la econom\u00eda familiar","isPartOf":{"@id":"https:\/\/www.aquimicasa.net\/blog\/#website"},"primaryImageOfPage":{"@id":"https:\/\/www.aquimicasa.net\/blog\/vivienda\/compraventa-de-viviendas\/el-euribor-impulsado-por-el-bce-destroza-la-economia-familiar\/#primaryimage"},"image":{"@id":"https:\/\/www.aquimicasa.net\/blog\/vivienda\/compraventa-de-viviendas\/el-euribor-impulsado-por-el-bce-destroza-la-economia-familiar\/#primaryimage"},"thumbnailUrl":"https:\/\/www.aquimicasa.net\/blog\/wp-content\/uploads\/Christine-Lagarde-e1664394519231.jpeg","datePublished":"2023-09-19T22:11:52+00:00","dateModified":"2023-09-19T22:14:08+00:00","description":"El IPC de la zona euro se moder\u00f3 s\u00f3lo una d\u00e9cima en agosto, hasta el 5,2% interanual, pero a\u00fan queda lejos del 2% marcado por el BCE.","breadcrumb":{"@id":"https:\/\/www.aquimicasa.net\/blog\/vivienda\/compraventa-de-viviendas\/el-euribor-impulsado-por-el-bce-destroza-la-economia-familiar\/#breadcrumb"},"inLanguage":"es","potentialAction":[{"@type":"ReadAction","target":["https:\/\/www.aquimicasa.net\/blog\/vivienda\/compraventa-de-viviendas\/el-euribor-impulsado-por-el-bce-destroza-la-economia-familiar\/"]}]},{"@type":"ImageObject","inLanguage":"es","@id":"https:\/\/www.aquimicasa.net\/blog\/vivienda\/compraventa-de-viviendas\/el-euribor-impulsado-por-el-bce-destroza-la-economia-familiar\/#primaryimage","url":"https:\/\/www.aquimicasa.net\/blog\/wp-content\/uploads\/Christine-Lagarde-e1664394519231.jpeg","contentUrl":"https:\/\/www.aquimicasa.net\/blog\/wp-content\/uploads\/Christine-Lagarde-e1664394519231.jpeg","width":400,"height":225,"caption":"Nuevas subidas del euribor llevan a la recesi\u00f3n"},{"@type":"BreadcrumbList","@id":"https:\/\/www.aquimicasa.net\/blog\/vivienda\/compraventa-de-viviendas\/el-euribor-impulsado-por-el-bce-destroza-la-economia-familiar\/#breadcrumb","itemListElement":[{"@type":"ListItem","position":1,"name":"Portada","item":"https:\/\/www.aquimicasa.net\/blog\/"},{"@type":"ListItem","position":2,"name":"El euribor impulsado por el BCE destroza la econom\u00eda familiar"}]},{"@type":"WebSite","@id":"https:\/\/www.aquimicasa.net\/blog\/#website","url":"https:\/\/www.aquimicasa.net\/blog\/","name":"Blog de aquimicasa.net","description":"Noticias del Mundo Inmobiliario","publisher":{"@id":"https:\/\/www.aquimicasa.net\/blog\/#organization"},"potentialAction":[{"@type":"SearchAction","target":{"@type":"EntryPoint","urlTemplate":"https:\/\/www.aquimicasa.net\/blog\/?s={search_term_string}"},"query-input":{"@type":"PropertyValueSpecification","valueRequired":true,"valueName":"search_term_string"}}],"inLanguage":"es"},{"@type":"Organization","@id":"https:\/\/www.aquimicasa.net\/blog\/#organization","name":"Blog de aquimicasa.net","url":"https:\/\/www.aquimicasa.net\/blog\/","logo":{"@type":"ImageObject","inLanguage":"es","@id":"https:\/\/www.aquimicasa.net\/blog\/#\/schema\/logo\/image\/","url":"https:\/\/www.aquimicasa.net\/blog\/wp-content\/uploads\/Logo-aquimicasa-1-e1528048213782.png","contentUrl":"https:\/\/www.aquimicasa.net\/blog\/wp-content\/uploads\/Logo-aquimicasa-1-e1528048213782.png","width":225,"height":225,"caption":"Blog de aquimicasa.net"},"image":{"@id":"https:\/\/www.aquimicasa.net\/blog\/#\/schema\/logo\/image\/"},"sameAs":["https:\/\/www.facebook.com\/aquimicasa.net","https:\/\/www.instagram.com\/","https:\/\/x.com\/EduLizarragaD","https:\/\/www.linkedin.com\/feed\/"]},{"@type":"Person","@id":"https:\/\/www.aquimicasa.net\/blog\/#\/schema\/person\/2cdfa2605534583395c8d7ce1d6cac14","name":"Eduardo Lizarraga","image":{"@type":"ImageObject","inLanguage":"es","@id":"https:\/\/secure.gravatar.com\/avatar\/bdabe1eeeed97b65a9cb7de2edd624b07995f7e13abc5fead15961f745f908cc?s=96&d=mm&r=g","url":"https:\/\/secure.gravatar.com\/avatar\/bdabe1eeeed97b65a9cb7de2edd624b07995f7e13abc5fead15961f745f908cc?s=96&d=mm&r=g","contentUrl":"https:\/\/secure.gravatar.com\/avatar\/bdabe1eeeed97b65a9cb7de2edd624b07995f7e13abc5fead15961f745f908cc?s=96&d=mm&r=g","caption":"Eduardo Lizarraga"},"description":"Periodista Econ\u00f3mico. Ha trabajado en diversos campos de la informaci\u00f3n. Corresponsal en conflictos, analista pol\u00edtico en Congreso y Senado, periodista del medio ambiente, editor, director editorial, director de comunicaci\u00f3n.... En estos momentos se ha especializado en el sector inmobiliario. Pero tambi\u00e9n es navegante y viajero, preocupado por la pobreza, el medio ambiente y por las actuaciones descontroladas del neoliberalismo empresarial y pol\u00edtico en todo el mundo. Los desahucios, la pobreza infantil y la falta de acceso a los suministros b\u00e1sicos son algunos de los grandes dramas de nuestra sociedad y que es preciso solucionar para hacerla m\u00e1s justa. CEO en www.aquimicasa.net","sameAs":["https:\/\/www.aquimicasa.net\/"],"url":"https:\/\/www.aquimicasa.net\/blog\/author\/eduardo\/"}]}},"jetpack_publicize_connections":[],"jetpack_featured_media_url":"https:\/\/www.aquimicasa.net\/blog\/wp-content\/uploads\/Christine-Lagarde-e1664394519231.jpeg","jetpack_sharing_enabled":true,"jetpack_likes_enabled":true,"_links":{"self":[{"href":"https:\/\/www.aquimicasa.net\/blog\/wp-json\/wp\/v2\/posts\/45398","targetHints":{"allow":["GET"]}}],"collection":[{"href":"https:\/\/www.aquimicasa.net\/blog\/wp-json\/wp\/v2\/posts"}],"about":[{"href":"https:\/\/www.aquimicasa.net\/blog\/wp-json\/wp\/v2\/types\/post"}],"author":[{"embeddable":true,"href":"https:\/\/www.aquimicasa.net\/blog\/wp-json\/wp\/v2\/users\/3"}],"replies":[{"embeddable":true,"href":"https:\/\/www.aquimicasa.net\/blog\/wp-json\/wp\/v2\/comments?post=45398"}],"version-history":[{"count":3,"href":"https:\/\/www.aquimicasa.net\/blog\/wp-json\/wp\/v2\/posts\/45398\/revisions"}],"predecessor-version":[{"id":45401,"href":"https:\/\/www.aquimicasa.net\/blog\/wp-json\/wp\/v2\/posts\/45398\/revisions\/45401"}],"wp:featuredmedia":[{"embeddable":true,"href":"https:\/\/www.aquimicasa.net\/blog\/wp-json\/wp\/v2\/media\/42062"}],"wp:attachment":[{"href":"https:\/\/www.aquimicasa.net\/blog\/wp-json\/wp\/v2\/media?parent=45398"}],"wp:term":[{"taxonomy":"category","embeddable":true,"href":"https:\/\/www.aquimicasa.net\/blog\/wp-json\/wp\/v2\/categories?post=45398"},{"taxonomy":"post_tag","embeddable":true,"href":"https:\/\/www.aquimicasa.net\/blog\/wp-json\/wp\/v2\/tags?post=45398"}],"curies":[{"name":"wp","href":"https:\/\/api.w.org\/{rel}","templated":true}]}}