{"id":45502,"date":"2023-09-29T23:36:16","date_gmt":"2023-09-29T21:36:16","guid":{"rendered":"https:\/\/www.aquimicasa.net\/blog\/?p=45502"},"modified":"2023-10-01T21:46:08","modified_gmt":"2023-10-01T19:46:08","slug":"arriaga-se-querella-contra-la-audiencia-de-baleares-por-prevaricar","status":"publish","type":"post","link":"https:\/\/www.aquimicasa.net\/blog\/justicia\/tribunal-supremo\/arriaga-se-querella-contra-la-audiencia-de-baleares-por-prevaricar\/","title":{"rendered":"Arriaga se querella contra la Audiencia de Baleares por prevaricar"},"content":{"rendered":"<div class=\"fusion-fullwidth fullwidth-box fusion-builder-row-1 fusion-flex-container nonhundred-percent-fullwidth non-hundred-percent-height-scrolling\" style=\"background-color: rgba(255,255,255,0);background-position: center center;background-repeat: no-repeat;border-width: 0px 0px 0px 0px;border-color:#eae9e9;border-style:solid;\" ><div class=\"fusion-builder-row fusion-row fusion-flex-align-items-flex-start\" style=\"max-width:1144px;margin-left: calc(-4% \/ 2 );margin-right: calc(-4% \/ 2 );\"><div class=\"fusion-layout-column fusion_builder_column fusion-builder-column-0 fusion_builder_column_1_1 1_1 fusion-flex-column\"><div class=\"fusion-column-wrapper fusion-flex-justify-content-flex-start fusion-content-layout-column\" style=\"background-position:left top;background-repeat:no-repeat;-webkit-background-size:cover;-moz-background-size:cover;-o-background-size:cover;background-size:cover;padding: 0px 0px 0px 0px;\"><div class=\"fusion-text fusion-text-1\"><p>La situaci\u00f3n del IRPH se ha convertido en una <strong>dura pugna entre el Tribunal Supremo (TS) y el Tribunal de Justicia de la Uni\u00f3n Europea (TJUE)<\/strong>. El primero, con la inestimable ayuda de la mayor\u00eda de las Audiencias Provinciales, defendiendo incluso ya por encima de la propia Ley europea a las entidades financieras y sus resultados econ\u00f3micos y el segundo, intentando que a nuestro pa\u00eds llegue la legislaci\u00f3n europea y la <strong>defensa de los consumidores<\/strong>, tambi\u00e9n los bancarios.<\/p>\n<h2><strong>Las instancias judiciales espa\u00f1olas no aceptan supeditarse a Europa<\/strong><\/h2>\n<p>En este largo rifirrafe, que tiene como perjudicados a centenares de miles de afectados por la aplicaci\u00f3n de esta cl\u00e1usula, que el Banco de Espa\u00f1a debi\u00f3 controlar y no hizo, han habido ya importantes <strong>victorias antes las instituciones europeas<\/strong>, que luego el TS se ha encargado de desactivar. Es una labor tit\u00e1nica que, aunque a\u00fan no lo veamos, va acorralando a los jueces del Supremo que tan s\u00f3lo pueden mantenerse por el inter\u00e9s del Partido Popular de no renovar la c\u00fapula judicial. No lo hace en contra de los afectados, sino por su propio inter\u00e9s judicial y tambi\u00e9n, un poquito, por la que aseguran <strong>necesaria salud financiera de los bancos<\/strong>. De la econom\u00eda de los afectados ni menci\u00f3n.<\/p>\n<p>A lo largo de la lucha que comenz\u00f3 a mediados de la pasada d\u00e9cada se est\u00e1n distinguiendo algunos jueces y abogados que se ponen del lado de los afectados y que tambi\u00e9n entienden que <strong>la legislaci\u00f3n espa\u00f1ola debe estar supeditada a la europea<\/strong>, tal y como firmamos en el documento de adhesi\u00f3n a la UE.<\/p>\n<p>Abogados como <strong>Jose Mar\u00eda Erausquin y Maite Ortiz<\/strong>, su compa\u00f1era de bufete en Abogados Res de San Sebasti\u00e1n y tambi\u00e9n la firma <strong>Arriaga Asociados<\/strong> con sede central en Vitoria. Ha sido este \u00faltimo bufete quien se ha querellado contra los magistrados de la Secci\u00f3n Quinta de la Audiencia Provincial de Islas Baleares \u2013<strong>Mateo Ram\u00f3n Homar, Mar\u00eda Encarnaci\u00f3n Gonz\u00e1lez L\u00f3pez<\/strong>\u00a0y\u00a0<strong>Mar\u00eda Arantzazu Ortiz Gonz\u00e1lez<\/strong>\u2013 por el supuesto <strong>delito de prevaricaci\u00f3n<\/strong>. La querella ha sido interpuesta ante la Sala de lo Civil y Penal del Tribunal Superior de Justicia de Islas Baleares ya que los tres m\u00e1gistrados son personas aforadas.<\/p>\n<h2>Arriaga acusa a la AP de Baleares de obviar las directrices del TJUE<\/h2>\n<p class=\"hadoq-ads hadoq-ads-parrafo hadoq-ad-417775\">Arriaga acusa a estos tres magistrados de haber obviado \u00abdeliberada y dolosamente el contenido de la sentencia del 13 de julio pasado, del Tribunal de Justicia de la Uni\u00f3n Europea [TJUE], a la hora de juzgar un caso sobre IRPH (al igual que otras anteriores, como la del 28 de Febrero de 2023, m\u00e1s todas las anteriores referidas a pr\u00e9stamos hipotecarios con cl\u00e1usulas de IRPH)\u00bb. De esta manera pretenden que \u00ablas personas que tengan una hipoteca con cl\u00e1usula IRPH <strong>no puedan recuperar una cantidad aproximada de 40.000 \u20ac<\/strong>\u00ab.<\/p>\n<p>En su argumentaci\u00f3n, Arriaga y Asociados asegura que los tres magistrads ya habr\u00edan tenido conocimiento de la sentencia dictada por el TJUE ese 13 de julio, por lo que han <strong>\u00abignorado dolosamente el mandato jurisprudencial que contiene<\/strong>\u00ab, consistente en la obligaci\u00f3n por parte del juez nacional de analizar la transparencia y posible abusividad, por existencia de mala fe, en cada caso concreto. De haber aplicado dicho mandato, el fallo de la sentencia de la AP de las Islas Baleares, habr\u00eda sido radicalmente distinto\u00bb.<\/p>\n<p>Esta firma de abogados recuerda que <strong>la jurisprudencia del TJUE es obligatoria<\/strong> para todos los jueces y tribunales de Espa\u00f1a (y de todos los estados miembros de la UE). Por lo tanto obliga a toda la estructura judicial de nuestro pa\u00eds, es decir, obliga a los jueces de primera instancia, Audiencias Provinciales, Tribunal Supremo, Tribunal Constitucional, de las ramas de lo Civil, Penal, Laboral, Contencioso administrativo y Laboral.<\/p>\n<p>Un problema que tenemos en Espa\u00f1a es que las Audiencias Provinciales, m\u00e1s que una segunda instancia a disposici\u00f3n de los ciudadanos, son una mera <strong>correa de trasmisi\u00f3n del Tribunal Supremo<\/strong> que aplican a rajatabla sus directrices. Otro problema y no menor,\u00a0 es un inadecuado sentimiento de independencia de las estructuras judiciales m\u00e1s anquilosadas con respecto a Europa.<\/p>\n<h2 id=\"h-la-sentencia-del-tjue-es-clara-y-contundente\" class=\"wp-block-heading\">La sentencia del TJUE es obligatoria para los jueces espa\u00f1oles<\/h2>\n<p>El bufete Arriaga Asociados afirma que la sentencia del TJUE del 13 de Julio de 2013, \u00abes<strong> clara y contundente<\/strong>\u00bb y los tres magistrados querellados \u00abno pod\u00edan ignorarla\u00a0 ya que fue ampliamente difundida en los medios de comunicaci\u00f3n\u00bb y era relevante para la decisi\u00f3n que deb\u00edan tomar respecto al IRPH. Por si fuera poco, tambi\u00e9n ignoraron , la sentencia del 28 de febrero de 2023 que indicaba que la falta de informaci\u00f3n que causara un perjuicio al cliente del banco de un pr\u00e9stamo con una cl\u00e1usula de IRPH la convert\u00eda en nula. Si alegan que la desconoc\u00edan son unos ineptos y hay que <strong>jubilarlos por debilidad mental<\/strong> y si, por el contrario actuaron deliberadamente ya podemos estar hablando de un <strong>delito de prevaricaci\u00f3n<\/strong>, acusacion que viene revoloteando desde hace a\u00f1os.<\/p>\n<h2><strong>Arriaga considera la decisi\u00f3n un posible delito de prevaricaci\u00f3n<\/strong><\/h2>\n<p class=\"hadoq-ads hadoq-ads-parrafo hadoq-ad-417780\">Para Arriaga y Asociados la Audiencia Provincial de Islas Baleares \u00abviene obligada a dictar sentencias conforme a la ley, y sobre todo, conforme establece la jurisprudencia del TJUE\u00bb de conformidad con el art\u00edculo 4 bis de la Ley Org\u00e1nica del Poder Judicial. No hacerlo en tal forma, constituye un <strong>delito de prevaricaci\u00f3n<\/strong>. Sin embargo, como viene siendo habitual en el TS y numerosas audiencias provinciales, la Secci\u00f3n 5\u00aa y sus magistrados consideran <strong>estar por encima de la ley<\/strong>.<\/p>\n<p>Por esta raz\u00f3n consideran que la decisi\u00f3n que tomaron<strong> supone un supuesto delito de prevaricaci\u00f3n<\/strong>, tipificado en el art\u00edculo 446 del C\u00f3digo Penal y subsidiariamente, los contemplados en los art\u00edculos 447 y 448 del mismo C\u00f3digo, en cumplimiento a lo que determinan los art\u00edculos 277 y concordantes de la Ley de Enjuiciamiento Criminal.<\/p>\n<\/div><\/div><style type=\"text\/css\">.fusion-body .fusion-builder-column-0{width:100% !important;margin-top : 0px;margin-bottom : 0px;}.fusion-builder-column-0 > .fusion-column-wrapper {padding-top : 0px !important;padding-right : 0px !important;margin-right : 1.92%;padding-bottom : 0px !important;padding-left : 0px !important;margin-left : 1.92%;}@media only screen and (max-width:1024px) {.fusion-body .fusion-builder-column-0{width:100% !important;}.fusion-builder-column-0 > .fusion-column-wrapper {margin-right : 1.92%;margin-left : 1.92%;}}@media only screen and (max-width:640px) {.fusion-body .fusion-builder-column-0{width:100% !important;}.fusion-builder-column-0 > .fusion-column-wrapper {margin-right : 1.92%;margin-left : 1.92%;}}<\/style><\/div><\/div><style type=\"text\/css\">.fusion-body .fusion-flex-container.fusion-builder-row-1{ padding-top : 0px;margin-top : 0px;padding-right : 0px;padding-bottom : 0px;margin-bottom : 0px;padding-left : 0px;}<\/style><\/div>\n","protected":false},"excerpt":{"rendered":"<p>Arriaga acusa a estos tres magistrados de haber obviado \u00abdeliberada y dolosamente el contenido de la sentencia del 13 de julio pasado, del Tribunal de Justicia de la Uni\u00f3n Europea [TJUE], a la hora de juzgar un caso sobre IRPH (al igual que otras anteriores, como la del 28 de Febrero de 2023, m\u00e1s todas las anteriores referidas a pr\u00e9stamos hipotecarios con cl\u00e1usulas de IRPH)\u00bb<\/p>\n","protected":false},"author":3,"featured_media":12482,"comment_status":"open","ping_status":"closed","sticky":false,"template":"","format":"standard","meta":{"_jetpack_memberships_contains_paid_content":false,"footnotes":"","jetpack_publicize_message":"","jetpack_publicize_feature_enabled":true,"jetpack_social_post_already_shared":false,"jetpack_social_options":{"image_generator_settings":{"template":"highway","default_image_id":0,"font":"","enabled":false},"version":2}},"categories":[7559],"tags":[8131,7568],"class_list":["post-45502","post","type-post","status-publish","format-standard","has-post-thumbnail","hentry","category-tribunal-supremo","tag-newsletter-429","tag-noticia-de-portada"],"yoast_head":"<!-- This site is optimized with the Yoast SEO plugin v27.5 - https:\/\/yoast.com\/product\/yoast-seo-wordpress\/ -->\n<title>Arriaga se querella contra la Audiencia de Baleares por prevaricar<\/title>\n<meta name=\"description\" content=\"Como viene siendo habitual en el TS y numerosas audiencias provinciales, sus magistrados consideran estar por encima de la ley.\" \/>\n<meta name=\"robots\" content=\"index, follow, max-snippet:-1, max-image-preview:large, max-video-preview:-1\" \/>\n<link rel=\"canonical\" href=\"https:\/\/www.aquimicasa.net\/blog\/justicia\/tribunal-supremo\/arriaga-se-querella-contra-la-audiencia-de-baleares-por-prevaricar\/\" \/>\n<meta property=\"og:locale\" content=\"es_ES\" \/>\n<meta property=\"og:type\" content=\"article\" \/>\n<meta property=\"og:title\" content=\"Arriaga se querella contra la Audiencia de Baleares por prevaricar\" \/>\n<meta property=\"og:description\" content=\"Como viene siendo habitual en el TS y numerosas audiencias provinciales, sus magistrados consideran estar por encima de la ley.\" \/>\n<meta property=\"og:url\" content=\"https:\/\/www.aquimicasa.net\/blog\/justicia\/tribunal-supremo\/arriaga-se-querella-contra-la-audiencia-de-baleares-por-prevaricar\/\" \/>\n<meta property=\"og:site_name\" content=\"Blog de aquimicasa.net\" \/>\n<meta property=\"article:publisher\" content=\"https:\/\/www.facebook.com\/aquimicasa.net\" \/>\n<meta property=\"article:published_time\" content=\"2023-09-29T21:36:16+00:00\" \/>\n<meta property=\"article:modified_time\" content=\"2023-10-01T19:46:08+00:00\" \/>\n<meta property=\"og:image\" content=\"https:\/\/www.aquimicasa.net\/blog\/wp-content\/uploads\/IRPH.jpg\" \/>\n\t<meta property=\"og:image:width\" content=\"206\" \/>\n\t<meta property=\"og:image:height\" content=\"206\" \/>\n\t<meta property=\"og:image:type\" content=\"image\/jpeg\" \/>\n<meta name=\"author\" content=\"Eduardo Lizarraga\" \/>\n<meta name=\"twitter:label1\" content=\"Escrito por\" \/>\n\t<meta name=\"twitter:data1\" content=\"Eduardo Lizarraga\" \/>\n\t<meta name=\"twitter:label2\" content=\"Tiempo de lectura\" \/>\n\t<meta name=\"twitter:data2\" content=\"5 minutos\" \/>\n<script type=\"application\/ld+json\" class=\"yoast-schema-graph\">{\"@context\":\"https:\\\/\\\/schema.org\",\"@graph\":[{\"@type\":\"Article\",\"@id\":\"https:\\\/\\\/www.aquimicasa.net\\\/blog\\\/justicia\\\/tribunal-supremo\\\/arriaga-se-querella-contra-la-audiencia-de-baleares-por-prevaricar\\\/#article\",\"isPartOf\":{\"@id\":\"https:\\\/\\\/www.aquimicasa.net\\\/blog\\\/justicia\\\/tribunal-supremo\\\/arriaga-se-querella-contra-la-audiencia-de-baleares-por-prevaricar\\\/\"},\"author\":{\"name\":\"Eduardo Lizarraga\",\"@id\":\"https:\\\/\\\/www.aquimicasa.net\\\/blog\\\/#\\\/schema\\\/person\\\/2cdfa2605534583395c8d7ce1d6cac14\"},\"headline\":\"Arriaga se querella contra la Audiencia de Baleares por prevaricar\",\"datePublished\":\"2023-09-29T21:36:16+00:00\",\"dateModified\":\"2023-10-01T19:46:08+00:00\",\"mainEntityOfPage\":{\"@id\":\"https:\\\/\\\/www.aquimicasa.net\\\/blog\\\/justicia\\\/tribunal-supremo\\\/arriaga-se-querella-contra-la-audiencia-de-baleares-por-prevaricar\\\/\"},\"wordCount\":1263,\"commentCount\":0,\"publisher\":{\"@id\":\"https:\\\/\\\/www.aquimicasa.net\\\/blog\\\/#organization\"},\"image\":{\"@id\":\"https:\\\/\\\/www.aquimicasa.net\\\/blog\\\/justicia\\\/tribunal-supremo\\\/arriaga-se-querella-contra-la-audiencia-de-baleares-por-prevaricar\\\/#primaryimage\"},\"thumbnailUrl\":\"https:\\\/\\\/www.aquimicasa.net\\\/blog\\\/wp-content\\\/uploads\\\/IRPH.jpg\",\"keywords\":[\"newsletter 429\",\"noticia de portada\"],\"articleSection\":[\"Tribunal Supremo\"],\"inLanguage\":\"es\",\"potentialAction\":[{\"@type\":\"CommentAction\",\"name\":\"Comment\",\"target\":[\"https:\\\/\\\/www.aquimicasa.net\\\/blog\\\/justicia\\\/tribunal-supremo\\\/arriaga-se-querella-contra-la-audiencia-de-baleares-por-prevaricar\\\/#respond\"]}]},{\"@type\":\"WebPage\",\"@id\":\"https:\\\/\\\/www.aquimicasa.net\\\/blog\\\/justicia\\\/tribunal-supremo\\\/arriaga-se-querella-contra-la-audiencia-de-baleares-por-prevaricar\\\/\",\"url\":\"https:\\\/\\\/www.aquimicasa.net\\\/blog\\\/justicia\\\/tribunal-supremo\\\/arriaga-se-querella-contra-la-audiencia-de-baleares-por-prevaricar\\\/\",\"name\":\"Arriaga se querella contra la Audiencia de Baleares por prevaricar\",\"isPartOf\":{\"@id\":\"https:\\\/\\\/www.aquimicasa.net\\\/blog\\\/#website\"},\"primaryImageOfPage\":{\"@id\":\"https:\\\/\\\/www.aquimicasa.net\\\/blog\\\/justicia\\\/tribunal-supremo\\\/arriaga-se-querella-contra-la-audiencia-de-baleares-por-prevaricar\\\/#primaryimage\"},\"image\":{\"@id\":\"https:\\\/\\\/www.aquimicasa.net\\\/blog\\\/justicia\\\/tribunal-supremo\\\/arriaga-se-querella-contra-la-audiencia-de-baleares-por-prevaricar\\\/#primaryimage\"},\"thumbnailUrl\":\"https:\\\/\\\/www.aquimicasa.net\\\/blog\\\/wp-content\\\/uploads\\\/IRPH.jpg\",\"datePublished\":\"2023-09-29T21:36:16+00:00\",\"dateModified\":\"2023-10-01T19:46:08+00:00\",\"description\":\"Como viene siendo habitual en el TS y numerosas audiencias provinciales, sus magistrados consideran estar por encima de la ley.\",\"breadcrumb\":{\"@id\":\"https:\\\/\\\/www.aquimicasa.net\\\/blog\\\/justicia\\\/tribunal-supremo\\\/arriaga-se-querella-contra-la-audiencia-de-baleares-por-prevaricar\\\/#breadcrumb\"},\"inLanguage\":\"es\",\"potentialAction\":[{\"@type\":\"ReadAction\",\"target\":[\"https:\\\/\\\/www.aquimicasa.net\\\/blog\\\/justicia\\\/tribunal-supremo\\\/arriaga-se-querella-contra-la-audiencia-de-baleares-por-prevaricar\\\/\"]}]},{\"@type\":\"ImageObject\",\"inLanguage\":\"es\",\"@id\":\"https:\\\/\\\/www.aquimicasa.net\\\/blog\\\/justicia\\\/tribunal-supremo\\\/arriaga-se-querella-contra-la-audiencia-de-baleares-por-prevaricar\\\/#primaryimage\",\"url\":\"https:\\\/\\\/www.aquimicasa.net\\\/blog\\\/wp-content\\\/uploads\\\/IRPH.jpg\",\"contentUrl\":\"https:\\\/\\\/www.aquimicasa.net\\\/blog\\\/wp-content\\\/uploads\\\/IRPH.jpg\",\"width\":206,\"height\":206,\"caption\":\"Arriaga se querella contra la Audiencia de Baleares por prevaricaci\u00f3n\"},{\"@type\":\"BreadcrumbList\",\"@id\":\"https:\\\/\\\/www.aquimicasa.net\\\/blog\\\/justicia\\\/tribunal-supremo\\\/arriaga-se-querella-contra-la-audiencia-de-baleares-por-prevaricar\\\/#breadcrumb\",\"itemListElement\":[{\"@type\":\"ListItem\",\"position\":1,\"name\":\"Portada\",\"item\":\"https:\\\/\\\/www.aquimicasa.net\\\/blog\\\/\"},{\"@type\":\"ListItem\",\"position\":2,\"name\":\"Arriaga se querella contra la Audiencia de Baleares por prevaricar\"}]},{\"@type\":\"WebSite\",\"@id\":\"https:\\\/\\\/www.aquimicasa.net\\\/blog\\\/#website\",\"url\":\"https:\\\/\\\/www.aquimicasa.net\\\/blog\\\/\",\"name\":\"Blog de aquimicasa.net\",\"description\":\"Noticias del Mundo Inmobiliario\",\"publisher\":{\"@id\":\"https:\\\/\\\/www.aquimicasa.net\\\/blog\\\/#organization\"},\"potentialAction\":[{\"@type\":\"SearchAction\",\"target\":{\"@type\":\"EntryPoint\",\"urlTemplate\":\"https:\\\/\\\/www.aquimicasa.net\\\/blog\\\/?s={search_term_string}\"},\"query-input\":{\"@type\":\"PropertyValueSpecification\",\"valueRequired\":true,\"valueName\":\"search_term_string\"}}],\"inLanguage\":\"es\"},{\"@type\":\"Organization\",\"@id\":\"https:\\\/\\\/www.aquimicasa.net\\\/blog\\\/#organization\",\"name\":\"Blog de aquimicasa.net\",\"url\":\"https:\\\/\\\/www.aquimicasa.net\\\/blog\\\/\",\"logo\":{\"@type\":\"ImageObject\",\"inLanguage\":\"es\",\"@id\":\"https:\\\/\\\/www.aquimicasa.net\\\/blog\\\/#\\\/schema\\\/logo\\\/image\\\/\",\"url\":\"https:\\\/\\\/www.aquimicasa.net\\\/blog\\\/wp-content\\\/uploads\\\/Logo-aquimicasa-1-e1528048213782.png\",\"contentUrl\":\"https:\\\/\\\/www.aquimicasa.net\\\/blog\\\/wp-content\\\/uploads\\\/Logo-aquimicasa-1-e1528048213782.png\",\"width\":225,\"height\":225,\"caption\":\"Blog de aquimicasa.net\"},\"image\":{\"@id\":\"https:\\\/\\\/www.aquimicasa.net\\\/blog\\\/#\\\/schema\\\/logo\\\/image\\\/\"},\"sameAs\":[\"https:\\\/\\\/www.facebook.com\\\/aquimicasa.net\",\"https:\\\/\\\/www.instagram.com\\\/\",\"https:\\\/\\\/x.com\\\/EduLizarragaD\",\"https:\\\/\\\/www.linkedin.com\\\/feed\\\/\"]},{\"@type\":\"Person\",\"@id\":\"https:\\\/\\\/www.aquimicasa.net\\\/blog\\\/#\\\/schema\\\/person\\\/2cdfa2605534583395c8d7ce1d6cac14\",\"name\":\"Eduardo Lizarraga\",\"image\":{\"@type\":\"ImageObject\",\"inLanguage\":\"es\",\"@id\":\"https:\\\/\\\/secure.gravatar.com\\\/avatar\\\/bdabe1eeeed97b65a9cb7de2edd624b07995f7e13abc5fead15961f745f908cc?s=96&d=mm&r=g\",\"url\":\"https:\\\/\\\/secure.gravatar.com\\\/avatar\\\/bdabe1eeeed97b65a9cb7de2edd624b07995f7e13abc5fead15961f745f908cc?s=96&d=mm&r=g\",\"contentUrl\":\"https:\\\/\\\/secure.gravatar.com\\\/avatar\\\/bdabe1eeeed97b65a9cb7de2edd624b07995f7e13abc5fead15961f745f908cc?s=96&d=mm&r=g\",\"caption\":\"Eduardo Lizarraga\"},\"description\":\"Periodista Econ\u00f3mico. Ha trabajado en diversos campos de la informaci\u00f3n. Corresponsal en conflictos, analista pol\u00edtico en Congreso y Senado, periodista del medio ambiente, editor, director editorial, director de comunicaci\u00f3n.... En estos momentos se ha especializado en el sector inmobiliario. Pero tambi\u00e9n es navegante y viajero, preocupado por la pobreza, el medio ambiente y por las actuaciones descontroladas del neoliberalismo empresarial y pol\u00edtico en todo el mundo. Los desahucios, la pobreza infantil y la falta de acceso a los suministros b\u00e1sicos son algunos de los grandes dramas de nuestra sociedad y que es preciso solucionar para hacerla m\u00e1s justa. CEO en www.aquimicasa.net\",\"sameAs\":[\"https:\\\/\\\/www.aquimicasa.net\\\/\"],\"url\":\"https:\\\/\\\/www.aquimicasa.net\\\/blog\\\/author\\\/eduardo\\\/\"}]}<\/script>\n<!-- \/ Yoast SEO plugin. -->","yoast_head_json":{"title":"Arriaga se querella contra la Audiencia de Baleares por prevaricar","description":"Como viene siendo habitual en el TS y numerosas audiencias provinciales, sus magistrados consideran estar por encima de la ley.","robots":{"index":"index","follow":"follow","max-snippet":"max-snippet:-1","max-image-preview":"max-image-preview:large","max-video-preview":"max-video-preview:-1"},"canonical":"https:\/\/www.aquimicasa.net\/blog\/justicia\/tribunal-supremo\/arriaga-se-querella-contra-la-audiencia-de-baleares-por-prevaricar\/","og_locale":"es_ES","og_type":"article","og_title":"Arriaga se querella contra la Audiencia de Baleares por prevaricar","og_description":"Como viene siendo habitual en el TS y numerosas audiencias provinciales, sus magistrados consideran estar por encima de la ley.","og_url":"https:\/\/www.aquimicasa.net\/blog\/justicia\/tribunal-supremo\/arriaga-se-querella-contra-la-audiencia-de-baleares-por-prevaricar\/","og_site_name":"Blog de aquimicasa.net","article_publisher":"https:\/\/www.facebook.com\/aquimicasa.net","article_published_time":"2023-09-29T21:36:16+00:00","article_modified_time":"2023-10-01T19:46:08+00:00","og_image":[{"width":206,"height":206,"url":"https:\/\/www.aquimicasa.net\/blog\/wp-content\/uploads\/IRPH.jpg","type":"image\/jpeg"}],"author":"Eduardo Lizarraga","twitter_misc":{"Escrito por":"Eduardo Lizarraga","Tiempo de lectura":"5 minutos"},"schema":{"@context":"https:\/\/schema.org","@graph":[{"@type":"Article","@id":"https:\/\/www.aquimicasa.net\/blog\/justicia\/tribunal-supremo\/arriaga-se-querella-contra-la-audiencia-de-baleares-por-prevaricar\/#article","isPartOf":{"@id":"https:\/\/www.aquimicasa.net\/blog\/justicia\/tribunal-supremo\/arriaga-se-querella-contra-la-audiencia-de-baleares-por-prevaricar\/"},"author":{"name":"Eduardo Lizarraga","@id":"https:\/\/www.aquimicasa.net\/blog\/#\/schema\/person\/2cdfa2605534583395c8d7ce1d6cac14"},"headline":"Arriaga se querella contra la Audiencia de Baleares por prevaricar","datePublished":"2023-09-29T21:36:16+00:00","dateModified":"2023-10-01T19:46:08+00:00","mainEntityOfPage":{"@id":"https:\/\/www.aquimicasa.net\/blog\/justicia\/tribunal-supremo\/arriaga-se-querella-contra-la-audiencia-de-baleares-por-prevaricar\/"},"wordCount":1263,"commentCount":0,"publisher":{"@id":"https:\/\/www.aquimicasa.net\/blog\/#organization"},"image":{"@id":"https:\/\/www.aquimicasa.net\/blog\/justicia\/tribunal-supremo\/arriaga-se-querella-contra-la-audiencia-de-baleares-por-prevaricar\/#primaryimage"},"thumbnailUrl":"https:\/\/www.aquimicasa.net\/blog\/wp-content\/uploads\/IRPH.jpg","keywords":["newsletter 429","noticia de portada"],"articleSection":["Tribunal Supremo"],"inLanguage":"es","potentialAction":[{"@type":"CommentAction","name":"Comment","target":["https:\/\/www.aquimicasa.net\/blog\/justicia\/tribunal-supremo\/arriaga-se-querella-contra-la-audiencia-de-baleares-por-prevaricar\/#respond"]}]},{"@type":"WebPage","@id":"https:\/\/www.aquimicasa.net\/blog\/justicia\/tribunal-supremo\/arriaga-se-querella-contra-la-audiencia-de-baleares-por-prevaricar\/","url":"https:\/\/www.aquimicasa.net\/blog\/justicia\/tribunal-supremo\/arriaga-se-querella-contra-la-audiencia-de-baleares-por-prevaricar\/","name":"Arriaga se querella contra la Audiencia de Baleares por prevaricar","isPartOf":{"@id":"https:\/\/www.aquimicasa.net\/blog\/#website"},"primaryImageOfPage":{"@id":"https:\/\/www.aquimicasa.net\/blog\/justicia\/tribunal-supremo\/arriaga-se-querella-contra-la-audiencia-de-baleares-por-prevaricar\/#primaryimage"},"image":{"@id":"https:\/\/www.aquimicasa.net\/blog\/justicia\/tribunal-supremo\/arriaga-se-querella-contra-la-audiencia-de-baleares-por-prevaricar\/#primaryimage"},"thumbnailUrl":"https:\/\/www.aquimicasa.net\/blog\/wp-content\/uploads\/IRPH.jpg","datePublished":"2023-09-29T21:36:16+00:00","dateModified":"2023-10-01T19:46:08+00:00","description":"Como viene siendo habitual en el TS y numerosas audiencias provinciales, sus magistrados consideran estar por encima de la ley.","breadcrumb":{"@id":"https:\/\/www.aquimicasa.net\/blog\/justicia\/tribunal-supremo\/arriaga-se-querella-contra-la-audiencia-de-baleares-por-prevaricar\/#breadcrumb"},"inLanguage":"es","potentialAction":[{"@type":"ReadAction","target":["https:\/\/www.aquimicasa.net\/blog\/justicia\/tribunal-supremo\/arriaga-se-querella-contra-la-audiencia-de-baleares-por-prevaricar\/"]}]},{"@type":"ImageObject","inLanguage":"es","@id":"https:\/\/www.aquimicasa.net\/blog\/justicia\/tribunal-supremo\/arriaga-se-querella-contra-la-audiencia-de-baleares-por-prevaricar\/#primaryimage","url":"https:\/\/www.aquimicasa.net\/blog\/wp-content\/uploads\/IRPH.jpg","contentUrl":"https:\/\/www.aquimicasa.net\/blog\/wp-content\/uploads\/IRPH.jpg","width":206,"height":206,"caption":"Arriaga se querella contra la Audiencia de Baleares por prevaricaci\u00f3n"},{"@type":"BreadcrumbList","@id":"https:\/\/www.aquimicasa.net\/blog\/justicia\/tribunal-supremo\/arriaga-se-querella-contra-la-audiencia-de-baleares-por-prevaricar\/#breadcrumb","itemListElement":[{"@type":"ListItem","position":1,"name":"Portada","item":"https:\/\/www.aquimicasa.net\/blog\/"},{"@type":"ListItem","position":2,"name":"Arriaga se querella contra la Audiencia de Baleares por prevaricar"}]},{"@type":"WebSite","@id":"https:\/\/www.aquimicasa.net\/blog\/#website","url":"https:\/\/www.aquimicasa.net\/blog\/","name":"Blog de aquimicasa.net","description":"Noticias del Mundo Inmobiliario","publisher":{"@id":"https:\/\/www.aquimicasa.net\/blog\/#organization"},"potentialAction":[{"@type":"SearchAction","target":{"@type":"EntryPoint","urlTemplate":"https:\/\/www.aquimicasa.net\/blog\/?s={search_term_string}"},"query-input":{"@type":"PropertyValueSpecification","valueRequired":true,"valueName":"search_term_string"}}],"inLanguage":"es"},{"@type":"Organization","@id":"https:\/\/www.aquimicasa.net\/blog\/#organization","name":"Blog de aquimicasa.net","url":"https:\/\/www.aquimicasa.net\/blog\/","logo":{"@type":"ImageObject","inLanguage":"es","@id":"https:\/\/www.aquimicasa.net\/blog\/#\/schema\/logo\/image\/","url":"https:\/\/www.aquimicasa.net\/blog\/wp-content\/uploads\/Logo-aquimicasa-1-e1528048213782.png","contentUrl":"https:\/\/www.aquimicasa.net\/blog\/wp-content\/uploads\/Logo-aquimicasa-1-e1528048213782.png","width":225,"height":225,"caption":"Blog de aquimicasa.net"},"image":{"@id":"https:\/\/www.aquimicasa.net\/blog\/#\/schema\/logo\/image\/"},"sameAs":["https:\/\/www.facebook.com\/aquimicasa.net","https:\/\/www.instagram.com\/","https:\/\/x.com\/EduLizarragaD","https:\/\/www.linkedin.com\/feed\/"]},{"@type":"Person","@id":"https:\/\/www.aquimicasa.net\/blog\/#\/schema\/person\/2cdfa2605534583395c8d7ce1d6cac14","name":"Eduardo Lizarraga","image":{"@type":"ImageObject","inLanguage":"es","@id":"https:\/\/secure.gravatar.com\/avatar\/bdabe1eeeed97b65a9cb7de2edd624b07995f7e13abc5fead15961f745f908cc?s=96&d=mm&r=g","url":"https:\/\/secure.gravatar.com\/avatar\/bdabe1eeeed97b65a9cb7de2edd624b07995f7e13abc5fead15961f745f908cc?s=96&d=mm&r=g","contentUrl":"https:\/\/secure.gravatar.com\/avatar\/bdabe1eeeed97b65a9cb7de2edd624b07995f7e13abc5fead15961f745f908cc?s=96&d=mm&r=g","caption":"Eduardo Lizarraga"},"description":"Periodista Econ\u00f3mico. Ha trabajado en diversos campos de la informaci\u00f3n. Corresponsal en conflictos, analista pol\u00edtico en Congreso y Senado, periodista del medio ambiente, editor, director editorial, director de comunicaci\u00f3n.... En estos momentos se ha especializado en el sector inmobiliario. Pero tambi\u00e9n es navegante y viajero, preocupado por la pobreza, el medio ambiente y por las actuaciones descontroladas del neoliberalismo empresarial y pol\u00edtico en todo el mundo. Los desahucios, la pobreza infantil y la falta de acceso a los suministros b\u00e1sicos son algunos de los grandes dramas de nuestra sociedad y que es preciso solucionar para hacerla m\u00e1s justa. CEO en www.aquimicasa.net","sameAs":["https:\/\/www.aquimicasa.net\/"],"url":"https:\/\/www.aquimicasa.net\/blog\/author\/eduardo\/"}]}},"jetpack_publicize_connections":[],"jetpack_featured_media_url":"https:\/\/www.aquimicasa.net\/blog\/wp-content\/uploads\/IRPH.jpg","jetpack_sharing_enabled":true,"jetpack_likes_enabled":true,"_links":{"self":[{"href":"https:\/\/www.aquimicasa.net\/blog\/wp-json\/wp\/v2\/posts\/45502","targetHints":{"allow":["GET"]}}],"collection":[{"href":"https:\/\/www.aquimicasa.net\/blog\/wp-json\/wp\/v2\/posts"}],"about":[{"href":"https:\/\/www.aquimicasa.net\/blog\/wp-json\/wp\/v2\/types\/post"}],"author":[{"embeddable":true,"href":"https:\/\/www.aquimicasa.net\/blog\/wp-json\/wp\/v2\/users\/3"}],"replies":[{"embeddable":true,"href":"https:\/\/www.aquimicasa.net\/blog\/wp-json\/wp\/v2\/comments?post=45502"}],"version-history":[{"count":6,"href":"https:\/\/www.aquimicasa.net\/blog\/wp-json\/wp\/v2\/posts\/45502\/revisions"}],"predecessor-version":[{"id":45514,"href":"https:\/\/www.aquimicasa.net\/blog\/wp-json\/wp\/v2\/posts\/45502\/revisions\/45514"}],"wp:featuredmedia":[{"embeddable":true,"href":"https:\/\/www.aquimicasa.net\/blog\/wp-json\/wp\/v2\/media\/12482"}],"wp:attachment":[{"href":"https:\/\/www.aquimicasa.net\/blog\/wp-json\/wp\/v2\/media?parent=45502"}],"wp:term":[{"taxonomy":"category","embeddable":true,"href":"https:\/\/www.aquimicasa.net\/blog\/wp-json\/wp\/v2\/categories?post=45502"},{"taxonomy":"post_tag","embeddable":true,"href":"https:\/\/www.aquimicasa.net\/blog\/wp-json\/wp\/v2\/tags?post=45502"}],"curies":[{"name":"wp","href":"https:\/\/api.w.org\/{rel}","templated":true}]}}