{"id":45668,"date":"2023-10-18T20:37:16","date_gmt":"2023-10-18T18:37:16","guid":{"rendered":"https:\/\/www.aquimicasa.net\/blog\/?p=45668"},"modified":"2023-10-18T20:37:55","modified_gmt":"2023-10-18T18:37:55","slug":"1-2-millones-de-viviendas-entre-alquileres-protegidos-y-sociales","status":"publish","type":"post","link":"https:\/\/www.aquimicasa.net\/blog\/vivienda\/alquileres\/1-2-millones-de-viviendas-entre-alquileres-protegidos-y-sociales\/","title":{"rendered":"1.2 millones de viviendas entre alquileres protegidos y sociales"},"content":{"rendered":"<div class=\"fusion-fullwidth fullwidth-box fusion-builder-row-1 fusion-flex-container nonhundred-percent-fullwidth non-hundred-percent-height-scrolling\" style=\"background-color: rgba(255,255,255,0);background-position: center center;background-repeat: no-repeat;border-width: 0px 0px 0px 0px;border-color:#eae9e9;border-style:solid;\" ><div class=\"fusion-builder-row fusion-row fusion-flex-align-items-flex-start\" style=\"max-width:1144px;margin-left: calc(-4% \/ 2 );margin-right: calc(-4% \/ 2 );\"><div class=\"fusion-layout-column fusion_builder_column fusion-builder-column-0 fusion_builder_column_1_1 1_1 fusion-flex-column\"><div class=\"fusion-column-wrapper fusion-flex-justify-content-flex-start fusion-content-layout-column\" style=\"background-position:left top;background-repeat:no-repeat;-webkit-background-size:cover;-moz-background-size:cover;-o-background-size:cover;background-size:cover;padding: 0px 0px 0px 0px;\"><div class=\"fusion-text fusion-text-1\"><p>Disponer de una suficiente cartera de <strong>vivienda en alquiler social<\/strong> y en <strong>alquiler asequible<\/strong> es una necesidad perentoria en nuestro pa\u00eds. Y esta realidad nadie la discute, sobre todo si comparamos nuestra cifra nacional de inmuebles de estas caracter\u00edsticas con los pa\u00edses de nuestro entorno. Pero acaba de publicarse un informe que pone negro sobre blanco las cifras de vivienda asequible que necesitaremos para los pr\u00f3ximos a\u00f1os.<\/p>\n<h2><strong>Necesitaremos 76.000 viviendas de alquiler asequible al a\u00f1o<\/strong><\/h2>\n<p class=\"position-relative\">Este primer informe arroja que se necesitar\u00e1n <strong>761.000 nuevas viviendas asequibles<\/strong> y una inversi\u00f3n de 108.000 millones en los pr\u00f3ximos diez a\u00f1os para completar la demanda. Se trata del estudio de\u00a0<strong>\u00a0\u2018Acceso a la Vivienda y las necesidades de Alquiler Asequible\u2019<\/strong> presentado por Culmia, que asegura que el mercado nacional precisa de 76.000 viviendas asequibles al a\u00f1o en un contexto en el que <strong>el 76% de los hogares en alquiler en Espa\u00f1a se encuentran en la actualidad tensionados<\/strong>. Y es que <strong>Espa\u00f1a es ya el quinto pa\u00eds con menor parque de vivienda p\u00fablica<\/strong>\u00a0de toda la Uni\u00f3n Europea.<\/p>\n<p>Culmia ha presentado este informe en\u00a0<strong>colaboraci\u00f3n con GAD3<\/strong>, y en el que se ha analizado la tasa de esfuerzo de las familias de los <strong>151 municipios m\u00e1s poblados de Espa\u00f1a<\/strong>, as\u00ed como la evoluci\u00f3n de los precios del mercado del alquiler y su demanda en comparaci\u00f3n con el resto de pa\u00edses de nuestro entorno. Entre las principales conclusiones, el informe apunta a que <strong>ser\u00eda necesario el desarrollo de 761.000 nuevas viviendas destinadas al alquiler asequible durante los pr\u00f3ximos 10 a\u00f1os<\/strong>\u00a0para satisfacer la demanda, destensar los actuales precios del mercado y rebajar la tasa de esfuerzo que los hogares destinan al alquiler, para lo que dedican en la actualidad una media del\u00a0<strong>40% de sus ingresos<\/strong>.<\/p>\n<h2><strong>La inversi\u00f3n total prevista se acerca a los 108.000 millones de euros<\/strong><\/h2>\n<p>La inversi\u00f3n prevista para acometer estos nuevos desarrollos se sit\u00faa en\u00a0<strong>108.000 millones de euros (142.000 euros por vivienda)<\/strong>, de los que el\u00a0<strong>76% provendr\u00eda de la inversi\u00f3n privada y s\u00f3lo un 24% del sector p\u00fablico<\/strong>. En detalle, un total de 81.500 millones corresponder\u00edan a la inversi\u00f3n privada, que se repartir\u00edan entre los 18.500 millones de los adjudicatarios y 63.000 millones de la inversi\u00f3n bancaria. La inversi\u00f3n p\u00fablica por su parte alcanzar\u00eda los 26.600 millones a repartir entre las ayudas a la construcci\u00f3n y los subsidios de financiaci\u00f3n.<\/p>\n<p>Por regiones,<strong>\u00a0Catalu\u00f1a, Madrid, Andaluc\u00eda y Comunidad Valenciana<\/strong> son las zonas que precisan de un mayor desarrollo de vivienda asequible, aunque con inversiones diferentes. La regi\u00f3n catalana necesitar\u00e1 construir\u00a0<strong>225.000 viviendas de alquiler asequible en los pr\u00f3ximos diez a\u00f1os<\/strong>, para lo que precisar\u00e1 de una inversi\u00f3n p\u00fablica de\u00a0<strong>1.010 millones de euros<\/strong>. La \u00faltima actualizaci\u00f3n del precio de los m\u00f3dulos hace que su inversi\u00f3n sea menor que la que tiene que realizar la\u00a0Comunidad de Madrid, pese a que el n\u00famero de viviendas que precisa es mayor. Seg\u00fan el informe, la regi\u00f3n madrile\u00f1a precisa de<strong>\u00a0174.000 nuevas viviendas de alquiler asequible<\/strong>\u00a0en la pr\u00f3xima d\u00e9cada, con una inversi\u00f3n p\u00fablica que alcanzar\u00e1 los\u00a0<strong>5.418 millones de euros<\/strong>.<\/p>\n<p>Andaluc\u00eda es otra de las regiones que precisa de un mayor n\u00famero de vivienda de alquiler asequible, con un total de\u00a0<strong>85.000 nuevas unidades y una inversi\u00f3n de 4.529 millones<\/strong>. Le sigue la\u00a0Comunidad Valencia\u00a0con\u00a0<strong>85.000 viviendas y 3.245 millones<\/strong>. Por \u00faltimo, Canarias, con 46.000 viviendas y 2.486 millones.<\/p>\n<p>Para Francisco P\u00e9rez,<em>\u00a0CEO de Culmia<\/em>, \u201ce<strong>n Espa\u00f1a se precisan pol\u00edticas claras y eficientes para desarrollar, en colaboraci\u00f3n p\u00fablico-privada<\/strong>, un parque de vivienda asequible que sea capaz de asumir la demanda inmediata y futura. Tenemos el reto de estructurar un modelo llamado a ser una de las\u00a0<strong>principales soluciones al mercado de la vivienda y aterrizarlo<\/strong>\u00a0para que sea posible a trav\u00e9s de concursos bien articulados, una correcta gesti\u00f3n urban\u00edstica y una financiaci\u00f3n atractiva\u201d.<\/p>\n<h2><strong>Baja producci\u00f3n de vivienda y aumento de la demanda de vivienda p\u00fablica<\/strong><\/h2>\n<p>En un contexto en el que la\u00a0<strong>producci\u00f3n de vivienda en Espa\u00f1a ha ca\u00eddo un 86%<\/strong>\u00a0con respecto a su m\u00e1ximo hist\u00f3rico de 2006 (se construyen al a\u00f1o 80.000 viviendas), el mercado nacional se sit\u00faa a la cola de Europa en cuanto a construcci\u00f3n de vivienda p\u00fablica, siendo ya el\u00a0<strong>quinto pa\u00eds de toda la Uni\u00f3n con menor parque destinado a ello<\/strong>. Del total de la producci\u00f3n de vivienda, s\u00f3lo el 10% corresponde a vivienda protegida y de ese porcentaje, la mayor parte (el 80%) proviene \u00fanicamente de la inversi\u00f3n privada.<\/p>\n<p>Los datos del informe reflejan que frente a una misma inversi\u00f3n por parte de la Administraci\u00f3n (26.000 millones en diez a\u00f1os),\u00a0<strong>la colaboraci\u00f3n p\u00fablico- privada elevar\u00eda la producci\u00f3n de vivienda p\u00fablica un 72%<\/strong>, pasando de las 442.000 viviendas a las 761.000 unidades que se podr\u00edan desarrollar con el aporte de la inversi\u00f3n privada.<\/p>\n<h2><strong>Con la creaci\u00f3n de 150.000 hogares al a\u00f1o el d\u00e9ficit es de 20.000<\/strong><\/h2>\n<p>En Espa\u00f1a se prev\u00e9 la creaci\u00f3n de\u00a0<strong>150.000 nuevos hogares<\/strong>\u00a0al a\u00f1o entre los municipios m\u00e1s poblados, por lo que de seguir la actual l\u00ednea de desarrollo de viviendas, cada a\u00f1o se producir\u00e1 un d\u00e9ficit de 20.000 viviendas asequibles.<\/p>\n<p>Analizando <strong>la tasa de esfuerzo por grupos de ingresos<\/strong>, los hogares con salarios entre 1.000 y 2.000 euros son los que presentan en la actualidad un mayor grado de vulnerabilidad, con una tasa de esfuerzo desproporcionada por encima del 50% en algunos casos. Ser\u00e1 precisamente los pertencecientes a este grupo (el 41% de los hogares en alquiler) los principales destinatarios de esta nueva oferta de alquiler asequible.<\/p>\n<h2><strong>Tambi\u00e9n se necesitar\u00e1n 442.000 viviendas sociales<\/strong><\/h2>\n<p>El informe se detiene tambi\u00e9n a analizar las<strong>\u00a0necesidades y opciones de vivienda para los grupos de poblaci\u00f3n con ingresos menores de 1.000 euros y con ingresos mayores de 3.000 euros.<\/strong>\u00a0Para el primer grupo, calcula que ser\u00e1n necesario la creaci\u00f3n de 442.000 viviendas \u00edntegramente de alquiler p\u00fablico (vivienda social) y para el segundo un plan de ayudas enfocado a facilitar el salto al mercado de compraventa mediante avales a la entrada o desgravaciones fiscales, que afectar\u00eda a 486.000 unidades en los pr\u00f3ximos diez a\u00f1os.<\/p>\n<\/div><\/div><style type=\"text\/css\">.fusion-body .fusion-builder-column-0{width:100% !important;margin-top : 0px;margin-bottom : 0px;}.fusion-builder-column-0 > .fusion-column-wrapper {padding-top : 0px !important;padding-right : 0px !important;margin-right : 1.92%;padding-bottom : 0px !important;padding-left : 0px !important;margin-left : 1.92%;}@media only screen and (max-width:1024px) {.fusion-body .fusion-builder-column-0{width:100% !important;}.fusion-builder-column-0 > .fusion-column-wrapper {margin-right : 1.92%;margin-left : 1.92%;}}@media only screen and (max-width:640px) {.fusion-body .fusion-builder-column-0{width:100% !important;}.fusion-builder-column-0 > .fusion-column-wrapper {margin-right : 1.92%;margin-left : 1.92%;}}<\/style><\/div><\/div><style type=\"text\/css\">.fusion-body .fusion-flex-container.fusion-builder-row-1{ padding-top : 0px;margin-top : 0px;padding-right : 0px;padding-bottom : 0px;margin-bottom : 0px;padding-left : 0px;}<\/style><\/div>\n","protected":false},"excerpt":{"rendered":"<p>La inversi\u00f3n prevista para acometer estos nuevos desarrollos en alquileres asequibles se sit\u00faa en\u00a0108.000 millones de euros (142.000 euros por vivienda), de los que el\u00a076% provendr\u00eda de la inversi\u00f3n privada y s\u00f3lo un 24% del sector p\u00fablico. En detalle, un total de 81.500 millones corresponder\u00edan a la inversi\u00f3n privada, que se repartir\u00edan entre los 18.500 millones de los adjudicatarios y 63.000 millones de la inversi\u00f3n bancaria. La inversi\u00f3n p\u00fablica por su parte alcanzar\u00eda los 26.600 millones a repartir entre las ayudas a la construcci\u00f3n y los subsidios de financiaci\u00f3n.<\/p>\n","protected":false},"author":3,"featured_media":31796,"comment_status":"open","ping_status":"closed","sticky":false,"template":"","format":"standard","meta":{"_jetpack_memberships_contains_paid_content":false,"footnotes":"","jetpack_publicize_message":"","jetpack_publicize_feature_enabled":true,"jetpack_social_post_already_shared":false,"jetpack_social_options":{"image_generator_settings":{"template":"highway","default_image_id":0,"font":"","enabled":false},"version":2}},"categories":[120],"tags":[8133,7568],"class_list":["post-45668","post","type-post","status-publish","format-standard","has-post-thumbnail","hentry","category-alquileres","tag-newsletter-431","tag-noticia-de-portada"],"yoast_head":"<!-- This site is optimized with the Yoast SEO plugin v28.2 - https:\/\/yoast.com\/product\/yoast-seo-wordpress\/ -->\n<title>1.2 millones de viviendas entre alquileres protegidos y sociales<\/title>\n<meta name=\"description\" content=\"Se necesitar\u00e1n 761.000 nuevas viviendas asequibles y una inversi\u00f3n de 108.000 millones en los pr\u00f3ximos diez a\u00f1os para completar la demanda.\" \/>\n<meta name=\"robots\" content=\"index, follow, max-snippet:-1, max-image-preview:large, max-video-preview:-1\" \/>\n<link rel=\"canonical\" href=\"https:\/\/www.aquimicasa.net\/blog\/vivienda\/alquileres\/1-2-millones-de-viviendas-entre-alquileres-protegidos-y-sociales\/\" \/>\n<meta property=\"og:locale\" content=\"es_ES\" \/>\n<meta property=\"og:type\" content=\"article\" \/>\n<meta property=\"og:title\" content=\"1.2 millones de viviendas entre alquileres protegidos y sociales\" \/>\n<meta property=\"og:description\" content=\"Se necesitar\u00e1n 761.000 nuevas viviendas asequibles y una inversi\u00f3n de 108.000 millones en los pr\u00f3ximos diez a\u00f1os para completar la demanda.\" \/>\n<meta property=\"og:url\" content=\"https:\/\/www.aquimicasa.net\/blog\/vivienda\/alquileres\/1-2-millones-de-viviendas-entre-alquileres-protegidos-y-sociales\/\" \/>\n<meta property=\"og:site_name\" content=\"Blog de aquimicasa.net\" \/>\n<meta property=\"article:publisher\" content=\"https:\/\/www.facebook.com\/aquimicasa.net\" \/>\n<meta property=\"article:published_time\" content=\"2023-10-18T18:37:16+00:00\" \/>\n<meta property=\"article:modified_time\" content=\"2023-10-18T18:37:55+00:00\" \/>\n<meta property=\"og:image\" content=\"https:\/\/www.aquimicasa.net\/blog\/wp-content\/uploads\/Alquileres2-1-e1601067294408.jpeg\" \/>\n\t<meta property=\"og:image:width\" content=\"400\" \/>\n\t<meta property=\"og:image:height\" content=\"268\" \/>\n\t<meta property=\"og:image:type\" content=\"image\/jpeg\" \/>\n<meta name=\"author\" content=\"Eduardo Lizarraga\" \/>\n<meta name=\"twitter:label1\" content=\"Escrito por\" \/>\n\t<meta name=\"twitter:data1\" content=\"Eduardo Lizarraga\" \/>\n\t<meta name=\"twitter:label2\" content=\"Tiempo de lectura\" \/>\n\t<meta name=\"twitter:data2\" content=\"5 minutos\" \/>\n<script type=\"application\/ld+json\" class=\"yoast-schema-graph\">{\"@context\":\"https:\\\/\\\/schema.org\",\"@graph\":[{\"@type\":\"Article\",\"@id\":\"https:\\\/\\\/www.aquimicasa.net\\\/blog\\\/vivienda\\\/alquileres\\\/1-2-millones-de-viviendas-entre-alquileres-protegidos-y-sociales\\\/#article\",\"isPartOf\":{\"@id\":\"https:\\\/\\\/www.aquimicasa.net\\\/blog\\\/vivienda\\\/alquileres\\\/1-2-millones-de-viviendas-entre-alquileres-protegidos-y-sociales\\\/\"},\"author\":{\"name\":\"Eduardo Lizarraga\",\"@id\":\"https:\\\/\\\/www.aquimicasa.net\\\/blog\\\/#\\\/schema\\\/person\\\/2cdfa2605534583395c8d7ce1d6cac14\"},\"headline\":\"1.2 millones de viviendas entre alquileres protegidos y sociales\",\"datePublished\":\"2023-10-18T18:37:16+00:00\",\"dateModified\":\"2023-10-18T18:37:55+00:00\",\"mainEntityOfPage\":{\"@id\":\"https:\\\/\\\/www.aquimicasa.net\\\/blog\\\/vivienda\\\/alquileres\\\/1-2-millones-de-viviendas-entre-alquileres-protegidos-y-sociales\\\/\"},\"wordCount\":1310,\"commentCount\":0,\"publisher\":{\"@id\":\"https:\\\/\\\/www.aquimicasa.net\\\/blog\\\/#organization\"},\"image\":{\"@id\":\"https:\\\/\\\/www.aquimicasa.net\\\/blog\\\/vivienda\\\/alquileres\\\/1-2-millones-de-viviendas-entre-alquileres-protegidos-y-sociales\\\/#primaryimage\"},\"thumbnailUrl\":\"https:\\\/\\\/www.aquimicasa.net\\\/blog\\\/wp-content\\\/uploads\\\/Alquileres2-1-e1601067294408.jpeg\",\"keywords\":[\"newsletter 431\",\"noticia de portada\"],\"articleSection\":[\"Alquiler\"],\"inLanguage\":\"es\",\"potentialAction\":[{\"@type\":\"CommentAction\",\"name\":\"Comment\",\"target\":[\"https:\\\/\\\/www.aquimicasa.net\\\/blog\\\/vivienda\\\/alquileres\\\/1-2-millones-de-viviendas-entre-alquileres-protegidos-y-sociales\\\/#respond\"]}]},{\"@type\":\"WebPage\",\"@id\":\"https:\\\/\\\/www.aquimicasa.net\\\/blog\\\/vivienda\\\/alquileres\\\/1-2-millones-de-viviendas-entre-alquileres-protegidos-y-sociales\\\/\",\"url\":\"https:\\\/\\\/www.aquimicasa.net\\\/blog\\\/vivienda\\\/alquileres\\\/1-2-millones-de-viviendas-entre-alquileres-protegidos-y-sociales\\\/\",\"name\":\"1.2 millones de viviendas entre alquileres protegidos y sociales\",\"isPartOf\":{\"@id\":\"https:\\\/\\\/www.aquimicasa.net\\\/blog\\\/#website\"},\"primaryImageOfPage\":{\"@id\":\"https:\\\/\\\/www.aquimicasa.net\\\/blog\\\/vivienda\\\/alquileres\\\/1-2-millones-de-viviendas-entre-alquileres-protegidos-y-sociales\\\/#primaryimage\"},\"image\":{\"@id\":\"https:\\\/\\\/www.aquimicasa.net\\\/blog\\\/vivienda\\\/alquileres\\\/1-2-millones-de-viviendas-entre-alquileres-protegidos-y-sociales\\\/#primaryimage\"},\"thumbnailUrl\":\"https:\\\/\\\/www.aquimicasa.net\\\/blog\\\/wp-content\\\/uploads\\\/Alquileres2-1-e1601067294408.jpeg\",\"datePublished\":\"2023-10-18T18:37:16+00:00\",\"dateModified\":\"2023-10-18T18:37:55+00:00\",\"description\":\"Se necesitar\u00e1n 761.000 nuevas viviendas asequibles y una inversi\u00f3n de 108.000 millones en los pr\u00f3ximos diez a\u00f1os para completar la demanda.\",\"breadcrumb\":{\"@id\":\"https:\\\/\\\/www.aquimicasa.net\\\/blog\\\/vivienda\\\/alquileres\\\/1-2-millones-de-viviendas-entre-alquileres-protegidos-y-sociales\\\/#breadcrumb\"},\"inLanguage\":\"es\",\"potentialAction\":[{\"@type\":\"ReadAction\",\"target\":[\"https:\\\/\\\/www.aquimicasa.net\\\/blog\\\/vivienda\\\/alquileres\\\/1-2-millones-de-viviendas-entre-alquileres-protegidos-y-sociales\\\/\"]}]},{\"@type\":\"ImageObject\",\"inLanguage\":\"es\",\"@id\":\"https:\\\/\\\/www.aquimicasa.net\\\/blog\\\/vivienda\\\/alquileres\\\/1-2-millones-de-viviendas-entre-alquileres-protegidos-y-sociales\\\/#primaryimage\",\"url\":\"https:\\\/\\\/www.aquimicasa.net\\\/blog\\\/wp-content\\\/uploads\\\/Alquileres2-1-e1601067294408.jpeg\",\"contentUrl\":\"https:\\\/\\\/www.aquimicasa.net\\\/blog\\\/wp-content\\\/uploads\\\/Alquileres2-1-e1601067294408.jpeg\",\"width\":400,\"height\":268,\"caption\":\"La situaci\u00f3n de la vivienda como causa de baja m\u00e9dica\"},{\"@type\":\"BreadcrumbList\",\"@id\":\"https:\\\/\\\/www.aquimicasa.net\\\/blog\\\/vivienda\\\/alquileres\\\/1-2-millones-de-viviendas-entre-alquileres-protegidos-y-sociales\\\/#breadcrumb\",\"itemListElement\":[{\"@type\":\"ListItem\",\"position\":1,\"name\":\"Portada\",\"item\":\"https:\\\/\\\/www.aquimicasa.net\\\/blog\\\/\"},{\"@type\":\"ListItem\",\"position\":2,\"name\":\"1.2 millones de viviendas entre alquileres protegidos y sociales\"}]},{\"@type\":\"WebSite\",\"@id\":\"https:\\\/\\\/www.aquimicasa.net\\\/blog\\\/#website\",\"url\":\"https:\\\/\\\/www.aquimicasa.net\\\/blog\\\/\",\"name\":\"Blog de aquimicasa.net\",\"description\":\"Noticias del Mundo Inmobiliario\",\"publisher\":{\"@id\":\"https:\\\/\\\/www.aquimicasa.net\\\/blog\\\/#organization\"},\"potentialAction\":[{\"@type\":\"SearchAction\",\"target\":{\"@type\":\"EntryPoint\",\"urlTemplate\":\"https:\\\/\\\/www.aquimicasa.net\\\/blog\\\/?s={search_term_string}\"},\"query-input\":{\"@type\":\"PropertyValueSpecification\",\"valueRequired\":true,\"valueName\":\"search_term_string\"}}],\"inLanguage\":\"es\"},{\"@type\":\"Organization\",\"@id\":\"https:\\\/\\\/www.aquimicasa.net\\\/blog\\\/#organization\",\"name\":\"Blog de aquimicasa.net\",\"url\":\"https:\\\/\\\/www.aquimicasa.net\\\/blog\\\/\",\"logo\":{\"@type\":\"ImageObject\",\"inLanguage\":\"es\",\"@id\":\"https:\\\/\\\/www.aquimicasa.net\\\/blog\\\/#\\\/schema\\\/logo\\\/image\\\/\",\"url\":\"https:\\\/\\\/www.aquimicasa.net\\\/blog\\\/wp-content\\\/uploads\\\/Logo-aquimicasa-1-e1528048213782.png\",\"contentUrl\":\"https:\\\/\\\/www.aquimicasa.net\\\/blog\\\/wp-content\\\/uploads\\\/Logo-aquimicasa-1-e1528048213782.png\",\"width\":225,\"height\":225,\"caption\":\"Blog de aquimicasa.net\"},\"image\":{\"@id\":\"https:\\\/\\\/www.aquimicasa.net\\\/blog\\\/#\\\/schema\\\/logo\\\/image\\\/\"},\"sameAs\":[\"https:\\\/\\\/www.facebook.com\\\/aquimicasa.net\",\"https:\\\/\\\/www.instagram.com\\\/\",\"https:\\\/\\\/x.com\\\/EduLizarragaD\",\"https:\\\/\\\/www.linkedin.com\\\/feed\\\/\"]},{\"@type\":\"Person\",\"@id\":\"https:\\\/\\\/www.aquimicasa.net\\\/blog\\\/#\\\/schema\\\/person\\\/2cdfa2605534583395c8d7ce1d6cac14\",\"name\":\"Eduardo Lizarraga\",\"image\":{\"@type\":\"ImageObject\",\"inLanguage\":\"es\",\"@id\":\"https:\\\/\\\/secure.gravatar.com\\\/avatar\\\/bdabe1eeeed97b65a9cb7de2edd624b07995f7e13abc5fead15961f745f908cc?s=96&d=mm&r=g\",\"url\":\"https:\\\/\\\/secure.gravatar.com\\\/avatar\\\/bdabe1eeeed97b65a9cb7de2edd624b07995f7e13abc5fead15961f745f908cc?s=96&d=mm&r=g\",\"contentUrl\":\"https:\\\/\\\/secure.gravatar.com\\\/avatar\\\/bdabe1eeeed97b65a9cb7de2edd624b07995f7e13abc5fead15961f745f908cc?s=96&d=mm&r=g\",\"caption\":\"Eduardo Lizarraga\"},\"description\":\"Periodista Econ\u00f3mico. Ha trabajado en diversos campos de la informaci\u00f3n. Corresponsal en conflictos, analista pol\u00edtico en Congreso y Senado, periodista del medio ambiente, editor, director editorial, director de comunicaci\u00f3n.... En estos momentos se ha especializado en el sector inmobiliario. Pero tambi\u00e9n es navegante y viajero, preocupado por la pobreza, el medio ambiente y por las actuaciones descontroladas del neoliberalismo empresarial y pol\u00edtico en todo el mundo. Los desahucios, la pobreza infantil y la falta de acceso a los suministros b\u00e1sicos son algunos de los grandes dramas de nuestra sociedad y que es preciso solucionar para hacerla m\u00e1s justa. CEO en www.aquimicasa.net\",\"sameAs\":[\"https:\\\/\\\/www.aquimicasa.net\\\/\"],\"url\":\"https:\\\/\\\/www.aquimicasa.net\\\/blog\\\/author\\\/eduardo\\\/\"}]}<\/script>\n<!-- \/ Yoast SEO plugin. -->","yoast_head_json":{"title":"1.2 millones de viviendas entre alquileres protegidos y sociales","description":"Se necesitar\u00e1n 761.000 nuevas viviendas asequibles y una inversi\u00f3n de 108.000 millones en los pr\u00f3ximos diez a\u00f1os para completar la demanda.","robots":{"index":"index","follow":"follow","max-snippet":"max-snippet:-1","max-image-preview":"max-image-preview:large","max-video-preview":"max-video-preview:-1"},"canonical":"https:\/\/www.aquimicasa.net\/blog\/vivienda\/alquileres\/1-2-millones-de-viviendas-entre-alquileres-protegidos-y-sociales\/","og_locale":"es_ES","og_type":"article","og_title":"1.2 millones de viviendas entre alquileres protegidos y sociales","og_description":"Se necesitar\u00e1n 761.000 nuevas viviendas asequibles y una inversi\u00f3n de 108.000 millones en los pr\u00f3ximos diez a\u00f1os para completar la demanda.","og_url":"https:\/\/www.aquimicasa.net\/blog\/vivienda\/alquileres\/1-2-millones-de-viviendas-entre-alquileres-protegidos-y-sociales\/","og_site_name":"Blog de aquimicasa.net","article_publisher":"https:\/\/www.facebook.com\/aquimicasa.net","article_published_time":"2023-10-18T18:37:16+00:00","article_modified_time":"2023-10-18T18:37:55+00:00","og_image":[{"width":400,"height":268,"url":"https:\/\/www.aquimicasa.net\/blog\/wp-content\/uploads\/Alquileres2-1-e1601067294408.jpeg","type":"image\/jpeg"}],"author":"Eduardo Lizarraga","twitter_misc":{"Escrito por":"Eduardo Lizarraga","Tiempo de lectura":"5 minutos"},"schema":{"@context":"https:\/\/schema.org","@graph":[{"@type":"Article","@id":"https:\/\/www.aquimicasa.net\/blog\/vivienda\/alquileres\/1-2-millones-de-viviendas-entre-alquileres-protegidos-y-sociales\/#article","isPartOf":{"@id":"https:\/\/www.aquimicasa.net\/blog\/vivienda\/alquileres\/1-2-millones-de-viviendas-entre-alquileres-protegidos-y-sociales\/"},"author":{"name":"Eduardo Lizarraga","@id":"https:\/\/www.aquimicasa.net\/blog\/#\/schema\/person\/2cdfa2605534583395c8d7ce1d6cac14"},"headline":"1.2 millones de viviendas entre alquileres protegidos y sociales","datePublished":"2023-10-18T18:37:16+00:00","dateModified":"2023-10-18T18:37:55+00:00","mainEntityOfPage":{"@id":"https:\/\/www.aquimicasa.net\/blog\/vivienda\/alquileres\/1-2-millones-de-viviendas-entre-alquileres-protegidos-y-sociales\/"},"wordCount":1310,"commentCount":0,"publisher":{"@id":"https:\/\/www.aquimicasa.net\/blog\/#organization"},"image":{"@id":"https:\/\/www.aquimicasa.net\/blog\/vivienda\/alquileres\/1-2-millones-de-viviendas-entre-alquileres-protegidos-y-sociales\/#primaryimage"},"thumbnailUrl":"https:\/\/www.aquimicasa.net\/blog\/wp-content\/uploads\/Alquileres2-1-e1601067294408.jpeg","keywords":["newsletter 431","noticia de portada"],"articleSection":["Alquiler"],"inLanguage":"es","potentialAction":[{"@type":"CommentAction","name":"Comment","target":["https:\/\/www.aquimicasa.net\/blog\/vivienda\/alquileres\/1-2-millones-de-viviendas-entre-alquileres-protegidos-y-sociales\/#respond"]}]},{"@type":"WebPage","@id":"https:\/\/www.aquimicasa.net\/blog\/vivienda\/alquileres\/1-2-millones-de-viviendas-entre-alquileres-protegidos-y-sociales\/","url":"https:\/\/www.aquimicasa.net\/blog\/vivienda\/alquileres\/1-2-millones-de-viviendas-entre-alquileres-protegidos-y-sociales\/","name":"1.2 millones de viviendas entre alquileres protegidos y sociales","isPartOf":{"@id":"https:\/\/www.aquimicasa.net\/blog\/#website"},"primaryImageOfPage":{"@id":"https:\/\/www.aquimicasa.net\/blog\/vivienda\/alquileres\/1-2-millones-de-viviendas-entre-alquileres-protegidos-y-sociales\/#primaryimage"},"image":{"@id":"https:\/\/www.aquimicasa.net\/blog\/vivienda\/alquileres\/1-2-millones-de-viviendas-entre-alquileres-protegidos-y-sociales\/#primaryimage"},"thumbnailUrl":"https:\/\/www.aquimicasa.net\/blog\/wp-content\/uploads\/Alquileres2-1-e1601067294408.jpeg","datePublished":"2023-10-18T18:37:16+00:00","dateModified":"2023-10-18T18:37:55+00:00","description":"Se necesitar\u00e1n 761.000 nuevas viviendas asequibles y una inversi\u00f3n de 108.000 millones en los pr\u00f3ximos diez a\u00f1os para completar la demanda.","breadcrumb":{"@id":"https:\/\/www.aquimicasa.net\/blog\/vivienda\/alquileres\/1-2-millones-de-viviendas-entre-alquileres-protegidos-y-sociales\/#breadcrumb"},"inLanguage":"es","potentialAction":[{"@type":"ReadAction","target":["https:\/\/www.aquimicasa.net\/blog\/vivienda\/alquileres\/1-2-millones-de-viviendas-entre-alquileres-protegidos-y-sociales\/"]}]},{"@type":"ImageObject","inLanguage":"es","@id":"https:\/\/www.aquimicasa.net\/blog\/vivienda\/alquileres\/1-2-millones-de-viviendas-entre-alquileres-protegidos-y-sociales\/#primaryimage","url":"https:\/\/www.aquimicasa.net\/blog\/wp-content\/uploads\/Alquileres2-1-e1601067294408.jpeg","contentUrl":"https:\/\/www.aquimicasa.net\/blog\/wp-content\/uploads\/Alquileres2-1-e1601067294408.jpeg","width":400,"height":268,"caption":"La situaci\u00f3n de la vivienda como causa de baja m\u00e9dica"},{"@type":"BreadcrumbList","@id":"https:\/\/www.aquimicasa.net\/blog\/vivienda\/alquileres\/1-2-millones-de-viviendas-entre-alquileres-protegidos-y-sociales\/#breadcrumb","itemListElement":[{"@type":"ListItem","position":1,"name":"Portada","item":"https:\/\/www.aquimicasa.net\/blog\/"},{"@type":"ListItem","position":2,"name":"1.2 millones de viviendas entre alquileres protegidos y sociales"}]},{"@type":"WebSite","@id":"https:\/\/www.aquimicasa.net\/blog\/#website","url":"https:\/\/www.aquimicasa.net\/blog\/","name":"Blog de aquimicasa.net","description":"Noticias del Mundo Inmobiliario","publisher":{"@id":"https:\/\/www.aquimicasa.net\/blog\/#organization"},"potentialAction":[{"@type":"SearchAction","target":{"@type":"EntryPoint","urlTemplate":"https:\/\/www.aquimicasa.net\/blog\/?s={search_term_string}"},"query-input":{"@type":"PropertyValueSpecification","valueRequired":true,"valueName":"search_term_string"}}],"inLanguage":"es"},{"@type":"Organization","@id":"https:\/\/www.aquimicasa.net\/blog\/#organization","name":"Blog de aquimicasa.net","url":"https:\/\/www.aquimicasa.net\/blog\/","logo":{"@type":"ImageObject","inLanguage":"es","@id":"https:\/\/www.aquimicasa.net\/blog\/#\/schema\/logo\/image\/","url":"https:\/\/www.aquimicasa.net\/blog\/wp-content\/uploads\/Logo-aquimicasa-1-e1528048213782.png","contentUrl":"https:\/\/www.aquimicasa.net\/blog\/wp-content\/uploads\/Logo-aquimicasa-1-e1528048213782.png","width":225,"height":225,"caption":"Blog de aquimicasa.net"},"image":{"@id":"https:\/\/www.aquimicasa.net\/blog\/#\/schema\/logo\/image\/"},"sameAs":["https:\/\/www.facebook.com\/aquimicasa.net","https:\/\/www.instagram.com\/","https:\/\/x.com\/EduLizarragaD","https:\/\/www.linkedin.com\/feed\/"]},{"@type":"Person","@id":"https:\/\/www.aquimicasa.net\/blog\/#\/schema\/person\/2cdfa2605534583395c8d7ce1d6cac14","name":"Eduardo Lizarraga","image":{"@type":"ImageObject","inLanguage":"es","@id":"https:\/\/secure.gravatar.com\/avatar\/bdabe1eeeed97b65a9cb7de2edd624b07995f7e13abc5fead15961f745f908cc?s=96&d=mm&r=g","url":"https:\/\/secure.gravatar.com\/avatar\/bdabe1eeeed97b65a9cb7de2edd624b07995f7e13abc5fead15961f745f908cc?s=96&d=mm&r=g","contentUrl":"https:\/\/secure.gravatar.com\/avatar\/bdabe1eeeed97b65a9cb7de2edd624b07995f7e13abc5fead15961f745f908cc?s=96&d=mm&r=g","caption":"Eduardo Lizarraga"},"description":"Periodista Econ\u00f3mico. Ha trabajado en diversos campos de la informaci\u00f3n. Corresponsal en conflictos, analista pol\u00edtico en Congreso y Senado, periodista del medio ambiente, editor, director editorial, director de comunicaci\u00f3n.... En estos momentos se ha especializado en el sector inmobiliario. Pero tambi\u00e9n es navegante y viajero, preocupado por la pobreza, el medio ambiente y por las actuaciones descontroladas del neoliberalismo empresarial y pol\u00edtico en todo el mundo. Los desahucios, la pobreza infantil y la falta de acceso a los suministros b\u00e1sicos son algunos de los grandes dramas de nuestra sociedad y que es preciso solucionar para hacerla m\u00e1s justa. CEO en www.aquimicasa.net","sameAs":["https:\/\/www.aquimicasa.net\/"],"url":"https:\/\/www.aquimicasa.net\/blog\/author\/eduardo\/"}]}},"jetpack_publicize_connections":[],"jetpack_featured_media_url":"https:\/\/www.aquimicasa.net\/blog\/wp-content\/uploads\/Alquileres2-1-e1601067294408.jpeg","jetpack_sharing_enabled":true,"jetpack_likes_enabled":true,"_links":{"self":[{"href":"https:\/\/www.aquimicasa.net\/blog\/wp-json\/wp\/v2\/posts\/45668","targetHints":{"allow":["GET"]}}],"collection":[{"href":"https:\/\/www.aquimicasa.net\/blog\/wp-json\/wp\/v2\/posts"}],"about":[{"href":"https:\/\/www.aquimicasa.net\/blog\/wp-json\/wp\/v2\/types\/post"}],"author":[{"embeddable":true,"href":"https:\/\/www.aquimicasa.net\/blog\/wp-json\/wp\/v2\/users\/3"}],"replies":[{"embeddable":true,"href":"https:\/\/www.aquimicasa.net\/blog\/wp-json\/wp\/v2\/comments?post=45668"}],"version-history":[{"count":3,"href":"https:\/\/www.aquimicasa.net\/blog\/wp-json\/wp\/v2\/posts\/45668\/revisions"}],"predecessor-version":[{"id":45671,"href":"https:\/\/www.aquimicasa.net\/blog\/wp-json\/wp\/v2\/posts\/45668\/revisions\/45671"}],"wp:featuredmedia":[{"embeddable":true,"href":"https:\/\/www.aquimicasa.net\/blog\/wp-json\/wp\/v2\/media\/31796"}],"wp:attachment":[{"href":"https:\/\/www.aquimicasa.net\/blog\/wp-json\/wp\/v2\/media?parent=45668"}],"wp:term":[{"taxonomy":"category","embeddable":true,"href":"https:\/\/www.aquimicasa.net\/blog\/wp-json\/wp\/v2\/categories?post=45668"},{"taxonomy":"post_tag","embeddable":true,"href":"https:\/\/www.aquimicasa.net\/blog\/wp-json\/wp\/v2\/tags?post=45668"}],"curies":[{"name":"wp","href":"https:\/\/api.w.org\/{rel}","templated":true}]}}