{"id":46198,"date":"2023-12-12T23:32:49","date_gmt":"2023-12-12T22:32:49","guid":{"rendered":"https:\/\/www.aquimicasa.net\/blog\/?p=46198"},"modified":"2023-12-12T23:32:49","modified_gmt":"2023-12-12T22:32:49","slug":"en-octubre-vuelven-a-decender-compraventas-e-hipotecas","status":"publish","type":"post","link":"https:\/\/www.aquimicasa.net\/blog\/hipotecas\/en-octubre-vuelven-a-decender-compraventas-e-hipotecas\/","title":{"rendered":"En octubre vuelven a decender compraventas e hipotecas"},"content":{"rendered":"<div class=\"fusion-fullwidth fullwidth-box fusion-builder-row-1 fusion-flex-container nonhundred-percent-fullwidth non-hundred-percent-height-scrolling\" style=\"background-color: rgba(255,255,255,0);background-position: center center;background-repeat: no-repeat;border-width: 0px 0px 0px 0px;border-color:#eae9e9;border-style:solid;\" ><div class=\"fusion-builder-row fusion-row fusion-flex-align-items-flex-start\" style=\"max-width:1144px;margin-left: calc(-4% \/ 2 );margin-right: calc(-4% \/ 2 );\"><div class=\"fusion-layout-column fusion_builder_column fusion-builder-column-0 fusion_builder_column_1_1 1_1 fusion-flex-column\"><div class=\"fusion-column-wrapper fusion-flex-justify-content-flex-start fusion-content-layout-column\" style=\"background-position:left top;background-repeat:no-repeat;-webkit-background-size:cover;-moz-background-size:cover;-o-background-size:cover;background-size:cover;padding: 0px 0px 0px 0px;\"><div class=\"fusion-text fusion-text-1\"><div class=\"titulo\">En octubre, las <strong>compraventas totales descienden de nuevo<\/strong> respecto al mismo mes del a\u00f1o anterior, continuando los descensos iniciados en diciembre de 2022, despu\u00e9s de crecimientos habituales desde marzo de 2020. lo asegura la estad\u00edstica del Colegio de Registradores de este mes.\u00a0 De las 92.501 operaciones realizadas en octubre de 2022 se ha pasado a las 86.269 en octubre de este a\u00f1o, en torno a <strong>6.200 operaciones menos<\/strong>. Por su parte, las <strong>compraventas de viviendas descienden de forma algo m\u00e1s intensa<\/strong>, de las 50.151 inscripciones en octubre de 2022 se ha pasado a las 44.454 en octubre de este a\u00f1o, <strong>reduci\u00e9ndose en unas 5.700 operaciones<\/strong>.<\/div>\n<div class=\"nota-prensa\">\n<p><img decoding=\"async\" class=\"\" src=\"https:\/\/www.registradores.org\/documents\/33383\/0\/registradores_notadeprensa111223_1.png\/952aec21-01a8-0131-aac0-c25b9457b2c1?t=1702290647163\" alt=\"\" width=\"747\" height=\"315\" \/><br \/>\nLa evoluci\u00f3n del <strong>n\u00famero de hipotecas constituidas<\/strong> durante los \u00faltimos meses, tal y como ocurre en las compraventas, mantiene una tendencia negativa m\u00e1s pronunciada, situ\u00e1ndose con ligeras oscilaciones en el entorno del <strong>18-28% de descenso<\/strong> en los \u00faltimos siete meses. En cuanto a las <strong>hipotecas totales, en octubre<\/strong> se han constituido 40.266 operaciones frente a las 52.551 del mismo mes del a\u00f1o anterior, con una diferencia en torno a las <strong>12.300 operaciones menos<\/strong>. En cuanto a las <strong>hipotecas de vivienda<\/strong>, se constituyeron 30.850 operaciones frente a las 39.743 del mismo mes del a\u00f1o anterior, con una <strong>reducci\u00f3n de casi nueve mil operaciones<\/strong>.<\/p>\n<h2><strong>Relaci\u00f3n entre compraventas e hipotecas en octubre<\/strong><\/h2>\n<p>Si se mide la evoluci\u00f3n mediante la tasa de variaci\u00f3n de las <strong>compraventas inscritas en octubre frente al mismo mes de 2022<\/strong>, se puede precisar mejor este descenso. Las compraventas totales <strong>han descendido en octubre el 6,7%<\/strong>, siendo <strong>mayor el descenso en viviendas<\/strong>, con una ca\u00edda del 11,4%. En cuanto a las hipotecas totales inscritas, disminuyeron el 23,4% en octubre, mientras las de vivienda descendieron algo menos, el 22,4%.<\/p>\n<p><img decoding=\"async\" class=\"\" src=\"https:\/\/www.registradores.org\/documents\/33383\/0\/registradores_notadeprensa111223_2.png\/3633b22a-8253-6d3b-a6cd-75178871f5df?t=1702290698419\" alt=\"\" width=\"752\" height=\"313\" \/><\/p>\n<h2><strong>Las compraventas e hipotecas por Comunidades Aut\u00f3nomas<\/strong><\/h2>\n<p>Por territorios, durante el mes de agosto, en la evoluci\u00f3n anual de las compraventas totales, en comparaci\u00f3n al mismo mes del a\u00f1o anterior, prevalecen las ca\u00eddas sobre los incrementos, <strong>descendiendo, sobre todo en Baleares (-24,5%), Melilla (-20,4%), Cantabria (-16,2%)<\/strong> y Canarias (-13,9%). En el lado positivo, <strong>aumentan m\u00e1s en Navarra (15,0%) y Extremadura (7,9%).<\/strong><\/p>\n<p>Con relaci\u00f3n a las hipotecas totales constituidas frente a octubre del a\u00f1o anterior, <strong>descienden en todos los territorios<\/strong>, destacando Melilla (-57,0%), Madrid (-40,1%), Arag\u00f3n (-38,7%), Cantabria (-37,7%), Baleares (-36,3%), Asturias (-34,1%), Pa\u00eds Vasco (-33,5%) y Extremadura (-29,2%).<\/p>\n<p><img decoding=\"async\" src=\"https:\/\/www.registradores.org\/documents\/33383\/0\/registradores_notadeprensa111223_3.png\/88afa33a-d15f-9434-d195-c31b569f7af5?t=1702290724089\" alt=\"\" \/><\/p>\n<h2><strong>Compraventas e hipotecas durante el \u00faltimo a\u00f1o<\/strong><\/h2>\n<p>Desde junio de 2022 se produce una <strong>ralentizaci\u00f3n en el n\u00famero de compraventas<\/strong>, que ven\u00eda precedido de importantes crecimientos anuales sostenidos. En cuanto a compraventas totales, aunque todav\u00eda se observaban incrementos moderados hasta octubre del a\u00f1o pasado, durante el mes siguiente descendieron un significativo 13,3%. Tras una ligera recuperaci\u00f3n en enero, en los meses siguientes, hasta junio, se produjeron ca\u00eddas m\u00e1s moderadas. A partir de julio de este a\u00f1o se intensificaron los descensos, alcanzando en septiembre la mayor ca\u00edda del periodo analizado (-20,6%). <strong>En\u00a0 este mes de octubre se ralentizan las ca\u00eddas<\/strong>: las compraventas totales descendieron el 6,7%, mientras que las de vivienda lo hicieron de forma m\u00e1s intensa, el 11,4%.<\/p>\n<p><img decoding=\"async\" class=\"\" src=\"https:\/\/www.registradores.org\/documents\/33383\/0\/registradores_notadeprensa111223_4.png\/a982690c-9a86-345f-452d-498440620f80?t=1702290767259\" alt=\"\" width=\"792\" height=\"324\" \/><\/p>\n<p>Observando globalmente las hipotecas constituidas, se aprecia una <strong>tendencia descendente similar a las compraventas<\/strong> hasta diciembre de 2022, habiendo mostrado durante 2023 una intensificaci\u00f3n en sus ca\u00eddas por los efectos restrictivos de las subidas sostenidas de los tipos de inter\u00e9s. Tras una ligera recuperaci\u00f3n en enero, siguiendo la tendencia de las compraventas, se acumulan <strong>nueve meses consecutivos de ca\u00eddas progresivas<\/strong>, con gran similitud en ambas modalidades, hipotecas totales y de vivienda, en valores negativos por encima de los dos d\u00edgitos desde marzo, y <strong>registrando en octubre un significativo descenso del 23,4% en las hipotecas totales y del 22,4% en las de vivienda.<\/strong><\/p>\n<p><img decoding=\"async\" class=\"\" src=\"https:\/\/www.registradores.org\/documents\/33383\/0\/registradores_notadeprensa111223_5.png\/52ab85c9-42f6-ac87-e151-5cf5d0fc7945?t=1702290796224\" alt=\"\" width=\"767\" height=\"331\" \/><\/p>\n<\/div>\n<\/div><\/div><style type=\"text\/css\">.fusion-body .fusion-builder-column-0{width:100% !important;margin-top : 0px;margin-bottom : 0px;}.fusion-builder-column-0 > .fusion-column-wrapper {padding-top : 0px !important;padding-right : 0px !important;margin-right : 1.92%;padding-bottom : 0px !important;padding-left : 0px !important;margin-left : 1.92%;}@media only screen and (max-width:1024px) {.fusion-body .fusion-builder-column-0{width:100% !important;}.fusion-builder-column-0 > .fusion-column-wrapper {margin-right : 1.92%;margin-left : 1.92%;}}@media only screen and (max-width:640px) {.fusion-body .fusion-builder-column-0{width:100% !important;}.fusion-builder-column-0 > .fusion-column-wrapper {margin-right : 1.92%;margin-left : 1.92%;}}<\/style><\/div><\/div><style type=\"text\/css\">.fusion-body .fusion-flex-container.fusion-builder-row-1{ padding-top : 0px;margin-top : 0px;padding-right : 0px;padding-bottom : 0px;margin-bottom : 0px;padding-left : 0px;}<\/style><\/div>\n","protected":false},"excerpt":{"rendered":"<p>La evoluci\u00f3n del n\u00famero de hipotecas constituidas durante los \u00faltimos meses mantiene una tendencia negativa m\u00e1s pronunciada que la bajada en las compraventas, situ\u00e1ndose con ligeras oscilaciones en el entorno del 18-28% de descenso en los \u00faltimos siete meses. En cuanto a las hipotecas totales, en octubre se han constituido 40.266 operaciones frente a las 52.551 del mismo mes del a\u00f1o anterior, con una diferencia en torno a las 12.300 operaciones menos.<\/p>\n","protected":false},"author":3,"featured_media":0,"comment_status":"open","ping_status":"closed","sticky":false,"template":"","format":"standard","meta":{"_jetpack_memberships_contains_paid_content":false,"footnotes":"","jetpack_publicize_message":"","jetpack_publicize_feature_enabled":true,"jetpack_social_post_already_shared":false,"jetpack_social_options":{"image_generator_settings":{"template":"highway","default_image_id":0,"font":"","enabled":false},"version":2}},"categories":[100,22],"tags":[8141,7568],"class_list":["post-46198","post","type-post","status-publish","format-standard","hentry","category-compraventa-de-viviendas","category-hipotecas","tag-newsletter-439","tag-noticia-de-portada"],"yoast_head":"<!-- This site is optimized with the Yoast SEO plugin v27.5 - https:\/\/yoast.com\/product\/yoast-seo-wordpress\/ -->\n<title>En octubre vuelven a decender compraventas e hipotecas<\/title>\n<meta name=\"robots\" content=\"index, follow, max-snippet:-1, max-image-preview:large, max-video-preview:-1\" \/>\n<link rel=\"canonical\" href=\"https:\/\/www.aquimicasa.net\/blog\/hipotecas\/en-octubre-vuelven-a-decender-compraventas-e-hipotecas\/\" \/>\n<meta property=\"og:locale\" content=\"es_ES\" \/>\n<meta property=\"og:type\" content=\"article\" \/>\n<meta property=\"og:title\" content=\"En octubre vuelven a decender compraventas e hipotecas\" \/>\n<meta property=\"og:description\" content=\"La evoluci\u00f3n del n\u00famero de hipotecas constituidas durante los \u00faltimos meses mantiene una tendencia negativa m\u00e1s pronunciada que la bajada en las compraventas, situ\u00e1ndose con ligeras oscilaciones en el entorno del 18-28% de descenso en los \u00faltimos siete meses. En cuanto a las hipotecas totales, en octubre se han constituido 40.266 operaciones frente a las 52.551 del mismo mes del a\u00f1o anterior, con una diferencia en torno a las 12.300 operaciones menos.\" \/>\n<meta property=\"og:url\" content=\"https:\/\/www.aquimicasa.net\/blog\/hipotecas\/en-octubre-vuelven-a-decender-compraventas-e-hipotecas\/\" \/>\n<meta property=\"og:site_name\" content=\"Blog de aquimicasa.net\" \/>\n<meta property=\"article:publisher\" content=\"https:\/\/www.facebook.com\/aquimicasa.net\" \/>\n<meta property=\"article:published_time\" content=\"2023-12-12T22:32:49+00:00\" \/>\n<meta property=\"og:image\" content=\"https:\/\/www.aquimicasa.net\/blog\/wp-content\/uploads\/El-euribor-impacta-1-e1677139705343.jpeg\" \/>\n\t<meta property=\"og:image:width\" content=\"450\" \/>\n\t<meta property=\"og:image:height\" content=\"253\" \/>\n\t<meta property=\"og:image:type\" content=\"image\/jpeg\" \/>\n<meta name=\"author\" content=\"Eduardo Lizarraga\" \/>\n<meta name=\"twitter:label1\" content=\"Escrito por\" \/>\n\t<meta name=\"twitter:data1\" content=\"Eduardo Lizarraga\" \/>\n\t<meta name=\"twitter:label2\" content=\"Tiempo de lectura\" \/>\n\t<meta name=\"twitter:data2\" content=\"5 minutos\" \/>\n<script type=\"application\/ld+json\" class=\"yoast-schema-graph\">{\"@context\":\"https:\\\/\\\/schema.org\",\"@graph\":[{\"@type\":\"Article\",\"@id\":\"https:\\\/\\\/www.aquimicasa.net\\\/blog\\\/hipotecas\\\/en-octubre-vuelven-a-decender-compraventas-e-hipotecas\\\/#article\",\"isPartOf\":{\"@id\":\"https:\\\/\\\/www.aquimicasa.net\\\/blog\\\/hipotecas\\\/en-octubre-vuelven-a-decender-compraventas-e-hipotecas\\\/\"},\"author\":{\"name\":\"Eduardo Lizarraga\",\"@id\":\"https:\\\/\\\/www.aquimicasa.net\\\/blog\\\/#\\\/schema\\\/person\\\/2cdfa2605534583395c8d7ce1d6cac14\"},\"headline\":\"En octubre vuelven a decender compraventas e hipotecas\",\"datePublished\":\"2023-12-12T22:32:49+00:00\",\"mainEntityOfPage\":{\"@id\":\"https:\\\/\\\/www.aquimicasa.net\\\/blog\\\/hipotecas\\\/en-octubre-vuelven-a-decender-compraventas-e-hipotecas\\\/\"},\"wordCount\":865,\"commentCount\":0,\"publisher\":{\"@id\":\"https:\\\/\\\/www.aquimicasa.net\\\/blog\\\/#organization\"},\"image\":{\"@id\":\"https:\\\/\\\/www.aquimicasa.net\\\/blog\\\/hipotecas\\\/en-octubre-vuelven-a-decender-compraventas-e-hipotecas\\\/#primaryimage\"},\"thumbnailUrl\":\"https:\\\/\\\/www.registradores.org\\\/documents\\\/33383\\\/0\\\/registradores_notadeprensa111223_1.png\\\/952aec21-01a8-0131-aac0-c25b9457b2c1?t=1702290647163\",\"keywords\":[\"newsletter 439\",\"noticia de portada\"],\"articleSection\":[\"Compra Venta\",\"Hipotecas\"],\"inLanguage\":\"es\",\"potentialAction\":[{\"@type\":\"CommentAction\",\"name\":\"Comment\",\"target\":[\"https:\\\/\\\/www.aquimicasa.net\\\/blog\\\/hipotecas\\\/en-octubre-vuelven-a-decender-compraventas-e-hipotecas\\\/#respond\"]}]},{\"@type\":\"WebPage\",\"@id\":\"https:\\\/\\\/www.aquimicasa.net\\\/blog\\\/hipotecas\\\/en-octubre-vuelven-a-decender-compraventas-e-hipotecas\\\/\",\"url\":\"https:\\\/\\\/www.aquimicasa.net\\\/blog\\\/hipotecas\\\/en-octubre-vuelven-a-decender-compraventas-e-hipotecas\\\/\",\"name\":\"En octubre vuelven a decender compraventas e hipotecas\",\"isPartOf\":{\"@id\":\"https:\\\/\\\/www.aquimicasa.net\\\/blog\\\/#website\"},\"primaryImageOfPage\":{\"@id\":\"https:\\\/\\\/www.aquimicasa.net\\\/blog\\\/hipotecas\\\/en-octubre-vuelven-a-decender-compraventas-e-hipotecas\\\/#primaryimage\"},\"image\":{\"@id\":\"https:\\\/\\\/www.aquimicasa.net\\\/blog\\\/hipotecas\\\/en-octubre-vuelven-a-decender-compraventas-e-hipotecas\\\/#primaryimage\"},\"thumbnailUrl\":\"https:\\\/\\\/www.registradores.org\\\/documents\\\/33383\\\/0\\\/registradores_notadeprensa111223_1.png\\\/952aec21-01a8-0131-aac0-c25b9457b2c1?t=1702290647163\",\"datePublished\":\"2023-12-12T22:32:49+00:00\",\"breadcrumb\":{\"@id\":\"https:\\\/\\\/www.aquimicasa.net\\\/blog\\\/hipotecas\\\/en-octubre-vuelven-a-decender-compraventas-e-hipotecas\\\/#breadcrumb\"},\"inLanguage\":\"es\",\"potentialAction\":[{\"@type\":\"ReadAction\",\"target\":[\"https:\\\/\\\/www.aquimicasa.net\\\/blog\\\/hipotecas\\\/en-octubre-vuelven-a-decender-compraventas-e-hipotecas\\\/\"]}]},{\"@type\":\"ImageObject\",\"inLanguage\":\"es\",\"@id\":\"https:\\\/\\\/www.aquimicasa.net\\\/blog\\\/hipotecas\\\/en-octubre-vuelven-a-decender-compraventas-e-hipotecas\\\/#primaryimage\",\"url\":\"https:\\\/\\\/www.registradores.org\\\/documents\\\/33383\\\/0\\\/registradores_notadeprensa111223_1.png\\\/952aec21-01a8-0131-aac0-c25b9457b2c1?t=1702290647163\",\"contentUrl\":\"https:\\\/\\\/www.registradores.org\\\/documents\\\/33383\\\/0\\\/registradores_notadeprensa111223_1.png\\\/952aec21-01a8-0131-aac0-c25b9457b2c1?t=1702290647163\"},{\"@type\":\"BreadcrumbList\",\"@id\":\"https:\\\/\\\/www.aquimicasa.net\\\/blog\\\/hipotecas\\\/en-octubre-vuelven-a-decender-compraventas-e-hipotecas\\\/#breadcrumb\",\"itemListElement\":[{\"@type\":\"ListItem\",\"position\":1,\"name\":\"Portada\",\"item\":\"https:\\\/\\\/www.aquimicasa.net\\\/blog\\\/\"},{\"@type\":\"ListItem\",\"position\":2,\"name\":\"En octubre vuelven a decender compraventas e hipotecas\"}]},{\"@type\":\"WebSite\",\"@id\":\"https:\\\/\\\/www.aquimicasa.net\\\/blog\\\/#website\",\"url\":\"https:\\\/\\\/www.aquimicasa.net\\\/blog\\\/\",\"name\":\"Blog de aquimicasa.net\",\"description\":\"Noticias del Mundo Inmobiliario\",\"publisher\":{\"@id\":\"https:\\\/\\\/www.aquimicasa.net\\\/blog\\\/#organization\"},\"potentialAction\":[{\"@type\":\"SearchAction\",\"target\":{\"@type\":\"EntryPoint\",\"urlTemplate\":\"https:\\\/\\\/www.aquimicasa.net\\\/blog\\\/?s={search_term_string}\"},\"query-input\":{\"@type\":\"PropertyValueSpecification\",\"valueRequired\":true,\"valueName\":\"search_term_string\"}}],\"inLanguage\":\"es\"},{\"@type\":\"Organization\",\"@id\":\"https:\\\/\\\/www.aquimicasa.net\\\/blog\\\/#organization\",\"name\":\"Blog de aquimicasa.net\",\"url\":\"https:\\\/\\\/www.aquimicasa.net\\\/blog\\\/\",\"logo\":{\"@type\":\"ImageObject\",\"inLanguage\":\"es\",\"@id\":\"https:\\\/\\\/www.aquimicasa.net\\\/blog\\\/#\\\/schema\\\/logo\\\/image\\\/\",\"url\":\"https:\\\/\\\/www.aquimicasa.net\\\/blog\\\/wp-content\\\/uploads\\\/Logo-aquimicasa-1-e1528048213782.png\",\"contentUrl\":\"https:\\\/\\\/www.aquimicasa.net\\\/blog\\\/wp-content\\\/uploads\\\/Logo-aquimicasa-1-e1528048213782.png\",\"width\":225,\"height\":225,\"caption\":\"Blog de aquimicasa.net\"},\"image\":{\"@id\":\"https:\\\/\\\/www.aquimicasa.net\\\/blog\\\/#\\\/schema\\\/logo\\\/image\\\/\"},\"sameAs\":[\"https:\\\/\\\/www.facebook.com\\\/aquimicasa.net\",\"https:\\\/\\\/www.instagram.com\\\/\",\"https:\\\/\\\/x.com\\\/EduLizarragaD\",\"https:\\\/\\\/www.linkedin.com\\\/feed\\\/\"]},{\"@type\":\"Person\",\"@id\":\"https:\\\/\\\/www.aquimicasa.net\\\/blog\\\/#\\\/schema\\\/person\\\/2cdfa2605534583395c8d7ce1d6cac14\",\"name\":\"Eduardo Lizarraga\",\"image\":{\"@type\":\"ImageObject\",\"inLanguage\":\"es\",\"@id\":\"https:\\\/\\\/secure.gravatar.com\\\/avatar\\\/bdabe1eeeed97b65a9cb7de2edd624b07995f7e13abc5fead15961f745f908cc?s=96&d=mm&r=g\",\"url\":\"https:\\\/\\\/secure.gravatar.com\\\/avatar\\\/bdabe1eeeed97b65a9cb7de2edd624b07995f7e13abc5fead15961f745f908cc?s=96&d=mm&r=g\",\"contentUrl\":\"https:\\\/\\\/secure.gravatar.com\\\/avatar\\\/bdabe1eeeed97b65a9cb7de2edd624b07995f7e13abc5fead15961f745f908cc?s=96&d=mm&r=g\",\"caption\":\"Eduardo Lizarraga\"},\"description\":\"Periodista Econ\u00f3mico. Ha trabajado en diversos campos de la informaci\u00f3n. Corresponsal en conflictos, analista pol\u00edtico en Congreso y Senado, periodista del medio ambiente, editor, director editorial, director de comunicaci\u00f3n.... En estos momentos se ha especializado en el sector inmobiliario. Pero tambi\u00e9n es navegante y viajero, preocupado por la pobreza, el medio ambiente y por las actuaciones descontroladas del neoliberalismo empresarial y pol\u00edtico en todo el mundo. Los desahucios, la pobreza infantil y la falta de acceso a los suministros b\u00e1sicos son algunos de los grandes dramas de nuestra sociedad y que es preciso solucionar para hacerla m\u00e1s justa. CEO en www.aquimicasa.net\",\"sameAs\":[\"https:\\\/\\\/www.aquimicasa.net\\\/\"],\"url\":\"https:\\\/\\\/www.aquimicasa.net\\\/blog\\\/author\\\/eduardo\\\/\"}]}<\/script>\n<!-- \/ Yoast SEO plugin. -->","yoast_head_json":{"title":"En octubre vuelven a decender compraventas e hipotecas","robots":{"index":"index","follow":"follow","max-snippet":"max-snippet:-1","max-image-preview":"max-image-preview:large","max-video-preview":"max-video-preview:-1"},"canonical":"https:\/\/www.aquimicasa.net\/blog\/hipotecas\/en-octubre-vuelven-a-decender-compraventas-e-hipotecas\/","og_locale":"es_ES","og_type":"article","og_title":"En octubre vuelven a decender compraventas e hipotecas","og_description":"La evoluci\u00f3n del n\u00famero de hipotecas constituidas durante los \u00faltimos meses mantiene una tendencia negativa m\u00e1s pronunciada que la bajada en las compraventas, situ\u00e1ndose con ligeras oscilaciones en el entorno del 18-28% de descenso en los \u00faltimos siete meses. En cuanto a las hipotecas totales, en octubre se han constituido 40.266 operaciones frente a las 52.551 del mismo mes del a\u00f1o anterior, con una diferencia en torno a las 12.300 operaciones menos.","og_url":"https:\/\/www.aquimicasa.net\/blog\/hipotecas\/en-octubre-vuelven-a-decender-compraventas-e-hipotecas\/","og_site_name":"Blog de aquimicasa.net","article_publisher":"https:\/\/www.facebook.com\/aquimicasa.net","article_published_time":"2023-12-12T22:32:49+00:00","og_image":[{"width":450,"height":253,"url":"https:\/\/www.aquimicasa.net\/blog\/wp-content\/uploads\/El-euribor-impacta-1-e1677139705343.jpeg","type":"image\/jpeg"}],"author":"Eduardo Lizarraga","twitter_misc":{"Escrito por":"Eduardo Lizarraga","Tiempo de lectura":"5 minutos"},"schema":{"@context":"https:\/\/schema.org","@graph":[{"@type":"Article","@id":"https:\/\/www.aquimicasa.net\/blog\/hipotecas\/en-octubre-vuelven-a-decender-compraventas-e-hipotecas\/#article","isPartOf":{"@id":"https:\/\/www.aquimicasa.net\/blog\/hipotecas\/en-octubre-vuelven-a-decender-compraventas-e-hipotecas\/"},"author":{"name":"Eduardo Lizarraga","@id":"https:\/\/www.aquimicasa.net\/blog\/#\/schema\/person\/2cdfa2605534583395c8d7ce1d6cac14"},"headline":"En octubre vuelven a decender compraventas e hipotecas","datePublished":"2023-12-12T22:32:49+00:00","mainEntityOfPage":{"@id":"https:\/\/www.aquimicasa.net\/blog\/hipotecas\/en-octubre-vuelven-a-decender-compraventas-e-hipotecas\/"},"wordCount":865,"commentCount":0,"publisher":{"@id":"https:\/\/www.aquimicasa.net\/blog\/#organization"},"image":{"@id":"https:\/\/www.aquimicasa.net\/blog\/hipotecas\/en-octubre-vuelven-a-decender-compraventas-e-hipotecas\/#primaryimage"},"thumbnailUrl":"https:\/\/www.registradores.org\/documents\/33383\/0\/registradores_notadeprensa111223_1.png\/952aec21-01a8-0131-aac0-c25b9457b2c1?t=1702290647163","keywords":["newsletter 439","noticia de portada"],"articleSection":["Compra Venta","Hipotecas"],"inLanguage":"es","potentialAction":[{"@type":"CommentAction","name":"Comment","target":["https:\/\/www.aquimicasa.net\/blog\/hipotecas\/en-octubre-vuelven-a-decender-compraventas-e-hipotecas\/#respond"]}]},{"@type":"WebPage","@id":"https:\/\/www.aquimicasa.net\/blog\/hipotecas\/en-octubre-vuelven-a-decender-compraventas-e-hipotecas\/","url":"https:\/\/www.aquimicasa.net\/blog\/hipotecas\/en-octubre-vuelven-a-decender-compraventas-e-hipotecas\/","name":"En octubre vuelven a decender compraventas e hipotecas","isPartOf":{"@id":"https:\/\/www.aquimicasa.net\/blog\/#website"},"primaryImageOfPage":{"@id":"https:\/\/www.aquimicasa.net\/blog\/hipotecas\/en-octubre-vuelven-a-decender-compraventas-e-hipotecas\/#primaryimage"},"image":{"@id":"https:\/\/www.aquimicasa.net\/blog\/hipotecas\/en-octubre-vuelven-a-decender-compraventas-e-hipotecas\/#primaryimage"},"thumbnailUrl":"https:\/\/www.registradores.org\/documents\/33383\/0\/registradores_notadeprensa111223_1.png\/952aec21-01a8-0131-aac0-c25b9457b2c1?t=1702290647163","datePublished":"2023-12-12T22:32:49+00:00","breadcrumb":{"@id":"https:\/\/www.aquimicasa.net\/blog\/hipotecas\/en-octubre-vuelven-a-decender-compraventas-e-hipotecas\/#breadcrumb"},"inLanguage":"es","potentialAction":[{"@type":"ReadAction","target":["https:\/\/www.aquimicasa.net\/blog\/hipotecas\/en-octubre-vuelven-a-decender-compraventas-e-hipotecas\/"]}]},{"@type":"ImageObject","inLanguage":"es","@id":"https:\/\/www.aquimicasa.net\/blog\/hipotecas\/en-octubre-vuelven-a-decender-compraventas-e-hipotecas\/#primaryimage","url":"https:\/\/www.registradores.org\/documents\/33383\/0\/registradores_notadeprensa111223_1.png\/952aec21-01a8-0131-aac0-c25b9457b2c1?t=1702290647163","contentUrl":"https:\/\/www.registradores.org\/documents\/33383\/0\/registradores_notadeprensa111223_1.png\/952aec21-01a8-0131-aac0-c25b9457b2c1?t=1702290647163"},{"@type":"BreadcrumbList","@id":"https:\/\/www.aquimicasa.net\/blog\/hipotecas\/en-octubre-vuelven-a-decender-compraventas-e-hipotecas\/#breadcrumb","itemListElement":[{"@type":"ListItem","position":1,"name":"Portada","item":"https:\/\/www.aquimicasa.net\/blog\/"},{"@type":"ListItem","position":2,"name":"En octubre vuelven a decender compraventas e hipotecas"}]},{"@type":"WebSite","@id":"https:\/\/www.aquimicasa.net\/blog\/#website","url":"https:\/\/www.aquimicasa.net\/blog\/","name":"Blog de aquimicasa.net","description":"Noticias del Mundo Inmobiliario","publisher":{"@id":"https:\/\/www.aquimicasa.net\/blog\/#organization"},"potentialAction":[{"@type":"SearchAction","target":{"@type":"EntryPoint","urlTemplate":"https:\/\/www.aquimicasa.net\/blog\/?s={search_term_string}"},"query-input":{"@type":"PropertyValueSpecification","valueRequired":true,"valueName":"search_term_string"}}],"inLanguage":"es"},{"@type":"Organization","@id":"https:\/\/www.aquimicasa.net\/blog\/#organization","name":"Blog de aquimicasa.net","url":"https:\/\/www.aquimicasa.net\/blog\/","logo":{"@type":"ImageObject","inLanguage":"es","@id":"https:\/\/www.aquimicasa.net\/blog\/#\/schema\/logo\/image\/","url":"https:\/\/www.aquimicasa.net\/blog\/wp-content\/uploads\/Logo-aquimicasa-1-e1528048213782.png","contentUrl":"https:\/\/www.aquimicasa.net\/blog\/wp-content\/uploads\/Logo-aquimicasa-1-e1528048213782.png","width":225,"height":225,"caption":"Blog de aquimicasa.net"},"image":{"@id":"https:\/\/www.aquimicasa.net\/blog\/#\/schema\/logo\/image\/"},"sameAs":["https:\/\/www.facebook.com\/aquimicasa.net","https:\/\/www.instagram.com\/","https:\/\/x.com\/EduLizarragaD","https:\/\/www.linkedin.com\/feed\/"]},{"@type":"Person","@id":"https:\/\/www.aquimicasa.net\/blog\/#\/schema\/person\/2cdfa2605534583395c8d7ce1d6cac14","name":"Eduardo Lizarraga","image":{"@type":"ImageObject","inLanguage":"es","@id":"https:\/\/secure.gravatar.com\/avatar\/bdabe1eeeed97b65a9cb7de2edd624b07995f7e13abc5fead15961f745f908cc?s=96&d=mm&r=g","url":"https:\/\/secure.gravatar.com\/avatar\/bdabe1eeeed97b65a9cb7de2edd624b07995f7e13abc5fead15961f745f908cc?s=96&d=mm&r=g","contentUrl":"https:\/\/secure.gravatar.com\/avatar\/bdabe1eeeed97b65a9cb7de2edd624b07995f7e13abc5fead15961f745f908cc?s=96&d=mm&r=g","caption":"Eduardo Lizarraga"},"description":"Periodista Econ\u00f3mico. Ha trabajado en diversos campos de la informaci\u00f3n. Corresponsal en conflictos, analista pol\u00edtico en Congreso y Senado, periodista del medio ambiente, editor, director editorial, director de comunicaci\u00f3n.... En estos momentos se ha especializado en el sector inmobiliario. Pero tambi\u00e9n es navegante y viajero, preocupado por la pobreza, el medio ambiente y por las actuaciones descontroladas del neoliberalismo empresarial y pol\u00edtico en todo el mundo. Los desahucios, la pobreza infantil y la falta de acceso a los suministros b\u00e1sicos son algunos de los grandes dramas de nuestra sociedad y que es preciso solucionar para hacerla m\u00e1s justa. CEO en www.aquimicasa.net","sameAs":["https:\/\/www.aquimicasa.net\/"],"url":"https:\/\/www.aquimicasa.net\/blog\/author\/eduardo\/"}]}},"jetpack_publicize_connections":[],"jetpack_featured_media_url":"","jetpack_sharing_enabled":true,"jetpack_likes_enabled":true,"_links":{"self":[{"href":"https:\/\/www.aquimicasa.net\/blog\/wp-json\/wp\/v2\/posts\/46198","targetHints":{"allow":["GET"]}}],"collection":[{"href":"https:\/\/www.aquimicasa.net\/blog\/wp-json\/wp\/v2\/posts"}],"about":[{"href":"https:\/\/www.aquimicasa.net\/blog\/wp-json\/wp\/v2\/types\/post"}],"author":[{"embeddable":true,"href":"https:\/\/www.aquimicasa.net\/blog\/wp-json\/wp\/v2\/users\/3"}],"replies":[{"embeddable":true,"href":"https:\/\/www.aquimicasa.net\/blog\/wp-json\/wp\/v2\/comments?post=46198"}],"version-history":[{"count":2,"href":"https:\/\/www.aquimicasa.net\/blog\/wp-json\/wp\/v2\/posts\/46198\/revisions"}],"predecessor-version":[{"id":46200,"href":"https:\/\/www.aquimicasa.net\/blog\/wp-json\/wp\/v2\/posts\/46198\/revisions\/46200"}],"wp:attachment":[{"href":"https:\/\/www.aquimicasa.net\/blog\/wp-json\/wp\/v2\/media?parent=46198"}],"wp:term":[{"taxonomy":"category","embeddable":true,"href":"https:\/\/www.aquimicasa.net\/blog\/wp-json\/wp\/v2\/categories?post=46198"},{"taxonomy":"post_tag","embeddable":true,"href":"https:\/\/www.aquimicasa.net\/blog\/wp-json\/wp\/v2\/tags?post=46198"}],"curies":[{"name":"wp","href":"https:\/\/api.w.org\/{rel}","templated":true}]}}