{"id":46201,"date":"2023-12-27T22:15:20","date_gmt":"2023-12-27T21:15:20","guid":{"rendered":"https:\/\/www.aquimicasa.net\/blog\/?p=46201"},"modified":"2023-12-31T12:27:00","modified_gmt":"2023-12-31T11:27:00","slug":"el-tribunal-supremo-avala-el-veto-a-los-apartamentos-turisticos","status":"publish","type":"post","link":"https:\/\/www.aquimicasa.net\/blog\/vivienda\/alquileres\/el-tribunal-supremo-avala-el-veto-a-los-apartamentos-turisticos\/","title":{"rendered":"El Tribunal Supremo avala el veto a los apartamentos tur\u00edsticos"},"content":{"rendered":"<div class=\"fusion-fullwidth fullwidth-box fusion-builder-row-1 fusion-flex-container nonhundred-percent-fullwidth non-hundred-percent-height-scrolling\" style=\"background-color: rgba(255,255,255,0);background-position: center center;background-repeat: no-repeat;border-width: 0px 0px 0px 0px;border-color:#eae9e9;border-style:solid;\" ><div class=\"fusion-builder-row fusion-row fusion-flex-align-items-flex-start\" style=\"max-width:1144px;margin-left: calc(-4% \/ 2 );margin-right: calc(-4% \/ 2 );\"><div class=\"fusion-layout-column fusion_builder_column fusion-builder-column-0 fusion_builder_column_1_1 1_1 fusion-flex-column\"><div class=\"fusion-column-wrapper fusion-flex-justify-content-flex-start fusion-content-layout-column\" style=\"background-position:left top;background-repeat:no-repeat;-webkit-background-size:cover;-moz-background-size:cover;-o-background-size:cover;background-size:cover;padding: 0px 0px 0px 0px;\"><div class=\"fusion-text fusion-text-1\"><p>El <strong>Tribunal Supremo<\/strong> intenta aportar un poco de luz en esa constante discusi\u00f3n en las comunidades de vecinos en las que existe alg\u00fan inmueble dedicado al alquiler tur\u00edstico. Y lo hace con dos sentencias, una en Oviedo y otra en San Sebasti\u00e1n, avalando el <strong>veto a los \u2018apartamentos tur\u00edsticos\u2019<\/strong> en las comunidades de propietarios que proh\u00edben expresamente en sus estatutos la utilizaci\u00f3n de las viviendas para <strong>ejercer una actividad econ\u00f3mica<\/strong>. La informaci\u00f3n nos la ampl\u00eda <strong>Economist&amp;Jurist<\/strong> asegurando que la Sala de lo Civil del TS considera al respecto que el alquiler de viviendas para uso tur\u00edstico es una <strong>actividad econ\u00f3mica<\/strong>.<\/p>\n<h2><strong>Los estatutos de las comunidades de vecinos pueden prohibir los alquileres tur\u00edsticos<\/strong><\/h2>\n<p>El tribunal aclara que en ninguno de los casos examinados se trata de aplicar la nueva regulaci\u00f3n de la Ley de Propiedad Horizontal que dispone que el acuerdo por el que se limite o condicione el ejercicio de esta actividad requerir\u00e1 el voto favorable de\u00a0las tres quintas partes del total de los propietarios, sino de determinar <strong>si en los estatutos comunitarios existe una prohibici\u00f3n de destinar los pisos al uso tur\u00edstico<\/strong>.<\/p>\n<p>En la sentencia de Oviedo, la Sala da la raz\u00f3n a la comunidad de propietarios del edificio \u201cla Jirafa \u00c9lite\u201dy ordena el<strong> cese de la actividad de alquiler tur\u00edstico<\/strong> que se desarrolla en dos pisos de este edificio de veinte plantas.<\/p>\n<p>El Supremo concluye que si se aplican los estatutos sociales -edificio de Oviedo- resulta que concurre una prohibici\u00f3n estatutaria, cuya validez no se discute, conforme a la cual en los departamentos independientes del edificio -viviendas- no podr\u00e1n ejercerse actividades profesionales, empresariales, mercantiles o comerciales de ning\u00fan tipo; reserv\u00e1ndose su uso al de car\u00e1cter exclusivamente residencial.<\/p>\n<p>Para la Sala, la actividad desplegada por la parte demandada en los dos pisos del edificio tiene \u201c<strong>naturaleza empresarial y comercial<\/strong>, prestada por una sociedad mercantil, y, por ello, debemos otorgar la raz\u00f3n a la parte demandante, en el sentido de que existe una prohibici\u00f3n estatutaria inscrita, que vedaba el destino de los referidos inmuebles como viviendas de uso tur\u00edstico, sometidas al r\u00e9gimen jur\u00eddico del\u00a0Decreto 48\/2016, de 10 agosto, de viviendas vacacionales y viviendas de uso tur\u00edstico de Asturias\u201d.<\/p>\n<h3>El alquiler de viviendas con fin tur\u00edstico es una actividad econ\u00f3mica<\/h3>\n<p>A la misma conclusi\u00f3n llega el tribunal en el otro asunto resuelto en una segunda sentencia que afecta a algunos propietarios de viviendas de un edificio de San Sebasti\u00e1n, que demandaron a su comunidad con el fin de que <strong>se anulara la prohibici\u00f3n recogida en las normas del edifici<\/strong>o por la promotora, e incluidas en los contratos de compraventa de viviendas, que establec\u00eda que quedaba terminantemente prohibida la realizaci\u00f3n de actividad econ\u00f3mica alguna (oficina, despacho, consulta, cl\u00ednica, etc., \u2026) salvo que la propia subcomunidad del portal lo autorizara por unanimidad.<\/p>\n<p>La Sala subraya, a la vista de la legislaci\u00f3n sectorial tur\u00edstica de la Comunidad Aut\u00f3noma y las ordenanzas municipales aplicables, \u201cla <strong>condici\u00f3n de actividad econ\u00f3mica<\/strong> de la actividad de alquiler de las viviendas que se ofrezcan o comercialicen como alojamiento por motivos tur\u00edsticos o vacacionales, y que son cedidas temporalmente por la persona propietaria, explotadora o gestora y comercializadas directamente por ella misma o indirectamente, a terceros, de forma reiterada o habitual y a cambio de contraprestaci\u00f3n econ\u00f3mica\u201d.<\/p>\n<p>La sentencia afirma que \u00ab<strong>el alquiler de viviendas para uso tur\u00edstico es una actividad incluida en la prohibici\u00f3n estatutaria<\/strong>, pues es una actividad econ\u00f3mica, equiparable a las actividades econ\u00f3micas que a t\u00edtulo ejemplificativo se enumeran en la norma quinta de los estatutos, caracterizadas todas ellas por ser usos distintos del de vivienda y en los que concurre un componente comercial, profesional o empresarial\u201d.<\/p>\n<p>El tribunal concluye que esta interpretaci\u00f3n es conforme con la jurisprudencia de la Sala acerca de que \u201clas limitaciones tienen que ser claras, precisas y expresas porque <strong>la inclusi\u00f3n de la actividad tur\u00edstica en la prohibici\u00f3n estatutaria es perfectamente coherente<\/strong> con su letra y esp\u00edritu, que no es otra que prohibir que en las viviendas se ejercite una actividad econ\u00f3mica con un car\u00e1cter comercial, profesional o empresarial como sucede con los apartamentos tur\u00edsticos\u201d.<\/p>\n<\/div><\/div><style type=\"text\/css\">.fusion-body .fusion-builder-column-0{width:100% !important;margin-top : 0px;margin-bottom : 0px;}.fusion-builder-column-0 > .fusion-column-wrapper {padding-top : 0px !important;padding-right : 0px !important;margin-right : 1.92%;padding-bottom : 0px !important;padding-left : 0px !important;margin-left : 1.92%;}@media only screen and (max-width:1024px) {.fusion-body .fusion-builder-column-0{width:100% !important;}.fusion-builder-column-0 > .fusion-column-wrapper {margin-right : 1.92%;margin-left : 1.92%;}}@media only screen and (max-width:640px) {.fusion-body .fusion-builder-column-0{width:100% !important;}.fusion-builder-column-0 > .fusion-column-wrapper {margin-right : 1.92%;margin-left : 1.92%;}}<\/style><\/div><\/div><style type=\"text\/css\">.fusion-body .fusion-flex-container.fusion-builder-row-1{ padding-top : 0px;margin-top : 0px;padding-right : 0px;padding-bottom : 0px;margin-bottom : 0px;padding-left : 0px;}<\/style><\/div>\n","protected":false},"excerpt":{"rendered":"<p>El Tribunal Supremo avala el veto a los \u2018apartamentos tur\u00edsticos\u2019 en las comunidades de propietarios que proh\u00edben expresamente en sus estatutos la utilizaci\u00f3n de las viviendas para ejercer una actividad econ\u00f3mica. La Sala de lo Civil del TS considera al respecto que el alquiler de viviendas para uso tur\u00edstico es una actividad econ\u00f3mica.<\/p>\n","protected":false},"author":3,"featured_media":40767,"comment_status":"open","ping_status":"closed","sticky":false,"template":"","format":"standard","meta":{"_jetpack_memberships_contains_paid_content":false,"footnotes":"","jetpack_publicize_message":"","jetpack_publicize_feature_enabled":true,"jetpack_social_post_already_shared":false,"jetpack_social_options":{"image_generator_settings":{"template":"highway","default_image_id":0,"font":"","enabled":false},"version":2}},"categories":[120],"tags":[8133,8144,7568],"class_list":["post-46201","post","type-post","status-publish","format-standard","has-post-thumbnail","hentry","category-alquileres","tag-newsletter-431","tag-newsletter-441","tag-noticia-de-portada"],"yoast_head":"<!-- This site is optimized with the Yoast SEO plugin v28.2 - https:\/\/yoast.com\/product\/yoast-seo-wordpress\/ -->\n<title>El Tribunal Supremo avala el veto a los apartamentos tur\u00edsticos<\/title>\n<meta name=\"description\" content=\"El alquiler de viviendas para uso tur\u00edstico es una actividad incluida en la prohibici\u00f3n estatutaria de las comunidades de vecinos\" \/>\n<meta name=\"robots\" content=\"index, follow, max-snippet:-1, max-image-preview:large, max-video-preview:-1\" \/>\n<link rel=\"canonical\" href=\"https:\/\/www.aquimicasa.net\/blog\/vivienda\/alquileres\/el-tribunal-supremo-avala-el-veto-a-los-apartamentos-turisticos\/\" \/>\n<meta property=\"og:locale\" content=\"es_ES\" \/>\n<meta property=\"og:type\" content=\"article\" \/>\n<meta property=\"og:title\" content=\"El Tribunal Supremo avala el veto a los apartamentos tur\u00edsticos\" \/>\n<meta property=\"og:description\" content=\"El alquiler de viviendas para uso tur\u00edstico es una actividad incluida en la prohibici\u00f3n estatutaria de las comunidades de vecinos\" \/>\n<meta property=\"og:url\" content=\"https:\/\/www.aquimicasa.net\/blog\/vivienda\/alquileres\/el-tribunal-supremo-avala-el-veto-a-los-apartamentos-turisticos\/\" \/>\n<meta property=\"og:site_name\" content=\"Blog de aquimicasa.net\" \/>\n<meta property=\"article:publisher\" content=\"https:\/\/www.facebook.com\/aquimicasa.net\" \/>\n<meta property=\"article:published_time\" content=\"2023-12-27T21:15:20+00:00\" \/>\n<meta property=\"article:modified_time\" content=\"2023-12-31T11:27:00+00:00\" \/>\n<meta property=\"og:image\" content=\"https:\/\/www.aquimicasa.net\/blog\/wp-content\/uploads\/Tribunal-Supremo2-1-e1651785024402.jpg\" \/>\n\t<meta property=\"og:image:width\" content=\"400\" \/>\n\t<meta property=\"og:image:height\" content=\"270\" \/>\n\t<meta property=\"og:image:type\" content=\"image\/jpeg\" \/>\n<meta name=\"author\" content=\"Eduardo Lizarraga\" \/>\n<meta name=\"twitter:label1\" content=\"Escrito por\" \/>\n\t<meta name=\"twitter:data1\" content=\"Eduardo Lizarraga\" \/>\n\t<meta name=\"twitter:label2\" content=\"Tiempo de lectura\" \/>\n\t<meta name=\"twitter:data2\" content=\"4 minutos\" \/>\n<script type=\"application\/ld+json\" class=\"yoast-schema-graph\">{\"@context\":\"https:\\\/\\\/schema.org\",\"@graph\":[{\"@type\":\"Article\",\"@id\":\"https:\\\/\\\/www.aquimicasa.net\\\/blog\\\/vivienda\\\/alquileres\\\/el-tribunal-supremo-avala-el-veto-a-los-apartamentos-turisticos\\\/#article\",\"isPartOf\":{\"@id\":\"https:\\\/\\\/www.aquimicasa.net\\\/blog\\\/vivienda\\\/alquileres\\\/el-tribunal-supremo-avala-el-veto-a-los-apartamentos-turisticos\\\/\"},\"author\":{\"name\":\"Eduardo Lizarraga\",\"@id\":\"https:\\\/\\\/www.aquimicasa.net\\\/blog\\\/#\\\/schema\\\/person\\\/2cdfa2605534583395c8d7ce1d6cac14\"},\"headline\":\"El Tribunal Supremo avala el veto a los apartamentos tur\u00edsticos\",\"datePublished\":\"2023-12-27T21:15:20+00:00\",\"dateModified\":\"2023-12-31T11:27:00+00:00\",\"mainEntityOfPage\":{\"@id\":\"https:\\\/\\\/www.aquimicasa.net\\\/blog\\\/vivienda\\\/alquileres\\\/el-tribunal-supremo-avala-el-veto-a-los-apartamentos-turisticos\\\/\"},\"wordCount\":984,\"commentCount\":0,\"publisher\":{\"@id\":\"https:\\\/\\\/www.aquimicasa.net\\\/blog\\\/#organization\"},\"image\":{\"@id\":\"https:\\\/\\\/www.aquimicasa.net\\\/blog\\\/vivienda\\\/alquileres\\\/el-tribunal-supremo-avala-el-veto-a-los-apartamentos-turisticos\\\/#primaryimage\"},\"thumbnailUrl\":\"https:\\\/\\\/www.aquimicasa.net\\\/blog\\\/wp-content\\\/uploads\\\/Tribunal-Supremo2-1-e1651785024402.jpg\",\"keywords\":[\"newsletter 431\",\"newsletter 441\",\"noticia de portada\"],\"articleSection\":[\"Alquiler\"],\"inLanguage\":\"es\",\"potentialAction\":[{\"@type\":\"CommentAction\",\"name\":\"Comment\",\"target\":[\"https:\\\/\\\/www.aquimicasa.net\\\/blog\\\/vivienda\\\/alquileres\\\/el-tribunal-supremo-avala-el-veto-a-los-apartamentos-turisticos\\\/#respond\"]}]},{\"@type\":\"WebPage\",\"@id\":\"https:\\\/\\\/www.aquimicasa.net\\\/blog\\\/vivienda\\\/alquileres\\\/el-tribunal-supremo-avala-el-veto-a-los-apartamentos-turisticos\\\/\",\"url\":\"https:\\\/\\\/www.aquimicasa.net\\\/blog\\\/vivienda\\\/alquileres\\\/el-tribunal-supremo-avala-el-veto-a-los-apartamentos-turisticos\\\/\",\"name\":\"El Tribunal Supremo avala el veto a los apartamentos tur\u00edsticos\",\"isPartOf\":{\"@id\":\"https:\\\/\\\/www.aquimicasa.net\\\/blog\\\/#website\"},\"primaryImageOfPage\":{\"@id\":\"https:\\\/\\\/www.aquimicasa.net\\\/blog\\\/vivienda\\\/alquileres\\\/el-tribunal-supremo-avala-el-veto-a-los-apartamentos-turisticos\\\/#primaryimage\"},\"image\":{\"@id\":\"https:\\\/\\\/www.aquimicasa.net\\\/blog\\\/vivienda\\\/alquileres\\\/el-tribunal-supremo-avala-el-veto-a-los-apartamentos-turisticos\\\/#primaryimage\"},\"thumbnailUrl\":\"https:\\\/\\\/www.aquimicasa.net\\\/blog\\\/wp-content\\\/uploads\\\/Tribunal-Supremo2-1-e1651785024402.jpg\",\"datePublished\":\"2023-12-27T21:15:20+00:00\",\"dateModified\":\"2023-12-31T11:27:00+00:00\",\"description\":\"El alquiler de viviendas para uso tur\u00edstico es una actividad incluida en la prohibici\u00f3n estatutaria de las comunidades de vecinos\",\"breadcrumb\":{\"@id\":\"https:\\\/\\\/www.aquimicasa.net\\\/blog\\\/vivienda\\\/alquileres\\\/el-tribunal-supremo-avala-el-veto-a-los-apartamentos-turisticos\\\/#breadcrumb\"},\"inLanguage\":\"es\",\"potentialAction\":[{\"@type\":\"ReadAction\",\"target\":[\"https:\\\/\\\/www.aquimicasa.net\\\/blog\\\/vivienda\\\/alquileres\\\/el-tribunal-supremo-avala-el-veto-a-los-apartamentos-turisticos\\\/\"]}]},{\"@type\":\"ImageObject\",\"inLanguage\":\"es\",\"@id\":\"https:\\\/\\\/www.aquimicasa.net\\\/blog\\\/vivienda\\\/alquileres\\\/el-tribunal-supremo-avala-el-veto-a-los-apartamentos-turisticos\\\/#primaryimage\",\"url\":\"https:\\\/\\\/www.aquimicasa.net\\\/blog\\\/wp-content\\\/uploads\\\/Tribunal-Supremo2-1-e1651785024402.jpg\",\"contentUrl\":\"https:\\\/\\\/www.aquimicasa.net\\\/blog\\\/wp-content\\\/uploads\\\/Tribunal-Supremo2-1-e1651785024402.jpg\",\"width\":400,\"height\":270,\"caption\":\"El Supremo aclara la situaci\u00f3n con los gastos hipotecarios\"},{\"@type\":\"BreadcrumbList\",\"@id\":\"https:\\\/\\\/www.aquimicasa.net\\\/blog\\\/vivienda\\\/alquileres\\\/el-tribunal-supremo-avala-el-veto-a-los-apartamentos-turisticos\\\/#breadcrumb\",\"itemListElement\":[{\"@type\":\"ListItem\",\"position\":1,\"name\":\"Portada\",\"item\":\"https:\\\/\\\/www.aquimicasa.net\\\/blog\\\/\"},{\"@type\":\"ListItem\",\"position\":2,\"name\":\"El Tribunal Supremo avala el veto a los apartamentos tur\u00edsticos\"}]},{\"@type\":\"WebSite\",\"@id\":\"https:\\\/\\\/www.aquimicasa.net\\\/blog\\\/#website\",\"url\":\"https:\\\/\\\/www.aquimicasa.net\\\/blog\\\/\",\"name\":\"Blog de aquimicasa.net\",\"description\":\"Noticias del Mundo Inmobiliario\",\"publisher\":{\"@id\":\"https:\\\/\\\/www.aquimicasa.net\\\/blog\\\/#organization\"},\"potentialAction\":[{\"@type\":\"SearchAction\",\"target\":{\"@type\":\"EntryPoint\",\"urlTemplate\":\"https:\\\/\\\/www.aquimicasa.net\\\/blog\\\/?s={search_term_string}\"},\"query-input\":{\"@type\":\"PropertyValueSpecification\",\"valueRequired\":true,\"valueName\":\"search_term_string\"}}],\"inLanguage\":\"es\"},{\"@type\":\"Organization\",\"@id\":\"https:\\\/\\\/www.aquimicasa.net\\\/blog\\\/#organization\",\"name\":\"Blog de aquimicasa.net\",\"url\":\"https:\\\/\\\/www.aquimicasa.net\\\/blog\\\/\",\"logo\":{\"@type\":\"ImageObject\",\"inLanguage\":\"es\",\"@id\":\"https:\\\/\\\/www.aquimicasa.net\\\/blog\\\/#\\\/schema\\\/logo\\\/image\\\/\",\"url\":\"https:\\\/\\\/www.aquimicasa.net\\\/blog\\\/wp-content\\\/uploads\\\/Logo-aquimicasa-1-e1528048213782.png\",\"contentUrl\":\"https:\\\/\\\/www.aquimicasa.net\\\/blog\\\/wp-content\\\/uploads\\\/Logo-aquimicasa-1-e1528048213782.png\",\"width\":225,\"height\":225,\"caption\":\"Blog de aquimicasa.net\"},\"image\":{\"@id\":\"https:\\\/\\\/www.aquimicasa.net\\\/blog\\\/#\\\/schema\\\/logo\\\/image\\\/\"},\"sameAs\":[\"https:\\\/\\\/www.facebook.com\\\/aquimicasa.net\",\"https:\\\/\\\/www.instagram.com\\\/\",\"https:\\\/\\\/x.com\\\/EduLizarragaD\",\"https:\\\/\\\/www.linkedin.com\\\/feed\\\/\"]},{\"@type\":\"Person\",\"@id\":\"https:\\\/\\\/www.aquimicasa.net\\\/blog\\\/#\\\/schema\\\/person\\\/2cdfa2605534583395c8d7ce1d6cac14\",\"name\":\"Eduardo Lizarraga\",\"image\":{\"@type\":\"ImageObject\",\"inLanguage\":\"es\",\"@id\":\"https:\\\/\\\/secure.gravatar.com\\\/avatar\\\/bdabe1eeeed97b65a9cb7de2edd624b07995f7e13abc5fead15961f745f908cc?s=96&d=mm&r=g\",\"url\":\"https:\\\/\\\/secure.gravatar.com\\\/avatar\\\/bdabe1eeeed97b65a9cb7de2edd624b07995f7e13abc5fead15961f745f908cc?s=96&d=mm&r=g\",\"contentUrl\":\"https:\\\/\\\/secure.gravatar.com\\\/avatar\\\/bdabe1eeeed97b65a9cb7de2edd624b07995f7e13abc5fead15961f745f908cc?s=96&d=mm&r=g\",\"caption\":\"Eduardo Lizarraga\"},\"description\":\"Periodista Econ\u00f3mico. Ha trabajado en diversos campos de la informaci\u00f3n. Corresponsal en conflictos, analista pol\u00edtico en Congreso y Senado, periodista del medio ambiente, editor, director editorial, director de comunicaci\u00f3n.... En estos momentos se ha especializado en el sector inmobiliario. Pero tambi\u00e9n es navegante y viajero, preocupado por la pobreza, el medio ambiente y por las actuaciones descontroladas del neoliberalismo empresarial y pol\u00edtico en todo el mundo. Los desahucios, la pobreza infantil y la falta de acceso a los suministros b\u00e1sicos son algunos de los grandes dramas de nuestra sociedad y que es preciso solucionar para hacerla m\u00e1s justa. CEO en www.aquimicasa.net\",\"sameAs\":[\"https:\\\/\\\/www.aquimicasa.net\\\/\"],\"url\":\"https:\\\/\\\/www.aquimicasa.net\\\/blog\\\/author\\\/eduardo\\\/\"}]}<\/script>\n<!-- \/ Yoast SEO plugin. -->","yoast_head_json":{"title":"El Tribunal Supremo avala el veto a los apartamentos tur\u00edsticos","description":"El alquiler de viviendas para uso tur\u00edstico es una actividad incluida en la prohibici\u00f3n estatutaria de las comunidades de vecinos","robots":{"index":"index","follow":"follow","max-snippet":"max-snippet:-1","max-image-preview":"max-image-preview:large","max-video-preview":"max-video-preview:-1"},"canonical":"https:\/\/www.aquimicasa.net\/blog\/vivienda\/alquileres\/el-tribunal-supremo-avala-el-veto-a-los-apartamentos-turisticos\/","og_locale":"es_ES","og_type":"article","og_title":"El Tribunal Supremo avala el veto a los apartamentos tur\u00edsticos","og_description":"El alquiler de viviendas para uso tur\u00edstico es una actividad incluida en la prohibici\u00f3n estatutaria de las comunidades de vecinos","og_url":"https:\/\/www.aquimicasa.net\/blog\/vivienda\/alquileres\/el-tribunal-supremo-avala-el-veto-a-los-apartamentos-turisticos\/","og_site_name":"Blog de aquimicasa.net","article_publisher":"https:\/\/www.facebook.com\/aquimicasa.net","article_published_time":"2023-12-27T21:15:20+00:00","article_modified_time":"2023-12-31T11:27:00+00:00","og_image":[{"width":400,"height":270,"url":"https:\/\/www.aquimicasa.net\/blog\/wp-content\/uploads\/Tribunal-Supremo2-1-e1651785024402.jpg","type":"image\/jpeg"}],"author":"Eduardo Lizarraga","twitter_misc":{"Escrito por":"Eduardo Lizarraga","Tiempo de lectura":"4 minutos"},"schema":{"@context":"https:\/\/schema.org","@graph":[{"@type":"Article","@id":"https:\/\/www.aquimicasa.net\/blog\/vivienda\/alquileres\/el-tribunal-supremo-avala-el-veto-a-los-apartamentos-turisticos\/#article","isPartOf":{"@id":"https:\/\/www.aquimicasa.net\/blog\/vivienda\/alquileres\/el-tribunal-supremo-avala-el-veto-a-los-apartamentos-turisticos\/"},"author":{"name":"Eduardo Lizarraga","@id":"https:\/\/www.aquimicasa.net\/blog\/#\/schema\/person\/2cdfa2605534583395c8d7ce1d6cac14"},"headline":"El Tribunal Supremo avala el veto a los apartamentos tur\u00edsticos","datePublished":"2023-12-27T21:15:20+00:00","dateModified":"2023-12-31T11:27:00+00:00","mainEntityOfPage":{"@id":"https:\/\/www.aquimicasa.net\/blog\/vivienda\/alquileres\/el-tribunal-supremo-avala-el-veto-a-los-apartamentos-turisticos\/"},"wordCount":984,"commentCount":0,"publisher":{"@id":"https:\/\/www.aquimicasa.net\/blog\/#organization"},"image":{"@id":"https:\/\/www.aquimicasa.net\/blog\/vivienda\/alquileres\/el-tribunal-supremo-avala-el-veto-a-los-apartamentos-turisticos\/#primaryimage"},"thumbnailUrl":"https:\/\/www.aquimicasa.net\/blog\/wp-content\/uploads\/Tribunal-Supremo2-1-e1651785024402.jpg","keywords":["newsletter 431","newsletter 441","noticia de portada"],"articleSection":["Alquiler"],"inLanguage":"es","potentialAction":[{"@type":"CommentAction","name":"Comment","target":["https:\/\/www.aquimicasa.net\/blog\/vivienda\/alquileres\/el-tribunal-supremo-avala-el-veto-a-los-apartamentos-turisticos\/#respond"]}]},{"@type":"WebPage","@id":"https:\/\/www.aquimicasa.net\/blog\/vivienda\/alquileres\/el-tribunal-supremo-avala-el-veto-a-los-apartamentos-turisticos\/","url":"https:\/\/www.aquimicasa.net\/blog\/vivienda\/alquileres\/el-tribunal-supremo-avala-el-veto-a-los-apartamentos-turisticos\/","name":"El Tribunal Supremo avala el veto a los apartamentos tur\u00edsticos","isPartOf":{"@id":"https:\/\/www.aquimicasa.net\/blog\/#website"},"primaryImageOfPage":{"@id":"https:\/\/www.aquimicasa.net\/blog\/vivienda\/alquileres\/el-tribunal-supremo-avala-el-veto-a-los-apartamentos-turisticos\/#primaryimage"},"image":{"@id":"https:\/\/www.aquimicasa.net\/blog\/vivienda\/alquileres\/el-tribunal-supremo-avala-el-veto-a-los-apartamentos-turisticos\/#primaryimage"},"thumbnailUrl":"https:\/\/www.aquimicasa.net\/blog\/wp-content\/uploads\/Tribunal-Supremo2-1-e1651785024402.jpg","datePublished":"2023-12-27T21:15:20+00:00","dateModified":"2023-12-31T11:27:00+00:00","description":"El alquiler de viviendas para uso tur\u00edstico es una actividad incluida en la prohibici\u00f3n estatutaria de las comunidades de vecinos","breadcrumb":{"@id":"https:\/\/www.aquimicasa.net\/blog\/vivienda\/alquileres\/el-tribunal-supremo-avala-el-veto-a-los-apartamentos-turisticos\/#breadcrumb"},"inLanguage":"es","potentialAction":[{"@type":"ReadAction","target":["https:\/\/www.aquimicasa.net\/blog\/vivienda\/alquileres\/el-tribunal-supremo-avala-el-veto-a-los-apartamentos-turisticos\/"]}]},{"@type":"ImageObject","inLanguage":"es","@id":"https:\/\/www.aquimicasa.net\/blog\/vivienda\/alquileres\/el-tribunal-supremo-avala-el-veto-a-los-apartamentos-turisticos\/#primaryimage","url":"https:\/\/www.aquimicasa.net\/blog\/wp-content\/uploads\/Tribunal-Supremo2-1-e1651785024402.jpg","contentUrl":"https:\/\/www.aquimicasa.net\/blog\/wp-content\/uploads\/Tribunal-Supremo2-1-e1651785024402.jpg","width":400,"height":270,"caption":"El Supremo aclara la situaci\u00f3n con los gastos hipotecarios"},{"@type":"BreadcrumbList","@id":"https:\/\/www.aquimicasa.net\/blog\/vivienda\/alquileres\/el-tribunal-supremo-avala-el-veto-a-los-apartamentos-turisticos\/#breadcrumb","itemListElement":[{"@type":"ListItem","position":1,"name":"Portada","item":"https:\/\/www.aquimicasa.net\/blog\/"},{"@type":"ListItem","position":2,"name":"El Tribunal Supremo avala el veto a los apartamentos tur\u00edsticos"}]},{"@type":"WebSite","@id":"https:\/\/www.aquimicasa.net\/blog\/#website","url":"https:\/\/www.aquimicasa.net\/blog\/","name":"Blog de aquimicasa.net","description":"Noticias del Mundo Inmobiliario","publisher":{"@id":"https:\/\/www.aquimicasa.net\/blog\/#organization"},"potentialAction":[{"@type":"SearchAction","target":{"@type":"EntryPoint","urlTemplate":"https:\/\/www.aquimicasa.net\/blog\/?s={search_term_string}"},"query-input":{"@type":"PropertyValueSpecification","valueRequired":true,"valueName":"search_term_string"}}],"inLanguage":"es"},{"@type":"Organization","@id":"https:\/\/www.aquimicasa.net\/blog\/#organization","name":"Blog de aquimicasa.net","url":"https:\/\/www.aquimicasa.net\/blog\/","logo":{"@type":"ImageObject","inLanguage":"es","@id":"https:\/\/www.aquimicasa.net\/blog\/#\/schema\/logo\/image\/","url":"https:\/\/www.aquimicasa.net\/blog\/wp-content\/uploads\/Logo-aquimicasa-1-e1528048213782.png","contentUrl":"https:\/\/www.aquimicasa.net\/blog\/wp-content\/uploads\/Logo-aquimicasa-1-e1528048213782.png","width":225,"height":225,"caption":"Blog de aquimicasa.net"},"image":{"@id":"https:\/\/www.aquimicasa.net\/blog\/#\/schema\/logo\/image\/"},"sameAs":["https:\/\/www.facebook.com\/aquimicasa.net","https:\/\/www.instagram.com\/","https:\/\/x.com\/EduLizarragaD","https:\/\/www.linkedin.com\/feed\/"]},{"@type":"Person","@id":"https:\/\/www.aquimicasa.net\/blog\/#\/schema\/person\/2cdfa2605534583395c8d7ce1d6cac14","name":"Eduardo Lizarraga","image":{"@type":"ImageObject","inLanguage":"es","@id":"https:\/\/secure.gravatar.com\/avatar\/bdabe1eeeed97b65a9cb7de2edd624b07995f7e13abc5fead15961f745f908cc?s=96&d=mm&r=g","url":"https:\/\/secure.gravatar.com\/avatar\/bdabe1eeeed97b65a9cb7de2edd624b07995f7e13abc5fead15961f745f908cc?s=96&d=mm&r=g","contentUrl":"https:\/\/secure.gravatar.com\/avatar\/bdabe1eeeed97b65a9cb7de2edd624b07995f7e13abc5fead15961f745f908cc?s=96&d=mm&r=g","caption":"Eduardo Lizarraga"},"description":"Periodista Econ\u00f3mico. Ha trabajado en diversos campos de la informaci\u00f3n. Corresponsal en conflictos, analista pol\u00edtico en Congreso y Senado, periodista del medio ambiente, editor, director editorial, director de comunicaci\u00f3n.... En estos momentos se ha especializado en el sector inmobiliario. Pero tambi\u00e9n es navegante y viajero, preocupado por la pobreza, el medio ambiente y por las actuaciones descontroladas del neoliberalismo empresarial y pol\u00edtico en todo el mundo. Los desahucios, la pobreza infantil y la falta de acceso a los suministros b\u00e1sicos son algunos de los grandes dramas de nuestra sociedad y que es preciso solucionar para hacerla m\u00e1s justa. CEO en www.aquimicasa.net","sameAs":["https:\/\/www.aquimicasa.net\/"],"url":"https:\/\/www.aquimicasa.net\/blog\/author\/eduardo\/"}]}},"jetpack_publicize_connections":[],"jetpack_featured_media_url":"https:\/\/www.aquimicasa.net\/blog\/wp-content\/uploads\/Tribunal-Supremo2-1-e1651785024402.jpg","jetpack_sharing_enabled":true,"jetpack_likes_enabled":true,"_links":{"self":[{"href":"https:\/\/www.aquimicasa.net\/blog\/wp-json\/wp\/v2\/posts\/46201","targetHints":{"allow":["GET"]}}],"collection":[{"href":"https:\/\/www.aquimicasa.net\/blog\/wp-json\/wp\/v2\/posts"}],"about":[{"href":"https:\/\/www.aquimicasa.net\/blog\/wp-json\/wp\/v2\/types\/post"}],"author":[{"embeddable":true,"href":"https:\/\/www.aquimicasa.net\/blog\/wp-json\/wp\/v2\/users\/3"}],"replies":[{"embeddable":true,"href":"https:\/\/www.aquimicasa.net\/blog\/wp-json\/wp\/v2\/comments?post=46201"}],"version-history":[{"count":10,"href":"https:\/\/www.aquimicasa.net\/blog\/wp-json\/wp\/v2\/posts\/46201\/revisions"}],"predecessor-version":[{"id":46365,"href":"https:\/\/www.aquimicasa.net\/blog\/wp-json\/wp\/v2\/posts\/46201\/revisions\/46365"}],"wp:featuredmedia":[{"embeddable":true,"href":"https:\/\/www.aquimicasa.net\/blog\/wp-json\/wp\/v2\/media\/40767"}],"wp:attachment":[{"href":"https:\/\/www.aquimicasa.net\/blog\/wp-json\/wp\/v2\/media?parent=46201"}],"wp:term":[{"taxonomy":"category","embeddable":true,"href":"https:\/\/www.aquimicasa.net\/blog\/wp-json\/wp\/v2\/categories?post=46201"},{"taxonomy":"post_tag","embeddable":true,"href":"https:\/\/www.aquimicasa.net\/blog\/wp-json\/wp\/v2\/tags?post=46201"}],"curies":[{"name":"wp","href":"https:\/\/api.w.org\/{rel}","templated":true}]}}