{"id":46388,"date":"2023-12-31T18:39:05","date_gmt":"2023-12-31T17:39:05","guid":{"rendered":"https:\/\/www.aquimicasa.net\/blog\/?p=46388"},"modified":"2023-12-31T18:42:19","modified_gmt":"2023-12-31T17:42:19","slug":"en-espana-existen-casi-3-millones-de-viviendas-de-alquiler","status":"publish","type":"post","link":"https:\/\/www.aquimicasa.net\/blog\/vivienda\/alquileres\/en-espana-existen-casi-3-millones-de-viviendas-de-alquiler\/","title":{"rendered":"En Espa\u00f1a existen casi 3 millones de viviendas de alquiler"},"content":{"rendered":"<div class=\"fusion-fullwidth fullwidth-box fusion-builder-row-1 fusion-flex-container nonhundred-percent-fullwidth non-hundred-percent-height-scrolling\" style=\"background-color: rgba(255,255,255,0);background-position: center center;background-repeat: no-repeat;border-width: 0px 0px 0px 0px;border-color:#eae9e9;border-style:solid;\" ><div class=\"fusion-builder-row fusion-row fusion-flex-align-items-flex-start\" style=\"max-width:1144px;margin-left: calc(-4% \/ 2 );margin-right: calc(-4% \/ 2 );\"><div class=\"fusion-layout-column fusion_builder_column fusion-builder-column-0 fusion_builder_column_1_1 1_1 fusion-flex-column\"><div class=\"fusion-column-wrapper fusion-flex-justify-content-flex-start fusion-content-layout-column\" style=\"background-position:left top;background-repeat:no-repeat;-webkit-background-size:cover;-moz-background-size:cover;-o-background-size:cover;background-size:cover;padding: 0px 0px 0px 0px;\"><div class=\"fusion-text fusion-text-1\"><p>Partiendo de una constataci\u00f3n en la que existe unanimidad: hay un <strong>problema grave en el acceso a la vivienda en alquiler<\/strong>, problema agudizado en los \u00faltimos a\u00f1os, la <strong>Organizaci\u00f3n de Consumidores y Usuarios (OCU) <\/strong>ha realizado un estudios sobre el acceso a la vivienda de alquiler y los consumidores vulnerables basado en una amplia encuesta y un an\u00e1lisis de los datos disponibles.<\/p>\n<h2><strong>Un estudio para identificar los problemas del alquiler en Espa\u00f1a<\/strong><\/h2>\n<div>El estudio tiene como objetivo identificar y analizar las <strong>barreras de acceso a la vivienda<\/strong>\u00a0para el consumidor vulnerable con una mirada particular al mercado del alquiler, y aportar recomendaciones para las autoridades y consejos para los actores implicados.<\/div>\n<div><\/div>\n<div><strong>El precio<\/strong> se erige como el principal obst\u00e1culo para acceder al alquiler: es el efecto, pero\u00a0<strong>la causa<\/strong>\u00a0hay que buscarla en un contexto de aumento de la demanda y disminuci\u00f3n de la oferta, con <strong>ausencia de vivienda p\u00fablica asequible<\/strong>. A consecuencia de ello, todo el mercado se resiente: alquilar es m\u00e1s dif\u00edcil para el conjunto de los inquilinos y deviene casi imposible para aquellos con menos recursos.<\/div>\n<p>Es un estudio eminentemente pr\u00e1ctico que <strong>parte de la realidad<\/strong>\u00a0del mercado del alquiler en nuestro pa\u00eds con sus especificidades, analiza los problemas reales que afectan a los actores y llega a conclusiones que pretenden contribuir a un \u00fanico fin: que la vivienda en alquiler resulte m\u00e1s asequible para todos los ciudadanos y en particular para los m\u00e1s vulnerables.<\/p>\n<p>El alquiler en Espa\u00f1a est\u00e1 caracterizado por la\u00a0<strong>ausencia de un parque p\u00fablico de vivienda<\/strong> relevante, con el consiguiente peso de la oferta por parte de arrendadores privados, de los que una parte mayoritaria son peque\u00f1os arrendadores particulares. Ante una demanda pujante, nuestro pa\u00eds asiste a un <strong>repliegue de la oferta<\/strong>\u00a0que genera presi\u00f3n sobre los precios en la mayor\u00eda de las grandes ciudades.<\/p>\n<p>\u00bfEs posible<strong> corregir el desequilibrio de la oferta y la demanda<\/strong>? \u00bfQu\u00e9 frenos existen para la puesta en alquiler de viviendas disponibles? \u00bfQu\u00e9 medidas podr\u00edan adoptarse para garantizar la asistencia a los hogares m\u00e1s vulnerables sin que eso repercuta en el repliegue de la oferta? Son algunas de las cuestiones para las que el informe trata de arrojar luz.<\/p>\n<h2><strong>Una encuesta que complementa el an\u00e1lisis de datos<\/strong><\/h2>\n<p>En materia de arrendamientos de vivienda en Espa\u00f1a existe\u00a0<strong>escasez y dispersi\u00f3n de datos<\/strong>. No se dispone de un sistema oficial \u00e1gil de seguimiento de precios como s\u00ed hay -relativamente- para la compraventa. El\u00a0<strong>INE<\/strong> publica diversos estudios que aportan datos sobre la estructura del alquiler, como el Censo decenal de vivienda, la Encuesta de Condiciones de Vida\u00a0o la Encuesta Continua de Hogares. Algunos de esos datos oficiales alimentan las estad\u00edsticas que publica\u00a0<a href=\"https:\/\/ec.europa.eu\/eurostat\/web\/income-and-living-conditions\/publications\" target=\"_blank\" rel=\"nofollow noopener\"><strong>Eurostat<\/strong>\u00a0comparando condiciones de vida<\/a>\u00a0en los pa\u00edses europeos.<\/p>\n<p>Los datos se analizan considerando sus fuentes. Junto a ello, en la b\u00fasqueda de la realidad y sus posibles causas OCU ha optado por preguntar directamente a los concernidos. La parte sustancial del informe se apoya en la <strong>encuesta<\/strong>\u00a0realizada a tres colectivos: los inquilinos, los arrendadores y los propietarios de vivienda en general. Del resultado del an\u00e1lisis de la situaci\u00f3n y de las respuestas aportadas por los protagonistas se derivan una serie de conclusiones y recomendaciones que cierran este informe.<\/p>\n<p>La encuesta se ha distribuido en tres muestras diferentes:<\/p>\n<ul>\n<li>Arrendatarios:\u00a0<strong>534 entrevistas<\/strong>\u00a0a ciudadanos que viven en r\u00e9gimen de alquiler.<\/li>\n<li>Arrendadores:\u00a0<strong>437 entrevistas<\/strong>\u00a0a ciudadanos que tienen alguna vivienda puesta en alquiler en este momento.<\/li>\n<li>Poblaci\u00f3n general que es propietaria de vivienda:\u00a0<strong>2.002 entrevistas<\/strong>. La propiedad es la principal alternativa al alquiler y posee sus propias barreras y dificultades. Una parte de estos propietarios tiene m\u00e1s de una vivienda y podr\u00eda integrar el colectivo de arrendadores, si se dieran las circunstancias.<\/li>\n<\/ul>\n<h2><strong>El mercado cuenta con 3,8 millones de viviendas vac\u00edas<\/strong><\/h2>\n<p>En nuestro pa\u00eds existen 18,5 millones de viviendas principales, casi 3 millones de viviendas de alquiler y m\u00e1s de 3,8 de millones de viviendas vac\u00edas. El 74% de las familias son propietarias y el 16% viven en r\u00e9gimen de alquiler.<\/p>\n<p>En los \u00faltimos a\u00f1os\u00a0<strong>el alquiler de vivienda ha aumentado<\/strong>\u00a0ya que la falta de ahorro y la subida en exceso de los precios de la vivienda\u00a0 adem\u00e1s de que los precios de las hipotecas de vivienda y el problema del empleo y los salarios, dificultan enormemente el acceso a la vivienda en propiedad de las familias.<\/p>\n<h2><strong>El esfuerzo de las familias para acceder a una vivienda de alquiler<\/strong><\/h2>\n<p>Seg\u00fan la encuesta de OCU, en l\u00edneas generales, <strong>un 63% de los inquilinos de viviendas en alquiler \u00a0destinan m\u00e1s del 30% de sus ingresos<\/strong>. al pago de la renta de alquiler de su vivienda y a los gastos que el alquiler conlleva.<\/p>\n<p>Un porcentaje del\u00a0 26,6% de los individuos encuestados afirman tener una situaci\u00f3n econ\u00f3mica\u00a0 dif\u00edcil o muy dif\u00edcil y un 34% tienen ingresos de hasta 1500\u20ac\u00a0 al mes. Entre los propietarios sin embargo solo el 19% llega a esos ingresos.<\/p>\n<p>Las zonas y ciudades que acumulan mayores concentraciones de empleo se acaban tensionando y\u00a0<strong>los precios de alquiler de vivienda suben\u00a0dificultando a la poblaci\u00f3n el acceso a la vivienda<\/strong>. Esto desemboca en una precarizaci\u00f3n de las familias que tienen que hacer un <strong>esfuerzo excesivo para ocupar una vivienda<\/strong>.<\/p>\n<p>No obstante un 79% de los demandantes \u00a0encuestados por el OCU sit\u00faan en 5 a\u00f1os el periodo de tiempo m\u00e1ximo deseado para adquirir una vivienda en propiedad. El 42% sin embargo lo cree poco probable.<\/p>\n<h2><strong>Excesivo protagonismo de los extranjeros y escasa inversi\u00f3n p\u00fablica en VPO<\/strong><\/h2>\n<p>La encuesta del OCU muestra que un<strong>\u00a033% de inquilinos en alquiler de vivienda \u00a0son extranjeros<\/strong>. Tambi\u00e9n se aprecia una <strong>falta de inversi\u00f3n en vivienda protegida ( VPO).<\/strong> La mayor oferta de vivienda \u00a0en alquiler (85%) es de car\u00e1cter privado .Solo un 3% corresponde a alquiler de vivienda p\u00fablica. La vivienda privada en los \u00faltimos tiempos, adem\u00e1s, est\u00e1 descendiendo por el\u00a0<strong>miedo de los propietarios a la morosidad<\/strong>, los desperfectos\u00a0 y las dificultades burocr\u00e1ticas para recuperar su vivienda en caso de impagos.<\/p>\n<p>Como conclusi\u00f3n del estudio del OCU \u00a0se aprecia\u00a0\u00a0<strong>un grave desequilibrio entre\u00a0 una demanda de viviendas que crece y una oferta de vivienda que retrocede<\/strong>\u00a0progresivamente. Toda \u00a0esta situaci\u00f3n se agrava con m\u00e1s de 3,8 de millones de viviendas vac\u00edas en Espa\u00f1a.<\/p>\n<\/div><\/div><style type=\"text\/css\">.fusion-body .fusion-builder-column-0{width:100% !important;margin-top : 0px;margin-bottom : 0px;}.fusion-builder-column-0 > .fusion-column-wrapper {padding-top : 0px !important;padding-right : 0px !important;margin-right : 1.92%;padding-bottom : 0px !important;padding-left : 0px !important;margin-left : 1.92%;}@media only screen and (max-width:1024px) {.fusion-body .fusion-builder-column-0{width:100% !important;}.fusion-builder-column-0 > .fusion-column-wrapper {margin-right : 1.92%;margin-left : 1.92%;}}@media only screen and (max-width:640px) {.fusion-body .fusion-builder-column-0{width:100% !important;}.fusion-builder-column-0 > .fusion-column-wrapper {margin-right : 1.92%;margin-left : 1.92%;}}<\/style><\/div><\/div><style type=\"text\/css\">.fusion-body .fusion-flex-container.fusion-builder-row-1{ padding-top : 0px;margin-top : 0px;padding-right : 0px;padding-bottom : 0px;margin-bottom : 0px;padding-left : 0px;}<\/style><\/div>\n","protected":false},"excerpt":{"rendered":"<p>El alquiler en Espa\u00f1a est\u00e1 caracterizado por la\u00a0ausencia de un parque p\u00fablico de vivienda relevante, con el consiguiente peso de la oferta por parte de arrendadores privados, de los que una parte mayoritaria son peque\u00f1os arrendadores particulares.<\/p>\n","protected":false},"author":3,"featured_media":31796,"comment_status":"open","ping_status":"closed","sticky":false,"template":"","format":"standard","meta":{"_jetpack_memberships_contains_paid_content":false,"footnotes":"","jetpack_publicize_message":"","jetpack_publicize_feature_enabled":true,"jetpack_social_post_already_shared":false,"jetpack_social_options":{"image_generator_settings":{"template":"highway","default_image_id":0,"font":"","enabled":false},"version":2}},"categories":[120],"tags":[8145,7568],"class_list":["post-46388","post","type-post","status-publish","format-standard","has-post-thumbnail","hentry","category-alquileres","tag-newsletter-442","tag-noticia-de-portada"],"yoast_head":"<!-- This site is optimized with the Yoast SEO plugin v28.2 - https:\/\/yoast.com\/product\/yoast-seo-wordpress\/ -->\n<title>En Espa\u00f1a existen casi 3 millones de viviendas de alquiler<\/title>\n<meta name=\"description\" content=\"Un 63% de los inquilinos destinan m\u00e1s del 30% de sus ingresos. al pago de la renta de alquiler y a los gastos que el alquiler conlleva\" \/>\n<meta name=\"robots\" content=\"index, follow, max-snippet:-1, max-image-preview:large, max-video-preview:-1\" \/>\n<link rel=\"canonical\" href=\"https:\/\/www.aquimicasa.net\/blog\/vivienda\/alquileres\/en-espana-existen-casi-3-millones-de-viviendas-de-alquiler\/\" \/>\n<meta property=\"og:locale\" content=\"es_ES\" \/>\n<meta property=\"og:type\" content=\"article\" \/>\n<meta property=\"og:title\" content=\"En Espa\u00f1a existen casi 3 millones de viviendas de alquiler\" \/>\n<meta property=\"og:description\" content=\"Un 63% de los inquilinos destinan m\u00e1s del 30% de sus ingresos. al pago de la renta de alquiler y a los gastos que el alquiler conlleva\" \/>\n<meta property=\"og:url\" content=\"https:\/\/www.aquimicasa.net\/blog\/vivienda\/alquileres\/en-espana-existen-casi-3-millones-de-viviendas-de-alquiler\/\" \/>\n<meta property=\"og:site_name\" content=\"Blog de aquimicasa.net\" \/>\n<meta property=\"article:publisher\" content=\"https:\/\/www.facebook.com\/aquimicasa.net\" \/>\n<meta property=\"article:published_time\" content=\"2023-12-31T17:39:05+00:00\" \/>\n<meta property=\"article:modified_time\" content=\"2023-12-31T17:42:19+00:00\" \/>\n<meta property=\"og:image\" content=\"https:\/\/www.aquimicasa.net\/blog\/wp-content\/uploads\/Alquileres2-1-e1601067294408.jpeg\" \/>\n\t<meta property=\"og:image:width\" content=\"400\" \/>\n\t<meta property=\"og:image:height\" content=\"268\" \/>\n\t<meta property=\"og:image:type\" content=\"image\/jpeg\" \/>\n<meta name=\"author\" content=\"Eduardo Lizarraga\" \/>\n<meta name=\"twitter:label1\" content=\"Escrito por\" \/>\n\t<meta name=\"twitter:data1\" content=\"Eduardo Lizarraga\" \/>\n\t<meta name=\"twitter:label2\" content=\"Tiempo de lectura\" \/>\n\t<meta name=\"twitter:data2\" content=\"6 minutos\" \/>\n<script type=\"application\/ld+json\" class=\"yoast-schema-graph\">{\"@context\":\"https:\\\/\\\/schema.org\",\"@graph\":[{\"@type\":\"Article\",\"@id\":\"https:\\\/\\\/www.aquimicasa.net\\\/blog\\\/vivienda\\\/alquileres\\\/en-espana-existen-casi-3-millones-de-viviendas-de-alquiler\\\/#article\",\"isPartOf\":{\"@id\":\"https:\\\/\\\/www.aquimicasa.net\\\/blog\\\/vivienda\\\/alquileres\\\/en-espana-existen-casi-3-millones-de-viviendas-de-alquiler\\\/\"},\"author\":{\"name\":\"Eduardo Lizarraga\",\"@id\":\"https:\\\/\\\/www.aquimicasa.net\\\/blog\\\/#\\\/schema\\\/person\\\/2cdfa2605534583395c8d7ce1d6cac14\"},\"headline\":\"En Espa\u00f1a existen casi 3 millones de viviendas de alquiler\",\"datePublished\":\"2023-12-31T17:39:05+00:00\",\"dateModified\":\"2023-12-31T17:42:19+00:00\",\"mainEntityOfPage\":{\"@id\":\"https:\\\/\\\/www.aquimicasa.net\\\/blog\\\/vivienda\\\/alquileres\\\/en-espana-existen-casi-3-millones-de-viviendas-de-alquiler\\\/\"},\"wordCount\":1324,\"commentCount\":0,\"publisher\":{\"@id\":\"https:\\\/\\\/www.aquimicasa.net\\\/blog\\\/#organization\"},\"image\":{\"@id\":\"https:\\\/\\\/www.aquimicasa.net\\\/blog\\\/vivienda\\\/alquileres\\\/en-espana-existen-casi-3-millones-de-viviendas-de-alquiler\\\/#primaryimage\"},\"thumbnailUrl\":\"https:\\\/\\\/www.aquimicasa.net\\\/blog\\\/wp-content\\\/uploads\\\/Alquileres2-1-e1601067294408.jpeg\",\"keywords\":[\"newsletter 442\",\"noticia de portada\"],\"articleSection\":[\"Alquiler\"],\"inLanguage\":\"es\",\"potentialAction\":[{\"@type\":\"CommentAction\",\"name\":\"Comment\",\"target\":[\"https:\\\/\\\/www.aquimicasa.net\\\/blog\\\/vivienda\\\/alquileres\\\/en-espana-existen-casi-3-millones-de-viviendas-de-alquiler\\\/#respond\"]}]},{\"@type\":\"WebPage\",\"@id\":\"https:\\\/\\\/www.aquimicasa.net\\\/blog\\\/vivienda\\\/alquileres\\\/en-espana-existen-casi-3-millones-de-viviendas-de-alquiler\\\/\",\"url\":\"https:\\\/\\\/www.aquimicasa.net\\\/blog\\\/vivienda\\\/alquileres\\\/en-espana-existen-casi-3-millones-de-viviendas-de-alquiler\\\/\",\"name\":\"En Espa\u00f1a existen casi 3 millones de viviendas de alquiler\",\"isPartOf\":{\"@id\":\"https:\\\/\\\/www.aquimicasa.net\\\/blog\\\/#website\"},\"primaryImageOfPage\":{\"@id\":\"https:\\\/\\\/www.aquimicasa.net\\\/blog\\\/vivienda\\\/alquileres\\\/en-espana-existen-casi-3-millones-de-viviendas-de-alquiler\\\/#primaryimage\"},\"image\":{\"@id\":\"https:\\\/\\\/www.aquimicasa.net\\\/blog\\\/vivienda\\\/alquileres\\\/en-espana-existen-casi-3-millones-de-viviendas-de-alquiler\\\/#primaryimage\"},\"thumbnailUrl\":\"https:\\\/\\\/www.aquimicasa.net\\\/blog\\\/wp-content\\\/uploads\\\/Alquileres2-1-e1601067294408.jpeg\",\"datePublished\":\"2023-12-31T17:39:05+00:00\",\"dateModified\":\"2023-12-31T17:42:19+00:00\",\"description\":\"Un 63% de los inquilinos destinan m\u00e1s del 30% de sus ingresos. al pago de la renta de alquiler y a los gastos que el alquiler conlleva\",\"breadcrumb\":{\"@id\":\"https:\\\/\\\/www.aquimicasa.net\\\/blog\\\/vivienda\\\/alquileres\\\/en-espana-existen-casi-3-millones-de-viviendas-de-alquiler\\\/#breadcrumb\"},\"inLanguage\":\"es\",\"potentialAction\":[{\"@type\":\"ReadAction\",\"target\":[\"https:\\\/\\\/www.aquimicasa.net\\\/blog\\\/vivienda\\\/alquileres\\\/en-espana-existen-casi-3-millones-de-viviendas-de-alquiler\\\/\"]}]},{\"@type\":\"ImageObject\",\"inLanguage\":\"es\",\"@id\":\"https:\\\/\\\/www.aquimicasa.net\\\/blog\\\/vivienda\\\/alquileres\\\/en-espana-existen-casi-3-millones-de-viviendas-de-alquiler\\\/#primaryimage\",\"url\":\"https:\\\/\\\/www.aquimicasa.net\\\/blog\\\/wp-content\\\/uploads\\\/Alquileres2-1-e1601067294408.jpeg\",\"contentUrl\":\"https:\\\/\\\/www.aquimicasa.net\\\/blog\\\/wp-content\\\/uploads\\\/Alquileres2-1-e1601067294408.jpeg\",\"width\":400,\"height\":268,\"caption\":\"La situaci\u00f3n de la vivienda como causa de baja m\u00e9dica\"},{\"@type\":\"BreadcrumbList\",\"@id\":\"https:\\\/\\\/www.aquimicasa.net\\\/blog\\\/vivienda\\\/alquileres\\\/en-espana-existen-casi-3-millones-de-viviendas-de-alquiler\\\/#breadcrumb\",\"itemListElement\":[{\"@type\":\"ListItem\",\"position\":1,\"name\":\"Portada\",\"item\":\"https:\\\/\\\/www.aquimicasa.net\\\/blog\\\/\"},{\"@type\":\"ListItem\",\"position\":2,\"name\":\"En Espa\u00f1a existen casi 3 millones de viviendas de alquiler\"}]},{\"@type\":\"WebSite\",\"@id\":\"https:\\\/\\\/www.aquimicasa.net\\\/blog\\\/#website\",\"url\":\"https:\\\/\\\/www.aquimicasa.net\\\/blog\\\/\",\"name\":\"Blog de aquimicasa.net\",\"description\":\"Noticias del Mundo Inmobiliario\",\"publisher\":{\"@id\":\"https:\\\/\\\/www.aquimicasa.net\\\/blog\\\/#organization\"},\"potentialAction\":[{\"@type\":\"SearchAction\",\"target\":{\"@type\":\"EntryPoint\",\"urlTemplate\":\"https:\\\/\\\/www.aquimicasa.net\\\/blog\\\/?s={search_term_string}\"},\"query-input\":{\"@type\":\"PropertyValueSpecification\",\"valueRequired\":true,\"valueName\":\"search_term_string\"}}],\"inLanguage\":\"es\"},{\"@type\":\"Organization\",\"@id\":\"https:\\\/\\\/www.aquimicasa.net\\\/blog\\\/#organization\",\"name\":\"Blog de aquimicasa.net\",\"url\":\"https:\\\/\\\/www.aquimicasa.net\\\/blog\\\/\",\"logo\":{\"@type\":\"ImageObject\",\"inLanguage\":\"es\",\"@id\":\"https:\\\/\\\/www.aquimicasa.net\\\/blog\\\/#\\\/schema\\\/logo\\\/image\\\/\",\"url\":\"https:\\\/\\\/www.aquimicasa.net\\\/blog\\\/wp-content\\\/uploads\\\/Logo-aquimicasa-1-e1528048213782.png\",\"contentUrl\":\"https:\\\/\\\/www.aquimicasa.net\\\/blog\\\/wp-content\\\/uploads\\\/Logo-aquimicasa-1-e1528048213782.png\",\"width\":225,\"height\":225,\"caption\":\"Blog de aquimicasa.net\"},\"image\":{\"@id\":\"https:\\\/\\\/www.aquimicasa.net\\\/blog\\\/#\\\/schema\\\/logo\\\/image\\\/\"},\"sameAs\":[\"https:\\\/\\\/www.facebook.com\\\/aquimicasa.net\",\"https:\\\/\\\/www.instagram.com\\\/\",\"https:\\\/\\\/x.com\\\/EduLizarragaD\",\"https:\\\/\\\/www.linkedin.com\\\/feed\\\/\"]},{\"@type\":\"Person\",\"@id\":\"https:\\\/\\\/www.aquimicasa.net\\\/blog\\\/#\\\/schema\\\/person\\\/2cdfa2605534583395c8d7ce1d6cac14\",\"name\":\"Eduardo Lizarraga\",\"image\":{\"@type\":\"ImageObject\",\"inLanguage\":\"es\",\"@id\":\"https:\\\/\\\/secure.gravatar.com\\\/avatar\\\/bdabe1eeeed97b65a9cb7de2edd624b07995f7e13abc5fead15961f745f908cc?s=96&d=mm&r=g\",\"url\":\"https:\\\/\\\/secure.gravatar.com\\\/avatar\\\/bdabe1eeeed97b65a9cb7de2edd624b07995f7e13abc5fead15961f745f908cc?s=96&d=mm&r=g\",\"contentUrl\":\"https:\\\/\\\/secure.gravatar.com\\\/avatar\\\/bdabe1eeeed97b65a9cb7de2edd624b07995f7e13abc5fead15961f745f908cc?s=96&d=mm&r=g\",\"caption\":\"Eduardo Lizarraga\"},\"description\":\"Periodista Econ\u00f3mico. Ha trabajado en diversos campos de la informaci\u00f3n. Corresponsal en conflictos, analista pol\u00edtico en Congreso y Senado, periodista del medio ambiente, editor, director editorial, director de comunicaci\u00f3n.... En estos momentos se ha especializado en el sector inmobiliario. Pero tambi\u00e9n es navegante y viajero, preocupado por la pobreza, el medio ambiente y por las actuaciones descontroladas del neoliberalismo empresarial y pol\u00edtico en todo el mundo. Los desahucios, la pobreza infantil y la falta de acceso a los suministros b\u00e1sicos son algunos de los grandes dramas de nuestra sociedad y que es preciso solucionar para hacerla m\u00e1s justa. CEO en www.aquimicasa.net\",\"sameAs\":[\"https:\\\/\\\/www.aquimicasa.net\\\/\"],\"url\":\"https:\\\/\\\/www.aquimicasa.net\\\/blog\\\/author\\\/eduardo\\\/\"}]}<\/script>\n<!-- \/ Yoast SEO plugin. -->","yoast_head_json":{"title":"En Espa\u00f1a existen casi 3 millones de viviendas de alquiler","description":"Un 63% de los inquilinos destinan m\u00e1s del 30% de sus ingresos. al pago de la renta de alquiler y a los gastos que el alquiler conlleva","robots":{"index":"index","follow":"follow","max-snippet":"max-snippet:-1","max-image-preview":"max-image-preview:large","max-video-preview":"max-video-preview:-1"},"canonical":"https:\/\/www.aquimicasa.net\/blog\/vivienda\/alquileres\/en-espana-existen-casi-3-millones-de-viviendas-de-alquiler\/","og_locale":"es_ES","og_type":"article","og_title":"En Espa\u00f1a existen casi 3 millones de viviendas de alquiler","og_description":"Un 63% de los inquilinos destinan m\u00e1s del 30% de sus ingresos. al pago de la renta de alquiler y a los gastos que el alquiler conlleva","og_url":"https:\/\/www.aquimicasa.net\/blog\/vivienda\/alquileres\/en-espana-existen-casi-3-millones-de-viviendas-de-alquiler\/","og_site_name":"Blog de aquimicasa.net","article_publisher":"https:\/\/www.facebook.com\/aquimicasa.net","article_published_time":"2023-12-31T17:39:05+00:00","article_modified_time":"2023-12-31T17:42:19+00:00","og_image":[{"width":400,"height":268,"url":"https:\/\/www.aquimicasa.net\/blog\/wp-content\/uploads\/Alquileres2-1-e1601067294408.jpeg","type":"image\/jpeg"}],"author":"Eduardo Lizarraga","twitter_misc":{"Escrito por":"Eduardo Lizarraga","Tiempo de lectura":"6 minutos"},"schema":{"@context":"https:\/\/schema.org","@graph":[{"@type":"Article","@id":"https:\/\/www.aquimicasa.net\/blog\/vivienda\/alquileres\/en-espana-existen-casi-3-millones-de-viviendas-de-alquiler\/#article","isPartOf":{"@id":"https:\/\/www.aquimicasa.net\/blog\/vivienda\/alquileres\/en-espana-existen-casi-3-millones-de-viviendas-de-alquiler\/"},"author":{"name":"Eduardo Lizarraga","@id":"https:\/\/www.aquimicasa.net\/blog\/#\/schema\/person\/2cdfa2605534583395c8d7ce1d6cac14"},"headline":"En Espa\u00f1a existen casi 3 millones de viviendas de alquiler","datePublished":"2023-12-31T17:39:05+00:00","dateModified":"2023-12-31T17:42:19+00:00","mainEntityOfPage":{"@id":"https:\/\/www.aquimicasa.net\/blog\/vivienda\/alquileres\/en-espana-existen-casi-3-millones-de-viviendas-de-alquiler\/"},"wordCount":1324,"commentCount":0,"publisher":{"@id":"https:\/\/www.aquimicasa.net\/blog\/#organization"},"image":{"@id":"https:\/\/www.aquimicasa.net\/blog\/vivienda\/alquileres\/en-espana-existen-casi-3-millones-de-viviendas-de-alquiler\/#primaryimage"},"thumbnailUrl":"https:\/\/www.aquimicasa.net\/blog\/wp-content\/uploads\/Alquileres2-1-e1601067294408.jpeg","keywords":["newsletter 442","noticia de portada"],"articleSection":["Alquiler"],"inLanguage":"es","potentialAction":[{"@type":"CommentAction","name":"Comment","target":["https:\/\/www.aquimicasa.net\/blog\/vivienda\/alquileres\/en-espana-existen-casi-3-millones-de-viviendas-de-alquiler\/#respond"]}]},{"@type":"WebPage","@id":"https:\/\/www.aquimicasa.net\/blog\/vivienda\/alquileres\/en-espana-existen-casi-3-millones-de-viviendas-de-alquiler\/","url":"https:\/\/www.aquimicasa.net\/blog\/vivienda\/alquileres\/en-espana-existen-casi-3-millones-de-viviendas-de-alquiler\/","name":"En Espa\u00f1a existen casi 3 millones de viviendas de alquiler","isPartOf":{"@id":"https:\/\/www.aquimicasa.net\/blog\/#website"},"primaryImageOfPage":{"@id":"https:\/\/www.aquimicasa.net\/blog\/vivienda\/alquileres\/en-espana-existen-casi-3-millones-de-viviendas-de-alquiler\/#primaryimage"},"image":{"@id":"https:\/\/www.aquimicasa.net\/blog\/vivienda\/alquileres\/en-espana-existen-casi-3-millones-de-viviendas-de-alquiler\/#primaryimage"},"thumbnailUrl":"https:\/\/www.aquimicasa.net\/blog\/wp-content\/uploads\/Alquileres2-1-e1601067294408.jpeg","datePublished":"2023-12-31T17:39:05+00:00","dateModified":"2023-12-31T17:42:19+00:00","description":"Un 63% de los inquilinos destinan m\u00e1s del 30% de sus ingresos. al pago de la renta de alquiler y a los gastos que el alquiler conlleva","breadcrumb":{"@id":"https:\/\/www.aquimicasa.net\/blog\/vivienda\/alquileres\/en-espana-existen-casi-3-millones-de-viviendas-de-alquiler\/#breadcrumb"},"inLanguage":"es","potentialAction":[{"@type":"ReadAction","target":["https:\/\/www.aquimicasa.net\/blog\/vivienda\/alquileres\/en-espana-existen-casi-3-millones-de-viviendas-de-alquiler\/"]}]},{"@type":"ImageObject","inLanguage":"es","@id":"https:\/\/www.aquimicasa.net\/blog\/vivienda\/alquileres\/en-espana-existen-casi-3-millones-de-viviendas-de-alquiler\/#primaryimage","url":"https:\/\/www.aquimicasa.net\/blog\/wp-content\/uploads\/Alquileres2-1-e1601067294408.jpeg","contentUrl":"https:\/\/www.aquimicasa.net\/blog\/wp-content\/uploads\/Alquileres2-1-e1601067294408.jpeg","width":400,"height":268,"caption":"La situaci\u00f3n de la vivienda como causa de baja m\u00e9dica"},{"@type":"BreadcrumbList","@id":"https:\/\/www.aquimicasa.net\/blog\/vivienda\/alquileres\/en-espana-existen-casi-3-millones-de-viviendas-de-alquiler\/#breadcrumb","itemListElement":[{"@type":"ListItem","position":1,"name":"Portada","item":"https:\/\/www.aquimicasa.net\/blog\/"},{"@type":"ListItem","position":2,"name":"En Espa\u00f1a existen casi 3 millones de viviendas de alquiler"}]},{"@type":"WebSite","@id":"https:\/\/www.aquimicasa.net\/blog\/#website","url":"https:\/\/www.aquimicasa.net\/blog\/","name":"Blog de aquimicasa.net","description":"Noticias del Mundo Inmobiliario","publisher":{"@id":"https:\/\/www.aquimicasa.net\/blog\/#organization"},"potentialAction":[{"@type":"SearchAction","target":{"@type":"EntryPoint","urlTemplate":"https:\/\/www.aquimicasa.net\/blog\/?s={search_term_string}"},"query-input":{"@type":"PropertyValueSpecification","valueRequired":true,"valueName":"search_term_string"}}],"inLanguage":"es"},{"@type":"Organization","@id":"https:\/\/www.aquimicasa.net\/blog\/#organization","name":"Blog de aquimicasa.net","url":"https:\/\/www.aquimicasa.net\/blog\/","logo":{"@type":"ImageObject","inLanguage":"es","@id":"https:\/\/www.aquimicasa.net\/blog\/#\/schema\/logo\/image\/","url":"https:\/\/www.aquimicasa.net\/blog\/wp-content\/uploads\/Logo-aquimicasa-1-e1528048213782.png","contentUrl":"https:\/\/www.aquimicasa.net\/blog\/wp-content\/uploads\/Logo-aquimicasa-1-e1528048213782.png","width":225,"height":225,"caption":"Blog de aquimicasa.net"},"image":{"@id":"https:\/\/www.aquimicasa.net\/blog\/#\/schema\/logo\/image\/"},"sameAs":["https:\/\/www.facebook.com\/aquimicasa.net","https:\/\/www.instagram.com\/","https:\/\/x.com\/EduLizarragaD","https:\/\/www.linkedin.com\/feed\/"]},{"@type":"Person","@id":"https:\/\/www.aquimicasa.net\/blog\/#\/schema\/person\/2cdfa2605534583395c8d7ce1d6cac14","name":"Eduardo Lizarraga","image":{"@type":"ImageObject","inLanguage":"es","@id":"https:\/\/secure.gravatar.com\/avatar\/bdabe1eeeed97b65a9cb7de2edd624b07995f7e13abc5fead15961f745f908cc?s=96&d=mm&r=g","url":"https:\/\/secure.gravatar.com\/avatar\/bdabe1eeeed97b65a9cb7de2edd624b07995f7e13abc5fead15961f745f908cc?s=96&d=mm&r=g","contentUrl":"https:\/\/secure.gravatar.com\/avatar\/bdabe1eeeed97b65a9cb7de2edd624b07995f7e13abc5fead15961f745f908cc?s=96&d=mm&r=g","caption":"Eduardo Lizarraga"},"description":"Periodista Econ\u00f3mico. Ha trabajado en diversos campos de la informaci\u00f3n. Corresponsal en conflictos, analista pol\u00edtico en Congreso y Senado, periodista del medio ambiente, editor, director editorial, director de comunicaci\u00f3n.... En estos momentos se ha especializado en el sector inmobiliario. Pero tambi\u00e9n es navegante y viajero, preocupado por la pobreza, el medio ambiente y por las actuaciones descontroladas del neoliberalismo empresarial y pol\u00edtico en todo el mundo. Los desahucios, la pobreza infantil y la falta de acceso a los suministros b\u00e1sicos son algunos de los grandes dramas de nuestra sociedad y que es preciso solucionar para hacerla m\u00e1s justa. CEO en www.aquimicasa.net","sameAs":["https:\/\/www.aquimicasa.net\/"],"url":"https:\/\/www.aquimicasa.net\/blog\/author\/eduardo\/"}]}},"jetpack_publicize_connections":[],"jetpack_featured_media_url":"https:\/\/www.aquimicasa.net\/blog\/wp-content\/uploads\/Alquileres2-1-e1601067294408.jpeg","jetpack_sharing_enabled":true,"jetpack_likes_enabled":true,"_links":{"self":[{"href":"https:\/\/www.aquimicasa.net\/blog\/wp-json\/wp\/v2\/posts\/46388","targetHints":{"allow":["GET"]}}],"collection":[{"href":"https:\/\/www.aquimicasa.net\/blog\/wp-json\/wp\/v2\/posts"}],"about":[{"href":"https:\/\/www.aquimicasa.net\/blog\/wp-json\/wp\/v2\/types\/post"}],"author":[{"embeddable":true,"href":"https:\/\/www.aquimicasa.net\/blog\/wp-json\/wp\/v2\/users\/3"}],"replies":[{"embeddable":true,"href":"https:\/\/www.aquimicasa.net\/blog\/wp-json\/wp\/v2\/comments?post=46388"}],"version-history":[{"count":4,"href":"https:\/\/www.aquimicasa.net\/blog\/wp-json\/wp\/v2\/posts\/46388\/revisions"}],"predecessor-version":[{"id":46400,"href":"https:\/\/www.aquimicasa.net\/blog\/wp-json\/wp\/v2\/posts\/46388\/revisions\/46400"}],"wp:featuredmedia":[{"embeddable":true,"href":"https:\/\/www.aquimicasa.net\/blog\/wp-json\/wp\/v2\/media\/31796"}],"wp:attachment":[{"href":"https:\/\/www.aquimicasa.net\/blog\/wp-json\/wp\/v2\/media?parent=46388"}],"wp:term":[{"taxonomy":"category","embeddable":true,"href":"https:\/\/www.aquimicasa.net\/blog\/wp-json\/wp\/v2\/categories?post=46388"},{"taxonomy":"post_tag","embeddable":true,"href":"https:\/\/www.aquimicasa.net\/blog\/wp-json\/wp\/v2\/tags?post=46388"}],"curies":[{"name":"wp","href":"https:\/\/api.w.org\/{rel}","templated":true}]}}