{"id":46537,"date":"2024-01-15T21:18:12","date_gmt":"2024-01-15T20:18:12","guid":{"rendered":"https:\/\/www.aquimicasa.net\/blog\/?p=46537"},"modified":"2024-01-15T21:20:56","modified_gmt":"2024-01-15T20:20:56","slug":"doce-meses-de-bajadas-en-la-venta-de-viviendas","status":"publish","type":"post","link":"https:\/\/www.aquimicasa.net\/blog\/vivienda\/compraventa-de-viviendas\/doce-meses-de-bajadas-en-la-venta-de-viviendas\/","title":{"rendered":"Doce meses de bajadas en la venta de viviendas"},"content":{"rendered":"<div class=\"fusion-fullwidth fullwidth-box fusion-builder-row-1 fusion-flex-container nonhundred-percent-fullwidth non-hundred-percent-height-scrolling\" style=\"background-color: rgba(255,255,255,0);background-position: center center;background-repeat: no-repeat;border-width: 0px 0px 0px 0px;border-color:#eae9e9;border-style:solid;\" ><div class=\"fusion-builder-row fusion-row fusion-flex-align-items-flex-start\" style=\"max-width:1144px;margin-left: calc(-4% \/ 2 );margin-right: calc(-4% \/ 2 );\"><div class=\"fusion-layout-column fusion_builder_column fusion-builder-column-0 fusion_builder_column_1_1 1_1 fusion-flex-column\"><div class=\"fusion-column-wrapper fusion-flex-justify-content-flex-start fusion-content-layout-column\" style=\"background-position:left top;background-repeat:no-repeat;-webkit-background-size:cover;-moz-background-size:cover;-o-background-size:cover;background-size:cover;padding: 0px 0px 0px 0px;\"><div class=\"fusion-text fusion-text-1\"><p>En noviembre, las <strong>compraventas totales de vivienda<\/strong> caen de nuevo respecto al mismo mes del a\u00f1o anterior, con lo que se acumulan doce meses consecutivos de descensos anuales, con excepci\u00f3n de enero de 2023, despu\u00e9s de crecimientos habituales desde marzo de 2020.\u00a0 So los datos del Colegio de Registradores correspondientes al mes de noviembre relativos a<strong> compraventas e hipotecas<\/strong>.<\/p>\n<p>De las 101.010 operaciones realizadas en noviembre de 2022 se ha pasado a las 90.775 en noviembre del a\u00f1o pasado, en torno a 10.200 operaciones menos. Las compraventas de viviendas descienden de forma algo m\u00e1s intensa, de las 52.948 inscripciones en noviembre de 2022 se ha pasado a las 45.077 en noviembre pasado, <strong>reduci\u00e9ndose en unas 7.900 operaciones<\/strong>.<\/p>\n<p><img decoding=\"async\" src=\"https:\/\/www.registradores.org\/documents\/33383\/0\/registradores_notadeprensa_110124-1.png\/ed51b51b-8792-92e7-86b8-11bcea864c45?t=1704961813768\" alt=\"\" \/><\/p>\n<h2><strong>Las hipotecas vuelven a caer con fuerza en noviembre<\/strong><\/h2>\n<p>La evoluci\u00f3n del <strong>n\u00famero de hipotecas<\/strong> constituidas durante los \u00faltimos meses, tal y como ocurre en las compraventas, mantiene una tendencia negativa m\u00e1s pronunciada situ\u00e1ndose, con ligeras oscilaciones, entre el 18-28% de descenso en los \u00faltimos ocho meses. En cuanto a las hipotecas totales, en noviembre pasado se constituyeron 41.955 operaciones frente a las 51.188 del mismo mes del a\u00f1o anterior, con una diferencia en torno a 9.200 operaciones menos. En cuanto a las <strong>hipotecas de vivienda<\/strong>, se constituyeron 31.205 operaciones frente a las 38.662 del mismo mes del a\u00f1o anterior, con una <strong>reducci\u00f3n en torno a 7.500 operaciones<\/strong>.<\/p>\n<p>Si se mide la evoluci\u00f3n mediante la tasa de variaci\u00f3n de las compraventas inscritas en noviembre de 2023 frente al mismo mes de un a\u00f1o antes, se puede precisar mejor este descenso. <strong>Las compraventas totales han descendido en noviembre el 10,1%<\/strong>, siendo mayor el descenso en las de vivienda, con una ca\u00edda del 14,9%. En cuanto a l<strong>as hipotecas totales constituidas, disminuyeron el 18,0%<\/strong> en noviembre, mientras las de vivienda descendieron algo m\u00e1s, el 19,3%.<\/p>\n<p><img decoding=\"async\" src=\"https:\/\/www.registradores.org\/documents\/33383\/0\/registradores_notadeprensa_110124-2.png\/2dd72a11-5fda-94cb-6d00-4107303cb70b?t=1704961842145\" alt=\"\" \/><\/p>\n<h2><strong>La compraventas e hipotecas por Comunidades Aut\u00f3nomas<\/strong><\/h2>\n<p>Por territorios, durante el mes de noviembre de 2023, en la evoluci\u00f3n anual de las compraventas totales, en comparaci\u00f3n al mismo mes del a\u00f1o anterior, prevalecen las ca\u00eddas sobre los incrementos, <strong>descendiendo, sobre todo en Galicia (-21,1%), Madrid (-17,5%), Navarra (-17,3%) y Extremadura (-14,9%)<\/strong>. En el lado positivo, aumentan m\u00e1s en la Ciudad Aut\u00f3noma de Ceuta (83,7%) y Cantabria (15,0%).<\/p>\n<p>Con relaci\u00f3n a las hipotecas totales constituidas frente a noviembre del a\u00f1o anterior, <strong>descienden en la mayor\u00eda de los territorios, destacando en La Rioja (-56,3%), Melilla (-46,6%), Baleares (-38,7%), y Canarias (-37,6%).<\/strong> Por otro lado, aumentan en Ceuta (50,0%), Castilla-La Mancha (37,1%) y Cantabria (9,7%).<\/p>\n<p><img decoding=\"async\" src=\"https:\/\/www.registradores.org\/documents\/33383\/0\/registradores_notadeprensa_110124-3.png\/2284d86b-7db8-9abc-04fa-f67cfc9ca974?t=1704961854962\" alt=\"\" \/><\/p>\n<h2><strong>Los datos anuales de ca\u00edda en n\u00famero de compraventas e hipotecas<\/strong><\/h2>\n<p>Por \u00faltimo, el an\u00e1lisis mensual de la <strong>evoluci\u00f3n anual de compraventas e hipotecas totales<\/strong> en los registros de la propiedad durante los \u00faltimos doce meses, de diciembre de 2022 a noviembre de 2023, mediante la comparaci\u00f3n con el mismo mes del a\u00f1o anterior, muestra los siguientes resultados:<\/p>\n<p><img decoding=\"async\" src=\"https:\/\/www.registradores.org\/documents\/33383\/0\/registradores_notadeprensa_110124-4.png\/47df847e-d767-c977-7cca-1082e4963636?t=1704961916843\" alt=\"\" \/><br \/>\nDesde mediados de 2022 se viene produciendo una ralentizaci\u00f3n en el n\u00famero de compraventas, que ven\u00eda precedido de importantes crecimientos anuales sostenidos. En cuanto a compraventas totales, en diciembre de 2022 descendieron un significativo 13,3%, y tras una ligera recuperaci\u00f3n en enero, se produjeron ca\u00eddas m\u00e1s moderadas hasta junio. Es a partir de entonces cuando se intensificaron los descensos, alcanzando en septiembre la mayor ca\u00edda del periodo analizado (-20,6%). En noviembre contin\u00faa la ca\u00edda, en l\u00ednea con otros meses anteriores: <strong>las compraventas totales descendieron el 10,1%, mientras que las de vivienda lo hicieron de forma m\u00e1s intensa, el 14,9%.<\/strong><\/p>\n<p>Observando globalmente las hipotecas constituidas, se aprecia una tendencia descendente similar a las compraventas hasta diciembre de 2022, habiendo mostrado durante 2023 una intensificaci\u00f3n en sus ca\u00eddas por los efectos restrictivos de las subidas sostenidas de los tipos de inter\u00e9s. Tras una ligera recuperaci\u00f3n en enero, siguiendo la tendencia de las compraventas, se acumulan ya <strong>diez meses consecutivos de ca\u00eddas progresivas<\/strong>, con gran similitud en ambas modalidades, hipotecas totales y de vivienda, en valores negativos por encima de los dos d\u00edgitos desde marzo, y ralentiz\u00e1ndose ligeramente el descenso en noviembre, con una ca\u00edda del 18,0% en las hipotecas totales y del 19,3% en las de vivienda.<\/p>\n<p><img decoding=\"async\" src=\"https:\/\/www.registradores.org\/documents\/33383\/0\/registradores_notadeprensa_110124-5.png\/5ac08218-1ceb-867a-d3f0-92a889028836?t=1704961947839\" alt=\"\" \/><\/p>\n<div>\n<div class=\"social-container\">\n<ul class=\"social-widget contListado\">Compartir:<\/ul>\n<\/div>\n<\/div>\n<\/div><\/div><style type=\"text\/css\">.fusion-body .fusion-builder-column-0{width:100% !important;margin-top : 0px;margin-bottom : 0px;}.fusion-builder-column-0 > .fusion-column-wrapper {padding-top : 0px !important;padding-right : 0px !important;margin-right : 1.92%;padding-bottom : 0px !important;padding-left : 0px !important;margin-left : 1.92%;}@media only screen and (max-width:1024px) {.fusion-body .fusion-builder-column-0{width:100% !important;}.fusion-builder-column-0 > .fusion-column-wrapper {margin-right : 1.92%;margin-left : 1.92%;}}@media only screen and (max-width:640px) {.fusion-body .fusion-builder-column-0{width:100% !important;}.fusion-builder-column-0 > .fusion-column-wrapper {margin-right : 1.92%;margin-left : 1.92%;}}<\/style><\/div><\/div><style type=\"text\/css\">.fusion-body .fusion-flex-container.fusion-builder-row-1{ padding-top : 0px;margin-top : 0px;padding-right : 0px;padding-bottom : 0px;margin-bottom : 0px;padding-left : 0px;}<\/style><\/div>\n","protected":false},"excerpt":{"rendered":"<p>Por territorios, durante el mes de noviembre de 2023, en la evoluci\u00f3n anual de las compraventas totales, en comparaci\u00f3n al mismo mes del a\u00f1o anterior, prevalecen las ca\u00eddas sobre los incrementos, descendiendo, sobre todo en Galicia (-21,1%), Madrid (-17,5%), Navarra (-17,3%) y Extremadura (-14,9%). En el lado positivo, aumentan m\u00e1s en la Ciudad Aut\u00f3noma de Ceuta (83,7%) y Cantabria (15,0%).<\/p>\n","protected":false},"author":3,"featured_media":44123,"comment_status":"open","ping_status":"closed","sticky":false,"template":"","format":"standard","meta":{"_jetpack_memberships_contains_paid_content":false,"footnotes":"","jetpack_publicize_message":"","jetpack_publicize_feature_enabled":true,"jetpack_social_post_already_shared":false,"jetpack_social_options":{"image_generator_settings":{"template":"highway","default_image_id":0,"font":"","enabled":false},"version":2}},"categories":[100],"tags":[8149,8150],"class_list":["post-46537","post","type-post","status-publish","format-standard","has-post-thumbnail","hentry","category-compraventa-de-viviendas","tag-newsletter-444","tag-notcia-de-portada"],"yoast_head":"<!-- This site is optimized with the Yoast SEO plugin v28.2 - https:\/\/yoast.com\/product\/yoast-seo-wordpress\/ -->\n<title>Doce meses de bajadas en la venta de viviendas<\/title>\n<meta name=\"description\" content=\"Las compraventas de viviendas descienden de las 52.948 inscripciones en noviembre de 2022 a las 45.077 en noviembre pasado.\" \/>\n<meta name=\"robots\" content=\"index, follow, max-snippet:-1, max-image-preview:large, max-video-preview:-1\" \/>\n<link rel=\"canonical\" href=\"https:\/\/www.aquimicasa.net\/blog\/vivienda\/compraventa-de-viviendas\/doce-meses-de-bajadas-en-la-venta-de-viviendas\/\" \/>\n<meta property=\"og:locale\" content=\"es_ES\" \/>\n<meta property=\"og:type\" content=\"article\" \/>\n<meta property=\"og:title\" content=\"Doce meses de bajadas en la venta de viviendas\" \/>\n<meta property=\"og:description\" content=\"Las compraventas de viviendas descienden de las 52.948 inscripciones en noviembre de 2022 a las 45.077 en noviembre pasado.\" \/>\n<meta property=\"og:url\" content=\"https:\/\/www.aquimicasa.net\/blog\/vivienda\/compraventa-de-viviendas\/doce-meses-de-bajadas-en-la-venta-de-viviendas\/\" \/>\n<meta property=\"og:site_name\" content=\"Blog de aquimicasa.net\" \/>\n<meta property=\"article:publisher\" content=\"https:\/\/www.facebook.com\/aquimicasa.net\" \/>\n<meta property=\"article:published_time\" content=\"2024-01-15T20:18:12+00:00\" \/>\n<meta property=\"article:modified_time\" content=\"2024-01-15T20:20:56+00:00\" \/>\n<meta property=\"og:image\" content=\"https:\/\/www.aquimicasa.net\/blog\/wp-content\/uploads\/Casitas1-3-e1688765345949.jpg\" \/>\n\t<meta property=\"og:image:width\" content=\"400\" \/>\n\t<meta property=\"og:image:height\" content=\"400\" \/>\n\t<meta property=\"og:image:type\" content=\"image\/jpeg\" \/>\n<meta name=\"author\" content=\"Eduardo Lizarraga\" \/>\n<meta name=\"twitter:label1\" content=\"Escrito por\" \/>\n\t<meta name=\"twitter:data1\" content=\"Eduardo Lizarraga\" \/>\n\t<meta name=\"twitter:label2\" content=\"Tiempo de lectura\" \/>\n\t<meta name=\"twitter:data2\" content=\"5 minutos\" \/>\n<script type=\"application\/ld+json\" class=\"yoast-schema-graph\">{\"@context\":\"https:\\\/\\\/schema.org\",\"@graph\":[{\"@type\":\"Article\",\"@id\":\"https:\\\/\\\/www.aquimicasa.net\\\/blog\\\/vivienda\\\/compraventa-de-viviendas\\\/doce-meses-de-bajadas-en-la-venta-de-viviendas\\\/#article\",\"isPartOf\":{\"@id\":\"https:\\\/\\\/www.aquimicasa.net\\\/blog\\\/vivienda\\\/compraventa-de-viviendas\\\/doce-meses-de-bajadas-en-la-venta-de-viviendas\\\/\"},\"author\":{\"name\":\"Eduardo Lizarraga\",\"@id\":\"https:\\\/\\\/www.aquimicasa.net\\\/blog\\\/#\\\/schema\\\/person\\\/2cdfa2605534583395c8d7ce1d6cac14\"},\"headline\":\"Doce meses de bajadas en la venta de viviendas\",\"datePublished\":\"2024-01-15T20:18:12+00:00\",\"dateModified\":\"2024-01-15T20:20:56+00:00\",\"mainEntityOfPage\":{\"@id\":\"https:\\\/\\\/www.aquimicasa.net\\\/blog\\\/vivienda\\\/compraventa-de-viviendas\\\/doce-meses-de-bajadas-en-la-venta-de-viviendas\\\/\"},\"wordCount\":939,\"commentCount\":0,\"publisher\":{\"@id\":\"https:\\\/\\\/www.aquimicasa.net\\\/blog\\\/#organization\"},\"image\":{\"@id\":\"https:\\\/\\\/www.aquimicasa.net\\\/blog\\\/vivienda\\\/compraventa-de-viviendas\\\/doce-meses-de-bajadas-en-la-venta-de-viviendas\\\/#primaryimage\"},\"thumbnailUrl\":\"https:\\\/\\\/www.aquimicasa.net\\\/blog\\\/wp-content\\\/uploads\\\/Casitas1-3-e1688765345949.jpg\",\"keywords\":[\"newsletter 444\",\"notcia de portada\"],\"articleSection\":[\"Compra Venta\"],\"inLanguage\":\"es\",\"potentialAction\":[{\"@type\":\"CommentAction\",\"name\":\"Comment\",\"target\":[\"https:\\\/\\\/www.aquimicasa.net\\\/blog\\\/vivienda\\\/compraventa-de-viviendas\\\/doce-meses-de-bajadas-en-la-venta-de-viviendas\\\/#respond\"]}]},{\"@type\":\"WebPage\",\"@id\":\"https:\\\/\\\/www.aquimicasa.net\\\/blog\\\/vivienda\\\/compraventa-de-viviendas\\\/doce-meses-de-bajadas-en-la-venta-de-viviendas\\\/\",\"url\":\"https:\\\/\\\/www.aquimicasa.net\\\/blog\\\/vivienda\\\/compraventa-de-viviendas\\\/doce-meses-de-bajadas-en-la-venta-de-viviendas\\\/\",\"name\":\"Doce meses de bajadas en la venta de viviendas\",\"isPartOf\":{\"@id\":\"https:\\\/\\\/www.aquimicasa.net\\\/blog\\\/#website\"},\"primaryImageOfPage\":{\"@id\":\"https:\\\/\\\/www.aquimicasa.net\\\/blog\\\/vivienda\\\/compraventa-de-viviendas\\\/doce-meses-de-bajadas-en-la-venta-de-viviendas\\\/#primaryimage\"},\"image\":{\"@id\":\"https:\\\/\\\/www.aquimicasa.net\\\/blog\\\/vivienda\\\/compraventa-de-viviendas\\\/doce-meses-de-bajadas-en-la-venta-de-viviendas\\\/#primaryimage\"},\"thumbnailUrl\":\"https:\\\/\\\/www.aquimicasa.net\\\/blog\\\/wp-content\\\/uploads\\\/Casitas1-3-e1688765345949.jpg\",\"datePublished\":\"2024-01-15T20:18:12+00:00\",\"dateModified\":\"2024-01-15T20:20:56+00:00\",\"description\":\"Las compraventas de viviendas descienden de las 52.948 inscripciones en noviembre de 2022 a las 45.077 en noviembre pasado.\",\"breadcrumb\":{\"@id\":\"https:\\\/\\\/www.aquimicasa.net\\\/blog\\\/vivienda\\\/compraventa-de-viviendas\\\/doce-meses-de-bajadas-en-la-venta-de-viviendas\\\/#breadcrumb\"},\"inLanguage\":\"es\",\"potentialAction\":[{\"@type\":\"ReadAction\",\"target\":[\"https:\\\/\\\/www.aquimicasa.net\\\/blog\\\/vivienda\\\/compraventa-de-viviendas\\\/doce-meses-de-bajadas-en-la-venta-de-viviendas\\\/\"]}]},{\"@type\":\"ImageObject\",\"inLanguage\":\"es\",\"@id\":\"https:\\\/\\\/www.aquimicasa.net\\\/blog\\\/vivienda\\\/compraventa-de-viviendas\\\/doce-meses-de-bajadas-en-la-venta-de-viviendas\\\/#primaryimage\",\"url\":\"https:\\\/\\\/www.aquimicasa.net\\\/blog\\\/wp-content\\\/uploads\\\/Casitas1-3-e1688765345949.jpg\",\"contentUrl\":\"https:\\\/\\\/www.aquimicasa.net\\\/blog\\\/wp-content\\\/uploads\\\/Casitas1-3-e1688765345949.jpg\",\"width\":400,\"height\":400,\"caption\":\"Desciende el n\u00famero de compraventas en enero\"},{\"@type\":\"BreadcrumbList\",\"@id\":\"https:\\\/\\\/www.aquimicasa.net\\\/blog\\\/vivienda\\\/compraventa-de-viviendas\\\/doce-meses-de-bajadas-en-la-venta-de-viviendas\\\/#breadcrumb\",\"itemListElement\":[{\"@type\":\"ListItem\",\"position\":1,\"name\":\"Portada\",\"item\":\"https:\\\/\\\/www.aquimicasa.net\\\/blog\\\/\"},{\"@type\":\"ListItem\",\"position\":2,\"name\":\"Doce meses de bajadas en la venta de viviendas\"}]},{\"@type\":\"WebSite\",\"@id\":\"https:\\\/\\\/www.aquimicasa.net\\\/blog\\\/#website\",\"url\":\"https:\\\/\\\/www.aquimicasa.net\\\/blog\\\/\",\"name\":\"Blog de aquimicasa.net\",\"description\":\"Noticias del Mundo Inmobiliario\",\"publisher\":{\"@id\":\"https:\\\/\\\/www.aquimicasa.net\\\/blog\\\/#organization\"},\"potentialAction\":[{\"@type\":\"SearchAction\",\"target\":{\"@type\":\"EntryPoint\",\"urlTemplate\":\"https:\\\/\\\/www.aquimicasa.net\\\/blog\\\/?s={search_term_string}\"},\"query-input\":{\"@type\":\"PropertyValueSpecification\",\"valueRequired\":true,\"valueName\":\"search_term_string\"}}],\"inLanguage\":\"es\"},{\"@type\":\"Organization\",\"@id\":\"https:\\\/\\\/www.aquimicasa.net\\\/blog\\\/#organization\",\"name\":\"Blog de aquimicasa.net\",\"url\":\"https:\\\/\\\/www.aquimicasa.net\\\/blog\\\/\",\"logo\":{\"@type\":\"ImageObject\",\"inLanguage\":\"es\",\"@id\":\"https:\\\/\\\/www.aquimicasa.net\\\/blog\\\/#\\\/schema\\\/logo\\\/image\\\/\",\"url\":\"https:\\\/\\\/www.aquimicasa.net\\\/blog\\\/wp-content\\\/uploads\\\/Logo-aquimicasa-1-e1528048213782.png\",\"contentUrl\":\"https:\\\/\\\/www.aquimicasa.net\\\/blog\\\/wp-content\\\/uploads\\\/Logo-aquimicasa-1-e1528048213782.png\",\"width\":225,\"height\":225,\"caption\":\"Blog de aquimicasa.net\"},\"image\":{\"@id\":\"https:\\\/\\\/www.aquimicasa.net\\\/blog\\\/#\\\/schema\\\/logo\\\/image\\\/\"},\"sameAs\":[\"https:\\\/\\\/www.facebook.com\\\/aquimicasa.net\",\"https:\\\/\\\/www.instagram.com\\\/\",\"https:\\\/\\\/x.com\\\/EduLizarragaD\",\"https:\\\/\\\/www.linkedin.com\\\/feed\\\/\"]},{\"@type\":\"Person\",\"@id\":\"https:\\\/\\\/www.aquimicasa.net\\\/blog\\\/#\\\/schema\\\/person\\\/2cdfa2605534583395c8d7ce1d6cac14\",\"name\":\"Eduardo Lizarraga\",\"image\":{\"@type\":\"ImageObject\",\"inLanguage\":\"es\",\"@id\":\"https:\\\/\\\/secure.gravatar.com\\\/avatar\\\/bdabe1eeeed97b65a9cb7de2edd624b07995f7e13abc5fead15961f745f908cc?s=96&d=mm&r=g\",\"url\":\"https:\\\/\\\/secure.gravatar.com\\\/avatar\\\/bdabe1eeeed97b65a9cb7de2edd624b07995f7e13abc5fead15961f745f908cc?s=96&d=mm&r=g\",\"contentUrl\":\"https:\\\/\\\/secure.gravatar.com\\\/avatar\\\/bdabe1eeeed97b65a9cb7de2edd624b07995f7e13abc5fead15961f745f908cc?s=96&d=mm&r=g\",\"caption\":\"Eduardo Lizarraga\"},\"description\":\"Periodista Econ\u00f3mico. Ha trabajado en diversos campos de la informaci\u00f3n. Corresponsal en conflictos, analista pol\u00edtico en Congreso y Senado, periodista del medio ambiente, editor, director editorial, director de comunicaci\u00f3n.... En estos momentos se ha especializado en el sector inmobiliario. Pero tambi\u00e9n es navegante y viajero, preocupado por la pobreza, el medio ambiente y por las actuaciones descontroladas del neoliberalismo empresarial y pol\u00edtico en todo el mundo. Los desahucios, la pobreza infantil y la falta de acceso a los suministros b\u00e1sicos son algunos de los grandes dramas de nuestra sociedad y que es preciso solucionar para hacerla m\u00e1s justa. CEO en www.aquimicasa.net\",\"sameAs\":[\"https:\\\/\\\/www.aquimicasa.net\\\/\"],\"url\":\"https:\\\/\\\/www.aquimicasa.net\\\/blog\\\/author\\\/eduardo\\\/\"}]}<\/script>\n<!-- \/ Yoast SEO plugin. -->","yoast_head_json":{"title":"Doce meses de bajadas en la venta de viviendas","description":"Las compraventas de viviendas descienden de las 52.948 inscripciones en noviembre de 2022 a las 45.077 en noviembre pasado.","robots":{"index":"index","follow":"follow","max-snippet":"max-snippet:-1","max-image-preview":"max-image-preview:large","max-video-preview":"max-video-preview:-1"},"canonical":"https:\/\/www.aquimicasa.net\/blog\/vivienda\/compraventa-de-viviendas\/doce-meses-de-bajadas-en-la-venta-de-viviendas\/","og_locale":"es_ES","og_type":"article","og_title":"Doce meses de bajadas en la venta de viviendas","og_description":"Las compraventas de viviendas descienden de las 52.948 inscripciones en noviembre de 2022 a las 45.077 en noviembre pasado.","og_url":"https:\/\/www.aquimicasa.net\/blog\/vivienda\/compraventa-de-viviendas\/doce-meses-de-bajadas-en-la-venta-de-viviendas\/","og_site_name":"Blog de aquimicasa.net","article_publisher":"https:\/\/www.facebook.com\/aquimicasa.net","article_published_time":"2024-01-15T20:18:12+00:00","article_modified_time":"2024-01-15T20:20:56+00:00","og_image":[{"width":400,"height":400,"url":"https:\/\/www.aquimicasa.net\/blog\/wp-content\/uploads\/Casitas1-3-e1688765345949.jpg","type":"image\/jpeg"}],"author":"Eduardo Lizarraga","twitter_misc":{"Escrito por":"Eduardo Lizarraga","Tiempo de lectura":"5 minutos"},"schema":{"@context":"https:\/\/schema.org","@graph":[{"@type":"Article","@id":"https:\/\/www.aquimicasa.net\/blog\/vivienda\/compraventa-de-viviendas\/doce-meses-de-bajadas-en-la-venta-de-viviendas\/#article","isPartOf":{"@id":"https:\/\/www.aquimicasa.net\/blog\/vivienda\/compraventa-de-viviendas\/doce-meses-de-bajadas-en-la-venta-de-viviendas\/"},"author":{"name":"Eduardo Lizarraga","@id":"https:\/\/www.aquimicasa.net\/blog\/#\/schema\/person\/2cdfa2605534583395c8d7ce1d6cac14"},"headline":"Doce meses de bajadas en la venta de viviendas","datePublished":"2024-01-15T20:18:12+00:00","dateModified":"2024-01-15T20:20:56+00:00","mainEntityOfPage":{"@id":"https:\/\/www.aquimicasa.net\/blog\/vivienda\/compraventa-de-viviendas\/doce-meses-de-bajadas-en-la-venta-de-viviendas\/"},"wordCount":939,"commentCount":0,"publisher":{"@id":"https:\/\/www.aquimicasa.net\/blog\/#organization"},"image":{"@id":"https:\/\/www.aquimicasa.net\/blog\/vivienda\/compraventa-de-viviendas\/doce-meses-de-bajadas-en-la-venta-de-viviendas\/#primaryimage"},"thumbnailUrl":"https:\/\/www.aquimicasa.net\/blog\/wp-content\/uploads\/Casitas1-3-e1688765345949.jpg","keywords":["newsletter 444","notcia de portada"],"articleSection":["Compra Venta"],"inLanguage":"es","potentialAction":[{"@type":"CommentAction","name":"Comment","target":["https:\/\/www.aquimicasa.net\/blog\/vivienda\/compraventa-de-viviendas\/doce-meses-de-bajadas-en-la-venta-de-viviendas\/#respond"]}]},{"@type":"WebPage","@id":"https:\/\/www.aquimicasa.net\/blog\/vivienda\/compraventa-de-viviendas\/doce-meses-de-bajadas-en-la-venta-de-viviendas\/","url":"https:\/\/www.aquimicasa.net\/blog\/vivienda\/compraventa-de-viviendas\/doce-meses-de-bajadas-en-la-venta-de-viviendas\/","name":"Doce meses de bajadas en la venta de viviendas","isPartOf":{"@id":"https:\/\/www.aquimicasa.net\/blog\/#website"},"primaryImageOfPage":{"@id":"https:\/\/www.aquimicasa.net\/blog\/vivienda\/compraventa-de-viviendas\/doce-meses-de-bajadas-en-la-venta-de-viviendas\/#primaryimage"},"image":{"@id":"https:\/\/www.aquimicasa.net\/blog\/vivienda\/compraventa-de-viviendas\/doce-meses-de-bajadas-en-la-venta-de-viviendas\/#primaryimage"},"thumbnailUrl":"https:\/\/www.aquimicasa.net\/blog\/wp-content\/uploads\/Casitas1-3-e1688765345949.jpg","datePublished":"2024-01-15T20:18:12+00:00","dateModified":"2024-01-15T20:20:56+00:00","description":"Las compraventas de viviendas descienden de las 52.948 inscripciones en noviembre de 2022 a las 45.077 en noviembre pasado.","breadcrumb":{"@id":"https:\/\/www.aquimicasa.net\/blog\/vivienda\/compraventa-de-viviendas\/doce-meses-de-bajadas-en-la-venta-de-viviendas\/#breadcrumb"},"inLanguage":"es","potentialAction":[{"@type":"ReadAction","target":["https:\/\/www.aquimicasa.net\/blog\/vivienda\/compraventa-de-viviendas\/doce-meses-de-bajadas-en-la-venta-de-viviendas\/"]}]},{"@type":"ImageObject","inLanguage":"es","@id":"https:\/\/www.aquimicasa.net\/blog\/vivienda\/compraventa-de-viviendas\/doce-meses-de-bajadas-en-la-venta-de-viviendas\/#primaryimage","url":"https:\/\/www.aquimicasa.net\/blog\/wp-content\/uploads\/Casitas1-3-e1688765345949.jpg","contentUrl":"https:\/\/www.aquimicasa.net\/blog\/wp-content\/uploads\/Casitas1-3-e1688765345949.jpg","width":400,"height":400,"caption":"Desciende el n\u00famero de compraventas en enero"},{"@type":"BreadcrumbList","@id":"https:\/\/www.aquimicasa.net\/blog\/vivienda\/compraventa-de-viviendas\/doce-meses-de-bajadas-en-la-venta-de-viviendas\/#breadcrumb","itemListElement":[{"@type":"ListItem","position":1,"name":"Portada","item":"https:\/\/www.aquimicasa.net\/blog\/"},{"@type":"ListItem","position":2,"name":"Doce meses de bajadas en la venta de viviendas"}]},{"@type":"WebSite","@id":"https:\/\/www.aquimicasa.net\/blog\/#website","url":"https:\/\/www.aquimicasa.net\/blog\/","name":"Blog de aquimicasa.net","description":"Noticias del Mundo Inmobiliario","publisher":{"@id":"https:\/\/www.aquimicasa.net\/blog\/#organization"},"potentialAction":[{"@type":"SearchAction","target":{"@type":"EntryPoint","urlTemplate":"https:\/\/www.aquimicasa.net\/blog\/?s={search_term_string}"},"query-input":{"@type":"PropertyValueSpecification","valueRequired":true,"valueName":"search_term_string"}}],"inLanguage":"es"},{"@type":"Organization","@id":"https:\/\/www.aquimicasa.net\/blog\/#organization","name":"Blog de aquimicasa.net","url":"https:\/\/www.aquimicasa.net\/blog\/","logo":{"@type":"ImageObject","inLanguage":"es","@id":"https:\/\/www.aquimicasa.net\/blog\/#\/schema\/logo\/image\/","url":"https:\/\/www.aquimicasa.net\/blog\/wp-content\/uploads\/Logo-aquimicasa-1-e1528048213782.png","contentUrl":"https:\/\/www.aquimicasa.net\/blog\/wp-content\/uploads\/Logo-aquimicasa-1-e1528048213782.png","width":225,"height":225,"caption":"Blog de aquimicasa.net"},"image":{"@id":"https:\/\/www.aquimicasa.net\/blog\/#\/schema\/logo\/image\/"},"sameAs":["https:\/\/www.facebook.com\/aquimicasa.net","https:\/\/www.instagram.com\/","https:\/\/x.com\/EduLizarragaD","https:\/\/www.linkedin.com\/feed\/"]},{"@type":"Person","@id":"https:\/\/www.aquimicasa.net\/blog\/#\/schema\/person\/2cdfa2605534583395c8d7ce1d6cac14","name":"Eduardo Lizarraga","image":{"@type":"ImageObject","inLanguage":"es","@id":"https:\/\/secure.gravatar.com\/avatar\/bdabe1eeeed97b65a9cb7de2edd624b07995f7e13abc5fead15961f745f908cc?s=96&d=mm&r=g","url":"https:\/\/secure.gravatar.com\/avatar\/bdabe1eeeed97b65a9cb7de2edd624b07995f7e13abc5fead15961f745f908cc?s=96&d=mm&r=g","contentUrl":"https:\/\/secure.gravatar.com\/avatar\/bdabe1eeeed97b65a9cb7de2edd624b07995f7e13abc5fead15961f745f908cc?s=96&d=mm&r=g","caption":"Eduardo Lizarraga"},"description":"Periodista Econ\u00f3mico. Ha trabajado en diversos campos de la informaci\u00f3n. Corresponsal en conflictos, analista pol\u00edtico en Congreso y Senado, periodista del medio ambiente, editor, director editorial, director de comunicaci\u00f3n.... En estos momentos se ha especializado en el sector inmobiliario. Pero tambi\u00e9n es navegante y viajero, preocupado por la pobreza, el medio ambiente y por las actuaciones descontroladas del neoliberalismo empresarial y pol\u00edtico en todo el mundo. Los desahucios, la pobreza infantil y la falta de acceso a los suministros b\u00e1sicos son algunos de los grandes dramas de nuestra sociedad y que es preciso solucionar para hacerla m\u00e1s justa. CEO en www.aquimicasa.net","sameAs":["https:\/\/www.aquimicasa.net\/"],"url":"https:\/\/www.aquimicasa.net\/blog\/author\/eduardo\/"}]}},"jetpack_publicize_connections":[],"jetpack_featured_media_url":"https:\/\/www.aquimicasa.net\/blog\/wp-content\/uploads\/Casitas1-3-e1688765345949.jpg","jetpack_sharing_enabled":true,"jetpack_likes_enabled":true,"_links":{"self":[{"href":"https:\/\/www.aquimicasa.net\/blog\/wp-json\/wp\/v2\/posts\/46537","targetHints":{"allow":["GET"]}}],"collection":[{"href":"https:\/\/www.aquimicasa.net\/blog\/wp-json\/wp\/v2\/posts"}],"about":[{"href":"https:\/\/www.aquimicasa.net\/blog\/wp-json\/wp\/v2\/types\/post"}],"author":[{"embeddable":true,"href":"https:\/\/www.aquimicasa.net\/blog\/wp-json\/wp\/v2\/users\/3"}],"replies":[{"embeddable":true,"href":"https:\/\/www.aquimicasa.net\/blog\/wp-json\/wp\/v2\/comments?post=46537"}],"version-history":[{"count":4,"href":"https:\/\/www.aquimicasa.net\/blog\/wp-json\/wp\/v2\/posts\/46537\/revisions"}],"predecessor-version":[{"id":46542,"href":"https:\/\/www.aquimicasa.net\/blog\/wp-json\/wp\/v2\/posts\/46537\/revisions\/46542"}],"wp:featuredmedia":[{"embeddable":true,"href":"https:\/\/www.aquimicasa.net\/blog\/wp-json\/wp\/v2\/media\/44123"}],"wp:attachment":[{"href":"https:\/\/www.aquimicasa.net\/blog\/wp-json\/wp\/v2\/media?parent=46537"}],"wp:term":[{"taxonomy":"category","embeddable":true,"href":"https:\/\/www.aquimicasa.net\/blog\/wp-json\/wp\/v2\/categories?post=46537"},{"taxonomy":"post_tag","embeddable":true,"href":"https:\/\/www.aquimicasa.net\/blog\/wp-json\/wp\/v2\/tags?post=46537"}],"curies":[{"name":"wp","href":"https:\/\/api.w.org\/{rel}","templated":true}]}}