{"id":46967,"date":"2024-02-25T00:17:00","date_gmt":"2024-02-24T23:17:00","guid":{"rendered":"https:\/\/www.aquimicasa.net\/blog\/?p=46967"},"modified":"2024-02-25T00:17:00","modified_gmt":"2024-02-24T23:17:00","slug":"nueva-cuestion-prejudicial-por-la-comision-de-apertura","status":"publish","type":"post","link":"https:\/\/www.aquimicasa.net\/blog\/hipotecas\/noticias-sobre-el-mercado-hipotecario\/nueva-cuestion-prejudicial-por-la-comision-de-apertura\/","title":{"rendered":"Nueva cuesti\u00f3n prejudicial por la comisi\u00f3n de apertura"},"content":{"rendered":"<div class=\"fusion-fullwidth fullwidth-box fusion-builder-row-1 fusion-flex-container nonhundred-percent-fullwidth non-hundred-percent-height-scrolling\" style=\"background-color: rgba(255,255,255,0);background-position: center center;background-repeat: no-repeat;border-width: 0px 0px 0px 0px;border-color:#eae9e9;border-style:solid;\" ><div class=\"fusion-builder-row fusion-row fusion-flex-align-items-flex-start\" style=\"max-width:1144px;margin-left: calc(-4% \/ 2 );margin-right: calc(-4% \/ 2 );\"><div class=\"fusion-layout-column fusion_builder_column fusion-builder-column-0 fusion_builder_column_1_1 1_1 fusion-flex-column\"><div class=\"fusion-column-wrapper fusion-flex-justify-content-flex-start fusion-content-layout-column\" style=\"background-position:left top;background-repeat:no-repeat;-webkit-background-size:cover;-moz-background-size:cover;-o-background-size:cover;background-size:cover;padding: 0px 0px 0px 0px;\"><div class=\"fusion-text fusion-text-1\"><section class=\"elementor-section elementor-top-section elementor-element elementor-element-0b7464b elementor-section-boxed elementor-section-height-default elementor-section-height-default\" data-id=\"0b7464b\" data-element_type=\"section\">\n<div class=\"elementor-container elementor-column-gap-default\">\n<div class=\"elementor-column elementor-col-100 elementor-top-column elementor-element elementor-element-c502958\" data-id=\"c502958\" data-element_type=\"column\">\n<div class=\"elementor-widget-wrap elementor-element-populated\">\n<div class=\"elementor-element elementor-element-c40de0f elementor-widget elementor-widget-text-editor\" data-id=\"c40de0f\" data-element_type=\"widget\" data-widget_type=\"text-editor.default\">\n<div class=\"elementor-widget-container\">\n<p><span style=\"font-size: 16px;\">Los jueces del Supremo no ganan para disgustos pero, a pesar de estar <strong>caducados desde hace a\u00f1os<\/strong>, se agarran a la poltrona como si fuera lo \u00fanico que ya les queda en la vida, y no quiero seguir que <strong>ronda el desacato<\/strong>. La cuesti\u00f3n es que cada vez con mayor asiduidad jueces de distintos juzgados, de esos que <strong>no llevan puestas las rodilleras<\/strong>, recurren a preguntar al TJUE sobre las decisiones, siempre controvertidas cuando en un lado est\u00e1 la banca espa\u00f1ola, del <strong>Tribunal Supremo<\/strong> de Espa\u00f1a.<\/span><\/p>\n<h2><strong>La comisi\u00f3n de apertura de nuevo al TJUE<\/strong><\/h2>\n<\/div>\n<\/div>\n<\/div>\n<\/div>\n<\/div>\n<\/section>\n<section class=\"elementor-section elementor-top-section elementor-element elementor-element-b4e101d elementor-section-boxed elementor-section-height-default elementor-section-height-default\" data-id=\"b4e101d\" data-element_type=\"section\">\n<div class=\"elementor-container elementor-column-gap-default\">\n<div class=\"elementor-column elementor-col-100 elementor-top-column elementor-element elementor-element-302c568\" data-id=\"302c568\" data-element_type=\"column\">\n<div class=\"elementor-widget-wrap elementor-element-populated\">\n<div class=\"elementor-element elementor-element-596ea6a elementor-widget__width-initial elementor-widget elementor-widget-text-editor\" data-id=\"596ea6a\" data-element_type=\"widget\" data-widget_type=\"text-editor.default\">\n<div class=\"elementor-widget-container\">\n<p>El esta ocasi\u00f3n ha sido el <strong>Juzgado de Primera Instancia n\u00famero 6 de Ceuta<\/strong> el que ha elevado una cuesti\u00f3n prejudicial al Tribunal de Justicia de la UE en la que plantea dos dudas. Por un lado, \u00absi la normativa europea se opone a la interpretaci\u00f3n por parte del Tribunal Supremo en relaci\u00f3n con la comisi\u00f3n de apertura, seg\u00fan la cual la mera indicaci\u00f3n en la escritura de hipoteca del importe de la cl\u00e1usula y que dicha cuant\u00eda no excede del l\u00edmite fijado, es suficiente para considerar la falta de abusividad\u00bb, Y por otro, si \u00abno se deber\u00edan <strong>girar facturas<\/strong> y especificar en definitiva dichos servicios antes de repercutirlos al consumidor\u00bb.<\/p>\n<p>En suma, si no debe superarse el <strong>criterio establecido por el Supremo<\/strong> para determinar que esta comisi\u00f3n puede ser anulada por falta de transparencia al consumidor,\u00a0como as\u00ed ya han determinado numerosas audiencias provinciales, como\u00a0Vizcaya, Las Palmas y Orense.<\/p>\n<\/div>\n<\/div>\n<\/div>\n<\/div>\n<\/div>\n<\/section>\n<section class=\"elementor-section elementor-top-section elementor-element elementor-element-91e92ed elementor-section-boxed elementor-section-height-default elementor-section-height-default\" data-id=\"91e92ed\" data-element_type=\"section\">\n<div class=\"elementor-container elementor-column-gap-default\">\n<div class=\"elementor-column elementor-col-100 elementor-top-column elementor-element elementor-element-82785ca\" data-id=\"82785ca\" data-element_type=\"column\">\n<div class=\"elementor-widget-wrap elementor-element-populated\">\n<div class=\"elementor-element elementor-element-9617e50 elementor-widget elementor-widget-text-editor\" data-id=\"9617e50\" data-element_type=\"widget\" data-widget_type=\"text-editor.default\">\n<div class=\"elementor-widget-container\">\n<p>A la espera de conocer el dictamen del TJUE, desde la <strong>Asociaci\u00f3n de Usuarios Financieros ASUFIN<\/strong>, estiman que, en dicha comisi\u00f3n concurren dos circunstancias relevantes, entre otras, que hacen que pueda ser nula por abusiva. La primera, es que no siempre es cobrada al consumidor, por ejemplo, cuando el pr\u00e9stamo no se concede o acepta y la segunda, que <strong>el banco ha de acreditar los servicios a los que responde su cobro<\/strong>, as\u00ed como que su coste no sea desproporcionado. Finalmente, el hecho de que la comisi\u00f3n de apertura sea conocida por el consumidor medio <strong>no la convierte autom\u00e1ticamente en transparente<\/strong> y, por tanto, no abusiva.<\/p>\n<h2><strong>Los gastos hipotecarios nunca debieron ser asumidos por los consumidores<\/strong><\/h2>\n<\/div>\n<\/div>\n<\/div>\n<\/div>\n<\/div>\n<\/section>\n<section class=\"elementor-section elementor-top-section elementor-element elementor-element-c33fdff elementor-section-boxed elementor-section-height-default elementor-section-height-default\" data-id=\"c33fdff\" data-element_type=\"section\">\n<div class=\"elementor-container elementor-column-gap-default\">\n<div class=\"elementor-column elementor-col-100 elementor-top-column elementor-element elementor-element-cb58fd1\" data-id=\"cb58fd1\" data-element_type=\"column\">\n<div class=\"elementor-widget-wrap elementor-element-populated\">\n<div class=\"elementor-element elementor-element-c79b1b9 elementor-widget elementor-widget-text-editor\" data-id=\"c79b1b9\" data-element_type=\"widget\" data-widget_type=\"text-editor.default\">\n<div class=\"elementor-widget-container\">\n<p>Ni el Juzgado de Primera Instancia n\u00ba6 de Ceuta ni Asufin son los \u00fanicos en poner en duda la <strong>doctrina un\u00edvoca del Supremo<\/strong>, varias audiencias provinciales han considerado <strong>nula por falta de transparencia la comisi\u00f3n de apertura<\/strong>, en distintos procedimientos. Estos magistrados han hecho caso omiso del criterio asumido y difundido por el Tribunl Supremo el pasado 29 de mayo y han fallado en sus respectivas causas <strong>a favor del consumidor bancario.<\/strong><\/p>\n<p>Estos pronunciamientos de segunda instancia, as\u00ed como las dudas expresadas ahora por el juzgado ceut\u00ed, son sumamente importantes al abrir las puertas a que multitud de juzgados hagan lo propio con esta parte de los <strong>gastos hipotecarios<\/strong> que nunca debieron asumir los consumidores. De momento <strong>una nueva cuesti\u00f3n prejudicial llega al Tribunal de Justicia de la Uni\u00f3n Europea<\/strong> que debe estar ya hasta los pelos de las interpretaciones que de sus sentencias y dict\u00e1menes hace el Tribunal Supremo espa\u00f1ol.<\/p>\n<\/div>\n<\/div>\n<\/div>\n<\/div>\n<\/div>\n<\/section>\n<\/div><\/div><style type=\"text\/css\">.fusion-body .fusion-builder-column-0{width:100% !important;margin-top : 0px;margin-bottom : 0px;}.fusion-builder-column-0 > .fusion-column-wrapper {padding-top : 0px !important;padding-right : 0px !important;margin-right : 1.92%;padding-bottom : 0px !important;padding-left : 0px !important;margin-left : 1.92%;}@media only screen and (max-width:1024px) {.fusion-body .fusion-builder-column-0{width:100% !important;}.fusion-builder-column-0 > .fusion-column-wrapper {margin-right : 1.92%;margin-left : 1.92%;}}@media only screen and (max-width:640px) {.fusion-body .fusion-builder-column-0{width:100% !important;}.fusion-builder-column-0 > .fusion-column-wrapper {margin-right : 1.92%;margin-left : 1.92%;}}<\/style><\/div><\/div><style type=\"text\/css\">.fusion-body .fusion-flex-container.fusion-builder-row-1{ padding-top : 0px;margin-top : 0px;padding-right : 0px;padding-bottom : 0px;margin-bottom : 0px;padding-left : 0px;}<\/style><\/div>\n","protected":false},"excerpt":{"rendered":"<p>Varias audiencias provinciales han considerado nula por falta de transparencia la comisi\u00f3n de apertura, en distintos procedimientos. Estos magistrados han hecho caso omiso del criterio asumido y difundido por el Tribunl Supremo el psado 29 de mayo y han fallado en sus respectivas causas a favor del consumidor bancario.<\/p>\n","protected":false},"author":3,"featured_media":44896,"comment_status":"open","ping_status":"closed","sticky":false,"template":"","format":"standard","meta":{"_jetpack_memberships_contains_paid_content":false,"footnotes":"","jetpack_publicize_message":"","jetpack_publicize_feature_enabled":true,"jetpack_social_post_already_shared":false,"jetpack_social_options":{"image_generator_settings":{"template":"highway","default_image_id":0,"font":"","enabled":false},"version":2}},"categories":[7566],"tags":[8156,7568],"class_list":["post-46967","post","type-post","status-publish","format-standard","has-post-thumbnail","hentry","category-noticias-sobre-el-mercado-hipotecario","tag-newslette-450","tag-noticia-de-portada"],"yoast_head":"<!-- This site is optimized with the Yoast SEO plugin v27.5 - https:\/\/yoast.com\/product\/yoast-seo-wordpress\/ -->\n<title>Nueva cuesti\u00f3n prejudicial por la comisi\u00f3n de apertura<\/title>\n<meta name=\"description\" content=\"El Juzgado de Primera Instancia n\u00famero 6 de Ceuta eleva una cuesti\u00f3n prejudicial al Tribunal de Justicia de la UE por la comisi\u00f3n de apertura\" \/>\n<meta name=\"robots\" content=\"index, follow, max-snippet:-1, max-image-preview:large, max-video-preview:-1\" \/>\n<link rel=\"canonical\" href=\"https:\/\/www.aquimicasa.net\/blog\/hipotecas\/noticias-sobre-el-mercado-hipotecario\/nueva-cuestion-prejudicial-por-la-comision-de-apertura\/\" \/>\n<meta property=\"og:locale\" content=\"es_ES\" \/>\n<meta property=\"og:type\" content=\"article\" \/>\n<meta property=\"og:title\" content=\"Nueva cuesti\u00f3n prejudicial por la comisi\u00f3n de apertura\" \/>\n<meta property=\"og:description\" content=\"El Juzgado de Primera Instancia n\u00famero 6 de Ceuta eleva una cuesti\u00f3n prejudicial al Tribunal de Justicia de la UE por la comisi\u00f3n de apertura\" \/>\n<meta property=\"og:url\" content=\"https:\/\/www.aquimicasa.net\/blog\/hipotecas\/noticias-sobre-el-mercado-hipotecario\/nueva-cuestion-prejudicial-por-la-comision-de-apertura\/\" \/>\n<meta property=\"og:site_name\" content=\"Blog de aquimicasa.net\" \/>\n<meta property=\"article:publisher\" content=\"https:\/\/www.facebook.com\/aquimicasa.net\" \/>\n<meta property=\"article:published_time\" content=\"2024-02-24T23:17:00+00:00\" \/>\n<meta property=\"og:image\" content=\"https:\/\/www.aquimicasa.net\/blog\/wp-content\/uploads\/tribunal_de_justicia-de-la-UE.jpeg\" \/>\n\t<meta property=\"og:image:width\" content=\"800\" \/>\n\t<meta property=\"og:image:height\" content=\"450\" \/>\n\t<meta property=\"og:image:type\" content=\"image\/jpeg\" \/>\n<meta name=\"author\" content=\"Eduardo Lizarraga\" \/>\n<meta name=\"twitter:label1\" content=\"Escrito por\" \/>\n\t<meta name=\"twitter:data1\" content=\"Eduardo Lizarraga\" \/>\n\t<meta name=\"twitter:label2\" content=\"Tiempo de lectura\" \/>\n\t<meta name=\"twitter:data2\" content=\"3 minutos\" \/>\n<script type=\"application\/ld+json\" class=\"yoast-schema-graph\">{\"@context\":\"https:\\\/\\\/schema.org\",\"@graph\":[{\"@type\":\"Article\",\"@id\":\"https:\\\/\\\/www.aquimicasa.net\\\/blog\\\/hipotecas\\\/noticias-sobre-el-mercado-hipotecario\\\/nueva-cuestion-prejudicial-por-la-comision-de-apertura\\\/#article\",\"isPartOf\":{\"@id\":\"https:\\\/\\\/www.aquimicasa.net\\\/blog\\\/hipotecas\\\/noticias-sobre-el-mercado-hipotecario\\\/nueva-cuestion-prejudicial-por-la-comision-de-apertura\\\/\"},\"author\":{\"name\":\"Eduardo Lizarraga\",\"@id\":\"https:\\\/\\\/www.aquimicasa.net\\\/blog\\\/#\\\/schema\\\/person\\\/2cdfa2605534583395c8d7ce1d6cac14\"},\"headline\":\"Nueva cuesti\u00f3n prejudicial por la comisi\u00f3n de apertura\",\"datePublished\":\"2024-02-24T23:17:00+00:00\",\"mainEntityOfPage\":{\"@id\":\"https:\\\/\\\/www.aquimicasa.net\\\/blog\\\/hipotecas\\\/noticias-sobre-el-mercado-hipotecario\\\/nueva-cuestion-prejudicial-por-la-comision-de-apertura\\\/\"},\"wordCount\":788,\"commentCount\":0,\"publisher\":{\"@id\":\"https:\\\/\\\/www.aquimicasa.net\\\/blog\\\/#organization\"},\"image\":{\"@id\":\"https:\\\/\\\/www.aquimicasa.net\\\/blog\\\/hipotecas\\\/noticias-sobre-el-mercado-hipotecario\\\/nueva-cuestion-prejudicial-por-la-comision-de-apertura\\\/#primaryimage\"},\"thumbnailUrl\":\"https:\\\/\\\/www.aquimicasa.net\\\/blog\\\/wp-content\\\/uploads\\\/tribunal_de_justicia-de-la-UE.jpeg\",\"keywords\":[\"newslette 450\",\"noticia de portada\"],\"articleSection\":[\"Noticias sobre el Mercado Hipotecario\"],\"inLanguage\":\"es\",\"potentialAction\":[{\"@type\":\"CommentAction\",\"name\":\"Comment\",\"target\":[\"https:\\\/\\\/www.aquimicasa.net\\\/blog\\\/hipotecas\\\/noticias-sobre-el-mercado-hipotecario\\\/nueva-cuestion-prejudicial-por-la-comision-de-apertura\\\/#respond\"]}]},{\"@type\":\"WebPage\",\"@id\":\"https:\\\/\\\/www.aquimicasa.net\\\/blog\\\/hipotecas\\\/noticias-sobre-el-mercado-hipotecario\\\/nueva-cuestion-prejudicial-por-la-comision-de-apertura\\\/\",\"url\":\"https:\\\/\\\/www.aquimicasa.net\\\/blog\\\/hipotecas\\\/noticias-sobre-el-mercado-hipotecario\\\/nueva-cuestion-prejudicial-por-la-comision-de-apertura\\\/\",\"name\":\"Nueva cuesti\u00f3n prejudicial por la comisi\u00f3n de apertura\",\"isPartOf\":{\"@id\":\"https:\\\/\\\/www.aquimicasa.net\\\/blog\\\/#website\"},\"primaryImageOfPage\":{\"@id\":\"https:\\\/\\\/www.aquimicasa.net\\\/blog\\\/hipotecas\\\/noticias-sobre-el-mercado-hipotecario\\\/nueva-cuestion-prejudicial-por-la-comision-de-apertura\\\/#primaryimage\"},\"image\":{\"@id\":\"https:\\\/\\\/www.aquimicasa.net\\\/blog\\\/hipotecas\\\/noticias-sobre-el-mercado-hipotecario\\\/nueva-cuestion-prejudicial-por-la-comision-de-apertura\\\/#primaryimage\"},\"thumbnailUrl\":\"https:\\\/\\\/www.aquimicasa.net\\\/blog\\\/wp-content\\\/uploads\\\/tribunal_de_justicia-de-la-UE.jpeg\",\"datePublished\":\"2024-02-24T23:17:00+00:00\",\"description\":\"El Juzgado de Primera Instancia n\u00famero 6 de Ceuta eleva una cuesti\u00f3n prejudicial al Tribunal de Justicia de la UE por la comisi\u00f3n de apertura\",\"breadcrumb\":{\"@id\":\"https:\\\/\\\/www.aquimicasa.net\\\/blog\\\/hipotecas\\\/noticias-sobre-el-mercado-hipotecario\\\/nueva-cuestion-prejudicial-por-la-comision-de-apertura\\\/#breadcrumb\"},\"inLanguage\":\"es\",\"potentialAction\":[{\"@type\":\"ReadAction\",\"target\":[\"https:\\\/\\\/www.aquimicasa.net\\\/blog\\\/hipotecas\\\/noticias-sobre-el-mercado-hipotecario\\\/nueva-cuestion-prejudicial-por-la-comision-de-apertura\\\/\"]}]},{\"@type\":\"ImageObject\",\"inLanguage\":\"es\",\"@id\":\"https:\\\/\\\/www.aquimicasa.net\\\/blog\\\/hipotecas\\\/noticias-sobre-el-mercado-hipotecario\\\/nueva-cuestion-prejudicial-por-la-comision-de-apertura\\\/#primaryimage\",\"url\":\"https:\\\/\\\/www.aquimicasa.net\\\/blog\\\/wp-content\\\/uploads\\\/tribunal_de_justicia-de-la-UE.jpeg\",\"contentUrl\":\"https:\\\/\\\/www.aquimicasa.net\\\/blog\\\/wp-content\\\/uploads\\\/tribunal_de_justicia-de-la-UE.jpeg\",\"width\":800,\"height\":450,\"caption\":\"La nueva sentencia del TJUE da un vuelco al IRPH\"},{\"@type\":\"BreadcrumbList\",\"@id\":\"https:\\\/\\\/www.aquimicasa.net\\\/blog\\\/hipotecas\\\/noticias-sobre-el-mercado-hipotecario\\\/nueva-cuestion-prejudicial-por-la-comision-de-apertura\\\/#breadcrumb\",\"itemListElement\":[{\"@type\":\"ListItem\",\"position\":1,\"name\":\"Portada\",\"item\":\"https:\\\/\\\/www.aquimicasa.net\\\/blog\\\/\"},{\"@type\":\"ListItem\",\"position\":2,\"name\":\"Nueva cuesti\u00f3n prejudicial por la comisi\u00f3n de apertura\"}]},{\"@type\":\"WebSite\",\"@id\":\"https:\\\/\\\/www.aquimicasa.net\\\/blog\\\/#website\",\"url\":\"https:\\\/\\\/www.aquimicasa.net\\\/blog\\\/\",\"name\":\"Blog de aquimicasa.net\",\"description\":\"Noticias del Mundo Inmobiliario\",\"publisher\":{\"@id\":\"https:\\\/\\\/www.aquimicasa.net\\\/blog\\\/#organization\"},\"potentialAction\":[{\"@type\":\"SearchAction\",\"target\":{\"@type\":\"EntryPoint\",\"urlTemplate\":\"https:\\\/\\\/www.aquimicasa.net\\\/blog\\\/?s={search_term_string}\"},\"query-input\":{\"@type\":\"PropertyValueSpecification\",\"valueRequired\":true,\"valueName\":\"search_term_string\"}}],\"inLanguage\":\"es\"},{\"@type\":\"Organization\",\"@id\":\"https:\\\/\\\/www.aquimicasa.net\\\/blog\\\/#organization\",\"name\":\"Blog de aquimicasa.net\",\"url\":\"https:\\\/\\\/www.aquimicasa.net\\\/blog\\\/\",\"logo\":{\"@type\":\"ImageObject\",\"inLanguage\":\"es\",\"@id\":\"https:\\\/\\\/www.aquimicasa.net\\\/blog\\\/#\\\/schema\\\/logo\\\/image\\\/\",\"url\":\"https:\\\/\\\/www.aquimicasa.net\\\/blog\\\/wp-content\\\/uploads\\\/Logo-aquimicasa-1-e1528048213782.png\",\"contentUrl\":\"https:\\\/\\\/www.aquimicasa.net\\\/blog\\\/wp-content\\\/uploads\\\/Logo-aquimicasa-1-e1528048213782.png\",\"width\":225,\"height\":225,\"caption\":\"Blog de aquimicasa.net\"},\"image\":{\"@id\":\"https:\\\/\\\/www.aquimicasa.net\\\/blog\\\/#\\\/schema\\\/logo\\\/image\\\/\"},\"sameAs\":[\"https:\\\/\\\/www.facebook.com\\\/aquimicasa.net\",\"https:\\\/\\\/www.instagram.com\\\/\",\"https:\\\/\\\/x.com\\\/EduLizarragaD\",\"https:\\\/\\\/www.linkedin.com\\\/feed\\\/\"]},{\"@type\":\"Person\",\"@id\":\"https:\\\/\\\/www.aquimicasa.net\\\/blog\\\/#\\\/schema\\\/person\\\/2cdfa2605534583395c8d7ce1d6cac14\",\"name\":\"Eduardo Lizarraga\",\"image\":{\"@type\":\"ImageObject\",\"inLanguage\":\"es\",\"@id\":\"https:\\\/\\\/secure.gravatar.com\\\/avatar\\\/bdabe1eeeed97b65a9cb7de2edd624b07995f7e13abc5fead15961f745f908cc?s=96&d=mm&r=g\",\"url\":\"https:\\\/\\\/secure.gravatar.com\\\/avatar\\\/bdabe1eeeed97b65a9cb7de2edd624b07995f7e13abc5fead15961f745f908cc?s=96&d=mm&r=g\",\"contentUrl\":\"https:\\\/\\\/secure.gravatar.com\\\/avatar\\\/bdabe1eeeed97b65a9cb7de2edd624b07995f7e13abc5fead15961f745f908cc?s=96&d=mm&r=g\",\"caption\":\"Eduardo Lizarraga\"},\"description\":\"Periodista Econ\u00f3mico. Ha trabajado en diversos campos de la informaci\u00f3n. Corresponsal en conflictos, analista pol\u00edtico en Congreso y Senado, periodista del medio ambiente, editor, director editorial, director de comunicaci\u00f3n.... En estos momentos se ha especializado en el sector inmobiliario. Pero tambi\u00e9n es navegante y viajero, preocupado por la pobreza, el medio ambiente y por las actuaciones descontroladas del neoliberalismo empresarial y pol\u00edtico en todo el mundo. Los desahucios, la pobreza infantil y la falta de acceso a los suministros b\u00e1sicos son algunos de los grandes dramas de nuestra sociedad y que es preciso solucionar para hacerla m\u00e1s justa. CEO en www.aquimicasa.net\",\"sameAs\":[\"https:\\\/\\\/www.aquimicasa.net\\\/\"],\"url\":\"https:\\\/\\\/www.aquimicasa.net\\\/blog\\\/author\\\/eduardo\\\/\"}]}<\/script>\n<!-- \/ Yoast SEO plugin. -->","yoast_head_json":{"title":"Nueva cuesti\u00f3n prejudicial por la comisi\u00f3n de apertura","description":"El Juzgado de Primera Instancia n\u00famero 6 de Ceuta eleva una cuesti\u00f3n prejudicial al Tribunal de Justicia de la UE por la comisi\u00f3n de apertura","robots":{"index":"index","follow":"follow","max-snippet":"max-snippet:-1","max-image-preview":"max-image-preview:large","max-video-preview":"max-video-preview:-1"},"canonical":"https:\/\/www.aquimicasa.net\/blog\/hipotecas\/noticias-sobre-el-mercado-hipotecario\/nueva-cuestion-prejudicial-por-la-comision-de-apertura\/","og_locale":"es_ES","og_type":"article","og_title":"Nueva cuesti\u00f3n prejudicial por la comisi\u00f3n de apertura","og_description":"El Juzgado de Primera Instancia n\u00famero 6 de Ceuta eleva una cuesti\u00f3n prejudicial al Tribunal de Justicia de la UE por la comisi\u00f3n de apertura","og_url":"https:\/\/www.aquimicasa.net\/blog\/hipotecas\/noticias-sobre-el-mercado-hipotecario\/nueva-cuestion-prejudicial-por-la-comision-de-apertura\/","og_site_name":"Blog de aquimicasa.net","article_publisher":"https:\/\/www.facebook.com\/aquimicasa.net","article_published_time":"2024-02-24T23:17:00+00:00","og_image":[{"width":800,"height":450,"url":"https:\/\/www.aquimicasa.net\/blog\/wp-content\/uploads\/tribunal_de_justicia-de-la-UE.jpeg","type":"image\/jpeg"}],"author":"Eduardo Lizarraga","twitter_misc":{"Escrito por":"Eduardo Lizarraga","Tiempo de lectura":"3 minutos"},"schema":{"@context":"https:\/\/schema.org","@graph":[{"@type":"Article","@id":"https:\/\/www.aquimicasa.net\/blog\/hipotecas\/noticias-sobre-el-mercado-hipotecario\/nueva-cuestion-prejudicial-por-la-comision-de-apertura\/#article","isPartOf":{"@id":"https:\/\/www.aquimicasa.net\/blog\/hipotecas\/noticias-sobre-el-mercado-hipotecario\/nueva-cuestion-prejudicial-por-la-comision-de-apertura\/"},"author":{"name":"Eduardo Lizarraga","@id":"https:\/\/www.aquimicasa.net\/blog\/#\/schema\/person\/2cdfa2605534583395c8d7ce1d6cac14"},"headline":"Nueva cuesti\u00f3n prejudicial por la comisi\u00f3n de apertura","datePublished":"2024-02-24T23:17:00+00:00","mainEntityOfPage":{"@id":"https:\/\/www.aquimicasa.net\/blog\/hipotecas\/noticias-sobre-el-mercado-hipotecario\/nueva-cuestion-prejudicial-por-la-comision-de-apertura\/"},"wordCount":788,"commentCount":0,"publisher":{"@id":"https:\/\/www.aquimicasa.net\/blog\/#organization"},"image":{"@id":"https:\/\/www.aquimicasa.net\/blog\/hipotecas\/noticias-sobre-el-mercado-hipotecario\/nueva-cuestion-prejudicial-por-la-comision-de-apertura\/#primaryimage"},"thumbnailUrl":"https:\/\/www.aquimicasa.net\/blog\/wp-content\/uploads\/tribunal_de_justicia-de-la-UE.jpeg","keywords":["newslette 450","noticia de portada"],"articleSection":["Noticias sobre el Mercado Hipotecario"],"inLanguage":"es","potentialAction":[{"@type":"CommentAction","name":"Comment","target":["https:\/\/www.aquimicasa.net\/blog\/hipotecas\/noticias-sobre-el-mercado-hipotecario\/nueva-cuestion-prejudicial-por-la-comision-de-apertura\/#respond"]}]},{"@type":"WebPage","@id":"https:\/\/www.aquimicasa.net\/blog\/hipotecas\/noticias-sobre-el-mercado-hipotecario\/nueva-cuestion-prejudicial-por-la-comision-de-apertura\/","url":"https:\/\/www.aquimicasa.net\/blog\/hipotecas\/noticias-sobre-el-mercado-hipotecario\/nueva-cuestion-prejudicial-por-la-comision-de-apertura\/","name":"Nueva cuesti\u00f3n prejudicial por la comisi\u00f3n de apertura","isPartOf":{"@id":"https:\/\/www.aquimicasa.net\/blog\/#website"},"primaryImageOfPage":{"@id":"https:\/\/www.aquimicasa.net\/blog\/hipotecas\/noticias-sobre-el-mercado-hipotecario\/nueva-cuestion-prejudicial-por-la-comision-de-apertura\/#primaryimage"},"image":{"@id":"https:\/\/www.aquimicasa.net\/blog\/hipotecas\/noticias-sobre-el-mercado-hipotecario\/nueva-cuestion-prejudicial-por-la-comision-de-apertura\/#primaryimage"},"thumbnailUrl":"https:\/\/www.aquimicasa.net\/blog\/wp-content\/uploads\/tribunal_de_justicia-de-la-UE.jpeg","datePublished":"2024-02-24T23:17:00+00:00","description":"El Juzgado de Primera Instancia n\u00famero 6 de Ceuta eleva una cuesti\u00f3n prejudicial al Tribunal de Justicia de la UE por la comisi\u00f3n de apertura","breadcrumb":{"@id":"https:\/\/www.aquimicasa.net\/blog\/hipotecas\/noticias-sobre-el-mercado-hipotecario\/nueva-cuestion-prejudicial-por-la-comision-de-apertura\/#breadcrumb"},"inLanguage":"es","potentialAction":[{"@type":"ReadAction","target":["https:\/\/www.aquimicasa.net\/blog\/hipotecas\/noticias-sobre-el-mercado-hipotecario\/nueva-cuestion-prejudicial-por-la-comision-de-apertura\/"]}]},{"@type":"ImageObject","inLanguage":"es","@id":"https:\/\/www.aquimicasa.net\/blog\/hipotecas\/noticias-sobre-el-mercado-hipotecario\/nueva-cuestion-prejudicial-por-la-comision-de-apertura\/#primaryimage","url":"https:\/\/www.aquimicasa.net\/blog\/wp-content\/uploads\/tribunal_de_justicia-de-la-UE.jpeg","contentUrl":"https:\/\/www.aquimicasa.net\/blog\/wp-content\/uploads\/tribunal_de_justicia-de-la-UE.jpeg","width":800,"height":450,"caption":"La nueva sentencia del TJUE da un vuelco al IRPH"},{"@type":"BreadcrumbList","@id":"https:\/\/www.aquimicasa.net\/blog\/hipotecas\/noticias-sobre-el-mercado-hipotecario\/nueva-cuestion-prejudicial-por-la-comision-de-apertura\/#breadcrumb","itemListElement":[{"@type":"ListItem","position":1,"name":"Portada","item":"https:\/\/www.aquimicasa.net\/blog\/"},{"@type":"ListItem","position":2,"name":"Nueva cuesti\u00f3n prejudicial por la comisi\u00f3n de apertura"}]},{"@type":"WebSite","@id":"https:\/\/www.aquimicasa.net\/blog\/#website","url":"https:\/\/www.aquimicasa.net\/blog\/","name":"Blog de aquimicasa.net","description":"Noticias del Mundo Inmobiliario","publisher":{"@id":"https:\/\/www.aquimicasa.net\/blog\/#organization"},"potentialAction":[{"@type":"SearchAction","target":{"@type":"EntryPoint","urlTemplate":"https:\/\/www.aquimicasa.net\/blog\/?s={search_term_string}"},"query-input":{"@type":"PropertyValueSpecification","valueRequired":true,"valueName":"search_term_string"}}],"inLanguage":"es"},{"@type":"Organization","@id":"https:\/\/www.aquimicasa.net\/blog\/#organization","name":"Blog de aquimicasa.net","url":"https:\/\/www.aquimicasa.net\/blog\/","logo":{"@type":"ImageObject","inLanguage":"es","@id":"https:\/\/www.aquimicasa.net\/blog\/#\/schema\/logo\/image\/","url":"https:\/\/www.aquimicasa.net\/blog\/wp-content\/uploads\/Logo-aquimicasa-1-e1528048213782.png","contentUrl":"https:\/\/www.aquimicasa.net\/blog\/wp-content\/uploads\/Logo-aquimicasa-1-e1528048213782.png","width":225,"height":225,"caption":"Blog de aquimicasa.net"},"image":{"@id":"https:\/\/www.aquimicasa.net\/blog\/#\/schema\/logo\/image\/"},"sameAs":["https:\/\/www.facebook.com\/aquimicasa.net","https:\/\/www.instagram.com\/","https:\/\/x.com\/EduLizarragaD","https:\/\/www.linkedin.com\/feed\/"]},{"@type":"Person","@id":"https:\/\/www.aquimicasa.net\/blog\/#\/schema\/person\/2cdfa2605534583395c8d7ce1d6cac14","name":"Eduardo Lizarraga","image":{"@type":"ImageObject","inLanguage":"es","@id":"https:\/\/secure.gravatar.com\/avatar\/bdabe1eeeed97b65a9cb7de2edd624b07995f7e13abc5fead15961f745f908cc?s=96&d=mm&r=g","url":"https:\/\/secure.gravatar.com\/avatar\/bdabe1eeeed97b65a9cb7de2edd624b07995f7e13abc5fead15961f745f908cc?s=96&d=mm&r=g","contentUrl":"https:\/\/secure.gravatar.com\/avatar\/bdabe1eeeed97b65a9cb7de2edd624b07995f7e13abc5fead15961f745f908cc?s=96&d=mm&r=g","caption":"Eduardo Lizarraga"},"description":"Periodista Econ\u00f3mico. Ha trabajado en diversos campos de la informaci\u00f3n. Corresponsal en conflictos, analista pol\u00edtico en Congreso y Senado, periodista del medio ambiente, editor, director editorial, director de comunicaci\u00f3n.... En estos momentos se ha especializado en el sector inmobiliario. Pero tambi\u00e9n es navegante y viajero, preocupado por la pobreza, el medio ambiente y por las actuaciones descontroladas del neoliberalismo empresarial y pol\u00edtico en todo el mundo. Los desahucios, la pobreza infantil y la falta de acceso a los suministros b\u00e1sicos son algunos de los grandes dramas de nuestra sociedad y que es preciso solucionar para hacerla m\u00e1s justa. CEO en www.aquimicasa.net","sameAs":["https:\/\/www.aquimicasa.net\/"],"url":"https:\/\/www.aquimicasa.net\/blog\/author\/eduardo\/"}]}},"jetpack_publicize_connections":[],"jetpack_featured_media_url":"https:\/\/www.aquimicasa.net\/blog\/wp-content\/uploads\/tribunal_de_justicia-de-la-UE.jpeg","jetpack_sharing_enabled":true,"jetpack_likes_enabled":true,"_links":{"self":[{"href":"https:\/\/www.aquimicasa.net\/blog\/wp-json\/wp\/v2\/posts\/46967","targetHints":{"allow":["GET"]}}],"collection":[{"href":"https:\/\/www.aquimicasa.net\/blog\/wp-json\/wp\/v2\/posts"}],"about":[{"href":"https:\/\/www.aquimicasa.net\/blog\/wp-json\/wp\/v2\/types\/post"}],"author":[{"embeddable":true,"href":"https:\/\/www.aquimicasa.net\/blog\/wp-json\/wp\/v2\/users\/3"}],"replies":[{"embeddable":true,"href":"https:\/\/www.aquimicasa.net\/blog\/wp-json\/wp\/v2\/comments?post=46967"}],"version-history":[{"count":4,"href":"https:\/\/www.aquimicasa.net\/blog\/wp-json\/wp\/v2\/posts\/46967\/revisions"}],"predecessor-version":[{"id":46971,"href":"https:\/\/www.aquimicasa.net\/blog\/wp-json\/wp\/v2\/posts\/46967\/revisions\/46971"}],"wp:featuredmedia":[{"embeddable":true,"href":"https:\/\/www.aquimicasa.net\/blog\/wp-json\/wp\/v2\/media\/44896"}],"wp:attachment":[{"href":"https:\/\/www.aquimicasa.net\/blog\/wp-json\/wp\/v2\/media?parent=46967"}],"wp:term":[{"taxonomy":"category","embeddable":true,"href":"https:\/\/www.aquimicasa.net\/blog\/wp-json\/wp\/v2\/categories?post=46967"},{"taxonomy":"post_tag","embeddable":true,"href":"https:\/\/www.aquimicasa.net\/blog\/wp-json\/wp\/v2\/tags?post=46967"}],"curies":[{"name":"wp","href":"https:\/\/api.w.org\/{rel}","templated":true}]}}