{"id":47045,"date":"2024-03-05T20:37:43","date_gmt":"2024-03-05T19:37:43","guid":{"rendered":"https:\/\/www.aquimicasa.net\/blog\/?p=47045"},"modified":"2024-03-05T20:37:43","modified_gmt":"2024-03-05T19:37:43","slug":"los-proximos-movimientos-del-euribor-definiran-el-inmobiliario","status":"publish","type":"post","link":"https:\/\/www.aquimicasa.net\/blog\/economia\/credito-hipotecario\/los-proximos-movimientos-del-euribor-definiran-el-inmobiliario\/","title":{"rendered":"Los pr\u00f3ximos movimientos del Eur\u00edbor definir\u00e1n el inmobiliario"},"content":{"rendered":"<div class=\"fusion-fullwidth fullwidth-box fusion-builder-row-1 fusion-flex-container nonhundred-percent-fullwidth non-hundred-percent-height-scrolling\" style=\"background-color: rgba(255,255,255,0);background-position: center center;background-repeat: no-repeat;border-width: 0px 0px 0px 0px;border-color:#eae9e9;border-style:solid;\" ><div class=\"fusion-builder-row fusion-row fusion-flex-align-items-flex-start\" style=\"max-width:1144px;margin-left: calc(-4% \/ 2 );margin-right: calc(-4% \/ 2 );\"><div class=\"fusion-layout-column fusion_builder_column fusion-builder-column-0 fusion_builder_column_1_1 1_1 fusion-flex-column\"><div class=\"fusion-column-wrapper fusion-flex-justify-content-flex-start fusion-content-layout-column\" style=\"background-position:left top;background-repeat:no-repeat;-webkit-background-size:cover;-moz-background-size:cover;-o-background-size:cover;background-size:cover;padding: 0px 0px 0px 0px;\"><div class=\"fusion-text fusion-text-1\"><section class=\"elementor-section elementor-top-section elementor-element elementor-element-b4e101d elementor-section-boxed elementor-section-height-default elementor-section-height-default\" data-id=\"b4e101d\" data-element_type=\"section\">\n<div class=\"elementor-container elementor-column-gap-default\">\n<div class=\"elementor-column elementor-col-100 elementor-top-column elementor-element elementor-element-302c568\" data-id=\"302c568\" data-element_type=\"column\">\n<div class=\"elementor-widget-wrap elementor-element-populated\">\n<div class=\"elementor-element elementor-element-596ea6a elementor-widget__width-initial elementor-widget elementor-widget-text-editor\" data-id=\"596ea6a\" data-element_type=\"widget\" data-widget_type=\"text-editor.default\">\n<div class=\"elementor-widget-container\">\n<p>Esperando a que el pr\u00f3ximo d\u00eda 7 tenga lugar <strong>la reuni\u00f3n del BCE<\/strong>, con Christine Lagarde a la cabeza, no para que nos baje el precio del dinero, que ya sabemos que conociendo su mesi\u00e1nico mandato ser\u00e1 que no, sino para que de alguna pista para lo que pasar\u00e1 en los pr\u00f3ximos meses, los hipotecados contin\u00faan sin sabe a qu\u00e9 atenerse y es que a pesar de que el \u00edndice hipotecario realiz\u00f3 un t\u00edmido movimiento a la baja desde finales de diciembre, <strong>el Eur\u00edbor est\u00e1 volviendo a repuntar desde febrero<\/strong>.<\/p>\n<h2><strong>El Eur\u00edbor debiera terminar el mes alrededor del 3,4%<\/strong><\/h2>\n<p>El Euribor, que se fija por la media de los tipos a los que un grupo de 19 bancos de la eurozona est\u00e1n dispuestos a prestarse dinero entre s\u00ed en el mercado interbancario,\u00a0 cerr\u00f3 febrero en el 3,671%, con un ligero repunte con relaci\u00f3n a enero, en el 3,609%, y esto parece anticiparnos un descenso a lo largo del a\u00f1o, que de seguro no tendr\u00e1 nada que ver con el tourmalet de subidas que vivi\u00f3 a los largo del 2022 y el 23. Es culpa de esta peque\u00f1a subida de febrero por la\u00a0 que <strong>los hipotecados con revisi\u00f3n anual no ver\u00e1n bajar su cuota hipotecaria<\/strong>.<\/p>\n<p>Para decirlo de forma m\u00e1s clara, solo los que tengan una revisi\u00f3n semestral tendr\u00e1 una peque\u00f1a alegr\u00eda con un descenso de su cuota que podr\u00eda superar los 40 euros al mes para una hipoteca a 150.000 euros a 25 a\u00f1os.<\/p>\n<p>En la \u00faltima reuni\u00f3n de pol\u00edtica monetaria, celebrada el 25 de enero, el BCE mantuvo sus tipos de inter\u00e9s oficiales por tercera vez (consecutiva) desde el 21 de julio de 2022. Dependiendo de lo que nos adelante Lagarde el pr\u00f3ximo d\u00eda 7, que con el descenso de la inflaci\u00f3n se lo debe estar pensando, <strong>el eur\u00edbor de marzo debiera ir a la baja<\/strong> y cerrar el mes algo por encima del 3,4%. De esta manera y con los empujones que le supondr\u00e1n las bajadas que se esperan en los pr\u00f3ximos meses, debiera <strong>terminar el a\u00f1o alrededor del 2,6%<\/strong>.<\/p>\n<\/div>\n<\/div>\n<\/div>\n<\/div>\n<\/div>\n<\/section>\n<section class=\"elementor-section elementor-top-section elementor-element elementor-element-df1ed64 elementor-section-boxed elementor-section-height-default elementor-section-height-default\" data-id=\"df1ed64\" data-element_type=\"section\">\n<div class=\"elementor-container elementor-column-gap-default\">\n<div class=\"elementor-column elementor-col-100 elementor-top-column elementor-element elementor-element-f3a9067\" data-id=\"f3a9067\" data-element_type=\"column\">\n<div class=\"elementor-widget-wrap elementor-element-populated\">\n<div class=\"elementor-element elementor-element-7f83ebe elementor-widget elementor-widget-text-editor\" data-id=\"7f83ebe\" data-element_type=\"widget\" data-widget_type=\"text-editor.default\">\n<div class=\"elementor-widget-container\">\n<p data-reader-unique-id=\"30\">\n<\/div>\n<\/div>\n<\/div>\n<\/div>\n<\/div>\n<\/section>\n<\/div><\/div><style type=\"text\/css\">.fusion-body .fusion-builder-column-0{width:100% !important;margin-top : 0px;margin-bottom : 0px;}.fusion-builder-column-0 > .fusion-column-wrapper {padding-top : 0px !important;padding-right : 0px !important;margin-right : 1.92%;padding-bottom : 0px !important;padding-left : 0px !important;margin-left : 1.92%;}@media only screen and (max-width:1024px) {.fusion-body .fusion-builder-column-0{width:100% !important;}.fusion-builder-column-0 > .fusion-column-wrapper {margin-right : 1.92%;margin-left : 1.92%;}}@media only screen and (max-width:640px) {.fusion-body .fusion-builder-column-0{width:100% !important;}.fusion-builder-column-0 > .fusion-column-wrapper {margin-right : 1.92%;margin-left : 1.92%;}}<\/style><\/div><\/div><style type=\"text\/css\">.fusion-body .fusion-flex-container.fusion-builder-row-1{ padding-top : 0px;margin-top : 0px;padding-right : 0px;padding-bottom : 0px;margin-bottom : 0px;padding-left : 0px;}<\/style><\/div>\n","protected":false},"excerpt":{"rendered":"<p>Dependiendo de lo que nos adelante Lagarde el pr\u00f3ximo d\u00eda 7, que con el descenso de la inflaci\u00f3n se lo debe estar pensando, el eur\u00edbor de marzo debiera ir a la baja y cerrar el mes algo por encima del 3,4%<\/p>\n","protected":false},"author":3,"featured_media":15325,"comment_status":"open","ping_status":"closed","sticky":false,"template":"","format":"standard","meta":{"_jetpack_memberships_contains_paid_content":false,"footnotes":"","jetpack_publicize_message":"","jetpack_publicize_feature_enabled":true,"jetpack_social_post_already_shared":false,"jetpack_social_options":{"image_generator_settings":{"template":"highway","default_image_id":0,"font":"","enabled":false},"version":2}},"categories":[43],"tags":[8157,7568],"class_list":["post-47045","post","type-post","status-publish","format-standard","has-post-thumbnail","hentry","category-credito-hipotecario","tag-newsletter-451","tag-noticia-de-portada"],"yoast_head":"<!-- This site is optimized with the Yoast SEO plugin v28.2 - https:\/\/yoast.com\/product\/yoast-seo-wordpress\/ -->\n<title>Los pr\u00f3ximos movimientos del Eur\u00edbor definir\u00e1n el inmobiliario<\/title>\n<meta name=\"description\" content=\"Con la peque\u00f1a subida del Eur\u00edbor en febrero los hipotecados con revisi\u00f3n anual no ver\u00e1n bajar su cuota hipotecaria\" \/>\n<meta name=\"robots\" content=\"index, follow, max-snippet:-1, max-image-preview:large, max-video-preview:-1\" \/>\n<link rel=\"canonical\" href=\"https:\/\/www.aquimicasa.net\/blog\/economia\/credito-hipotecario\/los-proximos-movimientos-del-euribor-definiran-el-inmobiliario\/\" \/>\n<meta property=\"og:locale\" content=\"es_ES\" \/>\n<meta property=\"og:type\" content=\"article\" \/>\n<meta property=\"og:title\" content=\"Los pr\u00f3ximos movimientos del Eur\u00edbor definir\u00e1n el inmobiliario\" \/>\n<meta property=\"og:description\" content=\"Con la peque\u00f1a subida del Eur\u00edbor en febrero los hipotecados con revisi\u00f3n anual no ver\u00e1n bajar su cuota hipotecaria\" \/>\n<meta property=\"og:url\" content=\"https:\/\/www.aquimicasa.net\/blog\/economia\/credito-hipotecario\/los-proximos-movimientos-del-euribor-definiran-el-inmobiliario\/\" \/>\n<meta property=\"og:site_name\" content=\"Blog de aquimicasa.net\" \/>\n<meta property=\"article:publisher\" content=\"https:\/\/www.facebook.com\/aquimicasa.net\" \/>\n<meta property=\"article:published_time\" content=\"2024-03-05T19:37:43+00:00\" \/>\n<meta property=\"og:image\" content=\"https:\/\/www.aquimicasa.net\/blog\/wp-content\/uploads\/taxe-fonciere-1.jpg\" \/>\n\t<meta property=\"og:image:width\" content=\"300\" \/>\n\t<meta property=\"og:image:height\" content=\"225\" \/>\n\t<meta property=\"og:image:type\" content=\"image\/jpeg\" \/>\n<meta name=\"author\" content=\"Eduardo Lizarraga\" \/>\n<meta name=\"twitter:label1\" content=\"Escrito por\" \/>\n\t<meta name=\"twitter:data1\" content=\"Eduardo Lizarraga\" \/>\n\t<meta name=\"twitter:label2\" content=\"Tiempo de lectura\" \/>\n\t<meta name=\"twitter:data2\" content=\"2 minutos\" \/>\n<script type=\"application\/ld+json\" class=\"yoast-schema-graph\">{\"@context\":\"https:\\\/\\\/schema.org\",\"@graph\":[{\"@type\":\"Article\",\"@id\":\"https:\\\/\\\/www.aquimicasa.net\\\/blog\\\/economia\\\/credito-hipotecario\\\/los-proximos-movimientos-del-euribor-definiran-el-inmobiliario\\\/#article\",\"isPartOf\":{\"@id\":\"https:\\\/\\\/www.aquimicasa.net\\\/blog\\\/economia\\\/credito-hipotecario\\\/los-proximos-movimientos-del-euribor-definiran-el-inmobiliario\\\/\"},\"author\":{\"name\":\"Eduardo Lizarraga\",\"@id\":\"https:\\\/\\\/www.aquimicasa.net\\\/blog\\\/#\\\/schema\\\/person\\\/2cdfa2605534583395c8d7ce1d6cac14\"},\"headline\":\"Los pr\u00f3ximos movimientos del Eur\u00edbor definir\u00e1n el inmobiliario\",\"datePublished\":\"2024-03-05T19:37:43+00:00\",\"mainEntityOfPage\":{\"@id\":\"https:\\\/\\\/www.aquimicasa.net\\\/blog\\\/economia\\\/credito-hipotecario\\\/los-proximos-movimientos-del-euribor-definiran-el-inmobiliario\\\/\"},\"wordCount\":607,\"commentCount\":0,\"publisher\":{\"@id\":\"https:\\\/\\\/www.aquimicasa.net\\\/blog\\\/#organization\"},\"image\":{\"@id\":\"https:\\\/\\\/www.aquimicasa.net\\\/blog\\\/economia\\\/credito-hipotecario\\\/los-proximos-movimientos-del-euribor-definiran-el-inmobiliario\\\/#primaryimage\"},\"thumbnailUrl\":\"https:\\\/\\\/www.aquimicasa.net\\\/blog\\\/wp-content\\\/uploads\\\/taxe-fonciere-1.jpg\",\"keywords\":[\"newsletter 451\",\"noticia de portada\"],\"articleSection\":[\"Cr\u00e9dito hipotecario\"],\"inLanguage\":\"es\",\"potentialAction\":[{\"@type\":\"CommentAction\",\"name\":\"Comment\",\"target\":[\"https:\\\/\\\/www.aquimicasa.net\\\/blog\\\/economia\\\/credito-hipotecario\\\/los-proximos-movimientos-del-euribor-definiran-el-inmobiliario\\\/#respond\"]}]},{\"@type\":\"WebPage\",\"@id\":\"https:\\\/\\\/www.aquimicasa.net\\\/blog\\\/economia\\\/credito-hipotecario\\\/los-proximos-movimientos-del-euribor-definiran-el-inmobiliario\\\/\",\"url\":\"https:\\\/\\\/www.aquimicasa.net\\\/blog\\\/economia\\\/credito-hipotecario\\\/los-proximos-movimientos-del-euribor-definiran-el-inmobiliario\\\/\",\"name\":\"Los pr\u00f3ximos movimientos del Eur\u00edbor definir\u00e1n el inmobiliario\",\"isPartOf\":{\"@id\":\"https:\\\/\\\/www.aquimicasa.net\\\/blog\\\/#website\"},\"primaryImageOfPage\":{\"@id\":\"https:\\\/\\\/www.aquimicasa.net\\\/blog\\\/economia\\\/credito-hipotecario\\\/los-proximos-movimientos-del-euribor-definiran-el-inmobiliario\\\/#primaryimage\"},\"image\":{\"@id\":\"https:\\\/\\\/www.aquimicasa.net\\\/blog\\\/economia\\\/credito-hipotecario\\\/los-proximos-movimientos-del-euribor-definiran-el-inmobiliario\\\/#primaryimage\"},\"thumbnailUrl\":\"https:\\\/\\\/www.aquimicasa.net\\\/blog\\\/wp-content\\\/uploads\\\/taxe-fonciere-1.jpg\",\"datePublished\":\"2024-03-05T19:37:43+00:00\",\"description\":\"Con la peque\u00f1a subida del Eur\u00edbor en febrero los hipotecados con revisi\u00f3n anual no ver\u00e1n bajar su cuota hipotecaria\",\"breadcrumb\":{\"@id\":\"https:\\\/\\\/www.aquimicasa.net\\\/blog\\\/economia\\\/credito-hipotecario\\\/los-proximos-movimientos-del-euribor-definiran-el-inmobiliario\\\/#breadcrumb\"},\"inLanguage\":\"es\",\"potentialAction\":[{\"@type\":\"ReadAction\",\"target\":[\"https:\\\/\\\/www.aquimicasa.net\\\/blog\\\/economia\\\/credito-hipotecario\\\/los-proximos-movimientos-del-euribor-definiran-el-inmobiliario\\\/\"]}]},{\"@type\":\"ImageObject\",\"inLanguage\":\"es\",\"@id\":\"https:\\\/\\\/www.aquimicasa.net\\\/blog\\\/economia\\\/credito-hipotecario\\\/los-proximos-movimientos-del-euribor-definiran-el-inmobiliario\\\/#primaryimage\",\"url\":\"https:\\\/\\\/www.aquimicasa.net\\\/blog\\\/wp-content\\\/uploads\\\/taxe-fonciere-1.jpg\",\"contentUrl\":\"https:\\\/\\\/www.aquimicasa.net\\\/blog\\\/wp-content\\\/uploads\\\/taxe-fonciere-1.jpg\",\"width\":300,\"height\":225,\"caption\":\"El Eur\u00edbor de abril baja las cuotas hipotecarias\"},{\"@type\":\"BreadcrumbList\",\"@id\":\"https:\\\/\\\/www.aquimicasa.net\\\/blog\\\/economia\\\/credito-hipotecario\\\/los-proximos-movimientos-del-euribor-definiran-el-inmobiliario\\\/#breadcrumb\",\"itemListElement\":[{\"@type\":\"ListItem\",\"position\":1,\"name\":\"Portada\",\"item\":\"https:\\\/\\\/www.aquimicasa.net\\\/blog\\\/\"},{\"@type\":\"ListItem\",\"position\":2,\"name\":\"Los pr\u00f3ximos movimientos del Eur\u00edbor definir\u00e1n el inmobiliario\"}]},{\"@type\":\"WebSite\",\"@id\":\"https:\\\/\\\/www.aquimicasa.net\\\/blog\\\/#website\",\"url\":\"https:\\\/\\\/www.aquimicasa.net\\\/blog\\\/\",\"name\":\"Blog de aquimicasa.net\",\"description\":\"Noticias del Mundo Inmobiliario\",\"publisher\":{\"@id\":\"https:\\\/\\\/www.aquimicasa.net\\\/blog\\\/#organization\"},\"potentialAction\":[{\"@type\":\"SearchAction\",\"target\":{\"@type\":\"EntryPoint\",\"urlTemplate\":\"https:\\\/\\\/www.aquimicasa.net\\\/blog\\\/?s={search_term_string}\"},\"query-input\":{\"@type\":\"PropertyValueSpecification\",\"valueRequired\":true,\"valueName\":\"search_term_string\"}}],\"inLanguage\":\"es\"},{\"@type\":\"Organization\",\"@id\":\"https:\\\/\\\/www.aquimicasa.net\\\/blog\\\/#organization\",\"name\":\"Blog de aquimicasa.net\",\"url\":\"https:\\\/\\\/www.aquimicasa.net\\\/blog\\\/\",\"logo\":{\"@type\":\"ImageObject\",\"inLanguage\":\"es\",\"@id\":\"https:\\\/\\\/www.aquimicasa.net\\\/blog\\\/#\\\/schema\\\/logo\\\/image\\\/\",\"url\":\"https:\\\/\\\/www.aquimicasa.net\\\/blog\\\/wp-content\\\/uploads\\\/Logo-aquimicasa-1-e1528048213782.png\",\"contentUrl\":\"https:\\\/\\\/www.aquimicasa.net\\\/blog\\\/wp-content\\\/uploads\\\/Logo-aquimicasa-1-e1528048213782.png\",\"width\":225,\"height\":225,\"caption\":\"Blog de aquimicasa.net\"},\"image\":{\"@id\":\"https:\\\/\\\/www.aquimicasa.net\\\/blog\\\/#\\\/schema\\\/logo\\\/image\\\/\"},\"sameAs\":[\"https:\\\/\\\/www.facebook.com\\\/aquimicasa.net\",\"https:\\\/\\\/www.instagram.com\\\/\",\"https:\\\/\\\/x.com\\\/EduLizarragaD\",\"https:\\\/\\\/www.linkedin.com\\\/feed\\\/\"]},{\"@type\":\"Person\",\"@id\":\"https:\\\/\\\/www.aquimicasa.net\\\/blog\\\/#\\\/schema\\\/person\\\/2cdfa2605534583395c8d7ce1d6cac14\",\"name\":\"Eduardo Lizarraga\",\"image\":{\"@type\":\"ImageObject\",\"inLanguage\":\"es\",\"@id\":\"https:\\\/\\\/secure.gravatar.com\\\/avatar\\\/bdabe1eeeed97b65a9cb7de2edd624b07995f7e13abc5fead15961f745f908cc?s=96&d=mm&r=g\",\"url\":\"https:\\\/\\\/secure.gravatar.com\\\/avatar\\\/bdabe1eeeed97b65a9cb7de2edd624b07995f7e13abc5fead15961f745f908cc?s=96&d=mm&r=g\",\"contentUrl\":\"https:\\\/\\\/secure.gravatar.com\\\/avatar\\\/bdabe1eeeed97b65a9cb7de2edd624b07995f7e13abc5fead15961f745f908cc?s=96&d=mm&r=g\",\"caption\":\"Eduardo Lizarraga\"},\"description\":\"Periodista Econ\u00f3mico. Ha trabajado en diversos campos de la informaci\u00f3n. Corresponsal en conflictos, analista pol\u00edtico en Congreso y Senado, periodista del medio ambiente, editor, director editorial, director de comunicaci\u00f3n.... En estos momentos se ha especializado en el sector inmobiliario. Pero tambi\u00e9n es navegante y viajero, preocupado por la pobreza, el medio ambiente y por las actuaciones descontroladas del neoliberalismo empresarial y pol\u00edtico en todo el mundo. Los desahucios, la pobreza infantil y la falta de acceso a los suministros b\u00e1sicos son algunos de los grandes dramas de nuestra sociedad y que es preciso solucionar para hacerla m\u00e1s justa. CEO en www.aquimicasa.net\",\"sameAs\":[\"https:\\\/\\\/www.aquimicasa.net\\\/\"],\"url\":\"https:\\\/\\\/www.aquimicasa.net\\\/blog\\\/author\\\/eduardo\\\/\"}]}<\/script>\n<!-- \/ Yoast SEO plugin. -->","yoast_head_json":{"title":"Los pr\u00f3ximos movimientos del Eur\u00edbor definir\u00e1n el inmobiliario","description":"Con la peque\u00f1a subida del Eur\u00edbor en febrero los hipotecados con revisi\u00f3n anual no ver\u00e1n bajar su cuota hipotecaria","robots":{"index":"index","follow":"follow","max-snippet":"max-snippet:-1","max-image-preview":"max-image-preview:large","max-video-preview":"max-video-preview:-1"},"canonical":"https:\/\/www.aquimicasa.net\/blog\/economia\/credito-hipotecario\/los-proximos-movimientos-del-euribor-definiran-el-inmobiliario\/","og_locale":"es_ES","og_type":"article","og_title":"Los pr\u00f3ximos movimientos del Eur\u00edbor definir\u00e1n el inmobiliario","og_description":"Con la peque\u00f1a subida del Eur\u00edbor en febrero los hipotecados con revisi\u00f3n anual no ver\u00e1n bajar su cuota hipotecaria","og_url":"https:\/\/www.aquimicasa.net\/blog\/economia\/credito-hipotecario\/los-proximos-movimientos-del-euribor-definiran-el-inmobiliario\/","og_site_name":"Blog de aquimicasa.net","article_publisher":"https:\/\/www.facebook.com\/aquimicasa.net","article_published_time":"2024-03-05T19:37:43+00:00","og_image":[{"width":300,"height":225,"url":"https:\/\/www.aquimicasa.net\/blog\/wp-content\/uploads\/taxe-fonciere-1.jpg","type":"image\/jpeg"}],"author":"Eduardo Lizarraga","twitter_misc":{"Escrito por":"Eduardo Lizarraga","Tiempo de lectura":"2 minutos"},"schema":{"@context":"https:\/\/schema.org","@graph":[{"@type":"Article","@id":"https:\/\/www.aquimicasa.net\/blog\/economia\/credito-hipotecario\/los-proximos-movimientos-del-euribor-definiran-el-inmobiliario\/#article","isPartOf":{"@id":"https:\/\/www.aquimicasa.net\/blog\/economia\/credito-hipotecario\/los-proximos-movimientos-del-euribor-definiran-el-inmobiliario\/"},"author":{"name":"Eduardo Lizarraga","@id":"https:\/\/www.aquimicasa.net\/blog\/#\/schema\/person\/2cdfa2605534583395c8d7ce1d6cac14"},"headline":"Los pr\u00f3ximos movimientos del Eur\u00edbor definir\u00e1n el inmobiliario","datePublished":"2024-03-05T19:37:43+00:00","mainEntityOfPage":{"@id":"https:\/\/www.aquimicasa.net\/blog\/economia\/credito-hipotecario\/los-proximos-movimientos-del-euribor-definiran-el-inmobiliario\/"},"wordCount":607,"commentCount":0,"publisher":{"@id":"https:\/\/www.aquimicasa.net\/blog\/#organization"},"image":{"@id":"https:\/\/www.aquimicasa.net\/blog\/economia\/credito-hipotecario\/los-proximos-movimientos-del-euribor-definiran-el-inmobiliario\/#primaryimage"},"thumbnailUrl":"https:\/\/www.aquimicasa.net\/blog\/wp-content\/uploads\/taxe-fonciere-1.jpg","keywords":["newsletter 451","noticia de portada"],"articleSection":["Cr\u00e9dito hipotecario"],"inLanguage":"es","potentialAction":[{"@type":"CommentAction","name":"Comment","target":["https:\/\/www.aquimicasa.net\/blog\/economia\/credito-hipotecario\/los-proximos-movimientos-del-euribor-definiran-el-inmobiliario\/#respond"]}]},{"@type":"WebPage","@id":"https:\/\/www.aquimicasa.net\/blog\/economia\/credito-hipotecario\/los-proximos-movimientos-del-euribor-definiran-el-inmobiliario\/","url":"https:\/\/www.aquimicasa.net\/blog\/economia\/credito-hipotecario\/los-proximos-movimientos-del-euribor-definiran-el-inmobiliario\/","name":"Los pr\u00f3ximos movimientos del Eur\u00edbor definir\u00e1n el inmobiliario","isPartOf":{"@id":"https:\/\/www.aquimicasa.net\/blog\/#website"},"primaryImageOfPage":{"@id":"https:\/\/www.aquimicasa.net\/blog\/economia\/credito-hipotecario\/los-proximos-movimientos-del-euribor-definiran-el-inmobiliario\/#primaryimage"},"image":{"@id":"https:\/\/www.aquimicasa.net\/blog\/economia\/credito-hipotecario\/los-proximos-movimientos-del-euribor-definiran-el-inmobiliario\/#primaryimage"},"thumbnailUrl":"https:\/\/www.aquimicasa.net\/blog\/wp-content\/uploads\/taxe-fonciere-1.jpg","datePublished":"2024-03-05T19:37:43+00:00","description":"Con la peque\u00f1a subida del Eur\u00edbor en febrero los hipotecados con revisi\u00f3n anual no ver\u00e1n bajar su cuota hipotecaria","breadcrumb":{"@id":"https:\/\/www.aquimicasa.net\/blog\/economia\/credito-hipotecario\/los-proximos-movimientos-del-euribor-definiran-el-inmobiliario\/#breadcrumb"},"inLanguage":"es","potentialAction":[{"@type":"ReadAction","target":["https:\/\/www.aquimicasa.net\/blog\/economia\/credito-hipotecario\/los-proximos-movimientos-del-euribor-definiran-el-inmobiliario\/"]}]},{"@type":"ImageObject","inLanguage":"es","@id":"https:\/\/www.aquimicasa.net\/blog\/economia\/credito-hipotecario\/los-proximos-movimientos-del-euribor-definiran-el-inmobiliario\/#primaryimage","url":"https:\/\/www.aquimicasa.net\/blog\/wp-content\/uploads\/taxe-fonciere-1.jpg","contentUrl":"https:\/\/www.aquimicasa.net\/blog\/wp-content\/uploads\/taxe-fonciere-1.jpg","width":300,"height":225,"caption":"El Eur\u00edbor de abril baja las cuotas hipotecarias"},{"@type":"BreadcrumbList","@id":"https:\/\/www.aquimicasa.net\/blog\/economia\/credito-hipotecario\/los-proximos-movimientos-del-euribor-definiran-el-inmobiliario\/#breadcrumb","itemListElement":[{"@type":"ListItem","position":1,"name":"Portada","item":"https:\/\/www.aquimicasa.net\/blog\/"},{"@type":"ListItem","position":2,"name":"Los pr\u00f3ximos movimientos del Eur\u00edbor definir\u00e1n el inmobiliario"}]},{"@type":"WebSite","@id":"https:\/\/www.aquimicasa.net\/blog\/#website","url":"https:\/\/www.aquimicasa.net\/blog\/","name":"Blog de aquimicasa.net","description":"Noticias del Mundo Inmobiliario","publisher":{"@id":"https:\/\/www.aquimicasa.net\/blog\/#organization"},"potentialAction":[{"@type":"SearchAction","target":{"@type":"EntryPoint","urlTemplate":"https:\/\/www.aquimicasa.net\/blog\/?s={search_term_string}"},"query-input":{"@type":"PropertyValueSpecification","valueRequired":true,"valueName":"search_term_string"}}],"inLanguage":"es"},{"@type":"Organization","@id":"https:\/\/www.aquimicasa.net\/blog\/#organization","name":"Blog de aquimicasa.net","url":"https:\/\/www.aquimicasa.net\/blog\/","logo":{"@type":"ImageObject","inLanguage":"es","@id":"https:\/\/www.aquimicasa.net\/blog\/#\/schema\/logo\/image\/","url":"https:\/\/www.aquimicasa.net\/blog\/wp-content\/uploads\/Logo-aquimicasa-1-e1528048213782.png","contentUrl":"https:\/\/www.aquimicasa.net\/blog\/wp-content\/uploads\/Logo-aquimicasa-1-e1528048213782.png","width":225,"height":225,"caption":"Blog de aquimicasa.net"},"image":{"@id":"https:\/\/www.aquimicasa.net\/blog\/#\/schema\/logo\/image\/"},"sameAs":["https:\/\/www.facebook.com\/aquimicasa.net","https:\/\/www.instagram.com\/","https:\/\/x.com\/EduLizarragaD","https:\/\/www.linkedin.com\/feed\/"]},{"@type":"Person","@id":"https:\/\/www.aquimicasa.net\/blog\/#\/schema\/person\/2cdfa2605534583395c8d7ce1d6cac14","name":"Eduardo Lizarraga","image":{"@type":"ImageObject","inLanguage":"es","@id":"https:\/\/secure.gravatar.com\/avatar\/bdabe1eeeed97b65a9cb7de2edd624b07995f7e13abc5fead15961f745f908cc?s=96&d=mm&r=g","url":"https:\/\/secure.gravatar.com\/avatar\/bdabe1eeeed97b65a9cb7de2edd624b07995f7e13abc5fead15961f745f908cc?s=96&d=mm&r=g","contentUrl":"https:\/\/secure.gravatar.com\/avatar\/bdabe1eeeed97b65a9cb7de2edd624b07995f7e13abc5fead15961f745f908cc?s=96&d=mm&r=g","caption":"Eduardo Lizarraga"},"description":"Periodista Econ\u00f3mico. Ha trabajado en diversos campos de la informaci\u00f3n. Corresponsal en conflictos, analista pol\u00edtico en Congreso y Senado, periodista del medio ambiente, editor, director editorial, director de comunicaci\u00f3n.... En estos momentos se ha especializado en el sector inmobiliario. Pero tambi\u00e9n es navegante y viajero, preocupado por la pobreza, el medio ambiente y por las actuaciones descontroladas del neoliberalismo empresarial y pol\u00edtico en todo el mundo. Los desahucios, la pobreza infantil y la falta de acceso a los suministros b\u00e1sicos son algunos de los grandes dramas de nuestra sociedad y que es preciso solucionar para hacerla m\u00e1s justa. CEO en www.aquimicasa.net","sameAs":["https:\/\/www.aquimicasa.net\/"],"url":"https:\/\/www.aquimicasa.net\/blog\/author\/eduardo\/"}]}},"jetpack_publicize_connections":[],"jetpack_featured_media_url":"https:\/\/www.aquimicasa.net\/blog\/wp-content\/uploads\/taxe-fonciere-1.jpg","jetpack_sharing_enabled":true,"jetpack_likes_enabled":true,"_links":{"self":[{"href":"https:\/\/www.aquimicasa.net\/blog\/wp-json\/wp\/v2\/posts\/47045","targetHints":{"allow":["GET"]}}],"collection":[{"href":"https:\/\/www.aquimicasa.net\/blog\/wp-json\/wp\/v2\/posts"}],"about":[{"href":"https:\/\/www.aquimicasa.net\/blog\/wp-json\/wp\/v2\/types\/post"}],"author":[{"embeddable":true,"href":"https:\/\/www.aquimicasa.net\/blog\/wp-json\/wp\/v2\/users\/3"}],"replies":[{"embeddable":true,"href":"https:\/\/www.aquimicasa.net\/blog\/wp-json\/wp\/v2\/comments?post=47045"}],"version-history":[{"count":3,"href":"https:\/\/www.aquimicasa.net\/blog\/wp-json\/wp\/v2\/posts\/47045\/revisions"}],"predecessor-version":[{"id":47052,"href":"https:\/\/www.aquimicasa.net\/blog\/wp-json\/wp\/v2\/posts\/47045\/revisions\/47052"}],"wp:featuredmedia":[{"embeddable":true,"href":"https:\/\/www.aquimicasa.net\/blog\/wp-json\/wp\/v2\/media\/15325"}],"wp:attachment":[{"href":"https:\/\/www.aquimicasa.net\/blog\/wp-json\/wp\/v2\/media?parent=47045"}],"wp:term":[{"taxonomy":"category","embeddable":true,"href":"https:\/\/www.aquimicasa.net\/blog\/wp-json\/wp\/v2\/categories?post=47045"},{"taxonomy":"post_tag","embeddable":true,"href":"https:\/\/www.aquimicasa.net\/blog\/wp-json\/wp\/v2\/tags?post=47045"}],"curies":[{"name":"wp","href":"https:\/\/api.w.org\/{rel}","templated":true}]}}