{"id":47197,"date":"2024-03-19T23:36:03","date_gmt":"2024-03-19T22:36:03","guid":{"rendered":"https:\/\/www.aquimicasa.net\/blog\/?p=47197"},"modified":"2024-03-19T23:37:46","modified_gmt":"2024-03-19T22:37:46","slug":"fondos-prtr-de-430-millones-de-euros-para-vivienda","status":"publish","type":"post","link":"https:\/\/www.aquimicasa.net\/blog\/administracion-y-gobierno\/consejo-de-ministros\/fondos-prtr-de-430-millones-de-euros-para-vivienda\/","title":{"rendered":"Fondos PRTR de 430 millones de euros para vivienda"},"content":{"rendered":"<div class=\"fusion-fullwidth fullwidth-box fusion-builder-row-1 fusion-flex-container nonhundred-percent-fullwidth non-hundred-percent-height-scrolling\" style=\"background-color: rgba(255,255,255,0);background-position: center center;background-repeat: no-repeat;border-width: 0px 0px 0px 0px;border-color:#eae9e9;border-style:solid;\" ><div class=\"fusion-builder-row fusion-row fusion-flex-align-items-flex-start\" style=\"max-width:1144px;margin-left: calc(-4% \/ 2 );margin-right: calc(-4% \/ 2 );\"><div class=\"fusion-layout-column fusion_builder_column fusion-builder-column-0 fusion_builder_column_1_1 1_1 fusion-flex-column\"><div class=\"fusion-column-wrapper fusion-flex-justify-content-flex-start fusion-content-layout-column\" style=\"background-position:left top;background-repeat:no-repeat;-webkit-background-size:cover;-moz-background-size:cover;-o-background-size:cover;background-size:cover;padding: 0px 0px 0px 0px;\"><div class=\"fusion-text fusion-text-1\"><p>El <strong>Consejo de Ministros<\/strong> ha autorizado en su reuni\u00f3n de hoy la propuesta de distribuci\u00f3n territorial y los criterios de reparto de 430 millones de euros entre las Comunidades Aut\u00f3nomas y las ciudades de Ceuta y Melilla, procedentes del <strong>Plan de Recuperaci\u00f3n, Transformaci\u00f3n y Resiliencia (PRTR)<\/strong>, aprobados por unanimidad en la pasada Conferencia Sectorial.<\/p>\n<p>\u201cHemos condicionado la entrega de estos pagos a 31 de diciembre de 2024, para dar m\u00e1s tiempo y facilidad a las CCAA. Y hemos ampliado el plazo para presentar y firmar la construcci\u00f3n de nuevas\u00a0 viviendas, que corresponden al Programa 6: \u201cConstrucci\u00f3n de viviendas en alquiler social en edificios energ\u00e9ticamente eficientes\u201d, ha explicado la<strong> ministra de Vivienda y Agenda Urbana, Isabel Rodr\u00edguez<\/strong>.<\/p>\n<h2><strong>Fondos europeos para la rehabilitaci\u00f3n de viviendas<\/strong><\/h2>\n<p>\u201cUn \u00faltimo reparto que pertenece a los <strong>Fondos de Recuperaci\u00f3n<\/strong>, que consigui\u00f3 el presidente Pedro S\u00e1nchez en 2020. Y, hoy, tras cuatro a\u00f1os de gesti\u00f3n, podemos poner en valor que el Componente 2, Implementaci\u00f3n de la Agenda Urbana Espa\u00f1ola: Plan de Rehabilitaci\u00f3n y Regeneraci\u00f3n Urbana, dotado con m\u00e1s de 5.520 millones de euros, ya lo est\u00e1n disfrutando los ciudadanos y ciudadanas de este pa\u00eds\u201d.<\/p>\n<ol class=\"lista_num\">\n<li>3.420 millones de euros destinados al Programa 1 de Rehabilitaci\u00f3n y que se traducen en: 2.970 millones de euros para Rehabilitaci\u00f3n efectiva y 450 millones de euros en Deducciones fiscales.<\/li>\n<li>1.000 millones de euros destinados al Programa 6 de construcci\u00f3n de viviendas en alquiler social en edificios energ\u00e9ticamente eficientes.<\/li>\n<li>1.080 millones de euros para el Plan de Rehabilitaci\u00f3n de Edificios P\u00fablicos.<\/li>\n<li>20 millones para la Agenda Urbana.<\/li>\n<\/ol>\n<p>Y, por \u00faltimo, <strong>4.000 M de pr\u00e9stamos para promotores<\/strong>, \u201cque pondremos en marcha en las pr\u00f3ximas semanas\u201d.<\/p>\n<p>\u201cEs decir, hemos hecho un esfuerzo sin precedentes y en el menor tiempo posible. 9.520 millones de euros destinados a la pol\u00edtica de vivienda de nuestro pa\u00eds con el objetivo de afianzar la vivienda como el quinto pilar del Estado del bienestar\u201d, ha expuesto Isabel Rodr\u00edguez.<\/p>\n<p>Los 430 millones de euros, cuyo reparto autoriza el Consejo de Ministros, corresponden al \u201c<strong>Programa de Rehabilitaci\u00f3n para la recuperaci\u00f3n econ\u00f3mica y social en entornos residenciales<\/strong>\u201d, que est\u00e1 dotado de 3.420 millones de euros, para conseguir 160.000 actuaciones este a\u00f1o y 410.000 hasta junio de 2026. Estos fondos est\u00e1n destinados a cambios, por ejemplo, de ventanas en una vivienda particular, digitalizaci\u00f3n, instalaci\u00f3n de placas solares y fotovoltaicas, aerotermia o mejoras de zonas verdes.<\/p>\n<p>El acuerdo de hoy, correspondiente a la anualidad del 2023, tendr\u00e1 un criterio de reparto igual que en las anualidades anteriores, que fue a trav\u00e9s del n\u00famero de hogares seg\u00fan la encuesta del INE del a\u00f1o 2020.<\/p>\n<h3><strong>Criterios de reparto entre las comunidades aut\u00f3nomas<\/strong><\/h3>\n<p>A su vez, MIVAU ha establecido dos criterios a cumplir a 31 de diciembre de 2024 para poder transferir los fondos:<\/p>\n<ol class=\"lista_num\">\n<li>Que el n\u00famero de resoluciones realizadas por la CCAA o ciudad aut\u00f3noma supere el 75% del objetivo previsto.<\/li>\n<li>Que el n\u00famero de solicitudes supere el 75%, pero tendr\u00e1 que acreditarse que las ya resueltas o ejecutadas superan el 50% del citado objetivo.<\/li>\n<\/ol>\n<p>Por tanto, a partir del 1 de enero de 2025, todas las cantidades correspondientes a las anualidades 2022 y 2023 que no hayan sido transferidas (por no haber cumplido los requisitos establecidos), <strong>se distribuir\u00e1n nuevamente entre las Comunidades y ciudades aut\u00f3nomas que hayan cumplido<\/strong>.<\/p>\n<p>El acuerdo autorizado hoy por el Consejo de Ministros, \u201clo llevaremos el pr\u00f3ximo jueves, a la Conferencia Sectorial, que ya lo aprob\u00f3 el pasado enero, por unanimidad\u201d, ha explicado la ministra.<\/p>\n<p>La cuant\u00eda de 430 millones de euros, consignada en los Presupuestos Generales del Estado para 2023, incorporada a la anualidad 2024, se distribuir\u00e1 en <strong>proporci\u00f3n al n\u00famero de hogares de la Encuesta Continua de Hogares (INE) del a\u00f1o 2020<\/strong>.<\/p>\n<\/div><\/div><style type=\"text\/css\">.fusion-body .fusion-builder-column-0{width:100% !important;margin-top : 0px;margin-bottom : 0px;}.fusion-builder-column-0 > .fusion-column-wrapper {padding-top : 0px !important;padding-right : 0px !important;margin-right : 1.92%;padding-bottom : 0px !important;padding-left : 0px !important;margin-left : 1.92%;}@media only screen and (max-width:1024px) {.fusion-body .fusion-builder-column-0{width:100% !important;}.fusion-builder-column-0 > .fusion-column-wrapper {margin-right : 1.92%;margin-left : 1.92%;}}@media only screen and (max-width:640px) {.fusion-body .fusion-builder-column-0{width:100% !important;}.fusion-builder-column-0 > .fusion-column-wrapper {margin-right : 1.92%;margin-left : 1.92%;}}<\/style><\/div><\/div><style type=\"text\/css\">.fusion-body .fusion-flex-container.fusion-builder-row-1{ padding-top : 0px;margin-top : 0px;padding-right : 0px;padding-bottom : 0px;margin-bottom : 0px;padding-left : 0px;}<\/style><\/div>\n","protected":false},"excerpt":{"rendered":"<p>Los 430 millones de euros, cuyo reparto autoriza el Consejo de Ministros, corresponden al \u201cPrograma de Rehabilitaci\u00f3n para la recuperaci\u00f3n econ\u00f3mica y social en entornos residenciales\u201d, que est\u00e1 dotado de 3.420 millones de euros, para conseguir 160.000 actuaciones este a\u00f1o y 410.000 hasta junio de 2026.<\/p>\n","protected":false},"author":3,"featured_media":47207,"comment_status":"open","ping_status":"closed","sticky":false,"template":"","format":"standard","meta":{"_jetpack_memberships_contains_paid_content":false,"footnotes":"","jetpack_publicize_message":"","jetpack_publicize_feature_enabled":true,"jetpack_social_post_already_shared":false,"jetpack_social_options":{"image_generator_settings":{"template":"highway","default_image_id":0,"font":"","enabled":false},"version":2}},"categories":[63],"tags":[8159,7568],"class_list":["post-47197","post","type-post","status-publish","format-standard","has-post-thumbnail","hentry","category-consejo-de-ministros","tag-newsletter-453","tag-noticia-de-portada"],"yoast_head":"<!-- This site is optimized with the Yoast SEO plugin v28.2 - https:\/\/yoast.com\/product\/yoast-seo-wordpress\/ -->\n<title>Fondos PRTR de 430 millones de euros para vivienda<\/title>\n<meta name=\"description\" content=\"El Consejo de Ministros autoriza la distribuci\u00f3n y los criterios de reparto de 430 millones de euros entre las CC,AA y Ceuta y Melilla\" \/>\n<meta name=\"robots\" content=\"index, follow, max-snippet:-1, max-image-preview:large, max-video-preview:-1\" \/>\n<link rel=\"canonical\" href=\"https:\/\/www.aquimicasa.net\/blog\/administracion-y-gobierno\/consejo-de-ministros\/fondos-prtr-de-430-millones-de-euros-para-vivienda\/\" \/>\n<meta property=\"og:locale\" content=\"es_ES\" \/>\n<meta property=\"og:type\" content=\"article\" \/>\n<meta property=\"og:title\" content=\"Fondos PRTR de 430 millones de euros para vivienda\" \/>\n<meta property=\"og:description\" content=\"El Consejo de Ministros autoriza la distribuci\u00f3n y los criterios de reparto de 430 millones de euros entre las CC,AA y Ceuta y Melilla\" \/>\n<meta property=\"og:url\" content=\"https:\/\/www.aquimicasa.net\/blog\/administracion-y-gobierno\/consejo-de-ministros\/fondos-prtr-de-430-millones-de-euros-para-vivienda\/\" \/>\n<meta property=\"og:site_name\" content=\"Blog de aquimicasa.net\" \/>\n<meta property=\"article:publisher\" content=\"https:\/\/www.facebook.com\/aquimicasa.net\" \/>\n<meta property=\"article:published_time\" content=\"2024-03-19T22:36:03+00:00\" \/>\n<meta property=\"article:modified_time\" content=\"2024-03-19T22:37:46+00:00\" \/>\n<meta property=\"og:image\" content=\"https:\/\/www.aquimicasa.net\/blog\/wp-content\/uploads\/Rehabilitacion-de-viviendas-1.jpg\" \/>\n\t<meta property=\"og:image:width\" content=\"724\" \/>\n\t<meta property=\"og:image:height\" content=\"483\" \/>\n\t<meta property=\"og:image:type\" content=\"image\/jpeg\" \/>\n<meta name=\"author\" content=\"Eduardo Lizarraga\" \/>\n<meta name=\"twitter:label1\" content=\"Escrito por\" \/>\n\t<meta name=\"twitter:data1\" content=\"Eduardo Lizarraga\" \/>\n\t<meta name=\"twitter:label2\" content=\"Tiempo de lectura\" \/>\n\t<meta name=\"twitter:data2\" content=\"4 minutos\" \/>\n<script type=\"application\/ld+json\" class=\"yoast-schema-graph\">{\"@context\":\"https:\\\/\\\/schema.org\",\"@graph\":[{\"@type\":\"Article\",\"@id\":\"https:\\\/\\\/www.aquimicasa.net\\\/blog\\\/administracion-y-gobierno\\\/consejo-de-ministros\\\/fondos-prtr-de-430-millones-de-euros-para-vivienda\\\/#article\",\"isPartOf\":{\"@id\":\"https:\\\/\\\/www.aquimicasa.net\\\/blog\\\/administracion-y-gobierno\\\/consejo-de-ministros\\\/fondos-prtr-de-430-millones-de-euros-para-vivienda\\\/\"},\"author\":{\"name\":\"Eduardo Lizarraga\",\"@id\":\"https:\\\/\\\/www.aquimicasa.net\\\/blog\\\/#\\\/schema\\\/person\\\/2cdfa2605534583395c8d7ce1d6cac14\"},\"headline\":\"Fondos PRTR de 430 millones de euros para vivienda\",\"datePublished\":\"2024-03-19T22:36:03+00:00\",\"dateModified\":\"2024-03-19T22:37:46+00:00\",\"mainEntityOfPage\":{\"@id\":\"https:\\\/\\\/www.aquimicasa.net\\\/blog\\\/administracion-y-gobierno\\\/consejo-de-ministros\\\/fondos-prtr-de-430-millones-de-euros-para-vivienda\\\/\"},\"wordCount\":876,\"commentCount\":0,\"publisher\":{\"@id\":\"https:\\\/\\\/www.aquimicasa.net\\\/blog\\\/#organization\"},\"image\":{\"@id\":\"https:\\\/\\\/www.aquimicasa.net\\\/blog\\\/administracion-y-gobierno\\\/consejo-de-ministros\\\/fondos-prtr-de-430-millones-de-euros-para-vivienda\\\/#primaryimage\"},\"thumbnailUrl\":\"https:\\\/\\\/www.aquimicasa.net\\\/blog\\\/wp-content\\\/uploads\\\/Rehabilitacion-de-viviendas-1.jpg\",\"keywords\":[\"newsletter 453\",\"noticia de portada\"],\"articleSection\":[\"Consejo de Ministros\"],\"inLanguage\":\"es\",\"potentialAction\":[{\"@type\":\"CommentAction\",\"name\":\"Comment\",\"target\":[\"https:\\\/\\\/www.aquimicasa.net\\\/blog\\\/administracion-y-gobierno\\\/consejo-de-ministros\\\/fondos-prtr-de-430-millones-de-euros-para-vivienda\\\/#respond\"]}]},{\"@type\":\"WebPage\",\"@id\":\"https:\\\/\\\/www.aquimicasa.net\\\/blog\\\/administracion-y-gobierno\\\/consejo-de-ministros\\\/fondos-prtr-de-430-millones-de-euros-para-vivienda\\\/\",\"url\":\"https:\\\/\\\/www.aquimicasa.net\\\/blog\\\/administracion-y-gobierno\\\/consejo-de-ministros\\\/fondos-prtr-de-430-millones-de-euros-para-vivienda\\\/\",\"name\":\"Fondos PRTR de 430 millones de euros para vivienda\",\"isPartOf\":{\"@id\":\"https:\\\/\\\/www.aquimicasa.net\\\/blog\\\/#website\"},\"primaryImageOfPage\":{\"@id\":\"https:\\\/\\\/www.aquimicasa.net\\\/blog\\\/administracion-y-gobierno\\\/consejo-de-ministros\\\/fondos-prtr-de-430-millones-de-euros-para-vivienda\\\/#primaryimage\"},\"image\":{\"@id\":\"https:\\\/\\\/www.aquimicasa.net\\\/blog\\\/administracion-y-gobierno\\\/consejo-de-ministros\\\/fondos-prtr-de-430-millones-de-euros-para-vivienda\\\/#primaryimage\"},\"thumbnailUrl\":\"https:\\\/\\\/www.aquimicasa.net\\\/blog\\\/wp-content\\\/uploads\\\/Rehabilitacion-de-viviendas-1.jpg\",\"datePublished\":\"2024-03-19T22:36:03+00:00\",\"dateModified\":\"2024-03-19T22:37:46+00:00\",\"description\":\"El Consejo de Ministros autoriza la distribuci\u00f3n y los criterios de reparto de 430 millones de euros entre las CC,AA y Ceuta y Melilla\",\"breadcrumb\":{\"@id\":\"https:\\\/\\\/www.aquimicasa.net\\\/blog\\\/administracion-y-gobierno\\\/consejo-de-ministros\\\/fondos-prtr-de-430-millones-de-euros-para-vivienda\\\/#breadcrumb\"},\"inLanguage\":\"es\",\"potentialAction\":[{\"@type\":\"ReadAction\",\"target\":[\"https:\\\/\\\/www.aquimicasa.net\\\/blog\\\/administracion-y-gobierno\\\/consejo-de-ministros\\\/fondos-prtr-de-430-millones-de-euros-para-vivienda\\\/\"]}]},{\"@type\":\"ImageObject\",\"inLanguage\":\"es\",\"@id\":\"https:\\\/\\\/www.aquimicasa.net\\\/blog\\\/administracion-y-gobierno\\\/consejo-de-ministros\\\/fondos-prtr-de-430-millones-de-euros-para-vivienda\\\/#primaryimage\",\"url\":\"https:\\\/\\\/www.aquimicasa.net\\\/blog\\\/wp-content\\\/uploads\\\/Rehabilitacion-de-viviendas-1.jpg\",\"contentUrl\":\"https:\\\/\\\/www.aquimicasa.net\\\/blog\\\/wp-content\\\/uploads\\\/Rehabilitacion-de-viviendas-1.jpg\",\"width\":724,\"height\":483,\"caption\":\"430 millones para la rehabilitaci\u00f3n de viviendas\"},{\"@type\":\"BreadcrumbList\",\"@id\":\"https:\\\/\\\/www.aquimicasa.net\\\/blog\\\/administracion-y-gobierno\\\/consejo-de-ministros\\\/fondos-prtr-de-430-millones-de-euros-para-vivienda\\\/#breadcrumb\",\"itemListElement\":[{\"@type\":\"ListItem\",\"position\":1,\"name\":\"Portada\",\"item\":\"https:\\\/\\\/www.aquimicasa.net\\\/blog\\\/\"},{\"@type\":\"ListItem\",\"position\":2,\"name\":\"Fondos PRTR de 430 millones de euros para vivienda\"}]},{\"@type\":\"WebSite\",\"@id\":\"https:\\\/\\\/www.aquimicasa.net\\\/blog\\\/#website\",\"url\":\"https:\\\/\\\/www.aquimicasa.net\\\/blog\\\/\",\"name\":\"Blog de aquimicasa.net\",\"description\":\"Noticias del Mundo Inmobiliario\",\"publisher\":{\"@id\":\"https:\\\/\\\/www.aquimicasa.net\\\/blog\\\/#organization\"},\"potentialAction\":[{\"@type\":\"SearchAction\",\"target\":{\"@type\":\"EntryPoint\",\"urlTemplate\":\"https:\\\/\\\/www.aquimicasa.net\\\/blog\\\/?s={search_term_string}\"},\"query-input\":{\"@type\":\"PropertyValueSpecification\",\"valueRequired\":true,\"valueName\":\"search_term_string\"}}],\"inLanguage\":\"es\"},{\"@type\":\"Organization\",\"@id\":\"https:\\\/\\\/www.aquimicasa.net\\\/blog\\\/#organization\",\"name\":\"Blog de aquimicasa.net\",\"url\":\"https:\\\/\\\/www.aquimicasa.net\\\/blog\\\/\",\"logo\":{\"@type\":\"ImageObject\",\"inLanguage\":\"es\",\"@id\":\"https:\\\/\\\/www.aquimicasa.net\\\/blog\\\/#\\\/schema\\\/logo\\\/image\\\/\",\"url\":\"https:\\\/\\\/www.aquimicasa.net\\\/blog\\\/wp-content\\\/uploads\\\/Logo-aquimicasa-1-e1528048213782.png\",\"contentUrl\":\"https:\\\/\\\/www.aquimicasa.net\\\/blog\\\/wp-content\\\/uploads\\\/Logo-aquimicasa-1-e1528048213782.png\",\"width\":225,\"height\":225,\"caption\":\"Blog de aquimicasa.net\"},\"image\":{\"@id\":\"https:\\\/\\\/www.aquimicasa.net\\\/blog\\\/#\\\/schema\\\/logo\\\/image\\\/\"},\"sameAs\":[\"https:\\\/\\\/www.facebook.com\\\/aquimicasa.net\",\"https:\\\/\\\/www.instagram.com\\\/\",\"https:\\\/\\\/x.com\\\/EduLizarragaD\",\"https:\\\/\\\/www.linkedin.com\\\/feed\\\/\"]},{\"@type\":\"Person\",\"@id\":\"https:\\\/\\\/www.aquimicasa.net\\\/blog\\\/#\\\/schema\\\/person\\\/2cdfa2605534583395c8d7ce1d6cac14\",\"name\":\"Eduardo Lizarraga\",\"image\":{\"@type\":\"ImageObject\",\"inLanguage\":\"es\",\"@id\":\"https:\\\/\\\/secure.gravatar.com\\\/avatar\\\/bdabe1eeeed97b65a9cb7de2edd624b07995f7e13abc5fead15961f745f908cc?s=96&d=mm&r=g\",\"url\":\"https:\\\/\\\/secure.gravatar.com\\\/avatar\\\/bdabe1eeeed97b65a9cb7de2edd624b07995f7e13abc5fead15961f745f908cc?s=96&d=mm&r=g\",\"contentUrl\":\"https:\\\/\\\/secure.gravatar.com\\\/avatar\\\/bdabe1eeeed97b65a9cb7de2edd624b07995f7e13abc5fead15961f745f908cc?s=96&d=mm&r=g\",\"caption\":\"Eduardo Lizarraga\"},\"description\":\"Periodista Econ\u00f3mico. Ha trabajado en diversos campos de la informaci\u00f3n. Corresponsal en conflictos, analista pol\u00edtico en Congreso y Senado, periodista del medio ambiente, editor, director editorial, director de comunicaci\u00f3n.... En estos momentos se ha especializado en el sector inmobiliario. Pero tambi\u00e9n es navegante y viajero, preocupado por la pobreza, el medio ambiente y por las actuaciones descontroladas del neoliberalismo empresarial y pol\u00edtico en todo el mundo. Los desahucios, la pobreza infantil y la falta de acceso a los suministros b\u00e1sicos son algunos de los grandes dramas de nuestra sociedad y que es preciso solucionar para hacerla m\u00e1s justa. CEO en www.aquimicasa.net\",\"sameAs\":[\"https:\\\/\\\/www.aquimicasa.net\\\/\"],\"url\":\"https:\\\/\\\/www.aquimicasa.net\\\/blog\\\/author\\\/eduardo\\\/\"}]}<\/script>\n<!-- \/ Yoast SEO plugin. -->","yoast_head_json":{"title":"Fondos PRTR de 430 millones de euros para vivienda","description":"El Consejo de Ministros autoriza la distribuci\u00f3n y los criterios de reparto de 430 millones de euros entre las CC,AA y Ceuta y Melilla","robots":{"index":"index","follow":"follow","max-snippet":"max-snippet:-1","max-image-preview":"max-image-preview:large","max-video-preview":"max-video-preview:-1"},"canonical":"https:\/\/www.aquimicasa.net\/blog\/administracion-y-gobierno\/consejo-de-ministros\/fondos-prtr-de-430-millones-de-euros-para-vivienda\/","og_locale":"es_ES","og_type":"article","og_title":"Fondos PRTR de 430 millones de euros para vivienda","og_description":"El Consejo de Ministros autoriza la distribuci\u00f3n y los criterios de reparto de 430 millones de euros entre las CC,AA y Ceuta y Melilla","og_url":"https:\/\/www.aquimicasa.net\/blog\/administracion-y-gobierno\/consejo-de-ministros\/fondos-prtr-de-430-millones-de-euros-para-vivienda\/","og_site_name":"Blog de aquimicasa.net","article_publisher":"https:\/\/www.facebook.com\/aquimicasa.net","article_published_time":"2024-03-19T22:36:03+00:00","article_modified_time":"2024-03-19T22:37:46+00:00","og_image":[{"width":724,"height":483,"url":"https:\/\/www.aquimicasa.net\/blog\/wp-content\/uploads\/Rehabilitacion-de-viviendas-1.jpg","type":"image\/jpeg"}],"author":"Eduardo Lizarraga","twitter_misc":{"Escrito por":"Eduardo Lizarraga","Tiempo de lectura":"4 minutos"},"schema":{"@context":"https:\/\/schema.org","@graph":[{"@type":"Article","@id":"https:\/\/www.aquimicasa.net\/blog\/administracion-y-gobierno\/consejo-de-ministros\/fondos-prtr-de-430-millones-de-euros-para-vivienda\/#article","isPartOf":{"@id":"https:\/\/www.aquimicasa.net\/blog\/administracion-y-gobierno\/consejo-de-ministros\/fondos-prtr-de-430-millones-de-euros-para-vivienda\/"},"author":{"name":"Eduardo Lizarraga","@id":"https:\/\/www.aquimicasa.net\/blog\/#\/schema\/person\/2cdfa2605534583395c8d7ce1d6cac14"},"headline":"Fondos PRTR de 430 millones de euros para vivienda","datePublished":"2024-03-19T22:36:03+00:00","dateModified":"2024-03-19T22:37:46+00:00","mainEntityOfPage":{"@id":"https:\/\/www.aquimicasa.net\/blog\/administracion-y-gobierno\/consejo-de-ministros\/fondos-prtr-de-430-millones-de-euros-para-vivienda\/"},"wordCount":876,"commentCount":0,"publisher":{"@id":"https:\/\/www.aquimicasa.net\/blog\/#organization"},"image":{"@id":"https:\/\/www.aquimicasa.net\/blog\/administracion-y-gobierno\/consejo-de-ministros\/fondos-prtr-de-430-millones-de-euros-para-vivienda\/#primaryimage"},"thumbnailUrl":"https:\/\/www.aquimicasa.net\/blog\/wp-content\/uploads\/Rehabilitacion-de-viviendas-1.jpg","keywords":["newsletter 453","noticia de portada"],"articleSection":["Consejo de Ministros"],"inLanguage":"es","potentialAction":[{"@type":"CommentAction","name":"Comment","target":["https:\/\/www.aquimicasa.net\/blog\/administracion-y-gobierno\/consejo-de-ministros\/fondos-prtr-de-430-millones-de-euros-para-vivienda\/#respond"]}]},{"@type":"WebPage","@id":"https:\/\/www.aquimicasa.net\/blog\/administracion-y-gobierno\/consejo-de-ministros\/fondos-prtr-de-430-millones-de-euros-para-vivienda\/","url":"https:\/\/www.aquimicasa.net\/blog\/administracion-y-gobierno\/consejo-de-ministros\/fondos-prtr-de-430-millones-de-euros-para-vivienda\/","name":"Fondos PRTR de 430 millones de euros para vivienda","isPartOf":{"@id":"https:\/\/www.aquimicasa.net\/blog\/#website"},"primaryImageOfPage":{"@id":"https:\/\/www.aquimicasa.net\/blog\/administracion-y-gobierno\/consejo-de-ministros\/fondos-prtr-de-430-millones-de-euros-para-vivienda\/#primaryimage"},"image":{"@id":"https:\/\/www.aquimicasa.net\/blog\/administracion-y-gobierno\/consejo-de-ministros\/fondos-prtr-de-430-millones-de-euros-para-vivienda\/#primaryimage"},"thumbnailUrl":"https:\/\/www.aquimicasa.net\/blog\/wp-content\/uploads\/Rehabilitacion-de-viviendas-1.jpg","datePublished":"2024-03-19T22:36:03+00:00","dateModified":"2024-03-19T22:37:46+00:00","description":"El Consejo de Ministros autoriza la distribuci\u00f3n y los criterios de reparto de 430 millones de euros entre las CC,AA y Ceuta y Melilla","breadcrumb":{"@id":"https:\/\/www.aquimicasa.net\/blog\/administracion-y-gobierno\/consejo-de-ministros\/fondos-prtr-de-430-millones-de-euros-para-vivienda\/#breadcrumb"},"inLanguage":"es","potentialAction":[{"@type":"ReadAction","target":["https:\/\/www.aquimicasa.net\/blog\/administracion-y-gobierno\/consejo-de-ministros\/fondos-prtr-de-430-millones-de-euros-para-vivienda\/"]}]},{"@type":"ImageObject","inLanguage":"es","@id":"https:\/\/www.aquimicasa.net\/blog\/administracion-y-gobierno\/consejo-de-ministros\/fondos-prtr-de-430-millones-de-euros-para-vivienda\/#primaryimage","url":"https:\/\/www.aquimicasa.net\/blog\/wp-content\/uploads\/Rehabilitacion-de-viviendas-1.jpg","contentUrl":"https:\/\/www.aquimicasa.net\/blog\/wp-content\/uploads\/Rehabilitacion-de-viviendas-1.jpg","width":724,"height":483,"caption":"430 millones para la rehabilitaci\u00f3n de viviendas"},{"@type":"BreadcrumbList","@id":"https:\/\/www.aquimicasa.net\/blog\/administracion-y-gobierno\/consejo-de-ministros\/fondos-prtr-de-430-millones-de-euros-para-vivienda\/#breadcrumb","itemListElement":[{"@type":"ListItem","position":1,"name":"Portada","item":"https:\/\/www.aquimicasa.net\/blog\/"},{"@type":"ListItem","position":2,"name":"Fondos PRTR de 430 millones de euros para vivienda"}]},{"@type":"WebSite","@id":"https:\/\/www.aquimicasa.net\/blog\/#website","url":"https:\/\/www.aquimicasa.net\/blog\/","name":"Blog de aquimicasa.net","description":"Noticias del Mundo Inmobiliario","publisher":{"@id":"https:\/\/www.aquimicasa.net\/blog\/#organization"},"potentialAction":[{"@type":"SearchAction","target":{"@type":"EntryPoint","urlTemplate":"https:\/\/www.aquimicasa.net\/blog\/?s={search_term_string}"},"query-input":{"@type":"PropertyValueSpecification","valueRequired":true,"valueName":"search_term_string"}}],"inLanguage":"es"},{"@type":"Organization","@id":"https:\/\/www.aquimicasa.net\/blog\/#organization","name":"Blog de aquimicasa.net","url":"https:\/\/www.aquimicasa.net\/blog\/","logo":{"@type":"ImageObject","inLanguage":"es","@id":"https:\/\/www.aquimicasa.net\/blog\/#\/schema\/logo\/image\/","url":"https:\/\/www.aquimicasa.net\/blog\/wp-content\/uploads\/Logo-aquimicasa-1-e1528048213782.png","contentUrl":"https:\/\/www.aquimicasa.net\/blog\/wp-content\/uploads\/Logo-aquimicasa-1-e1528048213782.png","width":225,"height":225,"caption":"Blog de aquimicasa.net"},"image":{"@id":"https:\/\/www.aquimicasa.net\/blog\/#\/schema\/logo\/image\/"},"sameAs":["https:\/\/www.facebook.com\/aquimicasa.net","https:\/\/www.instagram.com\/","https:\/\/x.com\/EduLizarragaD","https:\/\/www.linkedin.com\/feed\/"]},{"@type":"Person","@id":"https:\/\/www.aquimicasa.net\/blog\/#\/schema\/person\/2cdfa2605534583395c8d7ce1d6cac14","name":"Eduardo Lizarraga","image":{"@type":"ImageObject","inLanguage":"es","@id":"https:\/\/secure.gravatar.com\/avatar\/bdabe1eeeed97b65a9cb7de2edd624b07995f7e13abc5fead15961f745f908cc?s=96&d=mm&r=g","url":"https:\/\/secure.gravatar.com\/avatar\/bdabe1eeeed97b65a9cb7de2edd624b07995f7e13abc5fead15961f745f908cc?s=96&d=mm&r=g","contentUrl":"https:\/\/secure.gravatar.com\/avatar\/bdabe1eeeed97b65a9cb7de2edd624b07995f7e13abc5fead15961f745f908cc?s=96&d=mm&r=g","caption":"Eduardo Lizarraga"},"description":"Periodista Econ\u00f3mico. Ha trabajado en diversos campos de la informaci\u00f3n. Corresponsal en conflictos, analista pol\u00edtico en Congreso y Senado, periodista del medio ambiente, editor, director editorial, director de comunicaci\u00f3n.... En estos momentos se ha especializado en el sector inmobiliario. Pero tambi\u00e9n es navegante y viajero, preocupado por la pobreza, el medio ambiente y por las actuaciones descontroladas del neoliberalismo empresarial y pol\u00edtico en todo el mundo. Los desahucios, la pobreza infantil y la falta de acceso a los suministros b\u00e1sicos son algunos de los grandes dramas de nuestra sociedad y que es preciso solucionar para hacerla m\u00e1s justa. CEO en www.aquimicasa.net","sameAs":["https:\/\/www.aquimicasa.net\/"],"url":"https:\/\/www.aquimicasa.net\/blog\/author\/eduardo\/"}]}},"jetpack_publicize_connections":[],"jetpack_featured_media_url":"https:\/\/www.aquimicasa.net\/blog\/wp-content\/uploads\/Rehabilitacion-de-viviendas-1.jpg","jetpack_sharing_enabled":true,"jetpack_likes_enabled":true,"_links":{"self":[{"href":"https:\/\/www.aquimicasa.net\/blog\/wp-json\/wp\/v2\/posts\/47197","targetHints":{"allow":["GET"]}}],"collection":[{"href":"https:\/\/www.aquimicasa.net\/blog\/wp-json\/wp\/v2\/posts"}],"about":[{"href":"https:\/\/www.aquimicasa.net\/blog\/wp-json\/wp\/v2\/types\/post"}],"author":[{"embeddable":true,"href":"https:\/\/www.aquimicasa.net\/blog\/wp-json\/wp\/v2\/users\/3"}],"replies":[{"embeddable":true,"href":"https:\/\/www.aquimicasa.net\/blog\/wp-json\/wp\/v2\/comments?post=47197"}],"version-history":[{"count":3,"href":"https:\/\/www.aquimicasa.net\/blog\/wp-json\/wp\/v2\/posts\/47197\/revisions"}],"predecessor-version":[{"id":47208,"href":"https:\/\/www.aquimicasa.net\/blog\/wp-json\/wp\/v2\/posts\/47197\/revisions\/47208"}],"wp:featuredmedia":[{"embeddable":true,"href":"https:\/\/www.aquimicasa.net\/blog\/wp-json\/wp\/v2\/media\/47207"}],"wp:attachment":[{"href":"https:\/\/www.aquimicasa.net\/blog\/wp-json\/wp\/v2\/media?parent=47197"}],"wp:term":[{"taxonomy":"category","embeddable":true,"href":"https:\/\/www.aquimicasa.net\/blog\/wp-json\/wp\/v2\/categories?post=47197"},{"taxonomy":"post_tag","embeddable":true,"href":"https:\/\/www.aquimicasa.net\/blog\/wp-json\/wp\/v2\/tags?post=47197"}],"curies":[{"name":"wp","href":"https:\/\/api.w.org\/{rel}","templated":true}]}}