{"id":47293,"date":"2024-03-26T21:25:37","date_gmt":"2024-03-26T20:25:37","guid":{"rendered":"https:\/\/www.aquimicasa.net\/blog\/?p=47293"},"modified":"2024-03-26T21:25:37","modified_gmt":"2024-03-26T20:25:37","slug":"pagamos-casi-el-doble-por-los-prestamos-que-los-europeos","status":"publish","type":"post","link":"https:\/\/www.aquimicasa.net\/blog\/economia\/bancos\/pagamos-casi-el-doble-por-los-prestamos-que-los-europeos\/","title":{"rendered":"Pagamos casi el doble por los pr\u00e9stamos que los europeos"},"content":{"rendered":"<div class=\"fusion-fullwidth fullwidth-box fusion-builder-row-1 fusion-flex-container nonhundred-percent-fullwidth non-hundred-percent-height-scrolling\" style=\"background-color: rgba(255,255,255,0);background-position: center center;background-repeat: no-repeat;border-width: 0px 0px 0px 0px;border-color:#eae9e9;border-style:solid;\" ><div class=\"fusion-builder-row fusion-row fusion-flex-align-items-flex-start\" style=\"max-width:1144px;margin-left: calc(-4% \/ 2 );margin-right: calc(-4% \/ 2 );\"><div class=\"fusion-layout-column fusion_builder_column fusion-builder-column-0 fusion_builder_column_1_1 1_1 fusion-flex-column\"><div class=\"fusion-column-wrapper fusion-flex-justify-content-flex-start fusion-content-layout-column\" style=\"background-position:left top;background-repeat:no-repeat;-webkit-background-size:cover;-moz-background-size:cover;-o-background-size:cover;background-size:cover;padding: 0px 0px 0px 0px;\"><div class=\"fusion-text fusion-text-1\"><section class=\"elementor-section elementor-top-section elementor-element elementor-element-0b7464b elementor-section-boxed elementor-section-height-default elementor-section-height-default\" data-id=\"0b7464b\" data-element_type=\"section\">\n<div class=\"elementor-container elementor-column-gap-default\">\n<div class=\"elementor-column elementor-col-100 elementor-top-column elementor-element elementor-element-c502958\" data-id=\"c502958\" data-element_type=\"column\">\n<div class=\"elementor-widget-wrap elementor-element-populated\">\n<div class=\"elementor-element elementor-element-c40de0f elementor-widget elementor-widget-text-editor\" data-id=\"c40de0f\" data-element_type=\"widget\" data-widget_type=\"text-editor.default\">\n<div class=\"elementor-widget-container\">\n<p><span style=\"font-size: 16px;\">Con el precio del dinero moder\u00e1ndose en la senda de la esperada bajada del BCE, las entidades bancarias contin\u00faan haciendo negocio a costa de los consumidores. La <strong>Asociaci\u00f3n de Usuarios Financieros (ASUFIN)<\/strong> asegura que el mercado del pr\u00e9stamo sigue caro, aunque los tipos de inter\u00e9s hayan emprendido desde principios de a\u00f1o la senda de la moderaci\u00f3n. <\/span><\/p>\n<p><span style=\"font-size: 16px;\">El corto plazo (pr\u00e9stamos de 1 a 5 a\u00f1os) baja apenas un 1,61%, con respecto a junio de 2023, para anotar una media del 11,56% TAE, y el largo plazo (pr\u00e9stamos a m\u00e1s de 5 a\u00f1os), s\u00f3lo se abarata en un 0,5%, al pasar del 11,46% al 10,96%. <\/span>A excepci\u00f3n del a\u00f1o pasado, siguen siendo los precios m\u00e1s altos de la serie hist\u00f3rica de bar\u00f3metros de la asociaci\u00f3n<span style=\"font-size: 16px;\">, que arranca en junio de 2020, cuando los pr\u00e9stamos estaban en el 7,45% y 7,85%.<\/span><\/p>\n<h2><strong>Los pr\u00e9stamos \u00abpreconcedidos\u00bb llegan al 14,52% TAE<\/strong><\/h2>\n<\/div>\n<\/div>\n<\/div>\n<\/div>\n<\/div>\n<\/section>\n<section class=\"elementor-section elementor-top-section elementor-element elementor-element-b4e101d elementor-section-boxed elementor-section-height-default elementor-section-height-default\" data-id=\"b4e101d\" data-element_type=\"section\">\n<div class=\"elementor-container elementor-column-gap-default\">\n<div class=\"elementor-column elementor-col-100 elementor-top-column elementor-element elementor-element-302c568\" data-id=\"302c568\" data-element_type=\"column\">\n<div class=\"elementor-widget-wrap elementor-element-populated\">\n<div class=\"elementor-element elementor-element-596ea6a elementor-widget__width-initial elementor-widget elementor-widget-text-editor\" data-id=\"596ea6a\" data-element_type=\"widget\" data-widget_type=\"text-editor.default\">\n<div class=\"elementor-widget-container\">\n<p>El <strong>VI Bar\u00f3metro ASUFIN<\/strong> de pr\u00e9stamos tambi\u00e9n da precios de los pr\u00e9stamos preconcedidos de bancos y Entidades Financieras de Cr\u00e9ditos (EFC), que son los productos \u2018reclamo\u2019, ofrecidos de forma personalizada a los clientes de forma instant\u00e1nea.\u00a0En este segmento,<strong> los precios medios escalan al 14,52% TAE,<\/strong> pese a haber experimentado tambi\u00e9n un descenso respecto a 2023, cuando se comercializaban al 15,32%.<\/p>\n<p>Adem\u00e1s, el bar\u00f3metro confirma el hecho recurrente de que\u00a0<strong>los pr\u00e9stamos en Espa\u00f1a son m\u00e1s caros que la media de su entorno UE<\/strong>: el precio de los pr\u00e9stamos a corto plazo espa\u00f1oles, del 11,56%, se sit\u00faa en el 6,03%, si vemos la media de la zona euro; el de largo plazo, en el 10,96, desciende al 7,82%, en la zona euro.<\/p>\n<h2><strong>Disminuye la intenci\u00f3n del consumidor de contratar un pr\u00e9stamo<\/strong><\/h2>\n<\/div>\n<\/div>\n<\/div>\n<\/div>\n<\/div>\n<\/section>\n<section class=\"elementor-section elementor-top-section elementor-element elementor-element-833cd12 elementor-section-boxed elementor-section-height-default elementor-section-height-default\" data-id=\"833cd12\" data-element_type=\"section\">\n<div class=\"elementor-container elementor-column-gap-default\">\n<div class=\"elementor-column elementor-col-100 elementor-top-column elementor-element elementor-element-7fabbaf\" data-id=\"7fabbaf\" data-element_type=\"column\">\n<div class=\"elementor-widget-wrap elementor-element-populated\">\n<div class=\"elementor-element elementor-element-647f7bf elementor-widget elementor-widget-text-editor\" data-id=\"647f7bf\" data-element_type=\"widget\" data-widget_type=\"text-editor.default\">\n<div class=\"elementor-widget-container\">\n<p>La encuesta realizada a consumidores refleja la <strong>primera bajada en intenci\u00f3n de contratar un pr\u00e9stamo<\/strong>, de toda la serie hist\u00f3rica de bar\u00f3metros, desde 2020. Entonces, junio de 2020, en pleno contexto de excepcionalidad por el confinamiento debido a la Covid-19, apenas un 14,20% declaraba su intenci\u00f3n de endeudarse, una cifra que no ha dejado de incrementarse en a\u00f1os sucesivos, hasta junio del a\u00f1o pasado, que escal\u00f3 al 32,30%. Este a\u00f1o, sin embargo, se enfr\u00eda y anota el primer descenso, al 30,24%.<\/p>\n<\/div>\n<\/div>\n<\/div>\n<\/div>\n<\/div>\n<\/section>\n<section class=\"elementor-section elementor-top-section elementor-element elementor-element-c33fdff elementor-section-boxed elementor-section-height-default elementor-section-height-default\" data-id=\"c33fdff\" data-element_type=\"section\">\n<div class=\"elementor-container elementor-column-gap-default\">\n<div class=\"elementor-column elementor-col-100 elementor-top-column elementor-element elementor-element-cb58fd1\" data-id=\"cb58fd1\" data-element_type=\"column\">\n<div class=\"elementor-widget-wrap elementor-element-populated\">\n<div class=\"elementor-element elementor-element-c79b1b9 elementor-widget elementor-widget-text-editor\" data-id=\"c79b1b9\" data-element_type=\"widget\" data-widget_type=\"text-editor.default\">\n<div class=\"elementor-widget-container\">\n<p>En cuanto a motivos por los que los espa\u00f1oles se decantan a la hora de pedir un pr\u00e9stamo, el de la <strong>necesidad por obtener liquidez<\/strong> sigue siendo el principal, en el 24,5% de los casos. Sin embargo, este ep\u00edgrafe baja, con relaci\u00f3n al a\u00f1o pasado (27%), siendo el de la contrataci\u00f3n de viajes y vacaciones el que m\u00e1s se anima de todos, pasando del 9,9% de 2023, al 12,2%, en estos momentos.<\/p>\n<h2><strong>El pr\u00e9stamo para financiar un veh\u00edculo contin\u00faa descendiendo<\/strong><\/h2>\n<p>En lo que respecta al cr\u00e9dito que se pide para <strong>financiar un veh\u00edculo<\/strong>, vemos ca\u00eddas desde junio de 2021, cuando la intenci\u00f3n de los consumidores anotaba un 17,90%. Desde entonces, ha ido descendiendo hasta llegar al 14,90%, en estos momentos.\u00a0Los altos precios de este mercado impactan en negativo, en un contexto de ayudas que se est\u00e1 demostrando insuficiente. El plan MOVES III, vigente hasta el 31 de diciembre de 2024, permite optar a una <strong>deducci\u00f3n fiscal de apenas el 15%, y s\u00f3lo para veh\u00edculo el\u00e9ctrico de uso particular<\/strong>, con un importe m\u00e1ximo de valor del veh\u00edculo de 20.000 euros.<\/p>\n<\/div>\n<\/div>\n<\/div>\n<\/div>\n<\/div>\n<\/section>\n<\/div><\/div><style type=\"text\/css\">.fusion-body .fusion-builder-column-0{width:100% !important;margin-top : 0px;margin-bottom : 0px;}.fusion-builder-column-0 > .fusion-column-wrapper {padding-top : 0px !important;padding-right : 0px !important;margin-right : 1.92%;padding-bottom : 0px !important;padding-left : 0px !important;margin-left : 1.92%;}@media only screen and (max-width:1024px) {.fusion-body .fusion-builder-column-0{width:100% !important;}.fusion-builder-column-0 > .fusion-column-wrapper {margin-right : 1.92%;margin-left : 1.92%;}}@media only screen and (max-width:640px) {.fusion-body .fusion-builder-column-0{width:100% !important;}.fusion-builder-column-0 > .fusion-column-wrapper {margin-right : 1.92%;margin-left : 1.92%;}}<\/style><\/div><\/div><style type=\"text\/css\">.fusion-body .fusion-flex-container.fusion-builder-row-1{ padding-top : 0px;margin-top : 0px;padding-right : 0px;padding-bottom : 0px;margin-bottom : 0px;padding-left : 0px;}<\/style><\/div>\n","protected":false},"excerpt":{"rendered":"<p>La necesidad de obtener liquidez es el principal motivo de los espa\u00f1oles para pedir un pr\u00e9stamo, en concreto en el 24,5% de los casos. Sin embargo, este ep\u00edgrafe baja, con relaci\u00f3n al a\u00f1o pasado (27%), siendo el de la contrataci\u00f3n de viajes y vacaciones el que m\u00e1s se anima de todos, pasando del 9,9% de 2023, al 12,2%, en estos momentos.<\/p>\n","protected":false},"author":3,"featured_media":47298,"comment_status":"open","ping_status":"closed","sticky":false,"template":"","format":"standard","meta":{"_jetpack_memberships_contains_paid_content":false,"footnotes":"","jetpack_publicize_message":"","jetpack_publicize_feature_enabled":true,"jetpack_social_post_already_shared":false,"jetpack_social_options":{"image_generator_settings":{"template":"highway","default_image_id":0,"font":"","enabled":false},"version":2}},"categories":[46],"tags":[8160,7568],"class_list":["post-47293","post","type-post","status-publish","format-standard","has-post-thumbnail","hentry","category-bancos","tag-newsletter-454","tag-noticia-de-portada"],"yoast_head":"<!-- This site is optimized with the Yoast SEO plugin v27.5 - https:\/\/yoast.com\/product\/yoast-seo-wordpress\/ -->\n<title>Pagamos casi el doble por los pr\u00e9stamos que los europeos<\/title>\n<meta name=\"description\" content=\"El mercado del pr\u00e9stamo sigue caro, aunque los tipos de inter\u00e9s hayan emprendido desde principios de a\u00f1o la senda de la moderaci\u00f3n.\" \/>\n<meta name=\"robots\" content=\"index, follow, max-snippet:-1, max-image-preview:large, max-video-preview:-1\" \/>\n<link rel=\"canonical\" href=\"https:\/\/www.aquimicasa.net\/blog\/economia\/bancos\/pagamos-casi-el-doble-por-los-prestamos-que-los-europeos\/\" \/>\n<meta property=\"og:locale\" content=\"es_ES\" \/>\n<meta property=\"og:type\" content=\"article\" \/>\n<meta property=\"og:title\" content=\"Pagamos casi el doble por los pr\u00e9stamos que los europeos\" \/>\n<meta property=\"og:description\" content=\"El mercado del pr\u00e9stamo sigue caro, aunque los tipos de inter\u00e9s hayan emprendido desde principios de a\u00f1o la senda de la moderaci\u00f3n.\" \/>\n<meta property=\"og:url\" content=\"https:\/\/www.aquimicasa.net\/blog\/economia\/bancos\/pagamos-casi-el-doble-por-los-prestamos-que-los-europeos\/\" \/>\n<meta property=\"og:site_name\" content=\"Blog de aquimicasa.net\" \/>\n<meta property=\"article:publisher\" content=\"https:\/\/www.facebook.com\/aquimicasa.net\" \/>\n<meta property=\"article:published_time\" content=\"2024-03-26T20:25:37+00:00\" \/>\n<meta property=\"og:image\" content=\"https:\/\/www.aquimicasa.net\/blog\/wp-content\/uploads\/Banqueros-pobres-8.jpg\" \/>\n\t<meta property=\"og:image:width\" content=\"600\" \/>\n\t<meta property=\"og:image:height\" content=\"396\" \/>\n\t<meta property=\"og:image:type\" content=\"image\/jpeg\" \/>\n<meta name=\"author\" content=\"Eduardo Lizarraga\" \/>\n<meta name=\"twitter:label1\" content=\"Escrito por\" \/>\n\t<meta name=\"twitter:data1\" content=\"Eduardo Lizarraga\" \/>\n\t<meta name=\"twitter:label2\" content=\"Tiempo de lectura\" \/>\n\t<meta name=\"twitter:data2\" content=\"3 minutos\" \/>\n<script type=\"application\/ld+json\" class=\"yoast-schema-graph\">{\"@context\":\"https:\\\/\\\/schema.org\",\"@graph\":[{\"@type\":\"Article\",\"@id\":\"https:\\\/\\\/www.aquimicasa.net\\\/blog\\\/economia\\\/bancos\\\/pagamos-casi-el-doble-por-los-prestamos-que-los-europeos\\\/#article\",\"isPartOf\":{\"@id\":\"https:\\\/\\\/www.aquimicasa.net\\\/blog\\\/economia\\\/bancos\\\/pagamos-casi-el-doble-por-los-prestamos-que-los-europeos\\\/\"},\"author\":{\"name\":\"Eduardo Lizarraga\",\"@id\":\"https:\\\/\\\/www.aquimicasa.net\\\/blog\\\/#\\\/schema\\\/person\\\/2cdfa2605534583395c8d7ce1d6cac14\"},\"headline\":\"Pagamos casi el doble por los pr\u00e9stamos que los europeos\",\"datePublished\":\"2024-03-26T20:25:37+00:00\",\"mainEntityOfPage\":{\"@id\":\"https:\\\/\\\/www.aquimicasa.net\\\/blog\\\/economia\\\/bancos\\\/pagamos-casi-el-doble-por-los-prestamos-que-los-europeos\\\/\"},\"wordCount\":818,\"commentCount\":0,\"publisher\":{\"@id\":\"https:\\\/\\\/www.aquimicasa.net\\\/blog\\\/#organization\"},\"image\":{\"@id\":\"https:\\\/\\\/www.aquimicasa.net\\\/blog\\\/economia\\\/bancos\\\/pagamos-casi-el-doble-por-los-prestamos-que-los-europeos\\\/#primaryimage\"},\"thumbnailUrl\":\"https:\\\/\\\/www.aquimicasa.net\\\/blog\\\/wp-content\\\/uploads\\\/Banqueros-pobres-8.jpg\",\"keywords\":[\"newsletter 454\",\"noticia de portada\"],\"articleSection\":[\"Bancos\"],\"inLanguage\":\"es\",\"potentialAction\":[{\"@type\":\"CommentAction\",\"name\":\"Comment\",\"target\":[\"https:\\\/\\\/www.aquimicasa.net\\\/blog\\\/economia\\\/bancos\\\/pagamos-casi-el-doble-por-los-prestamos-que-los-europeos\\\/#respond\"]}]},{\"@type\":\"WebPage\",\"@id\":\"https:\\\/\\\/www.aquimicasa.net\\\/blog\\\/economia\\\/bancos\\\/pagamos-casi-el-doble-por-los-prestamos-que-los-europeos\\\/\",\"url\":\"https:\\\/\\\/www.aquimicasa.net\\\/blog\\\/economia\\\/bancos\\\/pagamos-casi-el-doble-por-los-prestamos-que-los-europeos\\\/\",\"name\":\"Pagamos casi el doble por los pr\u00e9stamos que los europeos\",\"isPartOf\":{\"@id\":\"https:\\\/\\\/www.aquimicasa.net\\\/blog\\\/#website\"},\"primaryImageOfPage\":{\"@id\":\"https:\\\/\\\/www.aquimicasa.net\\\/blog\\\/economia\\\/bancos\\\/pagamos-casi-el-doble-por-los-prestamos-que-los-europeos\\\/#primaryimage\"},\"image\":{\"@id\":\"https:\\\/\\\/www.aquimicasa.net\\\/blog\\\/economia\\\/bancos\\\/pagamos-casi-el-doble-por-los-prestamos-que-los-europeos\\\/#primaryimage\"},\"thumbnailUrl\":\"https:\\\/\\\/www.aquimicasa.net\\\/blog\\\/wp-content\\\/uploads\\\/Banqueros-pobres-8.jpg\",\"datePublished\":\"2024-03-26T20:25:37+00:00\",\"description\":\"El mercado del pr\u00e9stamo sigue caro, aunque los tipos de inter\u00e9s hayan emprendido desde principios de a\u00f1o la senda de la moderaci\u00f3n.\",\"breadcrumb\":{\"@id\":\"https:\\\/\\\/www.aquimicasa.net\\\/blog\\\/economia\\\/bancos\\\/pagamos-casi-el-doble-por-los-prestamos-que-los-europeos\\\/#breadcrumb\"},\"inLanguage\":\"es\",\"potentialAction\":[{\"@type\":\"ReadAction\",\"target\":[\"https:\\\/\\\/www.aquimicasa.net\\\/blog\\\/economia\\\/bancos\\\/pagamos-casi-el-doble-por-los-prestamos-que-los-europeos\\\/\"]}]},{\"@type\":\"ImageObject\",\"inLanguage\":\"es\",\"@id\":\"https:\\\/\\\/www.aquimicasa.net\\\/blog\\\/economia\\\/bancos\\\/pagamos-casi-el-doble-por-los-prestamos-que-los-europeos\\\/#primaryimage\",\"url\":\"https:\\\/\\\/www.aquimicasa.net\\\/blog\\\/wp-content\\\/uploads\\\/Banqueros-pobres-8.jpg\",\"contentUrl\":\"https:\\\/\\\/www.aquimicasa.net\\\/blog\\\/wp-content\\\/uploads\\\/Banqueros-pobres-8.jpg\",\"width\":600,\"height\":396,\"caption\":\"Pagamos los pr\u00e9stamos a corto plazo casi al doble que la media europea\"},{\"@type\":\"BreadcrumbList\",\"@id\":\"https:\\\/\\\/www.aquimicasa.net\\\/blog\\\/economia\\\/bancos\\\/pagamos-casi-el-doble-por-los-prestamos-que-los-europeos\\\/#breadcrumb\",\"itemListElement\":[{\"@type\":\"ListItem\",\"position\":1,\"name\":\"Portada\",\"item\":\"https:\\\/\\\/www.aquimicasa.net\\\/blog\\\/\"},{\"@type\":\"ListItem\",\"position\":2,\"name\":\"Pagamos casi el doble por los pr\u00e9stamos que los europeos\"}]},{\"@type\":\"WebSite\",\"@id\":\"https:\\\/\\\/www.aquimicasa.net\\\/blog\\\/#website\",\"url\":\"https:\\\/\\\/www.aquimicasa.net\\\/blog\\\/\",\"name\":\"Blog de aquimicasa.net\",\"description\":\"Noticias del Mundo Inmobiliario\",\"publisher\":{\"@id\":\"https:\\\/\\\/www.aquimicasa.net\\\/blog\\\/#organization\"},\"potentialAction\":[{\"@type\":\"SearchAction\",\"target\":{\"@type\":\"EntryPoint\",\"urlTemplate\":\"https:\\\/\\\/www.aquimicasa.net\\\/blog\\\/?s={search_term_string}\"},\"query-input\":{\"@type\":\"PropertyValueSpecification\",\"valueRequired\":true,\"valueName\":\"search_term_string\"}}],\"inLanguage\":\"es\"},{\"@type\":\"Organization\",\"@id\":\"https:\\\/\\\/www.aquimicasa.net\\\/blog\\\/#organization\",\"name\":\"Blog de aquimicasa.net\",\"url\":\"https:\\\/\\\/www.aquimicasa.net\\\/blog\\\/\",\"logo\":{\"@type\":\"ImageObject\",\"inLanguage\":\"es\",\"@id\":\"https:\\\/\\\/www.aquimicasa.net\\\/blog\\\/#\\\/schema\\\/logo\\\/image\\\/\",\"url\":\"https:\\\/\\\/www.aquimicasa.net\\\/blog\\\/wp-content\\\/uploads\\\/Logo-aquimicasa-1-e1528048213782.png\",\"contentUrl\":\"https:\\\/\\\/www.aquimicasa.net\\\/blog\\\/wp-content\\\/uploads\\\/Logo-aquimicasa-1-e1528048213782.png\",\"width\":225,\"height\":225,\"caption\":\"Blog de aquimicasa.net\"},\"image\":{\"@id\":\"https:\\\/\\\/www.aquimicasa.net\\\/blog\\\/#\\\/schema\\\/logo\\\/image\\\/\"},\"sameAs\":[\"https:\\\/\\\/www.facebook.com\\\/aquimicasa.net\",\"https:\\\/\\\/www.instagram.com\\\/\",\"https:\\\/\\\/x.com\\\/EduLizarragaD\",\"https:\\\/\\\/www.linkedin.com\\\/feed\\\/\"]},{\"@type\":\"Person\",\"@id\":\"https:\\\/\\\/www.aquimicasa.net\\\/blog\\\/#\\\/schema\\\/person\\\/2cdfa2605534583395c8d7ce1d6cac14\",\"name\":\"Eduardo Lizarraga\",\"image\":{\"@type\":\"ImageObject\",\"inLanguage\":\"es\",\"@id\":\"https:\\\/\\\/secure.gravatar.com\\\/avatar\\\/bdabe1eeeed97b65a9cb7de2edd624b07995f7e13abc5fead15961f745f908cc?s=96&d=mm&r=g\",\"url\":\"https:\\\/\\\/secure.gravatar.com\\\/avatar\\\/bdabe1eeeed97b65a9cb7de2edd624b07995f7e13abc5fead15961f745f908cc?s=96&d=mm&r=g\",\"contentUrl\":\"https:\\\/\\\/secure.gravatar.com\\\/avatar\\\/bdabe1eeeed97b65a9cb7de2edd624b07995f7e13abc5fead15961f745f908cc?s=96&d=mm&r=g\",\"caption\":\"Eduardo Lizarraga\"},\"description\":\"Periodista Econ\u00f3mico. Ha trabajado en diversos campos de la informaci\u00f3n. Corresponsal en conflictos, analista pol\u00edtico en Congreso y Senado, periodista del medio ambiente, editor, director editorial, director de comunicaci\u00f3n.... En estos momentos se ha especializado en el sector inmobiliario. Pero tambi\u00e9n es navegante y viajero, preocupado por la pobreza, el medio ambiente y por las actuaciones descontroladas del neoliberalismo empresarial y pol\u00edtico en todo el mundo. Los desahucios, la pobreza infantil y la falta de acceso a los suministros b\u00e1sicos son algunos de los grandes dramas de nuestra sociedad y que es preciso solucionar para hacerla m\u00e1s justa. CEO en www.aquimicasa.net\",\"sameAs\":[\"https:\\\/\\\/www.aquimicasa.net\\\/\"],\"url\":\"https:\\\/\\\/www.aquimicasa.net\\\/blog\\\/author\\\/eduardo\\\/\"}]}<\/script>\n<!-- \/ Yoast SEO plugin. -->","yoast_head_json":{"title":"Pagamos casi el doble por los pr\u00e9stamos que los europeos","description":"El mercado del pr\u00e9stamo sigue caro, aunque los tipos de inter\u00e9s hayan emprendido desde principios de a\u00f1o la senda de la moderaci\u00f3n.","robots":{"index":"index","follow":"follow","max-snippet":"max-snippet:-1","max-image-preview":"max-image-preview:large","max-video-preview":"max-video-preview:-1"},"canonical":"https:\/\/www.aquimicasa.net\/blog\/economia\/bancos\/pagamos-casi-el-doble-por-los-prestamos-que-los-europeos\/","og_locale":"es_ES","og_type":"article","og_title":"Pagamos casi el doble por los pr\u00e9stamos que los europeos","og_description":"El mercado del pr\u00e9stamo sigue caro, aunque los tipos de inter\u00e9s hayan emprendido desde principios de a\u00f1o la senda de la moderaci\u00f3n.","og_url":"https:\/\/www.aquimicasa.net\/blog\/economia\/bancos\/pagamos-casi-el-doble-por-los-prestamos-que-los-europeos\/","og_site_name":"Blog de aquimicasa.net","article_publisher":"https:\/\/www.facebook.com\/aquimicasa.net","article_published_time":"2024-03-26T20:25:37+00:00","og_image":[{"width":600,"height":396,"url":"https:\/\/www.aquimicasa.net\/blog\/wp-content\/uploads\/Banqueros-pobres-8.jpg","type":"image\/jpeg"}],"author":"Eduardo Lizarraga","twitter_misc":{"Escrito por":"Eduardo Lizarraga","Tiempo de lectura":"3 minutos"},"schema":{"@context":"https:\/\/schema.org","@graph":[{"@type":"Article","@id":"https:\/\/www.aquimicasa.net\/blog\/economia\/bancos\/pagamos-casi-el-doble-por-los-prestamos-que-los-europeos\/#article","isPartOf":{"@id":"https:\/\/www.aquimicasa.net\/blog\/economia\/bancos\/pagamos-casi-el-doble-por-los-prestamos-que-los-europeos\/"},"author":{"name":"Eduardo Lizarraga","@id":"https:\/\/www.aquimicasa.net\/blog\/#\/schema\/person\/2cdfa2605534583395c8d7ce1d6cac14"},"headline":"Pagamos casi el doble por los pr\u00e9stamos que los europeos","datePublished":"2024-03-26T20:25:37+00:00","mainEntityOfPage":{"@id":"https:\/\/www.aquimicasa.net\/blog\/economia\/bancos\/pagamos-casi-el-doble-por-los-prestamos-que-los-europeos\/"},"wordCount":818,"commentCount":0,"publisher":{"@id":"https:\/\/www.aquimicasa.net\/blog\/#organization"},"image":{"@id":"https:\/\/www.aquimicasa.net\/blog\/economia\/bancos\/pagamos-casi-el-doble-por-los-prestamos-que-los-europeos\/#primaryimage"},"thumbnailUrl":"https:\/\/www.aquimicasa.net\/blog\/wp-content\/uploads\/Banqueros-pobres-8.jpg","keywords":["newsletter 454","noticia de portada"],"articleSection":["Bancos"],"inLanguage":"es","potentialAction":[{"@type":"CommentAction","name":"Comment","target":["https:\/\/www.aquimicasa.net\/blog\/economia\/bancos\/pagamos-casi-el-doble-por-los-prestamos-que-los-europeos\/#respond"]}]},{"@type":"WebPage","@id":"https:\/\/www.aquimicasa.net\/blog\/economia\/bancos\/pagamos-casi-el-doble-por-los-prestamos-que-los-europeos\/","url":"https:\/\/www.aquimicasa.net\/blog\/economia\/bancos\/pagamos-casi-el-doble-por-los-prestamos-que-los-europeos\/","name":"Pagamos casi el doble por los pr\u00e9stamos que los europeos","isPartOf":{"@id":"https:\/\/www.aquimicasa.net\/blog\/#website"},"primaryImageOfPage":{"@id":"https:\/\/www.aquimicasa.net\/blog\/economia\/bancos\/pagamos-casi-el-doble-por-los-prestamos-que-los-europeos\/#primaryimage"},"image":{"@id":"https:\/\/www.aquimicasa.net\/blog\/economia\/bancos\/pagamos-casi-el-doble-por-los-prestamos-que-los-europeos\/#primaryimage"},"thumbnailUrl":"https:\/\/www.aquimicasa.net\/blog\/wp-content\/uploads\/Banqueros-pobres-8.jpg","datePublished":"2024-03-26T20:25:37+00:00","description":"El mercado del pr\u00e9stamo sigue caro, aunque los tipos de inter\u00e9s hayan emprendido desde principios de a\u00f1o la senda de la moderaci\u00f3n.","breadcrumb":{"@id":"https:\/\/www.aquimicasa.net\/blog\/economia\/bancos\/pagamos-casi-el-doble-por-los-prestamos-que-los-europeos\/#breadcrumb"},"inLanguage":"es","potentialAction":[{"@type":"ReadAction","target":["https:\/\/www.aquimicasa.net\/blog\/economia\/bancos\/pagamos-casi-el-doble-por-los-prestamos-que-los-europeos\/"]}]},{"@type":"ImageObject","inLanguage":"es","@id":"https:\/\/www.aquimicasa.net\/blog\/economia\/bancos\/pagamos-casi-el-doble-por-los-prestamos-que-los-europeos\/#primaryimage","url":"https:\/\/www.aquimicasa.net\/blog\/wp-content\/uploads\/Banqueros-pobres-8.jpg","contentUrl":"https:\/\/www.aquimicasa.net\/blog\/wp-content\/uploads\/Banqueros-pobres-8.jpg","width":600,"height":396,"caption":"Pagamos los pr\u00e9stamos a corto plazo casi al doble que la media europea"},{"@type":"BreadcrumbList","@id":"https:\/\/www.aquimicasa.net\/blog\/economia\/bancos\/pagamos-casi-el-doble-por-los-prestamos-que-los-europeos\/#breadcrumb","itemListElement":[{"@type":"ListItem","position":1,"name":"Portada","item":"https:\/\/www.aquimicasa.net\/blog\/"},{"@type":"ListItem","position":2,"name":"Pagamos casi el doble por los pr\u00e9stamos que los europeos"}]},{"@type":"WebSite","@id":"https:\/\/www.aquimicasa.net\/blog\/#website","url":"https:\/\/www.aquimicasa.net\/blog\/","name":"Blog de aquimicasa.net","description":"Noticias del Mundo Inmobiliario","publisher":{"@id":"https:\/\/www.aquimicasa.net\/blog\/#organization"},"potentialAction":[{"@type":"SearchAction","target":{"@type":"EntryPoint","urlTemplate":"https:\/\/www.aquimicasa.net\/blog\/?s={search_term_string}"},"query-input":{"@type":"PropertyValueSpecification","valueRequired":true,"valueName":"search_term_string"}}],"inLanguage":"es"},{"@type":"Organization","@id":"https:\/\/www.aquimicasa.net\/blog\/#organization","name":"Blog de aquimicasa.net","url":"https:\/\/www.aquimicasa.net\/blog\/","logo":{"@type":"ImageObject","inLanguage":"es","@id":"https:\/\/www.aquimicasa.net\/blog\/#\/schema\/logo\/image\/","url":"https:\/\/www.aquimicasa.net\/blog\/wp-content\/uploads\/Logo-aquimicasa-1-e1528048213782.png","contentUrl":"https:\/\/www.aquimicasa.net\/blog\/wp-content\/uploads\/Logo-aquimicasa-1-e1528048213782.png","width":225,"height":225,"caption":"Blog de aquimicasa.net"},"image":{"@id":"https:\/\/www.aquimicasa.net\/blog\/#\/schema\/logo\/image\/"},"sameAs":["https:\/\/www.facebook.com\/aquimicasa.net","https:\/\/www.instagram.com\/","https:\/\/x.com\/EduLizarragaD","https:\/\/www.linkedin.com\/feed\/"]},{"@type":"Person","@id":"https:\/\/www.aquimicasa.net\/blog\/#\/schema\/person\/2cdfa2605534583395c8d7ce1d6cac14","name":"Eduardo Lizarraga","image":{"@type":"ImageObject","inLanguage":"es","@id":"https:\/\/secure.gravatar.com\/avatar\/bdabe1eeeed97b65a9cb7de2edd624b07995f7e13abc5fead15961f745f908cc?s=96&d=mm&r=g","url":"https:\/\/secure.gravatar.com\/avatar\/bdabe1eeeed97b65a9cb7de2edd624b07995f7e13abc5fead15961f745f908cc?s=96&d=mm&r=g","contentUrl":"https:\/\/secure.gravatar.com\/avatar\/bdabe1eeeed97b65a9cb7de2edd624b07995f7e13abc5fead15961f745f908cc?s=96&d=mm&r=g","caption":"Eduardo Lizarraga"},"description":"Periodista Econ\u00f3mico. Ha trabajado en diversos campos de la informaci\u00f3n. Corresponsal en conflictos, analista pol\u00edtico en Congreso y Senado, periodista del medio ambiente, editor, director editorial, director de comunicaci\u00f3n.... En estos momentos se ha especializado en el sector inmobiliario. Pero tambi\u00e9n es navegante y viajero, preocupado por la pobreza, el medio ambiente y por las actuaciones descontroladas del neoliberalismo empresarial y pol\u00edtico en todo el mundo. Los desahucios, la pobreza infantil y la falta de acceso a los suministros b\u00e1sicos son algunos de los grandes dramas de nuestra sociedad y que es preciso solucionar para hacerla m\u00e1s justa. CEO en www.aquimicasa.net","sameAs":["https:\/\/www.aquimicasa.net\/"],"url":"https:\/\/www.aquimicasa.net\/blog\/author\/eduardo\/"}]}},"jetpack_publicize_connections":[],"jetpack_featured_media_url":"https:\/\/www.aquimicasa.net\/blog\/wp-content\/uploads\/Banqueros-pobres-8.jpg","jetpack_sharing_enabled":true,"jetpack_likes_enabled":true,"_links":{"self":[{"href":"https:\/\/www.aquimicasa.net\/blog\/wp-json\/wp\/v2\/posts\/47293","targetHints":{"allow":["GET"]}}],"collection":[{"href":"https:\/\/www.aquimicasa.net\/blog\/wp-json\/wp\/v2\/posts"}],"about":[{"href":"https:\/\/www.aquimicasa.net\/blog\/wp-json\/wp\/v2\/types\/post"}],"author":[{"embeddable":true,"href":"https:\/\/www.aquimicasa.net\/blog\/wp-json\/wp\/v2\/users\/3"}],"replies":[{"embeddable":true,"href":"https:\/\/www.aquimicasa.net\/blog\/wp-json\/wp\/v2\/comments?post=47293"}],"version-history":[{"count":2,"href":"https:\/\/www.aquimicasa.net\/blog\/wp-json\/wp\/v2\/posts\/47293\/revisions"}],"predecessor-version":[{"id":47299,"href":"https:\/\/www.aquimicasa.net\/blog\/wp-json\/wp\/v2\/posts\/47293\/revisions\/47299"}],"wp:featuredmedia":[{"embeddable":true,"href":"https:\/\/www.aquimicasa.net\/blog\/wp-json\/wp\/v2\/media\/47298"}],"wp:attachment":[{"href":"https:\/\/www.aquimicasa.net\/blog\/wp-json\/wp\/v2\/media?parent=47293"}],"wp:term":[{"taxonomy":"category","embeddable":true,"href":"https:\/\/www.aquimicasa.net\/blog\/wp-json\/wp\/v2\/categories?post=47293"},{"taxonomy":"post_tag","embeddable":true,"href":"https:\/\/www.aquimicasa.net\/blog\/wp-json\/wp\/v2\/tags?post=47293"}],"curies":[{"name":"wp","href":"https:\/\/api.w.org\/{rel}","templated":true}]}}