{"id":47504,"date":"2024-04-20T08:20:03","date_gmt":"2024-04-20T06:20:03","guid":{"rendered":"https:\/\/www.aquimicasa.net\/blog\/?p=47504"},"modified":"2024-04-20T08:20:30","modified_gmt":"2024-04-20T06:20:30","slug":"homicidio-por-desahucio-o-muerte-natural","status":"publish","type":"post","link":"https:\/\/www.aquimicasa.net\/blog\/vivienda\/desahucio\/homicidio-por-desahucio-o-muerte-natural\/","title":{"rendered":"Homicidio por desahucio o muerte natural"},"content":{"rendered":"<div class=\"fusion-fullwidth fullwidth-box fusion-builder-row-1 fusion-flex-container nonhundred-percent-fullwidth non-hundred-percent-height-scrolling\" style=\"background-color: rgba(255,255,255,0);background-position: center center;background-repeat: no-repeat;border-width: 0px 0px 0px 0px;border-color:#eae9e9;border-style:solid;\" ><div class=\"fusion-builder-row fusion-row fusion-flex-align-items-flex-start\" style=\"max-width:1144px;margin-left: calc(-4% \/ 2 );margin-right: calc(-4% \/ 2 );\"><div class=\"fusion-layout-column fusion_builder_column fusion-builder-column-0 fusion_builder_column_1_1 1_1 fusion-flex-column\"><div class=\"fusion-column-wrapper fusion-flex-justify-content-flex-start fusion-content-layout-column\" style=\"background-position:left top;background-repeat:no-repeat;-webkit-background-size:cover;-moz-background-size:cover;-o-background-size:cover;background-size:cover;padding: 0px 0px 0px 0px;\"><div class=\"fusion-text fusion-text-1\"><p>La muerte de Patxi, <strong>desahuciado sin ninguna alternativa habitacional<\/strong>, fue consecuencia del desentendimiento municipal y una discutible decisi\u00f3n judicial. Una vez m\u00e1s el derecho constitucional a la vivienda queda supeditado a los intereses de los fondos especuladores en vivienda. El luctuoso suceso puede ser el paradigma de la situaci\u00f3n en la que se encuentran centenares de miles de espa\u00f1oles, inmersos en la explosiva situaci\u00f3n en la que se encuentra el mercado de la vivienda con una <strong>constante subida de precios y sin alquileres sociales<\/strong>.<\/p>\n<h2><strong>El Ayuntamiento de M\u00f3stoles y una decisi\u00f3n judicial<\/strong><\/h2>\n<p>Patxi resid\u00eda desde hac\u00eda tiempo junto con otras 18 familias en el <strong>edificio ocupado de La Dignidad en M\u00f3stoles<\/strong> (Madrid); ten\u00eda un estado de salud muy delicado, una discapacidad del 65% y sufr\u00eda varias dolencias cr\u00f3nicas graves como arterosclerosis, arteriopat\u00eda cr\u00f3nica, diabetes, hipertensi\u00f3n, anemia y desnutrici\u00f3n severa, muchas de ellas producidas por <strong>una vida en la que no hab\u00eda tenido suerte<\/strong>.<\/p>\n<p>Tras el desalojo del edificio La Dignidad, Patxi, junto a las dem\u00e1s familias expulsadas pasaron a vivir un poco peor en el parque Cuartel Huertas, sin que, durante nueve meses ,el <strong>Ayuntamiento de M\u00f3stoles<\/strong>, que dispone de vviendas municipales vac\u00eds y cerradas,\u00a0 le ofreciera alguna soluci\u00f3n. En distintas ocasiones sufrieron el acoso policial que los desaloj\u00f3 tambi\u00e9n de este espacio p\u00fablico; sin embargo, las personas que no consiguieron por sus propios medios alg\u00fan tipo de alojamiento,\u00a0 continuaron viviendo en el parque.<\/p>\n<p>Hace ya una semana el estado de salud de Patxi, que hab\u00eda empeorado mucho tras la salida de La Dignidad y no recibir ninguna ayuda por parte de las instituciones, tuvo una crisis y debi\u00f3 que ser <strong>intervenido de urgencia<\/strong>, no pudiendo superar la intervenci\u00f3n.<\/p>\n<p>El movimiento de vivienda de Madrid ha protestado\u00a0 contra el <strong>desamparo institucional de las familias vulnerables en M\u00f3stoles<\/strong> realizando una concentraci\u00f3n en el Parque Huertas, el lugar en que malvivi\u00f3 Patxi los \u00faltimos meses de su vida. El movimiento insiste en que las instituciones han \u00abasesinado\u00bb a este hombre de solo\u00a058 a\u00f1os. \u00abEs incomprensible que el juzgado n\u00famero 1 de M\u00f3stoles no lo considerara vulnerable y lo desahuciara\u00a0sin ninguna alternativa habitacional\u00bb.<\/p>\n<h2><strong>La Dignidad fue adquirida por un fondo buitre<\/strong><\/h2>\n<p>Ese lugar en el que Patxi, junto a otras decenas de despojados de la vida residieron durante mucho tiempo, el edificio La Dignidad en el n\u00famero 2 de la calle Carcavilla de M\u00f3stoles, era tambi\u00e9n el lugar de vivienda de 18 menores de edad. El edificio, que llevaba a\u00f1os en desuso y abandono, hab\u00eda sido adquirido por la Sareb tras la crisis econ\u00f3mica y hab\u00eda sido vendido en subasta por 4,6 millones de euros a la firma <strong>Midtown Capital Parters<\/strong>, con sede en Miami que inici\u00f3 el procedimiento judicial para <strong>desahuciar a las familias<\/strong> que vivian all\u00ed.<\/p>\n<p>La expulsi\u00f3n de los residentes de La Dignidad tambi\u00e9n cont\u00f3 con la desaprobaci\u00f3n del jefe de la subdivisi\u00f3n de Tratados de Derechos Humanos del Pacto Internacional de <strong>Derechos Sociales de la ONU<\/strong>, que en los d\u00edas previos al desalojo envi\u00f3 una carta a los vecinos \u2013que fue remitida al juez al frente del caso\u2013 para solicitar la <strong>paralizaci\u00f3n del desahucio<\/strong>. No sirvi\u00f3 de nada frente a los intereses econ\u00f3micos y hoy Patxi ya ha muerto.<\/p>\n<\/div><\/div><style type=\"text\/css\">.fusion-body .fusion-builder-column-0{width:100% !important;margin-top : 0px;margin-bottom : 0px;}.fusion-builder-column-0 > .fusion-column-wrapper {padding-top : 0px !important;padding-right : 0px !important;margin-right : 1.92%;padding-bottom : 0px !important;padding-left : 0px !important;margin-left : 1.92%;}@media only screen and (max-width:1024px) {.fusion-body .fusion-builder-column-0{width:100% !important;}.fusion-builder-column-0 > .fusion-column-wrapper {margin-right : 1.92%;margin-left : 1.92%;}}@media only screen and (max-width:640px) {.fusion-body .fusion-builder-column-0{width:100% !important;}.fusion-builder-column-0 > .fusion-column-wrapper {margin-right : 1.92%;margin-left : 1.92%;}}<\/style><\/div><\/div><style type=\"text\/css\">.fusion-body .fusion-flex-container.fusion-builder-row-1{ padding-top : 0px;margin-top : 0px;padding-right : 0px;padding-bottom : 0px;margin-bottom : 0px;padding-left : 0px;}<\/style><\/div>\n","protected":false},"excerpt":{"rendered":"<p>El edificio La Dignidad que llevaba a\u00f1os en desuso y abandono, hab\u00eda sido adquirido por la Sareb tras la crisis econ\u00f3mica y hab\u00eda sido vendido en subasta por 4,6 millones de euros a la firma Midtown Capital Parters, con sede en Miami que inici\u00f3 el procedimiento judicial para desahuciar a las familias que vivian all\u00ed.<\/p>\n","protected":false},"author":3,"featured_media":47518,"comment_status":"open","ping_status":"closed","sticky":false,"template":"","format":"standard","meta":{"_jetpack_memberships_contains_paid_content":false,"footnotes":"","jetpack_publicize_message":"","jetpack_publicize_feature_enabled":true,"jetpack_social_post_already_shared":false,"jetpack_social_options":{"image_generator_settings":{"template":"highway","default_image_id":0,"font":"","enabled":false},"version":2}},"categories":[25],"tags":[8164,7568],"class_list":["post-47504","post","type-post","status-publish","format-standard","has-post-thumbnail","hentry","category-desahucio","tag-newsletter-458","tag-noticia-de-portada"],"yoast_head":"<!-- This site is optimized with the Yoast SEO plugin v27.5 - https:\/\/yoast.com\/product\/yoast-seo-wordpress\/ -->\n<title>Homicidio por desahucio o muerte natural<\/title>\n<meta name=\"description\" content=\"El juzgado n\u00famero 1 de M\u00f3stoles no lo consider\u00f3 vulnerable y lo desahuci\u00f3\u00a0sin ninguna alternativa habitacional&quot;.\" \/>\n<meta name=\"robots\" content=\"index, follow, max-snippet:-1, max-image-preview:large, max-video-preview:-1\" \/>\n<link rel=\"canonical\" href=\"https:\/\/www.aquimicasa.net\/blog\/vivienda\/desahucio\/homicidio-por-desahucio-o-muerte-natural\/\" \/>\n<meta property=\"og:locale\" content=\"es_ES\" \/>\n<meta property=\"og:type\" content=\"article\" \/>\n<meta property=\"og:title\" content=\"Homicidio por desahucio o muerte natural\" \/>\n<meta property=\"og:description\" content=\"El juzgado n\u00famero 1 de M\u00f3stoles no lo consider\u00f3 vulnerable y lo desahuci\u00f3\u00a0sin ninguna alternativa habitacional&quot;.\" \/>\n<meta property=\"og:url\" content=\"https:\/\/www.aquimicasa.net\/blog\/vivienda\/desahucio\/homicidio-por-desahucio-o-muerte-natural\/\" \/>\n<meta property=\"og:site_name\" content=\"Blog de aquimicasa.net\" \/>\n<meta property=\"article:publisher\" content=\"https:\/\/www.facebook.com\/aquimicasa.net\" \/>\n<meta property=\"article:published_time\" content=\"2024-04-20T06:20:03+00:00\" \/>\n<meta property=\"article:modified_time\" content=\"2024-04-20T06:20:30+00:00\" \/>\n<meta property=\"og:image\" content=\"https:\/\/www.aquimicasa.net\/blog\/wp-content\/uploads\/La-Dignidad.jpg\" \/>\n\t<meta property=\"og:image:width\" content=\"696\" \/>\n\t<meta property=\"og:image:height\" content=\"463\" \/>\n\t<meta property=\"og:image:type\" content=\"image\/jpeg\" \/>\n<meta name=\"author\" content=\"Eduardo Lizarraga\" \/>\n<meta name=\"twitter:label1\" content=\"Escrito por\" \/>\n\t<meta name=\"twitter:data1\" content=\"Eduardo Lizarraga\" \/>\n\t<meta name=\"twitter:label2\" content=\"Tiempo de lectura\" \/>\n\t<meta name=\"twitter:data2\" content=\"4 minutos\" \/>\n<script type=\"application\/ld+json\" class=\"yoast-schema-graph\">{\"@context\":\"https:\\\/\\\/schema.org\",\"@graph\":[{\"@type\":\"Article\",\"@id\":\"https:\\\/\\\/www.aquimicasa.net\\\/blog\\\/vivienda\\\/desahucio\\\/homicidio-por-desahucio-o-muerte-natural\\\/#article\",\"isPartOf\":{\"@id\":\"https:\\\/\\\/www.aquimicasa.net\\\/blog\\\/vivienda\\\/desahucio\\\/homicidio-por-desahucio-o-muerte-natural\\\/\"},\"author\":{\"name\":\"Eduardo Lizarraga\",\"@id\":\"https:\\\/\\\/www.aquimicasa.net\\\/blog\\\/#\\\/schema\\\/person\\\/2cdfa2605534583395c8d7ce1d6cac14\"},\"headline\":\"Homicidio por desahucio o muerte natural\",\"datePublished\":\"2024-04-20T06:20:03+00:00\",\"dateModified\":\"2024-04-20T06:20:30+00:00\",\"mainEntityOfPage\":{\"@id\":\"https:\\\/\\\/www.aquimicasa.net\\\/blog\\\/vivienda\\\/desahucio\\\/homicidio-por-desahucio-o-muerte-natural\\\/\"},\"wordCount\":816,\"commentCount\":0,\"publisher\":{\"@id\":\"https:\\\/\\\/www.aquimicasa.net\\\/blog\\\/#organization\"},\"image\":{\"@id\":\"https:\\\/\\\/www.aquimicasa.net\\\/blog\\\/vivienda\\\/desahucio\\\/homicidio-por-desahucio-o-muerte-natural\\\/#primaryimage\"},\"thumbnailUrl\":\"https:\\\/\\\/www.aquimicasa.net\\\/blog\\\/wp-content\\\/uploads\\\/La-Dignidad.jpg\",\"keywords\":[\"newsletter 458\",\"noticia de portada\"],\"articleSection\":[\"Desahucios\"],\"inLanguage\":\"es\",\"potentialAction\":[{\"@type\":\"CommentAction\",\"name\":\"Comment\",\"target\":[\"https:\\\/\\\/www.aquimicasa.net\\\/blog\\\/vivienda\\\/desahucio\\\/homicidio-por-desahucio-o-muerte-natural\\\/#respond\"]}]},{\"@type\":\"WebPage\",\"@id\":\"https:\\\/\\\/www.aquimicasa.net\\\/blog\\\/vivienda\\\/desahucio\\\/homicidio-por-desahucio-o-muerte-natural\\\/\",\"url\":\"https:\\\/\\\/www.aquimicasa.net\\\/blog\\\/vivienda\\\/desahucio\\\/homicidio-por-desahucio-o-muerte-natural\\\/\",\"name\":\"Homicidio por desahucio o muerte natural\",\"isPartOf\":{\"@id\":\"https:\\\/\\\/www.aquimicasa.net\\\/blog\\\/#website\"},\"primaryImageOfPage\":{\"@id\":\"https:\\\/\\\/www.aquimicasa.net\\\/blog\\\/vivienda\\\/desahucio\\\/homicidio-por-desahucio-o-muerte-natural\\\/#primaryimage\"},\"image\":{\"@id\":\"https:\\\/\\\/www.aquimicasa.net\\\/blog\\\/vivienda\\\/desahucio\\\/homicidio-por-desahucio-o-muerte-natural\\\/#primaryimage\"},\"thumbnailUrl\":\"https:\\\/\\\/www.aquimicasa.net\\\/blog\\\/wp-content\\\/uploads\\\/La-Dignidad.jpg\",\"datePublished\":\"2024-04-20T06:20:03+00:00\",\"dateModified\":\"2024-04-20T06:20:30+00:00\",\"description\":\"El juzgado n\u00famero 1 de M\u00f3stoles no lo consider\u00f3 vulnerable y lo desahuci\u00f3\u00a0sin ninguna alternativa habitacional\\\".\",\"breadcrumb\":{\"@id\":\"https:\\\/\\\/www.aquimicasa.net\\\/blog\\\/vivienda\\\/desahucio\\\/homicidio-por-desahucio-o-muerte-natural\\\/#breadcrumb\"},\"inLanguage\":\"es\",\"potentialAction\":[{\"@type\":\"ReadAction\",\"target\":[\"https:\\\/\\\/www.aquimicasa.net\\\/blog\\\/vivienda\\\/desahucio\\\/homicidio-por-desahucio-o-muerte-natural\\\/\"]}]},{\"@type\":\"ImageObject\",\"inLanguage\":\"es\",\"@id\":\"https:\\\/\\\/www.aquimicasa.net\\\/blog\\\/vivienda\\\/desahucio\\\/homicidio-por-desahucio-o-muerte-natural\\\/#primaryimage\",\"url\":\"https:\\\/\\\/www.aquimicasa.net\\\/blog\\\/wp-content\\\/uploads\\\/La-Dignidad.jpg\",\"contentUrl\":\"https:\\\/\\\/www.aquimicasa.net\\\/blog\\\/wp-content\\\/uploads\\\/La-Dignidad.jpg\",\"width\":696,\"height\":463,\"caption\":\"Edificio la Dignidad ante el desahucio inminente\"},{\"@type\":\"BreadcrumbList\",\"@id\":\"https:\\\/\\\/www.aquimicasa.net\\\/blog\\\/vivienda\\\/desahucio\\\/homicidio-por-desahucio-o-muerte-natural\\\/#breadcrumb\",\"itemListElement\":[{\"@type\":\"ListItem\",\"position\":1,\"name\":\"Portada\",\"item\":\"https:\\\/\\\/www.aquimicasa.net\\\/blog\\\/\"},{\"@type\":\"ListItem\",\"position\":2,\"name\":\"Homicidio por desahucio o muerte natural\"}]},{\"@type\":\"WebSite\",\"@id\":\"https:\\\/\\\/www.aquimicasa.net\\\/blog\\\/#website\",\"url\":\"https:\\\/\\\/www.aquimicasa.net\\\/blog\\\/\",\"name\":\"Blog de aquimicasa.net\",\"description\":\"Noticias del Mundo Inmobiliario\",\"publisher\":{\"@id\":\"https:\\\/\\\/www.aquimicasa.net\\\/blog\\\/#organization\"},\"potentialAction\":[{\"@type\":\"SearchAction\",\"target\":{\"@type\":\"EntryPoint\",\"urlTemplate\":\"https:\\\/\\\/www.aquimicasa.net\\\/blog\\\/?s={search_term_string}\"},\"query-input\":{\"@type\":\"PropertyValueSpecification\",\"valueRequired\":true,\"valueName\":\"search_term_string\"}}],\"inLanguage\":\"es\"},{\"@type\":\"Organization\",\"@id\":\"https:\\\/\\\/www.aquimicasa.net\\\/blog\\\/#organization\",\"name\":\"Blog de aquimicasa.net\",\"url\":\"https:\\\/\\\/www.aquimicasa.net\\\/blog\\\/\",\"logo\":{\"@type\":\"ImageObject\",\"inLanguage\":\"es\",\"@id\":\"https:\\\/\\\/www.aquimicasa.net\\\/blog\\\/#\\\/schema\\\/logo\\\/image\\\/\",\"url\":\"https:\\\/\\\/www.aquimicasa.net\\\/blog\\\/wp-content\\\/uploads\\\/Logo-aquimicasa-1-e1528048213782.png\",\"contentUrl\":\"https:\\\/\\\/www.aquimicasa.net\\\/blog\\\/wp-content\\\/uploads\\\/Logo-aquimicasa-1-e1528048213782.png\",\"width\":225,\"height\":225,\"caption\":\"Blog de aquimicasa.net\"},\"image\":{\"@id\":\"https:\\\/\\\/www.aquimicasa.net\\\/blog\\\/#\\\/schema\\\/logo\\\/image\\\/\"},\"sameAs\":[\"https:\\\/\\\/www.facebook.com\\\/aquimicasa.net\",\"https:\\\/\\\/www.instagram.com\\\/\",\"https:\\\/\\\/x.com\\\/EduLizarragaD\",\"https:\\\/\\\/www.linkedin.com\\\/feed\\\/\"]},{\"@type\":\"Person\",\"@id\":\"https:\\\/\\\/www.aquimicasa.net\\\/blog\\\/#\\\/schema\\\/person\\\/2cdfa2605534583395c8d7ce1d6cac14\",\"name\":\"Eduardo Lizarraga\",\"image\":{\"@type\":\"ImageObject\",\"inLanguage\":\"es\",\"@id\":\"https:\\\/\\\/secure.gravatar.com\\\/avatar\\\/bdabe1eeeed97b65a9cb7de2edd624b07995f7e13abc5fead15961f745f908cc?s=96&d=mm&r=g\",\"url\":\"https:\\\/\\\/secure.gravatar.com\\\/avatar\\\/bdabe1eeeed97b65a9cb7de2edd624b07995f7e13abc5fead15961f745f908cc?s=96&d=mm&r=g\",\"contentUrl\":\"https:\\\/\\\/secure.gravatar.com\\\/avatar\\\/bdabe1eeeed97b65a9cb7de2edd624b07995f7e13abc5fead15961f745f908cc?s=96&d=mm&r=g\",\"caption\":\"Eduardo Lizarraga\"},\"description\":\"Periodista Econ\u00f3mico. Ha trabajado en diversos campos de la informaci\u00f3n. Corresponsal en conflictos, analista pol\u00edtico en Congreso y Senado, periodista del medio ambiente, editor, director editorial, director de comunicaci\u00f3n.... En estos momentos se ha especializado en el sector inmobiliario. Pero tambi\u00e9n es navegante y viajero, preocupado por la pobreza, el medio ambiente y por las actuaciones descontroladas del neoliberalismo empresarial y pol\u00edtico en todo el mundo. Los desahucios, la pobreza infantil y la falta de acceso a los suministros b\u00e1sicos son algunos de los grandes dramas de nuestra sociedad y que es preciso solucionar para hacerla m\u00e1s justa. CEO en www.aquimicasa.net\",\"sameAs\":[\"https:\\\/\\\/www.aquimicasa.net\\\/\"],\"url\":\"https:\\\/\\\/www.aquimicasa.net\\\/blog\\\/author\\\/eduardo\\\/\"}]}<\/script>\n<!-- \/ Yoast SEO plugin. -->","yoast_head_json":{"title":"Homicidio por desahucio o muerte natural","description":"El juzgado n\u00famero 1 de M\u00f3stoles no lo consider\u00f3 vulnerable y lo desahuci\u00f3\u00a0sin ninguna alternativa habitacional\".","robots":{"index":"index","follow":"follow","max-snippet":"max-snippet:-1","max-image-preview":"max-image-preview:large","max-video-preview":"max-video-preview:-1"},"canonical":"https:\/\/www.aquimicasa.net\/blog\/vivienda\/desahucio\/homicidio-por-desahucio-o-muerte-natural\/","og_locale":"es_ES","og_type":"article","og_title":"Homicidio por desahucio o muerte natural","og_description":"El juzgado n\u00famero 1 de M\u00f3stoles no lo consider\u00f3 vulnerable y lo desahuci\u00f3\u00a0sin ninguna alternativa habitacional\".","og_url":"https:\/\/www.aquimicasa.net\/blog\/vivienda\/desahucio\/homicidio-por-desahucio-o-muerte-natural\/","og_site_name":"Blog de aquimicasa.net","article_publisher":"https:\/\/www.facebook.com\/aquimicasa.net","article_published_time":"2024-04-20T06:20:03+00:00","article_modified_time":"2024-04-20T06:20:30+00:00","og_image":[{"width":696,"height":463,"url":"https:\/\/www.aquimicasa.net\/blog\/wp-content\/uploads\/La-Dignidad.jpg","type":"image\/jpeg"}],"author":"Eduardo Lizarraga","twitter_misc":{"Escrito por":"Eduardo Lizarraga","Tiempo de lectura":"4 minutos"},"schema":{"@context":"https:\/\/schema.org","@graph":[{"@type":"Article","@id":"https:\/\/www.aquimicasa.net\/blog\/vivienda\/desahucio\/homicidio-por-desahucio-o-muerte-natural\/#article","isPartOf":{"@id":"https:\/\/www.aquimicasa.net\/blog\/vivienda\/desahucio\/homicidio-por-desahucio-o-muerte-natural\/"},"author":{"name":"Eduardo Lizarraga","@id":"https:\/\/www.aquimicasa.net\/blog\/#\/schema\/person\/2cdfa2605534583395c8d7ce1d6cac14"},"headline":"Homicidio por desahucio o muerte natural","datePublished":"2024-04-20T06:20:03+00:00","dateModified":"2024-04-20T06:20:30+00:00","mainEntityOfPage":{"@id":"https:\/\/www.aquimicasa.net\/blog\/vivienda\/desahucio\/homicidio-por-desahucio-o-muerte-natural\/"},"wordCount":816,"commentCount":0,"publisher":{"@id":"https:\/\/www.aquimicasa.net\/blog\/#organization"},"image":{"@id":"https:\/\/www.aquimicasa.net\/blog\/vivienda\/desahucio\/homicidio-por-desahucio-o-muerte-natural\/#primaryimage"},"thumbnailUrl":"https:\/\/www.aquimicasa.net\/blog\/wp-content\/uploads\/La-Dignidad.jpg","keywords":["newsletter 458","noticia de portada"],"articleSection":["Desahucios"],"inLanguage":"es","potentialAction":[{"@type":"CommentAction","name":"Comment","target":["https:\/\/www.aquimicasa.net\/blog\/vivienda\/desahucio\/homicidio-por-desahucio-o-muerte-natural\/#respond"]}]},{"@type":"WebPage","@id":"https:\/\/www.aquimicasa.net\/blog\/vivienda\/desahucio\/homicidio-por-desahucio-o-muerte-natural\/","url":"https:\/\/www.aquimicasa.net\/blog\/vivienda\/desahucio\/homicidio-por-desahucio-o-muerte-natural\/","name":"Homicidio por desahucio o muerte natural","isPartOf":{"@id":"https:\/\/www.aquimicasa.net\/blog\/#website"},"primaryImageOfPage":{"@id":"https:\/\/www.aquimicasa.net\/blog\/vivienda\/desahucio\/homicidio-por-desahucio-o-muerte-natural\/#primaryimage"},"image":{"@id":"https:\/\/www.aquimicasa.net\/blog\/vivienda\/desahucio\/homicidio-por-desahucio-o-muerte-natural\/#primaryimage"},"thumbnailUrl":"https:\/\/www.aquimicasa.net\/blog\/wp-content\/uploads\/La-Dignidad.jpg","datePublished":"2024-04-20T06:20:03+00:00","dateModified":"2024-04-20T06:20:30+00:00","description":"El juzgado n\u00famero 1 de M\u00f3stoles no lo consider\u00f3 vulnerable y lo desahuci\u00f3\u00a0sin ninguna alternativa habitacional\".","breadcrumb":{"@id":"https:\/\/www.aquimicasa.net\/blog\/vivienda\/desahucio\/homicidio-por-desahucio-o-muerte-natural\/#breadcrumb"},"inLanguage":"es","potentialAction":[{"@type":"ReadAction","target":["https:\/\/www.aquimicasa.net\/blog\/vivienda\/desahucio\/homicidio-por-desahucio-o-muerte-natural\/"]}]},{"@type":"ImageObject","inLanguage":"es","@id":"https:\/\/www.aquimicasa.net\/blog\/vivienda\/desahucio\/homicidio-por-desahucio-o-muerte-natural\/#primaryimage","url":"https:\/\/www.aquimicasa.net\/blog\/wp-content\/uploads\/La-Dignidad.jpg","contentUrl":"https:\/\/www.aquimicasa.net\/blog\/wp-content\/uploads\/La-Dignidad.jpg","width":696,"height":463,"caption":"Edificio la Dignidad ante el desahucio inminente"},{"@type":"BreadcrumbList","@id":"https:\/\/www.aquimicasa.net\/blog\/vivienda\/desahucio\/homicidio-por-desahucio-o-muerte-natural\/#breadcrumb","itemListElement":[{"@type":"ListItem","position":1,"name":"Portada","item":"https:\/\/www.aquimicasa.net\/blog\/"},{"@type":"ListItem","position":2,"name":"Homicidio por desahucio o muerte natural"}]},{"@type":"WebSite","@id":"https:\/\/www.aquimicasa.net\/blog\/#website","url":"https:\/\/www.aquimicasa.net\/blog\/","name":"Blog de aquimicasa.net","description":"Noticias del Mundo Inmobiliario","publisher":{"@id":"https:\/\/www.aquimicasa.net\/blog\/#organization"},"potentialAction":[{"@type":"SearchAction","target":{"@type":"EntryPoint","urlTemplate":"https:\/\/www.aquimicasa.net\/blog\/?s={search_term_string}"},"query-input":{"@type":"PropertyValueSpecification","valueRequired":true,"valueName":"search_term_string"}}],"inLanguage":"es"},{"@type":"Organization","@id":"https:\/\/www.aquimicasa.net\/blog\/#organization","name":"Blog de aquimicasa.net","url":"https:\/\/www.aquimicasa.net\/blog\/","logo":{"@type":"ImageObject","inLanguage":"es","@id":"https:\/\/www.aquimicasa.net\/blog\/#\/schema\/logo\/image\/","url":"https:\/\/www.aquimicasa.net\/blog\/wp-content\/uploads\/Logo-aquimicasa-1-e1528048213782.png","contentUrl":"https:\/\/www.aquimicasa.net\/blog\/wp-content\/uploads\/Logo-aquimicasa-1-e1528048213782.png","width":225,"height":225,"caption":"Blog de aquimicasa.net"},"image":{"@id":"https:\/\/www.aquimicasa.net\/blog\/#\/schema\/logo\/image\/"},"sameAs":["https:\/\/www.facebook.com\/aquimicasa.net","https:\/\/www.instagram.com\/","https:\/\/x.com\/EduLizarragaD","https:\/\/www.linkedin.com\/feed\/"]},{"@type":"Person","@id":"https:\/\/www.aquimicasa.net\/blog\/#\/schema\/person\/2cdfa2605534583395c8d7ce1d6cac14","name":"Eduardo Lizarraga","image":{"@type":"ImageObject","inLanguage":"es","@id":"https:\/\/secure.gravatar.com\/avatar\/bdabe1eeeed97b65a9cb7de2edd624b07995f7e13abc5fead15961f745f908cc?s=96&d=mm&r=g","url":"https:\/\/secure.gravatar.com\/avatar\/bdabe1eeeed97b65a9cb7de2edd624b07995f7e13abc5fead15961f745f908cc?s=96&d=mm&r=g","contentUrl":"https:\/\/secure.gravatar.com\/avatar\/bdabe1eeeed97b65a9cb7de2edd624b07995f7e13abc5fead15961f745f908cc?s=96&d=mm&r=g","caption":"Eduardo Lizarraga"},"description":"Periodista Econ\u00f3mico. Ha trabajado en diversos campos de la informaci\u00f3n. Corresponsal en conflictos, analista pol\u00edtico en Congreso y Senado, periodista del medio ambiente, editor, director editorial, director de comunicaci\u00f3n.... En estos momentos se ha especializado en el sector inmobiliario. Pero tambi\u00e9n es navegante y viajero, preocupado por la pobreza, el medio ambiente y por las actuaciones descontroladas del neoliberalismo empresarial y pol\u00edtico en todo el mundo. Los desahucios, la pobreza infantil y la falta de acceso a los suministros b\u00e1sicos son algunos de los grandes dramas de nuestra sociedad y que es preciso solucionar para hacerla m\u00e1s justa. CEO en www.aquimicasa.net","sameAs":["https:\/\/www.aquimicasa.net\/"],"url":"https:\/\/www.aquimicasa.net\/blog\/author\/eduardo\/"}]}},"jetpack_publicize_connections":[],"jetpack_featured_media_url":"https:\/\/www.aquimicasa.net\/blog\/wp-content\/uploads\/La-Dignidad.jpg","jetpack_sharing_enabled":true,"jetpack_likes_enabled":true,"_links":{"self":[{"href":"https:\/\/www.aquimicasa.net\/blog\/wp-json\/wp\/v2\/posts\/47504","targetHints":{"allow":["GET"]}}],"collection":[{"href":"https:\/\/www.aquimicasa.net\/blog\/wp-json\/wp\/v2\/posts"}],"about":[{"href":"https:\/\/www.aquimicasa.net\/blog\/wp-json\/wp\/v2\/types\/post"}],"author":[{"embeddable":true,"href":"https:\/\/www.aquimicasa.net\/blog\/wp-json\/wp\/v2\/users\/3"}],"replies":[{"embeddable":true,"href":"https:\/\/www.aquimicasa.net\/blog\/wp-json\/wp\/v2\/comments?post=47504"}],"version-history":[{"count":7,"href":"https:\/\/www.aquimicasa.net\/blog\/wp-json\/wp\/v2\/posts\/47504\/revisions"}],"predecessor-version":[{"id":47517,"href":"https:\/\/www.aquimicasa.net\/blog\/wp-json\/wp\/v2\/posts\/47504\/revisions\/47517"}],"wp:featuredmedia":[{"embeddable":true,"href":"https:\/\/www.aquimicasa.net\/blog\/wp-json\/wp\/v2\/media\/47518"}],"wp:attachment":[{"href":"https:\/\/www.aquimicasa.net\/blog\/wp-json\/wp\/v2\/media?parent=47504"}],"wp:term":[{"taxonomy":"category","embeddable":true,"href":"https:\/\/www.aquimicasa.net\/blog\/wp-json\/wp\/v2\/categories?post=47504"},{"taxonomy":"post_tag","embeddable":true,"href":"https:\/\/www.aquimicasa.net\/blog\/wp-json\/wp\/v2\/tags?post=47504"}],"curies":[{"name":"wp","href":"https:\/\/api.w.org\/{rel}","templated":true}]}}