{"id":48153,"date":"2024-06-21T22:37:21","date_gmt":"2024-06-21T20:37:21","guid":{"rendered":"https:\/\/www.aquimicasa.net\/blog\/?p=48153"},"modified":"2024-06-21T22:37:58","modified_gmt":"2024-06-21T20:37:58","slug":"el-ine-confirma-el-crecimiento-hipotecario-del-28-en-abril","status":"publish","type":"post","link":"https:\/\/www.aquimicasa.net\/blog\/hipotecas\/noticias-sobre-el-mercado-hipotecario\/el-ine-confirma-el-crecimiento-hipotecario-del-28-en-abril\/","title":{"rendered":"El INE confirma el crecimiento hipotecario del 28% en abril"},"content":{"rendered":"<div class=\"fusion-fullwidth fullwidth-box fusion-builder-row-1 fusion-flex-container nonhundred-percent-fullwidth non-hundred-percent-height-scrolling\" style=\"background-color: rgba(255,255,255,0);background-position: center center;background-repeat: no-repeat;border-width: 0px 0px 0px 0px;border-color:#eae9e9;border-style:solid;\" ><div class=\"fusion-builder-row fusion-row fusion-flex-align-items-flex-start\" style=\"max-width:1144px;margin-left: calc(-4% \/ 2 );margin-right: calc(-4% \/ 2 );\"><div class=\"fusion-layout-column fusion_builder_column fusion-builder-column-0 fusion_builder_column_1_1 1_1 fusion-flex-column\"><div class=\"fusion-column-wrapper fusion-flex-justify-content-flex-start fusion-content-layout-column\" style=\"background-position:left top;background-repeat:no-repeat;-webkit-background-size:cover;-moz-background-size:cover;-o-background-size:cover;background-size:cover;padding: 0px 0px 0px 0px;\"><div class=\"fusion-text fusion-text-1\"><p data-block-key=\"fm84x\">El n\u00famero de hipotecas sobre viviendas registr\u00f3 el pasado mes de abril un incremento del 28% en comparaci\u00f3n con el mismo mes de 2023, alcanzando las 34.264 unidades, la cifra m\u00e1s alta para un mes de abril desde 2010 de acuerdo a los datos publicados por el Instituto Nacional de Estad\u00edstica (INE).<\/p>\n<p data-block-key=\"fm84x\">El importe medio de estas operaciones fue de 139.328 euros, con un aumento del 1,5%, situ\u00e1ndose el tipo de inter\u00e9s medio\u00a0 en el 3,38%. Este inter\u00e9s ya es inferior al marcado en enero y marzo de este a\u00f1o, con tasas del 3,46% y 3,41% respectivamente. Por su parte, el capital prestado experiment\u00f3 un aumento del 30%, alcanzando casi 4.774 millones de euros.<\/p>\n<p data-block-key=\"fm84x\">Teniendo el cuenta el total de fincas hipotecadas, inscritas en los registros de la propiedad ,su importe medio disminuy\u00f3 un 4,3%.<\/p>\n<p><strong>Hipotecas constituidas. Abril 2024<\/strong><\/p>\n<table width=\"643\">\n<thead>\n<tr>\n<td colspan=\"3\" rowspan=\"2\"><strong>\u00a0<\/strong><\/td>\n<td rowspan=\"2\"><strong>Total<\/strong><\/td>\n<td colspan=\"3\"><strong>% Variaci\u00f3n<\/strong><\/td>\n<\/tr>\n<tr>\n<td><strong>Mensual<\/strong><\/td>\n<td><strong>Anual<\/strong><\/td>\n<td><strong>Anual acumulada<\/strong><\/td>\n<\/tr>\n<\/thead>\n<tbody>\n<tr>\n<td rowspan=\"9\"><strong>Fincas<\/strong><\/td>\n<td rowspan=\"3\"><strong>Total fincas<\/strong><\/td>\n<td><strong>N\u00famero de fincas hipotecadas<\/strong><\/td>\n<td>44.949<\/td>\n<td>17,3<\/td>\n<td>26,9<\/td>\n<td>-1,8<\/td>\n<\/tr>\n<tr>\n<td><strong>Capital prestado (miles de euros)<\/strong><\/td>\n<td>6.857.301<\/td>\n<td>9,0<\/td>\n<td>21,4<\/td>\n<td>-4,0<\/td>\n<\/tr>\n<tr>\n<td><strong>Importe medio (euros)<\/strong><\/td>\n<td>152.557<\/td>\n<td>-7,0<\/td>\n<td>-4,3<\/td>\n<td>-2,3<\/td>\n<\/tr>\n<tr>\n<td rowspan=\"3\"><strong>Fincas r\u00fasticas<\/strong><\/td>\n<td><strong>N\u00famero de fincas hipotecadas<\/strong><\/td>\n<td>1.119<\/td>\n<td>80,5<\/td>\n<td>56,5<\/td>\n<td>-7,9<\/td>\n<\/tr>\n<tr>\n<td><strong>Capital prestado (miles de euros)<\/strong><\/td>\n<td>126.604<\/td>\n<td>1,4<\/td>\n<td>-7,9<\/td>\n<td>-16,4<\/td>\n<\/tr>\n<tr>\n<td><strong>Importe medio (euros)<\/strong><\/td>\n<td>113.140<\/td>\n<td>-43,8<\/td>\n<td>-41,1<\/td>\n<td>-9,2<\/td>\n<\/tr>\n<tr>\n<td rowspan=\"3\"><strong>Fincas urbanas<\/strong><\/td>\n<td><strong>N\u00famero de fincas hipotecadas<\/strong><\/td>\n<td>43.830<\/td>\n<td>16,2<\/td>\n<td>26,3<\/td>\n<td>-1,7<\/td>\n<\/tr>\n<tr>\n<td><strong>Capital prestado (miles de euros)<\/strong><\/td>\n<td>6.730.697<\/td>\n<td>9,2<\/td>\n<td>22,1<\/td>\n<td>-3,8<\/td>\n<\/tr>\n<tr>\n<td><strong>Importe medio (euros)<\/strong><\/td>\n<td>153.564<\/td>\n<td>-6,0<\/td>\n<td>-3,3<\/td>\n<td>-2,1<\/td>\n<\/tr>\n<tr>\n<td colspan=\"2\" rowspan=\"3\"><strong>Viviendas<\/strong><\/td>\n<td><strong>N\u00famero de fincas hipotecadas<\/strong><\/td>\n<td>34.264<\/td>\n<td>15,5<\/td>\n<td>28,0<\/td>\n<td>-1,1<\/td>\n<\/tr>\n<tr>\n<td><strong>Capital prestado (miles de euros)<\/strong><\/td>\n<td>4.773.943<\/td>\n<td>17,4<\/td>\n<td>30,0<\/td>\n<td>-3,8<\/td>\n<\/tr>\n<tr>\n<td><strong>Importe medio (euros)<\/strong><\/td>\n<td>139.328<\/td>\n<td>1,6<\/td>\n<td>1,5<\/td>\n<td>-2,7<\/td>\n<\/tr>\n<\/tbody>\n<\/table>\n<h2><strong>Tipo de inter\u00e9s de las hipotecas sobre viviendas<\/strong><\/h2>\n<p>Para las hipotecas constituidas sobre viviendas, el tipo de inter\u00e9s medio fue del 3,38% y el plazo medio de 24 a\u00f1os. El 48,1% de las hipotecas sobre viviendas se constituy\u00f3 a tipo variable y el 51,9% a tipo fijo. El tipo de inter\u00e9s medio al inicio fue del 3,25% para las hipotecas sobre viviendas a tipo variable y del 3,51% para las de tipo fijo.<\/p>\n<h3><strong>Hipotecas con cambios registrales<\/strong><\/h3>\n<p>El n\u00famero total de hipotecas con cambios en sus condiciones inscritas en los registros de la propiedad aument\u00f3 un 19,0% en abril en tasa anual. Las novaciones (o modificaciones con la misma entidad financiera) aumentaron un 44,8%, mientras que las subrogaciones al deudor (cambia el titular) disminuyeron un 70,3% y las subrogaciones al acreedor (cambia de entidad) bajaron un 79,9%.<\/p>\n<h2><b>La comunidad con mayor crecimiento hipotecario fue el Pa\u00eds Vasco\u00a0<\/b><\/h2>\n<p>Las comunidades con las mayores tasas de variaci\u00f3n anual en el n\u00famero de hipotecas sobre viviendas en abril fueron Pa\u00eds Vasco (48,9%), Castilla-La Mancha (42,5%) y Comunitat Valenciana (38,9%). Por su parte, las comunidades aut\u00f3nomas con el mayor n\u00famero de hipotecas constituidas sobre viviendas fueron Andaluc\u00eda (7.046), Catalu\u00f1a (5.785) y Madrid (5.494). En el lado contrario de la tabla, las que presentaron tasas anuales negativas fueron Arag\u00f3n (-16,8%) y Extremadura (-14,4%).<\/p>\n<\/div><\/div><style type=\"text\/css\">.fusion-body .fusion-builder-column-0{width:100% !important;margin-top : 0px;margin-bottom : 0px;}.fusion-builder-column-0 > .fusion-column-wrapper {padding-top : 0px !important;padding-right : 0px !important;margin-right : 1.92%;padding-bottom : 0px !important;padding-left : 0px !important;margin-left : 1.92%;}@media only screen and (max-width:1024px) {.fusion-body .fusion-builder-column-0{width:100% !important;}.fusion-builder-column-0 > .fusion-column-wrapper {margin-right : 1.92%;margin-left : 1.92%;}}@media only screen and (max-width:640px) {.fusion-body .fusion-builder-column-0{width:100% !important;}.fusion-builder-column-0 > .fusion-column-wrapper {margin-right : 1.92%;margin-left : 1.92%;}}<\/style><\/div><\/div><style type=\"text\/css\">.fusion-body .fusion-flex-container.fusion-builder-row-1{ padding-top : 0px;margin-top : 0px;padding-right : 0px;padding-bottom : 0px;margin-bottom : 0px;padding-left : 0px;}<\/style><\/div>\n","protected":false},"excerpt":{"rendered":"<p>Para las hipotecas constituidas sobre viviendas, el tipo de inter\u00e9s medio fue del 3,38% y el plazo medio de 24 a\u00f1os. El 48,1% de las hipotecas sobre viviendas se constituy\u00f3 a tipo variable y el 51,9% a tipo fijo. El tipo de inter\u00e9s medio al inicio fue del 3,25% para las hipotecas sobre viviendas a tipo variable y del 3,51% para las de tipo fijo.<\/p>\n","protected":false},"author":3,"featured_media":47473,"comment_status":"open","ping_status":"closed","sticky":false,"template":"","format":"standard","meta":{"_jetpack_memberships_contains_paid_content":false,"footnotes":"","jetpack_publicize_message":"","jetpack_publicize_feature_enabled":true,"jetpack_social_post_already_shared":true,"jetpack_social_options":{"image_generator_settings":{"template":"highway","default_image_id":0,"font":"","enabled":false},"version":2}},"categories":[7566],"tags":[8173,7568],"class_list":["post-48153","post","type-post","status-publish","format-standard","has-post-thumbnail","hentry","category-noticias-sobre-el-mercado-hipotecario","tag-newsletter-467","tag-noticia-de-portada"],"yoast_head":"<!-- This site is optimized with the Yoast SEO plugin v27.5 - https:\/\/yoast.com\/product\/yoast-seo-wordpress\/ -->\n<title>El INE confirma el crecimiento hipotecario del 28% en abril<\/title>\n<meta name=\"description\" content=\"El capital prestado por las entidades financieras experiment\u00f3 un aumento del 30%, alcanzando casi 4.774 millones de euros.\" \/>\n<meta name=\"robots\" content=\"index, follow, max-snippet:-1, max-image-preview:large, max-video-preview:-1\" \/>\n<link rel=\"canonical\" href=\"https:\/\/www.aquimicasa.net\/blog\/hipotecas\/noticias-sobre-el-mercado-hipotecario\/el-ine-confirma-el-crecimiento-hipotecario-del-28-en-abril\/\" \/>\n<meta property=\"og:locale\" content=\"es_ES\" \/>\n<meta property=\"og:type\" content=\"article\" \/>\n<meta property=\"og:title\" content=\"El INE confirma el crecimiento hipotecario del 28% en abril\" \/>\n<meta property=\"og:description\" content=\"El capital prestado por las entidades financieras experiment\u00f3 un aumento del 30%, alcanzando casi 4.774 millones de euros.\" \/>\n<meta property=\"og:url\" content=\"https:\/\/www.aquimicasa.net\/blog\/hipotecas\/noticias-sobre-el-mercado-hipotecario\/el-ine-confirma-el-crecimiento-hipotecario-del-28-en-abril\/\" \/>\n<meta property=\"og:site_name\" content=\"Blog de aquimicasa.net\" \/>\n<meta property=\"article:publisher\" content=\"https:\/\/www.facebook.com\/aquimicasa.net\" \/>\n<meta property=\"article:published_time\" content=\"2024-06-21T20:37:21+00:00\" \/>\n<meta property=\"article:modified_time\" content=\"2024-06-21T20:37:58+00:00\" \/>\n<meta property=\"og:image\" content=\"https:\/\/www.aquimicasa.net\/blog\/wp-content\/uploads\/hipotecas-en-caida2-4-e1718083446703.jpg\" \/>\n\t<meta property=\"og:image:width\" content=\"550\" \/>\n\t<meta property=\"og:image:height\" content=\"309\" \/>\n\t<meta property=\"og:image:type\" content=\"image\/jpeg\" \/>\n<meta name=\"author\" content=\"Eduardo Lizarraga\" \/>\n<meta name=\"twitter:label1\" content=\"Escrito por\" \/>\n\t<meta name=\"twitter:data1\" content=\"Eduardo Lizarraga\" \/>\n\t<meta name=\"twitter:label2\" content=\"Tiempo de lectura\" \/>\n\t<meta name=\"twitter:data2\" content=\"3 minutos\" \/>\n<script type=\"application\/ld+json\" class=\"yoast-schema-graph\">{\"@context\":\"https:\\\/\\\/schema.org\",\"@graph\":[{\"@type\":\"Article\",\"@id\":\"https:\\\/\\\/www.aquimicasa.net\\\/blog\\\/hipotecas\\\/noticias-sobre-el-mercado-hipotecario\\\/el-ine-confirma-el-crecimiento-hipotecario-del-28-en-abril\\\/#article\",\"isPartOf\":{\"@id\":\"https:\\\/\\\/www.aquimicasa.net\\\/blog\\\/hipotecas\\\/noticias-sobre-el-mercado-hipotecario\\\/el-ine-confirma-el-crecimiento-hipotecario-del-28-en-abril\\\/\"},\"author\":{\"name\":\"Eduardo Lizarraga\",\"@id\":\"https:\\\/\\\/www.aquimicasa.net\\\/blog\\\/#\\\/schema\\\/person\\\/2cdfa2605534583395c8d7ce1d6cac14\"},\"headline\":\"El INE confirma el crecimiento hipotecario del 28% en abril\",\"datePublished\":\"2024-06-21T20:37:21+00:00\",\"dateModified\":\"2024-06-21T20:37:58+00:00\",\"mainEntityOfPage\":{\"@id\":\"https:\\\/\\\/www.aquimicasa.net\\\/blog\\\/hipotecas\\\/noticias-sobre-el-mercado-hipotecario\\\/el-ine-confirma-el-crecimiento-hipotecario-del-28-en-abril\\\/\"},\"wordCount\":685,\"commentCount\":0,\"publisher\":{\"@id\":\"https:\\\/\\\/www.aquimicasa.net\\\/blog\\\/#organization\"},\"image\":{\"@id\":\"https:\\\/\\\/www.aquimicasa.net\\\/blog\\\/hipotecas\\\/noticias-sobre-el-mercado-hipotecario\\\/el-ine-confirma-el-crecimiento-hipotecario-del-28-en-abril\\\/#primaryimage\"},\"thumbnailUrl\":\"https:\\\/\\\/www.aquimicasa.net\\\/blog\\\/wp-content\\\/uploads\\\/hipotecas-en-caida2-4-e1718083446703.jpg\",\"keywords\":[\"newsletter 467\",\"noticia de portada\"],\"articleSection\":[\"Noticias sobre el Mercado Hipotecario\"],\"inLanguage\":\"es\",\"potentialAction\":[{\"@type\":\"CommentAction\",\"name\":\"Comment\",\"target\":[\"https:\\\/\\\/www.aquimicasa.net\\\/blog\\\/hipotecas\\\/noticias-sobre-el-mercado-hipotecario\\\/el-ine-confirma-el-crecimiento-hipotecario-del-28-en-abril\\\/#respond\"]}]},{\"@type\":\"WebPage\",\"@id\":\"https:\\\/\\\/www.aquimicasa.net\\\/blog\\\/hipotecas\\\/noticias-sobre-el-mercado-hipotecario\\\/el-ine-confirma-el-crecimiento-hipotecario-del-28-en-abril\\\/\",\"url\":\"https:\\\/\\\/www.aquimicasa.net\\\/blog\\\/hipotecas\\\/noticias-sobre-el-mercado-hipotecario\\\/el-ine-confirma-el-crecimiento-hipotecario-del-28-en-abril\\\/\",\"name\":\"El INE confirma el crecimiento hipotecario del 28% en abril\",\"isPartOf\":{\"@id\":\"https:\\\/\\\/www.aquimicasa.net\\\/blog\\\/#website\"},\"primaryImageOfPage\":{\"@id\":\"https:\\\/\\\/www.aquimicasa.net\\\/blog\\\/hipotecas\\\/noticias-sobre-el-mercado-hipotecario\\\/el-ine-confirma-el-crecimiento-hipotecario-del-28-en-abril\\\/#primaryimage\"},\"image\":{\"@id\":\"https:\\\/\\\/www.aquimicasa.net\\\/blog\\\/hipotecas\\\/noticias-sobre-el-mercado-hipotecario\\\/el-ine-confirma-el-crecimiento-hipotecario-del-28-en-abril\\\/#primaryimage\"},\"thumbnailUrl\":\"https:\\\/\\\/www.aquimicasa.net\\\/blog\\\/wp-content\\\/uploads\\\/hipotecas-en-caida2-4-e1718083446703.jpg\",\"datePublished\":\"2024-06-21T20:37:21+00:00\",\"dateModified\":\"2024-06-21T20:37:58+00:00\",\"description\":\"El capital prestado por las entidades financieras experiment\u00f3 un aumento del 30%, alcanzando casi 4.774 millones de euros.\",\"breadcrumb\":{\"@id\":\"https:\\\/\\\/www.aquimicasa.net\\\/blog\\\/hipotecas\\\/noticias-sobre-el-mercado-hipotecario\\\/el-ine-confirma-el-crecimiento-hipotecario-del-28-en-abril\\\/#breadcrumb\"},\"inLanguage\":\"es\",\"potentialAction\":[{\"@type\":\"ReadAction\",\"target\":[\"https:\\\/\\\/www.aquimicasa.net\\\/blog\\\/hipotecas\\\/noticias-sobre-el-mercado-hipotecario\\\/el-ine-confirma-el-crecimiento-hipotecario-del-28-en-abril\\\/\"]}]},{\"@type\":\"ImageObject\",\"inLanguage\":\"es\",\"@id\":\"https:\\\/\\\/www.aquimicasa.net\\\/blog\\\/hipotecas\\\/noticias-sobre-el-mercado-hipotecario\\\/el-ine-confirma-el-crecimiento-hipotecario-del-28-en-abril\\\/#primaryimage\",\"url\":\"https:\\\/\\\/www.aquimicasa.net\\\/blog\\\/wp-content\\\/uploads\\\/hipotecas-en-caida2-4-e1718083446703.jpg\",\"contentUrl\":\"https:\\\/\\\/www.aquimicasa.net\\\/blog\\\/wp-content\\\/uploads\\\/hipotecas-en-caida2-4-e1718083446703.jpg\",\"width\":550,\"height\":309,\"caption\":\"Las hipotecas sobre vivienda suben en agosto\"},{\"@type\":\"BreadcrumbList\",\"@id\":\"https:\\\/\\\/www.aquimicasa.net\\\/blog\\\/hipotecas\\\/noticias-sobre-el-mercado-hipotecario\\\/el-ine-confirma-el-crecimiento-hipotecario-del-28-en-abril\\\/#breadcrumb\",\"itemListElement\":[{\"@type\":\"ListItem\",\"position\":1,\"name\":\"Portada\",\"item\":\"https:\\\/\\\/www.aquimicasa.net\\\/blog\\\/\"},{\"@type\":\"ListItem\",\"position\":2,\"name\":\"El INE confirma el crecimiento hipotecario del 28% en abril\"}]},{\"@type\":\"WebSite\",\"@id\":\"https:\\\/\\\/www.aquimicasa.net\\\/blog\\\/#website\",\"url\":\"https:\\\/\\\/www.aquimicasa.net\\\/blog\\\/\",\"name\":\"Blog de aquimicasa.net\",\"description\":\"Noticias del Mundo Inmobiliario\",\"publisher\":{\"@id\":\"https:\\\/\\\/www.aquimicasa.net\\\/blog\\\/#organization\"},\"potentialAction\":[{\"@type\":\"SearchAction\",\"target\":{\"@type\":\"EntryPoint\",\"urlTemplate\":\"https:\\\/\\\/www.aquimicasa.net\\\/blog\\\/?s={search_term_string}\"},\"query-input\":{\"@type\":\"PropertyValueSpecification\",\"valueRequired\":true,\"valueName\":\"search_term_string\"}}],\"inLanguage\":\"es\"},{\"@type\":\"Organization\",\"@id\":\"https:\\\/\\\/www.aquimicasa.net\\\/blog\\\/#organization\",\"name\":\"Blog de aquimicasa.net\",\"url\":\"https:\\\/\\\/www.aquimicasa.net\\\/blog\\\/\",\"logo\":{\"@type\":\"ImageObject\",\"inLanguage\":\"es\",\"@id\":\"https:\\\/\\\/www.aquimicasa.net\\\/blog\\\/#\\\/schema\\\/logo\\\/image\\\/\",\"url\":\"https:\\\/\\\/www.aquimicasa.net\\\/blog\\\/wp-content\\\/uploads\\\/Logo-aquimicasa-1-e1528048213782.png\",\"contentUrl\":\"https:\\\/\\\/www.aquimicasa.net\\\/blog\\\/wp-content\\\/uploads\\\/Logo-aquimicasa-1-e1528048213782.png\",\"width\":225,\"height\":225,\"caption\":\"Blog de aquimicasa.net\"},\"image\":{\"@id\":\"https:\\\/\\\/www.aquimicasa.net\\\/blog\\\/#\\\/schema\\\/logo\\\/image\\\/\"},\"sameAs\":[\"https:\\\/\\\/www.facebook.com\\\/aquimicasa.net\",\"https:\\\/\\\/www.instagram.com\\\/\",\"https:\\\/\\\/x.com\\\/EduLizarragaD\",\"https:\\\/\\\/www.linkedin.com\\\/feed\\\/\"]},{\"@type\":\"Person\",\"@id\":\"https:\\\/\\\/www.aquimicasa.net\\\/blog\\\/#\\\/schema\\\/person\\\/2cdfa2605534583395c8d7ce1d6cac14\",\"name\":\"Eduardo Lizarraga\",\"image\":{\"@type\":\"ImageObject\",\"inLanguage\":\"es\",\"@id\":\"https:\\\/\\\/secure.gravatar.com\\\/avatar\\\/bdabe1eeeed97b65a9cb7de2edd624b07995f7e13abc5fead15961f745f908cc?s=96&d=mm&r=g\",\"url\":\"https:\\\/\\\/secure.gravatar.com\\\/avatar\\\/bdabe1eeeed97b65a9cb7de2edd624b07995f7e13abc5fead15961f745f908cc?s=96&d=mm&r=g\",\"contentUrl\":\"https:\\\/\\\/secure.gravatar.com\\\/avatar\\\/bdabe1eeeed97b65a9cb7de2edd624b07995f7e13abc5fead15961f745f908cc?s=96&d=mm&r=g\",\"caption\":\"Eduardo Lizarraga\"},\"description\":\"Periodista Econ\u00f3mico. Ha trabajado en diversos campos de la informaci\u00f3n. Corresponsal en conflictos, analista pol\u00edtico en Congreso y Senado, periodista del medio ambiente, editor, director editorial, director de comunicaci\u00f3n.... En estos momentos se ha especializado en el sector inmobiliario. Pero tambi\u00e9n es navegante y viajero, preocupado por la pobreza, el medio ambiente y por las actuaciones descontroladas del neoliberalismo empresarial y pol\u00edtico en todo el mundo. Los desahucios, la pobreza infantil y la falta de acceso a los suministros b\u00e1sicos son algunos de los grandes dramas de nuestra sociedad y que es preciso solucionar para hacerla m\u00e1s justa. CEO en www.aquimicasa.net\",\"sameAs\":[\"https:\\\/\\\/www.aquimicasa.net\\\/\"],\"url\":\"https:\\\/\\\/www.aquimicasa.net\\\/blog\\\/author\\\/eduardo\\\/\"}]}<\/script>\n<!-- \/ Yoast SEO plugin. -->","yoast_head_json":{"title":"El INE confirma el crecimiento hipotecario del 28% en abril","description":"El capital prestado por las entidades financieras experiment\u00f3 un aumento del 30%, alcanzando casi 4.774 millones de euros.","robots":{"index":"index","follow":"follow","max-snippet":"max-snippet:-1","max-image-preview":"max-image-preview:large","max-video-preview":"max-video-preview:-1"},"canonical":"https:\/\/www.aquimicasa.net\/blog\/hipotecas\/noticias-sobre-el-mercado-hipotecario\/el-ine-confirma-el-crecimiento-hipotecario-del-28-en-abril\/","og_locale":"es_ES","og_type":"article","og_title":"El INE confirma el crecimiento hipotecario del 28% en abril","og_description":"El capital prestado por las entidades financieras experiment\u00f3 un aumento del 30%, alcanzando casi 4.774 millones de euros.","og_url":"https:\/\/www.aquimicasa.net\/blog\/hipotecas\/noticias-sobre-el-mercado-hipotecario\/el-ine-confirma-el-crecimiento-hipotecario-del-28-en-abril\/","og_site_name":"Blog de aquimicasa.net","article_publisher":"https:\/\/www.facebook.com\/aquimicasa.net","article_published_time":"2024-06-21T20:37:21+00:00","article_modified_time":"2024-06-21T20:37:58+00:00","og_image":[{"width":550,"height":309,"url":"https:\/\/www.aquimicasa.net\/blog\/wp-content\/uploads\/hipotecas-en-caida2-4-e1718083446703.jpg","type":"image\/jpeg"}],"author":"Eduardo Lizarraga","twitter_misc":{"Escrito por":"Eduardo Lizarraga","Tiempo de lectura":"3 minutos"},"schema":{"@context":"https:\/\/schema.org","@graph":[{"@type":"Article","@id":"https:\/\/www.aquimicasa.net\/blog\/hipotecas\/noticias-sobre-el-mercado-hipotecario\/el-ine-confirma-el-crecimiento-hipotecario-del-28-en-abril\/#article","isPartOf":{"@id":"https:\/\/www.aquimicasa.net\/blog\/hipotecas\/noticias-sobre-el-mercado-hipotecario\/el-ine-confirma-el-crecimiento-hipotecario-del-28-en-abril\/"},"author":{"name":"Eduardo Lizarraga","@id":"https:\/\/www.aquimicasa.net\/blog\/#\/schema\/person\/2cdfa2605534583395c8d7ce1d6cac14"},"headline":"El INE confirma el crecimiento hipotecario del 28% en abril","datePublished":"2024-06-21T20:37:21+00:00","dateModified":"2024-06-21T20:37:58+00:00","mainEntityOfPage":{"@id":"https:\/\/www.aquimicasa.net\/blog\/hipotecas\/noticias-sobre-el-mercado-hipotecario\/el-ine-confirma-el-crecimiento-hipotecario-del-28-en-abril\/"},"wordCount":685,"commentCount":0,"publisher":{"@id":"https:\/\/www.aquimicasa.net\/blog\/#organization"},"image":{"@id":"https:\/\/www.aquimicasa.net\/blog\/hipotecas\/noticias-sobre-el-mercado-hipotecario\/el-ine-confirma-el-crecimiento-hipotecario-del-28-en-abril\/#primaryimage"},"thumbnailUrl":"https:\/\/www.aquimicasa.net\/blog\/wp-content\/uploads\/hipotecas-en-caida2-4-e1718083446703.jpg","keywords":["newsletter 467","noticia de portada"],"articleSection":["Noticias sobre el Mercado Hipotecario"],"inLanguage":"es","potentialAction":[{"@type":"CommentAction","name":"Comment","target":["https:\/\/www.aquimicasa.net\/blog\/hipotecas\/noticias-sobre-el-mercado-hipotecario\/el-ine-confirma-el-crecimiento-hipotecario-del-28-en-abril\/#respond"]}]},{"@type":"WebPage","@id":"https:\/\/www.aquimicasa.net\/blog\/hipotecas\/noticias-sobre-el-mercado-hipotecario\/el-ine-confirma-el-crecimiento-hipotecario-del-28-en-abril\/","url":"https:\/\/www.aquimicasa.net\/blog\/hipotecas\/noticias-sobre-el-mercado-hipotecario\/el-ine-confirma-el-crecimiento-hipotecario-del-28-en-abril\/","name":"El INE confirma el crecimiento hipotecario del 28% en abril","isPartOf":{"@id":"https:\/\/www.aquimicasa.net\/blog\/#website"},"primaryImageOfPage":{"@id":"https:\/\/www.aquimicasa.net\/blog\/hipotecas\/noticias-sobre-el-mercado-hipotecario\/el-ine-confirma-el-crecimiento-hipotecario-del-28-en-abril\/#primaryimage"},"image":{"@id":"https:\/\/www.aquimicasa.net\/blog\/hipotecas\/noticias-sobre-el-mercado-hipotecario\/el-ine-confirma-el-crecimiento-hipotecario-del-28-en-abril\/#primaryimage"},"thumbnailUrl":"https:\/\/www.aquimicasa.net\/blog\/wp-content\/uploads\/hipotecas-en-caida2-4-e1718083446703.jpg","datePublished":"2024-06-21T20:37:21+00:00","dateModified":"2024-06-21T20:37:58+00:00","description":"El capital prestado por las entidades financieras experiment\u00f3 un aumento del 30%, alcanzando casi 4.774 millones de euros.","breadcrumb":{"@id":"https:\/\/www.aquimicasa.net\/blog\/hipotecas\/noticias-sobre-el-mercado-hipotecario\/el-ine-confirma-el-crecimiento-hipotecario-del-28-en-abril\/#breadcrumb"},"inLanguage":"es","potentialAction":[{"@type":"ReadAction","target":["https:\/\/www.aquimicasa.net\/blog\/hipotecas\/noticias-sobre-el-mercado-hipotecario\/el-ine-confirma-el-crecimiento-hipotecario-del-28-en-abril\/"]}]},{"@type":"ImageObject","inLanguage":"es","@id":"https:\/\/www.aquimicasa.net\/blog\/hipotecas\/noticias-sobre-el-mercado-hipotecario\/el-ine-confirma-el-crecimiento-hipotecario-del-28-en-abril\/#primaryimage","url":"https:\/\/www.aquimicasa.net\/blog\/wp-content\/uploads\/hipotecas-en-caida2-4-e1718083446703.jpg","contentUrl":"https:\/\/www.aquimicasa.net\/blog\/wp-content\/uploads\/hipotecas-en-caida2-4-e1718083446703.jpg","width":550,"height":309,"caption":"Las hipotecas sobre vivienda suben en agosto"},{"@type":"BreadcrumbList","@id":"https:\/\/www.aquimicasa.net\/blog\/hipotecas\/noticias-sobre-el-mercado-hipotecario\/el-ine-confirma-el-crecimiento-hipotecario-del-28-en-abril\/#breadcrumb","itemListElement":[{"@type":"ListItem","position":1,"name":"Portada","item":"https:\/\/www.aquimicasa.net\/blog\/"},{"@type":"ListItem","position":2,"name":"El INE confirma el crecimiento hipotecario del 28% en abril"}]},{"@type":"WebSite","@id":"https:\/\/www.aquimicasa.net\/blog\/#website","url":"https:\/\/www.aquimicasa.net\/blog\/","name":"Blog de aquimicasa.net","description":"Noticias del Mundo Inmobiliario","publisher":{"@id":"https:\/\/www.aquimicasa.net\/blog\/#organization"},"potentialAction":[{"@type":"SearchAction","target":{"@type":"EntryPoint","urlTemplate":"https:\/\/www.aquimicasa.net\/blog\/?s={search_term_string}"},"query-input":{"@type":"PropertyValueSpecification","valueRequired":true,"valueName":"search_term_string"}}],"inLanguage":"es"},{"@type":"Organization","@id":"https:\/\/www.aquimicasa.net\/blog\/#organization","name":"Blog de aquimicasa.net","url":"https:\/\/www.aquimicasa.net\/blog\/","logo":{"@type":"ImageObject","inLanguage":"es","@id":"https:\/\/www.aquimicasa.net\/blog\/#\/schema\/logo\/image\/","url":"https:\/\/www.aquimicasa.net\/blog\/wp-content\/uploads\/Logo-aquimicasa-1-e1528048213782.png","contentUrl":"https:\/\/www.aquimicasa.net\/blog\/wp-content\/uploads\/Logo-aquimicasa-1-e1528048213782.png","width":225,"height":225,"caption":"Blog de aquimicasa.net"},"image":{"@id":"https:\/\/www.aquimicasa.net\/blog\/#\/schema\/logo\/image\/"},"sameAs":["https:\/\/www.facebook.com\/aquimicasa.net","https:\/\/www.instagram.com\/","https:\/\/x.com\/EduLizarragaD","https:\/\/www.linkedin.com\/feed\/"]},{"@type":"Person","@id":"https:\/\/www.aquimicasa.net\/blog\/#\/schema\/person\/2cdfa2605534583395c8d7ce1d6cac14","name":"Eduardo Lizarraga","image":{"@type":"ImageObject","inLanguage":"es","@id":"https:\/\/secure.gravatar.com\/avatar\/bdabe1eeeed97b65a9cb7de2edd624b07995f7e13abc5fead15961f745f908cc?s=96&d=mm&r=g","url":"https:\/\/secure.gravatar.com\/avatar\/bdabe1eeeed97b65a9cb7de2edd624b07995f7e13abc5fead15961f745f908cc?s=96&d=mm&r=g","contentUrl":"https:\/\/secure.gravatar.com\/avatar\/bdabe1eeeed97b65a9cb7de2edd624b07995f7e13abc5fead15961f745f908cc?s=96&d=mm&r=g","caption":"Eduardo Lizarraga"},"description":"Periodista Econ\u00f3mico. Ha trabajado en diversos campos de la informaci\u00f3n. Corresponsal en conflictos, analista pol\u00edtico en Congreso y Senado, periodista del medio ambiente, editor, director editorial, director de comunicaci\u00f3n.... En estos momentos se ha especializado en el sector inmobiliario. Pero tambi\u00e9n es navegante y viajero, preocupado por la pobreza, el medio ambiente y por las actuaciones descontroladas del neoliberalismo empresarial y pol\u00edtico en todo el mundo. Los desahucios, la pobreza infantil y la falta de acceso a los suministros b\u00e1sicos son algunos de los grandes dramas de nuestra sociedad y que es preciso solucionar para hacerla m\u00e1s justa. CEO en www.aquimicasa.net","sameAs":["https:\/\/www.aquimicasa.net\/"],"url":"https:\/\/www.aquimicasa.net\/blog\/author\/eduardo\/"}]}},"jetpack_publicize_connections":[],"jetpack_featured_media_url":"https:\/\/www.aquimicasa.net\/blog\/wp-content\/uploads\/hipotecas-en-caida2-4-e1718083446703.jpg","jetpack_sharing_enabled":true,"jetpack_likes_enabled":true,"_links":{"self":[{"href":"https:\/\/www.aquimicasa.net\/blog\/wp-json\/wp\/v2\/posts\/48153","targetHints":{"allow":["GET"]}}],"collection":[{"href":"https:\/\/www.aquimicasa.net\/blog\/wp-json\/wp\/v2\/posts"}],"about":[{"href":"https:\/\/www.aquimicasa.net\/blog\/wp-json\/wp\/v2\/types\/post"}],"author":[{"embeddable":true,"href":"https:\/\/www.aquimicasa.net\/blog\/wp-json\/wp\/v2\/users\/3"}],"replies":[{"embeddable":true,"href":"https:\/\/www.aquimicasa.net\/blog\/wp-json\/wp\/v2\/comments?post=48153"}],"version-history":[{"count":5,"href":"https:\/\/www.aquimicasa.net\/blog\/wp-json\/wp\/v2\/posts\/48153\/revisions"}],"predecessor-version":[{"id":48162,"href":"https:\/\/www.aquimicasa.net\/blog\/wp-json\/wp\/v2\/posts\/48153\/revisions\/48162"}],"wp:featuredmedia":[{"embeddable":true,"href":"https:\/\/www.aquimicasa.net\/blog\/wp-json\/wp\/v2\/media\/47473"}],"wp:attachment":[{"href":"https:\/\/www.aquimicasa.net\/blog\/wp-json\/wp\/v2\/media?parent=48153"}],"wp:term":[{"taxonomy":"category","embeddable":true,"href":"https:\/\/www.aquimicasa.net\/blog\/wp-json\/wp\/v2\/categories?post=48153"},{"taxonomy":"post_tag","embeddable":true,"href":"https:\/\/www.aquimicasa.net\/blog\/wp-json\/wp\/v2\/tags?post=48153"}],"curies":[{"name":"wp","href":"https:\/\/api.w.org\/{rel}","templated":true}]}}