{"id":48541,"date":"2024-07-30T22:33:34","date_gmt":"2024-07-30T20:33:34","guid":{"rendered":"https:\/\/www.aquimicasa.net\/blog\/?p=48541"},"modified":"2024-07-30T22:33:34","modified_gmt":"2024-07-30T20:33:34","slug":"el-valor-del-residencial-en-barcelona-se-acelera-de-forma-leve","status":"publish","type":"post","link":"https:\/\/www.aquimicasa.net\/blog\/vivienda\/compraventa-de-viviendas\/el-valor-del-residencial-en-barcelona-se-acelera-de-forma-leve\/","title":{"rendered":"El valor del residencial en Barcelona se acelera de forma leve"},"content":{"rendered":"<p>En el segundo trimestre de 2024, el precio residencial en la provincia de Barcelona ha variado +0,5% trimestral y 2,4 % interanual, seg\u00fan los datos ofrecidos por la tasadora Tinsa. . Esto supone un <strong>leve repunte trimestral<\/strong> que contin\u00faa enmarc\u00e1ndose dentro de una tendencia general de estabilizaci\u00f3n. La capital registra un impulso trimestral de 1,9 %, mayor que el de la provincia, y un crecimiento de 3,8 %\u00a0 interanual que comienza a reflejar una <strong>leve aceleraci\u00f3n de los precios residenciales.<\/strong><\/p>\n<p>En los 27 municipios relevantes del \u00e1rea metropolitana las variaciones trimestrales oscilan entre -0,6 % y +2,3 %<b>.\u00a0<\/b>De ellos, 15 se sit\u00faan en el entorno de la estabilizaci\u00f3n, con variaciones entre +\/- 1%. En la parte alta del rango se sit\u00faan 11 municipios encabezados por Sant Feliu de Llobregat (+2,7 %), Castelldefels (+1,8 %), Montgat-Masnou (+1,7 %), Montcada i Reixac (+1,7 %), Matar\u00f3 (1,6 %) y Ripollet (+1,6 %). En la parte baja del rango, Vilanova i la Geltr\u00fa (-1,3 %) frena su crecimiento por segundo trimestre consecutivo.<\/p>\n<p>Las variaciones interanuales se distribuyen en un amplio rango que abarca desde el +7 % de Cerdanyola del Vall\u00e8s hasta el -1,3 % de Gav\u00e0, reflejo de un mix heterog\u00e9neo entre ralentizaci\u00f3n y aceleraci\u00f3n.<\/p>\n<h2><b>La renta disponible y la demanda tur\u00edstica impulsan el valor unitario (\u20ac\/m2). <\/b><\/h2>\n<p>Barcelona capital encabeza el ranking, con un <strong>valor medio de 3.772 \u20ac\/m2<\/strong>. En el resto de municipios el rango oscila entre 3.113 \u20ac\/m2 en Sant Cugat del Vall\u00e9s y 1.455 \u20ac\/m2 en Manresa. Los valores residenciales m\u00e1s altos se sit\u00faan en Sant Cugat del Vall\u00e8s, Castelldefels, Montgat-Masnou y Sant Just Desvern-Esplugues de Llobregat, reflejo del mix entre poblaci\u00f3n con renta disponible superior a la media provincial y concentraci\u00f3n de demanda tur\u00edstica.<\/p>\n<h2><b>La distancia a los valores m\u00e1ximos de 2007.<\/b><\/h2>\n<p>El municipio m\u00e1s pr\u00f3ximo a m\u00e1ximos es Badalona (-11,7%), seguido de Barber\u00e1 del Vall\u00e9s (-13,0 %), Barcelona capital (-14,3 %) y Castelldefels (-14,8 %). Los municipios m\u00e1s alejados de dichos m\u00e1ximos son Vilanova i la Geltr\u00fa (-41,4 %), Matar\u00f3 (-38,3 %) y Manresa (-33,0 %).<\/p>\n<h2><b>La tasa de esfuerzo contin\u00faa siendo demasiado elevada.<\/b><\/h2>\n<p>En el segundo trimestre, el esfuerzo para acceder a una vivienda se mantiene por encima del 35 % razonable en 21 de los 27 municipios estudiados y abarca un rango entre el 49 % de Hospitalet y Cornell\u00e1 y 26 % de Manresa. <strong>En Barcelona capital se sit\u00faa en 53 %.<\/strong> En conjunto, en 5 municipios el esfuerzo se sit\u00faa por encima de una accesibilidad cr\u00edtica del 45 %, y en 16 municipios se sit\u00faa entre el 35 y el 45 %.<\/p>\n","protected":false},"excerpt":{"rendered":"<p>En el segundo trimestre, el esfuerzo para acceder a una vivienda se mantiene por encima del 35 % razonable en 21 de los 27 municipios estudiados y abarca un rango entre el 49 % de Hospitalet y Cornell\u00e1 y 26 % de Manresa.<\/p>\n","protected":false},"author":3,"featured_media":45546,"comment_status":"open","ping_status":"closed","sticky":false,"template":"","format":"standard","meta":{"_jetpack_memberships_contains_paid_content":false,"footnotes":"","jetpack_publicize_message":"","jetpack_publicize_feature_enabled":true,"jetpack_social_post_already_shared":true,"jetpack_social_options":{"image_generator_settings":{"template":"highway","default_image_id":0,"font":"","enabled":false},"version":2}},"categories":[100],"tags":[8181,7568],"class_list":["post-48541","post","type-post","status-publish","format-standard","has-post-thumbnail","hentry","category-compraventa-de-viviendas","tag-newsletter-472","tag-noticia-de-portada"],"yoast_head":"<!-- This site is optimized with the Yoast SEO plugin v28.2 - https:\/\/yoast.com\/product\/yoast-seo-wordpress\/ -->\n<title>El valor del residencial en Barcelona se acelera de forma leve<\/title>\n<meta name=\"description\" content=\"En los 27 municipios relevantes del \u00e1rea metropolitana las variaciones trimestrales oscilan entre -0,6 % y +2,3 %.\" \/>\n<meta name=\"robots\" content=\"index, follow, max-snippet:-1, max-image-preview:large, max-video-preview:-1\" \/>\n<link rel=\"canonical\" href=\"https:\/\/www.aquimicasa.net\/blog\/vivienda\/compraventa-de-viviendas\/el-valor-del-residencial-en-barcelona-se-acelera-de-forma-leve\/\" \/>\n<meta property=\"og:locale\" content=\"es_ES\" \/>\n<meta property=\"og:type\" content=\"article\" \/>\n<meta property=\"og:title\" content=\"El valor del residencial en Barcelona se acelera de forma leve\" \/>\n<meta property=\"og:description\" content=\"En los 27 municipios relevantes del \u00e1rea metropolitana las variaciones trimestrales oscilan entre -0,6 % y +2,3 %.\" \/>\n<meta property=\"og:url\" content=\"https:\/\/www.aquimicasa.net\/blog\/vivienda\/compraventa-de-viviendas\/el-valor-del-residencial-en-barcelona-se-acelera-de-forma-leve\/\" \/>\n<meta property=\"og:site_name\" content=\"Blog de aquimicasa.net\" \/>\n<meta property=\"article:publisher\" content=\"https:\/\/www.facebook.com\/aquimicasa.net\" \/>\n<meta property=\"article:published_time\" content=\"2024-07-30T20:33:34+00:00\" \/>\n<meta property=\"og:image\" content=\"https:\/\/www.aquimicasa.net\/blog\/wp-content\/uploads\/Barcelona-1-e1722371604664.jpg\" \/>\n\t<meta property=\"og:image:width\" content=\"600\" \/>\n\t<meta property=\"og:image:height\" content=\"396\" \/>\n\t<meta property=\"og:image:type\" content=\"image\/jpeg\" \/>\n<meta name=\"author\" content=\"Eduardo Lizarraga\" \/>\n<meta name=\"twitter:label1\" content=\"Escrito por\" \/>\n\t<meta name=\"twitter:data1\" content=\"Eduardo Lizarraga\" \/>\n\t<meta name=\"twitter:label2\" content=\"Tiempo de lectura\" \/>\n\t<meta name=\"twitter:data2\" content=\"3 minutos\" \/>\n<script type=\"application\/ld+json\" class=\"yoast-schema-graph\">{\"@context\":\"https:\\\/\\\/schema.org\",\"@graph\":[{\"@type\":\"Article\",\"@id\":\"https:\\\/\\\/www.aquimicasa.net\\\/blog\\\/vivienda\\\/compraventa-de-viviendas\\\/el-valor-del-residencial-en-barcelona-se-acelera-de-forma-leve\\\/#article\",\"isPartOf\":{\"@id\":\"https:\\\/\\\/www.aquimicasa.net\\\/blog\\\/vivienda\\\/compraventa-de-viviendas\\\/el-valor-del-residencial-en-barcelona-se-acelera-de-forma-leve\\\/\"},\"author\":{\"name\":\"Eduardo Lizarraga\",\"@id\":\"https:\\\/\\\/www.aquimicasa.net\\\/blog\\\/#\\\/schema\\\/person\\\/2cdfa2605534583395c8d7ce1d6cac14\"},\"headline\":\"El valor del residencial en Barcelona se acelera de forma leve\",\"datePublished\":\"2024-07-30T20:33:34+00:00\",\"mainEntityOfPage\":{\"@id\":\"https:\\\/\\\/www.aquimicasa.net\\\/blog\\\/vivienda\\\/compraventa-de-viviendas\\\/el-valor-del-residencial-en-barcelona-se-acelera-de-forma-leve\\\/\"},\"wordCount\":413,\"commentCount\":0,\"publisher\":{\"@id\":\"https:\\\/\\\/www.aquimicasa.net\\\/blog\\\/#organization\"},\"image\":{\"@id\":\"https:\\\/\\\/www.aquimicasa.net\\\/blog\\\/vivienda\\\/compraventa-de-viviendas\\\/el-valor-del-residencial-en-barcelona-se-acelera-de-forma-leve\\\/#primaryimage\"},\"thumbnailUrl\":\"https:\\\/\\\/www.aquimicasa.net\\\/blog\\\/wp-content\\\/uploads\\\/Barcelona-1-e1722371604664.jpg\",\"keywords\":[\"newsletter 472\",\"noticia de portada\"],\"articleSection\":[\"Compra Venta\"],\"inLanguage\":\"es\",\"potentialAction\":[{\"@type\":\"CommentAction\",\"name\":\"Comment\",\"target\":[\"https:\\\/\\\/www.aquimicasa.net\\\/blog\\\/vivienda\\\/compraventa-de-viviendas\\\/el-valor-del-residencial-en-barcelona-se-acelera-de-forma-leve\\\/#respond\"]}]},{\"@type\":\"WebPage\",\"@id\":\"https:\\\/\\\/www.aquimicasa.net\\\/blog\\\/vivienda\\\/compraventa-de-viviendas\\\/el-valor-del-residencial-en-barcelona-se-acelera-de-forma-leve\\\/\",\"url\":\"https:\\\/\\\/www.aquimicasa.net\\\/blog\\\/vivienda\\\/compraventa-de-viviendas\\\/el-valor-del-residencial-en-barcelona-se-acelera-de-forma-leve\\\/\",\"name\":\"El valor del residencial en Barcelona se acelera de forma leve\",\"isPartOf\":{\"@id\":\"https:\\\/\\\/www.aquimicasa.net\\\/blog\\\/#website\"},\"primaryImageOfPage\":{\"@id\":\"https:\\\/\\\/www.aquimicasa.net\\\/blog\\\/vivienda\\\/compraventa-de-viviendas\\\/el-valor-del-residencial-en-barcelona-se-acelera-de-forma-leve\\\/#primaryimage\"},\"image\":{\"@id\":\"https:\\\/\\\/www.aquimicasa.net\\\/blog\\\/vivienda\\\/compraventa-de-viviendas\\\/el-valor-del-residencial-en-barcelona-se-acelera-de-forma-leve\\\/#primaryimage\"},\"thumbnailUrl\":\"https:\\\/\\\/www.aquimicasa.net\\\/blog\\\/wp-content\\\/uploads\\\/Barcelona-1-e1722371604664.jpg\",\"datePublished\":\"2024-07-30T20:33:34+00:00\",\"description\":\"En los 27 municipios relevantes del \u00e1rea metropolitana las variaciones trimestrales oscilan entre -0,6 % y +2,3 %.\",\"breadcrumb\":{\"@id\":\"https:\\\/\\\/www.aquimicasa.net\\\/blog\\\/vivienda\\\/compraventa-de-viviendas\\\/el-valor-del-residencial-en-barcelona-se-acelera-de-forma-leve\\\/#breadcrumb\"},\"inLanguage\":\"es\",\"potentialAction\":[{\"@type\":\"ReadAction\",\"target\":[\"https:\\\/\\\/www.aquimicasa.net\\\/blog\\\/vivienda\\\/compraventa-de-viviendas\\\/el-valor-del-residencial-en-barcelona-se-acelera-de-forma-leve\\\/\"]}]},{\"@type\":\"ImageObject\",\"inLanguage\":\"es\",\"@id\":\"https:\\\/\\\/www.aquimicasa.net\\\/blog\\\/vivienda\\\/compraventa-de-viviendas\\\/el-valor-del-residencial-en-barcelona-se-acelera-de-forma-leve\\\/#primaryimage\",\"url\":\"https:\\\/\\\/www.aquimicasa.net\\\/blog\\\/wp-content\\\/uploads\\\/Barcelona-1-e1722371604664.jpg\",\"contentUrl\":\"https:\\\/\\\/www.aquimicasa.net\\\/blog\\\/wp-content\\\/uploads\\\/Barcelona-1-e1722371604664.jpg\",\"width\":600,\"height\":396,\"caption\":\"Barcelona invertir\u00e1 320 millones de euros en vivienda social\"},{\"@type\":\"BreadcrumbList\",\"@id\":\"https:\\\/\\\/www.aquimicasa.net\\\/blog\\\/vivienda\\\/compraventa-de-viviendas\\\/el-valor-del-residencial-en-barcelona-se-acelera-de-forma-leve\\\/#breadcrumb\",\"itemListElement\":[{\"@type\":\"ListItem\",\"position\":1,\"name\":\"Portada\",\"item\":\"https:\\\/\\\/www.aquimicasa.net\\\/blog\\\/\"},{\"@type\":\"ListItem\",\"position\":2,\"name\":\"El valor del residencial en Barcelona se acelera de forma leve\"}]},{\"@type\":\"WebSite\",\"@id\":\"https:\\\/\\\/www.aquimicasa.net\\\/blog\\\/#website\",\"url\":\"https:\\\/\\\/www.aquimicasa.net\\\/blog\\\/\",\"name\":\"Blog de aquimicasa.net\",\"description\":\"Noticias del Mundo Inmobiliario\",\"publisher\":{\"@id\":\"https:\\\/\\\/www.aquimicasa.net\\\/blog\\\/#organization\"},\"potentialAction\":[{\"@type\":\"SearchAction\",\"target\":{\"@type\":\"EntryPoint\",\"urlTemplate\":\"https:\\\/\\\/www.aquimicasa.net\\\/blog\\\/?s={search_term_string}\"},\"query-input\":{\"@type\":\"PropertyValueSpecification\",\"valueRequired\":true,\"valueName\":\"search_term_string\"}}],\"inLanguage\":\"es\"},{\"@type\":\"Organization\",\"@id\":\"https:\\\/\\\/www.aquimicasa.net\\\/blog\\\/#organization\",\"name\":\"Blog de aquimicasa.net\",\"url\":\"https:\\\/\\\/www.aquimicasa.net\\\/blog\\\/\",\"logo\":{\"@type\":\"ImageObject\",\"inLanguage\":\"es\",\"@id\":\"https:\\\/\\\/www.aquimicasa.net\\\/blog\\\/#\\\/schema\\\/logo\\\/image\\\/\",\"url\":\"https:\\\/\\\/www.aquimicasa.net\\\/blog\\\/wp-content\\\/uploads\\\/Logo-aquimicasa-1-e1528048213782.png\",\"contentUrl\":\"https:\\\/\\\/www.aquimicasa.net\\\/blog\\\/wp-content\\\/uploads\\\/Logo-aquimicasa-1-e1528048213782.png\",\"width\":225,\"height\":225,\"caption\":\"Blog de aquimicasa.net\"},\"image\":{\"@id\":\"https:\\\/\\\/www.aquimicasa.net\\\/blog\\\/#\\\/schema\\\/logo\\\/image\\\/\"},\"sameAs\":[\"https:\\\/\\\/www.facebook.com\\\/aquimicasa.net\",\"https:\\\/\\\/www.instagram.com\\\/\",\"https:\\\/\\\/x.com\\\/EduLizarragaD\",\"https:\\\/\\\/www.linkedin.com\\\/feed\\\/\"]},{\"@type\":\"Person\",\"@id\":\"https:\\\/\\\/www.aquimicasa.net\\\/blog\\\/#\\\/schema\\\/person\\\/2cdfa2605534583395c8d7ce1d6cac14\",\"name\":\"Eduardo Lizarraga\",\"image\":{\"@type\":\"ImageObject\",\"inLanguage\":\"es\",\"@id\":\"https:\\\/\\\/secure.gravatar.com\\\/avatar\\\/bdabe1eeeed97b65a9cb7de2edd624b07995f7e13abc5fead15961f745f908cc?s=96&d=mm&r=g\",\"url\":\"https:\\\/\\\/secure.gravatar.com\\\/avatar\\\/bdabe1eeeed97b65a9cb7de2edd624b07995f7e13abc5fead15961f745f908cc?s=96&d=mm&r=g\",\"contentUrl\":\"https:\\\/\\\/secure.gravatar.com\\\/avatar\\\/bdabe1eeeed97b65a9cb7de2edd624b07995f7e13abc5fead15961f745f908cc?s=96&d=mm&r=g\",\"caption\":\"Eduardo Lizarraga\"},\"description\":\"Periodista Econ\u00f3mico. Ha trabajado en diversos campos de la informaci\u00f3n. Corresponsal en conflictos, analista pol\u00edtico en Congreso y Senado, periodista del medio ambiente, editor, director editorial, director de comunicaci\u00f3n.... En estos momentos se ha especializado en el sector inmobiliario. Pero tambi\u00e9n es navegante y viajero, preocupado por la pobreza, el medio ambiente y por las actuaciones descontroladas del neoliberalismo empresarial y pol\u00edtico en todo el mundo. Los desahucios, la pobreza infantil y la falta de acceso a los suministros b\u00e1sicos son algunos de los grandes dramas de nuestra sociedad y que es preciso solucionar para hacerla m\u00e1s justa. CEO en www.aquimicasa.net\",\"sameAs\":[\"https:\\\/\\\/www.aquimicasa.net\\\/\"],\"url\":\"https:\\\/\\\/www.aquimicasa.net\\\/blog\\\/author\\\/eduardo\\\/\"}]}<\/script>\n<!-- \/ Yoast SEO plugin. -->","yoast_head_json":{"title":"El valor del residencial en Barcelona se acelera de forma leve","description":"En los 27 municipios relevantes del \u00e1rea metropolitana las variaciones trimestrales oscilan entre -0,6 % y +2,3 %.","robots":{"index":"index","follow":"follow","max-snippet":"max-snippet:-1","max-image-preview":"max-image-preview:large","max-video-preview":"max-video-preview:-1"},"canonical":"https:\/\/www.aquimicasa.net\/blog\/vivienda\/compraventa-de-viviendas\/el-valor-del-residencial-en-barcelona-se-acelera-de-forma-leve\/","og_locale":"es_ES","og_type":"article","og_title":"El valor del residencial en Barcelona se acelera de forma leve","og_description":"En los 27 municipios relevantes del \u00e1rea metropolitana las variaciones trimestrales oscilan entre -0,6 % y +2,3 %.","og_url":"https:\/\/www.aquimicasa.net\/blog\/vivienda\/compraventa-de-viviendas\/el-valor-del-residencial-en-barcelona-se-acelera-de-forma-leve\/","og_site_name":"Blog de aquimicasa.net","article_publisher":"https:\/\/www.facebook.com\/aquimicasa.net","article_published_time":"2024-07-30T20:33:34+00:00","og_image":[{"width":600,"height":396,"url":"https:\/\/www.aquimicasa.net\/blog\/wp-content\/uploads\/Barcelona-1-e1722371604664.jpg","type":"image\/jpeg"}],"author":"Eduardo Lizarraga","twitter_misc":{"Escrito por":"Eduardo Lizarraga","Tiempo de lectura":"3 minutos"},"schema":{"@context":"https:\/\/schema.org","@graph":[{"@type":"Article","@id":"https:\/\/www.aquimicasa.net\/blog\/vivienda\/compraventa-de-viviendas\/el-valor-del-residencial-en-barcelona-se-acelera-de-forma-leve\/#article","isPartOf":{"@id":"https:\/\/www.aquimicasa.net\/blog\/vivienda\/compraventa-de-viviendas\/el-valor-del-residencial-en-barcelona-se-acelera-de-forma-leve\/"},"author":{"name":"Eduardo Lizarraga","@id":"https:\/\/www.aquimicasa.net\/blog\/#\/schema\/person\/2cdfa2605534583395c8d7ce1d6cac14"},"headline":"El valor del residencial en Barcelona se acelera de forma leve","datePublished":"2024-07-30T20:33:34+00:00","mainEntityOfPage":{"@id":"https:\/\/www.aquimicasa.net\/blog\/vivienda\/compraventa-de-viviendas\/el-valor-del-residencial-en-barcelona-se-acelera-de-forma-leve\/"},"wordCount":413,"commentCount":0,"publisher":{"@id":"https:\/\/www.aquimicasa.net\/blog\/#organization"},"image":{"@id":"https:\/\/www.aquimicasa.net\/blog\/vivienda\/compraventa-de-viviendas\/el-valor-del-residencial-en-barcelona-se-acelera-de-forma-leve\/#primaryimage"},"thumbnailUrl":"https:\/\/www.aquimicasa.net\/blog\/wp-content\/uploads\/Barcelona-1-e1722371604664.jpg","keywords":["newsletter 472","noticia de portada"],"articleSection":["Compra Venta"],"inLanguage":"es","potentialAction":[{"@type":"CommentAction","name":"Comment","target":["https:\/\/www.aquimicasa.net\/blog\/vivienda\/compraventa-de-viviendas\/el-valor-del-residencial-en-barcelona-se-acelera-de-forma-leve\/#respond"]}]},{"@type":"WebPage","@id":"https:\/\/www.aquimicasa.net\/blog\/vivienda\/compraventa-de-viviendas\/el-valor-del-residencial-en-barcelona-se-acelera-de-forma-leve\/","url":"https:\/\/www.aquimicasa.net\/blog\/vivienda\/compraventa-de-viviendas\/el-valor-del-residencial-en-barcelona-se-acelera-de-forma-leve\/","name":"El valor del residencial en Barcelona se acelera de forma leve","isPartOf":{"@id":"https:\/\/www.aquimicasa.net\/blog\/#website"},"primaryImageOfPage":{"@id":"https:\/\/www.aquimicasa.net\/blog\/vivienda\/compraventa-de-viviendas\/el-valor-del-residencial-en-barcelona-se-acelera-de-forma-leve\/#primaryimage"},"image":{"@id":"https:\/\/www.aquimicasa.net\/blog\/vivienda\/compraventa-de-viviendas\/el-valor-del-residencial-en-barcelona-se-acelera-de-forma-leve\/#primaryimage"},"thumbnailUrl":"https:\/\/www.aquimicasa.net\/blog\/wp-content\/uploads\/Barcelona-1-e1722371604664.jpg","datePublished":"2024-07-30T20:33:34+00:00","description":"En los 27 municipios relevantes del \u00e1rea metropolitana las variaciones trimestrales oscilan entre -0,6 % y +2,3 %.","breadcrumb":{"@id":"https:\/\/www.aquimicasa.net\/blog\/vivienda\/compraventa-de-viviendas\/el-valor-del-residencial-en-barcelona-se-acelera-de-forma-leve\/#breadcrumb"},"inLanguage":"es","potentialAction":[{"@type":"ReadAction","target":["https:\/\/www.aquimicasa.net\/blog\/vivienda\/compraventa-de-viviendas\/el-valor-del-residencial-en-barcelona-se-acelera-de-forma-leve\/"]}]},{"@type":"ImageObject","inLanguage":"es","@id":"https:\/\/www.aquimicasa.net\/blog\/vivienda\/compraventa-de-viviendas\/el-valor-del-residencial-en-barcelona-se-acelera-de-forma-leve\/#primaryimage","url":"https:\/\/www.aquimicasa.net\/blog\/wp-content\/uploads\/Barcelona-1-e1722371604664.jpg","contentUrl":"https:\/\/www.aquimicasa.net\/blog\/wp-content\/uploads\/Barcelona-1-e1722371604664.jpg","width":600,"height":396,"caption":"Barcelona invertir\u00e1 320 millones de euros en vivienda social"},{"@type":"BreadcrumbList","@id":"https:\/\/www.aquimicasa.net\/blog\/vivienda\/compraventa-de-viviendas\/el-valor-del-residencial-en-barcelona-se-acelera-de-forma-leve\/#breadcrumb","itemListElement":[{"@type":"ListItem","position":1,"name":"Portada","item":"https:\/\/www.aquimicasa.net\/blog\/"},{"@type":"ListItem","position":2,"name":"El valor del residencial en Barcelona se acelera de forma leve"}]},{"@type":"WebSite","@id":"https:\/\/www.aquimicasa.net\/blog\/#website","url":"https:\/\/www.aquimicasa.net\/blog\/","name":"Blog de aquimicasa.net","description":"Noticias del Mundo Inmobiliario","publisher":{"@id":"https:\/\/www.aquimicasa.net\/blog\/#organization"},"potentialAction":[{"@type":"SearchAction","target":{"@type":"EntryPoint","urlTemplate":"https:\/\/www.aquimicasa.net\/blog\/?s={search_term_string}"},"query-input":{"@type":"PropertyValueSpecification","valueRequired":true,"valueName":"search_term_string"}}],"inLanguage":"es"},{"@type":"Organization","@id":"https:\/\/www.aquimicasa.net\/blog\/#organization","name":"Blog de aquimicasa.net","url":"https:\/\/www.aquimicasa.net\/blog\/","logo":{"@type":"ImageObject","inLanguage":"es","@id":"https:\/\/www.aquimicasa.net\/blog\/#\/schema\/logo\/image\/","url":"https:\/\/www.aquimicasa.net\/blog\/wp-content\/uploads\/Logo-aquimicasa-1-e1528048213782.png","contentUrl":"https:\/\/www.aquimicasa.net\/blog\/wp-content\/uploads\/Logo-aquimicasa-1-e1528048213782.png","width":225,"height":225,"caption":"Blog de aquimicasa.net"},"image":{"@id":"https:\/\/www.aquimicasa.net\/blog\/#\/schema\/logo\/image\/"},"sameAs":["https:\/\/www.facebook.com\/aquimicasa.net","https:\/\/www.instagram.com\/","https:\/\/x.com\/EduLizarragaD","https:\/\/www.linkedin.com\/feed\/"]},{"@type":"Person","@id":"https:\/\/www.aquimicasa.net\/blog\/#\/schema\/person\/2cdfa2605534583395c8d7ce1d6cac14","name":"Eduardo Lizarraga","image":{"@type":"ImageObject","inLanguage":"es","@id":"https:\/\/secure.gravatar.com\/avatar\/bdabe1eeeed97b65a9cb7de2edd624b07995f7e13abc5fead15961f745f908cc?s=96&d=mm&r=g","url":"https:\/\/secure.gravatar.com\/avatar\/bdabe1eeeed97b65a9cb7de2edd624b07995f7e13abc5fead15961f745f908cc?s=96&d=mm&r=g","contentUrl":"https:\/\/secure.gravatar.com\/avatar\/bdabe1eeeed97b65a9cb7de2edd624b07995f7e13abc5fead15961f745f908cc?s=96&d=mm&r=g","caption":"Eduardo Lizarraga"},"description":"Periodista Econ\u00f3mico. Ha trabajado en diversos campos de la informaci\u00f3n. Corresponsal en conflictos, analista pol\u00edtico en Congreso y Senado, periodista del medio ambiente, editor, director editorial, director de comunicaci\u00f3n.... En estos momentos se ha especializado en el sector inmobiliario. Pero tambi\u00e9n es navegante y viajero, preocupado por la pobreza, el medio ambiente y por las actuaciones descontroladas del neoliberalismo empresarial y pol\u00edtico en todo el mundo. Los desahucios, la pobreza infantil y la falta de acceso a los suministros b\u00e1sicos son algunos de los grandes dramas de nuestra sociedad y que es preciso solucionar para hacerla m\u00e1s justa. CEO en www.aquimicasa.net","sameAs":["https:\/\/www.aquimicasa.net\/"],"url":"https:\/\/www.aquimicasa.net\/blog\/author\/eduardo\/"}]}},"jetpack_publicize_connections":[],"jetpack_featured_media_url":"https:\/\/www.aquimicasa.net\/blog\/wp-content\/uploads\/Barcelona-1-e1722371604664.jpg","jetpack_sharing_enabled":true,"jetpack_likes_enabled":true,"_links":{"self":[{"href":"https:\/\/www.aquimicasa.net\/blog\/wp-json\/wp\/v2\/posts\/48541","targetHints":{"allow":["GET"]}}],"collection":[{"href":"https:\/\/www.aquimicasa.net\/blog\/wp-json\/wp\/v2\/posts"}],"about":[{"href":"https:\/\/www.aquimicasa.net\/blog\/wp-json\/wp\/v2\/types\/post"}],"author":[{"embeddable":true,"href":"https:\/\/www.aquimicasa.net\/blog\/wp-json\/wp\/v2\/users\/3"}],"replies":[{"embeddable":true,"href":"https:\/\/www.aquimicasa.net\/blog\/wp-json\/wp\/v2\/comments?post=48541"}],"version-history":[{"count":1,"href":"https:\/\/www.aquimicasa.net\/blog\/wp-json\/wp\/v2\/posts\/48541\/revisions"}],"predecessor-version":[{"id":48542,"href":"https:\/\/www.aquimicasa.net\/blog\/wp-json\/wp\/v2\/posts\/48541\/revisions\/48542"}],"wp:featuredmedia":[{"embeddable":true,"href":"https:\/\/www.aquimicasa.net\/blog\/wp-json\/wp\/v2\/media\/45546"}],"wp:attachment":[{"href":"https:\/\/www.aquimicasa.net\/blog\/wp-json\/wp\/v2\/media?parent=48541"}],"wp:term":[{"taxonomy":"category","embeddable":true,"href":"https:\/\/www.aquimicasa.net\/blog\/wp-json\/wp\/v2\/categories?post=48541"},{"taxonomy":"post_tag","embeddable":true,"href":"https:\/\/www.aquimicasa.net\/blog\/wp-json\/wp\/v2\/tags?post=48541"}],"curies":[{"name":"wp","href":"https:\/\/api.w.org\/{rel}","templated":true}]}}