{"id":48639,"date":"2024-08-15T20:56:54","date_gmt":"2024-08-15T18:56:54","guid":{"rendered":"https:\/\/www.aquimicasa.net\/blog\/?p=48639"},"modified":"2024-08-15T20:57:58","modified_gmt":"2024-08-15T18:57:58","slug":"el-euribor-baja-31-milesimas-hasta-3-117-el-15-de-agosto","status":"publish","type":"post","link":"https:\/\/www.aquimicasa.net\/blog\/economia\/credito-hipotecario\/el-euribor-baja-31-milesimas-hasta-3-117-el-15-de-agosto\/","title":{"rendered":"El Eur\u00edbor baja 31 mil\u00e9simas, hasta 3.117%, el 15 de agosto"},"content":{"rendered":"<div class=\"fusion-fullwidth fullwidth-box fusion-builder-row-1 fusion-flex-container nonhundred-percent-fullwidth non-hundred-percent-height-scrolling\" style=\"background-color: rgba(255,255,255,0);background-position: center center;background-repeat: no-repeat;border-width: 0px 0px 0px 0px;border-color:#eae9e9;border-style:solid;\" ><div class=\"fusion-builder-row fusion-row fusion-flex-align-items-flex-start\" style=\"max-width:1144px;margin-left: calc(-4% \/ 2 );margin-right: calc(-4% \/ 2 );\"><div class=\"fusion-layout-column fusion_builder_column fusion-builder-column-0 fusion_builder_column_1_1 1_1 fusion-flex-column\"><div class=\"fusion-column-wrapper fusion-flex-justify-content-flex-start fusion-content-layout-column\" style=\"background-position:left top;background-repeat:no-repeat;-webkit-background-size:cover;-moz-background-size:cover;-o-background-size:cover;background-size:cover;padding: 0px 0px 0px 0px;\"><div class=\"fusion-text fusion-text-1\"><p data-reader-unique-id=\"13\">El Eur\u00edbor contin\u00faa dando buenas noticias y y ser\u00e1 lo mejor con lo que se encontrar\u00e1n los hipotecados a la vuelta de las vacaciones, que no todo van a ser facturas y visas achicharradas y no del calor. As\u00ed,\u00a0el \u00edndice de referencia m\u00e1s utilizado en las hipotecas espa\u00f1olas baja 31 mil\u00e9simas hasta 3.117%.<\/p>\n<p>La media del mes del Eur\u00edbor de agosto de 2024 queda, cuando ya estamos a mitad de mes, en el 3,205%, aunque si las bajadas contin\u00faan sucediendose podr\u00eda quedar por debajo del 3,160%. El dato es importante teniendo en cuenta que desde que empez\u00f3 2024 su media es de\u00a0<strong>3,675%<\/strong>, experimentando una ca\u00edda <strong>\u00a0-0,347\u00a0puntos<\/strong>\u00a0respecto a la media de 2023 (4,022%): 3,605% en enero, 3,671% en febrero, 3,718% en marzo,<strong>\u00a0<\/strong>3,703% en abril, 3,680% en mayo, 3,650% en junio y<strong>\u00a03,526% en julio.<\/strong><\/p>\n<p>Este descenso continuado del mes de agosto, que no tiene trazas de pararse,\u00a0 viene motivado por la m\u00e1s que probable decisi\u00f3n del Consejo de Gobierno del Banco Central Europeo (BCE) en su reuni\u00f3n del pr\u00f3ximo 12 de septiembre en Frankfurt, de <b>recortar<\/b>\u00a0<b>los tipos de inter\u00e9s 25 puntos b\u00e1sicos<\/b>. Y puede no ser la \u00fanica, porque adem\u00e1s de la de septiembre los analistas prev\u00e9n otra bajada de tipos antes de que termine el a\u00f1o, lo que continuar\u00e1 animando las bajadas del \u00edndice. De esta forma el Eur\u00edbor rondar\u00eda el 3% a finales de diciembre.<\/p>\n<h2><strong>\u00bfCu\u00e1nto se bajar\u00e1 las cuotas mensuales de las hipotecas?<\/strong><\/h2>\n<p>Con una media provisional del Euribor del 3.205%, una hipoteca de 150.000\u20ac a 25 a\u00f1os con un diferencial del 1% y revisi\u00f3n semestral, pasar\u00e1 de pagar 973.37 euros a pagar 933.83 euros lo que supone una variaci\u00f3n mensual de -39.5 euros. En el caso de que la revisi\u00f3n sea anual, pasar\u00e1 de pagar 1008.28 euros a pagar 933.83 euros, lo que supone una variaci\u00f3n mensual de -74.4 euros.<\/p>\n<p class=\"paragraph\" data-mrf-recirculation=\"Links inline\">En el caso de que la cuant\u00eda inicial de la hipoteca sea de 300.000 euros, con un plazo de 30 a\u00f1os y un diferencial del 0,99%,\u00a0 la cuota <b>baja casi 110 euros mensuales<\/b>: de los 1.636,05 euros que se pagaban hasta ahora a los 1.526 euros que se abonan a partir de la revisi\u00f3n de julio. As\u00ed,\u00a0<b>las cuotas merman en 1.317 euros.<\/b><\/p>\n<h2 data-mrf-recirculation=\"Links inline\"><strong>Las previsiones optimistas fijan un 3% para el Eur\u00edbor a finales de a\u00f1o<\/strong><\/h2>\n<p data-mrf-recirculation=\"Links inline\">En general, los vaticinios que hacen distintas entidades y organismos sit\u00faan el\u00a0<b>cierre del eur\u00edbor este a\u00f1o<\/b>\u00a0en una\u00a0<b>horquilla que va del 3% al 3,5%<\/b>. Los analistas de Bankinter y Funcas son los que prev\u00e9n cifras m\u00e1s elevadas, entre el 3,5% y el 3,3%, respectivamente, mientras que CaixaBank sit\u00faa al eur\u00edbor en el 3,03% y Asufin, en el 3%.<\/p>\n<div class=\"inline_2_DSK ad-wrapper ad-desktop\">\n<div class=\"dfpAd ad-inline\">\n<div id=\"infobae\/espana\/nota\/inline_2_DSK\" class=\"infobae\/espana\/nota\/inline_2_DSK arcad\" data-google-query-id=\"CJP_7OLD94cDFfJlHQkdvMQJSw\">\n<div id=\"google_ads_iframe_\/1058609\/infobae\/espana\/nota\/inline_2_DSK_0__container__\">\n<div id=\"inArticle_1\" class=\"st-placement inArticle_1 inArticle\"><\/div>\n<\/div>\n<\/div>\n<\/div>\n<\/div>\n<\/div><\/div><style type=\"text\/css\">.fusion-body .fusion-builder-column-0{width:100% !important;margin-top : 0px;margin-bottom : 0px;}.fusion-builder-column-0 > .fusion-column-wrapper {padding-top : 0px !important;padding-right : 0px !important;margin-right : 1.92%;padding-bottom : 0px !important;padding-left : 0px !important;margin-left : 1.92%;}@media only screen and (max-width:1024px) {.fusion-body .fusion-builder-column-0{width:100% !important;}.fusion-builder-column-0 > .fusion-column-wrapper {margin-right : 1.92%;margin-left : 1.92%;}}@media only screen and (max-width:640px) {.fusion-body .fusion-builder-column-0{width:100% !important;}.fusion-builder-column-0 > .fusion-column-wrapper {margin-right : 1.92%;margin-left : 1.92%;}}<\/style><\/div><\/div><style type=\"text\/css\">.fusion-body .fusion-flex-container.fusion-builder-row-1{ padding-top : 0px;margin-top : 0px;padding-right : 0px;padding-bottom : 0px;margin-bottom : 0px;padding-left : 0px;}<\/style><\/div>\n","protected":false},"excerpt":{"rendered":"<p>La media del mes del Eur\u00edbor de agosto de 2024 queda, cuando ya estamos a mitad de mes, en el 3,205%, aunque si las bajadas contin\u00faan sucediendose podr\u00eda quedar por debajo del 3,160%.<\/p>\n","protected":false},"author":3,"featured_media":48643,"comment_status":"open","ping_status":"closed","sticky":false,"template":"","format":"standard","meta":{"_jetpack_memberships_contains_paid_content":false,"footnotes":"","jetpack_publicize_message":"","jetpack_publicize_feature_enabled":true,"jetpack_social_post_already_shared":true,"jetpack_social_options":{"image_generator_settings":{"template":"highway","default_image_id":0,"font":"","enabled":false},"version":2}},"categories":[43],"tags":[8183,7568],"class_list":["post-48639","post","type-post","status-publish","format-standard","has-post-thumbnail","hentry","category-credito-hipotecario","tag-newsletter-474","tag-noticia-de-portada"],"yoast_head":"<!-- This site is optimized with the Yoast SEO plugin v28.2 - https:\/\/yoast.com\/product\/yoast-seo-wordpress\/ -->\n<title>El Eur\u00edbor baja 31 mil\u00e9simas, hasta 3.117%, el 15 de agosto<\/title>\n<meta name=\"description\" content=\"El BCE, en su reuni\u00f3n del pr\u00f3ximo 12 de septiembre en Frankfurt, podr\u00eda recortar\u00a0los tipos de inter\u00e9s 25 puntos b\u00e1sicos.\" \/>\n<meta name=\"robots\" content=\"index, follow, max-snippet:-1, max-image-preview:large, max-video-preview:-1\" \/>\n<link rel=\"canonical\" href=\"https:\/\/www.aquimicasa.net\/blog\/economia\/credito-hipotecario\/el-euribor-baja-31-milesimas-hasta-3-117-el-15-de-agosto\/\" \/>\n<meta property=\"og:locale\" content=\"es_ES\" \/>\n<meta property=\"og:type\" content=\"article\" \/>\n<meta property=\"og:title\" content=\"El Eur\u00edbor baja 31 mil\u00e9simas, hasta 3.117%, el 15 de agosto\" \/>\n<meta property=\"og:description\" content=\"El BCE, en su reuni\u00f3n del pr\u00f3ximo 12 de septiembre en Frankfurt, podr\u00eda recortar\u00a0los tipos de inter\u00e9s 25 puntos b\u00e1sicos.\" \/>\n<meta property=\"og:url\" content=\"https:\/\/www.aquimicasa.net\/blog\/economia\/credito-hipotecario\/el-euribor-baja-31-milesimas-hasta-3-117-el-15-de-agosto\/\" \/>\n<meta property=\"og:site_name\" content=\"Blog de aquimicasa.net\" \/>\n<meta property=\"article:publisher\" content=\"https:\/\/www.facebook.com\/aquimicasa.net\" \/>\n<meta property=\"article:published_time\" content=\"2024-08-15T18:56:54+00:00\" \/>\n<meta property=\"article:modified_time\" content=\"2024-08-15T18:57:58+00:00\" \/>\n<meta property=\"og:image\" content=\"https:\/\/www.aquimicasa.net\/blog\/wp-content\/uploads\/euribor4.jpg\" \/>\n\t<meta property=\"og:image:width\" content=\"670\" \/>\n\t<meta property=\"og:image:height\" content=\"360\" \/>\n\t<meta property=\"og:image:type\" content=\"image\/jpeg\" \/>\n<meta name=\"author\" content=\"Eduardo Lizarraga\" \/>\n<meta name=\"twitter:label1\" content=\"Escrito por\" \/>\n\t<meta name=\"twitter:data1\" content=\"Eduardo Lizarraga\" \/>\n\t<meta name=\"twitter:label2\" content=\"Tiempo de lectura\" \/>\n\t<meta name=\"twitter:data2\" content=\"3 minutos\" \/>\n<script type=\"application\/ld+json\" class=\"yoast-schema-graph\">{\"@context\":\"https:\\\/\\\/schema.org\",\"@graph\":[{\"@type\":\"Article\",\"@id\":\"https:\\\/\\\/www.aquimicasa.net\\\/blog\\\/economia\\\/credito-hipotecario\\\/el-euribor-baja-31-milesimas-hasta-3-117-el-15-de-agosto\\\/#article\",\"isPartOf\":{\"@id\":\"https:\\\/\\\/www.aquimicasa.net\\\/blog\\\/economia\\\/credito-hipotecario\\\/el-euribor-baja-31-milesimas-hasta-3-117-el-15-de-agosto\\\/\"},\"author\":{\"name\":\"Eduardo Lizarraga\",\"@id\":\"https:\\\/\\\/www.aquimicasa.net\\\/blog\\\/#\\\/schema\\\/person\\\/2cdfa2605534583395c8d7ce1d6cac14\"},\"headline\":\"El Eur\u00edbor baja 31 mil\u00e9simas, hasta 3.117%, el 15 de agosto\",\"datePublished\":\"2024-08-15T18:56:54+00:00\",\"dateModified\":\"2024-08-15T18:57:58+00:00\",\"mainEntityOfPage\":{\"@id\":\"https:\\\/\\\/www.aquimicasa.net\\\/blog\\\/economia\\\/credito-hipotecario\\\/el-euribor-baja-31-milesimas-hasta-3-117-el-15-de-agosto\\\/\"},\"wordCount\":692,\"commentCount\":0,\"publisher\":{\"@id\":\"https:\\\/\\\/www.aquimicasa.net\\\/blog\\\/#organization\"},\"image\":{\"@id\":\"https:\\\/\\\/www.aquimicasa.net\\\/blog\\\/economia\\\/credito-hipotecario\\\/el-euribor-baja-31-milesimas-hasta-3-117-el-15-de-agosto\\\/#primaryimage\"},\"thumbnailUrl\":\"https:\\\/\\\/www.aquimicasa.net\\\/blog\\\/wp-content\\\/uploads\\\/euribor4.jpg\",\"keywords\":[\"newsletter 474\",\"noticia de portada\"],\"articleSection\":[\"Cr\u00e9dito hipotecario\"],\"inLanguage\":\"es\",\"potentialAction\":[{\"@type\":\"CommentAction\",\"name\":\"Comment\",\"target\":[\"https:\\\/\\\/www.aquimicasa.net\\\/blog\\\/economia\\\/credito-hipotecario\\\/el-euribor-baja-31-milesimas-hasta-3-117-el-15-de-agosto\\\/#respond\"]}]},{\"@type\":\"WebPage\",\"@id\":\"https:\\\/\\\/www.aquimicasa.net\\\/blog\\\/economia\\\/credito-hipotecario\\\/el-euribor-baja-31-milesimas-hasta-3-117-el-15-de-agosto\\\/\",\"url\":\"https:\\\/\\\/www.aquimicasa.net\\\/blog\\\/economia\\\/credito-hipotecario\\\/el-euribor-baja-31-milesimas-hasta-3-117-el-15-de-agosto\\\/\",\"name\":\"El Eur\u00edbor baja 31 mil\u00e9simas, hasta 3.117%, el 15 de agosto\",\"isPartOf\":{\"@id\":\"https:\\\/\\\/www.aquimicasa.net\\\/blog\\\/#website\"},\"primaryImageOfPage\":{\"@id\":\"https:\\\/\\\/www.aquimicasa.net\\\/blog\\\/economia\\\/credito-hipotecario\\\/el-euribor-baja-31-milesimas-hasta-3-117-el-15-de-agosto\\\/#primaryimage\"},\"image\":{\"@id\":\"https:\\\/\\\/www.aquimicasa.net\\\/blog\\\/economia\\\/credito-hipotecario\\\/el-euribor-baja-31-milesimas-hasta-3-117-el-15-de-agosto\\\/#primaryimage\"},\"thumbnailUrl\":\"https:\\\/\\\/www.aquimicasa.net\\\/blog\\\/wp-content\\\/uploads\\\/euribor4.jpg\",\"datePublished\":\"2024-08-15T18:56:54+00:00\",\"dateModified\":\"2024-08-15T18:57:58+00:00\",\"description\":\"El BCE, en su reuni\u00f3n del pr\u00f3ximo 12 de septiembre en Frankfurt, podr\u00eda recortar\u00a0los tipos de inter\u00e9s 25 puntos b\u00e1sicos.\",\"breadcrumb\":{\"@id\":\"https:\\\/\\\/www.aquimicasa.net\\\/blog\\\/economia\\\/credito-hipotecario\\\/el-euribor-baja-31-milesimas-hasta-3-117-el-15-de-agosto\\\/#breadcrumb\"},\"inLanguage\":\"es\",\"potentialAction\":[{\"@type\":\"ReadAction\",\"target\":[\"https:\\\/\\\/www.aquimicasa.net\\\/blog\\\/economia\\\/credito-hipotecario\\\/el-euribor-baja-31-milesimas-hasta-3-117-el-15-de-agosto\\\/\"]}]},{\"@type\":\"ImageObject\",\"inLanguage\":\"es\",\"@id\":\"https:\\\/\\\/www.aquimicasa.net\\\/blog\\\/economia\\\/credito-hipotecario\\\/el-euribor-baja-31-milesimas-hasta-3-117-el-15-de-agosto\\\/#primaryimage\",\"url\":\"https:\\\/\\\/www.aquimicasa.net\\\/blog\\\/wp-content\\\/uploads\\\/euribor4.jpg\",\"contentUrl\":\"https:\\\/\\\/www.aquimicasa.net\\\/blog\\\/wp-content\\\/uploads\\\/euribor4.jpg\",\"width\":670,\"height\":360,\"caption\":\"El BCE mantiene los tipos de inter\u00e9s pero se\u00f1ala que baja la inflaci\u00f3n\"},{\"@type\":\"BreadcrumbList\",\"@id\":\"https:\\\/\\\/www.aquimicasa.net\\\/blog\\\/economia\\\/credito-hipotecario\\\/el-euribor-baja-31-milesimas-hasta-3-117-el-15-de-agosto\\\/#breadcrumb\",\"itemListElement\":[{\"@type\":\"ListItem\",\"position\":1,\"name\":\"Portada\",\"item\":\"https:\\\/\\\/www.aquimicasa.net\\\/blog\\\/\"},{\"@type\":\"ListItem\",\"position\":2,\"name\":\"El Eur\u00edbor baja 31 mil\u00e9simas, hasta 3.117%, el 15 de agosto\"}]},{\"@type\":\"WebSite\",\"@id\":\"https:\\\/\\\/www.aquimicasa.net\\\/blog\\\/#website\",\"url\":\"https:\\\/\\\/www.aquimicasa.net\\\/blog\\\/\",\"name\":\"Blog de aquimicasa.net\",\"description\":\"Noticias del Mundo Inmobiliario\",\"publisher\":{\"@id\":\"https:\\\/\\\/www.aquimicasa.net\\\/blog\\\/#organization\"},\"potentialAction\":[{\"@type\":\"SearchAction\",\"target\":{\"@type\":\"EntryPoint\",\"urlTemplate\":\"https:\\\/\\\/www.aquimicasa.net\\\/blog\\\/?s={search_term_string}\"},\"query-input\":{\"@type\":\"PropertyValueSpecification\",\"valueRequired\":true,\"valueName\":\"search_term_string\"}}],\"inLanguage\":\"es\"},{\"@type\":\"Organization\",\"@id\":\"https:\\\/\\\/www.aquimicasa.net\\\/blog\\\/#organization\",\"name\":\"Blog de aquimicasa.net\",\"url\":\"https:\\\/\\\/www.aquimicasa.net\\\/blog\\\/\",\"logo\":{\"@type\":\"ImageObject\",\"inLanguage\":\"es\",\"@id\":\"https:\\\/\\\/www.aquimicasa.net\\\/blog\\\/#\\\/schema\\\/logo\\\/image\\\/\",\"url\":\"https:\\\/\\\/www.aquimicasa.net\\\/blog\\\/wp-content\\\/uploads\\\/Logo-aquimicasa-1-e1528048213782.png\",\"contentUrl\":\"https:\\\/\\\/www.aquimicasa.net\\\/blog\\\/wp-content\\\/uploads\\\/Logo-aquimicasa-1-e1528048213782.png\",\"width\":225,\"height\":225,\"caption\":\"Blog de aquimicasa.net\"},\"image\":{\"@id\":\"https:\\\/\\\/www.aquimicasa.net\\\/blog\\\/#\\\/schema\\\/logo\\\/image\\\/\"},\"sameAs\":[\"https:\\\/\\\/www.facebook.com\\\/aquimicasa.net\",\"https:\\\/\\\/www.instagram.com\\\/\",\"https:\\\/\\\/x.com\\\/EduLizarragaD\",\"https:\\\/\\\/www.linkedin.com\\\/feed\\\/\"]},{\"@type\":\"Person\",\"@id\":\"https:\\\/\\\/www.aquimicasa.net\\\/blog\\\/#\\\/schema\\\/person\\\/2cdfa2605534583395c8d7ce1d6cac14\",\"name\":\"Eduardo Lizarraga\",\"image\":{\"@type\":\"ImageObject\",\"inLanguage\":\"es\",\"@id\":\"https:\\\/\\\/secure.gravatar.com\\\/avatar\\\/bdabe1eeeed97b65a9cb7de2edd624b07995f7e13abc5fead15961f745f908cc?s=96&d=mm&r=g\",\"url\":\"https:\\\/\\\/secure.gravatar.com\\\/avatar\\\/bdabe1eeeed97b65a9cb7de2edd624b07995f7e13abc5fead15961f745f908cc?s=96&d=mm&r=g\",\"contentUrl\":\"https:\\\/\\\/secure.gravatar.com\\\/avatar\\\/bdabe1eeeed97b65a9cb7de2edd624b07995f7e13abc5fead15961f745f908cc?s=96&d=mm&r=g\",\"caption\":\"Eduardo Lizarraga\"},\"description\":\"Periodista Econ\u00f3mico. Ha trabajado en diversos campos de la informaci\u00f3n. Corresponsal en conflictos, analista pol\u00edtico en Congreso y Senado, periodista del medio ambiente, editor, director editorial, director de comunicaci\u00f3n.... En estos momentos se ha especializado en el sector inmobiliario. Pero tambi\u00e9n es navegante y viajero, preocupado por la pobreza, el medio ambiente y por las actuaciones descontroladas del neoliberalismo empresarial y pol\u00edtico en todo el mundo. Los desahucios, la pobreza infantil y la falta de acceso a los suministros b\u00e1sicos son algunos de los grandes dramas de nuestra sociedad y que es preciso solucionar para hacerla m\u00e1s justa. CEO en www.aquimicasa.net\",\"sameAs\":[\"https:\\\/\\\/www.aquimicasa.net\\\/\"],\"url\":\"https:\\\/\\\/www.aquimicasa.net\\\/blog\\\/author\\\/eduardo\\\/\"}]}<\/script>\n<!-- \/ Yoast SEO plugin. -->","yoast_head_json":{"title":"El Eur\u00edbor baja 31 mil\u00e9simas, hasta 3.117%, el 15 de agosto","description":"El BCE, en su reuni\u00f3n del pr\u00f3ximo 12 de septiembre en Frankfurt, podr\u00eda recortar\u00a0los tipos de inter\u00e9s 25 puntos b\u00e1sicos.","robots":{"index":"index","follow":"follow","max-snippet":"max-snippet:-1","max-image-preview":"max-image-preview:large","max-video-preview":"max-video-preview:-1"},"canonical":"https:\/\/www.aquimicasa.net\/blog\/economia\/credito-hipotecario\/el-euribor-baja-31-milesimas-hasta-3-117-el-15-de-agosto\/","og_locale":"es_ES","og_type":"article","og_title":"El Eur\u00edbor baja 31 mil\u00e9simas, hasta 3.117%, el 15 de agosto","og_description":"El BCE, en su reuni\u00f3n del pr\u00f3ximo 12 de septiembre en Frankfurt, podr\u00eda recortar\u00a0los tipos de inter\u00e9s 25 puntos b\u00e1sicos.","og_url":"https:\/\/www.aquimicasa.net\/blog\/economia\/credito-hipotecario\/el-euribor-baja-31-milesimas-hasta-3-117-el-15-de-agosto\/","og_site_name":"Blog de aquimicasa.net","article_publisher":"https:\/\/www.facebook.com\/aquimicasa.net","article_published_time":"2024-08-15T18:56:54+00:00","article_modified_time":"2024-08-15T18:57:58+00:00","og_image":[{"width":670,"height":360,"url":"https:\/\/www.aquimicasa.net\/blog\/wp-content\/uploads\/euribor4.jpg","type":"image\/jpeg"}],"author":"Eduardo Lizarraga","twitter_misc":{"Escrito por":"Eduardo Lizarraga","Tiempo de lectura":"3 minutos"},"schema":{"@context":"https:\/\/schema.org","@graph":[{"@type":"Article","@id":"https:\/\/www.aquimicasa.net\/blog\/economia\/credito-hipotecario\/el-euribor-baja-31-milesimas-hasta-3-117-el-15-de-agosto\/#article","isPartOf":{"@id":"https:\/\/www.aquimicasa.net\/blog\/economia\/credito-hipotecario\/el-euribor-baja-31-milesimas-hasta-3-117-el-15-de-agosto\/"},"author":{"name":"Eduardo Lizarraga","@id":"https:\/\/www.aquimicasa.net\/blog\/#\/schema\/person\/2cdfa2605534583395c8d7ce1d6cac14"},"headline":"El Eur\u00edbor baja 31 mil\u00e9simas, hasta 3.117%, el 15 de agosto","datePublished":"2024-08-15T18:56:54+00:00","dateModified":"2024-08-15T18:57:58+00:00","mainEntityOfPage":{"@id":"https:\/\/www.aquimicasa.net\/blog\/economia\/credito-hipotecario\/el-euribor-baja-31-milesimas-hasta-3-117-el-15-de-agosto\/"},"wordCount":692,"commentCount":0,"publisher":{"@id":"https:\/\/www.aquimicasa.net\/blog\/#organization"},"image":{"@id":"https:\/\/www.aquimicasa.net\/blog\/economia\/credito-hipotecario\/el-euribor-baja-31-milesimas-hasta-3-117-el-15-de-agosto\/#primaryimage"},"thumbnailUrl":"https:\/\/www.aquimicasa.net\/blog\/wp-content\/uploads\/euribor4.jpg","keywords":["newsletter 474","noticia de portada"],"articleSection":["Cr\u00e9dito hipotecario"],"inLanguage":"es","potentialAction":[{"@type":"CommentAction","name":"Comment","target":["https:\/\/www.aquimicasa.net\/blog\/economia\/credito-hipotecario\/el-euribor-baja-31-milesimas-hasta-3-117-el-15-de-agosto\/#respond"]}]},{"@type":"WebPage","@id":"https:\/\/www.aquimicasa.net\/blog\/economia\/credito-hipotecario\/el-euribor-baja-31-milesimas-hasta-3-117-el-15-de-agosto\/","url":"https:\/\/www.aquimicasa.net\/blog\/economia\/credito-hipotecario\/el-euribor-baja-31-milesimas-hasta-3-117-el-15-de-agosto\/","name":"El Eur\u00edbor baja 31 mil\u00e9simas, hasta 3.117%, el 15 de agosto","isPartOf":{"@id":"https:\/\/www.aquimicasa.net\/blog\/#website"},"primaryImageOfPage":{"@id":"https:\/\/www.aquimicasa.net\/blog\/economia\/credito-hipotecario\/el-euribor-baja-31-milesimas-hasta-3-117-el-15-de-agosto\/#primaryimage"},"image":{"@id":"https:\/\/www.aquimicasa.net\/blog\/economia\/credito-hipotecario\/el-euribor-baja-31-milesimas-hasta-3-117-el-15-de-agosto\/#primaryimage"},"thumbnailUrl":"https:\/\/www.aquimicasa.net\/blog\/wp-content\/uploads\/euribor4.jpg","datePublished":"2024-08-15T18:56:54+00:00","dateModified":"2024-08-15T18:57:58+00:00","description":"El BCE, en su reuni\u00f3n del pr\u00f3ximo 12 de septiembre en Frankfurt, podr\u00eda recortar\u00a0los tipos de inter\u00e9s 25 puntos b\u00e1sicos.","breadcrumb":{"@id":"https:\/\/www.aquimicasa.net\/blog\/economia\/credito-hipotecario\/el-euribor-baja-31-milesimas-hasta-3-117-el-15-de-agosto\/#breadcrumb"},"inLanguage":"es","potentialAction":[{"@type":"ReadAction","target":["https:\/\/www.aquimicasa.net\/blog\/economia\/credito-hipotecario\/el-euribor-baja-31-milesimas-hasta-3-117-el-15-de-agosto\/"]}]},{"@type":"ImageObject","inLanguage":"es","@id":"https:\/\/www.aquimicasa.net\/blog\/economia\/credito-hipotecario\/el-euribor-baja-31-milesimas-hasta-3-117-el-15-de-agosto\/#primaryimage","url":"https:\/\/www.aquimicasa.net\/blog\/wp-content\/uploads\/euribor4.jpg","contentUrl":"https:\/\/www.aquimicasa.net\/blog\/wp-content\/uploads\/euribor4.jpg","width":670,"height":360,"caption":"El BCE mantiene los tipos de inter\u00e9s pero se\u00f1ala que baja la inflaci\u00f3n"},{"@type":"BreadcrumbList","@id":"https:\/\/www.aquimicasa.net\/blog\/economia\/credito-hipotecario\/el-euribor-baja-31-milesimas-hasta-3-117-el-15-de-agosto\/#breadcrumb","itemListElement":[{"@type":"ListItem","position":1,"name":"Portada","item":"https:\/\/www.aquimicasa.net\/blog\/"},{"@type":"ListItem","position":2,"name":"El Eur\u00edbor baja 31 mil\u00e9simas, hasta 3.117%, el 15 de agosto"}]},{"@type":"WebSite","@id":"https:\/\/www.aquimicasa.net\/blog\/#website","url":"https:\/\/www.aquimicasa.net\/blog\/","name":"Blog de aquimicasa.net","description":"Noticias del Mundo Inmobiliario","publisher":{"@id":"https:\/\/www.aquimicasa.net\/blog\/#organization"},"potentialAction":[{"@type":"SearchAction","target":{"@type":"EntryPoint","urlTemplate":"https:\/\/www.aquimicasa.net\/blog\/?s={search_term_string}"},"query-input":{"@type":"PropertyValueSpecification","valueRequired":true,"valueName":"search_term_string"}}],"inLanguage":"es"},{"@type":"Organization","@id":"https:\/\/www.aquimicasa.net\/blog\/#organization","name":"Blog de aquimicasa.net","url":"https:\/\/www.aquimicasa.net\/blog\/","logo":{"@type":"ImageObject","inLanguage":"es","@id":"https:\/\/www.aquimicasa.net\/blog\/#\/schema\/logo\/image\/","url":"https:\/\/www.aquimicasa.net\/blog\/wp-content\/uploads\/Logo-aquimicasa-1-e1528048213782.png","contentUrl":"https:\/\/www.aquimicasa.net\/blog\/wp-content\/uploads\/Logo-aquimicasa-1-e1528048213782.png","width":225,"height":225,"caption":"Blog de aquimicasa.net"},"image":{"@id":"https:\/\/www.aquimicasa.net\/blog\/#\/schema\/logo\/image\/"},"sameAs":["https:\/\/www.facebook.com\/aquimicasa.net","https:\/\/www.instagram.com\/","https:\/\/x.com\/EduLizarragaD","https:\/\/www.linkedin.com\/feed\/"]},{"@type":"Person","@id":"https:\/\/www.aquimicasa.net\/blog\/#\/schema\/person\/2cdfa2605534583395c8d7ce1d6cac14","name":"Eduardo Lizarraga","image":{"@type":"ImageObject","inLanguage":"es","@id":"https:\/\/secure.gravatar.com\/avatar\/bdabe1eeeed97b65a9cb7de2edd624b07995f7e13abc5fead15961f745f908cc?s=96&d=mm&r=g","url":"https:\/\/secure.gravatar.com\/avatar\/bdabe1eeeed97b65a9cb7de2edd624b07995f7e13abc5fead15961f745f908cc?s=96&d=mm&r=g","contentUrl":"https:\/\/secure.gravatar.com\/avatar\/bdabe1eeeed97b65a9cb7de2edd624b07995f7e13abc5fead15961f745f908cc?s=96&d=mm&r=g","caption":"Eduardo Lizarraga"},"description":"Periodista Econ\u00f3mico. Ha trabajado en diversos campos de la informaci\u00f3n. Corresponsal en conflictos, analista pol\u00edtico en Congreso y Senado, periodista del medio ambiente, editor, director editorial, director de comunicaci\u00f3n.... En estos momentos se ha especializado en el sector inmobiliario. Pero tambi\u00e9n es navegante y viajero, preocupado por la pobreza, el medio ambiente y por las actuaciones descontroladas del neoliberalismo empresarial y pol\u00edtico en todo el mundo. Los desahucios, la pobreza infantil y la falta de acceso a los suministros b\u00e1sicos son algunos de los grandes dramas de nuestra sociedad y que es preciso solucionar para hacerla m\u00e1s justa. CEO en www.aquimicasa.net","sameAs":["https:\/\/www.aquimicasa.net\/"],"url":"https:\/\/www.aquimicasa.net\/blog\/author\/eduardo\/"}]}},"jetpack_publicize_connections":[],"jetpack_featured_media_url":"https:\/\/www.aquimicasa.net\/blog\/wp-content\/uploads\/euribor4.jpg","jetpack_sharing_enabled":true,"jetpack_likes_enabled":true,"_links":{"self":[{"href":"https:\/\/www.aquimicasa.net\/blog\/wp-json\/wp\/v2\/posts\/48639","targetHints":{"allow":["GET"]}}],"collection":[{"href":"https:\/\/www.aquimicasa.net\/blog\/wp-json\/wp\/v2\/posts"}],"about":[{"href":"https:\/\/www.aquimicasa.net\/blog\/wp-json\/wp\/v2\/types\/post"}],"author":[{"embeddable":true,"href":"https:\/\/www.aquimicasa.net\/blog\/wp-json\/wp\/v2\/users\/3"}],"replies":[{"embeddable":true,"href":"https:\/\/www.aquimicasa.net\/blog\/wp-json\/wp\/v2\/comments?post=48639"}],"version-history":[{"count":4,"href":"https:\/\/www.aquimicasa.net\/blog\/wp-json\/wp\/v2\/posts\/48639\/revisions"}],"predecessor-version":[{"id":48644,"href":"https:\/\/www.aquimicasa.net\/blog\/wp-json\/wp\/v2\/posts\/48639\/revisions\/48644"}],"wp:featuredmedia":[{"embeddable":true,"href":"https:\/\/www.aquimicasa.net\/blog\/wp-json\/wp\/v2\/media\/48643"}],"wp:attachment":[{"href":"https:\/\/www.aquimicasa.net\/blog\/wp-json\/wp\/v2\/media?parent=48639"}],"wp:term":[{"taxonomy":"category","embeddable":true,"href":"https:\/\/www.aquimicasa.net\/blog\/wp-json\/wp\/v2\/categories?post=48639"},{"taxonomy":"post_tag","embeddable":true,"href":"https:\/\/www.aquimicasa.net\/blog\/wp-json\/wp\/v2\/tags?post=48639"}],"curies":[{"name":"wp","href":"https:\/\/api.w.org\/{rel}","templated":true}]}}