{"id":48672,"date":"2024-08-23T17:35:26","date_gmt":"2024-08-23T15:35:26","guid":{"rendered":"https:\/\/www.aquimicasa.net\/blog\/?p=48672"},"modified":"2024-08-23T17:35:26","modified_gmt":"2024-08-23T15:35:26","slug":"la-construccion-sube-un-17-en-la-zona-euro","status":"publish","type":"post","link":"https:\/\/www.aquimicasa.net\/blog\/vivienda\/compraventa-de-viviendas\/la-construccion-sube-un-17-en-la-zona-euro\/","title":{"rendered":"La construcci\u00f3n sube un 1,7% en la zona euro"},"content":{"rendered":"<div class=\"fusion-fullwidth fullwidth-box fusion-builder-row-1 fusion-flex-container nonhundred-percent-fullwidth non-hundred-percent-height-scrolling\" style=\"background-color: rgba(255,255,255,0);background-position: center center;background-repeat: no-repeat;border-width: 0px 0px 0px 0px;border-color:#eae9e9;border-style:solid;\" ><div class=\"fusion-builder-row fusion-row fusion-flex-align-items-flex-start\" style=\"max-width:1144px;margin-left: calc(-4% \/ 2 );margin-right: calc(-4% \/ 2 );\"><div class=\"fusion-layout-column fusion_builder_column fusion-builder-column-0 fusion_builder_column_1_1 1_1 fusion-flex-column\"><div class=\"fusion-column-wrapper fusion-flex-justify-content-flex-start fusion-content-layout-column\" style=\"background-position:left top;background-repeat:no-repeat;-webkit-background-size:cover;-moz-background-size:cover;-o-background-size:cover;background-size:cover;padding: 0px 0px 0px 0px;\"><div class=\"fusion-text fusion-text-1\"><p>Seg\u00fan los \u00faltimos informes de Eurostat, la a<strong>ctividad de la construcci\u00f3n en la zona euro <\/strong>ha mostrado signos de recuperaci\u00f3n en algunos pa\u00edses, mientras que en otros ha continuado enfrentando desaf\u00edos mostrando un panorama muy diverso.<\/p>\n<h2><strong>La actividad del sector de la construcci\u00f3n se incrementa un 1,7% en junio<\/strong><\/h2>\n<p>En el mes de junio, de acuerdo a los datos estad\u00edsticos europeos, la zona euro registr\u00f3 un crecimiento anual del 1% en la actividad de la construcci\u00f3n,<strong> lo que es un dato muy positivo ya que rompe cinco meses de ca\u00eddas <\/strong>pero con altibajos<strong>. <\/strong>En comparaci\u00f3n intermensual, la actividad de la construcci\u00f3n en la zona del euro se increment\u00f3 un 1,7% en junio, el primer repunte despu\u00e9s de tres retrocesos consecutivos, tras bajar un 0,9% en mayo. En la\u00a0UE, el dato avanz\u00f3 un 1,4%, frente a la ca\u00edda del 1,1% en mayo.<\/p>\n<p>En junio, los mayores aumentos anuales de la producci\u00f3n en el sector de la construcci\u00f3n se registraron en\u00a0<strong>Espa\u00f1a<\/strong>\u00a0(4,8%),\u00a0<strong>Bulgaria<\/strong>\u00a0(2,9%) y\u00a0<strong>Portugal<\/strong>\u00a0(2,7%), mientras los mayores retrocesos se dieron en\u00a0<strong>Eslovenia<\/strong>\u00a0(-19%), la\u00a0<strong>Rep\u00fablica Checa<\/strong>\u00a0(-10,2%) y\u00a0<strong>Suecia<\/strong>\u00a0(-9%).<\/p>\n<p>Este crecimiento se produce despu\u00e9s de una disminuci\u00f3n del 2,1% en mayo, lo que sugiere que el sector comienza a encontrar un camino hacia la estabilizaci\u00f3n. Pero los datos optimistas no son uniformes ya que en el conjunto de la Uni\u00f3n Europea, la actividad retrocedi\u00f3 un 0,1% en t\u00e9rminos anuales, la quinta bajada consecutiva en el bloque comunitario.<\/p>\n<h2 class=\"wp-block-heading\">A pesar de los malos datos Espa\u00f1a se coloca en cabeza de la construcci\u00f3n<\/h2>\n<p>Uno de los aspectos a destacar del informe de Eurostat es el papel que est\u00e1 jugando Espa\u00f1a en el panorama europeo. Seg\u00fan los datos publicados, <strong>Espa\u00f1a se sit\u00faa a la cabeza del crecimiento del sector de la construcci\u00f3n, con un 4,8% de aumento interanual<\/strong>. Este crecimiento contrasta con la situaci\u00f3n de otros pa\u00edses, como Eslovenia, Chequia y Suecia, que se colocan a la cola de los datos del sector construcci\u00f3n.<\/p>\n<div class=\"code-block code-block-15\">\n<div id=\"taboola-mid-article-unit\" class=\" trc_related_container trc_spotlight_widget trc_elastic trc_elastic_mid-article-thumbnails \" data-placement-name=\"Mid Article Unit\">\n<div class=\"trc_rbox_container\">\n<div id=\"trc_wrapper_10810\" class=\"trc_rbox mid-article-thumbnails trc-content-sponsored \">\n<div id=\"trc_header_10810\" class=\"trc_rbox_header trc_rbox_border_elm\">\n<div class=\"trc_header_ext\">El liderazgo del sector constructivo espa\u00f1ol se est\u00e1 viendo impulsado por la constante <strong>entrada de capitales en el mercado espa\u00f1ol<\/strong>, la reactivaci\u00f3n de la <strong>demanda nacional<\/strong> y la puesta en marcha de diversos proyectos de infraestructuras.\u00a0 \u00a0Adem\u00e1s, las medidas de apoyo a la construcci\u00f3n impulsadas desde el Gobierno y las necesarias inversiones para el desarrollo de la vivienda est\u00e1n impulsando la actividad constructora de promotores p\u00fablicos y privados.<\/div>\n<\/div>\n<\/div>\n<\/div>\n<\/div>\n<\/div>\n<p>No es \u00fanicamente Espa\u00f1a la que est\u00e1 impulsando su sector de la construcci\u00f3n, que tiene unos interesantes resultados en el mercado laboral y la econom\u00eda inducida, sino que otros pa\u00edses como <strong>Portugal<\/strong>\u00a0(3,2%),\u00a0<strong>Ruman\u00eda<\/strong>\u00a0(2,6%) y\u00a0<strong>Francia<\/strong>\u00a0(1,7%), afectados por la crisis de la vivienda, est\u00e1n dando un empuje muy visible a sus respectivos sectores.<\/p>\n<\/div><\/div><style type=\"text\/css\">.fusion-body .fusion-builder-column-0{width:100% !important;margin-top : 0px;margin-bottom : 0px;}.fusion-builder-column-0 > .fusion-column-wrapper {padding-top : 0px !important;padding-right : 0px !important;margin-right : 1.92%;padding-bottom : 0px !important;padding-left : 0px !important;margin-left : 1.92%;}@media only screen and (max-width:1024px) {.fusion-body .fusion-builder-column-0{width:100% !important;}.fusion-builder-column-0 > .fusion-column-wrapper {margin-right : 1.92%;margin-left : 1.92%;}}@media only screen and (max-width:640px) {.fusion-body .fusion-builder-column-0{width:100% !important;}.fusion-builder-column-0 > .fusion-column-wrapper {margin-right : 1.92%;margin-left : 1.92%;}}<\/style><\/div><\/div><style type=\"text\/css\">.fusion-body .fusion-flex-container.fusion-builder-row-1{ padding-top : 0px;margin-top : 0px;padding-right : 0px;padding-bottom : 0px;margin-bottom : 0px;padding-left : 0px;}<\/style><\/div>\n","protected":false},"excerpt":{"rendered":"<p>En junio, los mayores aumentos anuales de la producci\u00f3n en el sector de la construcci\u00f3n se registraron en\u00a0Espa\u00f1a\u00a0(4,8%),\u00a0Bulgaria\u00a0(2,9%) y\u00a0Portugal\u00a0(2,7%), mientras los mayores retrocesos se dieron en\u00a0Eslovenia\u00a0(-19%), la\u00a0Rep\u00fablica Checa\u00a0(-10,2%) y\u00a0Suecia\u00a0(-9%).<\/p>\n","protected":false},"author":3,"featured_media":48502,"comment_status":"open","ping_status":"closed","sticky":false,"template":"","format":"standard","meta":{"_jetpack_memberships_contains_paid_content":false,"footnotes":"","jetpack_publicize_message":"","jetpack_publicize_feature_enabled":true,"jetpack_social_post_already_shared":true,"jetpack_social_options":{"image_generator_settings":{"template":"highway","default_image_id":0,"font":"","enabled":false},"version":2}},"categories":[100],"tags":[8185,7568],"class_list":["post-48672","post","type-post","status-publish","format-standard","has-post-thumbnail","hentry","category-compraventa-de-viviendas","tag-newsletter-476","tag-noticia-de-portada"],"yoast_head":"<!-- This site is optimized with the Yoast SEO plugin v28.2 - https:\/\/yoast.com\/product\/yoast-seo-wordpress\/ -->\n<title>La construcci\u00f3n sube un 1,7% en la zona euro<\/title>\n<meta name=\"description\" content=\"Espa\u00f1a se sit\u00faa a la cabeza del crecimiento del sector de la construcci\u00f3n, con un 4,8% de aumento interanual.\" \/>\n<meta name=\"robots\" content=\"index, follow, max-snippet:-1, max-image-preview:large, max-video-preview:-1\" \/>\n<link rel=\"canonical\" href=\"https:\/\/www.aquimicasa.net\/blog\/vivienda\/compraventa-de-viviendas\/la-construccion-sube-un-17-en-la-zona-euro\/\" \/>\n<meta property=\"og:locale\" content=\"es_ES\" \/>\n<meta property=\"og:type\" content=\"article\" \/>\n<meta property=\"og:title\" content=\"La construcci\u00f3n sube un 1,7% en la zona euro\" \/>\n<meta property=\"og:description\" content=\"Espa\u00f1a se sit\u00faa a la cabeza del crecimiento del sector de la construcci\u00f3n, con un 4,8% de aumento interanual.\" \/>\n<meta property=\"og:url\" content=\"https:\/\/www.aquimicasa.net\/blog\/vivienda\/compraventa-de-viviendas\/la-construccion-sube-un-17-en-la-zona-euro\/\" \/>\n<meta property=\"og:site_name\" content=\"Blog de aquimicasa.net\" \/>\n<meta property=\"article:publisher\" content=\"https:\/\/www.facebook.com\/aquimicasa.net\" \/>\n<meta property=\"article:published_time\" content=\"2024-08-23T15:35:26+00:00\" \/>\n<meta property=\"og:image\" content=\"https:\/\/www.aquimicasa.net\/blog\/wp-content\/uploads\/Construccion5-4.jpg\" \/>\n\t<meta property=\"og:image:width\" content=\"620\" \/>\n\t<meta property=\"og:image:height\" content=\"320\" \/>\n\t<meta property=\"og:image:type\" content=\"image\/jpeg\" \/>\n<meta name=\"author\" content=\"Eduardo Lizarraga\" \/>\n<meta name=\"twitter:label1\" content=\"Escrito por\" \/>\n\t<meta name=\"twitter:data1\" content=\"Eduardo Lizarraga\" \/>\n\t<meta name=\"twitter:label2\" content=\"Tiempo de lectura\" \/>\n\t<meta name=\"twitter:data2\" content=\"3 minutos\" \/>\n<script type=\"application\/ld+json\" class=\"yoast-schema-graph\">{\"@context\":\"https:\\\/\\\/schema.org\",\"@graph\":[{\"@type\":\"Article\",\"@id\":\"https:\\\/\\\/www.aquimicasa.net\\\/blog\\\/vivienda\\\/compraventa-de-viviendas\\\/la-construccion-sube-un-17-en-la-zona-euro\\\/#article\",\"isPartOf\":{\"@id\":\"https:\\\/\\\/www.aquimicasa.net\\\/blog\\\/vivienda\\\/compraventa-de-viviendas\\\/la-construccion-sube-un-17-en-la-zona-euro\\\/\"},\"author\":{\"name\":\"Eduardo Lizarraga\",\"@id\":\"https:\\\/\\\/www.aquimicasa.net\\\/blog\\\/#\\\/schema\\\/person\\\/2cdfa2605534583395c8d7ce1d6cac14\"},\"headline\":\"La construcci\u00f3n sube un 1,7% en la zona euro\",\"datePublished\":\"2024-08-23T15:35:26+00:00\",\"mainEntityOfPage\":{\"@id\":\"https:\\\/\\\/www.aquimicasa.net\\\/blog\\\/vivienda\\\/compraventa-de-viviendas\\\/la-construccion-sube-un-17-en-la-zona-euro\\\/\"},\"wordCount\":726,\"commentCount\":0,\"publisher\":{\"@id\":\"https:\\\/\\\/www.aquimicasa.net\\\/blog\\\/#organization\"},\"image\":{\"@id\":\"https:\\\/\\\/www.aquimicasa.net\\\/blog\\\/vivienda\\\/compraventa-de-viviendas\\\/la-construccion-sube-un-17-en-la-zona-euro\\\/#primaryimage\"},\"thumbnailUrl\":\"https:\\\/\\\/www.aquimicasa.net\\\/blog\\\/wp-content\\\/uploads\\\/Construccion5-4.jpg\",\"keywords\":[\"newsletter 476\",\"noticia de portada\"],\"articleSection\":[\"Compra Venta\"],\"inLanguage\":\"es\",\"potentialAction\":[{\"@type\":\"CommentAction\",\"name\":\"Comment\",\"target\":[\"https:\\\/\\\/www.aquimicasa.net\\\/blog\\\/vivienda\\\/compraventa-de-viviendas\\\/la-construccion-sube-un-17-en-la-zona-euro\\\/#respond\"]}]},{\"@type\":\"WebPage\",\"@id\":\"https:\\\/\\\/www.aquimicasa.net\\\/blog\\\/vivienda\\\/compraventa-de-viviendas\\\/la-construccion-sube-un-17-en-la-zona-euro\\\/\",\"url\":\"https:\\\/\\\/www.aquimicasa.net\\\/blog\\\/vivienda\\\/compraventa-de-viviendas\\\/la-construccion-sube-un-17-en-la-zona-euro\\\/\",\"name\":\"La construcci\u00f3n sube un 1,7% en la zona euro\",\"isPartOf\":{\"@id\":\"https:\\\/\\\/www.aquimicasa.net\\\/blog\\\/#website\"},\"primaryImageOfPage\":{\"@id\":\"https:\\\/\\\/www.aquimicasa.net\\\/blog\\\/vivienda\\\/compraventa-de-viviendas\\\/la-construccion-sube-un-17-en-la-zona-euro\\\/#primaryimage\"},\"image\":{\"@id\":\"https:\\\/\\\/www.aquimicasa.net\\\/blog\\\/vivienda\\\/compraventa-de-viviendas\\\/la-construccion-sube-un-17-en-la-zona-euro\\\/#primaryimage\"},\"thumbnailUrl\":\"https:\\\/\\\/www.aquimicasa.net\\\/blog\\\/wp-content\\\/uploads\\\/Construccion5-4.jpg\",\"datePublished\":\"2024-08-23T15:35:26+00:00\",\"description\":\"Espa\u00f1a se sit\u00faa a la cabeza del crecimiento del sector de la construcci\u00f3n, con un 4,8% de aumento interanual.\",\"breadcrumb\":{\"@id\":\"https:\\\/\\\/www.aquimicasa.net\\\/blog\\\/vivienda\\\/compraventa-de-viviendas\\\/la-construccion-sube-un-17-en-la-zona-euro\\\/#breadcrumb\"},\"inLanguage\":\"es\",\"potentialAction\":[{\"@type\":\"ReadAction\",\"target\":[\"https:\\\/\\\/www.aquimicasa.net\\\/blog\\\/vivienda\\\/compraventa-de-viviendas\\\/la-construccion-sube-un-17-en-la-zona-euro\\\/\"]}]},{\"@type\":\"ImageObject\",\"inLanguage\":\"es\",\"@id\":\"https:\\\/\\\/www.aquimicasa.net\\\/blog\\\/vivienda\\\/compraventa-de-viviendas\\\/la-construccion-sube-un-17-en-la-zona-euro\\\/#primaryimage\",\"url\":\"https:\\\/\\\/www.aquimicasa.net\\\/blog\\\/wp-content\\\/uploads\\\/Construccion5-4.jpg\",\"contentUrl\":\"https:\\\/\\\/www.aquimicasa.net\\\/blog\\\/wp-content\\\/uploads\\\/Construccion5-4.jpg\",\"width\":620,\"height\":320,\"caption\":\"Los visados de obra nueva se estancan\"},{\"@type\":\"BreadcrumbList\",\"@id\":\"https:\\\/\\\/www.aquimicasa.net\\\/blog\\\/vivienda\\\/compraventa-de-viviendas\\\/la-construccion-sube-un-17-en-la-zona-euro\\\/#breadcrumb\",\"itemListElement\":[{\"@type\":\"ListItem\",\"position\":1,\"name\":\"Portada\",\"item\":\"https:\\\/\\\/www.aquimicasa.net\\\/blog\\\/\"},{\"@type\":\"ListItem\",\"position\":2,\"name\":\"La construcci\u00f3n sube un 1,7% en la zona euro\"}]},{\"@type\":\"WebSite\",\"@id\":\"https:\\\/\\\/www.aquimicasa.net\\\/blog\\\/#website\",\"url\":\"https:\\\/\\\/www.aquimicasa.net\\\/blog\\\/\",\"name\":\"Blog de aquimicasa.net\",\"description\":\"Noticias del Mundo Inmobiliario\",\"publisher\":{\"@id\":\"https:\\\/\\\/www.aquimicasa.net\\\/blog\\\/#organization\"},\"potentialAction\":[{\"@type\":\"SearchAction\",\"target\":{\"@type\":\"EntryPoint\",\"urlTemplate\":\"https:\\\/\\\/www.aquimicasa.net\\\/blog\\\/?s={search_term_string}\"},\"query-input\":{\"@type\":\"PropertyValueSpecification\",\"valueRequired\":true,\"valueName\":\"search_term_string\"}}],\"inLanguage\":\"es\"},{\"@type\":\"Organization\",\"@id\":\"https:\\\/\\\/www.aquimicasa.net\\\/blog\\\/#organization\",\"name\":\"Blog de aquimicasa.net\",\"url\":\"https:\\\/\\\/www.aquimicasa.net\\\/blog\\\/\",\"logo\":{\"@type\":\"ImageObject\",\"inLanguage\":\"es\",\"@id\":\"https:\\\/\\\/www.aquimicasa.net\\\/blog\\\/#\\\/schema\\\/logo\\\/image\\\/\",\"url\":\"https:\\\/\\\/www.aquimicasa.net\\\/blog\\\/wp-content\\\/uploads\\\/Logo-aquimicasa-1-e1528048213782.png\",\"contentUrl\":\"https:\\\/\\\/www.aquimicasa.net\\\/blog\\\/wp-content\\\/uploads\\\/Logo-aquimicasa-1-e1528048213782.png\",\"width\":225,\"height\":225,\"caption\":\"Blog de aquimicasa.net\"},\"image\":{\"@id\":\"https:\\\/\\\/www.aquimicasa.net\\\/blog\\\/#\\\/schema\\\/logo\\\/image\\\/\"},\"sameAs\":[\"https:\\\/\\\/www.facebook.com\\\/aquimicasa.net\",\"https:\\\/\\\/www.instagram.com\\\/\",\"https:\\\/\\\/x.com\\\/EduLizarragaD\",\"https:\\\/\\\/www.linkedin.com\\\/feed\\\/\"]},{\"@type\":\"Person\",\"@id\":\"https:\\\/\\\/www.aquimicasa.net\\\/blog\\\/#\\\/schema\\\/person\\\/2cdfa2605534583395c8d7ce1d6cac14\",\"name\":\"Eduardo Lizarraga\",\"image\":{\"@type\":\"ImageObject\",\"inLanguage\":\"es\",\"@id\":\"https:\\\/\\\/secure.gravatar.com\\\/avatar\\\/bdabe1eeeed97b65a9cb7de2edd624b07995f7e13abc5fead15961f745f908cc?s=96&d=mm&r=g\",\"url\":\"https:\\\/\\\/secure.gravatar.com\\\/avatar\\\/bdabe1eeeed97b65a9cb7de2edd624b07995f7e13abc5fead15961f745f908cc?s=96&d=mm&r=g\",\"contentUrl\":\"https:\\\/\\\/secure.gravatar.com\\\/avatar\\\/bdabe1eeeed97b65a9cb7de2edd624b07995f7e13abc5fead15961f745f908cc?s=96&d=mm&r=g\",\"caption\":\"Eduardo Lizarraga\"},\"description\":\"Periodista Econ\u00f3mico. Ha trabajado en diversos campos de la informaci\u00f3n. Corresponsal en conflictos, analista pol\u00edtico en Congreso y Senado, periodista del medio ambiente, editor, director editorial, director de comunicaci\u00f3n.... En estos momentos se ha especializado en el sector inmobiliario. Pero tambi\u00e9n es navegante y viajero, preocupado por la pobreza, el medio ambiente y por las actuaciones descontroladas del neoliberalismo empresarial y pol\u00edtico en todo el mundo. Los desahucios, la pobreza infantil y la falta de acceso a los suministros b\u00e1sicos son algunos de los grandes dramas de nuestra sociedad y que es preciso solucionar para hacerla m\u00e1s justa. CEO en www.aquimicasa.net\",\"sameAs\":[\"https:\\\/\\\/www.aquimicasa.net\\\/\"],\"url\":\"https:\\\/\\\/www.aquimicasa.net\\\/blog\\\/author\\\/eduardo\\\/\"}]}<\/script>\n<!-- \/ Yoast SEO plugin. -->","yoast_head_json":{"title":"La construcci\u00f3n sube un 1,7% en la zona euro","description":"Espa\u00f1a se sit\u00faa a la cabeza del crecimiento del sector de la construcci\u00f3n, con un 4,8% de aumento interanual.","robots":{"index":"index","follow":"follow","max-snippet":"max-snippet:-1","max-image-preview":"max-image-preview:large","max-video-preview":"max-video-preview:-1"},"canonical":"https:\/\/www.aquimicasa.net\/blog\/vivienda\/compraventa-de-viviendas\/la-construccion-sube-un-17-en-la-zona-euro\/","og_locale":"es_ES","og_type":"article","og_title":"La construcci\u00f3n sube un 1,7% en la zona euro","og_description":"Espa\u00f1a se sit\u00faa a la cabeza del crecimiento del sector de la construcci\u00f3n, con un 4,8% de aumento interanual.","og_url":"https:\/\/www.aquimicasa.net\/blog\/vivienda\/compraventa-de-viviendas\/la-construccion-sube-un-17-en-la-zona-euro\/","og_site_name":"Blog de aquimicasa.net","article_publisher":"https:\/\/www.facebook.com\/aquimicasa.net","article_published_time":"2024-08-23T15:35:26+00:00","og_image":[{"width":620,"height":320,"url":"https:\/\/www.aquimicasa.net\/blog\/wp-content\/uploads\/Construccion5-4.jpg","type":"image\/jpeg"}],"author":"Eduardo Lizarraga","twitter_misc":{"Escrito por":"Eduardo Lizarraga","Tiempo de lectura":"3 minutos"},"schema":{"@context":"https:\/\/schema.org","@graph":[{"@type":"Article","@id":"https:\/\/www.aquimicasa.net\/blog\/vivienda\/compraventa-de-viviendas\/la-construccion-sube-un-17-en-la-zona-euro\/#article","isPartOf":{"@id":"https:\/\/www.aquimicasa.net\/blog\/vivienda\/compraventa-de-viviendas\/la-construccion-sube-un-17-en-la-zona-euro\/"},"author":{"name":"Eduardo Lizarraga","@id":"https:\/\/www.aquimicasa.net\/blog\/#\/schema\/person\/2cdfa2605534583395c8d7ce1d6cac14"},"headline":"La construcci\u00f3n sube un 1,7% en la zona euro","datePublished":"2024-08-23T15:35:26+00:00","mainEntityOfPage":{"@id":"https:\/\/www.aquimicasa.net\/blog\/vivienda\/compraventa-de-viviendas\/la-construccion-sube-un-17-en-la-zona-euro\/"},"wordCount":726,"commentCount":0,"publisher":{"@id":"https:\/\/www.aquimicasa.net\/blog\/#organization"},"image":{"@id":"https:\/\/www.aquimicasa.net\/blog\/vivienda\/compraventa-de-viviendas\/la-construccion-sube-un-17-en-la-zona-euro\/#primaryimage"},"thumbnailUrl":"https:\/\/www.aquimicasa.net\/blog\/wp-content\/uploads\/Construccion5-4.jpg","keywords":["newsletter 476","noticia de portada"],"articleSection":["Compra Venta"],"inLanguage":"es","potentialAction":[{"@type":"CommentAction","name":"Comment","target":["https:\/\/www.aquimicasa.net\/blog\/vivienda\/compraventa-de-viviendas\/la-construccion-sube-un-17-en-la-zona-euro\/#respond"]}]},{"@type":"WebPage","@id":"https:\/\/www.aquimicasa.net\/blog\/vivienda\/compraventa-de-viviendas\/la-construccion-sube-un-17-en-la-zona-euro\/","url":"https:\/\/www.aquimicasa.net\/blog\/vivienda\/compraventa-de-viviendas\/la-construccion-sube-un-17-en-la-zona-euro\/","name":"La construcci\u00f3n sube un 1,7% en la zona euro","isPartOf":{"@id":"https:\/\/www.aquimicasa.net\/blog\/#website"},"primaryImageOfPage":{"@id":"https:\/\/www.aquimicasa.net\/blog\/vivienda\/compraventa-de-viviendas\/la-construccion-sube-un-17-en-la-zona-euro\/#primaryimage"},"image":{"@id":"https:\/\/www.aquimicasa.net\/blog\/vivienda\/compraventa-de-viviendas\/la-construccion-sube-un-17-en-la-zona-euro\/#primaryimage"},"thumbnailUrl":"https:\/\/www.aquimicasa.net\/blog\/wp-content\/uploads\/Construccion5-4.jpg","datePublished":"2024-08-23T15:35:26+00:00","description":"Espa\u00f1a se sit\u00faa a la cabeza del crecimiento del sector de la construcci\u00f3n, con un 4,8% de aumento interanual.","breadcrumb":{"@id":"https:\/\/www.aquimicasa.net\/blog\/vivienda\/compraventa-de-viviendas\/la-construccion-sube-un-17-en-la-zona-euro\/#breadcrumb"},"inLanguage":"es","potentialAction":[{"@type":"ReadAction","target":["https:\/\/www.aquimicasa.net\/blog\/vivienda\/compraventa-de-viviendas\/la-construccion-sube-un-17-en-la-zona-euro\/"]}]},{"@type":"ImageObject","inLanguage":"es","@id":"https:\/\/www.aquimicasa.net\/blog\/vivienda\/compraventa-de-viviendas\/la-construccion-sube-un-17-en-la-zona-euro\/#primaryimage","url":"https:\/\/www.aquimicasa.net\/blog\/wp-content\/uploads\/Construccion5-4.jpg","contentUrl":"https:\/\/www.aquimicasa.net\/blog\/wp-content\/uploads\/Construccion5-4.jpg","width":620,"height":320,"caption":"Los visados de obra nueva se estancan"},{"@type":"BreadcrumbList","@id":"https:\/\/www.aquimicasa.net\/blog\/vivienda\/compraventa-de-viviendas\/la-construccion-sube-un-17-en-la-zona-euro\/#breadcrumb","itemListElement":[{"@type":"ListItem","position":1,"name":"Portada","item":"https:\/\/www.aquimicasa.net\/blog\/"},{"@type":"ListItem","position":2,"name":"La construcci\u00f3n sube un 1,7% en la zona euro"}]},{"@type":"WebSite","@id":"https:\/\/www.aquimicasa.net\/blog\/#website","url":"https:\/\/www.aquimicasa.net\/blog\/","name":"Blog de aquimicasa.net","description":"Noticias del Mundo Inmobiliario","publisher":{"@id":"https:\/\/www.aquimicasa.net\/blog\/#organization"},"potentialAction":[{"@type":"SearchAction","target":{"@type":"EntryPoint","urlTemplate":"https:\/\/www.aquimicasa.net\/blog\/?s={search_term_string}"},"query-input":{"@type":"PropertyValueSpecification","valueRequired":true,"valueName":"search_term_string"}}],"inLanguage":"es"},{"@type":"Organization","@id":"https:\/\/www.aquimicasa.net\/blog\/#organization","name":"Blog de aquimicasa.net","url":"https:\/\/www.aquimicasa.net\/blog\/","logo":{"@type":"ImageObject","inLanguage":"es","@id":"https:\/\/www.aquimicasa.net\/blog\/#\/schema\/logo\/image\/","url":"https:\/\/www.aquimicasa.net\/blog\/wp-content\/uploads\/Logo-aquimicasa-1-e1528048213782.png","contentUrl":"https:\/\/www.aquimicasa.net\/blog\/wp-content\/uploads\/Logo-aquimicasa-1-e1528048213782.png","width":225,"height":225,"caption":"Blog de aquimicasa.net"},"image":{"@id":"https:\/\/www.aquimicasa.net\/blog\/#\/schema\/logo\/image\/"},"sameAs":["https:\/\/www.facebook.com\/aquimicasa.net","https:\/\/www.instagram.com\/","https:\/\/x.com\/EduLizarragaD","https:\/\/www.linkedin.com\/feed\/"]},{"@type":"Person","@id":"https:\/\/www.aquimicasa.net\/blog\/#\/schema\/person\/2cdfa2605534583395c8d7ce1d6cac14","name":"Eduardo Lizarraga","image":{"@type":"ImageObject","inLanguage":"es","@id":"https:\/\/secure.gravatar.com\/avatar\/bdabe1eeeed97b65a9cb7de2edd624b07995f7e13abc5fead15961f745f908cc?s=96&d=mm&r=g","url":"https:\/\/secure.gravatar.com\/avatar\/bdabe1eeeed97b65a9cb7de2edd624b07995f7e13abc5fead15961f745f908cc?s=96&d=mm&r=g","contentUrl":"https:\/\/secure.gravatar.com\/avatar\/bdabe1eeeed97b65a9cb7de2edd624b07995f7e13abc5fead15961f745f908cc?s=96&d=mm&r=g","caption":"Eduardo Lizarraga"},"description":"Periodista Econ\u00f3mico. Ha trabajado en diversos campos de la informaci\u00f3n. Corresponsal en conflictos, analista pol\u00edtico en Congreso y Senado, periodista del medio ambiente, editor, director editorial, director de comunicaci\u00f3n.... En estos momentos se ha especializado en el sector inmobiliario. Pero tambi\u00e9n es navegante y viajero, preocupado por la pobreza, el medio ambiente y por las actuaciones descontroladas del neoliberalismo empresarial y pol\u00edtico en todo el mundo. Los desahucios, la pobreza infantil y la falta de acceso a los suministros b\u00e1sicos son algunos de los grandes dramas de nuestra sociedad y que es preciso solucionar para hacerla m\u00e1s justa. CEO en www.aquimicasa.net","sameAs":["https:\/\/www.aquimicasa.net\/"],"url":"https:\/\/www.aquimicasa.net\/blog\/author\/eduardo\/"}]}},"jetpack_publicize_connections":[],"jetpack_featured_media_url":"https:\/\/www.aquimicasa.net\/blog\/wp-content\/uploads\/Construccion5-4.jpg","jetpack_sharing_enabled":true,"jetpack_likes_enabled":true,"_links":{"self":[{"href":"https:\/\/www.aquimicasa.net\/blog\/wp-json\/wp\/v2\/posts\/48672","targetHints":{"allow":["GET"]}}],"collection":[{"href":"https:\/\/www.aquimicasa.net\/blog\/wp-json\/wp\/v2\/posts"}],"about":[{"href":"https:\/\/www.aquimicasa.net\/blog\/wp-json\/wp\/v2\/types\/post"}],"author":[{"embeddable":true,"href":"https:\/\/www.aquimicasa.net\/blog\/wp-json\/wp\/v2\/users\/3"}],"replies":[{"embeddable":true,"href":"https:\/\/www.aquimicasa.net\/blog\/wp-json\/wp\/v2\/comments?post=48672"}],"version-history":[{"count":5,"href":"https:\/\/www.aquimicasa.net\/blog\/wp-json\/wp\/v2\/posts\/48672\/revisions"}],"predecessor-version":[{"id":48685,"href":"https:\/\/www.aquimicasa.net\/blog\/wp-json\/wp\/v2\/posts\/48672\/revisions\/48685"}],"wp:featuredmedia":[{"embeddable":true,"href":"https:\/\/www.aquimicasa.net\/blog\/wp-json\/wp\/v2\/media\/48502"}],"wp:attachment":[{"href":"https:\/\/www.aquimicasa.net\/blog\/wp-json\/wp\/v2\/media?parent=48672"}],"wp:term":[{"taxonomy":"category","embeddable":true,"href":"https:\/\/www.aquimicasa.net\/blog\/wp-json\/wp\/v2\/categories?post=48672"},{"taxonomy":"post_tag","embeddable":true,"href":"https:\/\/www.aquimicasa.net\/blog\/wp-json\/wp\/v2\/tags?post=48672"}],"curies":[{"name":"wp","href":"https:\/\/api.w.org\/{rel}","templated":true}]}}