{"id":48702,"date":"2024-08-25T13:15:34","date_gmt":"2024-08-25T11:15:34","guid":{"rendered":"https:\/\/www.aquimicasa.net\/blog\/?p=48702"},"modified":"2024-08-25T13:15:34","modified_gmt":"2024-08-25T11:15:34","slug":"las-companias-de-seguros-entran-en-el-negocio-de-la-okupacion","status":"publish","type":"post","link":"https:\/\/www.aquimicasa.net\/blog\/justicia\/consejo-general-del-poder-judicial-cgpj\/las-companias-de-seguros-entran-en-el-negocio-de-la-okupacion\/","title":{"rendered":"Las compa\u00f1\u00edas de seguros entran en el negocio de la okupaci\u00f3n"},"content":{"rendered":"<div class=\"fusion-fullwidth fullwidth-box fusion-builder-row-1 fusion-flex-container nonhundred-percent-fullwidth non-hundred-percent-height-scrolling\" style=\"background-color: rgba(255,255,255,0);background-position: center center;background-repeat: no-repeat;border-width: 0px 0px 0px 0px;border-color:#eae9e9;border-style:solid;\" ><div class=\"fusion-builder-row fusion-row fusion-flex-align-items-flex-start\" style=\"max-width:1144px;margin-left: calc(-4% \/ 2 );margin-right: calc(-4% \/ 2 );\"><div class=\"fusion-layout-column fusion_builder_column fusion-builder-column-0 fusion_builder_column_1_1 1_1 fusion-flex-column\"><div class=\"fusion-column-wrapper fusion-flex-justify-content-flex-start fusion-content-layout-column\" style=\"background-position:left top;background-repeat:no-repeat;-webkit-background-size:cover;-moz-background-size:cover;-o-background-size:cover;background-size:cover;padding: 0px 0px 0px 0px;\"><div class=\"fusion-text fusion-text-1\"><section class=\"elementor-section elementor-top-section elementor-element elementor-element-0b7464b elementor-section-boxed elementor-section-height-default elementor-section-height-default\" data-id=\"0b7464b\" data-element_type=\"section\">\n<div class=\"elementor-container elementor-column-gap-default\">\n<div class=\"elementor-column elementor-col-100 elementor-top-column elementor-element elementor-element-c502958\" data-id=\"c502958\" data-element_type=\"column\">\n<div class=\"elementor-widget-wrap elementor-element-populated\">\n<div class=\"elementor-element elementor-element-c40de0f elementor-widget elementor-widget-text-editor\" data-id=\"c40de0f\" data-element_type=\"widget\" data-widget_type=\"text-editor.default\">\n<div class=\"elementor-widget-container\">\n<p>Todos los que de una forma u otra estamos en el sector inmobiliario, sobre todo en en la vertiente informativa, nos damos cuenta que el problema de la okupaci\u00f3n, existiendo algunos casos, es una burbuja hinchada por intereses econ\u00f3micos o pol\u00edticos. Comenzaron a publicitarse para solucionar el problema los fabricantes o desarrolladores de alarmas, siguieron los de empresas especializadas en desocupar las viviendas y ahora ya se han introducido en el negocio las empresas de seguros. La realidad es que los casos que llegan a juicio son, seg\u00fan el Consejo General del Poder Judicia, 2.785, el 0,001% de las viviendas existentes.<\/p>\n<h2><strong>Los datos reales de la okupaci\u00f3n muy lejanos a la alarma existente<\/strong><\/h2>\n<p>La estad\u00edstica, que no discrimina entre los tipos penales de allanamiento de morada y de usurpaci\u00f3n del derecho de uso de un inmueble que conforman este fen\u00f3meno, revela que en 2022 &#8211; \u00faltimos datos disponibles- se presentaron 16.726 denuncias por esta causa, frente a las 17.274 presentadas en 2021, la primera ca\u00edda en el n\u00famero de denuncias de los \u00faltimos cinco a\u00f1os.<\/p>\n<p>Catalu\u00f1a fue la comunidad en la que se interpusieron m\u00e1s denuncias por presuntas ocupaciones de inmuebles en 2022, con 7.005 casos, el 41,9% del total estatal. Le siguen Andaluc\u00eda, con 2.502 denuncias (15%) y la Comunidad Valenciana con 2.024 (12,1%). La Comunidad de Madrid, por su parte, se situ\u00f3 lejos de los registros de Catalu\u00f1a en esta estad\u00edstica, al contabilizar 1.501 denuncias por esta causa, en torno al 9% del total nacional.<\/p>\n<p>Los datos del Poder Judicial evidencian que en 2022 ingresaron 2.785 verbales posesorios por okupaci\u00f3n ilegal de viviendas en Espa\u00f1a, un 19,9% menos que en 2021, cuando se notificaron 3.479 procedimientos.<\/p>\n<p>El Ministerio de Transportes, Movilidad y Agenda Urbana (MITMA) estima que el parque de viviendas en Espa\u00f1a est\u00e1 conformado por casi 26 millones de inmuebles, seg\u00fan sus c\u00e1lculos para 2021, el \u00faltimo a\u00f1o con datos disponibles. Por ello, el n\u00famero de denuncias presentadas por presuntas okupaciones ilegales de viviendas en Espa\u00f1a en 2022 (16.726) apenas equivale al 0,06% del parque de inmuebles, mientras que los juicios verbales posesorios ingresados por esta causa (2.785) representan el 0,01% del total.<\/p>\n<h2><strong>Las compa\u00f1\u00edas de seguros han entrado en el mercado de la okupaci\u00f3n<\/strong><\/h2>\n<p><span style=\"font-size: 16px;\">Los seguros espec\u00edficos para la ocupaci\u00f3n del hogar que empiezan a proliferar se presentan en el mercado con conceptos confusos y <\/span><strong style=\"font-size: 16px;\">en base a un riesgo que, con los datos en la mano, est\u00e1 poco generalizado, frente a la masa de clientes a la que se dirige<\/strong><span style=\"font-size: 16px;\">. La cobertura de da\u00f1os de estos seguros se solapa a menudo con las del seguro hogar y ofrecen un asesoramiento jur\u00eddico que no defensa de letrados, en caso de juicio.<\/span><\/p>\n<\/div>\n<\/div>\n<\/div>\n<\/div>\n<\/div>\n<\/section>\n<section class=\"elementor-section elementor-top-section elementor-element elementor-element-b4e101d elementor-section-boxed elementor-section-height-default elementor-section-height-default\" data-id=\"b4e101d\" data-element_type=\"section\">\n<div class=\"elementor-container elementor-column-gap-default\">\n<div class=\"elementor-column elementor-col-100 elementor-top-column elementor-element elementor-element-302c568\" data-id=\"302c568\" data-element_type=\"column\">\n<div class=\"elementor-widget-wrap elementor-element-populated\">\n<div class=\"elementor-element elementor-element-596ea6a elementor-widget elementor-widget-text-editor\" data-id=\"596ea6a\" data-element_type=\"widget\" data-widget_type=\"text-editor.default\">\n<div class=\"elementor-widget-container\">\n<p>Entre las irregularidades detectadas, cabe destacar\u00a0<strong>la confusi\u00f3n sobre los conceptos allanamiento de morada y usurpaci\u00f3n<\/strong> que plantean las condiciones generales de la contrataci\u00f3n (CGC) y la publicidad exhibida por los productos de L\u00ednea Directa y Mutua Madrile\u00f1a. En ambos casos, se refieren a ocupaci\u00f3n en supuestos de vivienda habitual, primera o segunda residencia, cuando\u00a0el supuesto legal es el de <strong>allanamiento de morada<\/strong>.<\/p>\n<p>Es decir, el allanamiento de morada ocurre en la vivienda habitual, incluso la segunda residencia, como acci\u00f3n de ingresar o permanecer en un domicilio ajeno sin la autorizaci\u00f3n del morador. Y\u00a0<strong>se confunde deliberadamente con la usurpaci\u00f3n, cuando el inmueble donde se comete el delito no es un lugar donde se mora<\/strong>, sea el titular o un inquilino, sino una vivienda deshabitada, como son, por ejemplo, las viviendas abandonadas de los bancos.<\/p>\n<p>Adem\u00e1s, y si bien en\u00a0las CGC\u00a0de L\u00ednea Directa se contempla la posibilidad de una vivienda destinada al alquiler que lleve menos de un mes desocupada y que haya sido puesta a disposici\u00f3n del mercado profesional, en la web de la aseguradora no se ofrece este producto salvo para primera y segunda vivienda de uso propio\u00a0<strong>lo cual nos sit\u00faa la cobertura en el marco del allanamiento, donde no es necesaria<\/strong>. El allanamiento de morada es un delito con muy poca incidencia, y si bien lo vinculante son las CGC, la publicidad del producto resulta cuanto menos confusa.<\/p>\n<\/div>\n<\/div>\n<\/div>\n<\/div>\n<\/div>\n<\/section>\n<section class=\"elementor-section elementor-top-section elementor-element elementor-element-91e92ed elementor-section-boxed elementor-section-height-default elementor-section-height-default\" data-id=\"91e92ed\" data-element_type=\"section\">\n<div class=\"elementor-container elementor-column-gap-default\">\n<div class=\"elementor-column elementor-col-100 elementor-top-column elementor-element elementor-element-82785ca\" data-id=\"82785ca\" data-element_type=\"column\">\n<div class=\"elementor-widget-wrap elementor-element-populated\">\n<div class=\"elementor-element elementor-element-fd21b78 elementor-widget elementor-widget-text-editor\" data-id=\"fd21b78\" data-element_type=\"widget\" data-widget_type=\"text-editor.default\">\n<div class=\"elementor-widget-container\">\n<h4><\/h4>\n<\/div>\n<\/div>\n<\/div>\n<\/div>\n<\/div>\n<\/section>\n<section class=\"elementor-section elementor-top-section elementor-element elementor-element-50bf1b9 elementor-section-boxed elementor-section-height-default elementor-section-height-default\" data-id=\"50bf1b9\" data-element_type=\"section\">\n<div class=\"elementor-container elementor-column-gap-default\">\n<div class=\"elementor-column elementor-col-100 elementor-top-column elementor-element elementor-element-50a16d5\" data-id=\"50a16d5\" data-element_type=\"column\">\n<div class=\"elementor-widget-wrap elementor-element-populated\">\n<div class=\"elementor-element elementor-element-984c094 elementor-widget elementor-widget-text-editor\" data-id=\"984c094\" data-element_type=\"widget\" data-widget_type=\"text-editor.default\">\n<div class=\"elementor-widget-container\">\n<p>Finalmente, en dicha p\u00f3liza se cubren da\u00f1os limitados a la vivienda causados por vandalismo o robo, cuando\u00a0<strong>se trata de coberturas habituales en todo seguro de hogar<\/strong> por lo que son redundantes, innecesarias y pueden conducir a una inc\u00f3moda situaci\u00f3n de concurrencia para el asegurado. Estas coberturas repetidas con los seguros de hogar de una m\u00ednima calidad, que cubren vandalismo, robo, defensa de derechos de la vivienda, responsabilidad civil, entre otros, puede complicar m\u00e1s que ayudar al entrar en concurrencia de seguros (se necesitar\u00e1n dos peritos, una liquidaci\u00f3n prorrateada, etc).<\/p>\n<\/div>\n<\/div>\n<\/div>\n<\/div>\n<\/div>\n<\/section>\n<\/div><\/div><style type=\"text\/css\">.fusion-body .fusion-builder-column-0{width:100% !important;margin-top : 0px;margin-bottom : 0px;}.fusion-builder-column-0 > .fusion-column-wrapper {padding-top : 0px !important;padding-right : 0px !important;margin-right : 1.92%;padding-bottom : 0px !important;padding-left : 0px !important;margin-left : 1.92%;}@media only screen and (max-width:1024px) {.fusion-body .fusion-builder-column-0{width:100% !important;}.fusion-builder-column-0 > .fusion-column-wrapper {margin-right : 1.92%;margin-left : 1.92%;}}@media only screen and (max-width:640px) {.fusion-body .fusion-builder-column-0{width:100% !important;}.fusion-builder-column-0 > .fusion-column-wrapper {margin-right : 1.92%;margin-left : 1.92%;}}<\/style><\/div><\/div><style type=\"text\/css\">.fusion-body .fusion-flex-container.fusion-builder-row-1{ padding-top : 0px;margin-top : 0px;padding-right : 0px;padding-bottom : 0px;margin-bottom : 0px;padding-left : 0px;}<\/style><\/div>\n","protected":false},"excerpt":{"rendered":"<p>El allanamiento de morada ocurre en la vivienda habitual, incluso la segunda residencia, como acci\u00f3n de ingresar o permanecer en un domicilio ajeno sin la autorizaci\u00f3n del morador. Y\u00a0se confunde deliberadamente con la usurpaci\u00f3n, cuando el inmueble donde se comete el delito no es un lugar donde se mora,<\/p>\n","protected":false},"author":3,"featured_media":48706,"comment_status":"open","ping_status":"closed","sticky":false,"template":"","format":"standard","meta":{"_jetpack_memberships_contains_paid_content":false,"footnotes":"","jetpack_publicize_message":"","jetpack_publicize_feature_enabled":true,"jetpack_social_post_already_shared":true,"jetpack_social_options":{"image_generator_settings":{"template":"highway","default_image_id":0,"font":"","enabled":false},"version":2}},"categories":[111],"tags":[8185,7568],"class_list":["post-48702","post","type-post","status-publish","format-standard","has-post-thumbnail","hentry","category-consejo-general-del-poder-judicial-cgpj","tag-newsletter-476","tag-noticia-de-portada"],"yoast_head":"<!-- This site is optimized with the Yoast SEO plugin v27.5 - https:\/\/yoast.com\/product\/yoast-seo-wordpress\/ -->\n<title>Las compa\u00f1\u00edas de seguros entran en el negocio de la okupaci\u00f3n<\/title>\n<meta name=\"description\" content=\"L\u00ednea Directa y Mutua Madrile\u00f1a mezclan los conceptos de allanamiento de morada con los de usurpaci\u00f3n y aluden a un riesgo poco generalizado\" \/>\n<meta name=\"robots\" content=\"index, follow, max-snippet:-1, max-image-preview:large, max-video-preview:-1\" \/>\n<link rel=\"canonical\" href=\"https:\/\/www.aquimicasa.net\/blog\/justicia\/consejo-general-del-poder-judicial-cgpj\/las-companias-de-seguros-entran-en-el-negocio-de-la-okupacion\/\" \/>\n<meta property=\"og:locale\" content=\"es_ES\" \/>\n<meta property=\"og:type\" content=\"article\" \/>\n<meta property=\"og:title\" content=\"Las compa\u00f1\u00edas de seguros entran en el negocio de la okupaci\u00f3n\" \/>\n<meta property=\"og:description\" content=\"L\u00ednea Directa y Mutua Madrile\u00f1a mezclan los conceptos de allanamiento de morada con los de usurpaci\u00f3n y aluden a un riesgo poco generalizado\" \/>\n<meta property=\"og:url\" content=\"https:\/\/www.aquimicasa.net\/blog\/justicia\/consejo-general-del-poder-judicial-cgpj\/las-companias-de-seguros-entran-en-el-negocio-de-la-okupacion\/\" \/>\n<meta property=\"og:site_name\" content=\"Blog de aquimicasa.net\" \/>\n<meta property=\"article:publisher\" content=\"https:\/\/www.facebook.com\/aquimicasa.net\" \/>\n<meta property=\"article:published_time\" content=\"2024-08-25T11:15:34+00:00\" \/>\n<meta property=\"og:image\" content=\"https:\/\/www.aquimicasa.net\/blog\/wp-content\/uploads\/Manual-de-Okupaci-n-e1724584518313.jpg\" \/>\n\t<meta property=\"og:image:width\" content=\"600\" \/>\n\t<meta property=\"og:image:height\" content=\"400\" \/>\n\t<meta property=\"og:image:type\" content=\"image\/jpeg\" \/>\n<meta name=\"author\" content=\"Eduardo Lizarraga\" \/>\n<meta name=\"twitter:label1\" content=\"Escrito por\" \/>\n\t<meta name=\"twitter:data1\" content=\"Eduardo Lizarraga\" \/>\n\t<meta name=\"twitter:label2\" content=\"Tiempo de lectura\" \/>\n\t<meta name=\"twitter:data2\" content=\"5 minutos\" \/>\n<script type=\"application\/ld+json\" class=\"yoast-schema-graph\">{\"@context\":\"https:\\\/\\\/schema.org\",\"@graph\":[{\"@type\":\"Article\",\"@id\":\"https:\\\/\\\/www.aquimicasa.net\\\/blog\\\/justicia\\\/consejo-general-del-poder-judicial-cgpj\\\/las-companias-de-seguros-entran-en-el-negocio-de-la-okupacion\\\/#article\",\"isPartOf\":{\"@id\":\"https:\\\/\\\/www.aquimicasa.net\\\/blog\\\/justicia\\\/consejo-general-del-poder-judicial-cgpj\\\/las-companias-de-seguros-entran-en-el-negocio-de-la-okupacion\\\/\"},\"author\":{\"name\":\"Eduardo Lizarraga\",\"@id\":\"https:\\\/\\\/www.aquimicasa.net\\\/blog\\\/#\\\/schema\\\/person\\\/2cdfa2605534583395c8d7ce1d6cac14\"},\"headline\":\"Las compa\u00f1\u00edas de seguros entran en el negocio de la okupaci\u00f3n\",\"datePublished\":\"2024-08-25T11:15:34+00:00\",\"mainEntityOfPage\":{\"@id\":\"https:\\\/\\\/www.aquimicasa.net\\\/blog\\\/justicia\\\/consejo-general-del-poder-judicial-cgpj\\\/las-companias-de-seguros-entran-en-el-negocio-de-la-okupacion\\\/\"},\"wordCount\":1046,\"commentCount\":0,\"publisher\":{\"@id\":\"https:\\\/\\\/www.aquimicasa.net\\\/blog\\\/#organization\"},\"image\":{\"@id\":\"https:\\\/\\\/www.aquimicasa.net\\\/blog\\\/justicia\\\/consejo-general-del-poder-judicial-cgpj\\\/las-companias-de-seguros-entran-en-el-negocio-de-la-okupacion\\\/#primaryimage\"},\"thumbnailUrl\":\"https:\\\/\\\/www.aquimicasa.net\\\/blog\\\/wp-content\\\/uploads\\\/Manual-de-Okupaci-n-e1724584518313.jpg\",\"keywords\":[\"newsletter 476\",\"noticia de portada\"],\"articleSection\":[\"Consejo General del Poder Judicial (CGPJ)\"],\"inLanguage\":\"es\",\"potentialAction\":[{\"@type\":\"CommentAction\",\"name\":\"Comment\",\"target\":[\"https:\\\/\\\/www.aquimicasa.net\\\/blog\\\/justicia\\\/consejo-general-del-poder-judicial-cgpj\\\/las-companias-de-seguros-entran-en-el-negocio-de-la-okupacion\\\/#respond\"]}]},{\"@type\":\"WebPage\",\"@id\":\"https:\\\/\\\/www.aquimicasa.net\\\/blog\\\/justicia\\\/consejo-general-del-poder-judicial-cgpj\\\/las-companias-de-seguros-entran-en-el-negocio-de-la-okupacion\\\/\",\"url\":\"https:\\\/\\\/www.aquimicasa.net\\\/blog\\\/justicia\\\/consejo-general-del-poder-judicial-cgpj\\\/las-companias-de-seguros-entran-en-el-negocio-de-la-okupacion\\\/\",\"name\":\"Las compa\u00f1\u00edas de seguros entran en el negocio de la okupaci\u00f3n\",\"isPartOf\":{\"@id\":\"https:\\\/\\\/www.aquimicasa.net\\\/blog\\\/#website\"},\"primaryImageOfPage\":{\"@id\":\"https:\\\/\\\/www.aquimicasa.net\\\/blog\\\/justicia\\\/consejo-general-del-poder-judicial-cgpj\\\/las-companias-de-seguros-entran-en-el-negocio-de-la-okupacion\\\/#primaryimage\"},\"image\":{\"@id\":\"https:\\\/\\\/www.aquimicasa.net\\\/blog\\\/justicia\\\/consejo-general-del-poder-judicial-cgpj\\\/las-companias-de-seguros-entran-en-el-negocio-de-la-okupacion\\\/#primaryimage\"},\"thumbnailUrl\":\"https:\\\/\\\/www.aquimicasa.net\\\/blog\\\/wp-content\\\/uploads\\\/Manual-de-Okupaci-n-e1724584518313.jpg\",\"datePublished\":\"2024-08-25T11:15:34+00:00\",\"description\":\"L\u00ednea Directa y Mutua Madrile\u00f1a mezclan los conceptos de allanamiento de morada con los de usurpaci\u00f3n y aluden a un riesgo poco generalizado\",\"breadcrumb\":{\"@id\":\"https:\\\/\\\/www.aquimicasa.net\\\/blog\\\/justicia\\\/consejo-general-del-poder-judicial-cgpj\\\/las-companias-de-seguros-entran-en-el-negocio-de-la-okupacion\\\/#breadcrumb\"},\"inLanguage\":\"es\",\"potentialAction\":[{\"@type\":\"ReadAction\",\"target\":[\"https:\\\/\\\/www.aquimicasa.net\\\/blog\\\/justicia\\\/consejo-general-del-poder-judicial-cgpj\\\/las-companias-de-seguros-entran-en-el-negocio-de-la-okupacion\\\/\"]}]},{\"@type\":\"ImageObject\",\"inLanguage\":\"es\",\"@id\":\"https:\\\/\\\/www.aquimicasa.net\\\/blog\\\/justicia\\\/consejo-general-del-poder-judicial-cgpj\\\/las-companias-de-seguros-entran-en-el-negocio-de-la-okupacion\\\/#primaryimage\",\"url\":\"https:\\\/\\\/www.aquimicasa.net\\\/blog\\\/wp-content\\\/uploads\\\/Manual-de-Okupaci-n-e1724584518313.jpg\",\"contentUrl\":\"https:\\\/\\\/www.aquimicasa.net\\\/blog\\\/wp-content\\\/uploads\\\/Manual-de-Okupaci-n-e1724584518313.jpg\",\"width\":600,\"height\":400,\"caption\":\"Cortar los suministros a los okupas ya no ser\u00e1 delito\"},{\"@type\":\"BreadcrumbList\",\"@id\":\"https:\\\/\\\/www.aquimicasa.net\\\/blog\\\/justicia\\\/consejo-general-del-poder-judicial-cgpj\\\/las-companias-de-seguros-entran-en-el-negocio-de-la-okupacion\\\/#breadcrumb\",\"itemListElement\":[{\"@type\":\"ListItem\",\"position\":1,\"name\":\"Portada\",\"item\":\"https:\\\/\\\/www.aquimicasa.net\\\/blog\\\/\"},{\"@type\":\"ListItem\",\"position\":2,\"name\":\"Las compa\u00f1\u00edas de seguros entran en el negocio de la okupaci\u00f3n\"}]},{\"@type\":\"WebSite\",\"@id\":\"https:\\\/\\\/www.aquimicasa.net\\\/blog\\\/#website\",\"url\":\"https:\\\/\\\/www.aquimicasa.net\\\/blog\\\/\",\"name\":\"Blog de aquimicasa.net\",\"description\":\"Noticias del Mundo Inmobiliario\",\"publisher\":{\"@id\":\"https:\\\/\\\/www.aquimicasa.net\\\/blog\\\/#organization\"},\"potentialAction\":[{\"@type\":\"SearchAction\",\"target\":{\"@type\":\"EntryPoint\",\"urlTemplate\":\"https:\\\/\\\/www.aquimicasa.net\\\/blog\\\/?s={search_term_string}\"},\"query-input\":{\"@type\":\"PropertyValueSpecification\",\"valueRequired\":true,\"valueName\":\"search_term_string\"}}],\"inLanguage\":\"es\"},{\"@type\":\"Organization\",\"@id\":\"https:\\\/\\\/www.aquimicasa.net\\\/blog\\\/#organization\",\"name\":\"Blog de aquimicasa.net\",\"url\":\"https:\\\/\\\/www.aquimicasa.net\\\/blog\\\/\",\"logo\":{\"@type\":\"ImageObject\",\"inLanguage\":\"es\",\"@id\":\"https:\\\/\\\/www.aquimicasa.net\\\/blog\\\/#\\\/schema\\\/logo\\\/image\\\/\",\"url\":\"https:\\\/\\\/www.aquimicasa.net\\\/blog\\\/wp-content\\\/uploads\\\/Logo-aquimicasa-1-e1528048213782.png\",\"contentUrl\":\"https:\\\/\\\/www.aquimicasa.net\\\/blog\\\/wp-content\\\/uploads\\\/Logo-aquimicasa-1-e1528048213782.png\",\"width\":225,\"height\":225,\"caption\":\"Blog de aquimicasa.net\"},\"image\":{\"@id\":\"https:\\\/\\\/www.aquimicasa.net\\\/blog\\\/#\\\/schema\\\/logo\\\/image\\\/\"},\"sameAs\":[\"https:\\\/\\\/www.facebook.com\\\/aquimicasa.net\",\"https:\\\/\\\/www.instagram.com\\\/\",\"https:\\\/\\\/x.com\\\/EduLizarragaD\",\"https:\\\/\\\/www.linkedin.com\\\/feed\\\/\"]},{\"@type\":\"Person\",\"@id\":\"https:\\\/\\\/www.aquimicasa.net\\\/blog\\\/#\\\/schema\\\/person\\\/2cdfa2605534583395c8d7ce1d6cac14\",\"name\":\"Eduardo Lizarraga\",\"image\":{\"@type\":\"ImageObject\",\"inLanguage\":\"es\",\"@id\":\"https:\\\/\\\/secure.gravatar.com\\\/avatar\\\/bdabe1eeeed97b65a9cb7de2edd624b07995f7e13abc5fead15961f745f908cc?s=96&d=mm&r=g\",\"url\":\"https:\\\/\\\/secure.gravatar.com\\\/avatar\\\/bdabe1eeeed97b65a9cb7de2edd624b07995f7e13abc5fead15961f745f908cc?s=96&d=mm&r=g\",\"contentUrl\":\"https:\\\/\\\/secure.gravatar.com\\\/avatar\\\/bdabe1eeeed97b65a9cb7de2edd624b07995f7e13abc5fead15961f745f908cc?s=96&d=mm&r=g\",\"caption\":\"Eduardo Lizarraga\"},\"description\":\"Periodista Econ\u00f3mico. Ha trabajado en diversos campos de la informaci\u00f3n. Corresponsal en conflictos, analista pol\u00edtico en Congreso y Senado, periodista del medio ambiente, editor, director editorial, director de comunicaci\u00f3n.... En estos momentos se ha especializado en el sector inmobiliario. Pero tambi\u00e9n es navegante y viajero, preocupado por la pobreza, el medio ambiente y por las actuaciones descontroladas del neoliberalismo empresarial y pol\u00edtico en todo el mundo. Los desahucios, la pobreza infantil y la falta de acceso a los suministros b\u00e1sicos son algunos de los grandes dramas de nuestra sociedad y que es preciso solucionar para hacerla m\u00e1s justa. CEO en www.aquimicasa.net\",\"sameAs\":[\"https:\\\/\\\/www.aquimicasa.net\\\/\"],\"url\":\"https:\\\/\\\/www.aquimicasa.net\\\/blog\\\/author\\\/eduardo\\\/\"}]}<\/script>\n<!-- \/ Yoast SEO plugin. -->","yoast_head_json":{"title":"Las compa\u00f1\u00edas de seguros entran en el negocio de la okupaci\u00f3n","description":"L\u00ednea Directa y Mutua Madrile\u00f1a mezclan los conceptos de allanamiento de morada con los de usurpaci\u00f3n y aluden a un riesgo poco generalizado","robots":{"index":"index","follow":"follow","max-snippet":"max-snippet:-1","max-image-preview":"max-image-preview:large","max-video-preview":"max-video-preview:-1"},"canonical":"https:\/\/www.aquimicasa.net\/blog\/justicia\/consejo-general-del-poder-judicial-cgpj\/las-companias-de-seguros-entran-en-el-negocio-de-la-okupacion\/","og_locale":"es_ES","og_type":"article","og_title":"Las compa\u00f1\u00edas de seguros entran en el negocio de la okupaci\u00f3n","og_description":"L\u00ednea Directa y Mutua Madrile\u00f1a mezclan los conceptos de allanamiento de morada con los de usurpaci\u00f3n y aluden a un riesgo poco generalizado","og_url":"https:\/\/www.aquimicasa.net\/blog\/justicia\/consejo-general-del-poder-judicial-cgpj\/las-companias-de-seguros-entran-en-el-negocio-de-la-okupacion\/","og_site_name":"Blog de aquimicasa.net","article_publisher":"https:\/\/www.facebook.com\/aquimicasa.net","article_published_time":"2024-08-25T11:15:34+00:00","og_image":[{"width":600,"height":400,"url":"https:\/\/www.aquimicasa.net\/blog\/wp-content\/uploads\/Manual-de-Okupaci-n-e1724584518313.jpg","type":"image\/jpeg"}],"author":"Eduardo Lizarraga","twitter_misc":{"Escrito por":"Eduardo Lizarraga","Tiempo de lectura":"5 minutos"},"schema":{"@context":"https:\/\/schema.org","@graph":[{"@type":"Article","@id":"https:\/\/www.aquimicasa.net\/blog\/justicia\/consejo-general-del-poder-judicial-cgpj\/las-companias-de-seguros-entran-en-el-negocio-de-la-okupacion\/#article","isPartOf":{"@id":"https:\/\/www.aquimicasa.net\/blog\/justicia\/consejo-general-del-poder-judicial-cgpj\/las-companias-de-seguros-entran-en-el-negocio-de-la-okupacion\/"},"author":{"name":"Eduardo Lizarraga","@id":"https:\/\/www.aquimicasa.net\/blog\/#\/schema\/person\/2cdfa2605534583395c8d7ce1d6cac14"},"headline":"Las compa\u00f1\u00edas de seguros entran en el negocio de la okupaci\u00f3n","datePublished":"2024-08-25T11:15:34+00:00","mainEntityOfPage":{"@id":"https:\/\/www.aquimicasa.net\/blog\/justicia\/consejo-general-del-poder-judicial-cgpj\/las-companias-de-seguros-entran-en-el-negocio-de-la-okupacion\/"},"wordCount":1046,"commentCount":0,"publisher":{"@id":"https:\/\/www.aquimicasa.net\/blog\/#organization"},"image":{"@id":"https:\/\/www.aquimicasa.net\/blog\/justicia\/consejo-general-del-poder-judicial-cgpj\/las-companias-de-seguros-entran-en-el-negocio-de-la-okupacion\/#primaryimage"},"thumbnailUrl":"https:\/\/www.aquimicasa.net\/blog\/wp-content\/uploads\/Manual-de-Okupaci-n-e1724584518313.jpg","keywords":["newsletter 476","noticia de portada"],"articleSection":["Consejo General del Poder Judicial (CGPJ)"],"inLanguage":"es","potentialAction":[{"@type":"CommentAction","name":"Comment","target":["https:\/\/www.aquimicasa.net\/blog\/justicia\/consejo-general-del-poder-judicial-cgpj\/las-companias-de-seguros-entran-en-el-negocio-de-la-okupacion\/#respond"]}]},{"@type":"WebPage","@id":"https:\/\/www.aquimicasa.net\/blog\/justicia\/consejo-general-del-poder-judicial-cgpj\/las-companias-de-seguros-entran-en-el-negocio-de-la-okupacion\/","url":"https:\/\/www.aquimicasa.net\/blog\/justicia\/consejo-general-del-poder-judicial-cgpj\/las-companias-de-seguros-entran-en-el-negocio-de-la-okupacion\/","name":"Las compa\u00f1\u00edas de seguros entran en el negocio de la okupaci\u00f3n","isPartOf":{"@id":"https:\/\/www.aquimicasa.net\/blog\/#website"},"primaryImageOfPage":{"@id":"https:\/\/www.aquimicasa.net\/blog\/justicia\/consejo-general-del-poder-judicial-cgpj\/las-companias-de-seguros-entran-en-el-negocio-de-la-okupacion\/#primaryimage"},"image":{"@id":"https:\/\/www.aquimicasa.net\/blog\/justicia\/consejo-general-del-poder-judicial-cgpj\/las-companias-de-seguros-entran-en-el-negocio-de-la-okupacion\/#primaryimage"},"thumbnailUrl":"https:\/\/www.aquimicasa.net\/blog\/wp-content\/uploads\/Manual-de-Okupaci-n-e1724584518313.jpg","datePublished":"2024-08-25T11:15:34+00:00","description":"L\u00ednea Directa y Mutua Madrile\u00f1a mezclan los conceptos de allanamiento de morada con los de usurpaci\u00f3n y aluden a un riesgo poco generalizado","breadcrumb":{"@id":"https:\/\/www.aquimicasa.net\/blog\/justicia\/consejo-general-del-poder-judicial-cgpj\/las-companias-de-seguros-entran-en-el-negocio-de-la-okupacion\/#breadcrumb"},"inLanguage":"es","potentialAction":[{"@type":"ReadAction","target":["https:\/\/www.aquimicasa.net\/blog\/justicia\/consejo-general-del-poder-judicial-cgpj\/las-companias-de-seguros-entran-en-el-negocio-de-la-okupacion\/"]}]},{"@type":"ImageObject","inLanguage":"es","@id":"https:\/\/www.aquimicasa.net\/blog\/justicia\/consejo-general-del-poder-judicial-cgpj\/las-companias-de-seguros-entran-en-el-negocio-de-la-okupacion\/#primaryimage","url":"https:\/\/www.aquimicasa.net\/blog\/wp-content\/uploads\/Manual-de-Okupaci-n-e1724584518313.jpg","contentUrl":"https:\/\/www.aquimicasa.net\/blog\/wp-content\/uploads\/Manual-de-Okupaci-n-e1724584518313.jpg","width":600,"height":400,"caption":"Cortar los suministros a los okupas ya no ser\u00e1 delito"},{"@type":"BreadcrumbList","@id":"https:\/\/www.aquimicasa.net\/blog\/justicia\/consejo-general-del-poder-judicial-cgpj\/las-companias-de-seguros-entran-en-el-negocio-de-la-okupacion\/#breadcrumb","itemListElement":[{"@type":"ListItem","position":1,"name":"Portada","item":"https:\/\/www.aquimicasa.net\/blog\/"},{"@type":"ListItem","position":2,"name":"Las compa\u00f1\u00edas de seguros entran en el negocio de la okupaci\u00f3n"}]},{"@type":"WebSite","@id":"https:\/\/www.aquimicasa.net\/blog\/#website","url":"https:\/\/www.aquimicasa.net\/blog\/","name":"Blog de aquimicasa.net","description":"Noticias del Mundo Inmobiliario","publisher":{"@id":"https:\/\/www.aquimicasa.net\/blog\/#organization"},"potentialAction":[{"@type":"SearchAction","target":{"@type":"EntryPoint","urlTemplate":"https:\/\/www.aquimicasa.net\/blog\/?s={search_term_string}"},"query-input":{"@type":"PropertyValueSpecification","valueRequired":true,"valueName":"search_term_string"}}],"inLanguage":"es"},{"@type":"Organization","@id":"https:\/\/www.aquimicasa.net\/blog\/#organization","name":"Blog de aquimicasa.net","url":"https:\/\/www.aquimicasa.net\/blog\/","logo":{"@type":"ImageObject","inLanguage":"es","@id":"https:\/\/www.aquimicasa.net\/blog\/#\/schema\/logo\/image\/","url":"https:\/\/www.aquimicasa.net\/blog\/wp-content\/uploads\/Logo-aquimicasa-1-e1528048213782.png","contentUrl":"https:\/\/www.aquimicasa.net\/blog\/wp-content\/uploads\/Logo-aquimicasa-1-e1528048213782.png","width":225,"height":225,"caption":"Blog de aquimicasa.net"},"image":{"@id":"https:\/\/www.aquimicasa.net\/blog\/#\/schema\/logo\/image\/"},"sameAs":["https:\/\/www.facebook.com\/aquimicasa.net","https:\/\/www.instagram.com\/","https:\/\/x.com\/EduLizarragaD","https:\/\/www.linkedin.com\/feed\/"]},{"@type":"Person","@id":"https:\/\/www.aquimicasa.net\/blog\/#\/schema\/person\/2cdfa2605534583395c8d7ce1d6cac14","name":"Eduardo Lizarraga","image":{"@type":"ImageObject","inLanguage":"es","@id":"https:\/\/secure.gravatar.com\/avatar\/bdabe1eeeed97b65a9cb7de2edd624b07995f7e13abc5fead15961f745f908cc?s=96&d=mm&r=g","url":"https:\/\/secure.gravatar.com\/avatar\/bdabe1eeeed97b65a9cb7de2edd624b07995f7e13abc5fead15961f745f908cc?s=96&d=mm&r=g","contentUrl":"https:\/\/secure.gravatar.com\/avatar\/bdabe1eeeed97b65a9cb7de2edd624b07995f7e13abc5fead15961f745f908cc?s=96&d=mm&r=g","caption":"Eduardo Lizarraga"},"description":"Periodista Econ\u00f3mico. Ha trabajado en diversos campos de la informaci\u00f3n. Corresponsal en conflictos, analista pol\u00edtico en Congreso y Senado, periodista del medio ambiente, editor, director editorial, director de comunicaci\u00f3n.... En estos momentos se ha especializado en el sector inmobiliario. Pero tambi\u00e9n es navegante y viajero, preocupado por la pobreza, el medio ambiente y por las actuaciones descontroladas del neoliberalismo empresarial y pol\u00edtico en todo el mundo. Los desahucios, la pobreza infantil y la falta de acceso a los suministros b\u00e1sicos son algunos de los grandes dramas de nuestra sociedad y que es preciso solucionar para hacerla m\u00e1s justa. CEO en www.aquimicasa.net","sameAs":["https:\/\/www.aquimicasa.net\/"],"url":"https:\/\/www.aquimicasa.net\/blog\/author\/eduardo\/"}]}},"jetpack_publicize_connections":[],"jetpack_featured_media_url":"https:\/\/www.aquimicasa.net\/blog\/wp-content\/uploads\/Manual-de-Okupaci-n-e1724584518313.jpg","jetpack_sharing_enabled":true,"jetpack_likes_enabled":true,"_links":{"self":[{"href":"https:\/\/www.aquimicasa.net\/blog\/wp-json\/wp\/v2\/posts\/48702","targetHints":{"allow":["GET"]}}],"collection":[{"href":"https:\/\/www.aquimicasa.net\/blog\/wp-json\/wp\/v2\/posts"}],"about":[{"href":"https:\/\/www.aquimicasa.net\/blog\/wp-json\/wp\/v2\/types\/post"}],"author":[{"embeddable":true,"href":"https:\/\/www.aquimicasa.net\/blog\/wp-json\/wp\/v2\/users\/3"}],"replies":[{"embeddable":true,"href":"https:\/\/www.aquimicasa.net\/blog\/wp-json\/wp\/v2\/comments?post=48702"}],"version-history":[{"count":4,"href":"https:\/\/www.aquimicasa.net\/blog\/wp-json\/wp\/v2\/posts\/48702\/revisions"}],"predecessor-version":[{"id":48707,"href":"https:\/\/www.aquimicasa.net\/blog\/wp-json\/wp\/v2\/posts\/48702\/revisions\/48707"}],"wp:featuredmedia":[{"embeddable":true,"href":"https:\/\/www.aquimicasa.net\/blog\/wp-json\/wp\/v2\/media\/48706"}],"wp:attachment":[{"href":"https:\/\/www.aquimicasa.net\/blog\/wp-json\/wp\/v2\/media?parent=48702"}],"wp:term":[{"taxonomy":"category","embeddable":true,"href":"https:\/\/www.aquimicasa.net\/blog\/wp-json\/wp\/v2\/categories?post=48702"},{"taxonomy":"post_tag","embeddable":true,"href":"https:\/\/www.aquimicasa.net\/blog\/wp-json\/wp\/v2\/tags?post=48702"}],"curies":[{"name":"wp","href":"https:\/\/api.w.org\/{rel}","templated":true}]}}