{"id":49383,"date":"2024-11-01T22:30:15","date_gmt":"2024-11-01T21:30:15","guid":{"rendered":"https:\/\/www.aquimicasa.net\/blog\/?p=49383"},"modified":"2024-11-01T22:30:15","modified_gmt":"2024-11-01T21:30:15","slug":"el-precio-de-la-vivienda-nueva-crece-un-34-en-zaragoza-capital","status":"publish","type":"post","link":"https:\/\/www.aquimicasa.net\/blog\/vivienda\/compraventa-de-viviendas\/el-precio-de-la-vivienda-nueva-crece-un-34-en-zaragoza-capital\/","title":{"rendered":"El precio de la vivienda nueva crece un 3,4% en Zaragoza capital"},"content":{"rendered":"<div class=\"fusion-fullwidth fullwidth-box fusion-builder-row-1 fusion-flex-container nonhundred-percent-fullwidth non-hundred-percent-height-scrolling\" style=\"background-color: rgba(255,255,255,0);background-position: center center;background-repeat: no-repeat;border-width: 0px 0px 0px 0px;border-color:#eae9e9;border-style:solid;\" ><div class=\"fusion-builder-row fusion-row fusion-flex-align-items-flex-start\" style=\"max-width:1144px;margin-left: calc(-4% \/ 2 );margin-right: calc(-4% \/ 2 );\"><div class=\"fusion-layout-column fusion_builder_column fusion-builder-column-0 fusion_builder_column_1_1 1_1 fusion-flex-column\"><div class=\"fusion-column-wrapper fusion-flex-justify-content-flex-start fusion-content-layout-column\" style=\"background-position:left top;background-repeat:no-repeat;-webkit-background-size:cover;-moz-background-size:cover;-o-background-size:cover;background-size:cover;padding: 0px 0px 0px 0px;\"><div class=\"fusion-text fusion-text-1\"><div class=\"flex max-w-full flex-col flex-grow\">\n<div class=\"min-h-8 text-message flex w-full flex-col items-end gap-2 whitespace-normal break-words &#091;.text-message+&amp;&#093;:mt-5\" dir=\"auto\" data-message-author-role=\"assistant\" data-message-id=\"bb7f3b44-3b59-423d-8349-32a348dfd784\" data-message-model-slug=\"gpt-4o\">\n<div class=\"flex w-full flex-col gap-1 empty:hidden first:pt-&#091;3px&#093;\">\n<div class=\"markdown prose w-full break-words dark:prose-invert light\">\n<p>El sector inmobiliario en Arag\u00f3n sigue mostrando una evoluci\u00f3n positiva, especialmente en Zaragoza capital, donde el precio medio de la <strong>vivienda nueva<\/strong> ha crecido un <strong>3,4%<\/strong> en los \u00faltimos doce meses, alcanzando los <strong>2.228 \u20ac\/m2<\/strong>. Este aumento refleja el dinamismo que experimenta la capital aragonesa, aunque a\u00fan est\u00e1 por debajo de los m\u00e1ximos hist\u00f3ricos de 2007, cuando el precio se situaba en los <strong>3.071 \u20ac\/m2<\/strong>. A continuaci\u00f3n, profundizaremos en los cambios y tendencias observados en la regi\u00f3n aragonesa, as\u00ed como en el <strong>\u00cdndice de Confianza Inmobiliario<\/strong>, el <strong>\u00cdndice de Esfuerzo Inmobiliario<\/strong> y el <strong>\u00cdndice de Accesibilidad <\/strong>que nos facilita Sociedad de Tasaci\u00f3n.<\/p>\n<h2><strong>Otros municipios aragoneses tambi\u00e9n incrementan sus precios<\/strong><\/h2>\n<p>El mercado inmobiliario de <strong>Arag\u00f3n<\/strong> ha mostrado una tendencia general de incremento de precios, aunque en menor medida que en Zaragoza capital. Seg\u00fan el \u00faltimo Informe de Vivienda Nueva de la <strong>Sociedad de Tasaci\u00f3n<\/strong>, otros municipios aragoneses tambi\u00e9n experimentaron aumentos en el precio de sus viviendas nuevas. Entre ellos destacan:<\/p>\n<ul>\n<li><strong>Jaca<\/strong>, con el segundo precio m\u00e1s alto en la regi\u00f3n, alcanzando los <strong>1.820 \u20ac\/m2<\/strong> tras un aumento interanual del <strong>2%<\/strong>.<\/li>\n<li><strong>Huesca capital<\/strong>, con un precio de <strong>1.652 \u20ac\/m2<\/strong>, experiment\u00f3 un incremento del <strong>2,9%<\/strong> en el \u00faltimo a\u00f1o.<\/li>\n<li><strong>Teruel capital<\/strong>, donde el precio medio es de <strong>1.570 \u20ac\/m2<\/strong>, mostr\u00f3 un aumento del <strong>1,9%<\/strong>.<\/li>\n<\/ul>\n<p>En estas zonas, el crecimiento de precios es m\u00e1s moderado y presenta un ritmo estable, lo que contribuye a mantener una accesibilidad favorable para los potenciales compradores. Los expertos en tasaci\u00f3n inmobiliaria apuntan que el <strong>entorno del Pirineo aragon\u00e9s<\/strong>, especialmente en municipios como Jaca, ha captado gran inter\u00e9s, debido tanto al atractivo tur\u00edstico como al ritmo de crecimiento registrado.<\/p>\n<h2><strong>Crece el \u00cdndice de Confianza Inmobiliario en Arag\u00f3n<\/strong><\/h2>\n<p>El <strong>\u00cdndice de Confianza Inmobiliario<\/strong>, publicado por la Sociedad de Tasaci\u00f3n, ha registrado un leve aumento en <strong>Arag\u00f3n<\/strong>, alcanzando <strong>49,8 puntos<\/strong> en el segundo trimestre de 2024. Aunque la cifra est\u00e1 por debajo del punto de equilibrio (50 puntos) y de la media nacional (52 puntos), representa un aumento de <strong>2,1 puntos respecto al trimestre anterior<\/strong> y <strong>1,1 puntos en comparaci\u00f3n con el a\u00f1o anterior<\/strong>. Este \u00edndice se calcula a partir de la opini\u00f3n de m\u00e1s de <strong>500 profesionales inmobiliarios<\/strong>, quienes eval\u00faan el mercado en base a la situaci\u00f3n actual y las expectativas de crecimiento en los pr\u00f3ximos tres meses.<\/p>\n<p>Arag\u00f3n, junto con otras autonom\u00edas como Extremadura, Castilla-La Mancha, Castilla y Le\u00f3n y La Rioja, a\u00fan no ha alcanzado un nivel de confianza equiparable al de la media nacional. Sin embargo, se prev\u00e9 que la reciente <strong>desescalada de tipos de inter\u00e9s<\/strong> del Banco Central Europeo pueda incentivar una demanda gradual tanto en compraventas como en hipotecas.<\/p>\n<h2><strong>El \u00cdndice de Esfuerzo Inmobiliario se mantiene por debajo de la media nacional<\/strong><\/h2>\n<p>El <strong>\u00cdndice de Esfuerzo Inmobiliario<\/strong>, indicador que calcula los a\u00f1os de sueldo que un ciudadano medio necesitar\u00eda destinar \u00edntegramente para la compra de una vivienda, ha permanecido estable en <strong>5,5 a\u00f1os en Arag\u00f3n<\/strong> durante el \u00faltimo trimestre de 2024. Este dato es positivo en comparaci\u00f3n con el promedio nacional, situado en <strong>7,6 a\u00f1os<\/strong>.<\/p>\n<p>Este \u00edndice ofrece una referencia clave para aquellos que desean invertir en una propiedad en Arag\u00f3n, donde los precios de la vivienda se han mantenido relativamente accesibles en comparaci\u00f3n con otras comunidades aut\u00f3nomas. El mantenimiento de este \u00edndice en niveles estables sugiere una <strong>mayor sostenibilidad en el esfuerzo econ\u00f3mico<\/strong> de los residentes aragoneses al comprar una vivienda.<\/p>\n<h2><strong>El \u00cdndice de Accesibilidad es muy favorable en Arag\u00f3n<\/strong><\/h2>\n<p>El <strong>\u00cdndice de Accesibilidad<\/strong> de la Sociedad de Tasaci\u00f3n en Arag\u00f3n se encuentra en <strong>108 puntos<\/strong>, lo que denota una accesibilidad muy favorable en comparaci\u00f3n con el \u00edndice de equilibrio (100 puntos). Esto implica que un ciudadano con ingresos medios podr\u00eda acceder a una vivienda sin que ello represente el m\u00e1ximo esfuerzo econ\u00f3mico. En comparaci\u00f3n con otras autonom\u00edas, Arag\u00f3n mantiene un \u00edndice que la sit\u00faa junto a comunidades con buena accesibilidad, como La Rioja (105), Castilla y Le\u00f3n (106), Asturias (107) y Murcia (120).<\/p>\n<p>Esta accesibilidad favorable convierte a Arag\u00f3n en una de las comunidades aut\u00f3nomas m\u00e1s atractivas para la compra de vivienda, especialmente en un contexto donde el precio de la vivienda contin\u00faa en alza en otras regiones del pa\u00eds. Adem\u00e1s, la tendencia de precios moderados en comparaci\u00f3n con los niveles nacionales permite que Arag\u00f3n sea una opci\u00f3n accesible tanto para <strong>primeras residencias como para inversi\u00f3n<\/strong> en vivienda.<\/p>\n<h3><strong>Evoluci\u00f3n positiva de la vivienda nueva en Arag\u00f3n <\/strong><strong>con perspectivas moderadas<\/strong><\/h3>\n<p>En conclusi\u00f3n, el <strong>incremento del precio de la vivienda nueva en Zaragoza capital<\/strong> y en otras ciudades aragonesas evidencia un dinamismo sostenido en el mercado inmobiliario de la regi\u00f3n. A pesar del crecimiento en los precios, Arag\u00f3n se posiciona como una comunidad con un <strong>\u00cdndice de Esfuerzo Inmobiliario<\/strong> y un <strong>\u00cdndice de Accesibilidad<\/strong> favorables, lo que facilita la compra de vivienda a los ciudadanos. La confianza de los profesionales inmobiliarios se mantiene estable y se prev\u00e9 que el mercado siga presentando oportunidades tanto para compradores de primera vivienda como para inversores.<\/p>\n<p>En el portal <strong>Aquimicasa<\/strong>, trabajamos para ofrecerte las mejores oportunidades inmobiliarias en Arag\u00f3n, con un enfoque en la accesibilidad y la sostenibilidad econ\u00f3mica del sector. Si est\u00e1s pensando en invertir o encontrar tu pr\u00f3xima vivienda en esta regi\u00f3n, Arag\u00f3n se presenta como un mercado atractivo con buenas perspectivas de crecimiento a futuro.<\/p>\n<\/div>\n<\/div>\n<\/div>\n<\/div>\n<\/div><\/div><style type=\"text\/css\">.fusion-body .fusion-builder-column-0{width:100% !important;margin-top : 0px;margin-bottom : 0px;}.fusion-builder-column-0 > .fusion-column-wrapper {padding-top : 0px !important;padding-right : 0px !important;margin-right : 1.92%;padding-bottom : 0px !important;padding-left : 0px !important;margin-left : 1.92%;}@media only screen and (max-width:1024px) {.fusion-body .fusion-builder-column-0{width:100% !important;}.fusion-builder-column-0 > .fusion-column-wrapper {margin-right : 1.92%;margin-left : 1.92%;}}@media only screen and (max-width:640px) {.fusion-body .fusion-builder-column-0{width:100% !important;}.fusion-builder-column-0 > .fusion-column-wrapper {margin-right : 1.92%;margin-left : 1.92%;}}<\/style><\/div><\/div><style type=\"text\/css\">.fusion-body .fusion-flex-container.fusion-builder-row-1{ padding-top : 0px;margin-top : 0px;padding-right : 0px;padding-bottom : 0px;margin-bottom : 0px;padding-left : 0px;}<\/style><\/div>\n","protected":false},"excerpt":{"rendered":"<p>El mercado inmobiliario de Arag\u00f3n ha mostrado una tendencia general de incremento de precios, aunque en menor medida que en Zaragoza capital. Seg\u00fan el \u00faltimo Informe de Vivienda Nueva de la Sociedad de Tasaci\u00f3n, otros municipios aragoneses tambi\u00e9n experimentaron aumentos en el precio de sus viviendas nuevas<\/p>\n","protected":false},"author":3,"featured_media":49385,"comment_status":"open","ping_status":"closed","sticky":false,"template":"","format":"standard","meta":{"_jetpack_memberships_contains_paid_content":false,"footnotes":"","jetpack_publicize_message":"","jetpack_publicize_feature_enabled":true,"jetpack_social_post_already_shared":true,"jetpack_social_options":{"image_generator_settings":{"template":"highway","default_image_id":0,"font":"","enabled":false},"version":2}},"categories":[100],"tags":[8197,7568],"class_list":["post-49383","post","type-post","status-publish","format-standard","has-post-thumbnail","hentry","category-compraventa-de-viviendas","tag-newsletter-486","tag-noticia-de-portada"],"yoast_head":"<!-- This site is optimized with the Yoast SEO plugin v28.2 - https:\/\/yoast.com\/product\/yoast-seo-wordpress\/ -->\n<title>El precio de la vivienda nueva crece un 3,4% en Zaragoza capital<\/title>\n<meta name=\"description\" content=\"La tendencia de precios moderados permite que Arag\u00f3n sea una opci\u00f3n accesible tanto para primeras residencias como para inversi\u00f3n en vivienda\" \/>\n<meta name=\"robots\" content=\"index, follow, max-snippet:-1, max-image-preview:large, max-video-preview:-1\" \/>\n<link rel=\"canonical\" href=\"https:\/\/www.aquimicasa.net\/blog\/vivienda\/compraventa-de-viviendas\/el-precio-de-la-vivienda-nueva-crece-un-34-en-zaragoza-capital\/\" \/>\n<meta property=\"og:locale\" content=\"es_ES\" \/>\n<meta property=\"og:type\" content=\"article\" \/>\n<meta property=\"og:title\" content=\"El precio de la vivienda nueva crece un 3,4% en Zaragoza capital\" \/>\n<meta property=\"og:description\" content=\"La tendencia de precios moderados permite que Arag\u00f3n sea una opci\u00f3n accesible tanto para primeras residencias como para inversi\u00f3n en vivienda\" \/>\n<meta property=\"og:url\" content=\"https:\/\/www.aquimicasa.net\/blog\/vivienda\/compraventa-de-viviendas\/el-precio-de-la-vivienda-nueva-crece-un-34-en-zaragoza-capital\/\" \/>\n<meta property=\"og:site_name\" content=\"Blog de aquimicasa.net\" \/>\n<meta property=\"article:publisher\" content=\"https:\/\/www.facebook.com\/aquimicasa.net\" \/>\n<meta property=\"article:published_time\" content=\"2024-11-01T21:30:15+00:00\" \/>\n<meta property=\"og:image\" content=\"https:\/\/www.aquimicasa.net\/blog\/wp-content\/uploads\/Zaragoza6-4.jpg\" \/>\n\t<meta property=\"og:image:width\" content=\"787\" \/>\n\t<meta property=\"og:image:height\" content=\"479\" \/>\n\t<meta property=\"og:image:type\" content=\"image\/jpeg\" \/>\n<meta name=\"author\" content=\"Eduardo Lizarraga\" \/>\n<meta name=\"twitter:label1\" content=\"Escrito por\" \/>\n\t<meta name=\"twitter:data1\" content=\"Eduardo Lizarraga\" \/>\n\t<meta name=\"twitter:label2\" content=\"Tiempo de lectura\" \/>\n\t<meta name=\"twitter:data2\" content=\"4 minutos\" \/>\n<script type=\"application\/ld+json\" class=\"yoast-schema-graph\">{\"@context\":\"https:\\\/\\\/schema.org\",\"@graph\":[{\"@type\":\"Article\",\"@id\":\"https:\\\/\\\/www.aquimicasa.net\\\/blog\\\/vivienda\\\/compraventa-de-viviendas\\\/el-precio-de-la-vivienda-nueva-crece-un-34-en-zaragoza-capital\\\/#article\",\"isPartOf\":{\"@id\":\"https:\\\/\\\/www.aquimicasa.net\\\/blog\\\/vivienda\\\/compraventa-de-viviendas\\\/el-precio-de-la-vivienda-nueva-crece-un-34-en-zaragoza-capital\\\/\"},\"author\":{\"name\":\"Eduardo Lizarraga\",\"@id\":\"https:\\\/\\\/www.aquimicasa.net\\\/blog\\\/#\\\/schema\\\/person\\\/2cdfa2605534583395c8d7ce1d6cac14\"},\"headline\":\"El precio de la vivienda nueva crece un 3,4% en Zaragoza capital\",\"datePublished\":\"2024-11-01T21:30:15+00:00\",\"mainEntityOfPage\":{\"@id\":\"https:\\\/\\\/www.aquimicasa.net\\\/blog\\\/vivienda\\\/compraventa-de-viviendas\\\/el-precio-de-la-vivienda-nueva-crece-un-34-en-zaragoza-capital\\\/\"},\"wordCount\":1172,\"commentCount\":0,\"publisher\":{\"@id\":\"https:\\\/\\\/www.aquimicasa.net\\\/blog\\\/#organization\"},\"image\":{\"@id\":\"https:\\\/\\\/www.aquimicasa.net\\\/blog\\\/vivienda\\\/compraventa-de-viviendas\\\/el-precio-de-la-vivienda-nueva-crece-un-34-en-zaragoza-capital\\\/#primaryimage\"},\"thumbnailUrl\":\"https:\\\/\\\/www.aquimicasa.net\\\/blog\\\/wp-content\\\/uploads\\\/Zaragoza6-4.jpg\",\"keywords\":[\"newsletter 486\",\"noticia de portada\"],\"articleSection\":[\"Compra Venta\"],\"inLanguage\":\"es\",\"potentialAction\":[{\"@type\":\"CommentAction\",\"name\":\"Comment\",\"target\":[\"https:\\\/\\\/www.aquimicasa.net\\\/blog\\\/vivienda\\\/compraventa-de-viviendas\\\/el-precio-de-la-vivienda-nueva-crece-un-34-en-zaragoza-capital\\\/#respond\"]}]},{\"@type\":\"WebPage\",\"@id\":\"https:\\\/\\\/www.aquimicasa.net\\\/blog\\\/vivienda\\\/compraventa-de-viviendas\\\/el-precio-de-la-vivienda-nueva-crece-un-34-en-zaragoza-capital\\\/\",\"url\":\"https:\\\/\\\/www.aquimicasa.net\\\/blog\\\/vivienda\\\/compraventa-de-viviendas\\\/el-precio-de-la-vivienda-nueva-crece-un-34-en-zaragoza-capital\\\/\",\"name\":\"El precio de la vivienda nueva crece un 3,4% en Zaragoza capital\",\"isPartOf\":{\"@id\":\"https:\\\/\\\/www.aquimicasa.net\\\/blog\\\/#website\"},\"primaryImageOfPage\":{\"@id\":\"https:\\\/\\\/www.aquimicasa.net\\\/blog\\\/vivienda\\\/compraventa-de-viviendas\\\/el-precio-de-la-vivienda-nueva-crece-un-34-en-zaragoza-capital\\\/#primaryimage\"},\"image\":{\"@id\":\"https:\\\/\\\/www.aquimicasa.net\\\/blog\\\/vivienda\\\/compraventa-de-viviendas\\\/el-precio-de-la-vivienda-nueva-crece-un-34-en-zaragoza-capital\\\/#primaryimage\"},\"thumbnailUrl\":\"https:\\\/\\\/www.aquimicasa.net\\\/blog\\\/wp-content\\\/uploads\\\/Zaragoza6-4.jpg\",\"datePublished\":\"2024-11-01T21:30:15+00:00\",\"description\":\"La tendencia de precios moderados permite que Arag\u00f3n sea una opci\u00f3n accesible tanto para primeras residencias como para inversi\u00f3n en vivienda\",\"breadcrumb\":{\"@id\":\"https:\\\/\\\/www.aquimicasa.net\\\/blog\\\/vivienda\\\/compraventa-de-viviendas\\\/el-precio-de-la-vivienda-nueva-crece-un-34-en-zaragoza-capital\\\/#breadcrumb\"},\"inLanguage\":\"es\",\"potentialAction\":[{\"@type\":\"ReadAction\",\"target\":[\"https:\\\/\\\/www.aquimicasa.net\\\/blog\\\/vivienda\\\/compraventa-de-viviendas\\\/el-precio-de-la-vivienda-nueva-crece-un-34-en-zaragoza-capital\\\/\"]}]},{\"@type\":\"ImageObject\",\"inLanguage\":\"es\",\"@id\":\"https:\\\/\\\/www.aquimicasa.net\\\/blog\\\/vivienda\\\/compraventa-de-viviendas\\\/el-precio-de-la-vivienda-nueva-crece-un-34-en-zaragoza-capital\\\/#primaryimage\",\"url\":\"https:\\\/\\\/www.aquimicasa.net\\\/blog\\\/wp-content\\\/uploads\\\/Zaragoza6-4.jpg\",\"contentUrl\":\"https:\\\/\\\/www.aquimicasa.net\\\/blog\\\/wp-content\\\/uploads\\\/Zaragoza6-4.jpg\",\"width\":787,\"height\":479,\"caption\":\"La vivienda nueva incrementa un 3,4% su precio en Zaragoza\"},{\"@type\":\"BreadcrumbList\",\"@id\":\"https:\\\/\\\/www.aquimicasa.net\\\/blog\\\/vivienda\\\/compraventa-de-viviendas\\\/el-precio-de-la-vivienda-nueva-crece-un-34-en-zaragoza-capital\\\/#breadcrumb\",\"itemListElement\":[{\"@type\":\"ListItem\",\"position\":1,\"name\":\"Portada\",\"item\":\"https:\\\/\\\/www.aquimicasa.net\\\/blog\\\/\"},{\"@type\":\"ListItem\",\"position\":2,\"name\":\"El precio de la vivienda nueva crece un 3,4% en Zaragoza capital\"}]},{\"@type\":\"WebSite\",\"@id\":\"https:\\\/\\\/www.aquimicasa.net\\\/blog\\\/#website\",\"url\":\"https:\\\/\\\/www.aquimicasa.net\\\/blog\\\/\",\"name\":\"Blog de aquimicasa.net\",\"description\":\"Noticias del Mundo Inmobiliario\",\"publisher\":{\"@id\":\"https:\\\/\\\/www.aquimicasa.net\\\/blog\\\/#organization\"},\"potentialAction\":[{\"@type\":\"SearchAction\",\"target\":{\"@type\":\"EntryPoint\",\"urlTemplate\":\"https:\\\/\\\/www.aquimicasa.net\\\/blog\\\/?s={search_term_string}\"},\"query-input\":{\"@type\":\"PropertyValueSpecification\",\"valueRequired\":true,\"valueName\":\"search_term_string\"}}],\"inLanguage\":\"es\"},{\"@type\":\"Organization\",\"@id\":\"https:\\\/\\\/www.aquimicasa.net\\\/blog\\\/#organization\",\"name\":\"Blog de aquimicasa.net\",\"url\":\"https:\\\/\\\/www.aquimicasa.net\\\/blog\\\/\",\"logo\":{\"@type\":\"ImageObject\",\"inLanguage\":\"es\",\"@id\":\"https:\\\/\\\/www.aquimicasa.net\\\/blog\\\/#\\\/schema\\\/logo\\\/image\\\/\",\"url\":\"https:\\\/\\\/www.aquimicasa.net\\\/blog\\\/wp-content\\\/uploads\\\/Logo-aquimicasa-1-e1528048213782.png\",\"contentUrl\":\"https:\\\/\\\/www.aquimicasa.net\\\/blog\\\/wp-content\\\/uploads\\\/Logo-aquimicasa-1-e1528048213782.png\",\"width\":225,\"height\":225,\"caption\":\"Blog de aquimicasa.net\"},\"image\":{\"@id\":\"https:\\\/\\\/www.aquimicasa.net\\\/blog\\\/#\\\/schema\\\/logo\\\/image\\\/\"},\"sameAs\":[\"https:\\\/\\\/www.facebook.com\\\/aquimicasa.net\",\"https:\\\/\\\/www.instagram.com\\\/\",\"https:\\\/\\\/x.com\\\/EduLizarragaD\",\"https:\\\/\\\/www.linkedin.com\\\/feed\\\/\"]},{\"@type\":\"Person\",\"@id\":\"https:\\\/\\\/www.aquimicasa.net\\\/blog\\\/#\\\/schema\\\/person\\\/2cdfa2605534583395c8d7ce1d6cac14\",\"name\":\"Eduardo Lizarraga\",\"image\":{\"@type\":\"ImageObject\",\"inLanguage\":\"es\",\"@id\":\"https:\\\/\\\/secure.gravatar.com\\\/avatar\\\/bdabe1eeeed97b65a9cb7de2edd624b07995f7e13abc5fead15961f745f908cc?s=96&d=mm&r=g\",\"url\":\"https:\\\/\\\/secure.gravatar.com\\\/avatar\\\/bdabe1eeeed97b65a9cb7de2edd624b07995f7e13abc5fead15961f745f908cc?s=96&d=mm&r=g\",\"contentUrl\":\"https:\\\/\\\/secure.gravatar.com\\\/avatar\\\/bdabe1eeeed97b65a9cb7de2edd624b07995f7e13abc5fead15961f745f908cc?s=96&d=mm&r=g\",\"caption\":\"Eduardo Lizarraga\"},\"description\":\"Periodista Econ\u00f3mico. Ha trabajado en diversos campos de la informaci\u00f3n. Corresponsal en conflictos, analista pol\u00edtico en Congreso y Senado, periodista del medio ambiente, editor, director editorial, director de comunicaci\u00f3n.... En estos momentos se ha especializado en el sector inmobiliario. Pero tambi\u00e9n es navegante y viajero, preocupado por la pobreza, el medio ambiente y por las actuaciones descontroladas del neoliberalismo empresarial y pol\u00edtico en todo el mundo. Los desahucios, la pobreza infantil y la falta de acceso a los suministros b\u00e1sicos son algunos de los grandes dramas de nuestra sociedad y que es preciso solucionar para hacerla m\u00e1s justa. CEO en www.aquimicasa.net\",\"sameAs\":[\"https:\\\/\\\/www.aquimicasa.net\\\/\"],\"url\":\"https:\\\/\\\/www.aquimicasa.net\\\/blog\\\/author\\\/eduardo\\\/\"}]}<\/script>\n<!-- \/ Yoast SEO plugin. -->","yoast_head_json":{"title":"El precio de la vivienda nueva crece un 3,4% en Zaragoza capital","description":"La tendencia de precios moderados permite que Arag\u00f3n sea una opci\u00f3n accesible tanto para primeras residencias como para inversi\u00f3n en vivienda","robots":{"index":"index","follow":"follow","max-snippet":"max-snippet:-1","max-image-preview":"max-image-preview:large","max-video-preview":"max-video-preview:-1"},"canonical":"https:\/\/www.aquimicasa.net\/blog\/vivienda\/compraventa-de-viviendas\/el-precio-de-la-vivienda-nueva-crece-un-34-en-zaragoza-capital\/","og_locale":"es_ES","og_type":"article","og_title":"El precio de la vivienda nueva crece un 3,4% en Zaragoza capital","og_description":"La tendencia de precios moderados permite que Arag\u00f3n sea una opci\u00f3n accesible tanto para primeras residencias como para inversi\u00f3n en vivienda","og_url":"https:\/\/www.aquimicasa.net\/blog\/vivienda\/compraventa-de-viviendas\/el-precio-de-la-vivienda-nueva-crece-un-34-en-zaragoza-capital\/","og_site_name":"Blog de aquimicasa.net","article_publisher":"https:\/\/www.facebook.com\/aquimicasa.net","article_published_time":"2024-11-01T21:30:15+00:00","og_image":[{"width":787,"height":479,"url":"https:\/\/www.aquimicasa.net\/blog\/wp-content\/uploads\/Zaragoza6-4.jpg","type":"image\/jpeg"}],"author":"Eduardo Lizarraga","twitter_misc":{"Escrito por":"Eduardo Lizarraga","Tiempo de lectura":"4 minutos"},"schema":{"@context":"https:\/\/schema.org","@graph":[{"@type":"Article","@id":"https:\/\/www.aquimicasa.net\/blog\/vivienda\/compraventa-de-viviendas\/el-precio-de-la-vivienda-nueva-crece-un-34-en-zaragoza-capital\/#article","isPartOf":{"@id":"https:\/\/www.aquimicasa.net\/blog\/vivienda\/compraventa-de-viviendas\/el-precio-de-la-vivienda-nueva-crece-un-34-en-zaragoza-capital\/"},"author":{"name":"Eduardo Lizarraga","@id":"https:\/\/www.aquimicasa.net\/blog\/#\/schema\/person\/2cdfa2605534583395c8d7ce1d6cac14"},"headline":"El precio de la vivienda nueva crece un 3,4% en Zaragoza capital","datePublished":"2024-11-01T21:30:15+00:00","mainEntityOfPage":{"@id":"https:\/\/www.aquimicasa.net\/blog\/vivienda\/compraventa-de-viviendas\/el-precio-de-la-vivienda-nueva-crece-un-34-en-zaragoza-capital\/"},"wordCount":1172,"commentCount":0,"publisher":{"@id":"https:\/\/www.aquimicasa.net\/blog\/#organization"},"image":{"@id":"https:\/\/www.aquimicasa.net\/blog\/vivienda\/compraventa-de-viviendas\/el-precio-de-la-vivienda-nueva-crece-un-34-en-zaragoza-capital\/#primaryimage"},"thumbnailUrl":"https:\/\/www.aquimicasa.net\/blog\/wp-content\/uploads\/Zaragoza6-4.jpg","keywords":["newsletter 486","noticia de portada"],"articleSection":["Compra Venta"],"inLanguage":"es","potentialAction":[{"@type":"CommentAction","name":"Comment","target":["https:\/\/www.aquimicasa.net\/blog\/vivienda\/compraventa-de-viviendas\/el-precio-de-la-vivienda-nueva-crece-un-34-en-zaragoza-capital\/#respond"]}]},{"@type":"WebPage","@id":"https:\/\/www.aquimicasa.net\/blog\/vivienda\/compraventa-de-viviendas\/el-precio-de-la-vivienda-nueva-crece-un-34-en-zaragoza-capital\/","url":"https:\/\/www.aquimicasa.net\/blog\/vivienda\/compraventa-de-viviendas\/el-precio-de-la-vivienda-nueva-crece-un-34-en-zaragoza-capital\/","name":"El precio de la vivienda nueva crece un 3,4% en Zaragoza capital","isPartOf":{"@id":"https:\/\/www.aquimicasa.net\/blog\/#website"},"primaryImageOfPage":{"@id":"https:\/\/www.aquimicasa.net\/blog\/vivienda\/compraventa-de-viviendas\/el-precio-de-la-vivienda-nueva-crece-un-34-en-zaragoza-capital\/#primaryimage"},"image":{"@id":"https:\/\/www.aquimicasa.net\/blog\/vivienda\/compraventa-de-viviendas\/el-precio-de-la-vivienda-nueva-crece-un-34-en-zaragoza-capital\/#primaryimage"},"thumbnailUrl":"https:\/\/www.aquimicasa.net\/blog\/wp-content\/uploads\/Zaragoza6-4.jpg","datePublished":"2024-11-01T21:30:15+00:00","description":"La tendencia de precios moderados permite que Arag\u00f3n sea una opci\u00f3n accesible tanto para primeras residencias como para inversi\u00f3n en vivienda","breadcrumb":{"@id":"https:\/\/www.aquimicasa.net\/blog\/vivienda\/compraventa-de-viviendas\/el-precio-de-la-vivienda-nueva-crece-un-34-en-zaragoza-capital\/#breadcrumb"},"inLanguage":"es","potentialAction":[{"@type":"ReadAction","target":["https:\/\/www.aquimicasa.net\/blog\/vivienda\/compraventa-de-viviendas\/el-precio-de-la-vivienda-nueva-crece-un-34-en-zaragoza-capital\/"]}]},{"@type":"ImageObject","inLanguage":"es","@id":"https:\/\/www.aquimicasa.net\/blog\/vivienda\/compraventa-de-viviendas\/el-precio-de-la-vivienda-nueva-crece-un-34-en-zaragoza-capital\/#primaryimage","url":"https:\/\/www.aquimicasa.net\/blog\/wp-content\/uploads\/Zaragoza6-4.jpg","contentUrl":"https:\/\/www.aquimicasa.net\/blog\/wp-content\/uploads\/Zaragoza6-4.jpg","width":787,"height":479,"caption":"La vivienda nueva incrementa un 3,4% su precio en Zaragoza"},{"@type":"BreadcrumbList","@id":"https:\/\/www.aquimicasa.net\/blog\/vivienda\/compraventa-de-viviendas\/el-precio-de-la-vivienda-nueva-crece-un-34-en-zaragoza-capital\/#breadcrumb","itemListElement":[{"@type":"ListItem","position":1,"name":"Portada","item":"https:\/\/www.aquimicasa.net\/blog\/"},{"@type":"ListItem","position":2,"name":"El precio de la vivienda nueva crece un 3,4% en Zaragoza capital"}]},{"@type":"WebSite","@id":"https:\/\/www.aquimicasa.net\/blog\/#website","url":"https:\/\/www.aquimicasa.net\/blog\/","name":"Blog de aquimicasa.net","description":"Noticias del Mundo Inmobiliario","publisher":{"@id":"https:\/\/www.aquimicasa.net\/blog\/#organization"},"potentialAction":[{"@type":"SearchAction","target":{"@type":"EntryPoint","urlTemplate":"https:\/\/www.aquimicasa.net\/blog\/?s={search_term_string}"},"query-input":{"@type":"PropertyValueSpecification","valueRequired":true,"valueName":"search_term_string"}}],"inLanguage":"es"},{"@type":"Organization","@id":"https:\/\/www.aquimicasa.net\/blog\/#organization","name":"Blog de aquimicasa.net","url":"https:\/\/www.aquimicasa.net\/blog\/","logo":{"@type":"ImageObject","inLanguage":"es","@id":"https:\/\/www.aquimicasa.net\/blog\/#\/schema\/logo\/image\/","url":"https:\/\/www.aquimicasa.net\/blog\/wp-content\/uploads\/Logo-aquimicasa-1-e1528048213782.png","contentUrl":"https:\/\/www.aquimicasa.net\/blog\/wp-content\/uploads\/Logo-aquimicasa-1-e1528048213782.png","width":225,"height":225,"caption":"Blog de aquimicasa.net"},"image":{"@id":"https:\/\/www.aquimicasa.net\/blog\/#\/schema\/logo\/image\/"},"sameAs":["https:\/\/www.facebook.com\/aquimicasa.net","https:\/\/www.instagram.com\/","https:\/\/x.com\/EduLizarragaD","https:\/\/www.linkedin.com\/feed\/"]},{"@type":"Person","@id":"https:\/\/www.aquimicasa.net\/blog\/#\/schema\/person\/2cdfa2605534583395c8d7ce1d6cac14","name":"Eduardo Lizarraga","image":{"@type":"ImageObject","inLanguage":"es","@id":"https:\/\/secure.gravatar.com\/avatar\/bdabe1eeeed97b65a9cb7de2edd624b07995f7e13abc5fead15961f745f908cc?s=96&d=mm&r=g","url":"https:\/\/secure.gravatar.com\/avatar\/bdabe1eeeed97b65a9cb7de2edd624b07995f7e13abc5fead15961f745f908cc?s=96&d=mm&r=g","contentUrl":"https:\/\/secure.gravatar.com\/avatar\/bdabe1eeeed97b65a9cb7de2edd624b07995f7e13abc5fead15961f745f908cc?s=96&d=mm&r=g","caption":"Eduardo Lizarraga"},"description":"Periodista Econ\u00f3mico. Ha trabajado en diversos campos de la informaci\u00f3n. Corresponsal en conflictos, analista pol\u00edtico en Congreso y Senado, periodista del medio ambiente, editor, director editorial, director de comunicaci\u00f3n.... En estos momentos se ha especializado en el sector inmobiliario. Pero tambi\u00e9n es navegante y viajero, preocupado por la pobreza, el medio ambiente y por las actuaciones descontroladas del neoliberalismo empresarial y pol\u00edtico en todo el mundo. Los desahucios, la pobreza infantil y la falta de acceso a los suministros b\u00e1sicos son algunos de los grandes dramas de nuestra sociedad y que es preciso solucionar para hacerla m\u00e1s justa. CEO en www.aquimicasa.net","sameAs":["https:\/\/www.aquimicasa.net\/"],"url":"https:\/\/www.aquimicasa.net\/blog\/author\/eduardo\/"}]}},"jetpack_publicize_connections":[],"jetpack_featured_media_url":"https:\/\/www.aquimicasa.net\/blog\/wp-content\/uploads\/Zaragoza6-4.jpg","jetpack_sharing_enabled":true,"jetpack_likes_enabled":true,"_links":{"self":[{"href":"https:\/\/www.aquimicasa.net\/blog\/wp-json\/wp\/v2\/posts\/49383","targetHints":{"allow":["GET"]}}],"collection":[{"href":"https:\/\/www.aquimicasa.net\/blog\/wp-json\/wp\/v2\/posts"}],"about":[{"href":"https:\/\/www.aquimicasa.net\/blog\/wp-json\/wp\/v2\/types\/post"}],"author":[{"embeddable":true,"href":"https:\/\/www.aquimicasa.net\/blog\/wp-json\/wp\/v2\/users\/3"}],"replies":[{"embeddable":true,"href":"https:\/\/www.aquimicasa.net\/blog\/wp-json\/wp\/v2\/comments?post=49383"}],"version-history":[{"count":2,"href":"https:\/\/www.aquimicasa.net\/blog\/wp-json\/wp\/v2\/posts\/49383\/revisions"}],"predecessor-version":[{"id":49386,"href":"https:\/\/www.aquimicasa.net\/blog\/wp-json\/wp\/v2\/posts\/49383\/revisions\/49386"}],"wp:featuredmedia":[{"embeddable":true,"href":"https:\/\/www.aquimicasa.net\/blog\/wp-json\/wp\/v2\/media\/49385"}],"wp:attachment":[{"href":"https:\/\/www.aquimicasa.net\/blog\/wp-json\/wp\/v2\/media?parent=49383"}],"wp:term":[{"taxonomy":"category","embeddable":true,"href":"https:\/\/www.aquimicasa.net\/blog\/wp-json\/wp\/v2\/categories?post=49383"},{"taxonomy":"post_tag","embeddable":true,"href":"https:\/\/www.aquimicasa.net\/blog\/wp-json\/wp\/v2\/tags?post=49383"}],"curies":[{"name":"wp","href":"https:\/\/api.w.org\/{rel}","templated":true}]}}