{"id":49465,"date":"2024-11-12T20:56:20","date_gmt":"2024-11-12T19:56:20","guid":{"rendered":"https:\/\/www.aquimicasa.net\/blog\/?p=49465"},"modified":"2024-11-13T20:38:49","modified_gmt":"2024-11-13T19:38:49","slug":"facua-denuncia-a-una-inmobiliaria-por-abuso-a-un-inquilino","status":"publish","type":"post","link":"https:\/\/www.aquimicasa.net\/blog\/vivienda\/alquileres\/facua-denuncia-a-una-inmobiliaria-por-abuso-a-un-inquilino\/","title":{"rendered":"Facua denuncia a una inmobiliaria por abuso a un inquilino"},"content":{"rendered":"<div class=\"fusion-fullwidth fullwidth-box fusion-builder-row-1 fusion-flex-container nonhundred-percent-fullwidth non-hundred-percent-height-scrolling\" style=\"background-color: rgba(255,255,255,0);background-position: center center;background-repeat: no-repeat;border-width: 0px 0px 0px 0px;border-color:#eae9e9;border-style:solid;\" ><div class=\"fusion-builder-row fusion-row fusion-flex-align-items-flex-start\" style=\"max-width:1144px;margin-left: calc(-4% \/ 2 );margin-right: calc(-4% \/ 2 );\"><div class=\"fusion-layout-column fusion_builder_column fusion-builder-column-0 fusion_builder_column_1_1 1_1 fusion-flex-column\"><div class=\"fusion-column-wrapper fusion-flex-justify-content-flex-start fusion-content-layout-column\" style=\"background-position:left top;background-repeat:no-repeat;-webkit-background-size:cover;-moz-background-size:cover;-o-background-size:cover;background-size:cover;padding: 0px 0px 0px 0px;\"><div class=\"fusion-text fusion-text-1\"><p><strong>FACUA-Consumidores en Acci\u00f3n<\/strong> ha denunciado recientemente a la inmobiliaria <strong>Arrendamiento10<\/strong> por imponer cl\u00e1usulas abusivas a sus inquilinos. Esta empresa, con sede en Bilbao, exige un <strong>aval bancario de hasta 18 meses de renta<\/strong> como garant\u00eda adicional para el alquiler de una vivienda, cuando la <strong>Ley de Arrendamientos Urbanos (LAU)<\/strong> fija un l\u00edmite de dos mensualidades adicionales a la fianza. La denuncia ha sido presentada ante <strong>Kontsumobide<\/strong>, el Instituto Vasco de Consumo, al considerar que esta pr\u00e1ctica contraviene claramente la normativa vigente.<\/p>\n<h2><strong>La situaci\u00f3n del alquiler impulsa al Gobierno a promulgar leyes en defensa de los inquilinos<\/strong><\/h2>\n<p>En los \u00faltimos a\u00f1os, el mercado del alquiler en Espa\u00f1a se ha vuelto cada vez m\u00e1s complicado para los inquilinos. La creciente demanda y la escasez de oferta han empujado al Gobierno a tomar medidas para proteger a quienes buscan vivienda. La <strong>Ley 29\/1994, de Arrendamientos Urbanos<\/strong>, regula las garant\u00edas adicionales que pueden exigirse a los inquilinos, estableciendo un l\u00edmite de dos meses de renta en contratos de hasta cinco o siete a\u00f1os, dependiendo de si el arrendador es una persona f\u00edsica o jur\u00eddica. <strong>FACUA<\/strong> denuncia que pr\u00e1cticas como las de <strong>Arrendamiento10<\/strong> no solo vulneran esta legislaci\u00f3n, sino que dificultan a\u00fan m\u00e1s el acceso a una vivienda digna.<\/p>\n<h2><strong>Algunas empresas pretenden captar clientes propietarios d\u00e1ndoles seguridad en sus alquileres<\/strong><\/h2>\n<p>El negocio de Arrendamiento10 se centra en ofrecer <strong>seguridad a los propietarios<\/strong>, una demanda comprensible en un contexto donde los impagos de alquileres han aumentado. En su web, esta empresa se presenta como la \u00abprimera empresa de Bizkaia especializada en la protecci\u00f3n integral a los propietarios de un piso en alquiler\u00bb. Garantizan el cobro de la renta el d\u00eda 10 de cada mes, independientemente de si el inquilino paga o no. Sin embargo, para lograr esta \u00abseguridad\u00bb, Arrendamiento10 impone <strong>condiciones abusivas<\/strong> a los arrendatarios, como el aval de 18 meses o el uso de productos financieros como el <strong>Aval Alquiler-Aval Personal y Solidario<\/strong>, cuyos costos tambi\u00e9n recaen sobre el inquilino.<\/p>\n<h3><strong>Las denuncias previas de FACUA y las reformas legales<\/strong><\/h3>\n<p>La actuaci\u00f3n de FACUA no es un hecho aislado. En 2023, la asociaci\u00f3n ya denunci\u00f3 a una treintena de inmobiliarias por imponer cl\u00e1usulas abusivas, como hacer pagar a los inquilinos los honorarios de intermediaci\u00f3n, pese a que la <strong>Ley de Vivienda<\/strong> reciente establece que deben ser asumidos por el arrendador. Estas pr\u00e1cticas, sancionadas por la <strong>Junta de Andaluc\u00eda<\/strong> con multas que en muchos casos resultan irrisorias, evidencian la necesidad de reforzar la vigilancia y endurecer las sanciones para las inmobiliarias que vulneren los derechos de los consumidores.<\/p>\n<h2><strong>La ausencia de oferta propicia los abusos hacia los inquilinos<\/strong><\/h2>\n<p>La <strong>escasez de oferta<\/strong> en el mercado del alquiler agrava el problema de los abusos hacia los inquilinos. La presi\u00f3n por acceder a una vivienda hace que muchas personas, ante la falta de alternativas, acepten condiciones que contravienen la legislaci\u00f3n. <strong>FACUA<\/strong> subraya que esta situaci\u00f3n no solo es un problema \u00e9tico, sino que crea un mercado descompensado, donde algunos actores imponen sus reglas bajo el paraguas de la \u00abseguridad\u00bb.<\/p>\n<h3>P<strong>r\u00e1cticas abusivas que impactan el mercado<\/strong><\/h3>\n<p>El caso de Arrendamiento10 evidencia c\u00f3mo algunas empresas buscan proteger sus intereses y captar propietarios ofreci\u00e9ndoles garant\u00edas, aunque ello signifique vulnerar la ley. Los <strong>avales bancarios desproporcionados<\/strong> y el cobro de comisiones o productos financieros impuestos, distorsionan el mercado y afectan negativamente la imagen de las agencias inmobiliarias en general.<\/p>\n<h2><strong>FACUA exige sanciones a Arrendamiento10<\/strong><\/h2>\n<p><strong>FACUA<\/strong> insta a <strong>Kontsumobide<\/strong> a que abra un <strong>expediente sancionador<\/strong> contra <strong>Arrendamiento10<\/strong> por exceder los l\u00edmites legales en la exigencia de garant\u00edas. Estas acciones buscan proteger a los consumidores y garantizar que las inmobiliarias cumplan con las leyes que rigen el mercado del alquiler en Espa\u00f1a.<\/p>\n<p>El <strong>mercado del alquiler<\/strong> necesita un equilibrio que garantice los derechos de los inquilinos sin que las inmobiliarias y los propietarios vean comprometidos sus intereses leg\u00edtimos. <strong>FACUA<\/strong> seguir\u00e1 vigilando para que no se cometan abusos y para que el acceso a la vivienda sea justo y equitativo para todos. La transparencia y el cumplimiento de la legislaci\u00f3n son clave para construir un mercado m\u00e1s justo y equilibrado.<\/p>\n<\/div><\/div><style type=\"text\/css\">.fusion-body .fusion-builder-column-0{width:100% !important;margin-top : 0px;margin-bottom : 0px;}.fusion-builder-column-0 > .fusion-column-wrapper {padding-top : 0px !important;padding-right : 0px !important;margin-right : 1.92%;padding-bottom : 0px !important;padding-left : 0px !important;margin-left : 1.92%;}@media only screen and (max-width:1024px) {.fusion-body .fusion-builder-column-0{width:100% !important;}.fusion-builder-column-0 > .fusion-column-wrapper {margin-right : 1.92%;margin-left : 1.92%;}}@media only screen and (max-width:640px) {.fusion-body .fusion-builder-column-0{width:100% !important;}.fusion-builder-column-0 > .fusion-column-wrapper {margin-right : 1.92%;margin-left : 1.92%;}}<\/style><\/div><\/div><style type=\"text\/css\">.fusion-body .fusion-flex-container.fusion-builder-row-1{ padding-top : 0px;margin-top : 0px;padding-right : 0px;padding-bottom : 0px;margin-bottom : 0px;padding-left : 0px;}<\/style><\/div>\n","protected":false},"excerpt":{"rendered":"<p>Los avales bancarios desproporcionados y el cobro de comisiones o productos financieros impuestos, distorsionan el mercado y afectan negativamente la imagen de las agencias inmobiliarias en general.<\/p>\n","protected":false},"author":3,"featured_media":49466,"comment_status":"open","ping_status":"closed","sticky":false,"template":"","format":"standard","meta":{"_jetpack_memberships_contains_paid_content":false,"footnotes":"","jetpack_publicize_message":"","jetpack_publicize_feature_enabled":true,"jetpack_social_post_already_shared":true,"jetpack_social_options":{"image_generator_settings":{"template":"highway","default_image_id":0,"font":"","enabled":false},"version":2}},"categories":[120],"tags":[8198,7568],"class_list":["post-49465","post","type-post","status-publish","format-standard","has-post-thumbnail","hentry","category-alquileres","tag-newsletter-487","tag-noticia-de-portada"],"yoast_head":"<!-- This site is optimized with the Yoast SEO plugin v28.2 - https:\/\/yoast.com\/product\/yoast-seo-wordpress\/ -->\n<title>Facua denuncia a una inmobiliaria por abuso a un inquilino<\/title>\n<meta name=\"description\" content=\"En los \u00faltimos a\u00f1os, el mercado del alquiler en Espa\u00f1a se ha vuelto cada vez m\u00e1s complicado para los inquilinos.\" \/>\n<meta name=\"robots\" content=\"index, follow, max-snippet:-1, max-image-preview:large, max-video-preview:-1\" \/>\n<link rel=\"canonical\" href=\"https:\/\/www.aquimicasa.net\/blog\/vivienda\/alquileres\/facua-denuncia-a-una-inmobiliaria-por-abuso-a-un-inquilino\/\" \/>\n<meta property=\"og:locale\" content=\"es_ES\" \/>\n<meta property=\"og:type\" content=\"article\" \/>\n<meta property=\"og:title\" content=\"Facua denuncia a una inmobiliaria por abuso a un inquilino\" \/>\n<meta property=\"og:description\" content=\"En los \u00faltimos a\u00f1os, el mercado del alquiler en Espa\u00f1a se ha vuelto cada vez m\u00e1s complicado para los inquilinos.\" \/>\n<meta property=\"og:url\" content=\"https:\/\/www.aquimicasa.net\/blog\/vivienda\/alquileres\/facua-denuncia-a-una-inmobiliaria-por-abuso-a-un-inquilino\/\" \/>\n<meta property=\"og:site_name\" content=\"Blog de aquimicasa.net\" \/>\n<meta property=\"article:publisher\" content=\"https:\/\/www.facebook.com\/aquimicasa.net\" \/>\n<meta property=\"article:published_time\" content=\"2024-11-12T19:56:20+00:00\" \/>\n<meta property=\"article:modified_time\" content=\"2024-11-13T19:38:49+00:00\" \/>\n<meta property=\"og:image\" content=\"https:\/\/www.aquimicasa.net\/blog\/wp-content\/uploads\/alquiler-ilegal2-2.jpg\" \/>\n\t<meta property=\"og:image:width\" content=\"650\" \/>\n\t<meta property=\"og:image:height\" content=\"366\" \/>\n\t<meta property=\"og:image:type\" content=\"image\/jpeg\" \/>\n<meta name=\"author\" content=\"Eduardo Lizarraga\" \/>\n<meta name=\"twitter:label1\" content=\"Escrito por\" \/>\n\t<meta name=\"twitter:data1\" content=\"Eduardo Lizarraga\" \/>\n\t<meta name=\"twitter:label2\" content=\"Tiempo de lectura\" \/>\n\t<meta name=\"twitter:data2\" content=\"4 minutos\" \/>\n<script type=\"application\/ld+json\" class=\"yoast-schema-graph\">{\"@context\":\"https:\\\/\\\/schema.org\",\"@graph\":[{\"@type\":\"Article\",\"@id\":\"https:\\\/\\\/www.aquimicasa.net\\\/blog\\\/vivienda\\\/alquileres\\\/facua-denuncia-a-una-inmobiliaria-por-abuso-a-un-inquilino\\\/#article\",\"isPartOf\":{\"@id\":\"https:\\\/\\\/www.aquimicasa.net\\\/blog\\\/vivienda\\\/alquileres\\\/facua-denuncia-a-una-inmobiliaria-por-abuso-a-un-inquilino\\\/\"},\"author\":{\"name\":\"Eduardo Lizarraga\",\"@id\":\"https:\\\/\\\/www.aquimicasa.net\\\/blog\\\/#\\\/schema\\\/person\\\/2cdfa2605534583395c8d7ce1d6cac14\"},\"headline\":\"Facua denuncia a una inmobiliaria por abuso a un inquilino\",\"datePublished\":\"2024-11-12T19:56:20+00:00\",\"dateModified\":\"2024-11-13T19:38:49+00:00\",\"mainEntityOfPage\":{\"@id\":\"https:\\\/\\\/www.aquimicasa.net\\\/blog\\\/vivienda\\\/alquileres\\\/facua-denuncia-a-una-inmobiliaria-por-abuso-a-un-inquilino\\\/\"},\"wordCount\":959,\"commentCount\":0,\"publisher\":{\"@id\":\"https:\\\/\\\/www.aquimicasa.net\\\/blog\\\/#organization\"},\"image\":{\"@id\":\"https:\\\/\\\/www.aquimicasa.net\\\/blog\\\/vivienda\\\/alquileres\\\/facua-denuncia-a-una-inmobiliaria-por-abuso-a-un-inquilino\\\/#primaryimage\"},\"thumbnailUrl\":\"https:\\\/\\\/www.aquimicasa.net\\\/blog\\\/wp-content\\\/uploads\\\/alquiler-ilegal2-2.jpg\",\"keywords\":[\"newsletter 487\",\"noticia de portada\"],\"articleSection\":[\"Alquiler\"],\"inLanguage\":\"es\",\"potentialAction\":[{\"@type\":\"CommentAction\",\"name\":\"Comment\",\"target\":[\"https:\\\/\\\/www.aquimicasa.net\\\/blog\\\/vivienda\\\/alquileres\\\/facua-denuncia-a-una-inmobiliaria-por-abuso-a-un-inquilino\\\/#respond\"]}]},{\"@type\":\"WebPage\",\"@id\":\"https:\\\/\\\/www.aquimicasa.net\\\/blog\\\/vivienda\\\/alquileres\\\/facua-denuncia-a-una-inmobiliaria-por-abuso-a-un-inquilino\\\/\",\"url\":\"https:\\\/\\\/www.aquimicasa.net\\\/blog\\\/vivienda\\\/alquileres\\\/facua-denuncia-a-una-inmobiliaria-por-abuso-a-un-inquilino\\\/\",\"name\":\"Facua denuncia a una inmobiliaria por abuso a un inquilino\",\"isPartOf\":{\"@id\":\"https:\\\/\\\/www.aquimicasa.net\\\/blog\\\/#website\"},\"primaryImageOfPage\":{\"@id\":\"https:\\\/\\\/www.aquimicasa.net\\\/blog\\\/vivienda\\\/alquileres\\\/facua-denuncia-a-una-inmobiliaria-por-abuso-a-un-inquilino\\\/#primaryimage\"},\"image\":{\"@id\":\"https:\\\/\\\/www.aquimicasa.net\\\/blog\\\/vivienda\\\/alquileres\\\/facua-denuncia-a-una-inmobiliaria-por-abuso-a-un-inquilino\\\/#primaryimage\"},\"thumbnailUrl\":\"https:\\\/\\\/www.aquimicasa.net\\\/blog\\\/wp-content\\\/uploads\\\/alquiler-ilegal2-2.jpg\",\"datePublished\":\"2024-11-12T19:56:20+00:00\",\"dateModified\":\"2024-11-13T19:38:49+00:00\",\"description\":\"En los \u00faltimos a\u00f1os, el mercado del alquiler en Espa\u00f1a se ha vuelto cada vez m\u00e1s complicado para los inquilinos.\",\"breadcrumb\":{\"@id\":\"https:\\\/\\\/www.aquimicasa.net\\\/blog\\\/vivienda\\\/alquileres\\\/facua-denuncia-a-una-inmobiliaria-por-abuso-a-un-inquilino\\\/#breadcrumb\"},\"inLanguage\":\"es\",\"potentialAction\":[{\"@type\":\"ReadAction\",\"target\":[\"https:\\\/\\\/www.aquimicasa.net\\\/blog\\\/vivienda\\\/alquileres\\\/facua-denuncia-a-una-inmobiliaria-por-abuso-a-un-inquilino\\\/\"]}]},{\"@type\":\"ImageObject\",\"inLanguage\":\"es\",\"@id\":\"https:\\\/\\\/www.aquimicasa.net\\\/blog\\\/vivienda\\\/alquileres\\\/facua-denuncia-a-una-inmobiliaria-por-abuso-a-un-inquilino\\\/#primaryimage\",\"url\":\"https:\\\/\\\/www.aquimicasa.net\\\/blog\\\/wp-content\\\/uploads\\\/alquiler-ilegal2-2.jpg\",\"contentUrl\":\"https:\\\/\\\/www.aquimicasa.net\\\/blog\\\/wp-content\\\/uploads\\\/alquiler-ilegal2-2.jpg\",\"width\":650,\"height\":366,\"caption\":\"Algunas inmobiliarias se aprovechas del estado de necesidad de los inquilinos\"},{\"@type\":\"BreadcrumbList\",\"@id\":\"https:\\\/\\\/www.aquimicasa.net\\\/blog\\\/vivienda\\\/alquileres\\\/facua-denuncia-a-una-inmobiliaria-por-abuso-a-un-inquilino\\\/#breadcrumb\",\"itemListElement\":[{\"@type\":\"ListItem\",\"position\":1,\"name\":\"Portada\",\"item\":\"https:\\\/\\\/www.aquimicasa.net\\\/blog\\\/\"},{\"@type\":\"ListItem\",\"position\":2,\"name\":\"Facua denuncia a una inmobiliaria por abuso a un inquilino\"}]},{\"@type\":\"WebSite\",\"@id\":\"https:\\\/\\\/www.aquimicasa.net\\\/blog\\\/#website\",\"url\":\"https:\\\/\\\/www.aquimicasa.net\\\/blog\\\/\",\"name\":\"Blog de aquimicasa.net\",\"description\":\"Noticias del Mundo Inmobiliario\",\"publisher\":{\"@id\":\"https:\\\/\\\/www.aquimicasa.net\\\/blog\\\/#organization\"},\"potentialAction\":[{\"@type\":\"SearchAction\",\"target\":{\"@type\":\"EntryPoint\",\"urlTemplate\":\"https:\\\/\\\/www.aquimicasa.net\\\/blog\\\/?s={search_term_string}\"},\"query-input\":{\"@type\":\"PropertyValueSpecification\",\"valueRequired\":true,\"valueName\":\"search_term_string\"}}],\"inLanguage\":\"es\"},{\"@type\":\"Organization\",\"@id\":\"https:\\\/\\\/www.aquimicasa.net\\\/blog\\\/#organization\",\"name\":\"Blog de aquimicasa.net\",\"url\":\"https:\\\/\\\/www.aquimicasa.net\\\/blog\\\/\",\"logo\":{\"@type\":\"ImageObject\",\"inLanguage\":\"es\",\"@id\":\"https:\\\/\\\/www.aquimicasa.net\\\/blog\\\/#\\\/schema\\\/logo\\\/image\\\/\",\"url\":\"https:\\\/\\\/www.aquimicasa.net\\\/blog\\\/wp-content\\\/uploads\\\/Logo-aquimicasa-1-e1528048213782.png\",\"contentUrl\":\"https:\\\/\\\/www.aquimicasa.net\\\/blog\\\/wp-content\\\/uploads\\\/Logo-aquimicasa-1-e1528048213782.png\",\"width\":225,\"height\":225,\"caption\":\"Blog de aquimicasa.net\"},\"image\":{\"@id\":\"https:\\\/\\\/www.aquimicasa.net\\\/blog\\\/#\\\/schema\\\/logo\\\/image\\\/\"},\"sameAs\":[\"https:\\\/\\\/www.facebook.com\\\/aquimicasa.net\",\"https:\\\/\\\/www.instagram.com\\\/\",\"https:\\\/\\\/x.com\\\/EduLizarragaD\",\"https:\\\/\\\/www.linkedin.com\\\/feed\\\/\"]},{\"@type\":\"Person\",\"@id\":\"https:\\\/\\\/www.aquimicasa.net\\\/blog\\\/#\\\/schema\\\/person\\\/2cdfa2605534583395c8d7ce1d6cac14\",\"name\":\"Eduardo Lizarraga\",\"image\":{\"@type\":\"ImageObject\",\"inLanguage\":\"es\",\"@id\":\"https:\\\/\\\/secure.gravatar.com\\\/avatar\\\/bdabe1eeeed97b65a9cb7de2edd624b07995f7e13abc5fead15961f745f908cc?s=96&d=mm&r=g\",\"url\":\"https:\\\/\\\/secure.gravatar.com\\\/avatar\\\/bdabe1eeeed97b65a9cb7de2edd624b07995f7e13abc5fead15961f745f908cc?s=96&d=mm&r=g\",\"contentUrl\":\"https:\\\/\\\/secure.gravatar.com\\\/avatar\\\/bdabe1eeeed97b65a9cb7de2edd624b07995f7e13abc5fead15961f745f908cc?s=96&d=mm&r=g\",\"caption\":\"Eduardo Lizarraga\"},\"description\":\"Periodista Econ\u00f3mico. Ha trabajado en diversos campos de la informaci\u00f3n. Corresponsal en conflictos, analista pol\u00edtico en Congreso y Senado, periodista del medio ambiente, editor, director editorial, director de comunicaci\u00f3n.... En estos momentos se ha especializado en el sector inmobiliario. Pero tambi\u00e9n es navegante y viajero, preocupado por la pobreza, el medio ambiente y por las actuaciones descontroladas del neoliberalismo empresarial y pol\u00edtico en todo el mundo. Los desahucios, la pobreza infantil y la falta de acceso a los suministros b\u00e1sicos son algunos de los grandes dramas de nuestra sociedad y que es preciso solucionar para hacerla m\u00e1s justa. CEO en www.aquimicasa.net\",\"sameAs\":[\"https:\\\/\\\/www.aquimicasa.net\\\/\"],\"url\":\"https:\\\/\\\/www.aquimicasa.net\\\/blog\\\/author\\\/eduardo\\\/\"}]}<\/script>\n<!-- \/ Yoast SEO plugin. -->","yoast_head_json":{"title":"Facua denuncia a una inmobiliaria por abuso a un inquilino","description":"En los \u00faltimos a\u00f1os, el mercado del alquiler en Espa\u00f1a se ha vuelto cada vez m\u00e1s complicado para los inquilinos.","robots":{"index":"index","follow":"follow","max-snippet":"max-snippet:-1","max-image-preview":"max-image-preview:large","max-video-preview":"max-video-preview:-1"},"canonical":"https:\/\/www.aquimicasa.net\/blog\/vivienda\/alquileres\/facua-denuncia-a-una-inmobiliaria-por-abuso-a-un-inquilino\/","og_locale":"es_ES","og_type":"article","og_title":"Facua denuncia a una inmobiliaria por abuso a un inquilino","og_description":"En los \u00faltimos a\u00f1os, el mercado del alquiler en Espa\u00f1a se ha vuelto cada vez m\u00e1s complicado para los inquilinos.","og_url":"https:\/\/www.aquimicasa.net\/blog\/vivienda\/alquileres\/facua-denuncia-a-una-inmobiliaria-por-abuso-a-un-inquilino\/","og_site_name":"Blog de aquimicasa.net","article_publisher":"https:\/\/www.facebook.com\/aquimicasa.net","article_published_time":"2024-11-12T19:56:20+00:00","article_modified_time":"2024-11-13T19:38:49+00:00","og_image":[{"width":650,"height":366,"url":"https:\/\/www.aquimicasa.net\/blog\/wp-content\/uploads\/alquiler-ilegal2-2.jpg","type":"image\/jpeg"}],"author":"Eduardo Lizarraga","twitter_misc":{"Escrito por":"Eduardo Lizarraga","Tiempo de lectura":"4 minutos"},"schema":{"@context":"https:\/\/schema.org","@graph":[{"@type":"Article","@id":"https:\/\/www.aquimicasa.net\/blog\/vivienda\/alquileres\/facua-denuncia-a-una-inmobiliaria-por-abuso-a-un-inquilino\/#article","isPartOf":{"@id":"https:\/\/www.aquimicasa.net\/blog\/vivienda\/alquileres\/facua-denuncia-a-una-inmobiliaria-por-abuso-a-un-inquilino\/"},"author":{"name":"Eduardo Lizarraga","@id":"https:\/\/www.aquimicasa.net\/blog\/#\/schema\/person\/2cdfa2605534583395c8d7ce1d6cac14"},"headline":"Facua denuncia a una inmobiliaria por abuso a un inquilino","datePublished":"2024-11-12T19:56:20+00:00","dateModified":"2024-11-13T19:38:49+00:00","mainEntityOfPage":{"@id":"https:\/\/www.aquimicasa.net\/blog\/vivienda\/alquileres\/facua-denuncia-a-una-inmobiliaria-por-abuso-a-un-inquilino\/"},"wordCount":959,"commentCount":0,"publisher":{"@id":"https:\/\/www.aquimicasa.net\/blog\/#organization"},"image":{"@id":"https:\/\/www.aquimicasa.net\/blog\/vivienda\/alquileres\/facua-denuncia-a-una-inmobiliaria-por-abuso-a-un-inquilino\/#primaryimage"},"thumbnailUrl":"https:\/\/www.aquimicasa.net\/blog\/wp-content\/uploads\/alquiler-ilegal2-2.jpg","keywords":["newsletter 487","noticia de portada"],"articleSection":["Alquiler"],"inLanguage":"es","potentialAction":[{"@type":"CommentAction","name":"Comment","target":["https:\/\/www.aquimicasa.net\/blog\/vivienda\/alquileres\/facua-denuncia-a-una-inmobiliaria-por-abuso-a-un-inquilino\/#respond"]}]},{"@type":"WebPage","@id":"https:\/\/www.aquimicasa.net\/blog\/vivienda\/alquileres\/facua-denuncia-a-una-inmobiliaria-por-abuso-a-un-inquilino\/","url":"https:\/\/www.aquimicasa.net\/blog\/vivienda\/alquileres\/facua-denuncia-a-una-inmobiliaria-por-abuso-a-un-inquilino\/","name":"Facua denuncia a una inmobiliaria por abuso a un inquilino","isPartOf":{"@id":"https:\/\/www.aquimicasa.net\/blog\/#website"},"primaryImageOfPage":{"@id":"https:\/\/www.aquimicasa.net\/blog\/vivienda\/alquileres\/facua-denuncia-a-una-inmobiliaria-por-abuso-a-un-inquilino\/#primaryimage"},"image":{"@id":"https:\/\/www.aquimicasa.net\/blog\/vivienda\/alquileres\/facua-denuncia-a-una-inmobiliaria-por-abuso-a-un-inquilino\/#primaryimage"},"thumbnailUrl":"https:\/\/www.aquimicasa.net\/blog\/wp-content\/uploads\/alquiler-ilegal2-2.jpg","datePublished":"2024-11-12T19:56:20+00:00","dateModified":"2024-11-13T19:38:49+00:00","description":"En los \u00faltimos a\u00f1os, el mercado del alquiler en Espa\u00f1a se ha vuelto cada vez m\u00e1s complicado para los inquilinos.","breadcrumb":{"@id":"https:\/\/www.aquimicasa.net\/blog\/vivienda\/alquileres\/facua-denuncia-a-una-inmobiliaria-por-abuso-a-un-inquilino\/#breadcrumb"},"inLanguage":"es","potentialAction":[{"@type":"ReadAction","target":["https:\/\/www.aquimicasa.net\/blog\/vivienda\/alquileres\/facua-denuncia-a-una-inmobiliaria-por-abuso-a-un-inquilino\/"]}]},{"@type":"ImageObject","inLanguage":"es","@id":"https:\/\/www.aquimicasa.net\/blog\/vivienda\/alquileres\/facua-denuncia-a-una-inmobiliaria-por-abuso-a-un-inquilino\/#primaryimage","url":"https:\/\/www.aquimicasa.net\/blog\/wp-content\/uploads\/alquiler-ilegal2-2.jpg","contentUrl":"https:\/\/www.aquimicasa.net\/blog\/wp-content\/uploads\/alquiler-ilegal2-2.jpg","width":650,"height":366,"caption":"Algunas inmobiliarias se aprovechas del estado de necesidad de los inquilinos"},{"@type":"BreadcrumbList","@id":"https:\/\/www.aquimicasa.net\/blog\/vivienda\/alquileres\/facua-denuncia-a-una-inmobiliaria-por-abuso-a-un-inquilino\/#breadcrumb","itemListElement":[{"@type":"ListItem","position":1,"name":"Portada","item":"https:\/\/www.aquimicasa.net\/blog\/"},{"@type":"ListItem","position":2,"name":"Facua denuncia a una inmobiliaria por abuso a un inquilino"}]},{"@type":"WebSite","@id":"https:\/\/www.aquimicasa.net\/blog\/#website","url":"https:\/\/www.aquimicasa.net\/blog\/","name":"Blog de aquimicasa.net","description":"Noticias del Mundo Inmobiliario","publisher":{"@id":"https:\/\/www.aquimicasa.net\/blog\/#organization"},"potentialAction":[{"@type":"SearchAction","target":{"@type":"EntryPoint","urlTemplate":"https:\/\/www.aquimicasa.net\/blog\/?s={search_term_string}"},"query-input":{"@type":"PropertyValueSpecification","valueRequired":true,"valueName":"search_term_string"}}],"inLanguage":"es"},{"@type":"Organization","@id":"https:\/\/www.aquimicasa.net\/blog\/#organization","name":"Blog de aquimicasa.net","url":"https:\/\/www.aquimicasa.net\/blog\/","logo":{"@type":"ImageObject","inLanguage":"es","@id":"https:\/\/www.aquimicasa.net\/blog\/#\/schema\/logo\/image\/","url":"https:\/\/www.aquimicasa.net\/blog\/wp-content\/uploads\/Logo-aquimicasa-1-e1528048213782.png","contentUrl":"https:\/\/www.aquimicasa.net\/blog\/wp-content\/uploads\/Logo-aquimicasa-1-e1528048213782.png","width":225,"height":225,"caption":"Blog de aquimicasa.net"},"image":{"@id":"https:\/\/www.aquimicasa.net\/blog\/#\/schema\/logo\/image\/"},"sameAs":["https:\/\/www.facebook.com\/aquimicasa.net","https:\/\/www.instagram.com\/","https:\/\/x.com\/EduLizarragaD","https:\/\/www.linkedin.com\/feed\/"]},{"@type":"Person","@id":"https:\/\/www.aquimicasa.net\/blog\/#\/schema\/person\/2cdfa2605534583395c8d7ce1d6cac14","name":"Eduardo Lizarraga","image":{"@type":"ImageObject","inLanguage":"es","@id":"https:\/\/secure.gravatar.com\/avatar\/bdabe1eeeed97b65a9cb7de2edd624b07995f7e13abc5fead15961f745f908cc?s=96&d=mm&r=g","url":"https:\/\/secure.gravatar.com\/avatar\/bdabe1eeeed97b65a9cb7de2edd624b07995f7e13abc5fead15961f745f908cc?s=96&d=mm&r=g","contentUrl":"https:\/\/secure.gravatar.com\/avatar\/bdabe1eeeed97b65a9cb7de2edd624b07995f7e13abc5fead15961f745f908cc?s=96&d=mm&r=g","caption":"Eduardo Lizarraga"},"description":"Periodista Econ\u00f3mico. Ha trabajado en diversos campos de la informaci\u00f3n. Corresponsal en conflictos, analista pol\u00edtico en Congreso y Senado, periodista del medio ambiente, editor, director editorial, director de comunicaci\u00f3n.... En estos momentos se ha especializado en el sector inmobiliario. Pero tambi\u00e9n es navegante y viajero, preocupado por la pobreza, el medio ambiente y por las actuaciones descontroladas del neoliberalismo empresarial y pol\u00edtico en todo el mundo. Los desahucios, la pobreza infantil y la falta de acceso a los suministros b\u00e1sicos son algunos de los grandes dramas de nuestra sociedad y que es preciso solucionar para hacerla m\u00e1s justa. CEO en www.aquimicasa.net","sameAs":["https:\/\/www.aquimicasa.net\/"],"url":"https:\/\/www.aquimicasa.net\/blog\/author\/eduardo\/"}]}},"jetpack_publicize_connections":[],"jetpack_featured_media_url":"https:\/\/www.aquimicasa.net\/blog\/wp-content\/uploads\/alquiler-ilegal2-2.jpg","jetpack_sharing_enabled":true,"jetpack_likes_enabled":true,"_links":{"self":[{"href":"https:\/\/www.aquimicasa.net\/blog\/wp-json\/wp\/v2\/posts\/49465","targetHints":{"allow":["GET"]}}],"collection":[{"href":"https:\/\/www.aquimicasa.net\/blog\/wp-json\/wp\/v2\/posts"}],"about":[{"href":"https:\/\/www.aquimicasa.net\/blog\/wp-json\/wp\/v2\/types\/post"}],"author":[{"embeddable":true,"href":"https:\/\/www.aquimicasa.net\/blog\/wp-json\/wp\/v2\/users\/3"}],"replies":[{"embeddable":true,"href":"https:\/\/www.aquimicasa.net\/blog\/wp-json\/wp\/v2\/comments?post=49465"}],"version-history":[{"count":2,"href":"https:\/\/www.aquimicasa.net\/blog\/wp-json\/wp\/v2\/posts\/49465\/revisions"}],"predecessor-version":[{"id":49468,"href":"https:\/\/www.aquimicasa.net\/blog\/wp-json\/wp\/v2\/posts\/49465\/revisions\/49468"}],"wp:featuredmedia":[{"embeddable":true,"href":"https:\/\/www.aquimicasa.net\/blog\/wp-json\/wp\/v2\/media\/49466"}],"wp:attachment":[{"href":"https:\/\/www.aquimicasa.net\/blog\/wp-json\/wp\/v2\/media?parent=49465"}],"wp:term":[{"taxonomy":"category","embeddable":true,"href":"https:\/\/www.aquimicasa.net\/blog\/wp-json\/wp\/v2\/categories?post=49465"},{"taxonomy":"post_tag","embeddable":true,"href":"https:\/\/www.aquimicasa.net\/blog\/wp-json\/wp\/v2\/tags?post=49465"}],"curies":[{"name":"wp","href":"https:\/\/api.w.org\/{rel}","templated":true}]}}