{"id":49593,"date":"2024-11-28T22:44:16","date_gmt":"2024-11-28T21:44:16","guid":{"rendered":"https:\/\/www.aquimicasa.net\/blog\/?p=49593"},"modified":"2024-11-28T22:46:33","modified_gmt":"2024-11-28T21:46:33","slug":"las-hipotecas-suben-en-septiembre-tras-la-caida-de-tipos","status":"publish","type":"post","link":"https:\/\/www.aquimicasa.net\/blog\/hipotecas\/noticias-sobre-el-mercado-hipotecario\/las-hipotecas-suben-en-septiembre-tras-la-caida-de-tipos\/","title":{"rendered":"Las hipotecas suben en septiembre tras la ca\u00edda de tipos"},"content":{"rendered":"<div class=\"fusion-fullwidth fullwidth-box fusion-builder-row-1 fusion-flex-container nonhundred-percent-fullwidth non-hundred-percent-height-scrolling\" style=\"background-color: rgba(255,255,255,0);background-position: center center;background-repeat: no-repeat;border-width: 0px 0px 0px 0px;border-color:#eae9e9;border-style:solid;\" ><div class=\"fusion-builder-row fusion-row fusion-flex-align-items-flex-start\" style=\"max-width:1144px;margin-left: calc(-4% \/ 2 );margin-right: calc(-4% \/ 2 );\"><div class=\"fusion-layout-column fusion_builder_column fusion-builder-column-0 fusion_builder_column_1_1 1_1 fusion-flex-column\"><div class=\"fusion-column-wrapper fusion-flex-justify-content-flex-start fusion-content-layout-column\" style=\"background-position:left top;background-repeat:no-repeat;-webkit-background-size:cover;-moz-background-size:cover;-o-background-size:cover;background-size:cover;padding: 0px 0px 0px 0px;\"><div class=\"fusion-text fusion-text-1\"><div class=\"flex max-w-full flex-col flex-grow\">\n<div class=\"min-h-8 text-message flex w-full flex-col items-end gap-2 whitespace-normal break-words &#091;.text-message+&amp;&#093;:mt-5\" dir=\"auto\" data-message-author-role=\"assistant\" data-message-id=\"a28672f3-a489-4ea7-88c4-4b38a402ac62\" data-message-model-slug=\"gpt-4o\">\n<div class=\"flex w-full flex-col gap-1 empty:hidden first:pt-&#091;3px&#093;\">\n<div class=\"markdown prose w-full break-words dark:prose-invert light\">\n<p>El mercado hipotecario en Espa\u00f1a experiment\u00f3 un notable incremento en septiembre de 2024. Seg\u00fan los datos del Instituto Nacional de Estad\u00edstica (INE), <strong>el n\u00famero de hipotecas constituidas sobre viviendas fue de 41.306<\/strong>, lo que representa un aumento del 33,9% respecto al mismo mes del a\u00f1o anterior. Este crecimiento pone de manifiesto la demanda latente que esperaba una relajaci\u00f3n en la pol\u00edtica monetaria del Banco Central Europeo (BCE), tras varias subidas de tipos en los \u00faltimos a\u00f1os.<\/p>\n<h2><strong>Hipotecas: una visi\u00f3n general del crecimiento<\/strong><\/h2>\n<p>En septiembre de 2024, <strong>el importe medio de las hipotecas constituidas alcanz\u00f3 los 150.528 euros<\/strong>, un 4,5% m\u00e1s que en septiembre de 2023. No obstante, si se analiza el importe medio de las hipotecas sobre el total de fincas inscritas en los registros de la propiedad, este disminuy\u00f3 un 5,2%. Este comportamiento desigual refleja c\u00f3mo las zonas urbanas tensionadas, como Madrid y Barcelona, est\u00e1n impulsando la subida de precios, mientras que las \u00e1reas rurales muestran una tendencia m\u00e1s estable.<\/p>\n<h3><strong>Datos clave de las hipotecas constituidas en septiembre 2024<\/strong><\/h3>\n<ul>\n<li><strong>Fincas hipotecadas<\/strong>: 51.935 (+34,9% interanual)<\/li>\n<li><strong>Capital prestado<\/strong>: 8.903 millones de euros (+23,4% interanual)<\/li>\n<li><strong>Hipotecas sobre viviendas<\/strong>: 41.306 (+33,9% interanual)<\/li>\n<li><strong>Capital prestado para viviendas<\/strong>: 6.217 millones de euros (+39,9% interanual)<\/li>\n<\/ul>\n<p>El aumento m\u00e1s significativo se dio en <strong>las fincas urbanas<\/strong>, que concentraron el 98% de las operaciones con un capital prestado de 8.718 millones de euros, mientras que las fincas r\u00fasticas representaron solo una fracci\u00f3n del total.<\/p>\n<h2><strong>Tipo de inter\u00e9s hipotecario: las preferencias cambian<\/strong><\/h2>\n<p>El tipo de inter\u00e9s medio para las hipotecas constituidas sobre viviendas en septiembre fue del <strong>3,14%<\/strong>, con un plazo medio de 25 a\u00f1os. Este dato resalta la diferencia entre las hipotecas a tipo fijo y las variables:<\/p>\n<ul>\n<li><strong>Hipotecas a tipo fijo<\/strong>: el 61,4% del total, con un tipo de inter\u00e9s medio del 3,30%.<\/li>\n<li><strong>Hipotecas a tipo variable<\/strong>: el 38,6% restante, con un tipo de inter\u00e9s medio inicial del 2,92%.<\/li>\n<\/ul>\n<h3><strong>Evoluci\u00f3n del tipo de inter\u00e9s<\/strong><\/h3>\n<p>Las hipotecas a tipo fijo siguen siendo mayoritarias, pero la tendencia podr\u00eda cambiar en los pr\u00f3ximos meses debido a la evoluci\u00f3n del eur\u00edbor, que ha comenzado a estabilizarse tras las bajadas de tipos del BCE.<\/p>\n<h2>Hipotecas con cambios registrales: un repunte de las novaciones<\/h2>\n<p>El n\u00famero de hipotecas con modificaciones en sus condiciones tambi\u00e9n experiment\u00f3 un crecimiento significativo. <strong>Las novaciones<\/strong> (cambios dentro de la misma entidad financiera) aumentaron un 40% en comparaci\u00f3n con septiembre de 2023, mientras que las subrogaciones al deudor y al acreedor cayeron un 58,6% y un 76,8%, respectivamente.<\/p>\n<h3><strong>Cambios registrales en septiembre 2024:<\/strong><\/h3>\n<ul>\n<li><strong>Total de hipotecas modificadas<\/strong>: 11.519 (+15,7% interanual)<\/li>\n<li><strong>Novaciones<\/strong>: 10.954 (+40% interanual)<\/li>\n<li><strong>Subrogaciones deudor<\/strong>: 159 (-58,6% interanual)<\/li>\n<li><strong>Subrogaciones acreedor<\/strong>: 406 (-76,8% interanual)<\/li>\n<\/ul>\n<p>El 77% de las modificaciones estuvieron relacionadas con cambios en los tipos de inter\u00e9s, lo que refleja el impacto de la fluctuaci\u00f3n del mercado financiero en las decisiones de los titulares hipotecarios.<\/p>\n<h2><strong>Hipotecas por comunidades aut\u00f3nomas: Galicia lidera el crecimiento<\/strong><\/h2>\n<p>El comportamiento del mercado hipotecario no fue homog\u00e9neo en todas las comunidades aut\u00f3nomas. <strong>Galicia (+73,7%)<\/strong>, <strong>Extremadura (+55,6%)<\/strong> y <strong>La Rioja (+50,3%)<\/strong> lideraron las subidas en la constituci\u00f3n de hipotecas sobre viviendas en septiembre de 2024.<\/p>\n<p>Por otro lado, las comunidades que registraron aumentos m\u00e1s moderados fueron:<\/p>\n<ul>\n<li><strong>Comunidad de Madrid<\/strong>: +19,6%<\/li>\n<li><strong>Catalu\u00f1a<\/strong>: +28,6%<\/li>\n<li><strong>Comunidad Valenciana<\/strong>: +29,1%<\/li>\n<\/ul>\n<p>Este crecimiento generalizado, aunque desigual, indica una recuperaci\u00f3n del sector inmobiliario en todo el pa\u00eds, con especial incidencia en regiones que hist\u00f3ricamente han tenido menor tensi\u00f3n en sus mercados de vivienda.<\/p>\n<h2><strong>El mercado hipotecario en transformaci\u00f3n<\/strong><\/h2>\n<p>Los datos de septiembre de 2024 muestran un mercado hipotecario en plena transformaci\u00f3n, impulsado por la relajaci\u00f3n de las pol\u00edticas del BCE. Aunque las hipotecas a tipo fijo siguen dominando, las variables podr\u00edan ganar terreno en los pr\u00f3ximos meses si el eur\u00edbor contin\u00faa su estabilizaci\u00f3n.<\/p>\n<p>Adem\u00e1s, el aumento de las modificaciones hipotecarias y la reactivaci\u00f3n de las operaciones en casi todas las comunidades aut\u00f3nomas reflejan un contexto de mayor dinamismo en el sector. Si bien el crecimiento en las grandes ciudades sigue marcando la pauta, regiones como Galicia o Extremadura empiezan a destacar como focos de inter\u00e9s para compradores en busca de mejores condiciones y rentabilidad a medio plazo.<\/p>\n<p><strong>\u00bfSer\u00e1 este el inicio de una nueva etapa para el mercado hipotecario en Espa\u00f1a?<\/strong> Los pr\u00f3ximos meses ser\u00e1n clave para confirmar si esta tendencia se consolida o si la incertidumbre macroecon\u00f3mica volver\u00e1 a alterar el rumbo del sector.<\/p>\n<\/div>\n<\/div>\n<\/div>\n<\/div>\n<\/div><\/div><style type=\"text\/css\">.fusion-body .fusion-builder-column-0{width:100% !important;margin-top : 0px;margin-bottom : 0px;}.fusion-builder-column-0 > .fusion-column-wrapper {padding-top : 0px !important;padding-right : 0px !important;margin-right : 1.92%;padding-bottom : 0px !important;padding-left : 0px !important;margin-left : 1.92%;}@media only screen and (max-width:1024px) {.fusion-body .fusion-builder-column-0{width:100% !important;}.fusion-builder-column-0 > .fusion-column-wrapper {margin-right : 1.92%;margin-left : 1.92%;}}@media only screen and (max-width:640px) {.fusion-body .fusion-builder-column-0{width:100% !important;}.fusion-builder-column-0 > .fusion-column-wrapper {margin-right : 1.92%;margin-left : 1.92%;}}<\/style><\/div><\/div><style type=\"text\/css\">.fusion-body .fusion-flex-container.fusion-builder-row-1{ padding-top : 0px;margin-top : 0px;padding-right : 0px;padding-bottom : 0px;margin-bottom : 0px;padding-left : 0px;}<\/style><\/div>\n","protected":false},"excerpt":{"rendered":"<p>Las hipotecas a tipo fijo siguen siendo mayoritarias, pero la tendencia podr\u00eda cambiar en los pr\u00f3ximos meses debido a la evoluci\u00f3n del eur\u00edbor, que ha comenzado a estabilizarse tras las bajadas de tipos del BCE.<\/p>\n","protected":false},"author":3,"featured_media":49159,"comment_status":"open","ping_status":"closed","sticky":false,"template":"","format":"standard","meta":{"_jetpack_memberships_contains_paid_content":false,"footnotes":"","jetpack_publicize_message":"","jetpack_publicize_feature_enabled":true,"jetpack_social_post_already_shared":true,"jetpack_social_options":{"image_generator_settings":{"template":"highway","default_image_id":0,"font":"","enabled":false},"version":2}},"categories":[7566],"tags":[8201],"class_list":["post-49593","post","type-post","status-publish","format-standard","has-post-thumbnail","hentry","category-noticias-sobre-el-mercado-hipotecario","tag-newsletter-490"],"yoast_head":"<!-- This site is optimized with the Yoast SEO plugin v27.5 - https:\/\/yoast.com\/product\/yoast-seo-wordpress\/ -->\n<title>Las hipotecas suben en septiembre tras la ca\u00edda de tipos<\/title>\n<meta name=\"description\" content=\"El tipo de inter\u00e9s medio para las hipotecas constituidas sobre viviendas en septiembre fue del 3,14%, con un plazo medio de 25 a\u00f1os.\" \/>\n<meta name=\"robots\" content=\"index, follow, max-snippet:-1, max-image-preview:large, max-video-preview:-1\" \/>\n<link rel=\"canonical\" href=\"https:\/\/www.aquimicasa.net\/blog\/hipotecas\/noticias-sobre-el-mercado-hipotecario\/las-hipotecas-suben-en-septiembre-tras-la-caida-de-tipos\/\" \/>\n<meta property=\"og:locale\" content=\"es_ES\" \/>\n<meta property=\"og:type\" content=\"article\" \/>\n<meta property=\"og:title\" content=\"Las hipotecas suben en septiembre tras la ca\u00edda de tipos\" \/>\n<meta property=\"og:description\" content=\"El tipo de inter\u00e9s medio para las hipotecas constituidas sobre viviendas en septiembre fue del 3,14%, con un plazo medio de 25 a\u00f1os.\" \/>\n<meta property=\"og:url\" content=\"https:\/\/www.aquimicasa.net\/blog\/hipotecas\/noticias-sobre-el-mercado-hipotecario\/las-hipotecas-suben-en-septiembre-tras-la-caida-de-tipos\/\" \/>\n<meta property=\"og:site_name\" content=\"Blog de aquimicasa.net\" \/>\n<meta property=\"article:publisher\" content=\"https:\/\/www.facebook.com\/aquimicasa.net\" \/>\n<meta property=\"article:published_time\" content=\"2024-11-28T21:44:16+00:00\" \/>\n<meta property=\"article:modified_time\" content=\"2024-11-28T21:46:33+00:00\" \/>\n<meta property=\"og:image\" content=\"https:\/\/www.aquimicasa.net\/blog\/wp-content\/uploads\/Regulacion-del-alquiler2-e1728542313447.png\" \/>\n\t<meta property=\"og:image:width\" content=\"500\" \/>\n\t<meta property=\"og:image:height\" content=\"333\" \/>\n\t<meta property=\"og:image:type\" content=\"image\/png\" \/>\n<meta name=\"author\" content=\"Eduardo Lizarraga\" \/>\n<meta name=\"twitter:label1\" content=\"Escrito por\" \/>\n\t<meta name=\"twitter:data1\" content=\"Eduardo Lizarraga\" \/>\n\t<meta name=\"twitter:label2\" content=\"Tiempo de lectura\" \/>\n\t<meta name=\"twitter:data2\" content=\"4 minutos\" \/>\n<script type=\"application\/ld+json\" class=\"yoast-schema-graph\">{\"@context\":\"https:\\\/\\\/schema.org\",\"@graph\":[{\"@type\":\"Article\",\"@id\":\"https:\\\/\\\/www.aquimicasa.net\\\/blog\\\/hipotecas\\\/noticias-sobre-el-mercado-hipotecario\\\/las-hipotecas-suben-en-septiembre-tras-la-caida-de-tipos\\\/#article\",\"isPartOf\":{\"@id\":\"https:\\\/\\\/www.aquimicasa.net\\\/blog\\\/hipotecas\\\/noticias-sobre-el-mercado-hipotecario\\\/las-hipotecas-suben-en-septiembre-tras-la-caida-de-tipos\\\/\"},\"author\":{\"name\":\"Eduardo Lizarraga\",\"@id\":\"https:\\\/\\\/www.aquimicasa.net\\\/blog\\\/#\\\/schema\\\/person\\\/2cdfa2605534583395c8d7ce1d6cac14\"},\"headline\":\"Las hipotecas suben en septiembre tras la ca\u00edda de tipos\",\"datePublished\":\"2024-11-28T21:44:16+00:00\",\"dateModified\":\"2024-11-28T21:46:33+00:00\",\"mainEntityOfPage\":{\"@id\":\"https:\\\/\\\/www.aquimicasa.net\\\/blog\\\/hipotecas\\\/noticias-sobre-el-mercado-hipotecario\\\/las-hipotecas-suben-en-septiembre-tras-la-caida-de-tipos\\\/\"},\"wordCount\":977,\"commentCount\":0,\"publisher\":{\"@id\":\"https:\\\/\\\/www.aquimicasa.net\\\/blog\\\/#organization\"},\"image\":{\"@id\":\"https:\\\/\\\/www.aquimicasa.net\\\/blog\\\/hipotecas\\\/noticias-sobre-el-mercado-hipotecario\\\/las-hipotecas-suben-en-septiembre-tras-la-caida-de-tipos\\\/#primaryimage\"},\"thumbnailUrl\":\"https:\\\/\\\/www.aquimicasa.net\\\/blog\\\/wp-content\\\/uploads\\\/Regulacion-del-alquiler2-e1728542313447.png\",\"keywords\":[\"newsletter 490\"],\"articleSection\":[\"Noticias sobre el Mercado Hipotecario\"],\"inLanguage\":\"es\",\"potentialAction\":[{\"@type\":\"CommentAction\",\"name\":\"Comment\",\"target\":[\"https:\\\/\\\/www.aquimicasa.net\\\/blog\\\/hipotecas\\\/noticias-sobre-el-mercado-hipotecario\\\/las-hipotecas-suben-en-septiembre-tras-la-caida-de-tipos\\\/#respond\"]}]},{\"@type\":\"WebPage\",\"@id\":\"https:\\\/\\\/www.aquimicasa.net\\\/blog\\\/hipotecas\\\/noticias-sobre-el-mercado-hipotecario\\\/las-hipotecas-suben-en-septiembre-tras-la-caida-de-tipos\\\/\",\"url\":\"https:\\\/\\\/www.aquimicasa.net\\\/blog\\\/hipotecas\\\/noticias-sobre-el-mercado-hipotecario\\\/las-hipotecas-suben-en-septiembre-tras-la-caida-de-tipos\\\/\",\"name\":\"Las hipotecas suben en septiembre tras la ca\u00edda de tipos\",\"isPartOf\":{\"@id\":\"https:\\\/\\\/www.aquimicasa.net\\\/blog\\\/#website\"},\"primaryImageOfPage\":{\"@id\":\"https:\\\/\\\/www.aquimicasa.net\\\/blog\\\/hipotecas\\\/noticias-sobre-el-mercado-hipotecario\\\/las-hipotecas-suben-en-septiembre-tras-la-caida-de-tipos\\\/#primaryimage\"},\"image\":{\"@id\":\"https:\\\/\\\/www.aquimicasa.net\\\/blog\\\/hipotecas\\\/noticias-sobre-el-mercado-hipotecario\\\/las-hipotecas-suben-en-septiembre-tras-la-caida-de-tipos\\\/#primaryimage\"},\"thumbnailUrl\":\"https:\\\/\\\/www.aquimicasa.net\\\/blog\\\/wp-content\\\/uploads\\\/Regulacion-del-alquiler2-e1728542313447.png\",\"datePublished\":\"2024-11-28T21:44:16+00:00\",\"dateModified\":\"2024-11-28T21:46:33+00:00\",\"description\":\"El tipo de inter\u00e9s medio para las hipotecas constituidas sobre viviendas en septiembre fue del 3,14%, con un plazo medio de 25 a\u00f1os.\",\"breadcrumb\":{\"@id\":\"https:\\\/\\\/www.aquimicasa.net\\\/blog\\\/hipotecas\\\/noticias-sobre-el-mercado-hipotecario\\\/las-hipotecas-suben-en-septiembre-tras-la-caida-de-tipos\\\/#breadcrumb\"},\"inLanguage\":\"es\",\"potentialAction\":[{\"@type\":\"ReadAction\",\"target\":[\"https:\\\/\\\/www.aquimicasa.net\\\/blog\\\/hipotecas\\\/noticias-sobre-el-mercado-hipotecario\\\/las-hipotecas-suben-en-septiembre-tras-la-caida-de-tipos\\\/\"]}]},{\"@type\":\"ImageObject\",\"inLanguage\":\"es\",\"@id\":\"https:\\\/\\\/www.aquimicasa.net\\\/blog\\\/hipotecas\\\/noticias-sobre-el-mercado-hipotecario\\\/las-hipotecas-suben-en-septiembre-tras-la-caida-de-tipos\\\/#primaryimage\",\"url\":\"https:\\\/\\\/www.aquimicasa.net\\\/blog\\\/wp-content\\\/uploads\\\/Regulacion-del-alquiler2-e1728542313447.png\",\"contentUrl\":\"https:\\\/\\\/www.aquimicasa.net\\\/blog\\\/wp-content\\\/uploads\\\/Regulacion-del-alquiler2-e1728542313447.png\",\"width\":500,\"height\":333,\"caption\":\"Las hipotecas se incrementan en septiembre\"},{\"@type\":\"BreadcrumbList\",\"@id\":\"https:\\\/\\\/www.aquimicasa.net\\\/blog\\\/hipotecas\\\/noticias-sobre-el-mercado-hipotecario\\\/las-hipotecas-suben-en-septiembre-tras-la-caida-de-tipos\\\/#breadcrumb\",\"itemListElement\":[{\"@type\":\"ListItem\",\"position\":1,\"name\":\"Portada\",\"item\":\"https:\\\/\\\/www.aquimicasa.net\\\/blog\\\/\"},{\"@type\":\"ListItem\",\"position\":2,\"name\":\"Las hipotecas suben en septiembre tras la ca\u00edda de tipos\"}]},{\"@type\":\"WebSite\",\"@id\":\"https:\\\/\\\/www.aquimicasa.net\\\/blog\\\/#website\",\"url\":\"https:\\\/\\\/www.aquimicasa.net\\\/blog\\\/\",\"name\":\"Blog de aquimicasa.net\",\"description\":\"Noticias del Mundo Inmobiliario\",\"publisher\":{\"@id\":\"https:\\\/\\\/www.aquimicasa.net\\\/blog\\\/#organization\"},\"potentialAction\":[{\"@type\":\"SearchAction\",\"target\":{\"@type\":\"EntryPoint\",\"urlTemplate\":\"https:\\\/\\\/www.aquimicasa.net\\\/blog\\\/?s={search_term_string}\"},\"query-input\":{\"@type\":\"PropertyValueSpecification\",\"valueRequired\":true,\"valueName\":\"search_term_string\"}}],\"inLanguage\":\"es\"},{\"@type\":\"Organization\",\"@id\":\"https:\\\/\\\/www.aquimicasa.net\\\/blog\\\/#organization\",\"name\":\"Blog de aquimicasa.net\",\"url\":\"https:\\\/\\\/www.aquimicasa.net\\\/blog\\\/\",\"logo\":{\"@type\":\"ImageObject\",\"inLanguage\":\"es\",\"@id\":\"https:\\\/\\\/www.aquimicasa.net\\\/blog\\\/#\\\/schema\\\/logo\\\/image\\\/\",\"url\":\"https:\\\/\\\/www.aquimicasa.net\\\/blog\\\/wp-content\\\/uploads\\\/Logo-aquimicasa-1-e1528048213782.png\",\"contentUrl\":\"https:\\\/\\\/www.aquimicasa.net\\\/blog\\\/wp-content\\\/uploads\\\/Logo-aquimicasa-1-e1528048213782.png\",\"width\":225,\"height\":225,\"caption\":\"Blog de aquimicasa.net\"},\"image\":{\"@id\":\"https:\\\/\\\/www.aquimicasa.net\\\/blog\\\/#\\\/schema\\\/logo\\\/image\\\/\"},\"sameAs\":[\"https:\\\/\\\/www.facebook.com\\\/aquimicasa.net\",\"https:\\\/\\\/www.instagram.com\\\/\",\"https:\\\/\\\/x.com\\\/EduLizarragaD\",\"https:\\\/\\\/www.linkedin.com\\\/feed\\\/\"]},{\"@type\":\"Person\",\"@id\":\"https:\\\/\\\/www.aquimicasa.net\\\/blog\\\/#\\\/schema\\\/person\\\/2cdfa2605534583395c8d7ce1d6cac14\",\"name\":\"Eduardo Lizarraga\",\"image\":{\"@type\":\"ImageObject\",\"inLanguage\":\"es\",\"@id\":\"https:\\\/\\\/secure.gravatar.com\\\/avatar\\\/bdabe1eeeed97b65a9cb7de2edd624b07995f7e13abc5fead15961f745f908cc?s=96&d=mm&r=g\",\"url\":\"https:\\\/\\\/secure.gravatar.com\\\/avatar\\\/bdabe1eeeed97b65a9cb7de2edd624b07995f7e13abc5fead15961f745f908cc?s=96&d=mm&r=g\",\"contentUrl\":\"https:\\\/\\\/secure.gravatar.com\\\/avatar\\\/bdabe1eeeed97b65a9cb7de2edd624b07995f7e13abc5fead15961f745f908cc?s=96&d=mm&r=g\",\"caption\":\"Eduardo Lizarraga\"},\"description\":\"Periodista Econ\u00f3mico. Ha trabajado en diversos campos de la informaci\u00f3n. Corresponsal en conflictos, analista pol\u00edtico en Congreso y Senado, periodista del medio ambiente, editor, director editorial, director de comunicaci\u00f3n.... En estos momentos se ha especializado en el sector inmobiliario. Pero tambi\u00e9n es navegante y viajero, preocupado por la pobreza, el medio ambiente y por las actuaciones descontroladas del neoliberalismo empresarial y pol\u00edtico en todo el mundo. Los desahucios, la pobreza infantil y la falta de acceso a los suministros b\u00e1sicos son algunos de los grandes dramas de nuestra sociedad y que es preciso solucionar para hacerla m\u00e1s justa. CEO en www.aquimicasa.net\",\"sameAs\":[\"https:\\\/\\\/www.aquimicasa.net\\\/\"],\"url\":\"https:\\\/\\\/www.aquimicasa.net\\\/blog\\\/author\\\/eduardo\\\/\"}]}<\/script>\n<!-- \/ Yoast SEO plugin. -->","yoast_head_json":{"title":"Las hipotecas suben en septiembre tras la ca\u00edda de tipos","description":"El tipo de inter\u00e9s medio para las hipotecas constituidas sobre viviendas en septiembre fue del 3,14%, con un plazo medio de 25 a\u00f1os.","robots":{"index":"index","follow":"follow","max-snippet":"max-snippet:-1","max-image-preview":"max-image-preview:large","max-video-preview":"max-video-preview:-1"},"canonical":"https:\/\/www.aquimicasa.net\/blog\/hipotecas\/noticias-sobre-el-mercado-hipotecario\/las-hipotecas-suben-en-septiembre-tras-la-caida-de-tipos\/","og_locale":"es_ES","og_type":"article","og_title":"Las hipotecas suben en septiembre tras la ca\u00edda de tipos","og_description":"El tipo de inter\u00e9s medio para las hipotecas constituidas sobre viviendas en septiembre fue del 3,14%, con un plazo medio de 25 a\u00f1os.","og_url":"https:\/\/www.aquimicasa.net\/blog\/hipotecas\/noticias-sobre-el-mercado-hipotecario\/las-hipotecas-suben-en-septiembre-tras-la-caida-de-tipos\/","og_site_name":"Blog de aquimicasa.net","article_publisher":"https:\/\/www.facebook.com\/aquimicasa.net","article_published_time":"2024-11-28T21:44:16+00:00","article_modified_time":"2024-11-28T21:46:33+00:00","og_image":[{"width":500,"height":333,"url":"https:\/\/www.aquimicasa.net\/blog\/wp-content\/uploads\/Regulacion-del-alquiler2-e1728542313447.png","type":"image\/png"}],"author":"Eduardo Lizarraga","twitter_misc":{"Escrito por":"Eduardo Lizarraga","Tiempo de lectura":"4 minutos"},"schema":{"@context":"https:\/\/schema.org","@graph":[{"@type":"Article","@id":"https:\/\/www.aquimicasa.net\/blog\/hipotecas\/noticias-sobre-el-mercado-hipotecario\/las-hipotecas-suben-en-septiembre-tras-la-caida-de-tipos\/#article","isPartOf":{"@id":"https:\/\/www.aquimicasa.net\/blog\/hipotecas\/noticias-sobre-el-mercado-hipotecario\/las-hipotecas-suben-en-septiembre-tras-la-caida-de-tipos\/"},"author":{"name":"Eduardo Lizarraga","@id":"https:\/\/www.aquimicasa.net\/blog\/#\/schema\/person\/2cdfa2605534583395c8d7ce1d6cac14"},"headline":"Las hipotecas suben en septiembre tras la ca\u00edda de tipos","datePublished":"2024-11-28T21:44:16+00:00","dateModified":"2024-11-28T21:46:33+00:00","mainEntityOfPage":{"@id":"https:\/\/www.aquimicasa.net\/blog\/hipotecas\/noticias-sobre-el-mercado-hipotecario\/las-hipotecas-suben-en-septiembre-tras-la-caida-de-tipos\/"},"wordCount":977,"commentCount":0,"publisher":{"@id":"https:\/\/www.aquimicasa.net\/blog\/#organization"},"image":{"@id":"https:\/\/www.aquimicasa.net\/blog\/hipotecas\/noticias-sobre-el-mercado-hipotecario\/las-hipotecas-suben-en-septiembre-tras-la-caida-de-tipos\/#primaryimage"},"thumbnailUrl":"https:\/\/www.aquimicasa.net\/blog\/wp-content\/uploads\/Regulacion-del-alquiler2-e1728542313447.png","keywords":["newsletter 490"],"articleSection":["Noticias sobre el Mercado Hipotecario"],"inLanguage":"es","potentialAction":[{"@type":"CommentAction","name":"Comment","target":["https:\/\/www.aquimicasa.net\/blog\/hipotecas\/noticias-sobre-el-mercado-hipotecario\/las-hipotecas-suben-en-septiembre-tras-la-caida-de-tipos\/#respond"]}]},{"@type":"WebPage","@id":"https:\/\/www.aquimicasa.net\/blog\/hipotecas\/noticias-sobre-el-mercado-hipotecario\/las-hipotecas-suben-en-septiembre-tras-la-caida-de-tipos\/","url":"https:\/\/www.aquimicasa.net\/blog\/hipotecas\/noticias-sobre-el-mercado-hipotecario\/las-hipotecas-suben-en-septiembre-tras-la-caida-de-tipos\/","name":"Las hipotecas suben en septiembre tras la ca\u00edda de tipos","isPartOf":{"@id":"https:\/\/www.aquimicasa.net\/blog\/#website"},"primaryImageOfPage":{"@id":"https:\/\/www.aquimicasa.net\/blog\/hipotecas\/noticias-sobre-el-mercado-hipotecario\/las-hipotecas-suben-en-septiembre-tras-la-caida-de-tipos\/#primaryimage"},"image":{"@id":"https:\/\/www.aquimicasa.net\/blog\/hipotecas\/noticias-sobre-el-mercado-hipotecario\/las-hipotecas-suben-en-septiembre-tras-la-caida-de-tipos\/#primaryimage"},"thumbnailUrl":"https:\/\/www.aquimicasa.net\/blog\/wp-content\/uploads\/Regulacion-del-alquiler2-e1728542313447.png","datePublished":"2024-11-28T21:44:16+00:00","dateModified":"2024-11-28T21:46:33+00:00","description":"El tipo de inter\u00e9s medio para las hipotecas constituidas sobre viviendas en septiembre fue del 3,14%, con un plazo medio de 25 a\u00f1os.","breadcrumb":{"@id":"https:\/\/www.aquimicasa.net\/blog\/hipotecas\/noticias-sobre-el-mercado-hipotecario\/las-hipotecas-suben-en-septiembre-tras-la-caida-de-tipos\/#breadcrumb"},"inLanguage":"es","potentialAction":[{"@type":"ReadAction","target":["https:\/\/www.aquimicasa.net\/blog\/hipotecas\/noticias-sobre-el-mercado-hipotecario\/las-hipotecas-suben-en-septiembre-tras-la-caida-de-tipos\/"]}]},{"@type":"ImageObject","inLanguage":"es","@id":"https:\/\/www.aquimicasa.net\/blog\/hipotecas\/noticias-sobre-el-mercado-hipotecario\/las-hipotecas-suben-en-septiembre-tras-la-caida-de-tipos\/#primaryimage","url":"https:\/\/www.aquimicasa.net\/blog\/wp-content\/uploads\/Regulacion-del-alquiler2-e1728542313447.png","contentUrl":"https:\/\/www.aquimicasa.net\/blog\/wp-content\/uploads\/Regulacion-del-alquiler2-e1728542313447.png","width":500,"height":333,"caption":"Las hipotecas se incrementan en septiembre"},{"@type":"BreadcrumbList","@id":"https:\/\/www.aquimicasa.net\/blog\/hipotecas\/noticias-sobre-el-mercado-hipotecario\/las-hipotecas-suben-en-septiembre-tras-la-caida-de-tipos\/#breadcrumb","itemListElement":[{"@type":"ListItem","position":1,"name":"Portada","item":"https:\/\/www.aquimicasa.net\/blog\/"},{"@type":"ListItem","position":2,"name":"Las hipotecas suben en septiembre tras la ca\u00edda de tipos"}]},{"@type":"WebSite","@id":"https:\/\/www.aquimicasa.net\/blog\/#website","url":"https:\/\/www.aquimicasa.net\/blog\/","name":"Blog de aquimicasa.net","description":"Noticias del Mundo Inmobiliario","publisher":{"@id":"https:\/\/www.aquimicasa.net\/blog\/#organization"},"potentialAction":[{"@type":"SearchAction","target":{"@type":"EntryPoint","urlTemplate":"https:\/\/www.aquimicasa.net\/blog\/?s={search_term_string}"},"query-input":{"@type":"PropertyValueSpecification","valueRequired":true,"valueName":"search_term_string"}}],"inLanguage":"es"},{"@type":"Organization","@id":"https:\/\/www.aquimicasa.net\/blog\/#organization","name":"Blog de aquimicasa.net","url":"https:\/\/www.aquimicasa.net\/blog\/","logo":{"@type":"ImageObject","inLanguage":"es","@id":"https:\/\/www.aquimicasa.net\/blog\/#\/schema\/logo\/image\/","url":"https:\/\/www.aquimicasa.net\/blog\/wp-content\/uploads\/Logo-aquimicasa-1-e1528048213782.png","contentUrl":"https:\/\/www.aquimicasa.net\/blog\/wp-content\/uploads\/Logo-aquimicasa-1-e1528048213782.png","width":225,"height":225,"caption":"Blog de aquimicasa.net"},"image":{"@id":"https:\/\/www.aquimicasa.net\/blog\/#\/schema\/logo\/image\/"},"sameAs":["https:\/\/www.facebook.com\/aquimicasa.net","https:\/\/www.instagram.com\/","https:\/\/x.com\/EduLizarragaD","https:\/\/www.linkedin.com\/feed\/"]},{"@type":"Person","@id":"https:\/\/www.aquimicasa.net\/blog\/#\/schema\/person\/2cdfa2605534583395c8d7ce1d6cac14","name":"Eduardo Lizarraga","image":{"@type":"ImageObject","inLanguage":"es","@id":"https:\/\/secure.gravatar.com\/avatar\/bdabe1eeeed97b65a9cb7de2edd624b07995f7e13abc5fead15961f745f908cc?s=96&d=mm&r=g","url":"https:\/\/secure.gravatar.com\/avatar\/bdabe1eeeed97b65a9cb7de2edd624b07995f7e13abc5fead15961f745f908cc?s=96&d=mm&r=g","contentUrl":"https:\/\/secure.gravatar.com\/avatar\/bdabe1eeeed97b65a9cb7de2edd624b07995f7e13abc5fead15961f745f908cc?s=96&d=mm&r=g","caption":"Eduardo Lizarraga"},"description":"Periodista Econ\u00f3mico. Ha trabajado en diversos campos de la informaci\u00f3n. Corresponsal en conflictos, analista pol\u00edtico en Congreso y Senado, periodista del medio ambiente, editor, director editorial, director de comunicaci\u00f3n.... En estos momentos se ha especializado en el sector inmobiliario. Pero tambi\u00e9n es navegante y viajero, preocupado por la pobreza, el medio ambiente y por las actuaciones descontroladas del neoliberalismo empresarial y pol\u00edtico en todo el mundo. Los desahucios, la pobreza infantil y la falta de acceso a los suministros b\u00e1sicos son algunos de los grandes dramas de nuestra sociedad y que es preciso solucionar para hacerla m\u00e1s justa. CEO en www.aquimicasa.net","sameAs":["https:\/\/www.aquimicasa.net\/"],"url":"https:\/\/www.aquimicasa.net\/blog\/author\/eduardo\/"}]}},"jetpack_publicize_connections":[],"jetpack_featured_media_url":"https:\/\/www.aquimicasa.net\/blog\/wp-content\/uploads\/Regulacion-del-alquiler2-e1728542313447.png","jetpack_sharing_enabled":true,"jetpack_likes_enabled":true,"_links":{"self":[{"href":"https:\/\/www.aquimicasa.net\/blog\/wp-json\/wp\/v2\/posts\/49593","targetHints":{"allow":["GET"]}}],"collection":[{"href":"https:\/\/www.aquimicasa.net\/blog\/wp-json\/wp\/v2\/posts"}],"about":[{"href":"https:\/\/www.aquimicasa.net\/blog\/wp-json\/wp\/v2\/types\/post"}],"author":[{"embeddable":true,"href":"https:\/\/www.aquimicasa.net\/blog\/wp-json\/wp\/v2\/users\/3"}],"replies":[{"embeddable":true,"href":"https:\/\/www.aquimicasa.net\/blog\/wp-json\/wp\/v2\/comments?post=49593"}],"version-history":[{"count":3,"href":"https:\/\/www.aquimicasa.net\/blog\/wp-json\/wp\/v2\/posts\/49593\/revisions"}],"predecessor-version":[{"id":49596,"href":"https:\/\/www.aquimicasa.net\/blog\/wp-json\/wp\/v2\/posts\/49593\/revisions\/49596"}],"wp:featuredmedia":[{"embeddable":true,"href":"https:\/\/www.aquimicasa.net\/blog\/wp-json\/wp\/v2\/media\/49159"}],"wp:attachment":[{"href":"https:\/\/www.aquimicasa.net\/blog\/wp-json\/wp\/v2\/media?parent=49593"}],"wp:term":[{"taxonomy":"category","embeddable":true,"href":"https:\/\/www.aquimicasa.net\/blog\/wp-json\/wp\/v2\/categories?post=49593"},{"taxonomy":"post_tag","embeddable":true,"href":"https:\/\/www.aquimicasa.net\/blog\/wp-json\/wp\/v2\/tags?post=49593"}],"curies":[{"name":"wp","href":"https:\/\/api.w.org\/{rel}","templated":true}]}}