{"id":49645,"date":"2024-12-05T19:19:19","date_gmt":"2024-12-05T18:19:19","guid":{"rendered":"https:\/\/www.aquimicasa.net\/blog\/?p=49645"},"modified":"2024-12-05T19:25:32","modified_gmt":"2024-12-05T18:25:32","slug":"el-precio-de-la-vivienda-se-dispara-en-el-tercer-trimestre-de-2024","status":"publish","type":"post","link":"https:\/\/www.aquimicasa.net\/blog\/vivienda\/compraventa-de-viviendas\/el-precio-de-la-vivienda-se-dispara-en-el-tercer-trimestre-de-2024\/","title":{"rendered":"El precio de la vivienda se dispara en el tercer trimestre de 2024"},"content":{"rendered":"<div class=\"fusion-fullwidth fullwidth-box fusion-builder-row-1 fusion-flex-container nonhundred-percent-fullwidth non-hundred-percent-height-scrolling\" style=\"background-color: rgba(255,255,255,0);background-position: center center;background-repeat: no-repeat;border-width: 0px 0px 0px 0px;border-color:#eae9e9;border-style:solid;\" ><div class=\"fusion-builder-row fusion-row fusion-flex-align-items-flex-start\" style=\"max-width:1144px;margin-left: calc(-4% \/ 2 );margin-right: calc(-4% \/ 2 );\"><div class=\"fusion-layout-column fusion_builder_column fusion-builder-column-0 fusion_builder_column_1_1 1_1 fusion-flex-column\"><div class=\"fusion-column-wrapper fusion-flex-justify-content-flex-start fusion-content-layout-column\" style=\"background-position:left top;background-repeat:no-repeat;-webkit-background-size:cover;-moz-background-size:cover;-o-background-size:cover;background-size:cover;padding: 0px 0px 0px 0px;\"><div class=\"fusion-text fusion-text-1\"><div class=\"flex max-w-full flex-col flex-grow\">\n<div class=\"min-h-8 text-message flex w-full flex-col items-end gap-2 whitespace-normal break-words text-start &#091;.text-message+&amp;&#093;:mt-5\" dir=\"auto\" data-message-author-role=\"assistant\" data-message-id=\"35776f75-d715-4c2a-a04a-b9ab711468ad\" data-message-model-slug=\"gpt-4o\">\n<div class=\"flex w-full flex-col gap-1 empty:hidden first:pt-&#091;3px&#093;\">\n<div class=\"markdown prose w-full break-words dark:prose-invert light\">\n<p>El mercado inmobiliario en Espa\u00f1a contin\u00faa su escalada, reflejando un panorama complicado tanto para compradores como para inquilinos. En el tercer trimestre de 2024, el <strong>\u00cdndice de Precios de Vivienda (IPV)<\/strong> del Instituto Nacional de Estad\u00edstica (INE) registr\u00f3 un <strong>aumento interanual del 8,1%<\/strong>, consolidando una tendencia al alza que se ha mantenido desde principios de 2022. Este incremento es el m\u00e1s elevado desde el primer trimestre de aquel a\u00f1o, cuando los precios subieron un 8,5%.<\/p>\n<h2><strong>La vivienda sube en todas las comunidades aut\u00f3nomas<\/strong><\/h2>\n<p>El aumento de los precios de la vivienda se ha extendido de manera uniforme por todas las comunidades aut\u00f3nomas, aunque con variaciones significativas en las tasas de crecimiento.<\/p>\n<h4><strong>Comunidades con mayores subidas<\/strong><\/h4>\n<p>Las regiones con los incrementos m\u00e1s pronunciados fueron:<\/p>\n<ul>\n<li><strong>Navarra<\/strong>, donde los precios aumentaron un <strong>10,7%<\/strong>, encabezando la lista.<\/li>\n<li><strong>Andaluc\u00eda<\/strong>, con un alza del <strong>10,6%<\/strong>.<\/li>\n<li><strong>Arag\u00f3n<\/strong>, que experiment\u00f3 una subida del <strong>10,3%<\/strong>.<\/li>\n<\/ul>\n<p>Estas tres comunidades fueron las \u00fanicas que registraron incrementos de dos d\u00edgitos, destac\u00e1ndose por encima de la media nacional del 8,1%.<\/p>\n<h4><strong>Por encima de la media nacional<\/strong><\/h4>\n<p>Otras regiones que tambi\u00e9n superaron el promedio nacional fueron:<\/p>\n<ul>\n<li><strong>La Rioja<\/strong>: +9,2%<\/li>\n<li><strong>Murcia<\/strong>: +9%<\/li>\n<li><strong>Cantabria<\/strong>: +8,9%<\/li>\n<li><strong>Comunidad Valenciana<\/strong>: +8,8%<\/li>\n<li><strong>Pa\u00eds Vasco<\/strong>: +8,4%<\/li>\n<li><strong>Extremadura<\/strong>: +8,2%<\/li>\n<\/ul>\n<p>En estos casos, la demanda creciente, tanto para compra como para inversi\u00f3n, ha sido un factor clave.<\/p>\n<h4><strong>Comunidades con menores incrementos<\/strong><\/h4>\n<p>Por otro lado, algunas comunidades presentaron subidas m\u00e1s moderadas:<\/p>\n<ul>\n<li><strong>Illes Balears<\/strong>: +5,8%, el menor incremento registrado en todo el territorio.<\/li>\n<li><strong>Catalu\u00f1a<\/strong>: +6,8%.<\/li>\n<li><strong>Asturias<\/strong> y <strong>Castilla-La Mancha<\/strong>: ambas con un incremento del <strong>6,9%<\/strong>.<\/li>\n<\/ul>\n<p>Incluso en estas regiones con tasas m\u00e1s bajas, los precios siguen reflejando una tendencia al alza preocupante para quienes buscan adquirir o alquilar una vivienda.<\/p>\n<h2><strong>Vivienda nueva y vivienda usada por encima del 7,9%<\/strong><\/h2>\n<p>El comportamiento del mercado var\u00eda seg\u00fan el tipo de vivienda, pero tanto la vivienda nueva como la usada han experimentado subidas considerables en el tercer trimestre de 2024.<\/p>\n<h4><strong>Vivienda de segunda mano: alza del 7,9%<\/strong><\/h4>\n<p>La <strong>vivienda de segunda mano<\/strong> registr\u00f3 un aumento interanual del <strong>7,9%<\/strong>, seis d\u00e9cimas m\u00e1s que en el segundo trimestre del a\u00f1o. Este incremento es el m\u00e1s alto desde el segundo trimestre de 2022, consolidando el papel predominante de este segmento en la subida de los precios generales.<\/p>\n<p>En t\u00e9rminos trimestrales, el precio de la vivienda usada subi\u00f3 un <strong>2,8%<\/strong> entre julio y septiembre de 2024, aunque esta cifra es nueve d\u00e9cimas inferior a la del trimestre anterior.<\/p>\n<h4><strong>Vivienda nueva: crecimiento del 9,8%<\/strong><\/h4>\n<p>Por su parte, el precio de la <strong>vivienda nueva<\/strong> aument\u00f3 un <strong>9,8%<\/strong> interanual en el tercer trimestre, aunque con una desaceleraci\u00f3n respecto al trimestre anterior, cuando la subida fue 1,4 puntos superior.<\/p>\n<p>A nivel trimestral, la vivienda nueva tambi\u00e9n subi\u00f3 un <strong>2,8%<\/strong>, manteniendo una evoluci\u00f3n estable respecto al segundo trimestre.<\/p>\n<h2><strong>Evoluci\u00f3n trimestral del mercado inmobiliario<\/strong><\/h2>\n<p>El an\u00e1lisis intertrimestral del IPV revela una cierta moderaci\u00f3n en el ritmo de crecimiento de los precios:<\/p>\n<ul>\n<li>El precio de la vivienda libre subi\u00f3 un <strong>2,8%<\/strong> en el tercer trimestre de 2024 en comparaci\u00f3n con el segundo, ocho d\u00e9cimas menos que el incremento del trimestre anterior.<\/li>\n<\/ul>\n<p>Esta desaceleraci\u00f3n podr\u00eda estar relacionada con factores como el endurecimiento de las condiciones hipotecarias, la incertidumbre econ\u00f3mica y la dificultad creciente para acceder a la vivienda, especialmente entre los j\u00f3venes y los hogares con ingresos medios y bajos.<\/p>\n<h2><strong>Una problem\u00e1tica que se agrava: la falta de acceso a la vivienda<\/strong><\/h2>\n<p>La escalada de precios refleja un problema estructural en el mercado de la vivienda en Espa\u00f1a. La <strong>escasez de oferta<\/strong>, combinada con una demanda sostenida, sigue presionando al alza tanto los precios de venta como los alquileres.<\/p>\n<p>En particular, las grandes ciudades y las zonas tur\u00edsticas enfrentan una doble presi\u00f3n: por un lado, la demanda de primera residencia y, por otro, la de inversores que buscan una rentabilidad en un mercado inmobiliario que sigue siendo atractivo.<\/p>\n<p>Adem\u00e1s, la dificultad para acceder a financiaci\u00f3n hipotecaria, el encarecimiento de los tipos de inter\u00e9s y la falta de pol\u00edticas efectivas de vivienda p\u00fablica agravan la problem\u00e1tica, dejando a muchos potenciales compradores fuera del mercado.<\/p>\n<h2><strong>Perspectivas para el cuarto trimestre de 2024<\/strong><\/h2>\n<p>Aunque el tercer trimestre ha consolidado una tendencia al alza en los precios, las expectativas para el cierre del a\u00f1o apuntan a una posible estabilizaci\u00f3n, aunque no exenta de incertidumbres.<\/p>\n<p>Factores como la evoluci\u00f3n de la econom\u00eda, las pol\u00edticas gubernamentales en materia de vivienda y la evoluci\u00f3n de la demanda tanto nacional como internacional ser\u00e1n determinantes para definir el comportamiento del mercado en los pr\u00f3ximos meses.<\/p>\n<p>En este contexto, el acceso a una vivienda asequible sigue siendo un desaf\u00edo para muchos hogares, y las soluciones requerir\u00e1n un enfoque integral que combine medidas de fomento de la oferta, regulaci\u00f3n del mercado de alquiler y apoyo a la financiaci\u00f3n para los sectores m\u00e1s vulnerables.<\/p>\n<p>En definitiva, el mercado inmobiliario espa\u00f1ol se enfrenta a una encrucijada: mantener su atractivo para inversores y compradores, pero sin dejar atr\u00e1s a una parte importante de la poblaci\u00f3n que sigue buscando una soluci\u00f3n a su necesidad de vivienda.<\/p>\n<\/div>\n<\/div>\n<\/div>\n<\/div>\n<\/div><\/div><style type=\"text\/css\">.fusion-body .fusion-builder-column-0{width:100% !important;margin-top : 0px;margin-bottom : 0px;}.fusion-builder-column-0 > .fusion-column-wrapper {padding-top : 0px !important;padding-right : 0px !important;margin-right : 1.92%;padding-bottom : 0px !important;padding-left : 0px !important;margin-left : 1.92%;}@media only screen and (max-width:1024px) {.fusion-body .fusion-builder-column-0{width:100% !important;}.fusion-builder-column-0 > .fusion-column-wrapper {margin-right : 1.92%;margin-left : 1.92%;}}@media only screen and (max-width:640px) {.fusion-body .fusion-builder-column-0{width:100% !important;}.fusion-builder-column-0 > .fusion-column-wrapper {margin-right : 1.92%;margin-left : 1.92%;}}<\/style><\/div><\/div><style type=\"text\/css\">.fusion-body .fusion-flex-container.fusion-builder-row-1{ padding-top : 0px;margin-top : 0px;padding-right : 0px;padding-bottom : 0px;margin-bottom : 0px;padding-left : 0px;}<\/style><\/div>\n","protected":false},"excerpt":{"rendered":"<p>La escalada de precios refleja un problema estructural en el mercado de la vivienda en Espa\u00f1a. La escasez de oferta, combinada con una demanda sostenida, sigue presionando al alza tanto los precios de venta como los alquileres.<\/p>\n","protected":false},"author":3,"featured_media":49569,"comment_status":"open","ping_status":"closed","sticky":false,"template":"","format":"standard","meta":{"_jetpack_memberships_contains_paid_content":false,"footnotes":"","jetpack_publicize_message":"","jetpack_publicize_feature_enabled":true,"jetpack_social_post_already_shared":true,"jetpack_social_options":{"image_generator_settings":{"template":"highway","default_image_id":0,"font":"","enabled":false},"version":2}},"categories":[100],"tags":[8203],"class_list":["post-49645","post","type-post","status-publish","format-standard","has-post-thumbnail","hentry","category-compraventa-de-viviendas","tag-newsletter-491"],"yoast_head":"<!-- This site is optimized with the Yoast SEO plugin v28.2 - https:\/\/yoast.com\/product\/yoast-seo-wordpress\/ -->\n<title>El precio de la vivienda se dispara en el tercer trimestre de 2024<\/title>\n<meta name=\"description\" content=\"Tanto la vivienda nueva como la usada han experimentado subidas considerables en el tercer trimestre de 2024.\" \/>\n<meta name=\"robots\" content=\"index, follow, max-snippet:-1, max-image-preview:large, max-video-preview:-1\" \/>\n<link rel=\"canonical\" href=\"https:\/\/www.aquimicasa.net\/blog\/vivienda\/compraventa-de-viviendas\/el-precio-de-la-vivienda-se-dispara-en-el-tercer-trimestre-de-2024\/\" \/>\n<meta property=\"og:locale\" content=\"es_ES\" \/>\n<meta property=\"og:type\" content=\"article\" \/>\n<meta property=\"og:title\" content=\"El precio de la vivienda se dispara en el tercer trimestre de 2024\" \/>\n<meta property=\"og:description\" content=\"Tanto la vivienda nueva como la usada han experimentado subidas considerables en el tercer trimestre de 2024.\" \/>\n<meta property=\"og:url\" content=\"https:\/\/www.aquimicasa.net\/blog\/vivienda\/compraventa-de-viviendas\/el-precio-de-la-vivienda-se-dispara-en-el-tercer-trimestre-de-2024\/\" \/>\n<meta property=\"og:site_name\" content=\"Blog de aquimicasa.net\" \/>\n<meta property=\"article:publisher\" content=\"https:\/\/www.facebook.com\/aquimicasa.net\" \/>\n<meta property=\"article:published_time\" content=\"2024-12-05T18:19:19+00:00\" \/>\n<meta property=\"article:modified_time\" content=\"2024-12-05T18:25:32+00:00\" \/>\n<meta property=\"og:image\" content=\"https:\/\/www.aquimicasa.net\/blog\/wp-content\/uploads\/Confianza-economica1.jpg\" \/>\n\t<meta property=\"og:image:width\" content=\"600\" \/>\n\t<meta property=\"og:image:height\" content=\"400\" \/>\n\t<meta property=\"og:image:type\" content=\"image\/jpeg\" \/>\n<meta name=\"author\" content=\"Eduardo Lizarraga\" \/>\n<meta name=\"twitter:label1\" content=\"Escrito por\" \/>\n\t<meta name=\"twitter:data1\" content=\"Eduardo Lizarraga\" \/>\n\t<meta name=\"twitter:label2\" content=\"Tiempo de lectura\" \/>\n\t<meta name=\"twitter:data2\" content=\"5 minutos\" \/>\n<script type=\"application\/ld+json\" class=\"yoast-schema-graph\">{\"@context\":\"https:\\\/\\\/schema.org\",\"@graph\":[{\"@type\":\"Article\",\"@id\":\"https:\\\/\\\/www.aquimicasa.net\\\/blog\\\/vivienda\\\/compraventa-de-viviendas\\\/el-precio-de-la-vivienda-se-dispara-en-el-tercer-trimestre-de-2024\\\/#article\",\"isPartOf\":{\"@id\":\"https:\\\/\\\/www.aquimicasa.net\\\/blog\\\/vivienda\\\/compraventa-de-viviendas\\\/el-precio-de-la-vivienda-se-dispara-en-el-tercer-trimestre-de-2024\\\/\"},\"author\":{\"name\":\"Eduardo Lizarraga\",\"@id\":\"https:\\\/\\\/www.aquimicasa.net\\\/blog\\\/#\\\/schema\\\/person\\\/2cdfa2605534583395c8d7ce1d6cac14\"},\"headline\":\"El precio de la vivienda se dispara en el tercer trimestre de 2024\",\"datePublished\":\"2024-12-05T18:19:19+00:00\",\"dateModified\":\"2024-12-05T18:25:32+00:00\",\"mainEntityOfPage\":{\"@id\":\"https:\\\/\\\/www.aquimicasa.net\\\/blog\\\/vivienda\\\/compraventa-de-viviendas\\\/el-precio-de-la-vivienda-se-dispara-en-el-tercer-trimestre-de-2024\\\/\"},\"wordCount\":1106,\"commentCount\":0,\"publisher\":{\"@id\":\"https:\\\/\\\/www.aquimicasa.net\\\/blog\\\/#organization\"},\"image\":{\"@id\":\"https:\\\/\\\/www.aquimicasa.net\\\/blog\\\/vivienda\\\/compraventa-de-viviendas\\\/el-precio-de-la-vivienda-se-dispara-en-el-tercer-trimestre-de-2024\\\/#primaryimage\"},\"thumbnailUrl\":\"https:\\\/\\\/www.aquimicasa.net\\\/blog\\\/wp-content\\\/uploads\\\/Confianza-economica1.jpg\",\"keywords\":[\"newsletter 491\"],\"articleSection\":[\"Compra Venta\"],\"inLanguage\":\"es\",\"potentialAction\":[{\"@type\":\"CommentAction\",\"name\":\"Comment\",\"target\":[\"https:\\\/\\\/www.aquimicasa.net\\\/blog\\\/vivienda\\\/compraventa-de-viviendas\\\/el-precio-de-la-vivienda-se-dispara-en-el-tercer-trimestre-de-2024\\\/#respond\"]}]},{\"@type\":\"WebPage\",\"@id\":\"https:\\\/\\\/www.aquimicasa.net\\\/blog\\\/vivienda\\\/compraventa-de-viviendas\\\/el-precio-de-la-vivienda-se-dispara-en-el-tercer-trimestre-de-2024\\\/\",\"url\":\"https:\\\/\\\/www.aquimicasa.net\\\/blog\\\/vivienda\\\/compraventa-de-viviendas\\\/el-precio-de-la-vivienda-se-dispara-en-el-tercer-trimestre-de-2024\\\/\",\"name\":\"El precio de la vivienda se dispara en el tercer trimestre de 2024\",\"isPartOf\":{\"@id\":\"https:\\\/\\\/www.aquimicasa.net\\\/blog\\\/#website\"},\"primaryImageOfPage\":{\"@id\":\"https:\\\/\\\/www.aquimicasa.net\\\/blog\\\/vivienda\\\/compraventa-de-viviendas\\\/el-precio-de-la-vivienda-se-dispara-en-el-tercer-trimestre-de-2024\\\/#primaryimage\"},\"image\":{\"@id\":\"https:\\\/\\\/www.aquimicasa.net\\\/blog\\\/vivienda\\\/compraventa-de-viviendas\\\/el-precio-de-la-vivienda-se-dispara-en-el-tercer-trimestre-de-2024\\\/#primaryimage\"},\"thumbnailUrl\":\"https:\\\/\\\/www.aquimicasa.net\\\/blog\\\/wp-content\\\/uploads\\\/Confianza-economica1.jpg\",\"datePublished\":\"2024-12-05T18:19:19+00:00\",\"dateModified\":\"2024-12-05T18:25:32+00:00\",\"description\":\"Tanto la vivienda nueva como la usada han experimentado subidas considerables en el tercer trimestre de 2024.\",\"breadcrumb\":{\"@id\":\"https:\\\/\\\/www.aquimicasa.net\\\/blog\\\/vivienda\\\/compraventa-de-viviendas\\\/el-precio-de-la-vivienda-se-dispara-en-el-tercer-trimestre-de-2024\\\/#breadcrumb\"},\"inLanguage\":\"es\",\"potentialAction\":[{\"@type\":\"ReadAction\",\"target\":[\"https:\\\/\\\/www.aquimicasa.net\\\/blog\\\/vivienda\\\/compraventa-de-viviendas\\\/el-precio-de-la-vivienda-se-dispara-en-el-tercer-trimestre-de-2024\\\/\"]}]},{\"@type\":\"ImageObject\",\"inLanguage\":\"es\",\"@id\":\"https:\\\/\\\/www.aquimicasa.net\\\/blog\\\/vivienda\\\/compraventa-de-viviendas\\\/el-precio-de-la-vivienda-se-dispara-en-el-tercer-trimestre-de-2024\\\/#primaryimage\",\"url\":\"https:\\\/\\\/www.aquimicasa.net\\\/blog\\\/wp-content\\\/uploads\\\/Confianza-economica1.jpg\",\"contentUrl\":\"https:\\\/\\\/www.aquimicasa.net\\\/blog\\\/wp-content\\\/uploads\\\/Confianza-economica1.jpg\",\"width\":600,\"height\":400,\"caption\":\"Comportamiento del precio de la vivienda en las ciudades y distritos\"},{\"@type\":\"BreadcrumbList\",\"@id\":\"https:\\\/\\\/www.aquimicasa.net\\\/blog\\\/vivienda\\\/compraventa-de-viviendas\\\/el-precio-de-la-vivienda-se-dispara-en-el-tercer-trimestre-de-2024\\\/#breadcrumb\",\"itemListElement\":[{\"@type\":\"ListItem\",\"position\":1,\"name\":\"Portada\",\"item\":\"https:\\\/\\\/www.aquimicasa.net\\\/blog\\\/\"},{\"@type\":\"ListItem\",\"position\":2,\"name\":\"El precio de la vivienda se dispara en el tercer trimestre de 2024\"}]},{\"@type\":\"WebSite\",\"@id\":\"https:\\\/\\\/www.aquimicasa.net\\\/blog\\\/#website\",\"url\":\"https:\\\/\\\/www.aquimicasa.net\\\/blog\\\/\",\"name\":\"Blog de aquimicasa.net\",\"description\":\"Noticias del Mundo Inmobiliario\",\"publisher\":{\"@id\":\"https:\\\/\\\/www.aquimicasa.net\\\/blog\\\/#organization\"},\"potentialAction\":[{\"@type\":\"SearchAction\",\"target\":{\"@type\":\"EntryPoint\",\"urlTemplate\":\"https:\\\/\\\/www.aquimicasa.net\\\/blog\\\/?s={search_term_string}\"},\"query-input\":{\"@type\":\"PropertyValueSpecification\",\"valueRequired\":true,\"valueName\":\"search_term_string\"}}],\"inLanguage\":\"es\"},{\"@type\":\"Organization\",\"@id\":\"https:\\\/\\\/www.aquimicasa.net\\\/blog\\\/#organization\",\"name\":\"Blog de aquimicasa.net\",\"url\":\"https:\\\/\\\/www.aquimicasa.net\\\/blog\\\/\",\"logo\":{\"@type\":\"ImageObject\",\"inLanguage\":\"es\",\"@id\":\"https:\\\/\\\/www.aquimicasa.net\\\/blog\\\/#\\\/schema\\\/logo\\\/image\\\/\",\"url\":\"https:\\\/\\\/www.aquimicasa.net\\\/blog\\\/wp-content\\\/uploads\\\/Logo-aquimicasa-1-e1528048213782.png\",\"contentUrl\":\"https:\\\/\\\/www.aquimicasa.net\\\/blog\\\/wp-content\\\/uploads\\\/Logo-aquimicasa-1-e1528048213782.png\",\"width\":225,\"height\":225,\"caption\":\"Blog de aquimicasa.net\"},\"image\":{\"@id\":\"https:\\\/\\\/www.aquimicasa.net\\\/blog\\\/#\\\/schema\\\/logo\\\/image\\\/\"},\"sameAs\":[\"https:\\\/\\\/www.facebook.com\\\/aquimicasa.net\",\"https:\\\/\\\/www.instagram.com\\\/\",\"https:\\\/\\\/x.com\\\/EduLizarragaD\",\"https:\\\/\\\/www.linkedin.com\\\/feed\\\/\"]},{\"@type\":\"Person\",\"@id\":\"https:\\\/\\\/www.aquimicasa.net\\\/blog\\\/#\\\/schema\\\/person\\\/2cdfa2605534583395c8d7ce1d6cac14\",\"name\":\"Eduardo Lizarraga\",\"image\":{\"@type\":\"ImageObject\",\"inLanguage\":\"es\",\"@id\":\"https:\\\/\\\/secure.gravatar.com\\\/avatar\\\/bdabe1eeeed97b65a9cb7de2edd624b07995f7e13abc5fead15961f745f908cc?s=96&d=mm&r=g\",\"url\":\"https:\\\/\\\/secure.gravatar.com\\\/avatar\\\/bdabe1eeeed97b65a9cb7de2edd624b07995f7e13abc5fead15961f745f908cc?s=96&d=mm&r=g\",\"contentUrl\":\"https:\\\/\\\/secure.gravatar.com\\\/avatar\\\/bdabe1eeeed97b65a9cb7de2edd624b07995f7e13abc5fead15961f745f908cc?s=96&d=mm&r=g\",\"caption\":\"Eduardo Lizarraga\"},\"description\":\"Periodista Econ\u00f3mico. Ha trabajado en diversos campos de la informaci\u00f3n. Corresponsal en conflictos, analista pol\u00edtico en Congreso y Senado, periodista del medio ambiente, editor, director editorial, director de comunicaci\u00f3n.... En estos momentos se ha especializado en el sector inmobiliario. Pero tambi\u00e9n es navegante y viajero, preocupado por la pobreza, el medio ambiente y por las actuaciones descontroladas del neoliberalismo empresarial y pol\u00edtico en todo el mundo. Los desahucios, la pobreza infantil y la falta de acceso a los suministros b\u00e1sicos son algunos de los grandes dramas de nuestra sociedad y que es preciso solucionar para hacerla m\u00e1s justa. CEO en www.aquimicasa.net\",\"sameAs\":[\"https:\\\/\\\/www.aquimicasa.net\\\/\"],\"url\":\"https:\\\/\\\/www.aquimicasa.net\\\/blog\\\/author\\\/eduardo\\\/\"}]}<\/script>\n<!-- \/ Yoast SEO plugin. -->","yoast_head_json":{"title":"El precio de la vivienda se dispara en el tercer trimestre de 2024","description":"Tanto la vivienda nueva como la usada han experimentado subidas considerables en el tercer trimestre de 2024.","robots":{"index":"index","follow":"follow","max-snippet":"max-snippet:-1","max-image-preview":"max-image-preview:large","max-video-preview":"max-video-preview:-1"},"canonical":"https:\/\/www.aquimicasa.net\/blog\/vivienda\/compraventa-de-viviendas\/el-precio-de-la-vivienda-se-dispara-en-el-tercer-trimestre-de-2024\/","og_locale":"es_ES","og_type":"article","og_title":"El precio de la vivienda se dispara en el tercer trimestre de 2024","og_description":"Tanto la vivienda nueva como la usada han experimentado subidas considerables en el tercer trimestre de 2024.","og_url":"https:\/\/www.aquimicasa.net\/blog\/vivienda\/compraventa-de-viviendas\/el-precio-de-la-vivienda-se-dispara-en-el-tercer-trimestre-de-2024\/","og_site_name":"Blog de aquimicasa.net","article_publisher":"https:\/\/www.facebook.com\/aquimicasa.net","article_published_time":"2024-12-05T18:19:19+00:00","article_modified_time":"2024-12-05T18:25:32+00:00","og_image":[{"width":600,"height":400,"url":"https:\/\/www.aquimicasa.net\/blog\/wp-content\/uploads\/Confianza-economica1.jpg","type":"image\/jpeg"}],"author":"Eduardo Lizarraga","twitter_misc":{"Escrito por":"Eduardo Lizarraga","Tiempo de lectura":"5 minutos"},"schema":{"@context":"https:\/\/schema.org","@graph":[{"@type":"Article","@id":"https:\/\/www.aquimicasa.net\/blog\/vivienda\/compraventa-de-viviendas\/el-precio-de-la-vivienda-se-dispara-en-el-tercer-trimestre-de-2024\/#article","isPartOf":{"@id":"https:\/\/www.aquimicasa.net\/blog\/vivienda\/compraventa-de-viviendas\/el-precio-de-la-vivienda-se-dispara-en-el-tercer-trimestre-de-2024\/"},"author":{"name":"Eduardo Lizarraga","@id":"https:\/\/www.aquimicasa.net\/blog\/#\/schema\/person\/2cdfa2605534583395c8d7ce1d6cac14"},"headline":"El precio de la vivienda se dispara en el tercer trimestre de 2024","datePublished":"2024-12-05T18:19:19+00:00","dateModified":"2024-12-05T18:25:32+00:00","mainEntityOfPage":{"@id":"https:\/\/www.aquimicasa.net\/blog\/vivienda\/compraventa-de-viviendas\/el-precio-de-la-vivienda-se-dispara-en-el-tercer-trimestre-de-2024\/"},"wordCount":1106,"commentCount":0,"publisher":{"@id":"https:\/\/www.aquimicasa.net\/blog\/#organization"},"image":{"@id":"https:\/\/www.aquimicasa.net\/blog\/vivienda\/compraventa-de-viviendas\/el-precio-de-la-vivienda-se-dispara-en-el-tercer-trimestre-de-2024\/#primaryimage"},"thumbnailUrl":"https:\/\/www.aquimicasa.net\/blog\/wp-content\/uploads\/Confianza-economica1.jpg","keywords":["newsletter 491"],"articleSection":["Compra Venta"],"inLanguage":"es","potentialAction":[{"@type":"CommentAction","name":"Comment","target":["https:\/\/www.aquimicasa.net\/blog\/vivienda\/compraventa-de-viviendas\/el-precio-de-la-vivienda-se-dispara-en-el-tercer-trimestre-de-2024\/#respond"]}]},{"@type":"WebPage","@id":"https:\/\/www.aquimicasa.net\/blog\/vivienda\/compraventa-de-viviendas\/el-precio-de-la-vivienda-se-dispara-en-el-tercer-trimestre-de-2024\/","url":"https:\/\/www.aquimicasa.net\/blog\/vivienda\/compraventa-de-viviendas\/el-precio-de-la-vivienda-se-dispara-en-el-tercer-trimestre-de-2024\/","name":"El precio de la vivienda se dispara en el tercer trimestre de 2024","isPartOf":{"@id":"https:\/\/www.aquimicasa.net\/blog\/#website"},"primaryImageOfPage":{"@id":"https:\/\/www.aquimicasa.net\/blog\/vivienda\/compraventa-de-viviendas\/el-precio-de-la-vivienda-se-dispara-en-el-tercer-trimestre-de-2024\/#primaryimage"},"image":{"@id":"https:\/\/www.aquimicasa.net\/blog\/vivienda\/compraventa-de-viviendas\/el-precio-de-la-vivienda-se-dispara-en-el-tercer-trimestre-de-2024\/#primaryimage"},"thumbnailUrl":"https:\/\/www.aquimicasa.net\/blog\/wp-content\/uploads\/Confianza-economica1.jpg","datePublished":"2024-12-05T18:19:19+00:00","dateModified":"2024-12-05T18:25:32+00:00","description":"Tanto la vivienda nueva como la usada han experimentado subidas considerables en el tercer trimestre de 2024.","breadcrumb":{"@id":"https:\/\/www.aquimicasa.net\/blog\/vivienda\/compraventa-de-viviendas\/el-precio-de-la-vivienda-se-dispara-en-el-tercer-trimestre-de-2024\/#breadcrumb"},"inLanguage":"es","potentialAction":[{"@type":"ReadAction","target":["https:\/\/www.aquimicasa.net\/blog\/vivienda\/compraventa-de-viviendas\/el-precio-de-la-vivienda-se-dispara-en-el-tercer-trimestre-de-2024\/"]}]},{"@type":"ImageObject","inLanguage":"es","@id":"https:\/\/www.aquimicasa.net\/blog\/vivienda\/compraventa-de-viviendas\/el-precio-de-la-vivienda-se-dispara-en-el-tercer-trimestre-de-2024\/#primaryimage","url":"https:\/\/www.aquimicasa.net\/blog\/wp-content\/uploads\/Confianza-economica1.jpg","contentUrl":"https:\/\/www.aquimicasa.net\/blog\/wp-content\/uploads\/Confianza-economica1.jpg","width":600,"height":400,"caption":"Comportamiento del precio de la vivienda en las ciudades y distritos"},{"@type":"BreadcrumbList","@id":"https:\/\/www.aquimicasa.net\/blog\/vivienda\/compraventa-de-viviendas\/el-precio-de-la-vivienda-se-dispara-en-el-tercer-trimestre-de-2024\/#breadcrumb","itemListElement":[{"@type":"ListItem","position":1,"name":"Portada","item":"https:\/\/www.aquimicasa.net\/blog\/"},{"@type":"ListItem","position":2,"name":"El precio de la vivienda se dispara en el tercer trimestre de 2024"}]},{"@type":"WebSite","@id":"https:\/\/www.aquimicasa.net\/blog\/#website","url":"https:\/\/www.aquimicasa.net\/blog\/","name":"Blog de aquimicasa.net","description":"Noticias del Mundo Inmobiliario","publisher":{"@id":"https:\/\/www.aquimicasa.net\/blog\/#organization"},"potentialAction":[{"@type":"SearchAction","target":{"@type":"EntryPoint","urlTemplate":"https:\/\/www.aquimicasa.net\/blog\/?s={search_term_string}"},"query-input":{"@type":"PropertyValueSpecification","valueRequired":true,"valueName":"search_term_string"}}],"inLanguage":"es"},{"@type":"Organization","@id":"https:\/\/www.aquimicasa.net\/blog\/#organization","name":"Blog de aquimicasa.net","url":"https:\/\/www.aquimicasa.net\/blog\/","logo":{"@type":"ImageObject","inLanguage":"es","@id":"https:\/\/www.aquimicasa.net\/blog\/#\/schema\/logo\/image\/","url":"https:\/\/www.aquimicasa.net\/blog\/wp-content\/uploads\/Logo-aquimicasa-1-e1528048213782.png","contentUrl":"https:\/\/www.aquimicasa.net\/blog\/wp-content\/uploads\/Logo-aquimicasa-1-e1528048213782.png","width":225,"height":225,"caption":"Blog de aquimicasa.net"},"image":{"@id":"https:\/\/www.aquimicasa.net\/blog\/#\/schema\/logo\/image\/"},"sameAs":["https:\/\/www.facebook.com\/aquimicasa.net","https:\/\/www.instagram.com\/","https:\/\/x.com\/EduLizarragaD","https:\/\/www.linkedin.com\/feed\/"]},{"@type":"Person","@id":"https:\/\/www.aquimicasa.net\/blog\/#\/schema\/person\/2cdfa2605534583395c8d7ce1d6cac14","name":"Eduardo Lizarraga","image":{"@type":"ImageObject","inLanguage":"es","@id":"https:\/\/secure.gravatar.com\/avatar\/bdabe1eeeed97b65a9cb7de2edd624b07995f7e13abc5fead15961f745f908cc?s=96&d=mm&r=g","url":"https:\/\/secure.gravatar.com\/avatar\/bdabe1eeeed97b65a9cb7de2edd624b07995f7e13abc5fead15961f745f908cc?s=96&d=mm&r=g","contentUrl":"https:\/\/secure.gravatar.com\/avatar\/bdabe1eeeed97b65a9cb7de2edd624b07995f7e13abc5fead15961f745f908cc?s=96&d=mm&r=g","caption":"Eduardo Lizarraga"},"description":"Periodista Econ\u00f3mico. Ha trabajado en diversos campos de la informaci\u00f3n. Corresponsal en conflictos, analista pol\u00edtico en Congreso y Senado, periodista del medio ambiente, editor, director editorial, director de comunicaci\u00f3n.... En estos momentos se ha especializado en el sector inmobiliario. Pero tambi\u00e9n es navegante y viajero, preocupado por la pobreza, el medio ambiente y por las actuaciones descontroladas del neoliberalismo empresarial y pol\u00edtico en todo el mundo. Los desahucios, la pobreza infantil y la falta de acceso a los suministros b\u00e1sicos son algunos de los grandes dramas de nuestra sociedad y que es preciso solucionar para hacerla m\u00e1s justa. CEO en www.aquimicasa.net","sameAs":["https:\/\/www.aquimicasa.net\/"],"url":"https:\/\/www.aquimicasa.net\/blog\/author\/eduardo\/"}]}},"jetpack_publicize_connections":[],"jetpack_featured_media_url":"https:\/\/www.aquimicasa.net\/blog\/wp-content\/uploads\/Confianza-economica1.jpg","jetpack_sharing_enabled":true,"jetpack_likes_enabled":true,"_links":{"self":[{"href":"https:\/\/www.aquimicasa.net\/blog\/wp-json\/wp\/v2\/posts\/49645","targetHints":{"allow":["GET"]}}],"collection":[{"href":"https:\/\/www.aquimicasa.net\/blog\/wp-json\/wp\/v2\/posts"}],"about":[{"href":"https:\/\/www.aquimicasa.net\/blog\/wp-json\/wp\/v2\/types\/post"}],"author":[{"embeddable":true,"href":"https:\/\/www.aquimicasa.net\/blog\/wp-json\/wp\/v2\/users\/3"}],"replies":[{"embeddable":true,"href":"https:\/\/www.aquimicasa.net\/blog\/wp-json\/wp\/v2\/comments?post=49645"}],"version-history":[{"count":4,"href":"https:\/\/www.aquimicasa.net\/blog\/wp-json\/wp\/v2\/posts\/49645\/revisions"}],"predecessor-version":[{"id":49649,"href":"https:\/\/www.aquimicasa.net\/blog\/wp-json\/wp\/v2\/posts\/49645\/revisions\/49649"}],"wp:featuredmedia":[{"embeddable":true,"href":"https:\/\/www.aquimicasa.net\/blog\/wp-json\/wp\/v2\/media\/49569"}],"wp:attachment":[{"href":"https:\/\/www.aquimicasa.net\/blog\/wp-json\/wp\/v2\/media?parent=49645"}],"wp:term":[{"taxonomy":"category","embeddable":true,"href":"https:\/\/www.aquimicasa.net\/blog\/wp-json\/wp\/v2\/categories?post=49645"},{"taxonomy":"post_tag","embeddable":true,"href":"https:\/\/www.aquimicasa.net\/blog\/wp-json\/wp\/v2\/tags?post=49645"}],"curies":[{"name":"wp","href":"https:\/\/api.w.org\/{rel}","templated":true}]}}