{"id":49684,"date":"2024-12-12T07:48:02","date_gmt":"2024-12-12T06:48:02","guid":{"rendered":"https:\/\/www.aquimicasa.net\/blog\/?p=49684"},"modified":"2024-12-29T11:34:29","modified_gmt":"2024-12-29T10:34:29","slug":"el-control-a-los-alquileres-como-parte-de-la-solucion","status":"publish","type":"post","link":"https:\/\/www.aquimicasa.net\/blog\/opinion\/el-control-a-los-alquileres-como-parte-de-la-solucion\/","title":{"rendered":"El control a los alquileres como parte de la soluci\u00f3n"},"content":{"rendered":"<div class=\"fusion-fullwidth fullwidth-box fusion-builder-row-1 fusion-flex-container nonhundred-percent-fullwidth non-hundred-percent-height-scrolling\" style=\"background-color: rgba(255,255,255,0);background-position: center center;background-repeat: no-repeat;border-width: 0px 0px 0px 0px;border-color:#eae9e9;border-style:solid;\" ><div class=\"fusion-builder-row fusion-row fusion-flex-align-items-flex-start\" style=\"max-width:1144px;margin-left: calc(-4% \/ 2 );margin-right: calc(-4% \/ 2 );\"><div class=\"fusion-layout-column fusion_builder_column fusion-builder-column-0 fusion_builder_column_1_1 1_1 fusion-flex-column\"><div class=\"fusion-column-wrapper fusion-flex-justify-content-flex-start fusion-content-layout-column\" style=\"background-position:left top;background-repeat:no-repeat;-webkit-background-size:cover;-moz-background-size:cover;-o-background-size:cover;background-size:cover;padding: 0px 0px 0px 0px;\"><div class=\"fusion-text fusion-text-1\"><div class=\"flex max-w-full flex-col flex-grow\">\n<div class=\"min-h-8 text-message flex w-full flex-col items-end gap-2 whitespace-normal break-words text-start &#091;.text-message+&amp;&#093;:mt-5\" dir=\"auto\" data-message-author-role=\"assistant\" data-message-id=\"d830a237-df65-4d5f-ae79-830bd1035588\" data-message-model-slug=\"gpt-4o\">\n<div class=\"flex w-full flex-col gap-1 empty:hidden first:pt-&#091;3px&#093;\">\n<div class=\"markdown prose w-full break-words dark:prose-invert light\">\n<p>La regulaci\u00f3n de los alquileres temporales era una cuesti\u00f3n que deb\u00eda abordarse con urgencia. Desde la entrada en vigor de la nueva <strong>Ley Estatal de Vivienda<\/strong>, el Gobierno ha intensificado los esfuerzos para establecer un marco legal claro en torno a esta modalidad de arrendamiento. No es de extra\u00f1ar: los <strong>alquileres de temporada<\/strong>, que en principio estaban reservados para casos espec\u00edficos, han ganado terreno como alternativa preferida para muchos propietarios y se han convertido en una inmensa brecha en el sistema de la vivienda de alquiler tradicional, representando ya m\u00e1s del 40% del total de alquileres. sobre todo en las grandes ciudades.<\/p>\n<p>A la par que crece esta tendencia, tambi\u00e9n lo hacen las cr\u00edticas y preocupaciones sobre su impacto en el mercado de alquiler residencial y en la accesibilidad de vivienda. Las manifestaciones populares en contra de los alquileres tur\u00edsticos y temporales que acosan el modo vida de millones de espa\u00f1oles, se han convertido en habituales esta segunda parte del a\u00f1o. Muchas voces dicen que el efecto legislativo del Gobierno ser\u00e1 m\u00ednimo y que su control no va a conseguir que el mercado del alquiler residencial recupere a los huidos, pero a la m\u00ednima que se rasca en los emisores de esta opini\u00f3n aparecen los lobbys de presi\u00f3n y las grandes empresas de alquileres vacacionales o temporales.<\/p>\n<p>En este contexto, el desarrollo de nuevas medidas, como la <strong>Ventanilla \u00danica Digital de Arrendamientos<\/strong>, supone un intento por poner orden y transparencia en un sector que, hasta ahora, ha carecido de controles efectivos.<\/p>\n<h2><strong>La Ventanilla de Registro \u00danico ser\u00e1 obligatoria para estos tipos de alquiler<\/strong><\/h2>\n<p>La introducci\u00f3n de la <strong>Ventanilla \u00danica Digital de Arrendamientos<\/strong> es el primer gran paso del Gobierno para regularizar los alquileres de temporada que, hasta ahora, hab\u00edan quedado en un limbo cegato que ha permitido su desaforado crecimiento. Este sistema digitalizado permitir\u00e1 registrar propiedades destinadas a alquiler temporal, emitir licencias y facilitar el cumplimiento de las normativas vigentes. Adem\u00e1s, la Ventanilla se integrar\u00e1 con una plataforma europea en 2026, convirtiendo a Espa\u00f1a en el primer pa\u00eds en aplicar el reglamento comunitario aprobado recientemente y cuyo desarrollo marcar\u00e1 el paso, afortunado o no, a otros pa\u00edses europeos que adolecen de los mismos problemas.<\/p>\n<p>Este mecanismo no solo centraliza la gesti\u00f3n de registros, sino que tambi\u00e9n asegura un mayor control sobre las actividades de los propietarios y plataformas digitales que anuncian estos alquileres. En otras palabras, ser\u00e1 una herramienta esencial para combatir el fraude y garantizar que se respeten las normas.<\/p>\n<h2>El Registro de la Propiedad pasar\u00e1 a desempe\u00f1ar un papel clave<\/h2>\n<p>Un aspecto crucial del nuevo reglamento es el papel del <strong>Registro de la Propiedad<\/strong>. Este organismo ser\u00e1 responsable de verificar que las propiedades cumplan con los requisitos establecidos antes de emitir el n\u00famero de registro. Los propietarios deber\u00e1n presentar la documentaci\u00f3n necesaria para demostrar la causa temporal del arrendamiento, que es lo que en estos momentos no se est\u00e1 haciendo.<\/p>\n<p>Asimismo, el Registro se encargar\u00e1 de supervisar la renovaci\u00f3n anual de los n\u00fameros de identificaci\u00f3n, asegurando que los contratos se ajusten a la normativa vigente.<\/p>\n<h3><strong>El alquiler temporal se ha extendido fuera de su \u00e1mbito de aplicaci\u00f3n por su rentabilidad y seguridad<\/strong><\/h3>\n<p>Es evidente que la popularidad del alquiler temporal no ha sido casual. Su flexibilidad y rentabilidad lo han convertido en una opci\u00f3n atractiva frente al alquiler de larga duraci\u00f3n, especialmente en zonas urbanas tensionadas. Y si hablamos del alquiler de habitaciones la rentabilidad puede superar el 20%.<\/p>\n<p>La <strong>Ley de Arrendamientos Urbanos (LAU)<\/strong> establece que este tipo de alquiler est\u00e1 destinado a situaciones espec\u00edficas, como estudiantes, trabajadores temporales o personas desplazadas por motivos concretos. Sin embargo, en la pr\u00e1ctica, se ha convertido en una alternativa recurrente para maximizar beneficios sin las limitaciones del alquiler habitual.<\/p>\n<p>Adem\u00e1s, la temporalidad brinda una ventaja clave: mayor seguridad jur\u00eddica para los propietarios. Con contratos m\u00e1s cortos y menos regulados, se sienten menos expuestos a los riesgos asociados al alquiler prolongado, como impagos o procesos judiciales complejos. Y a cada nuevo inquilino se le sube el precio, lo que se ha convertido en fuente de contaminaci\u00f3n de precios al alza para el alquiler tradicional.<\/p>\n<h2><strong>\u00bfCu\u00e1les son las caracter\u00edsticas de los contratos temporales?<\/strong><\/h2>\n<p>Los contratos de alquiler temporal destacan por su flexibilidad. Seg\u00fan la <strong>LAU<\/strong>, es obligatorio especificar que el inmueble no ser\u00e1 la residencia habitual del arrendatario. Asimismo, deben incluir detalles como la direcci\u00f3n del domicilio habitual del inquilino y el motivo del arrendamiento temporal. Pero entre sus caracter\u00edsticas hay algunas que les hacen muy interesantes para los caseros, como una duraci\u00f3n corta, libertad en la renta o pr\u00f3rrogas negociables en la que ambas partes -en teor\u00eda- podr\u00edan pactar su apartados; la realidad es que el casero impone su ley.<\/p>\n<p>La laxitud de la administraci\u00f3n m\u00e1s cercana, que es la municipal y auton\u00f3mica y dejar todo el poder en manor del arrendador, han fomentado abusos, permitiendo que algunos propietarios utilicen esta modalidad como excusa para eludir las regulaciones del alquiler de larga duraci\u00f3n.<\/p>\n<h2><strong>Espa\u00f1a ser\u00e1 el primer pa\u00eds de Europa en aplicar el reglamento europeo<\/strong><\/h2>\n<p>Espa\u00f1a ha decidido adelantarse al calendario europeo con la aprobaci\u00f3n del <strong>Real Decreto sobre alquileres temporales<\/strong>, que <strong>entrar\u00e1 en vigor en enero de 2025<\/strong>. Esta medida responde a la creciente preocupaci\u00f3n por el impacto del alquiler temporal en la oferta de viviendas residenciales y es un reflejo de lo que est\u00e1 sucediendo en otros pa\u00edses europeos.<\/p>\n<p>Con la implementaci\u00f3n del decreto, los propietarios estar\u00e1n obligados a registrar sus propiedades y obtener un n\u00famero de identificaci\u00f3n \u00fanico que certifique su legalidad. Sin este registro, no podr\u00e1n anunciarse ni comercializarse en plataformas como Airbnb o Booking.<\/p>\n<p>El objetivo principal es doble: garantizar la transparencia en el sector y proteger los intereses de los inquilinos y propietarios que cumplen con la normativa. Tambi\u00e9n se busca evitar que el alquiler temporal sea utilizado como herramienta para sortear las restricciones de la <strong>Ley de Vivienda<\/strong>. Un mayor control de Hacienda sobre los ingresos recurrentes de los caseros y el afloramiento de mucho alquiler en negro tambi\u00e9n son beneficios esperados.<\/p>\n<h2>\u00bfQu\u00e9 es la Ventanilla \u00danica Digital de Arrendamientos?<\/h2>\n<p>La <strong>Ventanilla \u00danica Digital de Arrendamientos<\/strong> es el pilar central del nuevo sistema de regulaci\u00f3n. Este portal permitir\u00e1 a los propietarios registrar sus propiedades de forma \u00e1gil y cumplir con todas las obligaciones legales, incluyendo el pago de impuestos y la obtenci\u00f3n de licencias. Adem\u00e1s del control, el Ministerio quiere centralizar todos los tr\u00e1mites en una \u00fanica plataforma simplificando toda la gesti\u00f3n administrativa. No es la \u00fanica ventaja ya que su transparencia, o al menos eso es lo que nos venden, facilitar\u00e1 el acceso a la informaci\u00f3n para propietarios, inquilinos y autoridades.<\/p>\n<p>Esta transparencia tambi\u00e9n contribuir\u00e1 a reducir la posibilidad de realizar actividades ilegales, aunque muchos de los detractores de cualquier tipo de control ya hablan de que causar\u00e1 una gran inmersi\u00f3n hacia la zona oscura. Finalmente, el sistema permitir\u00e1 identificar las caracter\u00edsticas de cada propiedad, desde su ubicaci\u00f3n hasta su uso previsto, lo que contribuir\u00e1 a una gesti\u00f3n m\u00e1s eficiente del mercado.<\/p>\n<h3><strong>Las plataformas de alquiler estar\u00e1n obligadas a exigir el n\u00famero de matr\u00edcula<\/strong><\/h3>\n<p>Las plataformas digitales, como Airbnb o Booking, estar\u00e1n obligadas a garantizar que todos los anuncios incluyan el n\u00famero de registro \u00fanico. De lo contrario, podr\u00e1n enfrentarse a sanciones econ\u00f3micas significativas o incluso a la prohibici\u00f3n de operar. En todo caso, no ser\u00e1 la primera vez que se nieguen a colaborar con la administraci\u00f3n, favoreciendo sus propios intereses, que son que exista el mayor n\u00famero posible de anfitriones con oferta para todos los gustos.<\/p>\n<p>La exigencia de del n\u00famero de registro \u00fanico no solo refuerza el control sobre los alquileres temporales, sino que tambi\u00e9n promueve una competencia m\u00e1s justa entre los actores del mercado impidiendo, o eso es algo que nos venden, los fraudes sistem\u00e1ticos a Hacienda y la ocultaci\u00f3n de alojamientos. En \u00faltima instancia, se espera que contribuya a equilibrar la oferta entre los diferentes tipos de arrendamiento.<\/p>\n<h3>Los alquileres de temporada son necesarios y se va a proteger su correcta aplicaci\u00f3n<\/h3>\n<p>A pesar de los desaf\u00edos que plantea su regulaci\u00f3n, los alquileres temporales cumplen y han cumplido siempre, con una funci\u00f3n importante en el mercado inmobiliario. Ofrecen soluciones habitacionales flexibles para estudiantes, profesionales y turistas, al tiempo que generan ingresos significativos para los propietarios y las econom\u00edas locales. El problema ha sido su masificaci\u00f3n y descontrol.<\/p>\n<p>Por ello, para que esta modalidad contin\u00fae siendo sostenible, es imprescindible garantizar su correcta aplicaci\u00f3n. La implementaci\u00f3n de la <strong>Ventanilla \u00danica Digital<\/strong> y el registro obligatorio son pasos en la direcci\u00f3n correcta, pero deber\u00e1n ir acompa\u00f1ados de medidas complementarias, como incentivos fiscales para el alquiler residencial o mayores garant\u00edas legales para los propietarios.<\/p>\n<h2><strong>La regulaci\u00f3n es parte de la soluci\u00f3n pero la obra nueva es imprescindible<\/strong><\/h2>\n<p>Y otra gran pregunta que todos nos hacemos cuando la administraci\u00f3n pone algo en marcha <strong>\u00bfcu\u00e1l va a ser su dotaci\u00f3n en personal y presupuesto?<\/strong> \u00bfc\u00f3mo se pretende que colaboren las comunidades aut\u00f3nomas y administraciones locales que se muestran algo levantiscas?<\/p>\n<p>Porque esta colaboraci\u00f3n entre los diferentes escalones del Estado es la que puede llevar al \u00e9xito o al fracaso la medida y todos sabemos que el ensa\u00f1amiento de las Comunidades Aut\u00f3nomas gobernadas por el PP con las decisiones gubernamentales es manifiesto, llegando al paroxismo en algunas ocasiones. Y no les importa que <strong>poniendo en primer lugar los beneficios de unos centenares de miles de anfitriones y arrendadores<\/strong>, est\u00e9n colocando en una situaci\u00f3n desesperada a millones de espa\u00f1oles que, o no encuentran vivienda o el coste de su alquiler les lleva a la miseria.<\/p>\n<p>Est\u00e1 claro que las medidas legislativas no resolver\u00e1n de inmediato todos los problemas del inmobiliario, y que es necesario ponerse manos a la obra con suelo, ladrillos y cemento levantando ese mill\u00f3n y medio de viviendas que se considera necesarios para equilibrar el sector, pero representan un avance significativo hacia un <strong>mercado m\u00e1s justo y equilibrado<\/strong>.<\/p>\n<p>Cuesti\u00f3n aparte son las dificultades que est\u00e1n pasando los intermediadores inmobiliarios para <strong>encontrar viviendas en venta o alquiler<\/strong> y es que la alta rentabilidad de los mismos y la <strong>falta de obra nueva<\/strong> han reducido la oferta a m\u00ednimos. La regulaci\u00f3n tambi\u00e9n puede devolver viviendas que dejen de ser rentables a este mercado necesitado de materia prima.<\/p>\n<p>Lo que queda ahora es asegurar que las medidas se implementen de manera eficaz, que este control que se avecina sea parte de la soluci\u00f3n y que se contin\u00fae evolucionando para <strong>adaptarse a las necesidades de un sector en constante cambio<\/strong>.<\/p>\n<\/div>\n<p><img decoding=\"async\" class=\" wp-image-27470\" src=\"https:\/\/www.aquimicasa.net\/blog\/wp-content\/uploads\/Eduardo2-244x300.jpg\" alt=\"Periodista econ\u00f3mico\" width=\"153\" height=\"188\" srcset=\"https:\/\/www.aquimicasa.net\/blog\/wp-content\/uploads\/Eduardo2-122x150.jpg 122w, https:\/\/www.aquimicasa.net\/blog\/wp-content\/uploads\/Eduardo2-200x246.jpg 200w, https:\/\/www.aquimicasa.net\/blog\/wp-content\/uploads\/Eduardo2-244x300.jpg 244w, https:\/\/www.aquimicasa.net\/blog\/wp-content\/uploads\/Eduardo2-400x492.jpg 400w, https:\/\/www.aquimicasa.net\/blog\/wp-content\/uploads\/Eduardo2.jpg 513w\" sizes=\"(max-width: 153px) 100vw, 153px\" \/><\/p>\n<p>Eduardo Lizarraga<\/p>\n<p>WWW.AQUIMICASA.NET<\/p>\n<\/div>\n<\/div>\n<\/div>\n<div class=\"mb-2 flex gap-3 empty:hidden -ml-2\">\n<div class=\"items-center justify-start rounded-xl p-1 flex\">\n<div class=\"flex items-center\"><\/div>\n<\/div>\n<\/div>\n<\/div><\/div><style type=\"text\/css\">.fusion-body .fusion-builder-column-0{width:100% !important;margin-top : 0px;margin-bottom : 0px;}.fusion-builder-column-0 > .fusion-column-wrapper {padding-top : 0px !important;padding-right : 0px !important;margin-right : 1.92%;padding-bottom : 0px !important;padding-left : 0px !important;margin-left : 1.92%;}@media only screen and (max-width:1024px) {.fusion-body .fusion-builder-column-0{width:100% !important;}.fusion-builder-column-0 > .fusion-column-wrapper {margin-right : 1.92%;margin-left : 1.92%;}}@media only screen and (max-width:640px) {.fusion-body .fusion-builder-column-0{width:100% !important;}.fusion-builder-column-0 > .fusion-column-wrapper {margin-right : 1.92%;margin-left : 1.92%;}}<\/style><\/div><\/div><style type=\"text\/css\">.fusion-body .fusion-flex-container.fusion-builder-row-1{ padding-top : 0px;margin-top : 0px;padding-right : 0px;padding-bottom : 0px;margin-bottom : 0px;padding-left : 0px;}<\/style><\/div>\n","protected":false},"excerpt":{"rendered":"<p>Est\u00e1 claro que las medidas legislativas no resolver\u00e1n de inmediato todos los problemas del inmobiliario, y que es necesario ponerse manos a la obra con suelo, ladrillos y cemento levantando ese mill\u00f3n y medio de viviendas que se considera necesarios para equilibrar el sector, pero representan un avance significativo hacia un mercado m\u00e1s justo y equilibrado.<\/p>\n","protected":false},"author":3,"featured_media":49691,"comment_status":"open","ping_status":"closed","sticky":false,"template":"","format":"standard","meta":{"_jetpack_memberships_contains_paid_content":false,"footnotes":"","jetpack_publicize_message":"","jetpack_publicize_feature_enabled":true,"jetpack_social_post_already_shared":true,"jetpack_social_options":{"image_generator_settings":{"template":"highway","default_image_id":0,"font":"","enabled":false},"version":2}},"categories":[3249],"tags":[2989,6402,8203,8204,8205],"class_list":["post-49684","post","type-post","status-publish","format-standard","has-post-thumbnail","hentry","category-opinion","tag-articulo-de-opinion","tag-eduardo-lizarraga","tag-newsletter-491","tag-newsletter-492","tag-newsletter-493"],"yoast_head":"<!-- This site is optimized with the Yoast SEO plugin v28.2 - https:\/\/yoast.com\/product\/yoast-seo-wordpress\/ -->\n<title>El control a los alquileres como parte de la soluci\u00f3n<\/title>\n<meta name=\"description\" content=\"La Ventanilla \u00danica tambi\u00e9n asegura un mayor control sobre las actividades de los propietarios y plataformas digitales de anuncios.\" \/>\n<meta name=\"robots\" content=\"index, follow, max-snippet:-1, max-image-preview:large, max-video-preview:-1\" \/>\n<link rel=\"canonical\" href=\"https:\/\/www.aquimicasa.net\/blog\/opinion\/el-control-a-los-alquileres-como-parte-de-la-solucion\/\" \/>\n<meta property=\"og:locale\" content=\"es_ES\" \/>\n<meta property=\"og:type\" content=\"article\" \/>\n<meta property=\"og:title\" content=\"El control a los alquileres como parte de la soluci\u00f3n\" \/>\n<meta property=\"og:description\" content=\"La Ventanilla \u00danica tambi\u00e9n asegura un mayor control sobre las actividades de los propietarios y plataformas digitales de anuncios.\" \/>\n<meta property=\"og:url\" content=\"https:\/\/www.aquimicasa.net\/blog\/opinion\/el-control-a-los-alquileres-como-parte-de-la-solucion\/\" \/>\n<meta property=\"og:site_name\" content=\"Blog de aquimicasa.net\" \/>\n<meta property=\"article:publisher\" content=\"https:\/\/www.facebook.com\/aquimicasa.net\" \/>\n<meta property=\"article:published_time\" content=\"2024-12-12T06:48:02+00:00\" \/>\n<meta property=\"article:modified_time\" content=\"2024-12-29T10:34:29+00:00\" \/>\n<meta property=\"og:image\" content=\"https:\/\/www.aquimicasa.net\/blog\/wp-content\/uploads\/maxresdefault.jpg\" \/>\n\t<meta property=\"og:image:width\" content=\"1280\" \/>\n\t<meta property=\"og:image:height\" content=\"720\" \/>\n\t<meta property=\"og:image:type\" content=\"image\/jpeg\" \/>\n<meta name=\"author\" content=\"Eduardo Lizarraga\" \/>\n<meta name=\"twitter:label1\" content=\"Escrito por\" \/>\n\t<meta name=\"twitter:data1\" content=\"Eduardo Lizarraga\" \/>\n\t<meta name=\"twitter:label2\" content=\"Tiempo de lectura\" \/>\n\t<meta name=\"twitter:data2\" content=\"9 minutos\" \/>\n<script type=\"application\/ld+json\" class=\"yoast-schema-graph\">{\"@context\":\"https:\\\/\\\/schema.org\",\"@graph\":[{\"@type\":\"Article\",\"@id\":\"https:\\\/\\\/www.aquimicasa.net\\\/blog\\\/opinion\\\/el-control-a-los-alquileres-como-parte-de-la-solucion\\\/#article\",\"isPartOf\":{\"@id\":\"https:\\\/\\\/www.aquimicasa.net\\\/blog\\\/opinion\\\/el-control-a-los-alquileres-como-parte-de-la-solucion\\\/\"},\"author\":{\"name\":\"Eduardo Lizarraga\",\"@id\":\"https:\\\/\\\/www.aquimicasa.net\\\/blog\\\/#\\\/schema\\\/person\\\/2cdfa2605534583395c8d7ce1d6cac14\"},\"headline\":\"El control a los alquileres como parte de la soluci\u00f3n\",\"datePublished\":\"2024-12-12T06:48:02+00:00\",\"dateModified\":\"2024-12-29T10:34:29+00:00\",\"mainEntityOfPage\":{\"@id\":\"https:\\\/\\\/www.aquimicasa.net\\\/blog\\\/opinion\\\/el-control-a-los-alquileres-como-parte-de-la-solucion\\\/\"},\"wordCount\":2111,\"commentCount\":1,\"publisher\":{\"@id\":\"https:\\\/\\\/www.aquimicasa.net\\\/blog\\\/#organization\"},\"image\":{\"@id\":\"https:\\\/\\\/www.aquimicasa.net\\\/blog\\\/opinion\\\/el-control-a-los-alquileres-como-parte-de-la-solucion\\\/#primaryimage\"},\"thumbnailUrl\":\"https:\\\/\\\/www.aquimicasa.net\\\/blog\\\/wp-content\\\/uploads\\\/maxresdefault.jpg\",\"keywords\":[\"art\u00edculo de opini\u00f3n\",\"Eduardo Lizarraga\",\"newsletter 491\",\"newsletter 492\",\"newsletter 493\"],\"articleSection\":[\"Opini\u00f3n\"],\"inLanguage\":\"es\",\"potentialAction\":[{\"@type\":\"CommentAction\",\"name\":\"Comment\",\"target\":[\"https:\\\/\\\/www.aquimicasa.net\\\/blog\\\/opinion\\\/el-control-a-los-alquileres-como-parte-de-la-solucion\\\/#respond\"]}]},{\"@type\":\"WebPage\",\"@id\":\"https:\\\/\\\/www.aquimicasa.net\\\/blog\\\/opinion\\\/el-control-a-los-alquileres-como-parte-de-la-solucion\\\/\",\"url\":\"https:\\\/\\\/www.aquimicasa.net\\\/blog\\\/opinion\\\/el-control-a-los-alquileres-como-parte-de-la-solucion\\\/\",\"name\":\"El control a los alquileres como parte de la soluci\u00f3n\",\"isPartOf\":{\"@id\":\"https:\\\/\\\/www.aquimicasa.net\\\/blog\\\/#website\"},\"primaryImageOfPage\":{\"@id\":\"https:\\\/\\\/www.aquimicasa.net\\\/blog\\\/opinion\\\/el-control-a-los-alquileres-como-parte-de-la-solucion\\\/#primaryimage\"},\"image\":{\"@id\":\"https:\\\/\\\/www.aquimicasa.net\\\/blog\\\/opinion\\\/el-control-a-los-alquileres-como-parte-de-la-solucion\\\/#primaryimage\"},\"thumbnailUrl\":\"https:\\\/\\\/www.aquimicasa.net\\\/blog\\\/wp-content\\\/uploads\\\/maxresdefault.jpg\",\"datePublished\":\"2024-12-12T06:48:02+00:00\",\"dateModified\":\"2024-12-29T10:34:29+00:00\",\"description\":\"La Ventanilla \u00danica tambi\u00e9n asegura un mayor control sobre las actividades de los propietarios y plataformas digitales de anuncios.\",\"breadcrumb\":{\"@id\":\"https:\\\/\\\/www.aquimicasa.net\\\/blog\\\/opinion\\\/el-control-a-los-alquileres-como-parte-de-la-solucion\\\/#breadcrumb\"},\"inLanguage\":\"es\",\"potentialAction\":[{\"@type\":\"ReadAction\",\"target\":[\"https:\\\/\\\/www.aquimicasa.net\\\/blog\\\/opinion\\\/el-control-a-los-alquileres-como-parte-de-la-solucion\\\/\"]}]},{\"@type\":\"ImageObject\",\"inLanguage\":\"es\",\"@id\":\"https:\\\/\\\/www.aquimicasa.net\\\/blog\\\/opinion\\\/el-control-a-los-alquileres-como-parte-de-la-solucion\\\/#primaryimage\",\"url\":\"https:\\\/\\\/www.aquimicasa.net\\\/blog\\\/wp-content\\\/uploads\\\/maxresdefault.jpg\",\"contentUrl\":\"https:\\\/\\\/www.aquimicasa.net\\\/blog\\\/wp-content\\\/uploads\\\/maxresdefault.jpg\",\"width\":1280,\"height\":720,\"caption\":\"La regulaci\u00f3n de los alquileres temporales ser\u00e1 parte de la soluci\u00f3n\"},{\"@type\":\"BreadcrumbList\",\"@id\":\"https:\\\/\\\/www.aquimicasa.net\\\/blog\\\/opinion\\\/el-control-a-los-alquileres-como-parte-de-la-solucion\\\/#breadcrumb\",\"itemListElement\":[{\"@type\":\"ListItem\",\"position\":1,\"name\":\"Portada\",\"item\":\"https:\\\/\\\/www.aquimicasa.net\\\/blog\\\/\"},{\"@type\":\"ListItem\",\"position\":2,\"name\":\"El control a los alquileres como parte de la soluci\u00f3n\"}]},{\"@type\":\"WebSite\",\"@id\":\"https:\\\/\\\/www.aquimicasa.net\\\/blog\\\/#website\",\"url\":\"https:\\\/\\\/www.aquimicasa.net\\\/blog\\\/\",\"name\":\"Blog de aquimicasa.net\",\"description\":\"Noticias del Mundo Inmobiliario\",\"publisher\":{\"@id\":\"https:\\\/\\\/www.aquimicasa.net\\\/blog\\\/#organization\"},\"potentialAction\":[{\"@type\":\"SearchAction\",\"target\":{\"@type\":\"EntryPoint\",\"urlTemplate\":\"https:\\\/\\\/www.aquimicasa.net\\\/blog\\\/?s={search_term_string}\"},\"query-input\":{\"@type\":\"PropertyValueSpecification\",\"valueRequired\":true,\"valueName\":\"search_term_string\"}}],\"inLanguage\":\"es\"},{\"@type\":\"Organization\",\"@id\":\"https:\\\/\\\/www.aquimicasa.net\\\/blog\\\/#organization\",\"name\":\"Blog de aquimicasa.net\",\"url\":\"https:\\\/\\\/www.aquimicasa.net\\\/blog\\\/\",\"logo\":{\"@type\":\"ImageObject\",\"inLanguage\":\"es\",\"@id\":\"https:\\\/\\\/www.aquimicasa.net\\\/blog\\\/#\\\/schema\\\/logo\\\/image\\\/\",\"url\":\"https:\\\/\\\/www.aquimicasa.net\\\/blog\\\/wp-content\\\/uploads\\\/Logo-aquimicasa-1-e1528048213782.png\",\"contentUrl\":\"https:\\\/\\\/www.aquimicasa.net\\\/blog\\\/wp-content\\\/uploads\\\/Logo-aquimicasa-1-e1528048213782.png\",\"width\":225,\"height\":225,\"caption\":\"Blog de aquimicasa.net\"},\"image\":{\"@id\":\"https:\\\/\\\/www.aquimicasa.net\\\/blog\\\/#\\\/schema\\\/logo\\\/image\\\/\"},\"sameAs\":[\"https:\\\/\\\/www.facebook.com\\\/aquimicasa.net\",\"https:\\\/\\\/www.instagram.com\\\/\",\"https:\\\/\\\/x.com\\\/EduLizarragaD\",\"https:\\\/\\\/www.linkedin.com\\\/feed\\\/\"]},{\"@type\":\"Person\",\"@id\":\"https:\\\/\\\/www.aquimicasa.net\\\/blog\\\/#\\\/schema\\\/person\\\/2cdfa2605534583395c8d7ce1d6cac14\",\"name\":\"Eduardo Lizarraga\",\"image\":{\"@type\":\"ImageObject\",\"inLanguage\":\"es\",\"@id\":\"https:\\\/\\\/secure.gravatar.com\\\/avatar\\\/bdabe1eeeed97b65a9cb7de2edd624b07995f7e13abc5fead15961f745f908cc?s=96&d=mm&r=g\",\"url\":\"https:\\\/\\\/secure.gravatar.com\\\/avatar\\\/bdabe1eeeed97b65a9cb7de2edd624b07995f7e13abc5fead15961f745f908cc?s=96&d=mm&r=g\",\"contentUrl\":\"https:\\\/\\\/secure.gravatar.com\\\/avatar\\\/bdabe1eeeed97b65a9cb7de2edd624b07995f7e13abc5fead15961f745f908cc?s=96&d=mm&r=g\",\"caption\":\"Eduardo Lizarraga\"},\"description\":\"Periodista Econ\u00f3mico. Ha trabajado en diversos campos de la informaci\u00f3n. Corresponsal en conflictos, analista pol\u00edtico en Congreso y Senado, periodista del medio ambiente, editor, director editorial, director de comunicaci\u00f3n.... En estos momentos se ha especializado en el sector inmobiliario. Pero tambi\u00e9n es navegante y viajero, preocupado por la pobreza, el medio ambiente y por las actuaciones descontroladas del neoliberalismo empresarial y pol\u00edtico en todo el mundo. Los desahucios, la pobreza infantil y la falta de acceso a los suministros b\u00e1sicos son algunos de los grandes dramas de nuestra sociedad y que es preciso solucionar para hacerla m\u00e1s justa. CEO en www.aquimicasa.net\",\"sameAs\":[\"https:\\\/\\\/www.aquimicasa.net\\\/\"],\"url\":\"https:\\\/\\\/www.aquimicasa.net\\\/blog\\\/author\\\/eduardo\\\/\"}]}<\/script>\n<!-- \/ Yoast SEO plugin. -->","yoast_head_json":{"title":"El control a los alquileres como parte de la soluci\u00f3n","description":"La Ventanilla \u00danica tambi\u00e9n asegura un mayor control sobre las actividades de los propietarios y plataformas digitales de anuncios.","robots":{"index":"index","follow":"follow","max-snippet":"max-snippet:-1","max-image-preview":"max-image-preview:large","max-video-preview":"max-video-preview:-1"},"canonical":"https:\/\/www.aquimicasa.net\/blog\/opinion\/el-control-a-los-alquileres-como-parte-de-la-solucion\/","og_locale":"es_ES","og_type":"article","og_title":"El control a los alquileres como parte de la soluci\u00f3n","og_description":"La Ventanilla \u00danica tambi\u00e9n asegura un mayor control sobre las actividades de los propietarios y plataformas digitales de anuncios.","og_url":"https:\/\/www.aquimicasa.net\/blog\/opinion\/el-control-a-los-alquileres-como-parte-de-la-solucion\/","og_site_name":"Blog de aquimicasa.net","article_publisher":"https:\/\/www.facebook.com\/aquimicasa.net","article_published_time":"2024-12-12T06:48:02+00:00","article_modified_time":"2024-12-29T10:34:29+00:00","og_image":[{"width":1280,"height":720,"url":"https:\/\/www.aquimicasa.net\/blog\/wp-content\/uploads\/maxresdefault.jpg","type":"image\/jpeg"}],"author":"Eduardo Lizarraga","twitter_misc":{"Escrito por":"Eduardo Lizarraga","Tiempo de lectura":"9 minutos"},"schema":{"@context":"https:\/\/schema.org","@graph":[{"@type":"Article","@id":"https:\/\/www.aquimicasa.net\/blog\/opinion\/el-control-a-los-alquileres-como-parte-de-la-solucion\/#article","isPartOf":{"@id":"https:\/\/www.aquimicasa.net\/blog\/opinion\/el-control-a-los-alquileres-como-parte-de-la-solucion\/"},"author":{"name":"Eduardo Lizarraga","@id":"https:\/\/www.aquimicasa.net\/blog\/#\/schema\/person\/2cdfa2605534583395c8d7ce1d6cac14"},"headline":"El control a los alquileres como parte de la soluci\u00f3n","datePublished":"2024-12-12T06:48:02+00:00","dateModified":"2024-12-29T10:34:29+00:00","mainEntityOfPage":{"@id":"https:\/\/www.aquimicasa.net\/blog\/opinion\/el-control-a-los-alquileres-como-parte-de-la-solucion\/"},"wordCount":2111,"commentCount":1,"publisher":{"@id":"https:\/\/www.aquimicasa.net\/blog\/#organization"},"image":{"@id":"https:\/\/www.aquimicasa.net\/blog\/opinion\/el-control-a-los-alquileres-como-parte-de-la-solucion\/#primaryimage"},"thumbnailUrl":"https:\/\/www.aquimicasa.net\/blog\/wp-content\/uploads\/maxresdefault.jpg","keywords":["art\u00edculo de opini\u00f3n","Eduardo Lizarraga","newsletter 491","newsletter 492","newsletter 493"],"articleSection":["Opini\u00f3n"],"inLanguage":"es","potentialAction":[{"@type":"CommentAction","name":"Comment","target":["https:\/\/www.aquimicasa.net\/blog\/opinion\/el-control-a-los-alquileres-como-parte-de-la-solucion\/#respond"]}]},{"@type":"WebPage","@id":"https:\/\/www.aquimicasa.net\/blog\/opinion\/el-control-a-los-alquileres-como-parte-de-la-solucion\/","url":"https:\/\/www.aquimicasa.net\/blog\/opinion\/el-control-a-los-alquileres-como-parte-de-la-solucion\/","name":"El control a los alquileres como parte de la soluci\u00f3n","isPartOf":{"@id":"https:\/\/www.aquimicasa.net\/blog\/#website"},"primaryImageOfPage":{"@id":"https:\/\/www.aquimicasa.net\/blog\/opinion\/el-control-a-los-alquileres-como-parte-de-la-solucion\/#primaryimage"},"image":{"@id":"https:\/\/www.aquimicasa.net\/blog\/opinion\/el-control-a-los-alquileres-como-parte-de-la-solucion\/#primaryimage"},"thumbnailUrl":"https:\/\/www.aquimicasa.net\/blog\/wp-content\/uploads\/maxresdefault.jpg","datePublished":"2024-12-12T06:48:02+00:00","dateModified":"2024-12-29T10:34:29+00:00","description":"La Ventanilla \u00danica tambi\u00e9n asegura un mayor control sobre las actividades de los propietarios y plataformas digitales de anuncios.","breadcrumb":{"@id":"https:\/\/www.aquimicasa.net\/blog\/opinion\/el-control-a-los-alquileres-como-parte-de-la-solucion\/#breadcrumb"},"inLanguage":"es","potentialAction":[{"@type":"ReadAction","target":["https:\/\/www.aquimicasa.net\/blog\/opinion\/el-control-a-los-alquileres-como-parte-de-la-solucion\/"]}]},{"@type":"ImageObject","inLanguage":"es","@id":"https:\/\/www.aquimicasa.net\/blog\/opinion\/el-control-a-los-alquileres-como-parte-de-la-solucion\/#primaryimage","url":"https:\/\/www.aquimicasa.net\/blog\/wp-content\/uploads\/maxresdefault.jpg","contentUrl":"https:\/\/www.aquimicasa.net\/blog\/wp-content\/uploads\/maxresdefault.jpg","width":1280,"height":720,"caption":"La regulaci\u00f3n de los alquileres temporales ser\u00e1 parte de la soluci\u00f3n"},{"@type":"BreadcrumbList","@id":"https:\/\/www.aquimicasa.net\/blog\/opinion\/el-control-a-los-alquileres-como-parte-de-la-solucion\/#breadcrumb","itemListElement":[{"@type":"ListItem","position":1,"name":"Portada","item":"https:\/\/www.aquimicasa.net\/blog\/"},{"@type":"ListItem","position":2,"name":"El control a los alquileres como parte de la soluci\u00f3n"}]},{"@type":"WebSite","@id":"https:\/\/www.aquimicasa.net\/blog\/#website","url":"https:\/\/www.aquimicasa.net\/blog\/","name":"Blog de aquimicasa.net","description":"Noticias del Mundo Inmobiliario","publisher":{"@id":"https:\/\/www.aquimicasa.net\/blog\/#organization"},"potentialAction":[{"@type":"SearchAction","target":{"@type":"EntryPoint","urlTemplate":"https:\/\/www.aquimicasa.net\/blog\/?s={search_term_string}"},"query-input":{"@type":"PropertyValueSpecification","valueRequired":true,"valueName":"search_term_string"}}],"inLanguage":"es"},{"@type":"Organization","@id":"https:\/\/www.aquimicasa.net\/blog\/#organization","name":"Blog de aquimicasa.net","url":"https:\/\/www.aquimicasa.net\/blog\/","logo":{"@type":"ImageObject","inLanguage":"es","@id":"https:\/\/www.aquimicasa.net\/blog\/#\/schema\/logo\/image\/","url":"https:\/\/www.aquimicasa.net\/blog\/wp-content\/uploads\/Logo-aquimicasa-1-e1528048213782.png","contentUrl":"https:\/\/www.aquimicasa.net\/blog\/wp-content\/uploads\/Logo-aquimicasa-1-e1528048213782.png","width":225,"height":225,"caption":"Blog de aquimicasa.net"},"image":{"@id":"https:\/\/www.aquimicasa.net\/blog\/#\/schema\/logo\/image\/"},"sameAs":["https:\/\/www.facebook.com\/aquimicasa.net","https:\/\/www.instagram.com\/","https:\/\/x.com\/EduLizarragaD","https:\/\/www.linkedin.com\/feed\/"]},{"@type":"Person","@id":"https:\/\/www.aquimicasa.net\/blog\/#\/schema\/person\/2cdfa2605534583395c8d7ce1d6cac14","name":"Eduardo Lizarraga","image":{"@type":"ImageObject","inLanguage":"es","@id":"https:\/\/secure.gravatar.com\/avatar\/bdabe1eeeed97b65a9cb7de2edd624b07995f7e13abc5fead15961f745f908cc?s=96&d=mm&r=g","url":"https:\/\/secure.gravatar.com\/avatar\/bdabe1eeeed97b65a9cb7de2edd624b07995f7e13abc5fead15961f745f908cc?s=96&d=mm&r=g","contentUrl":"https:\/\/secure.gravatar.com\/avatar\/bdabe1eeeed97b65a9cb7de2edd624b07995f7e13abc5fead15961f745f908cc?s=96&d=mm&r=g","caption":"Eduardo Lizarraga"},"description":"Periodista Econ\u00f3mico. Ha trabajado en diversos campos de la informaci\u00f3n. Corresponsal en conflictos, analista pol\u00edtico en Congreso y Senado, periodista del medio ambiente, editor, director editorial, director de comunicaci\u00f3n.... En estos momentos se ha especializado en el sector inmobiliario. Pero tambi\u00e9n es navegante y viajero, preocupado por la pobreza, el medio ambiente y por las actuaciones descontroladas del neoliberalismo empresarial y pol\u00edtico en todo el mundo. Los desahucios, la pobreza infantil y la falta de acceso a los suministros b\u00e1sicos son algunos de los grandes dramas de nuestra sociedad y que es preciso solucionar para hacerla m\u00e1s justa. CEO en www.aquimicasa.net","sameAs":["https:\/\/www.aquimicasa.net\/"],"url":"https:\/\/www.aquimicasa.net\/blog\/author\/eduardo\/"}]}},"jetpack_publicize_connections":[],"jetpack_featured_media_url":"https:\/\/www.aquimicasa.net\/blog\/wp-content\/uploads\/maxresdefault.jpg","jetpack_sharing_enabled":true,"jetpack_likes_enabled":true,"_links":{"self":[{"href":"https:\/\/www.aquimicasa.net\/blog\/wp-json\/wp\/v2\/posts\/49684","targetHints":{"allow":["GET"]}}],"collection":[{"href":"https:\/\/www.aquimicasa.net\/blog\/wp-json\/wp\/v2\/posts"}],"about":[{"href":"https:\/\/www.aquimicasa.net\/blog\/wp-json\/wp\/v2\/types\/post"}],"author":[{"embeddable":true,"href":"https:\/\/www.aquimicasa.net\/blog\/wp-json\/wp\/v2\/users\/3"}],"replies":[{"embeddable":true,"href":"https:\/\/www.aquimicasa.net\/blog\/wp-json\/wp\/v2\/comments?post=49684"}],"version-history":[{"count":10,"href":"https:\/\/www.aquimicasa.net\/blog\/wp-json\/wp\/v2\/posts\/49684\/revisions"}],"predecessor-version":[{"id":49695,"href":"https:\/\/www.aquimicasa.net\/blog\/wp-json\/wp\/v2\/posts\/49684\/revisions\/49695"}],"wp:featuredmedia":[{"embeddable":true,"href":"https:\/\/www.aquimicasa.net\/blog\/wp-json\/wp\/v2\/media\/49691"}],"wp:attachment":[{"href":"https:\/\/www.aquimicasa.net\/blog\/wp-json\/wp\/v2\/media?parent=49684"}],"wp:term":[{"taxonomy":"category","embeddable":true,"href":"https:\/\/www.aquimicasa.net\/blog\/wp-json\/wp\/v2\/categories?post=49684"},{"taxonomy":"post_tag","embeddable":true,"href":"https:\/\/www.aquimicasa.net\/blog\/wp-json\/wp\/v2\/tags?post=49684"}],"curies":[{"name":"wp","href":"https:\/\/api.w.org\/{rel}","templated":true}]}}